{"id":11350,"date":"2025-07-20T18:22:52","date_gmt":"2025-07-20T16:22:52","guid":{"rendered":"https:\/\/www.mylasertabac.com\/%f0%9f%92%b8-preus-dels-paquets-de-cigarrets-a-europa-al-juliol-de-2025-la-gran-comparacio-per-pais\/"},"modified":"2025-10-09T12:39:06","modified_gmt":"2025-10-09T10:39:06","slug":"%f0%9f%92%b8-preus-dels-paquets-de-cigarrets-a-europa-al-juliol-de-2025-la-gran-comparacio-per-pais","status":"publish","type":"post","link":"https:\/\/www.mylasertabac.com\/ca\/%f0%9f%92%b8-preus-dels-paquets-de-cigarrets-a-europa-al-juliol-de-2025-la-gran-comparacio-per-pais\/","title":{"rendered":"\ud83d\udcb8 Preus dels paquets de cigarrets a Europa al novembre del 2025: la gran comparaci\u00f3 per pa\u00eds"},"content":{"rendered":"\n<div style=\"height:20px\" aria-hidden=\"true\" class=\"wp-block-spacer\"><\/div>\n\n<p><strong>Fumar \u00e9s car. Molt car. <\/strong>  Per\u00f2 el preu d&#8217;un paquet varia molt d&#8217;un pa\u00eds europeu a un altre. El juliol de 2025, les difer\u00e8ncies de preu entre l&#8217;Europa occidental i l&#8217;est de vegades arriben <strong>a m\u00e9s de 10 \u20ac<\/strong> per a la mateixa marca! Aqu\u00ed teniu un estudi complet, <strong>marca per marca i pa\u00eds per pa\u00eds<\/strong> , per respondre a la pregunta:  <\/p>\n\n<blockquote class=\"wp-block-quote is-layout-flow wp-block-quote-is-layout-flow\">\n<p>\ud83d\udd0d <strong>\u00abQuant costa un paquet de cigarrets Marlboro, Lucky Strike, Winston, Gitanes o Camel en diferents pa\u00efsos europeus?\u00bb<\/strong><\/p>\n\n\n\n<div style=\"height:30px\" aria-hidden=\"true\" class=\"wp-block-spacer\"><\/div>\n<\/blockquote>\n\n<figure class=\"wp-block-image alignleft size-large is-resized\"><a href=\"https:\/\/www.mylasertabac.com\/ca\/els-nostres-centres\/\"><img fetchpriority=\"high\" decoding=\"async\" width=\"1024\" height=\"668\" src=\"https:\/\/www.mylasertabac.com\/wp-content\/uploads\/2025\/08\/tu-veux-arreter-de-fumer-Clique-ici--1024x668.jpg\" alt=\"\" class=\"wp-image-13752\" style=\"width:458px;height:auto\" srcset=\"https:\/\/www.mylasertabac.com\/wp-content\/uploads\/2025\/08\/tu-veux-arreter-de-fumer-Clique-ici--1024x668.jpg 1024w, https:\/\/www.mylasertabac.com\/wp-content\/uploads\/2025\/08\/tu-veux-arreter-de-fumer-Clique-ici--300x196.jpg 300w, https:\/\/www.mylasertabac.com\/wp-content\/uploads\/2025\/08\/tu-veux-arreter-de-fumer-Clique-ici--768x501.jpg 768w, https:\/\/www.mylasertabac.com\/wp-content\/uploads\/2025\/08\/tu-veux-arreter-de-fumer-Clique-ici-.jpg 1206w\" sizes=\"(max-width: 1024px) 100vw, 1024px\" \/><\/a><\/figure>\n\n<h2 class=\"wp-block-heading\">\ud83d\udeac Petit recordatori de salut p\u00fablica<\/h2>\n\n<blockquote class=\"wp-block-quote is-layout-flow wp-block-quote-is-layout-flow\">\n<p>\u26a0\ufe0f <strong>El consum de tabac \u00e9s perill\u00f3s per a la salut.<\/strong><br\/> \u00c9s la <strong>principal causa de mort evitable<\/strong> al m\u00f3n i responsable de malalties cardiovasculars i respirat\u00f2ries i c\u00e0ncers.<\/p>\n\n\n\n<div style=\"height:35px\" aria-hidden=\"true\" class=\"wp-block-spacer\"><\/div>\n<\/blockquote>\n\n<h2 class=\"wp-block-heading\">\ud83e\udde0 Per qu\u00e8 som tan addictes als cigarrets?<\/h2>\n\n<div style=\"height:20px\" aria-hidden=\"true\" class=\"wp-block-spacer\"><\/div>\n\n<p>L&#8217;addicci\u00f3 al tabac prov\u00e9 principalment de <strong>la nicotina<\/strong> , una subst\u00e0ncia psicotr\u00f2pica que actua sobre el cervell <strong>generant un efecte de recompensa r\u00e0pida<\/strong> . Actua en pocs segons, alleujant l&#8217;estr\u00e8s, l&#8217;avorriment o la tensi\u00f3&#8230; per\u00f2 creant una forta depend\u00e8ncia f\u00edsica i psicol\u00f2gica. La repetici\u00f3 del gest, les rutines socials (pausa, caf\u00e8, aperitiu) reforcen aquest cercle vici\u00f3s.  <\/p>\n\n<div style=\"height:20px\" aria-hidden=\"true\" class=\"wp-block-spacer\"><\/div>\n\n<h2 class=\"wp-block-heading\">\ud83c\udf0d La taula de preus completa dels cigarrets m\u00e9s venuts al novembre de 2025 (per paquet de 20)<\/h2>\n\n<div style=\"height:20px\" aria-hidden=\"true\" class=\"wp-block-spacer\"><\/div>\n\n<figure class=\"wp-block-table\"><table class=\"has-fixed-layout\"><thead><tr><th>Pa\u00eds<\/th><th>Marlboro (\u20ac)<\/th><th>Lucky Strike (\u20ac)<\/th><th>Winston (\u20ac)<\/th><th>Dones gitanes\/gales (\u20ac)<\/th><th>Kamen (\u20ac)<\/th><\/tr><\/thead><tbody><tr><td>Fran\u00e7a<\/td><td>12,50<\/td><td>11,80<\/td><td>11,90<\/td><td>11,70<\/td><td>10,60<\/td><\/tr><tr><td>Alemanya<\/td><td>8,20<\/td><td>7,90<\/td><td>7,80<\/td><td>7,50<\/td><td>6,90<\/td><\/tr><tr><td>Espanya<\/td><td>5,30<\/td><td>4,95<\/td><td>5,00<\/td><td>4,80<\/td><td>4,60<\/td><\/tr><tr><td>It\u00e0lia<\/td><td>6,20<\/td><td>5,90<\/td><td>5,85<\/td><td>5,70<\/td><td>5,50<\/td><\/tr><tr><td>B\u00e8lgica<\/td><td>9,90<\/td><td>9,50<\/td><td>9,40<\/td><td>9,20<\/td><td>8,80<\/td><\/tr><tr><td>Pa\u00efsos Baixos<\/td><td>11,00<\/td><td>10,40<\/td><td>10,30<\/td><td>10,10<\/td><td>9,60<\/td><\/tr><tr><td>Portugal<\/td><td>6,00<\/td><td>5,60<\/td><td>5,55<\/td><td>5,40<\/td><td>5,10<\/td><\/tr><tr><td>Su\u00efssa<\/td><td>9,30<\/td><td>8,90<\/td><td>8,70<\/td><td>8,50<\/td><td>8,10<\/td><\/tr><tr><td>\u00c0ustria<\/td><td>7,90<\/td><td>7,50<\/td><td>7,40<\/td><td>7,30<\/td><td>7,00<\/td><\/tr><tr><td>Irlanda<\/td><td><strong>15,60<\/strong><\/td><td>14,90<\/td><td>14,80<\/td><td>14,60<\/td><td>13,90<\/td><\/tr><tr><td>Regne Unit<\/td><td><strong>17,80<\/strong><\/td><td>16,90<\/td><td>16,80<\/td><td>16,50<\/td><td>15,90<\/td><\/tr><tr><td>Luxemburg<\/td><td>5,80<\/td><td>5,40<\/td><td>5,35<\/td><td>5,20<\/td><td>4,90<\/td><\/tr><tr><td>Su\u00e8de<\/td><td>7,20<\/td><td>6,80<\/td><td>6,70<\/td><td>6,60<\/td><td>6,20<\/td><\/tr><tr><td>Noruega<\/td><td>13,90<\/td><td>13,10<\/td><td>13,00<\/td><td>12,80<\/td><td>12,00<\/td><\/tr><tr><td>Dinamarca<\/td><td>10,70<\/td><td>10,10<\/td><td>9,95<\/td><td>9,80<\/td><td>9,20<\/td><\/tr><tr><td>Finl\u00e0ndia<\/td><td>10,30<\/td><td>9,80<\/td><td>9,70<\/td><td>9,60<\/td><td>9,00<\/td><\/tr><tr><td>Gr\u00e8cia<\/td><td>5,40<\/td><td>5,10<\/td><td>5,00<\/td><td>4,90<\/td><td>4,70<\/td><\/tr><tr><td>Pol\u00f2nia<\/td><td>4,60<\/td><td>4,30<\/td><td>4,20<\/td><td>4,10<\/td><td>3,90<\/td><\/tr><tr><td>Romania<\/td><td>4,70<\/td><td>4,30<\/td><td>4,25<\/td><td>4,10<\/td><td>3,95<\/td><\/tr><tr><td>Bulg\u00e0ria<\/td><td>3,80<\/td><td>3,50<\/td><td>3,45<\/td><td>3,30<\/td><td>3,10<\/td><\/tr><tr><td>Hongria<\/td><td>5,10<\/td><td>4,80<\/td><td>4,75<\/td><td>4,60<\/td><td>4,40<\/td><\/tr><tr><td>Eslov\u00e0quia<\/td><td>4,90<\/td><td>4,60<\/td><td>4,50<\/td><td>4,40<\/td><td>4,20<\/td><\/tr><tr><td>Eslov\u00e8nia<\/td><td>5,30<\/td><td>5,00<\/td><td>4,95<\/td><td>4,80<\/td><td>4,60<\/td><\/tr><tr><td>Cro\u00e0cia<\/td><td>4,80<\/td><td>4,50<\/td><td>4,40<\/td><td>4,30<\/td><td>4,10<\/td><\/tr><tr><td>Rep\u00fablica Txeca<\/td><td>4,70<\/td><td>4,40<\/td><td>4,30<\/td><td>4,20<\/td><td>4,00<\/td><\/tr><tr><td>Est\u00f2nia<\/td><td>5,20<\/td><td>4,80<\/td><td>4,70<\/td><td>4,60<\/td><td>4,30<\/td><\/tr><tr><td>Let\u00f2nia<\/td><td>4,90<\/td><td>4,60<\/td><td>4,50<\/td><td>4,40<\/td><td>4,10<\/td><\/tr><tr><td>Litu\u00e0nia<\/td><td>4,80<\/td><td>4,50<\/td><td>4,40<\/td><td>4,30<\/td><td>4,00<\/td><\/tr><\/tbody><\/table><\/figure>\n\n<blockquote class=\"wp-block-quote is-layout-flow wp-block-quote-is-layout-flow\">\n<p>\ud83d\udcca <strong>Mitjana europea per a totes les marques: al voltant de 7,30 \u20ac\/paquet<\/strong><\/p>\n<\/blockquote>\n\n<div style=\"height:43px\" aria-hidden=\"true\" class=\"wp-block-spacer\"><\/div>\n\n<blockquote class=\"wp-block-quote is-layout-flow wp-block-quote-is-layout-flow\">\n<p><\/p>\n<\/blockquote>\n\n<figure class=\"wp-block-image alignleft size-large is-resized\"><img decoding=\"async\" width=\"1024\" height=\"683\" src=\"https:\/\/www.mylasertabac.com\/wp-content\/uploads\/2025\/07\/quel-est-le-prix-dun-paquet-de-cigarette-en-fonction-des-pays-deurope-1024x683.png\" alt=\"\" class=\"wp-image-11328\" style=\"width:352px;height:auto\" srcset=\"https:\/\/www.mylasertabac.com\/wp-content\/uploads\/2025\/07\/quel-est-le-prix-dun-paquet-de-cigarette-en-fonction-des-pays-deurope-1024x683.png 1024w, https:\/\/www.mylasertabac.com\/wp-content\/uploads\/2025\/07\/quel-est-le-prix-dun-paquet-de-cigarette-en-fonction-des-pays-deurope-300x200.png 300w, https:\/\/www.mylasertabac.com\/wp-content\/uploads\/2025\/07\/quel-est-le-prix-dun-paquet-de-cigarette-en-fonction-des-pays-deurope-768x512.png 768w, https:\/\/www.mylasertabac.com\/wp-content\/uploads\/2025\/07\/quel-est-le-prix-dun-paquet-de-cigarette-en-fonction-des-pays-deurope-1536x1024.png 1536w, https:\/\/www.mylasertabac.com\/wp-content\/uploads\/2025\/07\/quel-est-le-prix-dun-paquet-de-cigarette-en-fonction-des-pays-deurope-2048x1366.png 2048w\" sizes=\"(max-width: 1024px) 100vw, 1024px\" \/><\/figure>\n\n<h2 class=\"wp-block-heading\">\ud83d\udd25 Els 5 pa\u00efsos on fumar costa m\u00e9s a Europa el 2025<\/h2>\n\n<ol class=\"wp-block-list\">\n<li>\ud83c\uddec\ud83c\udde7 <strong>Regne Unit<\/strong> \u2013 Fins a 17,80 \u20ac per paquet!<\/li>\n\n\n\n<li>\ud83c\uddee\ud83c\uddea <strong>Irlanda<\/strong> \u2013 M\u00e9s de 15 \u20ac<\/li>\n\n\n\n<li>\ud83c\uddeb\ud83c\uddf7 <strong>Fran\u00e7a<\/strong> \u2013 Fins a 12,50 \u20ac<\/li>\n\n\n\n<li>\ud83c\uddf3\ud83c\uddf4 <strong>Noruega<\/strong> \u2013 13,90 \u20ac (no UE)<\/li>\n\n\n\n<li>\ud83c\uddf3\ud83c\uddf1 <strong>Pa\u00efsos Baixos<\/strong> \u2013 Al voltant d&#8217;11 \u20ac<\/li>\n<\/ol>\n\n<div style=\"height:43px\" aria-hidden=\"true\" class=\"wp-block-spacer\"><\/div>\n\n<hr class=\"wp-block-separator has-alpha-channel-opacity\"\/>\n\n<h2 class=\"wp-block-heading\">\ud83d\udcb0 I aquells on encara \u00e9s &#8220;assequible&#8221; (per\u00f2 perjudicial)&#8230;<\/h2>\n\n<div style=\"height:20px\" aria-hidden=\"true\" class=\"wp-block-spacer\"><\/div>\n\n<ul class=\"wp-block-list\">\n<li>\ud83c\udde7\ud83c\uddec <strong>Bulg\u00e0ria<\/strong> : ~3,80 \u20ac<\/li>\n\n\n\n<li>\ud83c\uddf7\ud83c\uddf4 <strong>Romania<\/strong> : ~4,30 \u20ac<\/li>\n\n\n\n<li>\ud83c\uddf5\ud83c\uddf1 <strong>Pol\u00f2nia<\/strong> : ~4,60 \u20ac<\/li>\n\n\n\n<li>\ud83c\udde8\ud83c\uddff <strong>Rep\u00fablica Txeca<\/strong> : ~4,30 \u20ac<\/li>\n\n\n\n<li>\ud83c\udded\ud83c\uddfa <strong>Hongria<\/strong> : ~4,75 \u20ac<\/li>\n<\/ul>\n\n<div style=\"height:26px\" aria-hidden=\"true\" class=\"wp-block-spacer\"><\/div>\n\n<p class=\"has-cyan-bluish-gray-background-color has-background\">Llegiu tamb\u00e9: <a href=\"https:\/\/www.mylasertabac.com\/ca\/\">\n  <mark style=\"background-color:rgba(0, 0, 0, 0)\" class=\"has-inline-color has-luminous-vivid-orange-color\">Voleu deixar de fumar? Tenim la soluci\u00f3 per a vosaltres&#8230;<\/mark>\n<\/a><\/p>\n\n<div style=\"height:43px\" aria-hidden=\"true\" class=\"wp-block-spacer\"><\/div>\n\n<figure class=\"wp-block-image alignright size-full is-resized\"><img decoding=\"async\" width=\"953\" height=\"958\" src=\"https:\/\/www.mylasertabac.com\/wp-content\/uploads\/2025\/06\/mylaser.jpeg\" alt=\"\" class=\"wp-image-9693\" style=\"width:419px;height:auto\" srcset=\"https:\/\/www.mylasertabac.com\/wp-content\/uploads\/2025\/06\/mylaser.jpeg 953w, https:\/\/www.mylasertabac.com\/wp-content\/uploads\/2025\/06\/mylaser-298x300.jpeg 298w, https:\/\/www.mylasertabac.com\/wp-content\/uploads\/2025\/06\/mylaser-150x150.jpeg 150w, https:\/\/www.mylasertabac.com\/wp-content\/uploads\/2025\/06\/mylaser-768x772.jpeg 768w\" sizes=\"(max-width: 953px) 100vw, 953px\" \/><\/figure>\n\n<h2 class=\"wp-block-heading\">\ud83d\ude80 Vols deixar de fumar? Aqu\u00ed tens la soluci\u00f3 natural i efica\u00e7 <\/h2>\n\n<p>I si la millor decisi\u00f3 de la teva vida nom\u00e9s dur\u00e9s 60 minuts? A <strong>\n  <a href=\"https:\/\/www.mylasertabac.com\/ca\/\">MyLaserTabac<\/a>\n<\/strong> , t&#8217;ajudem en la teva abstin\u00e8ncia gr\u00e0cies a un m\u00e8tode suau, r\u00e0pid i indolor: el <strong>l\u00e0ser antitabac<\/strong> basat en <strong>\n  <a href=\"https:\/\/www.mylasertabac.com\/ca\/\">la reflexologia auricular<\/a>\n<\/strong> . Aquest proc\u00e9s estimula punts espec\u00edfics de l&#8217;orella relacionats amb l&#8217;addicci\u00f3, reduint el desig de fumar, l&#8217;estr\u00e8s i la irritabilitat&#8230; en una sola sessi\u00f3. Sense substituts, sense recaigudes. Els nostres <strong>\n  <a href=\"https:\/\/www.mylasertabac.com\/ca\/els-nostres-centres\/\">centres a tot Fran\u00e7a<\/a>\n<\/strong> t&#8217;acullen en un ambient acollidor, amb un enfocament personalitzat i una <strong>taxa d&#8217;\u00e8xit de m\u00e9s del 90%<\/strong> . Milers de fumadors ja han confiat en nosaltres. I si fos el teu torn?      <br\/><strong>Reserva una cita ara<\/strong> al centre MyLaserTabac m\u00e9s proper. La teva nova vida comen\u00e7a aqu\u00ed. <\/p>\n\n<p><\/p>\n\n<p><\/p>\n\n<p><\/p>\n\n<div style=\"height:37px\" aria-hidden=\"true\" class=\"wp-block-spacer\"><\/div>\n\n<h2 class=\"wp-block-heading\">\ud83c\udfaf Conclusi\u00f3: un pressupost que pesa\u2026 i que t&#8217;empeny a aturar-te<\/h2>\n\n<div style=\"height:20px\" aria-hidden=\"true\" class=\"wp-block-spacer\"><\/div>\n\n<p>Els governs europeus continuen <strong>apujant els impostos sobre el tabac<\/strong> per dissuadir el consum, alhora que financen els seus sistemes sanitaris.<\/p>\n\n<p>Un paquet de cigarrets al dia a Fran\u00e7a paga uns <strong>375 euros al mes<\/strong> , m\u00e9s que el lloguer d&#8217;algunes ciutats de prov\u00edncia.<\/p>\n\n<p>\ud83d\udc49 Per tant, no \u00e9s sorprenent que <strong>\n  <a href=\"https:\/\/www.mylasertabac.com\/ca\/\">deixar de fumar<\/a>\n<\/strong> (mitjan\u00e7ant l\u00e0ser, substituci\u00f3, coaching) estigui guanyant terreny.<\/p>\n\n<div style=\"height:37px\" aria-hidden=\"true\" class=\"wp-block-spacer\"><\/div>\n\n<figure class=\"wp-block-image size-large\"><img decoding=\"async\" src=\"https:\/\/www.mylasertabac.com\/wp-content\/uploads\/\/mlt-verteau.svg\" alt=\"\" class=\"wp-image-13\"\/><\/figure>\n","protected":false},"excerpt":{"rendered":"<p>Fumar \u00e9s car. Molt car. Per\u00f2 el preu d&#8217;un paquet varia molt d&#8217;un pa\u00eds europeu a un altre. El juliol de 2025, les difer\u00e8ncies de preu entre l&#8217;Europa occidental i l&#8217;est de vegades arriben a m\u00e9s de 10 \u20ac per a la mateixa marca! Aqu\u00ed teniu un estudi complet, marca per marca i pa\u00eds per [&hellip;]<\/p>\n","protected":false},"author":2,"featured_media":17408,"comment_status":"closed","ping_status":"open","sticky":false,"template":"","format":"standard","meta":{"inline_featured_image":false,"footnotes":""},"categories":[665],"tags":[],"class_list":["post-11350","post","type-post","status-publish","format-standard","has-post-thumbnail","hentry","category-tabac-ca"],"yoast_head":"<!-- This site is optimized with the Yoast SEO plugin v27.5 - https:\/\/yoast.com\/product\/yoast-seo-wordpress\/ -->\n<title>\ud83d\udcb8 Preus dels paquets de cigarrets a Europa al novembre del 2025: la gran comparaci\u00f3 per pa\u00eds - My Laser Tabac<\/title>\n<meta name=\"description\" content=\"Descobreix el preu dels cigarrets a Europa al novembre del 2025, marca per marca, amb una taula comparativa completa i \u00fatil.\" \/>\n<meta name=\"robots\" content=\"index, follow, max-snippet:-1, max-image-preview:large, max-video-preview:-1\" \/>\n<link rel=\"canonical\" href=\"https:\/\/www.mylasertabac.com\/ca\/%f0%9f%92%b8-preus-dels-paquets-de-cigarrets-a-europa-al-juliol-de-2025-la-gran-comparacio-per-pais\/\" \/>\n<meta property=\"og:locale\" content=\"ca_ES\" \/>\n<meta property=\"og:type\" content=\"article\" \/>\n<meta property=\"og:title\" content=\"\ud83d\udcb8 Preus dels paquets de cigarrets a Europa al novembre del 2025: la gran comparaci\u00f3 per pa\u00eds - My Laser Tabac\" \/>\n<meta property=\"og:description\" content=\"Descobreix el preu dels cigarrets a Europa al novembre del 2025, marca per marca, amb una taula comparativa completa i \u00fatil.\" \/>\n<meta property=\"og:url\" content=\"https:\/\/www.mylasertabac.com\/ca\/%f0%9f%92%b8-preus-dels-paquets-de-cigarrets-a-europa-al-juliol-de-2025-la-gran-comparacio-per-pais\/\" \/>\n<meta property=\"og:site_name\" content=\"My Laser Tabac\" \/>\n<meta property=\"article:author\" content=\"https:\/\/www.facebook.com\/profile.php?id=61571554707319\" \/>\n<meta property=\"article:published_time\" content=\"2025-07-20T16:22:52+00:00\" \/>\n<meta property=\"article:modified_time\" content=\"2025-10-09T10:39:06+00:00\" \/>\n<meta property=\"og:image\" content=\"https:\/\/www.mylasertabac.com\/wp-content\/uploads\/2025\/07\/Prix-des-paquets-de-cigarette-en-Europe-en-Novembre-2025-1024x683.png\" \/>\n\t<meta property=\"og:image:width\" content=\"1024\" \/>\n\t<meta property=\"og:image:height\" content=\"683\" \/>\n\t<meta property=\"og:image:type\" content=\"image\/png\" \/>\n<meta name=\"author\" content=\"Florian Fortes\" \/>\n<meta name=\"twitter:card\" content=\"summary_large_image\" \/>\n<meta name=\"twitter:label1\" content=\"Escrit per\" \/>\n\t<meta name=\"twitter:data1\" content=\"Florian Fortes\" \/>\n\t<meta name=\"twitter:label2\" content=\"Temps estimat de lectura\" \/>\n\t<meta name=\"twitter:data2\" content=\"3 minuts\" \/>\n<script type=\"application\/ld+json\" class=\"yoast-schema-graph\">{\"@context\":\"https:\\\/\\\/schema.org\",\"@graph\":[{\"@type\":\"Article\",\"@id\":\"https:\\\/\\\/www.mylasertabac.com\\\/ca\\\/%f0%9f%92%b8-preus-dels-paquets-de-cigarrets-a-europa-al-juliol-de-2025-la-gran-comparacio-per-pais\\\/#article\",\"isPartOf\":{\"@id\":\"https:\\\/\\\/www.mylasertabac.com\\\/ca\\\/%f0%9f%92%b8-preus-dels-paquets-de-cigarrets-a-europa-al-juliol-de-2025-la-gran-comparacio-per-pais\\\/\"},\"author\":{\"name\":\"Florian Fortes\",\"@id\":\"https:\\\/\\\/www.mylasertabac.com\\\/ca\\\/#\\\/schema\\\/person\\\/02c249cb76d912efb6c315ec23eccdf3\"},\"headline\":\"\ud83d\udcb8 Preus dels paquets de cigarrets a Europa al novembre del 2025: la gran comparaci\u00f3 per pa\u00eds\",\"datePublished\":\"2025-07-20T16:22:52+00:00\",\"dateModified\":\"2025-10-09T10:39:06+00:00\",\"mainEntityOfPage\":{\"@id\":\"https:\\\/\\\/www.mylasertabac.com\\\/ca\\\/%f0%9f%92%b8-preus-dels-paquets-de-cigarrets-a-europa-al-juliol-de-2025-la-gran-comparacio-per-pais\\\/\"},\"wordCount\":578,\"publisher\":{\"@id\":\"https:\\\/\\\/www.mylasertabac.com\\\/ca\\\/#organization\"},\"image\":{\"@id\":\"https:\\\/\\\/www.mylasertabac.com\\\/ca\\\/%f0%9f%92%b8-preus-dels-paquets-de-cigarrets-a-europa-al-juliol-de-2025-la-gran-comparacio-per-pais\\\/#primaryimage\"},\"thumbnailUrl\":\"https:\\\/\\\/www.mylasertabac.com\\\/wp-content\\\/uploads\\\/2025\\\/07\\\/Prix-des-paquets-de-cigarette-en-Europe-en-Novembre-2025.png\",\"articleSection\":[\"tabac\"],\"inLanguage\":\"ca\"},{\"@type\":\"WebPage\",\"@id\":\"https:\\\/\\\/www.mylasertabac.com\\\/ca\\\/%f0%9f%92%b8-preus-dels-paquets-de-cigarrets-a-europa-al-juliol-de-2025-la-gran-comparacio-per-pais\\\/\",\"url\":\"https:\\\/\\\/www.mylasertabac.com\\\/ca\\\/%f0%9f%92%b8-preus-dels-paquets-de-cigarrets-a-europa-al-juliol-de-2025-la-gran-comparacio-per-pais\\\/\",\"name\":\"\ud83d\udcb8 Preus dels paquets de cigarrets a Europa al novembre del 2025: la gran comparaci\u00f3 per pa\u00eds - My Laser Tabac\",\"isPartOf\":{\"@id\":\"https:\\\/\\\/www.mylasertabac.com\\\/ca\\\/#website\"},\"primaryImageOfPage\":{\"@id\":\"https:\\\/\\\/www.mylasertabac.com\\\/ca\\\/%f0%9f%92%b8-preus-dels-paquets-de-cigarrets-a-europa-al-juliol-de-2025-la-gran-comparacio-per-pais\\\/#primaryimage\"},\"image\":{\"@id\":\"https:\\\/\\\/www.mylasertabac.com\\\/ca\\\/%f0%9f%92%b8-preus-dels-paquets-de-cigarrets-a-europa-al-juliol-de-2025-la-gran-comparacio-per-pais\\\/#primaryimage\"},\"thumbnailUrl\":\"https:\\\/\\\/www.mylasertabac.com\\\/wp-content\\\/uploads\\\/2025\\\/07\\\/Prix-des-paquets-de-cigarette-en-Europe-en-Novembre-2025.png\",\"datePublished\":\"2025-07-20T16:22:52+00:00\",\"dateModified\":\"2025-10-09T10:39:06+00:00\",\"description\":\"Descobreix el preu dels cigarrets a Europa al novembre del 2025, marca per marca, amb una taula comparativa completa i \u00fatil.\",\"breadcrumb\":{\"@id\":\"https:\\\/\\\/www.mylasertabac.com\\\/ca\\\/%f0%9f%92%b8-preus-dels-paquets-de-cigarrets-a-europa-al-juliol-de-2025-la-gran-comparacio-per-pais\\\/#breadcrumb\"},\"inLanguage\":\"ca\",\"potentialAction\":[{\"@type\":\"ReadAction\",\"target\":[\"https:\\\/\\\/www.mylasertabac.com\\\/ca\\\/%f0%9f%92%b8-preus-dels-paquets-de-cigarrets-a-europa-al-juliol-de-2025-la-gran-comparacio-per-pais\\\/\"]}]},{\"@type\":\"ImageObject\",\"inLanguage\":\"ca\",\"@id\":\"https:\\\/\\\/www.mylasertabac.com\\\/ca\\\/%f0%9f%92%b8-preus-dels-paquets-de-cigarrets-a-europa-al-juliol-de-2025-la-gran-comparacio-per-pais\\\/#primaryimage\",\"url\":\"https:\\\/\\\/www.mylasertabac.com\\\/wp-content\\\/uploads\\\/2025\\\/07\\\/Prix-des-paquets-de-cigarette-en-Europe-en-Novembre-2025.png\",\"contentUrl\":\"https:\\\/\\\/www.mylasertabac.com\\\/wp-content\\\/uploads\\\/2025\\\/07\\\/Prix-des-paquets-de-cigarette-en-Europe-en-Novembre-2025.png\",\"width\":1536,\"height\":1024},{\"@type\":\"BreadcrumbList\",\"@id\":\"https:\\\/\\\/www.mylasertabac.com\\\/ca\\\/%f0%9f%92%b8-preus-dels-paquets-de-cigarrets-a-europa-al-juliol-de-2025-la-gran-comparacio-per-pais\\\/#breadcrumb\",\"itemListElement\":[{\"@type\":\"ListItem\",\"position\":1,\"name\":\"Accueil\",\"item\":\"https:\\\/\\\/www.mylasertabac.com\\\/ca\\\/benvingut\\\/\"},{\"@type\":\"ListItem\",\"position\":2,\"name\":\"\ud83d\udcb8 Preus dels paquets de cigarrets a Europa al novembre del 2025: la gran comparaci\u00f3 per pa\u00eds\"}]},{\"@type\":\"WebSite\",\"@id\":\"https:\\\/\\\/www.mylasertabac.com\\\/ca\\\/#website\",\"url\":\"https:\\\/\\\/www.mylasertabac.com\\\/ca\\\/\",\"name\":\"My Laser Tabac\",\"description\":\"La solution laser qui transforme les fumeurs en ex-fumeurs\",\"publisher\":{\"@id\":\"https:\\\/\\\/www.mylasertabac.com\\\/ca\\\/#organization\"},\"potentialAction\":[{\"@type\":\"SearchAction\",\"target\":{\"@type\":\"EntryPoint\",\"urlTemplate\":\"https:\\\/\\\/www.mylasertabac.com\\\/ca\\\/?s={search_term_string}\"},\"query-input\":{\"@type\":\"PropertyValueSpecification\",\"valueRequired\":true,\"valueName\":\"search_term_string\"}}],\"inLanguage\":\"ca\"},{\"@type\":\"Organization\",\"@id\":\"https:\\\/\\\/www.mylasertabac.com\\\/ca\\\/#organization\",\"name\":\"My Laser Tabac\",\"url\":\"https:\\\/\\\/www.mylasertabac.com\\\/ca\\\/\",\"logo\":{\"@type\":\"ImageObject\",\"inLanguage\":\"ca\",\"@id\":\"https:\\\/\\\/www.mylasertabac.com\\\/ca\\\/#\\\/schema\\\/logo\\\/image\\\/\",\"url\":\"https:\\\/\\\/www.mylasertabac.com\\\/wp-content\\\/uploads\\\/2024\\\/12\\\/mlt-verteau.svg\",\"contentUrl\":\"https:\\\/\\\/www.mylasertabac.com\\\/wp-content\\\/uploads\\\/2024\\\/12\\\/mlt-verteau.svg\",\"caption\":\"My Laser Tabac\"},\"image\":{\"@id\":\"https:\\\/\\\/www.mylasertabac.com\\\/ca\\\/#\\\/schema\\\/logo\\\/image\\\/\"}},{\"@type\":\"Person\",\"@id\":\"https:\\\/\\\/www.mylasertabac.com\\\/ca\\\/#\\\/schema\\\/person\\\/02c249cb76d912efb6c315ec23eccdf3\",\"name\":\"Florian Fortes\",\"image\":{\"@type\":\"ImageObject\",\"inLanguage\":\"ca\",\"@id\":\"https:\\\/\\\/www.mylasertabac.com\\\/wp-content\\\/litespeed\\\/avatar\\\/142101a71d7b9e6490c1120d9c109a67.jpg?ver=1777461116\",\"url\":\"https:\\\/\\\/www.mylasertabac.com\\\/wp-content\\\/litespeed\\\/avatar\\\/142101a71d7b9e6490c1120d9c109a67.jpg?ver=1777461116\",\"contentUrl\":\"https:\\\/\\\/www.mylasertabac.com\\\/wp-content\\\/litespeed\\\/avatar\\\/142101a71d7b9e6490c1120d9c109a67.jpg?ver=1777461116\",\"caption\":\"Florian Fortes\"},\"sameAs\":[\"https:\\\/\\\/www.mylasertabac.com\",\"https:\\\/\\\/www.facebook.com\\\/profile.php?id=61571554707319\"],\"url\":\"https:\\\/\\\/www.mylasertabac.com\\\/ca\\\/author\\\/florianfortes5312\\\/\"}]}<\/script>\n<!-- \/ Yoast SEO plugin. -->","yoast_head_json":{"title":"\ud83d\udcb8 Preus dels paquets de cigarrets a Europa al novembre del 2025: la gran comparaci\u00f3 per pa\u00eds - My Laser Tabac","description":"Descobreix el preu dels cigarrets a Europa al novembre del 2025, marca per marca, amb una taula comparativa completa i \u00fatil.","robots":{"index":"index","follow":"follow","max-snippet":"max-snippet:-1","max-image-preview":"max-image-preview:large","max-video-preview":"max-video-preview:-1"},"canonical":"https:\/\/www.mylasertabac.com\/ca\/%f0%9f%92%b8-preus-dels-paquets-de-cigarrets-a-europa-al-juliol-de-2025-la-gran-comparacio-per-pais\/","og_locale":"ca_ES","og_type":"article","og_title":"\ud83d\udcb8 Preus dels paquets de cigarrets a Europa al novembre del 2025: la gran comparaci\u00f3 per pa\u00eds - My Laser Tabac","og_description":"Descobreix el preu dels cigarrets a Europa al novembre del 2025, marca per marca, amb una taula comparativa completa i \u00fatil.","og_url":"https:\/\/www.mylasertabac.com\/ca\/%f0%9f%92%b8-preus-dels-paquets-de-cigarrets-a-europa-al-juliol-de-2025-la-gran-comparacio-per-pais\/","og_site_name":"My Laser Tabac","article_author":"https:\/\/www.facebook.com\/profile.php?id=61571554707319","article_published_time":"2025-07-20T16:22:52+00:00","article_modified_time":"2025-10-09T10:39:06+00:00","og_image":[{"width":1024,"height":683,"url":"https:\/\/www.mylasertabac.com\/wp-content\/uploads\/2025\/07\/Prix-des-paquets-de-cigarette-en-Europe-en-Novembre-2025-1024x683.png","type":"image\/png"}],"author":"Florian Fortes","twitter_card":"summary_large_image","twitter_misc":{"Escrit per":"Florian Fortes","Temps estimat de lectura":"3 minuts"},"schema":{"@context":"https:\/\/schema.org","@graph":[{"@type":"Article","@id":"https:\/\/www.mylasertabac.com\/ca\/%f0%9f%92%b8-preus-dels-paquets-de-cigarrets-a-europa-al-juliol-de-2025-la-gran-comparacio-per-pais\/#article","isPartOf":{"@id":"https:\/\/www.mylasertabac.com\/ca\/%f0%9f%92%b8-preus-dels-paquets-de-cigarrets-a-europa-al-juliol-de-2025-la-gran-comparacio-per-pais\/"},"author":{"name":"Florian Fortes","@id":"https:\/\/www.mylasertabac.com\/ca\/#\/schema\/person\/02c249cb76d912efb6c315ec23eccdf3"},"headline":"\ud83d\udcb8 Preus dels paquets de cigarrets a Europa al novembre del 2025: la gran comparaci\u00f3 per pa\u00eds","datePublished":"2025-07-20T16:22:52+00:00","dateModified":"2025-10-09T10:39:06+00:00","mainEntityOfPage":{"@id":"https:\/\/www.mylasertabac.com\/ca\/%f0%9f%92%b8-preus-dels-paquets-de-cigarrets-a-europa-al-juliol-de-2025-la-gran-comparacio-per-pais\/"},"wordCount":578,"publisher":{"@id":"https:\/\/www.mylasertabac.com\/ca\/#organization"},"image":{"@id":"https:\/\/www.mylasertabac.com\/ca\/%f0%9f%92%b8-preus-dels-paquets-de-cigarrets-a-europa-al-juliol-de-2025-la-gran-comparacio-per-pais\/#primaryimage"},"thumbnailUrl":"https:\/\/www.mylasertabac.com\/wp-content\/uploads\/2025\/07\/Prix-des-paquets-de-cigarette-en-Europe-en-Novembre-2025.png","articleSection":["tabac"],"inLanguage":"ca"},{"@type":"WebPage","@id":"https:\/\/www.mylasertabac.com\/ca\/%f0%9f%92%b8-preus-dels-paquets-de-cigarrets-a-europa-al-juliol-de-2025-la-gran-comparacio-per-pais\/","url":"https:\/\/www.mylasertabac.com\/ca\/%f0%9f%92%b8-preus-dels-paquets-de-cigarrets-a-europa-al-juliol-de-2025-la-gran-comparacio-per-pais\/","name":"\ud83d\udcb8 Preus dels paquets de cigarrets a Europa al novembre del 2025: la gran comparaci\u00f3 per pa\u00eds - My Laser Tabac","isPartOf":{"@id":"https:\/\/www.mylasertabac.com\/ca\/#website"},"primaryImageOfPage":{"@id":"https:\/\/www.mylasertabac.com\/ca\/%f0%9f%92%b8-preus-dels-paquets-de-cigarrets-a-europa-al-juliol-de-2025-la-gran-comparacio-per-pais\/#primaryimage"},"image":{"@id":"https:\/\/www.mylasertabac.com\/ca\/%f0%9f%92%b8-preus-dels-paquets-de-cigarrets-a-europa-al-juliol-de-2025-la-gran-comparacio-per-pais\/#primaryimage"},"thumbnailUrl":"https:\/\/www.mylasertabac.com\/wp-content\/uploads\/2025\/07\/Prix-des-paquets-de-cigarette-en-Europe-en-Novembre-2025.png","datePublished":"2025-07-20T16:22:52+00:00","dateModified":"2025-10-09T10:39:06+00:00","description":"Descobreix el preu dels cigarrets a Europa al novembre del 2025, marca per marca, amb una taula comparativa completa i \u00fatil.","breadcrumb":{"@id":"https:\/\/www.mylasertabac.com\/ca\/%f0%9f%92%b8-preus-dels-paquets-de-cigarrets-a-europa-al-juliol-de-2025-la-gran-comparacio-per-pais\/#breadcrumb"},"inLanguage":"ca","potentialAction":[{"@type":"ReadAction","target":["https:\/\/www.mylasertabac.com\/ca\/%f0%9f%92%b8-preus-dels-paquets-de-cigarrets-a-europa-al-juliol-de-2025-la-gran-comparacio-per-pais\/"]}]},{"@type":"ImageObject","inLanguage":"ca","@id":"https:\/\/www.mylasertabac.com\/ca\/%f0%9f%92%b8-preus-dels-paquets-de-cigarrets-a-europa-al-juliol-de-2025-la-gran-comparacio-per-pais\/#primaryimage","url":"https:\/\/www.mylasertabac.com\/wp-content\/uploads\/2025\/07\/Prix-des-paquets-de-cigarette-en-Europe-en-Novembre-2025.png","contentUrl":"https:\/\/www.mylasertabac.com\/wp-content\/uploads\/2025\/07\/Prix-des-paquets-de-cigarette-en-Europe-en-Novembre-2025.png","width":1536,"height":1024},{"@type":"BreadcrumbList","@id":"https:\/\/www.mylasertabac.com\/ca\/%f0%9f%92%b8-preus-dels-paquets-de-cigarrets-a-europa-al-juliol-de-2025-la-gran-comparacio-per-pais\/#breadcrumb","itemListElement":[{"@type":"ListItem","position":1,"name":"Accueil","item":"https:\/\/www.mylasertabac.com\/ca\/benvingut\/"},{"@type":"ListItem","position":2,"name":"\ud83d\udcb8 Preus dels paquets de cigarrets a Europa al novembre del 2025: la gran comparaci\u00f3 per pa\u00eds"}]},{"@type":"WebSite","@id":"https:\/\/www.mylasertabac.com\/ca\/#website","url":"https:\/\/www.mylasertabac.com\/ca\/","name":"My Laser Tabac","description":"La solution laser qui transforme les fumeurs en ex-fumeurs","publisher":{"@id":"https:\/\/www.mylasertabac.com\/ca\/#organization"},"potentialAction":[{"@type":"SearchAction","target":{"@type":"EntryPoint","urlTemplate":"https:\/\/www.mylasertabac.com\/ca\/?s={search_term_string}"},"query-input":{"@type":"PropertyValueSpecification","valueRequired":true,"valueName":"search_term_string"}}],"inLanguage":"ca"},{"@type":"Organization","@id":"https:\/\/www.mylasertabac.com\/ca\/#organization","name":"My Laser Tabac","url":"https:\/\/www.mylasertabac.com\/ca\/","logo":{"@type":"ImageObject","inLanguage":"ca","@id":"https:\/\/www.mylasertabac.com\/ca\/#\/schema\/logo\/image\/","url":"https:\/\/www.mylasertabac.com\/wp-content\/uploads\/2024\/12\/mlt-verteau.svg","contentUrl":"https:\/\/www.mylasertabac.com\/wp-content\/uploads\/2024\/12\/mlt-verteau.svg","caption":"My Laser Tabac"},"image":{"@id":"https:\/\/www.mylasertabac.com\/ca\/#\/schema\/logo\/image\/"}},{"@type":"Person","@id":"https:\/\/www.mylasertabac.com\/ca\/#\/schema\/person\/02c249cb76d912efb6c315ec23eccdf3","name":"Florian Fortes","image":{"@type":"ImageObject","inLanguage":"ca","@id":"https:\/\/www.mylasertabac.com\/wp-content\/litespeed\/avatar\/142101a71d7b9e6490c1120d9c109a67.jpg?ver=1777461116","url":"https:\/\/www.mylasertabac.com\/wp-content\/litespeed\/avatar\/142101a71d7b9e6490c1120d9c109a67.jpg?ver=1777461116","contentUrl":"https:\/\/www.mylasertabac.com\/wp-content\/litespeed\/avatar\/142101a71d7b9e6490c1120d9c109a67.jpg?ver=1777461116","caption":"Florian Fortes"},"sameAs":["https:\/\/www.mylasertabac.com","https:\/\/www.facebook.com\/profile.php?id=61571554707319"],"url":"https:\/\/www.mylasertabac.com\/ca\/author\/florianfortes5312\/"}]}},"_links":{"self":[{"href":"https:\/\/www.mylasertabac.com\/ca\/wp-json\/wp\/v2\/posts\/11350","targetHints":{"allow":["GET"]}}],"collection":[{"href":"https:\/\/www.mylasertabac.com\/ca\/wp-json\/wp\/v2\/posts"}],"about":[{"href":"https:\/\/www.mylasertabac.com\/ca\/wp-json\/wp\/v2\/types\/post"}],"author":[{"embeddable":true,"href":"https:\/\/www.mylasertabac.com\/ca\/wp-json\/wp\/v2\/users\/2"}],"replies":[{"embeddable":true,"href":"https:\/\/www.mylasertabac.com\/ca\/wp-json\/wp\/v2\/comments?post=11350"}],"version-history":[{"count":6,"href":"https:\/\/www.mylasertabac.com\/ca\/wp-json\/wp\/v2\/posts\/11350\/revisions"}],"predecessor-version":[{"id":17449,"href":"https:\/\/www.mylasertabac.com\/ca\/wp-json\/wp\/v2\/posts\/11350\/revisions\/17449"}],"wp:featuredmedia":[{"embeddable":true,"href":"https:\/\/www.mylasertabac.com\/ca\/wp-json\/wp\/v2\/media\/17408"}],"wp:attachment":[{"href":"https:\/\/www.mylasertabac.com\/ca\/wp-json\/wp\/v2\/media?parent=11350"}],"wp:term":[{"taxonomy":"category","embeddable":true,"href":"https:\/\/www.mylasertabac.com\/ca\/wp-json\/wp\/v2\/categories?post=11350"},{"taxonomy":"post_tag","embeddable":true,"href":"https:\/\/www.mylasertabac.com\/ca\/wp-json\/wp\/v2\/tags?post=11350"}],"curies":[{"name":"wp","href":"https:\/\/api.w.org\/{rel}","templated":true}]}}