{"id":11753,"date":"2025-07-19T00:09:02","date_gmt":"2025-07-18T22:09:02","guid":{"rendered":"https:\/\/www.mylasertabac.com\/%f0%9f%92%a8-cigarrets-electronics-la-ue-prepara-un-impost-sobre-els-liquids-un-retorn-encobert-al-tabac\/"},"modified":"2025-07-20T01:24:02","modified_gmt":"2025-07-19T23:24:02","slug":"%f0%9f%92%a8-cigarrets-electronics-la-ue-prepara-un-impost-sobre-els-liquids-un-retorn-encobert-al-tabac","status":"publish","type":"post","link":"https:\/\/www.mylasertabac.com\/ca\/%f0%9f%92%a8-cigarrets-electronics-la-ue-prepara-un-impost-sobre-els-liquids-un-retorn-encobert-al-tabac\/","title":{"rendered":"\ud83d\udca8 Cigarrets electr\u00f2nics: La UE prepara un impost sobre els l\u00edquids&#8230; un retorn encobert al tabac?"},"content":{"rendered":"\n<div style=\"height:18px\" aria-hidden=\"true\" class=\"wp-block-spacer\"><\/div>\n\n<h2 class=\"wp-block-heading\">Una mesura que fa tossir els vapejadors&#8230; i tossir els professionals<\/h2>\n\n<div style=\"height:18px\" aria-hidden=\"true\" class=\"wp-block-spacer\"><\/div>\n\n<p>Si feu servir un cigarret electr\u00f2nic per mantenir-vos allunyats del tabac, una decisi\u00f3 de la Uni\u00f3 Europea podria q\u00fcestionar-ho tot. Brussel\u00b7les est\u00e0 considerant <strong>imposar un impost sobre els l\u00edquids de vapeig<\/strong> , tant si contenen nicotina com si no. Oficialment, aquesta mesura pret\u00e9n <strong>harmonitzar la fiscalitat a tota la UE<\/strong> , per\u00f2 per a molts del sector, amaga una altra realitat: <strong>obligar els exfumadors a tornar al tabac tradicional<\/strong> , que est\u00e0 molt gravat.  <\/p>\n\n<div style=\"height:24px\" aria-hidden=\"true\" class=\"wp-block-spacer\"><\/div>\n\n<figure class=\"wp-block-image alignleft size-full is-resized\"><img fetchpriority=\"high\" decoding=\"async\" width=\"1024\" height=\"1024\" src=\"https:\/\/www.mylasertabac.com\/wp-content\/uploads\/2025\/07\/Ce-que-cache-la-taxation.png\" alt=\"\" class=\"wp-image-11732\" style=\"width:483px;height:auto\" srcset=\"https:\/\/www.mylasertabac.com\/wp-content\/uploads\/2025\/07\/Ce-que-cache-la-taxation.png 1024w, https:\/\/www.mylasertabac.com\/wp-content\/uploads\/2025\/07\/Ce-que-cache-la-taxation-300x300.png 300w, https:\/\/www.mylasertabac.com\/wp-content\/uploads\/2025\/07\/Ce-que-cache-la-taxation-150x150.png 150w, https:\/\/www.mylasertabac.com\/wp-content\/uploads\/2025\/07\/Ce-que-cache-la-taxation-768x768.png 768w\" sizes=\"(max-width: 1024px) 100vw, 1024px\" \/><\/figure>\n\n<h2 class=\"wp-block-heading\">\ud83e\uddfe Un impost europeu estandarditzat: de qu\u00e8 estem parlant exactament?<\/h2>\n\n<p>La Comissi\u00f3 Europea vol introduir un <strong>impost m\u00ednim de 0,10 \u20ac per ml de l\u00edquid amb nicotina<\/strong> i <strong>de 0,03 \u20ac per ml per als l\u00edquids sense nicotina<\/strong> . Per al consumidor mitj\u00e0, aix\u00f2 podria representar <strong>un augment significatiu del preu de les ampolles<\/strong> , de vegades <strong>fins a un 25% m\u00e9s<\/strong> en certs productes. <\/p>\n\n<p>Per\u00f2 aquest impost no sorgeix del no-res: diversos pa\u00efsos, com ara <strong>Alemanya, It\u00e0lia, Est\u00f2nia i Finl\u00e0ndia,<\/strong> ja imposen impostos similars. L&#8217;objectiu declarat de Brussel\u00b7les \u00e9s simple: acabar amb les disparitats de preus entre els estats membres. A primera vista, \u00e9s una mesura d&#8217;harmonitzaci\u00f3 fiscal. En realitat, <strong>\u00e9s una bomba per als usuaris i les petites empreses<\/strong> .   <\/p>\n\n<div style=\"height:28px\" aria-hidden=\"true\" class=\"wp-block-spacer\"><\/div>\n\n<h2 class=\"wp-block-heading\">\ud83d\udeac Vapejar o fumar: una opci\u00f3 de salut o fiscal?<\/h2>\n\n<div style=\"height:18px\" aria-hidden=\"true\" class=\"wp-block-spacer\"><\/div>\n\n<p>Nombrosos estudis han demostrat que <strong>els cigarrets electr\u00f2nics s\u00f3n molt menys nocius que els cigarrets tradicionals<\/strong> . No contenen quitr\u00e0, mon\u00f2xid de carboni ni les milers de subst\u00e0ncies cancer\u00edgenes produ\u00efdes per la crema de tabac. <\/p>\n\n<p>I, tanmateix&#8230; en voler <strong>gravar els l\u00edquids de vapeig al mateix nivell que els productes del tabac<\/strong> , la UE est\u00e0 desdibuixant les l\u00ednies entre un producte d&#8217;abstin\u00e8ncia i un producte mortal.<\/p>\n\n<p>\u27a1\ufe0f Per als professionals del sector, est\u00e0 clar:<\/p>\n\n<blockquote class=\"wp-block-quote is-layout-flow wp-block-quote-is-layout-flow\">\n<p><strong>&#8220;Volen que la gent torni al tabac, on l&#8217;estat recapta el 80% dels impostos.&#8221;<\/strong><\/p>\n<\/blockquote>\n\n<p>Aquest crit d&#8217;alarma no prov\u00e9 d&#8217;un lobby, sin\u00f3 de <strong>distribu\u00efdors, comerciants i exfumadors<\/strong> , tots conven\u00e7uts que aquesta decisi\u00f3 seria <strong>contraproduent per a la salut p\u00fablica<\/strong> .<\/p>\n\n<div style=\"height:18px\" aria-hidden=\"true\" class=\"wp-block-spacer\"><\/div>\n\n<h2 class=\"wp-block-heading\">\ud83c\udfea Professionals del vapeig a primera l\u00ednia<\/h2>\n\n<div style=\"height:18px\" aria-hidden=\"true\" class=\"wp-block-spacer\"><\/div>\n\n<p>A les botigues especialitzades, la preocupaci\u00f3 \u00e9s palpable. El vapeig representa un mercat jove i fr\u00e0gil, sovint impulsat per emprenedors independents. <strong>Un augment de preus podria matar l&#8217;atractiu dels cigarrets electr\u00f2nics<\/strong> , tot i que s\u00f3n una de les eines m\u00e9s efectives per deixar de fumar. <\/p>\n\n<div style=\"height:18px\" aria-hidden=\"true\" class=\"wp-block-spacer\"><\/div>\n\n<figure class=\"wp-block-image aligncenter size-full\"><img decoding=\"async\" width=\"1024\" height=\"1024\" src=\"https:\/\/www.mylasertabac.com\/wp-content\/uploads\/2025\/07\/Vendeur-dans-un-magasin-de-vape.png\" alt=\"\" class=\"wp-image-11740\" srcset=\"https:\/\/www.mylasertabac.com\/wp-content\/uploads\/2025\/07\/Vendeur-dans-un-magasin-de-vape.png 1024w, https:\/\/www.mylasertabac.com\/wp-content\/uploads\/2025\/07\/Vendeur-dans-un-magasin-de-vape-300x300.png 300w, https:\/\/www.mylasertabac.com\/wp-content\/uploads\/2025\/07\/Vendeur-dans-un-magasin-de-vape-150x150.png 150w, https:\/\/www.mylasertabac.com\/wp-content\/uploads\/2025\/07\/Vendeur-dans-un-magasin-de-vape-768x768.png 768w\" sizes=\"(max-width: 1024px) 100vw, 1024px\" \/><\/figure>\n\n<p><\/p>\n\n<p><\/p>\n\n<p>\ud83d\udc64 Testimoni d&#8217;un comerciant:<\/p>\n\n<blockquote class=\"wp-block-quote is-layout-flow wp-block-quote-is-layout-flow\">\n<p><em>&#8220;Si gravem els l\u00edquids, acabarem amb la gent tornant a l&#8217;estanc local a comprar el seu paquet de cigarrets. I la Seguretat Social ser\u00e0 qui pagui la factura.&#8221;<\/em><\/p>\n<\/blockquote>\n\n<p>El missatge \u00e9s clar: <strong>els impostos no han de perjudicar la salut p\u00fablica.<\/strong><\/p>\n\n<div style=\"height:18px\" aria-hidden=\"true\" class=\"wp-block-spacer\"><\/div>\n\n<hr class=\"wp-block-separator has-alpha-channel-opacity\"\/>\n\n<h2 class=\"wp-block-heading\">\ud83d\udd0d L\u00f2gica inconsistent per a exfumadors<\/h2>\n\n<div style=\"height:18px\" aria-hidden=\"true\" class=\"wp-block-spacer\"><\/div>\n\n<p>Imagina&#8217;t aix\u00f2: vas deixar de fumar fa dos anys. Vas canviar els teus Marlboro per una ampolla de l\u00edquid electr\u00f2nic de 5 \u20ac. I dem\u00e0, a causa d&#8217;aquest impost, haur\u00e0s de pagar <strong>2 o 3 \u20ac m\u00e9s<\/strong> pel mateix producte.  <\/p>\n\n<div style=\"height:18px\" aria-hidden=\"true\" class=\"wp-block-spacer\"><\/div>\n\n<p>Resultat?<\/p>\n\n<ul class=\"wp-block-list\">\n<li>O b\u00e9 <strong>redueixes el consum<\/strong> (i et arriesgues a una recaiguda);<\/li>\n\n\n\n<li>O b\u00e9 <strong>tornes al tabac<\/strong> , que ha tornat a ser econ\u00f2micament competitiu;<\/li>\n\n\n\n<li>O b\u00e9 canvies a <strong>productes no conformes comprats en l\u00ednia<\/strong> o al mercat negre.<\/li>\n<\/ul>\n\n<div style=\"height:18px\" aria-hidden=\"true\" class=\"wp-block-spacer\"><\/div>\n\n<p>Cap d&#8217;aquestes opcions \u00e9s bona. Totes van <strong>en contra de les pol\u00edtiques de salut p\u00fablica<\/strong> promogudes per l&#8217;OMS o les autoritats nacionals. <\/p>\n\n<div style=\"height:18px\" aria-hidden=\"true\" class=\"wp-block-spacer\"><\/div>\n\n<hr class=\"wp-block-separator has-alpha-channel-opacity\"\/>\n\n<h2 class=\"wp-block-heading\">\ud83d\udca1 El veritable problema: la manca de distinci\u00f3 entre usos<\/h2>\n\n<div style=\"height:18px\" aria-hidden=\"true\" class=\"wp-block-spacer\"><\/div>\n\n<p>El <a href=\"https:\/\/www.mylasertabac.com\/ca\/%f0%9f%9a%ad-per-que-els-cigarrets-electronics-son-motiu-de-preocupacio-pels-seus-riscos-per-a-la-salut\/\">cigarret electr\u00f2nic<\/a> \u00e9s una eina. No et fa 100% lliure, per\u00f2 <strong>permet a milions de persones deixar de fumar<\/strong> , sovint despr\u00e9s de m\u00faltiples fracassos. Tractar-lo fiscalment com un producte de confort o d&#8217;oci equival a <strong>negar la seva funci\u00f3 de suport al deslletament<\/strong> .  <\/p>\n\n<p>Alguns pa\u00efsos, com el Regne Unit, han ent\u00e8s aquest mat\u00eds: all\u00e0, <strong>el vapeig est\u00e0 integrat en els programes per deixar de fumar<\/strong> . A Fran\u00e7a, la situaci\u00f3 continua sent completament confusa&#8230; i la UE sembla voler <strong>estandarditzar l&#8217;error<\/strong> . <\/p>\n\n<div style=\"height:18px\" aria-hidden=\"true\" class=\"wp-block-spacer\"><\/div>\n\n<hr class=\"wp-block-separator has-alpha-channel-opacity\"\/>\n\n<h2 class=\"wp-block-heading\">\ud83d\udcb8 Qu\u00e8 amaga la fiscalitat: una l\u00f2gica pressupost\u00e0ria<\/h2>\n\n<div style=\"height:18px\" aria-hidden=\"true\" class=\"wp-block-spacer\"><\/div>\n\n<p>Darrere d&#8217;aquesta decisi\u00f3 s&#8217;amaga un raonament brutal:<br\/> <strong>El tabac aporta molts diners a l&#8217;estat.<\/strong><br\/> Cada paquet de cigarrets venut contribueix amb el 80% del preu final a les arques p\u00fabliques.<\/p>\n\n<p>En comparaci\u00f3, el vapeig <strong>genera molt pocs ingressos<\/strong> , i de vegades cap, en pa\u00efsos sense impostos. Aix\u00ed doncs, en lloc de compensar aquesta p\u00e8rdua amb mesures de salut p\u00fablica o de prevenci\u00f3, la UE est\u00e0 triant la via m\u00e9s senzilla: <strong>fer que els usuaris de vapeig paguin<\/strong> . <\/p>\n\n<div style=\"height:18px\" aria-hidden=\"true\" class=\"wp-block-spacer\"><\/div>\n\n<hr class=\"wp-block-separator has-alpha-channel-opacity\"\/>\n\n<h2 class=\"wp-block-heading\">\u26a0\ufe0f Una decisi\u00f3 amb doble tall per als Estats<\/h2>\n\n<div style=\"height:18px\" aria-hidden=\"true\" class=\"wp-block-spacer\"><\/div>\n\n<p>Per\u00f2, en voler gravar massa, la Uni\u00f3 Europea est\u00e0 assumint un <strong>risc pol\u00edtic i sanitari important<\/strong> :<\/p>\n\n<ol class=\"wp-block-list\">\n<li><strong>\u00c9s probable que els usuaris abandonin el vapeig<\/strong> , tot i que \u00e9s un 95% menys nociu que els cigarrets.<\/li>\n\n\n\n<li><strong>Els ingressos fiscals derivats del tabac mai compensaran els costos causats per les malalties relacionades amb el tabaquisme<\/strong> : c\u00e0ncers, accidents cerebrovasculars, malalties pulmonars, etc.<\/li>\n\n\n\n<li><strong>La imatge de la UE en salut p\u00fablica es veur\u00e0 debilitada<\/strong> , tot i que es posiciona com a protectora.<\/li>\n<\/ol>\n\n<div style=\"height:18px\" aria-hidden=\"true\" class=\"wp-block-spacer\"><\/div>\n\n<hr class=\"wp-block-separator has-alpha-channel-opacity\"\/>\n\n<h2 class=\"wp-block-heading\">\u2705 Quines solucions hi ha per evitar un desastre sanitari?<\/h2>\n\n<div style=\"height:18px\" aria-hidden=\"true\" class=\"wp-block-spacer\"><\/div>\n\n<ul class=\"wp-block-list\">\n<li><strong>Diferenciar la tributaci\u00f3 segons la funci\u00f3 del producte<\/strong> : un l\u00edquid destinat al deslletament no s&#8217;ha de gravar com a producte recreatiu.<\/li>\n\n\n\n<li><strong>Controla la qualitat dels l\u00edquids<\/strong> en lloc del seu preu.<\/li>\n\n\n\n<li><strong>Treballar amb professionals sanitaris<\/strong> , especialistes en tabac i usuaris per definir una pol\u00edtica coherent.<\/li>\n\n\n\n<li><strong>Implementar campanyes d&#8217;informaci\u00f3<\/strong> per evitar confusions entre el vapeig i el tabac.<\/li>\n<\/ul>\n\n<div style=\"height:18px\" aria-hidden=\"true\" class=\"wp-block-spacer\"><\/div>\n\n<hr class=\"wp-block-separator has-alpha-channel-opacity\"\/>\n\n<h2 class=\"wp-block-heading\">\ud83d\udd1a En conclusi\u00f3: protegir la salut o maximitzar els ingressos?<\/h2>\n\n<div style=\"height:18px\" aria-hidden=\"true\" class=\"wp-block-spacer\"><\/div>\n\n<p>Gravar els l\u00edquids electr\u00f2nics \u00e9s <strong>una decisi\u00f3 pol\u00edtica altament responsable<\/strong> . En optar per gravar una eina de reducci\u00f3 de danys, la Uni\u00f3 Europea corre el risc <strong>de posar en perill anys d&#8217;esfor\u00e7os per combatre el tabac<\/strong> . <\/p>\n\n<p>Els exfumadors mereixen alguna cosa millor. Es mereixen <strong>una pol\u00edtica sanit\u00e0ria coherent basada en la ci\u00e8ncia, no en impostos a curt termini.<\/strong> <\/p>\n\n<div style=\"height:18px\" aria-hidden=\"true\" class=\"wp-block-spacer\"><\/div>\n\n<hr class=\"wp-block-separator has-alpha-channel-opacity\"\/>\n\n<p><strong>Vols deixar de fumar definitivament?<\/strong><br\/> \ud83d\udc49 Descobreix el m\u00e8tode <strong><a href=\"https:\/\/www.mylasertabac.com\/ca\/\">l\u00e0ser natural antitabac<\/a><\/strong> , una alternativa efica\u00e7 i r\u00e0pida sense substituci\u00f3 qu\u00edmica, aclamada per la seva alta taxa d&#8217;\u00e8xit.<\/p>\n\n<div style=\"height:18px\" aria-hidden=\"true\" class=\"wp-block-spacer\"><\/div>\n\n<hr class=\"wp-block-separator has-alpha-channel-opacity\"\/>\n\n<figure class=\"wp-block-image size-large\"><img decoding=\"async\" src=\"https:\/\/www.mylasertabac.com\/wp-content\/uploads\/\/mlt-verteau.svg\" alt=\"\" class=\"wp-image-13\"\/><\/figure>\n","protected":false},"excerpt":{"rendered":"<p>Una mesura que fa tossir els vapejadors&#8230; i tossir els professionals Si feu servir un cigarret electr\u00f2nic per mantenir-vos allunyats del tabac, una decisi\u00f3 de la Uni\u00f3 Europea podria q\u00fcestionar-ho tot. Brussel\u00b7les est\u00e0 considerant imposar un impost sobre els l\u00edquids de vapeig , tant si contenen nicotina com si no. Oficialment, aquesta mesura pret\u00e9n harmonitzar [&hellip;]<\/p>\n","protected":false},"author":2,"featured_media":11725,"comment_status":"closed","ping_status":"open","sticky":false,"template":"","format":"standard","meta":{"inline_featured_image":false,"footnotes":""},"categories":[585],"tags":[],"class_list":["post-11753","post","type-post","status-publish","format-standard","has-post-thumbnail","hentry","category-llei"],"yoast_head":"<!-- This site is optimized with the Yoast SEO plugin v27.4 - https:\/\/yoast.com\/product\/yoast-seo-wordpress\/ -->\n<title>\ud83d\udca8 Cigarrets electr\u00f2nics: La UE prepara un impost sobre els l\u00edquids... un retorn encobert al tabac? - My Laser Tabac<\/title>\n<meta name=\"description\" content=\"Descobreix per qu\u00e8 el nou impost europeu sobre els l\u00edquids electr\u00f2nics podria obligar milions de vapejadors a tornar al tabac.\" \/>\n<meta name=\"robots\" content=\"index, follow, max-snippet:-1, max-image-preview:large, max-video-preview:-1\" \/>\n<link rel=\"canonical\" href=\"https:\/\/www.mylasertabac.com\/ca\/%f0%9f%92%a8-cigarrets-electronics-la-ue-prepara-un-impost-sobre-els-liquids-un-retorn-encobert-al-tabac\/\" \/>\n<meta property=\"og:locale\" content=\"ca_ES\" \/>\n<meta property=\"og:type\" content=\"article\" \/>\n<meta property=\"og:title\" content=\"\ud83d\udca8 Cigarrets electr\u00f2nics: La UE prepara un impost sobre els l\u00edquids... un retorn encobert al tabac? - My Laser Tabac\" \/>\n<meta property=\"og:description\" content=\"Descobreix per qu\u00e8 el nou impost europeu sobre els l\u00edquids electr\u00f2nics podria obligar milions de vapejadors a tornar al tabac.\" \/>\n<meta property=\"og:url\" content=\"https:\/\/www.mylasertabac.com\/ca\/%f0%9f%92%a8-cigarrets-electronics-la-ue-prepara-un-impost-sobre-els-liquids-un-retorn-encobert-al-tabac\/\" \/>\n<meta property=\"og:site_name\" content=\"My Laser Tabac\" \/>\n<meta property=\"article:author\" content=\"https:\/\/www.facebook.com\/profile.php?id=61571554707319\" \/>\n<meta property=\"article:published_time\" content=\"2025-07-18T22:09:02+00:00\" \/>\n<meta property=\"article:modified_time\" content=\"2025-07-19T23:24:02+00:00\" \/>\n<meta property=\"og:image\" content=\"https:\/\/www.mylasertabac.com\/wp-content\/uploads\/2025\/07\/Taxe-sur-les-liquides-de-cigarette-1024x683.png\" \/>\n\t<meta property=\"og:image:width\" content=\"1024\" \/>\n\t<meta property=\"og:image:height\" content=\"683\" \/>\n\t<meta property=\"og:image:type\" content=\"image\/png\" \/>\n<meta name=\"author\" content=\"Florian Fortes\" \/>\n<meta name=\"twitter:card\" content=\"summary_large_image\" \/>\n<meta name=\"twitter:label1\" content=\"Escrit per\" \/>\n\t<meta name=\"twitter:data1\" content=\"Florian Fortes\" \/>\n\t<meta name=\"twitter:label2\" content=\"Temps estimat de lectura\" \/>\n\t<meta name=\"twitter:data2\" content=\"5 minuts\" \/>\n<script type=\"application\/ld+json\" class=\"yoast-schema-graph\">{\"@context\":\"https:\\\/\\\/schema.org\",\"@graph\":[{\"@type\":\"Article\",\"@id\":\"https:\\\/\\\/www.mylasertabac.com\\\/ca\\\/%f0%9f%92%a8-cigarrets-electronics-la-ue-prepara-un-impost-sobre-els-liquids-un-retorn-encobert-al-tabac\\\/#article\",\"isPartOf\":{\"@id\":\"https:\\\/\\\/www.mylasertabac.com\\\/ca\\\/%f0%9f%92%a8-cigarrets-electronics-la-ue-prepara-un-impost-sobre-els-liquids-un-retorn-encobert-al-tabac\\\/\"},\"author\":{\"name\":\"Florian Fortes\",\"@id\":\"https:\\\/\\\/www.mylasertabac.com\\\/ca\\\/#\\\/schema\\\/person\\\/02c249cb76d912efb6c315ec23eccdf3\"},\"headline\":\"\ud83d\udca8 Cigarrets electr\u00f2nics: La UE prepara un impost sobre els l\u00edquids&#8230; un retorn encobert al tabac?\",\"datePublished\":\"2025-07-18T22:09:02+00:00\",\"dateModified\":\"2025-07-19T23:24:02+00:00\",\"mainEntityOfPage\":{\"@id\":\"https:\\\/\\\/www.mylasertabac.com\\\/ca\\\/%f0%9f%92%a8-cigarrets-electronics-la-ue-prepara-un-impost-sobre-els-liquids-un-retorn-encobert-al-tabac\\\/\"},\"wordCount\":1037,\"publisher\":{\"@id\":\"https:\\\/\\\/www.mylasertabac.com\\\/ca\\\/#organization\"},\"image\":{\"@id\":\"https:\\\/\\\/www.mylasertabac.com\\\/ca\\\/%f0%9f%92%a8-cigarrets-electronics-la-ue-prepara-un-impost-sobre-els-liquids-un-retorn-encobert-al-tabac\\\/#primaryimage\"},\"thumbnailUrl\":\"https:\\\/\\\/www.mylasertabac.com\\\/wp-content\\\/uploads\\\/2025\\\/07\\\/Taxe-sur-les-liquides-de-cigarette.png\",\"articleSection\":[\"llei\"],\"inLanguage\":\"ca\"},{\"@type\":\"WebPage\",\"@id\":\"https:\\\/\\\/www.mylasertabac.com\\\/ca\\\/%f0%9f%92%a8-cigarrets-electronics-la-ue-prepara-un-impost-sobre-els-liquids-un-retorn-encobert-al-tabac\\\/\",\"url\":\"https:\\\/\\\/www.mylasertabac.com\\\/ca\\\/%f0%9f%92%a8-cigarrets-electronics-la-ue-prepara-un-impost-sobre-els-liquids-un-retorn-encobert-al-tabac\\\/\",\"name\":\"\ud83d\udca8 Cigarrets electr\u00f2nics: La UE prepara un impost sobre els l\u00edquids... un retorn encobert al tabac? - My Laser Tabac\",\"isPartOf\":{\"@id\":\"https:\\\/\\\/www.mylasertabac.com\\\/ca\\\/#website\"},\"primaryImageOfPage\":{\"@id\":\"https:\\\/\\\/www.mylasertabac.com\\\/ca\\\/%f0%9f%92%a8-cigarrets-electronics-la-ue-prepara-un-impost-sobre-els-liquids-un-retorn-encobert-al-tabac\\\/#primaryimage\"},\"image\":{\"@id\":\"https:\\\/\\\/www.mylasertabac.com\\\/ca\\\/%f0%9f%92%a8-cigarrets-electronics-la-ue-prepara-un-impost-sobre-els-liquids-un-retorn-encobert-al-tabac\\\/#primaryimage\"},\"thumbnailUrl\":\"https:\\\/\\\/www.mylasertabac.com\\\/wp-content\\\/uploads\\\/2025\\\/07\\\/Taxe-sur-les-liquides-de-cigarette.png\",\"datePublished\":\"2025-07-18T22:09:02+00:00\",\"dateModified\":\"2025-07-19T23:24:02+00:00\",\"description\":\"Descobreix per qu\u00e8 el nou impost europeu sobre els l\u00edquids electr\u00f2nics podria obligar milions de vapejadors a tornar al tabac.\",\"breadcrumb\":{\"@id\":\"https:\\\/\\\/www.mylasertabac.com\\\/ca\\\/%f0%9f%92%a8-cigarrets-electronics-la-ue-prepara-un-impost-sobre-els-liquids-un-retorn-encobert-al-tabac\\\/#breadcrumb\"},\"inLanguage\":\"ca\",\"potentialAction\":[{\"@type\":\"ReadAction\",\"target\":[\"https:\\\/\\\/www.mylasertabac.com\\\/ca\\\/%f0%9f%92%a8-cigarrets-electronics-la-ue-prepara-un-impost-sobre-els-liquids-un-retorn-encobert-al-tabac\\\/\"]}]},{\"@type\":\"ImageObject\",\"inLanguage\":\"ca\",\"@id\":\"https:\\\/\\\/www.mylasertabac.com\\\/ca\\\/%f0%9f%92%a8-cigarrets-electronics-la-ue-prepara-un-impost-sobre-els-liquids-un-retorn-encobert-al-tabac\\\/#primaryimage\",\"url\":\"https:\\\/\\\/www.mylasertabac.com\\\/wp-content\\\/uploads\\\/2025\\\/07\\\/Taxe-sur-les-liquides-de-cigarette.png\",\"contentUrl\":\"https:\\\/\\\/www.mylasertabac.com\\\/wp-content\\\/uploads\\\/2025\\\/07\\\/Taxe-sur-les-liquides-de-cigarette.png\",\"width\":1536,\"height\":1024},{\"@type\":\"BreadcrumbList\",\"@id\":\"https:\\\/\\\/www.mylasertabac.com\\\/ca\\\/%f0%9f%92%a8-cigarrets-electronics-la-ue-prepara-un-impost-sobre-els-liquids-un-retorn-encobert-al-tabac\\\/#breadcrumb\",\"itemListElement\":[{\"@type\":\"ListItem\",\"position\":1,\"name\":\"Accueil\",\"item\":\"https:\\\/\\\/www.mylasertabac.com\\\/ca\\\/benvingut\\\/\"},{\"@type\":\"ListItem\",\"position\":2,\"name\":\"\ud83d\udca8 Cigarrets electr\u00f2nics: La UE prepara un impost sobre els l\u00edquids&#8230; un retorn encobert al tabac?\"}]},{\"@type\":\"WebSite\",\"@id\":\"https:\\\/\\\/www.mylasertabac.com\\\/ca\\\/#website\",\"url\":\"https:\\\/\\\/www.mylasertabac.com\\\/ca\\\/\",\"name\":\"My Laser Tabac\",\"description\":\"La solution laser qui transforme les fumeurs en ex-fumeurs\",\"publisher\":{\"@id\":\"https:\\\/\\\/www.mylasertabac.com\\\/ca\\\/#organization\"},\"potentialAction\":[{\"@type\":\"SearchAction\",\"target\":{\"@type\":\"EntryPoint\",\"urlTemplate\":\"https:\\\/\\\/www.mylasertabac.com\\\/ca\\\/?s={search_term_string}\"},\"query-input\":{\"@type\":\"PropertyValueSpecification\",\"valueRequired\":true,\"valueName\":\"search_term_string\"}}],\"inLanguage\":\"ca\"},{\"@type\":\"Organization\",\"@id\":\"https:\\\/\\\/www.mylasertabac.com\\\/ca\\\/#organization\",\"name\":\"My Laser Tabac\",\"url\":\"https:\\\/\\\/www.mylasertabac.com\\\/ca\\\/\",\"logo\":{\"@type\":\"ImageObject\",\"inLanguage\":\"ca\",\"@id\":\"https:\\\/\\\/www.mylasertabac.com\\\/ca\\\/#\\\/schema\\\/logo\\\/image\\\/\",\"url\":\"https:\\\/\\\/www.mylasertabac.com\\\/wp-content\\\/uploads\\\/2024\\\/12\\\/mlt-verteau.svg\",\"contentUrl\":\"https:\\\/\\\/www.mylasertabac.com\\\/wp-content\\\/uploads\\\/2024\\\/12\\\/mlt-verteau.svg\",\"caption\":\"My Laser Tabac\"},\"image\":{\"@id\":\"https:\\\/\\\/www.mylasertabac.com\\\/ca\\\/#\\\/schema\\\/logo\\\/image\\\/\"}},{\"@type\":\"Person\",\"@id\":\"https:\\\/\\\/www.mylasertabac.com\\\/ca\\\/#\\\/schema\\\/person\\\/02c249cb76d912efb6c315ec23eccdf3\",\"name\":\"Florian Fortes\",\"image\":{\"@type\":\"ImageObject\",\"inLanguage\":\"ca\",\"@id\":\"https:\\\/\\\/www.mylasertabac.com\\\/wp-content\\\/litespeed\\\/avatar\\\/142101a71d7b9e6490c1120d9c109a67.jpg?ver=1776856306\",\"url\":\"https:\\\/\\\/www.mylasertabac.com\\\/wp-content\\\/litespeed\\\/avatar\\\/142101a71d7b9e6490c1120d9c109a67.jpg?ver=1776856306\",\"contentUrl\":\"https:\\\/\\\/www.mylasertabac.com\\\/wp-content\\\/litespeed\\\/avatar\\\/142101a71d7b9e6490c1120d9c109a67.jpg?ver=1776856306\",\"caption\":\"Florian Fortes\"},\"sameAs\":[\"https:\\\/\\\/www.mylasertabac.com\",\"https:\\\/\\\/www.facebook.com\\\/profile.php?id=61571554707319\"],\"url\":\"https:\\\/\\\/www.mylasertabac.com\\\/ca\\\/author\\\/florianfortes5312\\\/\"}]}<\/script>\n<!-- \/ Yoast SEO plugin. -->","yoast_head_json":{"title":"\ud83d\udca8 Cigarrets electr\u00f2nics: La UE prepara un impost sobre els l\u00edquids... un retorn encobert al tabac? - My Laser Tabac","description":"Descobreix per qu\u00e8 el nou impost europeu sobre els l\u00edquids electr\u00f2nics podria obligar milions de vapejadors a tornar al tabac.","robots":{"index":"index","follow":"follow","max-snippet":"max-snippet:-1","max-image-preview":"max-image-preview:large","max-video-preview":"max-video-preview:-1"},"canonical":"https:\/\/www.mylasertabac.com\/ca\/%f0%9f%92%a8-cigarrets-electronics-la-ue-prepara-un-impost-sobre-els-liquids-un-retorn-encobert-al-tabac\/","og_locale":"ca_ES","og_type":"article","og_title":"\ud83d\udca8 Cigarrets electr\u00f2nics: La UE prepara un impost sobre els l\u00edquids... un retorn encobert al tabac? - My Laser Tabac","og_description":"Descobreix per qu\u00e8 el nou impost europeu sobre els l\u00edquids electr\u00f2nics podria obligar milions de vapejadors a tornar al tabac.","og_url":"https:\/\/www.mylasertabac.com\/ca\/%f0%9f%92%a8-cigarrets-electronics-la-ue-prepara-un-impost-sobre-els-liquids-un-retorn-encobert-al-tabac\/","og_site_name":"My Laser Tabac","article_author":"https:\/\/www.facebook.com\/profile.php?id=61571554707319","article_published_time":"2025-07-18T22:09:02+00:00","article_modified_time":"2025-07-19T23:24:02+00:00","og_image":[{"width":1024,"height":683,"url":"https:\/\/www.mylasertabac.com\/wp-content\/uploads\/2025\/07\/Taxe-sur-les-liquides-de-cigarette-1024x683.png","type":"image\/png"}],"author":"Florian Fortes","twitter_card":"summary_large_image","twitter_misc":{"Escrit per":"Florian Fortes","Temps estimat de lectura":"5 minuts"},"schema":{"@context":"https:\/\/schema.org","@graph":[{"@type":"Article","@id":"https:\/\/www.mylasertabac.com\/ca\/%f0%9f%92%a8-cigarrets-electronics-la-ue-prepara-un-impost-sobre-els-liquids-un-retorn-encobert-al-tabac\/#article","isPartOf":{"@id":"https:\/\/www.mylasertabac.com\/ca\/%f0%9f%92%a8-cigarrets-electronics-la-ue-prepara-un-impost-sobre-els-liquids-un-retorn-encobert-al-tabac\/"},"author":{"name":"Florian Fortes","@id":"https:\/\/www.mylasertabac.com\/ca\/#\/schema\/person\/02c249cb76d912efb6c315ec23eccdf3"},"headline":"\ud83d\udca8 Cigarrets electr\u00f2nics: La UE prepara un impost sobre els l\u00edquids&#8230; un retorn encobert al tabac?","datePublished":"2025-07-18T22:09:02+00:00","dateModified":"2025-07-19T23:24:02+00:00","mainEntityOfPage":{"@id":"https:\/\/www.mylasertabac.com\/ca\/%f0%9f%92%a8-cigarrets-electronics-la-ue-prepara-un-impost-sobre-els-liquids-un-retorn-encobert-al-tabac\/"},"wordCount":1037,"publisher":{"@id":"https:\/\/www.mylasertabac.com\/ca\/#organization"},"image":{"@id":"https:\/\/www.mylasertabac.com\/ca\/%f0%9f%92%a8-cigarrets-electronics-la-ue-prepara-un-impost-sobre-els-liquids-un-retorn-encobert-al-tabac\/#primaryimage"},"thumbnailUrl":"https:\/\/www.mylasertabac.com\/wp-content\/uploads\/2025\/07\/Taxe-sur-les-liquides-de-cigarette.png","articleSection":["llei"],"inLanguage":"ca"},{"@type":"WebPage","@id":"https:\/\/www.mylasertabac.com\/ca\/%f0%9f%92%a8-cigarrets-electronics-la-ue-prepara-un-impost-sobre-els-liquids-un-retorn-encobert-al-tabac\/","url":"https:\/\/www.mylasertabac.com\/ca\/%f0%9f%92%a8-cigarrets-electronics-la-ue-prepara-un-impost-sobre-els-liquids-un-retorn-encobert-al-tabac\/","name":"\ud83d\udca8 Cigarrets electr\u00f2nics: La UE prepara un impost sobre els l\u00edquids... un retorn encobert al tabac? - My Laser Tabac","isPartOf":{"@id":"https:\/\/www.mylasertabac.com\/ca\/#website"},"primaryImageOfPage":{"@id":"https:\/\/www.mylasertabac.com\/ca\/%f0%9f%92%a8-cigarrets-electronics-la-ue-prepara-un-impost-sobre-els-liquids-un-retorn-encobert-al-tabac\/#primaryimage"},"image":{"@id":"https:\/\/www.mylasertabac.com\/ca\/%f0%9f%92%a8-cigarrets-electronics-la-ue-prepara-un-impost-sobre-els-liquids-un-retorn-encobert-al-tabac\/#primaryimage"},"thumbnailUrl":"https:\/\/www.mylasertabac.com\/wp-content\/uploads\/2025\/07\/Taxe-sur-les-liquides-de-cigarette.png","datePublished":"2025-07-18T22:09:02+00:00","dateModified":"2025-07-19T23:24:02+00:00","description":"Descobreix per qu\u00e8 el nou impost europeu sobre els l\u00edquids electr\u00f2nics podria obligar milions de vapejadors a tornar al tabac.","breadcrumb":{"@id":"https:\/\/www.mylasertabac.com\/ca\/%f0%9f%92%a8-cigarrets-electronics-la-ue-prepara-un-impost-sobre-els-liquids-un-retorn-encobert-al-tabac\/#breadcrumb"},"inLanguage":"ca","potentialAction":[{"@type":"ReadAction","target":["https:\/\/www.mylasertabac.com\/ca\/%f0%9f%92%a8-cigarrets-electronics-la-ue-prepara-un-impost-sobre-els-liquids-un-retorn-encobert-al-tabac\/"]}]},{"@type":"ImageObject","inLanguage":"ca","@id":"https:\/\/www.mylasertabac.com\/ca\/%f0%9f%92%a8-cigarrets-electronics-la-ue-prepara-un-impost-sobre-els-liquids-un-retorn-encobert-al-tabac\/#primaryimage","url":"https:\/\/www.mylasertabac.com\/wp-content\/uploads\/2025\/07\/Taxe-sur-les-liquides-de-cigarette.png","contentUrl":"https:\/\/www.mylasertabac.com\/wp-content\/uploads\/2025\/07\/Taxe-sur-les-liquides-de-cigarette.png","width":1536,"height":1024},{"@type":"BreadcrumbList","@id":"https:\/\/www.mylasertabac.com\/ca\/%f0%9f%92%a8-cigarrets-electronics-la-ue-prepara-un-impost-sobre-els-liquids-un-retorn-encobert-al-tabac\/#breadcrumb","itemListElement":[{"@type":"ListItem","position":1,"name":"Accueil","item":"https:\/\/www.mylasertabac.com\/ca\/benvingut\/"},{"@type":"ListItem","position":2,"name":"\ud83d\udca8 Cigarrets electr\u00f2nics: La UE prepara un impost sobre els l\u00edquids&#8230; un retorn encobert al tabac?"}]},{"@type":"WebSite","@id":"https:\/\/www.mylasertabac.com\/ca\/#website","url":"https:\/\/www.mylasertabac.com\/ca\/","name":"My Laser Tabac","description":"La solution laser qui transforme les fumeurs en ex-fumeurs","publisher":{"@id":"https:\/\/www.mylasertabac.com\/ca\/#organization"},"potentialAction":[{"@type":"SearchAction","target":{"@type":"EntryPoint","urlTemplate":"https:\/\/www.mylasertabac.com\/ca\/?s={search_term_string}"},"query-input":{"@type":"PropertyValueSpecification","valueRequired":true,"valueName":"search_term_string"}}],"inLanguage":"ca"},{"@type":"Organization","@id":"https:\/\/www.mylasertabac.com\/ca\/#organization","name":"My Laser Tabac","url":"https:\/\/www.mylasertabac.com\/ca\/","logo":{"@type":"ImageObject","inLanguage":"ca","@id":"https:\/\/www.mylasertabac.com\/ca\/#\/schema\/logo\/image\/","url":"https:\/\/www.mylasertabac.com\/wp-content\/uploads\/2024\/12\/mlt-verteau.svg","contentUrl":"https:\/\/www.mylasertabac.com\/wp-content\/uploads\/2024\/12\/mlt-verteau.svg","caption":"My Laser Tabac"},"image":{"@id":"https:\/\/www.mylasertabac.com\/ca\/#\/schema\/logo\/image\/"}},{"@type":"Person","@id":"https:\/\/www.mylasertabac.com\/ca\/#\/schema\/person\/02c249cb76d912efb6c315ec23eccdf3","name":"Florian Fortes","image":{"@type":"ImageObject","inLanguage":"ca","@id":"https:\/\/www.mylasertabac.com\/wp-content\/litespeed\/avatar\/142101a71d7b9e6490c1120d9c109a67.jpg?ver=1776856306","url":"https:\/\/www.mylasertabac.com\/wp-content\/litespeed\/avatar\/142101a71d7b9e6490c1120d9c109a67.jpg?ver=1776856306","contentUrl":"https:\/\/www.mylasertabac.com\/wp-content\/litespeed\/avatar\/142101a71d7b9e6490c1120d9c109a67.jpg?ver=1776856306","caption":"Florian Fortes"},"sameAs":["https:\/\/www.mylasertabac.com","https:\/\/www.facebook.com\/profile.php?id=61571554707319"],"url":"https:\/\/www.mylasertabac.com\/ca\/author\/florianfortes5312\/"}]}},"_links":{"self":[{"href":"https:\/\/www.mylasertabac.com\/ca\/wp-json\/wp\/v2\/posts\/11753","targetHints":{"allow":["GET"]}}],"collection":[{"href":"https:\/\/www.mylasertabac.com\/ca\/wp-json\/wp\/v2\/posts"}],"about":[{"href":"https:\/\/www.mylasertabac.com\/ca\/wp-json\/wp\/v2\/types\/post"}],"author":[{"embeddable":true,"href":"https:\/\/www.mylasertabac.com\/ca\/wp-json\/wp\/v2\/users\/2"}],"replies":[{"embeddable":true,"href":"https:\/\/www.mylasertabac.com\/ca\/wp-json\/wp\/v2\/comments?post=11753"}],"version-history":[{"count":13,"href":"https:\/\/www.mylasertabac.com\/ca\/wp-json\/wp\/v2\/posts\/11753\/revisions"}],"predecessor-version":[{"id":11848,"href":"https:\/\/www.mylasertabac.com\/ca\/wp-json\/wp\/v2\/posts\/11753\/revisions\/11848"}],"wp:featuredmedia":[{"embeddable":true,"href":"https:\/\/www.mylasertabac.com\/ca\/wp-json\/wp\/v2\/media\/11725"}],"wp:attachment":[{"href":"https:\/\/www.mylasertabac.com\/ca\/wp-json\/wp\/v2\/media?parent=11753"}],"wp:term":[{"taxonomy":"category","embeddable":true,"href":"https:\/\/www.mylasertabac.com\/ca\/wp-json\/wp\/v2\/categories?post=11753"},{"taxonomy":"post_tag","embeddable":true,"href":"https:\/\/www.mylasertabac.com\/ca\/wp-json\/wp\/v2\/tags?post=11753"}],"curies":[{"name":"wp","href":"https:\/\/api.w.org\/{rel}","templated":true}]}}