{"id":11871,"date":"2025-07-30T14:17:30","date_gmt":"2025-07-30T12:17:30","guid":{"rendered":"https:\/\/www.mylasertabac.com\/fumar-o-respirar-lopcio-destil-de-vida-que-ho-canvia-tot\/"},"modified":"2025-07-20T14:18:04","modified_gmt":"2025-07-20T12:18:04","slug":"fumar-o-respirar-lopcio-destil-de-vida-que-ho-canvia-tot","status":"publish","type":"post","link":"https:\/\/www.mylasertabac.com\/ca\/fumar-o-respirar-lopcio-destil-de-vida-que-ho-canvia-tot\/","title":{"rendered":"Fumar o respirar: l&#8217;opci\u00f3 d&#8217;estil de vida que ho canvia tot"},"content":{"rendered":"\n<div style=\"height:18px\" aria-hidden=\"true\" class=\"wp-block-spacer\"><\/div>\n\n<h2 class=\"wp-block-heading\">Fumar, un gest silenci\u00f3s i destructiu<\/h2>\n\n<div style=\"height:18px\" aria-hidden=\"true\" class=\"wp-block-spacer\"><\/div>\n\n<p>Fumar \u00e9s m\u00e9s que un h\u00e0bit. \u00c9s una addicci\u00f3 furtiva que, amb cada calada, inflama els bronquis, irrita les vies respirat\u00f2ries i destrueix lentament la salut. <\/p>\n\n<p>Des de les primeres inhalacions, les conseq\u00fc\u00e8ncies s\u00f3n visibles: els cilis vibrants dels pulmons, aquells petits escombradors naturals que netegen el sistema respiratori, deixen de funcionar. S&#8217;acumula moc. Les toxines s&#8217;hi instal\u00b7len. Les infeccions s&#8217;instal\u00b7len.   <\/p>\n\n<p>El tabac no \u00e9s nom\u00e9s un risc a llarg termini. Afecta el present. I a mesura que passen els anys, el cos s&#8217;esgota cada cop m\u00e9s: bronquitis cr\u00f2nica, insufici\u00e8ncia respirat\u00f2ria, MPOC, c\u00e0ncer de pulm\u00f3, accidents cerebrovasculars, atacs de cor i m\u00e9s. Les estad\u00edstiques s\u00f3n contundents: el tabac mata gaireb\u00e9 75.000 persones cada any a Fran\u00e7a.   <\/p>\n\n<p>I aquest ver\u00ed no nom\u00e9s afecta els fumadors. El fum de segona m\u00e0 \u00e9s igual de perill\u00f3s. Aproximadament 1,6 milions de persones a tot el m\u00f3n moren cada any a causa del fum de segona m\u00e0. Els vostres \u00e9ssers estimats, els vostres fills, els vostres companys de feina&#8230; tots estan en risc.   <\/p>\n\n<div style=\"height:18px\" aria-hidden=\"true\" class=\"wp-block-spacer\"><\/div>\n\n<hr class=\"wp-block-separator has-alpha-channel-opacity\"\/>\n\n<h2 class=\"wp-block-heading\">Respirar \u00e9s tornar a viure: el que guanya el teu cos deixant de fumar<\/h2>\n\n<div style=\"height:18px\" aria-hidden=\"true\" class=\"wp-block-spacer\"><\/div>\n\n<p>Bones not\u00edcies: mai \u00e9s massa tard per invertir la tend\u00e8ncia. Tan bon punt aixafes l&#8217;\u00faltima cigarreta, el teu cos comen\u00e7a un proc\u00e9s de reparaci\u00f3 realment espectacular. <\/p>\n\n<div style=\"height:18px\" aria-hidden=\"true\" class=\"wp-block-spacer\"><\/div>\n\n<ul class=\"wp-block-list\">\n<li><strong>En 20 minuts<\/strong> : la pressi\u00f3 arterial i la freq\u00fc\u00e8ncia card\u00edaca comencen a normalitzar-se.<\/li>\n\n\n\n<li><strong>En 48 hores<\/strong> : s&#8217;elimina el mon\u00f2xid de carboni, els nivells d&#8217;oxigen tornen als nivells \u00f2ptims i milloren l&#8217;olfacte i el gust.<\/li>\n\n\n\n<li><strong>En unes setmanes<\/strong> : la respiraci\u00f3 es torna m\u00e9s fluida, la dificultat per respirar disminueix, la pell s&#8217;aclarieix.<\/li>\n\n\n\n<li><strong>En 1 any<\/strong> : el risc de patir malalties cardiovasculars es redueix a la meitat.<\/li>\n\n\n\n<li><strong>En 5 anys<\/strong> : el risc de c\u00e0ncer de pulm\u00f3 es redueix a la meitat.<\/li>\n<\/ul>\n\n<div style=\"height:18px\" aria-hidden=\"true\" class=\"wp-block-spacer\"><\/div>\n\n<p>Cada dia sense tabac \u00e9s una vict\u00f2ria. La respiraci\u00f3 torna, la fatiga retrocedeix i la immunitat es refor\u00e7a. <\/p>\n\n<div style=\"height:18px\" aria-hidden=\"true\" class=\"wp-block-spacer\"><\/div>\n\n<h2 class=\"wp-block-heading\">Superant els malentesos: no, fumar poc no \u00e9s inofensiu<\/h2>\n\n<div style=\"height:18px\" aria-hidden=\"true\" class=\"wp-block-spacer\"><\/div>\n\n<p>Molta gent es tranquil\u00b7litza: &#8220;Nom\u00e9s fumo uns quants cigarrets al dia, no \u00e9s tan greu&#8221;. Aix\u00f2 \u00e9s un error greu. Nom\u00e9s un cigarret al dia \u00e9s suficient per danyar les art\u00e8ries, carregar el cos de toxines i mantenir l&#8217;addicci\u00f3 a la nicotina.  <\/p>\n\n<p>L&#8217;addicci\u00f3 al tabac \u00e9s poderosa, comparable a la de l&#8217;hero\u00efna. No es tracta nom\u00e9s de for\u00e7a de voluntat, sin\u00f3 d&#8217;una batalla neuroqu\u00edmica. El tabac segresta els circuits de recompensa del cervell. Estableix un cicle de desig, compulsi\u00f3 i culpa. \u00c9s una veritable trampa.    <\/p>\n\n<div style=\"height:18px\" aria-hidden=\"true\" class=\"wp-block-spacer\"><\/div>\n\n<h2 class=\"wp-block-heading\">Deixar de fumar: un viatge, no un sacrifici<\/h2>\n\n<div style=\"height:18px\" aria-hidden=\"true\" class=\"wp-block-spacer\"><\/div>\n\n<p>Deixar de fumar \u00e9s dif\u00edcil. Ning\u00fa ho nega. Els primers dies sovint estan marcats per s\u00edmptomes d&#8217;abstin\u00e8ncia: nerviosisme, fatiga, trastorns del son i \u00e0nsies. Per\u00f2 aquests efectes s\u00f3n temporals. S\u00f3n un senyal que el teu cos s&#8217;est\u00e0 alliberant.    <\/p>\n\n<p>La clau? Suport. Avui dia, hi ha solucions naturals, efectives i no invasives per facilitar deixar de fumar sense dolor.  <\/p>\n\n<div style=\"height:18px\" aria-hidden=\"true\" class=\"wp-block-spacer\"><\/div>\n\n<h2 class=\"wp-block-heading\">El l\u00e0ser antitabaquisme: una soluci\u00f3 innovadora i natural<\/h2>\n\n<div style=\"height:18px\" aria-hidden=\"true\" class=\"wp-block-spacer\"><\/div>\n\n<p>Entre els m\u00e8todes m\u00e9s prometedors hi ha el <strong>l\u00e0ser antitabaquisme<\/strong> , una t\u00e8cnica inspirada en la reflexologia auricular. Aquest enfocament suau consisteix a estimular punts espec\u00edfics situats a l&#8217;orella mitjan\u00e7ant un l\u00e0ser fred. <\/p>\n\n<p>Aquest tractament actua directament sobre les zones nervioses relacionades amb l&#8217;addicci\u00f3, l&#8217;estr\u00e8s i la necessitat de compensaci\u00f3. En nom\u00e9s una o dues sessions, molts pacients experimenten una reducci\u00f3 significativa de les ganes de menjar, sense efectes secundaris. <\/p>\n\n<p>El l\u00e0ser antitabac no introdueix cap subst\u00e0ncia al cos. No es basa en la substituci\u00f3 de la nicotina, sin\u00f3 en l&#8217;estimulaci\u00f3 natural dels circuits de relaxaci\u00f3 i addicci\u00f3. \u00c9s un m\u00e8tode segur i r\u00e0pid, reconegut per la seva alta taxa d&#8217;\u00e8xit.  <\/p>\n\n<div style=\"height:18px\" aria-hidden=\"true\" class=\"wp-block-spacer\"><\/div>\n\n<h2 class=\"wp-block-heading\">MyLaserTabac: centres a tota Fran\u00e7a i Europa<\/h2>\n\n<div style=\"height:18px\" aria-hidden=\"true\" class=\"wp-block-spacer\"><\/div>\n\n<p>Vols deixar de fumar? <strong>MyLaserTabac<\/strong> est\u00e0 aqu\u00ed per ajudar-te. Hem establert una xarxa de centres especialitzats en deixar de fumar amb l\u00e0ser, desplegats per tota Fran\u00e7a. <\/p>\n\n<p>Els nostres professionals estan formats i tenen experi\u00e8ncia, i us ofereixen una atenci\u00f3 compassiva, personalitzada i sense judicis. L&#8217;objectiu \u00e9s simple: alliberar-vos del tabac per sempre, en les millors condicions possibles. <\/p>\n\n<p>I aix\u00f2 nom\u00e9s \u00e9s el principi. <strong>MyLaserTabac comen\u00e7a a desplegar-se per tota Europa<\/strong> per permetre a tothom qui busca llibertat redescobrir una vida sense fum.<\/p>\n\n<div style=\"height:18px\" aria-hidden=\"true\" class=\"wp-block-spacer\"><\/div>\n\n<h2 class=\"wp-block-heading\">Conclusi\u00f3: I si fos hora de respirar definitivament?<\/h2>\n\n<div style=\"height:18px\" aria-hidden=\"true\" class=\"wp-block-spacer\"><\/div>\n\n<p>Fumar o respirar, aquesta \u00e9s la veritable q\u00fcesti\u00f3. No \u00e9s nom\u00e9s una decisi\u00f3 de salut. \u00c9s una autoreclamaci\u00f3, una reapropiaci\u00f3 de la teva respiraci\u00f3, del teu cos, de la teva llibertat.  <\/p>\n\n<p>Si esteu llegint aix\u00f2, potser dubteu. Aix\u00ed que tingueu en compte aix\u00f2: <strong>cada dia sense tabac \u00e9s un nou comen\u00e7ament<\/strong> . Amb MyLaserTabac, ja no esteu sols.  <\/p>\n\n<p>Demana cita. Prova un m\u00e8tode natural, r\u00e0pid i potent. I finalment, respira, per sempre.  <\/p>\n\n<div style=\"height:27px\" aria-hidden=\"true\" class=\"wp-block-spacer\"><\/div>\n\n<p><\/p>\n","protected":false},"excerpt":{"rendered":"<p>Fumar, un gest silenci\u00f3s i destructiu Fumar \u00e9s m\u00e9s que un h\u00e0bit. \u00c9s una addicci\u00f3 furtiva que, amb cada calada, inflama els bronquis, irrita les vies respirat\u00f2ries i destrueix lentament la salut. Des de les primeres inhalacions, les conseq\u00fc\u00e8ncies s\u00f3n visibles: els cilis vibrants dels pulmons, aquells petits escombradors naturals que netegen el sistema respiratori, [&hellip;]<\/p>\n","protected":false},"author":2,"featured_media":11858,"comment_status":"closed","ping_status":"open","sticky":false,"template":"","format":"standard","meta":{"inline_featured_image":false,"footnotes":""},"categories":[172,82],"tags":[],"class_list":["post-11871","post","type-post","status-publish","format-standard","has-post-thumbnail","hentry","category-salut-i-addiccions","category-uncategorized-ca"],"yoast_head":"<!-- This site is optimized with the Yoast SEO plugin v27.5 - https:\/\/yoast.com\/product\/yoast-seo-wordpress\/ -->\n<title>Fumar o respirar: l&#039;opci\u00f3 d&#039;estil de vida que ho canvia tot - My Laser Tabac<\/title>\n<meta name=\"robots\" content=\"index, follow, max-snippet:-1, max-image-preview:large, max-video-preview:-1\" \/>\n<link rel=\"canonical\" href=\"https:\/\/www.mylasertabac.com\/ca\/fumar-o-respirar-lopcio-destil-de-vida-que-ho-canvia-tot\/\" \/>\n<meta property=\"og:locale\" content=\"ca_ES\" \/>\n<meta property=\"og:type\" content=\"article\" \/>\n<meta property=\"og:title\" content=\"Fumar o respirar: l&#039;opci\u00f3 d&#039;estil de vida que ho canvia tot - My Laser Tabac\" \/>\n<meta property=\"og:description\" content=\"Fumar, un gest silenci\u00f3s i destructiu Fumar \u00e9s m\u00e9s que un h\u00e0bit. \u00c9s una addicci\u00f3 furtiva que, amb cada calada, inflama els bronquis, irrita les vies respirat\u00f2ries i destrueix lentament la salut. Des de les primeres inhalacions, les conseq\u00fc\u00e8ncies s\u00f3n visibles: els cilis vibrants dels pulmons, aquells petits escombradors naturals que netegen el sistema respiratori, [&hellip;]\" \/>\n<meta property=\"og:url\" content=\"https:\/\/www.mylasertabac.com\/ca\/fumar-o-respirar-lopcio-destil-de-vida-que-ho-canvia-tot\/\" \/>\n<meta property=\"og:site_name\" content=\"My Laser Tabac\" \/>\n<meta property=\"article:author\" content=\"https:\/\/www.facebook.com\/profile.php?id=61571554707319\" \/>\n<meta property=\"article:published_time\" content=\"2025-07-30T12:17:30+00:00\" \/>\n<meta property=\"og:image\" content=\"https:\/\/www.mylasertabac.com\/wp-content\/uploads\/2025\/07\/Fumer-ou-respirer-le-choix-qui-peut-tout-changer.png\" \/>\n\t<meta property=\"og:image:width\" content=\"1536\" \/>\n\t<meta property=\"og:image:height\" content=\"1024\" \/>\n\t<meta property=\"og:image:type\" content=\"image\/png\" \/>\n<meta name=\"author\" content=\"Florian Fortes\" \/>\n<meta name=\"twitter:card\" content=\"summary_large_image\" \/>\n<meta name=\"twitter:label1\" content=\"Escrit per\" \/>\n\t<meta name=\"twitter:data1\" content=\"Florian Fortes\" \/>\n\t<meta name=\"twitter:label2\" content=\"Temps estimat de lectura\" \/>\n\t<meta name=\"twitter:data2\" content=\"4 minuts\" \/>\n<script type=\"application\/ld+json\" class=\"yoast-schema-graph\">{\"@context\":\"https:\\\/\\\/schema.org\",\"@graph\":[{\"@type\":\"Article\",\"@id\":\"https:\\\/\\\/www.mylasertabac.com\\\/ca\\\/fumar-o-respirar-lopcio-destil-de-vida-que-ho-canvia-tot\\\/#article\",\"isPartOf\":{\"@id\":\"https:\\\/\\\/www.mylasertabac.com\\\/ca\\\/fumar-o-respirar-lopcio-destil-de-vida-que-ho-canvia-tot\\\/\"},\"author\":{\"name\":\"Florian Fortes\",\"@id\":\"https:\\\/\\\/www.mylasertabac.com\\\/ca\\\/#\\\/schema\\\/person\\\/02c249cb76d912efb6c315ec23eccdf3\"},\"headline\":\"Fumar o respirar: l&#8217;opci\u00f3 d&#8217;estil de vida que ho canvia tot\",\"datePublished\":\"2025-07-30T12:17:30+00:00\",\"mainEntityOfPage\":{\"@id\":\"https:\\\/\\\/www.mylasertabac.com\\\/ca\\\/fumar-o-respirar-lopcio-destil-de-vida-que-ho-canvia-tot\\\/\"},\"wordCount\":855,\"publisher\":{\"@id\":\"https:\\\/\\\/www.mylasertabac.com\\\/ca\\\/#organization\"},\"image\":{\"@id\":\"https:\\\/\\\/www.mylasertabac.com\\\/ca\\\/fumar-o-respirar-lopcio-destil-de-vida-que-ho-canvia-tot\\\/#primaryimage\"},\"thumbnailUrl\":\"https:\\\/\\\/www.mylasertabac.com\\\/wp-content\\\/uploads\\\/2025\\\/07\\\/Fumer-ou-respirer-le-choix-qui-peut-tout-changer.png\",\"articleSection\":[\"Salut i addiccions\",\"Uncategorized @ca\"],\"inLanguage\":\"ca\"},{\"@type\":\"WebPage\",\"@id\":\"https:\\\/\\\/www.mylasertabac.com\\\/ca\\\/fumar-o-respirar-lopcio-destil-de-vida-que-ho-canvia-tot\\\/\",\"url\":\"https:\\\/\\\/www.mylasertabac.com\\\/ca\\\/fumar-o-respirar-lopcio-destil-de-vida-que-ho-canvia-tot\\\/\",\"name\":\"Fumar o respirar: l'opci\u00f3 d'estil de vida que ho canvia tot - My Laser Tabac\",\"isPartOf\":{\"@id\":\"https:\\\/\\\/www.mylasertabac.com\\\/ca\\\/#website\"},\"primaryImageOfPage\":{\"@id\":\"https:\\\/\\\/www.mylasertabac.com\\\/ca\\\/fumar-o-respirar-lopcio-destil-de-vida-que-ho-canvia-tot\\\/#primaryimage\"},\"image\":{\"@id\":\"https:\\\/\\\/www.mylasertabac.com\\\/ca\\\/fumar-o-respirar-lopcio-destil-de-vida-que-ho-canvia-tot\\\/#primaryimage\"},\"thumbnailUrl\":\"https:\\\/\\\/www.mylasertabac.com\\\/wp-content\\\/uploads\\\/2025\\\/07\\\/Fumer-ou-respirer-le-choix-qui-peut-tout-changer.png\",\"datePublished\":\"2025-07-30T12:17:30+00:00\",\"breadcrumb\":{\"@id\":\"https:\\\/\\\/www.mylasertabac.com\\\/ca\\\/fumar-o-respirar-lopcio-destil-de-vida-que-ho-canvia-tot\\\/#breadcrumb\"},\"inLanguage\":\"ca\",\"potentialAction\":[{\"@type\":\"ReadAction\",\"target\":[\"https:\\\/\\\/www.mylasertabac.com\\\/ca\\\/fumar-o-respirar-lopcio-destil-de-vida-que-ho-canvia-tot\\\/\"]}]},{\"@type\":\"ImageObject\",\"inLanguage\":\"ca\",\"@id\":\"https:\\\/\\\/www.mylasertabac.com\\\/ca\\\/fumar-o-respirar-lopcio-destil-de-vida-que-ho-canvia-tot\\\/#primaryimage\",\"url\":\"https:\\\/\\\/www.mylasertabac.com\\\/wp-content\\\/uploads\\\/2025\\\/07\\\/Fumer-ou-respirer-le-choix-qui-peut-tout-changer.png\",\"contentUrl\":\"https:\\\/\\\/www.mylasertabac.com\\\/wp-content\\\/uploads\\\/2025\\\/07\\\/Fumer-ou-respirer-le-choix-qui-peut-tout-changer.png\",\"width\":1536,\"height\":1024},{\"@type\":\"BreadcrumbList\",\"@id\":\"https:\\\/\\\/www.mylasertabac.com\\\/ca\\\/fumar-o-respirar-lopcio-destil-de-vida-que-ho-canvia-tot\\\/#breadcrumb\",\"itemListElement\":[{\"@type\":\"ListItem\",\"position\":1,\"name\":\"Accueil\",\"item\":\"https:\\\/\\\/www.mylasertabac.com\\\/ca\\\/benvingut\\\/\"},{\"@type\":\"ListItem\",\"position\":2,\"name\":\"Fumar o respirar: l&rsquo;opci\u00f3 d&rsquo;estil de vida que ho canvia tot\"}]},{\"@type\":\"WebSite\",\"@id\":\"https:\\\/\\\/www.mylasertabac.com\\\/ca\\\/#website\",\"url\":\"https:\\\/\\\/www.mylasertabac.com\\\/ca\\\/\",\"name\":\"My Laser Tabac\",\"description\":\"La solution laser qui transforme les fumeurs en ex-fumeurs\",\"publisher\":{\"@id\":\"https:\\\/\\\/www.mylasertabac.com\\\/ca\\\/#organization\"},\"potentialAction\":[{\"@type\":\"SearchAction\",\"target\":{\"@type\":\"EntryPoint\",\"urlTemplate\":\"https:\\\/\\\/www.mylasertabac.com\\\/ca\\\/?s={search_term_string}\"},\"query-input\":{\"@type\":\"PropertyValueSpecification\",\"valueRequired\":true,\"valueName\":\"search_term_string\"}}],\"inLanguage\":\"ca\"},{\"@type\":\"Organization\",\"@id\":\"https:\\\/\\\/www.mylasertabac.com\\\/ca\\\/#organization\",\"name\":\"My Laser Tabac\",\"url\":\"https:\\\/\\\/www.mylasertabac.com\\\/ca\\\/\",\"logo\":{\"@type\":\"ImageObject\",\"inLanguage\":\"ca\",\"@id\":\"https:\\\/\\\/www.mylasertabac.com\\\/ca\\\/#\\\/schema\\\/logo\\\/image\\\/\",\"url\":\"https:\\\/\\\/www.mylasertabac.com\\\/wp-content\\\/uploads\\\/2024\\\/12\\\/mlt-verteau.svg\",\"contentUrl\":\"https:\\\/\\\/www.mylasertabac.com\\\/wp-content\\\/uploads\\\/2024\\\/12\\\/mlt-verteau.svg\",\"caption\":\"My Laser Tabac\"},\"image\":{\"@id\":\"https:\\\/\\\/www.mylasertabac.com\\\/ca\\\/#\\\/schema\\\/logo\\\/image\\\/\"}},{\"@type\":\"Person\",\"@id\":\"https:\\\/\\\/www.mylasertabac.com\\\/ca\\\/#\\\/schema\\\/person\\\/02c249cb76d912efb6c315ec23eccdf3\",\"name\":\"Florian Fortes\",\"image\":{\"@type\":\"ImageObject\",\"inLanguage\":\"ca\",\"@id\":\"https:\\\/\\\/www.mylasertabac.com\\\/wp-content\\\/litespeed\\\/avatar\\\/142101a71d7b9e6490c1120d9c109a67.jpg?ver=1777461116\",\"url\":\"https:\\\/\\\/www.mylasertabac.com\\\/wp-content\\\/litespeed\\\/avatar\\\/142101a71d7b9e6490c1120d9c109a67.jpg?ver=1777461116\",\"contentUrl\":\"https:\\\/\\\/www.mylasertabac.com\\\/wp-content\\\/litespeed\\\/avatar\\\/142101a71d7b9e6490c1120d9c109a67.jpg?ver=1777461116\",\"caption\":\"Florian Fortes\"},\"sameAs\":[\"https:\\\/\\\/www.mylasertabac.com\",\"https:\\\/\\\/www.facebook.com\\\/profile.php?id=61571554707319\"],\"url\":\"https:\\\/\\\/www.mylasertabac.com\\\/ca\\\/author\\\/florianfortes5312\\\/\"}]}<\/script>\n<!-- \/ Yoast SEO plugin. -->","yoast_head_json":{"title":"Fumar o respirar: l'opci\u00f3 d'estil de vida que ho canvia tot - My Laser Tabac","robots":{"index":"index","follow":"follow","max-snippet":"max-snippet:-1","max-image-preview":"max-image-preview:large","max-video-preview":"max-video-preview:-1"},"canonical":"https:\/\/www.mylasertabac.com\/ca\/fumar-o-respirar-lopcio-destil-de-vida-que-ho-canvia-tot\/","og_locale":"ca_ES","og_type":"article","og_title":"Fumar o respirar: l'opci\u00f3 d'estil de vida que ho canvia tot - My Laser Tabac","og_description":"Fumar, un gest silenci\u00f3s i destructiu Fumar \u00e9s m\u00e9s que un h\u00e0bit. \u00c9s una addicci\u00f3 furtiva que, amb cada calada, inflama els bronquis, irrita les vies respirat\u00f2ries i destrueix lentament la salut. Des de les primeres inhalacions, les conseq\u00fc\u00e8ncies s\u00f3n visibles: els cilis vibrants dels pulmons, aquells petits escombradors naturals que netegen el sistema respiratori, [&hellip;]","og_url":"https:\/\/www.mylasertabac.com\/ca\/fumar-o-respirar-lopcio-destil-de-vida-que-ho-canvia-tot\/","og_site_name":"My Laser Tabac","article_author":"https:\/\/www.facebook.com\/profile.php?id=61571554707319","article_published_time":"2025-07-30T12:17:30+00:00","og_image":[{"width":1536,"height":1024,"url":"https:\/\/www.mylasertabac.com\/wp-content\/uploads\/2025\/07\/Fumer-ou-respirer-le-choix-qui-peut-tout-changer.png","type":"image\/png"}],"author":"Florian Fortes","twitter_card":"summary_large_image","twitter_misc":{"Escrit per":"Florian Fortes","Temps estimat de lectura":"4 minuts"},"schema":{"@context":"https:\/\/schema.org","@graph":[{"@type":"Article","@id":"https:\/\/www.mylasertabac.com\/ca\/fumar-o-respirar-lopcio-destil-de-vida-que-ho-canvia-tot\/#article","isPartOf":{"@id":"https:\/\/www.mylasertabac.com\/ca\/fumar-o-respirar-lopcio-destil-de-vida-que-ho-canvia-tot\/"},"author":{"name":"Florian Fortes","@id":"https:\/\/www.mylasertabac.com\/ca\/#\/schema\/person\/02c249cb76d912efb6c315ec23eccdf3"},"headline":"Fumar o respirar: l&#8217;opci\u00f3 d&#8217;estil de vida que ho canvia tot","datePublished":"2025-07-30T12:17:30+00:00","mainEntityOfPage":{"@id":"https:\/\/www.mylasertabac.com\/ca\/fumar-o-respirar-lopcio-destil-de-vida-que-ho-canvia-tot\/"},"wordCount":855,"publisher":{"@id":"https:\/\/www.mylasertabac.com\/ca\/#organization"},"image":{"@id":"https:\/\/www.mylasertabac.com\/ca\/fumar-o-respirar-lopcio-destil-de-vida-que-ho-canvia-tot\/#primaryimage"},"thumbnailUrl":"https:\/\/www.mylasertabac.com\/wp-content\/uploads\/2025\/07\/Fumer-ou-respirer-le-choix-qui-peut-tout-changer.png","articleSection":["Salut i addiccions","Uncategorized @ca"],"inLanguage":"ca"},{"@type":"WebPage","@id":"https:\/\/www.mylasertabac.com\/ca\/fumar-o-respirar-lopcio-destil-de-vida-que-ho-canvia-tot\/","url":"https:\/\/www.mylasertabac.com\/ca\/fumar-o-respirar-lopcio-destil-de-vida-que-ho-canvia-tot\/","name":"Fumar o respirar: l'opci\u00f3 d'estil de vida que ho canvia tot - My Laser Tabac","isPartOf":{"@id":"https:\/\/www.mylasertabac.com\/ca\/#website"},"primaryImageOfPage":{"@id":"https:\/\/www.mylasertabac.com\/ca\/fumar-o-respirar-lopcio-destil-de-vida-que-ho-canvia-tot\/#primaryimage"},"image":{"@id":"https:\/\/www.mylasertabac.com\/ca\/fumar-o-respirar-lopcio-destil-de-vida-que-ho-canvia-tot\/#primaryimage"},"thumbnailUrl":"https:\/\/www.mylasertabac.com\/wp-content\/uploads\/2025\/07\/Fumer-ou-respirer-le-choix-qui-peut-tout-changer.png","datePublished":"2025-07-30T12:17:30+00:00","breadcrumb":{"@id":"https:\/\/www.mylasertabac.com\/ca\/fumar-o-respirar-lopcio-destil-de-vida-que-ho-canvia-tot\/#breadcrumb"},"inLanguage":"ca","potentialAction":[{"@type":"ReadAction","target":["https:\/\/www.mylasertabac.com\/ca\/fumar-o-respirar-lopcio-destil-de-vida-que-ho-canvia-tot\/"]}]},{"@type":"ImageObject","inLanguage":"ca","@id":"https:\/\/www.mylasertabac.com\/ca\/fumar-o-respirar-lopcio-destil-de-vida-que-ho-canvia-tot\/#primaryimage","url":"https:\/\/www.mylasertabac.com\/wp-content\/uploads\/2025\/07\/Fumer-ou-respirer-le-choix-qui-peut-tout-changer.png","contentUrl":"https:\/\/www.mylasertabac.com\/wp-content\/uploads\/2025\/07\/Fumer-ou-respirer-le-choix-qui-peut-tout-changer.png","width":1536,"height":1024},{"@type":"BreadcrumbList","@id":"https:\/\/www.mylasertabac.com\/ca\/fumar-o-respirar-lopcio-destil-de-vida-que-ho-canvia-tot\/#breadcrumb","itemListElement":[{"@type":"ListItem","position":1,"name":"Accueil","item":"https:\/\/www.mylasertabac.com\/ca\/benvingut\/"},{"@type":"ListItem","position":2,"name":"Fumar o respirar: l&rsquo;opci\u00f3 d&rsquo;estil de vida que ho canvia tot"}]},{"@type":"WebSite","@id":"https:\/\/www.mylasertabac.com\/ca\/#website","url":"https:\/\/www.mylasertabac.com\/ca\/","name":"My Laser Tabac","description":"La solution laser qui transforme les fumeurs en ex-fumeurs","publisher":{"@id":"https:\/\/www.mylasertabac.com\/ca\/#organization"},"potentialAction":[{"@type":"SearchAction","target":{"@type":"EntryPoint","urlTemplate":"https:\/\/www.mylasertabac.com\/ca\/?s={search_term_string}"},"query-input":{"@type":"PropertyValueSpecification","valueRequired":true,"valueName":"search_term_string"}}],"inLanguage":"ca"},{"@type":"Organization","@id":"https:\/\/www.mylasertabac.com\/ca\/#organization","name":"My Laser Tabac","url":"https:\/\/www.mylasertabac.com\/ca\/","logo":{"@type":"ImageObject","inLanguage":"ca","@id":"https:\/\/www.mylasertabac.com\/ca\/#\/schema\/logo\/image\/","url":"https:\/\/www.mylasertabac.com\/wp-content\/uploads\/2024\/12\/mlt-verteau.svg","contentUrl":"https:\/\/www.mylasertabac.com\/wp-content\/uploads\/2024\/12\/mlt-verteau.svg","caption":"My Laser Tabac"},"image":{"@id":"https:\/\/www.mylasertabac.com\/ca\/#\/schema\/logo\/image\/"}},{"@type":"Person","@id":"https:\/\/www.mylasertabac.com\/ca\/#\/schema\/person\/02c249cb76d912efb6c315ec23eccdf3","name":"Florian Fortes","image":{"@type":"ImageObject","inLanguage":"ca","@id":"https:\/\/www.mylasertabac.com\/wp-content\/litespeed\/avatar\/142101a71d7b9e6490c1120d9c109a67.jpg?ver=1777461116","url":"https:\/\/www.mylasertabac.com\/wp-content\/litespeed\/avatar\/142101a71d7b9e6490c1120d9c109a67.jpg?ver=1777461116","contentUrl":"https:\/\/www.mylasertabac.com\/wp-content\/litespeed\/avatar\/142101a71d7b9e6490c1120d9c109a67.jpg?ver=1777461116","caption":"Florian Fortes"},"sameAs":["https:\/\/www.mylasertabac.com","https:\/\/www.facebook.com\/profile.php?id=61571554707319"],"url":"https:\/\/www.mylasertabac.com\/ca\/author\/florianfortes5312\/"}]}},"_links":{"self":[{"href":"https:\/\/www.mylasertabac.com\/ca\/wp-json\/wp\/v2\/posts\/11871","targetHints":{"allow":["GET"]}}],"collection":[{"href":"https:\/\/www.mylasertabac.com\/ca\/wp-json\/wp\/v2\/posts"}],"about":[{"href":"https:\/\/www.mylasertabac.com\/ca\/wp-json\/wp\/v2\/types\/post"}],"author":[{"embeddable":true,"href":"https:\/\/www.mylasertabac.com\/ca\/wp-json\/wp\/v2\/users\/2"}],"replies":[{"embeddable":true,"href":"https:\/\/www.mylasertabac.com\/ca\/wp-json\/wp\/v2\/comments?post=11871"}],"version-history":[{"count":1,"href":"https:\/\/www.mylasertabac.com\/ca\/wp-json\/wp\/v2\/posts\/11871\/revisions"}],"predecessor-version":[{"id":11873,"href":"https:\/\/www.mylasertabac.com\/ca\/wp-json\/wp\/v2\/posts\/11871\/revisions\/11873"}],"wp:featuredmedia":[{"embeddable":true,"href":"https:\/\/www.mylasertabac.com\/ca\/wp-json\/wp\/v2\/media\/11858"}],"wp:attachment":[{"href":"https:\/\/www.mylasertabac.com\/ca\/wp-json\/wp\/v2\/media?parent=11871"}],"wp:term":[{"taxonomy":"category","embeddable":true,"href":"https:\/\/www.mylasertabac.com\/ca\/wp-json\/wp\/v2\/categories?post=11871"},{"taxonomy":"post_tag","embeddable":true,"href":"https:\/\/www.mylasertabac.com\/ca\/wp-json\/wp\/v2\/tags?post=11871"}],"curies":[{"name":"wp","href":"https:\/\/api.w.org\/{rel}","templated":true}]}}