{"id":11925,"date":"2025-07-22T08:45:28","date_gmt":"2025-07-22T06:45:28","guid":{"rendered":"https:\/\/www.mylasertabac.com\/%f0%9f%9a%ac-les-10-marques-de-cigarrets-preferides-dels-francesos-el-2025\/"},"modified":"2025-07-22T17:10:13","modified_gmt":"2025-07-22T15:10:13","slug":"%f0%9f%9a%ac-les-10-marques-de-cigarrets-preferides-dels-francesos-el-2025","status":"publish","type":"post","link":"https:\/\/www.mylasertabac.com\/ca\/%f0%9f%9a%ac-les-10-marques-de-cigarrets-preferides-dels-francesos-el-2025\/","title":{"rendered":"\ud83d\udeac Les 10 marques de cigarrets preferides dels francesos el 2025"},"content":{"rendered":"\n<blockquote class=\"wp-block-quote is-layout-flow wp-block-quote-is-layout-flow\">\n<div style=\"height:27px\" aria-hidden=\"true\" class=\"wp-block-spacer\"><\/div>\n\n\n\n<figure class=\"wp-block-table\"><table class=\"has-fixed-layout\"><tbody><tr><td>\u26a0\ufe0f <strong>El consum de tabac \u00e9s greument perjudicial per a la salut.<\/strong> Aquest article nom\u00e9s t\u00e9 finalitats informatives. No promou el consum de tabac de cap manera. Ens ajuda a entendre millor els h\u00e0bits dels fumadors i els anima a deixar-ho.  <\/td><\/tr><\/tbody><\/table><\/figure>\n<\/blockquote>\n\n<div style=\"height:34px\" aria-hidden=\"true\" class=\"wp-block-spacer\"><\/div>\n\n<figure class=\"wp-block-image alignleft size-full is-resized\"><img fetchpriority=\"high\" decoding=\"async\" width=\"1024\" height=\"1024\" src=\"https:\/\/www.mylasertabac.com\/wp-content\/uploads\/2025\/07\/Top-10-des-cigarettes-en-France.png\" alt=\"\" class=\"wp-image-11378\" style=\"width:368px;height:auto\" srcset=\"https:\/\/www.mylasertabac.com\/wp-content\/uploads\/2025\/07\/Top-10-des-cigarettes-en-France.png 1024w, https:\/\/www.mylasertabac.com\/wp-content\/uploads\/2025\/07\/Top-10-des-cigarettes-en-France-300x300.png 300w, https:\/\/www.mylasertabac.com\/wp-content\/uploads\/2025\/07\/Top-10-des-cigarettes-en-France-150x150.png 150w, https:\/\/www.mylasertabac.com\/wp-content\/uploads\/2025\/07\/Top-10-des-cigarettes-en-France-768x768.png 768w\" sizes=\"(max-width: 1024px) 100vw, 1024px\" \/><\/figure>\n\n<h2 class=\"wp-block-heading\">\ud83c\uddeb\ud83c\uddf7 Per qu\u00e8 aquesta classificaci\u00f3 est\u00e0 causant enrenou<\/h2>\n\n<p>El juliol de 2025, tot i que els preus van assolir m\u00e0xims hist\u00f2rics, el mercat del tabac es mant\u00e9 fort a Fran\u00e7a. Molts fumadors francesos continuen fidels a certes marques que s&#8217;han convertit en ic\u00f2niques, tot i els augments continus de preus. Segons el r\u00e0nquing establert per <strong>actu.fr<\/strong> , que reprodu\u00efm aqu\u00ed amb una perspectiva estrat\u00e8gica i informativa, aqu\u00ed teniu <strong>les 10 marques m\u00e9s venudes a Fran\u00e7a<\/strong> .  <\/p>\n\n<div style=\"height:37px\" aria-hidden=\"true\" class=\"wp-block-spacer\"><\/div>\n\n<h2 class=\"wp-block-heading\">\ud83e\udd47 1. Marlboro <\/h2>\n\n<div style=\"height:27px\" aria-hidden=\"true\" class=\"wp-block-spacer\"><\/div>\n\n<ul class=\"wp-block-list\">\n<li>Marlboro, <strong>una marca americana ic\u00f2nica<\/strong> , ha mantingut el primer lloc durant anys tot i tenir un dels preus m\u00e9s alts del mercat (m\u00e9s de 12 \u20ac).<\/li>\n\n\n\n<li>Deu el seu \u00e8xit a una <strong>imatge viril i prestigiosa<\/strong> , un gust estable i una forta pres\u00e8ncia als estancs.<\/li>\n\n\n\n<li>Atrau tant a fumadors veterans com a adults joves que busquen un &#8220;est\u00e0ndard&#8221;.<\/li>\n<\/ul>\n\n<div style=\"height:27px\" aria-hidden=\"true\" class=\"wp-block-spacer\"><\/div>\n\n<h2 class=\"wp-block-heading\">\ud83e\udd48 2. Philip Morris <\/h2>\n\n<div style=\"height:27px\" aria-hidden=\"true\" class=\"wp-block-spacer\"><\/div>\n\n<ul class=\"wp-block-list\">\n<li>M\u00e9s barata que Marlboro per\u00f2 del mateix grup, <strong>Philip Morris Red and Blue<\/strong> \u00e9s la segona marca m\u00e9s venuda.<\/li>\n\n\n\n<li>Atreu consumidors amb un pressupost ajustat que busquen un <strong>sabor proper a les grans marques<\/strong> .<\/li>\n\n\n\n<li>Molt utilitzat, tamb\u00e9 s&#8217;utilitza per a cigarrets electr\u00f2nics (IQOS).<\/li>\n<\/ul>\n\n<div style=\"height:27px\" aria-hidden=\"true\" class=\"wp-block-spacer\"><\/div>\n\n<h2 class=\"wp-block-heading\">\ud83e\udd49 3. Winston <\/h2>\n\n<div style=\"height:27px\" aria-hidden=\"true\" class=\"wp-block-spacer\"><\/div>\n\n<ul class=\"wp-block-list\">\n<li>Posicionat com una <strong>alternativa interm\u00e8dia<\/strong> entre el premium i el low cost.<\/li>\n\n\n\n<li>Winston atrau pel seu <strong>baix preu<\/strong> (al voltant d&#8217;11 \u20ac) i el seu sabor consistent.<\/li>\n\n\n\n<li>S&#8217;ha mantingut estable en volum durant diversos anys.<\/li>\n<\/ul>\n\n<div style=\"height:27px\" aria-hidden=\"true\" class=\"wp-block-spacer\"><\/div>\n\n<h2 class=\"wp-block-heading\">4\ufe0f\u20e3. Lucky Strike <\/h2>\n\n<div style=\"height:27px\" aria-hidden=\"true\" class=\"wp-block-spacer\"><\/div>\n\n<ul class=\"wp-block-list\">\n<li>Aquesta marca hist\u00f2rica, recognoscible pel seu <strong>logotip vermell<\/strong> , conserva una s\u00f2lida base de seguidors fidels.<\/li>\n\n\n\n<li>Juga amb una <strong>est\u00e8tica vintage<\/strong> , un posicionament lleugerament rebel i una <strong>paleta variada<\/strong> (vermell, blau, compacte, etc.).<\/li>\n\n\n\n<li>Encara ben situat en el segment dels fumadors diaris.<\/li>\n<\/ul>\n\n<div style=\"height:27px\" aria-hidden=\"true\" class=\"wp-block-spacer\"><\/div>\n\n<h2 class=\"wp-block-heading\">5\ufe0f\u20e3. Vogue <\/h2>\n\n<div style=\"height:27px\" aria-hidden=\"true\" class=\"wp-block-spacer\"><\/div>\n\n<ul class=\"wp-block-list\">\n<li>Menys coneguda pel gran p\u00fablic, <strong>Vogue<\/strong> s&#8217;adre\u00e7a a una <strong>clientela femenina o ocasional<\/strong> , amb formats llargs i refinats.<\/li>\n\n\n\n<li>Destaca pel seu disseny refinat i la seva discreci\u00f3.<\/li>\n\n\n\n<li>Malgrat el seu preu elevat, continua sent una de les 5 marques m\u00e9s venudes.<\/li>\n<\/ul>\n\n<div style=\"height:27px\" aria-hidden=\"true\" class=\"wp-block-spacer\"><\/div>\n\n<h2 class=\"wp-block-heading\">6\ufe0f\u20e3. Chesterfield <\/h2>\n\n<div style=\"height:27px\" aria-hidden=\"true\" class=\"wp-block-spacer\"><\/div>\n\n<ul class=\"wp-block-list\">\n<li>Chesterfield, una antiga marca premium reposicionada com a <strong>marca d&#8217;entrada de gamma<\/strong> , est\u00e0 experimentant un clar ressorgiment de popularitat.<\/li>\n\n\n\n<li>Atrau adults joves i fumadors preocupats pel preu, amb un preu inferior a 10 \u20ac.<\/li>\n\n\n\n<li>Disponible en versi\u00f3 cl\u00e0ssica o compacta.<\/li>\n<\/ul>\n\n<div style=\"height:27px\" aria-hidden=\"true\" class=\"wp-block-spacer\"><\/div>\n\n<h2 class=\"wp-block-heading\">7\ufe0f\u20e3. Camell <\/h2>\n\n<div style=\"height:27px\" aria-hidden=\"true\" class=\"wp-block-spacer\"><\/div>\n\n<ul class=\"wp-block-list\">\n<li>Amb el seu fam\u00f3s dromedari, <strong>Camel<\/strong> mant\u00e9 una <strong>imatge forta, tot i que envellida<\/strong> .<\/li>\n\n\n\n<li>Continua sent popular entre la gent de trenta i quaranta anys, apreciada pel seu gust particular.<\/li>\n\n\n\n<li>T\u00e9 un preu intermedi, sovint al voltant dels 11 \u20ac.<\/li>\n<\/ul>\n\n<div style=\"height:27px\" aria-hidden=\"true\" class=\"wp-block-spacer\"><\/div>\n\n<h2 class=\"wp-block-heading\">8\ufe0f\u20e3. L&amp;M <\/h2>\n\n<ul class=\"wp-block-list\">\n<li>Posicionada en el segment <strong>de baix cost<\/strong> , <strong>L&amp;M<\/strong> est\u00e0 guanyant quota de mercat r\u00e0pidament.<\/li>\n\n\n\n<li>\u00c9s atractiu per a fumadors habituals amb <strong>un pressupost ajustat<\/strong> .<\/li>\n\n\n\n<li>La seva disponibilitat \u00e9s excel\u00b7lent a totes les regions de Fran\u00e7a.<\/li>\n<\/ul>\n\n<div style=\"height:27px\" aria-hidden=\"true\" class=\"wp-block-spacer\"><\/div>\n\n<h2 class=\"wp-block-heading\">9\ufe0f\u20e3. Fortuna <\/h2>\n\n<div style=\"height:27px\" aria-hidden=\"true\" class=\"wp-block-spacer\"><\/div>\n\n<ul class=\"wp-block-list\">\n<li>D&#8217;origen espanyol, <strong>Fortuna<\/strong> s&#8217;ha consolidat com una alternativa econ\u00f2mica, sobretot a les zones rurals.<\/li>\n\n\n\n<li>El seu <strong>preu molt baix<\/strong> (sovint al voltant de 9,50 \u20ac) el converteix en una opci\u00f3 popular per als grans consumidors.<\/li>\n\n\n\n<li>Menys visible en la comunicaci\u00f3, per\u00f2 present en molts estancs.<\/li>\n<\/ul>\n\n<div style=\"height:27px\" aria-hidden=\"true\" class=\"wp-block-spacer\"><\/div>\n\n<h2 class=\"wp-block-heading\">\ud83d\udd1f 10. Not\u00edcies <\/h2>\n\n<div style=\"height:27px\" aria-hidden=\"true\" class=\"wp-block-spacer\"><\/div>\n\n<ul class=\"wp-block-list\">\n<li>L&#8217;\u00faltima del r\u00e0nquing, <strong>News<\/strong> \u00e9s una de les marques m\u00e9s assequibles.<\/li>\n\n\n\n<li>Ho adopten els fumadors <strong>ocasionals o que decreixent<\/strong> , que ja no volen pagar l&#8217;alt preu de fumar.<\/li>\n<\/ul>\n\n<div style=\"height:27px\" aria-hidden=\"true\" class=\"wp-block-spacer\"><\/div>\n\n<h2 class=\"wp-block-heading\">\ud83d\udd25 An\u00e0lisi de tend\u00e8ncies 2025<\/h2>\n\n<div style=\"height:27px\" aria-hidden=\"true\" class=\"wp-block-spacer\"><\/div>\n\n<ul class=\"wp-block-list\">\n<li><strong>El preu influeix fortament en les eleccions<\/strong> : marques com Chesterfield, L&amp;M o Fortuna progressen gr\u00e0cies a la seva accessibilitat.<\/li>\n\n\n\n<li><strong>Les marques hist\u00f2riques<\/strong> (Marlboro, Lucky Strike, Camel) mantenen quotes de mercat significatives, per fidelitat o per h\u00e0bit.<\/li>\n\n\n\n<li><strong>La segmentaci\u00f3 est\u00e0 augmentant<\/strong> : alguns encara busquen la imatge, altres nom\u00e9s veuen el cost.<\/li>\n<\/ul>\n\n<div style=\"height:28px\" aria-hidden=\"true\" class=\"wp-block-spacer\"><\/div>\n\n<p class=\"has-cyan-bluish-gray-background-color has-background\">Llegiu tamb\u00e9: <a href=\"https:\/\/www.mylasertabac.com\/ca\/\"><mark style=\"background-color:rgba(0, 0, 0, 0)\" class=\"has-inline-color has-luminous-vivid-orange-color\">Voleu deixar de fumar amb un m\u00e8tode natural i indolor&#8230;<\/mark><\/a><\/p>\n\n<div style=\"height:47px\" aria-hidden=\"true\" class=\"wp-block-spacer\"><\/div>\n\n<figure class=\"wp-block-image alignright size-large is-resized\"><img decoding=\"async\" width=\"1024\" height=\"683\" src=\"https:\/\/www.mylasertabac.com\/wp-content\/uploads\/2025\/07\/stop-tabac-combien-ca-coute--1024x683.png\" alt=\"\" class=\"wp-image-10688\" style=\"width:387px;height:auto\" srcset=\"https:\/\/www.mylasertabac.com\/wp-content\/uploads\/2025\/07\/stop-tabac-combien-ca-coute--1024x683.png 1024w, https:\/\/www.mylasertabac.com\/wp-content\/uploads\/2025\/07\/stop-tabac-combien-ca-coute--300x200.png 300w, https:\/\/www.mylasertabac.com\/wp-content\/uploads\/2025\/07\/stop-tabac-combien-ca-coute--768x512.png 768w, https:\/\/www.mylasertabac.com\/wp-content\/uploads\/2025\/07\/stop-tabac-combien-ca-coute-.png 1536w\" sizes=\"(max-width: 1024px) 100vw, 1024px\" \/><\/figure>\n\n<h2 class=\"wp-block-heading\">\ud83d\uded1 Tabac: un producte cada cop m\u00e9s car, per\u00f2 encara addictiu<\/h2>\n\n<p>Malgrat un <strong>preu mitj\u00e0 de m\u00e9s d&#8217;11 \u20ac per paquet<\/strong> , les vendes es mantenen elevades. Per a qu\u00e8? Perqu\u00e8 <strong>la nicotina actua directament sobre els mecanismes de l&#8217;addicci\u00f3<\/strong> . Crea un efecte de satisfacci\u00f3 immediata, calma l&#8217;ansietat i mant\u00e9 la necessitat. <\/p>\n\n<blockquote class=\"wp-block-quote is-layout-flow wp-block-quote-is-layout-flow\">\n<p>A Fran\u00e7a, el tabac \u00e9s responsable de m\u00e9s de <strong>75.000 morts a l&#8217;any<\/strong> .<\/p>\n\n\n\n<div style=\"height:39px\" aria-hidden=\"true\" class=\"wp-block-spacer\"><\/div>\n<\/blockquote>\n\n<h2 class=\"wp-block-heading\">\ud83c\udf3f I si decideixessis deixar-ho avui?<\/h2>\n\n<div style=\"height:27px\" aria-hidden=\"true\" class=\"wp-block-spacer\"><\/div>\n\n<p>A <strong>MyLaserTabac<\/strong> , hem ajudat milers de fumadors a <strong>deixar de fumar de manera natural<\/strong> mitjan\u00e7ant un m\u00e8tode suau i r\u00e0pid: <strong><a href=\"https:\/\/www.mylasertabac.com\/ca\/\">la ter\u00e0pia l\u00e0ser antitabac amb reflexologia auricular<\/a><\/strong> .<\/p>\n\n<p>Estimulant punts espec\u00edfics de l&#8217;orella, <strong>redu\u00efm les \u00e0nsies, l&#8217;estr\u00e8s i els s\u00edmptomes d&#8217;abstin\u00e8ncia<\/strong> , sovint des de la primera sessi\u00f3.<br\/> Sense substitut, sense medicaments, sense augment de pes.<\/p>\n\n<div style=\"height:27px\" aria-hidden=\"true\" class=\"wp-block-spacer\"><\/div>\n\n<p>\ud83d\udc49 <a href=\"https:\/\/www.mylasertabac.com\/ca\/els-nostres-centres\/\"><strong>Demana cita ara<\/strong> en un dels nostres centres MyLaserTabac<\/a> a prop teu.<br\/> La teva llibertat comen\u00e7a aqu\u00ed.<\/p>\n\n<div style=\"height:27px\" aria-hidden=\"true\" class=\"wp-block-spacer\"><\/div>\n\n<figure class=\"wp-block-image size-large\"><img decoding=\"async\" src=\"https:\/\/www.mylasertabac.com\/wp-content\/uploads\/\/mlt-verteau.svg\" alt=\"\" class=\"wp-image-13\"\/><\/figure>\n","protected":false},"excerpt":{"rendered":"<p>\ud83c\uddeb\ud83c\uddf7 Per qu\u00e8 aquesta classificaci\u00f3 est\u00e0 causant enrenou El juliol de 2025, tot i que els preus van assolir m\u00e0xims hist\u00f2rics, el mercat del tabac es mant\u00e9 fort a Fran\u00e7a. Molts fumadors francesos continuen fidels a certes marques que s&#8217;han convertit en ic\u00f2niques, tot i els augments continus de preus. Segons el r\u00e0nquing establert per [&hellip;]<\/p>\n","protected":false},"author":2,"featured_media":11395,"comment_status":"closed","ping_status":"open","sticky":false,"template":"","format":"standard","meta":{"inline_featured_image":false,"footnotes":""},"categories":[665],"tags":[],"class_list":["post-11925","post","type-post","status-publish","format-standard","has-post-thumbnail","hentry","category-tabac-ca"],"yoast_head":"<!-- This site is optimized with the Yoast SEO plugin v27.5 - https:\/\/yoast.com\/product\/yoast-seo-wordpress\/ -->\n<title>Les 10 marques de cigarrets m\u00e9s venudes a Fran\u00e7a el 2025<\/title>\n<meta name=\"description\" content=\"Descobreix els 10 cigarrets m\u00e9s venuts a Fran\u00e7a el 2025. Classificaci\u00f3 completa i informaci\u00f3 essencial.\" \/>\n<meta name=\"robots\" content=\"index, follow, max-snippet:-1, max-image-preview:large, max-video-preview:-1\" \/>\n<link rel=\"canonical\" href=\"https:\/\/www.mylasertabac.com\/ca\/%f0%9f%9a%ac-les-10-marques-de-cigarrets-preferides-dels-francesos-el-2025\/\" \/>\n<meta property=\"og:locale\" content=\"ca_ES\" \/>\n<meta property=\"og:type\" content=\"article\" \/>\n<meta property=\"og:title\" content=\"Les 10 marques de cigarrets m\u00e9s venudes a Fran\u00e7a el 2025\" \/>\n<meta property=\"og:description\" content=\"Descobreix els 10 cigarrets m\u00e9s venuts a Fran\u00e7a el 2025. Classificaci\u00f3 completa i informaci\u00f3 essencial.\" \/>\n<meta property=\"og:url\" content=\"https:\/\/www.mylasertabac.com\/ca\/%f0%9f%9a%ac-les-10-marques-de-cigarrets-preferides-dels-francesos-el-2025\/\" \/>\n<meta property=\"og:site_name\" content=\"My Laser Tabac\" \/>\n<meta property=\"article:author\" content=\"https:\/\/www.facebook.com\/profile.php?id=61571554707319\" \/>\n<meta property=\"article:published_time\" content=\"2025-07-22T06:45:28+00:00\" \/>\n<meta property=\"article:modified_time\" content=\"2025-07-22T15:10:13+00:00\" \/>\n<meta property=\"og:image\" content=\"https:\/\/www.mylasertabac.com\/wp-content\/uploads\/2025\/07\/Top-10-des-cigarettes-les-plus-vendues-en-France-en-2025.png\" \/>\n\t<meta property=\"og:image:width\" content=\"1536\" \/>\n\t<meta property=\"og:image:height\" content=\"1024\" \/>\n\t<meta property=\"og:image:type\" content=\"image\/png\" \/>\n<meta name=\"author\" content=\"Florian Fortes\" \/>\n<meta name=\"twitter:card\" content=\"summary_large_image\" \/>\n<meta name=\"twitter:label1\" content=\"Escrit per\" \/>\n\t<meta name=\"twitter:data1\" content=\"Florian Fortes\" \/>\n\t<meta name=\"twitter:label2\" content=\"Temps estimat de lectura\" \/>\n\t<meta name=\"twitter:data2\" content=\"4 minuts\" \/>\n<script type=\"application\/ld+json\" class=\"yoast-schema-graph\">{\"@context\":\"https:\\\/\\\/schema.org\",\"@graph\":[{\"@type\":\"Article\",\"@id\":\"https:\\\/\\\/www.mylasertabac.com\\\/ca\\\/%f0%9f%9a%ac-les-10-marques-de-cigarrets-preferides-dels-francesos-el-2025\\\/#article\",\"isPartOf\":{\"@id\":\"https:\\\/\\\/www.mylasertabac.com\\\/ca\\\/%f0%9f%9a%ac-les-10-marques-de-cigarrets-preferides-dels-francesos-el-2025\\\/\"},\"author\":{\"name\":\"Florian Fortes\",\"@id\":\"https:\\\/\\\/www.mylasertabac.com\\\/ca\\\/#\\\/schema\\\/person\\\/02c249cb76d912efb6c315ec23eccdf3\"},\"headline\":\"\ud83d\udeac Les 10 marques de cigarrets preferides dels francesos el 2025\",\"datePublished\":\"2025-07-22T06:45:28+00:00\",\"dateModified\":\"2025-07-22T15:10:13+00:00\",\"mainEntityOfPage\":{\"@id\":\"https:\\\/\\\/www.mylasertabac.com\\\/ca\\\/%f0%9f%9a%ac-les-10-marques-de-cigarrets-preferides-dels-francesos-el-2025\\\/\"},\"wordCount\":808,\"publisher\":{\"@id\":\"https:\\\/\\\/www.mylasertabac.com\\\/ca\\\/#organization\"},\"image\":{\"@id\":\"https:\\\/\\\/www.mylasertabac.com\\\/ca\\\/%f0%9f%9a%ac-les-10-marques-de-cigarrets-preferides-dels-francesos-el-2025\\\/#primaryimage\"},\"thumbnailUrl\":\"https:\\\/\\\/www.mylasertabac.com\\\/wp-content\\\/uploads\\\/2025\\\/07\\\/Top-10-des-cigarettes-les-plus-vendues-en-France-en-2025.png\",\"articleSection\":[\"tabac\"],\"inLanguage\":\"ca\"},{\"@type\":\"WebPage\",\"@id\":\"https:\\\/\\\/www.mylasertabac.com\\\/ca\\\/%f0%9f%9a%ac-les-10-marques-de-cigarrets-preferides-dels-francesos-el-2025\\\/\",\"url\":\"https:\\\/\\\/www.mylasertabac.com\\\/ca\\\/%f0%9f%9a%ac-les-10-marques-de-cigarrets-preferides-dels-francesos-el-2025\\\/\",\"name\":\"Les 10 marques de cigarrets m\u00e9s venudes a Fran\u00e7a el 2025\",\"isPartOf\":{\"@id\":\"https:\\\/\\\/www.mylasertabac.com\\\/ca\\\/#website\"},\"primaryImageOfPage\":{\"@id\":\"https:\\\/\\\/www.mylasertabac.com\\\/ca\\\/%f0%9f%9a%ac-les-10-marques-de-cigarrets-preferides-dels-francesos-el-2025\\\/#primaryimage\"},\"image\":{\"@id\":\"https:\\\/\\\/www.mylasertabac.com\\\/ca\\\/%f0%9f%9a%ac-les-10-marques-de-cigarrets-preferides-dels-francesos-el-2025\\\/#primaryimage\"},\"thumbnailUrl\":\"https:\\\/\\\/www.mylasertabac.com\\\/wp-content\\\/uploads\\\/2025\\\/07\\\/Top-10-des-cigarettes-les-plus-vendues-en-France-en-2025.png\",\"datePublished\":\"2025-07-22T06:45:28+00:00\",\"dateModified\":\"2025-07-22T15:10:13+00:00\",\"description\":\"Descobreix els 10 cigarrets m\u00e9s venuts a Fran\u00e7a el 2025. Classificaci\u00f3 completa i informaci\u00f3 essencial.\",\"breadcrumb\":{\"@id\":\"https:\\\/\\\/www.mylasertabac.com\\\/ca\\\/%f0%9f%9a%ac-les-10-marques-de-cigarrets-preferides-dels-francesos-el-2025\\\/#breadcrumb\"},\"inLanguage\":\"ca\",\"potentialAction\":[{\"@type\":\"ReadAction\",\"target\":[\"https:\\\/\\\/www.mylasertabac.com\\\/ca\\\/%f0%9f%9a%ac-les-10-marques-de-cigarrets-preferides-dels-francesos-el-2025\\\/\"]}]},{\"@type\":\"ImageObject\",\"inLanguage\":\"ca\",\"@id\":\"https:\\\/\\\/www.mylasertabac.com\\\/ca\\\/%f0%9f%9a%ac-les-10-marques-de-cigarrets-preferides-dels-francesos-el-2025\\\/#primaryimage\",\"url\":\"https:\\\/\\\/www.mylasertabac.com\\\/wp-content\\\/uploads\\\/2025\\\/07\\\/Top-10-des-cigarettes-les-plus-vendues-en-France-en-2025.png\",\"contentUrl\":\"https:\\\/\\\/www.mylasertabac.com\\\/wp-content\\\/uploads\\\/2025\\\/07\\\/Top-10-des-cigarettes-les-plus-vendues-en-France-en-2025.png\",\"width\":1536,\"height\":1024},{\"@type\":\"BreadcrumbList\",\"@id\":\"https:\\\/\\\/www.mylasertabac.com\\\/ca\\\/%f0%9f%9a%ac-les-10-marques-de-cigarrets-preferides-dels-francesos-el-2025\\\/#breadcrumb\",\"itemListElement\":[{\"@type\":\"ListItem\",\"position\":1,\"name\":\"Accueil\",\"item\":\"https:\\\/\\\/www.mylasertabac.com\\\/ca\\\/benvingut\\\/\"},{\"@type\":\"ListItem\",\"position\":2,\"name\":\"\ud83d\udeac Les 10 marques de cigarrets preferides dels francesos el 2025\"}]},{\"@type\":\"WebSite\",\"@id\":\"https:\\\/\\\/www.mylasertabac.com\\\/ca\\\/#website\",\"url\":\"https:\\\/\\\/www.mylasertabac.com\\\/ca\\\/\",\"name\":\"My Laser Tabac\",\"description\":\"La solution laser qui transforme les fumeurs en ex-fumeurs\",\"publisher\":{\"@id\":\"https:\\\/\\\/www.mylasertabac.com\\\/ca\\\/#organization\"},\"potentialAction\":[{\"@type\":\"SearchAction\",\"target\":{\"@type\":\"EntryPoint\",\"urlTemplate\":\"https:\\\/\\\/www.mylasertabac.com\\\/ca\\\/?s={search_term_string}\"},\"query-input\":{\"@type\":\"PropertyValueSpecification\",\"valueRequired\":true,\"valueName\":\"search_term_string\"}}],\"inLanguage\":\"ca\"},{\"@type\":\"Organization\",\"@id\":\"https:\\\/\\\/www.mylasertabac.com\\\/ca\\\/#organization\",\"name\":\"My Laser Tabac\",\"url\":\"https:\\\/\\\/www.mylasertabac.com\\\/ca\\\/\",\"logo\":{\"@type\":\"ImageObject\",\"inLanguage\":\"ca\",\"@id\":\"https:\\\/\\\/www.mylasertabac.com\\\/ca\\\/#\\\/schema\\\/logo\\\/image\\\/\",\"url\":\"https:\\\/\\\/www.mylasertabac.com\\\/wp-content\\\/uploads\\\/2024\\\/12\\\/mlt-verteau.svg\",\"contentUrl\":\"https:\\\/\\\/www.mylasertabac.com\\\/wp-content\\\/uploads\\\/2024\\\/12\\\/mlt-verteau.svg\",\"caption\":\"My Laser Tabac\"},\"image\":{\"@id\":\"https:\\\/\\\/www.mylasertabac.com\\\/ca\\\/#\\\/schema\\\/logo\\\/image\\\/\"}},{\"@type\":\"Person\",\"@id\":\"https:\\\/\\\/www.mylasertabac.com\\\/ca\\\/#\\\/schema\\\/person\\\/02c249cb76d912efb6c315ec23eccdf3\",\"name\":\"Florian Fortes\",\"image\":{\"@type\":\"ImageObject\",\"inLanguage\":\"ca\",\"@id\":\"https:\\\/\\\/www.mylasertabac.com\\\/wp-content\\\/litespeed\\\/avatar\\\/142101a71d7b9e6490c1120d9c109a67.jpg?ver=1777461116\",\"url\":\"https:\\\/\\\/www.mylasertabac.com\\\/wp-content\\\/litespeed\\\/avatar\\\/142101a71d7b9e6490c1120d9c109a67.jpg?ver=1777461116\",\"contentUrl\":\"https:\\\/\\\/www.mylasertabac.com\\\/wp-content\\\/litespeed\\\/avatar\\\/142101a71d7b9e6490c1120d9c109a67.jpg?ver=1777461116\",\"caption\":\"Florian Fortes\"},\"sameAs\":[\"https:\\\/\\\/www.mylasertabac.com\",\"https:\\\/\\\/www.facebook.com\\\/profile.php?id=61571554707319\"],\"url\":\"https:\\\/\\\/www.mylasertabac.com\\\/ca\\\/author\\\/florianfortes5312\\\/\"}]}<\/script>\n<!-- \/ Yoast SEO plugin. -->","yoast_head_json":{"title":"Les 10 marques de cigarrets m\u00e9s venudes a Fran\u00e7a el 2025","description":"Descobreix els 10 cigarrets m\u00e9s venuts a Fran\u00e7a el 2025. Classificaci\u00f3 completa i informaci\u00f3 essencial.","robots":{"index":"index","follow":"follow","max-snippet":"max-snippet:-1","max-image-preview":"max-image-preview:large","max-video-preview":"max-video-preview:-1"},"canonical":"https:\/\/www.mylasertabac.com\/ca\/%f0%9f%9a%ac-les-10-marques-de-cigarrets-preferides-dels-francesos-el-2025\/","og_locale":"ca_ES","og_type":"article","og_title":"Les 10 marques de cigarrets m\u00e9s venudes a Fran\u00e7a el 2025","og_description":"Descobreix els 10 cigarrets m\u00e9s venuts a Fran\u00e7a el 2025. Classificaci\u00f3 completa i informaci\u00f3 essencial.","og_url":"https:\/\/www.mylasertabac.com\/ca\/%f0%9f%9a%ac-les-10-marques-de-cigarrets-preferides-dels-francesos-el-2025\/","og_site_name":"My Laser Tabac","article_author":"https:\/\/www.facebook.com\/profile.php?id=61571554707319","article_published_time":"2025-07-22T06:45:28+00:00","article_modified_time":"2025-07-22T15:10:13+00:00","og_image":[{"width":1536,"height":1024,"url":"https:\/\/www.mylasertabac.com\/wp-content\/uploads\/2025\/07\/Top-10-des-cigarettes-les-plus-vendues-en-France-en-2025.png","type":"image\/png"}],"author":"Florian Fortes","twitter_card":"summary_large_image","twitter_misc":{"Escrit per":"Florian Fortes","Temps estimat de lectura":"4 minuts"},"schema":{"@context":"https:\/\/schema.org","@graph":[{"@type":"Article","@id":"https:\/\/www.mylasertabac.com\/ca\/%f0%9f%9a%ac-les-10-marques-de-cigarrets-preferides-dels-francesos-el-2025\/#article","isPartOf":{"@id":"https:\/\/www.mylasertabac.com\/ca\/%f0%9f%9a%ac-les-10-marques-de-cigarrets-preferides-dels-francesos-el-2025\/"},"author":{"name":"Florian Fortes","@id":"https:\/\/www.mylasertabac.com\/ca\/#\/schema\/person\/02c249cb76d912efb6c315ec23eccdf3"},"headline":"\ud83d\udeac Les 10 marques de cigarrets preferides dels francesos el 2025","datePublished":"2025-07-22T06:45:28+00:00","dateModified":"2025-07-22T15:10:13+00:00","mainEntityOfPage":{"@id":"https:\/\/www.mylasertabac.com\/ca\/%f0%9f%9a%ac-les-10-marques-de-cigarrets-preferides-dels-francesos-el-2025\/"},"wordCount":808,"publisher":{"@id":"https:\/\/www.mylasertabac.com\/ca\/#organization"},"image":{"@id":"https:\/\/www.mylasertabac.com\/ca\/%f0%9f%9a%ac-les-10-marques-de-cigarrets-preferides-dels-francesos-el-2025\/#primaryimage"},"thumbnailUrl":"https:\/\/www.mylasertabac.com\/wp-content\/uploads\/2025\/07\/Top-10-des-cigarettes-les-plus-vendues-en-France-en-2025.png","articleSection":["tabac"],"inLanguage":"ca"},{"@type":"WebPage","@id":"https:\/\/www.mylasertabac.com\/ca\/%f0%9f%9a%ac-les-10-marques-de-cigarrets-preferides-dels-francesos-el-2025\/","url":"https:\/\/www.mylasertabac.com\/ca\/%f0%9f%9a%ac-les-10-marques-de-cigarrets-preferides-dels-francesos-el-2025\/","name":"Les 10 marques de cigarrets m\u00e9s venudes a Fran\u00e7a el 2025","isPartOf":{"@id":"https:\/\/www.mylasertabac.com\/ca\/#website"},"primaryImageOfPage":{"@id":"https:\/\/www.mylasertabac.com\/ca\/%f0%9f%9a%ac-les-10-marques-de-cigarrets-preferides-dels-francesos-el-2025\/#primaryimage"},"image":{"@id":"https:\/\/www.mylasertabac.com\/ca\/%f0%9f%9a%ac-les-10-marques-de-cigarrets-preferides-dels-francesos-el-2025\/#primaryimage"},"thumbnailUrl":"https:\/\/www.mylasertabac.com\/wp-content\/uploads\/2025\/07\/Top-10-des-cigarettes-les-plus-vendues-en-France-en-2025.png","datePublished":"2025-07-22T06:45:28+00:00","dateModified":"2025-07-22T15:10:13+00:00","description":"Descobreix els 10 cigarrets m\u00e9s venuts a Fran\u00e7a el 2025. Classificaci\u00f3 completa i informaci\u00f3 essencial.","breadcrumb":{"@id":"https:\/\/www.mylasertabac.com\/ca\/%f0%9f%9a%ac-les-10-marques-de-cigarrets-preferides-dels-francesos-el-2025\/#breadcrumb"},"inLanguage":"ca","potentialAction":[{"@type":"ReadAction","target":["https:\/\/www.mylasertabac.com\/ca\/%f0%9f%9a%ac-les-10-marques-de-cigarrets-preferides-dels-francesos-el-2025\/"]}]},{"@type":"ImageObject","inLanguage":"ca","@id":"https:\/\/www.mylasertabac.com\/ca\/%f0%9f%9a%ac-les-10-marques-de-cigarrets-preferides-dels-francesos-el-2025\/#primaryimage","url":"https:\/\/www.mylasertabac.com\/wp-content\/uploads\/2025\/07\/Top-10-des-cigarettes-les-plus-vendues-en-France-en-2025.png","contentUrl":"https:\/\/www.mylasertabac.com\/wp-content\/uploads\/2025\/07\/Top-10-des-cigarettes-les-plus-vendues-en-France-en-2025.png","width":1536,"height":1024},{"@type":"BreadcrumbList","@id":"https:\/\/www.mylasertabac.com\/ca\/%f0%9f%9a%ac-les-10-marques-de-cigarrets-preferides-dels-francesos-el-2025\/#breadcrumb","itemListElement":[{"@type":"ListItem","position":1,"name":"Accueil","item":"https:\/\/www.mylasertabac.com\/ca\/benvingut\/"},{"@type":"ListItem","position":2,"name":"\ud83d\udeac Les 10 marques de cigarrets preferides dels francesos el 2025"}]},{"@type":"WebSite","@id":"https:\/\/www.mylasertabac.com\/ca\/#website","url":"https:\/\/www.mylasertabac.com\/ca\/","name":"My Laser Tabac","description":"La solution laser qui transforme les fumeurs en ex-fumeurs","publisher":{"@id":"https:\/\/www.mylasertabac.com\/ca\/#organization"},"potentialAction":[{"@type":"SearchAction","target":{"@type":"EntryPoint","urlTemplate":"https:\/\/www.mylasertabac.com\/ca\/?s={search_term_string}"},"query-input":{"@type":"PropertyValueSpecification","valueRequired":true,"valueName":"search_term_string"}}],"inLanguage":"ca"},{"@type":"Organization","@id":"https:\/\/www.mylasertabac.com\/ca\/#organization","name":"My Laser Tabac","url":"https:\/\/www.mylasertabac.com\/ca\/","logo":{"@type":"ImageObject","inLanguage":"ca","@id":"https:\/\/www.mylasertabac.com\/ca\/#\/schema\/logo\/image\/","url":"https:\/\/www.mylasertabac.com\/wp-content\/uploads\/2024\/12\/mlt-verteau.svg","contentUrl":"https:\/\/www.mylasertabac.com\/wp-content\/uploads\/2024\/12\/mlt-verteau.svg","caption":"My Laser Tabac"},"image":{"@id":"https:\/\/www.mylasertabac.com\/ca\/#\/schema\/logo\/image\/"}},{"@type":"Person","@id":"https:\/\/www.mylasertabac.com\/ca\/#\/schema\/person\/02c249cb76d912efb6c315ec23eccdf3","name":"Florian Fortes","image":{"@type":"ImageObject","inLanguage":"ca","@id":"https:\/\/www.mylasertabac.com\/wp-content\/litespeed\/avatar\/142101a71d7b9e6490c1120d9c109a67.jpg?ver=1777461116","url":"https:\/\/www.mylasertabac.com\/wp-content\/litespeed\/avatar\/142101a71d7b9e6490c1120d9c109a67.jpg?ver=1777461116","contentUrl":"https:\/\/www.mylasertabac.com\/wp-content\/litespeed\/avatar\/142101a71d7b9e6490c1120d9c109a67.jpg?ver=1777461116","caption":"Florian Fortes"},"sameAs":["https:\/\/www.mylasertabac.com","https:\/\/www.facebook.com\/profile.php?id=61571554707319"],"url":"https:\/\/www.mylasertabac.com\/ca\/author\/florianfortes5312\/"}]}},"_links":{"self":[{"href":"https:\/\/www.mylasertabac.com\/ca\/wp-json\/wp\/v2\/posts\/11925","targetHints":{"allow":["GET"]}}],"collection":[{"href":"https:\/\/www.mylasertabac.com\/ca\/wp-json\/wp\/v2\/posts"}],"about":[{"href":"https:\/\/www.mylasertabac.com\/ca\/wp-json\/wp\/v2\/types\/post"}],"author":[{"embeddable":true,"href":"https:\/\/www.mylasertabac.com\/ca\/wp-json\/wp\/v2\/users\/2"}],"replies":[{"embeddable":true,"href":"https:\/\/www.mylasertabac.com\/ca\/wp-json\/wp\/v2\/comments?post=11925"}],"version-history":[{"count":1,"href":"https:\/\/www.mylasertabac.com\/ca\/wp-json\/wp\/v2\/posts\/11925\/revisions"}],"predecessor-version":[{"id":11927,"href":"https:\/\/www.mylasertabac.com\/ca\/wp-json\/wp\/v2\/posts\/11925\/revisions\/11927"}],"wp:featuredmedia":[{"embeddable":true,"href":"https:\/\/www.mylasertabac.com\/ca\/wp-json\/wp\/v2\/media\/11395"}],"wp:attachment":[{"href":"https:\/\/www.mylasertabac.com\/ca\/wp-json\/wp\/v2\/media?parent=11925"}],"wp:term":[{"taxonomy":"category","embeddable":true,"href":"https:\/\/www.mylasertabac.com\/ca\/wp-json\/wp\/v2\/categories?post=11925"},{"taxonomy":"post_tag","embeddable":true,"href":"https:\/\/www.mylasertabac.com\/ca\/wp-json\/wp\/v2\/tags?post=11925"}],"curies":[{"name":"wp","href":"https:\/\/api.w.org\/{rel}","templated":true}]}}