{"id":11964,"date":"2025-07-23T18:30:00","date_gmt":"2025-07-23T16:30:00","guid":{"rendered":"https:\/\/www.mylasertabac.com\/sindrome-del-pulmo-de-les-crispetes-la-nova-malaltia-invisible-que-amenaca-els-vapers\/"},"modified":"2025-10-26T16:30:49","modified_gmt":"2025-10-26T15:30:49","slug":"sindrome-del-pulmo-de-les-crispetes-la-nova-malaltia-invisible-que-amenaca-els-vapers","status":"publish","type":"post","link":"https:\/\/www.mylasertabac.com\/ca\/sindrome-del-pulmo-de-les-crispetes-la-nova-malaltia-invisible-que-amenaca-els-vapers\/","title":{"rendered":"\u00abS\u00edndrome del pulm\u00f3 de les crispetes\u00bb: la nova malaltia invisible que amena\u00e7a els vapers"},"content":{"rendered":"\n<div style=\"height:21px\" aria-hidden=\"true\" class=\"wp-block-spacer\"><\/div>\n\n<p>Pensaves que els cigarrets electr\u00f2nics eren una alternativa inofensiva al tabac? Pensa-ho de nou. Una nova alerta sanit\u00e0ria est\u00e0 sacsejant el m\u00f3n del vapeig: estan apareixent casos de malalties respirat\u00f2ries greus i incurables entre els joves vapejadors. La &#8220;s\u00edndrome del pulm\u00f3 de les crispetes&#8221;, abans rara, torna a ser el centre d&#8217;atenci\u00f3, causant preocupaci\u00f3 i conscienciaci\u00f3.   <\/p>\n\n<p>Si vapeges o coneixes alg\u00fa que ho faci, llegeix aquest article fins al final. Descobrir\u00e0s els perills reals de vapejar, els s\u00edmptomes invisibles que destrueixen lentament els teus pulmons i solucions naturals i efectives per <strong>deixar de fumar<\/strong> sense dolor. Una promesa? No. Una realitat, gr\u00e0cies a m\u00e8todes innovadors com <strong>els l\u00e0sers antitabac<\/strong> i <strong>la reflexologia auricular<\/strong> , disponibles als centres <strong>MyLaserTabac<\/strong> de tota Fran\u00e7a.    <\/p>\n\n<div style=\"height:38px\" aria-hidden=\"true\" class=\"wp-block-spacer\"><\/div>\n\n<figure class=\"wp-block-image alignleft size-large is-resized\"><a href=\"https:\/\/www.mylasertabac.com\/ca\/els-nostres-centres\/\"><img fetchpriority=\"high\" decoding=\"async\" width=\"1024\" height=\"668\" src=\"https:\/\/www.mylasertabac.com\/wp-content\/uploads\/2025\/08\/tu-veux-arreter-de-fumer-Clique-ici--1024x668.jpg\" alt=\"\" class=\"wp-image-13752\" style=\"width:474px;height:auto\" srcset=\"https:\/\/www.mylasertabac.com\/wp-content\/uploads\/2025\/08\/tu-veux-arreter-de-fumer-Clique-ici--1024x668.jpg 1024w, https:\/\/www.mylasertabac.com\/wp-content\/uploads\/2025\/08\/tu-veux-arreter-de-fumer-Clique-ici--300x196.jpg 300w, https:\/\/www.mylasertabac.com\/wp-content\/uploads\/2025\/08\/tu-veux-arreter-de-fumer-Clique-ici--768x501.jpg 768w, https:\/\/www.mylasertabac.com\/wp-content\/uploads\/2025\/08\/tu-veux-arreter-de-fumer-Clique-ici-.jpg 1206w\" sizes=\"(max-width: 1024px) 100vw, 1024px\" \/><\/a><\/figure>\n\n<h2 class=\"wp-block-heading\">S\u00edndrome del pulm\u00f3 de les crispetes: un nom que amaga una malaltia irreversible<\/h2>\n\n<p>La malaltia t\u00e9 un nom gaireb\u00e9 alegre: <strong>s\u00edndrome del pulm\u00f3 de les crispetes<\/strong> . Per\u00f2 no us equivoqueu. \u00c9s de tot menys inofensiva.  <\/p>\n\n<p>El terme prov\u00e9 d&#8217;un cas m\u00e8dic observat en una planta de fabricaci\u00f3 de crispetes de blat de moro per a microones, on els empleats van contraure una rara malaltia respirat\u00f2ria a causa d&#8217;un aromatitzant manteg\u00f3s utilitzat a les crispetes. Aquest compost, <g id=\"gid_0\">el diacetil<\/g> , tamb\u00e9 \u00e9s present en molts <g id=\"gid_1\">l\u00edquids endolcits per a cigarrets electr\u00f2nics<\/g> . La seva inhalaci\u00f3 prolongada causa bronquiolitis obliterant, una afecci\u00f3 <strong>incurable<\/strong> dels bronqu\u00edols (les vies respirat\u00f2ries m\u00e9s petites dels pulmons).  <\/p>\n\n<p>Avui dia, aquesta malaltia est\u00e0 tornant a apar\u00e8ixer en adults joves, <strong>no fumadors per\u00f2 tamb\u00e9 en persones que vapegen<\/strong> , que desenvolupen tos persistent, dificultat per respirar cr\u00f2nica i fatiga pulmonar fins i tot en rep\u00f2s. En aquesta fase, <strong>no existeix cap tractament curatiu<\/strong> . <\/p>\n\n<div style=\"height:38px\" aria-hidden=\"true\" class=\"wp-block-spacer\"><\/div>\n\n<h2 class=\"wp-block-heading\">Per qu\u00e8 vapejar \u00e9s tan perill\u00f3s per als pulmons?<\/h2>\n\n<p>Contr\u00e0riament a la creen\u00e7a popular, <strong>els l\u00edquids electr\u00f2nics<\/strong> no nom\u00e9s contenen nicotina. Contenen <strong>subst\u00e0ncies arom\u00e0tiques<\/strong> , de vegades escalfades a altes temperatures, que alliberen <strong>compostos t\u00f2xics<\/strong> : formaldehids, acetaldehids, acrole\u00efna, etc. Tots aquests productes qu\u00edmics irriten les vies respirat\u00f2ries i <strong>modifiquen permanentment el teixit pulmonar<\/strong> . <\/p>\n\n<p>I el problema no s&#8217;atura aqu\u00ed. Molts l\u00edquids venuts a tot el m\u00f3n, especialment a trav\u00e9s de canals informals o mal regulats, contenen dosis elevades de <strong>diacetil<\/strong> o additius similars no autoritzats. Els joves vapejadors, aficionats als sabors dol\u00e7os, <strong>inhalen aquests productes di\u00e0riament<\/strong> sense ni tan sols saber-ho.   Resultat? Un caldo de cultiu per a l&#8217;aparici\u00f3 de malalties cr\u00f2niques i, de vegades <strong>, danys pulmonars irreversibles<\/strong> .<\/p>\n\n<div style=\"height:33px\" aria-hidden=\"true\" class=\"wp-block-spacer\"><\/div>\n\n<p class=\"has-cyan-bluish-gray-background-color has-background\">Llegiu tamb\u00e9: <a href=\"https:\/\/www.mylasertabac.com\/ca\/uneix-te-a-la-franquicia-laser-anti-tabac-i-beneficiat-dun-concepte-clau-en-ma-rendible\/\"><mark style=\"background-color:rgba(0, 0, 0, 0)\" class=\"has-inline-color has-luminous-vivid-orange-color\">Converteix-te en un expert en reflexologia auricular convertint-te en franquiciat de Mylasertabac<\/mark><\/a> <\/p>\n\n<div style=\"height:21px\" aria-hidden=\"true\" class=\"wp-block-spacer\"><\/div>\n\n<hr class=\"wp-block-separator has-alpha-channel-opacity\"\/>\n\n<h2 class=\"wp-block-heading\">Una addicci\u00f3 que s&#8217;instal\u00b7la r\u00e0pidament, amb conseq\u00fc\u00e8ncies a llarg termini<\/h2>\n\n<div style=\"height:21px\" aria-hidden=\"true\" class=\"wp-block-spacer\"><\/div>\n\n<p>Els cigarrets electr\u00f2nics sovint es promocionen com una ajuda per deixar de fumar. Tanmateix, entre els m\u00e9s joves, es converteixen en una porta d&#8217;entrada a <strong>l&#8217;addicci\u00f3 a la nicotina<\/strong> , de vegades m\u00e9s potent que la generada pels cigarrets tradicionals. <\/p>\n\n<p>La sensaci\u00f3 agradable, les aromes afruitades i la facilitat d&#8217;acc\u00e9s la converteixen en una trampa formidable. Gradualment, la dosi augmenta, s&#8217;estableixen h\u00e0bits i el cos <g id=\"gid_0\">s&#8217;acostuma a inhalar<\/g> una quantitat creixent de productes qu\u00edmics. A llarg termini, aix\u00f2 afavoreix no nom\u00e9s malalties pulmonars, sin\u00f3 tamb\u00e9 problemes cardiovasculars, mals de cap cr\u00f2nics, irritabilitat i fins i tot <strong>danys neurol\u00f2gics<\/strong> .  <\/p>\n\n<div style=\"height:21px\" aria-hidden=\"true\" class=\"wp-block-spacer\"><\/div>\n\n<h2 class=\"wp-block-heading\">Deixar els cigarrets electr\u00f2nics: una decisi\u00f3 dif\u00edcil per\u00f2 que salva vides<\/h2>\n\n<div style=\"height:21px\" aria-hidden=\"true\" class=\"wp-block-spacer\"><\/div>\n\n<p>Bones not\u00edcies: \u00e9s <strong>possible deixar<\/strong> els cigarrets electr\u00f2nics, fins i tot despr\u00e9s de diversos anys de vapejar. I els <strong>beneficis<\/strong> s\u00f3n visibles en q\u00fcesti\u00f3 de dies: <\/p>\n\n<div style=\"height:21px\" aria-hidden=\"true\" class=\"wp-block-spacer\"><\/div>\n\n<ul class=\"wp-block-list\">\n<li>\ud83c\udf2c\ufe0f Respiraci\u00f3 m\u00e9s suau<\/li>\n\n\n\n<li>\ud83d\udcaa M\u00e9s resist\u00e8ncia<\/li>\n\n\n\n<li>\ud83d\udecc Millora del son<\/li>\n\n\n\n<li>\ud83d\ude0c Menys estr\u00e8s i ansietat<\/li>\n\n\n\n<li>\ud83d\udcbc Millor concentraci\u00f3<\/li>\n\n\n\n<li>\ud83d\udcb0 Grans estalvis<\/li>\n<\/ul>\n\n<div style=\"height:21px\" aria-hidden=\"true\" class=\"wp-block-spacer\"><\/div>\n\n<p>Per\u00f2 com passa amb qualsevol abstin\u00e8ncia, requereix <strong>l&#8217;ajuda adequada<\/strong> . La nicotina \u00e9s altament addictiva i el cos anhela la seva dosi. Afortunadament, hi ha solucions naturals i sense f\u00e0rmacs.  <\/p>\n\n<div style=\"height:21px\" aria-hidden=\"true\" class=\"wp-block-spacer\"><\/div>\n\n<hr class=\"wp-block-separator has-alpha-channel-opacity\"\/>\n\n<h2 class=\"wp-block-heading\">L\u00e0ser antitabaquisme: el m\u00e8tode suau per deixar de fumar r\u00e0pidament i permanentment<\/h2>\n\n<div style=\"height:21px\" aria-hidden=\"true\" class=\"wp-block-spacer\"><\/div>\n\n<p>No vols pegats, xiclets ni medicaci\u00f3? El <g id=\"gid_0\"><g id=\"gid_1\">l\u00e0ser antitabac<\/g><\/g> \u00e9s una alternativa revolucion\u00e0ria. Inspirat en l&#8217;acupuntura, aquest proc\u00e9s <strong>indolor<\/strong> actua en punts espec\u00edfics de la cara, el coll i les orelles per alliberar <strong>endorfines<\/strong> i calmar les ganes de fumar.  <\/p>\n\n<p>Utilitzat als centres <strong>MyLaserTabac<\/strong> , el <strong>l\u00e0ser antitabac<\/strong> alleuja suaument els s\u00edmptomes d&#8217;abstin\u00e8ncia i <strong>reequilibra el sistema nervi\u00f3s<\/strong> . Les sessions duren menys d&#8217;una hora i ofereixen resultats excel\u00b7lents, fins i tot per a fumadors o vapejadors de llarga durada. <\/p>\n\n<div style=\"height:21px\" aria-hidden=\"true\" class=\"wp-block-spacer\"><\/div>\n\n<hr class=\"wp-block-separator has-alpha-channel-opacity\"\/>\n\n<h2 class=\"wp-block-heading\">Reflexologia auricular: un pilar del deslletament natural<\/h2>\n\n<div style=\"height:21px\" aria-hidden=\"true\" class=\"wp-block-spacer\"><\/div>\n\n<p>Aquest m\u00e8tode es basa en un principi simple: l&#8217;orella \u00e9s una <strong>zona reflexa<\/strong> connectada a tots els \u00f2rgans. Estimulant certes zones de l&#8217;orella amb pressi\u00f3 o polsos l\u00e0ser, es pot utilitzar per: <\/p>\n\n<div style=\"height:21px\" aria-hidden=\"true\" class=\"wp-block-spacer\"><\/div>\n\n<ul class=\"wp-block-list\">\n<li><strong>Estr\u00e8s<\/strong><\/li>\n\n\n\n<li><strong>Addicci\u00f3<\/strong><\/li>\n\n\n\n<li><strong>Trastorns del son<\/strong><\/li>\n\n\n\n<li><strong>Desigs de sucre<\/strong> , alcohol o c\u00e0nnabis<\/li>\n<\/ul>\n\n<div style=\"height:27px\" aria-hidden=\"true\" class=\"wp-block-spacer\"><\/div>\n\n<p><strong>La reflexologia auricular<\/strong> encaixa perfectament en un protocol <strong>global per deixar de fumar<\/strong> , especialment per a aquells que volen deixar de fumar <strong>sense substituts qu\u00edmics<\/strong> .<\/p>\n\n<div style=\"height:27px\" aria-hidden=\"true\" class=\"wp-block-spacer\"><\/div>\n\n<hr class=\"wp-block-separator has-alpha-channel-opacity\"\/>\n\n<h2 class=\"wp-block-heading\">MyLaserTabac: una xarxa nacional al servei de la teva salut<\/h2>\n\n<div style=\"height:27px\" aria-hidden=\"true\" class=\"wp-block-spacer\"><\/div>\n\n<p>A tot Fran\u00e7a, els centres <strong>MyLaserTabac<\/strong> us donen la benvinguda per ajudar-vos <strong><a href=\"https:\/\/www.mylasertabac.com\/ca\/\">a deixar de fumar<\/a><\/strong> , <strong>deixar d&#8217;utilitzar cigarrets electr\u00f2nics<\/strong> o lluitar contra altres addiccions com ara:<\/p>\n\n<div style=\"height:27px\" aria-hidden=\"true\" class=\"wp-block-spacer\"><\/div>\n\n<ul class=\"wp-block-list\">\n<li><strong>Sucre<\/strong><\/li>\n\n\n\n<li><strong>Alcohol<\/strong><\/li>\n\n\n\n<li><strong>C\u00e0nnabis<\/strong><\/li>\n<\/ul>\n\n<div style=\"height:27px\" aria-hidden=\"true\" class=\"wp-block-spacer\"><\/div>\n\n<p>\ud83d\udc49 Per exemple, el <strong><a href=\"https:\/\/www.mylasertabac.com\/nl\/centres\/mylasertabac-ales\/\">centre antitabac d&#8217;Al\u00e8s<\/a><\/strong> s&#8217;especialitza en ajudar els vapejadors a deixar de fumar, per\u00f2 tamb\u00e9 en la gesti\u00f3 global dels trastorns d&#8217;addicci\u00f3. Cada consultor es beneficia d&#8217; <strong>un suport personalitzat<\/strong> , <strong>una escolta atenta<\/strong> i un seguiment a mida.<\/p>\n\n<p>Tant si ets fumador, vapejador o simplement vols recuperar la teva llibertat, <strong>MyLaserTabac<\/strong> t&#8217;ofereix un cam\u00ed natural, efica\u00e7 i segur cap al canvi.<\/p>\n\n<div style=\"height:27px\" aria-hidden=\"true\" class=\"wp-block-spacer\"><\/div>\n\n<h2 class=\"wp-block-heading\">Conclusi\u00f3: vapejar no \u00e9s un joc<\/h2>\n\n<div style=\"height:27px\" aria-hidden=\"true\" class=\"wp-block-spacer\"><\/div>\n\n<p><strong>La s\u00edndrome del pulm\u00f3 de les crispetes<\/strong> \u00e9s una crida d&#8217;atenci\u00f3. Revela la cara oculta d&#8217;un mercat mal regulat, on els joves creuen que estan protegits, mentre que en realitat s&#8217;exposen a riscos <strong>irreversibles<\/strong> . <\/p>\n\n<p>El cigarret electr\u00f2nic no \u00e9s inofensiu. I avui m\u00e9s que mai, <strong>deixar de fumar o vapejar<\/strong> \u00e9s un acte vital. Gr\u00e0cies al <strong>l\u00e0ser antitabac<\/strong> , <strong>la reflexologia auricular<\/strong> i la xarxa <strong>MyLaserTabac<\/strong> , tens <strong>solucions concretes, naturals i efectives<\/strong> a les teves mans.  <\/p>\n\n<p>\ud83c\udf1f No esperis fins que estiguis malalt per reaccionar.  <strong>Tria salut. Tria llibertat. <\/strong><\/p>\n\n<div style=\"height:65px\" aria-hidden=\"true\" class=\"wp-block-spacer\"><\/div>\n\n<hr class=\"wp-block-separator has-alpha-channel-opacity\"\/>\n\n<figure class=\"wp-block-image size-large\"><img decoding=\"async\" src=\"https:\/\/www.mylasertabac.com\/wp-content\/uploads\/\/mlt-verteau.svg\" alt=\"\" class=\"wp-image-13\"\/><\/figure>\n\n<p><\/p>\n","protected":false},"excerpt":{"rendered":"<p>Pensaves que els cigarrets electr\u00f2nics eren una alternativa inofensiva al tabac? Pensa-ho de nou. Una nova alerta sanit\u00e0ria est\u00e0 sacsejant el m\u00f3n del vapeig: estan apareixent casos de malalties respirat\u00f2ries greus i incurables entre els joves vapejadors. La &#8220;s\u00edndrome del pulm\u00f3 de les crispetes&#8221;, abans rara, torna a ser el centre d&#8217;atenci\u00f3, causant preocupaci\u00f3 i [&hellip;]<\/p>\n","protected":false},"author":2,"featured_media":11936,"comment_status":"closed","ping_status":"open","sticky":false,"template":"","format":"standard","meta":{"inline_featured_image":false,"footnotes":""},"categories":[159],"tags":[],"class_list":["post-11964","post","type-post","status-publish","format-standard","has-post-thumbnail","hentry","category-salut"],"yoast_head":"<!-- This site is optimized with the Yoast SEO plugin v27.5 - https:\/\/yoast.com\/product\/yoast-seo-wordpress\/ -->\n<title>\u00abS\u00edndrome del pulm\u00f3 de les crispetes\u00bb: la nova malaltia invisible que amena\u00e7a els vapers - My Laser Tabac<\/title>\n<meta name=\"description\" content=\"Descobreix el &quot;pulm\u00f3 de crispetes&quot;, la malaltia incurable que afecta els vapers. S\u00edmptomes, perills i solucions naturals per deixar de fumar r\u00e0pidament.\" \/>\n<meta name=\"robots\" content=\"index, follow, max-snippet:-1, max-image-preview:large, max-video-preview:-1\" \/>\n<link rel=\"canonical\" href=\"https:\/\/www.mylasertabac.com\/ca\/sindrome-del-pulmo-de-les-crispetes-la-nova-malaltia-invisible-que-amenaca-els-vapers\/\" \/>\n<meta property=\"og:locale\" content=\"ca_ES\" \/>\n<meta property=\"og:type\" content=\"article\" \/>\n<meta property=\"og:title\" content=\"\u00abS\u00edndrome del pulm\u00f3 de les crispetes\u00bb: la nova malaltia invisible que amena\u00e7a els vapers - My Laser Tabac\" \/>\n<meta property=\"og:description\" content=\"Descobreix el &quot;pulm\u00f3 de crispetes&quot;, la malaltia incurable que afecta els vapers. S\u00edmptomes, perills i solucions naturals per deixar de fumar r\u00e0pidament.\" \/>\n<meta property=\"og:url\" content=\"https:\/\/www.mylasertabac.com\/ca\/sindrome-del-pulmo-de-les-crispetes-la-nova-malaltia-invisible-que-amenaca-els-vapers\/\" \/>\n<meta property=\"og:site_name\" content=\"My Laser Tabac\" \/>\n<meta property=\"article:author\" content=\"https:\/\/www.facebook.com\/profile.php?id=61571554707319\" \/>\n<meta property=\"article:published_time\" content=\"2025-07-23T16:30:00+00:00\" \/>\n<meta property=\"article:modified_time\" content=\"2025-10-26T15:30:49+00:00\" \/>\n<meta property=\"og:image\" content=\"https:\/\/www.mylasertabac.com\/wp-content\/uploads\/2025\/07\/maladie-liee-a-la-cigarette-electronique-1024x683.png\" \/>\n\t<meta property=\"og:image:width\" content=\"1024\" \/>\n\t<meta property=\"og:image:height\" content=\"683\" \/>\n\t<meta property=\"og:image:type\" content=\"image\/png\" \/>\n<meta name=\"author\" content=\"Florian Fortes\" \/>\n<meta name=\"twitter:card\" content=\"summary_large_image\" \/>\n<meta name=\"twitter:label1\" content=\"Escrit per\" \/>\n\t<meta name=\"twitter:data1\" content=\"Florian Fortes\" \/>\n\t<meta name=\"twitter:label2\" content=\"Temps estimat de lectura\" \/>\n\t<meta name=\"twitter:data2\" content=\"5 minuts\" \/>\n<script type=\"application\/ld+json\" class=\"yoast-schema-graph\">{\"@context\":\"https:\\\/\\\/schema.org\",\"@graph\":[{\"@type\":\"Article\",\"@id\":\"https:\\\/\\\/www.mylasertabac.com\\\/ca\\\/sindrome-del-pulmo-de-les-crispetes-la-nova-malaltia-invisible-que-amenaca-els-vapers\\\/#article\",\"isPartOf\":{\"@id\":\"https:\\\/\\\/www.mylasertabac.com\\\/ca\\\/sindrome-del-pulmo-de-les-crispetes-la-nova-malaltia-invisible-que-amenaca-els-vapers\\\/\"},\"author\":{\"name\":\"Florian Fortes\",\"@id\":\"https:\\\/\\\/www.mylasertabac.com\\\/ca\\\/#\\\/schema\\\/person\\\/02c249cb76d912efb6c315ec23eccdf3\"},\"headline\":\"\u00abS\u00edndrome del pulm\u00f3 de les crispetes\u00bb: la nova malaltia invisible que amena\u00e7a els vapers\",\"datePublished\":\"2025-07-23T16:30:00+00:00\",\"dateModified\":\"2025-10-26T15:30:49+00:00\",\"mainEntityOfPage\":{\"@id\":\"https:\\\/\\\/www.mylasertabac.com\\\/ca\\\/sindrome-del-pulmo-de-les-crispetes-la-nova-malaltia-invisible-que-amenaca-els-vapers\\\/\"},\"wordCount\":1086,\"publisher\":{\"@id\":\"https:\\\/\\\/www.mylasertabac.com\\\/ca\\\/#organization\"},\"image\":{\"@id\":\"https:\\\/\\\/www.mylasertabac.com\\\/ca\\\/sindrome-del-pulmo-de-les-crispetes-la-nova-malaltia-invisible-que-amenaca-els-vapers\\\/#primaryimage\"},\"thumbnailUrl\":\"https:\\\/\\\/www.mylasertabac.com\\\/wp-content\\\/uploads\\\/2025\\\/07\\\/maladie-liee-a-la-cigarette-electronique.png\",\"articleSection\":[\"Salut\"],\"inLanguage\":\"ca\"},{\"@type\":\"WebPage\",\"@id\":\"https:\\\/\\\/www.mylasertabac.com\\\/ca\\\/sindrome-del-pulmo-de-les-crispetes-la-nova-malaltia-invisible-que-amenaca-els-vapers\\\/\",\"url\":\"https:\\\/\\\/www.mylasertabac.com\\\/ca\\\/sindrome-del-pulmo-de-les-crispetes-la-nova-malaltia-invisible-que-amenaca-els-vapers\\\/\",\"name\":\"\u00abS\u00edndrome del pulm\u00f3 de les crispetes\u00bb: la nova malaltia invisible que amena\u00e7a els vapers - My Laser Tabac\",\"isPartOf\":{\"@id\":\"https:\\\/\\\/www.mylasertabac.com\\\/ca\\\/#website\"},\"primaryImageOfPage\":{\"@id\":\"https:\\\/\\\/www.mylasertabac.com\\\/ca\\\/sindrome-del-pulmo-de-les-crispetes-la-nova-malaltia-invisible-que-amenaca-els-vapers\\\/#primaryimage\"},\"image\":{\"@id\":\"https:\\\/\\\/www.mylasertabac.com\\\/ca\\\/sindrome-del-pulmo-de-les-crispetes-la-nova-malaltia-invisible-que-amenaca-els-vapers\\\/#primaryimage\"},\"thumbnailUrl\":\"https:\\\/\\\/www.mylasertabac.com\\\/wp-content\\\/uploads\\\/2025\\\/07\\\/maladie-liee-a-la-cigarette-electronique.png\",\"datePublished\":\"2025-07-23T16:30:00+00:00\",\"dateModified\":\"2025-10-26T15:30:49+00:00\",\"description\":\"Descobreix el \\\"pulm\u00f3 de crispetes\\\", la malaltia incurable que afecta els vapers. S\u00edmptomes, perills i solucions naturals per deixar de fumar r\u00e0pidament.\",\"breadcrumb\":{\"@id\":\"https:\\\/\\\/www.mylasertabac.com\\\/ca\\\/sindrome-del-pulmo-de-les-crispetes-la-nova-malaltia-invisible-que-amenaca-els-vapers\\\/#breadcrumb\"},\"inLanguage\":\"ca\",\"potentialAction\":[{\"@type\":\"ReadAction\",\"target\":[\"https:\\\/\\\/www.mylasertabac.com\\\/ca\\\/sindrome-del-pulmo-de-les-crispetes-la-nova-malaltia-invisible-que-amenaca-els-vapers\\\/\"]}]},{\"@type\":\"ImageObject\",\"inLanguage\":\"ca\",\"@id\":\"https:\\\/\\\/www.mylasertabac.com\\\/ca\\\/sindrome-del-pulmo-de-les-crispetes-la-nova-malaltia-invisible-que-amenaca-els-vapers\\\/#primaryimage\",\"url\":\"https:\\\/\\\/www.mylasertabac.com\\\/wp-content\\\/uploads\\\/2025\\\/07\\\/maladie-liee-a-la-cigarette-electronique.png\",\"contentUrl\":\"https:\\\/\\\/www.mylasertabac.com\\\/wp-content\\\/uploads\\\/2025\\\/07\\\/maladie-liee-a-la-cigarette-electronique.png\",\"width\":1536,\"height\":1024},{\"@type\":\"BreadcrumbList\",\"@id\":\"https:\\\/\\\/www.mylasertabac.com\\\/ca\\\/sindrome-del-pulmo-de-les-crispetes-la-nova-malaltia-invisible-que-amenaca-els-vapers\\\/#breadcrumb\",\"itemListElement\":[{\"@type\":\"ListItem\",\"position\":1,\"name\":\"Accueil\",\"item\":\"https:\\\/\\\/www.mylasertabac.com\\\/ca\\\/benvingut\\\/\"},{\"@type\":\"ListItem\",\"position\":2,\"name\":\"\u00abS\u00edndrome del pulm\u00f3 de les crispetes\u00bb: la nova malaltia invisible que amena\u00e7a els vapers\"}]},{\"@type\":\"WebSite\",\"@id\":\"https:\\\/\\\/www.mylasertabac.com\\\/ca\\\/#website\",\"url\":\"https:\\\/\\\/www.mylasertabac.com\\\/ca\\\/\",\"name\":\"My Laser Tabac\",\"description\":\"La solution laser qui transforme les fumeurs en ex-fumeurs\",\"publisher\":{\"@id\":\"https:\\\/\\\/www.mylasertabac.com\\\/ca\\\/#organization\"},\"potentialAction\":[{\"@type\":\"SearchAction\",\"target\":{\"@type\":\"EntryPoint\",\"urlTemplate\":\"https:\\\/\\\/www.mylasertabac.com\\\/ca\\\/?s={search_term_string}\"},\"query-input\":{\"@type\":\"PropertyValueSpecification\",\"valueRequired\":true,\"valueName\":\"search_term_string\"}}],\"inLanguage\":\"ca\"},{\"@type\":\"Organization\",\"@id\":\"https:\\\/\\\/www.mylasertabac.com\\\/ca\\\/#organization\",\"name\":\"My Laser Tabac\",\"url\":\"https:\\\/\\\/www.mylasertabac.com\\\/ca\\\/\",\"logo\":{\"@type\":\"ImageObject\",\"inLanguage\":\"ca\",\"@id\":\"https:\\\/\\\/www.mylasertabac.com\\\/ca\\\/#\\\/schema\\\/logo\\\/image\\\/\",\"url\":\"https:\\\/\\\/www.mylasertabac.com\\\/wp-content\\\/uploads\\\/2024\\\/12\\\/mlt-verteau.svg\",\"contentUrl\":\"https:\\\/\\\/www.mylasertabac.com\\\/wp-content\\\/uploads\\\/2024\\\/12\\\/mlt-verteau.svg\",\"caption\":\"My Laser Tabac\"},\"image\":{\"@id\":\"https:\\\/\\\/www.mylasertabac.com\\\/ca\\\/#\\\/schema\\\/logo\\\/image\\\/\"}},{\"@type\":\"Person\",\"@id\":\"https:\\\/\\\/www.mylasertabac.com\\\/ca\\\/#\\\/schema\\\/person\\\/02c249cb76d912efb6c315ec23eccdf3\",\"name\":\"Florian Fortes\",\"image\":{\"@type\":\"ImageObject\",\"inLanguage\":\"ca\",\"@id\":\"https:\\\/\\\/www.mylasertabac.com\\\/wp-content\\\/litespeed\\\/avatar\\\/142101a71d7b9e6490c1120d9c109a67.jpg?ver=1777461116\",\"url\":\"https:\\\/\\\/www.mylasertabac.com\\\/wp-content\\\/litespeed\\\/avatar\\\/142101a71d7b9e6490c1120d9c109a67.jpg?ver=1777461116\",\"contentUrl\":\"https:\\\/\\\/www.mylasertabac.com\\\/wp-content\\\/litespeed\\\/avatar\\\/142101a71d7b9e6490c1120d9c109a67.jpg?ver=1777461116\",\"caption\":\"Florian Fortes\"},\"sameAs\":[\"https:\\\/\\\/www.mylasertabac.com\",\"https:\\\/\\\/www.facebook.com\\\/profile.php?id=61571554707319\"],\"url\":\"https:\\\/\\\/www.mylasertabac.com\\\/ca\\\/author\\\/florianfortes5312\\\/\"}]}<\/script>\n<!-- \/ Yoast SEO plugin. -->","yoast_head_json":{"title":"\u00abS\u00edndrome del pulm\u00f3 de les crispetes\u00bb: la nova malaltia invisible que amena\u00e7a els vapers - My Laser Tabac","description":"Descobreix el \"pulm\u00f3 de crispetes\", la malaltia incurable que afecta els vapers. S\u00edmptomes, perills i solucions naturals per deixar de fumar r\u00e0pidament.","robots":{"index":"index","follow":"follow","max-snippet":"max-snippet:-1","max-image-preview":"max-image-preview:large","max-video-preview":"max-video-preview:-1"},"canonical":"https:\/\/www.mylasertabac.com\/ca\/sindrome-del-pulmo-de-les-crispetes-la-nova-malaltia-invisible-que-amenaca-els-vapers\/","og_locale":"ca_ES","og_type":"article","og_title":"\u00abS\u00edndrome del pulm\u00f3 de les crispetes\u00bb: la nova malaltia invisible que amena\u00e7a els vapers - My Laser Tabac","og_description":"Descobreix el \"pulm\u00f3 de crispetes\", la malaltia incurable que afecta els vapers. S\u00edmptomes, perills i solucions naturals per deixar de fumar r\u00e0pidament.","og_url":"https:\/\/www.mylasertabac.com\/ca\/sindrome-del-pulmo-de-les-crispetes-la-nova-malaltia-invisible-que-amenaca-els-vapers\/","og_site_name":"My Laser Tabac","article_author":"https:\/\/www.facebook.com\/profile.php?id=61571554707319","article_published_time":"2025-07-23T16:30:00+00:00","article_modified_time":"2025-10-26T15:30:49+00:00","og_image":[{"width":1024,"height":683,"url":"https:\/\/www.mylasertabac.com\/wp-content\/uploads\/2025\/07\/maladie-liee-a-la-cigarette-electronique-1024x683.png","type":"image\/png"}],"author":"Florian Fortes","twitter_card":"summary_large_image","twitter_misc":{"Escrit per":"Florian Fortes","Temps estimat de lectura":"5 minuts"},"schema":{"@context":"https:\/\/schema.org","@graph":[{"@type":"Article","@id":"https:\/\/www.mylasertabac.com\/ca\/sindrome-del-pulmo-de-les-crispetes-la-nova-malaltia-invisible-que-amenaca-els-vapers\/#article","isPartOf":{"@id":"https:\/\/www.mylasertabac.com\/ca\/sindrome-del-pulmo-de-les-crispetes-la-nova-malaltia-invisible-que-amenaca-els-vapers\/"},"author":{"name":"Florian Fortes","@id":"https:\/\/www.mylasertabac.com\/ca\/#\/schema\/person\/02c249cb76d912efb6c315ec23eccdf3"},"headline":"\u00abS\u00edndrome del pulm\u00f3 de les crispetes\u00bb: la nova malaltia invisible que amena\u00e7a els vapers","datePublished":"2025-07-23T16:30:00+00:00","dateModified":"2025-10-26T15:30:49+00:00","mainEntityOfPage":{"@id":"https:\/\/www.mylasertabac.com\/ca\/sindrome-del-pulmo-de-les-crispetes-la-nova-malaltia-invisible-que-amenaca-els-vapers\/"},"wordCount":1086,"publisher":{"@id":"https:\/\/www.mylasertabac.com\/ca\/#organization"},"image":{"@id":"https:\/\/www.mylasertabac.com\/ca\/sindrome-del-pulmo-de-les-crispetes-la-nova-malaltia-invisible-que-amenaca-els-vapers\/#primaryimage"},"thumbnailUrl":"https:\/\/www.mylasertabac.com\/wp-content\/uploads\/2025\/07\/maladie-liee-a-la-cigarette-electronique.png","articleSection":["Salut"],"inLanguage":"ca"},{"@type":"WebPage","@id":"https:\/\/www.mylasertabac.com\/ca\/sindrome-del-pulmo-de-les-crispetes-la-nova-malaltia-invisible-que-amenaca-els-vapers\/","url":"https:\/\/www.mylasertabac.com\/ca\/sindrome-del-pulmo-de-les-crispetes-la-nova-malaltia-invisible-que-amenaca-els-vapers\/","name":"\u00abS\u00edndrome del pulm\u00f3 de les crispetes\u00bb: la nova malaltia invisible que amena\u00e7a els vapers - My Laser Tabac","isPartOf":{"@id":"https:\/\/www.mylasertabac.com\/ca\/#website"},"primaryImageOfPage":{"@id":"https:\/\/www.mylasertabac.com\/ca\/sindrome-del-pulmo-de-les-crispetes-la-nova-malaltia-invisible-que-amenaca-els-vapers\/#primaryimage"},"image":{"@id":"https:\/\/www.mylasertabac.com\/ca\/sindrome-del-pulmo-de-les-crispetes-la-nova-malaltia-invisible-que-amenaca-els-vapers\/#primaryimage"},"thumbnailUrl":"https:\/\/www.mylasertabac.com\/wp-content\/uploads\/2025\/07\/maladie-liee-a-la-cigarette-electronique.png","datePublished":"2025-07-23T16:30:00+00:00","dateModified":"2025-10-26T15:30:49+00:00","description":"Descobreix el \"pulm\u00f3 de crispetes\", la malaltia incurable que afecta els vapers. S\u00edmptomes, perills i solucions naturals per deixar de fumar r\u00e0pidament.","breadcrumb":{"@id":"https:\/\/www.mylasertabac.com\/ca\/sindrome-del-pulmo-de-les-crispetes-la-nova-malaltia-invisible-que-amenaca-els-vapers\/#breadcrumb"},"inLanguage":"ca","potentialAction":[{"@type":"ReadAction","target":["https:\/\/www.mylasertabac.com\/ca\/sindrome-del-pulmo-de-les-crispetes-la-nova-malaltia-invisible-que-amenaca-els-vapers\/"]}]},{"@type":"ImageObject","inLanguage":"ca","@id":"https:\/\/www.mylasertabac.com\/ca\/sindrome-del-pulmo-de-les-crispetes-la-nova-malaltia-invisible-que-amenaca-els-vapers\/#primaryimage","url":"https:\/\/www.mylasertabac.com\/wp-content\/uploads\/2025\/07\/maladie-liee-a-la-cigarette-electronique.png","contentUrl":"https:\/\/www.mylasertabac.com\/wp-content\/uploads\/2025\/07\/maladie-liee-a-la-cigarette-electronique.png","width":1536,"height":1024},{"@type":"BreadcrumbList","@id":"https:\/\/www.mylasertabac.com\/ca\/sindrome-del-pulmo-de-les-crispetes-la-nova-malaltia-invisible-que-amenaca-els-vapers\/#breadcrumb","itemListElement":[{"@type":"ListItem","position":1,"name":"Accueil","item":"https:\/\/www.mylasertabac.com\/ca\/benvingut\/"},{"@type":"ListItem","position":2,"name":"\u00abS\u00edndrome del pulm\u00f3 de les crispetes\u00bb: la nova malaltia invisible que amena\u00e7a els vapers"}]},{"@type":"WebSite","@id":"https:\/\/www.mylasertabac.com\/ca\/#website","url":"https:\/\/www.mylasertabac.com\/ca\/","name":"My Laser Tabac","description":"La solution laser qui transforme les fumeurs en ex-fumeurs","publisher":{"@id":"https:\/\/www.mylasertabac.com\/ca\/#organization"},"potentialAction":[{"@type":"SearchAction","target":{"@type":"EntryPoint","urlTemplate":"https:\/\/www.mylasertabac.com\/ca\/?s={search_term_string}"},"query-input":{"@type":"PropertyValueSpecification","valueRequired":true,"valueName":"search_term_string"}}],"inLanguage":"ca"},{"@type":"Organization","@id":"https:\/\/www.mylasertabac.com\/ca\/#organization","name":"My Laser Tabac","url":"https:\/\/www.mylasertabac.com\/ca\/","logo":{"@type":"ImageObject","inLanguage":"ca","@id":"https:\/\/www.mylasertabac.com\/ca\/#\/schema\/logo\/image\/","url":"https:\/\/www.mylasertabac.com\/wp-content\/uploads\/2024\/12\/mlt-verteau.svg","contentUrl":"https:\/\/www.mylasertabac.com\/wp-content\/uploads\/2024\/12\/mlt-verteau.svg","caption":"My Laser Tabac"},"image":{"@id":"https:\/\/www.mylasertabac.com\/ca\/#\/schema\/logo\/image\/"}},{"@type":"Person","@id":"https:\/\/www.mylasertabac.com\/ca\/#\/schema\/person\/02c249cb76d912efb6c315ec23eccdf3","name":"Florian Fortes","image":{"@type":"ImageObject","inLanguage":"ca","@id":"https:\/\/www.mylasertabac.com\/wp-content\/litespeed\/avatar\/142101a71d7b9e6490c1120d9c109a67.jpg?ver=1777461116","url":"https:\/\/www.mylasertabac.com\/wp-content\/litespeed\/avatar\/142101a71d7b9e6490c1120d9c109a67.jpg?ver=1777461116","contentUrl":"https:\/\/www.mylasertabac.com\/wp-content\/litespeed\/avatar\/142101a71d7b9e6490c1120d9c109a67.jpg?ver=1777461116","caption":"Florian Fortes"},"sameAs":["https:\/\/www.mylasertabac.com","https:\/\/www.facebook.com\/profile.php?id=61571554707319"],"url":"https:\/\/www.mylasertabac.com\/ca\/author\/florianfortes5312\/"}]}},"_links":{"self":[{"href":"https:\/\/www.mylasertabac.com\/ca\/wp-json\/wp\/v2\/posts\/11964","targetHints":{"allow":["GET"]}}],"collection":[{"href":"https:\/\/www.mylasertabac.com\/ca\/wp-json\/wp\/v2\/posts"}],"about":[{"href":"https:\/\/www.mylasertabac.com\/ca\/wp-json\/wp\/v2\/types\/post"}],"author":[{"embeddable":true,"href":"https:\/\/www.mylasertabac.com\/ca\/wp-json\/wp\/v2\/users\/2"}],"replies":[{"embeddable":true,"href":"https:\/\/www.mylasertabac.com\/ca\/wp-json\/wp\/v2\/comments?post=11964"}],"version-history":[{"count":5,"href":"https:\/\/www.mylasertabac.com\/ca\/wp-json\/wp\/v2\/posts\/11964\/revisions"}],"predecessor-version":[{"id":18724,"href":"https:\/\/www.mylasertabac.com\/ca\/wp-json\/wp\/v2\/posts\/11964\/revisions\/18724"}],"wp:featuredmedia":[{"embeddable":true,"href":"https:\/\/www.mylasertabac.com\/ca\/wp-json\/wp\/v2\/media\/11936"}],"wp:attachment":[{"href":"https:\/\/www.mylasertabac.com\/ca\/wp-json\/wp\/v2\/media?parent=11964"}],"wp:term":[{"taxonomy":"category","embeddable":true,"href":"https:\/\/www.mylasertabac.com\/ca\/wp-json\/wp\/v2\/categories?post=11964"},{"taxonomy":"post_tag","embeddable":true,"href":"https:\/\/www.mylasertabac.com\/ca\/wp-json\/wp\/v2\/tags?post=11964"}],"curies":[{"name":"wp","href":"https:\/\/api.w.org\/{rel}","templated":true}]}}