{"id":12006,"date":"2025-07-24T16:27:08","date_gmt":"2025-07-24T14:27:08","guid":{"rendered":"https:\/\/www.mylasertabac.com\/%f0%9f%9a%a8-trafic-de-cigarrets-lliure-dimpostos-andorra-un-nou-camp-de-batalla-entre-el-negoci-illegal-i-la-salut-publica\/"},"modified":"2025-07-24T16:36:43","modified_gmt":"2025-07-24T14:36:43","slug":"%f0%9f%9a%a8-trafic-de-cigarrets-lliure-dimpostos-andorra-un-nou-camp-de-batalla-entre-el-negoci-illegal-i-la-salut-publica","status":"publish","type":"post","link":"https:\/\/www.mylasertabac.com\/ca\/%f0%9f%9a%a8-trafic-de-cigarrets-lliure-dimpostos-andorra-un-nou-camp-de-batalla-entre-el-negoci-illegal-i-la-salut-publica\/","title":{"rendered":"\ud83d\udea8 Tr\u00e0fic de cigarrets lliure d&#8217;impostos: Andorra, un nou camp de batalla entre el negoci il\u00b7legal i la salut p\u00fablica"},"content":{"rendered":"\n<p>El tema intriga, commociona i fa aixecar l&#8217;alarma: cada any, milions de cigarrets es transporten il\u00b7legalment entre Andorra i Fran\u00e7a. El resultat? El 2024, les vendes oficials van caure entre <strong>un 6 i un 8%<\/strong> , tot i el consum constant. L&#8217;explicaci\u00f3: no \u00e9s la prevenci\u00f3 la que guanya, sin\u00f3 <strong>el contraban el que prospera<\/strong> , sobretot cap a la submissi\u00f3, via el Principat.   <\/p>\n\n<div style=\"height:21px\" aria-hidden=\"true\" class=\"wp-block-spacer\"><\/div>\n\n<h2 class=\"wp-block-heading\">\ud83d\udcc9 Caiguda hist\u00f2rica de les vendes oficials: un indicador alarmant<\/h2>\n\n<div style=\"height:21px\" aria-hidden=\"true\" class=\"wp-block-spacer\"><\/div>\n\n<p>Les estad\u00edstiques duaneres s\u00f3n clares: les vendes de cigarrets regulats a Fran\u00e7a van caure entre <strong>un 6 i un 8% el 2024.<\/strong> Darrere d&#8217;aquestes xifres no hi ha un abandonament massiu del tabac, sin\u00f3 un <strong>\u00e8xode massiu cap al mercat negre<\/strong> . Com menys gent fuma legalment, m\u00e9s xarxes floreixen, especialment a les zones afectades per Andorra i Luxemburg.  <\/p>\n\n<div style=\"height:36px\" aria-hidden=\"true\" class=\"wp-block-spacer\"><\/div>\n\n<figure class=\"wp-block-image alignleft size-full is-resized\"><img fetchpriority=\"high\" decoding=\"async\" width=\"1024\" height=\"1024\" src=\"https:\/\/www.mylasertabac.com\/wp-content\/uploads\/2025\/07\/Vente-de-cigarette-en-Andorre-un-trafic-vers-la-France.png\" alt=\"\" class=\"wp-image-11460\" style=\"width:387px;height:auto\" srcset=\"https:\/\/www.mylasertabac.com\/wp-content\/uploads\/2025\/07\/Vente-de-cigarette-en-Andorre-un-trafic-vers-la-France.png 1024w, https:\/\/www.mylasertabac.com\/wp-content\/uploads\/2025\/07\/Vente-de-cigarette-en-Andorre-un-trafic-vers-la-France-300x300.png 300w, https:\/\/www.mylasertabac.com\/wp-content\/uploads\/2025\/07\/Vente-de-cigarette-en-Andorre-un-trafic-vers-la-France-150x150.png 150w, https:\/\/www.mylasertabac.com\/wp-content\/uploads\/2025\/07\/Vente-de-cigarette-en-Andorre-un-trafic-vers-la-France-768x768.png 768w\" sizes=\"(max-width: 1024px) 100vw, 1024px\" \/><\/figure>\n\n<h2 class=\"wp-block-heading\">\ud83d\udee4\ufe0f Andorra: porta d&#8217;entrada al contraban massiu<\/h2>\n\n<ul class=\"wp-block-list\">\n<li>Cada any s&#8217;envien uns <strong>850 milions de cigarrets<\/strong> a Fran\u00e7a des d&#8217;Andorra, mentre que el consum local est\u00e0 limitat a <strong>120 milions<\/strong> , un super\u00e0vit colossal.<\/li>\n\n\n\n<li>A l&#8217;octubre de 2024, la duana va confiscar gaireb\u00e9 <strong>16.000 paquets<\/strong> , amagats en cavitats naturals al voltant de Pas-de-la-Case, que representaven mercaderies per valor de <strong>m\u00e9s de 62.500 euros<\/strong> .<\/li>\n\n\n\n<li>Nom\u00e9s el 2023 es van interceptar <strong>34.527 cartutxos<\/strong> , en comparaci\u00f3 amb els 11.500 de l&#8217;any anterior, un augment de gaireb\u00e9 <strong>el 200%<\/strong> .<\/li>\n<\/ul>\n\n<p>Aquest tr\u00e0fic massiu es basa en el considerable decalatge fiscal amb Fran\u00e7a, cosa que fa que el Principat sigui molt atractiu per als contrabandistes.<\/p>\n\n<div style=\"height:42px\" aria-hidden=\"true\" class=\"wp-block-spacer\"><\/div>\n\n<h2 class=\"wp-block-heading\">\ud83c\udfd9\ufe0f Venedors ambulants i botigues de queviures: la trivialitzaci\u00f3 del tr\u00e0nsit a la ciutat<\/h2>\n\n<p>Avui dia, en moltes ciutats i barris, la <strong>souvette<\/strong> \u00e9s habitual:<\/p>\n\n<ul class=\"wp-block-list\">\n<li>A les cantonades dels carrers, als aparcaments, als autobusos o als vest\u00edbuls dels edificis, els paquets sense tra\u00e7abilitat es venen a preus molt baixos.<\/li>\n\n\n\n<li><strong>Els supermercats<\/strong> ofereixen clandestinament tabac lliure d&#8217;impostos, ja que els clients habituals no hi veuen cap risc.<\/li>\n<\/ul>\n\n<p>Aquests canals informals estan assecant els ingressos dels estancs alhora que perjudiquen la seguretat sanit\u00e0ria: <strong>productes no controlats, riscos t\u00f2xics, manca total de garanties.<\/strong><\/p>\n\n<div style=\"height:21px\" aria-hidden=\"true\" class=\"wp-block-spacer\"><\/div>\n\n<h2 class=\"wp-block-heading\">\ud83d\udcb6 Conseq\u00fc\u00e8ncies per a l&#8217;economia i la societat<\/h2>\n\n<div style=\"height:21px\" aria-hidden=\"true\" class=\"wp-block-spacer\"><\/div>\n\n<ul class=\"wp-block-list\">\n<li><strong>P\u00e8rdues fiscals estimades entre 3 i 7 milions d&#8217;euros<\/strong> anuals.<\/li>\n\n\n\n<li><strong>Els estancs en dificultats<\/strong> , obligats a baixar els preus o fins i tot tancar la botiga.<\/li>\n\n\n\n<li><strong>Augment del risc per a la salut<\/strong> : tabac falsificat sense garanties sanit\u00e0ries.<\/li>\n\n\n\n<li><strong>Enfortiment de les xarxes criminals<\/strong> , disposats a tot per mantenir el circuit.<\/li>\n<\/ul>\n\n<div style=\"height:28px\" aria-hidden=\"true\" class=\"wp-block-spacer\"><\/div>\n\n<figure class=\"wp-block-image size-large\"><img decoding=\"async\" width=\"1024\" height=\"683\" src=\"https:\/\/www.mylasertabac.com\/wp-content\/uploads\/2025\/07\/trafic-de-cigarette-entre-la-France-et-lAndorre--1024x683.png\" alt=\"\" class=\"wp-image-11468\" srcset=\"https:\/\/www.mylasertabac.com\/wp-content\/uploads\/2025\/07\/trafic-de-cigarette-entre-la-France-et-lAndorre--1024x683.png 1024w, https:\/\/www.mylasertabac.com\/wp-content\/uploads\/2025\/07\/trafic-de-cigarette-entre-la-France-et-lAndorre--300x200.png 300w, https:\/\/www.mylasertabac.com\/wp-content\/uploads\/2025\/07\/trafic-de-cigarette-entre-la-France-et-lAndorre--768x512.png 768w, https:\/\/www.mylasertabac.com\/wp-content\/uploads\/2025\/07\/trafic-de-cigarette-entre-la-France-et-lAndorre-.png 1536w\" sizes=\"(max-width: 1024px) 100vw, 1024px\" \/><\/figure>\n\n<div style=\"height:29px\" aria-hidden=\"true\" class=\"wp-block-spacer\"><\/div>\n\n<h2 class=\"wp-block-heading\">\u2699\ufe0f Xarxes organitzades d&#8217;avantguarda<\/h2>\n\n<div style=\"height:21px\" aria-hidden=\"true\" class=\"wp-block-spacer\"><\/div>\n\n<p>Avui dia, ja no es tracta de contraban puntual:<\/p>\n\n<ul class=\"wp-block-list\">\n<li>Organitzaci\u00f3 precisa entre <strong>xarxes frontereres<\/strong> (Andorra-Fran\u00e7a),<\/li>\n\n\n\n<li>Vendes a trav\u00e9s de <strong>botigues de queviures no autoritzades<\/strong> , <strong>grups de WhatsApp<\/strong> , <strong>cotxes compartits il\u00b7legals<\/strong> ,<\/li>\n\n\n\n<li>\u00das ocasional de <strong>drons<\/strong> per localitzar punts de desembarcament a terra,<\/li>\n\n\n\n<li>Contenidors amagats sota l&#8217;aparen\u00e7a de transport leg\u00edtim: autobusos, camions, paquets postals, paquets.<\/li>\n\n\n\n<li>Sistemes sofisticats d&#8217;evitaci\u00f3 implementats per professionals del crim organitzat.<\/li>\n<\/ul>\n\n<div style=\"height:21px\" aria-hidden=\"true\" class=\"wp-block-spacer\"><\/div>\n\n<h2 class=\"wp-block-heading\">\ud83d\udee1\ufe0f Resposta de les autoritats: drons, esc\u00e0ners, sancions<\/h2>\n\n<p>El govern ha posat en marxa un veritable <strong>arsenal<\/strong> per aturar aquesta hemorr\u00e0gia:<\/p>\n\n<ul class=\"wp-block-list\">\n<li><strong>Patrulles conjuntes<\/strong> amb la Gu\u00e0rdia Civil<\/li>\n\n\n\n<li><strong>3 drons<\/strong> desplegats per cartografiar els fluxos al llarg de la RN20 i a les muntanyes,<\/li>\n\n\n\n<li><strong>Esc\u00e0ners port\u00e0tils<\/strong> , refor\u00e7 de gossos detectors (+20%),<\/li>\n\n\n\n<li><strong>Controls postals, d&#8217;autobusos i de trens<\/strong> per bloquejar el tr\u00e0nsit abans d&#8217;entrar a Fran\u00e7a,<\/li>\n\n\n\n<li><strong>Augment de les sancions<\/strong> : multes, tancaments administratius, augment de les sancions penals.<\/li>\n<\/ul>\n\n<div style=\"height:31px\" aria-hidden=\"true\" class=\"wp-block-spacer\"><\/div>\n\n<figure class=\"wp-block-image alignright size-full is-resized\"><img decoding=\"async\" width=\"1024\" height=\"1024\" src=\"https:\/\/www.mylasertabac.com\/wp-content\/uploads\/2025\/07\/Vente-de-cigarette-de-contrebande.png\" alt=\"\" class=\"wp-image-11476\" style=\"width:321px;height:auto\" srcset=\"https:\/\/www.mylasertabac.com\/wp-content\/uploads\/2025\/07\/Vente-de-cigarette-de-contrebande.png 1024w, https:\/\/www.mylasertabac.com\/wp-content\/uploads\/2025\/07\/Vente-de-cigarette-de-contrebande-300x300.png 300w, https:\/\/www.mylasertabac.com\/wp-content\/uploads\/2025\/07\/Vente-de-cigarette-de-contrebande-150x150.png 150w, https:\/\/www.mylasertabac.com\/wp-content\/uploads\/2025\/07\/Vente-de-cigarette-de-contrebande-768x768.png 768w\" sizes=\"(max-width: 1024px) 100vw, 1024px\" \/><\/figure>\n\n<h2 class=\"wp-block-heading\">\ud83d\udea8 Xarxes que amenacen el teixit local<\/h2>\n\n<ul class=\"wp-block-list\">\n<li>Els estancs paguen un preu alt per productes sense etiquetatge ni regulaci\u00f3.<\/li>\n\n\n\n<li>Els clients compren m\u00e9s barat, per\u00f2 <strong>alhora s&#8217;exposen a productes perillosos<\/strong> .<\/li>\n\n\n\n<li>La perif\u00e8ria de les fronteres s&#8217;est\u00e0 convertint en un terreny f\u00e8rtil per al crim organitzat: <strong>contraban, blanqueig de capitals, xarxes paral\u00b7leles<\/strong> .<\/li>\n<\/ul>\n\n<p><\/p>\n\n<p><\/p>\n\n<p><\/p>\n\n<p><\/p>\n\n<div style=\"height:32px\" aria-hidden=\"true\" class=\"wp-block-spacer\"><\/div>\n\n<figure class=\"wp-block-table\"><table class=\"has-fixed-layout\"><tbody><tr><td>Llegiu tamb\u00e9: <a href=\"https:\/\/www.mylasertabac.com\/ca\/formacio-per-deixar-de-consumir-sucre-converteix-te-en-un-professional-certificat-en-laser-antiaddiccio\/\"><mark style=\"background-color:rgba(0, 0, 0, 0)\" class=\"has-inline-color has-luminous-vivid-orange-color\">Si voleu comen\u00e7ar el vostre propi negoci, oferim formaci\u00f3 per a la desintoxicaci\u00f3 de sucre.<\/mark><\/a><\/td><\/tr><\/tbody><\/table><\/figure>\n\n<div style=\"height:21px\" aria-hidden=\"true\" class=\"wp-block-spacer\"><\/div>\n\n<h2 class=\"wp-block-heading\">\ud83d\udead Quina soluci\u00f3 concreta hi ha per aturar el finan\u00e7ament d&#8217;aquest tr\u00e0fic?<\/h2>\n\n<div style=\"height:21px\" aria-hidden=\"true\" class=\"wp-block-spacer\"><\/div>\n\n<p>La resposta m\u00e9s radical \u00e9s <strong>deixar de fumar<\/strong> , oficialment, amb suport professional. Aqu\u00ed \u00e9s on entra en joc MyLaserTabac. <\/p>\n\n<p>El nostre m\u00e8tode natural es basa en <strong><a href=\"https:\/\/www.mylasertabac.com\/ca\/\">la reflexologia auricular l\u00e0ser<\/a><\/strong> , un protocol indolor i sense medicaments:<\/p>\n\n<ul class=\"wp-block-list\">\n<li>Un l\u00e0ser estimula punts reflexos relacionats amb l&#8217;addicci\u00f3, l&#8217;estr\u00e8s, el desig,<\/li>\n\n\n\n<li>Resultats tangibles des de la <strong>primera sessi\u00f3<\/strong> : reducci\u00f3 r\u00e0pida de la depend\u00e8ncia,<\/li>\n\n\n\n<li>Millora del son, l&#8217;estat d&#8217;\u00e0nim, la salut respirat\u00f2ria,<\/li>\n\n\n\n<li><strong>Taxa d&#8217;\u00e8xit del 90%<\/strong> , sense substituts, sense efectes secundaris.<\/li>\n<\/ul>\n\n<div style=\"height:21px\" aria-hidden=\"true\" class=\"wp-block-spacer\"><\/div>\n\n<h2 class=\"wp-block-heading\">\u2705 L&#8217;elecci\u00f3 correcta: salut, llibertat i suport a les vies legals<\/h2>\n\n<div style=\"height:21px\" aria-hidden=\"true\" class=\"wp-block-spacer\"><\/div>\n\n<ul class=\"wp-block-list\">\n<li>En deixar de fumar, <strong>reconstrueixes la teva salut<\/strong> ,<\/li>\n\n\n\n<li>Vas <strong>posar fi a una compra dubtosa que alimentava xarxes criminals<\/strong> ,<\/li>\n\n\n\n<li>Doneu <strong>suport a l&#8217;economia francesa<\/strong> , els llocs de treball als estancs i la regulaci\u00f3 p\u00fablica.<\/li>\n<\/ul>\n\n<div style=\"height:21px\" aria-hidden=\"true\" class=\"wp-block-spacer\"><\/div>\n\n<hr class=\"wp-block-separator has-alpha-channel-opacity\"\/>\n\n<h2 class=\"wp-block-heading\">\ud83d\udd0e Vols saber-ne m\u00e9s?<\/h2>\n\n<p>Visita <a class=\"\" href=\"https:\/\/www.mylasertabac.com\/ca\/\">mylasertabac.com<\/a> per descobrir:<\/p>\n\n<ul class=\"wp-block-list\">\n<li>Com funciona el nostre protocol de reflexologia auricular l\u00e0ser,<\/li>\n\n\n\n<li>On trobar un <a href=\"https:\/\/www.mylasertabac.com\/ca\/els-nostres-centres\/\">centre MyLaserTabac<\/a> a prop teu,<\/li>\n\n\n\n<li>Els testimonis d&#8217;aquells que han decidit prendre el control de les seves vides.<\/li>\n<\/ul>\n\n<p>Perqu\u00e8 cada paquet lliure d&#8217;impostos \u00e9s un problema per al futur. I <strong>tu pots marcar la difer\u00e8ncia<\/strong> , simplement triant un altre cam\u00ed. <\/p>\n\n<div style=\"height:39px\" aria-hidden=\"true\" class=\"wp-block-spacer\"><\/div>\n\n<figure class=\"wp-block-image size-large\"><img decoding=\"async\" src=\"https:\/\/www.mylasertabac.com\/wp-content\/uploads\/\/mlt-verteau.svg\" alt=\"\" class=\"wp-image-13\"\/><\/figure>\n\n<p><\/p>\n","protected":false},"excerpt":{"rendered":"<p>El tema intriga, commociona i fa aixecar l&#8217;alarma: cada any, milions de cigarrets es transporten il\u00b7legalment entre Andorra i Fran\u00e7a. El resultat? El 2024, les vendes oficials van caure entre un 6 i un 8% , tot i el consum constant. L&#8217;explicaci\u00f3: no \u00e9s la prevenci\u00f3 la que guanya, sin\u00f3 el contraban el que prospera [&hellip;]<\/p>\n","protected":false},"author":2,"featured_media":11453,"comment_status":"closed","ping_status":"open","sticky":false,"template":"","format":"standard","meta":{"inline_featured_image":false,"footnotes":""},"categories":[585],"tags":[],"class_list":["post-12006","post","type-post","status-publish","format-standard","has-post-thumbnail","hentry","category-llei"],"yoast_head":"<!-- This site is optimized with the Yoast SEO plugin v27.5 - https:\/\/yoast.com\/product\/yoast-seo-wordpress\/ -->\n<title>\ud83d\udea8 Tr\u00e0fic de cigarrets lliure d&#039;impostos: Andorra, un nou camp de batalla entre el negoci il\u00b7legal i la salut p\u00fablica - My Laser Tabac<\/title>\n<meta name=\"description\" content=\"Descobreix les entre bastidors del tr\u00e0fic de cigarrets entre Fran\u00e7a i Andorra, una xarxa il\u00b7legal amb m\u00e8todes formidables.\" \/>\n<meta name=\"robots\" content=\"index, follow, max-snippet:-1, max-image-preview:large, max-video-preview:-1\" \/>\n<link rel=\"canonical\" href=\"https:\/\/www.mylasertabac.com\/ca\/%f0%9f%9a%a8-trafic-de-cigarrets-lliure-dimpostos-andorra-un-nou-camp-de-batalla-entre-el-negoci-illegal-i-la-salut-publica\/\" \/>\n<meta property=\"og:locale\" content=\"ca_ES\" \/>\n<meta property=\"og:type\" content=\"article\" \/>\n<meta property=\"og:title\" content=\"\ud83d\udea8 Tr\u00e0fic de cigarrets lliure d&#039;impostos: Andorra, un nou camp de batalla entre el negoci il\u00b7legal i la salut p\u00fablica - My Laser Tabac\" \/>\n<meta property=\"og:description\" content=\"Descobreix les entre bastidors del tr\u00e0fic de cigarrets entre Fran\u00e7a i Andorra, una xarxa il\u00b7legal amb m\u00e8todes formidables.\" \/>\n<meta property=\"og:url\" content=\"https:\/\/www.mylasertabac.com\/ca\/%f0%9f%9a%a8-trafic-de-cigarrets-lliure-dimpostos-andorra-un-nou-camp-de-batalla-entre-el-negoci-illegal-i-la-salut-publica\/\" \/>\n<meta property=\"og:site_name\" content=\"My Laser Tabac\" \/>\n<meta property=\"article:author\" content=\"https:\/\/www.facebook.com\/profile.php?id=61571554707319\" \/>\n<meta property=\"article:published_time\" content=\"2025-07-24T14:27:08+00:00\" \/>\n<meta property=\"article:modified_time\" content=\"2025-07-24T14:36:43+00:00\" \/>\n<meta property=\"og:image\" content=\"https:\/\/www.mylasertabac.com\/wp-content\/uploads\/2025\/07\/trafic-de-cigarette-entre-landorre-et-la-France-1024x683.png\" \/>\n\t<meta property=\"og:image:width\" content=\"1024\" \/>\n\t<meta property=\"og:image:height\" content=\"683\" \/>\n\t<meta property=\"og:image:type\" content=\"image\/png\" \/>\n<meta name=\"author\" content=\"Florian Fortes\" \/>\n<meta name=\"twitter:card\" content=\"summary_large_image\" \/>\n<meta name=\"twitter:label1\" content=\"Escrit per\" \/>\n\t<meta name=\"twitter:data1\" content=\"Florian Fortes\" \/>\n\t<meta name=\"twitter:label2\" content=\"Temps estimat de lectura\" \/>\n\t<meta name=\"twitter:data2\" content=\"4 minuts\" \/>\n<script type=\"application\/ld+json\" class=\"yoast-schema-graph\">{\"@context\":\"https:\\\/\\\/schema.org\",\"@graph\":[{\"@type\":\"Article\",\"@id\":\"https:\\\/\\\/www.mylasertabac.com\\\/ca\\\/%f0%9f%9a%a8-trafic-de-cigarrets-lliure-dimpostos-andorra-un-nou-camp-de-batalla-entre-el-negoci-illegal-i-la-salut-publica\\\/#article\",\"isPartOf\":{\"@id\":\"https:\\\/\\\/www.mylasertabac.com\\\/ca\\\/%f0%9f%9a%a8-trafic-de-cigarrets-lliure-dimpostos-andorra-un-nou-camp-de-batalla-entre-el-negoci-illegal-i-la-salut-publica\\\/\"},\"author\":{\"name\":\"Florian Fortes\",\"@id\":\"https:\\\/\\\/www.mylasertabac.com\\\/ca\\\/#\\\/schema\\\/person\\\/02c249cb76d912efb6c315ec23eccdf3\"},\"headline\":\"\ud83d\udea8 Tr\u00e0fic de cigarrets lliure d&#8217;impostos: Andorra, un nou camp de batalla entre el negoci il\u00b7legal i la salut p\u00fablica\",\"datePublished\":\"2025-07-24T14:27:08+00:00\",\"dateModified\":\"2025-07-24T14:36:43+00:00\",\"mainEntityOfPage\":{\"@id\":\"https:\\\/\\\/www.mylasertabac.com\\\/ca\\\/%f0%9f%9a%a8-trafic-de-cigarrets-lliure-dimpostos-andorra-un-nou-camp-de-batalla-entre-el-negoci-illegal-i-la-salut-publica\\\/\"},\"wordCount\":862,\"publisher\":{\"@id\":\"https:\\\/\\\/www.mylasertabac.com\\\/ca\\\/#organization\"},\"image\":{\"@id\":\"https:\\\/\\\/www.mylasertabac.com\\\/ca\\\/%f0%9f%9a%a8-trafic-de-cigarrets-lliure-dimpostos-andorra-un-nou-camp-de-batalla-entre-el-negoci-illegal-i-la-salut-publica\\\/#primaryimage\"},\"thumbnailUrl\":\"https:\\\/\\\/www.mylasertabac.com\\\/wp-content\\\/uploads\\\/2025\\\/07\\\/trafic-de-cigarette-entre-landorre-et-la-France.png\",\"articleSection\":[\"llei\"],\"inLanguage\":\"ca\"},{\"@type\":\"WebPage\",\"@id\":\"https:\\\/\\\/www.mylasertabac.com\\\/ca\\\/%f0%9f%9a%a8-trafic-de-cigarrets-lliure-dimpostos-andorra-un-nou-camp-de-batalla-entre-el-negoci-illegal-i-la-salut-publica\\\/\",\"url\":\"https:\\\/\\\/www.mylasertabac.com\\\/ca\\\/%f0%9f%9a%a8-trafic-de-cigarrets-lliure-dimpostos-andorra-un-nou-camp-de-batalla-entre-el-negoci-illegal-i-la-salut-publica\\\/\",\"name\":\"\ud83d\udea8 Tr\u00e0fic de cigarrets lliure d'impostos: Andorra, un nou camp de batalla entre el negoci il\u00b7legal i la salut p\u00fablica - My Laser Tabac\",\"isPartOf\":{\"@id\":\"https:\\\/\\\/www.mylasertabac.com\\\/ca\\\/#website\"},\"primaryImageOfPage\":{\"@id\":\"https:\\\/\\\/www.mylasertabac.com\\\/ca\\\/%f0%9f%9a%a8-trafic-de-cigarrets-lliure-dimpostos-andorra-un-nou-camp-de-batalla-entre-el-negoci-illegal-i-la-salut-publica\\\/#primaryimage\"},\"image\":{\"@id\":\"https:\\\/\\\/www.mylasertabac.com\\\/ca\\\/%f0%9f%9a%a8-trafic-de-cigarrets-lliure-dimpostos-andorra-un-nou-camp-de-batalla-entre-el-negoci-illegal-i-la-salut-publica\\\/#primaryimage\"},\"thumbnailUrl\":\"https:\\\/\\\/www.mylasertabac.com\\\/wp-content\\\/uploads\\\/2025\\\/07\\\/trafic-de-cigarette-entre-landorre-et-la-France.png\",\"datePublished\":\"2025-07-24T14:27:08+00:00\",\"dateModified\":\"2025-07-24T14:36:43+00:00\",\"description\":\"Descobreix les entre bastidors del tr\u00e0fic de cigarrets entre Fran\u00e7a i Andorra, una xarxa il\u00b7legal amb m\u00e8todes formidables.\",\"breadcrumb\":{\"@id\":\"https:\\\/\\\/www.mylasertabac.com\\\/ca\\\/%f0%9f%9a%a8-trafic-de-cigarrets-lliure-dimpostos-andorra-un-nou-camp-de-batalla-entre-el-negoci-illegal-i-la-salut-publica\\\/#breadcrumb\"},\"inLanguage\":\"ca\",\"potentialAction\":[{\"@type\":\"ReadAction\",\"target\":[\"https:\\\/\\\/www.mylasertabac.com\\\/ca\\\/%f0%9f%9a%a8-trafic-de-cigarrets-lliure-dimpostos-andorra-un-nou-camp-de-batalla-entre-el-negoci-illegal-i-la-salut-publica\\\/\"]}]},{\"@type\":\"ImageObject\",\"inLanguage\":\"ca\",\"@id\":\"https:\\\/\\\/www.mylasertabac.com\\\/ca\\\/%f0%9f%9a%a8-trafic-de-cigarrets-lliure-dimpostos-andorra-un-nou-camp-de-batalla-entre-el-negoci-illegal-i-la-salut-publica\\\/#primaryimage\",\"url\":\"https:\\\/\\\/www.mylasertabac.com\\\/wp-content\\\/uploads\\\/2025\\\/07\\\/trafic-de-cigarette-entre-landorre-et-la-France.png\",\"contentUrl\":\"https:\\\/\\\/www.mylasertabac.com\\\/wp-content\\\/uploads\\\/2025\\\/07\\\/trafic-de-cigarette-entre-landorre-et-la-France.png\",\"width\":1536,\"height\":1024},{\"@type\":\"BreadcrumbList\",\"@id\":\"https:\\\/\\\/www.mylasertabac.com\\\/ca\\\/%f0%9f%9a%a8-trafic-de-cigarrets-lliure-dimpostos-andorra-un-nou-camp-de-batalla-entre-el-negoci-illegal-i-la-salut-publica\\\/#breadcrumb\",\"itemListElement\":[{\"@type\":\"ListItem\",\"position\":1,\"name\":\"Accueil\",\"item\":\"https:\\\/\\\/www.mylasertabac.com\\\/ca\\\/benvingut\\\/\"},{\"@type\":\"ListItem\",\"position\":2,\"name\":\"\ud83d\udea8 Tr\u00e0fic de cigarrets lliure d&#8217;impostos: Andorra, un nou camp de batalla entre el negoci il\u00b7legal i la salut p\u00fablica\"}]},{\"@type\":\"WebSite\",\"@id\":\"https:\\\/\\\/www.mylasertabac.com\\\/ca\\\/#website\",\"url\":\"https:\\\/\\\/www.mylasertabac.com\\\/ca\\\/\",\"name\":\"My Laser Tabac\",\"description\":\"La solution laser qui transforme les fumeurs en ex-fumeurs\",\"publisher\":{\"@id\":\"https:\\\/\\\/www.mylasertabac.com\\\/ca\\\/#organization\"},\"potentialAction\":[{\"@type\":\"SearchAction\",\"target\":{\"@type\":\"EntryPoint\",\"urlTemplate\":\"https:\\\/\\\/www.mylasertabac.com\\\/ca\\\/?s={search_term_string}\"},\"query-input\":{\"@type\":\"PropertyValueSpecification\",\"valueRequired\":true,\"valueName\":\"search_term_string\"}}],\"inLanguage\":\"ca\"},{\"@type\":\"Organization\",\"@id\":\"https:\\\/\\\/www.mylasertabac.com\\\/ca\\\/#organization\",\"name\":\"My Laser Tabac\",\"url\":\"https:\\\/\\\/www.mylasertabac.com\\\/ca\\\/\",\"logo\":{\"@type\":\"ImageObject\",\"inLanguage\":\"ca\",\"@id\":\"https:\\\/\\\/www.mylasertabac.com\\\/ca\\\/#\\\/schema\\\/logo\\\/image\\\/\",\"url\":\"https:\\\/\\\/www.mylasertabac.com\\\/wp-content\\\/uploads\\\/2024\\\/12\\\/mlt-verteau.svg\",\"contentUrl\":\"https:\\\/\\\/www.mylasertabac.com\\\/wp-content\\\/uploads\\\/2024\\\/12\\\/mlt-verteau.svg\",\"caption\":\"My Laser Tabac\"},\"image\":{\"@id\":\"https:\\\/\\\/www.mylasertabac.com\\\/ca\\\/#\\\/schema\\\/logo\\\/image\\\/\"}},{\"@type\":\"Person\",\"@id\":\"https:\\\/\\\/www.mylasertabac.com\\\/ca\\\/#\\\/schema\\\/person\\\/02c249cb76d912efb6c315ec23eccdf3\",\"name\":\"Florian Fortes\",\"image\":{\"@type\":\"ImageObject\",\"inLanguage\":\"ca\",\"@id\":\"https:\\\/\\\/www.mylasertabac.com\\\/wp-content\\\/litespeed\\\/avatar\\\/142101a71d7b9e6490c1120d9c109a67.jpg?ver=1777461116\",\"url\":\"https:\\\/\\\/www.mylasertabac.com\\\/wp-content\\\/litespeed\\\/avatar\\\/142101a71d7b9e6490c1120d9c109a67.jpg?ver=1777461116\",\"contentUrl\":\"https:\\\/\\\/www.mylasertabac.com\\\/wp-content\\\/litespeed\\\/avatar\\\/142101a71d7b9e6490c1120d9c109a67.jpg?ver=1777461116\",\"caption\":\"Florian Fortes\"},\"sameAs\":[\"https:\\\/\\\/www.mylasertabac.com\",\"https:\\\/\\\/www.facebook.com\\\/profile.php?id=61571554707319\"],\"url\":\"https:\\\/\\\/www.mylasertabac.com\\\/ca\\\/author\\\/florianfortes5312\\\/\"}]}<\/script>\n<!-- \/ Yoast SEO plugin. -->","yoast_head_json":{"title":"\ud83d\udea8 Tr\u00e0fic de cigarrets lliure d'impostos: Andorra, un nou camp de batalla entre el negoci il\u00b7legal i la salut p\u00fablica - My Laser Tabac","description":"Descobreix les entre bastidors del tr\u00e0fic de cigarrets entre Fran\u00e7a i Andorra, una xarxa il\u00b7legal amb m\u00e8todes formidables.","robots":{"index":"index","follow":"follow","max-snippet":"max-snippet:-1","max-image-preview":"max-image-preview:large","max-video-preview":"max-video-preview:-1"},"canonical":"https:\/\/www.mylasertabac.com\/ca\/%f0%9f%9a%a8-trafic-de-cigarrets-lliure-dimpostos-andorra-un-nou-camp-de-batalla-entre-el-negoci-illegal-i-la-salut-publica\/","og_locale":"ca_ES","og_type":"article","og_title":"\ud83d\udea8 Tr\u00e0fic de cigarrets lliure d'impostos: Andorra, un nou camp de batalla entre el negoci il\u00b7legal i la salut p\u00fablica - My Laser Tabac","og_description":"Descobreix les entre bastidors del tr\u00e0fic de cigarrets entre Fran\u00e7a i Andorra, una xarxa il\u00b7legal amb m\u00e8todes formidables.","og_url":"https:\/\/www.mylasertabac.com\/ca\/%f0%9f%9a%a8-trafic-de-cigarrets-lliure-dimpostos-andorra-un-nou-camp-de-batalla-entre-el-negoci-illegal-i-la-salut-publica\/","og_site_name":"My Laser Tabac","article_author":"https:\/\/www.facebook.com\/profile.php?id=61571554707319","article_published_time":"2025-07-24T14:27:08+00:00","article_modified_time":"2025-07-24T14:36:43+00:00","og_image":[{"width":1024,"height":683,"url":"https:\/\/www.mylasertabac.com\/wp-content\/uploads\/2025\/07\/trafic-de-cigarette-entre-landorre-et-la-France-1024x683.png","type":"image\/png"}],"author":"Florian Fortes","twitter_card":"summary_large_image","twitter_misc":{"Escrit per":"Florian Fortes","Temps estimat de lectura":"4 minuts"},"schema":{"@context":"https:\/\/schema.org","@graph":[{"@type":"Article","@id":"https:\/\/www.mylasertabac.com\/ca\/%f0%9f%9a%a8-trafic-de-cigarrets-lliure-dimpostos-andorra-un-nou-camp-de-batalla-entre-el-negoci-illegal-i-la-salut-publica\/#article","isPartOf":{"@id":"https:\/\/www.mylasertabac.com\/ca\/%f0%9f%9a%a8-trafic-de-cigarrets-lliure-dimpostos-andorra-un-nou-camp-de-batalla-entre-el-negoci-illegal-i-la-salut-publica\/"},"author":{"name":"Florian Fortes","@id":"https:\/\/www.mylasertabac.com\/ca\/#\/schema\/person\/02c249cb76d912efb6c315ec23eccdf3"},"headline":"\ud83d\udea8 Tr\u00e0fic de cigarrets lliure d&#8217;impostos: Andorra, un nou camp de batalla entre el negoci il\u00b7legal i la salut p\u00fablica","datePublished":"2025-07-24T14:27:08+00:00","dateModified":"2025-07-24T14:36:43+00:00","mainEntityOfPage":{"@id":"https:\/\/www.mylasertabac.com\/ca\/%f0%9f%9a%a8-trafic-de-cigarrets-lliure-dimpostos-andorra-un-nou-camp-de-batalla-entre-el-negoci-illegal-i-la-salut-publica\/"},"wordCount":862,"publisher":{"@id":"https:\/\/www.mylasertabac.com\/ca\/#organization"},"image":{"@id":"https:\/\/www.mylasertabac.com\/ca\/%f0%9f%9a%a8-trafic-de-cigarrets-lliure-dimpostos-andorra-un-nou-camp-de-batalla-entre-el-negoci-illegal-i-la-salut-publica\/#primaryimage"},"thumbnailUrl":"https:\/\/www.mylasertabac.com\/wp-content\/uploads\/2025\/07\/trafic-de-cigarette-entre-landorre-et-la-France.png","articleSection":["llei"],"inLanguage":"ca"},{"@type":"WebPage","@id":"https:\/\/www.mylasertabac.com\/ca\/%f0%9f%9a%a8-trafic-de-cigarrets-lliure-dimpostos-andorra-un-nou-camp-de-batalla-entre-el-negoci-illegal-i-la-salut-publica\/","url":"https:\/\/www.mylasertabac.com\/ca\/%f0%9f%9a%a8-trafic-de-cigarrets-lliure-dimpostos-andorra-un-nou-camp-de-batalla-entre-el-negoci-illegal-i-la-salut-publica\/","name":"\ud83d\udea8 Tr\u00e0fic de cigarrets lliure d'impostos: Andorra, un nou camp de batalla entre el negoci il\u00b7legal i la salut p\u00fablica - My Laser Tabac","isPartOf":{"@id":"https:\/\/www.mylasertabac.com\/ca\/#website"},"primaryImageOfPage":{"@id":"https:\/\/www.mylasertabac.com\/ca\/%f0%9f%9a%a8-trafic-de-cigarrets-lliure-dimpostos-andorra-un-nou-camp-de-batalla-entre-el-negoci-illegal-i-la-salut-publica\/#primaryimage"},"image":{"@id":"https:\/\/www.mylasertabac.com\/ca\/%f0%9f%9a%a8-trafic-de-cigarrets-lliure-dimpostos-andorra-un-nou-camp-de-batalla-entre-el-negoci-illegal-i-la-salut-publica\/#primaryimage"},"thumbnailUrl":"https:\/\/www.mylasertabac.com\/wp-content\/uploads\/2025\/07\/trafic-de-cigarette-entre-landorre-et-la-France.png","datePublished":"2025-07-24T14:27:08+00:00","dateModified":"2025-07-24T14:36:43+00:00","description":"Descobreix les entre bastidors del tr\u00e0fic de cigarrets entre Fran\u00e7a i Andorra, una xarxa il\u00b7legal amb m\u00e8todes formidables.","breadcrumb":{"@id":"https:\/\/www.mylasertabac.com\/ca\/%f0%9f%9a%a8-trafic-de-cigarrets-lliure-dimpostos-andorra-un-nou-camp-de-batalla-entre-el-negoci-illegal-i-la-salut-publica\/#breadcrumb"},"inLanguage":"ca","potentialAction":[{"@type":"ReadAction","target":["https:\/\/www.mylasertabac.com\/ca\/%f0%9f%9a%a8-trafic-de-cigarrets-lliure-dimpostos-andorra-un-nou-camp-de-batalla-entre-el-negoci-illegal-i-la-salut-publica\/"]}]},{"@type":"ImageObject","inLanguage":"ca","@id":"https:\/\/www.mylasertabac.com\/ca\/%f0%9f%9a%a8-trafic-de-cigarrets-lliure-dimpostos-andorra-un-nou-camp-de-batalla-entre-el-negoci-illegal-i-la-salut-publica\/#primaryimage","url":"https:\/\/www.mylasertabac.com\/wp-content\/uploads\/2025\/07\/trafic-de-cigarette-entre-landorre-et-la-France.png","contentUrl":"https:\/\/www.mylasertabac.com\/wp-content\/uploads\/2025\/07\/trafic-de-cigarette-entre-landorre-et-la-France.png","width":1536,"height":1024},{"@type":"BreadcrumbList","@id":"https:\/\/www.mylasertabac.com\/ca\/%f0%9f%9a%a8-trafic-de-cigarrets-lliure-dimpostos-andorra-un-nou-camp-de-batalla-entre-el-negoci-illegal-i-la-salut-publica\/#breadcrumb","itemListElement":[{"@type":"ListItem","position":1,"name":"Accueil","item":"https:\/\/www.mylasertabac.com\/ca\/benvingut\/"},{"@type":"ListItem","position":2,"name":"\ud83d\udea8 Tr\u00e0fic de cigarrets lliure d&#8217;impostos: Andorra, un nou camp de batalla entre el negoci il\u00b7legal i la salut p\u00fablica"}]},{"@type":"WebSite","@id":"https:\/\/www.mylasertabac.com\/ca\/#website","url":"https:\/\/www.mylasertabac.com\/ca\/","name":"My Laser Tabac","description":"La solution laser qui transforme les fumeurs en ex-fumeurs","publisher":{"@id":"https:\/\/www.mylasertabac.com\/ca\/#organization"},"potentialAction":[{"@type":"SearchAction","target":{"@type":"EntryPoint","urlTemplate":"https:\/\/www.mylasertabac.com\/ca\/?s={search_term_string}"},"query-input":{"@type":"PropertyValueSpecification","valueRequired":true,"valueName":"search_term_string"}}],"inLanguage":"ca"},{"@type":"Organization","@id":"https:\/\/www.mylasertabac.com\/ca\/#organization","name":"My Laser Tabac","url":"https:\/\/www.mylasertabac.com\/ca\/","logo":{"@type":"ImageObject","inLanguage":"ca","@id":"https:\/\/www.mylasertabac.com\/ca\/#\/schema\/logo\/image\/","url":"https:\/\/www.mylasertabac.com\/wp-content\/uploads\/2024\/12\/mlt-verteau.svg","contentUrl":"https:\/\/www.mylasertabac.com\/wp-content\/uploads\/2024\/12\/mlt-verteau.svg","caption":"My Laser Tabac"},"image":{"@id":"https:\/\/www.mylasertabac.com\/ca\/#\/schema\/logo\/image\/"}},{"@type":"Person","@id":"https:\/\/www.mylasertabac.com\/ca\/#\/schema\/person\/02c249cb76d912efb6c315ec23eccdf3","name":"Florian Fortes","image":{"@type":"ImageObject","inLanguage":"ca","@id":"https:\/\/www.mylasertabac.com\/wp-content\/litespeed\/avatar\/142101a71d7b9e6490c1120d9c109a67.jpg?ver=1777461116","url":"https:\/\/www.mylasertabac.com\/wp-content\/litespeed\/avatar\/142101a71d7b9e6490c1120d9c109a67.jpg?ver=1777461116","contentUrl":"https:\/\/www.mylasertabac.com\/wp-content\/litespeed\/avatar\/142101a71d7b9e6490c1120d9c109a67.jpg?ver=1777461116","caption":"Florian Fortes"},"sameAs":["https:\/\/www.mylasertabac.com","https:\/\/www.facebook.com\/profile.php?id=61571554707319"],"url":"https:\/\/www.mylasertabac.com\/ca\/author\/florianfortes5312\/"}]}},"_links":{"self":[{"href":"https:\/\/www.mylasertabac.com\/ca\/wp-json\/wp\/v2\/posts\/12006","targetHints":{"allow":["GET"]}}],"collection":[{"href":"https:\/\/www.mylasertabac.com\/ca\/wp-json\/wp\/v2\/posts"}],"about":[{"href":"https:\/\/www.mylasertabac.com\/ca\/wp-json\/wp\/v2\/types\/post"}],"author":[{"embeddable":true,"href":"https:\/\/www.mylasertabac.com\/ca\/wp-json\/wp\/v2\/users\/2"}],"replies":[{"embeddable":true,"href":"https:\/\/www.mylasertabac.com\/ca\/wp-json\/wp\/v2\/comments?post=12006"}],"version-history":[{"count":1,"href":"https:\/\/www.mylasertabac.com\/ca\/wp-json\/wp\/v2\/posts\/12006\/revisions"}],"predecessor-version":[{"id":12007,"href":"https:\/\/www.mylasertabac.com\/ca\/wp-json\/wp\/v2\/posts\/12006\/revisions\/12007"}],"wp:featuredmedia":[{"embeddable":true,"href":"https:\/\/www.mylasertabac.com\/ca\/wp-json\/wp\/v2\/media\/11453"}],"wp:attachment":[{"href":"https:\/\/www.mylasertabac.com\/ca\/wp-json\/wp\/v2\/media?parent=12006"}],"wp:term":[{"taxonomy":"category","embeddable":true,"href":"https:\/\/www.mylasertabac.com\/ca\/wp-json\/wp\/v2\/categories?post=12006"},{"taxonomy":"post_tag","embeddable":true,"href":"https:\/\/www.mylasertabac.com\/ca\/wp-json\/wp\/v2\/tags?post=12006"}],"curies":[{"name":"wp","href":"https:\/\/api.w.org\/{rel}","templated":true}]}}