{"id":12170,"date":"2025-07-28T20:14:00","date_gmt":"2025-07-28T18:14:00","guid":{"rendered":"https:\/\/www.mylasertabac.com\/cbd-el-que-realment-has-de-saber-abans-dutilitzar-lo-conscientment\/"},"modified":"2025-07-29T09:25:14","modified_gmt":"2025-07-29T07:25:14","slug":"cbd-el-que-realment-has-de-saber-abans-dutilitzar-lo-conscientment","status":"publish","type":"post","link":"https:\/\/www.mylasertabac.com\/ca\/cbd-el-que-realment-has-de-saber-abans-dutilitzar-lo-conscientment\/","title":{"rendered":"CBD: El que realment has de saber abans d&#8217;utilitzar-lo conscientment"},"content":{"rendered":"\n<div style=\"height:18px\" aria-hidden=\"true\" class=\"wp-block-spacer\"><\/div>\n\n<p>El CBD, o cannabidiol, est\u00e0 en boca de tothom aquests dies. Gotes sublinguals, infusions calmants, cosm\u00e8tics relaxants, c\u00e0psules per dormir millor&#8230; aquesta mol\u00e8cula no psicotr\u00f2pica derivada del c\u00e0nem genera tanta expectaci\u00f3 com preguntes. I amb ra\u00f3.  <\/p>\n\n<p>En un m\u00f3n on l&#8217;estr\u00e8s, els trastorns del son i el dolor cr\u00f2nic afecten un nombre creixent d&#8217;adults, el CBD sovint es presenta com una soluci\u00f3 miraculosa. Per\u00f2 abans de convertir-lo en un h\u00e0bit de benestar, \u00e9s essencial desxifrar els seus efectes reals, els seus usos responsables i els errors que cal evitar. <\/p>\n\n<div style=\"height:18px\" aria-hidden=\"true\" class=\"wp-block-spacer\"><\/div>\n\n<hr class=\"wp-block-separator has-alpha-channel-opacity\"\/>\n\n<h3 class=\"wp-block-heading\">Comprensi\u00f3 del CBD i les seves difer\u00e8ncies amb el THC<\/h3>\n\n<div style=\"height:18px\" aria-hidden=\"true\" class=\"wp-block-spacer\"><\/div>\n\n<p>El CBD \u00e9s un cannabinoide derivat del c\u00e0nem industrial, igual que el THC. A difer\u00e8ncia del THC, el CBD <strong>no causa cap efecte psicotr\u00f2pic<\/strong> . No altera la percepci\u00f3 ni el comportament, cosa que el fa <strong>legal<\/strong> a Fran\u00e7a sempre que el seu contingut de THC sigui inferior al 0,3%.  <\/p>\n\n<p>Els efectes del CBD s\u00f3n principalment <strong>relaxants<\/strong> , antiinflamatoris i ansiol\u00edtics. Interactua amb el sistema endocannabinoide del nostre cos per ajudar a regular certes funcions essencials: l&#8217;estat d&#8217;\u00e0nim, el son, la gana, el dolor. <\/p>\n\n<div style=\"height:18px\" aria-hidden=\"true\" class=\"wp-block-spacer\"><\/div>\n\n<hr class=\"wp-block-separator has-alpha-channel-opacity\"\/>\n\n<h3 class=\"wp-block-heading\">Quins s\u00f3n els possibles efectes i beneficis?<\/h3>\n\n<p>Tot i que els estudis cient\u00edfics encara estan en curs, ara s&#8217;ha observat que el CBD t\u00e9 diversos efectes positius:<\/p>\n\n<ul class=\"wp-block-list\">\n<li>Una <strong>reducci\u00f3 de l&#8217;estr\u00e8s i l&#8217;ansietat<\/strong> ,<\/li>\n\n\n\n<li><strong>Millor qualitat del son<\/strong> (menys despertars nocturns),<\/li>\n\n\n\n<li>Ajuda natural contra certs dolors cr\u00f2nics o articulars,<\/li>\n\n\n\n<li>Suport en el context d&#8217;afeccions inflamat\u00f2ries repetides,<\/li>\n\n\n\n<li>Possible suport durant per\u00edodes d&#8217; <strong>abstin\u00e8ncia del tabaquisme o de les addiccions<\/strong> .<\/li>\n<\/ul>\n\n<p>Tanmateix, tingueu en compte que aquests efectes varien d&#8217;una persona a una altra, depenent del perfil, la regularitat d&#8217;\u00fas, la qualitat del producte i la dosi.<\/p>\n\n<div style=\"height:18px\" aria-hidden=\"true\" class=\"wp-block-spacer\"><\/div>\n\n<hr class=\"wp-block-separator has-alpha-channel-opacity\"\/>\n\n<h3 class=\"wp-block-heading\">En quines formes es pot consumir CBD?<\/h3>\n\n<div style=\"height:28px\" aria-hidden=\"true\" class=\"wp-block-spacer\"><\/div>\n\n<figure class=\"wp-block-image alignleft size-large is-resized\"><img fetchpriority=\"high\" decoding=\"async\" width=\"1024\" height=\"683\" src=\"https:\/\/www.mylasertabac.com\/wp-content\/uploads\/2025\/07\/Tasse-de-the-CBD-sur-bois-1024x683.png\" alt=\"\" class=\"wp-image-12176\" style=\"width:341px;height:auto\" srcset=\"https:\/\/www.mylasertabac.com\/wp-content\/uploads\/2025\/07\/Tasse-de-the-CBD-sur-bois-1024x683.png 1024w, https:\/\/www.mylasertabac.com\/wp-content\/uploads\/2025\/07\/Tasse-de-the-CBD-sur-bois-300x200.png 300w, https:\/\/www.mylasertabac.com\/wp-content\/uploads\/2025\/07\/Tasse-de-the-CBD-sur-bois-768x512.png 768w, https:\/\/www.mylasertabac.com\/wp-content\/uploads\/2025\/07\/Tasse-de-the-CBD-sur-bois.png 1536w\" sizes=\"(max-width: 1024px) 100vw, 1024px\" \/><\/figure>\n\n<p>El CBD ara es presenta en moltes formes. Cadascuna t\u00e9 els seus propis beneficis i especificitats: <\/p>\n\n<ul class=\"wp-block-list\">\n<li><strong>Olis sublinguals<\/strong> : unes gotes sota la llengua per a un efecte r\u00e0pid.<\/li>\n\n\n\n<li><strong>Infusions<\/strong> : un format suau, ideal per al vespre.<\/li>\n\n\n\n<li><strong>C\u00e0psules<\/strong> o complements alimentaris: per a una dosificaci\u00f3 precisa.<\/li>\n\n\n\n<li><strong>L\u00edquids electr\u00f2nics<\/strong> per a cigarrets electr\u00f2nics: per a vapers.<\/li>\n\n\n\n<li><strong>Cremes i b\u00e0lsams<\/strong> : per a dolors musculars o articulars localitzats.<\/li>\n<\/ul>\n\n<div style=\"height:27px\" aria-hidden=\"true\" class=\"wp-block-spacer\"><\/div>\n\n<h3 class=\"wp-block-heading\">Com consumir CBD de manera responsable?<\/h3>\n\n<div style=\"height:18px\" aria-hidden=\"true\" class=\"wp-block-spacer\"><\/div>\n\n<p>Un \u00fas prudent comen\u00e7a per <strong>triar productes de qualitat<\/strong> . Trieu sempre marques que proporcionin <strong>an\u00e0lisis de laboratori (COA)<\/strong> que acreditin la concentraci\u00f3 exacta de CBD i l&#8217;abs\u00e8ncia de contaminants. <\/p>\n\n<p>Comen\u00e7a amb dosis baixes (entre 10 i 20 mg\/dia) per observar les reaccions del teu cos. Ajusta gradualment, segons les teves necessitats. En cas de dubte o si est\u00e0s prenent tractament m\u00e8dic, es recomana fermament consultar un professional sanitari.  <\/p>\n\n<div style=\"height:18px\" aria-hidden=\"true\" class=\"wp-block-spacer\"><\/div>\n\n<hr class=\"wp-block-separator has-alpha-channel-opacity\"\/>\n\n<h3 class=\"wp-block-heading\">CBD per afavorir el deslletament: una via interessant<\/h3>\n\n<div style=\"height:18px\" aria-hidden=\"true\" class=\"wp-block-spacer\"><\/div>\n\n<p>Molts exfumadors o exvapejadors donen fe de l&#8217;efecte calmant del CBD durant <strong>l&#8217;hora de deixar de fumar<\/strong> . Pot reduir <strong>l&#8217;ansietat<\/strong> , ajudar a dormir millor, limitar <strong>les \u00e0nsies compulsives<\/strong> i alleujar l&#8217;estr\u00e8s. Tot i que no substitueix el suport, pot ser una ajuda \u00fatil i natural.  <\/p>\n\n<p>Per\u00f2 avui hi ha una <strong>soluci\u00f3 encara m\u00e9s espec\u00edfica i efica\u00e7<\/strong> : <strong>el deslletament l\u00e0ser<\/strong> .<\/p>\n\n<div style=\"height:19px\" aria-hidden=\"true\" class=\"wp-block-spacer\"><\/div>\n\n<p class=\"has-cyan-bluish-gray-background-color has-background\">Llegiu tamb\u00e9:<mark style=\"background-color:rgba(0, 0, 0, 0)\" class=\"has-inline-color has-luminous-vivid-orange-color\"> <\/mark><a href=\"https:\/\/www.mylasertabac.com\/infos\/formation-laser-anti-tabac-et-addictions\/https:\/\/www.mylasertabac.com\/infos\/formation-laser-anti-tabac-et-addictions\/\"><mark style=\"background-color:rgba(0, 0, 0, 0)\" class=\"has-inline-color has-luminous-vivid-orange-color\">Tot el que cal saber sobre la formaci\u00f3 per deixar de fumar amb l\u00e0ser i l&#8217;entrenament en addiccions.<\/mark><\/a><\/p>\n\n<div style=\"height:18px\" aria-hidden=\"true\" class=\"wp-block-spacer\"><\/div>\n\n<hr class=\"wp-block-separator has-alpha-channel-opacity\"\/>\n\n<figure class=\"wp-block-image alignright size-large is-resized\"><img decoding=\"async\" src=\"https:\/\/www.mylasertabac.com\/wp-content\/uploads\/\/mlt-verteau.svg\" alt=\"\" class=\"wp-image-13\" style=\"width:471px;height:auto\"\/><\/figure>\n\n<h3 class=\"wp-block-heading\">Allibera&#8217;t del tabac amb l\u00e0ser: un m\u00e8tode natural i indolor<\/h3>\n\n<p>El <strong>l\u00e0ser antitabac<\/strong> \u00e9s un m\u00e8tode suau inspirat en l&#8217;acupuntura i la reflexologia. Implica estimular punts espec\u00edfics de l&#8217;orella i la cara amb un l\u00e0ser suau per <strong>alliberar endorfines<\/strong> , reduir els s\u00edmptomes d&#8217;abstin\u00e8ncia i calmar les \u00e0nsies de nicotina. <\/p>\n\n<p>Cada cop m\u00e9s centres especialitzats, com ara <strong>MyLaserTabac<\/strong> , ofereixen aquest suport personalitzat. Sovint n&#8217;hi ha prou amb una sola sessi\u00f3 per iniciar un canvi real. El m\u00e8tode \u00e9s <strong>indolor, sense productes qu\u00edmics, sense substituts<\/strong> .  <\/p>\n\n<p>Aquest m\u00e8tode natural \u00e9s especialment adequat per a aquells que volen deixar de fumar <strong>sense guanyar pes<\/strong> , <strong>sense estr\u00e8s<\/strong> i <strong>sense compensar<\/strong> amb altres addiccions.<\/p>\n\n<div style=\"height:18px\" aria-hidden=\"true\" class=\"wp-block-spacer\"><\/div>\n\n<hr class=\"wp-block-separator has-alpha-channel-opacity\"\/>\n\n<h3 class=\"wp-block-heading\">Precaucions a prendre amb el CBD<\/h3>\n\n<div style=\"height:18px\" aria-hidden=\"true\" class=\"wp-block-spacer\"><\/div>\n\n<p>Malgrat el seu perfil de seguretat, el CBD no \u00e9s innocu. Aqu\u00ed teniu les recomanacions principals: <\/p>\n\n<ul class=\"wp-block-list\">\n<li><strong>Eviteu l&#8217;automedicaci\u00f3 excessiva<\/strong> : el CBD \u00e9s un suport, no una soluci\u00f3 miraculosa.<\/li>\n\n\n\n<li><strong>Aneu amb compte amb les interaccions medicamentoses<\/strong> : consulteu el vostre metge si esteu prenent algun medicament.<\/li>\n\n\n\n<li><strong>Trieu marques fiables<\/strong> : la ind\u00fastria encara no est\u00e0 completament regulada.<\/li>\n\n\n\n<li><strong>Respecteu les dosis<\/strong> : no cal exagerar. Menys per\u00f2 millor sovint \u00e9s m\u00e9s efica\u00e7. <\/li>\n<\/ul>\n\n<div style=\"height:18px\" aria-hidden=\"true\" class=\"wp-block-spacer\"><\/div>\n\n<hr class=\"wp-block-separator has-alpha-channel-opacity\"\/>\n\n<h3 class=\"wp-block-heading\">En conclusi\u00f3: CBD i benestar, s\u00ed&#8230; per\u00f2 amb consci\u00e8ncia<\/h3>\n\n<div style=\"height:18px\" aria-hidden=\"true\" class=\"wp-block-spacer\"><\/div>\n\n<p>El CBD t\u00e9 el seu lloc en un enfocament integral del benestar, sempre que s&#8217;utilitzi <strong>de manera responsable<\/strong> . Pot ser un veritable suport per relaxar-se, dormir millor o fins i tot comen\u00e7ar a deixar de <strong>fumar<\/strong> , sobretot si es combina amb un <strong>m\u00e8tode d&#8217;abstin\u00e8ncia l\u00e0ser<\/strong> . <\/p>\n\n<p>Coneix-te a tu mateix, respecta&#8217;t, allibera&#8217;t. I finalment, <strong>respira lliurement<\/strong> . <\/p>\n\n<div style=\"height:30px\" aria-hidden=\"true\" class=\"wp-block-spacer\"><\/div>\n\n<figure class=\"wp-block-image size-large\"><img decoding=\"async\" src=\"https:\/\/www.mylasertabac.com\/wp-content\/uploads\/\/mlt-verteau.svg\" alt=\"\" class=\"wp-image-13\"\/><\/figure>\n","protected":false},"excerpt":{"rendered":"<p>El CBD, o cannabidiol, est\u00e0 en boca de tothom aquests dies. Gotes sublinguals, infusions calmants, cosm\u00e8tics relaxants, c\u00e0psules per dormir millor&#8230; aquesta mol\u00e8cula no psicotr\u00f2pica derivada del c\u00e0nem genera tanta expectaci\u00f3 com preguntes. I amb ra\u00f3. En un m\u00f3n on l&#8217;estr\u00e8s, els trastorns del son i el dolor cr\u00f2nic afecten un nombre creixent d&#8217;adults, el [&hellip;]<\/p>\n","protected":false},"author":2,"featured_media":12154,"comment_status":"closed","ping_status":"open","sticky":false,"template":"","format":"standard","meta":{"inline_featured_image":false,"footnotes":""},"categories":[159],"tags":[],"class_list":["post-12170","post","type-post","status-publish","format-standard","has-post-thumbnail","hentry","category-salut"],"yoast_head":"<!-- This site is optimized with the Yoast SEO plugin v27.5 - https:\/\/yoast.com\/product\/yoast-seo-wordpress\/ -->\n<title>CBD: El que realment has de saber abans d&#039;utilitzar-lo conscientment - My Laser Tabac<\/title>\n<meta name=\"description\" content=\"Descobreix com utilitzar el CBD amb prud\u00e8ncia i com la ter\u00e0pia l\u00e0ser pot ajudar amb la desintoxicaci\u00f3 suau.\" \/>\n<meta name=\"robots\" content=\"index, follow, max-snippet:-1, max-image-preview:large, max-video-preview:-1\" \/>\n<link rel=\"canonical\" href=\"https:\/\/www.mylasertabac.com\/ca\/cbd-el-que-realment-has-de-saber-abans-dutilitzar-lo-conscientment\/\" \/>\n<meta property=\"og:locale\" content=\"ca_ES\" \/>\n<meta property=\"og:type\" content=\"article\" \/>\n<meta property=\"og:title\" content=\"CBD: El que realment has de saber abans d&#039;utilitzar-lo conscientment - My Laser Tabac\" \/>\n<meta property=\"og:description\" content=\"Descobreix com utilitzar el CBD amb prud\u00e8ncia i com la ter\u00e0pia l\u00e0ser pot ajudar amb la desintoxicaci\u00f3 suau.\" \/>\n<meta property=\"og:url\" content=\"https:\/\/www.mylasertabac.com\/ca\/cbd-el-que-realment-has-de-saber-abans-dutilitzar-lo-conscientment\/\" \/>\n<meta property=\"og:site_name\" content=\"My Laser Tabac\" \/>\n<meta property=\"article:author\" content=\"https:\/\/www.facebook.com\/profile.php?id=61571554707319\" \/>\n<meta property=\"article:published_time\" content=\"2025-07-28T18:14:00+00:00\" \/>\n<meta property=\"article:modified_time\" content=\"2025-07-29T07:25:14+00:00\" \/>\n<meta property=\"og:image\" content=\"https:\/\/www.mylasertabac.com\/wp-content\/uploads\/2025\/07\/Consomation-de-cbd--1024x683.png\" \/>\n\t<meta property=\"og:image:width\" content=\"1024\" \/>\n\t<meta property=\"og:image:height\" content=\"683\" \/>\n\t<meta property=\"og:image:type\" content=\"image\/png\" \/>\n<meta name=\"author\" content=\"Florian Fortes\" \/>\n<meta name=\"twitter:card\" content=\"summary_large_image\" \/>\n<meta name=\"twitter:label1\" content=\"Escrit per\" \/>\n\t<meta name=\"twitter:data1\" content=\"Florian Fortes\" \/>\n\t<meta name=\"twitter:label2\" content=\"Temps estimat de lectura\" \/>\n\t<meta name=\"twitter:data2\" content=\"4 minuts\" \/>\n<script type=\"application\/ld+json\" class=\"yoast-schema-graph\">{\"@context\":\"https:\\\/\\\/schema.org\",\"@graph\":[{\"@type\":\"Article\",\"@id\":\"https:\\\/\\\/www.mylasertabac.com\\\/ca\\\/cbd-el-que-realment-has-de-saber-abans-dutilitzar-lo-conscientment\\\/#article\",\"isPartOf\":{\"@id\":\"https:\\\/\\\/www.mylasertabac.com\\\/ca\\\/cbd-el-que-realment-has-de-saber-abans-dutilitzar-lo-conscientment\\\/\"},\"author\":{\"name\":\"Florian Fortes\",\"@id\":\"https:\\\/\\\/www.mylasertabac.com\\\/ca\\\/#\\\/schema\\\/person\\\/02c249cb76d912efb6c315ec23eccdf3\"},\"headline\":\"CBD: El que realment has de saber abans d&#8217;utilitzar-lo conscientment\",\"datePublished\":\"2025-07-28T18:14:00+00:00\",\"dateModified\":\"2025-07-29T07:25:14+00:00\",\"mainEntityOfPage\":{\"@id\":\"https:\\\/\\\/www.mylasertabac.com\\\/ca\\\/cbd-el-que-realment-has-de-saber-abans-dutilitzar-lo-conscientment\\\/\"},\"wordCount\":846,\"publisher\":{\"@id\":\"https:\\\/\\\/www.mylasertabac.com\\\/ca\\\/#organization\"},\"image\":{\"@id\":\"https:\\\/\\\/www.mylasertabac.com\\\/ca\\\/cbd-el-que-realment-has-de-saber-abans-dutilitzar-lo-conscientment\\\/#primaryimage\"},\"thumbnailUrl\":\"https:\\\/\\\/www.mylasertabac.com\\\/wp-content\\\/uploads\\\/2025\\\/07\\\/Consomation-de-cbd-.png\",\"articleSection\":[\"Salut\"],\"inLanguage\":\"ca\"},{\"@type\":\"WebPage\",\"@id\":\"https:\\\/\\\/www.mylasertabac.com\\\/ca\\\/cbd-el-que-realment-has-de-saber-abans-dutilitzar-lo-conscientment\\\/\",\"url\":\"https:\\\/\\\/www.mylasertabac.com\\\/ca\\\/cbd-el-que-realment-has-de-saber-abans-dutilitzar-lo-conscientment\\\/\",\"name\":\"CBD: El que realment has de saber abans d'utilitzar-lo conscientment - My Laser Tabac\",\"isPartOf\":{\"@id\":\"https:\\\/\\\/www.mylasertabac.com\\\/ca\\\/#website\"},\"primaryImageOfPage\":{\"@id\":\"https:\\\/\\\/www.mylasertabac.com\\\/ca\\\/cbd-el-que-realment-has-de-saber-abans-dutilitzar-lo-conscientment\\\/#primaryimage\"},\"image\":{\"@id\":\"https:\\\/\\\/www.mylasertabac.com\\\/ca\\\/cbd-el-que-realment-has-de-saber-abans-dutilitzar-lo-conscientment\\\/#primaryimage\"},\"thumbnailUrl\":\"https:\\\/\\\/www.mylasertabac.com\\\/wp-content\\\/uploads\\\/2025\\\/07\\\/Consomation-de-cbd-.png\",\"datePublished\":\"2025-07-28T18:14:00+00:00\",\"dateModified\":\"2025-07-29T07:25:14+00:00\",\"description\":\"Descobreix com utilitzar el CBD amb prud\u00e8ncia i com la ter\u00e0pia l\u00e0ser pot ajudar amb la desintoxicaci\u00f3 suau.\",\"breadcrumb\":{\"@id\":\"https:\\\/\\\/www.mylasertabac.com\\\/ca\\\/cbd-el-que-realment-has-de-saber-abans-dutilitzar-lo-conscientment\\\/#breadcrumb\"},\"inLanguage\":\"ca\",\"potentialAction\":[{\"@type\":\"ReadAction\",\"target\":[\"https:\\\/\\\/www.mylasertabac.com\\\/ca\\\/cbd-el-que-realment-has-de-saber-abans-dutilitzar-lo-conscientment\\\/\"]}]},{\"@type\":\"ImageObject\",\"inLanguage\":\"ca\",\"@id\":\"https:\\\/\\\/www.mylasertabac.com\\\/ca\\\/cbd-el-que-realment-has-de-saber-abans-dutilitzar-lo-conscientment\\\/#primaryimage\",\"url\":\"https:\\\/\\\/www.mylasertabac.com\\\/wp-content\\\/uploads\\\/2025\\\/07\\\/Consomation-de-cbd-.png\",\"contentUrl\":\"https:\\\/\\\/www.mylasertabac.com\\\/wp-content\\\/uploads\\\/2025\\\/07\\\/Consomation-de-cbd-.png\",\"width\":1536,\"height\":1024},{\"@type\":\"BreadcrumbList\",\"@id\":\"https:\\\/\\\/www.mylasertabac.com\\\/ca\\\/cbd-el-que-realment-has-de-saber-abans-dutilitzar-lo-conscientment\\\/#breadcrumb\",\"itemListElement\":[{\"@type\":\"ListItem\",\"position\":1,\"name\":\"Accueil\",\"item\":\"https:\\\/\\\/www.mylasertabac.com\\\/ca\\\/benvingut\\\/\"},{\"@type\":\"ListItem\",\"position\":2,\"name\":\"CBD: El que realment has de saber abans d&#8217;utilitzar-lo conscientment\"}]},{\"@type\":\"WebSite\",\"@id\":\"https:\\\/\\\/www.mylasertabac.com\\\/ca\\\/#website\",\"url\":\"https:\\\/\\\/www.mylasertabac.com\\\/ca\\\/\",\"name\":\"My Laser Tabac\",\"description\":\"La solution laser qui transforme les fumeurs en ex-fumeurs\",\"publisher\":{\"@id\":\"https:\\\/\\\/www.mylasertabac.com\\\/ca\\\/#organization\"},\"potentialAction\":[{\"@type\":\"SearchAction\",\"target\":{\"@type\":\"EntryPoint\",\"urlTemplate\":\"https:\\\/\\\/www.mylasertabac.com\\\/ca\\\/?s={search_term_string}\"},\"query-input\":{\"@type\":\"PropertyValueSpecification\",\"valueRequired\":true,\"valueName\":\"search_term_string\"}}],\"inLanguage\":\"ca\"},{\"@type\":\"Organization\",\"@id\":\"https:\\\/\\\/www.mylasertabac.com\\\/ca\\\/#organization\",\"name\":\"My Laser Tabac\",\"url\":\"https:\\\/\\\/www.mylasertabac.com\\\/ca\\\/\",\"logo\":{\"@type\":\"ImageObject\",\"inLanguage\":\"ca\",\"@id\":\"https:\\\/\\\/www.mylasertabac.com\\\/ca\\\/#\\\/schema\\\/logo\\\/image\\\/\",\"url\":\"https:\\\/\\\/www.mylasertabac.com\\\/wp-content\\\/uploads\\\/2024\\\/12\\\/mlt-verteau.svg\",\"contentUrl\":\"https:\\\/\\\/www.mylasertabac.com\\\/wp-content\\\/uploads\\\/2024\\\/12\\\/mlt-verteau.svg\",\"caption\":\"My Laser Tabac\"},\"image\":{\"@id\":\"https:\\\/\\\/www.mylasertabac.com\\\/ca\\\/#\\\/schema\\\/logo\\\/image\\\/\"}},{\"@type\":\"Person\",\"@id\":\"https:\\\/\\\/www.mylasertabac.com\\\/ca\\\/#\\\/schema\\\/person\\\/02c249cb76d912efb6c315ec23eccdf3\",\"name\":\"Florian Fortes\",\"image\":{\"@type\":\"ImageObject\",\"inLanguage\":\"ca\",\"@id\":\"https:\\\/\\\/www.mylasertabac.com\\\/wp-content\\\/litespeed\\\/avatar\\\/142101a71d7b9e6490c1120d9c109a67.jpg?ver=1777461116\",\"url\":\"https:\\\/\\\/www.mylasertabac.com\\\/wp-content\\\/litespeed\\\/avatar\\\/142101a71d7b9e6490c1120d9c109a67.jpg?ver=1777461116\",\"contentUrl\":\"https:\\\/\\\/www.mylasertabac.com\\\/wp-content\\\/litespeed\\\/avatar\\\/142101a71d7b9e6490c1120d9c109a67.jpg?ver=1777461116\",\"caption\":\"Florian Fortes\"},\"sameAs\":[\"https:\\\/\\\/www.mylasertabac.com\",\"https:\\\/\\\/www.facebook.com\\\/profile.php?id=61571554707319\"],\"url\":\"https:\\\/\\\/www.mylasertabac.com\\\/ca\\\/author\\\/florianfortes5312\\\/\"}]}<\/script>\n<!-- \/ Yoast SEO plugin. -->","yoast_head_json":{"title":"CBD: El que realment has de saber abans d'utilitzar-lo conscientment - My Laser Tabac","description":"Descobreix com utilitzar el CBD amb prud\u00e8ncia i com la ter\u00e0pia l\u00e0ser pot ajudar amb la desintoxicaci\u00f3 suau.","robots":{"index":"index","follow":"follow","max-snippet":"max-snippet:-1","max-image-preview":"max-image-preview:large","max-video-preview":"max-video-preview:-1"},"canonical":"https:\/\/www.mylasertabac.com\/ca\/cbd-el-que-realment-has-de-saber-abans-dutilitzar-lo-conscientment\/","og_locale":"ca_ES","og_type":"article","og_title":"CBD: El que realment has de saber abans d'utilitzar-lo conscientment - My Laser Tabac","og_description":"Descobreix com utilitzar el CBD amb prud\u00e8ncia i com la ter\u00e0pia l\u00e0ser pot ajudar amb la desintoxicaci\u00f3 suau.","og_url":"https:\/\/www.mylasertabac.com\/ca\/cbd-el-que-realment-has-de-saber-abans-dutilitzar-lo-conscientment\/","og_site_name":"My Laser Tabac","article_author":"https:\/\/www.facebook.com\/profile.php?id=61571554707319","article_published_time":"2025-07-28T18:14:00+00:00","article_modified_time":"2025-07-29T07:25:14+00:00","og_image":[{"width":1024,"height":683,"url":"https:\/\/www.mylasertabac.com\/wp-content\/uploads\/2025\/07\/Consomation-de-cbd--1024x683.png","type":"image\/png"}],"author":"Florian Fortes","twitter_card":"summary_large_image","twitter_misc":{"Escrit per":"Florian Fortes","Temps estimat de lectura":"4 minuts"},"schema":{"@context":"https:\/\/schema.org","@graph":[{"@type":"Article","@id":"https:\/\/www.mylasertabac.com\/ca\/cbd-el-que-realment-has-de-saber-abans-dutilitzar-lo-conscientment\/#article","isPartOf":{"@id":"https:\/\/www.mylasertabac.com\/ca\/cbd-el-que-realment-has-de-saber-abans-dutilitzar-lo-conscientment\/"},"author":{"name":"Florian Fortes","@id":"https:\/\/www.mylasertabac.com\/ca\/#\/schema\/person\/02c249cb76d912efb6c315ec23eccdf3"},"headline":"CBD: El que realment has de saber abans d&#8217;utilitzar-lo conscientment","datePublished":"2025-07-28T18:14:00+00:00","dateModified":"2025-07-29T07:25:14+00:00","mainEntityOfPage":{"@id":"https:\/\/www.mylasertabac.com\/ca\/cbd-el-que-realment-has-de-saber-abans-dutilitzar-lo-conscientment\/"},"wordCount":846,"publisher":{"@id":"https:\/\/www.mylasertabac.com\/ca\/#organization"},"image":{"@id":"https:\/\/www.mylasertabac.com\/ca\/cbd-el-que-realment-has-de-saber-abans-dutilitzar-lo-conscientment\/#primaryimage"},"thumbnailUrl":"https:\/\/www.mylasertabac.com\/wp-content\/uploads\/2025\/07\/Consomation-de-cbd-.png","articleSection":["Salut"],"inLanguage":"ca"},{"@type":"WebPage","@id":"https:\/\/www.mylasertabac.com\/ca\/cbd-el-que-realment-has-de-saber-abans-dutilitzar-lo-conscientment\/","url":"https:\/\/www.mylasertabac.com\/ca\/cbd-el-que-realment-has-de-saber-abans-dutilitzar-lo-conscientment\/","name":"CBD: El que realment has de saber abans d'utilitzar-lo conscientment - My Laser Tabac","isPartOf":{"@id":"https:\/\/www.mylasertabac.com\/ca\/#website"},"primaryImageOfPage":{"@id":"https:\/\/www.mylasertabac.com\/ca\/cbd-el-que-realment-has-de-saber-abans-dutilitzar-lo-conscientment\/#primaryimage"},"image":{"@id":"https:\/\/www.mylasertabac.com\/ca\/cbd-el-que-realment-has-de-saber-abans-dutilitzar-lo-conscientment\/#primaryimage"},"thumbnailUrl":"https:\/\/www.mylasertabac.com\/wp-content\/uploads\/2025\/07\/Consomation-de-cbd-.png","datePublished":"2025-07-28T18:14:00+00:00","dateModified":"2025-07-29T07:25:14+00:00","description":"Descobreix com utilitzar el CBD amb prud\u00e8ncia i com la ter\u00e0pia l\u00e0ser pot ajudar amb la desintoxicaci\u00f3 suau.","breadcrumb":{"@id":"https:\/\/www.mylasertabac.com\/ca\/cbd-el-que-realment-has-de-saber-abans-dutilitzar-lo-conscientment\/#breadcrumb"},"inLanguage":"ca","potentialAction":[{"@type":"ReadAction","target":["https:\/\/www.mylasertabac.com\/ca\/cbd-el-que-realment-has-de-saber-abans-dutilitzar-lo-conscientment\/"]}]},{"@type":"ImageObject","inLanguage":"ca","@id":"https:\/\/www.mylasertabac.com\/ca\/cbd-el-que-realment-has-de-saber-abans-dutilitzar-lo-conscientment\/#primaryimage","url":"https:\/\/www.mylasertabac.com\/wp-content\/uploads\/2025\/07\/Consomation-de-cbd-.png","contentUrl":"https:\/\/www.mylasertabac.com\/wp-content\/uploads\/2025\/07\/Consomation-de-cbd-.png","width":1536,"height":1024},{"@type":"BreadcrumbList","@id":"https:\/\/www.mylasertabac.com\/ca\/cbd-el-que-realment-has-de-saber-abans-dutilitzar-lo-conscientment\/#breadcrumb","itemListElement":[{"@type":"ListItem","position":1,"name":"Accueil","item":"https:\/\/www.mylasertabac.com\/ca\/benvingut\/"},{"@type":"ListItem","position":2,"name":"CBD: El que realment has de saber abans d&#8217;utilitzar-lo conscientment"}]},{"@type":"WebSite","@id":"https:\/\/www.mylasertabac.com\/ca\/#website","url":"https:\/\/www.mylasertabac.com\/ca\/","name":"My Laser Tabac","description":"La solution laser qui transforme les fumeurs en ex-fumeurs","publisher":{"@id":"https:\/\/www.mylasertabac.com\/ca\/#organization"},"potentialAction":[{"@type":"SearchAction","target":{"@type":"EntryPoint","urlTemplate":"https:\/\/www.mylasertabac.com\/ca\/?s={search_term_string}"},"query-input":{"@type":"PropertyValueSpecification","valueRequired":true,"valueName":"search_term_string"}}],"inLanguage":"ca"},{"@type":"Organization","@id":"https:\/\/www.mylasertabac.com\/ca\/#organization","name":"My Laser Tabac","url":"https:\/\/www.mylasertabac.com\/ca\/","logo":{"@type":"ImageObject","inLanguage":"ca","@id":"https:\/\/www.mylasertabac.com\/ca\/#\/schema\/logo\/image\/","url":"https:\/\/www.mylasertabac.com\/wp-content\/uploads\/2024\/12\/mlt-verteau.svg","contentUrl":"https:\/\/www.mylasertabac.com\/wp-content\/uploads\/2024\/12\/mlt-verteau.svg","caption":"My Laser Tabac"},"image":{"@id":"https:\/\/www.mylasertabac.com\/ca\/#\/schema\/logo\/image\/"}},{"@type":"Person","@id":"https:\/\/www.mylasertabac.com\/ca\/#\/schema\/person\/02c249cb76d912efb6c315ec23eccdf3","name":"Florian Fortes","image":{"@type":"ImageObject","inLanguage":"ca","@id":"https:\/\/www.mylasertabac.com\/wp-content\/litespeed\/avatar\/142101a71d7b9e6490c1120d9c109a67.jpg?ver=1777461116","url":"https:\/\/www.mylasertabac.com\/wp-content\/litespeed\/avatar\/142101a71d7b9e6490c1120d9c109a67.jpg?ver=1777461116","contentUrl":"https:\/\/www.mylasertabac.com\/wp-content\/litespeed\/avatar\/142101a71d7b9e6490c1120d9c109a67.jpg?ver=1777461116","caption":"Florian Fortes"},"sameAs":["https:\/\/www.mylasertabac.com","https:\/\/www.facebook.com\/profile.php?id=61571554707319"],"url":"https:\/\/www.mylasertabac.com\/ca\/author\/florianfortes5312\/"}]}},"_links":{"self":[{"href":"https:\/\/www.mylasertabac.com\/ca\/wp-json\/wp\/v2\/posts\/12170","targetHints":{"allow":["GET"]}}],"collection":[{"href":"https:\/\/www.mylasertabac.com\/ca\/wp-json\/wp\/v2\/posts"}],"about":[{"href":"https:\/\/www.mylasertabac.com\/ca\/wp-json\/wp\/v2\/types\/post"}],"author":[{"embeddable":true,"href":"https:\/\/www.mylasertabac.com\/ca\/wp-json\/wp\/v2\/users\/2"}],"replies":[{"embeddable":true,"href":"https:\/\/www.mylasertabac.com\/ca\/wp-json\/wp\/v2\/comments?post=12170"}],"version-history":[{"count":4,"href":"https:\/\/www.mylasertabac.com\/ca\/wp-json\/wp\/v2\/posts\/12170\/revisions"}],"predecessor-version":[{"id":12199,"href":"https:\/\/www.mylasertabac.com\/ca\/wp-json\/wp\/v2\/posts\/12170\/revisions\/12199"}],"wp:featuredmedia":[{"embeddable":true,"href":"https:\/\/www.mylasertabac.com\/ca\/wp-json\/wp\/v2\/media\/12154"}],"wp:attachment":[{"href":"https:\/\/www.mylasertabac.com\/ca\/wp-json\/wp\/v2\/media?parent=12170"}],"wp:term":[{"taxonomy":"category","embeddable":true,"href":"https:\/\/www.mylasertabac.com\/ca\/wp-json\/wp\/v2\/categories?post=12170"},{"taxonomy":"post_tag","embeddable":true,"href":"https:\/\/www.mylasertabac.com\/ca\/wp-json\/wp\/v2\/tags?post=12170"}],"curies":[{"name":"wp","href":"https:\/\/api.w.org\/{rel}","templated":true}]}}