{"id":12230,"date":"2025-07-29T10:56:56","date_gmt":"2025-07-29T08:56:56","guid":{"rendered":"https:\/\/www.mylasertabac.com\/quant-de-temps-roman-el-cannabis-a-la-sang\/"},"modified":"2025-07-30T00:22:54","modified_gmt":"2025-07-29T22:22:54","slug":"quant-de-temps-roman-el-cannabis-a-la-sang","status":"publish","type":"post","link":"https:\/\/www.mylasertabac.com\/ca\/quant-de-temps-roman-el-cannabis-a-la-sang\/","title":{"rendered":"Quant de temps roman el c\u00e0nnabis a la sang?"},"content":{"rendered":"\n<div style=\"height:21px\" aria-hidden=\"true\" class=\"wp-block-spacer\"><\/div>\n\n<p><strong>El que absolutament has de saber sobre la detecci\u00f3 de THC al teu cos<\/strong><\/p>\n\n<div style=\"height:21px\" aria-hidden=\"true\" class=\"wp-block-spacer\"><\/div>\n\n<h2 class=\"wp-block-heading\">Qu\u00e8 \u00e9s el THC?<\/h2>\n\n<div style=\"height:21px\" aria-hidden=\"true\" class=\"wp-block-spacer\"><\/div>\n\n<p><strong>El THC<\/strong> , o <strong>tetrahidrocannabinol<\/strong> , \u00e9s la <strong>principal subst\u00e0ncia psicoactiva<\/strong> del <strong>c\u00e0nnabis<\/strong> . \u00c9s el que modifica les percepcions, l&#8217;estat d&#8217;\u00e0nim, el comportament, per\u00f2 tamb\u00e9 el funcionament cognitiu del <strong>cos<\/strong> . A difer\u00e8ncia del <strong>CBD<\/strong> , una altra mol\u00e8cula derivada de <strong>les llavors<\/strong> de c\u00e0nem, <strong>el THC<\/strong> provoca <strong>efectes<\/strong> euf\u00f2rics, ansiol\u00edtics o fins i tot de vegades ansietat, depenent de la <strong>quantitat<\/strong> i <strong>la freq\u00fc\u00e8ncia<\/strong> d&#8217; <strong>\u00fas<\/strong> .  <\/p>\n\n<p><strong>El THC<\/strong> \u00e9s <strong>present<\/strong> a la majoria de productes derivats <strong>del c\u00e0nnabis<\/strong> : flors, resina, olis i comestibles. I tot i que els seus <strong>efectes<\/strong> poden desapar\u00e8ixer en poques hores, les seves <strong>traces<\/strong> al <strong>cos<\/strong> persisteixen&#8230; molt m\u00e9s temps. <\/p>\n\n<div style=\"height:27px\" aria-hidden=\"true\" class=\"wp-block-spacer\"><\/div>\n\n<hr class=\"wp-block-separator has-alpha-channel-opacity\"\/>\n\n<figure class=\"wp-block-image alignleft size-full is-resized\"><img fetchpriority=\"high\" decoding=\"async\" width=\"1024\" height=\"1024\" src=\"https:\/\/www.mylasertabac.com\/wp-content\/uploads\/2025\/07\/quel-est-la-duree-des-effets-du-cannabis-dans-le-sang.png\" alt=\"\" class=\"wp-image-12208\" style=\"width:379px;height:auto\" srcset=\"https:\/\/www.mylasertabac.com\/wp-content\/uploads\/2025\/07\/quel-est-la-duree-des-effets-du-cannabis-dans-le-sang.png 1024w, https:\/\/www.mylasertabac.com\/wp-content\/uploads\/2025\/07\/quel-est-la-duree-des-effets-du-cannabis-dans-le-sang-300x300.png 300w, https:\/\/www.mylasertabac.com\/wp-content\/uploads\/2025\/07\/quel-est-la-duree-des-effets-du-cannabis-dans-le-sang-150x150.png 150w, https:\/\/www.mylasertabac.com\/wp-content\/uploads\/2025\/07\/quel-est-la-duree-des-effets-du-cannabis-dans-le-sang-768x768.png 768w\" sizes=\"(max-width: 1024px) 100vw, 1024px\" \/><\/figure>\n\n<h2 class=\"wp-block-heading\">Quant de temps duren els efectes del THC?<\/h2>\n\n<p>La <strong>durada<\/strong> dels <strong>efectes<\/strong> del <strong>c\u00e0nnabis<\/strong> dep\u00e8n de diversos <strong>factors<\/strong> : el pes, el <strong>metabolisme<\/strong> , la toler\u00e0ncia, la <strong>quantitat<\/strong> consumida i el m\u00e8tode de <strong>consum<\/strong> (fumat, ingerit, vaporitzat, etc.).<\/p>\n\n<ul class=\"wp-block-list\">\n<li>Quan es fuma, <strong>el THC<\/strong> actua r\u00e0pidament: en q\u00fcesti\u00f3 de minuts, <strong>els usuaris<\/strong> senten un efecte secundari que pot durar de 2 a 6 hores. <\/li>\n\n\n\n<li>Per via oral, l&#8217;inici \u00e9s m\u00e9s lent per\u00f2 els <strong>efectes<\/strong> duren m\u00e9s (fins a 12 hores).<\/li>\n<\/ul>\n\n<p>Per\u00f2 compte: un cop els <strong>efectes<\/strong> han passat, <strong>el THC<\/strong> no desapareix del <strong>sistema<\/strong> . Es pot <strong>detectar<\/strong> mitjan\u00e7ant diversos tipus de <strong>proves<\/strong> <strong>de detecci\u00f3<\/strong> , de vegades <strong>setmanes<\/strong> despr\u00e9s <strong>del consum<\/strong> . <\/p>\n\n<div style=\"height:42px\" aria-hidden=\"true\" class=\"wp-block-spacer\"><\/div>\n\n<hr class=\"wp-block-separator has-alpha-channel-opacity\"\/>\n\n<h2 class=\"wp-block-heading\">Quant de temps romanen traces de THC al cos?<\/h2>\n\n<div style=\"height:21px\" aria-hidden=\"true\" class=\"wp-block-spacer\"><\/div>\n\n<p>Aquesta \u00e9s la pregunta que es fan molts <strong>consumidors<\/strong> : <strong>quant de temps<\/strong> <strong>roman el THC a la sang<\/strong> ? La resposta no \u00e9s universal. <\/p>\n\n<p>Tot dep\u00e8n:<\/p>\n\n<ul class=\"wp-block-list\">\n<li>de la teva <strong>freq\u00fc\u00e8ncia<\/strong> <strong>de consum<\/strong><\/li>\n\n\n\n<li>de la <strong>quantitat<\/strong> consumida<\/li>\n\n\n\n<li>del <strong>metabolisme del teu cos<\/strong><\/li>\n\n\n\n<li>i el tipus de <strong>prova<\/strong> utilitzada<\/li>\n<\/ul>\n\n<p><strong>El THC<\/strong> \u00e9s liposoluble: s&#8217;acumula al greix <strong>corporal<\/strong> . Un cop metabolitzat, es transforma en <strong>metab\u00f2lits<\/strong> com el THC- <strong>COOH<\/strong> , que poden <strong>romandre<\/strong> al <strong>cos<\/strong> durant for\u00e7a temps. <\/p>\n\n<div style=\"height:21px\" aria-hidden=\"true\" class=\"wp-block-spacer\"><\/div>\n\n<p class=\"has-cyan-bluish-gray-background-color has-background\">Llegiu tamb\u00e9: <a href=\"https:\/\/www.mylasertabac.com\/ca\/uneix-te-a-la-franquicia-laser-anti-tabac-i-beneficiat-dun-concepte-clau-en-ma-rendible\/\"><mark style=\"background-color:rgba(0, 0, 0, 0)\" class=\"has-inline-color has-luminous-vivid-orange-color\">Converteix-te en franqu\u00edciat de Mylasertabac en l&#8217;\u00e0mbit de la deshabituaci\u00f3 tab\u00e0quica i les addiccions.<\/mark><\/a><\/p>\n\n<div style=\"height:21px\" aria-hidden=\"true\" class=\"wp-block-spacer\"><\/div>\n\n<hr class=\"wp-block-separator has-alpha-channel-opacity\"\/>\n\n<h2 class=\"wp-block-heading\">Detecci\u00f3 de THC amb una an\u00e0lisi de sang<\/h2>\n\n<div style=\"height:21px\" aria-hidden=\"true\" class=\"wp-block-spacer\"><\/div>\n\n<p>Una <strong>an\u00e0lisi de sang<\/strong> \u00e9s un dels m\u00e8todes m\u00e9s precisos per detectar <strong>el c\u00e0nnabis<\/strong> a la <strong>sang<\/strong> . <strong>El THC<\/strong> esdev\u00e9 <strong>detectable<\/strong> en 1 o 2 hores despr\u00e9s del <strong>seu \u00fas<\/strong> . <\/p>\n\n<ul class=\"wp-block-list\">\n<li>Per a <strong>\u00fas<\/strong> ocasional: <strong>el THC<\/strong> roman visible a la <strong>sang<\/strong> durant aproximadament de 12 a 24 hores.<\/li>\n\n\n\n<li>Per a un <strong>usuari<\/strong> habitual: <strong>els metab\u00f2lits<\/strong> es poden <strong>detectar<\/strong> fins a <strong>7 dies<\/strong> despr\u00e9s de l&#8217;\u00faltima fumada.<\/li>\n<\/ul>\n\n<p>L&#8217; <strong>an\u00e0lisi de sang<\/strong> s&#8217;utilitza sovint en el context d&#8217;accidents de tr\u00e0nsit o controls professionals delicats.<\/p>\n\n<div style=\"height:21px\" aria-hidden=\"true\" class=\"wp-block-spacer\"><\/div>\n\n<hr class=\"wp-block-separator has-alpha-channel-opacity\"\/>\n\n<h2 class=\"wp-block-heading\">Detecci\u00f3 de THC mitjan\u00e7ant prova de saliva<\/h2>\n\n<div style=\"height:21px\" aria-hidden=\"true\" class=\"wp-block-spacer\"><\/div>\n\n<p>La <strong>prova de saliva<\/strong> \u00e9s la que utilitzen les forces de l&#8217;ordre en <strong>els controls<\/strong> de tr\u00e0nsit. <strong>Detecta<\/strong> la pres\u00e8ncia de <strong>THC<\/strong> a <strong>la saliva<\/strong> . <\/p>\n\n<ul class=\"wp-block-list\">\n<li>En cas de <strong>consum<\/strong> ocasional: la <strong>prova<\/strong> \u00e9s <strong>positiva<\/strong> durant aproximadament de 6 a 12 hores.<\/li>\n\n\n\n<li>Per a un <strong>usuari<\/strong> freq\u00fcent: fins a 24 o fins i tot 36 hores.<\/li>\n<\/ul>\n\n<p>Fins i tot si el <strong>temps<\/strong> de detecci\u00f3 \u00e9s m\u00e9s curt que en <strong>sang<\/strong> o <strong>orina<\/strong> , la prova de saliva continua sent extremadament efica\u00e7 a curt termini.<\/p>\n\n<div style=\"height:21px\" aria-hidden=\"true\" class=\"wp-block-spacer\"><\/div>\n\n<hr class=\"wp-block-separator has-alpha-channel-opacity\"\/>\n\n<h2 class=\"wp-block-heading\">Cribratge d&#8217;orina per a THC<\/h2>\n\n<div style=\"height:21px\" aria-hidden=\"true\" class=\"wp-block-spacer\"><\/div>\n\n<p>L&#8217; <strong>an\u00e0lisi d&#8217;orina<\/strong> s&#8217;utilitza m\u00e9s habitualment per a <strong>la detecci\u00f3<\/strong> en el lloc de treball o el seguiment m\u00e8dic. Busca <strong>metab\u00f2lits<\/strong> <strong>de THC<\/strong> (especialment THC-COOH) a l&#8217; <strong>orina<\/strong> . <\/p>\n\n<ul class=\"wp-block-list\">\n<li>De 3 a 7 dies per a consum ocasional<\/li>\n\n\n\n<li>De 10 a 15 dies per a un consum regular<\/li>\n\n\n\n<li>Fins a 30 o fins i tot 45 dies per <strong>a consum<\/strong> cr\u00f2nic<\/li>\n<\/ul>\n\n<p>La <strong>durada<\/strong> de la pres\u00e8ncia a <strong>l&#8217;orina<\/strong> est\u00e0 influenciada pel <strong>metabolisme<\/strong> , la hidrataci\u00f3 i <strong>la freq\u00fc\u00e8ncia<\/strong> d&#8217;\u00fas.<\/p>\n\n<div style=\"height:21px\" aria-hidden=\"true\" class=\"wp-block-spacer\"><\/div>\n\n<hr class=\"wp-block-separator has-alpha-channel-opacity\"\/>\n\n<h2 class=\"wp-block-heading\">L&#8217;alliberament de THC al cos<\/h2>\n\n<div style=\"height:21px\" aria-hidden=\"true\" class=\"wp-block-spacer\"><\/div>\n\n<p><strong>El THC<\/strong> s&#8217;emmagatzema al greix <strong>corporal<\/strong> . En casos d&#8217;estr\u00e8s, dejuni o activitat <strong>f\u00edsica<\/strong> intensa, una part del <strong>THC<\/strong> es pot <strong>alliberar<\/strong> al <strong>torrent sanguini<\/strong> , fent que la <strong>prova<\/strong> continu\u00ef sent <strong>positiva<\/strong> <strong>setmanes<\/strong> despr\u00e9s de deixar <strong>de consumir-la<\/strong> . <\/p>\n\n<p>Aquest fenomen explica per qu\u00e8 alguns <strong>usuaris<\/strong> encara s\u00f3n <strong>detectats<\/strong> molt despr\u00e9s de la seva \u00faltima dosi.<\/p>\n\n<div style=\"height:21px\" aria-hidden=\"true\" class=\"wp-block-spacer\"><\/div>\n\n<hr class=\"wp-block-separator has-alpha-channel-opacity\"\/>\n\n<h2 class=\"wp-block-heading\">Comprendre els efectes i els riscos del consum de c\u00e0nnabis<\/h2>\n\n<div style=\"height:21px\" aria-hidden=\"true\" class=\"wp-block-spacer\"><\/div>\n\n<p><strong>El c\u00e0nnabis<\/strong> sovint es percep com una <strong>subst\u00e0ncia<\/strong> suau, fins i tot natural. Tanmateix, el seu <strong>consum<\/strong> regular o excessiu t\u00e9 impactes molt reals: <\/p>\n\n<ul class=\"wp-block-list\">\n<li>trastorns de mem\u00f2ria i atenci\u00f3<\/li>\n\n\n\n<li>desmotivaci\u00f3, a\u00efllament social<\/li>\n\n\n\n<li>ansietat, atacs de p\u00e0nic<\/li>\n\n\n\n<li>disminuci\u00f3 del rendiment cognitiu<\/li>\n\n\n\n<li>alteraci\u00f3 <strong>metab\u00f2lica<\/strong><\/li>\n<\/ul>\n\n<p>I a llarg termini, augmenta el risc de <strong>depend\u00e8ncia<\/strong> psicol\u00f2gica. Alguns <strong>consumidors<\/strong> fins i tot acaben trivialitzant el seu <strong>consum<\/strong> , sense adonar-se de l&#8217;impacte real en la seva <strong>salut<\/strong> . <\/p>\n\n<div style=\"height:36px\" aria-hidden=\"true\" class=\"wp-block-spacer\"><\/div>\n\n<hr class=\"wp-block-separator has-alpha-channel-opacity\"\/>\n\n<figure class=\"wp-block-image alignright size-full is-resized\"><img decoding=\"async\" width=\"975\" height=\"982\" src=\"https:\/\/www.mylasertabac.com\/wp-content\/uploads\/2025\/06\/centre.jpeg\" alt=\"\" class=\"wp-image-9265\" style=\"width:386px;height:auto\" srcset=\"https:\/\/www.mylasertabac.com\/wp-content\/uploads\/2025\/06\/centre.jpeg 975w, https:\/\/www.mylasertabac.com\/wp-content\/uploads\/2025\/06\/centre-298x300.jpeg 298w, https:\/\/www.mylasertabac.com\/wp-content\/uploads\/2025\/06\/centre-150x150.jpeg 150w, https:\/\/www.mylasertabac.com\/wp-content\/uploads\/2025\/06\/centre-768x774.jpeg 768w\" sizes=\"(max-width: 975px) 100vw, 975px\" \/><\/figure>\n\n<h2 class=\"wp-block-heading\">Abstin\u00e8ncia de c\u00e0nnabis amb l\u00e0ser: una soluci\u00f3 natural i efica\u00e7<\/h2>\n\n<p>Cada cop m\u00e9s gent vol <strong>deixar de consumir c\u00e0nnabis<\/strong> , per\u00f2 no sap com. <strong>L&#8217;abstin\u00e8ncia<\/strong> de c\u00e0nnabis pot provocar s\u00edmptomes desagradables: irritabilitat, insomni, ansietat i <strong>desitjos<\/strong> intensos. <\/p>\n\n<p>Aqu\u00ed \u00e9s on entra en joc el <strong>m\u00e8tode l\u00e0ser<\/strong> , ofert per centres especialitzats com <strong><a href=\"https:\/\/www.mylasertabac.com\/ca\/\">MyLaserTabac<\/a><\/strong> .<\/p>\n\n<p>\ud83d\udca1 Gr\u00e0cies a <strong><a href=\"https:\/\/www.mylasertabac.com\/ca\/\">la reflexologia auricular<\/a><\/strong> , el <strong>l\u00e0ser antiaddicci\u00f3<\/strong> estimula punts espec\u00edfics de l&#8217;orella associats amb l&#8217;addicci\u00f3. Indolora i sense efectes secundaris, aquesta t\u00e8cnica suau: <\/p>\n\n<ul class=\"wp-block-list\">\n<li>redueix <strong>els desitjos<\/strong><\/li>\n\n\n\n<li>calma el <strong>cos<\/strong> i la ment<\/li>\n\n\n\n<li>facilita el retorn a <strong>l&#8217;equilibri<\/strong><\/li>\n\n\n\n<li>afavoreix <strong>un \u00fas<\/strong> m\u00e9s saludable de l&#8217;energia<\/li>\n<\/ul>\n\n<p>Aquest m\u00e8tode tamb\u00e9 \u00e9s efica\u00e7 per a <strong><a href=\"https:\/\/www.mylasertabac.com\/ca\/el-metode-my-laser-tabac\/com-acabar-amb-laddiccio-al-sucre\/\">l&#8217;abstin\u00e8ncia de sucre<\/a><\/strong> , alcohol o tabac. Ajuda <strong>els usuaris<\/strong> a trencar el cicle de <strong>consum<\/strong> sense patir. <\/p>\n\n<div style=\"height:38px\" aria-hidden=\"true\" class=\"wp-block-spacer\"><\/div>\n\n<hr class=\"wp-block-separator has-alpha-channel-opacity\"\/>\n\n<h2 class=\"wp-block-heading\">Conclusi\u00f3: El c\u00e0nnabis deixa rastres m\u00e9s temps del que pensem<\/h2>\n\n<div style=\"height:21px\" aria-hidden=\"true\" class=\"wp-block-spacer\"><\/div>\n\n<p>Si pensaves que <strong>el c\u00e0nnabis<\/strong> s&#8217;eliminava r\u00e0pidament del <strong>cos<\/strong> , torna-t&#8217;ho a pensar. Depenent del <strong>tipus de prova<\/strong> , <strong>la freq\u00fc\u00e8ncia d&#8217;\u00fas<\/strong> i <strong>el metabolisme<\/strong> , <strong>el THC<\/strong> pot romandre <strong>detectable<\/strong> fins a <strong>45 dies<\/strong> . <strong>Les proves<\/strong> es poden fer amb <strong>sang<\/strong> , <strong>saliva<\/strong> , <strong>orina<\/strong> o fins i tot <strong>cabell<\/strong> .  <\/p>\n\n<p>Per\u00f2 m\u00e9s enll\u00e0 de les <strong>proves<\/strong> , la veritable pregunta \u00e9s: <strong>qu\u00e8 passaria si decid\u00edssiu deixar-ho definitivament?<\/strong> No per por a <strong>les proves<\/strong> , sin\u00f3 pel desig de recuperar la vostra llibertat. Gr\u00e0cies al m\u00e8tode <strong>l\u00e0ser antic\u00e0nnabis<\/strong> , podeu iniciar un <strong>canvi durador, recolzat, natural i efica\u00e7<\/strong> . <\/p>\n\n<div style=\"height:51px\" aria-hidden=\"true\" class=\"wp-block-spacer\"><\/div>\n\n<figure class=\"wp-block-image size-large\"><img decoding=\"async\" src=\"https:\/\/www.mylasertabac.com\/wp-content\/uploads\/\/mlt-verteau.svg\" alt=\"\" class=\"wp-image-13\"\/><\/figure>\n","protected":false},"excerpt":{"rendered":"<p>El que absolutament has de saber sobre la detecci\u00f3 de THC al teu cos Qu\u00e8 \u00e9s el THC? El THC , o tetrahidrocannabinol , \u00e9s la principal subst\u00e0ncia psicoactiva del c\u00e0nnabis . \u00c9s el que modifica les percepcions, l&#8217;estat d&#8217;\u00e0nim, el comportament, per\u00f2 tamb\u00e9 el funcionament cognitiu del cos . A difer\u00e8ncia del CBD , [&hellip;]<\/p>\n","protected":false},"author":2,"featured_media":12217,"comment_status":"closed","ping_status":"open","sticky":false,"template":"","format":"standard","meta":{"inline_featured_image":false,"footnotes":""},"categories":[408,172],"tags":[],"class_list":["post-12230","post","type-post","status-publish","format-standard","has-post-thumbnail","hentry","category-retirada-del-cannabis","category-salut-i-addiccions"],"yoast_head":"<!-- This site is optimized with the Yoast SEO plugin v27.5 - https:\/\/yoast.com\/product\/yoast-seo-wordpress\/ -->\n<title>Quant de temps roman el c\u00e0nnabis a la sang? - My Laser Tabac<\/title>\n<meta name=\"description\" content=\"Descobreix quant de temps es pot detectar el c\u00e0nnabis a la sang i a les an\u00e0lisis, i com eliminar-lo de manera natural.\" \/>\n<meta name=\"robots\" content=\"index, follow, max-snippet:-1, max-image-preview:large, max-video-preview:-1\" \/>\n<link rel=\"canonical\" href=\"https:\/\/www.mylasertabac.com\/ca\/quant-de-temps-roman-el-cannabis-a-la-sang\/\" \/>\n<meta property=\"og:locale\" content=\"ca_ES\" \/>\n<meta property=\"og:type\" content=\"article\" \/>\n<meta property=\"og:title\" content=\"Quant de temps roman el c\u00e0nnabis a la sang? - My Laser Tabac\" \/>\n<meta property=\"og:description\" content=\"Descobreix quant de temps es pot detectar el c\u00e0nnabis a la sang i a les an\u00e0lisis, i com eliminar-lo de manera natural.\" \/>\n<meta property=\"og:url\" content=\"https:\/\/www.mylasertabac.com\/ca\/quant-de-temps-roman-el-cannabis-a-la-sang\/\" \/>\n<meta property=\"og:site_name\" content=\"My Laser Tabac\" \/>\n<meta property=\"article:author\" content=\"https:\/\/www.facebook.com\/profile.php?id=61571554707319\" \/>\n<meta property=\"article:published_time\" content=\"2025-07-29T08:56:56+00:00\" \/>\n<meta property=\"article:modified_time\" content=\"2025-07-29T22:22:54+00:00\" \/>\n<meta property=\"og:image\" content=\"https:\/\/www.mylasertabac.com\/wp-content\/uploads\/2025\/07\/combien-de-temps-le-cannabis-reste-dans-le-sang-1024x683.png\" \/>\n\t<meta property=\"og:image:width\" content=\"1024\" \/>\n\t<meta property=\"og:image:height\" content=\"683\" \/>\n\t<meta property=\"og:image:type\" content=\"image\/png\" \/>\n<meta name=\"author\" content=\"Florian Fortes\" \/>\n<meta name=\"twitter:card\" content=\"summary_large_image\" \/>\n<meta name=\"twitter:label1\" content=\"Escrit per\" \/>\n\t<meta name=\"twitter:data1\" content=\"Florian Fortes\" \/>\n\t<meta name=\"twitter:label2\" content=\"Temps estimat de lectura\" \/>\n\t<meta name=\"twitter:data2\" content=\"5 minuts\" \/>\n<script type=\"application\/ld+json\" class=\"yoast-schema-graph\">{\"@context\":\"https:\\\/\\\/schema.org\",\"@graph\":[{\"@type\":\"Article\",\"@id\":\"https:\\\/\\\/www.mylasertabac.com\\\/ca\\\/quant-de-temps-roman-el-cannabis-a-la-sang\\\/#article\",\"isPartOf\":{\"@id\":\"https:\\\/\\\/www.mylasertabac.com\\\/ca\\\/quant-de-temps-roman-el-cannabis-a-la-sang\\\/\"},\"author\":{\"name\":\"Florian Fortes\",\"@id\":\"https:\\\/\\\/www.mylasertabac.com\\\/ca\\\/#\\\/schema\\\/person\\\/02c249cb76d912efb6c315ec23eccdf3\"},\"headline\":\"Quant de temps roman el c\u00e0nnabis a la sang?\",\"datePublished\":\"2025-07-29T08:56:56+00:00\",\"dateModified\":\"2025-07-29T22:22:54+00:00\",\"mainEntityOfPage\":{\"@id\":\"https:\\\/\\\/www.mylasertabac.com\\\/ca\\\/quant-de-temps-roman-el-cannabis-a-la-sang\\\/\"},\"wordCount\":1054,\"publisher\":{\"@id\":\"https:\\\/\\\/www.mylasertabac.com\\\/ca\\\/#organization\"},\"image\":{\"@id\":\"https:\\\/\\\/www.mylasertabac.com\\\/ca\\\/quant-de-temps-roman-el-cannabis-a-la-sang\\\/#primaryimage\"},\"thumbnailUrl\":\"https:\\\/\\\/www.mylasertabac.com\\\/wp-content\\\/uploads\\\/2025\\\/07\\\/combien-de-temps-le-cannabis-reste-dans-le-sang.png\",\"articleSection\":[\"retirada del c\u00e0nnabis\",\"Salut i addiccions\"],\"inLanguage\":\"ca\"},{\"@type\":\"WebPage\",\"@id\":\"https:\\\/\\\/www.mylasertabac.com\\\/ca\\\/quant-de-temps-roman-el-cannabis-a-la-sang\\\/\",\"url\":\"https:\\\/\\\/www.mylasertabac.com\\\/ca\\\/quant-de-temps-roman-el-cannabis-a-la-sang\\\/\",\"name\":\"Quant de temps roman el c\u00e0nnabis a la sang? - My Laser Tabac\",\"isPartOf\":{\"@id\":\"https:\\\/\\\/www.mylasertabac.com\\\/ca\\\/#website\"},\"primaryImageOfPage\":{\"@id\":\"https:\\\/\\\/www.mylasertabac.com\\\/ca\\\/quant-de-temps-roman-el-cannabis-a-la-sang\\\/#primaryimage\"},\"image\":{\"@id\":\"https:\\\/\\\/www.mylasertabac.com\\\/ca\\\/quant-de-temps-roman-el-cannabis-a-la-sang\\\/#primaryimage\"},\"thumbnailUrl\":\"https:\\\/\\\/www.mylasertabac.com\\\/wp-content\\\/uploads\\\/2025\\\/07\\\/combien-de-temps-le-cannabis-reste-dans-le-sang.png\",\"datePublished\":\"2025-07-29T08:56:56+00:00\",\"dateModified\":\"2025-07-29T22:22:54+00:00\",\"description\":\"Descobreix quant de temps es pot detectar el c\u00e0nnabis a la sang i a les an\u00e0lisis, i com eliminar-lo de manera natural.\",\"breadcrumb\":{\"@id\":\"https:\\\/\\\/www.mylasertabac.com\\\/ca\\\/quant-de-temps-roman-el-cannabis-a-la-sang\\\/#breadcrumb\"},\"inLanguage\":\"ca\",\"potentialAction\":[{\"@type\":\"ReadAction\",\"target\":[\"https:\\\/\\\/www.mylasertabac.com\\\/ca\\\/quant-de-temps-roman-el-cannabis-a-la-sang\\\/\"]}]},{\"@type\":\"ImageObject\",\"inLanguage\":\"ca\",\"@id\":\"https:\\\/\\\/www.mylasertabac.com\\\/ca\\\/quant-de-temps-roman-el-cannabis-a-la-sang\\\/#primaryimage\",\"url\":\"https:\\\/\\\/www.mylasertabac.com\\\/wp-content\\\/uploads\\\/2025\\\/07\\\/combien-de-temps-le-cannabis-reste-dans-le-sang.png\",\"contentUrl\":\"https:\\\/\\\/www.mylasertabac.com\\\/wp-content\\\/uploads\\\/2025\\\/07\\\/combien-de-temps-le-cannabis-reste-dans-le-sang.png\",\"width\":1536,\"height\":1024},{\"@type\":\"BreadcrumbList\",\"@id\":\"https:\\\/\\\/www.mylasertabac.com\\\/ca\\\/quant-de-temps-roman-el-cannabis-a-la-sang\\\/#breadcrumb\",\"itemListElement\":[{\"@type\":\"ListItem\",\"position\":1,\"name\":\"Accueil\",\"item\":\"https:\\\/\\\/www.mylasertabac.com\\\/ca\\\/benvingut\\\/\"},{\"@type\":\"ListItem\",\"position\":2,\"name\":\"Quant de temps roman el c\u00e0nnabis a la sang?\"}]},{\"@type\":\"WebSite\",\"@id\":\"https:\\\/\\\/www.mylasertabac.com\\\/ca\\\/#website\",\"url\":\"https:\\\/\\\/www.mylasertabac.com\\\/ca\\\/\",\"name\":\"My Laser Tabac\",\"description\":\"La solution laser qui transforme les fumeurs en ex-fumeurs\",\"publisher\":{\"@id\":\"https:\\\/\\\/www.mylasertabac.com\\\/ca\\\/#organization\"},\"potentialAction\":[{\"@type\":\"SearchAction\",\"target\":{\"@type\":\"EntryPoint\",\"urlTemplate\":\"https:\\\/\\\/www.mylasertabac.com\\\/ca\\\/?s={search_term_string}\"},\"query-input\":{\"@type\":\"PropertyValueSpecification\",\"valueRequired\":true,\"valueName\":\"search_term_string\"}}],\"inLanguage\":\"ca\"},{\"@type\":\"Organization\",\"@id\":\"https:\\\/\\\/www.mylasertabac.com\\\/ca\\\/#organization\",\"name\":\"My Laser Tabac\",\"url\":\"https:\\\/\\\/www.mylasertabac.com\\\/ca\\\/\",\"logo\":{\"@type\":\"ImageObject\",\"inLanguage\":\"ca\",\"@id\":\"https:\\\/\\\/www.mylasertabac.com\\\/ca\\\/#\\\/schema\\\/logo\\\/image\\\/\",\"url\":\"https:\\\/\\\/www.mylasertabac.com\\\/wp-content\\\/uploads\\\/2024\\\/12\\\/mlt-verteau.svg\",\"contentUrl\":\"https:\\\/\\\/www.mylasertabac.com\\\/wp-content\\\/uploads\\\/2024\\\/12\\\/mlt-verteau.svg\",\"caption\":\"My Laser Tabac\"},\"image\":{\"@id\":\"https:\\\/\\\/www.mylasertabac.com\\\/ca\\\/#\\\/schema\\\/logo\\\/image\\\/\"}},{\"@type\":\"Person\",\"@id\":\"https:\\\/\\\/www.mylasertabac.com\\\/ca\\\/#\\\/schema\\\/person\\\/02c249cb76d912efb6c315ec23eccdf3\",\"name\":\"Florian Fortes\",\"image\":{\"@type\":\"ImageObject\",\"inLanguage\":\"ca\",\"@id\":\"https:\\\/\\\/www.mylasertabac.com\\\/wp-content\\\/litespeed\\\/avatar\\\/142101a71d7b9e6490c1120d9c109a67.jpg?ver=1777461116\",\"url\":\"https:\\\/\\\/www.mylasertabac.com\\\/wp-content\\\/litespeed\\\/avatar\\\/142101a71d7b9e6490c1120d9c109a67.jpg?ver=1777461116\",\"contentUrl\":\"https:\\\/\\\/www.mylasertabac.com\\\/wp-content\\\/litespeed\\\/avatar\\\/142101a71d7b9e6490c1120d9c109a67.jpg?ver=1777461116\",\"caption\":\"Florian Fortes\"},\"sameAs\":[\"https:\\\/\\\/www.mylasertabac.com\",\"https:\\\/\\\/www.facebook.com\\\/profile.php?id=61571554707319\"],\"url\":\"https:\\\/\\\/www.mylasertabac.com\\\/ca\\\/author\\\/florianfortes5312\\\/\"}]}<\/script>\n<!-- \/ Yoast SEO plugin. -->","yoast_head_json":{"title":"Quant de temps roman el c\u00e0nnabis a la sang? - My Laser Tabac","description":"Descobreix quant de temps es pot detectar el c\u00e0nnabis a la sang i a les an\u00e0lisis, i com eliminar-lo de manera natural.","robots":{"index":"index","follow":"follow","max-snippet":"max-snippet:-1","max-image-preview":"max-image-preview:large","max-video-preview":"max-video-preview:-1"},"canonical":"https:\/\/www.mylasertabac.com\/ca\/quant-de-temps-roman-el-cannabis-a-la-sang\/","og_locale":"ca_ES","og_type":"article","og_title":"Quant de temps roman el c\u00e0nnabis a la sang? - My Laser Tabac","og_description":"Descobreix quant de temps es pot detectar el c\u00e0nnabis a la sang i a les an\u00e0lisis, i com eliminar-lo de manera natural.","og_url":"https:\/\/www.mylasertabac.com\/ca\/quant-de-temps-roman-el-cannabis-a-la-sang\/","og_site_name":"My Laser Tabac","article_author":"https:\/\/www.facebook.com\/profile.php?id=61571554707319","article_published_time":"2025-07-29T08:56:56+00:00","article_modified_time":"2025-07-29T22:22:54+00:00","og_image":[{"width":1024,"height":683,"url":"https:\/\/www.mylasertabac.com\/wp-content\/uploads\/2025\/07\/combien-de-temps-le-cannabis-reste-dans-le-sang-1024x683.png","type":"image\/png"}],"author":"Florian Fortes","twitter_card":"summary_large_image","twitter_misc":{"Escrit per":"Florian Fortes","Temps estimat de lectura":"5 minuts"},"schema":{"@context":"https:\/\/schema.org","@graph":[{"@type":"Article","@id":"https:\/\/www.mylasertabac.com\/ca\/quant-de-temps-roman-el-cannabis-a-la-sang\/#article","isPartOf":{"@id":"https:\/\/www.mylasertabac.com\/ca\/quant-de-temps-roman-el-cannabis-a-la-sang\/"},"author":{"name":"Florian Fortes","@id":"https:\/\/www.mylasertabac.com\/ca\/#\/schema\/person\/02c249cb76d912efb6c315ec23eccdf3"},"headline":"Quant de temps roman el c\u00e0nnabis a la sang?","datePublished":"2025-07-29T08:56:56+00:00","dateModified":"2025-07-29T22:22:54+00:00","mainEntityOfPage":{"@id":"https:\/\/www.mylasertabac.com\/ca\/quant-de-temps-roman-el-cannabis-a-la-sang\/"},"wordCount":1054,"publisher":{"@id":"https:\/\/www.mylasertabac.com\/ca\/#organization"},"image":{"@id":"https:\/\/www.mylasertabac.com\/ca\/quant-de-temps-roman-el-cannabis-a-la-sang\/#primaryimage"},"thumbnailUrl":"https:\/\/www.mylasertabac.com\/wp-content\/uploads\/2025\/07\/combien-de-temps-le-cannabis-reste-dans-le-sang.png","articleSection":["retirada del c\u00e0nnabis","Salut i addiccions"],"inLanguage":"ca"},{"@type":"WebPage","@id":"https:\/\/www.mylasertabac.com\/ca\/quant-de-temps-roman-el-cannabis-a-la-sang\/","url":"https:\/\/www.mylasertabac.com\/ca\/quant-de-temps-roman-el-cannabis-a-la-sang\/","name":"Quant de temps roman el c\u00e0nnabis a la sang? - My Laser Tabac","isPartOf":{"@id":"https:\/\/www.mylasertabac.com\/ca\/#website"},"primaryImageOfPage":{"@id":"https:\/\/www.mylasertabac.com\/ca\/quant-de-temps-roman-el-cannabis-a-la-sang\/#primaryimage"},"image":{"@id":"https:\/\/www.mylasertabac.com\/ca\/quant-de-temps-roman-el-cannabis-a-la-sang\/#primaryimage"},"thumbnailUrl":"https:\/\/www.mylasertabac.com\/wp-content\/uploads\/2025\/07\/combien-de-temps-le-cannabis-reste-dans-le-sang.png","datePublished":"2025-07-29T08:56:56+00:00","dateModified":"2025-07-29T22:22:54+00:00","description":"Descobreix quant de temps es pot detectar el c\u00e0nnabis a la sang i a les an\u00e0lisis, i com eliminar-lo de manera natural.","breadcrumb":{"@id":"https:\/\/www.mylasertabac.com\/ca\/quant-de-temps-roman-el-cannabis-a-la-sang\/#breadcrumb"},"inLanguage":"ca","potentialAction":[{"@type":"ReadAction","target":["https:\/\/www.mylasertabac.com\/ca\/quant-de-temps-roman-el-cannabis-a-la-sang\/"]}]},{"@type":"ImageObject","inLanguage":"ca","@id":"https:\/\/www.mylasertabac.com\/ca\/quant-de-temps-roman-el-cannabis-a-la-sang\/#primaryimage","url":"https:\/\/www.mylasertabac.com\/wp-content\/uploads\/2025\/07\/combien-de-temps-le-cannabis-reste-dans-le-sang.png","contentUrl":"https:\/\/www.mylasertabac.com\/wp-content\/uploads\/2025\/07\/combien-de-temps-le-cannabis-reste-dans-le-sang.png","width":1536,"height":1024},{"@type":"BreadcrumbList","@id":"https:\/\/www.mylasertabac.com\/ca\/quant-de-temps-roman-el-cannabis-a-la-sang\/#breadcrumb","itemListElement":[{"@type":"ListItem","position":1,"name":"Accueil","item":"https:\/\/www.mylasertabac.com\/ca\/benvingut\/"},{"@type":"ListItem","position":2,"name":"Quant de temps roman el c\u00e0nnabis a la sang?"}]},{"@type":"WebSite","@id":"https:\/\/www.mylasertabac.com\/ca\/#website","url":"https:\/\/www.mylasertabac.com\/ca\/","name":"My Laser Tabac","description":"La solution laser qui transforme les fumeurs en ex-fumeurs","publisher":{"@id":"https:\/\/www.mylasertabac.com\/ca\/#organization"},"potentialAction":[{"@type":"SearchAction","target":{"@type":"EntryPoint","urlTemplate":"https:\/\/www.mylasertabac.com\/ca\/?s={search_term_string}"},"query-input":{"@type":"PropertyValueSpecification","valueRequired":true,"valueName":"search_term_string"}}],"inLanguage":"ca"},{"@type":"Organization","@id":"https:\/\/www.mylasertabac.com\/ca\/#organization","name":"My Laser Tabac","url":"https:\/\/www.mylasertabac.com\/ca\/","logo":{"@type":"ImageObject","inLanguage":"ca","@id":"https:\/\/www.mylasertabac.com\/ca\/#\/schema\/logo\/image\/","url":"https:\/\/www.mylasertabac.com\/wp-content\/uploads\/2024\/12\/mlt-verteau.svg","contentUrl":"https:\/\/www.mylasertabac.com\/wp-content\/uploads\/2024\/12\/mlt-verteau.svg","caption":"My Laser Tabac"},"image":{"@id":"https:\/\/www.mylasertabac.com\/ca\/#\/schema\/logo\/image\/"}},{"@type":"Person","@id":"https:\/\/www.mylasertabac.com\/ca\/#\/schema\/person\/02c249cb76d912efb6c315ec23eccdf3","name":"Florian Fortes","image":{"@type":"ImageObject","inLanguage":"ca","@id":"https:\/\/www.mylasertabac.com\/wp-content\/litespeed\/avatar\/142101a71d7b9e6490c1120d9c109a67.jpg?ver=1777461116","url":"https:\/\/www.mylasertabac.com\/wp-content\/litespeed\/avatar\/142101a71d7b9e6490c1120d9c109a67.jpg?ver=1777461116","contentUrl":"https:\/\/www.mylasertabac.com\/wp-content\/litespeed\/avatar\/142101a71d7b9e6490c1120d9c109a67.jpg?ver=1777461116","caption":"Florian Fortes"},"sameAs":["https:\/\/www.mylasertabac.com","https:\/\/www.facebook.com\/profile.php?id=61571554707319"],"url":"https:\/\/www.mylasertabac.com\/ca\/author\/florianfortes5312\/"}]}},"_links":{"self":[{"href":"https:\/\/www.mylasertabac.com\/ca\/wp-json\/wp\/v2\/posts\/12230","targetHints":{"allow":["GET"]}}],"collection":[{"href":"https:\/\/www.mylasertabac.com\/ca\/wp-json\/wp\/v2\/posts"}],"about":[{"href":"https:\/\/www.mylasertabac.com\/ca\/wp-json\/wp\/v2\/types\/post"}],"author":[{"embeddable":true,"href":"https:\/\/www.mylasertabac.com\/ca\/wp-json\/wp\/v2\/users\/2"}],"replies":[{"embeddable":true,"href":"https:\/\/www.mylasertabac.com\/ca\/wp-json\/wp\/v2\/comments?post=12230"}],"version-history":[{"count":3,"href":"https:\/\/www.mylasertabac.com\/ca\/wp-json\/wp\/v2\/posts\/12230\/revisions"}],"predecessor-version":[{"id":12246,"href":"https:\/\/www.mylasertabac.com\/ca\/wp-json\/wp\/v2\/posts\/12230\/revisions\/12246"}],"wp:featuredmedia":[{"embeddable":true,"href":"https:\/\/www.mylasertabac.com\/ca\/wp-json\/wp\/v2\/media\/12217"}],"wp:attachment":[{"href":"https:\/\/www.mylasertabac.com\/ca\/wp-json\/wp\/v2\/media?parent=12230"}],"wp:term":[{"taxonomy":"category","embeddable":true,"href":"https:\/\/www.mylasertabac.com\/ca\/wp-json\/wp\/v2\/categories?post=12230"},{"taxonomy":"post_tag","embeddable":true,"href":"https:\/\/www.mylasertabac.com\/ca\/wp-json\/wp\/v2\/tags?post=12230"}],"curies":[{"name":"wp","href":"https:\/\/api.w.org\/{rel}","templated":true}]}}