{"id":12271,"date":"2025-07-30T00:41:43","date_gmt":"2025-07-29T22:41:43","guid":{"rendered":"https:\/\/www.mylasertabac.com\/la-generacio-z-sesta-enganxant-sense-adonar-sen\/"},"modified":"2025-07-30T13:35:45","modified_gmt":"2025-07-30T11:35:45","slug":"la-generacio-z-sesta-enganxant-sense-adonar-sen","status":"publish","type":"post","link":"https:\/\/www.mylasertabac.com\/ca\/la-generacio-z-sesta-enganxant-sense-adonar-sen\/","title":{"rendered":"La Generaci\u00f3 Z s&#8217;est\u00e0 enganxant sense adonar-se&#8217;n?"},"content":{"rendered":"\n<div style=\"height:15px\" aria-hidden=\"true\" class=\"wp-block-spacer\"><\/div>\n\n<p>Tenen entre 12 i 27 anys. Van cr\u00e9ixer amb internet, les xarxes socials, la vida r\u00e0pida i la instantane\u00eftat. Per\u00f2 sobretot, s\u00f3n el blanc ideal per a una nova forma d&#8217;addicci\u00f3: m\u00e9s insidiosa, m\u00e9s acceptada socialment, per\u00f2 igual de perillosa. Est\u00e0 caient la Generaci\u00f3 Z en el parany invisible de les noves addiccions? I si s&#8217;hagu\u00e9s de fer sonar l&#8217;alarma ara?    <\/p>\n\n<div style=\"height:15px\" aria-hidden=\"true\" class=\"wp-block-spacer\"><\/div>\n\n<h2 class=\"wp-block-heading\">Addiccions que no diuen el seu nom<\/h2>\n\n<div style=\"height:15px\" aria-hidden=\"true\" class=\"wp-block-spacer\"><\/div>\n\n<h3 class=\"wp-block-heading\">PEUF: el cigarret electr\u00f2nic \u201cinvisible\u201d per\u00f2 perill\u00f3s<\/h3>\n\n<div style=\"height:23px\" aria-hidden=\"true\" class=\"wp-block-spacer\"><\/div>\n\n<p>El <strong>PEUF<\/strong> , aquest cigarret electr\u00f2nic d&#8217;un sol \u00fas amb el seu aspecte colorit i sabor dol\u00e7, \u00e9s cada cop m\u00e9s atractiu per als adolescents. Presentat com una alternativa &#8220;menys nociva&#8221; als cigarrets tradicionals, \u00e9s en realitat una formidable <strong>trampa de m\u00e0rqueting<\/strong> . Darrere del seu aspecte inofensiu, sovint amaga un <strong>contingut de nicotina molt alt<\/strong> , equivalent a un paquet de cigarrets.  <\/p>\n\n<div style=\"height:15px\" aria-hidden=\"true\" class=\"wp-block-spacer\"><\/div>\n\n<p>El m\u00e9s preocupant? La seva trivialitzaci\u00f3. El PEUF s&#8217;intercanvia a les classes de secund\u00e0ria com un simple accessori de moda. Tot i aix\u00f2, <strong>1 de cada adolescents ja ha provat una calada abans dels 15 anys<\/strong> , segons una enquesta recent. El perill? Una addicci\u00f3 preco\u00e7, trivialitzada i sovint <strong>ignorada pels adults<\/strong> .     <\/p>\n\n<div style=\"height:21px\" aria-hidden=\"true\" class=\"wp-block-spacer\"><\/div>\n\n<figure class=\"wp-block-image aligncenter size-full\"><img fetchpriority=\"high\" decoding=\"async\" width=\"1024\" height=\"1024\" src=\"https:\/\/www.mylasertabac.com\/wp-content\/uploads\/2025\/07\/addiction-au-reseau-sociaux.png\" alt=\"\" class=\"wp-image-12308\" srcset=\"https:\/\/www.mylasertabac.com\/wp-content\/uploads\/2025\/07\/addiction-au-reseau-sociaux.png 1024w, https:\/\/www.mylasertabac.com\/wp-content\/uploads\/2025\/07\/addiction-au-reseau-sociaux-300x300.png 300w, https:\/\/www.mylasertabac.com\/wp-content\/uploads\/2025\/07\/addiction-au-reseau-sociaux-150x150.png 150w, https:\/\/www.mylasertabac.com\/wp-content\/uploads\/2025\/07\/addiction-au-reseau-sociaux-768x768.png 768w\" sizes=\"(max-width: 1024px) 100vw, 1024px\" \/><\/figure>\n\n<h3 class=\"wp-block-heading\">Sucre, pantalles, dopamina: els nous distribu\u00efdors quotidians<\/h3>\n\n<p>Lluny del clix\u00e9 de les drogues il\u00b7l\u00edcites, la Generaci\u00f3 Z est\u00e0 exposada cada dia a <strong>subst\u00e0ncies addictives legals<\/strong> &#8230; per\u00f2 igual de preocupants. El sucre, omnipresent en begudes, aperitius, cereals i plats preparats, actua com una <strong>droga tova<\/strong> al cervell. Provoca pics <strong>de dopamina<\/strong> que creen una addicci\u00f3 insidiosa que \u00e9s dif\u00edcil de trencar.  <\/p>\n\n<p><strong>Les pantalles<\/strong> i <strong>les xarxes socials<\/strong> funcionen amb el mateix principi: recompensa instant\u00e0nia, despla\u00e7ament infinit, p\u00e8rdua de punts de refer\u00e8ncia temporals. Resultat? Una <strong>addicci\u00f3 conductual<\/strong> amb efectes comparables als de les drogues, amb trastorns del son, ansietat, disminuci\u00f3 de la concentraci\u00f3&#8230; i incapacitat per deixar de fumar.<\/p>\n\n<div style=\"height:31px\" aria-hidden=\"true\" class=\"wp-block-spacer\"><\/div>\n\n<h3 class=\"wp-block-heading\">C\u00e0nnabis lleuger i ansiol\u00edtics en lliure circulaci\u00f3: falsa seguretat, risc real<\/h3>\n\n<div style=\"height:16px\" aria-hidden=\"true\" class=\"wp-block-spacer\"><\/div>\n\n<p>Un altre canvi massiu: el consum de <strong>c\u00e0nnabis &#8220;light&#8221;<\/strong> (CBD) i ansiol\u00edtics per al seu \u00fas indegut. Presentats com a productes relaxants, naturals o &#8220;legals&#8221;, una part de la Generaci\u00f3 Z els utilitza per gestionar l&#8217;estr\u00e8s, el malestar o l&#8217;avorriment. El problema? Una <strong>trivialitzaci\u00f3 dels comportaments d&#8217;automedicaci\u00f3<\/strong> a partir de l&#8217;adolesc\u00e8ncia i una <strong>porta d&#8217;entrada a addiccions m\u00e9s greus<\/strong> .   <\/p>\n\n<p>Aquests productes, fins i tot sense recepta, <strong>no estan exempts de perill<\/strong> . Creen h\u00e0bits d&#8217;escapament, de compensaci\u00f3, i mantenen un caldo de cultiu que propicia la cronificaci\u00f3 del malestar. <\/p>\n\n<div style=\"height:16px\" aria-hidden=\"true\" class=\"wp-block-spacer\"><\/div>\n\n<h2 class=\"wp-block-heading\">Per qu\u00e8 la Generaci\u00f3 Z \u00e9s la m\u00e9s vulnerable<\/h2>\n\n<div style=\"height:16px\" aria-hidden=\"true\" class=\"wp-block-spacer\"><\/div>\n\n<h3 class=\"wp-block-heading\">Una cultura del &#8220;plaer immediat&#8221;<\/h3>\n\n<div style=\"height:16px\" aria-hidden=\"true\" class=\"wp-block-spacer\"><\/div>\n\n<p>El m\u00f3n digital ha canviat la nostra relaci\u00f3 amb el temps. Per a la Generaci\u00f3 Z, tot est\u00e0 <strong>disponible immediatament<\/strong> : s\u00e8ries, &#8220;m&#8217;agrada&#8221;, jocs, productes. Aquesta cultura de la instantane\u00eftat dificulta la <strong>gesti\u00f3 de la frustraci\u00f3<\/strong> , cosa que ens empeny a buscar constantment noves fonts de plaer r\u00e0pid. Una din\u00e0mica que <strong>ens predisposa fortament a l&#8217;addicci\u00f3<\/strong> , en totes les seves formes.   <\/p>\n\n<div style=\"height:16px\" aria-hidden=\"true\" class=\"wp-block-spacer\"><\/div>\n\n<figure class=\"wp-block-image aligncenter size-large\"><img decoding=\"async\" width=\"1024\" height=\"1024\" src=\"https:\/\/www.mylasertabac.com\/wp-content\/uploads\/2025\/07\/tiktok-1024x1024.png\" alt=\"\" class=\"wp-image-12254\" srcset=\"https:\/\/www.mylasertabac.com\/wp-content\/uploads\/2025\/07\/tiktok-1024x1024.png 1024w, https:\/\/www.mylasertabac.com\/wp-content\/uploads\/2025\/07\/tiktok-300x300.png 300w, https:\/\/www.mylasertabac.com\/wp-content\/uploads\/2025\/07\/tiktok-150x150.png 150w, https:\/\/www.mylasertabac.com\/wp-content\/uploads\/2025\/07\/tiktok-768x768.png 768w, https:\/\/www.mylasertabac.com\/wp-content\/uploads\/2025\/07\/tiktok-1536x1536.png 1536w, https:\/\/www.mylasertabac.com\/wp-content\/uploads\/2025\/07\/tiktok-2048x2048.png 2048w\" sizes=\"(max-width: 1024px) 100vw, 1024px\" \/><\/figure>\n\n<h3 class=\"wp-block-heading\">Eines de m\u00e0rqueting ultra-seleccionades (TikTok, influencers, jocs en l\u00ednia)<\/h3>\n\n<p>Les marques tenen un bon coneixement de com funciona la psicologia dels joves. <strong>Els algoritmes de TikTok<\/strong> , els productes col\u00b7locats per influencers i els videojocs amb compres integrades a l&#8217;aplicaci\u00f3 estan dissenyats per <strong>crear afecci\u00f3<\/strong> , fins i tot addicci\u00f3. Ja no parlem simplement de consum, sin\u00f3 de <strong>captar l&#8217;atenci\u00f3 i les emocions<\/strong> .  <\/p>\n\n<p>Darrere d&#8217;aquesta estrat\u00e8gia hi ha un \u00fanic objectiu: mantenir els joves &#8220;connectats&#8221;, connectats i propensos a consumir m\u00e9s. Una forma d&#8217; <strong>addicci\u00f3 invisible, per\u00f2 extremadament efectiva<\/strong> . <\/p>\n\n<div style=\"height:18px\" aria-hidden=\"true\" class=\"wp-block-spacer\"><\/div>\n\n<h3 class=\"wp-block-heading\">La manca de punts de refer\u00e8ncia educatius sobre addiccions reals<\/h3>\n\n<div style=\"height:16px\" aria-hidden=\"true\" class=\"wp-block-spacer\"><\/div>\n\n<p>Els joves estan poc informats sobre la <strong>veritable naturalesa de les addiccions modernes<\/strong> . Si b\u00e9 els perills del tabac i l&#8217;alcohol s\u00f3n ben coneguts, els del sucre, els PEUF i les xarxes socials encara s&#8217;ensenyen rarament a les llars o a les escoles. El resultat: <strong>els comportaments de risc s\u00f3n ignorats<\/strong> , normalitzats i, de vegades, fins i tot fomentats per l&#8217;entorn social.  <\/p>\n\n<p>Els adults sovint no tenen <strong>pautes clares<\/strong> per a aquestes noves formes d&#8217;addicci\u00f3, cosa que <strong>dificulta la prevenci\u00f3 o la resposta adequada<\/strong> .<\/p>\n\n<div style=\"height:16px\" aria-hidden=\"true\" class=\"wp-block-spacer\"><\/div>\n\n<h2 class=\"wp-block-heading\">Com actuar abans que les coses es descontrolin?<\/h2>\n\n<div style=\"height:16px\" aria-hidden=\"true\" class=\"wp-block-spacer\"><\/div>\n\n<h3 class=\"wp-block-heading\">Signes a tenir en compte en una persona jove<\/h3>\n\n<div style=\"height:16px\" aria-hidden=\"true\" class=\"wp-block-spacer\"><\/div>\n\n<p>La vigil\u00e0ncia comen\u00e7a amb l&#8217;observaci\u00f3. Un jove addicte no s&#8217;identificar\u00e0 com a tal, per\u00f2 hi ha senyals d&#8217;alerta: <\/p>\n\n<ul class=\"wp-block-list\">\n<li>Irritabilitat excessiva en apagar pantalles o PEUF<\/li>\n\n\n\n<li>Consum compulsiu de begudes o aperitius ensucrats<\/li>\n\n\n\n<li>A\u00efllament, desinter\u00e8s progressiu per activitats d&#8217;oci &#8220;fora de la pantalla&#8221;<\/li>\n\n\n\n<li>Trastorns del son, inquietud, fatiga constant<\/li>\n\n\n\n<li>Consum \u201camb prop\u00f2sit\u201d: per alleujar l&#8217;estr\u00e8s, relaxar-se, continuar a l&#8217;escola, etc.<\/li>\n<\/ul>\n\n<p>No s&#8217;han d&#8217;ignorar aquests signes. <strong>Sovint indiquen els inicis d&#8217;una addicci\u00f3<\/strong> , fins i tot si est\u00e0 dissimulada. <\/p>\n\n<div style=\"height:16px\" aria-hidden=\"true\" class=\"wp-block-spacer\"><\/div>\n\n<h3 class=\"wp-block-heading\">Trenca el tab\u00fa i obre el di\u00e0leg<\/h3>\n\n<div style=\"height:16px\" aria-hidden=\"true\" class=\"wp-block-spacer\"><\/div>\n\n<p>El primer pas \u00e9s <strong>parlar sense jutjar<\/strong> . Evita els discursos moralitzadors o culpabilitzadors i opta per una postura de comprensi\u00f3. Fer preguntes, escoltar i compartir les teves pr\u00f2pies experi\u00e8ncies sovint \u00e9s m\u00e9s efica\u00e7 que un serm\u00f3.  <\/p>\n\n<p>Posar paraules al que s&#8217;experimenta permet als joves <strong>prendre consci\u00e8ncia<\/strong> del seu comportament, sense vergonya. Tamb\u00e9 \u00e9s una manera de <strong>reconnectar amb la realitat<\/strong> , en un m\u00f3n digital que de vegades \u00e9s massa fluid. <\/p>\n\n<div style=\"height:16px\" aria-hidden=\"true\" class=\"wp-block-spacer\"><\/div>\n\n<figure class=\"wp-block-image aligncenter size-full\"><img decoding=\"async\" width=\"975\" height=\"982\" src=\"https:\/\/www.mylasertabac.com\/wp-content\/uploads\/2025\/06\/centre.jpeg\" alt=\"\" class=\"wp-image-9265\" srcset=\"https:\/\/www.mylasertabac.com\/wp-content\/uploads\/2025\/06\/centre.jpeg 975w, https:\/\/www.mylasertabac.com\/wp-content\/uploads\/2025\/06\/centre-298x300.jpeg 298w, https:\/\/www.mylasertabac.com\/wp-content\/uploads\/2025\/06\/centre-150x150.jpeg 150w, https:\/\/www.mylasertabac.com\/wp-content\/uploads\/2025\/06\/centre-768x774.jpeg 768w\" sizes=\"(max-width: 975px) 100vw, 975px\" \/><\/figure>\n\n<h3 class=\"wp-block-heading\">L\u00e0ser antiaddicci\u00f3: una alternativa natural que atrau cada cop m\u00e9s joves<\/h3>\n\n<p>Davant d&#8217;aquestes noves addiccions, hi ha solucions innovadores, naturals i efectives. El <strong>l\u00e0ser antiaddicci\u00f3<\/strong> , un m\u00e8tode suau derivat de la reflexologia auricular, s&#8217;utilitza cada cop m\u00e9s per tractar joves que pateixen addiccions: <strong>tabac, sucre, c\u00e0nnabis, estr\u00e8s, pantalles,<\/strong> etc. <\/p>\n\n<p>Aquesta t\u00e8cnica indolora actua sobre <strong>les zones reflexes de l&#8217;orella<\/strong> , estimulant els circuits de desc\u00e0rrega del cervell i reduint les ganes de fumar. \u00c9s especialment adequada per a <strong>la Generaci\u00f3 Z<\/strong> , que s\u00f3n reticents a prendre medicaments i busquen m\u00e8todes r\u00e0pids, efica\u00e7os i naturals. <\/p>\n\n<p>A <strong>MyLaserTabac<\/strong> , cada cop m\u00e9s joves v\u00e9nen a consultar <strong>acompanyats dels seus pares<\/strong> , per trobar equilibri, confian\u00e7a i llibertat davant del comportament compulsiu.<\/p>\n\n<div style=\"height:16px\" aria-hidden=\"true\" class=\"wp-block-spacer\"><\/div>\n\n<hr class=\"wp-block-separator has-alpha-channel-opacity\"\/>\n\n<h2 class=\"wp-block-heading\">En conclusi\u00f3<\/h2>\n\n<p>La Generaci\u00f3 Z potser ja no fuma com les generacions anteriors, per\u00f2 <strong>inhala altres formes d&#8217;addicci\u00f3<\/strong> , m\u00e9s modernes, m\u00e9s insidioses, per\u00f2 igual de poderoses. PEUF, pantalles, sucre i productes contra l&#8217;ansietat no s\u00f3n detalls trivials. Dibuixen un <strong>nou panorama d&#8217;addicci\u00f3<\/strong> , que s&#8217;ha d&#8217;abordar r\u00e0pidament, amb les eines adequades.  <\/p>\n\n<p>El <strong><a href=\"https:\/\/www.mylasertabac.com\/ca\/\">l\u00e0ser antiaddicci\u00f3<\/a><\/strong> , que s&#8217;ofereix als centres <strong><a href=\"https:\/\/www.mylasertabac.com\/ca\/\">MyLaserTabac<\/a><\/strong> , \u00e9s una resposta concreta, suau i efica\u00e7 a aquests nous reptes. Actuem abans que aquestes addiccions silencioses es converteixin en presons invisibles per a tota una generaci\u00f3. <\/p>\n\n<div style=\"height:39px\" aria-hidden=\"true\" class=\"wp-block-spacer\"><\/div>\n\n<figure class=\"wp-block-image size-large\"><img decoding=\"async\" src=\"https:\/\/www.mylasertabac.com\/wp-content\/uploads\/\/mlt-verteau.svg\" alt=\"\" class=\"wp-image-13\"\/><\/figure>\n","protected":false},"excerpt":{"rendered":"<p>Tenen entre 12 i 27 anys. Van cr\u00e9ixer amb internet, les xarxes socials, la vida r\u00e0pida i la instantane\u00eftat. Per\u00f2 sobretot, s\u00f3n el blanc ideal per a una nova forma d&#8217;addicci\u00f3: m\u00e9s insidiosa, m\u00e9s acceptada socialment, per\u00f2 igual de perillosa. Est\u00e0 caient la Generaci\u00f3 Z en el parany invisible de les noves addiccions? I si [&hellip;]<\/p>\n","protected":false},"author":2,"featured_media":12286,"comment_status":"closed","ping_status":"open","sticky":false,"template":"","format":"standard","meta":{"inline_featured_image":false,"footnotes":""},"categories":[172],"tags":[],"class_list":["post-12271","post","type-post","status-publish","format-standard","has-post-thumbnail","hentry","category-salut-i-addiccions"],"yoast_head":"<!-- This site is optimized with the Yoast SEO plugin v27.5 - https:\/\/yoast.com\/product\/yoast-seo-wordpress\/ -->\n<title>La Generaci\u00f3 Z s&#039;est\u00e0 enganxant sense adonar-se&#039;n? - My Laser Tabac<\/title>\n<meta name=\"description\" content=\"La Generaci\u00f3 Z est\u00e0 desenvolupant noves addiccions invisibles. Apr\u00e8n a abordar els inconvenients del sucre, el vaping, les pantalles i el c\u00e0nnabis.\" \/>\n<meta name=\"robots\" content=\"index, follow, max-snippet:-1, max-image-preview:large, max-video-preview:-1\" \/>\n<link rel=\"canonical\" href=\"https:\/\/www.mylasertabac.com\/ca\/la-generacio-z-sesta-enganxant-sense-adonar-sen\/\" \/>\n<meta property=\"og:locale\" content=\"ca_ES\" \/>\n<meta property=\"og:type\" content=\"article\" \/>\n<meta property=\"og:title\" content=\"La Generaci\u00f3 Z s&#039;est\u00e0 enganxant sense adonar-se&#039;n? - My Laser Tabac\" \/>\n<meta property=\"og:description\" content=\"La Generaci\u00f3 Z est\u00e0 desenvolupant noves addiccions invisibles. Apr\u00e8n a abordar els inconvenients del sucre, el vaping, les pantalles i el c\u00e0nnabis.\" \/>\n<meta property=\"og:url\" content=\"https:\/\/www.mylasertabac.com\/ca\/la-generacio-z-sesta-enganxant-sense-adonar-sen\/\" \/>\n<meta property=\"og:site_name\" content=\"My Laser Tabac\" \/>\n<meta property=\"article:author\" content=\"https:\/\/www.facebook.com\/profile.php?id=61571554707319\" \/>\n<meta property=\"article:published_time\" content=\"2025-07-29T22:41:43+00:00\" \/>\n<meta property=\"article:modified_time\" content=\"2025-07-30T11:35:45+00:00\" \/>\n<meta property=\"og:image\" content=\"https:\/\/www.mylasertabac.com\/wp-content\/uploads\/2025\/07\/generation-z-.jpeg\" \/>\n\t<meta property=\"og:image:width\" content=\"1206\" \/>\n\t<meta property=\"og:image:height\" content=\"793\" \/>\n\t<meta property=\"og:image:type\" content=\"image\/jpeg\" \/>\n<meta name=\"author\" content=\"Florian Fortes\" \/>\n<meta name=\"twitter:card\" content=\"summary_large_image\" \/>\n<meta name=\"twitter:label1\" content=\"Escrit per\" \/>\n\t<meta name=\"twitter:data1\" content=\"Florian Fortes\" \/>\n\t<meta name=\"twitter:label2\" content=\"Temps estimat de lectura\" \/>\n\t<meta name=\"twitter:data2\" content=\"5 minuts\" \/>\n<script type=\"application\/ld+json\" class=\"yoast-schema-graph\">{\"@context\":\"https:\\\/\\\/schema.org\",\"@graph\":[{\"@type\":\"Article\",\"@id\":\"https:\\\/\\\/www.mylasertabac.com\\\/ca\\\/la-generacio-z-sesta-enganxant-sense-adonar-sen\\\/#article\",\"isPartOf\":{\"@id\":\"https:\\\/\\\/www.mylasertabac.com\\\/ca\\\/la-generacio-z-sesta-enganxant-sense-adonar-sen\\\/\"},\"author\":{\"name\":\"Florian Fortes\",\"@id\":\"https:\\\/\\\/www.mylasertabac.com\\\/ca\\\/#\\\/schema\\\/person\\\/02c249cb76d912efb6c315ec23eccdf3\"},\"headline\":\"La Generaci\u00f3 Z s&#8217;est\u00e0 enganxant sense adonar-se&#8217;n?\",\"datePublished\":\"2025-07-29T22:41:43+00:00\",\"dateModified\":\"2025-07-30T11:35:45+00:00\",\"mainEntityOfPage\":{\"@id\":\"https:\\\/\\\/www.mylasertabac.com\\\/ca\\\/la-generacio-z-sesta-enganxant-sense-adonar-sen\\\/\"},\"wordCount\":1140,\"publisher\":{\"@id\":\"https:\\\/\\\/www.mylasertabac.com\\\/ca\\\/#organization\"},\"image\":{\"@id\":\"https:\\\/\\\/www.mylasertabac.com\\\/ca\\\/la-generacio-z-sesta-enganxant-sense-adonar-sen\\\/#primaryimage\"},\"thumbnailUrl\":\"https:\\\/\\\/www.mylasertabac.com\\\/wp-content\\\/uploads\\\/2025\\\/07\\\/generation-z-.jpeg\",\"articleSection\":[\"Salut i addiccions\"],\"inLanguage\":\"ca\"},{\"@type\":\"WebPage\",\"@id\":\"https:\\\/\\\/www.mylasertabac.com\\\/ca\\\/la-generacio-z-sesta-enganxant-sense-adonar-sen\\\/\",\"url\":\"https:\\\/\\\/www.mylasertabac.com\\\/ca\\\/la-generacio-z-sesta-enganxant-sense-adonar-sen\\\/\",\"name\":\"La Generaci\u00f3 Z s'est\u00e0 enganxant sense adonar-se'n? - My Laser Tabac\",\"isPartOf\":{\"@id\":\"https:\\\/\\\/www.mylasertabac.com\\\/ca\\\/#website\"},\"primaryImageOfPage\":{\"@id\":\"https:\\\/\\\/www.mylasertabac.com\\\/ca\\\/la-generacio-z-sesta-enganxant-sense-adonar-sen\\\/#primaryimage\"},\"image\":{\"@id\":\"https:\\\/\\\/www.mylasertabac.com\\\/ca\\\/la-generacio-z-sesta-enganxant-sense-adonar-sen\\\/#primaryimage\"},\"thumbnailUrl\":\"https:\\\/\\\/www.mylasertabac.com\\\/wp-content\\\/uploads\\\/2025\\\/07\\\/generation-z-.jpeg\",\"datePublished\":\"2025-07-29T22:41:43+00:00\",\"dateModified\":\"2025-07-30T11:35:45+00:00\",\"description\":\"La Generaci\u00f3 Z est\u00e0 desenvolupant noves addiccions invisibles. Apr\u00e8n a abordar els inconvenients del sucre, el vaping, les pantalles i el c\u00e0nnabis.\",\"breadcrumb\":{\"@id\":\"https:\\\/\\\/www.mylasertabac.com\\\/ca\\\/la-generacio-z-sesta-enganxant-sense-adonar-sen\\\/#breadcrumb\"},\"inLanguage\":\"ca\",\"potentialAction\":[{\"@type\":\"ReadAction\",\"target\":[\"https:\\\/\\\/www.mylasertabac.com\\\/ca\\\/la-generacio-z-sesta-enganxant-sense-adonar-sen\\\/\"]}]},{\"@type\":\"ImageObject\",\"inLanguage\":\"ca\",\"@id\":\"https:\\\/\\\/www.mylasertabac.com\\\/ca\\\/la-generacio-z-sesta-enganxant-sense-adonar-sen\\\/#primaryimage\",\"url\":\"https:\\\/\\\/www.mylasertabac.com\\\/wp-content\\\/uploads\\\/2025\\\/07\\\/generation-z-.jpeg\",\"contentUrl\":\"https:\\\/\\\/www.mylasertabac.com\\\/wp-content\\\/uploads\\\/2025\\\/07\\\/generation-z-.jpeg\",\"width\":1206,\"height\":793},{\"@type\":\"BreadcrumbList\",\"@id\":\"https:\\\/\\\/www.mylasertabac.com\\\/ca\\\/la-generacio-z-sesta-enganxant-sense-adonar-sen\\\/#breadcrumb\",\"itemListElement\":[{\"@type\":\"ListItem\",\"position\":1,\"name\":\"Accueil\",\"item\":\"https:\\\/\\\/www.mylasertabac.com\\\/ca\\\/benvingut\\\/\"},{\"@type\":\"ListItem\",\"position\":2,\"name\":\"La Generaci\u00f3 Z s&#8217;est\u00e0 enganxant sense adonar-se&#8217;n?\"}]},{\"@type\":\"WebSite\",\"@id\":\"https:\\\/\\\/www.mylasertabac.com\\\/ca\\\/#website\",\"url\":\"https:\\\/\\\/www.mylasertabac.com\\\/ca\\\/\",\"name\":\"My Laser Tabac\",\"description\":\"La solution laser qui transforme les fumeurs en ex-fumeurs\",\"publisher\":{\"@id\":\"https:\\\/\\\/www.mylasertabac.com\\\/ca\\\/#organization\"},\"potentialAction\":[{\"@type\":\"SearchAction\",\"target\":{\"@type\":\"EntryPoint\",\"urlTemplate\":\"https:\\\/\\\/www.mylasertabac.com\\\/ca\\\/?s={search_term_string}\"},\"query-input\":{\"@type\":\"PropertyValueSpecification\",\"valueRequired\":true,\"valueName\":\"search_term_string\"}}],\"inLanguage\":\"ca\"},{\"@type\":\"Organization\",\"@id\":\"https:\\\/\\\/www.mylasertabac.com\\\/ca\\\/#organization\",\"name\":\"My Laser Tabac\",\"url\":\"https:\\\/\\\/www.mylasertabac.com\\\/ca\\\/\",\"logo\":{\"@type\":\"ImageObject\",\"inLanguage\":\"ca\",\"@id\":\"https:\\\/\\\/www.mylasertabac.com\\\/ca\\\/#\\\/schema\\\/logo\\\/image\\\/\",\"url\":\"https:\\\/\\\/www.mylasertabac.com\\\/wp-content\\\/uploads\\\/2024\\\/12\\\/mlt-verteau.svg\",\"contentUrl\":\"https:\\\/\\\/www.mylasertabac.com\\\/wp-content\\\/uploads\\\/2024\\\/12\\\/mlt-verteau.svg\",\"caption\":\"My Laser Tabac\"},\"image\":{\"@id\":\"https:\\\/\\\/www.mylasertabac.com\\\/ca\\\/#\\\/schema\\\/logo\\\/image\\\/\"}},{\"@type\":\"Person\",\"@id\":\"https:\\\/\\\/www.mylasertabac.com\\\/ca\\\/#\\\/schema\\\/person\\\/02c249cb76d912efb6c315ec23eccdf3\",\"name\":\"Florian Fortes\",\"image\":{\"@type\":\"ImageObject\",\"inLanguage\":\"ca\",\"@id\":\"https:\\\/\\\/www.mylasertabac.com\\\/wp-content\\\/litespeed\\\/avatar\\\/142101a71d7b9e6490c1120d9c109a67.jpg?ver=1777461116\",\"url\":\"https:\\\/\\\/www.mylasertabac.com\\\/wp-content\\\/litespeed\\\/avatar\\\/142101a71d7b9e6490c1120d9c109a67.jpg?ver=1777461116\",\"contentUrl\":\"https:\\\/\\\/www.mylasertabac.com\\\/wp-content\\\/litespeed\\\/avatar\\\/142101a71d7b9e6490c1120d9c109a67.jpg?ver=1777461116\",\"caption\":\"Florian Fortes\"},\"sameAs\":[\"https:\\\/\\\/www.mylasertabac.com\",\"https:\\\/\\\/www.facebook.com\\\/profile.php?id=61571554707319\"],\"url\":\"https:\\\/\\\/www.mylasertabac.com\\\/ca\\\/author\\\/florianfortes5312\\\/\"}]}<\/script>\n<!-- \/ Yoast SEO plugin. -->","yoast_head_json":{"title":"La Generaci\u00f3 Z s'est\u00e0 enganxant sense adonar-se'n? - My Laser Tabac","description":"La Generaci\u00f3 Z est\u00e0 desenvolupant noves addiccions invisibles. Apr\u00e8n a abordar els inconvenients del sucre, el vaping, les pantalles i el c\u00e0nnabis.","robots":{"index":"index","follow":"follow","max-snippet":"max-snippet:-1","max-image-preview":"max-image-preview:large","max-video-preview":"max-video-preview:-1"},"canonical":"https:\/\/www.mylasertabac.com\/ca\/la-generacio-z-sesta-enganxant-sense-adonar-sen\/","og_locale":"ca_ES","og_type":"article","og_title":"La Generaci\u00f3 Z s'est\u00e0 enganxant sense adonar-se'n? - My Laser Tabac","og_description":"La Generaci\u00f3 Z est\u00e0 desenvolupant noves addiccions invisibles. Apr\u00e8n a abordar els inconvenients del sucre, el vaping, les pantalles i el c\u00e0nnabis.","og_url":"https:\/\/www.mylasertabac.com\/ca\/la-generacio-z-sesta-enganxant-sense-adonar-sen\/","og_site_name":"My Laser Tabac","article_author":"https:\/\/www.facebook.com\/profile.php?id=61571554707319","article_published_time":"2025-07-29T22:41:43+00:00","article_modified_time":"2025-07-30T11:35:45+00:00","og_image":[{"width":1206,"height":793,"url":"https:\/\/www.mylasertabac.com\/wp-content\/uploads\/2025\/07\/generation-z-.jpeg","type":"image\/jpeg"}],"author":"Florian Fortes","twitter_card":"summary_large_image","twitter_misc":{"Escrit per":"Florian Fortes","Temps estimat de lectura":"5 minuts"},"schema":{"@context":"https:\/\/schema.org","@graph":[{"@type":"Article","@id":"https:\/\/www.mylasertabac.com\/ca\/la-generacio-z-sesta-enganxant-sense-adonar-sen\/#article","isPartOf":{"@id":"https:\/\/www.mylasertabac.com\/ca\/la-generacio-z-sesta-enganxant-sense-adonar-sen\/"},"author":{"name":"Florian Fortes","@id":"https:\/\/www.mylasertabac.com\/ca\/#\/schema\/person\/02c249cb76d912efb6c315ec23eccdf3"},"headline":"La Generaci\u00f3 Z s&#8217;est\u00e0 enganxant sense adonar-se&#8217;n?","datePublished":"2025-07-29T22:41:43+00:00","dateModified":"2025-07-30T11:35:45+00:00","mainEntityOfPage":{"@id":"https:\/\/www.mylasertabac.com\/ca\/la-generacio-z-sesta-enganxant-sense-adonar-sen\/"},"wordCount":1140,"publisher":{"@id":"https:\/\/www.mylasertabac.com\/ca\/#organization"},"image":{"@id":"https:\/\/www.mylasertabac.com\/ca\/la-generacio-z-sesta-enganxant-sense-adonar-sen\/#primaryimage"},"thumbnailUrl":"https:\/\/www.mylasertabac.com\/wp-content\/uploads\/2025\/07\/generation-z-.jpeg","articleSection":["Salut i addiccions"],"inLanguage":"ca"},{"@type":"WebPage","@id":"https:\/\/www.mylasertabac.com\/ca\/la-generacio-z-sesta-enganxant-sense-adonar-sen\/","url":"https:\/\/www.mylasertabac.com\/ca\/la-generacio-z-sesta-enganxant-sense-adonar-sen\/","name":"La Generaci\u00f3 Z s'est\u00e0 enganxant sense adonar-se'n? - My Laser Tabac","isPartOf":{"@id":"https:\/\/www.mylasertabac.com\/ca\/#website"},"primaryImageOfPage":{"@id":"https:\/\/www.mylasertabac.com\/ca\/la-generacio-z-sesta-enganxant-sense-adonar-sen\/#primaryimage"},"image":{"@id":"https:\/\/www.mylasertabac.com\/ca\/la-generacio-z-sesta-enganxant-sense-adonar-sen\/#primaryimage"},"thumbnailUrl":"https:\/\/www.mylasertabac.com\/wp-content\/uploads\/2025\/07\/generation-z-.jpeg","datePublished":"2025-07-29T22:41:43+00:00","dateModified":"2025-07-30T11:35:45+00:00","description":"La Generaci\u00f3 Z est\u00e0 desenvolupant noves addiccions invisibles. Apr\u00e8n a abordar els inconvenients del sucre, el vaping, les pantalles i el c\u00e0nnabis.","breadcrumb":{"@id":"https:\/\/www.mylasertabac.com\/ca\/la-generacio-z-sesta-enganxant-sense-adonar-sen\/#breadcrumb"},"inLanguage":"ca","potentialAction":[{"@type":"ReadAction","target":["https:\/\/www.mylasertabac.com\/ca\/la-generacio-z-sesta-enganxant-sense-adonar-sen\/"]}]},{"@type":"ImageObject","inLanguage":"ca","@id":"https:\/\/www.mylasertabac.com\/ca\/la-generacio-z-sesta-enganxant-sense-adonar-sen\/#primaryimage","url":"https:\/\/www.mylasertabac.com\/wp-content\/uploads\/2025\/07\/generation-z-.jpeg","contentUrl":"https:\/\/www.mylasertabac.com\/wp-content\/uploads\/2025\/07\/generation-z-.jpeg","width":1206,"height":793},{"@type":"BreadcrumbList","@id":"https:\/\/www.mylasertabac.com\/ca\/la-generacio-z-sesta-enganxant-sense-adonar-sen\/#breadcrumb","itemListElement":[{"@type":"ListItem","position":1,"name":"Accueil","item":"https:\/\/www.mylasertabac.com\/ca\/benvingut\/"},{"@type":"ListItem","position":2,"name":"La Generaci\u00f3 Z s&#8217;est\u00e0 enganxant sense adonar-se&#8217;n?"}]},{"@type":"WebSite","@id":"https:\/\/www.mylasertabac.com\/ca\/#website","url":"https:\/\/www.mylasertabac.com\/ca\/","name":"My Laser Tabac","description":"La solution laser qui transforme les fumeurs en ex-fumeurs","publisher":{"@id":"https:\/\/www.mylasertabac.com\/ca\/#organization"},"potentialAction":[{"@type":"SearchAction","target":{"@type":"EntryPoint","urlTemplate":"https:\/\/www.mylasertabac.com\/ca\/?s={search_term_string}"},"query-input":{"@type":"PropertyValueSpecification","valueRequired":true,"valueName":"search_term_string"}}],"inLanguage":"ca"},{"@type":"Organization","@id":"https:\/\/www.mylasertabac.com\/ca\/#organization","name":"My Laser Tabac","url":"https:\/\/www.mylasertabac.com\/ca\/","logo":{"@type":"ImageObject","inLanguage":"ca","@id":"https:\/\/www.mylasertabac.com\/ca\/#\/schema\/logo\/image\/","url":"https:\/\/www.mylasertabac.com\/wp-content\/uploads\/2024\/12\/mlt-verteau.svg","contentUrl":"https:\/\/www.mylasertabac.com\/wp-content\/uploads\/2024\/12\/mlt-verteau.svg","caption":"My Laser Tabac"},"image":{"@id":"https:\/\/www.mylasertabac.com\/ca\/#\/schema\/logo\/image\/"}},{"@type":"Person","@id":"https:\/\/www.mylasertabac.com\/ca\/#\/schema\/person\/02c249cb76d912efb6c315ec23eccdf3","name":"Florian Fortes","image":{"@type":"ImageObject","inLanguage":"ca","@id":"https:\/\/www.mylasertabac.com\/wp-content\/litespeed\/avatar\/142101a71d7b9e6490c1120d9c109a67.jpg?ver=1777461116","url":"https:\/\/www.mylasertabac.com\/wp-content\/litespeed\/avatar\/142101a71d7b9e6490c1120d9c109a67.jpg?ver=1777461116","contentUrl":"https:\/\/www.mylasertabac.com\/wp-content\/litespeed\/avatar\/142101a71d7b9e6490c1120d9c109a67.jpg?ver=1777461116","caption":"Florian Fortes"},"sameAs":["https:\/\/www.mylasertabac.com","https:\/\/www.facebook.com\/profile.php?id=61571554707319"],"url":"https:\/\/www.mylasertabac.com\/ca\/author\/florianfortes5312\/"}]}},"_links":{"self":[{"href":"https:\/\/www.mylasertabac.com\/ca\/wp-json\/wp\/v2\/posts\/12271","targetHints":{"allow":["GET"]}}],"collection":[{"href":"https:\/\/www.mylasertabac.com\/ca\/wp-json\/wp\/v2\/posts"}],"about":[{"href":"https:\/\/www.mylasertabac.com\/ca\/wp-json\/wp\/v2\/types\/post"}],"author":[{"embeddable":true,"href":"https:\/\/www.mylasertabac.com\/ca\/wp-json\/wp\/v2\/users\/2"}],"replies":[{"embeddable":true,"href":"https:\/\/www.mylasertabac.com\/ca\/wp-json\/wp\/v2\/comments?post=12271"}],"version-history":[{"count":7,"href":"https:\/\/www.mylasertabac.com\/ca\/wp-json\/wp\/v2\/posts\/12271\/revisions"}],"predecessor-version":[{"id":12346,"href":"https:\/\/www.mylasertabac.com\/ca\/wp-json\/wp\/v2\/posts\/12271\/revisions\/12346"}],"wp:featuredmedia":[{"embeddable":true,"href":"https:\/\/www.mylasertabac.com\/ca\/wp-json\/wp\/v2\/media\/12286"}],"wp:attachment":[{"href":"https:\/\/www.mylasertabac.com\/ca\/wp-json\/wp\/v2\/media?parent=12271"}],"wp:term":[{"taxonomy":"category","embeddable":true,"href":"https:\/\/www.mylasertabac.com\/ca\/wp-json\/wp\/v2\/categories?post=12271"},{"taxonomy":"post_tag","embeddable":true,"href":"https:\/\/www.mylasertabac.com\/ca\/wp-json\/wp\/v2\/tags?post=12271"}],"curies":[{"name":"wp","href":"https:\/\/api.w.org\/{rel}","templated":true}]}}