{"id":15574,"date":"2025-09-06T09:12:49","date_gmt":"2025-09-06T07:12:49","guid":{"rendered":"https:\/\/www.mylasertabac.com\/2026-prohibicio-de-les-bossetes-de-nicotina-a-franca-que-significa-aixo-per-a-tu\/"},"modified":"2025-09-08T09:13:44","modified_gmt":"2025-09-08T07:13:44","slug":"2026-prohibicio-de-les-bossetes-de-nicotina-a-franca-que-significa-aixo-per-a-tu","status":"publish","type":"post","link":"https:\/\/www.mylasertabac.com\/ca\/2026-prohibicio-de-les-bossetes-de-nicotina-a-franca-que-significa-aixo-per-a-tu\/","title":{"rendered":"2026: Prohibici\u00f3 de les bossetes de nicotina a Fran\u00e7a: qu\u00e8 significa aix\u00f2 per a tu"},"content":{"rendered":"\n<h2 class=\"wp-block-heading\">Un producte en ple objectiu&#8230; i sota la pressi\u00f3 dels reguladors<\/h2>\n\n<p>El febrer de 2025, Fran\u00e7a va informar oficialment a la Comissi\u00f3 Europea de la seva intenci\u00f3 de prohibir les bossetes de nicotina \u2014tamb\u00e9 conegudes com a bossetes\u2014 a causa del seu atractiu perill\u00f3s, especialment entre els joves. Amb l&#8217;aprovaci\u00f3 impl\u00edcita de Brussel\u00b7les a principis de setembre, aquesta mesura ara \u00e9s factible. <\/p>\n\n<div style=\"height:18px\" aria-hidden=\"true\" class=\"wp-block-spacer\"><\/div>\n\n<h2 class=\"wp-block-heading\">Per qu\u00e8 tota la urg\u00e8ncia al voltant d&#8217;aquestes bossetes de nicotina?<\/h2>\n\n<ul class=\"wp-block-list\">\n<li><strong>M\u00e0rqueting dirigit als joves<\/strong> : aromes afruitats o mentolats, comunicaci\u00f3 insidiosa a les xarxes socials a trav\u00e9s de TikTok i influencers&#8230; tantes estrat\u00e8gies dissenyades per atraure i retenir nous consumidors.<\/li>\n\n\n\n<li><strong>Alts nivells de nicotina i addicci\u00f3 r\u00e0pida<\/strong> : alguns d&#8217;aquests productes poden arribar a produir fins a 100 mg per dosi, una concentraci\u00f3 altament addictiva, comparable o fins i tot superior a la dels cigarrets.<\/li>\n\n\n\n<li><strong>Casos preocupants d&#8217;intoxicaci\u00f3<\/strong> : els centres de control d&#8217;intoxicacions registren un augment d&#8217;alertes entre adolescents, simptom\u00e0tics de sobredosi aguda.<\/li>\n<\/ul>\n\n<div style=\"height:18px\" aria-hidden=\"true\" class=\"wp-block-spacer\"><\/div>\n\n<h2 class=\"wp-block-heading\">Una mesura justificada&#8230; per\u00f2 controvertida<\/h2>\n\n<p>Per protegir els joves, el ministre de Salut va anunciar que tots aquests productes serien prohibits el 2026.<br\/>No obstant aix\u00f2, alguns experts alerten que la prohibici\u00f3 priva els fumadors adults d&#8217;una alternativa potencialment menys nociva al tabac fumat, tal com ha demostrat el model suec de snus. Una mesura radical, per\u00f2 coherent amb una pol\u00edtica de reducci\u00f3 massiva de les addiccions. <\/p>\n\n<div style=\"height:18px\" aria-hidden=\"true\" class=\"wp-block-spacer\"><\/div>\n\n<h2 class=\"wp-block-heading\">Qu\u00e8 t&#8217;aporta: claredat i protecci\u00f3 millorada<\/h2>\n\n<ul class=\"wp-block-list\">\n<li><strong>Menys confusi\u00f3, m\u00e9s prevenci\u00f3<\/strong> : els joves ja no estaran exposats a productes de nicotina amagats darrere d&#8217;atractius paquets.<\/li>\n\n\n\n<li><strong>Prevenci\u00f3 de les addiccions primerenques<\/strong> : un pas important per evitar que la nicotina entri a la vida dels adolescents.<\/li>\n\n\n\n<li><strong>Un missatge clar: la prioritat \u00e9s la salut.<\/strong>  \u00c9s una decisi\u00f3 agosarada, destinada a controlar els efectes nocius del m\u00e0rqueting agressiu i les alternatives massa atractives.<\/li>\n<\/ul>\n\n<div style=\"height:37px\" aria-hidden=\"true\" class=\"wp-block-spacer\"><\/div>\n\n<figure class=\"wp-block-image alignright size-large is-resized\"><a href=\"https:\/\/www.mylasertabac.com\/ca\/els-nostres-centres\/\"><img fetchpriority=\"high\" decoding=\"async\" width=\"1024\" height=\"668\" src=\"https:\/\/www.mylasertabac.com\/wp-content\/uploads\/2025\/08\/tu-veux-arreter-de-fumer-Clique-ici--1024x668.jpg\" alt=\"\" class=\"wp-image-13752\" style=\"width:426px;height:auto\" srcset=\"https:\/\/www.mylasertabac.com\/wp-content\/uploads\/2025\/08\/tu-veux-arreter-de-fumer-Clique-ici--1024x668.jpg 1024w, https:\/\/www.mylasertabac.com\/wp-content\/uploads\/2025\/08\/tu-veux-arreter-de-fumer-Clique-ici--300x196.jpg 300w, https:\/\/www.mylasertabac.com\/wp-content\/uploads\/2025\/08\/tu-veux-arreter-de-fumer-Clique-ici--768x501.jpg 768w, https:\/\/www.mylasertabac.com\/wp-content\/uploads\/2025\/08\/tu-veux-arreter-de-fumer-Clique-ici-.jpg 1206w\" sizes=\"(max-width: 1024px) 100vw, 1024px\" \/><\/a><\/figure>\n\n<h2 class=\"wp-block-heading\">I tu, a punt per passar a l&#8217;acci\u00f3?<\/h2>\n\n<p>Prohibir aquestes bosses hauria de facilitar la vida als fumadors que s&#8217;enfronten a aquesta temptaci\u00f3 discreta, alhora que obre el cam\u00ed a altres m\u00e8todes m\u00e9s respectuosos amb la salut per deixar de fumar.<\/p>\n\n<div style=\"height:31px\" aria-hidden=\"true\" class=\"wp-block-spacer\"><\/div>\n\n<h3 class=\"wp-block-heading\">Fes el seg\u00fcent pas: allibera&#8217;t de l&#8217;addicci\u00f3<\/h3>\n\n<p>A <strong>MyLaserTabac<\/strong> , oferim un m\u00e8tode natural i efica\u00e7 \u2014 <strong><a href=\"https:\/\/www.mylasertabac.com\/ca\/\">la reflexologia l\u00e0ser de l&#8217;orella<\/a><\/strong> \u2014 per ajudar-vos a deixar de fumar, per\u00f2 tamb\u00e9 amb altres addiccions (sucre, c\u00e0nnabis, alcohol).<\/p>\n\n<ul class=\"wp-block-list\">\n<li>Un enfocament suau i sense productes qu\u00edmics<\/li>\n\n\n\n<li>Suport individualitzat, ja aclamat per milers de persones<\/li>\n\n\n\n<li>Un m\u00e8tode que actua sobre el cos i la ment: estr\u00e8s, desitjos, motivaci\u00f3, equilibri<\/li>\n<\/ul>\n\n<div style=\"height:18px\" aria-hidden=\"true\" class=\"wp-block-spacer\"><\/div>\n\n<p><strong>Actua ara<\/strong> . Aprofita un moment clau en la legislaci\u00f3 per dir finalment STOP a la nicotina. <strong>Reserva una cita en un dels nostres centres <a href=\"https:\/\/www.mylasertabac.com\/ca\/\">MyLaserTabac<\/a><\/strong> i comen\u00e7a la teva nova vida, sense tabac ni substituts addictius, de manera senzilla, natural i sostenible. <\/p>\n\n<div style=\"height:36px\" aria-hidden=\"true\" class=\"wp-block-spacer\"><\/div>\n\n<figure class=\"wp-block-image size-large\"><img decoding=\"async\" src=\"https:\/\/www.mylasertabac.com\/wp-content\/uploads\/\/mlt-verteau.svg\" alt=\"\" class=\"wp-image-13\"\/><\/figure>\n","protected":false},"excerpt":{"rendered":"<p>Un producte en ple objectiu&#8230; i sota la pressi\u00f3 dels reguladors El febrer de 2025, Fran\u00e7a va informar oficialment a la Comissi\u00f3 Europea de la seva intenci\u00f3 de prohibir les bossetes de nicotina \u2014tamb\u00e9 conegudes com a bossetes\u2014 a causa del seu atractiu perill\u00f3s, especialment entre els joves. Amb l&#8217;aprovaci\u00f3 impl\u00edcita de Brussel\u00b7les a principis [&hellip;]<\/p>\n","protected":false},"author":2,"featured_media":15560,"comment_status":"closed","ping_status":"open","sticky":false,"template":"","format":"standard","meta":{"inline_featured_image":false,"footnotes":""},"categories":[585],"tags":[],"class_list":["post-15574","post","type-post","status-publish","format-standard","has-post-thumbnail","hentry","category-llei"],"yoast_head":"<!-- This site is optimized with the Yoast SEO plugin v27.4 - https:\/\/yoast.com\/product\/yoast-seo-wordpress\/ -->\n<title>Fran\u00e7a 2026: Les bossetes de nicotina estaran completament prohibides<\/title>\n<meta name=\"description\" content=\"El gener de 2026, Fran\u00e7a prohibir\u00e0 les bossetes de nicotina per protegir els joves i combatre l&#039;addicci\u00f3.\" \/>\n<meta name=\"robots\" content=\"index, follow, max-snippet:-1, max-image-preview:large, max-video-preview:-1\" \/>\n<link rel=\"canonical\" href=\"https:\/\/www.mylasertabac.com\/ca\/2026-prohibicio-de-les-bossetes-de-nicotina-a-franca-que-significa-aixo-per-a-tu\/\" \/>\n<meta property=\"og:locale\" content=\"ca_ES\" \/>\n<meta property=\"og:type\" content=\"article\" \/>\n<meta property=\"og:title\" content=\"Fran\u00e7a 2026: Les bossetes de nicotina estaran completament prohibides\" \/>\n<meta property=\"og:description\" content=\"El gener de 2026, Fran\u00e7a prohibir\u00e0 les bossetes de nicotina per protegir els joves i combatre l&#039;addicci\u00f3.\" \/>\n<meta property=\"og:url\" content=\"https:\/\/www.mylasertabac.com\/ca\/2026-prohibicio-de-les-bossetes-de-nicotina-a-franca-que-significa-aixo-per-a-tu\/\" \/>\n<meta property=\"og:site_name\" content=\"My Laser Tabac\" \/>\n<meta property=\"article:author\" content=\"https:\/\/www.facebook.com\/profile.php?id=61571554707319\" \/>\n<meta property=\"article:published_time\" content=\"2025-09-06T07:12:49+00:00\" \/>\n<meta property=\"article:modified_time\" content=\"2025-09-08T07:13:44+00:00\" \/>\n<meta property=\"og:image\" content=\"https:\/\/www.mylasertabac.com\/wp-content\/uploads\/2025\/09\/Sachet-de-nicotine-interdit-en-France.jpg\" \/>\n\t<meta property=\"og:image:width\" content=\"1536\" \/>\n\t<meta property=\"og:image:height\" content=\"864\" \/>\n\t<meta property=\"og:image:type\" content=\"image\/jpeg\" \/>\n<meta name=\"author\" content=\"Florian Fortes\" \/>\n<meta name=\"twitter:card\" content=\"summary_large_image\" \/>\n<meta name=\"twitter:label1\" content=\"Escrit per\" \/>\n\t<meta name=\"twitter:data1\" content=\"Florian Fortes\" \/>\n\t<meta name=\"twitter:label2\" content=\"Temps estimat de lectura\" \/>\n\t<meta name=\"twitter:data2\" content=\"2 minuts\" \/>\n<script type=\"application\/ld+json\" class=\"yoast-schema-graph\">{\"@context\":\"https:\\\/\\\/schema.org\",\"@graph\":[{\"@type\":\"Article\",\"@id\":\"https:\\\/\\\/www.mylasertabac.com\\\/ca\\\/2026-prohibicio-de-les-bossetes-de-nicotina-a-franca-que-significa-aixo-per-a-tu\\\/#article\",\"isPartOf\":{\"@id\":\"https:\\\/\\\/www.mylasertabac.com\\\/ca\\\/2026-prohibicio-de-les-bossetes-de-nicotina-a-franca-que-significa-aixo-per-a-tu\\\/\"},\"author\":{\"name\":\"Florian Fortes\",\"@id\":\"https:\\\/\\\/www.mylasertabac.com\\\/ca\\\/#\\\/schema\\\/person\\\/02c249cb76d912efb6c315ec23eccdf3\"},\"headline\":\"2026: Prohibici\u00f3 de les bossetes de nicotina a Fran\u00e7a: qu\u00e8 significa aix\u00f2 per a tu\",\"datePublished\":\"2025-09-06T07:12:49+00:00\",\"dateModified\":\"2025-09-08T07:13:44+00:00\",\"mainEntityOfPage\":{\"@id\":\"https:\\\/\\\/www.mylasertabac.com\\\/ca\\\/2026-prohibicio-de-les-bossetes-de-nicotina-a-franca-que-significa-aixo-per-a-tu\\\/\"},\"wordCount\":485,\"publisher\":{\"@id\":\"https:\\\/\\\/www.mylasertabac.com\\\/ca\\\/#organization\"},\"image\":{\"@id\":\"https:\\\/\\\/www.mylasertabac.com\\\/ca\\\/2026-prohibicio-de-les-bossetes-de-nicotina-a-franca-que-significa-aixo-per-a-tu\\\/#primaryimage\"},\"thumbnailUrl\":\"https:\\\/\\\/www.mylasertabac.com\\\/wp-content\\\/uploads\\\/2025\\\/09\\\/Sachet-de-nicotine-interdit-en-France.jpg\",\"articleSection\":[\"llei\"],\"inLanguage\":\"ca\"},{\"@type\":\"WebPage\",\"@id\":\"https:\\\/\\\/www.mylasertabac.com\\\/ca\\\/2026-prohibicio-de-les-bossetes-de-nicotina-a-franca-que-significa-aixo-per-a-tu\\\/\",\"url\":\"https:\\\/\\\/www.mylasertabac.com\\\/ca\\\/2026-prohibicio-de-les-bossetes-de-nicotina-a-franca-que-significa-aixo-per-a-tu\\\/\",\"name\":\"Fran\u00e7a 2026: Les bossetes de nicotina estaran completament prohibides\",\"isPartOf\":{\"@id\":\"https:\\\/\\\/www.mylasertabac.com\\\/ca\\\/#website\"},\"primaryImageOfPage\":{\"@id\":\"https:\\\/\\\/www.mylasertabac.com\\\/ca\\\/2026-prohibicio-de-les-bossetes-de-nicotina-a-franca-que-significa-aixo-per-a-tu\\\/#primaryimage\"},\"image\":{\"@id\":\"https:\\\/\\\/www.mylasertabac.com\\\/ca\\\/2026-prohibicio-de-les-bossetes-de-nicotina-a-franca-que-significa-aixo-per-a-tu\\\/#primaryimage\"},\"thumbnailUrl\":\"https:\\\/\\\/www.mylasertabac.com\\\/wp-content\\\/uploads\\\/2025\\\/09\\\/Sachet-de-nicotine-interdit-en-France.jpg\",\"datePublished\":\"2025-09-06T07:12:49+00:00\",\"dateModified\":\"2025-09-08T07:13:44+00:00\",\"description\":\"El gener de 2026, Fran\u00e7a prohibir\u00e0 les bossetes de nicotina per protegir els joves i combatre l'addicci\u00f3.\",\"breadcrumb\":{\"@id\":\"https:\\\/\\\/www.mylasertabac.com\\\/ca\\\/2026-prohibicio-de-les-bossetes-de-nicotina-a-franca-que-significa-aixo-per-a-tu\\\/#breadcrumb\"},\"inLanguage\":\"ca\",\"potentialAction\":[{\"@type\":\"ReadAction\",\"target\":[\"https:\\\/\\\/www.mylasertabac.com\\\/ca\\\/2026-prohibicio-de-les-bossetes-de-nicotina-a-franca-que-significa-aixo-per-a-tu\\\/\"]}]},{\"@type\":\"ImageObject\",\"inLanguage\":\"ca\",\"@id\":\"https:\\\/\\\/www.mylasertabac.com\\\/ca\\\/2026-prohibicio-de-les-bossetes-de-nicotina-a-franca-que-significa-aixo-per-a-tu\\\/#primaryimage\",\"url\":\"https:\\\/\\\/www.mylasertabac.com\\\/wp-content\\\/uploads\\\/2025\\\/09\\\/Sachet-de-nicotine-interdit-en-France.jpg\",\"contentUrl\":\"https:\\\/\\\/www.mylasertabac.com\\\/wp-content\\\/uploads\\\/2025\\\/09\\\/Sachet-de-nicotine-interdit-en-France.jpg\",\"width\":1536,\"height\":864},{\"@type\":\"BreadcrumbList\",\"@id\":\"https:\\\/\\\/www.mylasertabac.com\\\/ca\\\/2026-prohibicio-de-les-bossetes-de-nicotina-a-franca-que-significa-aixo-per-a-tu\\\/#breadcrumb\",\"itemListElement\":[{\"@type\":\"ListItem\",\"position\":1,\"name\":\"Accueil\",\"item\":\"https:\\\/\\\/www.mylasertabac.com\\\/ca\\\/benvingut\\\/\"},{\"@type\":\"ListItem\",\"position\":2,\"name\":\"2026: Prohibici\u00f3 de les bossetes de nicotina a Fran\u00e7a: qu\u00e8 significa aix\u00f2 per a tu\"}]},{\"@type\":\"WebSite\",\"@id\":\"https:\\\/\\\/www.mylasertabac.com\\\/ca\\\/#website\",\"url\":\"https:\\\/\\\/www.mylasertabac.com\\\/ca\\\/\",\"name\":\"My Laser Tabac\",\"description\":\"La solution laser qui transforme les fumeurs en ex-fumeurs\",\"publisher\":{\"@id\":\"https:\\\/\\\/www.mylasertabac.com\\\/ca\\\/#organization\"},\"potentialAction\":[{\"@type\":\"SearchAction\",\"target\":{\"@type\":\"EntryPoint\",\"urlTemplate\":\"https:\\\/\\\/www.mylasertabac.com\\\/ca\\\/?s={search_term_string}\"},\"query-input\":{\"@type\":\"PropertyValueSpecification\",\"valueRequired\":true,\"valueName\":\"search_term_string\"}}],\"inLanguage\":\"ca\"},{\"@type\":\"Organization\",\"@id\":\"https:\\\/\\\/www.mylasertabac.com\\\/ca\\\/#organization\",\"name\":\"My Laser Tabac\",\"url\":\"https:\\\/\\\/www.mylasertabac.com\\\/ca\\\/\",\"logo\":{\"@type\":\"ImageObject\",\"inLanguage\":\"ca\",\"@id\":\"https:\\\/\\\/www.mylasertabac.com\\\/ca\\\/#\\\/schema\\\/logo\\\/image\\\/\",\"url\":\"https:\\\/\\\/www.mylasertabac.com\\\/wp-content\\\/uploads\\\/2024\\\/12\\\/mlt-verteau.svg\",\"contentUrl\":\"https:\\\/\\\/www.mylasertabac.com\\\/wp-content\\\/uploads\\\/2024\\\/12\\\/mlt-verteau.svg\",\"caption\":\"My Laser Tabac\"},\"image\":{\"@id\":\"https:\\\/\\\/www.mylasertabac.com\\\/ca\\\/#\\\/schema\\\/logo\\\/image\\\/\"}},{\"@type\":\"Person\",\"@id\":\"https:\\\/\\\/www.mylasertabac.com\\\/ca\\\/#\\\/schema\\\/person\\\/02c249cb76d912efb6c315ec23eccdf3\",\"name\":\"Florian Fortes\",\"image\":{\"@type\":\"ImageObject\",\"inLanguage\":\"ca\",\"@id\":\"https:\\\/\\\/www.mylasertabac.com\\\/wp-content\\\/litespeed\\\/avatar\\\/142101a71d7b9e6490c1120d9c109a67.jpg?ver=1776856306\",\"url\":\"https:\\\/\\\/www.mylasertabac.com\\\/wp-content\\\/litespeed\\\/avatar\\\/142101a71d7b9e6490c1120d9c109a67.jpg?ver=1776856306\",\"contentUrl\":\"https:\\\/\\\/www.mylasertabac.com\\\/wp-content\\\/litespeed\\\/avatar\\\/142101a71d7b9e6490c1120d9c109a67.jpg?ver=1776856306\",\"caption\":\"Florian Fortes\"},\"sameAs\":[\"https:\\\/\\\/www.mylasertabac.com\",\"https:\\\/\\\/www.facebook.com\\\/profile.php?id=61571554707319\"],\"url\":\"https:\\\/\\\/www.mylasertabac.com\\\/ca\\\/author\\\/florianfortes5312\\\/\"}]}<\/script>\n<!-- \/ Yoast SEO plugin. -->","yoast_head_json":{"title":"Fran\u00e7a 2026: Les bossetes de nicotina estaran completament prohibides","description":"El gener de 2026, Fran\u00e7a prohibir\u00e0 les bossetes de nicotina per protegir els joves i combatre l'addicci\u00f3.","robots":{"index":"index","follow":"follow","max-snippet":"max-snippet:-1","max-image-preview":"max-image-preview:large","max-video-preview":"max-video-preview:-1"},"canonical":"https:\/\/www.mylasertabac.com\/ca\/2026-prohibicio-de-les-bossetes-de-nicotina-a-franca-que-significa-aixo-per-a-tu\/","og_locale":"ca_ES","og_type":"article","og_title":"Fran\u00e7a 2026: Les bossetes de nicotina estaran completament prohibides","og_description":"El gener de 2026, Fran\u00e7a prohibir\u00e0 les bossetes de nicotina per protegir els joves i combatre l'addicci\u00f3.","og_url":"https:\/\/www.mylasertabac.com\/ca\/2026-prohibicio-de-les-bossetes-de-nicotina-a-franca-que-significa-aixo-per-a-tu\/","og_site_name":"My Laser Tabac","article_author":"https:\/\/www.facebook.com\/profile.php?id=61571554707319","article_published_time":"2025-09-06T07:12:49+00:00","article_modified_time":"2025-09-08T07:13:44+00:00","og_image":[{"width":1536,"height":864,"url":"https:\/\/www.mylasertabac.com\/wp-content\/uploads\/2025\/09\/Sachet-de-nicotine-interdit-en-France.jpg","type":"image\/jpeg"}],"author":"Florian Fortes","twitter_card":"summary_large_image","twitter_misc":{"Escrit per":"Florian Fortes","Temps estimat de lectura":"2 minuts"},"schema":{"@context":"https:\/\/schema.org","@graph":[{"@type":"Article","@id":"https:\/\/www.mylasertabac.com\/ca\/2026-prohibicio-de-les-bossetes-de-nicotina-a-franca-que-significa-aixo-per-a-tu\/#article","isPartOf":{"@id":"https:\/\/www.mylasertabac.com\/ca\/2026-prohibicio-de-les-bossetes-de-nicotina-a-franca-que-significa-aixo-per-a-tu\/"},"author":{"name":"Florian Fortes","@id":"https:\/\/www.mylasertabac.com\/ca\/#\/schema\/person\/02c249cb76d912efb6c315ec23eccdf3"},"headline":"2026: Prohibici\u00f3 de les bossetes de nicotina a Fran\u00e7a: qu\u00e8 significa aix\u00f2 per a tu","datePublished":"2025-09-06T07:12:49+00:00","dateModified":"2025-09-08T07:13:44+00:00","mainEntityOfPage":{"@id":"https:\/\/www.mylasertabac.com\/ca\/2026-prohibicio-de-les-bossetes-de-nicotina-a-franca-que-significa-aixo-per-a-tu\/"},"wordCount":485,"publisher":{"@id":"https:\/\/www.mylasertabac.com\/ca\/#organization"},"image":{"@id":"https:\/\/www.mylasertabac.com\/ca\/2026-prohibicio-de-les-bossetes-de-nicotina-a-franca-que-significa-aixo-per-a-tu\/#primaryimage"},"thumbnailUrl":"https:\/\/www.mylasertabac.com\/wp-content\/uploads\/2025\/09\/Sachet-de-nicotine-interdit-en-France.jpg","articleSection":["llei"],"inLanguage":"ca"},{"@type":"WebPage","@id":"https:\/\/www.mylasertabac.com\/ca\/2026-prohibicio-de-les-bossetes-de-nicotina-a-franca-que-significa-aixo-per-a-tu\/","url":"https:\/\/www.mylasertabac.com\/ca\/2026-prohibicio-de-les-bossetes-de-nicotina-a-franca-que-significa-aixo-per-a-tu\/","name":"Fran\u00e7a 2026: Les bossetes de nicotina estaran completament prohibides","isPartOf":{"@id":"https:\/\/www.mylasertabac.com\/ca\/#website"},"primaryImageOfPage":{"@id":"https:\/\/www.mylasertabac.com\/ca\/2026-prohibicio-de-les-bossetes-de-nicotina-a-franca-que-significa-aixo-per-a-tu\/#primaryimage"},"image":{"@id":"https:\/\/www.mylasertabac.com\/ca\/2026-prohibicio-de-les-bossetes-de-nicotina-a-franca-que-significa-aixo-per-a-tu\/#primaryimage"},"thumbnailUrl":"https:\/\/www.mylasertabac.com\/wp-content\/uploads\/2025\/09\/Sachet-de-nicotine-interdit-en-France.jpg","datePublished":"2025-09-06T07:12:49+00:00","dateModified":"2025-09-08T07:13:44+00:00","description":"El gener de 2026, Fran\u00e7a prohibir\u00e0 les bossetes de nicotina per protegir els joves i combatre l'addicci\u00f3.","breadcrumb":{"@id":"https:\/\/www.mylasertabac.com\/ca\/2026-prohibicio-de-les-bossetes-de-nicotina-a-franca-que-significa-aixo-per-a-tu\/#breadcrumb"},"inLanguage":"ca","potentialAction":[{"@type":"ReadAction","target":["https:\/\/www.mylasertabac.com\/ca\/2026-prohibicio-de-les-bossetes-de-nicotina-a-franca-que-significa-aixo-per-a-tu\/"]}]},{"@type":"ImageObject","inLanguage":"ca","@id":"https:\/\/www.mylasertabac.com\/ca\/2026-prohibicio-de-les-bossetes-de-nicotina-a-franca-que-significa-aixo-per-a-tu\/#primaryimage","url":"https:\/\/www.mylasertabac.com\/wp-content\/uploads\/2025\/09\/Sachet-de-nicotine-interdit-en-France.jpg","contentUrl":"https:\/\/www.mylasertabac.com\/wp-content\/uploads\/2025\/09\/Sachet-de-nicotine-interdit-en-France.jpg","width":1536,"height":864},{"@type":"BreadcrumbList","@id":"https:\/\/www.mylasertabac.com\/ca\/2026-prohibicio-de-les-bossetes-de-nicotina-a-franca-que-significa-aixo-per-a-tu\/#breadcrumb","itemListElement":[{"@type":"ListItem","position":1,"name":"Accueil","item":"https:\/\/www.mylasertabac.com\/ca\/benvingut\/"},{"@type":"ListItem","position":2,"name":"2026: Prohibici\u00f3 de les bossetes de nicotina a Fran\u00e7a: qu\u00e8 significa aix\u00f2 per a tu"}]},{"@type":"WebSite","@id":"https:\/\/www.mylasertabac.com\/ca\/#website","url":"https:\/\/www.mylasertabac.com\/ca\/","name":"My Laser Tabac","description":"La solution laser qui transforme les fumeurs en ex-fumeurs","publisher":{"@id":"https:\/\/www.mylasertabac.com\/ca\/#organization"},"potentialAction":[{"@type":"SearchAction","target":{"@type":"EntryPoint","urlTemplate":"https:\/\/www.mylasertabac.com\/ca\/?s={search_term_string}"},"query-input":{"@type":"PropertyValueSpecification","valueRequired":true,"valueName":"search_term_string"}}],"inLanguage":"ca"},{"@type":"Organization","@id":"https:\/\/www.mylasertabac.com\/ca\/#organization","name":"My Laser Tabac","url":"https:\/\/www.mylasertabac.com\/ca\/","logo":{"@type":"ImageObject","inLanguage":"ca","@id":"https:\/\/www.mylasertabac.com\/ca\/#\/schema\/logo\/image\/","url":"https:\/\/www.mylasertabac.com\/wp-content\/uploads\/2024\/12\/mlt-verteau.svg","contentUrl":"https:\/\/www.mylasertabac.com\/wp-content\/uploads\/2024\/12\/mlt-verteau.svg","caption":"My Laser Tabac"},"image":{"@id":"https:\/\/www.mylasertabac.com\/ca\/#\/schema\/logo\/image\/"}},{"@type":"Person","@id":"https:\/\/www.mylasertabac.com\/ca\/#\/schema\/person\/02c249cb76d912efb6c315ec23eccdf3","name":"Florian Fortes","image":{"@type":"ImageObject","inLanguage":"ca","@id":"https:\/\/www.mylasertabac.com\/wp-content\/litespeed\/avatar\/142101a71d7b9e6490c1120d9c109a67.jpg?ver=1776856306","url":"https:\/\/www.mylasertabac.com\/wp-content\/litespeed\/avatar\/142101a71d7b9e6490c1120d9c109a67.jpg?ver=1776856306","contentUrl":"https:\/\/www.mylasertabac.com\/wp-content\/litespeed\/avatar\/142101a71d7b9e6490c1120d9c109a67.jpg?ver=1776856306","caption":"Florian Fortes"},"sameAs":["https:\/\/www.mylasertabac.com","https:\/\/www.facebook.com\/profile.php?id=61571554707319"],"url":"https:\/\/www.mylasertabac.com\/ca\/author\/florianfortes5312\/"}]}},"_links":{"self":[{"href":"https:\/\/www.mylasertabac.com\/ca\/wp-json\/wp\/v2\/posts\/15574","targetHints":{"allow":["GET"]}}],"collection":[{"href":"https:\/\/www.mylasertabac.com\/ca\/wp-json\/wp\/v2\/posts"}],"about":[{"href":"https:\/\/www.mylasertabac.com\/ca\/wp-json\/wp\/v2\/types\/post"}],"author":[{"embeddable":true,"href":"https:\/\/www.mylasertabac.com\/ca\/wp-json\/wp\/v2\/users\/2"}],"replies":[{"embeddable":true,"href":"https:\/\/www.mylasertabac.com\/ca\/wp-json\/wp\/v2\/comments?post=15574"}],"version-history":[{"count":1,"href":"https:\/\/www.mylasertabac.com\/ca\/wp-json\/wp\/v2\/posts\/15574\/revisions"}],"predecessor-version":[{"id":15576,"href":"https:\/\/www.mylasertabac.com\/ca\/wp-json\/wp\/v2\/posts\/15574\/revisions\/15576"}],"wp:featuredmedia":[{"embeddable":true,"href":"https:\/\/www.mylasertabac.com\/ca\/wp-json\/wp\/v2\/media\/15560"}],"wp:attachment":[{"href":"https:\/\/www.mylasertabac.com\/ca\/wp-json\/wp\/v2\/media?parent=15574"}],"wp:term":[{"taxonomy":"category","embeddable":true,"href":"https:\/\/www.mylasertabac.com\/ca\/wp-json\/wp\/v2\/categories?post=15574"},{"taxonomy":"post_tag","embeddable":true,"href":"https:\/\/www.mylasertabac.com\/ca\/wp-json\/wp\/v2\/tags?post=15574"}],"curies":[{"name":"wp","href":"https:\/\/api.w.org\/{rel}","templated":true}]}}