{"id":15612,"date":"2025-09-08T09:31:29","date_gmt":"2025-09-08T07:31:29","guid":{"rendered":"https:\/\/www.mylasertabac.com\/una-simple-accio-diaria-podria-accelerar-lenvelliment-del-teu-cervell-en-un-any-i-mig-descobreix-per-que\/"},"modified":"2025-09-08T10:53:16","modified_gmt":"2025-09-08T08:53:16","slug":"una-simple-accio-diaria-podria-accelerar-lenvelliment-del-teu-cervell-en-un-any-i-mig-descobreix-per-que","status":"publish","type":"post","link":"https:\/\/www.mylasertabac.com\/ca\/una-simple-accio-diaria-podria-accelerar-lenvelliment-del-teu-cervell-en-un-any-i-mig-descobreix-per-que\/","title":{"rendered":"Una simple acci\u00f3 di\u00e0ria podria accelerar l&#8217;envelliment del teu cervell en un any i mig. Descobreix per qu\u00e8."},"content":{"rendered":"\n<div style=\"height:21px\" aria-hidden=\"true\" class=\"wp-block-spacer\"><\/div>\n\n<p>Imagineu-vos beure un iogurt &#8220;baix en greixos&#8221; o un refresc &#8220;light&#8221;, pensant que esteu fent una elecci\u00f3 saludable. Tot i aix\u00f2, dia rere dia, podr\u00edeu estar contribuint a un deteriorament de les vostres capacitats cognitives. Un estudi s\u00f2lid de vuit anys revela que els edulcorants artificials, sovint considerats l&#8217;alternativa &#8220;responsable&#8221; al sucre, poden estar lluny de ser inofensius.  <\/p>\n\n<p>Una investigaci\u00f3 duta a terme al Brasil, publicada a la revista <em>Neurology<\/em> , va fer un seguiment de m\u00e9s de 12.000 participants, amb una edat mitjana de 52 anys, durant un per\u00edode de vuit anys. Aquells que van consumir grans quantitats d&#8217;edulcorants com l&#8217;aspartam, la sacarina, l&#8217;acesulfam K, l&#8217;eritritol, el sorbitol o el xilitol van veure progressar el seu deteriorament cognitiu un 62% m\u00e9s r\u00e0pid que aquells amb un baix consum. <\/p>\n\n<p>Aquesta acceleraci\u00f3 es tradueix en un envelliment cerebral equivalent a aproximadament 1,6 anys addicionals <a href=\"https:\/\/www.pourquoidocteur.fr\/Articles\/Question-d-actu\/52474-Declin-cognitif-lien-consommation-d-edulcorants?utm_source=chatgpt.com\" target=\"_blank\" rel=\"noreferrer noopener\">, segons<\/a> <a href=\"https:\/\/www.theguardian.com\/food\/2025\/sep\/03\/sweeteners-can-harm-cognitive-health-equivalent-to-16-years-of-ageing-study-finds?utm_source=chatgpt.com\" target=\"_blank\" rel=\"noreferrer noopener\">The Guardian<\/a> . L&#8217;impacte \u00e9s particularment visible en persones menors de 60 anys i en persones amb diabetis. <\/p>\n\n<p>Aleshores, qu\u00e8 esperaves: plaer sense conseq\u00fc\u00e8ncies? Aix\u00f2 \u00e9s el que la &#8220;llum&#8221; de vegades deixa enrere: informar, fomentar l&#8217;acci\u00f3, escapar de l&#8217;efecte acumulatiu d&#8217;aquests additius. <\/p>\n\n<div style=\"height:21px\" aria-hidden=\"true\" class=\"wp-block-spacer\"><\/div>\n\n<p><strong>Qu\u00e8 significa aix\u00f2 per a tu, concretament<\/strong><\/p>\n\n<ul class=\"wp-block-list\">\n<li>El consum regular d&#8217;edulcorants artificials, fins i tot els invisibles en aliments &#8220;light&#8221;, pot accelerar la p\u00e8rdua de funcions cerebrals essencials: mem\u00f2ria, flu\u00efdesa verbal, reflexos de pensament.<\/li>\n\n\n\n<li>El desenc\u00eds no rau en una simple estad\u00edstica a\u00efllada, sin\u00f3 en l&#8217;observaci\u00f3 d&#8217;un risc tangible durant un horitz\u00f3 temporal prolongat.<\/li>\n\n\n\n<li>El vincle establert per aquest estudi, tot i que observat (i no causalment provat), \u00e9s prou seri\u00f3s com per fer-nos repensar la nostra relaci\u00f3 amb aquests substituts del sucre.<\/li>\n<\/ul>\n\n<p>Veus de la ind\u00fastria aliment\u00e0ria i associacions professionals emfatitzen que l&#8217;estudi \u00e9s observacional i no demostra una relaci\u00f3 causa-efecte. Assenyalen que els estudis reguladors actuals consideren que els edulcorants s\u00f3n segurs en les dosis recomanades. Per\u00f2 quan aquesta troballa promet un deteriorament mental m\u00e9s r\u00e0pid, la precauci\u00f3 esdev\u00e9 imprescindible.  <\/p>\n\n<div style=\"height:21px\" aria-hidden=\"true\" class=\"wp-block-spacer\"><\/div>\n\n<p><strong>Qu\u00e8 pots fer ara mateix<\/strong><\/p>\n\n<ol class=\"wp-block-list\">\n<li>Repensa els teus h\u00e0bits alimentaris. L&#8217;etiqueta &#8220;sense sucre&#8221; no garanteix una millor salut cognitiva. <\/li>\n\n\n\n<li>Afavoreix alternatives naturals, com la mel, el xarop d&#8217;aur\u00f3 o fins i tot la tagatosa; aquesta \u00faltima no s&#8217;ha associat amb un deteriorament cognitiu accelerat.<\/li>\n\n\n\n<li>Considereu h\u00e0bits m\u00e9s saludables: afavorir les fruites senceres, cuinar per a vosaltres mateixos, limitar els productes ultraprocessats.<\/li>\n\n\n\n<li>Tingues en compte que per protegir el teu cervell, s\u00f3n les accions quotidianes, repetides, les que marquen la difer\u00e8ncia.<\/li>\n<\/ol>\n\n<div style=\"height:29px\" aria-hidden=\"true\" class=\"wp-block-spacer\"><\/div>\n\n<p><strong>Una sola elecci\u00f3 ho pot canviar tot<\/strong><\/p>\n\n<p>Sempre has controlat el que ingereixes. Avui, aquests n\u00fameros t&#8217;ofereixen una nova oportunitat: reduir una amena\u00e7a invisible per\u00f2 real. I reconstruir el teu equilibri nutricional amb m\u00e9s intenci\u00f3. Cuidar-te, sense artificis, esdev\u00e9 no nom\u00e9s un acte amable, sin\u00f3 una inversi\u00f3 a llarg termini.   <\/p>\n\n<div style=\"height:48px\" aria-hidden=\"true\" class=\"wp-block-spacer\"><\/div>\n\n<figure class=\"wp-block-image size-large\"><img decoding=\"async\" src=\"https:\/\/www.mylasertabac.com\/wp-content\/uploads\/\/mlt-verteau.svg\" alt=\"\" class=\"wp-image-13\"\/><\/figure>\n","protected":false},"excerpt":{"rendered":"<p>Imagineu-vos beure un iogurt &#8220;baix en greixos&#8221; o un refresc &#8220;light&#8221;, pensant que esteu fent una elecci\u00f3 saludable. Tot i aix\u00f2, dia rere dia, podr\u00edeu estar contribuint a un deteriorament de les vostres capacitats cognitives. Un estudi s\u00f2lid de vuit anys revela que els edulcorants artificials, sovint considerats l&#8217;alternativa &#8220;responsable&#8221; al sucre, poden estar lluny [&hellip;]<\/p>\n","protected":false},"author":2,"featured_media":15592,"comment_status":"closed","ping_status":"open","sticky":false,"template":"","format":"standard","meta":{"inline_featured_image":false,"footnotes":""},"categories":[159],"tags":[],"class_list":["post-15612","post","type-post","status-publish","format-standard","has-post-thumbnail","hentry","category-salut"],"yoast_head":"<!-- This site is optimized with the Yoast SEO plugin v27.4 - https:\/\/yoast.com\/product\/yoast-seo-wordpress\/ -->\n<title>Una simple acci\u00f3 di\u00e0ria podria accelerar l&#039;envelliment del teu cervell en un any i mig. Descobreix per qu\u00e8. - My Laser Tabac<\/title>\n<meta name=\"description\" content=\"Un estudi descobreix que els edulcorants artificials acceleren l&#039;envelliment cerebral, cosa que augmenta significativament el deteriorament cognitiu.\" \/>\n<meta name=\"robots\" content=\"index, follow, max-snippet:-1, max-image-preview:large, max-video-preview:-1\" \/>\n<link rel=\"canonical\" href=\"https:\/\/www.mylasertabac.com\/ca\/una-simple-accio-diaria-podria-accelerar-lenvelliment-del-teu-cervell-en-un-any-i-mig-descobreix-per-que\/\" \/>\n<meta property=\"og:locale\" content=\"ca_ES\" \/>\n<meta property=\"og:type\" content=\"article\" \/>\n<meta property=\"og:title\" content=\"Una simple acci\u00f3 di\u00e0ria podria accelerar l&#039;envelliment del teu cervell en un any i mig. Descobreix per qu\u00e8. - My Laser Tabac\" \/>\n<meta property=\"og:description\" content=\"Un estudi descobreix que els edulcorants artificials acceleren l&#039;envelliment cerebral, cosa que augmenta significativament el deteriorament cognitiu.\" \/>\n<meta property=\"og:url\" content=\"https:\/\/www.mylasertabac.com\/ca\/una-simple-accio-diaria-podria-accelerar-lenvelliment-del-teu-cervell-en-un-any-i-mig-descobreix-per-que\/\" \/>\n<meta property=\"og:site_name\" content=\"My Laser Tabac\" \/>\n<meta property=\"article:author\" content=\"https:\/\/www.facebook.com\/profile.php?id=61571554707319\" \/>\n<meta property=\"article:published_time\" content=\"2025-09-08T07:31:29+00:00\" \/>\n<meta property=\"article:modified_time\" content=\"2025-09-08T08:53:16+00:00\" \/>\n<meta property=\"og:image\" content=\"https:\/\/www.mylasertabac.com\/wp-content\/uploads\/2025\/09\/ChatGPT-Image-8-sept.-2025-a-09_27_52-1024x683.png\" \/>\n\t<meta property=\"og:image:width\" content=\"1024\" \/>\n\t<meta property=\"og:image:height\" content=\"683\" \/>\n\t<meta property=\"og:image:type\" content=\"image\/png\" \/>\n<meta name=\"author\" content=\"Florian Fortes\" \/>\n<meta name=\"twitter:card\" content=\"summary_large_image\" \/>\n<meta name=\"twitter:label1\" content=\"Escrit per\" \/>\n\t<meta name=\"twitter:data1\" content=\"Florian Fortes\" \/>\n\t<meta name=\"twitter:label2\" content=\"Temps estimat de lectura\" \/>\n\t<meta name=\"twitter:data2\" content=\"2 minuts\" \/>\n<script type=\"application\/ld+json\" class=\"yoast-schema-graph\">{\"@context\":\"https:\\\/\\\/schema.org\",\"@graph\":[{\"@type\":\"Article\",\"@id\":\"https:\\\/\\\/www.mylasertabac.com\\\/ca\\\/una-simple-accio-diaria-podria-accelerar-lenvelliment-del-teu-cervell-en-un-any-i-mig-descobreix-per-que\\\/#article\",\"isPartOf\":{\"@id\":\"https:\\\/\\\/www.mylasertabac.com\\\/ca\\\/una-simple-accio-diaria-podria-accelerar-lenvelliment-del-teu-cervell-en-un-any-i-mig-descobreix-per-que\\\/\"},\"author\":{\"name\":\"Florian Fortes\",\"@id\":\"https:\\\/\\\/www.mylasertabac.com\\\/ca\\\/#\\\/schema\\\/person\\\/02c249cb76d912efb6c315ec23eccdf3\"},\"headline\":\"Una simple acci\u00f3 di\u00e0ria podria accelerar l&#8217;envelliment del teu cervell en un any i mig. Descobreix per qu\u00e8.\",\"datePublished\":\"2025-09-08T07:31:29+00:00\",\"dateModified\":\"2025-09-08T08:53:16+00:00\",\"mainEntityOfPage\":{\"@id\":\"https:\\\/\\\/www.mylasertabac.com\\\/ca\\\/una-simple-accio-diaria-podria-accelerar-lenvelliment-del-teu-cervell-en-un-any-i-mig-descobreix-per-que\\\/\"},\"wordCount\":507,\"publisher\":{\"@id\":\"https:\\\/\\\/www.mylasertabac.com\\\/ca\\\/#organization\"},\"image\":{\"@id\":\"https:\\\/\\\/www.mylasertabac.com\\\/ca\\\/una-simple-accio-diaria-podria-accelerar-lenvelliment-del-teu-cervell-en-un-any-i-mig-descobreix-per-que\\\/#primaryimage\"},\"thumbnailUrl\":\"https:\\\/\\\/www.mylasertabac.com\\\/wp-content\\\/uploads\\\/2025\\\/09\\\/ChatGPT-Image-8-sept.-2025-a-09_27_52.png\",\"articleSection\":[\"Salut\"],\"inLanguage\":\"ca\"},{\"@type\":\"WebPage\",\"@id\":\"https:\\\/\\\/www.mylasertabac.com\\\/ca\\\/una-simple-accio-diaria-podria-accelerar-lenvelliment-del-teu-cervell-en-un-any-i-mig-descobreix-per-que\\\/\",\"url\":\"https:\\\/\\\/www.mylasertabac.com\\\/ca\\\/una-simple-accio-diaria-podria-accelerar-lenvelliment-del-teu-cervell-en-un-any-i-mig-descobreix-per-que\\\/\",\"name\":\"Una simple acci\u00f3 di\u00e0ria podria accelerar l'envelliment del teu cervell en un any i mig. Descobreix per qu\u00e8. - My Laser Tabac\",\"isPartOf\":{\"@id\":\"https:\\\/\\\/www.mylasertabac.com\\\/ca\\\/#website\"},\"primaryImageOfPage\":{\"@id\":\"https:\\\/\\\/www.mylasertabac.com\\\/ca\\\/una-simple-accio-diaria-podria-accelerar-lenvelliment-del-teu-cervell-en-un-any-i-mig-descobreix-per-que\\\/#primaryimage\"},\"image\":{\"@id\":\"https:\\\/\\\/www.mylasertabac.com\\\/ca\\\/una-simple-accio-diaria-podria-accelerar-lenvelliment-del-teu-cervell-en-un-any-i-mig-descobreix-per-que\\\/#primaryimage\"},\"thumbnailUrl\":\"https:\\\/\\\/www.mylasertabac.com\\\/wp-content\\\/uploads\\\/2025\\\/09\\\/ChatGPT-Image-8-sept.-2025-a-09_27_52.png\",\"datePublished\":\"2025-09-08T07:31:29+00:00\",\"dateModified\":\"2025-09-08T08:53:16+00:00\",\"description\":\"Un estudi descobreix que els edulcorants artificials acceleren l'envelliment cerebral, cosa que augmenta significativament el deteriorament cognitiu.\",\"breadcrumb\":{\"@id\":\"https:\\\/\\\/www.mylasertabac.com\\\/ca\\\/una-simple-accio-diaria-podria-accelerar-lenvelliment-del-teu-cervell-en-un-any-i-mig-descobreix-per-que\\\/#breadcrumb\"},\"inLanguage\":\"ca\",\"potentialAction\":[{\"@type\":\"ReadAction\",\"target\":[\"https:\\\/\\\/www.mylasertabac.com\\\/ca\\\/una-simple-accio-diaria-podria-accelerar-lenvelliment-del-teu-cervell-en-un-any-i-mig-descobreix-per-que\\\/\"]}]},{\"@type\":\"ImageObject\",\"inLanguage\":\"ca\",\"@id\":\"https:\\\/\\\/www.mylasertabac.com\\\/ca\\\/una-simple-accio-diaria-podria-accelerar-lenvelliment-del-teu-cervell-en-un-any-i-mig-descobreix-per-que\\\/#primaryimage\",\"url\":\"https:\\\/\\\/www.mylasertabac.com\\\/wp-content\\\/uploads\\\/2025\\\/09\\\/ChatGPT-Image-8-sept.-2025-a-09_27_52.png\",\"contentUrl\":\"https:\\\/\\\/www.mylasertabac.com\\\/wp-content\\\/uploads\\\/2025\\\/09\\\/ChatGPT-Image-8-sept.-2025-a-09_27_52.png\",\"width\":1536,\"height\":1024},{\"@type\":\"BreadcrumbList\",\"@id\":\"https:\\\/\\\/www.mylasertabac.com\\\/ca\\\/una-simple-accio-diaria-podria-accelerar-lenvelliment-del-teu-cervell-en-un-any-i-mig-descobreix-per-que\\\/#breadcrumb\",\"itemListElement\":[{\"@type\":\"ListItem\",\"position\":1,\"name\":\"Accueil\",\"item\":\"https:\\\/\\\/www.mylasertabac.com\\\/ca\\\/benvingut\\\/\"},{\"@type\":\"ListItem\",\"position\":2,\"name\":\"Una simple acci\u00f3 di\u00e0ria podria accelerar l&rsquo;envelliment del teu cervell en un any i mig. Descobreix per qu\u00e8.\"}]},{\"@type\":\"WebSite\",\"@id\":\"https:\\\/\\\/www.mylasertabac.com\\\/ca\\\/#website\",\"url\":\"https:\\\/\\\/www.mylasertabac.com\\\/ca\\\/\",\"name\":\"My Laser Tabac\",\"description\":\"La solution laser qui transforme les fumeurs en ex-fumeurs\",\"publisher\":{\"@id\":\"https:\\\/\\\/www.mylasertabac.com\\\/ca\\\/#organization\"},\"potentialAction\":[{\"@type\":\"SearchAction\",\"target\":{\"@type\":\"EntryPoint\",\"urlTemplate\":\"https:\\\/\\\/www.mylasertabac.com\\\/ca\\\/?s={search_term_string}\"},\"query-input\":{\"@type\":\"PropertyValueSpecification\",\"valueRequired\":true,\"valueName\":\"search_term_string\"}}],\"inLanguage\":\"ca\"},{\"@type\":\"Organization\",\"@id\":\"https:\\\/\\\/www.mylasertabac.com\\\/ca\\\/#organization\",\"name\":\"My Laser Tabac\",\"url\":\"https:\\\/\\\/www.mylasertabac.com\\\/ca\\\/\",\"logo\":{\"@type\":\"ImageObject\",\"inLanguage\":\"ca\",\"@id\":\"https:\\\/\\\/www.mylasertabac.com\\\/ca\\\/#\\\/schema\\\/logo\\\/image\\\/\",\"url\":\"https:\\\/\\\/www.mylasertabac.com\\\/wp-content\\\/uploads\\\/2024\\\/12\\\/mlt-verteau.svg\",\"contentUrl\":\"https:\\\/\\\/www.mylasertabac.com\\\/wp-content\\\/uploads\\\/2024\\\/12\\\/mlt-verteau.svg\",\"caption\":\"My Laser Tabac\"},\"image\":{\"@id\":\"https:\\\/\\\/www.mylasertabac.com\\\/ca\\\/#\\\/schema\\\/logo\\\/image\\\/\"}},{\"@type\":\"Person\",\"@id\":\"https:\\\/\\\/www.mylasertabac.com\\\/ca\\\/#\\\/schema\\\/person\\\/02c249cb76d912efb6c315ec23eccdf3\",\"name\":\"Florian Fortes\",\"image\":{\"@type\":\"ImageObject\",\"inLanguage\":\"ca\",\"@id\":\"https:\\\/\\\/www.mylasertabac.com\\\/wp-content\\\/litespeed\\\/avatar\\\/142101a71d7b9e6490c1120d9c109a67.jpg?ver=1776856306\",\"url\":\"https:\\\/\\\/www.mylasertabac.com\\\/wp-content\\\/litespeed\\\/avatar\\\/142101a71d7b9e6490c1120d9c109a67.jpg?ver=1776856306\",\"contentUrl\":\"https:\\\/\\\/www.mylasertabac.com\\\/wp-content\\\/litespeed\\\/avatar\\\/142101a71d7b9e6490c1120d9c109a67.jpg?ver=1776856306\",\"caption\":\"Florian Fortes\"},\"sameAs\":[\"https:\\\/\\\/www.mylasertabac.com\",\"https:\\\/\\\/www.facebook.com\\\/profile.php?id=61571554707319\"],\"url\":\"https:\\\/\\\/www.mylasertabac.com\\\/ca\\\/author\\\/florianfortes5312\\\/\"}]}<\/script>\n<!-- \/ Yoast SEO plugin. -->","yoast_head_json":{"title":"Una simple acci\u00f3 di\u00e0ria podria accelerar l'envelliment del teu cervell en un any i mig. Descobreix per qu\u00e8. - My Laser Tabac","description":"Un estudi descobreix que els edulcorants artificials acceleren l'envelliment cerebral, cosa que augmenta significativament el deteriorament cognitiu.","robots":{"index":"index","follow":"follow","max-snippet":"max-snippet:-1","max-image-preview":"max-image-preview:large","max-video-preview":"max-video-preview:-1"},"canonical":"https:\/\/www.mylasertabac.com\/ca\/una-simple-accio-diaria-podria-accelerar-lenvelliment-del-teu-cervell-en-un-any-i-mig-descobreix-per-que\/","og_locale":"ca_ES","og_type":"article","og_title":"Una simple acci\u00f3 di\u00e0ria podria accelerar l'envelliment del teu cervell en un any i mig. Descobreix per qu\u00e8. - My Laser Tabac","og_description":"Un estudi descobreix que els edulcorants artificials acceleren l'envelliment cerebral, cosa que augmenta significativament el deteriorament cognitiu.","og_url":"https:\/\/www.mylasertabac.com\/ca\/una-simple-accio-diaria-podria-accelerar-lenvelliment-del-teu-cervell-en-un-any-i-mig-descobreix-per-que\/","og_site_name":"My Laser Tabac","article_author":"https:\/\/www.facebook.com\/profile.php?id=61571554707319","article_published_time":"2025-09-08T07:31:29+00:00","article_modified_time":"2025-09-08T08:53:16+00:00","og_image":[{"width":1024,"height":683,"url":"https:\/\/www.mylasertabac.com\/wp-content\/uploads\/2025\/09\/ChatGPT-Image-8-sept.-2025-a-09_27_52-1024x683.png","type":"image\/png"}],"author":"Florian Fortes","twitter_card":"summary_large_image","twitter_misc":{"Escrit per":"Florian Fortes","Temps estimat de lectura":"2 minuts"},"schema":{"@context":"https:\/\/schema.org","@graph":[{"@type":"Article","@id":"https:\/\/www.mylasertabac.com\/ca\/una-simple-accio-diaria-podria-accelerar-lenvelliment-del-teu-cervell-en-un-any-i-mig-descobreix-per-que\/#article","isPartOf":{"@id":"https:\/\/www.mylasertabac.com\/ca\/una-simple-accio-diaria-podria-accelerar-lenvelliment-del-teu-cervell-en-un-any-i-mig-descobreix-per-que\/"},"author":{"name":"Florian Fortes","@id":"https:\/\/www.mylasertabac.com\/ca\/#\/schema\/person\/02c249cb76d912efb6c315ec23eccdf3"},"headline":"Una simple acci\u00f3 di\u00e0ria podria accelerar l&#8217;envelliment del teu cervell en un any i mig. Descobreix per qu\u00e8.","datePublished":"2025-09-08T07:31:29+00:00","dateModified":"2025-09-08T08:53:16+00:00","mainEntityOfPage":{"@id":"https:\/\/www.mylasertabac.com\/ca\/una-simple-accio-diaria-podria-accelerar-lenvelliment-del-teu-cervell-en-un-any-i-mig-descobreix-per-que\/"},"wordCount":507,"publisher":{"@id":"https:\/\/www.mylasertabac.com\/ca\/#organization"},"image":{"@id":"https:\/\/www.mylasertabac.com\/ca\/una-simple-accio-diaria-podria-accelerar-lenvelliment-del-teu-cervell-en-un-any-i-mig-descobreix-per-que\/#primaryimage"},"thumbnailUrl":"https:\/\/www.mylasertabac.com\/wp-content\/uploads\/2025\/09\/ChatGPT-Image-8-sept.-2025-a-09_27_52.png","articleSection":["Salut"],"inLanguage":"ca"},{"@type":"WebPage","@id":"https:\/\/www.mylasertabac.com\/ca\/una-simple-accio-diaria-podria-accelerar-lenvelliment-del-teu-cervell-en-un-any-i-mig-descobreix-per-que\/","url":"https:\/\/www.mylasertabac.com\/ca\/una-simple-accio-diaria-podria-accelerar-lenvelliment-del-teu-cervell-en-un-any-i-mig-descobreix-per-que\/","name":"Una simple acci\u00f3 di\u00e0ria podria accelerar l'envelliment del teu cervell en un any i mig. Descobreix per qu\u00e8. - My Laser Tabac","isPartOf":{"@id":"https:\/\/www.mylasertabac.com\/ca\/#website"},"primaryImageOfPage":{"@id":"https:\/\/www.mylasertabac.com\/ca\/una-simple-accio-diaria-podria-accelerar-lenvelliment-del-teu-cervell-en-un-any-i-mig-descobreix-per-que\/#primaryimage"},"image":{"@id":"https:\/\/www.mylasertabac.com\/ca\/una-simple-accio-diaria-podria-accelerar-lenvelliment-del-teu-cervell-en-un-any-i-mig-descobreix-per-que\/#primaryimage"},"thumbnailUrl":"https:\/\/www.mylasertabac.com\/wp-content\/uploads\/2025\/09\/ChatGPT-Image-8-sept.-2025-a-09_27_52.png","datePublished":"2025-09-08T07:31:29+00:00","dateModified":"2025-09-08T08:53:16+00:00","description":"Un estudi descobreix que els edulcorants artificials acceleren l'envelliment cerebral, cosa que augmenta significativament el deteriorament cognitiu.","breadcrumb":{"@id":"https:\/\/www.mylasertabac.com\/ca\/una-simple-accio-diaria-podria-accelerar-lenvelliment-del-teu-cervell-en-un-any-i-mig-descobreix-per-que\/#breadcrumb"},"inLanguage":"ca","potentialAction":[{"@type":"ReadAction","target":["https:\/\/www.mylasertabac.com\/ca\/una-simple-accio-diaria-podria-accelerar-lenvelliment-del-teu-cervell-en-un-any-i-mig-descobreix-per-que\/"]}]},{"@type":"ImageObject","inLanguage":"ca","@id":"https:\/\/www.mylasertabac.com\/ca\/una-simple-accio-diaria-podria-accelerar-lenvelliment-del-teu-cervell-en-un-any-i-mig-descobreix-per-que\/#primaryimage","url":"https:\/\/www.mylasertabac.com\/wp-content\/uploads\/2025\/09\/ChatGPT-Image-8-sept.-2025-a-09_27_52.png","contentUrl":"https:\/\/www.mylasertabac.com\/wp-content\/uploads\/2025\/09\/ChatGPT-Image-8-sept.-2025-a-09_27_52.png","width":1536,"height":1024},{"@type":"BreadcrumbList","@id":"https:\/\/www.mylasertabac.com\/ca\/una-simple-accio-diaria-podria-accelerar-lenvelliment-del-teu-cervell-en-un-any-i-mig-descobreix-per-que\/#breadcrumb","itemListElement":[{"@type":"ListItem","position":1,"name":"Accueil","item":"https:\/\/www.mylasertabac.com\/ca\/benvingut\/"},{"@type":"ListItem","position":2,"name":"Una simple acci\u00f3 di\u00e0ria podria accelerar l&rsquo;envelliment del teu cervell en un any i mig. Descobreix per qu\u00e8."}]},{"@type":"WebSite","@id":"https:\/\/www.mylasertabac.com\/ca\/#website","url":"https:\/\/www.mylasertabac.com\/ca\/","name":"My Laser Tabac","description":"La solution laser qui transforme les fumeurs en ex-fumeurs","publisher":{"@id":"https:\/\/www.mylasertabac.com\/ca\/#organization"},"potentialAction":[{"@type":"SearchAction","target":{"@type":"EntryPoint","urlTemplate":"https:\/\/www.mylasertabac.com\/ca\/?s={search_term_string}"},"query-input":{"@type":"PropertyValueSpecification","valueRequired":true,"valueName":"search_term_string"}}],"inLanguage":"ca"},{"@type":"Organization","@id":"https:\/\/www.mylasertabac.com\/ca\/#organization","name":"My Laser Tabac","url":"https:\/\/www.mylasertabac.com\/ca\/","logo":{"@type":"ImageObject","inLanguage":"ca","@id":"https:\/\/www.mylasertabac.com\/ca\/#\/schema\/logo\/image\/","url":"https:\/\/www.mylasertabac.com\/wp-content\/uploads\/2024\/12\/mlt-verteau.svg","contentUrl":"https:\/\/www.mylasertabac.com\/wp-content\/uploads\/2024\/12\/mlt-verteau.svg","caption":"My Laser Tabac"},"image":{"@id":"https:\/\/www.mylasertabac.com\/ca\/#\/schema\/logo\/image\/"}},{"@type":"Person","@id":"https:\/\/www.mylasertabac.com\/ca\/#\/schema\/person\/02c249cb76d912efb6c315ec23eccdf3","name":"Florian Fortes","image":{"@type":"ImageObject","inLanguage":"ca","@id":"https:\/\/www.mylasertabac.com\/wp-content\/litespeed\/avatar\/142101a71d7b9e6490c1120d9c109a67.jpg?ver=1776856306","url":"https:\/\/www.mylasertabac.com\/wp-content\/litespeed\/avatar\/142101a71d7b9e6490c1120d9c109a67.jpg?ver=1776856306","contentUrl":"https:\/\/www.mylasertabac.com\/wp-content\/litespeed\/avatar\/142101a71d7b9e6490c1120d9c109a67.jpg?ver=1776856306","caption":"Florian Fortes"},"sameAs":["https:\/\/www.mylasertabac.com","https:\/\/www.facebook.com\/profile.php?id=61571554707319"],"url":"https:\/\/www.mylasertabac.com\/ca\/author\/florianfortes5312\/"}]}},"_links":{"self":[{"href":"https:\/\/www.mylasertabac.com\/ca\/wp-json\/wp\/v2\/posts\/15612","targetHints":{"allow":["GET"]}}],"collection":[{"href":"https:\/\/www.mylasertabac.com\/ca\/wp-json\/wp\/v2\/posts"}],"about":[{"href":"https:\/\/www.mylasertabac.com\/ca\/wp-json\/wp\/v2\/types\/post"}],"author":[{"embeddable":true,"href":"https:\/\/www.mylasertabac.com\/ca\/wp-json\/wp\/v2\/users\/2"}],"replies":[{"embeddable":true,"href":"https:\/\/www.mylasertabac.com\/ca\/wp-json\/wp\/v2\/comments?post=15612"}],"version-history":[{"count":3,"href":"https:\/\/www.mylasertabac.com\/ca\/wp-json\/wp\/v2\/posts\/15612\/revisions"}],"predecessor-version":[{"id":15620,"href":"https:\/\/www.mylasertabac.com\/ca\/wp-json\/wp\/v2\/posts\/15612\/revisions\/15620"}],"wp:featuredmedia":[{"embeddable":true,"href":"https:\/\/www.mylasertabac.com\/ca\/wp-json\/wp\/v2\/media\/15592"}],"wp:attachment":[{"href":"https:\/\/www.mylasertabac.com\/ca\/wp-json\/wp\/v2\/media?parent=15612"}],"wp:term":[{"taxonomy":"category","embeddable":true,"href":"https:\/\/www.mylasertabac.com\/ca\/wp-json\/wp\/v2\/categories?post=15612"},{"taxonomy":"post_tag","embeddable":true,"href":"https:\/\/www.mylasertabac.com\/ca\/wp-json\/wp\/v2\/tags?post=15612"}],"curies":[{"name":"wp","href":"https:\/\/api.w.org\/{rel}","templated":true}]}}