{"id":15728,"date":"2025-09-08T13:16:10","date_gmt":"2025-09-08T11:16:10","guid":{"rendered":"https:\/\/www.mylasertabac.com\/programa-mylasertabac-de-20-dies-dia-1\/"},"modified":"2025-09-09T09:46:31","modified_gmt":"2025-09-09T07:46:31","slug":"programa-mylasertabac-de-20-dies-dia-1","status":"publish","type":"post","link":"https:\/\/www.mylasertabac.com\/ca\/programa-mylasertabac-de-20-dies-dia-1\/","title":{"rendered":"Programa MyLaserTabac de 20 dies: dia 1"},"content":{"rendered":"\n<p>Receptes senzilles per evitar guanyar pes despr\u00e9s de deixar de fumar<\/p>\n\n<p>Has deixat de fumar gr\u00e0cies al nostre m\u00e8tode. Avui som aqu\u00ed per donar-te suport. I com saps, sovint sorgeix la pregunta: guanyar\u00e9 pes ara que la nicotina ja no accelera el meu metabolisme? La nostra resposta rau en tres idees clau per a aquest primer dia: \u00e0pats satisfactoris, hidrataci\u00f3 regular i una rutina per eliminar les ganes de fumar que sigui f\u00e0cil d&#8217;aplicar a qualsevol lloc.   <\/p>\n\n<h2 class=\"wp-block-heading\">Pregunta del dia<\/h2>\n\n<p>Qu\u00e8 hauries de menjar avui, DIA 1, per mantenir-te ple sense guanyar pes i evitar les ganes de menjar entre \u00e0pats?<\/p>\n\n<div style=\"height:20px\" aria-hidden=\"true\" class=\"wp-block-spacer\"><\/div>\n\n<figure class=\"wp-block-image alignleft size-full is-resized\"><img fetchpriority=\"high\" decoding=\"async\" width=\"1024\" height=\"683\" src=\"https:\/\/www.mylasertabac.com\/wp-content\/uploads\/2025\/09\/exercice-de-respiration.jpg\" alt=\"\" class=\"wp-image-15685\" style=\"width:524px;height:auto\" srcset=\"https:\/\/www.mylasertabac.com\/wp-content\/uploads\/2025\/09\/exercice-de-respiration.jpg 1024w, https:\/\/www.mylasertabac.com\/wp-content\/uploads\/2025\/09\/exercice-de-respiration-300x200.jpg 300w, https:\/\/www.mylasertabac.com\/wp-content\/uploads\/2025\/09\/exercice-de-respiration-768x512.jpg 768w\" sizes=\"(max-width: 1024px) 100vw, 1024px\" \/><\/figure>\n\n<h2 class=\"wp-block-heading\">M\u00e8tode anti-desig MyLaserTabac Express<\/h2>\n\n<p>Repetiu-ho tan bon punt sentiu ganes de fumar (abans de cuinar, despr\u00e9s d&#8217;un \u00e0pat, al cotxe, a l&#8217;oficina):<\/p>\n\n<ol class=\"wp-block-list\">\n<li>Beu un got gran d&#8217;aigua.<\/li>\n\n\n\n<li>Respira 4-4: inhala 4 segons, exhala 4 segons, durant 1 minut.<\/li>\n\n\n\n<li>Mou-te durant 90 segons: puja escales, fes 20 esquats o 30 passos r\u00e0pids.<\/li>\n\n\n\n<li>Canvia el gust de la boca: un pal de canyella per mastegar o un xiclet sense sucre.<br\/> En 3 minuts, la necessitat disminuir\u00e0. Repetiu-ho si cal. <\/li>\n<\/ol>\n\n<div style=\"height:22px\" aria-hidden=\"true\" class=\"wp-block-spacer\"><\/div>\n\n<h2 class=\"wp-block-heading\">Llista de la compra del dia 1<\/h2>\n\n<p>Civada integral \u2022 llet semidesnatada o beguda vegetal sense sucre \u2022 formatge cottage 0-3% \u2022 una poma \u2022 canyella \u2022 ous \u2022 quinoa \u2022 pit de pollastre \u2022 pastanagues \u2022 carbass\u00f3 \u2022 tom\u00e0quets cherry \u2022 barreja per a amanides \u2022 llimona \u2022 iogurt natural \u2022 all \u2022 herbes fresques (julivert, cibulet) \u2022 oli d&#8217;oliva \u2022 vinagre de sidra \u2022 sal, pebre, pebre vermell dol\u00e7.<\/p>\n\n<div style=\"height:22px\" aria-hidden=\"true\" class=\"wp-block-spacer\"><\/div>\n\n<figure class=\"wp-block-image alignleft size-full is-resized\"><img decoding=\"async\" width=\"1024\" height=\"1024\" src=\"https:\/\/www.mylasertabac.com\/wp-content\/uploads\/2025\/09\/repas-equilibrer-pour-ne-pas-grossir-lorsquon-arrete-de-fumer.png\" alt=\"\" class=\"wp-image-15693\" style=\"width:527px;height:auto\" srcset=\"https:\/\/www.mylasertabac.com\/wp-content\/uploads\/2025\/09\/repas-equilibrer-pour-ne-pas-grossir-lorsquon-arrete-de-fumer.png 1024w, https:\/\/www.mylasertabac.com\/wp-content\/uploads\/2025\/09\/repas-equilibrer-pour-ne-pas-grossir-lorsquon-arrete-de-fumer-300x300.png 300w, https:\/\/www.mylasertabac.com\/wp-content\/uploads\/2025\/09\/repas-equilibrer-pour-ne-pas-grossir-lorsquon-arrete-de-fumer-150x150.png 150w, https:\/\/www.mylasertabac.com\/wp-content\/uploads\/2025\/09\/repas-equilibrer-pour-ne-pas-grossir-lorsquon-arrete-de-fumer-768x768.png 768w\" sizes=\"(max-width: 1024px) 100vw, 1024px\" \/><\/figure>\n\n<h2 class=\"wp-block-heading\">Esmorzar: bol de past\u00eds de poma i canyella, cel de llimona<\/h2>\n\n<p>Sacietat de llarga durada, sucre controlat, energia estable.<\/p>\n\n<p>Per a 1 persona<br\/> Temps total 10 min (preparaci\u00f3 5 min, coure 2-3 min, reposa 2 min)<\/p>\n\n<p>Ingredients<br\/> \u2022 40 g de flocs de civada \u2022 100 ml de llet o beguda vegetal \u2022 1 ou \u2022 \u00bd poma ratllada \u2022 \u00bd culleradeta de canyella \u2022 1 pessic de sal<br\/> \u2022 120 g de formatge skyr o mat\u00f3 \u2022 ratlladura fina de \u00bd llimona \u2022 1 culleradeta de suc de llimona \u2022 1 culleradeta de mel o xarop d&#8217;atzavara (opcional)   <\/p>\n\n<p>Passos<\/p>\n\n<ol class=\"wp-block-list\">\n<li>En un bol, barregeu la civada, la llet, l&#8217;ou, la poma ratllada, la canyella i la sal.<\/li>\n\n\n\n<li>Escalfeu al microones durant 2 min 30 a 3 min a 800 W. Deixeu reposar 2 min i desemmotlleu.<\/li>\n\n\n\n<li>Barregeu el skyr, la ratlladura de llimona i el suc de llimona. Serviu sobre el past\u00eds. Endolciu-ho lleugerament si ho desitgeu.  <\/li>\n<\/ol>\n\n<p>Consells sobre la sacietat<br\/> Afegiu 10 g de nous picades si teniu un mat\u00ed llarg. Beveu un got gran d&#8217;aigua immediatament despr\u00e9s. <\/p>\n\n<div style=\"height:49px\" aria-hidden=\"true\" class=\"wp-block-spacer\"><\/div>\n\n<figure class=\"wp-block-image alignleft size-large is-resized\"><img decoding=\"async\" width=\"1024\" height=\"683\" src=\"https:\/\/www.mylasertabac.com\/wp-content\/uploads\/2025\/09\/ChatGPT-Image-8-sept.-2025-a-12_03_41-1024x683.png\" alt=\"\" class=\"wp-image-15701\" style=\"width:532px;height:auto\" srcset=\"https:\/\/www.mylasertabac.com\/wp-content\/uploads\/2025\/09\/ChatGPT-Image-8-sept.-2025-a-12_03_41-1024x683.png 1024w, https:\/\/www.mylasertabac.com\/wp-content\/uploads\/2025\/09\/ChatGPT-Image-8-sept.-2025-a-12_03_41-300x200.png 300w, https:\/\/www.mylasertabac.com\/wp-content\/uploads\/2025\/09\/ChatGPT-Image-8-sept.-2025-a-12_03_41-768x512.png 768w, https:\/\/www.mylasertabac.com\/wp-content\/uploads\/2025\/09\/ChatGPT-Image-8-sept.-2025-a-12_03_41.png 1536w\" sizes=\"(max-width: 1024px) 100vw, 1024px\" \/><\/figure>\n\n<h2 class=\"wp-block-heading\">Dinar: quinoa calenta, pollastre a la planxa, verdures rostides<\/h2>\n\n<p>Prote\u00efna magra, fibra, alt volum d&#8217;aliment per poques calories.<\/p>\n\n<p>Per a 1 persona<br\/> Temps total 30 min (preparaci\u00f3 10 min, cocci\u00f3 20 min)<\/p>\n\n<p>Ingredients<br\/> \u2022 60 g de quinoa crua \u2022 120 g de pit de pollastre \u2022 1 pastanaga petita \u2022 \u00bd carbass\u00f3 \u2022 6 tom\u00e0quets cherry \u2022 1 cullerada d&#8217;oli d&#8217;oliva \u2022 1 gra d&#8217;all picat \u2022 \u00bd culleradeta de pebre vermell dol\u00e7 \u2022 sal, pebre \u2022 suc de \u00bd llimona \u2022 unes fulles de julivert \u2022 1 cullerada de iogurt natural per a la salsa   <\/p>\n\n<p><\/p>\n\n<div style=\"height:22px\" aria-hidden=\"true\" class=\"wp-block-spacer\"><\/div>\n\n<p>Passos<\/p>\n\n<ol class=\"wp-block-list\">\n<li>Preescalfeu el forn a 200 \u00b0C. Talleu la pastanaga i el carbass\u00f3 a daus, barregeu-los amb 1\/2 cullerada d&#8217;oli, all, pebre vermell dol\u00e7, sal i pebre. Enforneu-los durant 18-20 minuts.   <\/li>\n\n\n\n<li>Esbandiu la quinoa, coeu-la durant 12 minuts en 2 volums d&#8217;aigua salada i escorreu-la.<\/li>\n\n\n\n<li>Fregiu el pollastre durant 3-4 minuts per cada costat amb \u00bd cullerada d&#8217;oli. Salpebreu-lo i talleu-lo a rodanxes.  <\/li>\n\n\n\n<li>Barregeu la quinoa, les verdures rostides i els tom\u00e0quets cherry. Amaniu-ho amb una salsa r\u00e0pida de iogurt, llimona i julivert. Col\u00b7loqueu-hi el pollastre per sobre.  <\/li>\n<\/ol>\n\n<div style=\"height:22px\" aria-hidden=\"true\" class=\"wp-block-spacer\"><\/div>\n\n<p>Consells sobre la sacietat<br\/> Mastega lentament. Despr\u00e9s del teu \u00e0pat, fes una caminada r\u00e0pida de 90 segons per calmar les ganes de fumar una cigarreta. <\/p>\n\n<div style=\"height:49px\" aria-hidden=\"true\" class=\"wp-block-spacer\"><\/div>\n\n<figure class=\"wp-block-image alignleft size-large is-resized\"><img loading=\"lazy\" decoding=\"async\" width=\"1024\" height=\"683\" src=\"https:\/\/www.mylasertabac.com\/wp-content\/uploads\/2025\/09\/Repas-dietetique-pour-ne-pas-grossir-lorsquon-arrete-de-fumer-1024x683.png\" alt=\"\" class=\"wp-image-15709\" style=\"width:523px;height:auto\" srcset=\"https:\/\/www.mylasertabac.com\/wp-content\/uploads\/2025\/09\/Repas-dietetique-pour-ne-pas-grossir-lorsquon-arrete-de-fumer-1024x683.png 1024w, https:\/\/www.mylasertabac.com\/wp-content\/uploads\/2025\/09\/Repas-dietetique-pour-ne-pas-grossir-lorsquon-arrete-de-fumer-300x200.png 300w, https:\/\/www.mylasertabac.com\/wp-content\/uploads\/2025\/09\/Repas-dietetique-pour-ne-pas-grossir-lorsquon-arrete-de-fumer-768x512.png 768w, https:\/\/www.mylasertabac.com\/wp-content\/uploads\/2025\/09\/Repas-dietetique-pour-ne-pas-grossir-lorsquon-arrete-de-fumer.png 1536w\" sizes=\"(max-width: 1024px) 100vw, 1024px\" \/><\/figure>\n\n<h2 class=\"wp-block-heading\">Sopar: truita verda tendra i amanida cruixent<\/h2>\n\n<p>Lleuger al vespre, ric en prote\u00efnes, f\u00e0cil de digerir.<\/p>\n\n<p>Per a 1 persona<br\/> Temps total 15 min (preparaci\u00f3 5 min, cocci\u00f3 5-7 min)<\/p>\n\n<p>Ingredients<br\/> \u2022 2 ous + 1 clara \u2022 1 grapat de cibulet o julivert picat \u2022 1 carbass\u00f3 petit ratllat \u2022 1 culleradeta d&#8217;oli d&#8217;oliva \u2022 sal, pebre<br\/> Amanida cruixent<br\/> \u2022 barreja per a amanida \u2022 \u00bd pastanaga ratllada \u2022 1 culleradeta d&#8217;oli d&#8217;oliva \u2022 1 culleradeta de vinagre de sidra \u2022 sal, pebre   <\/p>\n\n<div style=\"height:41px\" aria-hidden=\"true\" class=\"wp-block-spacer\"><\/div>\n\n<p>Passos<\/p>\n\n<ol class=\"wp-block-list\">\n<li>Bateu els ous i les clares, afegiu-hi les herbes, el carbass\u00f3, la sal i el pebre.<\/li>\n\n\n\n<li>Escalfeu l&#8217;oli en una paella, aboqueu-hi la barreja, deixeu-ho coure durant 2-3 minuts, remeneu-ho i deixeu-ho coure durant 1-2 minuts m\u00e9s.<\/li>\n\n\n\n<li>Barregeu l&#8217;amanida amb la vinagreta. Serviu la truita amb l&#8217;amanida. <\/li>\n<\/ol>\n\n<p>Consells sobre la sacietat<br\/> Acabeu amb una infusi\u00f3 calenta. Si tornen les ganes de fumar, practiqueu 4-4 respiracions durant 2 minuts. <\/p>\n\n<div style=\"height:22px\" aria-hidden=\"true\" class=\"wp-block-spacer\"><\/div>\n\n<figure class=\"wp-block-table\"><table class=\"has-fixed-layout\"><tbody><tr><td>Llegiu tamb\u00e9: <a href=\"https:\/\/www.mylasertabac.com\/ca\/informacio\/formacio-laser-antitabac-i-addiccio\/\"><mark style=\"background-color:rgba(0, 0, 0, 0)\" class=\"has-inline-color has-luminous-vivid-orange-color\">Si voleu crear el vostre propi negoci, busquem socis per convertir-vos en experts en el camp de la deshabituaci\u00f3 tab\u00e0quica.<\/mark><\/a><\/td><\/tr><\/tbody><\/table><\/figure>\n\n<div style=\"height:27px\" aria-hidden=\"true\" class=\"wp-block-spacer\"><\/div>\n\n<h2 class=\"wp-block-heading\">Aperitius contra les ganes de menjar (opcional)<\/h2>\n\n<p>Una poma o un iogurt natural amb canyella. Hidrataci\u00f3 priorit\u00e0ria: de 6 a 8 gots d&#8217;aigua repartits al llarg del dia. <\/p>\n\n<div style=\"height:22px\" aria-hidden=\"true\" class=\"wp-block-spacer\"><\/div>\n\n<h2 class=\"wp-block-heading\">Per qu\u00e8 funciona aquest dia 1<\/h2>\n\n<p>\u2022 Prote\u00efnes a cada \u00e0pat per estabilitzar el sucre en sang i limitar els desitjos.<br\/>\u2022 Fibra de cereals integrals i verdures per a volum i sacietat.<br\/>\u2022 Greixos de qualitat mesurada (oli d&#8217;oliva, fruits secs opcionals) per a un sabor satisfactori sense exc\u00e9s de calories.<br\/>\u2022 Rituals anti-desig integrats a la vida quotidiana, per tal d&#8217;evitar l&#8217;associaci\u00f3 \u00e0pat-cigarreta.<\/p>\n\n<p><a href=\"https:\/\/www.mylasertabac.com\/ca\/\">MyLaserTabac<\/a> t&#8217;acompanya m\u00e9s enll\u00e0 de la sessi\u00f3: cada dia, un men\u00fa clar i repetible dissenyat per al teu \u00e8xit. Dem\u00e0, dia 2, continuem amb tres receptes noves igual de senzilles i satisfact\u00f2ries, i un altre consell r\u00e0pid per combatre els desitjos. <\/p>\n\n<div style=\"height:16px\" aria-hidden=\"true\" class=\"wp-block-spacer\"><\/div>\n\n<figure class=\"wp-block-table\"><table class=\"has-fixed-layout\"><tbody><tr><td>Segueix la segona recepta DIA 2: <a href=\"https:\/\/www.mylasertabac.com\/ca\/programa-mylasertabac-de-20-dies-dia-2\/\"><mark style=\"background-color:rgba(0, 0, 0, 0)\" class=\"has-inline-color has-luminous-vivid-orange-color\">https:\/\/www.mylasertabac.com\/programme-20-jours-mylasertabac-jour-2\/<\/mark><\/a><\/td><\/tr><\/tbody><\/table><\/figure>\n\n<div style=\"height:50px\" aria-hidden=\"true\" class=\"wp-block-spacer\"><\/div>\n\n<figure class=\"wp-block-image size-large\"><img decoding=\"async\" src=\"https:\/\/www.mylasertabac.com\/wp-content\/uploads\/\/mlt-verteau.svg\" alt=\"\" class=\"wp-image-13\"\/><\/figure>\n","protected":false},"excerpt":{"rendered":"<p>Receptes senzilles per evitar guanyar pes despr\u00e9s de deixar de fumar Has deixat de fumar gr\u00e0cies al nostre m\u00e8tode. Avui som aqu\u00ed per donar-te suport. I com saps, sovint sorgeix la pregunta: guanyar\u00e9 pes ara que la nicotina ja no accelera el meu metabolisme? La nostra resposta rau en tres idees clau per a aquest [&hellip;]<\/p>\n","protected":false},"author":2,"featured_media":15718,"comment_status":"closed","ping_status":"open","sticky":false,"template":"","format":"standard","meta":{"inline_featured_image":false,"footnotes":""},"categories":[159],"tags":[],"class_list":["post-15728","post","type-post","status-publish","format-standard","has-post-thumbnail","hentry","category-salut"],"yoast_head":"<!-- This site is optimized with the Yoast SEO plugin v27.4 - https:\/\/yoast.com\/product\/yoast-seo-wordpress\/ -->\n<title>Programa MyLaserTabac de 20 dies: dia 1 - My Laser Tabac<\/title>\n<meta name=\"description\" content=\"Descobreix un men\u00fa equilibrat per al primer dia per evitar guanyar pes despr\u00e9s de deixar de fumar gr\u00e0cies al suport de MyLaserTabac.\" \/>\n<meta name=\"robots\" content=\"index, follow, max-snippet:-1, max-image-preview:large, max-video-preview:-1\" \/>\n<link rel=\"canonical\" href=\"https:\/\/www.mylasertabac.com\/ca\/programa-mylasertabac-de-20-dies-dia-1\/\" \/>\n<meta property=\"og:locale\" content=\"ca_ES\" \/>\n<meta property=\"og:type\" content=\"article\" \/>\n<meta property=\"og:title\" content=\"Programa MyLaserTabac de 20 dies: dia 1 - My Laser Tabac\" \/>\n<meta property=\"og:description\" content=\"Descobreix un men\u00fa equilibrat per al primer dia per evitar guanyar pes despr\u00e9s de deixar de fumar gr\u00e0cies al suport de MyLaserTabac.\" \/>\n<meta property=\"og:url\" content=\"https:\/\/www.mylasertabac.com\/ca\/programa-mylasertabac-de-20-dies-dia-1\/\" \/>\n<meta property=\"og:site_name\" content=\"My Laser Tabac\" \/>\n<meta property=\"article:author\" content=\"https:\/\/www.facebook.com\/profile.php?id=61571554707319\" \/>\n<meta property=\"article:published_time\" content=\"2025-09-08T11:16:10+00:00\" \/>\n<meta property=\"article:modified_time\" content=\"2025-09-09T07:46:31+00:00\" \/>\n<meta property=\"og:image\" content=\"https:\/\/www.mylasertabac.com\/wp-content\/uploads\/2025\/09\/ChatGPT-Image-8-sept.-2025-a-12_15_11-1024x683.png\" \/>\n\t<meta property=\"og:image:width\" content=\"1024\" \/>\n\t<meta property=\"og:image:height\" content=\"683\" \/>\n\t<meta property=\"og:image:type\" content=\"image\/png\" \/>\n<meta name=\"author\" content=\"Florian Fortes\" \/>\n<meta name=\"twitter:card\" content=\"summary_large_image\" \/>\n<meta name=\"twitter:label1\" content=\"Escrit per\" \/>\n\t<meta name=\"twitter:data1\" content=\"Florian Fortes\" \/>\n\t<meta name=\"twitter:label2\" content=\"Temps estimat de lectura\" \/>\n\t<meta name=\"twitter:data2\" content=\"4 minuts\" \/>\n<script type=\"application\/ld+json\" class=\"yoast-schema-graph\">{\"@context\":\"https:\\\/\\\/schema.org\",\"@graph\":[{\"@type\":\"Article\",\"@id\":\"https:\\\/\\\/www.mylasertabac.com\\\/ca\\\/programa-mylasertabac-de-20-dies-dia-1\\\/#article\",\"isPartOf\":{\"@id\":\"https:\\\/\\\/www.mylasertabac.com\\\/ca\\\/programa-mylasertabac-de-20-dies-dia-1\\\/\"},\"author\":{\"name\":\"Florian Fortes\",\"@id\":\"https:\\\/\\\/www.mylasertabac.com\\\/ca\\\/#\\\/schema\\\/person\\\/02c249cb76d912efb6c315ec23eccdf3\"},\"headline\":\"Programa MyLaserTabac de 20 dies: dia 1\",\"datePublished\":\"2025-09-08T11:16:10+00:00\",\"dateModified\":\"2025-09-09T07:46:31+00:00\",\"mainEntityOfPage\":{\"@id\":\"https:\\\/\\\/www.mylasertabac.com\\\/ca\\\/programa-mylasertabac-de-20-dies-dia-1\\\/\"},\"wordCount\":898,\"publisher\":{\"@id\":\"https:\\\/\\\/www.mylasertabac.com\\\/ca\\\/#organization\"},\"image\":{\"@id\":\"https:\\\/\\\/www.mylasertabac.com\\\/ca\\\/programa-mylasertabac-de-20-dies-dia-1\\\/#primaryimage\"},\"thumbnailUrl\":\"https:\\\/\\\/www.mylasertabac.com\\\/wp-content\\\/uploads\\\/2025\\\/09\\\/ChatGPT-Image-8-sept.-2025-a-12_15_11.png\",\"articleSection\":[\"Salut\"],\"inLanguage\":\"ca\"},{\"@type\":\"WebPage\",\"@id\":\"https:\\\/\\\/www.mylasertabac.com\\\/ca\\\/programa-mylasertabac-de-20-dies-dia-1\\\/\",\"url\":\"https:\\\/\\\/www.mylasertabac.com\\\/ca\\\/programa-mylasertabac-de-20-dies-dia-1\\\/\",\"name\":\"Programa MyLaserTabac de 20 dies: dia 1 - My Laser Tabac\",\"isPartOf\":{\"@id\":\"https:\\\/\\\/www.mylasertabac.com\\\/ca\\\/#website\"},\"primaryImageOfPage\":{\"@id\":\"https:\\\/\\\/www.mylasertabac.com\\\/ca\\\/programa-mylasertabac-de-20-dies-dia-1\\\/#primaryimage\"},\"image\":{\"@id\":\"https:\\\/\\\/www.mylasertabac.com\\\/ca\\\/programa-mylasertabac-de-20-dies-dia-1\\\/#primaryimage\"},\"thumbnailUrl\":\"https:\\\/\\\/www.mylasertabac.com\\\/wp-content\\\/uploads\\\/2025\\\/09\\\/ChatGPT-Image-8-sept.-2025-a-12_15_11.png\",\"datePublished\":\"2025-09-08T11:16:10+00:00\",\"dateModified\":\"2025-09-09T07:46:31+00:00\",\"description\":\"Descobreix un men\u00fa equilibrat per al primer dia per evitar guanyar pes despr\u00e9s de deixar de fumar gr\u00e0cies al suport de MyLaserTabac.\",\"breadcrumb\":{\"@id\":\"https:\\\/\\\/www.mylasertabac.com\\\/ca\\\/programa-mylasertabac-de-20-dies-dia-1\\\/#breadcrumb\"},\"inLanguage\":\"ca\",\"potentialAction\":[{\"@type\":\"ReadAction\",\"target\":[\"https:\\\/\\\/www.mylasertabac.com\\\/ca\\\/programa-mylasertabac-de-20-dies-dia-1\\\/\"]}]},{\"@type\":\"ImageObject\",\"inLanguage\":\"ca\",\"@id\":\"https:\\\/\\\/www.mylasertabac.com\\\/ca\\\/programa-mylasertabac-de-20-dies-dia-1\\\/#primaryimage\",\"url\":\"https:\\\/\\\/www.mylasertabac.com\\\/wp-content\\\/uploads\\\/2025\\\/09\\\/ChatGPT-Image-8-sept.-2025-a-12_15_11.png\",\"contentUrl\":\"https:\\\/\\\/www.mylasertabac.com\\\/wp-content\\\/uploads\\\/2025\\\/09\\\/ChatGPT-Image-8-sept.-2025-a-12_15_11.png\",\"width\":1536,\"height\":1024},{\"@type\":\"BreadcrumbList\",\"@id\":\"https:\\\/\\\/www.mylasertabac.com\\\/ca\\\/programa-mylasertabac-de-20-dies-dia-1\\\/#breadcrumb\",\"itemListElement\":[{\"@type\":\"ListItem\",\"position\":1,\"name\":\"Accueil\",\"item\":\"https:\\\/\\\/www.mylasertabac.com\\\/ca\\\/benvingut\\\/\"},{\"@type\":\"ListItem\",\"position\":2,\"name\":\"Programa MyLaserTabac de 20 dies: dia 1\"}]},{\"@type\":\"WebSite\",\"@id\":\"https:\\\/\\\/www.mylasertabac.com\\\/ca\\\/#website\",\"url\":\"https:\\\/\\\/www.mylasertabac.com\\\/ca\\\/\",\"name\":\"My Laser Tabac\",\"description\":\"La solution laser qui transforme les fumeurs en ex-fumeurs\",\"publisher\":{\"@id\":\"https:\\\/\\\/www.mylasertabac.com\\\/ca\\\/#organization\"},\"potentialAction\":[{\"@type\":\"SearchAction\",\"target\":{\"@type\":\"EntryPoint\",\"urlTemplate\":\"https:\\\/\\\/www.mylasertabac.com\\\/ca\\\/?s={search_term_string}\"},\"query-input\":{\"@type\":\"PropertyValueSpecification\",\"valueRequired\":true,\"valueName\":\"search_term_string\"}}],\"inLanguage\":\"ca\"},{\"@type\":\"Organization\",\"@id\":\"https:\\\/\\\/www.mylasertabac.com\\\/ca\\\/#organization\",\"name\":\"My Laser Tabac\",\"url\":\"https:\\\/\\\/www.mylasertabac.com\\\/ca\\\/\",\"logo\":{\"@type\":\"ImageObject\",\"inLanguage\":\"ca\",\"@id\":\"https:\\\/\\\/www.mylasertabac.com\\\/ca\\\/#\\\/schema\\\/logo\\\/image\\\/\",\"url\":\"https:\\\/\\\/www.mylasertabac.com\\\/wp-content\\\/uploads\\\/2024\\\/12\\\/mlt-verteau.svg\",\"contentUrl\":\"https:\\\/\\\/www.mylasertabac.com\\\/wp-content\\\/uploads\\\/2024\\\/12\\\/mlt-verteau.svg\",\"caption\":\"My Laser Tabac\"},\"image\":{\"@id\":\"https:\\\/\\\/www.mylasertabac.com\\\/ca\\\/#\\\/schema\\\/logo\\\/image\\\/\"}},{\"@type\":\"Person\",\"@id\":\"https:\\\/\\\/www.mylasertabac.com\\\/ca\\\/#\\\/schema\\\/person\\\/02c249cb76d912efb6c315ec23eccdf3\",\"name\":\"Florian Fortes\",\"image\":{\"@type\":\"ImageObject\",\"inLanguage\":\"ca\",\"@id\":\"https:\\\/\\\/www.mylasertabac.com\\\/wp-content\\\/litespeed\\\/avatar\\\/142101a71d7b9e6490c1120d9c109a67.jpg?ver=1776856306\",\"url\":\"https:\\\/\\\/www.mylasertabac.com\\\/wp-content\\\/litespeed\\\/avatar\\\/142101a71d7b9e6490c1120d9c109a67.jpg?ver=1776856306\",\"contentUrl\":\"https:\\\/\\\/www.mylasertabac.com\\\/wp-content\\\/litespeed\\\/avatar\\\/142101a71d7b9e6490c1120d9c109a67.jpg?ver=1776856306\",\"caption\":\"Florian Fortes\"},\"sameAs\":[\"https:\\\/\\\/www.mylasertabac.com\",\"https:\\\/\\\/www.facebook.com\\\/profile.php?id=61571554707319\"],\"url\":\"https:\\\/\\\/www.mylasertabac.com\\\/ca\\\/author\\\/florianfortes5312\\\/\"}]}<\/script>\n<!-- \/ Yoast SEO plugin. -->","yoast_head_json":{"title":"Programa MyLaserTabac de 20 dies: dia 1 - My Laser Tabac","description":"Descobreix un men\u00fa equilibrat per al primer dia per evitar guanyar pes despr\u00e9s de deixar de fumar gr\u00e0cies al suport de MyLaserTabac.","robots":{"index":"index","follow":"follow","max-snippet":"max-snippet:-1","max-image-preview":"max-image-preview:large","max-video-preview":"max-video-preview:-1"},"canonical":"https:\/\/www.mylasertabac.com\/ca\/programa-mylasertabac-de-20-dies-dia-1\/","og_locale":"ca_ES","og_type":"article","og_title":"Programa MyLaserTabac de 20 dies: dia 1 - My Laser Tabac","og_description":"Descobreix un men\u00fa equilibrat per al primer dia per evitar guanyar pes despr\u00e9s de deixar de fumar gr\u00e0cies al suport de MyLaserTabac.","og_url":"https:\/\/www.mylasertabac.com\/ca\/programa-mylasertabac-de-20-dies-dia-1\/","og_site_name":"My Laser Tabac","article_author":"https:\/\/www.facebook.com\/profile.php?id=61571554707319","article_published_time":"2025-09-08T11:16:10+00:00","article_modified_time":"2025-09-09T07:46:31+00:00","og_image":[{"width":1024,"height":683,"url":"https:\/\/www.mylasertabac.com\/wp-content\/uploads\/2025\/09\/ChatGPT-Image-8-sept.-2025-a-12_15_11-1024x683.png","type":"image\/png"}],"author":"Florian Fortes","twitter_card":"summary_large_image","twitter_misc":{"Escrit per":"Florian Fortes","Temps estimat de lectura":"4 minuts"},"schema":{"@context":"https:\/\/schema.org","@graph":[{"@type":"Article","@id":"https:\/\/www.mylasertabac.com\/ca\/programa-mylasertabac-de-20-dies-dia-1\/#article","isPartOf":{"@id":"https:\/\/www.mylasertabac.com\/ca\/programa-mylasertabac-de-20-dies-dia-1\/"},"author":{"name":"Florian Fortes","@id":"https:\/\/www.mylasertabac.com\/ca\/#\/schema\/person\/02c249cb76d912efb6c315ec23eccdf3"},"headline":"Programa MyLaserTabac de 20 dies: dia 1","datePublished":"2025-09-08T11:16:10+00:00","dateModified":"2025-09-09T07:46:31+00:00","mainEntityOfPage":{"@id":"https:\/\/www.mylasertabac.com\/ca\/programa-mylasertabac-de-20-dies-dia-1\/"},"wordCount":898,"publisher":{"@id":"https:\/\/www.mylasertabac.com\/ca\/#organization"},"image":{"@id":"https:\/\/www.mylasertabac.com\/ca\/programa-mylasertabac-de-20-dies-dia-1\/#primaryimage"},"thumbnailUrl":"https:\/\/www.mylasertabac.com\/wp-content\/uploads\/2025\/09\/ChatGPT-Image-8-sept.-2025-a-12_15_11.png","articleSection":["Salut"],"inLanguage":"ca"},{"@type":"WebPage","@id":"https:\/\/www.mylasertabac.com\/ca\/programa-mylasertabac-de-20-dies-dia-1\/","url":"https:\/\/www.mylasertabac.com\/ca\/programa-mylasertabac-de-20-dies-dia-1\/","name":"Programa MyLaserTabac de 20 dies: dia 1 - My Laser Tabac","isPartOf":{"@id":"https:\/\/www.mylasertabac.com\/ca\/#website"},"primaryImageOfPage":{"@id":"https:\/\/www.mylasertabac.com\/ca\/programa-mylasertabac-de-20-dies-dia-1\/#primaryimage"},"image":{"@id":"https:\/\/www.mylasertabac.com\/ca\/programa-mylasertabac-de-20-dies-dia-1\/#primaryimage"},"thumbnailUrl":"https:\/\/www.mylasertabac.com\/wp-content\/uploads\/2025\/09\/ChatGPT-Image-8-sept.-2025-a-12_15_11.png","datePublished":"2025-09-08T11:16:10+00:00","dateModified":"2025-09-09T07:46:31+00:00","description":"Descobreix un men\u00fa equilibrat per al primer dia per evitar guanyar pes despr\u00e9s de deixar de fumar gr\u00e0cies al suport de MyLaserTabac.","breadcrumb":{"@id":"https:\/\/www.mylasertabac.com\/ca\/programa-mylasertabac-de-20-dies-dia-1\/#breadcrumb"},"inLanguage":"ca","potentialAction":[{"@type":"ReadAction","target":["https:\/\/www.mylasertabac.com\/ca\/programa-mylasertabac-de-20-dies-dia-1\/"]}]},{"@type":"ImageObject","inLanguage":"ca","@id":"https:\/\/www.mylasertabac.com\/ca\/programa-mylasertabac-de-20-dies-dia-1\/#primaryimage","url":"https:\/\/www.mylasertabac.com\/wp-content\/uploads\/2025\/09\/ChatGPT-Image-8-sept.-2025-a-12_15_11.png","contentUrl":"https:\/\/www.mylasertabac.com\/wp-content\/uploads\/2025\/09\/ChatGPT-Image-8-sept.-2025-a-12_15_11.png","width":1536,"height":1024},{"@type":"BreadcrumbList","@id":"https:\/\/www.mylasertabac.com\/ca\/programa-mylasertabac-de-20-dies-dia-1\/#breadcrumb","itemListElement":[{"@type":"ListItem","position":1,"name":"Accueil","item":"https:\/\/www.mylasertabac.com\/ca\/benvingut\/"},{"@type":"ListItem","position":2,"name":"Programa MyLaserTabac de 20 dies: dia 1"}]},{"@type":"WebSite","@id":"https:\/\/www.mylasertabac.com\/ca\/#website","url":"https:\/\/www.mylasertabac.com\/ca\/","name":"My Laser Tabac","description":"La solution laser qui transforme les fumeurs en ex-fumeurs","publisher":{"@id":"https:\/\/www.mylasertabac.com\/ca\/#organization"},"potentialAction":[{"@type":"SearchAction","target":{"@type":"EntryPoint","urlTemplate":"https:\/\/www.mylasertabac.com\/ca\/?s={search_term_string}"},"query-input":{"@type":"PropertyValueSpecification","valueRequired":true,"valueName":"search_term_string"}}],"inLanguage":"ca"},{"@type":"Organization","@id":"https:\/\/www.mylasertabac.com\/ca\/#organization","name":"My Laser Tabac","url":"https:\/\/www.mylasertabac.com\/ca\/","logo":{"@type":"ImageObject","inLanguage":"ca","@id":"https:\/\/www.mylasertabac.com\/ca\/#\/schema\/logo\/image\/","url":"https:\/\/www.mylasertabac.com\/wp-content\/uploads\/2024\/12\/mlt-verteau.svg","contentUrl":"https:\/\/www.mylasertabac.com\/wp-content\/uploads\/2024\/12\/mlt-verteau.svg","caption":"My Laser Tabac"},"image":{"@id":"https:\/\/www.mylasertabac.com\/ca\/#\/schema\/logo\/image\/"}},{"@type":"Person","@id":"https:\/\/www.mylasertabac.com\/ca\/#\/schema\/person\/02c249cb76d912efb6c315ec23eccdf3","name":"Florian Fortes","image":{"@type":"ImageObject","inLanguage":"ca","@id":"https:\/\/www.mylasertabac.com\/wp-content\/litespeed\/avatar\/142101a71d7b9e6490c1120d9c109a67.jpg?ver=1776856306","url":"https:\/\/www.mylasertabac.com\/wp-content\/litespeed\/avatar\/142101a71d7b9e6490c1120d9c109a67.jpg?ver=1776856306","contentUrl":"https:\/\/www.mylasertabac.com\/wp-content\/litespeed\/avatar\/142101a71d7b9e6490c1120d9c109a67.jpg?ver=1776856306","caption":"Florian Fortes"},"sameAs":["https:\/\/www.mylasertabac.com","https:\/\/www.facebook.com\/profile.php?id=61571554707319"],"url":"https:\/\/www.mylasertabac.com\/ca\/author\/florianfortes5312\/"}]}},"_links":{"self":[{"href":"https:\/\/www.mylasertabac.com\/ca\/wp-json\/wp\/v2\/posts\/15728","targetHints":{"allow":["GET"]}}],"collection":[{"href":"https:\/\/www.mylasertabac.com\/ca\/wp-json\/wp\/v2\/posts"}],"about":[{"href":"https:\/\/www.mylasertabac.com\/ca\/wp-json\/wp\/v2\/types\/post"}],"author":[{"embeddable":true,"href":"https:\/\/www.mylasertabac.com\/ca\/wp-json\/wp\/v2\/users\/2"}],"replies":[{"embeddable":true,"href":"https:\/\/www.mylasertabac.com\/ca\/wp-json\/wp\/v2\/comments?post=15728"}],"version-history":[{"count":7,"href":"https:\/\/www.mylasertabac.com\/ca\/wp-json\/wp\/v2\/posts\/15728\/revisions"}],"predecessor-version":[{"id":16032,"href":"https:\/\/www.mylasertabac.com\/ca\/wp-json\/wp\/v2\/posts\/15728\/revisions\/16032"}],"wp:featuredmedia":[{"embeddable":true,"href":"https:\/\/www.mylasertabac.com\/ca\/wp-json\/wp\/v2\/media\/15718"}],"wp:attachment":[{"href":"https:\/\/www.mylasertabac.com\/ca\/wp-json\/wp\/v2\/media?parent=15728"}],"wp:term":[{"taxonomy":"category","embeddable":true,"href":"https:\/\/www.mylasertabac.com\/ca\/wp-json\/wp\/v2\/categories?post=15728"},{"taxonomy":"post_tag","embeddable":true,"href":"https:\/\/www.mylasertabac.com\/ca\/wp-json\/wp\/v2\/tags?post=15728"}],"curies":[{"name":"wp","href":"https:\/\/api.w.org\/{rel}","templated":true}]}}