{"id":16207,"date":"2025-09-10T17:27:19","date_gmt":"2025-09-10T15:27:19","guid":{"rendered":"https:\/\/www.mylasertabac.com\/els-efectes-transgeneracionals-del-tabaquisme-passiu-un-llegat-silencios-que-cal-trencar\/"},"modified":"2025-09-10T18:03:43","modified_gmt":"2025-09-10T16:03:43","slug":"els-efectes-transgeneracionals-del-tabaquisme-passiu-un-llegat-silencios-que-cal-trencar","status":"publish","type":"post","link":"https:\/\/www.mylasertabac.com\/ca\/els-efectes-transgeneracionals-del-tabaquisme-passiu-un-llegat-silencios-que-cal-trencar\/","title":{"rendered":"UN NOU ESTUDI PREVEU QUE EL CONSUM DE TABAC PODRIA AFECTAR LA SALUT PULMONAR DELS TEUS NETS"},"content":{"rendered":"\n<p><\/p>\n\n<p>Fumar no nom\u00e9s afecta la salut dels fumadors. Nombrosos estudis cient\u00edfics demostren que el fum de la cigarreta, fins i tot quan es consumeix passivament, pot deixar marques duradores. Pitjor encara, estudis recents revelen que aquests efectes es podrien transmetre a les generacions futures, afectant la salut pulmonar dels fills&#8230; i fins i tot dels n\u00e9ts.  <\/p>\n\n<div style=\"height:20px\" aria-hidden=\"true\" class=\"wp-block-spacer\"><\/div>\n\n<h2 class=\"wp-block-heading\">Estudi australi\u00e0: Quan l&#8217;exposici\u00f3 passiva afecta les generacions futures<\/h2>\n\n<p>Un estudi recent publicat a la revista <em>Thorax<\/em> , dut a terme a Austr\u00e0lia, va trobar que els homes que van ser exposats al fum de segona m\u00e0 quan eren petits tenien m\u00e9s probabilitats de tenir fills amb funci\u00f3 pulmonar alterada quan eren adults. Als 53 anys, aquests nens tenien un <strong>FEV1<\/strong> (volum espiratori for\u00e7at en un segon) un 56% inferior que els fills de pares no exposats. <\/p>\n\n<p>Els investigadors assenyalen que possibles canvis gen\u00e8tics, sobretot durant la prepubertat en els nens, podrien explicar aquesta transmissi\u00f3 de la disfunci\u00f3 respirat\u00f2ria a la seva descend\u00e8ncia.<\/p>\n\n<div style=\"height:20px\" aria-hidden=\"true\" class=\"wp-block-spacer\"><\/div>\n\n<h2 class=\"wp-block-heading\">Conseq\u00fc\u00e8ncies ja actives en els nens<\/h2>\n\n<p>L&#8217;exposici\u00f3 al fum de segona m\u00e0 ja afecta els joves a trav\u00e9s d&#8217;infeccions respirat\u00f2ries freq\u00fcents, asma, infeccions d&#8217;o\u00efda i bronquitis. A llarg termini, aquestes afeccions augmenten el risc de patir malalties cardiovasculars i c\u00e0ncer de pulm\u00f3. <\/p>\n\n<p>L&#8217;evid\u00e8ncia tamb\u00e9 mostra que el fum de segona m\u00e0 causa canvis epigen\u00e8tics, inclosa la metilaci\u00f3 de l&#8217;ADN, en els nens, de vegades tan greus com en els fumadors actius. Avui dia, aproximadament <strong>el 40% dels nens de tot el m\u00f3n<\/strong> encara estan exposats a aquesta forma perillosa de fum del tabac. <\/p>\n\n<div style=\"height:20px\" aria-hidden=\"true\" class=\"wp-block-spacer\"><\/div>\n\n<h2 class=\"wp-block-heading\">Trencant la cadena: per qu\u00e8 deixar de fumar \u00e9s essencial<\/h2>\n\n<div style=\"height:20px\" aria-hidden=\"true\" class=\"wp-block-spacer\"><\/div>\n\n<p>Has <a href=\"https:\/\/www.mylasertabac.com\/ca\/\">deixat de fumar<\/a> amb <strong><a href=\"https:\/\/www.mylasertabac.com\/ca\/\">MyLaserTabac<\/a><\/strong> , i aquest \u00e9s el primer pas cap a un futur alliberat. Per\u00f2 en deixar-ho, no nom\u00e9s protegeixes la teva salut: tamb\u00e9 est\u00e0s trencant el cicle transgeneracional d&#8217;addicci\u00f3 i malaltia. <\/p>\n\n<p>Deixar de fumar redueix el risc de mortalitat prematura (milions de morts es poden prevenir cada any) i preserva no nom\u00e9s l&#8217;al\u00e8, sin\u00f3 tamb\u00e9 el patrimoni respiratori dels vostres fills.<\/p>\n\n<div style=\"height:27px\" aria-hidden=\"true\" class=\"wp-block-spacer\"><\/div>\n\n<figure class=\"wp-block-table\"><table class=\"has-fixed-layout\"><tbody><tr><td>Llegiu tamb\u00e9: <a href=\"https:\/\/www.mylasertabac.com\/ca\/informacio\/formacio-laser-antitabac-i-addiccio\/\"><mark style=\"background-color:rgba(0, 0, 0, 0)\" class=\"has-inline-color has-luminous-vivid-orange-color\">Voleu llan\u00e7ar una activitat nova i en auge en l&#8217;\u00e0mbit del tractament de les addiccions? Ens interessa el vostre perfil&#8230;<\/mark><\/a><\/td><\/tr><\/tbody><\/table><\/figure>\n\n<p><\/p>\n\n<div style=\"height:27px\" aria-hidden=\"true\" class=\"wp-block-spacer\"><\/div>\n\n<figure class=\"wp-block-image alignleft size-large is-resized\"><a href=\"https:\/\/www.mylasertabac.com\/ca\/els-nostres-centres\/\"><img fetchpriority=\"high\" decoding=\"async\" width=\"1024\" height=\"668\" src=\"https:\/\/www.mylasertabac.com\/wp-content\/uploads\/2025\/08\/tu-veux-arreter-de-fumer-Clique-ici--1024x668.jpg\" alt=\"\" class=\"wp-image-13752\" style=\"width:536px;height:auto\" srcset=\"https:\/\/www.mylasertabac.com\/wp-content\/uploads\/2025\/08\/tu-veux-arreter-de-fumer-Clique-ici--1024x668.jpg 1024w, https:\/\/www.mylasertabac.com\/wp-content\/uploads\/2025\/08\/tu-veux-arreter-de-fumer-Clique-ici--300x196.jpg 300w, https:\/\/www.mylasertabac.com\/wp-content\/uploads\/2025\/08\/tu-veux-arreter-de-fumer-Clique-ici--768x501.jpg 768w, https:\/\/www.mylasertabac.com\/wp-content\/uploads\/2025\/08\/tu-veux-arreter-de-fumer-Clique-ici-.jpg 1206w\" sizes=\"(max-width: 1024px) 100vw, 1024px\" \/><\/a><\/figure>\n\n<h2 class=\"wp-block-heading\">MyLaserTabac, un m\u00e8tode efica\u00e7 i respectu\u00f3s<\/h2>\n\n<p>El nostre enfocament \u00fanic es basa en <strong><a href=\"https:\/\/www.mylasertabac.com\/ca\/\">la reflexologia auricular<\/a><\/strong> , una estimulaci\u00f3 espec\u00edfica dels punts d&#8217;addicci\u00f3 situats a l&#8217;orella. Funciona suaument i efica\u00e7ment per ajudar-vos a trencar amb: <\/p>\n\n<ul class=\"wp-block-list\">\n<li>tabac,<\/li>\n\n\n\n<li>sucre,<\/li>\n\n\n\n<li>alcohol,<\/li>\n\n\n\n<li>c\u00e0nnabis.<\/li>\n<\/ul>\n\n<p>Operem en molts departaments a Fran\u00e7a i a diversos pa\u00efsos. Us ajudem no nom\u00e9s a deixar de fumar, sin\u00f3 tamb\u00e9 a protegir les generacions futures, perqu\u00e8 la veritable llibertat nom\u00e9s es transmet una vegada. <\/p>\n\n<div style=\"height:35px\" aria-hidden=\"true\" class=\"wp-block-spacer\"><\/div>\n\n<h2 class=\"wp-block-heading\">Conclusi\u00f3: per a tu, els teus fills i el dem\u00e0<\/h2>\n\n<p>L&#8217;estudi australi\u00e0 demostra que l&#8217;impacte del fum de segona m\u00e0 es pot transmetre als fills a trav\u00e9s de danys pulmonars duradors i efectes gen\u00e8tics invisibles. Per acabar amb aquesta amena\u00e7a silenciosa, deixar de fumar completament \u00e9s m\u00e9s que un acte personal: \u00e9s un gest cap a tota la fam\u00edlia. <\/p>\n\n<p>Amb <strong>MyLaserTabac<\/strong> , tries una vida sense tabac, sense addiccions: per a tu, per als teus fills, per al futur. Tens aquest poder. Fes-ne la teva for\u00e7a.  <\/p>\n\n<div style=\"height:53px\" aria-hidden=\"true\" class=\"wp-block-spacer\"><\/div>\n\n<figure class=\"wp-block-image size-large\"><img decoding=\"async\" src=\"https:\/\/www.mylasertabac.com\/wp-content\/uploads\/\/mlt-verteau.svg\" alt=\"\" class=\"wp-image-13\"\/><\/figure>\n","protected":false},"excerpt":{"rendered":"<p>Fumar no nom\u00e9s afecta la salut dels fumadors. Nombrosos estudis cient\u00edfics demostren que el fum de la cigarreta, fins i tot quan es consumeix passivament, pot deixar marques duradores. Pitjor encara, estudis recents revelen que aquests efectes es podrien transmetre a les generacions futures, afectant la salut pulmonar dels fills&#8230; i fins i tot dels [&hellip;]<\/p>\n","protected":false},"author":2,"featured_media":16194,"comment_status":"closed","ping_status":"open","sticky":false,"template":"","format":"standard","meta":{"inline_featured_image":false,"footnotes":""},"categories":[159],"tags":[],"class_list":["post-16207","post","type-post","status-publish","format-standard","has-post-thumbnail","hentry","category-salut"],"yoast_head":"<!-- This site is optimized with the Yoast SEO plugin v27.4 - https:\/\/yoast.com\/product\/yoast-seo-wordpress\/ -->\n<title>UN NOU ESTUDI PREVEU QUE EL CONSUM DE TABAC PODRIA AFECTAR LA SALUT PULMONAR DELS TEUS NETS - My Laser Tabac<\/title>\n<meta name=\"description\" content=\"Descobreix com el fum de segona m\u00e0 pot afectar els teus fills i n\u00e9ts i per qu\u00e8 cal una acci\u00f3 urgent.\" \/>\n<meta name=\"robots\" content=\"index, follow, max-snippet:-1, max-image-preview:large, max-video-preview:-1\" \/>\n<link rel=\"canonical\" href=\"https:\/\/www.mylasertabac.com\/ca\/els-efectes-transgeneracionals-del-tabaquisme-passiu-un-llegat-silencios-que-cal-trencar\/\" \/>\n<meta property=\"og:locale\" content=\"ca_ES\" \/>\n<meta property=\"og:type\" content=\"article\" \/>\n<meta property=\"og:title\" content=\"UN NOU ESTUDI PREVEU QUE EL CONSUM DE TABAC PODRIA AFECTAR LA SALUT PULMONAR DELS TEUS NETS - My Laser Tabac\" \/>\n<meta property=\"og:description\" content=\"Descobreix com el fum de segona m\u00e0 pot afectar els teus fills i n\u00e9ts i per qu\u00e8 cal una acci\u00f3 urgent.\" \/>\n<meta property=\"og:url\" content=\"https:\/\/www.mylasertabac.com\/ca\/els-efectes-transgeneracionals-del-tabaquisme-passiu-un-llegat-silencios-que-cal-trencar\/\" \/>\n<meta property=\"og:site_name\" content=\"My Laser Tabac\" \/>\n<meta property=\"article:author\" content=\"https:\/\/www.facebook.com\/profile.php?id=61571554707319\" \/>\n<meta property=\"article:published_time\" content=\"2025-09-10T15:27:19+00:00\" \/>\n<meta property=\"article:modified_time\" content=\"2025-09-10T16:03:43+00:00\" \/>\n<meta property=\"og:image\" content=\"https:\/\/www.mylasertabac.com\/wp-content\/uploads\/2025\/09\/Les-effets-de-la-cigarette-sur-nos-petit-enfants-1024x683.png\" \/>\n\t<meta property=\"og:image:width\" content=\"1024\" \/>\n\t<meta property=\"og:image:height\" content=\"683\" \/>\n\t<meta property=\"og:image:type\" content=\"image\/png\" \/>\n<meta name=\"author\" content=\"Florian Fortes\" \/>\n<meta name=\"twitter:card\" content=\"summary_large_image\" \/>\n<meta name=\"twitter:label1\" content=\"Escrit per\" \/>\n\t<meta name=\"twitter:data1\" content=\"Florian Fortes\" \/>\n\t<meta name=\"twitter:label2\" content=\"Temps estimat de lectura\" \/>\n\t<meta name=\"twitter:data2\" content=\"3 minuts\" \/>\n<script type=\"application\/ld+json\" class=\"yoast-schema-graph\">{\"@context\":\"https:\\\/\\\/schema.org\",\"@graph\":[{\"@type\":\"Article\",\"@id\":\"https:\\\/\\\/www.mylasertabac.com\\\/ca\\\/els-efectes-transgeneracionals-del-tabaquisme-passiu-un-llegat-silencios-que-cal-trencar\\\/#article\",\"isPartOf\":{\"@id\":\"https:\\\/\\\/www.mylasertabac.com\\\/ca\\\/els-efectes-transgeneracionals-del-tabaquisme-passiu-un-llegat-silencios-que-cal-trencar\\\/\"},\"author\":{\"name\":\"Florian Fortes\",\"@id\":\"https:\\\/\\\/www.mylasertabac.com\\\/ca\\\/#\\\/schema\\\/person\\\/02c249cb76d912efb6c315ec23eccdf3\"},\"headline\":\"UN NOU ESTUDI PREVEU QUE EL CONSUM DE TABAC PODRIA AFECTAR LA SALUT PULMONAR DELS TEUS NETS\",\"datePublished\":\"2025-09-10T15:27:19+00:00\",\"dateModified\":\"2025-09-10T16:03:43+00:00\",\"mainEntityOfPage\":{\"@id\":\"https:\\\/\\\/www.mylasertabac.com\\\/ca\\\/els-efectes-transgeneracionals-del-tabaquisme-passiu-un-llegat-silencios-que-cal-trencar\\\/\"},\"wordCount\":569,\"publisher\":{\"@id\":\"https:\\\/\\\/www.mylasertabac.com\\\/ca\\\/#organization\"},\"image\":{\"@id\":\"https:\\\/\\\/www.mylasertabac.com\\\/ca\\\/els-efectes-transgeneracionals-del-tabaquisme-passiu-un-llegat-silencios-que-cal-trencar\\\/#primaryimage\"},\"thumbnailUrl\":\"https:\\\/\\\/www.mylasertabac.com\\\/wp-content\\\/uploads\\\/2025\\\/09\\\/Les-effets-de-la-cigarette-sur-nos-petit-enfants.png\",\"articleSection\":[\"Salut\"],\"inLanguage\":\"ca\"},{\"@type\":\"WebPage\",\"@id\":\"https:\\\/\\\/www.mylasertabac.com\\\/ca\\\/els-efectes-transgeneracionals-del-tabaquisme-passiu-un-llegat-silencios-que-cal-trencar\\\/\",\"url\":\"https:\\\/\\\/www.mylasertabac.com\\\/ca\\\/els-efectes-transgeneracionals-del-tabaquisme-passiu-un-llegat-silencios-que-cal-trencar\\\/\",\"name\":\"UN NOU ESTUDI PREVEU QUE EL CONSUM DE TABAC PODRIA AFECTAR LA SALUT PULMONAR DELS TEUS NETS - My Laser Tabac\",\"isPartOf\":{\"@id\":\"https:\\\/\\\/www.mylasertabac.com\\\/ca\\\/#website\"},\"primaryImageOfPage\":{\"@id\":\"https:\\\/\\\/www.mylasertabac.com\\\/ca\\\/els-efectes-transgeneracionals-del-tabaquisme-passiu-un-llegat-silencios-que-cal-trencar\\\/#primaryimage\"},\"image\":{\"@id\":\"https:\\\/\\\/www.mylasertabac.com\\\/ca\\\/els-efectes-transgeneracionals-del-tabaquisme-passiu-un-llegat-silencios-que-cal-trencar\\\/#primaryimage\"},\"thumbnailUrl\":\"https:\\\/\\\/www.mylasertabac.com\\\/wp-content\\\/uploads\\\/2025\\\/09\\\/Les-effets-de-la-cigarette-sur-nos-petit-enfants.png\",\"datePublished\":\"2025-09-10T15:27:19+00:00\",\"dateModified\":\"2025-09-10T16:03:43+00:00\",\"description\":\"Descobreix com el fum de segona m\u00e0 pot afectar els teus fills i n\u00e9ts i per qu\u00e8 cal una acci\u00f3 urgent.\",\"breadcrumb\":{\"@id\":\"https:\\\/\\\/www.mylasertabac.com\\\/ca\\\/els-efectes-transgeneracionals-del-tabaquisme-passiu-un-llegat-silencios-que-cal-trencar\\\/#breadcrumb\"},\"inLanguage\":\"ca\",\"potentialAction\":[{\"@type\":\"ReadAction\",\"target\":[\"https:\\\/\\\/www.mylasertabac.com\\\/ca\\\/els-efectes-transgeneracionals-del-tabaquisme-passiu-un-llegat-silencios-que-cal-trencar\\\/\"]}]},{\"@type\":\"ImageObject\",\"inLanguage\":\"ca\",\"@id\":\"https:\\\/\\\/www.mylasertabac.com\\\/ca\\\/els-efectes-transgeneracionals-del-tabaquisme-passiu-un-llegat-silencios-que-cal-trencar\\\/#primaryimage\",\"url\":\"https:\\\/\\\/www.mylasertabac.com\\\/wp-content\\\/uploads\\\/2025\\\/09\\\/Les-effets-de-la-cigarette-sur-nos-petit-enfants.png\",\"contentUrl\":\"https:\\\/\\\/www.mylasertabac.com\\\/wp-content\\\/uploads\\\/2025\\\/09\\\/Les-effets-de-la-cigarette-sur-nos-petit-enfants.png\",\"width\":1536,\"height\":1024},{\"@type\":\"BreadcrumbList\",\"@id\":\"https:\\\/\\\/www.mylasertabac.com\\\/ca\\\/els-efectes-transgeneracionals-del-tabaquisme-passiu-un-llegat-silencios-que-cal-trencar\\\/#breadcrumb\",\"itemListElement\":[{\"@type\":\"ListItem\",\"position\":1,\"name\":\"Accueil\",\"item\":\"https:\\\/\\\/www.mylasertabac.com\\\/ca\\\/benvingut\\\/\"},{\"@type\":\"ListItem\",\"position\":2,\"name\":\"UN NOU ESTUDI PREVEU QUE EL CONSUM DE TABAC PODRIA AFECTAR LA SALUT PULMONAR DELS TEUS NETS\"}]},{\"@type\":\"WebSite\",\"@id\":\"https:\\\/\\\/www.mylasertabac.com\\\/ca\\\/#website\",\"url\":\"https:\\\/\\\/www.mylasertabac.com\\\/ca\\\/\",\"name\":\"My Laser Tabac\",\"description\":\"La solution laser qui transforme les fumeurs en ex-fumeurs\",\"publisher\":{\"@id\":\"https:\\\/\\\/www.mylasertabac.com\\\/ca\\\/#organization\"},\"potentialAction\":[{\"@type\":\"SearchAction\",\"target\":{\"@type\":\"EntryPoint\",\"urlTemplate\":\"https:\\\/\\\/www.mylasertabac.com\\\/ca\\\/?s={search_term_string}\"},\"query-input\":{\"@type\":\"PropertyValueSpecification\",\"valueRequired\":true,\"valueName\":\"search_term_string\"}}],\"inLanguage\":\"ca\"},{\"@type\":\"Organization\",\"@id\":\"https:\\\/\\\/www.mylasertabac.com\\\/ca\\\/#organization\",\"name\":\"My Laser Tabac\",\"url\":\"https:\\\/\\\/www.mylasertabac.com\\\/ca\\\/\",\"logo\":{\"@type\":\"ImageObject\",\"inLanguage\":\"ca\",\"@id\":\"https:\\\/\\\/www.mylasertabac.com\\\/ca\\\/#\\\/schema\\\/logo\\\/image\\\/\",\"url\":\"https:\\\/\\\/www.mylasertabac.com\\\/wp-content\\\/uploads\\\/2024\\\/12\\\/mlt-verteau.svg\",\"contentUrl\":\"https:\\\/\\\/www.mylasertabac.com\\\/wp-content\\\/uploads\\\/2024\\\/12\\\/mlt-verteau.svg\",\"caption\":\"My Laser Tabac\"},\"image\":{\"@id\":\"https:\\\/\\\/www.mylasertabac.com\\\/ca\\\/#\\\/schema\\\/logo\\\/image\\\/\"}},{\"@type\":\"Person\",\"@id\":\"https:\\\/\\\/www.mylasertabac.com\\\/ca\\\/#\\\/schema\\\/person\\\/02c249cb76d912efb6c315ec23eccdf3\",\"name\":\"Florian Fortes\",\"image\":{\"@type\":\"ImageObject\",\"inLanguage\":\"ca\",\"@id\":\"https:\\\/\\\/www.mylasertabac.com\\\/wp-content\\\/litespeed\\\/avatar\\\/142101a71d7b9e6490c1120d9c109a67.jpg?ver=1776856306\",\"url\":\"https:\\\/\\\/www.mylasertabac.com\\\/wp-content\\\/litespeed\\\/avatar\\\/142101a71d7b9e6490c1120d9c109a67.jpg?ver=1776856306\",\"contentUrl\":\"https:\\\/\\\/www.mylasertabac.com\\\/wp-content\\\/litespeed\\\/avatar\\\/142101a71d7b9e6490c1120d9c109a67.jpg?ver=1776856306\",\"caption\":\"Florian Fortes\"},\"sameAs\":[\"https:\\\/\\\/www.mylasertabac.com\",\"https:\\\/\\\/www.facebook.com\\\/profile.php?id=61571554707319\"],\"url\":\"https:\\\/\\\/www.mylasertabac.com\\\/ca\\\/author\\\/florianfortes5312\\\/\"}]}<\/script>\n<!-- \/ Yoast SEO plugin. -->","yoast_head_json":{"title":"UN NOU ESTUDI PREVEU QUE EL CONSUM DE TABAC PODRIA AFECTAR LA SALUT PULMONAR DELS TEUS NETS - My Laser Tabac","description":"Descobreix com el fum de segona m\u00e0 pot afectar els teus fills i n\u00e9ts i per qu\u00e8 cal una acci\u00f3 urgent.","robots":{"index":"index","follow":"follow","max-snippet":"max-snippet:-1","max-image-preview":"max-image-preview:large","max-video-preview":"max-video-preview:-1"},"canonical":"https:\/\/www.mylasertabac.com\/ca\/els-efectes-transgeneracionals-del-tabaquisme-passiu-un-llegat-silencios-que-cal-trencar\/","og_locale":"ca_ES","og_type":"article","og_title":"UN NOU ESTUDI PREVEU QUE EL CONSUM DE TABAC PODRIA AFECTAR LA SALUT PULMONAR DELS TEUS NETS - My Laser Tabac","og_description":"Descobreix com el fum de segona m\u00e0 pot afectar els teus fills i n\u00e9ts i per qu\u00e8 cal una acci\u00f3 urgent.","og_url":"https:\/\/www.mylasertabac.com\/ca\/els-efectes-transgeneracionals-del-tabaquisme-passiu-un-llegat-silencios-que-cal-trencar\/","og_site_name":"My Laser Tabac","article_author":"https:\/\/www.facebook.com\/profile.php?id=61571554707319","article_published_time":"2025-09-10T15:27:19+00:00","article_modified_time":"2025-09-10T16:03:43+00:00","og_image":[{"width":1024,"height":683,"url":"https:\/\/www.mylasertabac.com\/wp-content\/uploads\/2025\/09\/Les-effets-de-la-cigarette-sur-nos-petit-enfants-1024x683.png","type":"image\/png"}],"author":"Florian Fortes","twitter_card":"summary_large_image","twitter_misc":{"Escrit per":"Florian Fortes","Temps estimat de lectura":"3 minuts"},"schema":{"@context":"https:\/\/schema.org","@graph":[{"@type":"Article","@id":"https:\/\/www.mylasertabac.com\/ca\/els-efectes-transgeneracionals-del-tabaquisme-passiu-un-llegat-silencios-que-cal-trencar\/#article","isPartOf":{"@id":"https:\/\/www.mylasertabac.com\/ca\/els-efectes-transgeneracionals-del-tabaquisme-passiu-un-llegat-silencios-que-cal-trencar\/"},"author":{"name":"Florian Fortes","@id":"https:\/\/www.mylasertabac.com\/ca\/#\/schema\/person\/02c249cb76d912efb6c315ec23eccdf3"},"headline":"UN NOU ESTUDI PREVEU QUE EL CONSUM DE TABAC PODRIA AFECTAR LA SALUT PULMONAR DELS TEUS NETS","datePublished":"2025-09-10T15:27:19+00:00","dateModified":"2025-09-10T16:03:43+00:00","mainEntityOfPage":{"@id":"https:\/\/www.mylasertabac.com\/ca\/els-efectes-transgeneracionals-del-tabaquisme-passiu-un-llegat-silencios-que-cal-trencar\/"},"wordCount":569,"publisher":{"@id":"https:\/\/www.mylasertabac.com\/ca\/#organization"},"image":{"@id":"https:\/\/www.mylasertabac.com\/ca\/els-efectes-transgeneracionals-del-tabaquisme-passiu-un-llegat-silencios-que-cal-trencar\/#primaryimage"},"thumbnailUrl":"https:\/\/www.mylasertabac.com\/wp-content\/uploads\/2025\/09\/Les-effets-de-la-cigarette-sur-nos-petit-enfants.png","articleSection":["Salut"],"inLanguage":"ca"},{"@type":"WebPage","@id":"https:\/\/www.mylasertabac.com\/ca\/els-efectes-transgeneracionals-del-tabaquisme-passiu-un-llegat-silencios-que-cal-trencar\/","url":"https:\/\/www.mylasertabac.com\/ca\/els-efectes-transgeneracionals-del-tabaquisme-passiu-un-llegat-silencios-que-cal-trencar\/","name":"UN NOU ESTUDI PREVEU QUE EL CONSUM DE TABAC PODRIA AFECTAR LA SALUT PULMONAR DELS TEUS NETS - My Laser Tabac","isPartOf":{"@id":"https:\/\/www.mylasertabac.com\/ca\/#website"},"primaryImageOfPage":{"@id":"https:\/\/www.mylasertabac.com\/ca\/els-efectes-transgeneracionals-del-tabaquisme-passiu-un-llegat-silencios-que-cal-trencar\/#primaryimage"},"image":{"@id":"https:\/\/www.mylasertabac.com\/ca\/els-efectes-transgeneracionals-del-tabaquisme-passiu-un-llegat-silencios-que-cal-trencar\/#primaryimage"},"thumbnailUrl":"https:\/\/www.mylasertabac.com\/wp-content\/uploads\/2025\/09\/Les-effets-de-la-cigarette-sur-nos-petit-enfants.png","datePublished":"2025-09-10T15:27:19+00:00","dateModified":"2025-09-10T16:03:43+00:00","description":"Descobreix com el fum de segona m\u00e0 pot afectar els teus fills i n\u00e9ts i per qu\u00e8 cal una acci\u00f3 urgent.","breadcrumb":{"@id":"https:\/\/www.mylasertabac.com\/ca\/els-efectes-transgeneracionals-del-tabaquisme-passiu-un-llegat-silencios-que-cal-trencar\/#breadcrumb"},"inLanguage":"ca","potentialAction":[{"@type":"ReadAction","target":["https:\/\/www.mylasertabac.com\/ca\/els-efectes-transgeneracionals-del-tabaquisme-passiu-un-llegat-silencios-que-cal-trencar\/"]}]},{"@type":"ImageObject","inLanguage":"ca","@id":"https:\/\/www.mylasertabac.com\/ca\/els-efectes-transgeneracionals-del-tabaquisme-passiu-un-llegat-silencios-que-cal-trencar\/#primaryimage","url":"https:\/\/www.mylasertabac.com\/wp-content\/uploads\/2025\/09\/Les-effets-de-la-cigarette-sur-nos-petit-enfants.png","contentUrl":"https:\/\/www.mylasertabac.com\/wp-content\/uploads\/2025\/09\/Les-effets-de-la-cigarette-sur-nos-petit-enfants.png","width":1536,"height":1024},{"@type":"BreadcrumbList","@id":"https:\/\/www.mylasertabac.com\/ca\/els-efectes-transgeneracionals-del-tabaquisme-passiu-un-llegat-silencios-que-cal-trencar\/#breadcrumb","itemListElement":[{"@type":"ListItem","position":1,"name":"Accueil","item":"https:\/\/www.mylasertabac.com\/ca\/benvingut\/"},{"@type":"ListItem","position":2,"name":"UN NOU ESTUDI PREVEU QUE EL CONSUM DE TABAC PODRIA AFECTAR LA SALUT PULMONAR DELS TEUS NETS"}]},{"@type":"WebSite","@id":"https:\/\/www.mylasertabac.com\/ca\/#website","url":"https:\/\/www.mylasertabac.com\/ca\/","name":"My Laser Tabac","description":"La solution laser qui transforme les fumeurs en ex-fumeurs","publisher":{"@id":"https:\/\/www.mylasertabac.com\/ca\/#organization"},"potentialAction":[{"@type":"SearchAction","target":{"@type":"EntryPoint","urlTemplate":"https:\/\/www.mylasertabac.com\/ca\/?s={search_term_string}"},"query-input":{"@type":"PropertyValueSpecification","valueRequired":true,"valueName":"search_term_string"}}],"inLanguage":"ca"},{"@type":"Organization","@id":"https:\/\/www.mylasertabac.com\/ca\/#organization","name":"My Laser Tabac","url":"https:\/\/www.mylasertabac.com\/ca\/","logo":{"@type":"ImageObject","inLanguage":"ca","@id":"https:\/\/www.mylasertabac.com\/ca\/#\/schema\/logo\/image\/","url":"https:\/\/www.mylasertabac.com\/wp-content\/uploads\/2024\/12\/mlt-verteau.svg","contentUrl":"https:\/\/www.mylasertabac.com\/wp-content\/uploads\/2024\/12\/mlt-verteau.svg","caption":"My Laser Tabac"},"image":{"@id":"https:\/\/www.mylasertabac.com\/ca\/#\/schema\/logo\/image\/"}},{"@type":"Person","@id":"https:\/\/www.mylasertabac.com\/ca\/#\/schema\/person\/02c249cb76d912efb6c315ec23eccdf3","name":"Florian Fortes","image":{"@type":"ImageObject","inLanguage":"ca","@id":"https:\/\/www.mylasertabac.com\/wp-content\/litespeed\/avatar\/142101a71d7b9e6490c1120d9c109a67.jpg?ver=1776856306","url":"https:\/\/www.mylasertabac.com\/wp-content\/litespeed\/avatar\/142101a71d7b9e6490c1120d9c109a67.jpg?ver=1776856306","contentUrl":"https:\/\/www.mylasertabac.com\/wp-content\/litespeed\/avatar\/142101a71d7b9e6490c1120d9c109a67.jpg?ver=1776856306","caption":"Florian Fortes"},"sameAs":["https:\/\/www.mylasertabac.com","https:\/\/www.facebook.com\/profile.php?id=61571554707319"],"url":"https:\/\/www.mylasertabac.com\/ca\/author\/florianfortes5312\/"}]}},"_links":{"self":[{"href":"https:\/\/www.mylasertabac.com\/ca\/wp-json\/wp\/v2\/posts\/16207","targetHints":{"allow":["GET"]}}],"collection":[{"href":"https:\/\/www.mylasertabac.com\/ca\/wp-json\/wp\/v2\/posts"}],"about":[{"href":"https:\/\/www.mylasertabac.com\/ca\/wp-json\/wp\/v2\/types\/post"}],"author":[{"embeddable":true,"href":"https:\/\/www.mylasertabac.com\/ca\/wp-json\/wp\/v2\/users\/2"}],"replies":[{"embeddable":true,"href":"https:\/\/www.mylasertabac.com\/ca\/wp-json\/wp\/v2\/comments?post=16207"}],"version-history":[{"count":5,"href":"https:\/\/www.mylasertabac.com\/ca\/wp-json\/wp\/v2\/posts\/16207\/revisions"}],"predecessor-version":[{"id":16242,"href":"https:\/\/www.mylasertabac.com\/ca\/wp-json\/wp\/v2\/posts\/16207\/revisions\/16242"}],"wp:featuredmedia":[{"embeddable":true,"href":"https:\/\/www.mylasertabac.com\/ca\/wp-json\/wp\/v2\/media\/16194"}],"wp:attachment":[{"href":"https:\/\/www.mylasertabac.com\/ca\/wp-json\/wp\/v2\/media?parent=16207"}],"wp:term":[{"taxonomy":"category","embeddable":true,"href":"https:\/\/www.mylasertabac.com\/ca\/wp-json\/wp\/v2\/categories?post=16207"},{"taxonomy":"post_tag","embeddable":true,"href":"https:\/\/www.mylasertabac.com\/ca\/wp-json\/wp\/v2\/tags?post=16207"}],"curies":[{"name":"wp","href":"https:\/\/api.w.org\/{rel}","templated":true}]}}