{"id":16256,"date":"2025-09-10T18:19:53","date_gmt":"2025-09-10T16:19:53","guid":{"rendered":"https:\/\/www.mylasertabac.com\/dos-estudiants-de-secundaria-hospitalitzats-despres-de-fumar-pete-ton-crane-alerta-escolar\/"},"modified":"2025-09-10T20:42:35","modified_gmt":"2025-09-10T18:42:35","slug":"dos-estudiants-de-secundaria-hospitalitzats-despres-de-fumar-pete-ton-crane-alerta-escolar","status":"publish","type":"post","link":"https:\/\/www.mylasertabac.com\/ca\/dos-estudiants-de-secundaria-hospitalitzats-despres-de-fumar-pete-ton-crane-alerta-escolar\/","title":{"rendered":"Dos estudiants de secund\u00e0ria hospitalitzats despr\u00e9s de fumar &#8220;P\u00e8te ton cr\u00e2ne&#8221;: alerta escolar"},"content":{"rendered":"\n<p>Un incident esgarrif\u00f3s ha sacsejat els instituts del departament d&#8217;Oise: dos estudiants s&#8217;han desmaiat despr\u00e9s de consumir <strong>PTC<\/strong> , sobrenomenada <em>&#8220;p\u00e8te ton t\u00eate&#8221; (Trenca&#8217;t el cap)<\/em> . Una droga sint\u00e8tica capa\u00e7 de causar efectes immediats tan violents com imprevisibles. El que podria haver estat un incident a\u00efllat s&#8217;ha convertit en un av\u00eds d&#8217;una tend\u00e8ncia perillosa, que requereix una major vigil\u00e0ncia, tant a les aules com entre els mateixos adolescents.  <\/p>\n\n<div style=\"height:23px\" aria-hidden=\"true\" class=\"wp-block-spacer\"><\/div>\n\n<h2 class=\"wp-block-heading\">Qu\u00e8 \u00e9s PTC (o <em>Buddha Blue<\/em> )?<\/h2>\n\n<p><strong>El PTC<\/strong> , o <em>Buddha Blue<\/em> , \u00e9s un <strong>cannabinoide sint\u00e8tic<\/strong> que es ven com a l\u00edquid de vaporitzaci\u00f3 o com a pols per escampar sobre mescles d&#8217;herbes. A difer\u00e8ncia del c\u00e0nnabis natural, no cont\u00e9 THC, sin\u00f3 mol\u00e8cules sint\u00e8tiques que imiten els seus efectes, sovint amb una pot\u00e8ncia alarmant, de vegades equivalent a una concentraci\u00f3 de THC pur del 95% <a href=\"https:\/\/sante.journaldesfemmes.fr\/fiches-sante-du-quotidien\/2580000-buddha-blue-ptc-drogue-effet-composition\/?utm_source=chatgpt.com\" target=\"_blank\" rel=\"noreferrer noopener\">. Journal des Femmes Sant\u00e9<\/a> <a href=\"https:\/\/www.mondedemain.org\/revues\/2025\/mars-avril\/du-ptc-dans-les-ecoles?utm_source=chatgpt.com\" target=\"_blank\" rel=\"noreferrer noopener\">Le Monde de Demain<\/a> . <\/p>\n\n<p>El seu cost, assequible per als joves, l&#8217;aspecte discret del vapeig i la seva accessibilitat (principalment en l\u00ednia o a prop de les escoles) han facilitat la seva difusi\u00f3 en instituts i universitats.<\/p>\n\n<div style=\"height:23px\" aria-hidden=\"true\" class=\"wp-block-spacer\"><\/div>\n\n<figure class=\"wp-block-image alignleft size-large is-resized\"><a href=\"https:\/\/www.mylasertabac.com\/ca\/els-nostres-centres\/\"><img fetchpriority=\"high\" decoding=\"async\" width=\"1024\" height=\"668\" src=\"https:\/\/www.mylasertabac.com\/wp-content\/uploads\/2025\/08\/tu-veux-arreter-de-fumer-Clique-ici--1024x668.jpg\" alt=\"\" class=\"wp-image-13752\" style=\"width:446px;height:auto\" srcset=\"https:\/\/www.mylasertabac.com\/wp-content\/uploads\/2025\/08\/tu-veux-arreter-de-fumer-Clique-ici--1024x668.jpg 1024w, https:\/\/www.mylasertabac.com\/wp-content\/uploads\/2025\/08\/tu-veux-arreter-de-fumer-Clique-ici--300x196.jpg 300w, https:\/\/www.mylasertabac.com\/wp-content\/uploads\/2025\/08\/tu-veux-arreter-de-fumer-Clique-ici--768x501.jpg 768w, https:\/\/www.mylasertabac.com\/wp-content\/uploads\/2025\/08\/tu-veux-arreter-de-fumer-Clique-ici-.jpg 1206w\" sizes=\"(max-width: 1024px) 100vw, 1024px\" \/><\/a><\/figure>\n\n<h2 class=\"wp-block-heading\">Efectes dram\u00e0tics i perillosos<\/h2>\n\n<p>Els usuaris joves relaten experi\u00e8ncies traum\u00e0tiques: al\u00b7lucinacions, p\u00e8rdua de la realitat, convulsions, debilitats i fins i tot p\u00e8rdua de coneixement. Alguns fins i tot descriuen atacs d&#8217;ansietat extrema, pensaments su\u00efcides, problemes card\u00edacs o renals i una addicci\u00f3 d&#8217;inici molt r\u00e0pid. <\/p>\n\n<p>Recentment, un anunci de prevenci\u00f3 em\u00e8s per la Policia Nacional adverteix contra aquestes subst\u00e0ncies particularment perilloses, consumides discretament per adolescents.<\/p>\n\n<div style=\"height:23px\" aria-hidden=\"true\" class=\"wp-block-spacer\"><\/div>\n\n<p><\/p>\n\n<h2 class=\"wp-block-heading\">Testimonis indignats o desorientats<\/h2>\n\n<blockquote class=\"wp-block-quote is-layout-flow wp-block-quote-is-layout-flow\">\n<p>&#8220;En cinc segons, vaig saber que alguna cosa anava malament. Vaig vomitar, vaig tenir convulsions&#8230; No podia respirar ni veure qu\u00e8 passava al meu voltant.&#8221;<br\/> \u2014 Una estudiant de secund\u00e0ria hospitalitzada despr\u00e9s de vapejar PTC al pati de la seva escola. Aquestes experi\u00e8ncies no s\u00f3n gens rares. Molts joves informen d&#8217;un &#8220;mal viatge&#8221; retroactiu, amb dificultat per respirar i ansietat que persisteix durant diversos dies.  <\/p>\n\n\n\n<div style=\"height:28px\" aria-hidden=\"true\" class=\"wp-block-spacer\"><\/div>\n<\/blockquote>\n\n<h2 class=\"wp-block-heading\">Actuar per prevenir: les escoles han d&#8217;intervenir<\/h2>\n\n<p>Cal una acci\u00f3 urgent a les escoles:<\/p>\n\n<ul class=\"wp-block-list\">\n<li>Integrar <strong>cursos de prevenci\u00f3<\/strong> des de l&#8217;escola secund\u00e0ria sobre els perills del vapeig, els cannabinoides sint\u00e8tics i les drogues sint\u00e8tiques en general.<\/li>\n\n\n\n<li>Capacitar professors i pares per <strong>recon\u00e8ixer els signes d&#8217;intoxicaci\u00f3<\/strong> (malestar, confusi\u00f3, comportament estrany).<\/li>\n\n\n\n<li>Implicar els mateixos joves en accions <strong>participatives de sensibilitzaci\u00f3<\/strong> , perqu\u00e8 assumeixin la seva responsabilitat i donin suport als seus companys.<\/li>\n<\/ul>\n\n<div style=\"height:34px\" aria-hidden=\"true\" class=\"wp-block-spacer\"><\/div>\n\n<h2 class=\"wp-block-heading\">Conclusi\u00f3: informar per protegir avui i dem\u00e0<\/h2>\n\n<p>El malestar d&#8217;aquests dos estudiants de secund\u00e0ria despr\u00e9s de fumar <em>P\u00e8te ton cr\u00e2ne<\/em> hauria de ser un detonant: un motiu per obrir un di\u00e0leg, regular amb ferocitat aquests nous usos perillosos i refor\u00e7ar l&#8217;educaci\u00f3 sanit\u00e0ria des de l&#8217;adolesc\u00e8ncia.<\/p>\n\n<p>El cam\u00ed a seguir \u00e9s clar: <strong>la informaci\u00f3 ja no \u00e9s suficient<\/strong> ; cal educar, prevenir i involucrar. I, per descomptat, per a qualsevol persona que vulgui alliberar-se de l&#8217;addicci\u00f3 (tabac, vapeig o altres subst\u00e0ncies), el nostre m\u00e8tode de <strong>reflexologia auricular<\/strong> , desenvolupat per <strong>MyLaserTabac<\/strong> , ofereix una ajuda suau, natural i efica\u00e7. <\/p>\n\n<p>Junts, eduquem, informem i constru\u00efm un cam\u00ed sense fum ni drogues.<\/p>\n\n<div style=\"height:40px\" aria-hidden=\"true\" class=\"wp-block-spacer\"><\/div>\n\n<figure class=\"wp-block-image size-large\"><img decoding=\"async\" src=\"https:\/\/www.mylasertabac.com\/wp-content\/uploads\/\/mlt-verteau.svg\" alt=\"\" class=\"wp-image-13\"\/><\/figure>\n","protected":false},"excerpt":{"rendered":"<p>Un incident esgarrif\u00f3s ha sacsejat els instituts del departament d&#8217;Oise: dos estudiants s&#8217;han desmaiat despr\u00e9s de consumir PTC , sobrenomenada &#8220;p\u00e8te ton t\u00eate&#8221; (Trenca&#8217;t el cap) . Una droga sint\u00e8tica capa\u00e7 de causar efectes immediats tan violents com imprevisibles. El que podria haver estat un incident a\u00efllat s&#8217;ha convertit en un av\u00eds d&#8217;una tend\u00e8ncia perillosa, [&hellip;]<\/p>\n","protected":false},"author":2,"featured_media":16274,"comment_status":"closed","ping_status":"open","sticky":false,"template":"","format":"standard","meta":{"inline_featured_image":false,"footnotes":""},"categories":[681],"tags":[],"class_list":["post-16256","post","type-post","status-publish","format-standard","has-post-thumbnail","hentry","category-noticies"],"yoast_head":"<!-- This site is optimized with the Yoast SEO plugin v27.4 - https:\/\/yoast.com\/product\/yoast-seo-wordpress\/ -->\n<title>Dos estudiants de secund\u00e0ria hospitalitzats despr\u00e9s de fumar &quot;P\u00e8te ton cr\u00e2ne&quot;: alerta escolar - My Laser Tabac<\/title>\n<meta name=\"description\" content=\"Dos estudiants de secund\u00e0ria que van ser v\u00edctimes de l&#039;atac &quot;Blow Your Head&quot; donen l&#039;alarma: perills, incomoditat i la necessitat d&#039;informar els joves a l&#039;escola.\" \/>\n<meta name=\"robots\" content=\"index, follow, max-snippet:-1, max-image-preview:large, max-video-preview:-1\" \/>\n<link rel=\"canonical\" href=\"https:\/\/www.mylasertabac.com\/ca\/dos-estudiants-de-secundaria-hospitalitzats-despres-de-fumar-pete-ton-crane-alerta-escolar\/\" \/>\n<meta property=\"og:locale\" content=\"ca_ES\" \/>\n<meta property=\"og:type\" content=\"article\" \/>\n<meta property=\"og:title\" content=\"Dos estudiants de secund\u00e0ria hospitalitzats despr\u00e9s de fumar &quot;P\u00e8te ton cr\u00e2ne&quot;: alerta escolar - My Laser Tabac\" \/>\n<meta property=\"og:description\" content=\"Dos estudiants de secund\u00e0ria que van ser v\u00edctimes de l&#039;atac &quot;Blow Your Head&quot; donen l&#039;alarma: perills, incomoditat i la necessitat d&#039;informar els joves a l&#039;escola.\" \/>\n<meta property=\"og:url\" content=\"https:\/\/www.mylasertabac.com\/ca\/dos-estudiants-de-secundaria-hospitalitzats-despres-de-fumar-pete-ton-crane-alerta-escolar\/\" \/>\n<meta property=\"og:site_name\" content=\"My Laser Tabac\" \/>\n<meta property=\"article:author\" content=\"https:\/\/www.facebook.com\/profile.php?id=61571554707319\" \/>\n<meta property=\"article:published_time\" content=\"2025-09-10T16:19:53+00:00\" \/>\n<meta property=\"article:modified_time\" content=\"2025-09-10T18:42:35+00:00\" \/>\n<meta property=\"og:image\" content=\"https:\/\/www.mylasertabac.com\/wp-content\/uploads\/2025\/09\/malaise-dans-un-lycee-suite-a-la-consommation-de-la-drogue-pete-ton-crane-1024x683.png\" \/>\n\t<meta property=\"og:image:width\" content=\"1024\" \/>\n\t<meta property=\"og:image:height\" content=\"683\" \/>\n\t<meta property=\"og:image:type\" content=\"image\/png\" \/>\n<meta name=\"author\" content=\"Florian Fortes\" \/>\n<meta name=\"twitter:card\" content=\"summary_large_image\" \/>\n<meta name=\"twitter:label1\" content=\"Escrit per\" \/>\n\t<meta name=\"twitter:data1\" content=\"Florian Fortes\" \/>\n\t<meta name=\"twitter:label2\" content=\"Temps estimat de lectura\" \/>\n\t<meta name=\"twitter:data2\" content=\"3 minuts\" \/>\n<script type=\"application\/ld+json\" class=\"yoast-schema-graph\">{\"@context\":\"https:\\\/\\\/schema.org\",\"@graph\":[{\"@type\":\"Article\",\"@id\":\"https:\\\/\\\/www.mylasertabac.com\\\/ca\\\/dos-estudiants-de-secundaria-hospitalitzats-despres-de-fumar-pete-ton-crane-alerta-escolar\\\/#article\",\"isPartOf\":{\"@id\":\"https:\\\/\\\/www.mylasertabac.com\\\/ca\\\/dos-estudiants-de-secundaria-hospitalitzats-despres-de-fumar-pete-ton-crane-alerta-escolar\\\/\"},\"author\":{\"name\":\"Florian Fortes\",\"@id\":\"https:\\\/\\\/www.mylasertabac.com\\\/ca\\\/#\\\/schema\\\/person\\\/02c249cb76d912efb6c315ec23eccdf3\"},\"headline\":\"Dos estudiants de secund\u00e0ria hospitalitzats despr\u00e9s de fumar &#8220;P\u00e8te ton cr\u00e2ne&#8221;: alerta escolar\",\"datePublished\":\"2025-09-10T16:19:53+00:00\",\"dateModified\":\"2025-09-10T18:42:35+00:00\",\"mainEntityOfPage\":{\"@id\":\"https:\\\/\\\/www.mylasertabac.com\\\/ca\\\/dos-estudiants-de-secundaria-hospitalitzats-despres-de-fumar-pete-ton-crane-alerta-escolar\\\/\"},\"wordCount\":559,\"publisher\":{\"@id\":\"https:\\\/\\\/www.mylasertabac.com\\\/ca\\\/#organization\"},\"image\":{\"@id\":\"https:\\\/\\\/www.mylasertabac.com\\\/ca\\\/dos-estudiants-de-secundaria-hospitalitzats-despres-de-fumar-pete-ton-crane-alerta-escolar\\\/#primaryimage\"},\"thumbnailUrl\":\"https:\\\/\\\/www.mylasertabac.com\\\/wp-content\\\/uploads\\\/2025\\\/09\\\/malaise-dans-un-lycee-suite-a-la-consommation-de-la-drogue-pete-ton-crane.png\",\"articleSection\":[\"not\u00edcies\"],\"inLanguage\":\"ca\"},{\"@type\":\"WebPage\",\"@id\":\"https:\\\/\\\/www.mylasertabac.com\\\/ca\\\/dos-estudiants-de-secundaria-hospitalitzats-despres-de-fumar-pete-ton-crane-alerta-escolar\\\/\",\"url\":\"https:\\\/\\\/www.mylasertabac.com\\\/ca\\\/dos-estudiants-de-secundaria-hospitalitzats-despres-de-fumar-pete-ton-crane-alerta-escolar\\\/\",\"name\":\"Dos estudiants de secund\u00e0ria hospitalitzats despr\u00e9s de fumar \\\"P\u00e8te ton cr\u00e2ne\\\": alerta escolar - My Laser Tabac\",\"isPartOf\":{\"@id\":\"https:\\\/\\\/www.mylasertabac.com\\\/ca\\\/#website\"},\"primaryImageOfPage\":{\"@id\":\"https:\\\/\\\/www.mylasertabac.com\\\/ca\\\/dos-estudiants-de-secundaria-hospitalitzats-despres-de-fumar-pete-ton-crane-alerta-escolar\\\/#primaryimage\"},\"image\":{\"@id\":\"https:\\\/\\\/www.mylasertabac.com\\\/ca\\\/dos-estudiants-de-secundaria-hospitalitzats-despres-de-fumar-pete-ton-crane-alerta-escolar\\\/#primaryimage\"},\"thumbnailUrl\":\"https:\\\/\\\/www.mylasertabac.com\\\/wp-content\\\/uploads\\\/2025\\\/09\\\/malaise-dans-un-lycee-suite-a-la-consommation-de-la-drogue-pete-ton-crane.png\",\"datePublished\":\"2025-09-10T16:19:53+00:00\",\"dateModified\":\"2025-09-10T18:42:35+00:00\",\"description\":\"Dos estudiants de secund\u00e0ria que van ser v\u00edctimes de l'atac \\\"Blow Your Head\\\" donen l'alarma: perills, incomoditat i la necessitat d'informar els joves a l'escola.\",\"breadcrumb\":{\"@id\":\"https:\\\/\\\/www.mylasertabac.com\\\/ca\\\/dos-estudiants-de-secundaria-hospitalitzats-despres-de-fumar-pete-ton-crane-alerta-escolar\\\/#breadcrumb\"},\"inLanguage\":\"ca\",\"potentialAction\":[{\"@type\":\"ReadAction\",\"target\":[\"https:\\\/\\\/www.mylasertabac.com\\\/ca\\\/dos-estudiants-de-secundaria-hospitalitzats-despres-de-fumar-pete-ton-crane-alerta-escolar\\\/\"]}]},{\"@type\":\"ImageObject\",\"inLanguage\":\"ca\",\"@id\":\"https:\\\/\\\/www.mylasertabac.com\\\/ca\\\/dos-estudiants-de-secundaria-hospitalitzats-despres-de-fumar-pete-ton-crane-alerta-escolar\\\/#primaryimage\",\"url\":\"https:\\\/\\\/www.mylasertabac.com\\\/wp-content\\\/uploads\\\/2025\\\/09\\\/malaise-dans-un-lycee-suite-a-la-consommation-de-la-drogue-pete-ton-crane.png\",\"contentUrl\":\"https:\\\/\\\/www.mylasertabac.com\\\/wp-content\\\/uploads\\\/2025\\\/09\\\/malaise-dans-un-lycee-suite-a-la-consommation-de-la-drogue-pete-ton-crane.png\",\"width\":1536,\"height\":1024},{\"@type\":\"BreadcrumbList\",\"@id\":\"https:\\\/\\\/www.mylasertabac.com\\\/ca\\\/dos-estudiants-de-secundaria-hospitalitzats-despres-de-fumar-pete-ton-crane-alerta-escolar\\\/#breadcrumb\",\"itemListElement\":[{\"@type\":\"ListItem\",\"position\":1,\"name\":\"Accueil\",\"item\":\"https:\\\/\\\/www.mylasertabac.com\\\/ca\\\/benvingut\\\/\"},{\"@type\":\"ListItem\",\"position\":2,\"name\":\"Dos estudiants de secund\u00e0ria hospitalitzats despr\u00e9s de fumar &#8220;P\u00e8te ton cr\u00e2ne&#8221;: alerta escolar\"}]},{\"@type\":\"WebSite\",\"@id\":\"https:\\\/\\\/www.mylasertabac.com\\\/ca\\\/#website\",\"url\":\"https:\\\/\\\/www.mylasertabac.com\\\/ca\\\/\",\"name\":\"My Laser Tabac\",\"description\":\"La solution laser qui transforme les fumeurs en ex-fumeurs\",\"publisher\":{\"@id\":\"https:\\\/\\\/www.mylasertabac.com\\\/ca\\\/#organization\"},\"potentialAction\":[{\"@type\":\"SearchAction\",\"target\":{\"@type\":\"EntryPoint\",\"urlTemplate\":\"https:\\\/\\\/www.mylasertabac.com\\\/ca\\\/?s={search_term_string}\"},\"query-input\":{\"@type\":\"PropertyValueSpecification\",\"valueRequired\":true,\"valueName\":\"search_term_string\"}}],\"inLanguage\":\"ca\"},{\"@type\":\"Organization\",\"@id\":\"https:\\\/\\\/www.mylasertabac.com\\\/ca\\\/#organization\",\"name\":\"My Laser Tabac\",\"url\":\"https:\\\/\\\/www.mylasertabac.com\\\/ca\\\/\",\"logo\":{\"@type\":\"ImageObject\",\"inLanguage\":\"ca\",\"@id\":\"https:\\\/\\\/www.mylasertabac.com\\\/ca\\\/#\\\/schema\\\/logo\\\/image\\\/\",\"url\":\"https:\\\/\\\/www.mylasertabac.com\\\/wp-content\\\/uploads\\\/2024\\\/12\\\/mlt-verteau.svg\",\"contentUrl\":\"https:\\\/\\\/www.mylasertabac.com\\\/wp-content\\\/uploads\\\/2024\\\/12\\\/mlt-verteau.svg\",\"caption\":\"My Laser Tabac\"},\"image\":{\"@id\":\"https:\\\/\\\/www.mylasertabac.com\\\/ca\\\/#\\\/schema\\\/logo\\\/image\\\/\"}},{\"@type\":\"Person\",\"@id\":\"https:\\\/\\\/www.mylasertabac.com\\\/ca\\\/#\\\/schema\\\/person\\\/02c249cb76d912efb6c315ec23eccdf3\",\"name\":\"Florian Fortes\",\"image\":{\"@type\":\"ImageObject\",\"inLanguage\":\"ca\",\"@id\":\"https:\\\/\\\/www.mylasertabac.com\\\/wp-content\\\/litespeed\\\/avatar\\\/142101a71d7b9e6490c1120d9c109a67.jpg?ver=1776856306\",\"url\":\"https:\\\/\\\/www.mylasertabac.com\\\/wp-content\\\/litespeed\\\/avatar\\\/142101a71d7b9e6490c1120d9c109a67.jpg?ver=1776856306\",\"contentUrl\":\"https:\\\/\\\/www.mylasertabac.com\\\/wp-content\\\/litespeed\\\/avatar\\\/142101a71d7b9e6490c1120d9c109a67.jpg?ver=1776856306\",\"caption\":\"Florian Fortes\"},\"sameAs\":[\"https:\\\/\\\/www.mylasertabac.com\",\"https:\\\/\\\/www.facebook.com\\\/profile.php?id=61571554707319\"],\"url\":\"https:\\\/\\\/www.mylasertabac.com\\\/ca\\\/author\\\/florianfortes5312\\\/\"}]}<\/script>\n<!-- \/ Yoast SEO plugin. -->","yoast_head_json":{"title":"Dos estudiants de secund\u00e0ria hospitalitzats despr\u00e9s de fumar \"P\u00e8te ton cr\u00e2ne\": alerta escolar - My Laser Tabac","description":"Dos estudiants de secund\u00e0ria que van ser v\u00edctimes de l'atac \"Blow Your Head\" donen l'alarma: perills, incomoditat i la necessitat d'informar els joves a l'escola.","robots":{"index":"index","follow":"follow","max-snippet":"max-snippet:-1","max-image-preview":"max-image-preview:large","max-video-preview":"max-video-preview:-1"},"canonical":"https:\/\/www.mylasertabac.com\/ca\/dos-estudiants-de-secundaria-hospitalitzats-despres-de-fumar-pete-ton-crane-alerta-escolar\/","og_locale":"ca_ES","og_type":"article","og_title":"Dos estudiants de secund\u00e0ria hospitalitzats despr\u00e9s de fumar \"P\u00e8te ton cr\u00e2ne\": alerta escolar - My Laser Tabac","og_description":"Dos estudiants de secund\u00e0ria que van ser v\u00edctimes de l'atac \"Blow Your Head\" donen l'alarma: perills, incomoditat i la necessitat d'informar els joves a l'escola.","og_url":"https:\/\/www.mylasertabac.com\/ca\/dos-estudiants-de-secundaria-hospitalitzats-despres-de-fumar-pete-ton-crane-alerta-escolar\/","og_site_name":"My Laser Tabac","article_author":"https:\/\/www.facebook.com\/profile.php?id=61571554707319","article_published_time":"2025-09-10T16:19:53+00:00","article_modified_time":"2025-09-10T18:42:35+00:00","og_image":[{"width":1024,"height":683,"url":"https:\/\/www.mylasertabac.com\/wp-content\/uploads\/2025\/09\/malaise-dans-un-lycee-suite-a-la-consommation-de-la-drogue-pete-ton-crane-1024x683.png","type":"image\/png"}],"author":"Florian Fortes","twitter_card":"summary_large_image","twitter_misc":{"Escrit per":"Florian Fortes","Temps estimat de lectura":"3 minuts"},"schema":{"@context":"https:\/\/schema.org","@graph":[{"@type":"Article","@id":"https:\/\/www.mylasertabac.com\/ca\/dos-estudiants-de-secundaria-hospitalitzats-despres-de-fumar-pete-ton-crane-alerta-escolar\/#article","isPartOf":{"@id":"https:\/\/www.mylasertabac.com\/ca\/dos-estudiants-de-secundaria-hospitalitzats-despres-de-fumar-pete-ton-crane-alerta-escolar\/"},"author":{"name":"Florian Fortes","@id":"https:\/\/www.mylasertabac.com\/ca\/#\/schema\/person\/02c249cb76d912efb6c315ec23eccdf3"},"headline":"Dos estudiants de secund\u00e0ria hospitalitzats despr\u00e9s de fumar &#8220;P\u00e8te ton cr\u00e2ne&#8221;: alerta escolar","datePublished":"2025-09-10T16:19:53+00:00","dateModified":"2025-09-10T18:42:35+00:00","mainEntityOfPage":{"@id":"https:\/\/www.mylasertabac.com\/ca\/dos-estudiants-de-secundaria-hospitalitzats-despres-de-fumar-pete-ton-crane-alerta-escolar\/"},"wordCount":559,"publisher":{"@id":"https:\/\/www.mylasertabac.com\/ca\/#organization"},"image":{"@id":"https:\/\/www.mylasertabac.com\/ca\/dos-estudiants-de-secundaria-hospitalitzats-despres-de-fumar-pete-ton-crane-alerta-escolar\/#primaryimage"},"thumbnailUrl":"https:\/\/www.mylasertabac.com\/wp-content\/uploads\/2025\/09\/malaise-dans-un-lycee-suite-a-la-consommation-de-la-drogue-pete-ton-crane.png","articleSection":["not\u00edcies"],"inLanguage":"ca"},{"@type":"WebPage","@id":"https:\/\/www.mylasertabac.com\/ca\/dos-estudiants-de-secundaria-hospitalitzats-despres-de-fumar-pete-ton-crane-alerta-escolar\/","url":"https:\/\/www.mylasertabac.com\/ca\/dos-estudiants-de-secundaria-hospitalitzats-despres-de-fumar-pete-ton-crane-alerta-escolar\/","name":"Dos estudiants de secund\u00e0ria hospitalitzats despr\u00e9s de fumar \"P\u00e8te ton cr\u00e2ne\": alerta escolar - My Laser Tabac","isPartOf":{"@id":"https:\/\/www.mylasertabac.com\/ca\/#website"},"primaryImageOfPage":{"@id":"https:\/\/www.mylasertabac.com\/ca\/dos-estudiants-de-secundaria-hospitalitzats-despres-de-fumar-pete-ton-crane-alerta-escolar\/#primaryimage"},"image":{"@id":"https:\/\/www.mylasertabac.com\/ca\/dos-estudiants-de-secundaria-hospitalitzats-despres-de-fumar-pete-ton-crane-alerta-escolar\/#primaryimage"},"thumbnailUrl":"https:\/\/www.mylasertabac.com\/wp-content\/uploads\/2025\/09\/malaise-dans-un-lycee-suite-a-la-consommation-de-la-drogue-pete-ton-crane.png","datePublished":"2025-09-10T16:19:53+00:00","dateModified":"2025-09-10T18:42:35+00:00","description":"Dos estudiants de secund\u00e0ria que van ser v\u00edctimes de l'atac \"Blow Your Head\" donen l'alarma: perills, incomoditat i la necessitat d'informar els joves a l'escola.","breadcrumb":{"@id":"https:\/\/www.mylasertabac.com\/ca\/dos-estudiants-de-secundaria-hospitalitzats-despres-de-fumar-pete-ton-crane-alerta-escolar\/#breadcrumb"},"inLanguage":"ca","potentialAction":[{"@type":"ReadAction","target":["https:\/\/www.mylasertabac.com\/ca\/dos-estudiants-de-secundaria-hospitalitzats-despres-de-fumar-pete-ton-crane-alerta-escolar\/"]}]},{"@type":"ImageObject","inLanguage":"ca","@id":"https:\/\/www.mylasertabac.com\/ca\/dos-estudiants-de-secundaria-hospitalitzats-despres-de-fumar-pete-ton-crane-alerta-escolar\/#primaryimage","url":"https:\/\/www.mylasertabac.com\/wp-content\/uploads\/2025\/09\/malaise-dans-un-lycee-suite-a-la-consommation-de-la-drogue-pete-ton-crane.png","contentUrl":"https:\/\/www.mylasertabac.com\/wp-content\/uploads\/2025\/09\/malaise-dans-un-lycee-suite-a-la-consommation-de-la-drogue-pete-ton-crane.png","width":1536,"height":1024},{"@type":"BreadcrumbList","@id":"https:\/\/www.mylasertabac.com\/ca\/dos-estudiants-de-secundaria-hospitalitzats-despres-de-fumar-pete-ton-crane-alerta-escolar\/#breadcrumb","itemListElement":[{"@type":"ListItem","position":1,"name":"Accueil","item":"https:\/\/www.mylasertabac.com\/ca\/benvingut\/"},{"@type":"ListItem","position":2,"name":"Dos estudiants de secund\u00e0ria hospitalitzats despr\u00e9s de fumar &#8220;P\u00e8te ton cr\u00e2ne&#8221;: alerta escolar"}]},{"@type":"WebSite","@id":"https:\/\/www.mylasertabac.com\/ca\/#website","url":"https:\/\/www.mylasertabac.com\/ca\/","name":"My Laser Tabac","description":"La solution laser qui transforme les fumeurs en ex-fumeurs","publisher":{"@id":"https:\/\/www.mylasertabac.com\/ca\/#organization"},"potentialAction":[{"@type":"SearchAction","target":{"@type":"EntryPoint","urlTemplate":"https:\/\/www.mylasertabac.com\/ca\/?s={search_term_string}"},"query-input":{"@type":"PropertyValueSpecification","valueRequired":true,"valueName":"search_term_string"}}],"inLanguage":"ca"},{"@type":"Organization","@id":"https:\/\/www.mylasertabac.com\/ca\/#organization","name":"My Laser Tabac","url":"https:\/\/www.mylasertabac.com\/ca\/","logo":{"@type":"ImageObject","inLanguage":"ca","@id":"https:\/\/www.mylasertabac.com\/ca\/#\/schema\/logo\/image\/","url":"https:\/\/www.mylasertabac.com\/wp-content\/uploads\/2024\/12\/mlt-verteau.svg","contentUrl":"https:\/\/www.mylasertabac.com\/wp-content\/uploads\/2024\/12\/mlt-verteau.svg","caption":"My Laser Tabac"},"image":{"@id":"https:\/\/www.mylasertabac.com\/ca\/#\/schema\/logo\/image\/"}},{"@type":"Person","@id":"https:\/\/www.mylasertabac.com\/ca\/#\/schema\/person\/02c249cb76d912efb6c315ec23eccdf3","name":"Florian Fortes","image":{"@type":"ImageObject","inLanguage":"ca","@id":"https:\/\/www.mylasertabac.com\/wp-content\/litespeed\/avatar\/142101a71d7b9e6490c1120d9c109a67.jpg?ver=1776856306","url":"https:\/\/www.mylasertabac.com\/wp-content\/litespeed\/avatar\/142101a71d7b9e6490c1120d9c109a67.jpg?ver=1776856306","contentUrl":"https:\/\/www.mylasertabac.com\/wp-content\/litespeed\/avatar\/142101a71d7b9e6490c1120d9c109a67.jpg?ver=1776856306","caption":"Florian Fortes"},"sameAs":["https:\/\/www.mylasertabac.com","https:\/\/www.facebook.com\/profile.php?id=61571554707319"],"url":"https:\/\/www.mylasertabac.com\/ca\/author\/florianfortes5312\/"}]}},"_links":{"self":[{"href":"https:\/\/www.mylasertabac.com\/ca\/wp-json\/wp\/v2\/posts\/16256","targetHints":{"allow":["GET"]}}],"collection":[{"href":"https:\/\/www.mylasertabac.com\/ca\/wp-json\/wp\/v2\/posts"}],"about":[{"href":"https:\/\/www.mylasertabac.com\/ca\/wp-json\/wp\/v2\/types\/post"}],"author":[{"embeddable":true,"href":"https:\/\/www.mylasertabac.com\/ca\/wp-json\/wp\/v2\/users\/2"}],"replies":[{"embeddable":true,"href":"https:\/\/www.mylasertabac.com\/ca\/wp-json\/wp\/v2\/comments?post=16256"}],"version-history":[{"count":3,"href":"https:\/\/www.mylasertabac.com\/ca\/wp-json\/wp\/v2\/posts\/16256\/revisions"}],"predecessor-version":[{"id":16288,"href":"https:\/\/www.mylasertabac.com\/ca\/wp-json\/wp\/v2\/posts\/16256\/revisions\/16288"}],"wp:featuredmedia":[{"embeddable":true,"href":"https:\/\/www.mylasertabac.com\/ca\/wp-json\/wp\/v2\/media\/16274"}],"wp:attachment":[{"href":"https:\/\/www.mylasertabac.com\/ca\/wp-json\/wp\/v2\/media?parent=16256"}],"wp:term":[{"taxonomy":"category","embeddable":true,"href":"https:\/\/www.mylasertabac.com\/ca\/wp-json\/wp\/v2\/categories?post=16256"},{"taxonomy":"post_tag","embeddable":true,"href":"https:\/\/www.mylasertabac.com\/ca\/wp-json\/wp\/v2\/tags?post=16256"}],"curies":[{"name":"wp","href":"https:\/\/api.w.org\/{rel}","templated":true}]}}