{"id":18499,"date":"2025-10-21T10:28:56","date_gmt":"2025-10-21T08:28:56","guid":{"rendered":"https:\/\/www.mylasertabac.com\/preus-dels-cigarrets-al-marroc-el-2025-augment-confirmat-i-noves-tarifes-oficials\/"},"modified":"2025-10-21T11:49:40","modified_gmt":"2025-10-21T09:49:40","slug":"preus-dels-cigarrets-al-marroc-el-2025-augment-confirmat-i-noves-tarifes-oficials","status":"publish","type":"post","link":"https:\/\/www.mylasertabac.com\/ca\/preus-dels-cigarrets-al-marroc-el-2025-augment-confirmat-i-noves-tarifes-oficials\/","title":{"rendered":"Preus dels cigarrets al Marroc el 2025: augment confirmat i noves tarifes oficials"},"content":{"rendered":"\n<div style=\"height:37px\" aria-hidden=\"true\" class=\"wp-block-spacer\"><\/div>\n\n<figure class=\"wp-block-image alignleft size-large is-resized\"><a href=\"https:\/\/www.mylasertabac.com\/ca\/els-nostres-centres\/\"><img fetchpriority=\"high\" decoding=\"async\" width=\"1024\" height=\"668\" src=\"https:\/\/www.mylasertabac.com\/wp-content\/uploads\/2025\/08\/tu-veux-arreter-de-fumer-Clique-ici--1024x668.jpg\" alt=\"\" class=\"wp-image-13752\" style=\"width:435px;height:auto\" srcset=\"https:\/\/www.mylasertabac.com\/wp-content\/uploads\/2025\/08\/tu-veux-arreter-de-fumer-Clique-ici--1024x668.jpg 1024w, https:\/\/www.mylasertabac.com\/wp-content\/uploads\/2025\/08\/tu-veux-arreter-de-fumer-Clique-ici--300x196.jpg 300w, https:\/\/www.mylasertabac.com\/wp-content\/uploads\/2025\/08\/tu-veux-arreter-de-fumer-Clique-ici--768x501.jpg 768w, https:\/\/www.mylasertabac.com\/wp-content\/uploads\/2025\/08\/tu-veux-arreter-de-fumer-Clique-ici-.jpg 1206w\" sizes=\"(max-width: 1024px) 100vw, 1024px\" \/><\/a><\/figure>\n\n<h3 class=\"wp-block-heading\">Els nous preus del tabac susciten debat i reflexi\u00f3 sobre el consum i la cessaci\u00f3 del consum<\/h3>\n\n<p>Des de principis del 2025, <strong>el Marroc<\/strong> ha experimentat un nou <strong>augment<\/strong> del <strong>preu<\/strong> dels <strong>cigarrets<\/strong> , conseq\u00fc\u00e8ncia directa dels ajustaments a l&#8217;impost sobre el consum intern ( <strong>TIC<\/strong> ) dels <strong>productes<\/strong> <strong>del tabac<\/strong> . Una mesura que pret\u00e9n alinear el <strong>preu<\/strong> nacional amb els est\u00e0ndards regionals, alhora que d\u00f3na suport als objectius de salut p\u00fablica.<br\/> Aquestes revisions <strong>de preus<\/strong> afecten gaireb\u00e9 totes <strong>les marques<\/strong> disponibles al mercat, des de la <strong>gamma<\/strong> alta com <strong>Marlboro<\/strong> fins al segment de gamma mitjana representat per <strong>Gauloises<\/strong> o <strong>Marquise<\/strong> . <\/p>\n\n<div style=\"height:39px\" aria-hidden=\"true\" class=\"wp-block-spacer\"><\/div>\n\n<figure class=\"wp-block-table\"><table class=\"has-fixed-layout\"><thead><tr><th>No.<\/th><th>Marca \/ Model<\/th><th>Preu (MAD)<\/th><th>Equivalent (\u20ac)<\/th><th>Canvi 2024\u20132025<\/th><th>Segment<\/th><\/tr><\/thead><tbody><tr><td>1<\/td><td>Marlboro Red Beyond<\/td><td>41 MAD<\/td><td>~3,75 \u20ac<\/td><td>+1 MAD<\/td><td>Premium<\/td><\/tr><tr><td>2<\/td><td>Marlboro Gold<\/td><td>40 MAD<\/td><td>~3,65 \u20ac<\/td><td>+1 MAD<\/td><td>Premium<\/td><\/tr><tr><td>3<\/td><td>Blau camell<\/td><td>35 MAD<\/td><td>~3,20 \u20ac<\/td><td>+0,5 MAD<\/td><td>Mitjana<\/td><\/tr><tr><td>4<\/td><td>Camel Silver<\/td><td>34 MAD<\/td><td>~3,10 \u20ac<\/td><td>+1 MAD<\/td><td>Mitjana<\/td><\/tr><tr><td>5<\/td><td>Gauloises cl\u00e0ssiques<\/td><td>26 MAD<\/td><td>~2,40 \u20ac<\/td><td>+1 MAD<\/td><td>Mitjana<\/td><\/tr><tr><td>6<\/td><td>Llums de Gauloises<\/td><td>27 MAD<\/td><td>~2,45 \u20ac<\/td><td>+1 MAD<\/td><td>Mitjana<\/td><\/tr><tr><td>7<\/td><td>Chesterfield Vermell<\/td><td>27 MAD<\/td><td>~2,50 \u20ac<\/td><td>+1 MAD<\/td><td>Mitjana<\/td><\/tr><tr><td>8<\/td><td>Blau Chesterfield<\/td><td>28 MAD<\/td><td>~2,55 \u20ac<\/td><td>+1 MAD<\/td><td>Mitjana<\/td><\/tr><tr><td>9<\/td><td>Marquesa mitjana<\/td><td>27 MAD<\/td><td>~2,50 \u20ac<\/td><td>+1 MAD<\/td><td>Mitjana<\/td><\/tr><tr><td>10<\/td><td>Llums de marquesa<\/td><td>28 MAD<\/td><td>~2,55 \u20ac<\/td><td>+1 MAD<\/td><td>Mitjana<\/td><\/tr><tr><td>11<\/td><td>L&amp;M Intens<\/td><td>27 MAD<\/td><td>~2,50 \u20ac<\/td><td>+2 MAD<\/td><td>Mitjana<\/td><\/tr><tr><td>12<\/td><td>Etiqueta Blava L&amp;M<\/td><td>28 MAD<\/td><td>~2,60 \u20ac<\/td><td>+1 MAD<\/td><td>Mitjana<\/td><\/tr><tr><td>13<\/td><td>Philip Morris Club Blue<\/td><td>30 MAD<\/td><td>~2,75 \u20ac<\/td><td>+1 MAD<\/td><td>Premium<\/td><\/tr><tr><td>14<\/td><td>Philip Morris Club Vermell<\/td><td>31 MAD<\/td><td>~2,85 \u20ac<\/td><td>+1 MAD<\/td><td>Premium<\/td><\/tr><tr><td>15<\/td><td>Lucky Strike Vermell<\/td><td>33 MAD<\/td><td>~3,00 \u20ac<\/td><td>+0,5 MAD<\/td><td>Premium<\/td><\/tr><tr><td>16<\/td><td>Lucky Strike Blue<\/td><td>34 MAD<\/td><td>~3,10 \u20ac<\/td><td>+1 MAD<\/td><td>Premium<\/td><\/tr><tr><td>17<\/td><td>Winston Cl\u00e0ssic<\/td><td>32 MAD<\/td><td>~2,95 \u20ac<\/td><td>+1 MAD<\/td><td>Mitjana<\/td><\/tr><tr><td>18<\/td><td>Filtres de Montecarlo<\/td><td>28 MAD<\/td><td>~2,60 \u20ac<\/td><td>+1 MAD<\/td><td>Mitjana<\/td><\/tr><tr><td>19<\/td><td>Casa<\/td><td>29 MAD<\/td><td>~2,65 \u20ac<\/td><td>+1 MAD<\/td><td>Mitjana<\/td><\/tr><tr><td>20<\/td><td>Costa d&#8217;Or Vermella<\/td><td>25 MAD<\/td><td>~2,30 \u20ac<\/td><td>+1 MAD<\/td><td>Econ\u00f2mic<\/td><\/tr><\/tbody><\/table><\/figure>\n\n<blockquote class=\"wp-block-quote is-layout-flow wp-block-quote-is-layout-flow\">\n<p>\ud83d\udca1 Conversi\u00f3 indicativa: 1 euro \u2248 10,9 d\u00edrhams (tipus mitj\u00e0 tardor 2025).<\/p>\n<\/blockquote>\n\n<p>Aquesta taula es basa en circulars de l&#8217;Administraci\u00f3 de Duanes i Impostos Indirectes (ADII) i en publicacions <strong>d&#8217;H24Info<\/strong> . Reflecteix la graella tarif\u00e0ria oficial vigent a totes <strong>les ciutats<\/strong> marroquines (Casablanca, Marr\u00e0queix, Essaouira, Ouarzazate, Rabat, T\u00e0nger, etc.). <\/p>\n\n<div style=\"height:31px\" aria-hidden=\"true\" class=\"wp-block-spacer\"><\/div>\n\n<h2 class=\"wp-block-heading\"><strong>Increments mesurats per\u00f2 continus<\/strong><\/h2>\n\n<p>L&#8217; <strong>augment<\/strong> es mant\u00e9 moderat, fluctuant entre +0,5 i +2 d\u00edrhams segons la <strong>marca<\/strong> i <strong>la gamma<\/strong> . <strong>Els packs de<\/strong> <strong>Marlboro<\/strong> i <strong>Camel<\/strong> mantenen el seu estatus <strong>premium<\/strong> , mentre que <strong>Gauloises<\/strong> , <strong>Marquise<\/strong> i <strong>Chesterfield<\/strong> dominen <strong>les vendes<\/strong> en el segment de gamma mitjana.<br\/> <strong>Els preus<\/strong> <strong>del tabac<\/strong> al <strong>Marroc<\/strong> continuen sent m\u00e9s baixos que els de <strong>Fran\u00e7a<\/strong> , on un <strong>paquet<\/strong> costa de mitjana 13 euros. Aix\u00f2 fa que el <strong>pa\u00eds<\/strong> sigui una <strong>destinaci\u00f3<\/strong> atractiva per a alguns <strong>viatgers<\/strong> que busquen <strong>productes<\/strong> menys cars, sobretot en zones <strong>franques<\/strong> o aeroports.<\/p>\n\n<div style=\"height:22px\" aria-hidden=\"true\" class=\"wp-block-spacer\"><\/div>\n\n<h2 class=\"wp-block-heading\"><strong>Les TIC, una palanca fiscal i sanit\u00e0ria<\/strong><\/h2>\n\n<p>L&#8217;impost sobre el consum dom\u00e8stic ( <strong>TIC<\/strong> ) continua sent el principal motor d&#8217;aquest <strong>augment<\/strong> . Cada <strong>unitat<\/strong> de <strong>tabac<\/strong> venuda contribueix a augmentar els ingressos p\u00fablics alhora que d\u00f3na suport a les pol\u00edtiques <strong>de prevenci\u00f3<\/strong> .<br\/> Per 1.000 <strong>cigarrets<\/strong> , el TIC m\u00ednim aviat arribar\u00e0 a 953 MAD, un <strong>cost<\/strong> mitj\u00e0 significativament m\u00e9s alt que el 2024.<br\/> Aquesta pol\u00edtica t\u00e9 un doble objectiu: reduir <strong>el consum<\/strong> <strong>de tabac<\/strong> i limitar <strong>les compres<\/strong> massives fora del <strong>marc<\/strong> regulat. <\/p>\n\n<p>Les autoritats assenyalen que aquestes mesures formen part d&#8217;una estrat\u00e8gia global: protecci\u00f3 de <strong>la salut p\u00fablica<\/strong> , regulaci\u00f3 del <strong>mercat<\/strong> i lluita contra el contraban, un <strong>competidor<\/strong> important de les xarxes <strong>de venda<\/strong> oficials.<\/p>\n\n<div style=\"height:26px\" aria-hidden=\"true\" class=\"wp-block-spacer\"><\/div>\n\n<figure class=\"wp-block-table\"><table class=\"has-fixed-layout\"><tbody><tr><td>Llegiu tamb\u00e9: <a href=\"https:\/\/www.mylasertabac.com\/ca\/informacio\/formacio-laser-antitabac-i-addiccio\/\"><mark style=\"background-color:rgba(0, 0, 0, 0)\" class=\"has-inline-color has-luminous-vivid-orange-color\">Si voleu iniciar un negoci en el camp de l&#8217;alleujament de les addiccions, Mylasertabac ofereix formaci\u00f3 en el camp de la reflexologia auricular.<\/mark><\/a><\/td><\/tr><\/tbody><\/table><\/figure>\n\n<div style=\"height:22px\" aria-hidden=\"true\" class=\"wp-block-spacer\"><\/div>\n\n<h2 class=\"wp-block-heading\"><strong>Efectes sobre el consum i el poder adquisitiu<\/strong><\/h2>\n\n<p>Per a un <strong>fumador<\/strong> que consumeix un <strong>paquet<\/strong> al dia, l&#8217; <strong>augment<\/strong> mitj\u00e0 d&#8217;1 MAD per <strong>paquet<\/strong> representa aproximadament 360 MAD addicionals per any.<br\/> A Marr\u00e0queix o Essaouira, els turistes noten lleugeres difer\u00e8ncies <strong>de preu<\/strong> entre les zones urbanes i les costaneres, especialment als quioscos autoritzats. A <strong>les ciutats<\/strong> m\u00e9s grans, els caixers autom\u00e0tics mantenen <strong>ofertes<\/strong> est\u00e0ndard, mentre que les botigues <strong>gratu\u00eftes<\/strong> prop dels aeroports ofereixen les tarifes m\u00e9s competitives. <\/p>\n\n<p>El <strong>pressupost<\/strong> mitj\u00e0 dedicat al <strong>tabac<\/strong> s&#8217;est\u00e0 convertint en un indicador real del cost de <strong>la vida<\/strong> al <strong>Marroc<\/strong> , on <strong>els preus<\/strong> quotidians (combustible, aliments, <strong>sabates<\/strong> ) tamb\u00e9 segueixen una tend\u00e8ncia a l&#8217;al\u00e7a.<\/p>\n\n<div style=\"height:22px\" aria-hidden=\"true\" class=\"wp-block-spacer\"><\/div>\n\n<h2 class=\"wp-block-heading\"><strong>Comparaci\u00f3 internacional i atractiu tur\u00edstic<\/strong><\/h2>\n\n<p><strong>Els preus<\/strong> <strong>del tabac<\/strong> continuen sent molt competitius en comparaci\u00f3 amb Europa. Un <g id=\"gid_2\">paquet<\/g> de <g id=\"gid_3\">Gauloises<\/g> o <g id=\"gid_4\">Chesterfield<\/g> al <g id=\"gid_5\">Marroc<\/g> costa entre 2,40 \u20ac i 2,80 \u20ac, en comparaci\u00f3 amb m\u00e9s de 12 \u20ac a <g id=\"gid_6\">Fran\u00e7a<\/g> . Aquesta difer\u00e8ncia anima <strong>els viatgers<\/strong> a fer <strong>compres<\/strong> durant la seva estada, per\u00f2 la legislaci\u00f3 limita estrictament el nombre de <strong>cartons<\/strong> autoritzats per a la importaci\u00f3 a la Uni\u00f3 Europea.  <\/p>\n\n<p><strong>Destinacions<\/strong> marroquines com ara Marr\u00e0queix, Essaouira i Ouarzazate continuen sent populars, per\u00f2 les autoritats alerten contra la importaci\u00f3 il\u00b7legal de <strong>productes<\/strong> <strong>del tabac<\/strong> , recordant que la <strong>moneda<\/strong> local, el d\u00edrham, regula <strong>les transaccions<\/strong> nacionals.<\/p>\n\n<div style=\"height:22px\" aria-hidden=\"true\" class=\"wp-block-spacer\"><\/div>\n\n<h2 class=\"wp-block-heading\"><strong>Cap a un futur sense tabac: la soluci\u00f3 MyLaserTabac<\/strong><\/h2>\n\n<p>Davant l&#8217;augment del <strong>cost<\/strong> del <strong>tabac<\/strong> i la consci\u00e8ncia col\u00b7lectiva dels <strong>riscos<\/strong> per a la salut, cada cop m\u00e9s <strong>fumadors<\/strong> busquen alliberar-se de l&#8217;addicci\u00f3.<br\/> L&#8217;empresa <strong><a href=\"https:\/\/www.mylasertabac.com\/ca\/els-nostres-centres\/\">MyLaserTabac<\/a><\/strong> , pionera al <strong>Marroc<\/strong> i <strong>Fran\u00e7a<\/strong> , ofereix un m\u00e8tode innovador basat en <strong>la reflexologia auricular<\/strong> i <strong><a href=\"https:\/\/www.mylasertabac.com\/ca\/els-nostres-centres\/\">el l\u00e0ser antitabac<\/a><\/strong> .<\/p>\n\n<p>Aquesta t\u00e8cnica es basa en l&#8217;estimulaci\u00f3 de <strong>punts auriculars<\/strong> connectats al sistema nervi\u00f3s. El <strong>l\u00e0ser<\/strong> suau actua sobre zones relacionades amb l&#8217;addicci\u00f3, l&#8217;estr\u00e8s i <strong>el consum<\/strong> compulsiu. Despr\u00e9s de nom\u00e9s unes poques sessions, <strong>els viatgers<\/strong> o residents que volen deixar de fumar experimenten una reducci\u00f3 notable de les ganes de fumar.  <\/p>\n\n<p>Sense medicaments ni substituts qu\u00edmics, <strong>la reflexologia l\u00e0ser de l&#8217;orella<\/strong> reequilibra el <strong>cos<\/strong> , calma el <strong>cervell<\/strong> i afavoreix <strong>la prevenci\u00f3<\/strong> <strong>del tabaquisme<\/strong> . Una alternativa moderna i natural per a qualsevol persona que vulgui preservar la seva <strong>vida<\/strong> i el seu <strong>pressupost<\/strong> . <\/p>\n\n<div style=\"height:22px\" aria-hidden=\"true\" class=\"wp-block-spacer\"><\/div>\n\n<h2 class=\"wp-block-heading\"><strong>Conclusi\u00f3<\/strong><\/h2>\n\n<p><strong>El Marroc<\/strong> est\u00e0 adoptant una estrat\u00e8gia equilibrada: ajustar <strong>els preus<\/strong> <strong>del tabac<\/strong> sense penalitzar excessivament els consumidors, alhora que refor\u00e7ar les pol\u00edtiques de <strong>prevenci\u00f3<\/strong> .<br\/> Per\u00f2 per a molts, l&#8217;estalvi real rau en un altre lloc: en la <strong>decisi\u00f3 de deixar de fumar<\/strong> . Gr\u00e0cies a enfocaments com <strong>MyLaserTabac<\/strong> , combinar <strong>salut<\/strong> , <strong>pressupost<\/strong> i <strong>llibertat<\/strong> mai no ha estat tan concret. <\/p>\n\n<div style=\"height:35px\" aria-hidden=\"true\" class=\"wp-block-spacer\"><\/div>\n\n<figure class=\"wp-block-image size-large\"><img decoding=\"async\" src=\"https:\/\/www.mylasertabac.com\/wp-content\/uploads\/\/mlt-verteau.svg\" alt=\"\" class=\"wp-image-13\"\/><\/figure>\n","protected":false},"excerpt":{"rendered":"<p>Els nous preus del tabac susciten debat i reflexi\u00f3 sobre el consum i la cessaci\u00f3 del consum Des de principis del 2025, el Marroc ha experimentat un nou augment del preu dels cigarrets , conseq\u00fc\u00e8ncia directa dels ajustaments a l&#8217;impost sobre el consum intern ( TIC ) dels productes del tabac . Una mesura que [&hellip;]<\/p>\n","protected":false},"author":2,"featured_media":19659,"comment_status":"closed","ping_status":"open","sticky":false,"template":"","format":"standard","meta":{"inline_featured_image":false,"footnotes":""},"categories":[665],"tags":[],"class_list":["post-18499","post","type-post","status-publish","format-standard","has-post-thumbnail","hentry","category-tabac-ca"],"yoast_head":"<!-- This site is optimized with the Yoast SEO plugin v27.4 - https:\/\/yoast.com\/product\/yoast-seo-wordpress\/ -->\n<title>Preus dels cigarrets al Marroc el 2025: augment confirmat i noves tarifes oficials - My Laser Tabac<\/title>\n<meta name=\"description\" content=\"Descobreix els preus dels cigarrets al Marroc el 2025 i les solucions MyLaserTabac per deixar de fumar de manera natural i duradora.\" \/>\n<meta name=\"robots\" content=\"index, follow, max-snippet:-1, max-image-preview:large, max-video-preview:-1\" \/>\n<link rel=\"canonical\" href=\"https:\/\/www.mylasertabac.com\/ca\/preus-dels-cigarrets-al-marroc-el-2025-augment-confirmat-i-noves-tarifes-oficials\/\" \/>\n<meta property=\"og:locale\" content=\"ca_ES\" \/>\n<meta property=\"og:type\" content=\"article\" \/>\n<meta property=\"og:title\" content=\"Preus dels cigarrets al Marroc el 2025: augment confirmat i noves tarifes oficials - My Laser Tabac\" \/>\n<meta property=\"og:description\" content=\"Descobreix els preus dels cigarrets al Marroc el 2025 i les solucions MyLaserTabac per deixar de fumar de manera natural i duradora.\" \/>\n<meta property=\"og:url\" content=\"https:\/\/www.mylasertabac.com\/ca\/preus-dels-cigarrets-al-marroc-el-2025-augment-confirmat-i-noves-tarifes-oficials\/\" \/>\n<meta property=\"og:site_name\" content=\"My Laser Tabac\" \/>\n<meta property=\"article:author\" content=\"https:\/\/www.facebook.com\/profile.php?id=61571554707319\" \/>\n<meta property=\"article:published_time\" content=\"2025-10-21T08:28:56+00:00\" \/>\n<meta property=\"article:modified_time\" content=\"2025-10-21T09:49:40+00:00\" \/>\n<meta property=\"og:image\" content=\"https:\/\/www.mylasertabac.com\/wp-content\/uploads\/2025\/10\/Prix-des-cigarette-au-maroc-en-2025-1024x683.png\" \/>\n\t<meta property=\"og:image:width\" content=\"1024\" \/>\n\t<meta property=\"og:image:height\" content=\"683\" \/>\n\t<meta property=\"og:image:type\" content=\"image\/png\" \/>\n<meta name=\"author\" content=\"Florian Fortes\" \/>\n<meta name=\"twitter:card\" content=\"summary_large_image\" \/>\n<meta name=\"twitter:label1\" content=\"Escrit per\" \/>\n\t<meta name=\"twitter:data1\" content=\"Florian Fortes\" \/>\n\t<meta name=\"twitter:label2\" content=\"Temps estimat de lectura\" \/>\n\t<meta name=\"twitter:data2\" content=\"5 minuts\" \/>\n<script type=\"application\/ld+json\" class=\"yoast-schema-graph\">{\"@context\":\"https:\\\/\\\/schema.org\",\"@graph\":[{\"@type\":\"Article\",\"@id\":\"https:\\\/\\\/www.mylasertabac.com\\\/ca\\\/preus-dels-cigarrets-al-marroc-el-2025-augment-confirmat-i-noves-tarifes-oficials\\\/#article\",\"isPartOf\":{\"@id\":\"https:\\\/\\\/www.mylasertabac.com\\\/ca\\\/preus-dels-cigarrets-al-marroc-el-2025-augment-confirmat-i-noves-tarifes-oficials\\\/\"},\"author\":{\"name\":\"Florian Fortes\",\"@id\":\"https:\\\/\\\/www.mylasertabac.com\\\/ca\\\/#\\\/schema\\\/person\\\/02c249cb76d912efb6c315ec23eccdf3\"},\"headline\":\"Preus dels cigarrets al Marroc el 2025: augment confirmat i noves tarifes oficials\",\"datePublished\":\"2025-10-21T08:28:56+00:00\",\"dateModified\":\"2025-10-21T09:49:40+00:00\",\"mainEntityOfPage\":{\"@id\":\"https:\\\/\\\/www.mylasertabac.com\\\/ca\\\/preus-dels-cigarrets-al-marroc-el-2025-augment-confirmat-i-noves-tarifes-oficials\\\/\"},\"wordCount\":992,\"publisher\":{\"@id\":\"https:\\\/\\\/www.mylasertabac.com\\\/ca\\\/#organization\"},\"image\":{\"@id\":\"https:\\\/\\\/www.mylasertabac.com\\\/ca\\\/preus-dels-cigarrets-al-marroc-el-2025-augment-confirmat-i-noves-tarifes-oficials\\\/#primaryimage\"},\"thumbnailUrl\":\"https:\\\/\\\/www.mylasertabac.com\\\/wp-content\\\/uploads\\\/2025\\\/10\\\/Quel-est-le-prix-des-cigarettes-au-maroc-en-2026.png\",\"articleSection\":[\"tabac\"],\"inLanguage\":\"ca\"},{\"@type\":\"WebPage\",\"@id\":\"https:\\\/\\\/www.mylasertabac.com\\\/ca\\\/preus-dels-cigarrets-al-marroc-el-2025-augment-confirmat-i-noves-tarifes-oficials\\\/\",\"url\":\"https:\\\/\\\/www.mylasertabac.com\\\/ca\\\/preus-dels-cigarrets-al-marroc-el-2025-augment-confirmat-i-noves-tarifes-oficials\\\/\",\"name\":\"Preus dels cigarrets al Marroc el 2025: augment confirmat i noves tarifes oficials - My Laser Tabac\",\"isPartOf\":{\"@id\":\"https:\\\/\\\/www.mylasertabac.com\\\/ca\\\/#website\"},\"primaryImageOfPage\":{\"@id\":\"https:\\\/\\\/www.mylasertabac.com\\\/ca\\\/preus-dels-cigarrets-al-marroc-el-2025-augment-confirmat-i-noves-tarifes-oficials\\\/#primaryimage\"},\"image\":{\"@id\":\"https:\\\/\\\/www.mylasertabac.com\\\/ca\\\/preus-dels-cigarrets-al-marroc-el-2025-augment-confirmat-i-noves-tarifes-oficials\\\/#primaryimage\"},\"thumbnailUrl\":\"https:\\\/\\\/www.mylasertabac.com\\\/wp-content\\\/uploads\\\/2025\\\/10\\\/Quel-est-le-prix-des-cigarettes-au-maroc-en-2026.png\",\"datePublished\":\"2025-10-21T08:28:56+00:00\",\"dateModified\":\"2025-10-21T09:49:40+00:00\",\"description\":\"Descobreix els preus dels cigarrets al Marroc el 2025 i les solucions MyLaserTabac per deixar de fumar de manera natural i duradora.\",\"breadcrumb\":{\"@id\":\"https:\\\/\\\/www.mylasertabac.com\\\/ca\\\/preus-dels-cigarrets-al-marroc-el-2025-augment-confirmat-i-noves-tarifes-oficials\\\/#breadcrumb\"},\"inLanguage\":\"ca\",\"potentialAction\":[{\"@type\":\"ReadAction\",\"target\":[\"https:\\\/\\\/www.mylasertabac.com\\\/ca\\\/preus-dels-cigarrets-al-marroc-el-2025-augment-confirmat-i-noves-tarifes-oficials\\\/\"]}]},{\"@type\":\"ImageObject\",\"inLanguage\":\"ca\",\"@id\":\"https:\\\/\\\/www.mylasertabac.com\\\/ca\\\/preus-dels-cigarrets-al-marroc-el-2025-augment-confirmat-i-noves-tarifes-oficials\\\/#primaryimage\",\"url\":\"https:\\\/\\\/www.mylasertabac.com\\\/wp-content\\\/uploads\\\/2025\\\/10\\\/Quel-est-le-prix-des-cigarettes-au-maroc-en-2026.png\",\"contentUrl\":\"https:\\\/\\\/www.mylasertabac.com\\\/wp-content\\\/uploads\\\/2025\\\/10\\\/Quel-est-le-prix-des-cigarettes-au-maroc-en-2026.png\",\"width\":1536,\"height\":1024},{\"@type\":\"BreadcrumbList\",\"@id\":\"https:\\\/\\\/www.mylasertabac.com\\\/ca\\\/preus-dels-cigarrets-al-marroc-el-2025-augment-confirmat-i-noves-tarifes-oficials\\\/#breadcrumb\",\"itemListElement\":[{\"@type\":\"ListItem\",\"position\":1,\"name\":\"Accueil\",\"item\":\"https:\\\/\\\/www.mylasertabac.com\\\/ca\\\/benvingut\\\/\"},{\"@type\":\"ListItem\",\"position\":2,\"name\":\"Preus dels cigarrets al Marroc el 2025: augment confirmat i noves tarifes oficials\"}]},{\"@type\":\"WebSite\",\"@id\":\"https:\\\/\\\/www.mylasertabac.com\\\/ca\\\/#website\",\"url\":\"https:\\\/\\\/www.mylasertabac.com\\\/ca\\\/\",\"name\":\"My Laser Tabac\",\"description\":\"La solution laser qui transforme les fumeurs en ex-fumeurs\",\"publisher\":{\"@id\":\"https:\\\/\\\/www.mylasertabac.com\\\/ca\\\/#organization\"},\"potentialAction\":[{\"@type\":\"SearchAction\",\"target\":{\"@type\":\"EntryPoint\",\"urlTemplate\":\"https:\\\/\\\/www.mylasertabac.com\\\/ca\\\/?s={search_term_string}\"},\"query-input\":{\"@type\":\"PropertyValueSpecification\",\"valueRequired\":true,\"valueName\":\"search_term_string\"}}],\"inLanguage\":\"ca\"},{\"@type\":\"Organization\",\"@id\":\"https:\\\/\\\/www.mylasertabac.com\\\/ca\\\/#organization\",\"name\":\"My Laser Tabac\",\"url\":\"https:\\\/\\\/www.mylasertabac.com\\\/ca\\\/\",\"logo\":{\"@type\":\"ImageObject\",\"inLanguage\":\"ca\",\"@id\":\"https:\\\/\\\/www.mylasertabac.com\\\/ca\\\/#\\\/schema\\\/logo\\\/image\\\/\",\"url\":\"https:\\\/\\\/www.mylasertabac.com\\\/wp-content\\\/uploads\\\/2024\\\/12\\\/mlt-verteau.svg\",\"contentUrl\":\"https:\\\/\\\/www.mylasertabac.com\\\/wp-content\\\/uploads\\\/2024\\\/12\\\/mlt-verteau.svg\",\"caption\":\"My Laser Tabac\"},\"image\":{\"@id\":\"https:\\\/\\\/www.mylasertabac.com\\\/ca\\\/#\\\/schema\\\/logo\\\/image\\\/\"}},{\"@type\":\"Person\",\"@id\":\"https:\\\/\\\/www.mylasertabac.com\\\/ca\\\/#\\\/schema\\\/person\\\/02c249cb76d912efb6c315ec23eccdf3\",\"name\":\"Florian Fortes\",\"image\":{\"@type\":\"ImageObject\",\"inLanguage\":\"ca\",\"@id\":\"https:\\\/\\\/www.mylasertabac.com\\\/wp-content\\\/litespeed\\\/avatar\\\/142101a71d7b9e6490c1120d9c109a67.jpg?ver=1776856306\",\"url\":\"https:\\\/\\\/www.mylasertabac.com\\\/wp-content\\\/litespeed\\\/avatar\\\/142101a71d7b9e6490c1120d9c109a67.jpg?ver=1776856306\",\"contentUrl\":\"https:\\\/\\\/www.mylasertabac.com\\\/wp-content\\\/litespeed\\\/avatar\\\/142101a71d7b9e6490c1120d9c109a67.jpg?ver=1776856306\",\"caption\":\"Florian Fortes\"},\"sameAs\":[\"https:\\\/\\\/www.mylasertabac.com\",\"https:\\\/\\\/www.facebook.com\\\/profile.php?id=61571554707319\"],\"url\":\"https:\\\/\\\/www.mylasertabac.com\\\/ca\\\/author\\\/florianfortes5312\\\/\"}]}<\/script>\n<!-- \/ Yoast SEO plugin. -->","yoast_head_json":{"title":"Preus dels cigarrets al Marroc el 2025: augment confirmat i noves tarifes oficials - My Laser Tabac","description":"Descobreix els preus dels cigarrets al Marroc el 2025 i les solucions MyLaserTabac per deixar de fumar de manera natural i duradora.","robots":{"index":"index","follow":"follow","max-snippet":"max-snippet:-1","max-image-preview":"max-image-preview:large","max-video-preview":"max-video-preview:-1"},"canonical":"https:\/\/www.mylasertabac.com\/ca\/preus-dels-cigarrets-al-marroc-el-2025-augment-confirmat-i-noves-tarifes-oficials\/","og_locale":"ca_ES","og_type":"article","og_title":"Preus dels cigarrets al Marroc el 2025: augment confirmat i noves tarifes oficials - My Laser Tabac","og_description":"Descobreix els preus dels cigarrets al Marroc el 2025 i les solucions MyLaserTabac per deixar de fumar de manera natural i duradora.","og_url":"https:\/\/www.mylasertabac.com\/ca\/preus-dels-cigarrets-al-marroc-el-2025-augment-confirmat-i-noves-tarifes-oficials\/","og_site_name":"My Laser Tabac","article_author":"https:\/\/www.facebook.com\/profile.php?id=61571554707319","article_published_time":"2025-10-21T08:28:56+00:00","article_modified_time":"2025-10-21T09:49:40+00:00","og_image":[{"width":1024,"height":683,"url":"https:\/\/www.mylasertabac.com\/wp-content\/uploads\/2025\/10\/Prix-des-cigarette-au-maroc-en-2025-1024x683.png","type":"image\/png"}],"author":"Florian Fortes","twitter_card":"summary_large_image","twitter_misc":{"Escrit per":"Florian Fortes","Temps estimat de lectura":"5 minuts"},"schema":{"@context":"https:\/\/schema.org","@graph":[{"@type":"Article","@id":"https:\/\/www.mylasertabac.com\/ca\/preus-dels-cigarrets-al-marroc-el-2025-augment-confirmat-i-noves-tarifes-oficials\/#article","isPartOf":{"@id":"https:\/\/www.mylasertabac.com\/ca\/preus-dels-cigarrets-al-marroc-el-2025-augment-confirmat-i-noves-tarifes-oficials\/"},"author":{"name":"Florian Fortes","@id":"https:\/\/www.mylasertabac.com\/ca\/#\/schema\/person\/02c249cb76d912efb6c315ec23eccdf3"},"headline":"Preus dels cigarrets al Marroc el 2025: augment confirmat i noves tarifes oficials","datePublished":"2025-10-21T08:28:56+00:00","dateModified":"2025-10-21T09:49:40+00:00","mainEntityOfPage":{"@id":"https:\/\/www.mylasertabac.com\/ca\/preus-dels-cigarrets-al-marroc-el-2025-augment-confirmat-i-noves-tarifes-oficials\/"},"wordCount":992,"publisher":{"@id":"https:\/\/www.mylasertabac.com\/ca\/#organization"},"image":{"@id":"https:\/\/www.mylasertabac.com\/ca\/preus-dels-cigarrets-al-marroc-el-2025-augment-confirmat-i-noves-tarifes-oficials\/#primaryimage"},"thumbnailUrl":"https:\/\/www.mylasertabac.com\/wp-content\/uploads\/2025\/10\/Quel-est-le-prix-des-cigarettes-au-maroc-en-2026.png","articleSection":["tabac"],"inLanguage":"ca"},{"@type":"WebPage","@id":"https:\/\/www.mylasertabac.com\/ca\/preus-dels-cigarrets-al-marroc-el-2025-augment-confirmat-i-noves-tarifes-oficials\/","url":"https:\/\/www.mylasertabac.com\/ca\/preus-dels-cigarrets-al-marroc-el-2025-augment-confirmat-i-noves-tarifes-oficials\/","name":"Preus dels cigarrets al Marroc el 2025: augment confirmat i noves tarifes oficials - My Laser Tabac","isPartOf":{"@id":"https:\/\/www.mylasertabac.com\/ca\/#website"},"primaryImageOfPage":{"@id":"https:\/\/www.mylasertabac.com\/ca\/preus-dels-cigarrets-al-marroc-el-2025-augment-confirmat-i-noves-tarifes-oficials\/#primaryimage"},"image":{"@id":"https:\/\/www.mylasertabac.com\/ca\/preus-dels-cigarrets-al-marroc-el-2025-augment-confirmat-i-noves-tarifes-oficials\/#primaryimage"},"thumbnailUrl":"https:\/\/www.mylasertabac.com\/wp-content\/uploads\/2025\/10\/Quel-est-le-prix-des-cigarettes-au-maroc-en-2026.png","datePublished":"2025-10-21T08:28:56+00:00","dateModified":"2025-10-21T09:49:40+00:00","description":"Descobreix els preus dels cigarrets al Marroc el 2025 i les solucions MyLaserTabac per deixar de fumar de manera natural i duradora.","breadcrumb":{"@id":"https:\/\/www.mylasertabac.com\/ca\/preus-dels-cigarrets-al-marroc-el-2025-augment-confirmat-i-noves-tarifes-oficials\/#breadcrumb"},"inLanguage":"ca","potentialAction":[{"@type":"ReadAction","target":["https:\/\/www.mylasertabac.com\/ca\/preus-dels-cigarrets-al-marroc-el-2025-augment-confirmat-i-noves-tarifes-oficials\/"]}]},{"@type":"ImageObject","inLanguage":"ca","@id":"https:\/\/www.mylasertabac.com\/ca\/preus-dels-cigarrets-al-marroc-el-2025-augment-confirmat-i-noves-tarifes-oficials\/#primaryimage","url":"https:\/\/www.mylasertabac.com\/wp-content\/uploads\/2025\/10\/Quel-est-le-prix-des-cigarettes-au-maroc-en-2026.png","contentUrl":"https:\/\/www.mylasertabac.com\/wp-content\/uploads\/2025\/10\/Quel-est-le-prix-des-cigarettes-au-maroc-en-2026.png","width":1536,"height":1024},{"@type":"BreadcrumbList","@id":"https:\/\/www.mylasertabac.com\/ca\/preus-dels-cigarrets-al-marroc-el-2025-augment-confirmat-i-noves-tarifes-oficials\/#breadcrumb","itemListElement":[{"@type":"ListItem","position":1,"name":"Accueil","item":"https:\/\/www.mylasertabac.com\/ca\/benvingut\/"},{"@type":"ListItem","position":2,"name":"Preus dels cigarrets al Marroc el 2025: augment confirmat i noves tarifes oficials"}]},{"@type":"WebSite","@id":"https:\/\/www.mylasertabac.com\/ca\/#website","url":"https:\/\/www.mylasertabac.com\/ca\/","name":"My Laser Tabac","description":"La solution laser qui transforme les fumeurs en ex-fumeurs","publisher":{"@id":"https:\/\/www.mylasertabac.com\/ca\/#organization"},"potentialAction":[{"@type":"SearchAction","target":{"@type":"EntryPoint","urlTemplate":"https:\/\/www.mylasertabac.com\/ca\/?s={search_term_string}"},"query-input":{"@type":"PropertyValueSpecification","valueRequired":true,"valueName":"search_term_string"}}],"inLanguage":"ca"},{"@type":"Organization","@id":"https:\/\/www.mylasertabac.com\/ca\/#organization","name":"My Laser Tabac","url":"https:\/\/www.mylasertabac.com\/ca\/","logo":{"@type":"ImageObject","inLanguage":"ca","@id":"https:\/\/www.mylasertabac.com\/ca\/#\/schema\/logo\/image\/","url":"https:\/\/www.mylasertabac.com\/wp-content\/uploads\/2024\/12\/mlt-verteau.svg","contentUrl":"https:\/\/www.mylasertabac.com\/wp-content\/uploads\/2024\/12\/mlt-verteau.svg","caption":"My Laser Tabac"},"image":{"@id":"https:\/\/www.mylasertabac.com\/ca\/#\/schema\/logo\/image\/"}},{"@type":"Person","@id":"https:\/\/www.mylasertabac.com\/ca\/#\/schema\/person\/02c249cb76d912efb6c315ec23eccdf3","name":"Florian Fortes","image":{"@type":"ImageObject","inLanguage":"ca","@id":"https:\/\/www.mylasertabac.com\/wp-content\/litespeed\/avatar\/142101a71d7b9e6490c1120d9c109a67.jpg?ver=1776856306","url":"https:\/\/www.mylasertabac.com\/wp-content\/litespeed\/avatar\/142101a71d7b9e6490c1120d9c109a67.jpg?ver=1776856306","contentUrl":"https:\/\/www.mylasertabac.com\/wp-content\/litespeed\/avatar\/142101a71d7b9e6490c1120d9c109a67.jpg?ver=1776856306","caption":"Florian Fortes"},"sameAs":["https:\/\/www.mylasertabac.com","https:\/\/www.facebook.com\/profile.php?id=61571554707319"],"url":"https:\/\/www.mylasertabac.com\/ca\/author\/florianfortes5312\/"}]}},"_links":{"self":[{"href":"https:\/\/www.mylasertabac.com\/ca\/wp-json\/wp\/v2\/posts\/18499","targetHints":{"allow":["GET"]}}],"collection":[{"href":"https:\/\/www.mylasertabac.com\/ca\/wp-json\/wp\/v2\/posts"}],"about":[{"href":"https:\/\/www.mylasertabac.com\/ca\/wp-json\/wp\/v2\/types\/post"}],"author":[{"embeddable":true,"href":"https:\/\/www.mylasertabac.com\/ca\/wp-json\/wp\/v2\/users\/2"}],"replies":[{"embeddable":true,"href":"https:\/\/www.mylasertabac.com\/ca\/wp-json\/wp\/v2\/comments?post=18499"}],"version-history":[{"count":8,"href":"https:\/\/www.mylasertabac.com\/ca\/wp-json\/wp\/v2\/posts\/18499\/revisions"}],"predecessor-version":[{"id":18552,"href":"https:\/\/www.mylasertabac.com\/ca\/wp-json\/wp\/v2\/posts\/18499\/revisions\/18552"}],"wp:featuredmedia":[{"embeddable":true,"href":"https:\/\/www.mylasertabac.com\/ca\/wp-json\/wp\/v2\/media\/19659"}],"wp:attachment":[{"href":"https:\/\/www.mylasertabac.com\/ca\/wp-json\/wp\/v2\/media?parent=18499"}],"wp:term":[{"taxonomy":"category","embeddable":true,"href":"https:\/\/www.mylasertabac.com\/ca\/wp-json\/wp\/v2\/categories?post=18499"},{"taxonomy":"post_tag","embeddable":true,"href":"https:\/\/www.mylasertabac.com\/ca\/wp-json\/wp\/v2\/tags?post=18499"}],"curies":[{"name":"wp","href":"https:\/\/api.w.org\/{rel}","templated":true}]}}