{"id":18612,"date":"2025-10-21T12:34:04","date_gmt":"2025-10-21T10:34:04","guid":{"rendered":"https:\/\/www.mylasertabac.com\/vam-comencar-a-vapejar-perque-era-mes-barat-ara-els-vapejadors-estan-enfadats-pel-nou-impost-sobre-els-liquids-electronics\/"},"modified":"2025-10-21T23:30:29","modified_gmt":"2025-10-21T21:30:29","slug":"vam-comencar-a-vapejar-perque-era-mes-barat-ara-els-vapejadors-estan-enfadats-pel-nou-impost-sobre-els-liquids-electronics","status":"publish","type":"post","link":"https:\/\/www.mylasertabac.com\/ca\/vam-comencar-a-vapejar-perque-era-mes-barat-ara-els-vapejadors-estan-enfadats-pel-nou-impost-sobre-els-liquids-electronics\/","title":{"rendered":"\u00abVam comen\u00e7ar a vapejar perqu\u00e8 era m\u00e9s barat&#8230; Ara, els vapejadors estan enfadats pel nou impost sobre els l\u00edquids electr\u00f2nics.\u00bb"},"content":{"rendered":"\n<div style=\"height:33px\" aria-hidden=\"true\" class=\"wp-block-spacer\"><\/div>\n\n<p>En els darrers anys, molts adults a Fran\u00e7a han triat el cam\u00ed del <strong>vapeig<\/strong> per escapar del cercle <strong>del tabac<\/strong> , conven\u00e7uts que el <strong>cigarret electr\u00f2nic<\/strong> oferia una alternativa menys costosa i m\u00e9s saludable. Tanmateix, l&#8217;arribada d&#8217;un <g id=\"gid_3\">nou<\/g> impost sobre <g id=\"gid_4\">els l\u00edquids<\/g> de vapeig podria alterar aquest c\u00e0lcul econ\u00f2mic. Les not\u00edcies del <strong>mercat<\/strong> <strong>del vapeig<\/strong> s&#8217;estan escalfant: <strong>els vapejadors<\/strong> se senten atrapats entre el pressupost, la salut i la decisi\u00f3 pol\u00edtica.  <\/p>\n\n<div style=\"height:32px\" aria-hidden=\"true\" class=\"wp-block-spacer\"><\/div>\n\n<figure class=\"wp-block-image alignleft size-full is-resized\"><img fetchpriority=\"high\" decoding=\"async\" width=\"1024\" height=\"1024\" src=\"https:\/\/www.mylasertabac.com\/wp-content\/uploads\/2025\/10\/temoignage-de-Julia-38-ans-qui-buvait-beaucoup-de-lalcool.png\" alt=\"\" class=\"wp-image-18119\" style=\"width:596px;height:auto\" srcset=\"https:\/\/www.mylasertabac.com\/wp-content\/uploads\/2025\/10\/temoignage-de-Julia-38-ans-qui-buvait-beaucoup-de-lalcool.png 1024w, https:\/\/www.mylasertabac.com\/wp-content\/uploads\/2025\/10\/temoignage-de-Julia-38-ans-qui-buvait-beaucoup-de-lalcool-300x300.png 300w, https:\/\/www.mylasertabac.com\/wp-content\/uploads\/2025\/10\/temoignage-de-Julia-38-ans-qui-buvait-beaucoup-de-lalcool-150x150.png 150w, https:\/\/www.mylasertabac.com\/wp-content\/uploads\/2025\/10\/temoignage-de-Julia-38-ans-qui-buvait-beaucoup-de-lalcool-768x768.png 768w\" sizes=\"(max-width: 1024px) 100vw, 1024px\" \/><\/figure>\n\n<h4 class=\"wp-block-heading\">Testimoni d&#8217;un vaper<\/h4>\n\n<p>\u00abAbans fumava un paquet normal de <strong>cigarrets<\/strong> al dia\u00bb, diu Jula*, de 38 anys, <strong>exfumadora<\/strong> . \u00abVaig canviar als <strong>cigarrets electr\u00f2nics<\/strong> fa tres anys perqu\u00e8 eren molt <strong>m\u00e9s barats<\/strong> i vaig poder reduir la meva <strong>ingesta<\/strong> <strong>de nicotina<\/strong> . Ara faig servir una ampolla de <g id=\"gid_6\">l\u00edquid electr\u00f2nic<\/g> cada setmana. I ara ens volen tornar <strong>a cobrar impostos<\/strong> ? Estic molt enfadada\u00bb.  <\/p>\n\n<p>La J\u00falia encarna aquesta nova generaci\u00f3 de <strong>vapers<\/strong> que creien haver trobat en el vapeig una <strong>soluci\u00f3<\/strong> econ\u00f2mica i relacionada amb la salut al <strong>tabaquisme<\/strong> tradicional. Per\u00f2 en el <strong>clima<\/strong> fiscal 2025\/2026, aquesta din\u00e0mica s&#8217;afebleix. <\/p>\n\n<div style=\"height:34px\" aria-hidden=\"true\" class=\"wp-block-spacer\"><\/div>\n\n<h4 class=\"wp-block-heading\">Un impost anunciat per als pressupostos del 2026<\/h4>\n\n<p>El <strong>govern<\/strong> franc\u00e8s est\u00e0 considerant <strong>una legislaci\u00f3<\/strong> que introduiria un <strong>impost<\/strong> espec\u00edfic sobre <strong>els productes<\/strong> de vapeig, incloses les ampolles <strong>de l\u00edquid electr\u00f2nic<\/strong> . Segons diverses fonts, l&#8217;import proposat seria d&#8217;entre 0,03 i 0,05 \u20ac per mil\u00b7lilitre, depenent del contingut <strong>de nicotina<\/strong> .<br\/> Aquesta mesura arriba quan la pressi\u00f3 sobre la ind\u00fastria del vapeig, similar a la que s&#8217;ha exercit sobre <strong>el tabac<\/strong> durant <strong>anys<\/strong> , est\u00e0 creixent. <strong>Els vapejadors<\/strong> denuncien el &#8220;mal senyal&#8221;: imposar un impost quan el vapeig ha perm\u00e8s a milions de <strong>fumadors<\/strong> reduir o deixar de <strong>fumar<\/strong> per complet.    <\/p>\n\n<div style=\"height:34px\" aria-hidden=\"true\" class=\"wp-block-spacer\"><\/div>\n\n<h4 class=\"wp-block-heading\">Per qu\u00e8 van triar vapejar?<\/h4>\n\n<p>Sobre el paper, l&#8217;argument \u00e9s simple: el <strong>cigarret electr\u00f2nic<\/strong> ofereix una alternativa al <strong>tabac<\/strong> combustible, que sovint \u00e9s m\u00e9s car i m\u00e9s nociu. En triar el vapeig, <g id=\"gid_2\">els fumadors<\/g> esperaven reduir el seu <g id=\"gid_3\">pressupost<\/g> , alhora que milloraven la seva <g id=\"gid_4\">salut<\/g> i limitaven els efectes secundaris relacionats amb <g id=\"gid_5\">el tabac<\/g> .<br\/> En Julien ho resumeix: &#8220;Vaig rebre ajuda per deixar de fumar. El vapeig em va donar aquesta <strong>resposta<\/strong> &#8220;.<br\/> Aquesta transici\u00f3 dels cigarrets tradicionals als cigarrets electr\u00f2nics tamb\u00e9 es va veure fomentada per estudis que demostren que el vapeig podria reduir els riscos associats al <strong>tabaquisme<\/strong> , fins i tot si no \u00e9s completament segur.   <\/p>\n\n<div style=\"height:23px\" aria-hidden=\"true\" class=\"wp-block-spacer\"><\/div>\n\n<figure class=\"wp-block-table\"><table class=\"has-fixed-layout\"><tbody><tr><td>Llegiu tamb\u00e9:  <a href=\"https:\/\/www.mylasertabac.comc\"><mark style=\"background-color:rgba(0, 0, 0, 0)\" class=\"has-inline-color has-luminous-vivid-orange-color\">Si vols deixar de fumar, tenim la soluci\u00f3 per a tu. Fes clic aqu\u00ed. <\/mark><\/a><\/td><\/tr><\/tbody><\/table><\/figure>\n\n<div style=\"height:34px\" aria-hidden=\"true\" class=\"wp-block-spacer\"><\/div>\n\n<h4 class=\"wp-block-heading\">Mercat sacsejat pels impostos<\/h4>\n\n<p>El <strong>mercat<\/strong> del vaping ha experimentat <strong>anys<\/strong> de fort creixement. <g id=\"gid_2\">Els productes<\/g> (kits, <g id=\"gid_3\">e-l\u00edquids<\/g> , <g id=\"gid_4\">puffs<\/g> ) han enva\u00eft prestatges, botigues i llocs web. Alguns diuen que <g id=\"gid_5\">els joves<\/g> s&#8217;han deixat seduir pels formats d&#8217;un sol \u00fas ( <g id=\"gid_6\">puffs<\/g> ) o els sabors variats, cosa que ha impulsat el govern a intervenir. <g id=\"gid_7\">Generaci\u00f3 NT+1<\/g><br\/> Per\u00f2, mentre que el vapeig es considerava una alternativa al <g id=\"gid_8\">tabac<\/g> , aquest <g id=\"gid_9\">nou<\/g> impost va despertar r\u00e0pidament hostilitat. <strong>Els vapejadors<\/strong> temen un efecte rebot: que el seu pressupost augmenti, que el vapeig esdevingui menys accessible i que alguns abandonin els cigarrets electr\u00f2nics&#8230; per tornar al <strong>tabac<\/strong> .   <\/p>\n\n<div style=\"height:34px\" aria-hidden=\"true\" class=\"wp-block-spacer\"><\/div>\n\n<h4 class=\"wp-block-heading\">Els reptes per als vapers<\/h4>\n\n<p><strong>El preu<\/strong> \u00e9s una preocupaci\u00f3 clau: una ampolla de <strong>l\u00edquid electr\u00f2nic<\/strong> de 10 ml costava entre 4 i 7 \u20ac, per\u00f2 amb els impostos, aquest cost addicional podria arribar a arribar als 0,30 \u20ac o 0,50 \u20ac, cosa que pesa sobre el pressupost anual d&#8217;un <strong>vapeador<\/strong> que consumeix 60 ml al mes. <a href=\"https:\/\/www.ladepeche.fr\/2025\/10\/15\/budget-2026-le-liquide-de-la-cigarette-electronique-bientot-taxe-a-quel-prix-devrait-il-etre-vendu-12993845.php?utm_source=chatgpt.com\" target=\"_blank\" rel=\"noreferrer noopener\">ladepeche.fr+1<\/a><br\/> A m\u00e9s de la dimensi\u00f3 econ\u00f2mica, hi ha la dimensi\u00f3 <strong>sanit\u00e0ria<\/strong> . <g id=\"gid_5\">El vapeig<\/g> es reconeix com una alternativa al <g id=\"gid_6\">tabac<\/g> per als <g id=\"gid_7\">fumadors<\/g> adults. Gravar <strong>els l\u00edquids electr\u00f2nics<\/strong> equival, segons alguns professionals, a penalitzar aquesta din\u00e0mica de reducci\u00f3 de riscos. <a href=\"https:\/\/www.oliquide.com\/blog\/nouvelle-taxe-sur-le-vapotage-2025-une-menace-pour-les-vapoteurs-et-ex-fumeurs\/?utm_source=chatgpt.com\" target=\"_blank\" rel=\"noreferrer noopener\">oliquide.com+1<\/a><br\/> Finalment, el <strong>medi ambient<\/strong> i la tra\u00e7abilitat dels <strong>productes electr\u00f2nics<\/strong> tamb\u00e9 entren en el debat: els formats d&#8217;un sol \u00fas, l&#8217;arribada dels puffs, les xarxes <strong>de venda<\/strong> paral\u00b7leles obren la porta a pr\u00e0ctiques incontrolades.  <\/p>\n\n<div style=\"height:34px\" aria-hidden=\"true\" class=\"wp-block-spacer\"><\/div>\n\n<h4 class=\"wp-block-heading\">Quina <strong>resposta<\/strong> van donar els actors?<\/h4>\n\n<p>Les associacions i les parts interessades del vapeig fan sonar les alarmes: penalitzar el vapeig fomenta un retorn al <strong>tabac<\/strong> , cosa que va en contra de la l\u00f2gica de la salut p\u00fablica. De fet, <strong>fumar<\/strong> mata gaireb\u00e9 <a href=\"https:\/\/www.evaps.fr\/actualites.taxe-sur-la-vape.html?utm_source=chatgpt.com\" target=\"_blank\" rel=\"noreferrer noopener\">200<\/a> persones cada dia a <strong>Fran\u00e7a<\/strong> .<br\/> El debat es troba, doncs, en una cru\u00eflla: d&#8217;una banda, la l\u00f2gica pressupost\u00e0ria de l&#8217; <strong>Estat<\/strong> , i de l&#8217;altra, la de la <strong>salut<\/strong> i <strong>la vida<\/strong> de milions de <strong>fumadors<\/strong> i vapejadors. <\/p>\n\n<div style=\"height:34px\" aria-hidden=\"true\" class=\"wp-block-spacer\"><\/div>\n\n<h4 class=\"wp-block-heading\">En conclusi\u00f3: deixa de fumar i mira cap al futur<\/h4>\n\n<p>Per a molts, el <strong>cigarret electr\u00f2nic<\/strong> no nom\u00e9s ha estat una alternativa econ\u00f2mica, sin\u00f3 tamb\u00e9 una eina per alliberar-se dels <strong>cigarrets<\/strong> tradicionals. A mesura que el context canvia i <strong>els impostos<\/strong> s&#8217;acosten, pot ser \u00fatil recordar que tamb\u00e9 hi ha m\u00e8todes complementaris per deixar de <strong>fumar<\/strong> .<br\/> <strong><a href=\"https:\/\/www.mylasertabac.com\/ca\/\">La reflexologia auricular<\/a><\/strong> , que ofereix l&#8217;empresa <strong><a href=\"https:\/\/www.mylasertabac.com\/ca\/\">MyLaserTabac<\/a><\/strong> , \u00e9s un d&#8217;aquests m\u00e8todes: estimulant <strong>punts<\/strong> espec\u00edfics de l&#8217;orella, ajuda a superar <strong>la nicotina<\/strong> , l&#8217;addicci\u00f3 i <strong>el tabaquisme<\/strong> , alhora que proporciona beneficis tant <strong>per a la salut<\/strong> com econ\u00f2mics (reduint el <strong>pressupost<\/strong> del tabac). Deixar de <strong>fumar<\/strong> \u00e9s una inversi\u00f3 a la <strong>vida<\/strong> , no nom\u00e9s un guany financer.  <\/p>\n\n<div style=\"height:34px\" aria-hidden=\"true\" class=\"wp-block-spacer\"><\/div>\n\n<figure class=\"wp-block-image size-large\"><img decoding=\"async\" src=\"https:\/\/www.mylasertabac.com\/wp-content\/uploads\/\/mlt-verteau.svg\" alt=\"\" class=\"wp-image-13\"\/><\/figure>\n","protected":false},"excerpt":{"rendered":"<p>En els darrers anys, molts adults a Fran\u00e7a han triat el cam\u00ed del vapeig per escapar del cercle del tabac , conven\u00e7uts que el cigarret electr\u00f2nic oferia una alternativa menys costosa i m\u00e9s saludable. Tanmateix, l&#8217;arribada d&#8217;un nou impost sobre els l\u00edquids de vapeig podria alterar aquest c\u00e0lcul econ\u00f2mic. Les not\u00edcies del mercat del vapeig [&hellip;]<\/p>\n","protected":false},"author":2,"featured_media":18246,"comment_status":"closed","ping_status":"open","sticky":false,"template":"","format":"standard","meta":{"inline_featured_image":false,"footnotes":""},"categories":[159],"tags":[],"class_list":["post-18612","post","type-post","status-publish","format-standard","has-post-thumbnail","hentry","category-salut"],"yoast_head":"<!-- This site is optimized with the Yoast SEO plugin v27.4 - https:\/\/yoast.com\/product\/yoast-seo-wordpress\/ -->\n<title>\u00abVam comen\u00e7ar a vapejar perqu\u00e8 era m\u00e9s barat... Ara, els vapejadors estan enfadats pel nou impost sobre els l\u00edquids electr\u00f2nics.\u00bb - My Laser Tabac<\/title>\n<meta name=\"description\" content=\"Els vapejadors francesos estan enfadats amb el nou impost sobre els l\u00edquids electr\u00f2nics: descobreix per qu\u00e8 vapejar ja no \u00e9s &quot;m\u00e9s barat&quot;.\" \/>\n<meta name=\"robots\" content=\"index, follow, max-snippet:-1, max-image-preview:large, max-video-preview:-1\" \/>\n<link rel=\"canonical\" href=\"https:\/\/www.mylasertabac.com\/ca\/vam-comencar-a-vapejar-perque-era-mes-barat-ara-els-vapejadors-estan-enfadats-pel-nou-impost-sobre-els-liquids-electronics\/\" \/>\n<meta property=\"og:locale\" content=\"ca_ES\" \/>\n<meta property=\"og:type\" content=\"article\" \/>\n<meta property=\"og:title\" content=\"\u00abVam comen\u00e7ar a vapejar perqu\u00e8 era m\u00e9s barat... Ara, els vapejadors estan enfadats pel nou impost sobre els l\u00edquids electr\u00f2nics.\u00bb - My Laser Tabac\" \/>\n<meta property=\"og:description\" content=\"Els vapejadors francesos estan enfadats amb el nou impost sobre els l\u00edquids electr\u00f2nics: descobreix per qu\u00e8 vapejar ja no \u00e9s &quot;m\u00e9s barat&quot;.\" \/>\n<meta property=\"og:url\" content=\"https:\/\/www.mylasertabac.com\/ca\/vam-comencar-a-vapejar-perque-era-mes-barat-ara-els-vapejadors-estan-enfadats-pel-nou-impost-sobre-els-liquids-electronics\/\" \/>\n<meta property=\"og:site_name\" content=\"My Laser Tabac\" \/>\n<meta property=\"article:author\" content=\"https:\/\/www.facebook.com\/profile.php?id=61571554707319\" \/>\n<meta property=\"article:published_time\" content=\"2025-10-21T10:34:04+00:00\" \/>\n<meta property=\"article:modified_time\" content=\"2025-10-21T21:30:29+00:00\" \/>\n<meta property=\"og:image\" content=\"https:\/\/www.mylasertabac.com\/wp-content\/uploads\/2025\/10\/Taxe-2026-liquide-de-cigarette-electronique.jpg\" \/>\n\t<meta property=\"og:image:width\" content=\"864\" \/>\n\t<meta property=\"og:image:height\" content=\"486\" \/>\n\t<meta property=\"og:image:type\" content=\"image\/jpeg\" \/>\n<meta name=\"author\" content=\"Florian Fortes\" \/>\n<meta name=\"twitter:card\" content=\"summary_large_image\" \/>\n<meta name=\"twitter:label1\" content=\"Escrit per\" \/>\n\t<meta name=\"twitter:data1\" content=\"Florian Fortes\" \/>\n\t<meta name=\"twitter:label2\" content=\"Temps estimat de lectura\" \/>\n\t<meta name=\"twitter:data2\" content=\"4 minuts\" \/>\n<script type=\"application\/ld+json\" class=\"yoast-schema-graph\">{\"@context\":\"https:\\\/\\\/schema.org\",\"@graph\":[{\"@type\":\"Article\",\"@id\":\"https:\\\/\\\/www.mylasertabac.com\\\/ca\\\/vam-comencar-a-vapejar-perque-era-mes-barat-ara-els-vapejadors-estan-enfadats-pel-nou-impost-sobre-els-liquids-electronics\\\/#article\",\"isPartOf\":{\"@id\":\"https:\\\/\\\/www.mylasertabac.com\\\/ca\\\/vam-comencar-a-vapejar-perque-era-mes-barat-ara-els-vapejadors-estan-enfadats-pel-nou-impost-sobre-els-liquids-electronics\\\/\"},\"author\":{\"name\":\"Florian Fortes\",\"@id\":\"https:\\\/\\\/www.mylasertabac.com\\\/ca\\\/#\\\/schema\\\/person\\\/02c249cb76d912efb6c315ec23eccdf3\"},\"headline\":\"\u00abVam comen\u00e7ar a vapejar perqu\u00e8 era m\u00e9s barat&#8230; Ara, els vapejadors estan enfadats pel nou impost sobre els l\u00edquids electr\u00f2nics.\u00bb\",\"datePublished\":\"2025-10-21T10:34:04+00:00\",\"dateModified\":\"2025-10-21T21:30:29+00:00\",\"mainEntityOfPage\":{\"@id\":\"https:\\\/\\\/www.mylasertabac.com\\\/ca\\\/vam-comencar-a-vapejar-perque-era-mes-barat-ara-els-vapejadors-estan-enfadats-pel-nou-impost-sobre-els-liquids-electronics\\\/\"},\"wordCount\":900,\"publisher\":{\"@id\":\"https:\\\/\\\/www.mylasertabac.com\\\/ca\\\/#organization\"},\"image\":{\"@id\":\"https:\\\/\\\/www.mylasertabac.com\\\/ca\\\/vam-comencar-a-vapejar-perque-era-mes-barat-ara-els-vapejadors-estan-enfadats-pel-nou-impost-sobre-els-liquids-electronics\\\/#primaryimage\"},\"thumbnailUrl\":\"https:\\\/\\\/www.mylasertabac.com\\\/wp-content\\\/uploads\\\/2025\\\/10\\\/Taxe-2026-liquide-de-cigarette-electronique.jpg\",\"articleSection\":[\"Salut\"],\"inLanguage\":\"ca\"},{\"@type\":\"WebPage\",\"@id\":\"https:\\\/\\\/www.mylasertabac.com\\\/ca\\\/vam-comencar-a-vapejar-perque-era-mes-barat-ara-els-vapejadors-estan-enfadats-pel-nou-impost-sobre-els-liquids-electronics\\\/\",\"url\":\"https:\\\/\\\/www.mylasertabac.com\\\/ca\\\/vam-comencar-a-vapejar-perque-era-mes-barat-ara-els-vapejadors-estan-enfadats-pel-nou-impost-sobre-els-liquids-electronics\\\/\",\"name\":\"\u00abVam comen\u00e7ar a vapejar perqu\u00e8 era m\u00e9s barat... Ara, els vapejadors estan enfadats pel nou impost sobre els l\u00edquids electr\u00f2nics.\u00bb - My Laser Tabac\",\"isPartOf\":{\"@id\":\"https:\\\/\\\/www.mylasertabac.com\\\/ca\\\/#website\"},\"primaryImageOfPage\":{\"@id\":\"https:\\\/\\\/www.mylasertabac.com\\\/ca\\\/vam-comencar-a-vapejar-perque-era-mes-barat-ara-els-vapejadors-estan-enfadats-pel-nou-impost-sobre-els-liquids-electronics\\\/#primaryimage\"},\"image\":{\"@id\":\"https:\\\/\\\/www.mylasertabac.com\\\/ca\\\/vam-comencar-a-vapejar-perque-era-mes-barat-ara-els-vapejadors-estan-enfadats-pel-nou-impost-sobre-els-liquids-electronics\\\/#primaryimage\"},\"thumbnailUrl\":\"https:\\\/\\\/www.mylasertabac.com\\\/wp-content\\\/uploads\\\/2025\\\/10\\\/Taxe-2026-liquide-de-cigarette-electronique.jpg\",\"datePublished\":\"2025-10-21T10:34:04+00:00\",\"dateModified\":\"2025-10-21T21:30:29+00:00\",\"description\":\"Els vapejadors francesos estan enfadats amb el nou impost sobre els l\u00edquids electr\u00f2nics: descobreix per qu\u00e8 vapejar ja no \u00e9s \\\"m\u00e9s barat\\\".\",\"breadcrumb\":{\"@id\":\"https:\\\/\\\/www.mylasertabac.com\\\/ca\\\/vam-comencar-a-vapejar-perque-era-mes-barat-ara-els-vapejadors-estan-enfadats-pel-nou-impost-sobre-els-liquids-electronics\\\/#breadcrumb\"},\"inLanguage\":\"ca\",\"potentialAction\":[{\"@type\":\"ReadAction\",\"target\":[\"https:\\\/\\\/www.mylasertabac.com\\\/ca\\\/vam-comencar-a-vapejar-perque-era-mes-barat-ara-els-vapejadors-estan-enfadats-pel-nou-impost-sobre-els-liquids-electronics\\\/\"]}]},{\"@type\":\"ImageObject\",\"inLanguage\":\"ca\",\"@id\":\"https:\\\/\\\/www.mylasertabac.com\\\/ca\\\/vam-comencar-a-vapejar-perque-era-mes-barat-ara-els-vapejadors-estan-enfadats-pel-nou-impost-sobre-els-liquids-electronics\\\/#primaryimage\",\"url\":\"https:\\\/\\\/www.mylasertabac.com\\\/wp-content\\\/uploads\\\/2025\\\/10\\\/Taxe-2026-liquide-de-cigarette-electronique.jpg\",\"contentUrl\":\"https:\\\/\\\/www.mylasertabac.com\\\/wp-content\\\/uploads\\\/2025\\\/10\\\/Taxe-2026-liquide-de-cigarette-electronique.jpg\",\"width\":864,\"height\":486},{\"@type\":\"BreadcrumbList\",\"@id\":\"https:\\\/\\\/www.mylasertabac.com\\\/ca\\\/vam-comencar-a-vapejar-perque-era-mes-barat-ara-els-vapejadors-estan-enfadats-pel-nou-impost-sobre-els-liquids-electronics\\\/#breadcrumb\",\"itemListElement\":[{\"@type\":\"ListItem\",\"position\":1,\"name\":\"Accueil\",\"item\":\"https:\\\/\\\/www.mylasertabac.com\\\/ca\\\/benvingut\\\/\"},{\"@type\":\"ListItem\",\"position\":2,\"name\":\"\u00abVam comen\u00e7ar a vapejar perqu\u00e8 era m\u00e9s barat&#8230; Ara, els vapejadors estan enfadats pel nou impost sobre els l\u00edquids electr\u00f2nics.\u00bb\"}]},{\"@type\":\"WebSite\",\"@id\":\"https:\\\/\\\/www.mylasertabac.com\\\/ca\\\/#website\",\"url\":\"https:\\\/\\\/www.mylasertabac.com\\\/ca\\\/\",\"name\":\"My Laser Tabac\",\"description\":\"La solution laser qui transforme les fumeurs en ex-fumeurs\",\"publisher\":{\"@id\":\"https:\\\/\\\/www.mylasertabac.com\\\/ca\\\/#organization\"},\"potentialAction\":[{\"@type\":\"SearchAction\",\"target\":{\"@type\":\"EntryPoint\",\"urlTemplate\":\"https:\\\/\\\/www.mylasertabac.com\\\/ca\\\/?s={search_term_string}\"},\"query-input\":{\"@type\":\"PropertyValueSpecification\",\"valueRequired\":true,\"valueName\":\"search_term_string\"}}],\"inLanguage\":\"ca\"},{\"@type\":\"Organization\",\"@id\":\"https:\\\/\\\/www.mylasertabac.com\\\/ca\\\/#organization\",\"name\":\"My Laser Tabac\",\"url\":\"https:\\\/\\\/www.mylasertabac.com\\\/ca\\\/\",\"logo\":{\"@type\":\"ImageObject\",\"inLanguage\":\"ca\",\"@id\":\"https:\\\/\\\/www.mylasertabac.com\\\/ca\\\/#\\\/schema\\\/logo\\\/image\\\/\",\"url\":\"https:\\\/\\\/www.mylasertabac.com\\\/wp-content\\\/uploads\\\/2024\\\/12\\\/mlt-verteau.svg\",\"contentUrl\":\"https:\\\/\\\/www.mylasertabac.com\\\/wp-content\\\/uploads\\\/2024\\\/12\\\/mlt-verteau.svg\",\"caption\":\"My Laser Tabac\"},\"image\":{\"@id\":\"https:\\\/\\\/www.mylasertabac.com\\\/ca\\\/#\\\/schema\\\/logo\\\/image\\\/\"}},{\"@type\":\"Person\",\"@id\":\"https:\\\/\\\/www.mylasertabac.com\\\/ca\\\/#\\\/schema\\\/person\\\/02c249cb76d912efb6c315ec23eccdf3\",\"name\":\"Florian Fortes\",\"image\":{\"@type\":\"ImageObject\",\"inLanguage\":\"ca\",\"@id\":\"https:\\\/\\\/www.mylasertabac.com\\\/wp-content\\\/litespeed\\\/avatar\\\/142101a71d7b9e6490c1120d9c109a67.jpg?ver=1776856306\",\"url\":\"https:\\\/\\\/www.mylasertabac.com\\\/wp-content\\\/litespeed\\\/avatar\\\/142101a71d7b9e6490c1120d9c109a67.jpg?ver=1776856306\",\"contentUrl\":\"https:\\\/\\\/www.mylasertabac.com\\\/wp-content\\\/litespeed\\\/avatar\\\/142101a71d7b9e6490c1120d9c109a67.jpg?ver=1776856306\",\"caption\":\"Florian Fortes\"},\"sameAs\":[\"https:\\\/\\\/www.mylasertabac.com\",\"https:\\\/\\\/www.facebook.com\\\/profile.php?id=61571554707319\"],\"url\":\"https:\\\/\\\/www.mylasertabac.com\\\/ca\\\/author\\\/florianfortes5312\\\/\"}]}<\/script>\n<!-- \/ Yoast SEO plugin. -->","yoast_head_json":{"title":"\u00abVam comen\u00e7ar a vapejar perqu\u00e8 era m\u00e9s barat... Ara, els vapejadors estan enfadats pel nou impost sobre els l\u00edquids electr\u00f2nics.\u00bb - My Laser Tabac","description":"Els vapejadors francesos estan enfadats amb el nou impost sobre els l\u00edquids electr\u00f2nics: descobreix per qu\u00e8 vapejar ja no \u00e9s \"m\u00e9s barat\".","robots":{"index":"index","follow":"follow","max-snippet":"max-snippet:-1","max-image-preview":"max-image-preview:large","max-video-preview":"max-video-preview:-1"},"canonical":"https:\/\/www.mylasertabac.com\/ca\/vam-comencar-a-vapejar-perque-era-mes-barat-ara-els-vapejadors-estan-enfadats-pel-nou-impost-sobre-els-liquids-electronics\/","og_locale":"ca_ES","og_type":"article","og_title":"\u00abVam comen\u00e7ar a vapejar perqu\u00e8 era m\u00e9s barat... Ara, els vapejadors estan enfadats pel nou impost sobre els l\u00edquids electr\u00f2nics.\u00bb - My Laser Tabac","og_description":"Els vapejadors francesos estan enfadats amb el nou impost sobre els l\u00edquids electr\u00f2nics: descobreix per qu\u00e8 vapejar ja no \u00e9s \"m\u00e9s barat\".","og_url":"https:\/\/www.mylasertabac.com\/ca\/vam-comencar-a-vapejar-perque-era-mes-barat-ara-els-vapejadors-estan-enfadats-pel-nou-impost-sobre-els-liquids-electronics\/","og_site_name":"My Laser Tabac","article_author":"https:\/\/www.facebook.com\/profile.php?id=61571554707319","article_published_time":"2025-10-21T10:34:04+00:00","article_modified_time":"2025-10-21T21:30:29+00:00","og_image":[{"width":864,"height":486,"url":"https:\/\/www.mylasertabac.com\/wp-content\/uploads\/2025\/10\/Taxe-2026-liquide-de-cigarette-electronique.jpg","type":"image\/jpeg"}],"author":"Florian Fortes","twitter_card":"summary_large_image","twitter_misc":{"Escrit per":"Florian Fortes","Temps estimat de lectura":"4 minuts"},"schema":{"@context":"https:\/\/schema.org","@graph":[{"@type":"Article","@id":"https:\/\/www.mylasertabac.com\/ca\/vam-comencar-a-vapejar-perque-era-mes-barat-ara-els-vapejadors-estan-enfadats-pel-nou-impost-sobre-els-liquids-electronics\/#article","isPartOf":{"@id":"https:\/\/www.mylasertabac.com\/ca\/vam-comencar-a-vapejar-perque-era-mes-barat-ara-els-vapejadors-estan-enfadats-pel-nou-impost-sobre-els-liquids-electronics\/"},"author":{"name":"Florian Fortes","@id":"https:\/\/www.mylasertabac.com\/ca\/#\/schema\/person\/02c249cb76d912efb6c315ec23eccdf3"},"headline":"\u00abVam comen\u00e7ar a vapejar perqu\u00e8 era m\u00e9s barat&#8230; Ara, els vapejadors estan enfadats pel nou impost sobre els l\u00edquids electr\u00f2nics.\u00bb","datePublished":"2025-10-21T10:34:04+00:00","dateModified":"2025-10-21T21:30:29+00:00","mainEntityOfPage":{"@id":"https:\/\/www.mylasertabac.com\/ca\/vam-comencar-a-vapejar-perque-era-mes-barat-ara-els-vapejadors-estan-enfadats-pel-nou-impost-sobre-els-liquids-electronics\/"},"wordCount":900,"publisher":{"@id":"https:\/\/www.mylasertabac.com\/ca\/#organization"},"image":{"@id":"https:\/\/www.mylasertabac.com\/ca\/vam-comencar-a-vapejar-perque-era-mes-barat-ara-els-vapejadors-estan-enfadats-pel-nou-impost-sobre-els-liquids-electronics\/#primaryimage"},"thumbnailUrl":"https:\/\/www.mylasertabac.com\/wp-content\/uploads\/2025\/10\/Taxe-2026-liquide-de-cigarette-electronique.jpg","articleSection":["Salut"],"inLanguage":"ca"},{"@type":"WebPage","@id":"https:\/\/www.mylasertabac.com\/ca\/vam-comencar-a-vapejar-perque-era-mes-barat-ara-els-vapejadors-estan-enfadats-pel-nou-impost-sobre-els-liquids-electronics\/","url":"https:\/\/www.mylasertabac.com\/ca\/vam-comencar-a-vapejar-perque-era-mes-barat-ara-els-vapejadors-estan-enfadats-pel-nou-impost-sobre-els-liquids-electronics\/","name":"\u00abVam comen\u00e7ar a vapejar perqu\u00e8 era m\u00e9s barat... Ara, els vapejadors estan enfadats pel nou impost sobre els l\u00edquids electr\u00f2nics.\u00bb - My Laser Tabac","isPartOf":{"@id":"https:\/\/www.mylasertabac.com\/ca\/#website"},"primaryImageOfPage":{"@id":"https:\/\/www.mylasertabac.com\/ca\/vam-comencar-a-vapejar-perque-era-mes-barat-ara-els-vapejadors-estan-enfadats-pel-nou-impost-sobre-els-liquids-electronics\/#primaryimage"},"image":{"@id":"https:\/\/www.mylasertabac.com\/ca\/vam-comencar-a-vapejar-perque-era-mes-barat-ara-els-vapejadors-estan-enfadats-pel-nou-impost-sobre-els-liquids-electronics\/#primaryimage"},"thumbnailUrl":"https:\/\/www.mylasertabac.com\/wp-content\/uploads\/2025\/10\/Taxe-2026-liquide-de-cigarette-electronique.jpg","datePublished":"2025-10-21T10:34:04+00:00","dateModified":"2025-10-21T21:30:29+00:00","description":"Els vapejadors francesos estan enfadats amb el nou impost sobre els l\u00edquids electr\u00f2nics: descobreix per qu\u00e8 vapejar ja no \u00e9s \"m\u00e9s barat\".","breadcrumb":{"@id":"https:\/\/www.mylasertabac.com\/ca\/vam-comencar-a-vapejar-perque-era-mes-barat-ara-els-vapejadors-estan-enfadats-pel-nou-impost-sobre-els-liquids-electronics\/#breadcrumb"},"inLanguage":"ca","potentialAction":[{"@type":"ReadAction","target":["https:\/\/www.mylasertabac.com\/ca\/vam-comencar-a-vapejar-perque-era-mes-barat-ara-els-vapejadors-estan-enfadats-pel-nou-impost-sobre-els-liquids-electronics\/"]}]},{"@type":"ImageObject","inLanguage":"ca","@id":"https:\/\/www.mylasertabac.com\/ca\/vam-comencar-a-vapejar-perque-era-mes-barat-ara-els-vapejadors-estan-enfadats-pel-nou-impost-sobre-els-liquids-electronics\/#primaryimage","url":"https:\/\/www.mylasertabac.com\/wp-content\/uploads\/2025\/10\/Taxe-2026-liquide-de-cigarette-electronique.jpg","contentUrl":"https:\/\/www.mylasertabac.com\/wp-content\/uploads\/2025\/10\/Taxe-2026-liquide-de-cigarette-electronique.jpg","width":864,"height":486},{"@type":"BreadcrumbList","@id":"https:\/\/www.mylasertabac.com\/ca\/vam-comencar-a-vapejar-perque-era-mes-barat-ara-els-vapejadors-estan-enfadats-pel-nou-impost-sobre-els-liquids-electronics\/#breadcrumb","itemListElement":[{"@type":"ListItem","position":1,"name":"Accueil","item":"https:\/\/www.mylasertabac.com\/ca\/benvingut\/"},{"@type":"ListItem","position":2,"name":"\u00abVam comen\u00e7ar a vapejar perqu\u00e8 era m\u00e9s barat&#8230; Ara, els vapejadors estan enfadats pel nou impost sobre els l\u00edquids electr\u00f2nics.\u00bb"}]},{"@type":"WebSite","@id":"https:\/\/www.mylasertabac.com\/ca\/#website","url":"https:\/\/www.mylasertabac.com\/ca\/","name":"My Laser Tabac","description":"La solution laser qui transforme les fumeurs en ex-fumeurs","publisher":{"@id":"https:\/\/www.mylasertabac.com\/ca\/#organization"},"potentialAction":[{"@type":"SearchAction","target":{"@type":"EntryPoint","urlTemplate":"https:\/\/www.mylasertabac.com\/ca\/?s={search_term_string}"},"query-input":{"@type":"PropertyValueSpecification","valueRequired":true,"valueName":"search_term_string"}}],"inLanguage":"ca"},{"@type":"Organization","@id":"https:\/\/www.mylasertabac.com\/ca\/#organization","name":"My Laser Tabac","url":"https:\/\/www.mylasertabac.com\/ca\/","logo":{"@type":"ImageObject","inLanguage":"ca","@id":"https:\/\/www.mylasertabac.com\/ca\/#\/schema\/logo\/image\/","url":"https:\/\/www.mylasertabac.com\/wp-content\/uploads\/2024\/12\/mlt-verteau.svg","contentUrl":"https:\/\/www.mylasertabac.com\/wp-content\/uploads\/2024\/12\/mlt-verteau.svg","caption":"My Laser Tabac"},"image":{"@id":"https:\/\/www.mylasertabac.com\/ca\/#\/schema\/logo\/image\/"}},{"@type":"Person","@id":"https:\/\/www.mylasertabac.com\/ca\/#\/schema\/person\/02c249cb76d912efb6c315ec23eccdf3","name":"Florian Fortes","image":{"@type":"ImageObject","inLanguage":"ca","@id":"https:\/\/www.mylasertabac.com\/wp-content\/litespeed\/avatar\/142101a71d7b9e6490c1120d9c109a67.jpg?ver=1776856306","url":"https:\/\/www.mylasertabac.com\/wp-content\/litespeed\/avatar\/142101a71d7b9e6490c1120d9c109a67.jpg?ver=1776856306","contentUrl":"https:\/\/www.mylasertabac.com\/wp-content\/litespeed\/avatar\/142101a71d7b9e6490c1120d9c109a67.jpg?ver=1776856306","caption":"Florian Fortes"},"sameAs":["https:\/\/www.mylasertabac.com","https:\/\/www.facebook.com\/profile.php?id=61571554707319"],"url":"https:\/\/www.mylasertabac.com\/ca\/author\/florianfortes5312\/"}]}},"_links":{"self":[{"href":"https:\/\/www.mylasertabac.com\/ca\/wp-json\/wp\/v2\/posts\/18612","targetHints":{"allow":["GET"]}}],"collection":[{"href":"https:\/\/www.mylasertabac.com\/ca\/wp-json\/wp\/v2\/posts"}],"about":[{"href":"https:\/\/www.mylasertabac.com\/ca\/wp-json\/wp\/v2\/types\/post"}],"author":[{"embeddable":true,"href":"https:\/\/www.mylasertabac.com\/ca\/wp-json\/wp\/v2\/users\/2"}],"replies":[{"embeddable":true,"href":"https:\/\/www.mylasertabac.com\/ca\/wp-json\/wp\/v2\/comments?post=18612"}],"version-history":[{"count":1,"href":"https:\/\/www.mylasertabac.com\/ca\/wp-json\/wp\/v2\/posts\/18612\/revisions"}],"predecessor-version":[{"id":18615,"href":"https:\/\/www.mylasertabac.com\/ca\/wp-json\/wp\/v2\/posts\/18612\/revisions\/18615"}],"wp:featuredmedia":[{"embeddable":true,"href":"https:\/\/www.mylasertabac.com\/ca\/wp-json\/wp\/v2\/media\/18246"}],"wp:attachment":[{"href":"https:\/\/www.mylasertabac.com\/ca\/wp-json\/wp\/v2\/media?parent=18612"}],"wp:term":[{"taxonomy":"category","embeddable":true,"href":"https:\/\/www.mylasertabac.com\/ca\/wp-json\/wp\/v2\/categories?post=18612"},{"taxonomy":"post_tag","embeddable":true,"href":"https:\/\/www.mylasertabac.com\/ca\/wp-json\/wp\/v2\/tags?post=18612"}],"curies":[{"name":"wp","href":"https:\/\/api.w.org\/{rel}","templated":true}]}}