{"id":18652,"date":"2025-10-26T09:47:06","date_gmt":"2025-10-26T08:47:06","guid":{"rendered":"https:\/\/www.mylasertabac.com\/per-que-obrir-la-teva-franquicia-mylasertabac-una-oportunitat-unica-en-un-mercat-en-auge\/"},"modified":"2025-10-26T09:50:46","modified_gmt":"2025-10-26T08:50:46","slug":"per-que-obrir-la-teva-franquicia-mylasertabac-una-oportunitat-unica-en-un-mercat-en-auge","status":"publish","type":"post","link":"https:\/\/www.mylasertabac.com\/ca\/per-que-obrir-la-teva-franquicia-mylasertabac-una-oportunitat-unica-en-un-mercat-en-auge\/","title":{"rendered":"Per qu\u00e8 obrir la teva franqu\u00edcia MyLaserTabac? Una oportunitat \u00fanica en un mercat en auge"},"content":{"rendered":"\n<p>Hi ha decisions que canvien una vida.<br\/> Obrir un centre MyLaserTabac \u00e9s una d&#8217;elles.<br\/> En un moment en qu\u00e8 la salut, el benestar i la prevenci\u00f3 s\u00f3n prioritats centrals, <strong>la recuperaci\u00f3 de les addiccions<\/strong> representa un <strong>sector en auge<\/strong> .<br\/> Fumar menys, gestionar millor l&#8217;estr\u00e8s, alliberar-se del sucre o l&#8217;alcohol, recuperar l&#8217;equilibri i l&#8217;energia: cada cop m\u00e9s francesos busquen <strong>solucions naturals<\/strong> per sentir-se millor.<br\/> I aix\u00f2 \u00e9s precisament el que ofereix <strong>MyLaserTabac<\/strong> , la <strong>xarxa l\u00edder<\/strong> en <strong>reflexologia \u00f2ptica l\u00e0ser<\/strong> .<\/p>\n\n<p>Per\u00f2, per qu\u00e8 convertir-se en franquiciat en aquesta aventura?<br\/>I com ajuda MyLaserTabac els seus socis de la A a la Z a construir un \u00e8xit durador?<br\/>Aqu\u00ed teniu tot el que heu de saber abans de comen\u00e7ar.<\/p>\n\n<div style=\"height:28px\" aria-hidden=\"true\" class=\"wp-block-spacer\"><\/div>\n\n<figure class=\"wp-block-image alignleft size-full is-resized\"><img fetchpriority=\"high\" decoding=\"async\" width=\"976\" height=\"960\" src=\"https:\/\/www.mylasertabac.com\/wp-content\/uploads\/2025\/06\/centre-laser-anti-tabac-Mylasertabac-a-Albi-dans-le-tarn-.jpeg\" alt=\"\" class=\"wp-image-9732\" style=\"width:450px;height:auto\" srcset=\"https:\/\/www.mylasertabac.com\/wp-content\/uploads\/2025\/06\/centre-laser-anti-tabac-Mylasertabac-a-Albi-dans-le-tarn-.jpeg 976w, https:\/\/www.mylasertabac.com\/wp-content\/uploads\/2025\/06\/centre-laser-anti-tabac-Mylasertabac-a-Albi-dans-le-tarn--300x295.jpeg 300w, https:\/\/www.mylasertabac.com\/wp-content\/uploads\/2025\/06\/centre-laser-anti-tabac-Mylasertabac-a-Albi-dans-le-tarn--768x755.jpeg 768w\" sizes=\"(max-width: 976px) 100vw, 976px\" \/><\/figure>\n<div data-is-block=\"jet-engine\/dynamic-image\"><div class=\"jet-listing jet-listing-dynamic-image\" ><a href=\"https:\/\/www.mylasertabac.com\/ca\/per-que-obrir-la-teva-franquicia-mylasertabac-una-oportunitat-unica-en-un-mercat-en-auge\/\" class=\"jet-listing-dynamic-image__link\"><img decoding=\"async\" width=\"1536\" height=\"1024\" src=\"https:\/\/www.mylasertabac.com\/wp-content\/uploads\/2025\/10\/Devenez-franchise-Mylasertabac-1.png\" class=\"jet-listing-dynamic-image__img attachment-full size-full wp-post-image\" alt=\"Devenez franchis\u00e9 Mylasertabac\" srcset=\"https:\/\/www.mylasertabac.com\/wp-content\/uploads\/2025\/10\/Devenez-franchise-Mylasertabac-1.png 1536w, https:\/\/www.mylasertabac.com\/wp-content\/uploads\/2025\/10\/Devenez-franchise-Mylasertabac-1-300x200.png 300w, https:\/\/www.mylasertabac.com\/wp-content\/uploads\/2025\/10\/Devenez-franchise-Mylasertabac-1-1024x683.png 1024w, https:\/\/www.mylasertabac.com\/wp-content\/uploads\/2025\/10\/Devenez-franchise-Mylasertabac-1-768x512.png 768w\" sizes=\"(max-width: 1536px) 100vw, 1536px\" style=\"\" loading=\"eager\" \/><\/a><\/div><\/div>\n<h2 class=\"wp-block-heading\"><strong>Un concepte innovador al cor del benestar modern<\/strong><\/h2>\n\n<p>MyLaserTabac es basa en un m\u00e8tode senzill, suau i amb base cient\u00edfica: <strong>la reflexologia l\u00e0ser de l&#8217;orella<\/strong> .<br\/> Aquesta t\u00e8cnica estimula punts espec\u00edfics situats a l&#8217;aur\u00edcula mitjan\u00e7ant un <strong>l\u00e0ser suau i indolor<\/strong> .<br\/> Actua sobre els circuits nerviosos relacionats amb les addiccions i promou l&#8217;alliberament d&#8217;endorfines, les famoses hormones del benestar.<\/p>\n\n<p>Resultat: les \u00e0nsies disminueixen, l&#8217;estr\u00e8s disminueix i la motivaci\u00f3 per deixar de fumar o reequilibrar els h\u00e0bits alimentaris s&#8217;estableix de manera natural.<br\/> \u00c9s un enfocament sense f\u00e0rmacs, sense efectes secundaris i accessible per a tothom, una combinaci\u00f3 rara que atrau un p\u00fablic cada cop m\u00e9s ampli.<\/p>\n\n<p>El m\u00e8tode MyLaserTabac \u00e9s reconegut pels seus <strong>resultats r\u00e0pids i duradors<\/strong> .<br\/> Ajuda a la gent <strong>a deixar de fumar<\/strong> , per\u00f2 tamb\u00e9 <strong>a reduir les addiccions<\/strong> al <strong>sucre<\/strong> , <strong>l&#8217;alcohol<\/strong> i <strong>el c\u00e0nnabis<\/strong> , aix\u00ed com <strong>a controlar l&#8217;estr\u00e8s i el pes<\/strong> .<br\/> Aquesta versatilitat converteix la franqu\u00edcia en un model amb un fort potencial en un mercat encara poc explotat.<\/p>\n\n<div style=\"height:44px\" aria-hidden=\"true\" class=\"wp-block-spacer\"><\/div>\n\n<div class=\"wp-block-buttons is-content-justification-center is-layout-flex wp-container-core-buttons-is-layout-a89b3969 wp-block-buttons-is-layout-flex\">\n<div class=\"wp-block-button\"><a class=\"wp-block-button__link has-text-align-center wp-element-button\" href=\"https:\/\/www.mylasertabac.com\/ca\/informacio\/formacio-laser-antitabac-i-addiccio\/\"><mark style=\"background-color:rgba(0, 0, 0, 0)\" class=\"has-inline-color has-pale-cyan-blue-color\">Si voleu saber-ne m\u00e9s sobre la franqu\u00edcia Mylasertabac, feu clic aqu\u00ed<\/mark><\/a><\/div>\n<\/div>\n\n<div style=\"height:32px\" aria-hidden=\"true\" class=\"wp-block-spacer\"><\/div>\n\n<h2 class=\"wp-block-heading\"><strong>Un mercat en constant creixement<\/strong><\/h2>\n\n<p>Els n\u00fameros parlen per si sols:<\/p>\n\n<ul class=\"wp-block-list\">\n<li>M\u00e9s de <strong>12 milions de fumadors<\/strong> a Fran\u00e7a.<\/li>\n\n\n\n<li>Un augment continu dels trastorns relacionats amb <strong>l&#8217;estr\u00e8s<\/strong> , <strong>la fatiga<\/strong> i <strong>el consum excessiu<\/strong> (tabac, sucre, alcohol).<\/li>\n\n\n\n<li>Una demanda exponencial de solucions naturals i sense f\u00e0rmacs.<\/li>\n<\/ul>\n\n<p>El context \u00e9s favorable: els francesos volen recuperar el control de la seva salut, per\u00f2 sense rec\u00f3rrer a substituts qu\u00edmics.<br\/> MyLaserTabac forma part d&#8217;aquesta din\u00e0mica, amb un <strong>enfocament suau, efica\u00e7 i modern<\/strong> .<\/p>\n\n<p>Per a un futur franquiciat, aix\u00f2 significa una cosa: un mercat s\u00f2lid, sostenible i altament rendible, recolzat per una <strong>tend\u00e8ncia social subjacent<\/strong> .<\/p>\n\n<div style=\"height:23px\" aria-hidden=\"true\" class=\"wp-block-spacer\"><\/div>\n\n<figure class=\"wp-block-embed is-type-video is-provider-youtube wp-block-embed-youtube wp-embed-aspect-9-16 wp-has-aspect-ratio\"><div class=\"wp-block-embed__wrapper\">\n<iframe title=\"\u2705Formation r\u00e9flexologie auriculaire MylaserTabac#humour #franchise #sevragetabagique #laserantitabac\" width=\"563\" height=\"1000\" src=\"https:\/\/www.youtube.com\/embed\/yY-Goq8jL9U?feature=oembed\" frameborder=\"0\" allow=\"accelerometer; autoplay; clipboard-write; encrypted-media; gyroscope; picture-in-picture; web-share\" referrerpolicy=\"strict-origin-when-cross-origin\" allowfullscreen><\/iframe>\n<\/div><\/figure>\n\n<h2 class=\"wp-block-heading\"><strong>Formaci\u00f3 completa en nom\u00e9s dos dies<\/strong><\/h2>\n\n<p>Per convertir-se en franqu\u00edciat de MyLaserTabac no cal <strong>cap diploma de medicina<\/strong> .<br\/> La xarxa ha desenvolupat un <strong>curs intensiu de formaci\u00f3 de dos dies<\/strong> , accessible a tots aquells que vulguin adoptar un enfocament seri\u00f3s i hum\u00e0.<\/p>\n\n<p>Aquesta formaci\u00f3 es duu a terme en un entorn professional, dirigida per experts en la mat\u00e8ria.<br\/> Inclou:<\/p>\n\n<ul class=\"wp-block-list\">\n<li>Aprenentatge dels conceptes b\u00e0sics de <strong>la reflexologia auricular<\/strong> ;<\/li>\n\n\n\n<li>Domini de l&#8217;eina <strong>l\u00e0ser<\/strong> i dels protocols MyLaserTabac;<\/li>\n\n\n\n<li>Comprendre el <strong>funcionament fisiol\u00f2gic de les addiccions<\/strong> ;<\/li>\n\n\n\n<li>Recepci\u00f3, seguiment i atenci\u00f3 al client;<\/li>\n\n\n\n<li>I aplicaci\u00f3 pr\u00e0ctica immediata mitjan\u00e7ant <strong>casos concrets i supervisats<\/strong> .<\/li>\n<\/ul>\n\n<p>Al final d&#8217;aquests dos dies, els franquiciats marxen <strong>operatius<\/strong> , amb tots els coneixements necessaris per obrir el seu propi centre la setmana seg\u00fcent.<\/p>\n\n<div style=\"height:23px\" aria-hidden=\"true\" class=\"wp-block-spacer\"><\/div>\n\n<h2 class=\"wp-block-heading\"><strong>Suport clau en m\u00e0<\/strong><\/h2>\n\n<p>El que diferencia MyLaserTabac \u00e9s el seu <strong>suport integral<\/strong> .<br\/> El franquiciat mai est\u00e0 sol: tot est\u00e0 dissenyat per permetre-li iniciar el seu negoci en les millors condicions possibles.<\/p>\n\n<div style=\"height:12px\" aria-hidden=\"true\" class=\"wp-block-spacer\"><\/div>\n\n<h3 class=\"wp-block-heading\">\ud83d\udd39 Disseny i equipament<\/h3>\n\n<p>L&#8217;equip de MyLaserTabac \u00e9s responsable de la maquetaci\u00f3 completa del centre, depenent de l&#8217;espai disponible.<br\/> Des del mobiliari fins a l&#8217;equipament, tot est\u00e0 dissenyat per proporcionar un ambient professional, c\u00e0lid i tranquil\u00b7litzador.<br\/> L&#8217;equip l\u00e0ser que es proporciona \u00e9s <strong>de grau m\u00e8dic<\/strong> , fiable i f\u00e0cil d&#8217;utilitzar.<\/p>\n\n<div style=\"height:12px\" aria-hidden=\"true\" class=\"wp-block-spacer\"><\/div>\n\n<h3 class=\"wp-block-heading\">\ud83d\udd39 Comunicaci\u00f3 i visibilitat<\/h3>\n\n<p>Perqu\u00e8 un bon concepte mereix ser vist, MyLaserTabac s&#8217;encarrega de <strong>la comunicaci\u00f3 digital<\/strong> :<\/p>\n\n<ul class=\"wp-block-list\">\n<li>Creaci\u00f3 i optimitzaci\u00f3 del lloc web local,<\/li>\n\n\n\n<li>Gesti\u00f3 <strong>de xarxes socials<\/strong> (Facebook, Instagram, Google My Business),<\/li>\n\n\n\n<li>Refer\u00e8ncia natural per garantir una <strong>pres\u00e8ncia a la primera p\u00e0gina<\/strong> dels motors de cerca,<\/li>\n\n\n\n<li>Campanyes de publicitat local dirigides per atraure r\u00e0pidament els primers clients.<\/li>\n<\/ul>\n\n<p>En unir-se a la xarxa, els franquiciats es beneficien de <strong>notorietat nacional<\/strong> i <strong>coneixements de m\u00e0rqueting provats<\/strong> .<\/p>\n\n<div style=\"height:20px\" aria-hidden=\"true\" class=\"wp-block-spacer\"><\/div>\n\n<h2 class=\"wp-block-heading\"><strong>Eines i suport continu<\/strong><\/h2>\n\n<p>Un dels punts forts del model MyLaserTabac \u00e9s la seva <strong>filosofia de col\u00b7laboraci\u00f3<\/strong> .<br\/> Cada franquiciat s&#8217;uneix a una <strong>xarxa din\u00e0mica i solid\u00e0ria<\/strong> , amb acc\u00e9s privilegiat a:<\/p>\n\n<ul class=\"wp-block-list\">\n<li><strong>eines de gesti\u00f3<\/strong> senzilles i eficients;<\/li>\n\n\n\n<li><strong>suport t\u00e8cnic<\/strong> responsiu;<\/li>\n\n\n\n<li><strong>reunions i formaci\u00f3 cont\u00ednues<\/strong> ;<\/li>\n\n\n\n<li><strong>intercanvi d&#8217;experi\u00e8ncies<\/strong> entre els professionals de la xarxa.<\/li>\n<\/ul>\n\n<p>Aquest suport constant permet a tothom progressar, millorar el seu rendiment i ampliar la seva base de clients amb total tranquil\u00b7litat.<\/p>\n\n<div style=\"height:18px\" aria-hidden=\"true\" class=\"wp-block-spacer\"><\/div>\n\n<h2 class=\"wp-block-heading\"><strong>Una marca forta i un concepte rendible<\/strong><\/h2>\n\n<p>MyLaserTabac s&#8217;ha consolidat com <strong>a l\u00edder franc\u00e8s<\/strong> en el camp de <a href=\"https:\/\/www.mylasertabac.com\/ca\/\"><strong>la reflexologia \u00f2ptica l\u00e0ser<\/strong><\/a> .<br\/> La seva reputaci\u00f3, el seu rigor i els seus resultats la converteixen en una refer\u00e8ncia tant per a clients com per a professionals.<\/p>\n\n<p>La franqu\u00edcia es basa en un <strong>model econ\u00f2mic saludable i rendible<\/strong> , amb una inversi\u00f3 inicial controlada i un r\u00e0pid retorn de la inversi\u00f3.<br\/> Els marges s\u00f3n estables, els clients s\u00f3n fidels i una alta satisfacci\u00f3 del client contribueix al creixement natural del boca-orella.<\/p>\n\n<p>Els centres <a href=\"https:\/\/www.mylasertabac.com\/ca\/\">MyLaserTabac<\/a> atrauen un p\u00fablic divers: exfumadors, persones que busquen benestar i individus que busquen reequilibrar el seu estil de vida.<br\/> Aquest pluralisme garanteix una activitat constant durant tot l&#8217;any.<\/p>\n\n<div style=\"height:20px\" aria-hidden=\"true\" class=\"wp-block-spacer\"><\/div>\n\n<h2 class=\"wp-block-heading\"><strong>Per qu\u00e8 ara \u00e9s el moment adequat per comen\u00e7ar<\/strong><\/h2>\n\n<p>La necessitat d&#8217;un suport natural est\u00e0 creixent de manera explosiva, i les pol\u00edtiques de salut p\u00fablica donen suport a la prevenci\u00f3 de les addiccions.<br\/> A m\u00e9s, <strong>el l\u00e0ser terap\u00e8utic<\/strong> i <strong>els m\u00e8todes suaus<\/strong> estan guanyant reconeixement.<br\/> En aquest context, obrir una <strong>franqu\u00edcia MyLaserTabac<\/strong> significa entrar en el futur del benestar, amb un model s\u00f2lid, provat i hum\u00e0.<\/p>\n\n<p>Tamb\u00e9 significa unir-se a una comunitat de professionals apassionats, impulsats per una visi\u00f3 comuna: <strong>ajudar els altres a recuperar la seva llibertat<\/strong> .<\/p>\n\n<div style=\"height:20px\" aria-hidden=\"true\" class=\"wp-block-spacer\"><\/div>\n\n<h2 class=\"wp-block-heading\"><strong>En conclusi\u00f3: m\u00e9s que una franqu\u00edcia, una missi\u00f3<\/strong><\/h2>\n\n<p>Convertir-se en franquiciat de MyLaserTabac \u00e9s molt m\u00e9s que una elecci\u00f3 professional: \u00e9s un comprom\u00eds.<br\/> Est\u00e0 contribuint a una societat m\u00e9s conscient, sana i equilibrada.<br\/> Significa tenir una feina \u00fatil, gratificant i significativa.<\/p>\n\n<p>MyLaserTabac t&#8217;ho ofereix tot: formaci\u00f3, equipament, maquetaci\u00f3, comunicaci\u00f3 i suport.<br\/>Dep\u00e8n de tu aportar la teva energia, la teva capacitat d&#8217;escolta i les teves ganes d&#8217;ajudar els altres.<\/p>\n\n<p>Perqu\u00e8 m\u00e9s enll\u00e0 d&#8217;un concepte, MyLaserTabac \u00e9s una <strong>missi\u00f3 humana<\/strong> : retornar a tothom el poder de respirar lliurement.<\/p>\n\n<figure class=\"wp-block-embed is-type-video is-provider-youtube wp-block-embed-youtube wp-embed-aspect-9-16 wp-has-aspect-ratio\"><div class=\"wp-block-embed__wrapper\">\n<iframe title=\"\u2705Nous recherchons de nouveau soldat pour combattre les addictions #tabac  #Mylasertabac #franchise\" width=\"563\" height=\"1000\" src=\"https:\/\/www.youtube.com\/embed\/9F6KNO6GtkI?feature=oembed\" frameborder=\"0\" allow=\"accelerometer; autoplay; clipboard-write; encrypted-media; gyroscope; picture-in-picture; web-share\" referrerpolicy=\"strict-origin-when-cross-origin\" allowfullscreen><\/iframe>\n<\/div><\/figure>\n\n<div style=\"height:20px\" aria-hidden=\"true\" class=\"wp-block-spacer\"><\/div>\n\n<figure class=\"wp-block-image size-large\"><img decoding=\"async\" src=\"https:\/\/www.mylasertabac.com\/wp-content\/uploads\/\/mlt-verteau.svg\" alt=\"\" class=\"wp-image-13\"\/><\/figure>\n","protected":false},"excerpt":{"rendered":"<p>Hi ha decisions que canvien una vida. Obrir un centre MyLaserTabac \u00e9s una d&#8217;elles. En un moment en qu\u00e8 la salut, el benestar i la prevenci\u00f3 s\u00f3n prioritats centrals, la recuperaci\u00f3 de les addiccions representa un sector en auge . Fumar menys, gestionar millor l&#8217;estr\u00e8s, alliberar-se del sucre o l&#8217;alcohol, recuperar l&#8217;equilibri i l&#8217;energia: cada [&hellip;]<\/p>\n","protected":false},"author":2,"featured_media":18639,"comment_status":"closed","ping_status":"open","sticky":false,"template":"","format":"standard","meta":{"inline_featured_image":false,"footnotes":""},"categories":[590],"tags":[],"class_list":["post-18652","post","type-post","status-publish","format-standard","has-post-thumbnail","hentry","category-negoci"],"yoast_head":"<!-- This site is optimized with the Yoast SEO plugin v27.4 - https:\/\/yoast.com\/product\/yoast-seo-wordpress\/ -->\n<title>Per qu\u00e8 obrir la teva franqu\u00edcia MyLaserTabac? Una oportunitat \u00fanica en un mercat en auge - My Laser Tabac<\/title>\n<meta name=\"description\" content=\"Uneix-te a la franqu\u00edcia MyLaserTabac, l\u00edder en el tractament de les addiccions i el tabaquisme amb l\u00e0ser, i desenvolupa el teu propi centre de benestar rendible.\" \/>\n<meta name=\"robots\" content=\"index, follow, max-snippet:-1, max-image-preview:large, max-video-preview:-1\" \/>\n<link rel=\"canonical\" href=\"https:\/\/www.mylasertabac.com\/ca\/per-que-obrir-la-teva-franquicia-mylasertabac-una-oportunitat-unica-en-un-mercat-en-auge\/\" \/>\n<meta property=\"og:locale\" content=\"ca_ES\" \/>\n<meta property=\"og:type\" content=\"article\" \/>\n<meta property=\"og:title\" content=\"Per qu\u00e8 obrir la teva franqu\u00edcia MyLaserTabac? Una oportunitat \u00fanica en un mercat en auge - My Laser Tabac\" \/>\n<meta property=\"og:description\" content=\"Uneix-te a la franqu\u00edcia MyLaserTabac, l\u00edder en el tractament de les addiccions i el tabaquisme amb l\u00e0ser, i desenvolupa el teu propi centre de benestar rendible.\" \/>\n<meta property=\"og:url\" content=\"https:\/\/www.mylasertabac.com\/ca\/per-que-obrir-la-teva-franquicia-mylasertabac-una-oportunitat-unica-en-un-mercat-en-auge\/\" \/>\n<meta property=\"og:site_name\" content=\"My Laser Tabac\" \/>\n<meta property=\"article:author\" content=\"https:\/\/www.facebook.com\/profile.php?id=61571554707319\" \/>\n<meta property=\"article:published_time\" content=\"2025-10-26T08:47:06+00:00\" \/>\n<meta property=\"article:modified_time\" content=\"2025-10-26T08:50:46+00:00\" \/>\n<meta property=\"og:image\" content=\"https:\/\/www.mylasertabac.com\/wp-content\/uploads\/2025\/10\/Devenez-franchise-Mylasertabac-1-1024x683.png\" \/>\n\t<meta property=\"og:image:width\" content=\"1024\" \/>\n\t<meta property=\"og:image:height\" content=\"683\" \/>\n\t<meta property=\"og:image:type\" content=\"image\/png\" \/>\n<meta name=\"author\" content=\"Florian Fortes\" \/>\n<meta name=\"twitter:card\" content=\"summary_large_image\" \/>\n<meta name=\"twitter:label1\" content=\"Escrit per\" \/>\n\t<meta name=\"twitter:data1\" content=\"Florian Fortes\" \/>\n\t<meta name=\"twitter:label2\" content=\"Temps estimat de lectura\" \/>\n\t<meta name=\"twitter:data2\" content=\"6 minuts\" \/>\n<script type=\"application\/ld+json\" class=\"yoast-schema-graph\">{\"@context\":\"https:\\\/\\\/schema.org\",\"@graph\":[{\"@type\":\"Article\",\"@id\":\"https:\\\/\\\/www.mylasertabac.com\\\/ca\\\/per-que-obrir-la-teva-franquicia-mylasertabac-una-oportunitat-unica-en-un-mercat-en-auge\\\/#article\",\"isPartOf\":{\"@id\":\"https:\\\/\\\/www.mylasertabac.com\\\/ca\\\/per-que-obrir-la-teva-franquicia-mylasertabac-una-oportunitat-unica-en-un-mercat-en-auge\\\/\"},\"author\":{\"name\":\"Florian Fortes\",\"@id\":\"https:\\\/\\\/www.mylasertabac.com\\\/ca\\\/#\\\/schema\\\/person\\\/02c249cb76d912efb6c315ec23eccdf3\"},\"headline\":\"Per qu\u00e8 obrir la teva franqu\u00edcia MyLaserTabac? Una oportunitat \u00fanica en un mercat en auge\",\"datePublished\":\"2025-10-26T08:47:06+00:00\",\"dateModified\":\"2025-10-26T08:50:46+00:00\",\"mainEntityOfPage\":{\"@id\":\"https:\\\/\\\/www.mylasertabac.com\\\/ca\\\/per-que-obrir-la-teva-franquicia-mylasertabac-una-oportunitat-unica-en-un-mercat-en-auge\\\/\"},\"wordCount\":1185,\"publisher\":{\"@id\":\"https:\\\/\\\/www.mylasertabac.com\\\/ca\\\/#organization\"},\"image\":{\"@id\":\"https:\\\/\\\/www.mylasertabac.com\\\/ca\\\/per-que-obrir-la-teva-franquicia-mylasertabac-una-oportunitat-unica-en-un-mercat-en-auge\\\/#primaryimage\"},\"thumbnailUrl\":\"https:\\\/\\\/www.mylasertabac.com\\\/wp-content\\\/uploads\\\/2025\\\/10\\\/Devenez-franchise-Mylasertabac-1.png\",\"articleSection\":[\"negoci\"],\"inLanguage\":\"ca\"},{\"@type\":\"WebPage\",\"@id\":\"https:\\\/\\\/www.mylasertabac.com\\\/ca\\\/per-que-obrir-la-teva-franquicia-mylasertabac-una-oportunitat-unica-en-un-mercat-en-auge\\\/\",\"url\":\"https:\\\/\\\/www.mylasertabac.com\\\/ca\\\/per-que-obrir-la-teva-franquicia-mylasertabac-una-oportunitat-unica-en-un-mercat-en-auge\\\/\",\"name\":\"Per qu\u00e8 obrir la teva franqu\u00edcia MyLaserTabac? Una oportunitat \u00fanica en un mercat en auge - My Laser Tabac\",\"isPartOf\":{\"@id\":\"https:\\\/\\\/www.mylasertabac.com\\\/ca\\\/#website\"},\"primaryImageOfPage\":{\"@id\":\"https:\\\/\\\/www.mylasertabac.com\\\/ca\\\/per-que-obrir-la-teva-franquicia-mylasertabac-una-oportunitat-unica-en-un-mercat-en-auge\\\/#primaryimage\"},\"image\":{\"@id\":\"https:\\\/\\\/www.mylasertabac.com\\\/ca\\\/per-que-obrir-la-teva-franquicia-mylasertabac-una-oportunitat-unica-en-un-mercat-en-auge\\\/#primaryimage\"},\"thumbnailUrl\":\"https:\\\/\\\/www.mylasertabac.com\\\/wp-content\\\/uploads\\\/2025\\\/10\\\/Devenez-franchise-Mylasertabac-1.png\",\"datePublished\":\"2025-10-26T08:47:06+00:00\",\"dateModified\":\"2025-10-26T08:50:46+00:00\",\"description\":\"Uneix-te a la franqu\u00edcia MyLaserTabac, l\u00edder en el tractament de les addiccions i el tabaquisme amb l\u00e0ser, i desenvolupa el teu propi centre de benestar rendible.\",\"breadcrumb\":{\"@id\":\"https:\\\/\\\/www.mylasertabac.com\\\/ca\\\/per-que-obrir-la-teva-franquicia-mylasertabac-una-oportunitat-unica-en-un-mercat-en-auge\\\/#breadcrumb\"},\"inLanguage\":\"ca\",\"potentialAction\":[{\"@type\":\"ReadAction\",\"target\":[\"https:\\\/\\\/www.mylasertabac.com\\\/ca\\\/per-que-obrir-la-teva-franquicia-mylasertabac-una-oportunitat-unica-en-un-mercat-en-auge\\\/\"]}]},{\"@type\":\"ImageObject\",\"inLanguage\":\"ca\",\"@id\":\"https:\\\/\\\/www.mylasertabac.com\\\/ca\\\/per-que-obrir-la-teva-franquicia-mylasertabac-una-oportunitat-unica-en-un-mercat-en-auge\\\/#primaryimage\",\"url\":\"https:\\\/\\\/www.mylasertabac.com\\\/wp-content\\\/uploads\\\/2025\\\/10\\\/Devenez-franchise-Mylasertabac-1.png\",\"contentUrl\":\"https:\\\/\\\/www.mylasertabac.com\\\/wp-content\\\/uploads\\\/2025\\\/10\\\/Devenez-franchise-Mylasertabac-1.png\",\"width\":1536,\"height\":1024},{\"@type\":\"BreadcrumbList\",\"@id\":\"https:\\\/\\\/www.mylasertabac.com\\\/ca\\\/per-que-obrir-la-teva-franquicia-mylasertabac-una-oportunitat-unica-en-un-mercat-en-auge\\\/#breadcrumb\",\"itemListElement\":[{\"@type\":\"ListItem\",\"position\":1,\"name\":\"Accueil\",\"item\":\"https:\\\/\\\/www.mylasertabac.com\\\/ca\\\/benvingut\\\/\"},{\"@type\":\"ListItem\",\"position\":2,\"name\":\"Per qu\u00e8 obrir la teva franqu\u00edcia MyLaserTabac? Una oportunitat \u00fanica en un mercat en auge\"}]},{\"@type\":\"WebSite\",\"@id\":\"https:\\\/\\\/www.mylasertabac.com\\\/ca\\\/#website\",\"url\":\"https:\\\/\\\/www.mylasertabac.com\\\/ca\\\/\",\"name\":\"My Laser Tabac\",\"description\":\"La solution laser qui transforme les fumeurs en ex-fumeurs\",\"publisher\":{\"@id\":\"https:\\\/\\\/www.mylasertabac.com\\\/ca\\\/#organization\"},\"potentialAction\":[{\"@type\":\"SearchAction\",\"target\":{\"@type\":\"EntryPoint\",\"urlTemplate\":\"https:\\\/\\\/www.mylasertabac.com\\\/ca\\\/?s={search_term_string}\"},\"query-input\":{\"@type\":\"PropertyValueSpecification\",\"valueRequired\":true,\"valueName\":\"search_term_string\"}}],\"inLanguage\":\"ca\"},{\"@type\":\"Organization\",\"@id\":\"https:\\\/\\\/www.mylasertabac.com\\\/ca\\\/#organization\",\"name\":\"My Laser Tabac\",\"url\":\"https:\\\/\\\/www.mylasertabac.com\\\/ca\\\/\",\"logo\":{\"@type\":\"ImageObject\",\"inLanguage\":\"ca\",\"@id\":\"https:\\\/\\\/www.mylasertabac.com\\\/ca\\\/#\\\/schema\\\/logo\\\/image\\\/\",\"url\":\"https:\\\/\\\/www.mylasertabac.com\\\/wp-content\\\/uploads\\\/2024\\\/12\\\/mlt-verteau.svg\",\"contentUrl\":\"https:\\\/\\\/www.mylasertabac.com\\\/wp-content\\\/uploads\\\/2024\\\/12\\\/mlt-verteau.svg\",\"caption\":\"My Laser Tabac\"},\"image\":{\"@id\":\"https:\\\/\\\/www.mylasertabac.com\\\/ca\\\/#\\\/schema\\\/logo\\\/image\\\/\"}},{\"@type\":\"Person\",\"@id\":\"https:\\\/\\\/www.mylasertabac.com\\\/ca\\\/#\\\/schema\\\/person\\\/02c249cb76d912efb6c315ec23eccdf3\",\"name\":\"Florian Fortes\",\"image\":{\"@type\":\"ImageObject\",\"inLanguage\":\"ca\",\"@id\":\"https:\\\/\\\/www.mylasertabac.com\\\/wp-content\\\/litespeed\\\/avatar\\\/142101a71d7b9e6490c1120d9c109a67.jpg?ver=1776856306\",\"url\":\"https:\\\/\\\/www.mylasertabac.com\\\/wp-content\\\/litespeed\\\/avatar\\\/142101a71d7b9e6490c1120d9c109a67.jpg?ver=1776856306\",\"contentUrl\":\"https:\\\/\\\/www.mylasertabac.com\\\/wp-content\\\/litespeed\\\/avatar\\\/142101a71d7b9e6490c1120d9c109a67.jpg?ver=1776856306\",\"caption\":\"Florian Fortes\"},\"sameAs\":[\"https:\\\/\\\/www.mylasertabac.com\",\"https:\\\/\\\/www.facebook.com\\\/profile.php?id=61571554707319\"],\"url\":\"https:\\\/\\\/www.mylasertabac.com\\\/ca\\\/author\\\/florianfortes5312\\\/\"}]}<\/script>\n<!-- \/ Yoast SEO plugin. -->","yoast_head_json":{"title":"Per qu\u00e8 obrir la teva franqu\u00edcia MyLaserTabac? Una oportunitat \u00fanica en un mercat en auge - My Laser Tabac","description":"Uneix-te a la franqu\u00edcia MyLaserTabac, l\u00edder en el tractament de les addiccions i el tabaquisme amb l\u00e0ser, i desenvolupa el teu propi centre de benestar rendible.","robots":{"index":"index","follow":"follow","max-snippet":"max-snippet:-1","max-image-preview":"max-image-preview:large","max-video-preview":"max-video-preview:-1"},"canonical":"https:\/\/www.mylasertabac.com\/ca\/per-que-obrir-la-teva-franquicia-mylasertabac-una-oportunitat-unica-en-un-mercat-en-auge\/","og_locale":"ca_ES","og_type":"article","og_title":"Per qu\u00e8 obrir la teva franqu\u00edcia MyLaserTabac? Una oportunitat \u00fanica en un mercat en auge - My Laser Tabac","og_description":"Uneix-te a la franqu\u00edcia MyLaserTabac, l\u00edder en el tractament de les addiccions i el tabaquisme amb l\u00e0ser, i desenvolupa el teu propi centre de benestar rendible.","og_url":"https:\/\/www.mylasertabac.com\/ca\/per-que-obrir-la-teva-franquicia-mylasertabac-una-oportunitat-unica-en-un-mercat-en-auge\/","og_site_name":"My Laser Tabac","article_author":"https:\/\/www.facebook.com\/profile.php?id=61571554707319","article_published_time":"2025-10-26T08:47:06+00:00","article_modified_time":"2025-10-26T08:50:46+00:00","og_image":[{"width":1024,"height":683,"url":"https:\/\/www.mylasertabac.com\/wp-content\/uploads\/2025\/10\/Devenez-franchise-Mylasertabac-1-1024x683.png","type":"image\/png"}],"author":"Florian Fortes","twitter_card":"summary_large_image","twitter_misc":{"Escrit per":"Florian Fortes","Temps estimat de lectura":"6 minuts"},"schema":{"@context":"https:\/\/schema.org","@graph":[{"@type":"Article","@id":"https:\/\/www.mylasertabac.com\/ca\/per-que-obrir-la-teva-franquicia-mylasertabac-una-oportunitat-unica-en-un-mercat-en-auge\/#article","isPartOf":{"@id":"https:\/\/www.mylasertabac.com\/ca\/per-que-obrir-la-teva-franquicia-mylasertabac-una-oportunitat-unica-en-un-mercat-en-auge\/"},"author":{"name":"Florian Fortes","@id":"https:\/\/www.mylasertabac.com\/ca\/#\/schema\/person\/02c249cb76d912efb6c315ec23eccdf3"},"headline":"Per qu\u00e8 obrir la teva franqu\u00edcia MyLaserTabac? Una oportunitat \u00fanica en un mercat en auge","datePublished":"2025-10-26T08:47:06+00:00","dateModified":"2025-10-26T08:50:46+00:00","mainEntityOfPage":{"@id":"https:\/\/www.mylasertabac.com\/ca\/per-que-obrir-la-teva-franquicia-mylasertabac-una-oportunitat-unica-en-un-mercat-en-auge\/"},"wordCount":1185,"publisher":{"@id":"https:\/\/www.mylasertabac.com\/ca\/#organization"},"image":{"@id":"https:\/\/www.mylasertabac.com\/ca\/per-que-obrir-la-teva-franquicia-mylasertabac-una-oportunitat-unica-en-un-mercat-en-auge\/#primaryimage"},"thumbnailUrl":"https:\/\/www.mylasertabac.com\/wp-content\/uploads\/2025\/10\/Devenez-franchise-Mylasertabac-1.png","articleSection":["negoci"],"inLanguage":"ca"},{"@type":"WebPage","@id":"https:\/\/www.mylasertabac.com\/ca\/per-que-obrir-la-teva-franquicia-mylasertabac-una-oportunitat-unica-en-un-mercat-en-auge\/","url":"https:\/\/www.mylasertabac.com\/ca\/per-que-obrir-la-teva-franquicia-mylasertabac-una-oportunitat-unica-en-un-mercat-en-auge\/","name":"Per qu\u00e8 obrir la teva franqu\u00edcia MyLaserTabac? Una oportunitat \u00fanica en un mercat en auge - My Laser Tabac","isPartOf":{"@id":"https:\/\/www.mylasertabac.com\/ca\/#website"},"primaryImageOfPage":{"@id":"https:\/\/www.mylasertabac.com\/ca\/per-que-obrir-la-teva-franquicia-mylasertabac-una-oportunitat-unica-en-un-mercat-en-auge\/#primaryimage"},"image":{"@id":"https:\/\/www.mylasertabac.com\/ca\/per-que-obrir-la-teva-franquicia-mylasertabac-una-oportunitat-unica-en-un-mercat-en-auge\/#primaryimage"},"thumbnailUrl":"https:\/\/www.mylasertabac.com\/wp-content\/uploads\/2025\/10\/Devenez-franchise-Mylasertabac-1.png","datePublished":"2025-10-26T08:47:06+00:00","dateModified":"2025-10-26T08:50:46+00:00","description":"Uneix-te a la franqu\u00edcia MyLaserTabac, l\u00edder en el tractament de les addiccions i el tabaquisme amb l\u00e0ser, i desenvolupa el teu propi centre de benestar rendible.","breadcrumb":{"@id":"https:\/\/www.mylasertabac.com\/ca\/per-que-obrir-la-teva-franquicia-mylasertabac-una-oportunitat-unica-en-un-mercat-en-auge\/#breadcrumb"},"inLanguage":"ca","potentialAction":[{"@type":"ReadAction","target":["https:\/\/www.mylasertabac.com\/ca\/per-que-obrir-la-teva-franquicia-mylasertabac-una-oportunitat-unica-en-un-mercat-en-auge\/"]}]},{"@type":"ImageObject","inLanguage":"ca","@id":"https:\/\/www.mylasertabac.com\/ca\/per-que-obrir-la-teva-franquicia-mylasertabac-una-oportunitat-unica-en-un-mercat-en-auge\/#primaryimage","url":"https:\/\/www.mylasertabac.com\/wp-content\/uploads\/2025\/10\/Devenez-franchise-Mylasertabac-1.png","contentUrl":"https:\/\/www.mylasertabac.com\/wp-content\/uploads\/2025\/10\/Devenez-franchise-Mylasertabac-1.png","width":1536,"height":1024},{"@type":"BreadcrumbList","@id":"https:\/\/www.mylasertabac.com\/ca\/per-que-obrir-la-teva-franquicia-mylasertabac-una-oportunitat-unica-en-un-mercat-en-auge\/#breadcrumb","itemListElement":[{"@type":"ListItem","position":1,"name":"Accueil","item":"https:\/\/www.mylasertabac.com\/ca\/benvingut\/"},{"@type":"ListItem","position":2,"name":"Per qu\u00e8 obrir la teva franqu\u00edcia MyLaserTabac? Una oportunitat \u00fanica en un mercat en auge"}]},{"@type":"WebSite","@id":"https:\/\/www.mylasertabac.com\/ca\/#website","url":"https:\/\/www.mylasertabac.com\/ca\/","name":"My Laser Tabac","description":"La solution laser qui transforme les fumeurs en ex-fumeurs","publisher":{"@id":"https:\/\/www.mylasertabac.com\/ca\/#organization"},"potentialAction":[{"@type":"SearchAction","target":{"@type":"EntryPoint","urlTemplate":"https:\/\/www.mylasertabac.com\/ca\/?s={search_term_string}"},"query-input":{"@type":"PropertyValueSpecification","valueRequired":true,"valueName":"search_term_string"}}],"inLanguage":"ca"},{"@type":"Organization","@id":"https:\/\/www.mylasertabac.com\/ca\/#organization","name":"My Laser Tabac","url":"https:\/\/www.mylasertabac.com\/ca\/","logo":{"@type":"ImageObject","inLanguage":"ca","@id":"https:\/\/www.mylasertabac.com\/ca\/#\/schema\/logo\/image\/","url":"https:\/\/www.mylasertabac.com\/wp-content\/uploads\/2024\/12\/mlt-verteau.svg","contentUrl":"https:\/\/www.mylasertabac.com\/wp-content\/uploads\/2024\/12\/mlt-verteau.svg","caption":"My Laser Tabac"},"image":{"@id":"https:\/\/www.mylasertabac.com\/ca\/#\/schema\/logo\/image\/"}},{"@type":"Person","@id":"https:\/\/www.mylasertabac.com\/ca\/#\/schema\/person\/02c249cb76d912efb6c315ec23eccdf3","name":"Florian Fortes","image":{"@type":"ImageObject","inLanguage":"ca","@id":"https:\/\/www.mylasertabac.com\/wp-content\/litespeed\/avatar\/142101a71d7b9e6490c1120d9c109a67.jpg?ver=1776856306","url":"https:\/\/www.mylasertabac.com\/wp-content\/litespeed\/avatar\/142101a71d7b9e6490c1120d9c109a67.jpg?ver=1776856306","contentUrl":"https:\/\/www.mylasertabac.com\/wp-content\/litespeed\/avatar\/142101a71d7b9e6490c1120d9c109a67.jpg?ver=1776856306","caption":"Florian Fortes"},"sameAs":["https:\/\/www.mylasertabac.com","https:\/\/www.facebook.com\/profile.php?id=61571554707319"],"url":"https:\/\/www.mylasertabac.com\/ca\/author\/florianfortes5312\/"}]}},"_links":{"self":[{"href":"https:\/\/www.mylasertabac.com\/ca\/wp-json\/wp\/v2\/posts\/18652","targetHints":{"allow":["GET"]}}],"collection":[{"href":"https:\/\/www.mylasertabac.com\/ca\/wp-json\/wp\/v2\/posts"}],"about":[{"href":"https:\/\/www.mylasertabac.com\/ca\/wp-json\/wp\/v2\/types\/post"}],"author":[{"embeddable":true,"href":"https:\/\/www.mylasertabac.com\/ca\/wp-json\/wp\/v2\/users\/2"}],"replies":[{"embeddable":true,"href":"https:\/\/www.mylasertabac.com\/ca\/wp-json\/wp\/v2\/comments?post=18652"}],"version-history":[{"count":3,"href":"https:\/\/www.mylasertabac.com\/ca\/wp-json\/wp\/v2\/posts\/18652\/revisions"}],"predecessor-version":[{"id":18668,"href":"https:\/\/www.mylasertabac.com\/ca\/wp-json\/wp\/v2\/posts\/18652\/revisions\/18668"}],"wp:featuredmedia":[{"embeddable":true,"href":"https:\/\/www.mylasertabac.com\/ca\/wp-json\/wp\/v2\/media\/18639"}],"wp:attachment":[{"href":"https:\/\/www.mylasertabac.com\/ca\/wp-json\/wp\/v2\/media?parent=18652"}],"wp:term":[{"taxonomy":"category","embeddable":true,"href":"https:\/\/www.mylasertabac.com\/ca\/wp-json\/wp\/v2\/categories?post=18652"},{"taxonomy":"post_tag","embeddable":true,"href":"https:\/\/www.mylasertabac.com\/ca\/wp-json\/wp\/v2\/tags?post=18652"}],"curies":[{"name":"wp","href":"https:\/\/api.w.org\/{rel}","templated":true}]}}