{"id":18690,"date":"2025-10-26T10:25:40","date_gmt":"2025-10-26T09:25:40","guid":{"rendered":"https:\/\/www.mylasertabac.com\/4-300-milions-deuros-en-perdues-fiscals-per-que-els-ingressos-del-tabac-sestan-esfondrant-a-franca\/"},"modified":"2025-10-26T10:26:56","modified_gmt":"2025-10-26T09:26:56","slug":"4-300-milions-deuros-en-perdues-fiscals-per-que-els-ingressos-del-tabac-sestan-esfondrant-a-franca","status":"publish","type":"post","link":"https:\/\/www.mylasertabac.com\/ca\/4-300-milions-deuros-en-perdues-fiscals-per-que-els-ingressos-del-tabac-sestan-esfondrant-a-franca\/","title":{"rendered":"4.300 milions d&#8217;euros en p\u00e8rdues fiscals: per qu\u00e8 els ingressos del tabac s&#8217;estan esfondrant a Fran\u00e7a"},"content":{"rendered":"\n<p>\u00c9s una xifra que va fer tossir a Bercy.<br\/> El 2023, els ingressos fiscals del <strong>tabac<\/strong> van caure en <strong>4.300 milions d&#8217;euros<\/strong> , una davallada hist\u00f2rica per a un sector considerat durant molt de temps una mina d&#8217;or pressupost\u00e0ria.<br\/> Darrere d&#8217;aquesta xifra, hi ha una observaci\u00f3: els francesos continuen fumant, per\u00f2 ja no compren els seus cigarrets a Fran\u00e7a.<\/p>\n\n<p>Entre les compres transfrontereres, l&#8217;explosi\u00f3 del mercat paral\u00b7lel i els nous h\u00e0bits de consum, la fiscalitat del tabac est\u00e0 passant per una profunda crisi.<br\/> Aleshores, qu\u00e8 va passar realment? I com podem explicar aquesta p\u00e8rdua sorprenent per a l&#8217;estat? <\/p>\n\n<div style=\"height:22px\" aria-hidden=\"true\" class=\"wp-block-spacer\"><\/div>\n\n<h2 class=\"wp-block-heading\"><strong>Un preu que s&#8217;ha tornat prohibitiu&#8230; per\u00f2 no per a tothom<\/strong><\/h2>\n\n<p>Durant diversos anys, el govern franc\u00e8s ha estat duent a terme una pol\u00edtica proactiva: <strong>convertir el tabac en un producte de luxe<\/strong> , augmentant regularment els impostos.<br\/> Objectiu declarat: reduir el nombre de fumadors, millorar la salut p\u00fablica i compensar els costos associats a les malalties relacionades amb el tabaquisme.<\/p>\n\n<p>Resultat: un <strong>paquet a m\u00e9s de 12 euros<\/strong> en certs d\u00e8bits, una mitjana al voltant dels 11 euros, i increments que se succeeixen sense descans.<br\/> Per\u00f2 aquesta estrat\u00e8gia va acabar produint un efecte inesperat: en comptes de deixar de fumar, <strong>alguns consumidors simplement van canviar el seu punt de compra<\/strong> .<\/p>\n\n<div style=\"height:22px\" aria-hidden=\"true\" class=\"wp-block-spacer\"><\/div>\n\n<h2 class=\"wp-block-heading\"><strong>La crida de l&#8217;estranger: les fronteres es converteixen en llacunes fiscals<\/strong><\/h2>\n\n<p>Amb l&#8217;encariment dels preus a Fran\u00e7a, molts fumadors ara es dirigeixen als <strong>pa\u00efsos ve\u00efns<\/strong> : Espanya, Luxemburg, B\u00e8lgica, Alemanya i fins i tot It\u00e0lia.<br\/> Les difer\u00e8ncies de preu s\u00f3n considerables: de vegades <strong>fins a 4 euros menys per paquet<\/strong> .<\/p>\n\n<p>Des del 2023, la situaci\u00f3 ha canviat encara m\u00e9s amb la nova <strong>directiva europea<\/strong> que autoritza els viatgers a portar <strong>fins a 4 cartons<\/strong> , o <strong>800 cigarrets<\/strong> , d&#8217;un altre pa\u00eds membre de la Uni\u00f3 Europea.<br\/> Una decisi\u00f3 legal, per\u00f2 catastr\u00f2fica per al Tresor franc\u00e8s: milions de fumadors ara s&#8217;abasteixen a l&#8217;estranger, de vegades diverses vegades a l&#8217;any, de manera completament legal.<\/p>\n\n<p>Per a molts, el c\u00e0lcul es fa r\u00e0pidament.<br\/> Un viatge d&#8217;anada i tornada amb cotxe a Espanya o Luxemburg pot estalviar diversos centenars d&#8217;euros.<br\/> El resultat: el consum de tabac no est\u00e0 disminuint realment, per\u00f2 <strong>els ingressos fiscals estan desapareixent.<\/strong><\/p>\n\n<div style=\"height:22px\" aria-hidden=\"true\" class=\"wp-block-spacer\"><\/div>\n\n<figure class=\"wp-block-table\"><table class=\"has-fixed-layout\"><tbody><tr><td>Llegiu tamb\u00e9: <a href=\"https:\/\/www.mylasertabac.com\/ca\/quin-es-el-preu-dels-cigarrets-a-espanya-a-lagost-de-2025-peninsula-i-illes-balears\/\">Quin \u00e9s el preu dels cigarrets a Espanya el 2025?<\/a><\/td><\/tr><\/tbody><\/table><\/figure>\n\n<div style=\"height:22px\" aria-hidden=\"true\" class=\"wp-block-spacer\"><\/div>\n\n<h2 class=\"wp-block-heading\"><strong>Els estancs a primera l\u00ednia<\/strong><\/h2>\n\n<p><strong>Els estancs francesos<\/strong> s\u00f3n els primers a notar aquest canvi.<br\/> Les vendes a Fran\u00e7a estan caient any rere any, posant en risc milers de negocis locals.<br\/> Alguns calculen que gaireb\u00e9 el <strong>30% del tabac que es consumeix actualment a Fran\u00e7a<\/strong> prov\u00e9 de l&#8217;estranger o del mercat negre.<\/p>\n\n<p>\u00abEls nostres clients no fumen menys, fumen de manera diferent\u00bb, confia un estanc alsaci\u00e0.<br\/>\u00abEls que tenen una frontera a menys d&#8217;una hora de dist\u00e0ncia ja no compren res aqu\u00ed. No podem competir amb els preus de Luxemburg.\u00bb<\/p>\n\n<p>Davant d&#8217;aquesta situaci\u00f3, la professi\u00f3 demana <strong>una harmonitzaci\u00f3 europea<\/strong> dels impostos sobre el tabac.<br\/> Per\u00f2 aquesta perspectiva roman llunyana: cada pa\u00eds defensa els seus propis interessos econ\u00f2mics i socials.<\/p>\n\n<div style=\"height:22px\" aria-hidden=\"true\" class=\"wp-block-spacer\"><\/div>\n\n<figure class=\"wp-block-image alignright size-full is-resized\"><img fetchpriority=\"high\" decoding=\"async\" width=\"864\" height=\"486\" src=\"https:\/\/www.mylasertabac.com\/wp-content\/uploads\/2025\/10\/Taxe-2026-liquide-de-cigarette-electronique.jpg\" alt=\"\" class=\"wp-image-18245\" style=\"width:471px;height:auto\" srcset=\"https:\/\/www.mylasertabac.com\/wp-content\/uploads\/2025\/10\/Taxe-2026-liquide-de-cigarette-electronique.jpg 864w, https:\/\/www.mylasertabac.com\/wp-content\/uploads\/2025\/10\/Taxe-2026-liquide-de-cigarette-electronique-300x169.jpg 300w, https:\/\/www.mylasertabac.com\/wp-content\/uploads\/2025\/10\/Taxe-2026-liquide-de-cigarette-electronique-768x432.jpg 768w\" sizes=\"(max-width: 864px) 100vw, 864px\" \/><\/figure>\n\n<h2 class=\"wp-block-heading\"><strong>L&#8217;auge del cigarret electr\u00f2nic: entre l&#8217;economia i la il\u00b7lusi\u00f3<\/strong><\/h2>\n\n<p>Un altre fenomen destacable: el <strong>creixement del vaping<\/strong> .<br\/> Molts fumadors recorren als <strong>cigarrets electr\u00f2nics<\/strong> , no per deixar de fumar, sin\u00f3 per <strong>estalviar diners<\/strong> .<br\/> Els l\u00edquids electr\u00f2nics, tot i que estan subjectes a impostos, continuen sent molt m\u00e9s assequibles que un paquet de cigarrets.<\/p>\n\n<p>El vapeig tamb\u00e9 est\u00e0 atraient una generaci\u00f3 m\u00e9s jove, sedu\u00efda per la varietat de sabors i la promesa d&#8217;un &#8220;fum m\u00e9s saludable&#8221;.<br\/> Per\u00f2 en realitat, la nicotina continua present i l&#8217;addicci\u00f3 continua.<br\/> Alguns experts fins i tot assenyalen que el cigarret electr\u00f2nic esdev\u00e9, per a molts, un <strong>pont entre dues addiccions<\/strong> : abandonem el tabac per una altra forma d&#8217;h\u00e0bit.<\/p>\n\n<p>Tot i que pot ajudar algunes persones a reduir el seu consum, els cigarrets electr\u00f2nics no s\u00f3n una soluci\u00f3 sostenible per a tothom.<br\/> <strong>El menor cost<\/strong> continua sent l&#8217;argument n\u00famero u, molt per davant de la salut o el deslletament.<\/p>\n\n<div style=\"height:22px\" aria-hidden=\"true\" class=\"wp-block-spacer\"><\/div>\n\n<h2 class=\"wp-block-heading\"><strong>Una addicci\u00f3 que es mou, no desapareix<\/strong><\/h2>\n\n<p>Aquesta situaci\u00f3 il\u00b7lustra una paradoxa: Fran\u00e7a t\u00e9 menys fumadors \u201cdeclarats\u201d, per\u00f2 <strong>l&#8217;addicci\u00f3 a la nicotina<\/strong> continua sent molt forta.<br\/> La necessitat de compensaci\u00f3, relaxaci\u00f3 o ritual roman profundament arrelada.<\/p>\n\n<p>I aqu\u00ed \u00e9s on comencen a sorgir altres enfocaments m\u00e9s suaus i complets, en particular <strong><a href=\"https:\/\/www.mylasertabac.com\/ca\/\">la reflexologia \u00f2ptica<\/a> amb l\u00e0ser<\/strong> .<\/p>\n\n<div style=\"height:30px\" aria-hidden=\"true\" class=\"wp-block-spacer\"><\/div>\n\n<figure class=\"wp-block-image alignleft size-large is-resized\"><a href=\"https:\/\/www.mylasertabac.com\/ca\/els-nostres-centres\/\"><img decoding=\"async\" width=\"1024\" height=\"668\" src=\"https:\/\/www.mylasertabac.com\/wp-content\/uploads\/2025\/08\/tu-veux-arreter-de-fumer-Clique-ici--1024x668.jpg\" alt=\"\" class=\"wp-image-13752\" style=\"width:453px;height:auto\" srcset=\"https:\/\/www.mylasertabac.com\/wp-content\/uploads\/2025\/08\/tu-veux-arreter-de-fumer-Clique-ici--1024x668.jpg 1024w, https:\/\/www.mylasertabac.com\/wp-content\/uploads\/2025\/08\/tu-veux-arreter-de-fumer-Clique-ici--300x196.jpg 300w, https:\/\/www.mylasertabac.com\/wp-content\/uploads\/2025\/08\/tu-veux-arreter-de-fumer-Clique-ici--768x501.jpg 768w, https:\/\/www.mylasertabac.com\/wp-content\/uploads\/2025\/08\/tu-veux-arreter-de-fumer-Clique-ici-.jpg 1206w\" sizes=\"(max-width: 1024px) 100vw, 1024px\" \/><\/a><\/figure>\n\n<h2 class=\"wp-block-heading\"><strong>L\u00e0ser antitabaquisme: un m\u00e8tode suau que cada cop \u00e9s m\u00e9s popular<\/strong><\/h2>\n\n<p>Entre les alternatives naturals, cada cop es parla m\u00e9s del <strong>m\u00e8tode l\u00e0ser antitabac<\/strong> .<br\/> Inspirat en <strong>la reflexologia auricular<\/strong> , consisteix a estimular punts espec\u00edfics situats al pavell\u00f3 auricular mitjan\u00e7ant un <strong>l\u00e0ser de baixa intensitat<\/strong> .<br\/> Aquesta estimulaci\u00f3 envia un missatge al sistema nervi\u00f3s, promovent l&#8217;alliberament d&#8217;endorfines i calmant la sensaci\u00f3 d&#8217;abstin\u00e8ncia.<\/p>\n\n<p>A difer\u00e8ncia de la ter\u00e0pia de reempla\u00e7ament de nicotina, aquest m\u00e8tode <strong>no introdueix cap subst\u00e0ncia al cos<\/strong> .<br\/> Actua sobre la <strong>regulaci\u00f3 natural de les addiccions<\/strong> i ajuda <strong>a reduir l&#8217;estr\u00e8s<\/strong> , sovint la causa de recaigudes.<br\/> Les sessions, r\u00e0pides i indolores, es perceben com un suport global per al cos i la ment, lluny de solucions qu\u00edmiques o punitives.<\/p>\n\n<p>Cada cop m\u00e9s professionals es formen en aquest enfocament, sobretot en el context de <strong>deixar de fumar<\/strong> , per\u00f2 tamb\u00e9 per a altres addiccions: <strong>sucre, alcohol, c\u00e0nnabis<\/strong> o <strong>gesti\u00f3 de l&#8217;estr\u00e8s<\/strong> .<br\/> \u00c9s un m\u00e8tode en creixement, recolzat per testimonis de clients que afirmen haver recuperat la seva llibertat sense dolor ni frustraci\u00f3.<\/p>\n\n<div style=\"height:22px\" aria-hidden=\"true\" class=\"wp-block-spacer\"><\/div>\n\n<h2 class=\"wp-block-heading\"><strong>El paper de les noves pr\u00e0ctiques en la salut p\u00fablica<\/strong><\/h2>\n\n<p>A mesura que les pol\u00edtiques fiscals arriben als seus l\u00edmits, <a href=\"https:\/\/www.mylasertabac.com\/ca\/\"><strong>els l\u00e0sers antitabac<\/strong><\/a> i <strong>els enfocaments naturals<\/strong> ofereixen una alternativa prometedora.<br\/> Formen part d&#8217;una l\u00f2gica de prevenci\u00f3 i educaci\u00f3 sanit\u00e0ria, on la fiscalitat per si sola ja no \u00e9s suficient.<\/p>\n\n<p>L&#8217;estat ha confiat durant molt de temps en el preu per dissuadir el consum.<br\/> Per\u00f2 aquesta estrat\u00e8gia ha fomentat sobretot el <strong>mercat paral\u00b7lel<\/strong> i <strong>les compres transfrontereres<\/strong> .<br\/> Es fa urgent repensar les pol\u00edtiques de salut p\u00fablica relacionades amb el tabac, donant suport a m\u00e8todes que <strong>respectin el cos<\/strong> i <strong>estiguin centrats en l&#8217;\u00e9sser hum\u00e0<\/strong> .<\/p>\n\n<div style=\"height:22px\" aria-hidden=\"true\" class=\"wp-block-spacer\"><\/div>\n\n<h2 class=\"wp-block-heading\"><strong>Conclusi\u00f3: Un canvi d&#8217;era en la lluita contra el tabac<\/strong><\/h2>\n\n<p>Els 4.300 milions d&#8217;euros perduts el 2023 no s\u00f3n nom\u00e9s un problema comptable: marquen un <strong>punt d&#8217;inflexi\u00f3 social<\/strong> .<br\/> Els fumadors d&#8217;avui dia busquen solucions m\u00e9s econ\u00f2miques, m\u00e9s naturals i m\u00e9s sostenibles.<br\/> El model basat en impostos est\u00e0 mostrant els seus l\u00edmits; la clau de l&#8217;\u00e8xit ara rau en <strong>el suport personalitzat<\/strong> , <strong>la prevenci\u00f3<\/strong> i <strong>la conscienciaci\u00f3 individual<\/strong> .<\/p>\n\n<p><strong>El l\u00e0ser antitabaquisme<\/strong> , <strong>la reflexologia auricular<\/strong> i <strong>els nous enfocaments de benestar<\/strong> encarnen aquest nou cam\u00ed.<br\/> Tornen a posar l&#8217;\u00e9sser hum\u00e0 al centre del proc\u00e9s de curaci\u00f3.<\/p>\n\n<p>I potser algun dia, les p\u00e8rdues fiscals relacionades amb el tabac ja no seran un senyal de frac\u00e0s econ\u00f2mic&#8230; sin\u00f3 un senyal que la societat tamb\u00e9 ha apr\u00e8s a respirar de manera diferent. \ud83c\udf3f<\/p>\n\n<div style=\"height:35px\" aria-hidden=\"true\" class=\"wp-block-spacer\"><\/div>\n\n<figure class=\"wp-block-image size-large\"><img decoding=\"async\" src=\"https:\/\/www.mylasertabac.com\/wp-content\/uploads\/\/mlt-verteau.svg\" alt=\"\" class=\"wp-image-13\"\/><\/figure>\n","protected":false},"excerpt":{"rendered":"<p>\u00c9s una xifra que va fer tossir a Bercy. El 2023, els ingressos fiscals del tabac van caure en 4.300 milions d&#8217;euros , una davallada hist\u00f2rica per a un sector considerat durant molt de temps una mina d&#8217;or pressupost\u00e0ria. Darrere d&#8217;aquesta xifra, hi ha una observaci\u00f3: els francesos continuen fumant, per\u00f2 ja no compren els [&hellip;]<\/p>\n","protected":false},"author":2,"featured_media":18677,"comment_status":"closed","ping_status":"open","sticky":false,"template":"","format":"standard","meta":{"inline_featured_image":false,"footnotes":""},"categories":[681],"tags":[],"class_list":["post-18690","post","type-post","status-publish","format-standard","has-post-thumbnail","hentry","category-noticies"],"yoast_head":"<!-- This site is optimized with the Yoast SEO plugin v27.4 - https:\/\/yoast.com\/product\/yoast-seo-wordpress\/ -->\n<title>4.300 milions d&#039;euros en p\u00e8rdues fiscals: per qu\u00e8 els ingressos del tabac s&#039;estan esfondrant a Fran\u00e7a - My Laser Tabac<\/title>\n<meta name=\"description\" content=\"Les botigues de tabac tanquen a Fran\u00e7a: els impostos, les compres transfrontereres i els nous h\u00e0bits expliquen el descens de l&#039;activitat nacional.\" \/>\n<meta name=\"robots\" content=\"index, follow, max-snippet:-1, max-image-preview:large, max-video-preview:-1\" \/>\n<link rel=\"canonical\" href=\"https:\/\/www.mylasertabac.com\/ca\/4-300-milions-deuros-en-perdues-fiscals-per-que-els-ingressos-del-tabac-sestan-esfondrant-a-franca\/\" \/>\n<meta property=\"og:locale\" content=\"ca_ES\" \/>\n<meta property=\"og:type\" content=\"article\" \/>\n<meta property=\"og:title\" content=\"4.300 milions d&#039;euros en p\u00e8rdues fiscals: per qu\u00e8 els ingressos del tabac s&#039;estan esfondrant a Fran\u00e7a - My Laser Tabac\" \/>\n<meta property=\"og:description\" content=\"Les botigues de tabac tanquen a Fran\u00e7a: els impostos, les compres transfrontereres i els nous h\u00e0bits expliquen el descens de l&#039;activitat nacional.\" \/>\n<meta property=\"og:url\" content=\"https:\/\/www.mylasertabac.com\/ca\/4-300-milions-deuros-en-perdues-fiscals-per-que-els-ingressos-del-tabac-sestan-esfondrant-a-franca\/\" \/>\n<meta property=\"og:site_name\" content=\"My Laser Tabac\" \/>\n<meta property=\"article:author\" content=\"https:\/\/www.facebook.com\/profile.php?id=61571554707319\" \/>\n<meta property=\"article:published_time\" content=\"2025-10-26T09:25:40+00:00\" \/>\n<meta property=\"article:modified_time\" content=\"2025-10-26T09:26:56+00:00\" \/>\n<meta property=\"og:image\" content=\"https:\/\/www.mylasertabac.com\/wp-content\/uploads\/2025\/10\/les-bureaux-de-tabac-ferment-une-baisse-dactivite-suite-au-augmentation-du-prix-des-cigarette-en-France.png\" \/>\n\t<meta property=\"og:image:width\" content=\"1024\" \/>\n\t<meta property=\"og:image:height\" content=\"1024\" \/>\n\t<meta property=\"og:image:type\" content=\"image\/png\" \/>\n<meta name=\"author\" content=\"Florian Fortes\" \/>\n<meta name=\"twitter:card\" content=\"summary_large_image\" \/>\n<meta name=\"twitter:label1\" content=\"Escrit per\" \/>\n\t<meta name=\"twitter:data1\" content=\"Florian Fortes\" \/>\n\t<meta name=\"twitter:label2\" content=\"Temps estimat de lectura\" \/>\n\t<meta name=\"twitter:data2\" content=\"6 minuts\" \/>\n<script type=\"application\/ld+json\" class=\"yoast-schema-graph\">{\"@context\":\"https:\\\/\\\/schema.org\",\"@graph\":[{\"@type\":\"Article\",\"@id\":\"https:\\\/\\\/www.mylasertabac.com\\\/ca\\\/4-300-milions-deuros-en-perdues-fiscals-per-que-els-ingressos-del-tabac-sestan-esfondrant-a-franca\\\/#article\",\"isPartOf\":{\"@id\":\"https:\\\/\\\/www.mylasertabac.com\\\/ca\\\/4-300-milions-deuros-en-perdues-fiscals-per-que-els-ingressos-del-tabac-sestan-esfondrant-a-franca\\\/\"},\"author\":{\"name\":\"Florian Fortes\",\"@id\":\"https:\\\/\\\/www.mylasertabac.com\\\/ca\\\/#\\\/schema\\\/person\\\/02c249cb76d912efb6c315ec23eccdf3\"},\"headline\":\"4.300 milions d&#8217;euros en p\u00e8rdues fiscals: per qu\u00e8 els ingressos del tabac s&#8217;estan esfondrant a Fran\u00e7a\",\"datePublished\":\"2025-10-26T09:25:40+00:00\",\"dateModified\":\"2025-10-26T09:26:56+00:00\",\"mainEntityOfPage\":{\"@id\":\"https:\\\/\\\/www.mylasertabac.com\\\/ca\\\/4-300-milions-deuros-en-perdues-fiscals-per-que-els-ingressos-del-tabac-sestan-esfondrant-a-franca\\\/\"},\"wordCount\":1238,\"publisher\":{\"@id\":\"https:\\\/\\\/www.mylasertabac.com\\\/ca\\\/#organization\"},\"image\":{\"@id\":\"https:\\\/\\\/www.mylasertabac.com\\\/ca\\\/4-300-milions-deuros-en-perdues-fiscals-per-que-els-ingressos-del-tabac-sestan-esfondrant-a-franca\\\/#primaryimage\"},\"thumbnailUrl\":\"https:\\\/\\\/www.mylasertabac.com\\\/wp-content\\\/uploads\\\/2025\\\/10\\\/les-bureaux-de-tabac-ferment-une-baisse-dactivite-suite-au-augmentation-du-prix-des-cigarette-en-France.png\",\"articleSection\":[\"not\u00edcies\"],\"inLanguage\":\"ca\"},{\"@type\":\"WebPage\",\"@id\":\"https:\\\/\\\/www.mylasertabac.com\\\/ca\\\/4-300-milions-deuros-en-perdues-fiscals-per-que-els-ingressos-del-tabac-sestan-esfondrant-a-franca\\\/\",\"url\":\"https:\\\/\\\/www.mylasertabac.com\\\/ca\\\/4-300-milions-deuros-en-perdues-fiscals-per-que-els-ingressos-del-tabac-sestan-esfondrant-a-franca\\\/\",\"name\":\"4.300 milions d'euros en p\u00e8rdues fiscals: per qu\u00e8 els ingressos del tabac s'estan esfondrant a Fran\u00e7a - My Laser Tabac\",\"isPartOf\":{\"@id\":\"https:\\\/\\\/www.mylasertabac.com\\\/ca\\\/#website\"},\"primaryImageOfPage\":{\"@id\":\"https:\\\/\\\/www.mylasertabac.com\\\/ca\\\/4-300-milions-deuros-en-perdues-fiscals-per-que-els-ingressos-del-tabac-sestan-esfondrant-a-franca\\\/#primaryimage\"},\"image\":{\"@id\":\"https:\\\/\\\/www.mylasertabac.com\\\/ca\\\/4-300-milions-deuros-en-perdues-fiscals-per-que-els-ingressos-del-tabac-sestan-esfondrant-a-franca\\\/#primaryimage\"},\"thumbnailUrl\":\"https:\\\/\\\/www.mylasertabac.com\\\/wp-content\\\/uploads\\\/2025\\\/10\\\/les-bureaux-de-tabac-ferment-une-baisse-dactivite-suite-au-augmentation-du-prix-des-cigarette-en-France.png\",\"datePublished\":\"2025-10-26T09:25:40+00:00\",\"dateModified\":\"2025-10-26T09:26:56+00:00\",\"description\":\"Les botigues de tabac tanquen a Fran\u00e7a: els impostos, les compres transfrontereres i els nous h\u00e0bits expliquen el descens de l'activitat nacional.\",\"breadcrumb\":{\"@id\":\"https:\\\/\\\/www.mylasertabac.com\\\/ca\\\/4-300-milions-deuros-en-perdues-fiscals-per-que-els-ingressos-del-tabac-sestan-esfondrant-a-franca\\\/#breadcrumb\"},\"inLanguage\":\"ca\",\"potentialAction\":[{\"@type\":\"ReadAction\",\"target\":[\"https:\\\/\\\/www.mylasertabac.com\\\/ca\\\/4-300-milions-deuros-en-perdues-fiscals-per-que-els-ingressos-del-tabac-sestan-esfondrant-a-franca\\\/\"]}]},{\"@type\":\"ImageObject\",\"inLanguage\":\"ca\",\"@id\":\"https:\\\/\\\/www.mylasertabac.com\\\/ca\\\/4-300-milions-deuros-en-perdues-fiscals-per-que-els-ingressos-del-tabac-sestan-esfondrant-a-franca\\\/#primaryimage\",\"url\":\"https:\\\/\\\/www.mylasertabac.com\\\/wp-content\\\/uploads\\\/2025\\\/10\\\/les-bureaux-de-tabac-ferment-une-baisse-dactivite-suite-au-augmentation-du-prix-des-cigarette-en-France.png\",\"contentUrl\":\"https:\\\/\\\/www.mylasertabac.com\\\/wp-content\\\/uploads\\\/2025\\\/10\\\/les-bureaux-de-tabac-ferment-une-baisse-dactivite-suite-au-augmentation-du-prix-des-cigarette-en-France.png\",\"width\":1024,\"height\":1024},{\"@type\":\"BreadcrumbList\",\"@id\":\"https:\\\/\\\/www.mylasertabac.com\\\/ca\\\/4-300-milions-deuros-en-perdues-fiscals-per-que-els-ingressos-del-tabac-sestan-esfondrant-a-franca\\\/#breadcrumb\",\"itemListElement\":[{\"@type\":\"ListItem\",\"position\":1,\"name\":\"Accueil\",\"item\":\"https:\\\/\\\/www.mylasertabac.com\\\/ca\\\/benvingut\\\/\"},{\"@type\":\"ListItem\",\"position\":2,\"name\":\"4.300 milions d&#8217;euros en p\u00e8rdues fiscals: per qu\u00e8 els ingressos del tabac s&#8217;estan esfondrant a Fran\u00e7a\"}]},{\"@type\":\"WebSite\",\"@id\":\"https:\\\/\\\/www.mylasertabac.com\\\/ca\\\/#website\",\"url\":\"https:\\\/\\\/www.mylasertabac.com\\\/ca\\\/\",\"name\":\"My Laser Tabac\",\"description\":\"La solution laser qui transforme les fumeurs en ex-fumeurs\",\"publisher\":{\"@id\":\"https:\\\/\\\/www.mylasertabac.com\\\/ca\\\/#organization\"},\"potentialAction\":[{\"@type\":\"SearchAction\",\"target\":{\"@type\":\"EntryPoint\",\"urlTemplate\":\"https:\\\/\\\/www.mylasertabac.com\\\/ca\\\/?s={search_term_string}\"},\"query-input\":{\"@type\":\"PropertyValueSpecification\",\"valueRequired\":true,\"valueName\":\"search_term_string\"}}],\"inLanguage\":\"ca\"},{\"@type\":\"Organization\",\"@id\":\"https:\\\/\\\/www.mylasertabac.com\\\/ca\\\/#organization\",\"name\":\"My Laser Tabac\",\"url\":\"https:\\\/\\\/www.mylasertabac.com\\\/ca\\\/\",\"logo\":{\"@type\":\"ImageObject\",\"inLanguage\":\"ca\",\"@id\":\"https:\\\/\\\/www.mylasertabac.com\\\/ca\\\/#\\\/schema\\\/logo\\\/image\\\/\",\"url\":\"https:\\\/\\\/www.mylasertabac.com\\\/wp-content\\\/uploads\\\/2024\\\/12\\\/mlt-verteau.svg\",\"contentUrl\":\"https:\\\/\\\/www.mylasertabac.com\\\/wp-content\\\/uploads\\\/2024\\\/12\\\/mlt-verteau.svg\",\"caption\":\"My Laser Tabac\"},\"image\":{\"@id\":\"https:\\\/\\\/www.mylasertabac.com\\\/ca\\\/#\\\/schema\\\/logo\\\/image\\\/\"}},{\"@type\":\"Person\",\"@id\":\"https:\\\/\\\/www.mylasertabac.com\\\/ca\\\/#\\\/schema\\\/person\\\/02c249cb76d912efb6c315ec23eccdf3\",\"name\":\"Florian Fortes\",\"image\":{\"@type\":\"ImageObject\",\"inLanguage\":\"ca\",\"@id\":\"https:\\\/\\\/www.mylasertabac.com\\\/wp-content\\\/litespeed\\\/avatar\\\/142101a71d7b9e6490c1120d9c109a67.jpg?ver=1776856306\",\"url\":\"https:\\\/\\\/www.mylasertabac.com\\\/wp-content\\\/litespeed\\\/avatar\\\/142101a71d7b9e6490c1120d9c109a67.jpg?ver=1776856306\",\"contentUrl\":\"https:\\\/\\\/www.mylasertabac.com\\\/wp-content\\\/litespeed\\\/avatar\\\/142101a71d7b9e6490c1120d9c109a67.jpg?ver=1776856306\",\"caption\":\"Florian Fortes\"},\"sameAs\":[\"https:\\\/\\\/www.mylasertabac.com\",\"https:\\\/\\\/www.facebook.com\\\/profile.php?id=61571554707319\"],\"url\":\"https:\\\/\\\/www.mylasertabac.com\\\/ca\\\/author\\\/florianfortes5312\\\/\"}]}<\/script>\n<!-- \/ Yoast SEO plugin. -->","yoast_head_json":{"title":"4.300 milions d'euros en p\u00e8rdues fiscals: per qu\u00e8 els ingressos del tabac s'estan esfondrant a Fran\u00e7a - My Laser Tabac","description":"Les botigues de tabac tanquen a Fran\u00e7a: els impostos, les compres transfrontereres i els nous h\u00e0bits expliquen el descens de l'activitat nacional.","robots":{"index":"index","follow":"follow","max-snippet":"max-snippet:-1","max-image-preview":"max-image-preview:large","max-video-preview":"max-video-preview:-1"},"canonical":"https:\/\/www.mylasertabac.com\/ca\/4-300-milions-deuros-en-perdues-fiscals-per-que-els-ingressos-del-tabac-sestan-esfondrant-a-franca\/","og_locale":"ca_ES","og_type":"article","og_title":"4.300 milions d'euros en p\u00e8rdues fiscals: per qu\u00e8 els ingressos del tabac s'estan esfondrant a Fran\u00e7a - My Laser Tabac","og_description":"Les botigues de tabac tanquen a Fran\u00e7a: els impostos, les compres transfrontereres i els nous h\u00e0bits expliquen el descens de l'activitat nacional.","og_url":"https:\/\/www.mylasertabac.com\/ca\/4-300-milions-deuros-en-perdues-fiscals-per-que-els-ingressos-del-tabac-sestan-esfondrant-a-franca\/","og_site_name":"My Laser Tabac","article_author":"https:\/\/www.facebook.com\/profile.php?id=61571554707319","article_published_time":"2025-10-26T09:25:40+00:00","article_modified_time":"2025-10-26T09:26:56+00:00","og_image":[{"width":1024,"height":1024,"url":"https:\/\/www.mylasertabac.com\/wp-content\/uploads\/2025\/10\/les-bureaux-de-tabac-ferment-une-baisse-dactivite-suite-au-augmentation-du-prix-des-cigarette-en-France.png","type":"image\/png"}],"author":"Florian Fortes","twitter_card":"summary_large_image","twitter_misc":{"Escrit per":"Florian Fortes","Temps estimat de lectura":"6 minuts"},"schema":{"@context":"https:\/\/schema.org","@graph":[{"@type":"Article","@id":"https:\/\/www.mylasertabac.com\/ca\/4-300-milions-deuros-en-perdues-fiscals-per-que-els-ingressos-del-tabac-sestan-esfondrant-a-franca\/#article","isPartOf":{"@id":"https:\/\/www.mylasertabac.com\/ca\/4-300-milions-deuros-en-perdues-fiscals-per-que-els-ingressos-del-tabac-sestan-esfondrant-a-franca\/"},"author":{"name":"Florian Fortes","@id":"https:\/\/www.mylasertabac.com\/ca\/#\/schema\/person\/02c249cb76d912efb6c315ec23eccdf3"},"headline":"4.300 milions d&#8217;euros en p\u00e8rdues fiscals: per qu\u00e8 els ingressos del tabac s&#8217;estan esfondrant a Fran\u00e7a","datePublished":"2025-10-26T09:25:40+00:00","dateModified":"2025-10-26T09:26:56+00:00","mainEntityOfPage":{"@id":"https:\/\/www.mylasertabac.com\/ca\/4-300-milions-deuros-en-perdues-fiscals-per-que-els-ingressos-del-tabac-sestan-esfondrant-a-franca\/"},"wordCount":1238,"publisher":{"@id":"https:\/\/www.mylasertabac.com\/ca\/#organization"},"image":{"@id":"https:\/\/www.mylasertabac.com\/ca\/4-300-milions-deuros-en-perdues-fiscals-per-que-els-ingressos-del-tabac-sestan-esfondrant-a-franca\/#primaryimage"},"thumbnailUrl":"https:\/\/www.mylasertabac.com\/wp-content\/uploads\/2025\/10\/les-bureaux-de-tabac-ferment-une-baisse-dactivite-suite-au-augmentation-du-prix-des-cigarette-en-France.png","articleSection":["not\u00edcies"],"inLanguage":"ca"},{"@type":"WebPage","@id":"https:\/\/www.mylasertabac.com\/ca\/4-300-milions-deuros-en-perdues-fiscals-per-que-els-ingressos-del-tabac-sestan-esfondrant-a-franca\/","url":"https:\/\/www.mylasertabac.com\/ca\/4-300-milions-deuros-en-perdues-fiscals-per-que-els-ingressos-del-tabac-sestan-esfondrant-a-franca\/","name":"4.300 milions d'euros en p\u00e8rdues fiscals: per qu\u00e8 els ingressos del tabac s'estan esfondrant a Fran\u00e7a - My Laser Tabac","isPartOf":{"@id":"https:\/\/www.mylasertabac.com\/ca\/#website"},"primaryImageOfPage":{"@id":"https:\/\/www.mylasertabac.com\/ca\/4-300-milions-deuros-en-perdues-fiscals-per-que-els-ingressos-del-tabac-sestan-esfondrant-a-franca\/#primaryimage"},"image":{"@id":"https:\/\/www.mylasertabac.com\/ca\/4-300-milions-deuros-en-perdues-fiscals-per-que-els-ingressos-del-tabac-sestan-esfondrant-a-franca\/#primaryimage"},"thumbnailUrl":"https:\/\/www.mylasertabac.com\/wp-content\/uploads\/2025\/10\/les-bureaux-de-tabac-ferment-une-baisse-dactivite-suite-au-augmentation-du-prix-des-cigarette-en-France.png","datePublished":"2025-10-26T09:25:40+00:00","dateModified":"2025-10-26T09:26:56+00:00","description":"Les botigues de tabac tanquen a Fran\u00e7a: els impostos, les compres transfrontereres i els nous h\u00e0bits expliquen el descens de l'activitat nacional.","breadcrumb":{"@id":"https:\/\/www.mylasertabac.com\/ca\/4-300-milions-deuros-en-perdues-fiscals-per-que-els-ingressos-del-tabac-sestan-esfondrant-a-franca\/#breadcrumb"},"inLanguage":"ca","potentialAction":[{"@type":"ReadAction","target":["https:\/\/www.mylasertabac.com\/ca\/4-300-milions-deuros-en-perdues-fiscals-per-que-els-ingressos-del-tabac-sestan-esfondrant-a-franca\/"]}]},{"@type":"ImageObject","inLanguage":"ca","@id":"https:\/\/www.mylasertabac.com\/ca\/4-300-milions-deuros-en-perdues-fiscals-per-que-els-ingressos-del-tabac-sestan-esfondrant-a-franca\/#primaryimage","url":"https:\/\/www.mylasertabac.com\/wp-content\/uploads\/2025\/10\/les-bureaux-de-tabac-ferment-une-baisse-dactivite-suite-au-augmentation-du-prix-des-cigarette-en-France.png","contentUrl":"https:\/\/www.mylasertabac.com\/wp-content\/uploads\/2025\/10\/les-bureaux-de-tabac-ferment-une-baisse-dactivite-suite-au-augmentation-du-prix-des-cigarette-en-France.png","width":1024,"height":1024},{"@type":"BreadcrumbList","@id":"https:\/\/www.mylasertabac.com\/ca\/4-300-milions-deuros-en-perdues-fiscals-per-que-els-ingressos-del-tabac-sestan-esfondrant-a-franca\/#breadcrumb","itemListElement":[{"@type":"ListItem","position":1,"name":"Accueil","item":"https:\/\/www.mylasertabac.com\/ca\/benvingut\/"},{"@type":"ListItem","position":2,"name":"4.300 milions d&#8217;euros en p\u00e8rdues fiscals: per qu\u00e8 els ingressos del tabac s&#8217;estan esfondrant a Fran\u00e7a"}]},{"@type":"WebSite","@id":"https:\/\/www.mylasertabac.com\/ca\/#website","url":"https:\/\/www.mylasertabac.com\/ca\/","name":"My Laser Tabac","description":"La solution laser qui transforme les fumeurs en ex-fumeurs","publisher":{"@id":"https:\/\/www.mylasertabac.com\/ca\/#organization"},"potentialAction":[{"@type":"SearchAction","target":{"@type":"EntryPoint","urlTemplate":"https:\/\/www.mylasertabac.com\/ca\/?s={search_term_string}"},"query-input":{"@type":"PropertyValueSpecification","valueRequired":true,"valueName":"search_term_string"}}],"inLanguage":"ca"},{"@type":"Organization","@id":"https:\/\/www.mylasertabac.com\/ca\/#organization","name":"My Laser Tabac","url":"https:\/\/www.mylasertabac.com\/ca\/","logo":{"@type":"ImageObject","inLanguage":"ca","@id":"https:\/\/www.mylasertabac.com\/ca\/#\/schema\/logo\/image\/","url":"https:\/\/www.mylasertabac.com\/wp-content\/uploads\/2024\/12\/mlt-verteau.svg","contentUrl":"https:\/\/www.mylasertabac.com\/wp-content\/uploads\/2024\/12\/mlt-verteau.svg","caption":"My Laser Tabac"},"image":{"@id":"https:\/\/www.mylasertabac.com\/ca\/#\/schema\/logo\/image\/"}},{"@type":"Person","@id":"https:\/\/www.mylasertabac.com\/ca\/#\/schema\/person\/02c249cb76d912efb6c315ec23eccdf3","name":"Florian Fortes","image":{"@type":"ImageObject","inLanguage":"ca","@id":"https:\/\/www.mylasertabac.com\/wp-content\/litespeed\/avatar\/142101a71d7b9e6490c1120d9c109a67.jpg?ver=1776856306","url":"https:\/\/www.mylasertabac.com\/wp-content\/litespeed\/avatar\/142101a71d7b9e6490c1120d9c109a67.jpg?ver=1776856306","contentUrl":"https:\/\/www.mylasertabac.com\/wp-content\/litespeed\/avatar\/142101a71d7b9e6490c1120d9c109a67.jpg?ver=1776856306","caption":"Florian Fortes"},"sameAs":["https:\/\/www.mylasertabac.com","https:\/\/www.facebook.com\/profile.php?id=61571554707319"],"url":"https:\/\/www.mylasertabac.com\/ca\/author\/florianfortes5312\/"}]}},"_links":{"self":[{"href":"https:\/\/www.mylasertabac.com\/ca\/wp-json\/wp\/v2\/posts\/18690","targetHints":{"allow":["GET"]}}],"collection":[{"href":"https:\/\/www.mylasertabac.com\/ca\/wp-json\/wp\/v2\/posts"}],"about":[{"href":"https:\/\/www.mylasertabac.com\/ca\/wp-json\/wp\/v2\/types\/post"}],"author":[{"embeddable":true,"href":"https:\/\/www.mylasertabac.com\/ca\/wp-json\/wp\/v2\/users\/2"}],"replies":[{"embeddable":true,"href":"https:\/\/www.mylasertabac.com\/ca\/wp-json\/wp\/v2\/comments?post=18690"}],"version-history":[{"count":3,"href":"https:\/\/www.mylasertabac.com\/ca\/wp-json\/wp\/v2\/posts\/18690\/revisions"}],"predecessor-version":[{"id":18701,"href":"https:\/\/www.mylasertabac.com\/ca\/wp-json\/wp\/v2\/posts\/18690\/revisions\/18701"}],"wp:featuredmedia":[{"embeddable":true,"href":"https:\/\/www.mylasertabac.com\/ca\/wp-json\/wp\/v2\/media\/18677"}],"wp:attachment":[{"href":"https:\/\/www.mylasertabac.com\/ca\/wp-json\/wp\/v2\/media?parent=18690"}],"wp:term":[{"taxonomy":"category","embeddable":true,"href":"https:\/\/www.mylasertabac.com\/ca\/wp-json\/wp\/v2\/categories?post=18690"},{"taxonomy":"post_tag","embeddable":true,"href":"https:\/\/www.mylasertabac.com\/ca\/wp-json\/wp\/v2\/tags?post=18690"}],"curies":[{"name":"wp","href":"https:\/\/api.w.org\/{rel}","templated":true}]}}