{"id":18821,"date":"2025-10-27T10:00:28","date_gmt":"2025-10-27T09:00:28","guid":{"rendered":"https:\/\/www.mylasertabac.com\/com-parlar-amb-el-teu-fill-sobre-lalcohol-un-dialeg-afectuos-per-a-un-futur-pacific\/"},"modified":"2025-10-27T10:23:37","modified_gmt":"2025-10-27T09:23:37","slug":"com-parlar-amb-el-teu-fill-sobre-lalcohol-un-dialeg-afectuos-per-a-un-futur-pacific","status":"publish","type":"post","link":"https:\/\/www.mylasertabac.com\/ca\/com-parlar-amb-el-teu-fill-sobre-lalcohol-un-dialeg-afectuos-per-a-un-futur-pacific\/","title":{"rendered":"Com parlar amb el teu fill sobre l&#8217;alcohol: un di\u00e0leg afectu\u00f3s per a un futur pac\u00edfic"},"content":{"rendered":"\n<p>Abordar el problema de l&#8217;alcohol amb el vostre fill no \u00e9s nom\u00e9s un av\u00eds, un no-proc\u00e9s o un simple av\u00eds de perill. \u00c9s una veritable elecci\u00f3 d&#8217;estil de vida, un moment de discussi\u00f3 \u2014que es pot fer amb suavitat\u2014 per permetre que el vostre fill creixi amb confian\u00e7a, conscient de les realitats i en control de les seves decisions. <\/p>\n\n<div style=\"height:26px\" aria-hidden=\"true\" class=\"wp-block-spacer\"><\/div>\n\n<figure class=\"wp-block-image alignleft size-full is-resized\"><img fetchpriority=\"high\" decoding=\"async\" width=\"1024\" height=\"1024\" src=\"https:\/\/www.mylasertabac.com\/wp-content\/uploads\/2025\/08\/Tu-veux-arreter-lalcool.png\" alt=\"\" class=\"wp-image-14463\" style=\"width:433px;height:auto\" srcset=\"https:\/\/www.mylasertabac.com\/wp-content\/uploads\/2025\/08\/Tu-veux-arreter-lalcool.png 1024w, https:\/\/www.mylasertabac.com\/wp-content\/uploads\/2025\/08\/Tu-veux-arreter-lalcool-300x300.png 300w, https:\/\/www.mylasertabac.com\/wp-content\/uploads\/2025\/08\/Tu-veux-arreter-lalcool-150x150.png 150w, https:\/\/www.mylasertabac.com\/wp-content\/uploads\/2025\/08\/Tu-veux-arreter-lalcool-768x768.png 768w\" sizes=\"(max-width: 1024px) 100vw, 1024px\" \/><\/figure>\n\n<h2 class=\"wp-block-heading\">Per qu\u00e8 obrir el debat ara?<\/h2>\n\n<p>Els vostres fills observen. Fins i tot abans de sentir la paraula &#8220;alcohol&#8221;, veuen com agafeu un got, l&#8217;ambient a les festes i com us comporteu despr\u00e9s d&#8217;un \u00e0pat. Dels 6 als 8 anys, la noci\u00f3 de conviv\u00e8ncia associada a una beguda comen\u00e7a a tenir sentit.<br\/> En lloc d&#8217;esperar que l&#8217;alcohol es converteixi en un tema candent o una pregunta vergonyosa, anticipar el di\u00e0leg significa donar sentit als l\u00edmits, obrir finestres per compartir i evitar que el nen es trobi sol davant d&#8217;una reflexi\u00f3 social borrosa.  <\/p>\n\n<div style=\"height:26px\" aria-hidden=\"true\" class=\"wp-block-spacer\"><\/div>\n\n<h2 class=\"wp-block-heading\">Tria el moment adequat, adapta el discurs<\/h2>\n\n<p>No es tracta de fer una llarga presentaci\u00f3 te\u00f2rica. Es tracta d&#8217;un intercanvi. Segons l&#8217;edat, la maduresa i la personalitat del nen, el to i el vocabulari canvien.  <\/p>\n\n<ul class=\"wp-block-list\">\n<li>Per a un nen de 7 a 10 anys: &#8220;Beure alcohol no est\u00e0 prohibit per sempre, per\u00f2 aquest cos encara no est\u00e0 preparat&#8221;.<\/li>\n\n\n\n<li>Per a un adolescent: &#8220;Tens dret a fer preguntes, a dir que no, a sentir que tens el control de les teves decisions. L&#8217;alcohol no defineix el teu plaer, per\u00f2 de vegades pot arribar a ser m\u00e9s fort que tu&#8221;.<br\/> El treball de prevenci\u00f3 indica clarament que un marc clar, una discussi\u00f3 regular i una postura oberta s\u00f3n molt m\u00e9s efica\u00e7os que els discursos moralitzadors o puntuals. <a href=\"https:\/\/www.harmonie-sante.fr\/societe\/au-quotidien\/comment-parler-dalcool-son-enfant?utm_source=chatgpt.com\" target=\"_blank\" rel=\"noreferrer noopener\">Harmonie Sant\u00e9+1<\/a><\/li>\n<\/ul>\n\n<div style=\"height:26px\" aria-hidden=\"true\" class=\"wp-block-spacer\"><\/div>\n\n<h2 class=\"wp-block-heading\">El paper central de l&#8217;exemple<\/h2>\n\n<p>Sovint es diu que un infant no segueix una narrativa, sin\u00f3 un model. Si el pare o la mare mostra un consum excessiu o desinhibit, el missatge indirecte \u00e9s potent.<br\/> Per contra, oferir alternatives, oferir moments festius sense alcohol o simplement beure amb moderaci\u00f3 i amabilitat, explicant: &#8220;Prendr\u00e9 una copa per\u00f2 ho mantindr\u00e9 sota control, perqu\u00e8 vull ser-hi per a tu dem\u00e0&#8221;, aix\u00f2 \u00e9s el que ressona.<br\/> Els estudis de salut p\u00fablica mostren que \u00e9s l&#8217;actitud dels adults envers els infants el que marca la difer\u00e8ncia a llarg termini. <a href=\"https:\/\/addictions-france.org\/actualites\/alcool-et-ados-questions-de-parents-11523\/?utm_source=chatgpt.com\" target=\"_blank\" rel=\"noreferrer noopener\">addictions-france.org+1<\/a> <\/p>\n\n<div style=\"height:26px\" aria-hidden=\"true\" class=\"wp-block-spacer\"><\/div>\n\n<figure class=\"wp-block-table\"><table class=\"has-fixed-layout\"><tbody><tr><td>Llegiu tamb\u00e9: <mark style=\"background-color:rgba(0, 0, 0, 0)\" class=\"has-inline-color has-luminous-vivid-orange-color\"><a href=\"https:\/\/www.mylasertabac.com\/ca\/informacio\/formacio-laser-antitabac-i-addiccio\/\">Si voleu obrir una franqu\u00edcia rendible en el sector del benestar, Mylasertabac us ofereix una franqu\u00edcia clau en m\u00e0.<\/a><\/mark><a href=\"https:\/\/www.mylasertabac.com\/ca\/informacio\/formacio-laser-antitabac-i-addiccio\/\"> <\/a><\/td><\/tr><\/tbody><\/table><\/figure>\n\n<div style=\"height:26px\" aria-hidden=\"true\" class=\"wp-block-spacer\"><\/div>\n\n<h2 class=\"wp-block-heading\">Construir un marc clar, sense rigidesa innecess\u00e0ria<\/h2>\n\n<p>Parlar d&#8217;alcohol no vol dir prohibir-lo a tota costa. Significa establir pautes, normes i oportunitats de debat.<br\/> Pots dir: &#8220;Tinc una regla: espera fins als 18 anys per prendre una copa. Mentrestant, podem parlar, fer preguntes i explicar per qu\u00e8&#8221;.<br\/> \u00c9s una postura de respecte que prepara l&#8217;adult per esdevenir.<br\/> La guia de la UNAF ens recorda que aquesta combinaci\u00f3 d&#8217;informaci\u00f3 + di\u00e0leg + normes \u00e9s una poderosa palanca per a la prevenci\u00f3. <a href=\"https:\/\/www.unaf.fr\/ressources\/guide-alcool-proteger-mon-enfant\/?utm_source=chatgpt.com\" target=\"_blank\" rel=\"noreferrer noopener\">Unaf<\/a> <\/p>\n\n<div style=\"height:26px\" aria-hidden=\"true\" class=\"wp-block-spacer\"><\/div>\n\n<h2 class=\"wp-block-heading\">Quan l&#8217;alcohol esdev\u00e9 un tema delicat<\/h2>\n\n<p>De vegades, el nen fa preguntes inquietants: &#8220;Qu\u00e8 passa si bec, em convertir\u00e9 en alcoh\u00f2lic?&#8221; o &#8220;Per qu\u00e8 de vegades beus m\u00e9s del que \u00e9s habitual?&#8221;<br\/>Mantingueu la calma. Doneu la benvinguda a la curiositat. Podeu dir: &#8220;Beure alcohol \u00e9s triar relaxar-se, per\u00f2 els nostres cossos i cervells no sempre estan preparats. I de vegades aix\u00f2 acaba sent un problema&#8221;.<br\/> Aquesta obertura transforma el nen en un company de di\u00e0leg, no en un oient passiu.  <\/p>\n\n<div style=\"height:26px\" aria-hidden=\"true\" class=\"wp-block-spacer\"><\/div>\n\n<h2 class=\"wp-block-heading\">Alternatives al vidre: valor sense culpa<\/h2>\n\n<p>Una manera d&#8217;alegrar l&#8217;ambient \u00e9s oferir begudes sense alcohol festives o diferents moments per compartir: c\u00f2ctel sense alcohol, suc natural, joc, xerrada a altes hores de la nit.<br\/> En demostrar que el plaer pot existir fora d&#8217;una beguda, envies el missatge: &#8220;L&#8217;atmosfera, el riure, el moment romanen. El que canvia \u00e9s el gest autom\u00e0tic&#8221;.<br\/> Aquestes petites atencions donen sentit a la teva postura.<\/p>\n\n<div style=\"height:26px\" aria-hidden=\"true\" class=\"wp-block-spacer\"><\/div>\n\n<h2 class=\"wp-block-heading\">El paper del professional en cas de dubtes<\/h2>\n\n<p>Si observeu signes de consum preco\u00e7 de drogues, pressi\u00f3 social o malestar en el vostre fill, no dubteu a consultar un professional: un metge, un especialista en addiccions o un psic\u00f2leg.<br\/> L&#8217;important \u00e9s demostrar que aix\u00f2 no \u00e9s un senyal de debilitat, sin\u00f3 un acte de cura: &#8220;T&#8217;ajudo, et dono suport&#8221;.<br\/> Els recursos s\u00f3n nombrosos, fiables i accessibles. La clau \u00e9s actuar. <\/p>\n\n<div style=\"height:26px\" aria-hidden=\"true\" class=\"wp-block-spacer\"><\/div>\n\n<h2 class=\"wp-block-heading\">Per qu\u00e8 aquest di\u00e0leg \u00e9s clau per a la vida<\/h2>\n\n<p>Quan parles amb el teu fill sobre alcohol, no nom\u00e9s est\u00e0s parlant d&#8217;una subst\u00e0ncia.<br\/> Parleu de confian\u00e7a, respecte i llibertat d&#8217;elecci\u00f3. Junts, constru\u00efu una relaci\u00f3 responsable amb vosaltres mateixos i amb els altres.<br\/> Li d\u00f3nes la capacitat de dir que no, de rebutjar una beguda, d&#8217;allargar la vetllada sense moderaci\u00f3 imposada.<br\/> Li ofereixes una vida m\u00e9s lleugera, m\u00e9s plena, amb punts de refer\u00e8ncia s\u00f2lids. <\/p>\n\n<div style=\"height:26px\" aria-hidden=\"true\" class=\"wp-block-spacer\"><\/div>\n\n<h3 class=\"wp-block-heading\">En conclusi\u00f3<\/h3>\n\n<p>Parlar amb el teu fill sobre l&#8217;alcohol no \u00e9s una obligaci\u00f3, \u00e9s un regal.<br\/> Un regal fet de temps, escolta, transpar\u00e8ncia.<br\/> Un regal que permet a l&#8217;infant cr\u00e9ixer lliure, prendre les seves pr\u00f2pies decisions, sentir-se respectat i recolzat.<br\/> No deixis que l&#8217;alcohol esdevingui un tema tab\u00fa. Converteix-lo en un di\u00e0leg obert.<br\/> Perqu\u00e8 el que dius avui, el teu fill ho dir\u00e0 dem\u00e0.<br\/> I aix\u00f2 importa per a la vida. <\/p>\n\n<div style=\"height:26px\" aria-hidden=\"true\" class=\"wp-block-spacer\"><\/div>\n\n<figure class=\"wp-block-image size-large\"><img decoding=\"async\" src=\"https:\/\/www.mylasertabac.com\/wp-content\/uploads\/\/mlt-verteau.svg\" alt=\"\" class=\"wp-image-13\"\/><\/figure>\n","protected":false},"excerpt":{"rendered":"<p>Abordar el problema de l&#8217;alcohol amb el vostre fill no \u00e9s nom\u00e9s un av\u00eds, un no-proc\u00e9s o un simple av\u00eds de perill. \u00c9s una veritable elecci\u00f3 d&#8217;estil de vida, un moment de discussi\u00f3 \u2014que es pot fer amb suavitat\u2014 per permetre que el vostre fill creixi amb confian\u00e7a, conscient de les realitats i en control [&hellip;]<\/p>\n","protected":false},"author":2,"featured_media":18846,"comment_status":"closed","ping_status":"open","sticky":false,"template":"","format":"standard","meta":{"inline_featured_image":false,"footnotes":""},"categories":[159],"tags":[],"class_list":["post-18821","post","type-post","status-publish","format-standard","has-post-thumbnail","hentry","category-salut"],"yoast_head":"<!-- This site is optimized with the Yoast SEO plugin v27.4 - https:\/\/yoast.com\/product\/yoast-seo-wordpress\/ -->\n<title>Com parlar amb el teu fill sobre l&#039;alcohol: un di\u00e0leg afectu\u00f3s per a un futur pac\u00edfic - My Laser Tabac<\/title>\n<meta name=\"description\" content=\"Apreneu a parlar sobre l&#039;alcohol amb el vostre fill\/a utilitzant un enfocament atent, educatiu i preventiu per generar confian\u00e7a.\" \/>\n<meta name=\"robots\" content=\"index, follow, max-snippet:-1, max-image-preview:large, max-video-preview:-1\" \/>\n<link rel=\"canonical\" href=\"https:\/\/www.mylasertabac.com\/ca\/com-parlar-amb-el-teu-fill-sobre-lalcohol-un-dialeg-afectuos-per-a-un-futur-pacific\/\" \/>\n<meta property=\"og:locale\" content=\"ca_ES\" \/>\n<meta property=\"og:type\" content=\"article\" \/>\n<meta property=\"og:title\" content=\"Com parlar amb el teu fill sobre l&#039;alcohol: un di\u00e0leg afectu\u00f3s per a un futur pac\u00edfic - My Laser Tabac\" \/>\n<meta property=\"og:description\" content=\"Apreneu a parlar sobre l&#039;alcohol amb el vostre fill\/a utilitzant un enfocament atent, educatiu i preventiu per generar confian\u00e7a.\" \/>\n<meta property=\"og:url\" content=\"https:\/\/www.mylasertabac.com\/ca\/com-parlar-amb-el-teu-fill-sobre-lalcohol-un-dialeg-afectuos-per-a-un-futur-pacific\/\" \/>\n<meta property=\"og:site_name\" content=\"My Laser Tabac\" \/>\n<meta property=\"article:author\" content=\"https:\/\/www.facebook.com\/profile.php?id=61571554707319\" \/>\n<meta property=\"article:published_time\" content=\"2025-10-27T09:00:28+00:00\" \/>\n<meta property=\"article:modified_time\" content=\"2025-10-27T09:23:37+00:00\" \/>\n<meta property=\"og:image\" content=\"https:\/\/www.mylasertabac.com\/wp-content\/uploads\/2025\/10\/pourquoi-parler-de-lalcool-avec-ces-enfants-1024x683.png\" \/>\n\t<meta property=\"og:image:width\" content=\"1024\" \/>\n\t<meta property=\"og:image:height\" content=\"683\" \/>\n\t<meta property=\"og:image:type\" content=\"image\/png\" \/>\n<meta name=\"author\" content=\"Florian Fortes\" \/>\n<meta name=\"twitter:card\" content=\"summary_large_image\" \/>\n<meta name=\"twitter:label1\" content=\"Escrit per\" \/>\n\t<meta name=\"twitter:data1\" content=\"Florian Fortes\" \/>\n\t<meta name=\"twitter:label2\" content=\"Temps estimat de lectura\" \/>\n\t<meta name=\"twitter:data2\" content=\"4 minuts\" \/>\n<script type=\"application\/ld+json\" class=\"yoast-schema-graph\">{\"@context\":\"https:\\\/\\\/schema.org\",\"@graph\":[{\"@type\":\"Article\",\"@id\":\"https:\\\/\\\/www.mylasertabac.com\\\/ca\\\/com-parlar-amb-el-teu-fill-sobre-lalcohol-un-dialeg-afectuos-per-a-un-futur-pacific\\\/#article\",\"isPartOf\":{\"@id\":\"https:\\\/\\\/www.mylasertabac.com\\\/ca\\\/com-parlar-amb-el-teu-fill-sobre-lalcohol-un-dialeg-afectuos-per-a-un-futur-pacific\\\/\"},\"author\":{\"name\":\"Florian Fortes\",\"@id\":\"https:\\\/\\\/www.mylasertabac.com\\\/ca\\\/#\\\/schema\\\/person\\\/02c249cb76d912efb6c315ec23eccdf3\"},\"headline\":\"Com parlar amb el teu fill sobre l&#8217;alcohol: un di\u00e0leg afectu\u00f3s per a un futur pac\u00edfic\",\"datePublished\":\"2025-10-27T09:00:28+00:00\",\"dateModified\":\"2025-10-27T09:23:37+00:00\",\"mainEntityOfPage\":{\"@id\":\"https:\\\/\\\/www.mylasertabac.com\\\/ca\\\/com-parlar-amb-el-teu-fill-sobre-lalcohol-un-dialeg-afectuos-per-a-un-futur-pacific\\\/\"},\"wordCount\":925,\"publisher\":{\"@id\":\"https:\\\/\\\/www.mylasertabac.com\\\/ca\\\/#organization\"},\"image\":{\"@id\":\"https:\\\/\\\/www.mylasertabac.com\\\/ca\\\/com-parlar-amb-el-teu-fill-sobre-lalcohol-un-dialeg-afectuos-per-a-un-futur-pacific\\\/#primaryimage\"},\"thumbnailUrl\":\"https:\\\/\\\/www.mylasertabac.com\\\/wp-content\\\/uploads\\\/2025\\\/10\\\/pourquoi-parler-de-lalcool-avec-ces-enfants.png\",\"articleSection\":[\"Salut\"],\"inLanguage\":\"ca\"},{\"@type\":\"WebPage\",\"@id\":\"https:\\\/\\\/www.mylasertabac.com\\\/ca\\\/com-parlar-amb-el-teu-fill-sobre-lalcohol-un-dialeg-afectuos-per-a-un-futur-pacific\\\/\",\"url\":\"https:\\\/\\\/www.mylasertabac.com\\\/ca\\\/com-parlar-amb-el-teu-fill-sobre-lalcohol-un-dialeg-afectuos-per-a-un-futur-pacific\\\/\",\"name\":\"Com parlar amb el teu fill sobre l'alcohol: un di\u00e0leg afectu\u00f3s per a un futur pac\u00edfic - My Laser Tabac\",\"isPartOf\":{\"@id\":\"https:\\\/\\\/www.mylasertabac.com\\\/ca\\\/#website\"},\"primaryImageOfPage\":{\"@id\":\"https:\\\/\\\/www.mylasertabac.com\\\/ca\\\/com-parlar-amb-el-teu-fill-sobre-lalcohol-un-dialeg-afectuos-per-a-un-futur-pacific\\\/#primaryimage\"},\"image\":{\"@id\":\"https:\\\/\\\/www.mylasertabac.com\\\/ca\\\/com-parlar-amb-el-teu-fill-sobre-lalcohol-un-dialeg-afectuos-per-a-un-futur-pacific\\\/#primaryimage\"},\"thumbnailUrl\":\"https:\\\/\\\/www.mylasertabac.com\\\/wp-content\\\/uploads\\\/2025\\\/10\\\/pourquoi-parler-de-lalcool-avec-ces-enfants.png\",\"datePublished\":\"2025-10-27T09:00:28+00:00\",\"dateModified\":\"2025-10-27T09:23:37+00:00\",\"description\":\"Apreneu a parlar sobre l'alcohol amb el vostre fill\\\/a utilitzant un enfocament atent, educatiu i preventiu per generar confian\u00e7a.\",\"breadcrumb\":{\"@id\":\"https:\\\/\\\/www.mylasertabac.com\\\/ca\\\/com-parlar-amb-el-teu-fill-sobre-lalcohol-un-dialeg-afectuos-per-a-un-futur-pacific\\\/#breadcrumb\"},\"inLanguage\":\"ca\",\"potentialAction\":[{\"@type\":\"ReadAction\",\"target\":[\"https:\\\/\\\/www.mylasertabac.com\\\/ca\\\/com-parlar-amb-el-teu-fill-sobre-lalcohol-un-dialeg-afectuos-per-a-un-futur-pacific\\\/\"]}]},{\"@type\":\"ImageObject\",\"inLanguage\":\"ca\",\"@id\":\"https:\\\/\\\/www.mylasertabac.com\\\/ca\\\/com-parlar-amb-el-teu-fill-sobre-lalcohol-un-dialeg-afectuos-per-a-un-futur-pacific\\\/#primaryimage\",\"url\":\"https:\\\/\\\/www.mylasertabac.com\\\/wp-content\\\/uploads\\\/2025\\\/10\\\/pourquoi-parler-de-lalcool-avec-ces-enfants.png\",\"contentUrl\":\"https:\\\/\\\/www.mylasertabac.com\\\/wp-content\\\/uploads\\\/2025\\\/10\\\/pourquoi-parler-de-lalcool-avec-ces-enfants.png\",\"width\":1536,\"height\":1024},{\"@type\":\"BreadcrumbList\",\"@id\":\"https:\\\/\\\/www.mylasertabac.com\\\/ca\\\/com-parlar-amb-el-teu-fill-sobre-lalcohol-un-dialeg-afectuos-per-a-un-futur-pacific\\\/#breadcrumb\",\"itemListElement\":[{\"@type\":\"ListItem\",\"position\":1,\"name\":\"Accueil\",\"item\":\"https:\\\/\\\/www.mylasertabac.com\\\/ca\\\/benvingut\\\/\"},{\"@type\":\"ListItem\",\"position\":2,\"name\":\"Com parlar amb el teu fill sobre l&#8217;alcohol: un di\u00e0leg afectu\u00f3s per a un futur pac\u00edfic\"}]},{\"@type\":\"WebSite\",\"@id\":\"https:\\\/\\\/www.mylasertabac.com\\\/ca\\\/#website\",\"url\":\"https:\\\/\\\/www.mylasertabac.com\\\/ca\\\/\",\"name\":\"My Laser Tabac\",\"description\":\"La solution laser qui transforme les fumeurs en ex-fumeurs\",\"publisher\":{\"@id\":\"https:\\\/\\\/www.mylasertabac.com\\\/ca\\\/#organization\"},\"potentialAction\":[{\"@type\":\"SearchAction\",\"target\":{\"@type\":\"EntryPoint\",\"urlTemplate\":\"https:\\\/\\\/www.mylasertabac.com\\\/ca\\\/?s={search_term_string}\"},\"query-input\":{\"@type\":\"PropertyValueSpecification\",\"valueRequired\":true,\"valueName\":\"search_term_string\"}}],\"inLanguage\":\"ca\"},{\"@type\":\"Organization\",\"@id\":\"https:\\\/\\\/www.mylasertabac.com\\\/ca\\\/#organization\",\"name\":\"My Laser Tabac\",\"url\":\"https:\\\/\\\/www.mylasertabac.com\\\/ca\\\/\",\"logo\":{\"@type\":\"ImageObject\",\"inLanguage\":\"ca\",\"@id\":\"https:\\\/\\\/www.mylasertabac.com\\\/ca\\\/#\\\/schema\\\/logo\\\/image\\\/\",\"url\":\"https:\\\/\\\/www.mylasertabac.com\\\/wp-content\\\/uploads\\\/2024\\\/12\\\/mlt-verteau.svg\",\"contentUrl\":\"https:\\\/\\\/www.mylasertabac.com\\\/wp-content\\\/uploads\\\/2024\\\/12\\\/mlt-verteau.svg\",\"caption\":\"My Laser Tabac\"},\"image\":{\"@id\":\"https:\\\/\\\/www.mylasertabac.com\\\/ca\\\/#\\\/schema\\\/logo\\\/image\\\/\"}},{\"@type\":\"Person\",\"@id\":\"https:\\\/\\\/www.mylasertabac.com\\\/ca\\\/#\\\/schema\\\/person\\\/02c249cb76d912efb6c315ec23eccdf3\",\"name\":\"Florian Fortes\",\"image\":{\"@type\":\"ImageObject\",\"inLanguage\":\"ca\",\"@id\":\"https:\\\/\\\/www.mylasertabac.com\\\/wp-content\\\/litespeed\\\/avatar\\\/142101a71d7b9e6490c1120d9c109a67.jpg?ver=1776856306\",\"url\":\"https:\\\/\\\/www.mylasertabac.com\\\/wp-content\\\/litespeed\\\/avatar\\\/142101a71d7b9e6490c1120d9c109a67.jpg?ver=1776856306\",\"contentUrl\":\"https:\\\/\\\/www.mylasertabac.com\\\/wp-content\\\/litespeed\\\/avatar\\\/142101a71d7b9e6490c1120d9c109a67.jpg?ver=1776856306\",\"caption\":\"Florian Fortes\"},\"sameAs\":[\"https:\\\/\\\/www.mylasertabac.com\",\"https:\\\/\\\/www.facebook.com\\\/profile.php?id=61571554707319\"],\"url\":\"https:\\\/\\\/www.mylasertabac.com\\\/ca\\\/author\\\/florianfortes5312\\\/\"}]}<\/script>\n<!-- \/ Yoast SEO plugin. -->","yoast_head_json":{"title":"Com parlar amb el teu fill sobre l'alcohol: un di\u00e0leg afectu\u00f3s per a un futur pac\u00edfic - My Laser Tabac","description":"Apreneu a parlar sobre l'alcohol amb el vostre fill\/a utilitzant un enfocament atent, educatiu i preventiu per generar confian\u00e7a.","robots":{"index":"index","follow":"follow","max-snippet":"max-snippet:-1","max-image-preview":"max-image-preview:large","max-video-preview":"max-video-preview:-1"},"canonical":"https:\/\/www.mylasertabac.com\/ca\/com-parlar-amb-el-teu-fill-sobre-lalcohol-un-dialeg-afectuos-per-a-un-futur-pacific\/","og_locale":"ca_ES","og_type":"article","og_title":"Com parlar amb el teu fill sobre l'alcohol: un di\u00e0leg afectu\u00f3s per a un futur pac\u00edfic - My Laser Tabac","og_description":"Apreneu a parlar sobre l'alcohol amb el vostre fill\/a utilitzant un enfocament atent, educatiu i preventiu per generar confian\u00e7a.","og_url":"https:\/\/www.mylasertabac.com\/ca\/com-parlar-amb-el-teu-fill-sobre-lalcohol-un-dialeg-afectuos-per-a-un-futur-pacific\/","og_site_name":"My Laser Tabac","article_author":"https:\/\/www.facebook.com\/profile.php?id=61571554707319","article_published_time":"2025-10-27T09:00:28+00:00","article_modified_time":"2025-10-27T09:23:37+00:00","og_image":[{"width":1024,"height":683,"url":"https:\/\/www.mylasertabac.com\/wp-content\/uploads\/2025\/10\/pourquoi-parler-de-lalcool-avec-ces-enfants-1024x683.png","type":"image\/png"}],"author":"Florian Fortes","twitter_card":"summary_large_image","twitter_misc":{"Escrit per":"Florian Fortes","Temps estimat de lectura":"4 minuts"},"schema":{"@context":"https:\/\/schema.org","@graph":[{"@type":"Article","@id":"https:\/\/www.mylasertabac.com\/ca\/com-parlar-amb-el-teu-fill-sobre-lalcohol-un-dialeg-afectuos-per-a-un-futur-pacific\/#article","isPartOf":{"@id":"https:\/\/www.mylasertabac.com\/ca\/com-parlar-amb-el-teu-fill-sobre-lalcohol-un-dialeg-afectuos-per-a-un-futur-pacific\/"},"author":{"name":"Florian Fortes","@id":"https:\/\/www.mylasertabac.com\/ca\/#\/schema\/person\/02c249cb76d912efb6c315ec23eccdf3"},"headline":"Com parlar amb el teu fill sobre l&#8217;alcohol: un di\u00e0leg afectu\u00f3s per a un futur pac\u00edfic","datePublished":"2025-10-27T09:00:28+00:00","dateModified":"2025-10-27T09:23:37+00:00","mainEntityOfPage":{"@id":"https:\/\/www.mylasertabac.com\/ca\/com-parlar-amb-el-teu-fill-sobre-lalcohol-un-dialeg-afectuos-per-a-un-futur-pacific\/"},"wordCount":925,"publisher":{"@id":"https:\/\/www.mylasertabac.com\/ca\/#organization"},"image":{"@id":"https:\/\/www.mylasertabac.com\/ca\/com-parlar-amb-el-teu-fill-sobre-lalcohol-un-dialeg-afectuos-per-a-un-futur-pacific\/#primaryimage"},"thumbnailUrl":"https:\/\/www.mylasertabac.com\/wp-content\/uploads\/2025\/10\/pourquoi-parler-de-lalcool-avec-ces-enfants.png","articleSection":["Salut"],"inLanguage":"ca"},{"@type":"WebPage","@id":"https:\/\/www.mylasertabac.com\/ca\/com-parlar-amb-el-teu-fill-sobre-lalcohol-un-dialeg-afectuos-per-a-un-futur-pacific\/","url":"https:\/\/www.mylasertabac.com\/ca\/com-parlar-amb-el-teu-fill-sobre-lalcohol-un-dialeg-afectuos-per-a-un-futur-pacific\/","name":"Com parlar amb el teu fill sobre l'alcohol: un di\u00e0leg afectu\u00f3s per a un futur pac\u00edfic - My Laser Tabac","isPartOf":{"@id":"https:\/\/www.mylasertabac.com\/ca\/#website"},"primaryImageOfPage":{"@id":"https:\/\/www.mylasertabac.com\/ca\/com-parlar-amb-el-teu-fill-sobre-lalcohol-un-dialeg-afectuos-per-a-un-futur-pacific\/#primaryimage"},"image":{"@id":"https:\/\/www.mylasertabac.com\/ca\/com-parlar-amb-el-teu-fill-sobre-lalcohol-un-dialeg-afectuos-per-a-un-futur-pacific\/#primaryimage"},"thumbnailUrl":"https:\/\/www.mylasertabac.com\/wp-content\/uploads\/2025\/10\/pourquoi-parler-de-lalcool-avec-ces-enfants.png","datePublished":"2025-10-27T09:00:28+00:00","dateModified":"2025-10-27T09:23:37+00:00","description":"Apreneu a parlar sobre l'alcohol amb el vostre fill\/a utilitzant un enfocament atent, educatiu i preventiu per generar confian\u00e7a.","breadcrumb":{"@id":"https:\/\/www.mylasertabac.com\/ca\/com-parlar-amb-el-teu-fill-sobre-lalcohol-un-dialeg-afectuos-per-a-un-futur-pacific\/#breadcrumb"},"inLanguage":"ca","potentialAction":[{"@type":"ReadAction","target":["https:\/\/www.mylasertabac.com\/ca\/com-parlar-amb-el-teu-fill-sobre-lalcohol-un-dialeg-afectuos-per-a-un-futur-pacific\/"]}]},{"@type":"ImageObject","inLanguage":"ca","@id":"https:\/\/www.mylasertabac.com\/ca\/com-parlar-amb-el-teu-fill-sobre-lalcohol-un-dialeg-afectuos-per-a-un-futur-pacific\/#primaryimage","url":"https:\/\/www.mylasertabac.com\/wp-content\/uploads\/2025\/10\/pourquoi-parler-de-lalcool-avec-ces-enfants.png","contentUrl":"https:\/\/www.mylasertabac.com\/wp-content\/uploads\/2025\/10\/pourquoi-parler-de-lalcool-avec-ces-enfants.png","width":1536,"height":1024},{"@type":"BreadcrumbList","@id":"https:\/\/www.mylasertabac.com\/ca\/com-parlar-amb-el-teu-fill-sobre-lalcohol-un-dialeg-afectuos-per-a-un-futur-pacific\/#breadcrumb","itemListElement":[{"@type":"ListItem","position":1,"name":"Accueil","item":"https:\/\/www.mylasertabac.com\/ca\/benvingut\/"},{"@type":"ListItem","position":2,"name":"Com parlar amb el teu fill sobre l&#8217;alcohol: un di\u00e0leg afectu\u00f3s per a un futur pac\u00edfic"}]},{"@type":"WebSite","@id":"https:\/\/www.mylasertabac.com\/ca\/#website","url":"https:\/\/www.mylasertabac.com\/ca\/","name":"My Laser Tabac","description":"La solution laser qui transforme les fumeurs en ex-fumeurs","publisher":{"@id":"https:\/\/www.mylasertabac.com\/ca\/#organization"},"potentialAction":[{"@type":"SearchAction","target":{"@type":"EntryPoint","urlTemplate":"https:\/\/www.mylasertabac.com\/ca\/?s={search_term_string}"},"query-input":{"@type":"PropertyValueSpecification","valueRequired":true,"valueName":"search_term_string"}}],"inLanguage":"ca"},{"@type":"Organization","@id":"https:\/\/www.mylasertabac.com\/ca\/#organization","name":"My Laser Tabac","url":"https:\/\/www.mylasertabac.com\/ca\/","logo":{"@type":"ImageObject","inLanguage":"ca","@id":"https:\/\/www.mylasertabac.com\/ca\/#\/schema\/logo\/image\/","url":"https:\/\/www.mylasertabac.com\/wp-content\/uploads\/2024\/12\/mlt-verteau.svg","contentUrl":"https:\/\/www.mylasertabac.com\/wp-content\/uploads\/2024\/12\/mlt-verteau.svg","caption":"My Laser Tabac"},"image":{"@id":"https:\/\/www.mylasertabac.com\/ca\/#\/schema\/logo\/image\/"}},{"@type":"Person","@id":"https:\/\/www.mylasertabac.com\/ca\/#\/schema\/person\/02c249cb76d912efb6c315ec23eccdf3","name":"Florian Fortes","image":{"@type":"ImageObject","inLanguage":"ca","@id":"https:\/\/www.mylasertabac.com\/wp-content\/litespeed\/avatar\/142101a71d7b9e6490c1120d9c109a67.jpg?ver=1776856306","url":"https:\/\/www.mylasertabac.com\/wp-content\/litespeed\/avatar\/142101a71d7b9e6490c1120d9c109a67.jpg?ver=1776856306","contentUrl":"https:\/\/www.mylasertabac.com\/wp-content\/litespeed\/avatar\/142101a71d7b9e6490c1120d9c109a67.jpg?ver=1776856306","caption":"Florian Fortes"},"sameAs":["https:\/\/www.mylasertabac.com","https:\/\/www.facebook.com\/profile.php?id=61571554707319"],"url":"https:\/\/www.mylasertabac.com\/ca\/author\/florianfortes5312\/"}]}},"_links":{"self":[{"href":"https:\/\/www.mylasertabac.com\/ca\/wp-json\/wp\/v2\/posts\/18821","targetHints":{"allow":["GET"]}}],"collection":[{"href":"https:\/\/www.mylasertabac.com\/ca\/wp-json\/wp\/v2\/posts"}],"about":[{"href":"https:\/\/www.mylasertabac.com\/ca\/wp-json\/wp\/v2\/types\/post"}],"author":[{"embeddable":true,"href":"https:\/\/www.mylasertabac.com\/ca\/wp-json\/wp\/v2\/users\/2"}],"replies":[{"embeddable":true,"href":"https:\/\/www.mylasertabac.com\/ca\/wp-json\/wp\/v2\/comments?post=18821"}],"version-history":[{"count":5,"href":"https:\/\/www.mylasertabac.com\/ca\/wp-json\/wp\/v2\/posts\/18821\/revisions"}],"predecessor-version":[{"id":18862,"href":"https:\/\/www.mylasertabac.com\/ca\/wp-json\/wp\/v2\/posts\/18821\/revisions\/18862"}],"wp:featuredmedia":[{"embeddable":true,"href":"https:\/\/www.mylasertabac.com\/ca\/wp-json\/wp\/v2\/media\/18846"}],"wp:attachment":[{"href":"https:\/\/www.mylasertabac.com\/ca\/wp-json\/wp\/v2\/media?parent=18821"}],"wp:term":[{"taxonomy":"category","embeddable":true,"href":"https:\/\/www.mylasertabac.com\/ca\/wp-json\/wp\/v2\/categories?post=18821"},{"taxonomy":"post_tag","embeddable":true,"href":"https:\/\/www.mylasertabac.com\/ca\/wp-json\/wp\/v2\/tags?post=18821"}],"curies":[{"name":"wp","href":"https:\/\/api.w.org\/{rel}","templated":true}]}}