{"id":18882,"date":"2025-10-27T10:36:56","date_gmt":"2025-10-27T09:36:56","guid":{"rendered":"https:\/\/www.mylasertabac.com\/parlar-de-cannabis-mentre-es-condueix-que-vaig-entendre-despres-de-llegir-lestudi\/"},"modified":"2025-10-27T19:38:36","modified_gmt":"2025-10-27T18:38:36","slug":"parlar-de-cannabis-mentre-es-condueix-que-vaig-entendre-despres-de-llegir-lestudi","status":"publish","type":"post","link":"https:\/\/www.mylasertabac.com\/ca\/parlar-de-cannabis-mentre-es-condueix-que-vaig-entendre-despres-de-llegir-lestudi\/","title":{"rendered":"Parlar de c\u00e0nnabis mentre es condueix: qu\u00e8 vaig entendre despr\u00e9s de llegir l&#8217;estudi"},"content":{"rendered":"\n<div style=\"height:23px\" aria-hidden=\"true\" class=\"wp-block-spacer\"><\/div>\n\n<p>Recordo la sensaci\u00f3 d&#8217;invulnerabilitat que tenia quan era jove, al volant. Un porro de tant en tant? &#8220;Em relaxa, no conduir\u00e9 gaire estona&#8221;. Conduir amb alcohol fa temps que est\u00e0 estigmatitzat, per\u00f2 el c\u00e0nnabis? Aquell em va semblar m\u00e9s lleu, menys &#8220;perill\u00f3s&#8221;. Aleshores vaig llegir l&#8217;estudi publicat recentment i tot va canviar.     <\/p>\n\n<div style=\"height:23px\" aria-hidden=\"true\" class=\"wp-block-spacer\"><\/div>\n\n<h3 class=\"wp-block-heading\">Qu\u00e8 revela l&#8217;estudi<\/h3>\n\n<p>L&#8217;estudi realitzat al comtat de Maryland, EUA, mostra que aproximadament el <strong>41,9%<\/strong> dels conductors morts en accidents tenien <strong>THC actiu<\/strong> a la sang. <a href=\"https:\/\/www.pourquoidocteur.fr\/Articles\/Question-d-actu\/52764-Cannabis-volant-l-etude-tire-sonnette-d-alarme?utm_source=chatgpt.com\" target=\"_blank\" rel=\"noreferrer noopener\">Per qu\u00e8 Doctor+1<\/a><br\/> En altres paraules: gaireb\u00e9 un de cada dos conductors en aquest context havia consumit c\u00e0nnabis poc abans de l&#8217;accident.<br\/> A Fran\u00e7a, les proves de saliva realitzades en autobusos escolars entre gener i agost de 2025 tamb\u00e9 revelen una realitat inquietant: de m\u00e9s de <strong>30.000 controls<\/strong> , 119 conductors van donar positiu per un estupefaent (incl\u00f2s el c\u00e0nnabis primer), en comparaci\u00f3 amb 63 per alcohol.  <\/p>\n\n<div style=\"height:23px\" aria-hidden=\"true\" class=\"wp-block-spacer\"><\/div>\n\n<figure class=\"wp-block-table\"><table class=\"has-fixed-layout\"><tbody><tr><td>Llegiu tamb\u00e9:  <a href=\"https:\/\/www.mylasertabac.com\/ca\/informacio\/formacio-laser-antitabac-i-addiccio\/\"><mark style=\"background-color:rgba(0, 0, 0, 0)\" class=\"has-inline-color has-luminous-vivid-orange-color\">Vols llan\u00e7ar un negoci en creixement en el sector sanitari? Mylasertabac t&#8217;ofereix formaci\u00f3 clau en m\u00e0. <\/mark><\/a><\/td><\/tr><\/tbody><\/table><\/figure>\n\n<div style=\"height:23px\" aria-hidden=\"true\" class=\"wp-block-spacer\"><\/div>\n\n<figure class=\"wp-block-image alignleft size-large is-resized\"><a href=\"https:\/\/www.mylasertabac.com\/ca\/els-nostres-centres\/\"><img fetchpriority=\"high\" decoding=\"async\" width=\"1024\" height=\"668\" src=\"https:\/\/www.mylasertabac.com\/wp-content\/uploads\/2025\/08\/tu-veux-arreter-de-fumer-Clique-ici--1024x668.jpg\" alt=\"\" class=\"wp-image-13752\" style=\"width:467px;height:auto\" srcset=\"https:\/\/www.mylasertabac.com\/wp-content\/uploads\/2025\/08\/tu-veux-arreter-de-fumer-Clique-ici--1024x668.jpg 1024w, https:\/\/www.mylasertabac.com\/wp-content\/uploads\/2025\/08\/tu-veux-arreter-de-fumer-Clique-ici--300x196.jpg 300w, https:\/\/www.mylasertabac.com\/wp-content\/uploads\/2025\/08\/tu-veux-arreter-de-fumer-Clique-ici--768x501.jpg 768w, https:\/\/www.mylasertabac.com\/wp-content\/uploads\/2025\/08\/tu-veux-arreter-de-fumer-Clique-ici-.jpg 1206w\" sizes=\"(max-width: 1024px) 100vw, 1024px\" \/><\/a><\/figure>\n\n<h3 class=\"wp-block-heading\">Per qu\u00e8 encara es minimitzava el perill<\/h3>\n\n<p>Veig tres raons principals.<\/p>\n\n<ul class=\"wp-block-list\">\n<li>El c\u00e0nnabis sovint es percep com a &#8220;menys seri\u00f3s&#8221; que l&#8217;alcohol. Tot i aix\u00f2, la recerca demostra que el c\u00e0nnabis deteriora <strong>l&#8217;alerta<\/strong> , prolonga <strong>el temps de reacci\u00f3<\/strong> i deteriora la coordinaci\u00f3, tots elements essencials per conduir.   <\/li>\n\n\n\n<li>Alguns consumidors pensen que condueixen &#8220;guais&#8221;, sense sentir cap efecte. L&#8217;estudi destaca que <em>la toler\u00e0ncia<\/em> existeix, per\u00f2 emmascara el perill a costa de reflexos debilitats.   <\/li>\n\n\n\n<li>Fins ara, els missatges de prevenci\u00f3 han estat molt m\u00e9s contundents per a l&#8217;alcohol que per a les drogues. Aquest alineament tard\u00e0 explica una persistent manca de conscienciaci\u00f3. <\/li>\n<\/ul>\n\n<div style=\"height:23px\" aria-hidden=\"true\" class=\"wp-block-spacer\"><\/div>\n\n<h3 class=\"wp-block-heading\">El que recordo com a pare, com a ciutad\u00e0<\/h3>\n\n<p>Com a pare o mare, m&#8217;adono de la urg\u00e8ncia d&#8217;aquesta pregunta: una persona jove que fuma un porro abans de conduir no necess\u00e0riament es considera &#8220;sota els efectes de l&#8217;alcohol&#8221;. I, tanmateix.<br\/> A la carretera, cada segon compta. L&#8217;estudi ens recorda que fins i tot una lleugera alteraci\u00f3 pot ser suficient per bolcar. <g id=\"gid_0\">La Tribune Auto+1<\/g><br\/> Per a mi, aix\u00f2 significa: parlem d&#8217;aquests temes amb els meus fills. Parlem de la realitat; no deixem que el temps i la inconsci\u00e8ncia s&#8217;apoderin de nosaltres.   <\/p>\n\n<div style=\"height:23px\" aria-hidden=\"true\" class=\"wp-block-spacer\"><\/div>\n\n<h3 class=\"wp-block-heading\">Estar ben informat tamb\u00e9 vol dir entendre<\/h3>\n\n<p>Els efectes del c\u00e0nnabis durant la conducci\u00f3 van m\u00e9s enll\u00e0 de la simple &#8220;intoxicaci\u00f3&#8221;. Reflexos lents, concentraci\u00f3 alterada i un c\u00e0lcul inexacte de les dist\u00e0ncies s\u00f3n factors que s&#8217;han confirmat.<br\/> Una cosa que l&#8217;estudi destaca \u00e9s que no nom\u00e9s es tracta <g id=\"gid_0\">de quant<\/g> fumes, sin\u00f3 tamb\u00e9 <g id=\"gid_1\">de quan<\/g> condueixes despr\u00e9s de fumar. Fins i tot per a usuaris ocasionals, els efectes poden durar diverses hores.    <\/p>\n\n<div style=\"height:23px\" aria-hidden=\"true\" class=\"wp-block-spacer\"><\/div>\n\n<h3 class=\"wp-block-heading\">Qu\u00e8 podem fer avui<\/h3>\n\n<ul class=\"wp-block-list\">\n<li>\u00c9s hora d&#8217;abordar aquest tema amb sinceritat: no com un &#8220;no ho has de fer&#8221;, sin\u00f3 com un &#8220;ja saps per qu\u00e8 dic aix\u00f2&#8221;.<\/li>\n\n\n\n<li>Introduir punts de refer\u00e8ncia clars: conduir implica que s\u00f3c plenament capa\u00e7; qualsevol subst\u00e0ncia que debiliti aquesta capacitat \u00e9s incompatible amb la conducci\u00f3.<\/li>\n\n\n\n<li>Promoure l&#8217;alternativa: per a aquells que consumeixen, \u00e9s millor triar un moment sense conduir, planificar una tornada sense vehicle o ajornar la conducci\u00f3 unes hores.<\/li>\n\n\n\n<li>Com a organitzaci\u00f3, educador o pare, transmeteu un missatge que inclogui el c\u00e0nnabis quan parlem d&#8217;alcohol: no es tracta nom\u00e9s de legalitat, sin\u00f3 de <strong>seguretat<\/strong> .<\/li>\n<\/ul>\n\n<div style=\"height:23px\" aria-hidden=\"true\" class=\"wp-block-spacer\"><\/div>\n\n<h3 class=\"wp-block-heading\">Qu\u00e8 canviem en la nostra percepci\u00f3<\/h3>\n\n<p>Aquest estudi em va conv\u00e8ncer que el c\u00e0nnabis no es pot tractar per separat: \u00e9s un factor de risc real per a la conducci\u00f3.<br\/> Puc escollir consumir-ho, per\u00f2 he d&#8217;entendre que conduir despr\u00e9s \u00e9s un joc perill\u00f3s.<br\/> La societat tamb\u00e9 ha d&#8217;assumir aquest missatge: m\u00e9s controls, campanyes expl\u00edcites i di\u00e0leg amb els joves.<\/p>\n\n<div style=\"height:23px\" aria-hidden=\"true\" class=\"wp-block-spacer\"><\/div>\n\n<h3 class=\"wp-block-heading\">Per concloure<\/h3>\n\n<p>Parlar de c\u00e0nnabis mentre es condueix no \u00e9s per espantar la gent: \u00e9s per fer-los pensar.<br\/> Un segon de inatenci\u00f3, un reflex alentit, pot costar una vida.<br\/> I aquesta vida&#8230; val m\u00e9s que el moment.<br\/> Si he apr\u00e8s una cosa, \u00e9s que la llibertat de conduir amb seguretat val la pena mantenir-se alerta.<br\/> I que aquest di\u00e0leg, obert i sincer, pot canviar el comportament.<\/p>\n\n<div style=\"height:23px\" aria-hidden=\"true\" class=\"wp-block-spacer\"><\/div>\n\n<figure class=\"wp-block-image size-large\"><img decoding=\"async\" src=\"https:\/\/www.mylasertabac.com\/wp-content\/uploads\/\/mlt-verteau.svg\" alt=\"\" class=\"wp-image-13\"\/><\/figure>\n","protected":false},"excerpt":{"rendered":"<p>Recordo la sensaci\u00f3 d&#8217;invulnerabilitat que tenia quan era jove, al volant. Un porro de tant en tant? &#8220;Em relaxa, no conduir\u00e9 gaire estona&#8221;. Conduir amb alcohol fa temps que est\u00e0 estigmatitzat, per\u00f2 el c\u00e0nnabis? Aquell em va semblar m\u00e9s lleu, menys &#8220;perill\u00f3s&#8221;. Aleshores vaig llegir l&#8217;estudi publicat recentment i tot va canviar. Qu\u00e8 revela l&#8217;estudi [&hellip;]<\/p>\n","protected":false},"author":2,"featured_media":18870,"comment_status":"closed","ping_status":"open","sticky":false,"template":"","format":"standard","meta":{"inline_featured_image":false,"footnotes":""},"categories":[159],"tags":[],"class_list":["post-18882","post","type-post","status-publish","format-standard","has-post-thumbnail","hentry","category-salut"],"yoast_head":"<!-- This site is optimized with the Yoast SEO plugin v27.4 - https:\/\/yoast.com\/product\/yoast-seo-wordpress\/ -->\n<title>Parlar de c\u00e0nnabis mentre es condueix: qu\u00e8 vaig entendre despr\u00e9s de llegir l&#039;estudi - My Laser Tabac<\/title>\n<meta name=\"description\" content=\"Apr\u00e8n sobre els perills del consum de c\u00e0nnabis mentre condueixes i com augmenta el risc d&#039;accidents, segons els estudis m\u00e9s recents.\" \/>\n<meta name=\"robots\" content=\"index, follow, max-snippet:-1, max-image-preview:large, max-video-preview:-1\" \/>\n<link rel=\"canonical\" href=\"https:\/\/www.mylasertabac.com\/ca\/parlar-de-cannabis-mentre-es-condueix-que-vaig-entendre-despres-de-llegir-lestudi\/\" \/>\n<meta property=\"og:locale\" content=\"ca_ES\" \/>\n<meta property=\"og:type\" content=\"article\" \/>\n<meta property=\"og:title\" content=\"Parlar de c\u00e0nnabis mentre es condueix: qu\u00e8 vaig entendre despr\u00e9s de llegir l&#039;estudi - My Laser Tabac\" \/>\n<meta property=\"og:description\" content=\"Apr\u00e8n sobre els perills del consum de c\u00e0nnabis mentre condueixes i com augmenta el risc d&#039;accidents, segons els estudis m\u00e9s recents.\" \/>\n<meta property=\"og:url\" content=\"https:\/\/www.mylasertabac.com\/ca\/parlar-de-cannabis-mentre-es-condueix-que-vaig-entendre-despres-de-llegir-lestudi\/\" \/>\n<meta property=\"og:site_name\" content=\"My Laser Tabac\" \/>\n<meta property=\"article:author\" content=\"https:\/\/www.facebook.com\/profile.php?id=61571554707319\" \/>\n<meta property=\"article:published_time\" content=\"2025-10-27T09:36:56+00:00\" \/>\n<meta property=\"article:modified_time\" content=\"2025-10-27T18:38:36+00:00\" \/>\n<meta property=\"og:image\" content=\"https:\/\/www.mylasertabac.com\/wp-content\/uploads\/2025\/10\/les-fumeurs-de-cannabis-au-volant--1024x683.png\" \/>\n\t<meta property=\"og:image:width\" content=\"1024\" \/>\n\t<meta property=\"og:image:height\" content=\"683\" \/>\n\t<meta property=\"og:image:type\" content=\"image\/png\" \/>\n<meta name=\"author\" content=\"Florian Fortes\" \/>\n<meta name=\"twitter:card\" content=\"summary_large_image\" \/>\n<meta name=\"twitter:label1\" content=\"Escrit per\" \/>\n\t<meta name=\"twitter:data1\" content=\"Florian Fortes\" \/>\n\t<meta name=\"twitter:label2\" content=\"Temps estimat de lectura\" \/>\n\t<meta name=\"twitter:data2\" content=\"3 minuts\" \/>\n<script type=\"application\/ld+json\" class=\"yoast-schema-graph\">{\"@context\":\"https:\\\/\\\/schema.org\",\"@graph\":[{\"@type\":\"Article\",\"@id\":\"https:\\\/\\\/www.mylasertabac.com\\\/ca\\\/parlar-de-cannabis-mentre-es-condueix-que-vaig-entendre-despres-de-llegir-lestudi\\\/#article\",\"isPartOf\":{\"@id\":\"https:\\\/\\\/www.mylasertabac.com\\\/ca\\\/parlar-de-cannabis-mentre-es-condueix-que-vaig-entendre-despres-de-llegir-lestudi\\\/\"},\"author\":{\"name\":\"Florian Fortes\",\"@id\":\"https:\\\/\\\/www.mylasertabac.com\\\/ca\\\/#\\\/schema\\\/person\\\/02c249cb76d912efb6c315ec23eccdf3\"},\"headline\":\"Parlar de c\u00e0nnabis mentre es condueix: qu\u00e8 vaig entendre despr\u00e9s de llegir l&#8217;estudi\",\"datePublished\":\"2025-10-27T09:36:56+00:00\",\"dateModified\":\"2025-10-27T18:38:36+00:00\",\"mainEntityOfPage\":{\"@id\":\"https:\\\/\\\/www.mylasertabac.com\\\/ca\\\/parlar-de-cannabis-mentre-es-condueix-que-vaig-entendre-despres-de-llegir-lestudi\\\/\"},\"wordCount\":725,\"publisher\":{\"@id\":\"https:\\\/\\\/www.mylasertabac.com\\\/ca\\\/#organization\"},\"image\":{\"@id\":\"https:\\\/\\\/www.mylasertabac.com\\\/ca\\\/parlar-de-cannabis-mentre-es-condueix-que-vaig-entendre-despres-de-llegir-lestudi\\\/#primaryimage\"},\"thumbnailUrl\":\"https:\\\/\\\/www.mylasertabac.com\\\/wp-content\\\/uploads\\\/2025\\\/10\\\/les-fumeurs-de-cannabis-au-volant-.png\",\"articleSection\":[\"Salut\"],\"inLanguage\":\"ca\"},{\"@type\":\"WebPage\",\"@id\":\"https:\\\/\\\/www.mylasertabac.com\\\/ca\\\/parlar-de-cannabis-mentre-es-condueix-que-vaig-entendre-despres-de-llegir-lestudi\\\/\",\"url\":\"https:\\\/\\\/www.mylasertabac.com\\\/ca\\\/parlar-de-cannabis-mentre-es-condueix-que-vaig-entendre-despres-de-llegir-lestudi\\\/\",\"name\":\"Parlar de c\u00e0nnabis mentre es condueix: qu\u00e8 vaig entendre despr\u00e9s de llegir l'estudi - My Laser Tabac\",\"isPartOf\":{\"@id\":\"https:\\\/\\\/www.mylasertabac.com\\\/ca\\\/#website\"},\"primaryImageOfPage\":{\"@id\":\"https:\\\/\\\/www.mylasertabac.com\\\/ca\\\/parlar-de-cannabis-mentre-es-condueix-que-vaig-entendre-despres-de-llegir-lestudi\\\/#primaryimage\"},\"image\":{\"@id\":\"https:\\\/\\\/www.mylasertabac.com\\\/ca\\\/parlar-de-cannabis-mentre-es-condueix-que-vaig-entendre-despres-de-llegir-lestudi\\\/#primaryimage\"},\"thumbnailUrl\":\"https:\\\/\\\/www.mylasertabac.com\\\/wp-content\\\/uploads\\\/2025\\\/10\\\/les-fumeurs-de-cannabis-au-volant-.png\",\"datePublished\":\"2025-10-27T09:36:56+00:00\",\"dateModified\":\"2025-10-27T18:38:36+00:00\",\"description\":\"Apr\u00e8n sobre els perills del consum de c\u00e0nnabis mentre condueixes i com augmenta el risc d'accidents, segons els estudis m\u00e9s recents.\",\"breadcrumb\":{\"@id\":\"https:\\\/\\\/www.mylasertabac.com\\\/ca\\\/parlar-de-cannabis-mentre-es-condueix-que-vaig-entendre-despres-de-llegir-lestudi\\\/#breadcrumb\"},\"inLanguage\":\"ca\",\"potentialAction\":[{\"@type\":\"ReadAction\",\"target\":[\"https:\\\/\\\/www.mylasertabac.com\\\/ca\\\/parlar-de-cannabis-mentre-es-condueix-que-vaig-entendre-despres-de-llegir-lestudi\\\/\"]}]},{\"@type\":\"ImageObject\",\"inLanguage\":\"ca\",\"@id\":\"https:\\\/\\\/www.mylasertabac.com\\\/ca\\\/parlar-de-cannabis-mentre-es-condueix-que-vaig-entendre-despres-de-llegir-lestudi\\\/#primaryimage\",\"url\":\"https:\\\/\\\/www.mylasertabac.com\\\/wp-content\\\/uploads\\\/2025\\\/10\\\/les-fumeurs-de-cannabis-au-volant-.png\",\"contentUrl\":\"https:\\\/\\\/www.mylasertabac.com\\\/wp-content\\\/uploads\\\/2025\\\/10\\\/les-fumeurs-de-cannabis-au-volant-.png\",\"width\":1536,\"height\":1024},{\"@type\":\"BreadcrumbList\",\"@id\":\"https:\\\/\\\/www.mylasertabac.com\\\/ca\\\/parlar-de-cannabis-mentre-es-condueix-que-vaig-entendre-despres-de-llegir-lestudi\\\/#breadcrumb\",\"itemListElement\":[{\"@type\":\"ListItem\",\"position\":1,\"name\":\"Accueil\",\"item\":\"https:\\\/\\\/www.mylasertabac.com\\\/ca\\\/benvingut\\\/\"},{\"@type\":\"ListItem\",\"position\":2,\"name\":\"Parlar de c\u00e0nnabis mentre es condueix: qu\u00e8 vaig entendre despr\u00e9s de llegir l&#8217;estudi\"}]},{\"@type\":\"WebSite\",\"@id\":\"https:\\\/\\\/www.mylasertabac.com\\\/ca\\\/#website\",\"url\":\"https:\\\/\\\/www.mylasertabac.com\\\/ca\\\/\",\"name\":\"My Laser Tabac\",\"description\":\"La solution laser qui transforme les fumeurs en ex-fumeurs\",\"publisher\":{\"@id\":\"https:\\\/\\\/www.mylasertabac.com\\\/ca\\\/#organization\"},\"potentialAction\":[{\"@type\":\"SearchAction\",\"target\":{\"@type\":\"EntryPoint\",\"urlTemplate\":\"https:\\\/\\\/www.mylasertabac.com\\\/ca\\\/?s={search_term_string}\"},\"query-input\":{\"@type\":\"PropertyValueSpecification\",\"valueRequired\":true,\"valueName\":\"search_term_string\"}}],\"inLanguage\":\"ca\"},{\"@type\":\"Organization\",\"@id\":\"https:\\\/\\\/www.mylasertabac.com\\\/ca\\\/#organization\",\"name\":\"My Laser Tabac\",\"url\":\"https:\\\/\\\/www.mylasertabac.com\\\/ca\\\/\",\"logo\":{\"@type\":\"ImageObject\",\"inLanguage\":\"ca\",\"@id\":\"https:\\\/\\\/www.mylasertabac.com\\\/ca\\\/#\\\/schema\\\/logo\\\/image\\\/\",\"url\":\"https:\\\/\\\/www.mylasertabac.com\\\/wp-content\\\/uploads\\\/2024\\\/12\\\/mlt-verteau.svg\",\"contentUrl\":\"https:\\\/\\\/www.mylasertabac.com\\\/wp-content\\\/uploads\\\/2024\\\/12\\\/mlt-verteau.svg\",\"caption\":\"My Laser Tabac\"},\"image\":{\"@id\":\"https:\\\/\\\/www.mylasertabac.com\\\/ca\\\/#\\\/schema\\\/logo\\\/image\\\/\"}},{\"@type\":\"Person\",\"@id\":\"https:\\\/\\\/www.mylasertabac.com\\\/ca\\\/#\\\/schema\\\/person\\\/02c249cb76d912efb6c315ec23eccdf3\",\"name\":\"Florian Fortes\",\"image\":{\"@type\":\"ImageObject\",\"inLanguage\":\"ca\",\"@id\":\"https:\\\/\\\/www.mylasertabac.com\\\/wp-content\\\/litespeed\\\/avatar\\\/142101a71d7b9e6490c1120d9c109a67.jpg?ver=1776856306\",\"url\":\"https:\\\/\\\/www.mylasertabac.com\\\/wp-content\\\/litespeed\\\/avatar\\\/142101a71d7b9e6490c1120d9c109a67.jpg?ver=1776856306\",\"contentUrl\":\"https:\\\/\\\/www.mylasertabac.com\\\/wp-content\\\/litespeed\\\/avatar\\\/142101a71d7b9e6490c1120d9c109a67.jpg?ver=1776856306\",\"caption\":\"Florian Fortes\"},\"sameAs\":[\"https:\\\/\\\/www.mylasertabac.com\",\"https:\\\/\\\/www.facebook.com\\\/profile.php?id=61571554707319\"],\"url\":\"https:\\\/\\\/www.mylasertabac.com\\\/ca\\\/author\\\/florianfortes5312\\\/\"}]}<\/script>\n<!-- \/ Yoast SEO plugin. -->","yoast_head_json":{"title":"Parlar de c\u00e0nnabis mentre es condueix: qu\u00e8 vaig entendre despr\u00e9s de llegir l'estudi - My Laser Tabac","description":"Apr\u00e8n sobre els perills del consum de c\u00e0nnabis mentre condueixes i com augmenta el risc d'accidents, segons els estudis m\u00e9s recents.","robots":{"index":"index","follow":"follow","max-snippet":"max-snippet:-1","max-image-preview":"max-image-preview:large","max-video-preview":"max-video-preview:-1"},"canonical":"https:\/\/www.mylasertabac.com\/ca\/parlar-de-cannabis-mentre-es-condueix-que-vaig-entendre-despres-de-llegir-lestudi\/","og_locale":"ca_ES","og_type":"article","og_title":"Parlar de c\u00e0nnabis mentre es condueix: qu\u00e8 vaig entendre despr\u00e9s de llegir l'estudi - My Laser Tabac","og_description":"Apr\u00e8n sobre els perills del consum de c\u00e0nnabis mentre condueixes i com augmenta el risc d'accidents, segons els estudis m\u00e9s recents.","og_url":"https:\/\/www.mylasertabac.com\/ca\/parlar-de-cannabis-mentre-es-condueix-que-vaig-entendre-despres-de-llegir-lestudi\/","og_site_name":"My Laser Tabac","article_author":"https:\/\/www.facebook.com\/profile.php?id=61571554707319","article_published_time":"2025-10-27T09:36:56+00:00","article_modified_time":"2025-10-27T18:38:36+00:00","og_image":[{"width":1024,"height":683,"url":"https:\/\/www.mylasertabac.com\/wp-content\/uploads\/2025\/10\/les-fumeurs-de-cannabis-au-volant--1024x683.png","type":"image\/png"}],"author":"Florian Fortes","twitter_card":"summary_large_image","twitter_misc":{"Escrit per":"Florian Fortes","Temps estimat de lectura":"3 minuts"},"schema":{"@context":"https:\/\/schema.org","@graph":[{"@type":"Article","@id":"https:\/\/www.mylasertabac.com\/ca\/parlar-de-cannabis-mentre-es-condueix-que-vaig-entendre-despres-de-llegir-lestudi\/#article","isPartOf":{"@id":"https:\/\/www.mylasertabac.com\/ca\/parlar-de-cannabis-mentre-es-condueix-que-vaig-entendre-despres-de-llegir-lestudi\/"},"author":{"name":"Florian Fortes","@id":"https:\/\/www.mylasertabac.com\/ca\/#\/schema\/person\/02c249cb76d912efb6c315ec23eccdf3"},"headline":"Parlar de c\u00e0nnabis mentre es condueix: qu\u00e8 vaig entendre despr\u00e9s de llegir l&#8217;estudi","datePublished":"2025-10-27T09:36:56+00:00","dateModified":"2025-10-27T18:38:36+00:00","mainEntityOfPage":{"@id":"https:\/\/www.mylasertabac.com\/ca\/parlar-de-cannabis-mentre-es-condueix-que-vaig-entendre-despres-de-llegir-lestudi\/"},"wordCount":725,"publisher":{"@id":"https:\/\/www.mylasertabac.com\/ca\/#organization"},"image":{"@id":"https:\/\/www.mylasertabac.com\/ca\/parlar-de-cannabis-mentre-es-condueix-que-vaig-entendre-despres-de-llegir-lestudi\/#primaryimage"},"thumbnailUrl":"https:\/\/www.mylasertabac.com\/wp-content\/uploads\/2025\/10\/les-fumeurs-de-cannabis-au-volant-.png","articleSection":["Salut"],"inLanguage":"ca"},{"@type":"WebPage","@id":"https:\/\/www.mylasertabac.com\/ca\/parlar-de-cannabis-mentre-es-condueix-que-vaig-entendre-despres-de-llegir-lestudi\/","url":"https:\/\/www.mylasertabac.com\/ca\/parlar-de-cannabis-mentre-es-condueix-que-vaig-entendre-despres-de-llegir-lestudi\/","name":"Parlar de c\u00e0nnabis mentre es condueix: qu\u00e8 vaig entendre despr\u00e9s de llegir l'estudi - My Laser Tabac","isPartOf":{"@id":"https:\/\/www.mylasertabac.com\/ca\/#website"},"primaryImageOfPage":{"@id":"https:\/\/www.mylasertabac.com\/ca\/parlar-de-cannabis-mentre-es-condueix-que-vaig-entendre-despres-de-llegir-lestudi\/#primaryimage"},"image":{"@id":"https:\/\/www.mylasertabac.com\/ca\/parlar-de-cannabis-mentre-es-condueix-que-vaig-entendre-despres-de-llegir-lestudi\/#primaryimage"},"thumbnailUrl":"https:\/\/www.mylasertabac.com\/wp-content\/uploads\/2025\/10\/les-fumeurs-de-cannabis-au-volant-.png","datePublished":"2025-10-27T09:36:56+00:00","dateModified":"2025-10-27T18:38:36+00:00","description":"Apr\u00e8n sobre els perills del consum de c\u00e0nnabis mentre condueixes i com augmenta el risc d'accidents, segons els estudis m\u00e9s recents.","breadcrumb":{"@id":"https:\/\/www.mylasertabac.com\/ca\/parlar-de-cannabis-mentre-es-condueix-que-vaig-entendre-despres-de-llegir-lestudi\/#breadcrumb"},"inLanguage":"ca","potentialAction":[{"@type":"ReadAction","target":["https:\/\/www.mylasertabac.com\/ca\/parlar-de-cannabis-mentre-es-condueix-que-vaig-entendre-despres-de-llegir-lestudi\/"]}]},{"@type":"ImageObject","inLanguage":"ca","@id":"https:\/\/www.mylasertabac.com\/ca\/parlar-de-cannabis-mentre-es-condueix-que-vaig-entendre-despres-de-llegir-lestudi\/#primaryimage","url":"https:\/\/www.mylasertabac.com\/wp-content\/uploads\/2025\/10\/les-fumeurs-de-cannabis-au-volant-.png","contentUrl":"https:\/\/www.mylasertabac.com\/wp-content\/uploads\/2025\/10\/les-fumeurs-de-cannabis-au-volant-.png","width":1536,"height":1024},{"@type":"BreadcrumbList","@id":"https:\/\/www.mylasertabac.com\/ca\/parlar-de-cannabis-mentre-es-condueix-que-vaig-entendre-despres-de-llegir-lestudi\/#breadcrumb","itemListElement":[{"@type":"ListItem","position":1,"name":"Accueil","item":"https:\/\/www.mylasertabac.com\/ca\/benvingut\/"},{"@type":"ListItem","position":2,"name":"Parlar de c\u00e0nnabis mentre es condueix: qu\u00e8 vaig entendre despr\u00e9s de llegir l&#8217;estudi"}]},{"@type":"WebSite","@id":"https:\/\/www.mylasertabac.com\/ca\/#website","url":"https:\/\/www.mylasertabac.com\/ca\/","name":"My Laser Tabac","description":"La solution laser qui transforme les fumeurs en ex-fumeurs","publisher":{"@id":"https:\/\/www.mylasertabac.com\/ca\/#organization"},"potentialAction":[{"@type":"SearchAction","target":{"@type":"EntryPoint","urlTemplate":"https:\/\/www.mylasertabac.com\/ca\/?s={search_term_string}"},"query-input":{"@type":"PropertyValueSpecification","valueRequired":true,"valueName":"search_term_string"}}],"inLanguage":"ca"},{"@type":"Organization","@id":"https:\/\/www.mylasertabac.com\/ca\/#organization","name":"My Laser Tabac","url":"https:\/\/www.mylasertabac.com\/ca\/","logo":{"@type":"ImageObject","inLanguage":"ca","@id":"https:\/\/www.mylasertabac.com\/ca\/#\/schema\/logo\/image\/","url":"https:\/\/www.mylasertabac.com\/wp-content\/uploads\/2024\/12\/mlt-verteau.svg","contentUrl":"https:\/\/www.mylasertabac.com\/wp-content\/uploads\/2024\/12\/mlt-verteau.svg","caption":"My Laser Tabac"},"image":{"@id":"https:\/\/www.mylasertabac.com\/ca\/#\/schema\/logo\/image\/"}},{"@type":"Person","@id":"https:\/\/www.mylasertabac.com\/ca\/#\/schema\/person\/02c249cb76d912efb6c315ec23eccdf3","name":"Florian Fortes","image":{"@type":"ImageObject","inLanguage":"ca","@id":"https:\/\/www.mylasertabac.com\/wp-content\/litespeed\/avatar\/142101a71d7b9e6490c1120d9c109a67.jpg?ver=1776856306","url":"https:\/\/www.mylasertabac.com\/wp-content\/litespeed\/avatar\/142101a71d7b9e6490c1120d9c109a67.jpg?ver=1776856306","contentUrl":"https:\/\/www.mylasertabac.com\/wp-content\/litespeed\/avatar\/142101a71d7b9e6490c1120d9c109a67.jpg?ver=1776856306","caption":"Florian Fortes"},"sameAs":["https:\/\/www.mylasertabac.com","https:\/\/www.facebook.com\/profile.php?id=61571554707319"],"url":"https:\/\/www.mylasertabac.com\/ca\/author\/florianfortes5312\/"}]}},"_links":{"self":[{"href":"https:\/\/www.mylasertabac.com\/ca\/wp-json\/wp\/v2\/posts\/18882","targetHints":{"allow":["GET"]}}],"collection":[{"href":"https:\/\/www.mylasertabac.com\/ca\/wp-json\/wp\/v2\/posts"}],"about":[{"href":"https:\/\/www.mylasertabac.com\/ca\/wp-json\/wp\/v2\/types\/post"}],"author":[{"embeddable":true,"href":"https:\/\/www.mylasertabac.com\/ca\/wp-json\/wp\/v2\/users\/2"}],"replies":[{"embeddable":true,"href":"https:\/\/www.mylasertabac.com\/ca\/wp-json\/wp\/v2\/comments?post=18882"}],"version-history":[{"count":1,"href":"https:\/\/www.mylasertabac.com\/ca\/wp-json\/wp\/v2\/posts\/18882\/revisions"}],"predecessor-version":[{"id":18884,"href":"https:\/\/www.mylasertabac.com\/ca\/wp-json\/wp\/v2\/posts\/18882\/revisions\/18884"}],"wp:featuredmedia":[{"embeddable":true,"href":"https:\/\/www.mylasertabac.com\/ca\/wp-json\/wp\/v2\/media\/18870"}],"wp:attachment":[{"href":"https:\/\/www.mylasertabac.com\/ca\/wp-json\/wp\/v2\/media?parent=18882"}],"wp:term":[{"taxonomy":"category","embeddable":true,"href":"https:\/\/www.mylasertabac.com\/ca\/wp-json\/wp\/v2\/categories?post=18882"},{"taxonomy":"post_tag","embeddable":true,"href":"https:\/\/www.mylasertabac.com\/ca\/wp-json\/wp\/v2\/tags?post=18882"}],"curies":[{"name":"wp","href":"https:\/\/api.w.org\/{rel}","templated":true}]}}