{"id":18908,"date":"2025-10-28T09:22:07","date_gmt":"2025-10-28T08:22:07","guid":{"rendered":"https:\/\/www.mylasertabac.com\/pantalles-infants-i-desigualtats-com-ja-es-manifesta-el-consum-digital-entre-els-3-i-els-11-anys\/"},"modified":"2025-10-28T09:45:58","modified_gmt":"2025-10-28T08:45:58","slug":"pantalles-infants-i-desigualtats-com-ja-es-manifesta-el-consum-digital-entre-els-3-i-els-11-anys","status":"publish","type":"post","link":"https:\/\/www.mylasertabac.com\/ca\/pantalles-infants-i-desigualtats-com-ja-es-manifesta-el-consum-digital-entre-els-3-i-els-11-anys\/","title":{"rendered":"Pantalles, infants i desigualtats: com ja es manifesta el consum digital entre els 3 i els 11 anys"},"content":{"rendered":"\n<div style=\"height:24px\" aria-hidden=\"true\" class=\"wp-block-spacer\"><\/div>\n\n<p>En un moment en qu\u00e8 les pantalles envaeixen constantment la nostra vida quotidiana, una veritat es fa evident: els seus efectes no nom\u00e9s afecten els adolescents. Els nens m\u00e9s petits, de 3 a 11 anys, ja estan afectats. I darrere d&#8217;aquesta observaci\u00f3 hi ha <strong>desigualtats socials<\/strong> que q\u00fcestionen la nostra relaci\u00f3 amb l&#8217;educaci\u00f3 digital.  <\/p>\n\n<div style=\"height:24px\" aria-hidden=\"true\" class=\"wp-block-spacer\"><\/div>\n\n<h3 class=\"wp-block-heading\">Exposici\u00f3 primerenca, di\u00e0ria i sovint subestimada<\/h3>\n\n<p>Els nens d&#8217;avui dia creixen en un m\u00f3n digital. Televisi\u00f3, tauletes, consoles, tel\u00e8fons intel\u00b7ligents: l&#8217;exposici\u00f3 comen\u00e7a d&#8217;hora. L&#8217;\u00faltim informe sobre els h\u00e0bits de les pantalles dels nens de 3 a 11 anys a Fran\u00e7a revela que gaireb\u00e9 tots els nens d&#8217;aquest grup d&#8217;edat utilitzen una pantalla di\u00e0riament. Encara m\u00e9s sorprenent: el temps d&#8217;\u00fas augmenta amb l&#8217;edat: una mitjana d&#8217;aproximadament 1 hora i 15 minuts al dia per als nens de 3 a 5 anys, i fins a 2 hores i 30 minuts per als nens de 9 a 11 anys. Una veritable immersi\u00f3 digital.    <\/p>\n\n<p>Per\u00f2 no \u00e9s nom\u00e9s una q\u00fcesti\u00f3 de durada. L&#8217; <strong>entorn familiar<\/strong> , la <strong>sala d&#8217;estar<\/strong> , la <strong>pres\u00e8ncia d&#8217;una pantalla al dormitori<\/strong> , tot contribueix a refor\u00e7ar aquest fenomen. I s\u00f3n les llars menys dotades \u2014en recursos, espai, temps parental\u2014 les m\u00e9s afectades. En altres paraules: m\u00e9s que un h\u00e0bit, \u00e9s un <strong>reflex social marcat per les desigualtats<\/strong> .   <\/p>\n\n<div style=\"height:24px\" aria-hidden=\"true\" class=\"wp-block-spacer\"><\/div>\n\n<figure class=\"wp-block-table\"><table class=\"has-fixed-layout\"><tbody><tr><td>Llegiu tamb\u00e9:  <a href=\"https:\/\/www.mylasertabac.com\/ca\/informacio\/formacio-laser-antitabac-i-addiccio\/\"><mark style=\"background-color:rgba(0, 0, 0, 0)\" class=\"has-inline-color has-luminous-vivid-orange-color\">Si voleu obrir una franqu\u00edcia de tractament d&#8217;addiccions en creixement, Mylasertabac ofereix una soluci\u00f3 clau en m\u00e0. Feu clic aqu\u00ed per obtenir m\u00e9s informaci\u00f3. <\/mark><\/a><\/td><\/tr><\/tbody><\/table><\/figure>\n\n<div style=\"height:24px\" aria-hidden=\"true\" class=\"wp-block-spacer\"><\/div>\n\n<h3 class=\"wp-block-heading\">Per qu\u00e8 \u00e9s preocupant aquesta exposici\u00f3?<\/h3>\n\n<p>L&#8217;\u00fas intensiu de pantalles en els infants pot afectar el son, retardar el desenvolupament del llenguatge, alterar els h\u00e0bits de joc i limitar l&#8217;activitat f\u00edsica. El cervell, que encara est\u00e0 en desenvolupament, \u00e9s particularment receptiu a aquests est\u00edmuls freq\u00fcents. De vegades es pot observar irritabilitat, dificultat per concentrar-se i manca d&#8217;inter\u00e8s en activitats no relacionades amb les pantalles.  <\/p>\n\n<p>I despr\u00e9s hi ha l&#8217;efecte a llarg termini: menys moviment, m\u00e9s temps assegut, m\u00e9s exposici\u00f3 a contingut inadequat. Aquests factors poden contribuir a h\u00e0bits sedentaris, trastorns del son i fins i tot a una relaci\u00f3 menys equilibrada amb l&#8217;autoimatge i les interaccions socials. <\/p>\n\n<div style=\"height:24px\" aria-hidden=\"true\" class=\"wp-block-spacer\"><\/div>\n\n<h3 class=\"wp-block-heading\">Desigualtat en segon pla: el medi ambient marca la difer\u00e8ncia<\/h3>\n\n<p>Un fet destaca clarament: <strong>el temps davant de les pantalles dep\u00e8n en gran mesura de les condicions de vida familiar<\/strong> . En algunes llars, pot haver-hi un pare o mare sovint absent, un espai redu\u00eft i acc\u00e9s gaireb\u00e9 constant a un tel\u00e8fon intel\u00b7ligent o una tauleta. En altres, pot haver-hi un entorn m\u00e9s estructurat, normes expl\u00edcites sobre el temps davant de les pantalles i activitats m\u00e9s alternatives no digitals.  <\/p>\n\n<p>Aquestes difer\u00e8ncies tenen un impacte tangible. Els infants de fam\u00edlies amb pocs ingressos sovint passen m\u00e9s temps davant de les pantalles, menys supervisi\u00f3 i m\u00e9s solitud digital. Aix\u00f2 no \u00e9s inevitable, per\u00f2 s\u00ed que apunta a un repte: l&#8217;equitat educativa en un m\u00f3n digital omnipresent.  <\/p>\n\n<div style=\"height:24px\" aria-hidden=\"true\" class=\"wp-block-spacer\"><\/div>\n\n<h3 class=\"wp-block-heading\">Com abordar el tema com a pare, mare o professor o \u00e9sser estimat?<\/h3>\n\n<ul class=\"wp-block-list\">\n<li><strong>Ofereix temps sense pantalles<\/strong> , encara que sigui curt: un joc de taula, un passeig, un moment de conversa.<\/li>\n\n\n\n<li><strong>Establiu normes clares i apropiades per a l&#8217;edat<\/strong> : &#8220;15 minuts despr\u00e9s de l&#8217;escola&#8221; o &#8220;un dia sense consola el cap de setmana&#8221;.<\/li>\n\n\n\n<li><strong>M\u00e9s savi sobre l&#8217;exemplaritat: la teva pr\u00f2pia relaci\u00f3 amb la pantalla \u00e9s un model.<\/strong>  El nen observa tant el que fas com el que dius.<\/li>\n\n\n\n<li><strong>Intercanvi en lloc de serm\u00f3: &#8220;Qu\u00e8 veus en aquest joc?&#8221;, &#8220;Qu\u00e8 t&#8217;ha agradat de l&#8217;aplicaci\u00f3?&#8221;<\/strong>  El debat obert ajuda a desenvolupar el pensament cr\u00edtic.<\/li>\n\n\n\n<li><strong>Promoure alternatives: llibres, esports, cuina, bricolatge&#8230;<\/strong> El plaer no est\u00e0 reservat nom\u00e9s per a les pantalles. Rau en la connexi\u00f3, el moviment i la curiositat. <\/li>\n<\/ul>\n\n<div style=\"height:24px\" aria-hidden=\"true\" class=\"wp-block-spacer\"><\/div>\n\n<h3 class=\"wp-block-heading\">Actuar a l&#8217;escola, a l&#8217;associaci\u00f3, a la comunitat<\/h3>\n\n<p>A un nivell m\u00e9s ampli, \u00e9s essencial conscienciar els professors, els l\u00edders d&#8217;activitats i els gestors de centres recreatius. Es tracta de repensar la distribuci\u00f3 dels espais, oferir activitats fora de la pantalla i tenir en compte que no \u00e9s nom\u00e9s un problema t\u00e8cnic, sin\u00f3 un problema <strong>social<\/strong> . <\/p>\n\n<div style=\"height:24px\" aria-hidden=\"true\" class=\"wp-block-spacer\"><\/div>\n\n<h3 class=\"wp-block-heading\">En conclusi\u00f3<\/h3>\n\n<p>L&#8217;\u00fas de pantalles entre els nens de 3 a 11 anys no nom\u00e9s t\u00e9 a veure amb el temps que hi dediquen. Afecta <strong>la salut<\/strong> , <strong>la concentraci\u00f3<\/strong> , <strong>el ritme de vida<\/strong> i, sobretot, <strong>la just\u00edcia social<\/strong> .<br\/> Parlar de pantalles tamb\u00e9 vol dir parlar de condicions de vida, recursos i punts de refer\u00e8ncia.<br\/> Cada infant mereix un entorn digital equilibrat, recolzat i guiat.<br\/> I sempre que actuem segons el marc de treball, podem transformar aquest temps d&#8217;immersi\u00f3 en una oportunitat real d&#8217;aprenentatge, connexi\u00f3 i descobriment. <\/p>\n\n<div style=\"height:24px\" aria-hidden=\"true\" class=\"wp-block-spacer\"><\/div>\n\n<figure class=\"wp-block-image size-large\"><img decoding=\"async\" src=\"https:\/\/www.mylasertabac.com\/wp-content\/uploads\/\/mlt-verteau.svg\" alt=\"\" class=\"wp-image-13\"\/><\/figure>\n","protected":false},"excerpt":{"rendered":"<p>En un moment en qu\u00e8 les pantalles envaeixen constantment la nostra vida quotidiana, una veritat es fa evident: els seus efectes no nom\u00e9s afecten els adolescents. Els nens m\u00e9s petits, de 3 a 11 anys, ja estan afectats. I darrere d&#8217;aquesta observaci\u00f3 hi ha desigualtats socials que q\u00fcestionen la nostra relaci\u00f3 amb l&#8217;educaci\u00f3 digital. Exposici\u00f3 [&hellip;]<\/p>\n","protected":false},"author":2,"featured_media":18895,"comment_status":"closed","ping_status":"open","sticky":false,"template":"","format":"standard","meta":{"inline_featured_image":false,"footnotes":""},"categories":[159],"tags":[],"class_list":["post-18908","post","type-post","status-publish","format-standard","has-post-thumbnail","hentry","category-salut"],"yoast_head":"<!-- This site is optimized with the Yoast SEO plugin v27.4 - https:\/\/yoast.com\/product\/yoast-seo-wordpress\/ -->\n<title>Pantalles, infants i desigualtats: com ja es manifesta el consum digital entre els 3 i els 11 anys - My Laser Tabac<\/title>\n<meta name=\"description\" content=\"Apr\u00e8n com el temps davant de les pantalles afecta els infants i com establir un equilibri digital saludable en la teva vida di\u00e0ria.\" \/>\n<meta name=\"robots\" content=\"index, follow, max-snippet:-1, max-image-preview:large, max-video-preview:-1\" \/>\n<link rel=\"canonical\" href=\"https:\/\/www.mylasertabac.com\/ca\/pantalles-infants-i-desigualtats-com-ja-es-manifesta-el-consum-digital-entre-els-3-i-els-11-anys\/\" \/>\n<meta property=\"og:locale\" content=\"ca_ES\" \/>\n<meta property=\"og:type\" content=\"article\" \/>\n<meta property=\"og:title\" content=\"Pantalles, infants i desigualtats: com ja es manifesta el consum digital entre els 3 i els 11 anys - My Laser Tabac\" \/>\n<meta property=\"og:description\" content=\"Apr\u00e8n com el temps davant de les pantalles afecta els infants i com establir un equilibri digital saludable en la teva vida di\u00e0ria.\" \/>\n<meta property=\"og:url\" content=\"https:\/\/www.mylasertabac.com\/ca\/pantalles-infants-i-desigualtats-com-ja-es-manifesta-el-consum-digital-entre-els-3-i-els-11-anys\/\" \/>\n<meta property=\"og:site_name\" content=\"My Laser Tabac\" \/>\n<meta property=\"article:author\" content=\"https:\/\/www.facebook.com\/profile.php?id=61571554707319\" \/>\n<meta property=\"article:published_time\" content=\"2025-10-28T08:22:07+00:00\" \/>\n<meta property=\"article:modified_time\" content=\"2025-10-28T08:45:58+00:00\" \/>\n<meta property=\"og:image\" content=\"https:\/\/www.mylasertabac.com\/wp-content\/uploads\/2025\/10\/addiction-des-jeunes-au-tablette-et-jeu-video--1024x683.png\" \/>\n\t<meta property=\"og:image:width\" content=\"1024\" \/>\n\t<meta property=\"og:image:height\" content=\"683\" \/>\n\t<meta property=\"og:image:type\" content=\"image\/png\" \/>\n<meta name=\"author\" content=\"Florian Fortes\" \/>\n<meta name=\"twitter:card\" content=\"summary_large_image\" \/>\n<meta name=\"twitter:label1\" content=\"Escrit per\" \/>\n\t<meta name=\"twitter:data1\" content=\"Florian Fortes\" \/>\n\t<meta name=\"twitter:label2\" content=\"Temps estimat de lectura\" \/>\n\t<meta name=\"twitter:data2\" content=\"4 minuts\" \/>\n<script type=\"application\/ld+json\" class=\"yoast-schema-graph\">{\"@context\":\"https:\\\/\\\/schema.org\",\"@graph\":[{\"@type\":\"Article\",\"@id\":\"https:\\\/\\\/www.mylasertabac.com\\\/ca\\\/pantalles-infants-i-desigualtats-com-ja-es-manifesta-el-consum-digital-entre-els-3-i-els-11-anys\\\/#article\",\"isPartOf\":{\"@id\":\"https:\\\/\\\/www.mylasertabac.com\\\/ca\\\/pantalles-infants-i-desigualtats-com-ja-es-manifesta-el-consum-digital-entre-els-3-i-els-11-anys\\\/\"},\"author\":{\"name\":\"Florian Fortes\",\"@id\":\"https:\\\/\\\/www.mylasertabac.com\\\/ca\\\/#\\\/schema\\\/person\\\/02c249cb76d912efb6c315ec23eccdf3\"},\"headline\":\"Pantalles, infants i desigualtats: com ja es manifesta el consum digital entre els 3 i els 11 anys\",\"datePublished\":\"2025-10-28T08:22:07+00:00\",\"dateModified\":\"2025-10-28T08:45:58+00:00\",\"mainEntityOfPage\":{\"@id\":\"https:\\\/\\\/www.mylasertabac.com\\\/ca\\\/pantalles-infants-i-desigualtats-com-ja-es-manifesta-el-consum-digital-entre-els-3-i-els-11-anys\\\/\"},\"wordCount\":823,\"publisher\":{\"@id\":\"https:\\\/\\\/www.mylasertabac.com\\\/ca\\\/#organization\"},\"image\":{\"@id\":\"https:\\\/\\\/www.mylasertabac.com\\\/ca\\\/pantalles-infants-i-desigualtats-com-ja-es-manifesta-el-consum-digital-entre-els-3-i-els-11-anys\\\/#primaryimage\"},\"thumbnailUrl\":\"https:\\\/\\\/www.mylasertabac.com\\\/wp-content\\\/uploads\\\/2025\\\/10\\\/addiction-des-jeunes-au-tablette-et-jeu-video-.png\",\"articleSection\":[\"Salut\"],\"inLanguage\":\"ca\"},{\"@type\":\"WebPage\",\"@id\":\"https:\\\/\\\/www.mylasertabac.com\\\/ca\\\/pantalles-infants-i-desigualtats-com-ja-es-manifesta-el-consum-digital-entre-els-3-i-els-11-anys\\\/\",\"url\":\"https:\\\/\\\/www.mylasertabac.com\\\/ca\\\/pantalles-infants-i-desigualtats-com-ja-es-manifesta-el-consum-digital-entre-els-3-i-els-11-anys\\\/\",\"name\":\"Pantalles, infants i desigualtats: com ja es manifesta el consum digital entre els 3 i els 11 anys - My Laser Tabac\",\"isPartOf\":{\"@id\":\"https:\\\/\\\/www.mylasertabac.com\\\/ca\\\/#website\"},\"primaryImageOfPage\":{\"@id\":\"https:\\\/\\\/www.mylasertabac.com\\\/ca\\\/pantalles-infants-i-desigualtats-com-ja-es-manifesta-el-consum-digital-entre-els-3-i-els-11-anys\\\/#primaryimage\"},\"image\":{\"@id\":\"https:\\\/\\\/www.mylasertabac.com\\\/ca\\\/pantalles-infants-i-desigualtats-com-ja-es-manifesta-el-consum-digital-entre-els-3-i-els-11-anys\\\/#primaryimage\"},\"thumbnailUrl\":\"https:\\\/\\\/www.mylasertabac.com\\\/wp-content\\\/uploads\\\/2025\\\/10\\\/addiction-des-jeunes-au-tablette-et-jeu-video-.png\",\"datePublished\":\"2025-10-28T08:22:07+00:00\",\"dateModified\":\"2025-10-28T08:45:58+00:00\",\"description\":\"Apr\u00e8n com el temps davant de les pantalles afecta els infants i com establir un equilibri digital saludable en la teva vida di\u00e0ria.\",\"breadcrumb\":{\"@id\":\"https:\\\/\\\/www.mylasertabac.com\\\/ca\\\/pantalles-infants-i-desigualtats-com-ja-es-manifesta-el-consum-digital-entre-els-3-i-els-11-anys\\\/#breadcrumb\"},\"inLanguage\":\"ca\",\"potentialAction\":[{\"@type\":\"ReadAction\",\"target\":[\"https:\\\/\\\/www.mylasertabac.com\\\/ca\\\/pantalles-infants-i-desigualtats-com-ja-es-manifesta-el-consum-digital-entre-els-3-i-els-11-anys\\\/\"]}]},{\"@type\":\"ImageObject\",\"inLanguage\":\"ca\",\"@id\":\"https:\\\/\\\/www.mylasertabac.com\\\/ca\\\/pantalles-infants-i-desigualtats-com-ja-es-manifesta-el-consum-digital-entre-els-3-i-els-11-anys\\\/#primaryimage\",\"url\":\"https:\\\/\\\/www.mylasertabac.com\\\/wp-content\\\/uploads\\\/2025\\\/10\\\/addiction-des-jeunes-au-tablette-et-jeu-video-.png\",\"contentUrl\":\"https:\\\/\\\/www.mylasertabac.com\\\/wp-content\\\/uploads\\\/2025\\\/10\\\/addiction-des-jeunes-au-tablette-et-jeu-video-.png\",\"width\":1536,\"height\":1024},{\"@type\":\"BreadcrumbList\",\"@id\":\"https:\\\/\\\/www.mylasertabac.com\\\/ca\\\/pantalles-infants-i-desigualtats-com-ja-es-manifesta-el-consum-digital-entre-els-3-i-els-11-anys\\\/#breadcrumb\",\"itemListElement\":[{\"@type\":\"ListItem\",\"position\":1,\"name\":\"Accueil\",\"item\":\"https:\\\/\\\/www.mylasertabac.com\\\/ca\\\/benvingut\\\/\"},{\"@type\":\"ListItem\",\"position\":2,\"name\":\"Pantalles, infants i desigualtats: com ja es manifesta el consum digital entre els 3 i els 11 anys\"}]},{\"@type\":\"WebSite\",\"@id\":\"https:\\\/\\\/www.mylasertabac.com\\\/ca\\\/#website\",\"url\":\"https:\\\/\\\/www.mylasertabac.com\\\/ca\\\/\",\"name\":\"My Laser Tabac\",\"description\":\"La solution laser qui transforme les fumeurs en ex-fumeurs\",\"publisher\":{\"@id\":\"https:\\\/\\\/www.mylasertabac.com\\\/ca\\\/#organization\"},\"potentialAction\":[{\"@type\":\"SearchAction\",\"target\":{\"@type\":\"EntryPoint\",\"urlTemplate\":\"https:\\\/\\\/www.mylasertabac.com\\\/ca\\\/?s={search_term_string}\"},\"query-input\":{\"@type\":\"PropertyValueSpecification\",\"valueRequired\":true,\"valueName\":\"search_term_string\"}}],\"inLanguage\":\"ca\"},{\"@type\":\"Organization\",\"@id\":\"https:\\\/\\\/www.mylasertabac.com\\\/ca\\\/#organization\",\"name\":\"My Laser Tabac\",\"url\":\"https:\\\/\\\/www.mylasertabac.com\\\/ca\\\/\",\"logo\":{\"@type\":\"ImageObject\",\"inLanguage\":\"ca\",\"@id\":\"https:\\\/\\\/www.mylasertabac.com\\\/ca\\\/#\\\/schema\\\/logo\\\/image\\\/\",\"url\":\"https:\\\/\\\/www.mylasertabac.com\\\/wp-content\\\/uploads\\\/2024\\\/12\\\/mlt-verteau.svg\",\"contentUrl\":\"https:\\\/\\\/www.mylasertabac.com\\\/wp-content\\\/uploads\\\/2024\\\/12\\\/mlt-verteau.svg\",\"caption\":\"My Laser Tabac\"},\"image\":{\"@id\":\"https:\\\/\\\/www.mylasertabac.com\\\/ca\\\/#\\\/schema\\\/logo\\\/image\\\/\"}},{\"@type\":\"Person\",\"@id\":\"https:\\\/\\\/www.mylasertabac.com\\\/ca\\\/#\\\/schema\\\/person\\\/02c249cb76d912efb6c315ec23eccdf3\",\"name\":\"Florian Fortes\",\"image\":{\"@type\":\"ImageObject\",\"inLanguage\":\"ca\",\"@id\":\"https:\\\/\\\/www.mylasertabac.com\\\/wp-content\\\/litespeed\\\/avatar\\\/142101a71d7b9e6490c1120d9c109a67.jpg?ver=1776856306\",\"url\":\"https:\\\/\\\/www.mylasertabac.com\\\/wp-content\\\/litespeed\\\/avatar\\\/142101a71d7b9e6490c1120d9c109a67.jpg?ver=1776856306\",\"contentUrl\":\"https:\\\/\\\/www.mylasertabac.com\\\/wp-content\\\/litespeed\\\/avatar\\\/142101a71d7b9e6490c1120d9c109a67.jpg?ver=1776856306\",\"caption\":\"Florian Fortes\"},\"sameAs\":[\"https:\\\/\\\/www.mylasertabac.com\",\"https:\\\/\\\/www.facebook.com\\\/profile.php?id=61571554707319\"],\"url\":\"https:\\\/\\\/www.mylasertabac.com\\\/ca\\\/author\\\/florianfortes5312\\\/\"}]}<\/script>\n<!-- \/ Yoast SEO plugin. -->","yoast_head_json":{"title":"Pantalles, infants i desigualtats: com ja es manifesta el consum digital entre els 3 i els 11 anys - My Laser Tabac","description":"Apr\u00e8n com el temps davant de les pantalles afecta els infants i com establir un equilibri digital saludable en la teva vida di\u00e0ria.","robots":{"index":"index","follow":"follow","max-snippet":"max-snippet:-1","max-image-preview":"max-image-preview:large","max-video-preview":"max-video-preview:-1"},"canonical":"https:\/\/www.mylasertabac.com\/ca\/pantalles-infants-i-desigualtats-com-ja-es-manifesta-el-consum-digital-entre-els-3-i-els-11-anys\/","og_locale":"ca_ES","og_type":"article","og_title":"Pantalles, infants i desigualtats: com ja es manifesta el consum digital entre els 3 i els 11 anys - My Laser Tabac","og_description":"Apr\u00e8n com el temps davant de les pantalles afecta els infants i com establir un equilibri digital saludable en la teva vida di\u00e0ria.","og_url":"https:\/\/www.mylasertabac.com\/ca\/pantalles-infants-i-desigualtats-com-ja-es-manifesta-el-consum-digital-entre-els-3-i-els-11-anys\/","og_site_name":"My Laser Tabac","article_author":"https:\/\/www.facebook.com\/profile.php?id=61571554707319","article_published_time":"2025-10-28T08:22:07+00:00","article_modified_time":"2025-10-28T08:45:58+00:00","og_image":[{"width":1024,"height":683,"url":"https:\/\/www.mylasertabac.com\/wp-content\/uploads\/2025\/10\/addiction-des-jeunes-au-tablette-et-jeu-video--1024x683.png","type":"image\/png"}],"author":"Florian Fortes","twitter_card":"summary_large_image","twitter_misc":{"Escrit per":"Florian Fortes","Temps estimat de lectura":"4 minuts"},"schema":{"@context":"https:\/\/schema.org","@graph":[{"@type":"Article","@id":"https:\/\/www.mylasertabac.com\/ca\/pantalles-infants-i-desigualtats-com-ja-es-manifesta-el-consum-digital-entre-els-3-i-els-11-anys\/#article","isPartOf":{"@id":"https:\/\/www.mylasertabac.com\/ca\/pantalles-infants-i-desigualtats-com-ja-es-manifesta-el-consum-digital-entre-els-3-i-els-11-anys\/"},"author":{"name":"Florian Fortes","@id":"https:\/\/www.mylasertabac.com\/ca\/#\/schema\/person\/02c249cb76d912efb6c315ec23eccdf3"},"headline":"Pantalles, infants i desigualtats: com ja es manifesta el consum digital entre els 3 i els 11 anys","datePublished":"2025-10-28T08:22:07+00:00","dateModified":"2025-10-28T08:45:58+00:00","mainEntityOfPage":{"@id":"https:\/\/www.mylasertabac.com\/ca\/pantalles-infants-i-desigualtats-com-ja-es-manifesta-el-consum-digital-entre-els-3-i-els-11-anys\/"},"wordCount":823,"publisher":{"@id":"https:\/\/www.mylasertabac.com\/ca\/#organization"},"image":{"@id":"https:\/\/www.mylasertabac.com\/ca\/pantalles-infants-i-desigualtats-com-ja-es-manifesta-el-consum-digital-entre-els-3-i-els-11-anys\/#primaryimage"},"thumbnailUrl":"https:\/\/www.mylasertabac.com\/wp-content\/uploads\/2025\/10\/addiction-des-jeunes-au-tablette-et-jeu-video-.png","articleSection":["Salut"],"inLanguage":"ca"},{"@type":"WebPage","@id":"https:\/\/www.mylasertabac.com\/ca\/pantalles-infants-i-desigualtats-com-ja-es-manifesta-el-consum-digital-entre-els-3-i-els-11-anys\/","url":"https:\/\/www.mylasertabac.com\/ca\/pantalles-infants-i-desigualtats-com-ja-es-manifesta-el-consum-digital-entre-els-3-i-els-11-anys\/","name":"Pantalles, infants i desigualtats: com ja es manifesta el consum digital entre els 3 i els 11 anys - My Laser Tabac","isPartOf":{"@id":"https:\/\/www.mylasertabac.com\/ca\/#website"},"primaryImageOfPage":{"@id":"https:\/\/www.mylasertabac.com\/ca\/pantalles-infants-i-desigualtats-com-ja-es-manifesta-el-consum-digital-entre-els-3-i-els-11-anys\/#primaryimage"},"image":{"@id":"https:\/\/www.mylasertabac.com\/ca\/pantalles-infants-i-desigualtats-com-ja-es-manifesta-el-consum-digital-entre-els-3-i-els-11-anys\/#primaryimage"},"thumbnailUrl":"https:\/\/www.mylasertabac.com\/wp-content\/uploads\/2025\/10\/addiction-des-jeunes-au-tablette-et-jeu-video-.png","datePublished":"2025-10-28T08:22:07+00:00","dateModified":"2025-10-28T08:45:58+00:00","description":"Apr\u00e8n com el temps davant de les pantalles afecta els infants i com establir un equilibri digital saludable en la teva vida di\u00e0ria.","breadcrumb":{"@id":"https:\/\/www.mylasertabac.com\/ca\/pantalles-infants-i-desigualtats-com-ja-es-manifesta-el-consum-digital-entre-els-3-i-els-11-anys\/#breadcrumb"},"inLanguage":"ca","potentialAction":[{"@type":"ReadAction","target":["https:\/\/www.mylasertabac.com\/ca\/pantalles-infants-i-desigualtats-com-ja-es-manifesta-el-consum-digital-entre-els-3-i-els-11-anys\/"]}]},{"@type":"ImageObject","inLanguage":"ca","@id":"https:\/\/www.mylasertabac.com\/ca\/pantalles-infants-i-desigualtats-com-ja-es-manifesta-el-consum-digital-entre-els-3-i-els-11-anys\/#primaryimage","url":"https:\/\/www.mylasertabac.com\/wp-content\/uploads\/2025\/10\/addiction-des-jeunes-au-tablette-et-jeu-video-.png","contentUrl":"https:\/\/www.mylasertabac.com\/wp-content\/uploads\/2025\/10\/addiction-des-jeunes-au-tablette-et-jeu-video-.png","width":1536,"height":1024},{"@type":"BreadcrumbList","@id":"https:\/\/www.mylasertabac.com\/ca\/pantalles-infants-i-desigualtats-com-ja-es-manifesta-el-consum-digital-entre-els-3-i-els-11-anys\/#breadcrumb","itemListElement":[{"@type":"ListItem","position":1,"name":"Accueil","item":"https:\/\/www.mylasertabac.com\/ca\/benvingut\/"},{"@type":"ListItem","position":2,"name":"Pantalles, infants i desigualtats: com ja es manifesta el consum digital entre els 3 i els 11 anys"}]},{"@type":"WebSite","@id":"https:\/\/www.mylasertabac.com\/ca\/#website","url":"https:\/\/www.mylasertabac.com\/ca\/","name":"My Laser Tabac","description":"La solution laser qui transforme les fumeurs en ex-fumeurs","publisher":{"@id":"https:\/\/www.mylasertabac.com\/ca\/#organization"},"potentialAction":[{"@type":"SearchAction","target":{"@type":"EntryPoint","urlTemplate":"https:\/\/www.mylasertabac.com\/ca\/?s={search_term_string}"},"query-input":{"@type":"PropertyValueSpecification","valueRequired":true,"valueName":"search_term_string"}}],"inLanguage":"ca"},{"@type":"Organization","@id":"https:\/\/www.mylasertabac.com\/ca\/#organization","name":"My Laser Tabac","url":"https:\/\/www.mylasertabac.com\/ca\/","logo":{"@type":"ImageObject","inLanguage":"ca","@id":"https:\/\/www.mylasertabac.com\/ca\/#\/schema\/logo\/image\/","url":"https:\/\/www.mylasertabac.com\/wp-content\/uploads\/2024\/12\/mlt-verteau.svg","contentUrl":"https:\/\/www.mylasertabac.com\/wp-content\/uploads\/2024\/12\/mlt-verteau.svg","caption":"My Laser Tabac"},"image":{"@id":"https:\/\/www.mylasertabac.com\/ca\/#\/schema\/logo\/image\/"}},{"@type":"Person","@id":"https:\/\/www.mylasertabac.com\/ca\/#\/schema\/person\/02c249cb76d912efb6c315ec23eccdf3","name":"Florian Fortes","image":{"@type":"ImageObject","inLanguage":"ca","@id":"https:\/\/www.mylasertabac.com\/wp-content\/litespeed\/avatar\/142101a71d7b9e6490c1120d9c109a67.jpg?ver=1776856306","url":"https:\/\/www.mylasertabac.com\/wp-content\/litespeed\/avatar\/142101a71d7b9e6490c1120d9c109a67.jpg?ver=1776856306","contentUrl":"https:\/\/www.mylasertabac.com\/wp-content\/litespeed\/avatar\/142101a71d7b9e6490c1120d9c109a67.jpg?ver=1776856306","caption":"Florian Fortes"},"sameAs":["https:\/\/www.mylasertabac.com","https:\/\/www.facebook.com\/profile.php?id=61571554707319"],"url":"https:\/\/www.mylasertabac.com\/ca\/author\/florianfortes5312\/"}]}},"_links":{"self":[{"href":"https:\/\/www.mylasertabac.com\/ca\/wp-json\/wp\/v2\/posts\/18908","targetHints":{"allow":["GET"]}}],"collection":[{"href":"https:\/\/www.mylasertabac.com\/ca\/wp-json\/wp\/v2\/posts"}],"about":[{"href":"https:\/\/www.mylasertabac.com\/ca\/wp-json\/wp\/v2\/types\/post"}],"author":[{"embeddable":true,"href":"https:\/\/www.mylasertabac.com\/ca\/wp-json\/wp\/v2\/users\/2"}],"replies":[{"embeddable":true,"href":"https:\/\/www.mylasertabac.com\/ca\/wp-json\/wp\/v2\/comments?post=18908"}],"version-history":[{"count":7,"href":"https:\/\/www.mylasertabac.com\/ca\/wp-json\/wp\/v2\/posts\/18908\/revisions"}],"predecessor-version":[{"id":18947,"href":"https:\/\/www.mylasertabac.com\/ca\/wp-json\/wp\/v2\/posts\/18908\/revisions\/18947"}],"wp:featuredmedia":[{"embeddable":true,"href":"https:\/\/www.mylasertabac.com\/ca\/wp-json\/wp\/v2\/media\/18895"}],"wp:attachment":[{"href":"https:\/\/www.mylasertabac.com\/ca\/wp-json\/wp\/v2\/media?parent=18908"}],"wp:term":[{"taxonomy":"category","embeddable":true,"href":"https:\/\/www.mylasertabac.com\/ca\/wp-json\/wp\/v2\/categories?post=18908"},{"taxonomy":"post_tag","embeddable":true,"href":"https:\/\/www.mylasertabac.com\/ca\/wp-json\/wp\/v2\/tags?post=18908"}],"curies":[{"name":"wp","href":"https:\/\/api.w.org\/{rel}","templated":true}]}}