{"id":18962,"date":"2025-10-28T14:55:06","date_gmt":"2025-10-28T13:55:06","guid":{"rendered":"https:\/\/www.mylasertabac.com\/vody-i-els-joves-aquest-coctel-de-plaer-que-emmascara-un-perill-silencios\/"},"modified":"2025-10-28T15:03:12","modified_gmt":"2025-10-28T14:03:12","slug":"vody-i-els-joves-aquest-coctel-de-plaer-que-emmascara-un-perill-silencios","status":"publish","type":"post","link":"https:\/\/www.mylasertabac.com\/ca\/vody-i-els-joves-aquest-coctel-de-plaer-que-emmascara-un-perill-silencios\/","title":{"rendered":"Vody i els joves: aquest &#8220;c\u00f2ctel de plaer&#8221; que emmascara un perill silenci\u00f3s"},"content":{"rendered":"\n<p>Imagineu-vos per un moment. Una llauna de colors brillants. Un subt\u00edtol que diu &#8220;refresc energ\u00e8tic&#8221;. Un gust afruitat, una beguda renovada. I darrere d&#8217;aquest format atractiu: entre un 18% i un 22% d&#8217;alcohol pur, una barreja de vodka, cafe\u00efna, taurina i sucre. Aquest \u00e9s el cas d&#8217;aquesta beguda coneguda com <strong>a Vody<\/strong> , que ja circula entre alguns adolescents.     <\/p>\n\n<blockquote class=\"wp-block-quote is-layout-flow wp-block-quote-is-layout-flow\">\n<p>\u00abSolia beure&#8217;l abans de classe\u00bb, va confiar un estudiant de secund\u00e0ria en un informe recent.<br\/> \u00c9s aquest contrast \u2014entre l&#8217;aspecte juganer i el tenor perill\u00f3s\u2014 el que la converteix en una aut\u00e8ntica bomba adolescent.<\/p>\n<\/blockquote>\n\n<div style=\"height:21px\" aria-hidden=\"true\" class=\"wp-block-spacer\"><\/div>\n\n<figure class=\"wp-block-image alignleft size-full is-resized\"><a href=\"https:\/\/www.mylasertabac.com\/ca\/els-nostres-centres\/\"><img fetchpriority=\"high\" decoding=\"async\" width=\"1024\" height=\"1024\" src=\"https:\/\/www.mylasertabac.com\/wp-content\/uploads\/2025\/08\/Tu-veux-arreter-lalcool.png\" alt=\"\" class=\"wp-image-14463\" style=\"width:364px;height:auto\" srcset=\"https:\/\/www.mylasertabac.com\/wp-content\/uploads\/2025\/08\/Tu-veux-arreter-lalcool.png 1024w, https:\/\/www.mylasertabac.com\/wp-content\/uploads\/2025\/08\/Tu-veux-arreter-lalcool-300x300.png 300w, https:\/\/www.mylasertabac.com\/wp-content\/uploads\/2025\/08\/Tu-veux-arreter-lalcool-150x150.png 150w, https:\/\/www.mylasertabac.com\/wp-content\/uploads\/2025\/08\/Tu-veux-arreter-lalcool-768x768.png 768w\" sizes=\"(max-width: 1024px) 100vw, 1024px\" \/><\/a><\/figure>\n\n<h2 class=\"wp-block-heading\">Quan la posada en escena emmascara l&#8217;amena\u00e7a<\/h2>\n\n<p>Des del primer glop, l&#8217;efecte \u00e9s subtil. La barreja <strong>d&#8217;alcohol i cafe\u00efna<\/strong> mant\u00e9 la confusi\u00f3: l&#8217;alcohol desinhibeix, la cafe\u00efna augmenta. El pols puja, l&#8217;alerta baixa. El resultat: un cos alerta que ni tan sols ho sap.<br\/> Els nens i adolescents s\u00f3n encara m\u00e9s vulnerables perqu\u00e8 els seus cossos, que encara estan creixent, absorbeixen l&#8217;alcohol m\u00e9s r\u00e0pidament i els seus cervells encara s&#8217;estan desenvolupant.<br\/> Els metges alerten: una sola llauna de Vody pot equivaler a diverses begudes est\u00e0ndard, sense que l&#8217;usuari se n&#8217;adoni.   <\/p>\n\n<div style=\"height:21px\" aria-hidden=\"true\" class=\"wp-block-spacer\"><\/div>\n\n<h2 class=\"wp-block-heading\">Consum preco\u00e7 de tabac: un problema social<\/h2>\n\n<p>L&#8217;arribada d&#8217;aquestes begudes &#8220;ideals per a joves&#8221; als prestatges \u00e9s motiu de preocupaci\u00f3.<\/p>\n\n<blockquote class=\"wp-block-quote is-layout-flow wp-block-quote-is-layout-flow\">\n<p>El problema no \u00e9s simplement el d&#8217;un producte prohibit per als menors de 18 anys, sin\u00f3 el d&#8217;un model de consum que sedueix abans d&#8217;alertar.<br\/> La investigaci\u00f3 oberta per la <strong>DGCCRF<\/strong> sobre la venda gratu\u00efta d&#8217;aquestes llaunes ho converteix en un indicador contundent.<br\/> M\u00e9s enll\u00e0 del producte, \u00e9s un fenomen generacional: l&#8217;alcohol pren una nova forma \u2014dol\u00e7, colorit, com\u00fa\u2014 per\u00f2 no deixa de ser menys perill\u00f3s.<\/p>\n<\/blockquote>\n\n<p>Quan parlem d&#8217; <strong>alcoholisme preco\u00e7<\/strong> , parlem de <strong>possibles addiccions<\/strong> , canvis en el cervell neonatal, augment del risc de patir trastorns m\u00e9s endavant. Es revela el <strong>pes<\/strong> dels h\u00e0bits, de l&#8217;entorn, de la pressi\u00f3 social. <\/p>\n\n<div style=\"height:21px\" aria-hidden=\"true\" class=\"wp-block-spacer\"><\/div>\n\n<h2 class=\"wp-block-heading\">Per qu\u00e8 veure aix\u00f2 com una oportunitat per actuar?<\/h2>\n\n<p>Si est\u00e0s llegint aquest article, \u00e9s perqu\u00e8 creus en el poder de la informaci\u00f3. Ets pare, mare i educador i alg\u00fa preocupat. I aix\u00f2 \u00e9s bo.<br\/> Perqu\u00e8 actuar no vol dir imposar, sin\u00f3 <strong>dialogar<\/strong> .  <\/p>\n\n<ul class=\"wp-block-list\">\n<li>Explica qu\u00e8 \u00e9s realment aquesta beguda: <strong>alcohol<\/strong> fort combinat amb <strong>cafe\u00efna<\/strong> , <strong>taurina<\/strong> i <strong>sucre<\/strong> .<\/li>\n\n\n\n<li>Mostra efectes visibles: taquic\u00e0rdia, nerviosisme, possible coma alcoh\u00f2lic.<\/li>\n\n\n\n<li>Compartir el testimoni d&#8217;una adolescent: &#8220;Vaig pensar que estava bevent un refresc&#8230; Em vaig despertar a la infermeria&#8221;.<\/li>\n\n\n\n<li>Cultiva l&#8217;escolta m\u00e9s que el c\u00e0stig: &#8220;Qu\u00e8 sents?&#8221;, &#8220;Per qu\u00e8 t&#8217;has begut una llauna abans de classe?&#8221;<\/li>\n<\/ul>\n\n<p>Entre els joves, el consum d&#8217;alcohol no sempre \u00e9s un proc\u00e9s conscient i clar: sovint \u00e9s mimetisme, desafiament, curiositat. Parlar-ne \u00e9s desemmascarar el que s&#8217;amaga darrere la fa\u00e7ana d&#8217;un somriure. <\/p>\n\n<div style=\"height:21px\" aria-hidden=\"true\" class=\"wp-block-spacer\"><\/div>\n\n<figure class=\"wp-block-table\"><table class=\"has-fixed-layout\"><tbody><tr><td>Llegiu tamb\u00e9: <a href=\"https:\/\/www.mylasertabac.com\/ca\/uneix-te-a-la-franquicia-laser-anti-tabac-i-beneficiat-dun-concepte-clau-en-ma-rendible\/\"><mark style=\"background-color:rgba(0, 0, 0, 0)\" class=\"has-inline-color has-luminous-vivid-orange-color\">Si voleu comen\u00e7ar una franqu\u00edcia en el sector en auge de la salut i les addiccions, feu clic aqu\u00ed<\/mark><\/a><\/td><\/tr><\/tbody><\/table><\/figure>\n\n<div style=\"height:21px\" aria-hidden=\"true\" class=\"wp-block-spacer\"><\/div>\n\n<h2 class=\"wp-block-heading\">Cap a solucions concretes<\/h2>\n\n<p>La prevenci\u00f3 tamb\u00e9 significa <strong>respostes tangibles<\/strong> .<\/p>\n\n<ul class=\"wp-block-list\">\n<li>Limiteu l&#8217;acc\u00e9s a aquestes begudes al prestatge obert.<\/li>\n\n\n\n<li>Implementa <strong>l&#8217;educaci\u00f3 emocional<\/strong> : apr\u00e8n a dir que no, a escoltar el teu cos.<\/li>\n\n\n\n<li>Promoure <strong>alternatives saludables<\/strong> : c\u00f2ctels sense alcohol, begudes sense alcohol, moments compartits sense excessos.<\/li>\n\n\n\n<li>I sobretot: donar a l&#8217;adolescent les claus per convertir-se en l&#8217;actor que tri\u00ef.<\/li>\n<\/ul>\n\n<p>En un registre complementari, m\u00e8todes de suport com <strong>la reflexologia l\u00e0ser de l&#8217;orella<\/strong> \u2014coneguda per deixar de fumar\u2014 tamb\u00e9 comencen a utilitzar-se per a les addiccions a l&#8217;alcohol. Alliberar-se de l&#8217; <g id=\"gid_1\">addicci\u00f3<\/g> , recalibrar el cos, recuperar la confian\u00e7a: aquest \u00e9s el cam\u00ed. Quan una persona jove ja est\u00e0 exposada, integrar un curs complet mai est\u00e0 descartat.  <\/p>\n\n<div style=\"height:21px\" aria-hidden=\"true\" class=\"wp-block-spacer\"><\/div>\n\n<h2 class=\"wp-block-heading\">La implicaci\u00f3 de tothom: un cercle virtu\u00f3s<\/h2>\n\n<p>Tant si ets pare o mare com si ets un \u00e9sser estimat, la teva postura \u00e9s important.<br\/> L&#8217; <strong>exemple<\/strong> que dones, el teu discurs, la teva escolta: aix\u00f2 \u00e9s el que construeix la prevenci\u00f3. Una discussi\u00f3 oberta val m\u00e9s que una prohibici\u00f3 sobtada.<br\/> I si formes part d&#8217;una xarxa o comunitat educativa, comparteix la teva experi\u00e8ncia. Organitza un debat, un taller, un moment on desdramatitzar no vol dir banalitzar.  <\/p>\n\n<p>Perqu\u00e8 darrere de tot aix\u00f2, hi ha una q\u00fcesti\u00f3 de <strong>vida<\/strong> , de <strong>llibertat<\/strong> . De poder triar, comprendre, avan\u00e7ar sense restriccions.<br\/> Parlar d&#8217;aquesta beguda no \u00e9s jutjar, \u00e9s prevenir.<br\/> Est\u00e0 dient: \u00abS\u00ed, la festa existeix. S\u00ed, el plaer existeix. Per\u00f2 no d&#8217;una manera borrosa.\u00bb <\/p>\n\n<div style=\"height:21px\" aria-hidden=\"true\" class=\"wp-block-spacer\"><\/div>\n\n<h3 class=\"wp-block-heading\">En conclusi\u00f3<\/h3>\n\n<p><strong>El vody<\/strong> \u00e9s m\u00e9s que una beguda: reflecteix un canvi en el consum d&#8217;alcohol entre els joves.<br\/> Colorida, dol\u00e7a, seductora: atrau.<br\/> Per\u00f2 darrere de la imatge, hi ha perill.<br\/> I el di\u00e0leg, l&#8217;educaci\u00f3 i el suport s\u00f3n els baluards.<br\/> Parlar-ne amb sinceritat, curiositat i amabilitat \u00e9s oferir una oportunitat real a la propera generaci\u00f3.<\/p>\n\n<p>Comencem aquest di\u00e0leg avui. Perqu\u00e8 la mirada sigui clara, i el cos tamb\u00e9.<br\/> I que tothom conquisti la seva llibertat, sense concessions. <\/p>\n\n<div style=\"height:21px\" aria-hidden=\"true\" class=\"wp-block-spacer\"><\/div>\n\n<figure class=\"wp-block-image size-large\"><img decoding=\"async\" src=\"https:\/\/www.mylasertabac.com\/wp-content\/uploads\/\/mlt-verteau.svg\" alt=\"\" class=\"wp-image-13\"\/><\/figure>\n","protected":false},"excerpt":{"rendered":"<p>Imagineu-vos per un moment. Una llauna de colors brillants. Un subt\u00edtol que diu &#8220;refresc energ\u00e8tic&#8221;. Un gust afruitat, una beguda renovada. I darrere d&#8217;aquest format atractiu: entre un 18% i un 22% d&#8217;alcohol pur, una barreja de vodka, cafe\u00efna, taurina i sucre. Aquest \u00e9s el cas d&#8217;aquesta beguda coneguda com a Vody , que ja [&hellip;]<\/p>\n","protected":false},"author":2,"featured_media":18972,"comment_status":"closed","ping_status":"open","sticky":false,"template":"","format":"standard","meta":{"inline_featured_image":false,"footnotes":""},"categories":[681],"tags":[],"class_list":["post-18962","post","type-post","status-publish","format-standard","has-post-thumbnail","hentry","category-noticies"],"yoast_head":"<!-- This site is optimized with the Yoast SEO plugin v27.4 - https:\/\/yoast.com\/product\/yoast-seo-wordpress\/ -->\n<title>Vody i els joves: aquest &quot;c\u00f2ctel de plaer&quot; que emmascara un perill silenci\u00f3s - My Laser Tabac<\/title>\n<meta name=\"description\" content=\"Descobreix els riscos ocults de beure Vody i com educar els joves sobre el consum preco\u00e7.\" \/>\n<meta name=\"robots\" content=\"index, follow, max-snippet:-1, max-image-preview:large, max-video-preview:-1\" \/>\n<link rel=\"canonical\" href=\"https:\/\/www.mylasertabac.com\/ca\/vody-i-els-joves-aquest-coctel-de-plaer-que-emmascara-un-perill-silencios\/\" \/>\n<meta property=\"og:locale\" content=\"ca_ES\" \/>\n<meta property=\"og:type\" content=\"article\" \/>\n<meta property=\"og:title\" content=\"Vody i els joves: aquest &quot;c\u00f2ctel de plaer&quot; que emmascara un perill silenci\u00f3s - My Laser Tabac\" \/>\n<meta property=\"og:description\" content=\"Descobreix els riscos ocults de beure Vody i com educar els joves sobre el consum preco\u00e7.\" \/>\n<meta property=\"og:url\" content=\"https:\/\/www.mylasertabac.com\/ca\/vody-i-els-joves-aquest-coctel-de-plaer-que-emmascara-un-perill-silencios\/\" \/>\n<meta property=\"og:site_name\" content=\"My Laser Tabac\" \/>\n<meta property=\"article:author\" content=\"https:\/\/www.facebook.com\/profile.php?id=61571554707319\" \/>\n<meta property=\"article:published_time\" content=\"2025-10-28T13:55:06+00:00\" \/>\n<meta property=\"article:modified_time\" content=\"2025-10-28T14:03:12+00:00\" \/>\n<meta property=\"og:image\" content=\"https:\/\/www.mylasertabac.com\/wp-content\/uploads\/2025\/10\/Vody-la-boisson-des-jeunes-qui-est-tres-dangereuse-1024x683.png\" \/>\n\t<meta property=\"og:image:width\" content=\"1024\" \/>\n\t<meta property=\"og:image:height\" content=\"683\" \/>\n\t<meta property=\"og:image:type\" content=\"image\/png\" \/>\n<meta name=\"author\" content=\"Florian Fortes\" \/>\n<meta name=\"twitter:card\" content=\"summary_large_image\" \/>\n<meta name=\"twitter:label1\" content=\"Escrit per\" \/>\n\t<meta name=\"twitter:data1\" content=\"Florian Fortes\" \/>\n\t<meta name=\"twitter:label2\" content=\"Temps estimat de lectura\" \/>\n\t<meta name=\"twitter:data2\" content=\"4 minuts\" \/>\n<script type=\"application\/ld+json\" class=\"yoast-schema-graph\">{\"@context\":\"https:\\\/\\\/schema.org\",\"@graph\":[{\"@type\":\"Article\",\"@id\":\"https:\\\/\\\/www.mylasertabac.com\\\/ca\\\/vody-i-els-joves-aquest-coctel-de-plaer-que-emmascara-un-perill-silencios\\\/#article\",\"isPartOf\":{\"@id\":\"https:\\\/\\\/www.mylasertabac.com\\\/ca\\\/vody-i-els-joves-aquest-coctel-de-plaer-que-emmascara-un-perill-silencios\\\/\"},\"author\":{\"name\":\"Florian Fortes\",\"@id\":\"https:\\\/\\\/www.mylasertabac.com\\\/ca\\\/#\\\/schema\\\/person\\\/02c249cb76d912efb6c315ec23eccdf3\"},\"headline\":\"Vody i els joves: aquest &#8220;c\u00f2ctel de plaer&#8221; que emmascara un perill silenci\u00f3s\",\"datePublished\":\"2025-10-28T13:55:06+00:00\",\"dateModified\":\"2025-10-28T14:03:12+00:00\",\"mainEntityOfPage\":{\"@id\":\"https:\\\/\\\/www.mylasertabac.com\\\/ca\\\/vody-i-els-joves-aquest-coctel-de-plaer-que-emmascara-un-perill-silencios\\\/\"},\"wordCount\":858,\"publisher\":{\"@id\":\"https:\\\/\\\/www.mylasertabac.com\\\/ca\\\/#organization\"},\"image\":{\"@id\":\"https:\\\/\\\/www.mylasertabac.com\\\/ca\\\/vody-i-els-joves-aquest-coctel-de-plaer-que-emmascara-un-perill-silencios\\\/#primaryimage\"},\"thumbnailUrl\":\"https:\\\/\\\/www.mylasertabac.com\\\/wp-content\\\/uploads\\\/2025\\\/10\\\/Vody-la-boisson-des-jeunes-qui-est-tres-dangereuse.png\",\"articleSection\":[\"not\u00edcies\"],\"inLanguage\":\"ca\"},{\"@type\":\"WebPage\",\"@id\":\"https:\\\/\\\/www.mylasertabac.com\\\/ca\\\/vody-i-els-joves-aquest-coctel-de-plaer-que-emmascara-un-perill-silencios\\\/\",\"url\":\"https:\\\/\\\/www.mylasertabac.com\\\/ca\\\/vody-i-els-joves-aquest-coctel-de-plaer-que-emmascara-un-perill-silencios\\\/\",\"name\":\"Vody i els joves: aquest \\\"c\u00f2ctel de plaer\\\" que emmascara un perill silenci\u00f3s - My Laser Tabac\",\"isPartOf\":{\"@id\":\"https:\\\/\\\/www.mylasertabac.com\\\/ca\\\/#website\"},\"primaryImageOfPage\":{\"@id\":\"https:\\\/\\\/www.mylasertabac.com\\\/ca\\\/vody-i-els-joves-aquest-coctel-de-plaer-que-emmascara-un-perill-silencios\\\/#primaryimage\"},\"image\":{\"@id\":\"https:\\\/\\\/www.mylasertabac.com\\\/ca\\\/vody-i-els-joves-aquest-coctel-de-plaer-que-emmascara-un-perill-silencios\\\/#primaryimage\"},\"thumbnailUrl\":\"https:\\\/\\\/www.mylasertabac.com\\\/wp-content\\\/uploads\\\/2025\\\/10\\\/Vody-la-boisson-des-jeunes-qui-est-tres-dangereuse.png\",\"datePublished\":\"2025-10-28T13:55:06+00:00\",\"dateModified\":\"2025-10-28T14:03:12+00:00\",\"description\":\"Descobreix els riscos ocults de beure Vody i com educar els joves sobre el consum preco\u00e7.\",\"breadcrumb\":{\"@id\":\"https:\\\/\\\/www.mylasertabac.com\\\/ca\\\/vody-i-els-joves-aquest-coctel-de-plaer-que-emmascara-un-perill-silencios\\\/#breadcrumb\"},\"inLanguage\":\"ca\",\"potentialAction\":[{\"@type\":\"ReadAction\",\"target\":[\"https:\\\/\\\/www.mylasertabac.com\\\/ca\\\/vody-i-els-joves-aquest-coctel-de-plaer-que-emmascara-un-perill-silencios\\\/\"]}]},{\"@type\":\"ImageObject\",\"inLanguage\":\"ca\",\"@id\":\"https:\\\/\\\/www.mylasertabac.com\\\/ca\\\/vody-i-els-joves-aquest-coctel-de-plaer-que-emmascara-un-perill-silencios\\\/#primaryimage\",\"url\":\"https:\\\/\\\/www.mylasertabac.com\\\/wp-content\\\/uploads\\\/2025\\\/10\\\/Vody-la-boisson-des-jeunes-qui-est-tres-dangereuse.png\",\"contentUrl\":\"https:\\\/\\\/www.mylasertabac.com\\\/wp-content\\\/uploads\\\/2025\\\/10\\\/Vody-la-boisson-des-jeunes-qui-est-tres-dangereuse.png\",\"width\":1536,\"height\":1024},{\"@type\":\"BreadcrumbList\",\"@id\":\"https:\\\/\\\/www.mylasertabac.com\\\/ca\\\/vody-i-els-joves-aquest-coctel-de-plaer-que-emmascara-un-perill-silencios\\\/#breadcrumb\",\"itemListElement\":[{\"@type\":\"ListItem\",\"position\":1,\"name\":\"Accueil\",\"item\":\"https:\\\/\\\/www.mylasertabac.com\\\/ca\\\/benvingut\\\/\"},{\"@type\":\"ListItem\",\"position\":2,\"name\":\"Vody i els joves: aquest &#8220;c\u00f2ctel de plaer&#8221; que emmascara un perill silenci\u00f3s\"}]},{\"@type\":\"WebSite\",\"@id\":\"https:\\\/\\\/www.mylasertabac.com\\\/ca\\\/#website\",\"url\":\"https:\\\/\\\/www.mylasertabac.com\\\/ca\\\/\",\"name\":\"My Laser Tabac\",\"description\":\"La solution laser qui transforme les fumeurs en ex-fumeurs\",\"publisher\":{\"@id\":\"https:\\\/\\\/www.mylasertabac.com\\\/ca\\\/#organization\"},\"potentialAction\":[{\"@type\":\"SearchAction\",\"target\":{\"@type\":\"EntryPoint\",\"urlTemplate\":\"https:\\\/\\\/www.mylasertabac.com\\\/ca\\\/?s={search_term_string}\"},\"query-input\":{\"@type\":\"PropertyValueSpecification\",\"valueRequired\":true,\"valueName\":\"search_term_string\"}}],\"inLanguage\":\"ca\"},{\"@type\":\"Organization\",\"@id\":\"https:\\\/\\\/www.mylasertabac.com\\\/ca\\\/#organization\",\"name\":\"My Laser Tabac\",\"url\":\"https:\\\/\\\/www.mylasertabac.com\\\/ca\\\/\",\"logo\":{\"@type\":\"ImageObject\",\"inLanguage\":\"ca\",\"@id\":\"https:\\\/\\\/www.mylasertabac.com\\\/ca\\\/#\\\/schema\\\/logo\\\/image\\\/\",\"url\":\"https:\\\/\\\/www.mylasertabac.com\\\/wp-content\\\/uploads\\\/2024\\\/12\\\/mlt-verteau.svg\",\"contentUrl\":\"https:\\\/\\\/www.mylasertabac.com\\\/wp-content\\\/uploads\\\/2024\\\/12\\\/mlt-verteau.svg\",\"caption\":\"My Laser Tabac\"},\"image\":{\"@id\":\"https:\\\/\\\/www.mylasertabac.com\\\/ca\\\/#\\\/schema\\\/logo\\\/image\\\/\"}},{\"@type\":\"Person\",\"@id\":\"https:\\\/\\\/www.mylasertabac.com\\\/ca\\\/#\\\/schema\\\/person\\\/02c249cb76d912efb6c315ec23eccdf3\",\"name\":\"Florian Fortes\",\"image\":{\"@type\":\"ImageObject\",\"inLanguage\":\"ca\",\"@id\":\"https:\\\/\\\/www.mylasertabac.com\\\/wp-content\\\/litespeed\\\/avatar\\\/142101a71d7b9e6490c1120d9c109a67.jpg?ver=1776856306\",\"url\":\"https:\\\/\\\/www.mylasertabac.com\\\/wp-content\\\/litespeed\\\/avatar\\\/142101a71d7b9e6490c1120d9c109a67.jpg?ver=1776856306\",\"contentUrl\":\"https:\\\/\\\/www.mylasertabac.com\\\/wp-content\\\/litespeed\\\/avatar\\\/142101a71d7b9e6490c1120d9c109a67.jpg?ver=1776856306\",\"caption\":\"Florian Fortes\"},\"sameAs\":[\"https:\\\/\\\/www.mylasertabac.com\",\"https:\\\/\\\/www.facebook.com\\\/profile.php?id=61571554707319\"],\"url\":\"https:\\\/\\\/www.mylasertabac.com\\\/ca\\\/author\\\/florianfortes5312\\\/\"}]}<\/script>\n<!-- \/ Yoast SEO plugin. -->","yoast_head_json":{"title":"Vody i els joves: aquest \"c\u00f2ctel de plaer\" que emmascara un perill silenci\u00f3s - My Laser Tabac","description":"Descobreix els riscos ocults de beure Vody i com educar els joves sobre el consum preco\u00e7.","robots":{"index":"index","follow":"follow","max-snippet":"max-snippet:-1","max-image-preview":"max-image-preview:large","max-video-preview":"max-video-preview:-1"},"canonical":"https:\/\/www.mylasertabac.com\/ca\/vody-i-els-joves-aquest-coctel-de-plaer-que-emmascara-un-perill-silencios\/","og_locale":"ca_ES","og_type":"article","og_title":"Vody i els joves: aquest \"c\u00f2ctel de plaer\" que emmascara un perill silenci\u00f3s - My Laser Tabac","og_description":"Descobreix els riscos ocults de beure Vody i com educar els joves sobre el consum preco\u00e7.","og_url":"https:\/\/www.mylasertabac.com\/ca\/vody-i-els-joves-aquest-coctel-de-plaer-que-emmascara-un-perill-silencios\/","og_site_name":"My Laser Tabac","article_author":"https:\/\/www.facebook.com\/profile.php?id=61571554707319","article_published_time":"2025-10-28T13:55:06+00:00","article_modified_time":"2025-10-28T14:03:12+00:00","og_image":[{"width":1024,"height":683,"url":"https:\/\/www.mylasertabac.com\/wp-content\/uploads\/2025\/10\/Vody-la-boisson-des-jeunes-qui-est-tres-dangereuse-1024x683.png","type":"image\/png"}],"author":"Florian Fortes","twitter_card":"summary_large_image","twitter_misc":{"Escrit per":"Florian Fortes","Temps estimat de lectura":"4 minuts"},"schema":{"@context":"https:\/\/schema.org","@graph":[{"@type":"Article","@id":"https:\/\/www.mylasertabac.com\/ca\/vody-i-els-joves-aquest-coctel-de-plaer-que-emmascara-un-perill-silencios\/#article","isPartOf":{"@id":"https:\/\/www.mylasertabac.com\/ca\/vody-i-els-joves-aquest-coctel-de-plaer-que-emmascara-un-perill-silencios\/"},"author":{"name":"Florian Fortes","@id":"https:\/\/www.mylasertabac.com\/ca\/#\/schema\/person\/02c249cb76d912efb6c315ec23eccdf3"},"headline":"Vody i els joves: aquest &#8220;c\u00f2ctel de plaer&#8221; que emmascara un perill silenci\u00f3s","datePublished":"2025-10-28T13:55:06+00:00","dateModified":"2025-10-28T14:03:12+00:00","mainEntityOfPage":{"@id":"https:\/\/www.mylasertabac.com\/ca\/vody-i-els-joves-aquest-coctel-de-plaer-que-emmascara-un-perill-silencios\/"},"wordCount":858,"publisher":{"@id":"https:\/\/www.mylasertabac.com\/ca\/#organization"},"image":{"@id":"https:\/\/www.mylasertabac.com\/ca\/vody-i-els-joves-aquest-coctel-de-plaer-que-emmascara-un-perill-silencios\/#primaryimage"},"thumbnailUrl":"https:\/\/www.mylasertabac.com\/wp-content\/uploads\/2025\/10\/Vody-la-boisson-des-jeunes-qui-est-tres-dangereuse.png","articleSection":["not\u00edcies"],"inLanguage":"ca"},{"@type":"WebPage","@id":"https:\/\/www.mylasertabac.com\/ca\/vody-i-els-joves-aquest-coctel-de-plaer-que-emmascara-un-perill-silencios\/","url":"https:\/\/www.mylasertabac.com\/ca\/vody-i-els-joves-aquest-coctel-de-plaer-que-emmascara-un-perill-silencios\/","name":"Vody i els joves: aquest \"c\u00f2ctel de plaer\" que emmascara un perill silenci\u00f3s - My Laser Tabac","isPartOf":{"@id":"https:\/\/www.mylasertabac.com\/ca\/#website"},"primaryImageOfPage":{"@id":"https:\/\/www.mylasertabac.com\/ca\/vody-i-els-joves-aquest-coctel-de-plaer-que-emmascara-un-perill-silencios\/#primaryimage"},"image":{"@id":"https:\/\/www.mylasertabac.com\/ca\/vody-i-els-joves-aquest-coctel-de-plaer-que-emmascara-un-perill-silencios\/#primaryimage"},"thumbnailUrl":"https:\/\/www.mylasertabac.com\/wp-content\/uploads\/2025\/10\/Vody-la-boisson-des-jeunes-qui-est-tres-dangereuse.png","datePublished":"2025-10-28T13:55:06+00:00","dateModified":"2025-10-28T14:03:12+00:00","description":"Descobreix els riscos ocults de beure Vody i com educar els joves sobre el consum preco\u00e7.","breadcrumb":{"@id":"https:\/\/www.mylasertabac.com\/ca\/vody-i-els-joves-aquest-coctel-de-plaer-que-emmascara-un-perill-silencios\/#breadcrumb"},"inLanguage":"ca","potentialAction":[{"@type":"ReadAction","target":["https:\/\/www.mylasertabac.com\/ca\/vody-i-els-joves-aquest-coctel-de-plaer-que-emmascara-un-perill-silencios\/"]}]},{"@type":"ImageObject","inLanguage":"ca","@id":"https:\/\/www.mylasertabac.com\/ca\/vody-i-els-joves-aquest-coctel-de-plaer-que-emmascara-un-perill-silencios\/#primaryimage","url":"https:\/\/www.mylasertabac.com\/wp-content\/uploads\/2025\/10\/Vody-la-boisson-des-jeunes-qui-est-tres-dangereuse.png","contentUrl":"https:\/\/www.mylasertabac.com\/wp-content\/uploads\/2025\/10\/Vody-la-boisson-des-jeunes-qui-est-tres-dangereuse.png","width":1536,"height":1024},{"@type":"BreadcrumbList","@id":"https:\/\/www.mylasertabac.com\/ca\/vody-i-els-joves-aquest-coctel-de-plaer-que-emmascara-un-perill-silencios\/#breadcrumb","itemListElement":[{"@type":"ListItem","position":1,"name":"Accueil","item":"https:\/\/www.mylasertabac.com\/ca\/benvingut\/"},{"@type":"ListItem","position":2,"name":"Vody i els joves: aquest &#8220;c\u00f2ctel de plaer&#8221; que emmascara un perill silenci\u00f3s"}]},{"@type":"WebSite","@id":"https:\/\/www.mylasertabac.com\/ca\/#website","url":"https:\/\/www.mylasertabac.com\/ca\/","name":"My Laser Tabac","description":"La solution laser qui transforme les fumeurs en ex-fumeurs","publisher":{"@id":"https:\/\/www.mylasertabac.com\/ca\/#organization"},"potentialAction":[{"@type":"SearchAction","target":{"@type":"EntryPoint","urlTemplate":"https:\/\/www.mylasertabac.com\/ca\/?s={search_term_string}"},"query-input":{"@type":"PropertyValueSpecification","valueRequired":true,"valueName":"search_term_string"}}],"inLanguage":"ca"},{"@type":"Organization","@id":"https:\/\/www.mylasertabac.com\/ca\/#organization","name":"My Laser Tabac","url":"https:\/\/www.mylasertabac.com\/ca\/","logo":{"@type":"ImageObject","inLanguage":"ca","@id":"https:\/\/www.mylasertabac.com\/ca\/#\/schema\/logo\/image\/","url":"https:\/\/www.mylasertabac.com\/wp-content\/uploads\/2024\/12\/mlt-verteau.svg","contentUrl":"https:\/\/www.mylasertabac.com\/wp-content\/uploads\/2024\/12\/mlt-verteau.svg","caption":"My Laser Tabac"},"image":{"@id":"https:\/\/www.mylasertabac.com\/ca\/#\/schema\/logo\/image\/"}},{"@type":"Person","@id":"https:\/\/www.mylasertabac.com\/ca\/#\/schema\/person\/02c249cb76d912efb6c315ec23eccdf3","name":"Florian Fortes","image":{"@type":"ImageObject","inLanguage":"ca","@id":"https:\/\/www.mylasertabac.com\/wp-content\/litespeed\/avatar\/142101a71d7b9e6490c1120d9c109a67.jpg?ver=1776856306","url":"https:\/\/www.mylasertabac.com\/wp-content\/litespeed\/avatar\/142101a71d7b9e6490c1120d9c109a67.jpg?ver=1776856306","contentUrl":"https:\/\/www.mylasertabac.com\/wp-content\/litespeed\/avatar\/142101a71d7b9e6490c1120d9c109a67.jpg?ver=1776856306","caption":"Florian Fortes"},"sameAs":["https:\/\/www.mylasertabac.com","https:\/\/www.facebook.com\/profile.php?id=61571554707319"],"url":"https:\/\/www.mylasertabac.com\/ca\/author\/florianfortes5312\/"}]}},"_links":{"self":[{"href":"https:\/\/www.mylasertabac.com\/ca\/wp-json\/wp\/v2\/posts\/18962","targetHints":{"allow":["GET"]}}],"collection":[{"href":"https:\/\/www.mylasertabac.com\/ca\/wp-json\/wp\/v2\/posts"}],"about":[{"href":"https:\/\/www.mylasertabac.com\/ca\/wp-json\/wp\/v2\/types\/post"}],"author":[{"embeddable":true,"href":"https:\/\/www.mylasertabac.com\/ca\/wp-json\/wp\/v2\/users\/2"}],"replies":[{"embeddable":true,"href":"https:\/\/www.mylasertabac.com\/ca\/wp-json\/wp\/v2\/comments?post=18962"}],"version-history":[{"count":5,"href":"https:\/\/www.mylasertabac.com\/ca\/wp-json\/wp\/v2\/posts\/18962\/revisions"}],"predecessor-version":[{"id":18997,"href":"https:\/\/www.mylasertabac.com\/ca\/wp-json\/wp\/v2\/posts\/18962\/revisions\/18997"}],"wp:featuredmedia":[{"embeddable":true,"href":"https:\/\/www.mylasertabac.com\/ca\/wp-json\/wp\/v2\/media\/18972"}],"wp:attachment":[{"href":"https:\/\/www.mylasertabac.com\/ca\/wp-json\/wp\/v2\/media?parent=18962"}],"wp:term":[{"taxonomy":"category","embeddable":true,"href":"https:\/\/www.mylasertabac.com\/ca\/wp-json\/wp\/v2\/categories?post=18962"},{"taxonomy":"post_tag","embeddable":true,"href":"https:\/\/www.mylasertabac.com\/ca\/wp-json\/wp\/v2\/tags?post=18962"}],"curies":[{"name":"wp","href":"https:\/\/api.w.org\/{rel}","templated":true}]}}