{"id":19019,"date":"2025-10-28T15:06:16","date_gmt":"2025-10-28T14:06:16","guid":{"rendered":"https:\/\/www.mylasertabac.com\/venda-dalcohol-a-menors-quan-la-llei-traeix-la-realitat\/"},"modified":"2025-10-28T17:40:00","modified_gmt":"2025-10-28T16:40:00","slug":"venda-dalcohol-a-menors-quan-la-llei-traeix-la-realitat","status":"publish","type":"post","link":"https:\/\/www.mylasertabac.com\/ca\/venda-dalcohol-a-menors-quan-la-llei-traeix-la-realitat\/","title":{"rendered":"Venda d&#8217;alcohol a menors: quan la llei traeix la realitat"},"content":{"rendered":"\n<div style=\"height:21px\" aria-hidden=\"true\" class=\"wp-block-spacer\"><\/div>\n\n<ol start=\"2025\" class=\"wp-block-list\">\n<li>Un institut franc\u00e8s. Un dijous al vespre. I una beguda comprada sense tiquet: &#8220;Em van demanar el DNI? No. Em van dir: &#8220;\u00c9s per l&#8217;aniversari del meu germ\u00e0&#8221;&#8221;. Aquest fragment, recollit durant un control, reflecteix una observaci\u00f3 alarmant: la prohibici\u00f3 de la venda d&#8217;alcohol a menors existeix&#8230; per\u00f2 massa sovint queda lletra morta.  <\/li>\n<\/ol>\n\n<div style=\"height:21px\" aria-hidden=\"true\" class=\"wp-block-spacer\"><\/div>\n\n<h2 class=\"wp-block-heading\">Una prohibici\u00f3 clara, per\u00f2 poc aplicada<\/h2>\n\n<p>La norma \u00e9s inequ\u00edvoca: est\u00e0 prohibida qualsevol venda de begudes alcoh\u00f2liques a menors de 18 anys. <a href=\"https:\/\/sante.gouv.fr\/IMG\/pdf\/affiche_a4_debits_de_boissons_a_consommer_sur_place.pdf?utm_source=chatgpt.com\" target=\"_blank\" rel=\"noreferrer noopener\">Salut i Autonomia+2L\u00e9gifrance+2<\/a><br\/> No obstant aix\u00f2, sobre el terreny, el compliment d&#8217;aquesta llei deixa alguna cosa a desitjar.<br\/> Enquestes reveladores realitzades entre els principals minoristes mostren que la majoria d&#8217;ells encara venen alcohol a menors sense exigir que es demostri l&#8217;edat. <a href=\"https:\/\/www.economiematin.fr\/alcool-mineurs-vente-interdiction-supermarche-sante?utm_source=chatgpt.com\" target=\"_blank\" rel=\"noreferrer noopener\">Economiematin+2blog.addictions-france.org+2<\/a><br\/> Aquesta situaci\u00f3 planteja la pregunta: qui, dins de les botigues o els bars, realment es responsabilitza de comprovar la majoria d&#8217;edat? Molts ho van deixar passar.<\/p>\n\n<div style=\"height:21px\" aria-hidden=\"true\" class=\"wp-block-spacer\"><\/div>\n\n<h2 class=\"wp-block-heading\">El paper dels caixers i la pressi\u00f3 del comer\u00e7<\/h2>\n\n<p>Quan un jove paga 8 \u20ac per una ampolla, amb bossa o llauna, sorgeix la pregunta: el caixer ha de comprovar sistem\u00e0ticament?<br\/> La resposta legal \u00e9s s\u00ed.<br\/> Per\u00f2 sobre el terreny, la realitat \u00e9s diferent. La pressi\u00f3 del tr\u00e0nsit, l&#8217;aspecte del client, la velocitat de compra&#8230; massa factors fomenten la inacci\u00f3.<br\/> El Codi de Salut P\u00fablica imposa una obligaci\u00f3: &#8220;La persona que lliura la beguda exigeix \u200b\u200bque el client presenti una prova de la seva majoria d&#8217;edat&#8221;. <a href=\"https:\/\/www.legifrance.gouv.fr\/codes\/id\/LEGISCTA000006171207?utm_source=chatgpt.com\" target=\"_blank\" rel=\"noreferrer noopener\">L\u00e9gifrance<\/a><br\/> I, tanmateix: controls poc freq\u00fcents, sancions limitades, vigil\u00e0ncia redu\u00efda. <\/p>\n\n<div style=\"height:21px\" aria-hidden=\"true\" class=\"wp-block-spacer\"><\/div>\n\n<h2 class=\"wp-block-heading\">Quan la venda d&#8217;alcohol a menors es converteix en un problema de salut p\u00fablica<\/h2>\n\n<p>El consum d&#8217;alcohol entre els joves, quan comen\u00e7a d&#8217;hora, t\u00e9 efectes duradors: trastorns de l&#8217;aprenentatge, deteriorament de la maduraci\u00f3 cerebral, augment del risc d&#8217;addicci\u00f3. <a href=\"https:\/\/addictions-france.org\/actualites\/des-geants-de-la-grande-distribution-aux-bars-de-quartiers-tous-hors-la-loi-pour-la-vente-dalcool-aux-mineurs-12204\/?utm_source=chatgpt.com\" target=\"_blank\" rel=\"noreferrer noopener\">Addiccions Fran\u00e7a+1<\/a><br\/> Un jove de 15 anys que compra lliurement una beguda &#8220;recreativa&#8221; ja est\u00e0 en cam\u00ed de convertir-se en un adult potencialment dependent de l&#8217;alcohol.<br\/> No obstant aix\u00f2, pocs establiments s\u00f3n sancionats de manera duradora. Les den\u00fancies continuen sent baixes, igual que els processaments.<br\/> D&#8217;aqu\u00ed una observaci\u00f3 alarmant: l&#8217;aplicaci\u00f3 de la llei continua sent una variable d&#8217;ajust. I mentrestant, els joves estan pagant el preu.<\/p>\n\n<div style=\"height:21px\" aria-hidden=\"true\" class=\"wp-block-spacer\"><\/div>\n\n<h2 class=\"wp-block-heading\">Actua abans que sigui massa tard<\/h2>\n\n<p>Si ets pare, mare o mare, professor o empresari, aquesta observaci\u00f3 no t&#8217;hauria de paralitzar, sin\u00f3 mobilitzar.<br\/> Aqu\u00ed teniu algunes idees concretes:<\/p>\n\n<ul class=\"wp-block-list\">\n<li>Introduir la verificaci\u00f3 sistem\u00e0tica de l&#8217;edat a totes les empreses.<\/li>\n\n\n\n<li>Capacitar els equips per identificar comportaments de risc: compres tardanes, bosses visibles, compres en grup.<\/li>\n\n\n\n<li>Parla amb els joves. Explica que l&#8217;alcohol no \u00e9s nom\u00e9s &#8220;una festa&#8221;, sin\u00f3 una subst\u00e0ncia que ho canvia tot: el cos, el cervell, la vida. <\/li>\n\n\n\n<li>Oferiu alternatives sense alcohol perqu\u00e8 el plaer es mantingui, per\u00f2 sense els riscos.<\/li>\n<\/ul>\n\n<p>Les empreses tamb\u00e9 tenen un paper a jugar: recordar les normes a la gent, mostrar clarament la prohibici\u00f3 i negar-se a vendre a una persona jove sense prova de l&#8217;edat. \u00c9s una postura de responsabilitat col\u00b7lectiva. <\/p>\n\n<div style=\"height:21px\" aria-hidden=\"true\" class=\"wp-block-spacer\"><\/div>\n\n<h2 class=\"wp-block-heading\">Una responsabilitat compartida<\/h2>\n\n<p>Vendre alcohol a menors no \u00e9s nom\u00e9s un delicte individual.<br\/> \u00c9s un frac\u00e0s col\u00b7lectiu: distribuci\u00f3, legislaci\u00f3, vigil\u00e0ncia, educaci\u00f3.<br\/> Cada actor t\u00e9 un rol: des del caixer que li ha de demanar el carnet d&#8217;identitat, fins al gerent que ha de formar el seu equip, passant per la comunitat que ha de supervisar.<br\/> I fins i tot el pare o la mare que ha de parlar amb el seu fill sobre aquest gest que pot conduir a l&#8217;addicci\u00f3.<\/p>\n\n<div style=\"height:21px\" aria-hidden=\"true\" class=\"wp-block-spacer\"><\/div>\n\n<h2 class=\"wp-block-heading\">Conclusi\u00f3<\/h2>\n\n<p>El comer\u00e7 i el dret estan avui desequilibrats.<br\/> Vendre alcohol a un menor ja no hauria de ser un delicte menor: \u00e9s un risc important per a la salut p\u00fablica.<br\/> Actuar per garantir que la llei no quedi en un simple cartell: \u00e9s responsabilitat de tothom.<br\/> Perqu\u00e8 darrere de cada beguda venuda massa aviat, una vida pot canviar.<\/p>\n\n<div style=\"height:35px\" aria-hidden=\"true\" class=\"wp-block-spacer\"><\/div>\n\n<figure class=\"wp-block-image size-large\"><img decoding=\"async\" src=\"https:\/\/www.mylasertabac.com\/wp-content\/uploads\/\/mlt-verteau.svg\" alt=\"\" class=\"wp-image-13\"\/><\/figure>\n","protected":false},"excerpt":{"rendered":"<p>Una prohibici\u00f3 clara, per\u00f2 poc aplicada La norma \u00e9s inequ\u00edvoca: est\u00e0 prohibida qualsevol venda de begudes alcoh\u00f2liques a menors de 18 anys. Salut i Autonomia+2L\u00e9gifrance+2 No obstant aix\u00f2, sobre el terreny, el compliment d&#8217;aquesta llei deixa alguna cosa a desitjar. Enquestes reveladores realitzades entre els principals minoristes mostren que la majoria d&#8217;ells encara venen alcohol [&hellip;]<\/p>\n","protected":false},"author":2,"featured_media":19022,"comment_status":"closed","ping_status":"open","sticky":false,"template":"","format":"standard","meta":{"inline_featured_image":false,"footnotes":""},"categories":[82],"tags":[],"class_list":["post-19019","post","type-post","status-publish","format-standard","has-post-thumbnail","hentry","category-uncategorized-ca"],"yoast_head":"<!-- This site is optimized with the Yoast SEO plugin v27.4 - https:\/\/yoast.com\/product\/yoast-seo-wordpress\/ -->\n<title>Venda d&#039;alcohol a menors: quan la llei traeix la realitat - My Laser Tabac<\/title>\n<meta name=\"description\" content=\"Descobreix per qu\u00e8 la venda d&#039;alcohol a menors continua sent un perill important malgrat la llei i com prendre mesures efectives.\" \/>\n<meta name=\"robots\" content=\"index, follow, max-snippet:-1, max-image-preview:large, max-video-preview:-1\" \/>\n<link rel=\"canonical\" href=\"https:\/\/www.mylasertabac.com\/ca\/venda-dalcohol-a-menors-quan-la-llei-traeix-la-realitat\/\" \/>\n<meta property=\"og:locale\" content=\"ca_ES\" \/>\n<meta property=\"og:type\" content=\"article\" \/>\n<meta property=\"og:title\" content=\"Venda d&#039;alcohol a menors: quan la llei traeix la realitat - My Laser Tabac\" \/>\n<meta property=\"og:description\" content=\"Descobreix per qu\u00e8 la venda d&#039;alcohol a menors continua sent un perill important malgrat la llei i com prendre mesures efectives.\" \/>\n<meta property=\"og:url\" content=\"https:\/\/www.mylasertabac.com\/ca\/venda-dalcohol-a-menors-quan-la-llei-traeix-la-realitat\/\" \/>\n<meta property=\"og:site_name\" content=\"My Laser Tabac\" \/>\n<meta property=\"article:author\" content=\"https:\/\/www.facebook.com\/profile.php?id=61571554707319\" \/>\n<meta property=\"article:published_time\" content=\"2025-10-28T14:06:16+00:00\" \/>\n<meta property=\"article:modified_time\" content=\"2025-10-28T16:40:00+00:00\" \/>\n<meta property=\"og:image\" content=\"https:\/\/www.mylasertabac.com\/wp-content\/uploads\/2025\/10\/Vente-dalcool-au-mineur-qui-esy-le-responsable-1024x683.png\" \/>\n\t<meta property=\"og:image:width\" content=\"1024\" \/>\n\t<meta property=\"og:image:height\" content=\"683\" \/>\n\t<meta property=\"og:image:type\" content=\"image\/png\" \/>\n<meta name=\"author\" content=\"Florian Fortes\" \/>\n<meta name=\"twitter:card\" content=\"summary_large_image\" \/>\n<meta name=\"twitter:label1\" content=\"Escrit per\" \/>\n\t<meta name=\"twitter:data1\" content=\"Florian Fortes\" \/>\n\t<meta name=\"twitter:label2\" content=\"Temps estimat de lectura\" \/>\n\t<meta name=\"twitter:data2\" content=\"3 minuts\" \/>\n<script type=\"application\/ld+json\" class=\"yoast-schema-graph\">{\"@context\":\"https:\\\/\\\/schema.org\",\"@graph\":[{\"@type\":\"Article\",\"@id\":\"https:\\\/\\\/www.mylasertabac.com\\\/ca\\\/venda-dalcohol-a-menors-quan-la-llei-traeix-la-realitat\\\/#article\",\"isPartOf\":{\"@id\":\"https:\\\/\\\/www.mylasertabac.com\\\/ca\\\/venda-dalcohol-a-menors-quan-la-llei-traeix-la-realitat\\\/\"},\"author\":{\"name\":\"Florian Fortes\",\"@id\":\"https:\\\/\\\/www.mylasertabac.com\\\/ca\\\/#\\\/schema\\\/person\\\/02c249cb76d912efb6c315ec23eccdf3\"},\"headline\":\"Venda d&#8217;alcohol a menors: quan la llei traeix la realitat\",\"datePublished\":\"2025-10-28T14:06:16+00:00\",\"dateModified\":\"2025-10-28T16:40:00+00:00\",\"mainEntityOfPage\":{\"@id\":\"https:\\\/\\\/www.mylasertabac.com\\\/ca\\\/venda-dalcohol-a-menors-quan-la-llei-traeix-la-realitat\\\/\"},\"wordCount\":668,\"publisher\":{\"@id\":\"https:\\\/\\\/www.mylasertabac.com\\\/ca\\\/#organization\"},\"image\":{\"@id\":\"https:\\\/\\\/www.mylasertabac.com\\\/ca\\\/venda-dalcohol-a-menors-quan-la-llei-traeix-la-realitat\\\/#primaryimage\"},\"thumbnailUrl\":\"https:\\\/\\\/www.mylasertabac.com\\\/wp-content\\\/uploads\\\/2025\\\/10\\\/Vente-dalcool-au-mineur-qui-esy-le-responsable.png\",\"articleSection\":[\"Uncategorized @ca\"],\"inLanguage\":\"ca\"},{\"@type\":\"WebPage\",\"@id\":\"https:\\\/\\\/www.mylasertabac.com\\\/ca\\\/venda-dalcohol-a-menors-quan-la-llei-traeix-la-realitat\\\/\",\"url\":\"https:\\\/\\\/www.mylasertabac.com\\\/ca\\\/venda-dalcohol-a-menors-quan-la-llei-traeix-la-realitat\\\/\",\"name\":\"Venda d'alcohol a menors: quan la llei traeix la realitat - My Laser Tabac\",\"isPartOf\":{\"@id\":\"https:\\\/\\\/www.mylasertabac.com\\\/ca\\\/#website\"},\"primaryImageOfPage\":{\"@id\":\"https:\\\/\\\/www.mylasertabac.com\\\/ca\\\/venda-dalcohol-a-menors-quan-la-llei-traeix-la-realitat\\\/#primaryimage\"},\"image\":{\"@id\":\"https:\\\/\\\/www.mylasertabac.com\\\/ca\\\/venda-dalcohol-a-menors-quan-la-llei-traeix-la-realitat\\\/#primaryimage\"},\"thumbnailUrl\":\"https:\\\/\\\/www.mylasertabac.com\\\/wp-content\\\/uploads\\\/2025\\\/10\\\/Vente-dalcool-au-mineur-qui-esy-le-responsable.png\",\"datePublished\":\"2025-10-28T14:06:16+00:00\",\"dateModified\":\"2025-10-28T16:40:00+00:00\",\"description\":\"Descobreix per qu\u00e8 la venda d'alcohol a menors continua sent un perill important malgrat la llei i com prendre mesures efectives.\",\"breadcrumb\":{\"@id\":\"https:\\\/\\\/www.mylasertabac.com\\\/ca\\\/venda-dalcohol-a-menors-quan-la-llei-traeix-la-realitat\\\/#breadcrumb\"},\"inLanguage\":\"ca\",\"potentialAction\":[{\"@type\":\"ReadAction\",\"target\":[\"https:\\\/\\\/www.mylasertabac.com\\\/ca\\\/venda-dalcohol-a-menors-quan-la-llei-traeix-la-realitat\\\/\"]}]},{\"@type\":\"ImageObject\",\"inLanguage\":\"ca\",\"@id\":\"https:\\\/\\\/www.mylasertabac.com\\\/ca\\\/venda-dalcohol-a-menors-quan-la-llei-traeix-la-realitat\\\/#primaryimage\",\"url\":\"https:\\\/\\\/www.mylasertabac.com\\\/wp-content\\\/uploads\\\/2025\\\/10\\\/Vente-dalcool-au-mineur-qui-esy-le-responsable.png\",\"contentUrl\":\"https:\\\/\\\/www.mylasertabac.com\\\/wp-content\\\/uploads\\\/2025\\\/10\\\/Vente-dalcool-au-mineur-qui-esy-le-responsable.png\",\"width\":1536,\"height\":1024},{\"@type\":\"BreadcrumbList\",\"@id\":\"https:\\\/\\\/www.mylasertabac.com\\\/ca\\\/venda-dalcohol-a-menors-quan-la-llei-traeix-la-realitat\\\/#breadcrumb\",\"itemListElement\":[{\"@type\":\"ListItem\",\"position\":1,\"name\":\"Accueil\",\"item\":\"https:\\\/\\\/www.mylasertabac.com\\\/ca\\\/benvingut\\\/\"},{\"@type\":\"ListItem\",\"position\":2,\"name\":\"Venda d&#8217;alcohol a menors: quan la llei traeix la realitat\"}]},{\"@type\":\"WebSite\",\"@id\":\"https:\\\/\\\/www.mylasertabac.com\\\/ca\\\/#website\",\"url\":\"https:\\\/\\\/www.mylasertabac.com\\\/ca\\\/\",\"name\":\"My Laser Tabac\",\"description\":\"La solution laser qui transforme les fumeurs en ex-fumeurs\",\"publisher\":{\"@id\":\"https:\\\/\\\/www.mylasertabac.com\\\/ca\\\/#organization\"},\"potentialAction\":[{\"@type\":\"SearchAction\",\"target\":{\"@type\":\"EntryPoint\",\"urlTemplate\":\"https:\\\/\\\/www.mylasertabac.com\\\/ca\\\/?s={search_term_string}\"},\"query-input\":{\"@type\":\"PropertyValueSpecification\",\"valueRequired\":true,\"valueName\":\"search_term_string\"}}],\"inLanguage\":\"ca\"},{\"@type\":\"Organization\",\"@id\":\"https:\\\/\\\/www.mylasertabac.com\\\/ca\\\/#organization\",\"name\":\"My Laser Tabac\",\"url\":\"https:\\\/\\\/www.mylasertabac.com\\\/ca\\\/\",\"logo\":{\"@type\":\"ImageObject\",\"inLanguage\":\"ca\",\"@id\":\"https:\\\/\\\/www.mylasertabac.com\\\/ca\\\/#\\\/schema\\\/logo\\\/image\\\/\",\"url\":\"https:\\\/\\\/www.mylasertabac.com\\\/wp-content\\\/uploads\\\/2024\\\/12\\\/mlt-verteau.svg\",\"contentUrl\":\"https:\\\/\\\/www.mylasertabac.com\\\/wp-content\\\/uploads\\\/2024\\\/12\\\/mlt-verteau.svg\",\"caption\":\"My Laser Tabac\"},\"image\":{\"@id\":\"https:\\\/\\\/www.mylasertabac.com\\\/ca\\\/#\\\/schema\\\/logo\\\/image\\\/\"}},{\"@type\":\"Person\",\"@id\":\"https:\\\/\\\/www.mylasertabac.com\\\/ca\\\/#\\\/schema\\\/person\\\/02c249cb76d912efb6c315ec23eccdf3\",\"name\":\"Florian Fortes\",\"image\":{\"@type\":\"ImageObject\",\"inLanguage\":\"ca\",\"@id\":\"https:\\\/\\\/www.mylasertabac.com\\\/wp-content\\\/litespeed\\\/avatar\\\/142101a71d7b9e6490c1120d9c109a67.jpg?ver=1776856306\",\"url\":\"https:\\\/\\\/www.mylasertabac.com\\\/wp-content\\\/litespeed\\\/avatar\\\/142101a71d7b9e6490c1120d9c109a67.jpg?ver=1776856306\",\"contentUrl\":\"https:\\\/\\\/www.mylasertabac.com\\\/wp-content\\\/litespeed\\\/avatar\\\/142101a71d7b9e6490c1120d9c109a67.jpg?ver=1776856306\",\"caption\":\"Florian Fortes\"},\"sameAs\":[\"https:\\\/\\\/www.mylasertabac.com\",\"https:\\\/\\\/www.facebook.com\\\/profile.php?id=61571554707319\"],\"url\":\"https:\\\/\\\/www.mylasertabac.com\\\/ca\\\/author\\\/florianfortes5312\\\/\"}]}<\/script>\n<!-- \/ Yoast SEO plugin. -->","yoast_head_json":{"title":"Venda d'alcohol a menors: quan la llei traeix la realitat - My Laser Tabac","description":"Descobreix per qu\u00e8 la venda d'alcohol a menors continua sent un perill important malgrat la llei i com prendre mesures efectives.","robots":{"index":"index","follow":"follow","max-snippet":"max-snippet:-1","max-image-preview":"max-image-preview:large","max-video-preview":"max-video-preview:-1"},"canonical":"https:\/\/www.mylasertabac.com\/ca\/venda-dalcohol-a-menors-quan-la-llei-traeix-la-realitat\/","og_locale":"ca_ES","og_type":"article","og_title":"Venda d'alcohol a menors: quan la llei traeix la realitat - My Laser Tabac","og_description":"Descobreix per qu\u00e8 la venda d'alcohol a menors continua sent un perill important malgrat la llei i com prendre mesures efectives.","og_url":"https:\/\/www.mylasertabac.com\/ca\/venda-dalcohol-a-menors-quan-la-llei-traeix-la-realitat\/","og_site_name":"My Laser Tabac","article_author":"https:\/\/www.facebook.com\/profile.php?id=61571554707319","article_published_time":"2025-10-28T14:06:16+00:00","article_modified_time":"2025-10-28T16:40:00+00:00","og_image":[{"width":1024,"height":683,"url":"https:\/\/www.mylasertabac.com\/wp-content\/uploads\/2025\/10\/Vente-dalcool-au-mineur-qui-esy-le-responsable-1024x683.png","type":"image\/png"}],"author":"Florian Fortes","twitter_card":"summary_large_image","twitter_misc":{"Escrit per":"Florian Fortes","Temps estimat de lectura":"3 minuts"},"schema":{"@context":"https:\/\/schema.org","@graph":[{"@type":"Article","@id":"https:\/\/www.mylasertabac.com\/ca\/venda-dalcohol-a-menors-quan-la-llei-traeix-la-realitat\/#article","isPartOf":{"@id":"https:\/\/www.mylasertabac.com\/ca\/venda-dalcohol-a-menors-quan-la-llei-traeix-la-realitat\/"},"author":{"name":"Florian Fortes","@id":"https:\/\/www.mylasertabac.com\/ca\/#\/schema\/person\/02c249cb76d912efb6c315ec23eccdf3"},"headline":"Venda d&#8217;alcohol a menors: quan la llei traeix la realitat","datePublished":"2025-10-28T14:06:16+00:00","dateModified":"2025-10-28T16:40:00+00:00","mainEntityOfPage":{"@id":"https:\/\/www.mylasertabac.com\/ca\/venda-dalcohol-a-menors-quan-la-llei-traeix-la-realitat\/"},"wordCount":668,"publisher":{"@id":"https:\/\/www.mylasertabac.com\/ca\/#organization"},"image":{"@id":"https:\/\/www.mylasertabac.com\/ca\/venda-dalcohol-a-menors-quan-la-llei-traeix-la-realitat\/#primaryimage"},"thumbnailUrl":"https:\/\/www.mylasertabac.com\/wp-content\/uploads\/2025\/10\/Vente-dalcool-au-mineur-qui-esy-le-responsable.png","articleSection":["Uncategorized @ca"],"inLanguage":"ca"},{"@type":"WebPage","@id":"https:\/\/www.mylasertabac.com\/ca\/venda-dalcohol-a-menors-quan-la-llei-traeix-la-realitat\/","url":"https:\/\/www.mylasertabac.com\/ca\/venda-dalcohol-a-menors-quan-la-llei-traeix-la-realitat\/","name":"Venda d'alcohol a menors: quan la llei traeix la realitat - My Laser Tabac","isPartOf":{"@id":"https:\/\/www.mylasertabac.com\/ca\/#website"},"primaryImageOfPage":{"@id":"https:\/\/www.mylasertabac.com\/ca\/venda-dalcohol-a-menors-quan-la-llei-traeix-la-realitat\/#primaryimage"},"image":{"@id":"https:\/\/www.mylasertabac.com\/ca\/venda-dalcohol-a-menors-quan-la-llei-traeix-la-realitat\/#primaryimage"},"thumbnailUrl":"https:\/\/www.mylasertabac.com\/wp-content\/uploads\/2025\/10\/Vente-dalcool-au-mineur-qui-esy-le-responsable.png","datePublished":"2025-10-28T14:06:16+00:00","dateModified":"2025-10-28T16:40:00+00:00","description":"Descobreix per qu\u00e8 la venda d'alcohol a menors continua sent un perill important malgrat la llei i com prendre mesures efectives.","breadcrumb":{"@id":"https:\/\/www.mylasertabac.com\/ca\/venda-dalcohol-a-menors-quan-la-llei-traeix-la-realitat\/#breadcrumb"},"inLanguage":"ca","potentialAction":[{"@type":"ReadAction","target":["https:\/\/www.mylasertabac.com\/ca\/venda-dalcohol-a-menors-quan-la-llei-traeix-la-realitat\/"]}]},{"@type":"ImageObject","inLanguage":"ca","@id":"https:\/\/www.mylasertabac.com\/ca\/venda-dalcohol-a-menors-quan-la-llei-traeix-la-realitat\/#primaryimage","url":"https:\/\/www.mylasertabac.com\/wp-content\/uploads\/2025\/10\/Vente-dalcool-au-mineur-qui-esy-le-responsable.png","contentUrl":"https:\/\/www.mylasertabac.com\/wp-content\/uploads\/2025\/10\/Vente-dalcool-au-mineur-qui-esy-le-responsable.png","width":1536,"height":1024},{"@type":"BreadcrumbList","@id":"https:\/\/www.mylasertabac.com\/ca\/venda-dalcohol-a-menors-quan-la-llei-traeix-la-realitat\/#breadcrumb","itemListElement":[{"@type":"ListItem","position":1,"name":"Accueil","item":"https:\/\/www.mylasertabac.com\/ca\/benvingut\/"},{"@type":"ListItem","position":2,"name":"Venda d&#8217;alcohol a menors: quan la llei traeix la realitat"}]},{"@type":"WebSite","@id":"https:\/\/www.mylasertabac.com\/ca\/#website","url":"https:\/\/www.mylasertabac.com\/ca\/","name":"My Laser Tabac","description":"La solution laser qui transforme les fumeurs en ex-fumeurs","publisher":{"@id":"https:\/\/www.mylasertabac.com\/ca\/#organization"},"potentialAction":[{"@type":"SearchAction","target":{"@type":"EntryPoint","urlTemplate":"https:\/\/www.mylasertabac.com\/ca\/?s={search_term_string}"},"query-input":{"@type":"PropertyValueSpecification","valueRequired":true,"valueName":"search_term_string"}}],"inLanguage":"ca"},{"@type":"Organization","@id":"https:\/\/www.mylasertabac.com\/ca\/#organization","name":"My Laser Tabac","url":"https:\/\/www.mylasertabac.com\/ca\/","logo":{"@type":"ImageObject","inLanguage":"ca","@id":"https:\/\/www.mylasertabac.com\/ca\/#\/schema\/logo\/image\/","url":"https:\/\/www.mylasertabac.com\/wp-content\/uploads\/2024\/12\/mlt-verteau.svg","contentUrl":"https:\/\/www.mylasertabac.com\/wp-content\/uploads\/2024\/12\/mlt-verteau.svg","caption":"My Laser Tabac"},"image":{"@id":"https:\/\/www.mylasertabac.com\/ca\/#\/schema\/logo\/image\/"}},{"@type":"Person","@id":"https:\/\/www.mylasertabac.com\/ca\/#\/schema\/person\/02c249cb76d912efb6c315ec23eccdf3","name":"Florian Fortes","image":{"@type":"ImageObject","inLanguage":"ca","@id":"https:\/\/www.mylasertabac.com\/wp-content\/litespeed\/avatar\/142101a71d7b9e6490c1120d9c109a67.jpg?ver=1776856306","url":"https:\/\/www.mylasertabac.com\/wp-content\/litespeed\/avatar\/142101a71d7b9e6490c1120d9c109a67.jpg?ver=1776856306","contentUrl":"https:\/\/www.mylasertabac.com\/wp-content\/litespeed\/avatar\/142101a71d7b9e6490c1120d9c109a67.jpg?ver=1776856306","caption":"Florian Fortes"},"sameAs":["https:\/\/www.mylasertabac.com","https:\/\/www.facebook.com\/profile.php?id=61571554707319"],"url":"https:\/\/www.mylasertabac.com\/ca\/author\/florianfortes5312\/"}]}},"_links":{"self":[{"href":"https:\/\/www.mylasertabac.com\/ca\/wp-json\/wp\/v2\/posts\/19019","targetHints":{"allow":["GET"]}}],"collection":[{"href":"https:\/\/www.mylasertabac.com\/ca\/wp-json\/wp\/v2\/posts"}],"about":[{"href":"https:\/\/www.mylasertabac.com\/ca\/wp-json\/wp\/v2\/types\/post"}],"author":[{"embeddable":true,"href":"https:\/\/www.mylasertabac.com\/ca\/wp-json\/wp\/v2\/users\/2"}],"replies":[{"embeddable":true,"href":"https:\/\/www.mylasertabac.com\/ca\/wp-json\/wp\/v2\/comments?post=19019"}],"version-history":[{"count":3,"href":"https:\/\/www.mylasertabac.com\/ca\/wp-json\/wp\/v2\/posts\/19019\/revisions"}],"predecessor-version":[{"id":19036,"href":"https:\/\/www.mylasertabac.com\/ca\/wp-json\/wp\/v2\/posts\/19019\/revisions\/19036"}],"wp:featuredmedia":[{"embeddable":true,"href":"https:\/\/www.mylasertabac.com\/ca\/wp-json\/wp\/v2\/media\/19022"}],"wp:attachment":[{"href":"https:\/\/www.mylasertabac.com\/ca\/wp-json\/wp\/v2\/media?parent=19019"}],"wp:term":[{"taxonomy":"category","embeddable":true,"href":"https:\/\/www.mylasertabac.com\/ca\/wp-json\/wp\/v2\/categories?post=19019"},{"taxonomy":"post_tag","embeddable":true,"href":"https:\/\/www.mylasertabac.com\/ca\/wp-json\/wp\/v2\/tags?post=19019"}],"curies":[{"name":"wp","href":"https:\/\/api.w.org\/{rel}","templated":true}]}}