{"id":19051,"date":"2025-10-29T09:37:20","date_gmt":"2025-10-29T08:37:20","guid":{"rendered":"https:\/\/www.mylasertabac.com\/fiscalitat-dels-liquids-electronics-i-tancament-de-botigues-especialitzades-un-punt-dinflexio-per-al-vaping\/"},"modified":"2025-10-29T17:55:45","modified_gmt":"2025-10-29T16:55:45","slug":"fiscalitat-dels-liquids-electronics-i-tancament-de-botigues-especialitzades-un-punt-dinflexio-per-al-vaping","status":"publish","type":"post","link":"https:\/\/www.mylasertabac.com\/ca\/fiscalitat-dels-liquids-electronics-i-tancament-de-botigues-especialitzades-un-punt-dinflexio-per-al-vaping\/","title":{"rendered":"Fiscalitat dels l\u00edquids electr\u00f2nics i tancament de botigues especialitzades: un punt d&#8217;inflexi\u00f3 per al vaping"},"content":{"rendered":"\n<p>El projecte de llei de pressupostos del 2026 pret\u00e9n revolucionar la ind\u00fastria del vapeig a Fran\u00e7a: impostos sobre els l\u00edquids electr\u00f2nics, prohibici\u00f3 de les vendes en l\u00ednia i llic\u00e8ncies obligat\u00f2ries per a les botigues. Aquesta s\u00e8rie de mesures amena\u00e7a tot un sector de la reducci\u00f3 de danys. <\/p>\n\n<div style=\"height:25px\" aria-hidden=\"true\" class=\"wp-block-spacer\"><\/div>\n\n<figure class=\"wp-block-image alignleft size-large is-resized\"><a href=\"https:\/\/www.mylasertabac.com\/ca\/els-nostres-centres\/\"><img fetchpriority=\"high\" decoding=\"async\" width=\"1024\" height=\"668\" src=\"https:\/\/www.mylasertabac.com\/wp-content\/uploads\/2025\/08\/tu-veux-arreter-de-fumer-Clique-ici--1024x668.jpg\" alt=\"\" class=\"wp-image-13752\" style=\"width:429px;height:auto\" srcset=\"https:\/\/www.mylasertabac.com\/wp-content\/uploads\/2025\/08\/tu-veux-arreter-de-fumer-Clique-ici--1024x668.jpg 1024w, https:\/\/www.mylasertabac.com\/wp-content\/uploads\/2025\/08\/tu-veux-arreter-de-fumer-Clique-ici--300x196.jpg 300w, https:\/\/www.mylasertabac.com\/wp-content\/uploads\/2025\/08\/tu-veux-arreter-de-fumer-Clique-ici--768x501.jpg 768w, https:\/\/www.mylasertabac.com\/wp-content\/uploads\/2025\/08\/tu-veux-arreter-de-fumer-Clique-ici-.jpg 1206w\" sizes=\"(max-width: 1024px) 100vw, 1024px\" \/><\/a><\/figure>\n\n<h2 class=\"wp-block-heading\">Un nou impost sobre els l\u00edquids electr\u00f2nics<\/h2>\n\n<p>A partir del 2026, cada mil\u00b7lilitre de l\u00edquid electr\u00f2nic podria estar subjecte a un impost de <strong>0,03 \u20ac\/ml<\/strong> per a l\u00edquids de fins a 15 mg\/ml de nicotina, i <strong>de 0,05 \u20ac\/ml per a l\u00edquids<\/strong> superiors a aquesta xifra.<br\/> En altres paraules: una ampolla de 50 ml veur\u00e0 augmentar el seu preu d&#8217;1,50 \u20ac a 2,50 \u20ac, cosa que reduir\u00e0 gradualment la difer\u00e8ncia de cost entre el vapeig i els cigarrets tradicionals.<br\/> Les autoritats justifiquen aquest impost en nom de <strong>la salut p\u00fablica<\/strong> i l&#8217;harmonitzaci\u00f3 fiscal. Per\u00f2 els professionals del vapeig ho veuen com una barrera per a l&#8217;acc\u00e9s a una alternativa menys nociva per als fumadors.   <\/p>\n\n<div style=\"height:25px\" aria-hidden=\"true\" class=\"wp-block-spacer\"><\/div>\n\n<h2 class=\"wp-block-heading\">La prohibici\u00f3 de les vendes en l\u00ednia i l&#8217;aprovaci\u00f3 obligat\u00f2ria<\/h2>\n\n<p>En paral\u00b7lel, l&#8217;article L. 3513-18-4 del Codi de Salut P\u00fablica, tal com es proposa, prohibeix la venda a dist\u00e0ncia de l\u00edquids electr\u00f2nics a particulars.<br\/> La conseq\u00fc\u00e8ncia \u00e9s directa: les botigues en l\u00ednia queden completament excloses del mercat i nom\u00e9s s\u00f3n possibles les vendes f\u00edsiques, per\u00f2 dins d&#8217;un marc extremadament restringit.<br\/> A m\u00e9s, l&#8217;article L. 3513-18-2 estipula que nom\u00e9s un establiment autoritzat, o estancs, poden vendre aquests productes, despr\u00e9s de la verificaci\u00f3 de la formaci\u00f3, els recursos materials i la recaptaci\u00f3 dels impostos especials.  <\/p>\n\n<div style=\"height:25px\" aria-hidden=\"true\" class=\"wp-block-spacer\"><\/div>\n\n<h2 class=\"wp-block-heading\">Quin impacte tindr\u00e0 aix\u00f2 en les botigues especialitzades?<\/h2>\n\n<p>Per a les botigues de vape, ja siguin independents o que formin part d&#8217;una xarxa, aquest \u00e9s un cop dur.<\/p>\n\n<ul class=\"wp-block-list\">\n<li>Molts depenen en gran mesura de les vendes en l\u00ednia: aix\u00f2 \u00e9s una p\u00e8rdua important.<\/li>\n\n\n\n<li>L&#8217;acreditaci\u00f3 comporta costos: programari espec\u00edfic, seguiment administratiu, formaci\u00f3\u2026<\/li>\n\n\n\n<li>El risc de tancament o conversi\u00f3 \u00e9s real.  <\/li>\n<\/ul>\n\n<div style=\"height:25px\" aria-hidden=\"true\" class=\"wp-block-spacer\"><\/div>\n\n<h2 class=\"wp-block-heading\">Un benefici indirecte per als estancs?<\/h2>\n\n<p>Amb aquesta reforma, els estancs podrien convertir-se en <strong>els \u00fanics venedors f\u00edsics majoritaris<\/strong> de l\u00edquids electr\u00f2nics.<br\/> En algunes zones rurals o poc poblades, aix\u00f2 equival a gaireb\u00e9 l&#8217;exclusivitat.<br\/> Per\u00f2 els estancs no sempre tenen les habilitats o el suport que ofereix un professional del vapeig. El risc: una disminuci\u00f3 dels productes de vapeig especialitzats, una reducci\u00f3 del suport t\u00e8cnic i, per a alguns exfumadors, un retorn als cigarrets tradicionals. <\/p>\n\n<div style=\"height:25px\" aria-hidden=\"true\" class=\"wp-block-spacer\"><\/div>\n\n<h2 class=\"wp-block-heading\">Una estafa governamental dirigida als vapeadors?<\/h2>\n\n<p>Aquesta \u00e9s la visi\u00f3 que comparteixen molts actors del sector.<br\/> La declarada benevol\u00e8ncia en la reducci\u00f3 de danys es veu obstaculitzada per uns impostos elevats i una distribuci\u00f3 restringida, que poden emp\u00e8nyer els consumidors cap als canals paral\u00b7lels o el tabac.<br\/> En aquest context, podem parlar leg\u00edtimament d&#8217;un <strong>canvi en les regles del joc<\/strong> , que beneficia poc els vapers.<\/p>\n\n<div style=\"height:25px\" aria-hidden=\"true\" class=\"wp-block-spacer\"><\/div>\n\n<h2 class=\"wp-block-heading\">I qu\u00e8 passa amb el fumador que realment vol deixar de fumar?<\/h2>\n\n<p>Vapejar s&#8217;ha considerat durant molt de temps una eina per deixar de fumar. Aquestes mesures menyscaben aquest paper.<br\/> Per\u00f2 hi ha un altre enfocament complementari: <strong><a href=\"https:\/\/www.mylasertabac.com\/ca\/\">la reflexologia auricular l\u00e0ser<\/a><\/strong> .<br\/> Aqu\u00ed \u00e9s on entra en joc <a href=\"https:\/\/www.mylasertabac.com\/ca\/\">MyLaserTabac<\/a> .<br\/> Aquest m\u00e8tode suau actua directament sobre els mecanismes d&#8217;addicci\u00f3, mitjan\u00e7ant l&#8217;estimulaci\u00f3 l\u00e0ser aplicada a l&#8217;orella. Ajuda a superar la necessitat de fumar, reduir l&#8217;estr\u00e8s associat a deixar de fumar i facilitar un veritable descans amb el tabac.<br\/> Per a aquells que veuen el vapeig o els seus substituts com una alternativa imperfecta, o temen tornar a h\u00e0bits anteriors, aquesta soluci\u00f3 representa una <strong>oportunitat real per deixar-ho definitivament<\/strong> .  <\/p>\n\n<div style=\"height:25px\" aria-hidden=\"true\" class=\"wp-block-spacer\"><\/div>\n\n<h2 class=\"wp-block-heading\">Conclusi\u00f3<\/h2>\n\n<p>La reforma anunciada per al 2026 est\u00e0 remodelant profundament el panorama del vapeig a Fran\u00e7a. Forts impostos, prohibici\u00f3 de les vendes en l\u00ednia i restriccions a la distribuci\u00f3: les conseq\u00fc\u00e8ncies s\u00f3n nombroses i sovint desfavorables per als usuaris.<br\/> Si fas servir el vaping com a forma de deixar de fumar, no oblidis que hi ha altres m\u00e8todes.<br\/> I si voleu anar m\u00e9s enll\u00e0, triar un enfocament estructurat, personalitzat i orientat a la llibertat, el m\u00e8tode l\u00e0ser antitabac MyLaserTabac us pot ajudar. <\/p>\n\n<div style=\"height:25px\" aria-hidden=\"true\" class=\"wp-block-spacer\"><\/div>\n\n<figure class=\"wp-block-image size-large\"><img decoding=\"async\" src=\"https:\/\/www.mylasertabac.com\/wp-content\/uploads\/\/mlt-verteau.svg\" alt=\"\" class=\"wp-image-13\"\/><\/figure>\n","protected":false},"excerpt":{"rendered":"<p>El projecte de llei de pressupostos del 2026 pret\u00e9n revolucionar la ind\u00fastria del vapeig a Fran\u00e7a: impostos sobre els l\u00edquids electr\u00f2nics, prohibici\u00f3 de les vendes en l\u00ednia i llic\u00e8ncies obligat\u00f2ries per a les botigues. Aquesta s\u00e8rie de mesures amena\u00e7a tot un sector de la reducci\u00f3 de danys. Un nou impost sobre els l\u00edquids electr\u00f2nics A [&hellip;]<\/p>\n","protected":false},"author":2,"featured_media":19063,"comment_status":"closed","ping_status":"open","sticky":false,"template":"","format":"standard","meta":{"inline_featured_image":false,"footnotes":""},"categories":[681],"tags":[],"class_list":["post-19051","post","type-post","status-publish","format-standard","has-post-thumbnail","hentry","category-noticies"],"yoast_head":"<!-- This site is optimized with the Yoast SEO plugin v27.5 - https:\/\/yoast.com\/product\/yoast-seo-wordpress\/ -->\n<title>Fiscalitat dels l\u00edquids electr\u00f2nics i tancament de botigues especialitzades: un punt d&#039;inflexi\u00f3 per al vaping - My Laser Tabac<\/title>\n<meta name=\"description\" content=\"Descobreix com el nou impost sobre el vapeig i l&#039;article 26 estan pertorbant les vendes de l\u00edquids electr\u00f2nics a Fran\u00e7a.\" \/>\n<meta name=\"robots\" content=\"index, follow, max-snippet:-1, max-image-preview:large, max-video-preview:-1\" \/>\n<link rel=\"canonical\" href=\"https:\/\/www.mylasertabac.com\/ca\/fiscalitat-dels-liquids-electronics-i-tancament-de-botigues-especialitzades-un-punt-dinflexio-per-al-vaping\/\" \/>\n<meta property=\"og:locale\" content=\"ca_ES\" \/>\n<meta property=\"og:type\" content=\"article\" \/>\n<meta property=\"og:title\" content=\"Fiscalitat dels l\u00edquids electr\u00f2nics i tancament de botigues especialitzades: un punt d&#039;inflexi\u00f3 per al vaping - My Laser Tabac\" \/>\n<meta property=\"og:description\" content=\"Descobreix com el nou impost sobre el vapeig i l&#039;article 26 estan pertorbant les vendes de l\u00edquids electr\u00f2nics a Fran\u00e7a.\" \/>\n<meta property=\"og:url\" content=\"https:\/\/www.mylasertabac.com\/ca\/fiscalitat-dels-liquids-electronics-i-tancament-de-botigues-especialitzades-un-punt-dinflexio-per-al-vaping\/\" \/>\n<meta property=\"og:site_name\" content=\"My Laser Tabac\" \/>\n<meta property=\"article:author\" content=\"https:\/\/www.facebook.com\/profile.php?id=61571554707319\" \/>\n<meta property=\"article:published_time\" content=\"2025-10-29T08:37:20+00:00\" \/>\n<meta property=\"article:modified_time\" content=\"2025-10-29T16:55:45+00:00\" \/>\n<meta property=\"og:image\" content=\"https:\/\/www.mylasertabac.com\/wp-content\/uploads\/2025\/10\/la-nouvelle-taxe-sur-les-e-liquide-et-linterdiction-de-vendre-hors-tabac-1024x683.png\" \/>\n\t<meta property=\"og:image:width\" content=\"1024\" \/>\n\t<meta property=\"og:image:height\" content=\"683\" \/>\n\t<meta property=\"og:image:type\" content=\"image\/png\" \/>\n<meta name=\"author\" content=\"Florian Fortes\" \/>\n<meta name=\"twitter:card\" content=\"summary_large_image\" \/>\n<meta name=\"twitter:label1\" content=\"Escrit per\" \/>\n\t<meta name=\"twitter:data1\" content=\"Florian Fortes\" \/>\n\t<meta name=\"twitter:label2\" content=\"Temps estimat de lectura\" \/>\n\t<meta name=\"twitter:data2\" content=\"4 minuts\" \/>\n<script type=\"application\/ld+json\" class=\"yoast-schema-graph\">{\"@context\":\"https:\\\/\\\/schema.org\",\"@graph\":[{\"@type\":\"Article\",\"@id\":\"https:\\\/\\\/www.mylasertabac.com\\\/ca\\\/fiscalitat-dels-liquids-electronics-i-tancament-de-botigues-especialitzades-un-punt-dinflexio-per-al-vaping\\\/#article\",\"isPartOf\":{\"@id\":\"https:\\\/\\\/www.mylasertabac.com\\\/ca\\\/fiscalitat-dels-liquids-electronics-i-tancament-de-botigues-especialitzades-un-punt-dinflexio-per-al-vaping\\\/\"},\"author\":{\"name\":\"Florian Fortes\",\"@id\":\"https:\\\/\\\/www.mylasertabac.com\\\/ca\\\/#\\\/schema\\\/person\\\/02c249cb76d912efb6c315ec23eccdf3\"},\"headline\":\"Fiscalitat dels l\u00edquids electr\u00f2nics i tancament de botigues especialitzades: un punt d&#8217;inflexi\u00f3 per al vaping\",\"datePublished\":\"2025-10-29T08:37:20+00:00\",\"dateModified\":\"2025-10-29T16:55:45+00:00\",\"mainEntityOfPage\":{\"@id\":\"https:\\\/\\\/www.mylasertabac.com\\\/ca\\\/fiscalitat-dels-liquids-electronics-i-tancament-de-botigues-especialitzades-un-punt-dinflexio-per-al-vaping\\\/\"},\"wordCount\":736,\"publisher\":{\"@id\":\"https:\\\/\\\/www.mylasertabac.com\\\/ca\\\/#organization\"},\"image\":{\"@id\":\"https:\\\/\\\/www.mylasertabac.com\\\/ca\\\/fiscalitat-dels-liquids-electronics-i-tancament-de-botigues-especialitzades-un-punt-dinflexio-per-al-vaping\\\/#primaryimage\"},\"thumbnailUrl\":\"https:\\\/\\\/www.mylasertabac.com\\\/wp-content\\\/uploads\\\/2025\\\/10\\\/la-nouvelle-taxe-sur-les-e-liquide-et-linterdiction-de-vendre-hors-tabac.png\",\"articleSection\":[\"not\u00edcies\"],\"inLanguage\":\"ca\"},{\"@type\":\"WebPage\",\"@id\":\"https:\\\/\\\/www.mylasertabac.com\\\/ca\\\/fiscalitat-dels-liquids-electronics-i-tancament-de-botigues-especialitzades-un-punt-dinflexio-per-al-vaping\\\/\",\"url\":\"https:\\\/\\\/www.mylasertabac.com\\\/ca\\\/fiscalitat-dels-liquids-electronics-i-tancament-de-botigues-especialitzades-un-punt-dinflexio-per-al-vaping\\\/\",\"name\":\"Fiscalitat dels l\u00edquids electr\u00f2nics i tancament de botigues especialitzades: un punt d'inflexi\u00f3 per al vaping - My Laser Tabac\",\"isPartOf\":{\"@id\":\"https:\\\/\\\/www.mylasertabac.com\\\/ca\\\/#website\"},\"primaryImageOfPage\":{\"@id\":\"https:\\\/\\\/www.mylasertabac.com\\\/ca\\\/fiscalitat-dels-liquids-electronics-i-tancament-de-botigues-especialitzades-un-punt-dinflexio-per-al-vaping\\\/#primaryimage\"},\"image\":{\"@id\":\"https:\\\/\\\/www.mylasertabac.com\\\/ca\\\/fiscalitat-dels-liquids-electronics-i-tancament-de-botigues-especialitzades-un-punt-dinflexio-per-al-vaping\\\/#primaryimage\"},\"thumbnailUrl\":\"https:\\\/\\\/www.mylasertabac.com\\\/wp-content\\\/uploads\\\/2025\\\/10\\\/la-nouvelle-taxe-sur-les-e-liquide-et-linterdiction-de-vendre-hors-tabac.png\",\"datePublished\":\"2025-10-29T08:37:20+00:00\",\"dateModified\":\"2025-10-29T16:55:45+00:00\",\"description\":\"Descobreix com el nou impost sobre el vapeig i l'article 26 estan pertorbant les vendes de l\u00edquids electr\u00f2nics a Fran\u00e7a.\",\"breadcrumb\":{\"@id\":\"https:\\\/\\\/www.mylasertabac.com\\\/ca\\\/fiscalitat-dels-liquids-electronics-i-tancament-de-botigues-especialitzades-un-punt-dinflexio-per-al-vaping\\\/#breadcrumb\"},\"inLanguage\":\"ca\",\"potentialAction\":[{\"@type\":\"ReadAction\",\"target\":[\"https:\\\/\\\/www.mylasertabac.com\\\/ca\\\/fiscalitat-dels-liquids-electronics-i-tancament-de-botigues-especialitzades-un-punt-dinflexio-per-al-vaping\\\/\"]}]},{\"@type\":\"ImageObject\",\"inLanguage\":\"ca\",\"@id\":\"https:\\\/\\\/www.mylasertabac.com\\\/ca\\\/fiscalitat-dels-liquids-electronics-i-tancament-de-botigues-especialitzades-un-punt-dinflexio-per-al-vaping\\\/#primaryimage\",\"url\":\"https:\\\/\\\/www.mylasertabac.com\\\/wp-content\\\/uploads\\\/2025\\\/10\\\/la-nouvelle-taxe-sur-les-e-liquide-et-linterdiction-de-vendre-hors-tabac.png\",\"contentUrl\":\"https:\\\/\\\/www.mylasertabac.com\\\/wp-content\\\/uploads\\\/2025\\\/10\\\/la-nouvelle-taxe-sur-les-e-liquide-et-linterdiction-de-vendre-hors-tabac.png\",\"width\":1536,\"height\":1024},{\"@type\":\"BreadcrumbList\",\"@id\":\"https:\\\/\\\/www.mylasertabac.com\\\/ca\\\/fiscalitat-dels-liquids-electronics-i-tancament-de-botigues-especialitzades-un-punt-dinflexio-per-al-vaping\\\/#breadcrumb\",\"itemListElement\":[{\"@type\":\"ListItem\",\"position\":1,\"name\":\"Accueil\",\"item\":\"https:\\\/\\\/www.mylasertabac.com\\\/ca\\\/benvingut\\\/\"},{\"@type\":\"ListItem\",\"position\":2,\"name\":\"Fiscalitat dels l\u00edquids electr\u00f2nics i tancament de botigues especialitzades: un punt d&#8217;inflexi\u00f3 per al vaping\"}]},{\"@type\":\"WebSite\",\"@id\":\"https:\\\/\\\/www.mylasertabac.com\\\/ca\\\/#website\",\"url\":\"https:\\\/\\\/www.mylasertabac.com\\\/ca\\\/\",\"name\":\"My Laser Tabac\",\"description\":\"La solution laser qui transforme les fumeurs en ex-fumeurs\",\"publisher\":{\"@id\":\"https:\\\/\\\/www.mylasertabac.com\\\/ca\\\/#organization\"},\"potentialAction\":[{\"@type\":\"SearchAction\",\"target\":{\"@type\":\"EntryPoint\",\"urlTemplate\":\"https:\\\/\\\/www.mylasertabac.com\\\/ca\\\/?s={search_term_string}\"},\"query-input\":{\"@type\":\"PropertyValueSpecification\",\"valueRequired\":true,\"valueName\":\"search_term_string\"}}],\"inLanguage\":\"ca\"},{\"@type\":\"Organization\",\"@id\":\"https:\\\/\\\/www.mylasertabac.com\\\/ca\\\/#organization\",\"name\":\"My Laser Tabac\",\"url\":\"https:\\\/\\\/www.mylasertabac.com\\\/ca\\\/\",\"logo\":{\"@type\":\"ImageObject\",\"inLanguage\":\"ca\",\"@id\":\"https:\\\/\\\/www.mylasertabac.com\\\/ca\\\/#\\\/schema\\\/logo\\\/image\\\/\",\"url\":\"https:\\\/\\\/www.mylasertabac.com\\\/wp-content\\\/uploads\\\/2024\\\/12\\\/mlt-verteau.svg\",\"contentUrl\":\"https:\\\/\\\/www.mylasertabac.com\\\/wp-content\\\/uploads\\\/2024\\\/12\\\/mlt-verteau.svg\",\"caption\":\"My Laser Tabac\"},\"image\":{\"@id\":\"https:\\\/\\\/www.mylasertabac.com\\\/ca\\\/#\\\/schema\\\/logo\\\/image\\\/\"}},{\"@type\":\"Person\",\"@id\":\"https:\\\/\\\/www.mylasertabac.com\\\/ca\\\/#\\\/schema\\\/person\\\/02c249cb76d912efb6c315ec23eccdf3\",\"name\":\"Florian Fortes\",\"image\":{\"@type\":\"ImageObject\",\"inLanguage\":\"ca\",\"@id\":\"https:\\\/\\\/www.mylasertabac.com\\\/wp-content\\\/litespeed\\\/avatar\\\/142101a71d7b9e6490c1120d9c109a67.jpg?ver=1776856306\",\"url\":\"https:\\\/\\\/www.mylasertabac.com\\\/wp-content\\\/litespeed\\\/avatar\\\/142101a71d7b9e6490c1120d9c109a67.jpg?ver=1776856306\",\"contentUrl\":\"https:\\\/\\\/www.mylasertabac.com\\\/wp-content\\\/litespeed\\\/avatar\\\/142101a71d7b9e6490c1120d9c109a67.jpg?ver=1776856306\",\"caption\":\"Florian Fortes\"},\"sameAs\":[\"https:\\\/\\\/www.mylasertabac.com\",\"https:\\\/\\\/www.facebook.com\\\/profile.php?id=61571554707319\"],\"url\":\"https:\\\/\\\/www.mylasertabac.com\\\/ca\\\/author\\\/florianfortes5312\\\/\"}]}<\/script>\n<!-- \/ Yoast SEO plugin. -->","yoast_head_json":{"title":"Fiscalitat dels l\u00edquids electr\u00f2nics i tancament de botigues especialitzades: un punt d'inflexi\u00f3 per al vaping - My Laser Tabac","description":"Descobreix com el nou impost sobre el vapeig i l'article 26 estan pertorbant les vendes de l\u00edquids electr\u00f2nics a Fran\u00e7a.","robots":{"index":"index","follow":"follow","max-snippet":"max-snippet:-1","max-image-preview":"max-image-preview:large","max-video-preview":"max-video-preview:-1"},"canonical":"https:\/\/www.mylasertabac.com\/ca\/fiscalitat-dels-liquids-electronics-i-tancament-de-botigues-especialitzades-un-punt-dinflexio-per-al-vaping\/","og_locale":"ca_ES","og_type":"article","og_title":"Fiscalitat dels l\u00edquids electr\u00f2nics i tancament de botigues especialitzades: un punt d'inflexi\u00f3 per al vaping - My Laser Tabac","og_description":"Descobreix com el nou impost sobre el vapeig i l'article 26 estan pertorbant les vendes de l\u00edquids electr\u00f2nics a Fran\u00e7a.","og_url":"https:\/\/www.mylasertabac.com\/ca\/fiscalitat-dels-liquids-electronics-i-tancament-de-botigues-especialitzades-un-punt-dinflexio-per-al-vaping\/","og_site_name":"My Laser Tabac","article_author":"https:\/\/www.facebook.com\/profile.php?id=61571554707319","article_published_time":"2025-10-29T08:37:20+00:00","article_modified_time":"2025-10-29T16:55:45+00:00","og_image":[{"width":1024,"height":683,"url":"https:\/\/www.mylasertabac.com\/wp-content\/uploads\/2025\/10\/la-nouvelle-taxe-sur-les-e-liquide-et-linterdiction-de-vendre-hors-tabac-1024x683.png","type":"image\/png"}],"author":"Florian Fortes","twitter_card":"summary_large_image","twitter_misc":{"Escrit per":"Florian Fortes","Temps estimat de lectura":"4 minuts"},"schema":{"@context":"https:\/\/schema.org","@graph":[{"@type":"Article","@id":"https:\/\/www.mylasertabac.com\/ca\/fiscalitat-dels-liquids-electronics-i-tancament-de-botigues-especialitzades-un-punt-dinflexio-per-al-vaping\/#article","isPartOf":{"@id":"https:\/\/www.mylasertabac.com\/ca\/fiscalitat-dels-liquids-electronics-i-tancament-de-botigues-especialitzades-un-punt-dinflexio-per-al-vaping\/"},"author":{"name":"Florian Fortes","@id":"https:\/\/www.mylasertabac.com\/ca\/#\/schema\/person\/02c249cb76d912efb6c315ec23eccdf3"},"headline":"Fiscalitat dels l\u00edquids electr\u00f2nics i tancament de botigues especialitzades: un punt d&#8217;inflexi\u00f3 per al vaping","datePublished":"2025-10-29T08:37:20+00:00","dateModified":"2025-10-29T16:55:45+00:00","mainEntityOfPage":{"@id":"https:\/\/www.mylasertabac.com\/ca\/fiscalitat-dels-liquids-electronics-i-tancament-de-botigues-especialitzades-un-punt-dinflexio-per-al-vaping\/"},"wordCount":736,"publisher":{"@id":"https:\/\/www.mylasertabac.com\/ca\/#organization"},"image":{"@id":"https:\/\/www.mylasertabac.com\/ca\/fiscalitat-dels-liquids-electronics-i-tancament-de-botigues-especialitzades-un-punt-dinflexio-per-al-vaping\/#primaryimage"},"thumbnailUrl":"https:\/\/www.mylasertabac.com\/wp-content\/uploads\/2025\/10\/la-nouvelle-taxe-sur-les-e-liquide-et-linterdiction-de-vendre-hors-tabac.png","articleSection":["not\u00edcies"],"inLanguage":"ca"},{"@type":"WebPage","@id":"https:\/\/www.mylasertabac.com\/ca\/fiscalitat-dels-liquids-electronics-i-tancament-de-botigues-especialitzades-un-punt-dinflexio-per-al-vaping\/","url":"https:\/\/www.mylasertabac.com\/ca\/fiscalitat-dels-liquids-electronics-i-tancament-de-botigues-especialitzades-un-punt-dinflexio-per-al-vaping\/","name":"Fiscalitat dels l\u00edquids electr\u00f2nics i tancament de botigues especialitzades: un punt d'inflexi\u00f3 per al vaping - My Laser Tabac","isPartOf":{"@id":"https:\/\/www.mylasertabac.com\/ca\/#website"},"primaryImageOfPage":{"@id":"https:\/\/www.mylasertabac.com\/ca\/fiscalitat-dels-liquids-electronics-i-tancament-de-botigues-especialitzades-un-punt-dinflexio-per-al-vaping\/#primaryimage"},"image":{"@id":"https:\/\/www.mylasertabac.com\/ca\/fiscalitat-dels-liquids-electronics-i-tancament-de-botigues-especialitzades-un-punt-dinflexio-per-al-vaping\/#primaryimage"},"thumbnailUrl":"https:\/\/www.mylasertabac.com\/wp-content\/uploads\/2025\/10\/la-nouvelle-taxe-sur-les-e-liquide-et-linterdiction-de-vendre-hors-tabac.png","datePublished":"2025-10-29T08:37:20+00:00","dateModified":"2025-10-29T16:55:45+00:00","description":"Descobreix com el nou impost sobre el vapeig i l'article 26 estan pertorbant les vendes de l\u00edquids electr\u00f2nics a Fran\u00e7a.","breadcrumb":{"@id":"https:\/\/www.mylasertabac.com\/ca\/fiscalitat-dels-liquids-electronics-i-tancament-de-botigues-especialitzades-un-punt-dinflexio-per-al-vaping\/#breadcrumb"},"inLanguage":"ca","potentialAction":[{"@type":"ReadAction","target":["https:\/\/www.mylasertabac.com\/ca\/fiscalitat-dels-liquids-electronics-i-tancament-de-botigues-especialitzades-un-punt-dinflexio-per-al-vaping\/"]}]},{"@type":"ImageObject","inLanguage":"ca","@id":"https:\/\/www.mylasertabac.com\/ca\/fiscalitat-dels-liquids-electronics-i-tancament-de-botigues-especialitzades-un-punt-dinflexio-per-al-vaping\/#primaryimage","url":"https:\/\/www.mylasertabac.com\/wp-content\/uploads\/2025\/10\/la-nouvelle-taxe-sur-les-e-liquide-et-linterdiction-de-vendre-hors-tabac.png","contentUrl":"https:\/\/www.mylasertabac.com\/wp-content\/uploads\/2025\/10\/la-nouvelle-taxe-sur-les-e-liquide-et-linterdiction-de-vendre-hors-tabac.png","width":1536,"height":1024},{"@type":"BreadcrumbList","@id":"https:\/\/www.mylasertabac.com\/ca\/fiscalitat-dels-liquids-electronics-i-tancament-de-botigues-especialitzades-un-punt-dinflexio-per-al-vaping\/#breadcrumb","itemListElement":[{"@type":"ListItem","position":1,"name":"Accueil","item":"https:\/\/www.mylasertabac.com\/ca\/benvingut\/"},{"@type":"ListItem","position":2,"name":"Fiscalitat dels l\u00edquids electr\u00f2nics i tancament de botigues especialitzades: un punt d&#8217;inflexi\u00f3 per al vaping"}]},{"@type":"WebSite","@id":"https:\/\/www.mylasertabac.com\/ca\/#website","url":"https:\/\/www.mylasertabac.com\/ca\/","name":"My Laser Tabac","description":"La solution laser qui transforme les fumeurs en ex-fumeurs","publisher":{"@id":"https:\/\/www.mylasertabac.com\/ca\/#organization"},"potentialAction":[{"@type":"SearchAction","target":{"@type":"EntryPoint","urlTemplate":"https:\/\/www.mylasertabac.com\/ca\/?s={search_term_string}"},"query-input":{"@type":"PropertyValueSpecification","valueRequired":true,"valueName":"search_term_string"}}],"inLanguage":"ca"},{"@type":"Organization","@id":"https:\/\/www.mylasertabac.com\/ca\/#organization","name":"My Laser Tabac","url":"https:\/\/www.mylasertabac.com\/ca\/","logo":{"@type":"ImageObject","inLanguage":"ca","@id":"https:\/\/www.mylasertabac.com\/ca\/#\/schema\/logo\/image\/","url":"https:\/\/www.mylasertabac.com\/wp-content\/uploads\/2024\/12\/mlt-verteau.svg","contentUrl":"https:\/\/www.mylasertabac.com\/wp-content\/uploads\/2024\/12\/mlt-verteau.svg","caption":"My Laser Tabac"},"image":{"@id":"https:\/\/www.mylasertabac.com\/ca\/#\/schema\/logo\/image\/"}},{"@type":"Person","@id":"https:\/\/www.mylasertabac.com\/ca\/#\/schema\/person\/02c249cb76d912efb6c315ec23eccdf3","name":"Florian Fortes","image":{"@type":"ImageObject","inLanguage":"ca","@id":"https:\/\/www.mylasertabac.com\/wp-content\/litespeed\/avatar\/142101a71d7b9e6490c1120d9c109a67.jpg?ver=1776856306","url":"https:\/\/www.mylasertabac.com\/wp-content\/litespeed\/avatar\/142101a71d7b9e6490c1120d9c109a67.jpg?ver=1776856306","contentUrl":"https:\/\/www.mylasertabac.com\/wp-content\/litespeed\/avatar\/142101a71d7b9e6490c1120d9c109a67.jpg?ver=1776856306","caption":"Florian Fortes"},"sameAs":["https:\/\/www.mylasertabac.com","https:\/\/www.facebook.com\/profile.php?id=61571554707319"],"url":"https:\/\/www.mylasertabac.com\/ca\/author\/florianfortes5312\/"}]}},"_links":{"self":[{"href":"https:\/\/www.mylasertabac.com\/ca\/wp-json\/wp\/v2\/posts\/19051","targetHints":{"allow":["GET"]}}],"collection":[{"href":"https:\/\/www.mylasertabac.com\/ca\/wp-json\/wp\/v2\/posts"}],"about":[{"href":"https:\/\/www.mylasertabac.com\/ca\/wp-json\/wp\/v2\/types\/post"}],"author":[{"embeddable":true,"href":"https:\/\/www.mylasertabac.com\/ca\/wp-json\/wp\/v2\/users\/2"}],"replies":[{"embeddable":true,"href":"https:\/\/www.mylasertabac.com\/ca\/wp-json\/wp\/v2\/comments?post=19051"}],"version-history":[{"count":2,"href":"https:\/\/www.mylasertabac.com\/ca\/wp-json\/wp\/v2\/posts\/19051\/revisions"}],"predecessor-version":[{"id":19078,"href":"https:\/\/www.mylasertabac.com\/ca\/wp-json\/wp\/v2\/posts\/19051\/revisions\/19078"}],"wp:featuredmedia":[{"embeddable":true,"href":"https:\/\/www.mylasertabac.com\/ca\/wp-json\/wp\/v2\/media\/19063"}],"wp:attachment":[{"href":"https:\/\/www.mylasertabac.com\/ca\/wp-json\/wp\/v2\/media?parent=19051"}],"wp:term":[{"taxonomy":"category","embeddable":true,"href":"https:\/\/www.mylasertabac.com\/ca\/wp-json\/wp\/v2\/categories?post=19051"},{"taxonomy":"post_tag","embeddable":true,"href":"https:\/\/www.mylasertabac.com\/ca\/wp-json\/wp\/v2\/tags?post=19051"}],"curies":[{"name":"wp","href":"https:\/\/api.w.org\/{rel}","templated":true}]}}