{"id":19137,"date":"2025-10-30T10:05:51","date_gmt":"2025-10-30T09:05:51","guid":{"rendered":"https:\/\/www.mylasertabac.com\/preus-dels-cigarrets-a-turquia-el-2025-quant-costa-realment-fumar-a-istanbul\/"},"modified":"2025-10-30T10:18:36","modified_gmt":"2025-10-30T09:18:36","slug":"preus-dels-cigarrets-a-turquia-el-2025-quant-costa-realment-fumar-a-istanbul","status":"publish","type":"post","link":"https:\/\/www.mylasertabac.com\/ca\/preus-dels-cigarrets-a-turquia-el-2025-quant-costa-realment-fumar-a-istanbul\/","title":{"rendered":"Preus dels cigarrets a Turquia el 2025: quant costa realment fumar a Istanbul?"},"content":{"rendered":"\n<div style=\"height:18px\" aria-hidden=\"true\" class=\"wp-block-spacer\"><\/div>\n\n<p>El 2025, Turquia continua atraient molts viatgers europeus atrets pel cost de la vida m\u00e9s baix. Per\u00f2 aquesta observaci\u00f3 tamb\u00e9 s&#8217;aplica als&#8230; cigarrets. Malgrat els successius augments de preus, el preu d&#8217;un paquet continua sent significativament m\u00e9s baix que a Fran\u00e7a, Alemanya o It\u00e0lia.<br\/> Doncs, quant costa un paquet de <g id=\"gid_0\">Marlboro<\/g> , <g id=\"gid_1\">Camel<\/g> o <g id=\"gid_2\">Winston<\/g> a Turquia? I, el que \u00e9s m\u00e9s important, quines s\u00f3n les tend\u00e8ncies per als propers anys?   <\/p>\n\n<div style=\"height:20px\" aria-hidden=\"true\" class=\"wp-block-spacer\"><\/div>\n\n<figure class=\"wp-block-image alignleft size-large is-resized\"><a href=\"https:\/\/www.mylasertabac.com\/ca\/els-nostres-centres\/\"><img fetchpriority=\"high\" decoding=\"async\" width=\"1024\" height=\"668\" src=\"https:\/\/www.mylasertabac.com\/wp-content\/uploads\/2025\/08\/tu-veux-arreter-de-fumer-Clique-ici--1024x668.jpg\" alt=\"\" class=\"wp-image-13752\" style=\"width:461px;height:auto\" srcset=\"https:\/\/www.mylasertabac.com\/wp-content\/uploads\/2025\/08\/tu-veux-arreter-de-fumer-Clique-ici--1024x668.jpg 1024w, https:\/\/www.mylasertabac.com\/wp-content\/uploads\/2025\/08\/tu-veux-arreter-de-fumer-Clique-ici--300x196.jpg 300w, https:\/\/www.mylasertabac.com\/wp-content\/uploads\/2025\/08\/tu-veux-arreter-de-fumer-Clique-ici--768x501.jpg 768w, https:\/\/www.mylasertabac.com\/wp-content\/uploads\/2025\/08\/tu-veux-arreter-de-fumer-Clique-ici-.jpg 1206w\" sizes=\"(max-width: 1024px) 100vw, 1024px\" \/><\/a><\/figure>\n\n<h2 class=\"wp-block-heading\">\ud83c\uddf9\ud83c\uddf7 Preus del tabac a Turquia el 2025<\/h2>\n\n<p>El preu dels cigarrets a Turquia el fixa el govern i s&#8217;ajusta regularment mitjan\u00e7ant l&#8217;impost \u00d6TV (impost especial sobre el consum).<br\/> A <strong>l&#8217;octubre de 2025<\/strong> , un paquet de cigarrets costava <strong>entre 80 i 140 lires turques (TRY),<\/strong> depenent de la marca.<br\/> Amb un tipus de canvi mitj\u00e0 d&#8217; <strong>1 \u20ac = 49 TRY<\/strong> , aix\u00f2 equival a entre <strong>1,60 \u20ac i 2,85 \u20ac per paquet<\/strong> .<\/p>\n\n<blockquote class=\"wp-block-quote is-layout-flow wp-block-quote-is-layout-flow\">\n<p>\ud83d\udca1 A tall de comparaci\u00f3, el mateix paquet costa uns <strong>13 \u20ac a Fran\u00e7a<\/strong> o <strong>8 \u20ac a Alemanya<\/strong> .<br\/> Per tant, la difer\u00e8ncia continua sent considerable: gaireb\u00e9 <strong>un -80%<\/strong> en comparaci\u00f3 amb el preu franc\u00e8s.<\/p>\n\n\n\n<div style=\"height:18px\" aria-hidden=\"true\" class=\"wp-block-spacer\"><\/div>\n<\/blockquote>\n\n<h2 class=\"wp-block-heading\">\ud83d\udcca Taula comparativa dels preus dels cigarrets a Turquia (octubre de 2025)<\/h2>\n\n<div style=\"height:18px\" aria-hidden=\"true\" class=\"wp-block-spacer\"><\/div>\n\n<figure class=\"wp-block-table\"><table class=\"has-fixed-layout\"><thead><tr><th>Marca (Europa)<\/th><th>Preu en TRY<\/th><th>Preu en \u20ac (\u2248 1 \u20ac = 49 TRY)<\/th><th>Preu mitj\u00e0 a Fran\u00e7a (\u20ac)<\/th><th>Difer\u00e8ncia entre Fran\u00e7a i Turquia<\/th><\/tr><\/thead><tbody><tr><td>Marlboro Vermell<\/td><td>95<\/td><td>1,94<\/td><td>13,00<\/td><td>-85 %<\/td><\/tr><tr><td>Marlboro Gold<\/td><td>95<\/td><td>1,94<\/td><td>13,00<\/td><td>-85 %<\/td><\/tr><tr><td>Winston Blue<\/td><td>90<\/td><td>1,84<\/td><td>12,00<\/td><td>-85 %<\/td><\/tr><tr><td>Groc camell<\/td><td>88<\/td><td>1,80<\/td><td>12,50<\/td><td>-86 %<\/td><\/tr><tr><td>Blau de Kent<\/td><td>92<\/td><td>1,88<\/td><td>11,50<\/td><td>-84 %<\/td><\/tr><tr><td>Rothmans<\/td><td>86<\/td><td>1,76<\/td><td>11,00<\/td><td>-84 %<\/td><\/tr><tr><td>Chesterfield original<\/td><td>83<\/td><td>1,69<\/td><td>11,00<\/td><td>-85 %<\/td><\/tr><tr><td>Parlament Blau Aigua<\/td><td>105<\/td><td>2,14<\/td><td>14,00<\/td><td>-85 %<\/td><\/tr><tr><td>Davidoff Cl\u00e0ssic<\/td><td>110<\/td><td>2,25<\/td><td>14,50<\/td><td>-84 %<\/td><\/tr><tr><td>Etiqueta Vermella L&amp;M<\/td><td>82<\/td><td>1,67<\/td><td>10,50<\/td><td>-84 %<\/td><\/tr><tr><td>Lucky Strike Blue<\/td><td>90<\/td><td>1,84<\/td><td>12,50<\/td><td>-85 %<\/td><\/tr><tr><td>Vogue Menthol<\/td><td>100<\/td><td>2,04<\/td><td>13,50<\/td><td>-85 %<\/td><\/tr><tr><td>Gauloises marrons<\/td><td>98<\/td><td>2,00<\/td><td>12,80<\/td><td>-84 %<\/td><\/tr><tr><td>Pall Mall Vermell<\/td><td>84<\/td><td>1,71<\/td><td>11,20<\/td><td>-85 %<\/td><\/tr><tr><td>Benson &amp; Hedges Gold<\/td><td>108<\/td><td>2,20<\/td><td>13,80<\/td><td>-84 %<\/td><\/tr><tr><td>Dunhill Blue<\/td><td>112<\/td><td>2,29<\/td><td>14,20<\/td><td>-84 %<\/td><\/tr><tr><td>Plata de Montecarlo<\/td><td>80<\/td><td>1,63<\/td><td>10,00<\/td><td>-84 %<\/td><\/tr><tr><td>Seda tallada porpra<\/td><td>106<\/td><td>2,16<\/td><td>13,50<\/td><td>-84 %<\/td><\/tr><tr><td>Virrei Vermell<\/td><td>78<\/td><td>1,59<\/td><td>10,20<\/td><td>-84 %<\/td><\/tr><tr><td>Philip Morris Silver<\/td><td>94<\/td><td>1,92<\/td><td>13,00<\/td><td>-85 %<\/td><\/tr><\/tbody><\/table><\/figure>\n\n<blockquote class=\"wp-block-quote is-layout-flow wp-block-quote-is-layout-flow\">\n<div style=\"height:18px\" aria-hidden=\"true\" class=\"wp-block-spacer\"><\/div>\n\n\n\n<p>\ud83d\udd39 <strong>Preu mitj\u00e0 a Turquia (2025)<\/strong> : 93 TRY \u2248 <strong>1,90 \u20ac \/ paquet<\/strong><br\/> \ud83d\udd39 <strong>Preu mitj\u00e0 a Fran\u00e7a (2025)<\/strong> : 12,70 \u20ac \/ paquet<br\/> \ud83d\udd39 <strong>Estalvi mitj\u00e0:<\/strong> aproximadament <strong>10,80 \u20ac per paquet<\/strong><\/p>\n<\/blockquote>\n\n<p>Fonts creuades: <em>Combien-coute.net (actualitzat a l&#8217;octubre de 2025), Ministeri del Tresor turc, dades de tabaqueries europees<\/em> .<\/p>\n\n<div style=\"height:18px\" aria-hidden=\"true\" class=\"wp-block-spacer\"><\/div>\n\n<figure class=\"wp-block-table\"><table class=\"has-fixed-layout\"><tbody><tr><td>Llegiu tamb\u00e9:  <a href=\"https:\/\/www.mylasertabac.com\/ca\/uneix-te-a-la-franquicia-laser-anti-tabac-i-beneficiat-dun-concepte-clau-en-ma-rendible\/\"><mark style=\"background-color:rgba(0, 0, 0, 0)\" class=\"has-inline-color has-luminous-vivid-orange-color\">Voleu llan\u00e7ar una franqu\u00edcia en el camp en r\u00e0pid creixement de la cessaci\u00f3 del tabac i l&#8217;addicci\u00f3. Feu clic aqu\u00ed. <\/mark><\/a><\/td><\/tr><\/tbody><\/table><\/figure>\n\n<div style=\"height:18px\" aria-hidden=\"true\" class=\"wp-block-spacer\"><\/div>\n\n<h2 class=\"wp-block-heading\">\ud83d\udcc8 Tend\u00e8ncies de preus a Turquia en els darrers anys<\/h2>\n\n<p>La tend\u00e8ncia es marca per un <strong>augment constant<\/strong> , a causa principalment de l&#8217;impost \u00d6TV i la depreciaci\u00f3 de la lira turca.<\/p>\n\n<ul class=\"wp-block-list\">\n<li><strong>2020<\/strong> : 20 TRY (\u2248 0,50 \u20ac)<\/li>\n\n\n\n<li><strong>2022<\/strong> : 45 TRY (\u2248 1,10 \u20ac)<\/li>\n\n\n\n<li><strong>2023<\/strong> : 65 TRY (\u2248 1,40 \u20ac)<\/li>\n\n\n\n<li><strong>2025<\/strong> : mitjana 93 TRY (\u2248 1,90 \u20ac)<\/li>\n<\/ul>\n\n<p>Aquest augment de m\u00e9s del <strong>360% en 5 anys<\/strong> reflecteix una voluntat pol\u00edtica de <strong>limitar el tabaquisme<\/strong> i, alhora, <strong>fer front a la inflaci\u00f3<\/strong> .<br\/> No obstant aix\u00f2, els cigarrets continuen sent molt m\u00e9s accessibles que a l&#8217;Europa occidental.<\/p>\n\n<div style=\"height:18px\" aria-hidden=\"true\" class=\"wp-block-spacer\"><\/div>\n\n<h2 class=\"wp-block-heading\">\ud83c\udf0d Per qu\u00e8 aquesta discrep\u00e0ncia?<\/h2>\n\n<h3 class=\"wp-block-heading\">\u27a4 El cost de la vida<\/h3>\n\n<p>Turquia t\u00e9 un cost de vida aproximadament <strong>un 60% inferior al de Fran\u00e7a<\/strong> . Els salaris, els lloguers i els preus al consumidor generalment s&#8217;ajusten a la baixa, cosa que mant\u00e9 els preus del tabac atractius tant per als residents com per als turistes. <\/p>\n\n<h3 class=\"wp-block-heading\">\u27a4 Estrat\u00e8gia fiscal<\/h3>\n\n<p>El govern turc est\u00e0 ajustant els seus impostos sense arribar als nivells europeus, perqu\u00e8 <strong>el tabac representa una font important d&#8217;ingressos fiscals<\/strong> .<br\/> Augmentar el preu massa r\u00e0pidament podria alimentar el <strong>mercat negre<\/strong> , que ja \u00e9s present a la frontera amb S\u00edria o Ge\u00f2rgia.<\/p>\n\n<h3 class=\"wp-block-heading\">\u27a4 L&#8217;impacte en la salut<\/h3>\n\n<p>El pa\u00eds t\u00e9 gaireb\u00e9 <strong>15 milions de fumadors<\/strong> , segons l&#8217; <em>Institut d&#8217;Estad\u00edstica de Turquia<\/em> . Les autoritats estan intensificant les campanyes de prevenci\u00f3, per\u00f2 el descens de les vendes continua sent lent. <\/p>\n\n<div style=\"height:18px\" aria-hidden=\"true\" class=\"wp-block-spacer\"><\/div>\n\n<h2 class=\"wp-block-heading\">\ud83d\udcac I ara? Fumar \u00e9s m\u00e9s barat, per\u00f2 durant quant de temps? <\/h2>\n\n<p>Tot i que el paquet continua sent assequible, la tend\u00e8ncia \u00e9s clara: <strong>els preus augmenten cada any<\/strong> .<br\/> I m\u00e9s enll\u00e0 del cost financer, el preu real del tabac \u00e9s el preu de <strong>la salut<\/strong> .<br\/> El tabaquisme continua sent una de les principals causes de c\u00e0ncer i malalties cardiovasculars a Turquia, com a tot arreu.<\/p>\n\n<div style=\"height:18px\" aria-hidden=\"true\" class=\"wp-block-spacer\"><\/div>\n\n<figure class=\"wp-block-table\"><table class=\"has-fixed-layout\"><tbody><tr><td>Llegiu tamb\u00e9: <a href=\"https:\/\/www.mylasertabac.com\/ca\/preus-dels-cigarrets-al-marroc-el-2025-augment-confirmat-i-noves-tarifes-oficials\/\"><mark style=\"background-color:rgba(0, 0, 0, 0)\" class=\"has-inline-color has-luminous-vivid-orange-color\">Quin ser\u00e0 el preu dels paquets de cigarrets al Marroc el 2025?<\/mark><\/a> <\/td><\/tr><\/tbody><\/table><\/figure>\n\n<div style=\"height:18px\" aria-hidden=\"true\" class=\"wp-block-spacer\"><\/div>\n\n<h2 class=\"wp-block-heading\">\ud83c\udf3f Per qu\u00e8 \u00e9s hora de deixar de fumar<\/h2>\n\n<p>Saber el preu d&#8217;un paquet \u00e9s bo.<br\/> Per\u00f2 entendre <strong>quant li costa el tabac al teu cos<\/strong> \u00e9s millor.<br\/> L&#8217;addicci\u00f3 a la nicotina, la p\u00e8rdua d&#8217;energia, l&#8217;estr\u00e8s i la dificultat per respirar no s\u00f3n inevitables.<\/p>\n\n<p>Avui dia, existeixen solucions naturals per <strong>alliberar-se de l&#8217;addicci\u00f3<\/strong> sense patir de s\u00edndrome d&#8217;abstin\u00e8ncia.<br\/> El m\u00e9s efica\u00e7 i suau: <strong>reflexologia auricular l\u00e0ser<\/strong> , desenvolupada i practicada per <strong>MyLaserTabac<\/strong> .<\/p>\n\n<div style=\"height:18px\" aria-hidden=\"true\" class=\"wp-block-spacer\"><\/div>\n\n<h2 class=\"wp-block-heading\">\ud83d\udca1 El m\u00e8tode MyLaserTabac: un m\u00e8tode modern i suau per deixar de fumar<\/h2>\n\n<p>A <strong>MyLaserTabac<\/strong> , utilitzem una t\u00e8cnica innovadora basada en <strong>l&#8217;estimulaci\u00f3 l\u00e0ser dels punts auriculars<\/strong> (zones reflexes de l&#8217;orella).<br\/> Aquest m\u00e8tode actua directament sobre:<\/p>\n\n<ul class=\"wp-block-list\">\n<li>el <strong>cervell de l&#8217;addicci\u00f3<\/strong> ,<\/li>\n\n\n\n<li><strong>gestionar l&#8217;estr\u00e8s i els desitjos<\/strong> ,<\/li>\n\n\n\n<li>i <strong>comportaments relacionats amb les addiccions<\/strong> .<\/li>\n<\/ul>\n\n<div style=\"height:18px\" aria-hidden=\"true\" class=\"wp-block-spacer\"><\/div>\n\n<p>Els nostres professionals acompanyen cada persona a trav\u00e9s d&#8217;un <strong>itinerari personalitzat<\/strong> , adaptat a les seves necessitats:<\/p>\n\n<ul class=\"wp-block-list\">\n<li><strong>Tabac<\/strong> ,<\/li>\n\n\n\n<li><strong>Alcohol<\/strong> ,<\/li>\n\n\n\n<li><strong>Sucre<\/strong> ,<\/li>\n\n\n\n<li><strong>C\u00e0nnabis<\/strong> ,<\/li>\n\n\n\n<li><strong>Estr\u00e8s i ansietat<\/strong> .<\/li>\n<\/ul>\n\n<p>\ud83d\udc49 En nom\u00e9s unes sessions, molts recuperen la calma, l&#8217;energia i la llibertat.<br\/> I sobretot, descobreixen que <strong>viure sense cigarrets<\/strong> significa <strong>viure millor<\/strong> .<\/p>\n\n<div style=\"height:18px\" aria-hidden=\"true\" class=\"wp-block-spacer\"><\/div>\n\n<h2 class=\"wp-block-heading\">\ud83d\ude80 Conclusi\u00f3<\/h2>\n\n<p>El <strong>preu dels cigarrets a Turquia<\/strong> continua sent baix en comparaci\u00f3 amb Fran\u00e7a, per\u00f2 la tend\u00e8ncia \u00e9s a l&#8217;al\u00e7a.<br\/> En lloc de seguir l&#8217;augment, \u00e9s hora de <strong>canviar de rumb<\/strong> .<br\/> Invertir en la teva <strong>salut<\/strong> val mil vegades m\u00e9s que un paquet de cigarretes de 2 euros.<br\/> Reserva una cita avui mateix amb <strong>MyLaserTabac<\/strong> , el m\u00e8tode natural i suau per <strong>dir ad\u00e9u al tabac<\/strong> &#8230; de manera permanent.<\/p>\n\n<div style=\"height:30px\" aria-hidden=\"true\" class=\"wp-block-spacer\"><\/div>\n\n<figure class=\"wp-block-image size-large\"><img decoding=\"async\" src=\"https:\/\/www.mylasertabac.com\/wp-content\/uploads\/\/mlt-verteau.svg\" alt=\"\" class=\"wp-image-13\"\/><\/figure>\n","protected":false},"excerpt":{"rendered":"<p>El 2025, Turquia continua atraient molts viatgers europeus atrets pel cost de la vida m\u00e9s baix. Per\u00f2 aquesta observaci\u00f3 tamb\u00e9 s&#8217;aplica als&#8230; cigarrets. Malgrat els successius augments de preus, el preu d&#8217;un paquet continua sent significativament m\u00e9s baix que a Fran\u00e7a, Alemanya o It\u00e0lia. Doncs, quant costa un paquet de Marlboro , Camel o Winston [&hellip;]<\/p>\n","protected":false},"author":2,"featured_media":19124,"comment_status":"closed","ping_status":"open","sticky":false,"template":"","format":"standard","meta":{"inline_featured_image":false,"footnotes":""},"categories":[681],"tags":[],"class_list":["post-19137","post","type-post","status-publish","format-standard","has-post-thumbnail","hentry","category-noticies"],"yoast_head":"<!-- This site is optimized with the Yoast SEO plugin v27.5 - https:\/\/yoast.com\/product\/yoast-seo-wordpress\/ -->\n<title>Preus dels cigarrets a Turquia el 2025: quant costa realment fumar a Istanbul? - My Laser Tabac<\/title>\n<meta name=\"description\" content=\"Descobreix el preu dels cigarrets a Turquia el 2025 i com deixar de fumar amb el m\u00e8tode MyLaserTabac.\" \/>\n<meta name=\"robots\" content=\"index, follow, max-snippet:-1, max-image-preview:large, max-video-preview:-1\" \/>\n<link rel=\"canonical\" href=\"https:\/\/www.mylasertabac.com\/ca\/preus-dels-cigarrets-a-turquia-el-2025-quant-costa-realment-fumar-a-istanbul\/\" \/>\n<meta property=\"og:locale\" content=\"ca_ES\" \/>\n<meta property=\"og:type\" content=\"article\" \/>\n<meta property=\"og:title\" content=\"Preus dels cigarrets a Turquia el 2025: quant costa realment fumar a Istanbul? - My Laser Tabac\" \/>\n<meta property=\"og:description\" content=\"Descobreix el preu dels cigarrets a Turquia el 2025 i com deixar de fumar amb el m\u00e8tode MyLaserTabac.\" \/>\n<meta property=\"og:url\" content=\"https:\/\/www.mylasertabac.com\/ca\/preus-dels-cigarrets-a-turquia-el-2025-quant-costa-realment-fumar-a-istanbul\/\" \/>\n<meta property=\"og:site_name\" content=\"My Laser Tabac\" \/>\n<meta property=\"article:author\" content=\"https:\/\/www.facebook.com\/profile.php?id=61571554707319\" \/>\n<meta property=\"article:published_time\" content=\"2025-10-30T09:05:51+00:00\" \/>\n<meta property=\"article:modified_time\" content=\"2025-10-30T09:18:36+00:00\" \/>\n<meta property=\"og:image\" content=\"https:\/\/www.mylasertabac.com\/wp-content\/uploads\/2025\/10\/Prix-des-cigarettes-en-Turquie-en-2025-1024x683.png\" \/>\n\t<meta property=\"og:image:width\" content=\"1024\" \/>\n\t<meta property=\"og:image:height\" content=\"683\" \/>\n\t<meta property=\"og:image:type\" content=\"image\/png\" \/>\n<meta name=\"author\" content=\"Florian Fortes\" \/>\n<meta name=\"twitter:card\" content=\"summary_large_image\" \/>\n<meta name=\"twitter:label1\" content=\"Escrit per\" \/>\n\t<meta name=\"twitter:data1\" content=\"Florian Fortes\" \/>\n\t<meta name=\"twitter:label2\" content=\"Temps estimat de lectura\" \/>\n\t<meta name=\"twitter:data2\" content=\"4 minuts\" \/>\n<script type=\"application\/ld+json\" class=\"yoast-schema-graph\">{\"@context\":\"https:\\\/\\\/schema.org\",\"@graph\":[{\"@type\":\"Article\",\"@id\":\"https:\\\/\\\/www.mylasertabac.com\\\/ca\\\/preus-dels-cigarrets-a-turquia-el-2025-quant-costa-realment-fumar-a-istanbul\\\/#article\",\"isPartOf\":{\"@id\":\"https:\\\/\\\/www.mylasertabac.com\\\/ca\\\/preus-dels-cigarrets-a-turquia-el-2025-quant-costa-realment-fumar-a-istanbul\\\/\"},\"author\":{\"name\":\"Florian Fortes\",\"@id\":\"https:\\\/\\\/www.mylasertabac.com\\\/ca\\\/#\\\/schema\\\/person\\\/02c249cb76d912efb6c315ec23eccdf3\"},\"headline\":\"Preus dels cigarrets a Turquia el 2025: quant costa realment fumar a Istanbul?\",\"datePublished\":\"2025-10-30T09:05:51+00:00\",\"dateModified\":\"2025-10-30T09:18:36+00:00\",\"mainEntityOfPage\":{\"@id\":\"https:\\\/\\\/www.mylasertabac.com\\\/ca\\\/preus-dels-cigarrets-a-turquia-el-2025-quant-costa-realment-fumar-a-istanbul\\\/\"},\"wordCount\":918,\"publisher\":{\"@id\":\"https:\\\/\\\/www.mylasertabac.com\\\/ca\\\/#organization\"},\"image\":{\"@id\":\"https:\\\/\\\/www.mylasertabac.com\\\/ca\\\/preus-dels-cigarrets-a-turquia-el-2025-quant-costa-realment-fumar-a-istanbul\\\/#primaryimage\"},\"thumbnailUrl\":\"https:\\\/\\\/www.mylasertabac.com\\\/wp-content\\\/uploads\\\/2025\\\/10\\\/Prix-des-cigarettes-en-Turquie-en-2025.png\",\"articleSection\":[\"not\u00edcies\"],\"inLanguage\":\"ca\"},{\"@type\":\"WebPage\",\"@id\":\"https:\\\/\\\/www.mylasertabac.com\\\/ca\\\/preus-dels-cigarrets-a-turquia-el-2025-quant-costa-realment-fumar-a-istanbul\\\/\",\"url\":\"https:\\\/\\\/www.mylasertabac.com\\\/ca\\\/preus-dels-cigarrets-a-turquia-el-2025-quant-costa-realment-fumar-a-istanbul\\\/\",\"name\":\"Preus dels cigarrets a Turquia el 2025: quant costa realment fumar a Istanbul? - My Laser Tabac\",\"isPartOf\":{\"@id\":\"https:\\\/\\\/www.mylasertabac.com\\\/ca\\\/#website\"},\"primaryImageOfPage\":{\"@id\":\"https:\\\/\\\/www.mylasertabac.com\\\/ca\\\/preus-dels-cigarrets-a-turquia-el-2025-quant-costa-realment-fumar-a-istanbul\\\/#primaryimage\"},\"image\":{\"@id\":\"https:\\\/\\\/www.mylasertabac.com\\\/ca\\\/preus-dels-cigarrets-a-turquia-el-2025-quant-costa-realment-fumar-a-istanbul\\\/#primaryimage\"},\"thumbnailUrl\":\"https:\\\/\\\/www.mylasertabac.com\\\/wp-content\\\/uploads\\\/2025\\\/10\\\/Prix-des-cigarettes-en-Turquie-en-2025.png\",\"datePublished\":\"2025-10-30T09:05:51+00:00\",\"dateModified\":\"2025-10-30T09:18:36+00:00\",\"description\":\"Descobreix el preu dels cigarrets a Turquia el 2025 i com deixar de fumar amb el m\u00e8tode MyLaserTabac.\",\"breadcrumb\":{\"@id\":\"https:\\\/\\\/www.mylasertabac.com\\\/ca\\\/preus-dels-cigarrets-a-turquia-el-2025-quant-costa-realment-fumar-a-istanbul\\\/#breadcrumb\"},\"inLanguage\":\"ca\",\"potentialAction\":[{\"@type\":\"ReadAction\",\"target\":[\"https:\\\/\\\/www.mylasertabac.com\\\/ca\\\/preus-dels-cigarrets-a-turquia-el-2025-quant-costa-realment-fumar-a-istanbul\\\/\"]}]},{\"@type\":\"ImageObject\",\"inLanguage\":\"ca\",\"@id\":\"https:\\\/\\\/www.mylasertabac.com\\\/ca\\\/preus-dels-cigarrets-a-turquia-el-2025-quant-costa-realment-fumar-a-istanbul\\\/#primaryimage\",\"url\":\"https:\\\/\\\/www.mylasertabac.com\\\/wp-content\\\/uploads\\\/2025\\\/10\\\/Prix-des-cigarettes-en-Turquie-en-2025.png\",\"contentUrl\":\"https:\\\/\\\/www.mylasertabac.com\\\/wp-content\\\/uploads\\\/2025\\\/10\\\/Prix-des-cigarettes-en-Turquie-en-2025.png\",\"width\":1536,\"height\":1024},{\"@type\":\"BreadcrumbList\",\"@id\":\"https:\\\/\\\/www.mylasertabac.com\\\/ca\\\/preus-dels-cigarrets-a-turquia-el-2025-quant-costa-realment-fumar-a-istanbul\\\/#breadcrumb\",\"itemListElement\":[{\"@type\":\"ListItem\",\"position\":1,\"name\":\"Accueil\",\"item\":\"https:\\\/\\\/www.mylasertabac.com\\\/ca\\\/benvingut\\\/\"},{\"@type\":\"ListItem\",\"position\":2,\"name\":\"Preus dels cigarrets a Turquia el 2025: quant costa realment fumar a Istanbul?\"}]},{\"@type\":\"WebSite\",\"@id\":\"https:\\\/\\\/www.mylasertabac.com\\\/ca\\\/#website\",\"url\":\"https:\\\/\\\/www.mylasertabac.com\\\/ca\\\/\",\"name\":\"My Laser Tabac\",\"description\":\"La solution laser qui transforme les fumeurs en ex-fumeurs\",\"publisher\":{\"@id\":\"https:\\\/\\\/www.mylasertabac.com\\\/ca\\\/#organization\"},\"potentialAction\":[{\"@type\":\"SearchAction\",\"target\":{\"@type\":\"EntryPoint\",\"urlTemplate\":\"https:\\\/\\\/www.mylasertabac.com\\\/ca\\\/?s={search_term_string}\"},\"query-input\":{\"@type\":\"PropertyValueSpecification\",\"valueRequired\":true,\"valueName\":\"search_term_string\"}}],\"inLanguage\":\"ca\"},{\"@type\":\"Organization\",\"@id\":\"https:\\\/\\\/www.mylasertabac.com\\\/ca\\\/#organization\",\"name\":\"My Laser Tabac\",\"url\":\"https:\\\/\\\/www.mylasertabac.com\\\/ca\\\/\",\"logo\":{\"@type\":\"ImageObject\",\"inLanguage\":\"ca\",\"@id\":\"https:\\\/\\\/www.mylasertabac.com\\\/ca\\\/#\\\/schema\\\/logo\\\/image\\\/\",\"url\":\"https:\\\/\\\/www.mylasertabac.com\\\/wp-content\\\/uploads\\\/2024\\\/12\\\/mlt-verteau.svg\",\"contentUrl\":\"https:\\\/\\\/www.mylasertabac.com\\\/wp-content\\\/uploads\\\/2024\\\/12\\\/mlt-verteau.svg\",\"caption\":\"My Laser Tabac\"},\"image\":{\"@id\":\"https:\\\/\\\/www.mylasertabac.com\\\/ca\\\/#\\\/schema\\\/logo\\\/image\\\/\"}},{\"@type\":\"Person\",\"@id\":\"https:\\\/\\\/www.mylasertabac.com\\\/ca\\\/#\\\/schema\\\/person\\\/02c249cb76d912efb6c315ec23eccdf3\",\"name\":\"Florian Fortes\",\"image\":{\"@type\":\"ImageObject\",\"inLanguage\":\"ca\",\"@id\":\"https:\\\/\\\/www.mylasertabac.com\\\/wp-content\\\/litespeed\\\/avatar\\\/142101a71d7b9e6490c1120d9c109a67.jpg?ver=1777461116\",\"url\":\"https:\\\/\\\/www.mylasertabac.com\\\/wp-content\\\/litespeed\\\/avatar\\\/142101a71d7b9e6490c1120d9c109a67.jpg?ver=1777461116\",\"contentUrl\":\"https:\\\/\\\/www.mylasertabac.com\\\/wp-content\\\/litespeed\\\/avatar\\\/142101a71d7b9e6490c1120d9c109a67.jpg?ver=1777461116\",\"caption\":\"Florian Fortes\"},\"sameAs\":[\"https:\\\/\\\/www.mylasertabac.com\",\"https:\\\/\\\/www.facebook.com\\\/profile.php?id=61571554707319\"],\"url\":\"https:\\\/\\\/www.mylasertabac.com\\\/ca\\\/author\\\/florianfortes5312\\\/\"}]}<\/script>\n<!-- \/ Yoast SEO plugin. -->","yoast_head_json":{"title":"Preus dels cigarrets a Turquia el 2025: quant costa realment fumar a Istanbul? - My Laser Tabac","description":"Descobreix el preu dels cigarrets a Turquia el 2025 i com deixar de fumar amb el m\u00e8tode MyLaserTabac.","robots":{"index":"index","follow":"follow","max-snippet":"max-snippet:-1","max-image-preview":"max-image-preview:large","max-video-preview":"max-video-preview:-1"},"canonical":"https:\/\/www.mylasertabac.com\/ca\/preus-dels-cigarrets-a-turquia-el-2025-quant-costa-realment-fumar-a-istanbul\/","og_locale":"ca_ES","og_type":"article","og_title":"Preus dels cigarrets a Turquia el 2025: quant costa realment fumar a Istanbul? - My Laser Tabac","og_description":"Descobreix el preu dels cigarrets a Turquia el 2025 i com deixar de fumar amb el m\u00e8tode MyLaserTabac.","og_url":"https:\/\/www.mylasertabac.com\/ca\/preus-dels-cigarrets-a-turquia-el-2025-quant-costa-realment-fumar-a-istanbul\/","og_site_name":"My Laser Tabac","article_author":"https:\/\/www.facebook.com\/profile.php?id=61571554707319","article_published_time":"2025-10-30T09:05:51+00:00","article_modified_time":"2025-10-30T09:18:36+00:00","og_image":[{"width":1024,"height":683,"url":"https:\/\/www.mylasertabac.com\/wp-content\/uploads\/2025\/10\/Prix-des-cigarettes-en-Turquie-en-2025-1024x683.png","type":"image\/png"}],"author":"Florian Fortes","twitter_card":"summary_large_image","twitter_misc":{"Escrit per":"Florian Fortes","Temps estimat de lectura":"4 minuts"},"schema":{"@context":"https:\/\/schema.org","@graph":[{"@type":"Article","@id":"https:\/\/www.mylasertabac.com\/ca\/preus-dels-cigarrets-a-turquia-el-2025-quant-costa-realment-fumar-a-istanbul\/#article","isPartOf":{"@id":"https:\/\/www.mylasertabac.com\/ca\/preus-dels-cigarrets-a-turquia-el-2025-quant-costa-realment-fumar-a-istanbul\/"},"author":{"name":"Florian Fortes","@id":"https:\/\/www.mylasertabac.com\/ca\/#\/schema\/person\/02c249cb76d912efb6c315ec23eccdf3"},"headline":"Preus dels cigarrets a Turquia el 2025: quant costa realment fumar a Istanbul?","datePublished":"2025-10-30T09:05:51+00:00","dateModified":"2025-10-30T09:18:36+00:00","mainEntityOfPage":{"@id":"https:\/\/www.mylasertabac.com\/ca\/preus-dels-cigarrets-a-turquia-el-2025-quant-costa-realment-fumar-a-istanbul\/"},"wordCount":918,"publisher":{"@id":"https:\/\/www.mylasertabac.com\/ca\/#organization"},"image":{"@id":"https:\/\/www.mylasertabac.com\/ca\/preus-dels-cigarrets-a-turquia-el-2025-quant-costa-realment-fumar-a-istanbul\/#primaryimage"},"thumbnailUrl":"https:\/\/www.mylasertabac.com\/wp-content\/uploads\/2025\/10\/Prix-des-cigarettes-en-Turquie-en-2025.png","articleSection":["not\u00edcies"],"inLanguage":"ca"},{"@type":"WebPage","@id":"https:\/\/www.mylasertabac.com\/ca\/preus-dels-cigarrets-a-turquia-el-2025-quant-costa-realment-fumar-a-istanbul\/","url":"https:\/\/www.mylasertabac.com\/ca\/preus-dels-cigarrets-a-turquia-el-2025-quant-costa-realment-fumar-a-istanbul\/","name":"Preus dels cigarrets a Turquia el 2025: quant costa realment fumar a Istanbul? - My Laser Tabac","isPartOf":{"@id":"https:\/\/www.mylasertabac.com\/ca\/#website"},"primaryImageOfPage":{"@id":"https:\/\/www.mylasertabac.com\/ca\/preus-dels-cigarrets-a-turquia-el-2025-quant-costa-realment-fumar-a-istanbul\/#primaryimage"},"image":{"@id":"https:\/\/www.mylasertabac.com\/ca\/preus-dels-cigarrets-a-turquia-el-2025-quant-costa-realment-fumar-a-istanbul\/#primaryimage"},"thumbnailUrl":"https:\/\/www.mylasertabac.com\/wp-content\/uploads\/2025\/10\/Prix-des-cigarettes-en-Turquie-en-2025.png","datePublished":"2025-10-30T09:05:51+00:00","dateModified":"2025-10-30T09:18:36+00:00","description":"Descobreix el preu dels cigarrets a Turquia el 2025 i com deixar de fumar amb el m\u00e8tode MyLaserTabac.","breadcrumb":{"@id":"https:\/\/www.mylasertabac.com\/ca\/preus-dels-cigarrets-a-turquia-el-2025-quant-costa-realment-fumar-a-istanbul\/#breadcrumb"},"inLanguage":"ca","potentialAction":[{"@type":"ReadAction","target":["https:\/\/www.mylasertabac.com\/ca\/preus-dels-cigarrets-a-turquia-el-2025-quant-costa-realment-fumar-a-istanbul\/"]}]},{"@type":"ImageObject","inLanguage":"ca","@id":"https:\/\/www.mylasertabac.com\/ca\/preus-dels-cigarrets-a-turquia-el-2025-quant-costa-realment-fumar-a-istanbul\/#primaryimage","url":"https:\/\/www.mylasertabac.com\/wp-content\/uploads\/2025\/10\/Prix-des-cigarettes-en-Turquie-en-2025.png","contentUrl":"https:\/\/www.mylasertabac.com\/wp-content\/uploads\/2025\/10\/Prix-des-cigarettes-en-Turquie-en-2025.png","width":1536,"height":1024},{"@type":"BreadcrumbList","@id":"https:\/\/www.mylasertabac.com\/ca\/preus-dels-cigarrets-a-turquia-el-2025-quant-costa-realment-fumar-a-istanbul\/#breadcrumb","itemListElement":[{"@type":"ListItem","position":1,"name":"Accueil","item":"https:\/\/www.mylasertabac.com\/ca\/benvingut\/"},{"@type":"ListItem","position":2,"name":"Preus dels cigarrets a Turquia el 2025: quant costa realment fumar a Istanbul?"}]},{"@type":"WebSite","@id":"https:\/\/www.mylasertabac.com\/ca\/#website","url":"https:\/\/www.mylasertabac.com\/ca\/","name":"My Laser Tabac","description":"La solution laser qui transforme les fumeurs en ex-fumeurs","publisher":{"@id":"https:\/\/www.mylasertabac.com\/ca\/#organization"},"potentialAction":[{"@type":"SearchAction","target":{"@type":"EntryPoint","urlTemplate":"https:\/\/www.mylasertabac.com\/ca\/?s={search_term_string}"},"query-input":{"@type":"PropertyValueSpecification","valueRequired":true,"valueName":"search_term_string"}}],"inLanguage":"ca"},{"@type":"Organization","@id":"https:\/\/www.mylasertabac.com\/ca\/#organization","name":"My Laser Tabac","url":"https:\/\/www.mylasertabac.com\/ca\/","logo":{"@type":"ImageObject","inLanguage":"ca","@id":"https:\/\/www.mylasertabac.com\/ca\/#\/schema\/logo\/image\/","url":"https:\/\/www.mylasertabac.com\/wp-content\/uploads\/2024\/12\/mlt-verteau.svg","contentUrl":"https:\/\/www.mylasertabac.com\/wp-content\/uploads\/2024\/12\/mlt-verteau.svg","caption":"My Laser Tabac"},"image":{"@id":"https:\/\/www.mylasertabac.com\/ca\/#\/schema\/logo\/image\/"}},{"@type":"Person","@id":"https:\/\/www.mylasertabac.com\/ca\/#\/schema\/person\/02c249cb76d912efb6c315ec23eccdf3","name":"Florian Fortes","image":{"@type":"ImageObject","inLanguage":"ca","@id":"https:\/\/www.mylasertabac.com\/wp-content\/litespeed\/avatar\/142101a71d7b9e6490c1120d9c109a67.jpg?ver=1777461116","url":"https:\/\/www.mylasertabac.com\/wp-content\/litespeed\/avatar\/142101a71d7b9e6490c1120d9c109a67.jpg?ver=1777461116","contentUrl":"https:\/\/www.mylasertabac.com\/wp-content\/litespeed\/avatar\/142101a71d7b9e6490c1120d9c109a67.jpg?ver=1777461116","caption":"Florian Fortes"},"sameAs":["https:\/\/www.mylasertabac.com","https:\/\/www.facebook.com\/profile.php?id=61571554707319"],"url":"https:\/\/www.mylasertabac.com\/ca\/author\/florianfortes5312\/"}]}},"_links":{"self":[{"href":"https:\/\/www.mylasertabac.com\/ca\/wp-json\/wp\/v2\/posts\/19137","targetHints":{"allow":["GET"]}}],"collection":[{"href":"https:\/\/www.mylasertabac.com\/ca\/wp-json\/wp\/v2\/posts"}],"about":[{"href":"https:\/\/www.mylasertabac.com\/ca\/wp-json\/wp\/v2\/types\/post"}],"author":[{"embeddable":true,"href":"https:\/\/www.mylasertabac.com\/ca\/wp-json\/wp\/v2\/users\/2"}],"replies":[{"embeddable":true,"href":"https:\/\/www.mylasertabac.com\/ca\/wp-json\/wp\/v2\/comments?post=19137"}],"version-history":[{"count":1,"href":"https:\/\/www.mylasertabac.com\/ca\/wp-json\/wp\/v2\/posts\/19137\/revisions"}],"predecessor-version":[{"id":19139,"href":"https:\/\/www.mylasertabac.com\/ca\/wp-json\/wp\/v2\/posts\/19137\/revisions\/19139"}],"wp:featuredmedia":[{"embeddable":true,"href":"https:\/\/www.mylasertabac.com\/ca\/wp-json\/wp\/v2\/media\/19124"}],"wp:attachment":[{"href":"https:\/\/www.mylasertabac.com\/ca\/wp-json\/wp\/v2\/media?parent=19137"}],"wp:term":[{"taxonomy":"category","embeddable":true,"href":"https:\/\/www.mylasertabac.com\/ca\/wp-json\/wp\/v2\/categories?post=19137"},{"taxonomy":"post_tag","embeddable":true,"href":"https:\/\/www.mylasertabac.com\/ca\/wp-json\/wp\/v2\/tags?post=19137"}],"curies":[{"name":"wp","href":"https:\/\/api.w.org\/{rel}","templated":true}]}}