{"id":19181,"date":"2025-10-31T09:45:19","date_gmt":"2025-10-31T08:45:19","guid":{"rendered":"https:\/\/www.mylasertabac.com\/el-pla-esbojarrat-del-govern-prohibir-la-venda-de-vapeig-en-linia\/"},"modified":"2025-10-31T13:14:49","modified_gmt":"2025-10-31T12:14:49","slug":"el-pla-esbojarrat-del-govern-prohibir-la-venda-de-vapeig-en-linia","status":"publish","type":"post","link":"https:\/\/www.mylasertabac.com\/ca\/el-pla-esbojarrat-del-govern-prohibir-la-venda-de-vapeig-en-linia\/","title":{"rendered":"El pla esbojarrat del govern: prohibir la venda de vapeig en l\u00ednia"},"content":{"rendered":"\n<div style=\"height:25px\" aria-hidden=\"true\" class=\"wp-block-spacer\"><\/div>\n\n<p>Quan encenem un cigarret electr\u00f2nic avui dia, no sempre pensem en l&#8217;entorn que l&#8217;envolta. Per\u00f2 el <strong>projecte de llei de finances del 2026<\/strong> , i en particular <strong>l&#8217;article 23<\/strong> , podria alterar dr\u00e0sticament el panorama del vapeig a Fran\u00e7a. Bloqueig de les vendes en l\u00ednia, augment dels impostos i transformaci\u00f3 de l&#8217;estatus legal: aquests canvis tindran un greu impacte en les botigues de vapeig, els usuaris i l&#8217;acc\u00e9s a aquesta eina per deixar de fumar.    <\/p>\n\n<div style=\"height:24px\" aria-hidden=\"true\" class=\"wp-block-spacer\"><\/div>\n\n<figure class=\"wp-block-image alignleft size-large is-resized\"><a href=\"https:\/\/www.mylasertabac.com\/ca\/els-nostres-centres\/\"><img fetchpriority=\"high\" decoding=\"async\" width=\"1024\" height=\"668\" src=\"https:\/\/www.mylasertabac.com\/wp-content\/uploads\/2025\/08\/tu-veux-arreter-de-fumer-Clique-ici--1024x668.jpg\" alt=\"\" class=\"wp-image-13752\" style=\"width:410px;height:auto\" srcset=\"https:\/\/www.mylasertabac.com\/wp-content\/uploads\/2025\/08\/tu-veux-arreter-de-fumer-Clique-ici--1024x668.jpg 1024w, https:\/\/www.mylasertabac.com\/wp-content\/uploads\/2025\/08\/tu-veux-arreter-de-fumer-Clique-ici--300x196.jpg 300w, https:\/\/www.mylasertabac.com\/wp-content\/uploads\/2025\/08\/tu-veux-arreter-de-fumer-Clique-ici--768x501.jpg 768w, https:\/\/www.mylasertabac.com\/wp-content\/uploads\/2025\/08\/tu-veux-arreter-de-fumer-Clique-ici-.jpg 1206w\" sizes=\"(max-width: 1024px) 100vw, 1024px\" \/><\/a><\/figure>\n\n<h3 class=\"wp-block-heading\">\ud83c\udfaf Una distribuci\u00f3 que s&#8217;acosta a la seva fi<\/h3>\n\n<p>Es podria prohibir la venda de l\u00edquids electr\u00f2nics i equips de vapeig en l\u00ednia a particulars. L&#8217;article 23 proposa prohibir totes les transaccions de comer\u00e7 electr\u00f2nic a consumidors finals, aix\u00ed com els lliuraments per correu o paquet.   <br\/>Per a molts, les compres en l\u00ednia eren una soluci\u00f3 essencial, ja sigui a les zones rurals, per a les persones amb mobilitat redu\u00efda o simplement per beneficiar-se de preus m\u00e9s assequibles. Aquesta mesura planteja serioses preocupacions sobre l&#8217;acc\u00e9s a alternatives als cigarrets. <\/p>\n\n<div style=\"height:24px\" aria-hidden=\"true\" class=\"wp-block-spacer\"><\/div>\n\n<h3 class=\"wp-block-heading\">\ud83d\udcb6 Un impost que endureix les regnes<\/h3>\n\n<p>M\u00e9s enll\u00e0 de l&#8217;acc\u00e9s, \u00e9s el preu el que augmentar\u00e0. L&#8217;article 23 imposa un <strong>impost especial per mil\u00b7lilitre de l\u00edquid<\/strong> : 0,03 \u20ac\/ml per a concentracions baixes de nicotina, fins a 0,05 \u20ac\/ml per a concentracions m\u00e9s altes. Aquest rec\u00e0rrec, combinat amb l&#8217;IVA del 20%, podria transformar el l\u00edquid electr\u00f2nic d&#8217;una eina econ\u00f2mica per deixar de fumar en un producte car.<br\/> Com a resultat, una ampolla de 50 ml podria veure un augment d&#8217;entre 1,50 \u20ac i 2,50 \u20ac, un augment del <strong>10 al 18%<\/strong> o m\u00e9s, depenent de la marca.    <\/p>\n\n<div style=\"height:24px\" aria-hidden=\"true\" class=\"wp-block-spacer\"><\/div>\n\n<h3 class=\"wp-block-heading\">\u2696\ufe0f Vapejar = tabac? Una equaci\u00f3 controvertida <\/h3>\n\n<p>El text proposa vincular legalment el vapeig als productes del tabac. Aquesta redefinici\u00f3 afecta el <strong>Codi Tributari<\/strong> en lloc del Codi de Salut P\u00fablica. Aquesta esmena posa en perill el reconeixement del vapeig com a eina per deixar de fumar.    <br\/>Els professionals creuen que aquesta comparaci\u00f3 va en contra del paper que tenen els cigarrets electr\u00f2nics per als fumadors que volen deixar de fumar.<\/p>\n\n<div style=\"height:24px\" aria-hidden=\"true\" class=\"wp-block-spacer\"><\/div>\n\n<h3 class=\"wp-block-heading\">\ud83c\udfed La ind\u00fastria est\u00e0 en alerta<\/h3>\n\n<p>Les conseq\u00fc\u00e8ncies serien importants:<\/p>\n\n<ul class=\"wp-block-list\">\n<li>Possible tancament d&#8217;un gran nombre de botigues independents.  <\/li>\n\n\n\n<li>La distribuci\u00f3 es reorientar\u00e0 a <strong>les botigues de tabac<\/strong> i als establiments especialment autoritzats.  <\/li>\n\n\n\n<li>Risc de tornar als cigarrets tradicionals per manca d&#8217;alternatives assequibles.  <\/li>\n\n\n\n<li>Increment del mercat paral\u00b7lel, no controlat per les normatives de salut p\u00fablica.  <\/li>\n<\/ul>\n\n<div style=\"height:27px\" aria-hidden=\"true\" class=\"wp-block-spacer\"><\/div>\n\n<figure class=\"wp-block-table\"><table class=\"has-fixed-layout\"><tbody><tr><td>Llegiu tamb\u00e9:  <a href=\"https:\/\/www.mylasertabac.com\/ca\/informacio\/formacio-laser-antitabac-i-addiccio\/\"><mark style=\"background-color:rgba(0, 0, 0, 0)\" class=\"has-inline-color has-luminous-vivid-orange-color\">Vols obrir una franqu\u00edcia de Mylasertabac i convertir-te en el l\u00edder del teu sector? Fes clic aqu\u00ed. <\/mark><\/a><\/td><\/tr><\/tbody><\/table><\/figure>\n\n<div style=\"height:24px\" aria-hidden=\"true\" class=\"wp-block-spacer\"><\/div>\n\n<h3 class=\"wp-block-heading\">\u2705 I ara? Cap a un final definitiu <\/h3>\n\n<p>En aquest context incert sobre el vaping, sorgeix una pregunta: <strong>hem d&#8217;esperar o prendre mesures per deixar de fumar?<\/strong><br\/> Quan l&#8217;alternativa esdev\u00e9 m\u00e9s cara o m\u00e9s dif\u00edcil d&#8217;accedir, \u00e9s com dir: &#8220;Posposo deixar de fumar&#8221;. Per\u00f2 cada dia sense una cigarreta continua sent una vict\u00f2ria sobre l&#8217;addicci\u00f3. <\/p>\n\n<div style=\"height:24px\" aria-hidden=\"true\" class=\"wp-block-spacer\"><\/div>\n\n<h3 class=\"wp-block-heading\">\ud83c\udf3f El m\u00e8tode MyLaserTabac<\/h3>\n\n<p>Per a aquells que realment volen dir ad\u00e9u al tabac, <strong><a href=\"https:\/\/www.mylasertabac.com\/ca\/\">MyLaserTabac<\/a><\/strong> ofereix un m\u00e8tode innovador: <strong>la reflexologia auricular l\u00e0ser<\/strong> .<\/p>\n\n<ul class=\"wp-block-list\">\n<li>Estimulaci\u00f3 dirigida de l&#8217;orella.<\/li>\n\n\n\n<li>Sense substituts de medicaments.<\/li>\n\n\n\n<li>Sessions personalitzades i indolores, tamb\u00e9 aptes per a altres addiccions: sucre, alcohol, c\u00e0nnabis, gesti\u00f3 de l&#8217;estr\u00e8s.<\/li>\n\n\n\n<li>Una xarxa nacional de centres.<\/li>\n<\/ul>\n\n<p>Aquest enfocament ens permet anar m\u00e9s enll\u00e0 del marc del &#8220;vapejar o substitut&#8221; i entrar en un cam\u00ed clar: <strong>tabac = addicci\u00f3, per\u00f2 deixar de fumar = llibertat<\/strong> .<\/p>\n\n<div style=\"height:24px\" aria-hidden=\"true\" class=\"wp-block-spacer\"><\/div>\n\n<h3 class=\"wp-block-heading\">\u2728 Conclusi\u00f3<\/h3>\n\n<p>El projecte de llei 2026 podria transformar radicalment el vapeig: distribuci\u00f3 bloquejada, augment dels impostos, una ind\u00fastria en perill.<br\/> Per als fumadors, \u00e9s hora de fer un pas enrere: <strong>continuo sent dependent o passo p\u00e0gina?<\/strong><br\/> Amb MyLaserTabac, deixar de fumar esdev\u00e9 una realitat accessible, ben recolzada i duradora.<br\/> \ud83d\udc49 <em>El canvi de veritat comen\u00e7a avui.<\/em><\/p>\n\n<div style=\"height:24px\" aria-hidden=\"true\" class=\"wp-block-spacer\"><\/div>\n\n<figure class=\"wp-block-image size-large\"><img decoding=\"async\" src=\"https:\/\/www.mylasertabac.com\/wp-content\/uploads\/\/mlt-verteau.svg\" alt=\"\" class=\"wp-image-13\"\/><\/figure>\n\n<p><\/p>\n","protected":false},"excerpt":{"rendered":"<p>Quan encenem un cigarret electr\u00f2nic avui dia, no sempre pensem en l&#8217;entorn que l&#8217;envolta. Per\u00f2 el projecte de llei de finances del 2026 , i en particular l&#8217;article 23 , podria alterar dr\u00e0sticament el panorama del vapeig a Fran\u00e7a. Bloqueig de les vendes en l\u00ednia, augment dels impostos i transformaci\u00f3 de l&#8217;estatus legal: aquests canvis [&hellip;]<\/p>\n","protected":false},"author":2,"featured_media":19189,"comment_status":"closed","ping_status":"open","sticky":false,"template":"","format":"standard","meta":{"inline_featured_image":false,"footnotes":""},"categories":[585],"tags":[],"class_list":["post-19181","post","type-post","status-publish","format-standard","has-post-thumbnail","hentry","category-llei"],"yoast_head":"<!-- This site is optimized with the Yoast SEO plugin v27.5 - https:\/\/yoast.com\/product\/yoast-seo-wordpress\/ -->\n<title>El pla esbojarrat del govern: prohibir la venda de vapeig en l\u00ednia - My Laser Tabac<\/title>\n<meta name=\"description\" content=\"Nova llei 2026: aviat es prohibir\u00e0 la venda de cigarrets electr\u00f2nics. Descobreix els seus impactes i les alternatives efectives.\" \/>\n<meta name=\"robots\" content=\"index, follow, max-snippet:-1, max-image-preview:large, max-video-preview:-1\" \/>\n<link rel=\"canonical\" href=\"https:\/\/www.mylasertabac.com\/ca\/el-pla-esbojarrat-del-govern-prohibir-la-venda-de-vapeig-en-linia\/\" \/>\n<meta property=\"og:locale\" content=\"ca_ES\" \/>\n<meta property=\"og:type\" content=\"article\" \/>\n<meta property=\"og:title\" content=\"El pla esbojarrat del govern: prohibir la venda de vapeig en l\u00ednia - My Laser Tabac\" \/>\n<meta property=\"og:description\" content=\"Nova llei 2026: aviat es prohibir\u00e0 la venda de cigarrets electr\u00f2nics. Descobreix els seus impactes i les alternatives efectives.\" \/>\n<meta property=\"og:url\" content=\"https:\/\/www.mylasertabac.com\/ca\/el-pla-esbojarrat-del-govern-prohibir-la-venda-de-vapeig-en-linia\/\" \/>\n<meta property=\"og:site_name\" content=\"My Laser Tabac\" \/>\n<meta property=\"article:author\" content=\"https:\/\/www.facebook.com\/profile.php?id=61571554707319\" \/>\n<meta property=\"article:published_time\" content=\"2025-10-31T08:45:19+00:00\" \/>\n<meta property=\"article:modified_time\" content=\"2025-10-31T12:14:49+00:00\" \/>\n<meta property=\"og:image\" content=\"https:\/\/www.mylasertabac.com\/wp-content\/uploads\/2025\/10\/Le-projet-fou-du-gouvernement-interdire-la-vente-de-vape-en-ligne.jpg\" \/>\n\t<meta property=\"og:image:width\" content=\"1300\" \/>\n\t<meta property=\"og:image:height\" content=\"681\" \/>\n\t<meta property=\"og:image:type\" content=\"image\/jpeg\" \/>\n<meta name=\"author\" content=\"Florian Fortes\" \/>\n<meta name=\"twitter:card\" content=\"summary_large_image\" \/>\n<meta name=\"twitter:label1\" content=\"Escrit per\" \/>\n\t<meta name=\"twitter:data1\" content=\"Florian Fortes\" \/>\n\t<meta name=\"twitter:label2\" content=\"Temps estimat de lectura\" \/>\n\t<meta name=\"twitter:data2\" content=\"3 minuts\" \/>\n<script type=\"application\/ld+json\" class=\"yoast-schema-graph\">{\"@context\":\"https:\\\/\\\/schema.org\",\"@graph\":[{\"@type\":\"Article\",\"@id\":\"https:\\\/\\\/www.mylasertabac.com\\\/ca\\\/el-pla-esbojarrat-del-govern-prohibir-la-venda-de-vapeig-en-linia\\\/#article\",\"isPartOf\":{\"@id\":\"https:\\\/\\\/www.mylasertabac.com\\\/ca\\\/el-pla-esbojarrat-del-govern-prohibir-la-venda-de-vapeig-en-linia\\\/\"},\"author\":{\"name\":\"Florian Fortes\",\"@id\":\"https:\\\/\\\/www.mylasertabac.com\\\/ca\\\/#\\\/schema\\\/person\\\/02c249cb76d912efb6c315ec23eccdf3\"},\"headline\":\"El pla esbojarrat del govern: prohibir la venda de vapeig en l\u00ednia\",\"datePublished\":\"2025-10-31T08:45:19+00:00\",\"dateModified\":\"2025-10-31T12:14:49+00:00\",\"mainEntityOfPage\":{\"@id\":\"https:\\\/\\\/www.mylasertabac.com\\\/ca\\\/el-pla-esbojarrat-del-govern-prohibir-la-venda-de-vapeig-en-linia\\\/\"},\"wordCount\":648,\"publisher\":{\"@id\":\"https:\\\/\\\/www.mylasertabac.com\\\/ca\\\/#organization\"},\"image\":{\"@id\":\"https:\\\/\\\/www.mylasertabac.com\\\/ca\\\/el-pla-esbojarrat-del-govern-prohibir-la-venda-de-vapeig-en-linia\\\/#primaryimage\"},\"thumbnailUrl\":\"https:\\\/\\\/www.mylasertabac.com\\\/wp-content\\\/uploads\\\/2025\\\/10\\\/Le-projet-fou-du-gouvernement-interdire-la-vente-de-vape-en-ligne.jpg\",\"articleSection\":[\"llei\"],\"inLanguage\":\"ca\"},{\"@type\":\"WebPage\",\"@id\":\"https:\\\/\\\/www.mylasertabac.com\\\/ca\\\/el-pla-esbojarrat-del-govern-prohibir-la-venda-de-vapeig-en-linia\\\/\",\"url\":\"https:\\\/\\\/www.mylasertabac.com\\\/ca\\\/el-pla-esbojarrat-del-govern-prohibir-la-venda-de-vapeig-en-linia\\\/\",\"name\":\"El pla esbojarrat del govern: prohibir la venda de vapeig en l\u00ednia - My Laser Tabac\",\"isPartOf\":{\"@id\":\"https:\\\/\\\/www.mylasertabac.com\\\/ca\\\/#website\"},\"primaryImageOfPage\":{\"@id\":\"https:\\\/\\\/www.mylasertabac.com\\\/ca\\\/el-pla-esbojarrat-del-govern-prohibir-la-venda-de-vapeig-en-linia\\\/#primaryimage\"},\"image\":{\"@id\":\"https:\\\/\\\/www.mylasertabac.com\\\/ca\\\/el-pla-esbojarrat-del-govern-prohibir-la-venda-de-vapeig-en-linia\\\/#primaryimage\"},\"thumbnailUrl\":\"https:\\\/\\\/www.mylasertabac.com\\\/wp-content\\\/uploads\\\/2025\\\/10\\\/Le-projet-fou-du-gouvernement-interdire-la-vente-de-vape-en-ligne.jpg\",\"datePublished\":\"2025-10-31T08:45:19+00:00\",\"dateModified\":\"2025-10-31T12:14:49+00:00\",\"description\":\"Nova llei 2026: aviat es prohibir\u00e0 la venda de cigarrets electr\u00f2nics. Descobreix els seus impactes i les alternatives efectives.\",\"breadcrumb\":{\"@id\":\"https:\\\/\\\/www.mylasertabac.com\\\/ca\\\/el-pla-esbojarrat-del-govern-prohibir-la-venda-de-vapeig-en-linia\\\/#breadcrumb\"},\"inLanguage\":\"ca\",\"potentialAction\":[{\"@type\":\"ReadAction\",\"target\":[\"https:\\\/\\\/www.mylasertabac.com\\\/ca\\\/el-pla-esbojarrat-del-govern-prohibir-la-venda-de-vapeig-en-linia\\\/\"]}]},{\"@type\":\"ImageObject\",\"inLanguage\":\"ca\",\"@id\":\"https:\\\/\\\/www.mylasertabac.com\\\/ca\\\/el-pla-esbojarrat-del-govern-prohibir-la-venda-de-vapeig-en-linia\\\/#primaryimage\",\"url\":\"https:\\\/\\\/www.mylasertabac.com\\\/wp-content\\\/uploads\\\/2025\\\/10\\\/Le-projet-fou-du-gouvernement-interdire-la-vente-de-vape-en-ligne.jpg\",\"contentUrl\":\"https:\\\/\\\/www.mylasertabac.com\\\/wp-content\\\/uploads\\\/2025\\\/10\\\/Le-projet-fou-du-gouvernement-interdire-la-vente-de-vape-en-ligne.jpg\",\"width\":1300,\"height\":681},{\"@type\":\"BreadcrumbList\",\"@id\":\"https:\\\/\\\/www.mylasertabac.com\\\/ca\\\/el-pla-esbojarrat-del-govern-prohibir-la-venda-de-vapeig-en-linia\\\/#breadcrumb\",\"itemListElement\":[{\"@type\":\"ListItem\",\"position\":1,\"name\":\"Accueil\",\"item\":\"https:\\\/\\\/www.mylasertabac.com\\\/ca\\\/benvingut\\\/\"},{\"@type\":\"ListItem\",\"position\":2,\"name\":\"El pla esbojarrat del govern: prohibir la venda de vapeig en l\u00ednia\"}]},{\"@type\":\"WebSite\",\"@id\":\"https:\\\/\\\/www.mylasertabac.com\\\/ca\\\/#website\",\"url\":\"https:\\\/\\\/www.mylasertabac.com\\\/ca\\\/\",\"name\":\"My Laser Tabac\",\"description\":\"La solution laser qui transforme les fumeurs en ex-fumeurs\",\"publisher\":{\"@id\":\"https:\\\/\\\/www.mylasertabac.com\\\/ca\\\/#organization\"},\"potentialAction\":[{\"@type\":\"SearchAction\",\"target\":{\"@type\":\"EntryPoint\",\"urlTemplate\":\"https:\\\/\\\/www.mylasertabac.com\\\/ca\\\/?s={search_term_string}\"},\"query-input\":{\"@type\":\"PropertyValueSpecification\",\"valueRequired\":true,\"valueName\":\"search_term_string\"}}],\"inLanguage\":\"ca\"},{\"@type\":\"Organization\",\"@id\":\"https:\\\/\\\/www.mylasertabac.com\\\/ca\\\/#organization\",\"name\":\"My Laser Tabac\",\"url\":\"https:\\\/\\\/www.mylasertabac.com\\\/ca\\\/\",\"logo\":{\"@type\":\"ImageObject\",\"inLanguage\":\"ca\",\"@id\":\"https:\\\/\\\/www.mylasertabac.com\\\/ca\\\/#\\\/schema\\\/logo\\\/image\\\/\",\"url\":\"https:\\\/\\\/www.mylasertabac.com\\\/wp-content\\\/uploads\\\/2024\\\/12\\\/mlt-verteau.svg\",\"contentUrl\":\"https:\\\/\\\/www.mylasertabac.com\\\/wp-content\\\/uploads\\\/2024\\\/12\\\/mlt-verteau.svg\",\"caption\":\"My Laser Tabac\"},\"image\":{\"@id\":\"https:\\\/\\\/www.mylasertabac.com\\\/ca\\\/#\\\/schema\\\/logo\\\/image\\\/\"}},{\"@type\":\"Person\",\"@id\":\"https:\\\/\\\/www.mylasertabac.com\\\/ca\\\/#\\\/schema\\\/person\\\/02c249cb76d912efb6c315ec23eccdf3\",\"name\":\"Florian Fortes\",\"image\":{\"@type\":\"ImageObject\",\"inLanguage\":\"ca\",\"@id\":\"https:\\\/\\\/www.mylasertabac.com\\\/wp-content\\\/litespeed\\\/avatar\\\/142101a71d7b9e6490c1120d9c109a67.jpg?ver=1777461116\",\"url\":\"https:\\\/\\\/www.mylasertabac.com\\\/wp-content\\\/litespeed\\\/avatar\\\/142101a71d7b9e6490c1120d9c109a67.jpg?ver=1777461116\",\"contentUrl\":\"https:\\\/\\\/www.mylasertabac.com\\\/wp-content\\\/litespeed\\\/avatar\\\/142101a71d7b9e6490c1120d9c109a67.jpg?ver=1777461116\",\"caption\":\"Florian Fortes\"},\"sameAs\":[\"https:\\\/\\\/www.mylasertabac.com\",\"https:\\\/\\\/www.facebook.com\\\/profile.php?id=61571554707319\"],\"url\":\"https:\\\/\\\/www.mylasertabac.com\\\/ca\\\/author\\\/florianfortes5312\\\/\"}]}<\/script>\n<!-- \/ Yoast SEO plugin. -->","yoast_head_json":{"title":"El pla esbojarrat del govern: prohibir la venda de vapeig en l\u00ednia - My Laser Tabac","description":"Nova llei 2026: aviat es prohibir\u00e0 la venda de cigarrets electr\u00f2nics. Descobreix els seus impactes i les alternatives efectives.","robots":{"index":"index","follow":"follow","max-snippet":"max-snippet:-1","max-image-preview":"max-image-preview:large","max-video-preview":"max-video-preview:-1"},"canonical":"https:\/\/www.mylasertabac.com\/ca\/el-pla-esbojarrat-del-govern-prohibir-la-venda-de-vapeig-en-linia\/","og_locale":"ca_ES","og_type":"article","og_title":"El pla esbojarrat del govern: prohibir la venda de vapeig en l\u00ednia - My Laser Tabac","og_description":"Nova llei 2026: aviat es prohibir\u00e0 la venda de cigarrets electr\u00f2nics. Descobreix els seus impactes i les alternatives efectives.","og_url":"https:\/\/www.mylasertabac.com\/ca\/el-pla-esbojarrat-del-govern-prohibir-la-venda-de-vapeig-en-linia\/","og_site_name":"My Laser Tabac","article_author":"https:\/\/www.facebook.com\/profile.php?id=61571554707319","article_published_time":"2025-10-31T08:45:19+00:00","article_modified_time":"2025-10-31T12:14:49+00:00","og_image":[{"width":1300,"height":681,"url":"https:\/\/www.mylasertabac.com\/wp-content\/uploads\/2025\/10\/Le-projet-fou-du-gouvernement-interdire-la-vente-de-vape-en-ligne.jpg","type":"image\/jpeg"}],"author":"Florian Fortes","twitter_card":"summary_large_image","twitter_misc":{"Escrit per":"Florian Fortes","Temps estimat de lectura":"3 minuts"},"schema":{"@context":"https:\/\/schema.org","@graph":[{"@type":"Article","@id":"https:\/\/www.mylasertabac.com\/ca\/el-pla-esbojarrat-del-govern-prohibir-la-venda-de-vapeig-en-linia\/#article","isPartOf":{"@id":"https:\/\/www.mylasertabac.com\/ca\/el-pla-esbojarrat-del-govern-prohibir-la-venda-de-vapeig-en-linia\/"},"author":{"name":"Florian Fortes","@id":"https:\/\/www.mylasertabac.com\/ca\/#\/schema\/person\/02c249cb76d912efb6c315ec23eccdf3"},"headline":"El pla esbojarrat del govern: prohibir la venda de vapeig en l\u00ednia","datePublished":"2025-10-31T08:45:19+00:00","dateModified":"2025-10-31T12:14:49+00:00","mainEntityOfPage":{"@id":"https:\/\/www.mylasertabac.com\/ca\/el-pla-esbojarrat-del-govern-prohibir-la-venda-de-vapeig-en-linia\/"},"wordCount":648,"publisher":{"@id":"https:\/\/www.mylasertabac.com\/ca\/#organization"},"image":{"@id":"https:\/\/www.mylasertabac.com\/ca\/el-pla-esbojarrat-del-govern-prohibir-la-venda-de-vapeig-en-linia\/#primaryimage"},"thumbnailUrl":"https:\/\/www.mylasertabac.com\/wp-content\/uploads\/2025\/10\/Le-projet-fou-du-gouvernement-interdire-la-vente-de-vape-en-ligne.jpg","articleSection":["llei"],"inLanguage":"ca"},{"@type":"WebPage","@id":"https:\/\/www.mylasertabac.com\/ca\/el-pla-esbojarrat-del-govern-prohibir-la-venda-de-vapeig-en-linia\/","url":"https:\/\/www.mylasertabac.com\/ca\/el-pla-esbojarrat-del-govern-prohibir-la-venda-de-vapeig-en-linia\/","name":"El pla esbojarrat del govern: prohibir la venda de vapeig en l\u00ednia - My Laser Tabac","isPartOf":{"@id":"https:\/\/www.mylasertabac.com\/ca\/#website"},"primaryImageOfPage":{"@id":"https:\/\/www.mylasertabac.com\/ca\/el-pla-esbojarrat-del-govern-prohibir-la-venda-de-vapeig-en-linia\/#primaryimage"},"image":{"@id":"https:\/\/www.mylasertabac.com\/ca\/el-pla-esbojarrat-del-govern-prohibir-la-venda-de-vapeig-en-linia\/#primaryimage"},"thumbnailUrl":"https:\/\/www.mylasertabac.com\/wp-content\/uploads\/2025\/10\/Le-projet-fou-du-gouvernement-interdire-la-vente-de-vape-en-ligne.jpg","datePublished":"2025-10-31T08:45:19+00:00","dateModified":"2025-10-31T12:14:49+00:00","description":"Nova llei 2026: aviat es prohibir\u00e0 la venda de cigarrets electr\u00f2nics. Descobreix els seus impactes i les alternatives efectives.","breadcrumb":{"@id":"https:\/\/www.mylasertabac.com\/ca\/el-pla-esbojarrat-del-govern-prohibir-la-venda-de-vapeig-en-linia\/#breadcrumb"},"inLanguage":"ca","potentialAction":[{"@type":"ReadAction","target":["https:\/\/www.mylasertabac.com\/ca\/el-pla-esbojarrat-del-govern-prohibir-la-venda-de-vapeig-en-linia\/"]}]},{"@type":"ImageObject","inLanguage":"ca","@id":"https:\/\/www.mylasertabac.com\/ca\/el-pla-esbojarrat-del-govern-prohibir-la-venda-de-vapeig-en-linia\/#primaryimage","url":"https:\/\/www.mylasertabac.com\/wp-content\/uploads\/2025\/10\/Le-projet-fou-du-gouvernement-interdire-la-vente-de-vape-en-ligne.jpg","contentUrl":"https:\/\/www.mylasertabac.com\/wp-content\/uploads\/2025\/10\/Le-projet-fou-du-gouvernement-interdire-la-vente-de-vape-en-ligne.jpg","width":1300,"height":681},{"@type":"BreadcrumbList","@id":"https:\/\/www.mylasertabac.com\/ca\/el-pla-esbojarrat-del-govern-prohibir-la-venda-de-vapeig-en-linia\/#breadcrumb","itemListElement":[{"@type":"ListItem","position":1,"name":"Accueil","item":"https:\/\/www.mylasertabac.com\/ca\/benvingut\/"},{"@type":"ListItem","position":2,"name":"El pla esbojarrat del govern: prohibir la venda de vapeig en l\u00ednia"}]},{"@type":"WebSite","@id":"https:\/\/www.mylasertabac.com\/ca\/#website","url":"https:\/\/www.mylasertabac.com\/ca\/","name":"My Laser Tabac","description":"La solution laser qui transforme les fumeurs en ex-fumeurs","publisher":{"@id":"https:\/\/www.mylasertabac.com\/ca\/#organization"},"potentialAction":[{"@type":"SearchAction","target":{"@type":"EntryPoint","urlTemplate":"https:\/\/www.mylasertabac.com\/ca\/?s={search_term_string}"},"query-input":{"@type":"PropertyValueSpecification","valueRequired":true,"valueName":"search_term_string"}}],"inLanguage":"ca"},{"@type":"Organization","@id":"https:\/\/www.mylasertabac.com\/ca\/#organization","name":"My Laser Tabac","url":"https:\/\/www.mylasertabac.com\/ca\/","logo":{"@type":"ImageObject","inLanguage":"ca","@id":"https:\/\/www.mylasertabac.com\/ca\/#\/schema\/logo\/image\/","url":"https:\/\/www.mylasertabac.com\/wp-content\/uploads\/2024\/12\/mlt-verteau.svg","contentUrl":"https:\/\/www.mylasertabac.com\/wp-content\/uploads\/2024\/12\/mlt-verteau.svg","caption":"My Laser Tabac"},"image":{"@id":"https:\/\/www.mylasertabac.com\/ca\/#\/schema\/logo\/image\/"}},{"@type":"Person","@id":"https:\/\/www.mylasertabac.com\/ca\/#\/schema\/person\/02c249cb76d912efb6c315ec23eccdf3","name":"Florian Fortes","image":{"@type":"ImageObject","inLanguage":"ca","@id":"https:\/\/www.mylasertabac.com\/wp-content\/litespeed\/avatar\/142101a71d7b9e6490c1120d9c109a67.jpg?ver=1777461116","url":"https:\/\/www.mylasertabac.com\/wp-content\/litespeed\/avatar\/142101a71d7b9e6490c1120d9c109a67.jpg?ver=1777461116","contentUrl":"https:\/\/www.mylasertabac.com\/wp-content\/litespeed\/avatar\/142101a71d7b9e6490c1120d9c109a67.jpg?ver=1777461116","caption":"Florian Fortes"},"sameAs":["https:\/\/www.mylasertabac.com","https:\/\/www.facebook.com\/profile.php?id=61571554707319"],"url":"https:\/\/www.mylasertabac.com\/ca\/author\/florianfortes5312\/"}]}},"_links":{"self":[{"href":"https:\/\/www.mylasertabac.com\/ca\/wp-json\/wp\/v2\/posts\/19181","targetHints":{"allow":["GET"]}}],"collection":[{"href":"https:\/\/www.mylasertabac.com\/ca\/wp-json\/wp\/v2\/posts"}],"about":[{"href":"https:\/\/www.mylasertabac.com\/ca\/wp-json\/wp\/v2\/types\/post"}],"author":[{"embeddable":true,"href":"https:\/\/www.mylasertabac.com\/ca\/wp-json\/wp\/v2\/users\/2"}],"replies":[{"embeddable":true,"href":"https:\/\/www.mylasertabac.com\/ca\/wp-json\/wp\/v2\/comments?post=19181"}],"version-history":[{"count":5,"href":"https:\/\/www.mylasertabac.com\/ca\/wp-json\/wp\/v2\/posts\/19181\/revisions"}],"predecessor-version":[{"id":19222,"href":"https:\/\/www.mylasertabac.com\/ca\/wp-json\/wp\/v2\/posts\/19181\/revisions\/19222"}],"wp:featuredmedia":[{"embeddable":true,"href":"https:\/\/www.mylasertabac.com\/ca\/wp-json\/wp\/v2\/media\/19189"}],"wp:attachment":[{"href":"https:\/\/www.mylasertabac.com\/ca\/wp-json\/wp\/v2\/media?parent=19181"}],"wp:term":[{"taxonomy":"category","embeddable":true,"href":"https:\/\/www.mylasertabac.com\/ca\/wp-json\/wp\/v2\/categories?post=19181"},{"taxonomy":"post_tag","embeddable":true,"href":"https:\/\/www.mylasertabac.com\/ca\/wp-json\/wp\/v2\/tags?post=19181"}],"curies":[{"name":"wp","href":"https:\/\/api.w.org\/{rel}","templated":true}]}}