{"id":2601,"date":"2024-12-05T14:51:19","date_gmt":"2024-12-05T13:51:19","guid":{"rendered":"https:\/\/www.mylasertabac.com\/quins-son-els-efectes-secundaris-de-deixar-de-fumar\/"},"modified":"2025-02-24T15:11:09","modified_gmt":"2025-02-24T14:11:09","slug":"quins-son-els-efectes-secundaris-de-deixar-de-fumar","status":"publish","type":"post","link":"https:\/\/www.mylasertabac.com\/ca\/quins-son-els-efectes-secundaris-de-deixar-de-fumar\/","title":{"rendered":"Quins s\u00f3n els efectes secundaris de deixar de fumar?"},"content":{"rendered":"\n<p>Deixar de fumar \u00e9s una decisi\u00f3 important i beneficiosa per a la vostra salut. No obstant aix\u00f2, el cam\u00ed cap a una vida sense tabac pot estar ple d&#8217;errors, sobretot a causa dels efectes secundaris de deixar de fumar. Aquests s\u00edmptomes, tot i que s\u00f3n desagradables, s\u00f3n una part normal del proc\u00e9s de cessament i reflecteixen canvis positius en el teu cos. En aquest article, explorarem els efectes secundaris comuns de deixar de fumar, les seves causes i com tractar-los de manera efica\u00e7, fins i tot mitjan\u00e7ant solucions innovadores com el l\u00e0ser antitabac.   <\/p>\n\n<div style=\"height:20px\" aria-hidden=\"true\" class=\"wp-block-spacer\"><\/div>\n\n<h2 class=\"wp-block-heading\"><strong><mark style=\"background-color:#ffffff\" class=\"has-inline-color\">Per qu\u00e8 deixar de fumar provoca efectes secundaris?<\/mark><\/strong><\/h2>\n\n<div style=\"height:20px\" aria-hidden=\"true\" class=\"wp-block-spacer\"><\/div>\n\n<p>Quan <a href=\"https:\/\/www.mylasertabac.com\/ca\/\">deixes de fumar<\/a> , el teu cos s&#8217;ha d&#8217;adaptar a l&#8217;abs\u00e8ncia de nicotina. Aquesta subst\u00e0ncia, continguda en els cigarrets, actua sobre el cervell alliberant neurotransmissors com la dopamina, que proporcionen una sensaci\u00f3 de benestar. <\/p>\n\n<div style=\"height:20px\" aria-hidden=\"true\" class=\"wp-block-spacer\"><\/div>\n\n<h3 class=\"wp-block-heading\"><strong><mark style=\"background-color:#ffffff\" class=\"has-inline-color has-black-color\">Addicci\u00f3 a la nicotina<\/mark><\/strong><\/h3>\n\n<div style=\"height:20px\" aria-hidden=\"true\" class=\"wp-block-spacer\"><\/div>\n\n<h3 class=\"wp-block-heading\"><strong><mark style=\"background-color:#ffffff\" class=\"has-inline-color has-black-color\">El paper del tabac en el metabolisme<\/mark><\/strong><\/h3>\n\n<div style=\"height:20px\" aria-hidden=\"true\" class=\"wp-block-spacer\"><\/div>\n\n<ul class=\"wp-block-list\">\n<li>El tabac afecta el metabolisme augmentant temporalment la freq\u00fc\u00e8ncia card\u00edaca i els nivells de determinades hormones.<\/li>\n\n\n\n<li>Deixar de fumar provoca un canvi sobtat en aquests mecanismes, que pot provocar reaccions a l&#8217;organisme.<\/li>\n<\/ul>\n\n<div style=\"height:20px\" aria-hidden=\"true\" class=\"wp-block-spacer\"><\/div>\n\n<h2 class=\"wp-block-heading\"><strong><mark style=\"background-color:#ffffff\" class=\"has-inline-color has-black-color\">Quins s\u00f3n els efectes secundaris habituals de deixar de fumar?<\/mark><\/strong><\/h2>\n\n<div style=\"height:20px\" aria-hidden=\"true\" class=\"wp-block-spacer\"><\/div>\n\n<h3 class=\"wp-block-heading\"><strong><mark style=\"background-color:#ffffff\" class=\"has-inline-color has-black-color\">1. S\u00edmptomes f\u00edsics<\/mark><\/strong><\/h3>\n\n<div style=\"height:20px\" aria-hidden=\"true\" class=\"wp-block-spacer\"><\/div>\n\n<p>El cos passa per un per\u00edode de transici\u00f3 a mesura que s&#8217;adapta a l&#8217;abs\u00e8ncia de productes qu\u00edmics relacionats amb el tabac.<\/p>\n\n<div style=\"height:20px\" aria-hidden=\"true\" class=\"wp-block-spacer\"><\/div>\n\n<ul class=\"wp-block-list\">\n<li><strong>Tos i problemes respiratoris<\/strong> : els pulmons comencen a netejar-se, cosa que pot provocar una tos temporal.<\/li>\n\n\n\n<li><strong>Augment de pes<\/strong> : deixar de fumar pot retardar el metabolisme i augmentar la gana.<\/li>\n\n\n\n<li><strong>Fatiga<\/strong> : La caiguda de nicotina pot causar fatiga temporal.<\/li>\n\n\n\n<li><strong>Problemes del son<\/strong> : l&#8217;insomni o els somnis intensos s\u00f3n freq\u00fcents durant les primeres setmanes.<\/li>\n<\/ul>\n\n<div style=\"height:20px\" aria-hidden=\"true\" class=\"wp-block-spacer\"><\/div>\n\n<h3 class=\"wp-block-heading\"><strong><mark style=\"background-color:#ffffff\" class=\"has-inline-color has-black-color\">2. S\u00edmptomes psicol\u00f2gics<\/mark><\/strong><\/h3>\n\n<div style=\"height:20px\" aria-hidden=\"true\" class=\"wp-block-spacer\"><\/div>\n\n<p>La depend\u00e8ncia psicol\u00f2gica pot ser tan dif\u00edcil de superar com la depend\u00e8ncia f\u00edsica.<\/p>\n\n<div style=\"height:20px\" aria-hidden=\"true\" class=\"wp-block-spacer\"><\/div>\n\n<h3 class=\"wp-block-heading\"><strong><mark style=\"background-color:#ffffff\" class=\"has-inline-color has-black-color\">3. S\u00edmptomes emocionals<\/mark><\/strong><\/h3>\n\n<div style=\"height:20px\" aria-hidden=\"true\" class=\"wp-block-spacer\"><\/div>\n\n<div style=\"height:20px\" aria-hidden=\"true\" class=\"wp-block-spacer\"><\/div>\n\n<div style=\"height:20px\" aria-hidden=\"true\" class=\"wp-block-spacer\"><\/div>\n\n<h2 class=\"wp-block-heading\"><strong><mark style=\"background-color:#ffffff\" class=\"has-inline-color has-black-color\">Quant de temps duren els efectes secundaris?<\/mark><\/strong><\/h2>\n\n<div style=\"height:20px\" aria-hidden=\"true\" class=\"wp-block-spacer\"><\/div>\n\n<p>Els efectes secundaris de la retirada varien en intensitat i durada de persona a persona.<\/p>\n\n<div style=\"height:20px\" aria-hidden=\"true\" class=\"wp-block-spacer\"><\/div>\n\n<h2 class=\"wp-block-heading\"><strong><mark style=\"background-color:#ffffff\" class=\"has-inline-color has-black-color\">Com fer front als efectes secundaris de l&#8217;abstin\u00e8ncia?<\/mark><\/strong><\/h2>\n\n<div style=\"height:20px\" aria-hidden=\"true\" class=\"wp-block-spacer\"><\/div>\n\n<h3 class=\"wp-block-heading\"><strong><mark style=\"background-color:#ffffff\" class=\"has-inline-color has-black-color\">1. Adoptar substituts de la nicotina<\/mark><\/strong><\/h3>\n\n<div style=\"height:20px\" aria-hidden=\"true\" class=\"wp-block-spacer\"><\/div>\n\n<p>Els substituts com les genives, els pegats i les pastilles ajuden a reduir els s\u00edmptomes f\u00edsics proporcionant una dosi controlada de nicotina.<\/p>\n\n<div style=\"height:20px\" aria-hidden=\"true\" class=\"wp-block-spacer\"><\/div>\n\n<h3 class=\"wp-block-heading\"><strong><mark style=\"background-color:#ffffff\" class=\"has-inline-color has-black-color\">2. Realitzar tractament m\u00e8dic<\/mark><\/strong><\/h3>\n\n<div style=\"height:20px\" aria-hidden=\"true\" class=\"wp-block-spacer\"><\/div>\n\n<div style=\"height:20px\" aria-hidden=\"true\" class=\"wp-block-spacer\"><\/div>\n\n<h3 class=\"wp-block-heading\"><strong><mark style=\"background-color:#ffffff\" class=\"has-inline-color has-black-color\">3. Cuida el teu cos<\/mark><\/strong><\/h3>\n\n<div style=\"height:20px\" aria-hidden=\"true\" class=\"wp-block-spacer\"><\/div>\n\n<h3 class=\"wp-block-heading\"><strong><mark style=\"background-color:#ffffff\" class=\"has-inline-color has-black-color\">4. Utilitzar t\u00e8cniques alternatives com el l\u00e0ser antitabac<\/mark><\/strong><\/h3>\n\n<div style=\"height:20px\" aria-hidden=\"true\" class=\"wp-block-spacer\"><\/div>\n\n<p>El <a href=\"https:\/\/www.mylasertabac.com\/ca\/\">l\u00e0ser antitabac<\/a> \u00e9s un m\u00e8tode natural i innovador per reduir els desitjos de nicotina i alleujar els s\u00edmptomes d&#8217;abstin\u00e8ncia.<\/p>\n\n<div style=\"height:20px\" aria-hidden=\"true\" class=\"wp-block-spacer\"><\/div>\n\n<h2 class=\"wp-block-heading\"><strong><mark style=\"background-color:#ffffff\" class=\"has-inline-color has-black-color\">El l\u00e0ser antitabac: una soluci\u00f3 efica\u00e7 i natural<\/mark><\/strong><\/h2>\n\n<div style=\"height:20px\" aria-hidden=\"true\" class=\"wp-block-spacer\"><\/div>\n\n<p>A <strong>MyLaserTabac<\/strong> , oferim un m\u00e8tode innovador per ajudar els fumadors en el seu proc\u00e9s de deixar de fumar.<\/p>\n\n<p class=\"has-cyan-bluish-gray-background-color has-background\">Aquest article et pot interessar: <a href=\"https:\/\/www.mylasertabac.com\/ca\/com-no-voler-fumar-mai-mes\/\"><mark style=\"background-color:#abb8c3\" class=\"has-inline-color has-luminous-vivid-orange-color\">Com no voler fumar mai m\u00e9s?<\/mark><\/a><\/p>\n\n<div style=\"height:20px\" aria-hidden=\"true\" class=\"wp-block-spacer\"><\/div>\n\n<div style=\"height:20px\" aria-hidden=\"true\" class=\"wp-block-spacer\"><\/div>\n\n<h2 class=\"wp-block-heading\"><strong><mark style=\"background-color:#ffffff\" class=\"has-inline-color has-black-color\">Per qu\u00e8 triar el l\u00e0ser antitabac?<\/mark><\/strong><\/h2>\n\n<div style=\"height:20px\" aria-hidden=\"true\" class=\"wp-block-spacer\"><\/div>\n\n<ul class=\"wp-block-list\">\n<li><strong>Reducci\u00f3 del desig<\/strong> : el l\u00e0ser estimula punts espec\u00edfics de l&#8217;o\u00efda, alliberant endorfines que alleugen els desitjos.<\/li>\n\n\n\n<li><strong>Alleujament dels s\u00edmptomes<\/strong> : aquest m\u00e8tode no invasiu ajuda a reduir l&#8217;estr\u00e8s, l&#8217;ansietat i els trastorns de l&#8217;estat d&#8217;\u00e0nim.<\/li>\n\n\n\n<li><strong>Sense efectes secundaris<\/strong> : A difer\u00e8ncia dels medicaments, el l\u00e0ser \u00e9s natural i no provoca cap depend\u00e8ncia.<\/li>\n<\/ul>\n\n<div style=\"height:20px\" aria-hidden=\"true\" class=\"wp-block-spacer\"><\/div>\n\n<h3 class=\"wp-block-heading\"><strong><mark style=\"background-color:#ffffff\" class=\"has-inline-color has-black-color\">Com fer una cita?<\/mark><\/strong><\/h3>\n\n<div style=\"height:20px\" aria-hidden=\"true\" class=\"wp-block-spacer\"><\/div>\n\n<p>Amb m\u00e9s centres disponibles a tot Fran\u00e7a, nom\u00e9s cal reservar una sessi\u00f3 a trav\u00e9s de la pestanya <em>Cita<\/em> al nostre lloc web <strong>MyLaserTabac.com<\/strong> . El nostre equip experimentat t&#8217;acompanya en cada pas del cam\u00ed per garantir el teu \u00e8xit. <\/p>\n\n<p><\/p>\n\n<figure class=\"wp-block-image size-large\"><img fetchpriority=\"high\" decoding=\"async\" width=\"1024\" height=\"641\" src=\"https:\/\/www.mylasertabac.com\/wp-content\/uploads\/2024\/12\/IMG_9136-1024x641.jpg\" alt=\"\" class=\"wp-image-488\" srcset=\"https:\/\/www.mylasertabac.com\/wp-content\/uploads\/2024\/12\/IMG_9136-1024x641.jpg 1024w, https:\/\/www.mylasertabac.com\/wp-content\/uploads\/2024\/12\/IMG_9136-300x188.jpg 300w, https:\/\/www.mylasertabac.com\/wp-content\/uploads\/2024\/12\/IMG_9136-768x481.jpg 768w, https:\/\/www.mylasertabac.com\/wp-content\/uploads\/2024\/12\/IMG_9136.jpg 1179w\" sizes=\"(max-width: 1024px) 100vw, 1024px\" \/><\/figure>\n\n<div style=\"height:20px\" aria-hidden=\"true\" class=\"wp-block-spacer\"><\/div>\n\n<h3 class=\"wp-block-heading\"><strong><mark style=\"background-color:#ffffff\" class=\"has-inline-color has-black-color\">Els beneficis a llarg termini de deixar de fumar<\/mark><\/strong><\/h3>\n\n<div style=\"height:20px\" aria-hidden=\"true\" class=\"wp-block-spacer\"><\/div>\n\n<p>Malgrat els efectes secundaris temporals, els beneficis d&#8217;una vida sense tabac s\u00f3n inestimables.<\/p>\n\n<div style=\"height:20px\" aria-hidden=\"true\" class=\"wp-block-spacer\"><\/div>\n\n<ul class=\"wp-block-list\">\n<li><strong>Millora de la salut respirat\u00f2ria<\/strong> : els teus pulmons comencen a regenerar-se durant les primeres setmanes.<\/li>\n\n\n\n<li><strong>Reducci\u00f3 dels riscos cardiovasculars<\/strong> : despr\u00e9s d&#8217;un any, el risc de patir malalties del cor es redueix a la meitat.<\/li>\n\n\n\n<li><strong>Augment de l&#8217;esperan\u00e7a de vida<\/strong> : deixar de fumar redueix el risc de c\u00e0ncer i altres malalties greus.<\/li>\n<\/ul>\n\n<h2 class=\"wp-block-heading\"><strong><mark style=\"background-color:#ffffff\" class=\"has-inline-color has-black-color\">Conclusi\u00f3: un pas dif\u00edcil per\u00f2 imprescindible<\/mark><\/strong><\/h2>\n\n<div style=\"height:20px\" aria-hidden=\"true\" class=\"wp-block-spacer\"><\/div>\n\n<p>Deixar de fumar pot semblar dif\u00edcil, per\u00f2 tots els efectes secundaris s\u00f3n un signe que el vostre cos s&#8217;est\u00e0 eliminant de les toxines del tabac. Amb solucions com el l\u00e0ser antitabac, pots superar aquests obstacles amb m\u00e9s facilitat i recuperar una vida sana i equilibrada. <\/p>\n\n<p>Demaneu una cita avui al nostre lloc web <strong>MyLaserTabac.com<\/strong> per iniciar el vostre proc\u00e9s. Allibera&#8217;t del tabac i d\u00f3na al teu cos l&#8217;oportunitat de regenerar-se. Una vida sense fum est\u00e0 a l&#8217;abast.  <\/p>\n\n<p>Els mitjans de comunicaci\u00f3 parlen de Mylasertabac:  <mark style=\"background-color:#ffffff\" class=\"has-inline-color has-luminous-vivid-orange-color\"><a href=\"https:\/\/sinactiv.fr\/blogs\/divers\/arret-tabac-laser\">sinactiv.fr<\/a> , <a href=\"https:\/\/www.naturopat.fr\/comment-arreter-de-fumer-facilement-grace-au-laser\/\">naturopat.fr<\/a> , <a href=\"https:\/\/sante-et-beaute.fr\/pourquoi-arreter-de-fumer-en-2025\/\">sante-et-beaute.fr<\/a> , <a href=\"https:\/\/monparrainsante.com\/pourquoi-arreter-de-fumer-en-2025\/\">monparrainsante.com<\/a> , <a href=\"https:\/\/www.hypnoandco.com\/arreter-de-fumer-laser\/\">hypnoandco.com,<\/a> <a href=\"https:\/\/l-hexagone.fr\/bien-etre-sante\/pourquoi-arreter-de-fumer-en-2025-est-une-decision-essentielle\/\">l-hexagone.fr<\/a> , <a href=\"https:\/\/www.mondentistechampigny.fr\/soins-dentaires\/effets-tabagisme-dents\/\">mondentistechampigny.fr<\/a> , <a href=\"https:\/\/france-pharmacies.fr\/pourquoi-il-est-important-darreter-de-fumer-en-2025\/\">france-pharmacies.fr<\/a> , <a href=\"https:\/\/www.santeplusmag.com\/111129505-pourquoi-arreter-de-fumer-en-2025-articles-partenaires\/\">santeplusmag.com<\/a><\/mark><\/p>\n\n<p><\/p>\n","protected":false},"excerpt":{"rendered":"<p>Deixar de fumar \u00e9s una decisi\u00f3 important i beneficiosa per a la vostra salut. No obstant aix\u00f2, el cam\u00ed cap a una vida sense tabac pot estar ple d&#8217;errors, sobretot a causa dels efectes secundaris de deixar de fumar. Aquests s\u00edmptomes, tot i que s\u00f3n desagradables, s\u00f3n una part normal del proc\u00e9s de cessament i [&hellip;]<\/p>\n","protected":false},"author":2,"featured_media":1333,"comment_status":"closed","ping_status":"open","sticky":false,"template":"","format":"standard","meta":{"inline_featured_image":false,"footnotes":""},"categories":[171,173,213,211,159],"tags":[174,175,161],"class_list":["post-2601","post","type-post","status-publish","format-standard","has-post-thumbnail","hentry","category-deixar-de-fumar","category-deixar-de-fumar-ca","category-efecte-de-retirada","category-metodes-de-deslletament","category-salut","tag-deixar-de-fumar","tag-deixar-de-fumar-ca","tag-metode-de-deslletament"],"yoast_head":"<!-- This site is optimized with the Yoast SEO plugin v27.4 - https:\/\/yoast.com\/product\/yoast-seo-wordpress\/ -->\n<title>Quins s\u00f3n els efectes secundaris de deixar de fumar? - My Laser Tabac<\/title>\n<meta name=\"description\" content=\"Descobreix els efectes secundaris de deixar de fumar: nerviosisme, fatiga, desitjos de nicotina... Apr\u00e8n a recon\u00e8ixer-los i a superar-los per deixar de fumar amb \u00e8xit.\" \/>\n<meta name=\"robots\" content=\"index, follow, max-snippet:-1, max-image-preview:large, max-video-preview:-1\" \/>\n<link rel=\"canonical\" href=\"https:\/\/www.mylasertabac.com\/ca\/quins-son-els-efectes-secundaris-de-deixar-de-fumar\/\" \/>\n<meta property=\"og:locale\" content=\"ca_ES\" \/>\n<meta property=\"og:type\" content=\"article\" \/>\n<meta property=\"og:title\" content=\"Quins s\u00f3n els efectes secundaris de deixar de fumar? - My Laser Tabac\" \/>\n<meta property=\"og:description\" content=\"Descobreix els efectes secundaris de deixar de fumar: nerviosisme, fatiga, desitjos de nicotina... Apr\u00e8n a recon\u00e8ixer-los i a superar-los per deixar de fumar amb \u00e8xit.\" \/>\n<meta property=\"og:url\" content=\"https:\/\/www.mylasertabac.com\/ca\/quins-son-els-efectes-secundaris-de-deixar-de-fumar\/\" \/>\n<meta property=\"og:site_name\" content=\"My Laser Tabac\" \/>\n<meta property=\"article:author\" content=\"https:\/\/www.facebook.com\/profile.php?id=61571554707319\" \/>\n<meta property=\"article:published_time\" content=\"2024-12-05T13:51:19+00:00\" \/>\n<meta property=\"article:modified_time\" content=\"2025-02-24T14:11:09+00:00\" \/>\n<meta property=\"og:image\" content=\"https:\/\/www.mylasertabac.com\/wp-content\/uploads\/2024\/12\/IMG_9039.jpg\" \/>\n\t<meta property=\"og:image:width\" content=\"1179\" \/>\n\t<meta property=\"og:image:height\" content=\"656\" \/>\n\t<meta property=\"og:image:type\" content=\"image\/jpeg\" \/>\n<meta name=\"author\" content=\"Florian Fortes\" \/>\n<meta name=\"twitter:card\" content=\"summary_large_image\" \/>\n<meta name=\"twitter:label1\" content=\"Escrit per\" \/>\n\t<meta name=\"twitter:data1\" content=\"Florian Fortes\" \/>\n\t<meta name=\"twitter:label2\" content=\"Temps estimat de lectura\" \/>\n\t<meta name=\"twitter:data2\" content=\"4 minuts\" \/>\n<script type=\"application\/ld+json\" class=\"yoast-schema-graph\">{\"@context\":\"https:\\\/\\\/schema.org\",\"@graph\":[{\"@type\":\"Article\",\"@id\":\"https:\\\/\\\/www.mylasertabac.com\\\/ca\\\/quins-son-els-efectes-secundaris-de-deixar-de-fumar\\\/#article\",\"isPartOf\":{\"@id\":\"https:\\\/\\\/www.mylasertabac.com\\\/ca\\\/quins-son-els-efectes-secundaris-de-deixar-de-fumar\\\/\"},\"author\":{\"name\":\"Florian Fortes\",\"@id\":\"https:\\\/\\\/www.mylasertabac.com\\\/ca\\\/#\\\/schema\\\/person\\\/02c249cb76d912efb6c315ec23eccdf3\"},\"headline\":\"Quins s\u00f3n els efectes secundaris de deixar de fumar?\",\"datePublished\":\"2024-12-05T13:51:19+00:00\",\"dateModified\":\"2025-02-24T14:11:09+00:00\",\"mainEntityOfPage\":{\"@id\":\"https:\\\/\\\/www.mylasertabac.com\\\/ca\\\/quins-son-els-efectes-secundaris-de-deixar-de-fumar\\\/\"},\"wordCount\":789,\"publisher\":{\"@id\":\"https:\\\/\\\/www.mylasertabac.com\\\/ca\\\/#organization\"},\"image\":{\"@id\":\"https:\\\/\\\/www.mylasertabac.com\\\/ca\\\/quins-son-els-efectes-secundaris-de-deixar-de-fumar\\\/#primaryimage\"},\"thumbnailUrl\":\"https:\\\/\\\/www.mylasertabac.com\\\/wp-content\\\/uploads\\\/2024\\\/12\\\/IMG_9039.jpg\",\"keywords\":[\"deixar de fumar\",\"deixar de fumar\",\"m\u00e8tode de deslletament\"],\"articleSection\":[\"Deixar de fumar\",\"deixar de fumar\",\"efecte de retirada\",\"M\u00e8todes de deslletament\",\"Salut\"],\"inLanguage\":\"ca\"},{\"@type\":\"WebPage\",\"@id\":\"https:\\\/\\\/www.mylasertabac.com\\\/ca\\\/quins-son-els-efectes-secundaris-de-deixar-de-fumar\\\/\",\"url\":\"https:\\\/\\\/www.mylasertabac.com\\\/ca\\\/quins-son-els-efectes-secundaris-de-deixar-de-fumar\\\/\",\"name\":\"Quins s\u00f3n els efectes secundaris de deixar de fumar? - My Laser Tabac\",\"isPartOf\":{\"@id\":\"https:\\\/\\\/www.mylasertabac.com\\\/ca\\\/#website\"},\"primaryImageOfPage\":{\"@id\":\"https:\\\/\\\/www.mylasertabac.com\\\/ca\\\/quins-son-els-efectes-secundaris-de-deixar-de-fumar\\\/#primaryimage\"},\"image\":{\"@id\":\"https:\\\/\\\/www.mylasertabac.com\\\/ca\\\/quins-son-els-efectes-secundaris-de-deixar-de-fumar\\\/#primaryimage\"},\"thumbnailUrl\":\"https:\\\/\\\/www.mylasertabac.com\\\/wp-content\\\/uploads\\\/2024\\\/12\\\/IMG_9039.jpg\",\"datePublished\":\"2024-12-05T13:51:19+00:00\",\"dateModified\":\"2025-02-24T14:11:09+00:00\",\"description\":\"Descobreix els efectes secundaris de deixar de fumar: nerviosisme, fatiga, desitjos de nicotina... Apr\u00e8n a recon\u00e8ixer-los i a superar-los per deixar de fumar amb \u00e8xit.\",\"breadcrumb\":{\"@id\":\"https:\\\/\\\/www.mylasertabac.com\\\/ca\\\/quins-son-els-efectes-secundaris-de-deixar-de-fumar\\\/#breadcrumb\"},\"inLanguage\":\"ca\",\"potentialAction\":[{\"@type\":\"ReadAction\",\"target\":[\"https:\\\/\\\/www.mylasertabac.com\\\/ca\\\/quins-son-els-efectes-secundaris-de-deixar-de-fumar\\\/\"]}]},{\"@type\":\"ImageObject\",\"inLanguage\":\"ca\",\"@id\":\"https:\\\/\\\/www.mylasertabac.com\\\/ca\\\/quins-son-els-efectes-secundaris-de-deixar-de-fumar\\\/#primaryimage\",\"url\":\"https:\\\/\\\/www.mylasertabac.com\\\/wp-content\\\/uploads\\\/2024\\\/12\\\/IMG_9039.jpg\",\"contentUrl\":\"https:\\\/\\\/www.mylasertabac.com\\\/wp-content\\\/uploads\\\/2024\\\/12\\\/IMG_9039.jpg\",\"width\":1179,\"height\":656},{\"@type\":\"BreadcrumbList\",\"@id\":\"https:\\\/\\\/www.mylasertabac.com\\\/ca\\\/quins-son-els-efectes-secundaris-de-deixar-de-fumar\\\/#breadcrumb\",\"itemListElement\":[{\"@type\":\"ListItem\",\"position\":1,\"name\":\"Accueil\",\"item\":\"https:\\\/\\\/www.mylasertabac.com\\\/ca\\\/benvingut\\\/\"},{\"@type\":\"ListItem\",\"position\":2,\"name\":\"Quins s\u00f3n els efectes secundaris de deixar de fumar?\"}]},{\"@type\":\"WebSite\",\"@id\":\"https:\\\/\\\/www.mylasertabac.com\\\/ca\\\/#website\",\"url\":\"https:\\\/\\\/www.mylasertabac.com\\\/ca\\\/\",\"name\":\"My Laser Tabac\",\"description\":\"La solution laser qui transforme les fumeurs en ex-fumeurs\",\"publisher\":{\"@id\":\"https:\\\/\\\/www.mylasertabac.com\\\/ca\\\/#organization\"},\"potentialAction\":[{\"@type\":\"SearchAction\",\"target\":{\"@type\":\"EntryPoint\",\"urlTemplate\":\"https:\\\/\\\/www.mylasertabac.com\\\/ca\\\/?s={search_term_string}\"},\"query-input\":{\"@type\":\"PropertyValueSpecification\",\"valueRequired\":true,\"valueName\":\"search_term_string\"}}],\"inLanguage\":\"ca\"},{\"@type\":\"Organization\",\"@id\":\"https:\\\/\\\/www.mylasertabac.com\\\/ca\\\/#organization\",\"name\":\"My Laser Tabac\",\"url\":\"https:\\\/\\\/www.mylasertabac.com\\\/ca\\\/\",\"logo\":{\"@type\":\"ImageObject\",\"inLanguage\":\"ca\",\"@id\":\"https:\\\/\\\/www.mylasertabac.com\\\/ca\\\/#\\\/schema\\\/logo\\\/image\\\/\",\"url\":\"https:\\\/\\\/www.mylasertabac.com\\\/wp-content\\\/uploads\\\/2024\\\/12\\\/mlt-verteau.svg\",\"contentUrl\":\"https:\\\/\\\/www.mylasertabac.com\\\/wp-content\\\/uploads\\\/2024\\\/12\\\/mlt-verteau.svg\",\"caption\":\"My Laser Tabac\"},\"image\":{\"@id\":\"https:\\\/\\\/www.mylasertabac.com\\\/ca\\\/#\\\/schema\\\/logo\\\/image\\\/\"}},{\"@type\":\"Person\",\"@id\":\"https:\\\/\\\/www.mylasertabac.com\\\/ca\\\/#\\\/schema\\\/person\\\/02c249cb76d912efb6c315ec23eccdf3\",\"name\":\"Florian Fortes\",\"image\":{\"@type\":\"ImageObject\",\"inLanguage\":\"ca\",\"@id\":\"https:\\\/\\\/www.mylasertabac.com\\\/wp-content\\\/litespeed\\\/avatar\\\/142101a71d7b9e6490c1120d9c109a67.jpg?ver=1776856306\",\"url\":\"https:\\\/\\\/www.mylasertabac.com\\\/wp-content\\\/litespeed\\\/avatar\\\/142101a71d7b9e6490c1120d9c109a67.jpg?ver=1776856306\",\"contentUrl\":\"https:\\\/\\\/www.mylasertabac.com\\\/wp-content\\\/litespeed\\\/avatar\\\/142101a71d7b9e6490c1120d9c109a67.jpg?ver=1776856306\",\"caption\":\"Florian Fortes\"},\"sameAs\":[\"https:\\\/\\\/www.mylasertabac.com\",\"https:\\\/\\\/www.facebook.com\\\/profile.php?id=61571554707319\"],\"url\":\"https:\\\/\\\/www.mylasertabac.com\\\/ca\\\/author\\\/florianfortes5312\\\/\"}]}<\/script>\n<!-- \/ Yoast SEO plugin. -->","yoast_head_json":{"title":"Quins s\u00f3n els efectes secundaris de deixar de fumar? - My Laser Tabac","description":"Descobreix els efectes secundaris de deixar de fumar: nerviosisme, fatiga, desitjos de nicotina... Apr\u00e8n a recon\u00e8ixer-los i a superar-los per deixar de fumar amb \u00e8xit.","robots":{"index":"index","follow":"follow","max-snippet":"max-snippet:-1","max-image-preview":"max-image-preview:large","max-video-preview":"max-video-preview:-1"},"canonical":"https:\/\/www.mylasertabac.com\/ca\/quins-son-els-efectes-secundaris-de-deixar-de-fumar\/","og_locale":"ca_ES","og_type":"article","og_title":"Quins s\u00f3n els efectes secundaris de deixar de fumar? - My Laser Tabac","og_description":"Descobreix els efectes secundaris de deixar de fumar: nerviosisme, fatiga, desitjos de nicotina... Apr\u00e8n a recon\u00e8ixer-los i a superar-los per deixar de fumar amb \u00e8xit.","og_url":"https:\/\/www.mylasertabac.com\/ca\/quins-son-els-efectes-secundaris-de-deixar-de-fumar\/","og_site_name":"My Laser Tabac","article_author":"https:\/\/www.facebook.com\/profile.php?id=61571554707319","article_published_time":"2024-12-05T13:51:19+00:00","article_modified_time":"2025-02-24T14:11:09+00:00","og_image":[{"width":1179,"height":656,"url":"https:\/\/www.mylasertabac.com\/wp-content\/uploads\/2024\/12\/IMG_9039.jpg","type":"image\/jpeg"}],"author":"Florian Fortes","twitter_card":"summary_large_image","twitter_misc":{"Escrit per":"Florian Fortes","Temps estimat de lectura":"4 minuts"},"schema":{"@context":"https:\/\/schema.org","@graph":[{"@type":"Article","@id":"https:\/\/www.mylasertabac.com\/ca\/quins-son-els-efectes-secundaris-de-deixar-de-fumar\/#article","isPartOf":{"@id":"https:\/\/www.mylasertabac.com\/ca\/quins-son-els-efectes-secundaris-de-deixar-de-fumar\/"},"author":{"name":"Florian Fortes","@id":"https:\/\/www.mylasertabac.com\/ca\/#\/schema\/person\/02c249cb76d912efb6c315ec23eccdf3"},"headline":"Quins s\u00f3n els efectes secundaris de deixar de fumar?","datePublished":"2024-12-05T13:51:19+00:00","dateModified":"2025-02-24T14:11:09+00:00","mainEntityOfPage":{"@id":"https:\/\/www.mylasertabac.com\/ca\/quins-son-els-efectes-secundaris-de-deixar-de-fumar\/"},"wordCount":789,"publisher":{"@id":"https:\/\/www.mylasertabac.com\/ca\/#organization"},"image":{"@id":"https:\/\/www.mylasertabac.com\/ca\/quins-son-els-efectes-secundaris-de-deixar-de-fumar\/#primaryimage"},"thumbnailUrl":"https:\/\/www.mylasertabac.com\/wp-content\/uploads\/2024\/12\/IMG_9039.jpg","keywords":["deixar de fumar","deixar de fumar","m\u00e8tode de deslletament"],"articleSection":["Deixar de fumar","deixar de fumar","efecte de retirada","M\u00e8todes de deslletament","Salut"],"inLanguage":"ca"},{"@type":"WebPage","@id":"https:\/\/www.mylasertabac.com\/ca\/quins-son-els-efectes-secundaris-de-deixar-de-fumar\/","url":"https:\/\/www.mylasertabac.com\/ca\/quins-son-els-efectes-secundaris-de-deixar-de-fumar\/","name":"Quins s\u00f3n els efectes secundaris de deixar de fumar? - My Laser Tabac","isPartOf":{"@id":"https:\/\/www.mylasertabac.com\/ca\/#website"},"primaryImageOfPage":{"@id":"https:\/\/www.mylasertabac.com\/ca\/quins-son-els-efectes-secundaris-de-deixar-de-fumar\/#primaryimage"},"image":{"@id":"https:\/\/www.mylasertabac.com\/ca\/quins-son-els-efectes-secundaris-de-deixar-de-fumar\/#primaryimage"},"thumbnailUrl":"https:\/\/www.mylasertabac.com\/wp-content\/uploads\/2024\/12\/IMG_9039.jpg","datePublished":"2024-12-05T13:51:19+00:00","dateModified":"2025-02-24T14:11:09+00:00","description":"Descobreix els efectes secundaris de deixar de fumar: nerviosisme, fatiga, desitjos de nicotina... Apr\u00e8n a recon\u00e8ixer-los i a superar-los per deixar de fumar amb \u00e8xit.","breadcrumb":{"@id":"https:\/\/www.mylasertabac.com\/ca\/quins-son-els-efectes-secundaris-de-deixar-de-fumar\/#breadcrumb"},"inLanguage":"ca","potentialAction":[{"@type":"ReadAction","target":["https:\/\/www.mylasertabac.com\/ca\/quins-son-els-efectes-secundaris-de-deixar-de-fumar\/"]}]},{"@type":"ImageObject","inLanguage":"ca","@id":"https:\/\/www.mylasertabac.com\/ca\/quins-son-els-efectes-secundaris-de-deixar-de-fumar\/#primaryimage","url":"https:\/\/www.mylasertabac.com\/wp-content\/uploads\/2024\/12\/IMG_9039.jpg","contentUrl":"https:\/\/www.mylasertabac.com\/wp-content\/uploads\/2024\/12\/IMG_9039.jpg","width":1179,"height":656},{"@type":"BreadcrumbList","@id":"https:\/\/www.mylasertabac.com\/ca\/quins-son-els-efectes-secundaris-de-deixar-de-fumar\/#breadcrumb","itemListElement":[{"@type":"ListItem","position":1,"name":"Accueil","item":"https:\/\/www.mylasertabac.com\/ca\/benvingut\/"},{"@type":"ListItem","position":2,"name":"Quins s\u00f3n els efectes secundaris de deixar de fumar?"}]},{"@type":"WebSite","@id":"https:\/\/www.mylasertabac.com\/ca\/#website","url":"https:\/\/www.mylasertabac.com\/ca\/","name":"My Laser Tabac","description":"La solution laser qui transforme les fumeurs en ex-fumeurs","publisher":{"@id":"https:\/\/www.mylasertabac.com\/ca\/#organization"},"potentialAction":[{"@type":"SearchAction","target":{"@type":"EntryPoint","urlTemplate":"https:\/\/www.mylasertabac.com\/ca\/?s={search_term_string}"},"query-input":{"@type":"PropertyValueSpecification","valueRequired":true,"valueName":"search_term_string"}}],"inLanguage":"ca"},{"@type":"Organization","@id":"https:\/\/www.mylasertabac.com\/ca\/#organization","name":"My Laser Tabac","url":"https:\/\/www.mylasertabac.com\/ca\/","logo":{"@type":"ImageObject","inLanguage":"ca","@id":"https:\/\/www.mylasertabac.com\/ca\/#\/schema\/logo\/image\/","url":"https:\/\/www.mylasertabac.com\/wp-content\/uploads\/2024\/12\/mlt-verteau.svg","contentUrl":"https:\/\/www.mylasertabac.com\/wp-content\/uploads\/2024\/12\/mlt-verteau.svg","caption":"My Laser Tabac"},"image":{"@id":"https:\/\/www.mylasertabac.com\/ca\/#\/schema\/logo\/image\/"}},{"@type":"Person","@id":"https:\/\/www.mylasertabac.com\/ca\/#\/schema\/person\/02c249cb76d912efb6c315ec23eccdf3","name":"Florian Fortes","image":{"@type":"ImageObject","inLanguage":"ca","@id":"https:\/\/www.mylasertabac.com\/wp-content\/litespeed\/avatar\/142101a71d7b9e6490c1120d9c109a67.jpg?ver=1776856306","url":"https:\/\/www.mylasertabac.com\/wp-content\/litespeed\/avatar\/142101a71d7b9e6490c1120d9c109a67.jpg?ver=1776856306","contentUrl":"https:\/\/www.mylasertabac.com\/wp-content\/litespeed\/avatar\/142101a71d7b9e6490c1120d9c109a67.jpg?ver=1776856306","caption":"Florian Fortes"},"sameAs":["https:\/\/www.mylasertabac.com","https:\/\/www.facebook.com\/profile.php?id=61571554707319"],"url":"https:\/\/www.mylasertabac.com\/ca\/author\/florianfortes5312\/"}]}},"_links":{"self":[{"href":"https:\/\/www.mylasertabac.com\/ca\/wp-json\/wp\/v2\/posts\/2601","targetHints":{"allow":["GET"]}}],"collection":[{"href":"https:\/\/www.mylasertabac.com\/ca\/wp-json\/wp\/v2\/posts"}],"about":[{"href":"https:\/\/www.mylasertabac.com\/ca\/wp-json\/wp\/v2\/types\/post"}],"author":[{"embeddable":true,"href":"https:\/\/www.mylasertabac.com\/ca\/wp-json\/wp\/v2\/users\/2"}],"replies":[{"embeddable":true,"href":"https:\/\/www.mylasertabac.com\/ca\/wp-json\/wp\/v2\/comments?post=2601"}],"version-history":[{"count":2,"href":"https:\/\/www.mylasertabac.com\/ca\/wp-json\/wp\/v2\/posts\/2601\/revisions"}],"predecessor-version":[{"id":4516,"href":"https:\/\/www.mylasertabac.com\/ca\/wp-json\/wp\/v2\/posts\/2601\/revisions\/4516"}],"wp:featuredmedia":[{"embeddable":true,"href":"https:\/\/www.mylasertabac.com\/ca\/wp-json\/wp\/v2\/media\/1333"}],"wp:attachment":[{"href":"https:\/\/www.mylasertabac.com\/ca\/wp-json\/wp\/v2\/media?parent=2601"}],"wp:term":[{"taxonomy":"category","embeddable":true,"href":"https:\/\/www.mylasertabac.com\/ca\/wp-json\/wp\/v2\/categories?post=2601"},{"taxonomy":"post_tag","embeddable":true,"href":"https:\/\/www.mylasertabac.com\/ca\/wp-json\/wp\/v2\/tags?post=2601"}],"curies":[{"name":"wp","href":"https:\/\/api.w.org\/{rel}","templated":true}]}}