{"id":2928,"date":"2024-12-20T12:43:06","date_gmt":"2024-12-20T11:43:06","guid":{"rendered":"https:\/\/www.mylasertabac.com\/nadal-el-moment-perfecte-per-deixar-de-fumar-i-comencar-de-nou-el-2025\/"},"modified":"2025-01-28T15:59:39","modified_gmt":"2025-01-28T14:59:39","slug":"nadal-el-moment-perfecte-per-deixar-de-fumar-i-comencar-de-nou-el-2025","status":"publish","type":"post","link":"https:\/\/www.mylasertabac.com\/ca\/nadal-el-moment-perfecte-per-deixar-de-fumar-i-comencar-de-nou-el-2025\/","title":{"rendered":"Nadal: el moment perfecte per deixar de fumar i comen\u00e7ar de nou el 2025"},"content":{"rendered":"\n<div style=\"height:38px\" aria-hidden=\"true\" class=\"wp-block-spacer\"><\/div>\n\n<h2 class=\"wp-block-heading\"><strong>Un regal preci\u00f3s per a tu mateix<\/strong><\/h2>\n\n<div style=\"height:33px\" aria-hidden=\"true\" class=\"wp-block-spacer\"><\/div>\n\n<p><br\/>El Nadal \u00e9s una \u00e8poca \u00fanica de l&#8217;any, plena de m\u00e0gia i reflexi\u00f3. Entre moments de compartir i plans de futur, aquesta \u00e9s l&#8217;oportunitat perfecta per fer balan\u00e7 dels teus h\u00e0bits i plantejar-te canvis positius. Aquest any, per qu\u00e8 no fer de <strong>deixar de fumar<\/strong> el millor regal que et pots fer?  <\/p>\n\n<p>Amb el suport de <strong>MyLaserTabac<\/strong> , <strong>deixar de fumar<\/strong> esdev\u00e9 una realitat accessible, natural i indolora. Aquest article us convida a descobrir per qu\u00e8 el Nadal \u00e9s el moment ideal per dir <strong>que deixeu de fumar<\/strong> i prepareu-vos per a un futur m\u00e9s sa i ser\u00e8. <\/p>\n\n<div style=\"height:33px\" aria-hidden=\"true\" class=\"wp-block-spacer\"><\/div>\n\n<figure class=\"wp-block-image size-large\"><img fetchpriority=\"high\" decoding=\"async\" width=\"1024\" height=\"512\" src=\"https:\/\/www.mylasertabac.com\/wp-content\/uploads\/2024\/12\/IMG_9260-1024x512.jpg\" alt=\"\" class=\"wp-image-755\" srcset=\"https:\/\/www.mylasertabac.com\/wp-content\/uploads\/2024\/12\/IMG_9260-1024x512.jpg 1024w, https:\/\/www.mylasertabac.com\/wp-content\/uploads\/2024\/12\/IMG_9260-300x150.jpg 300w, https:\/\/www.mylasertabac.com\/wp-content\/uploads\/2024\/12\/IMG_9260-768x384.jpg 768w, https:\/\/www.mylasertabac.com\/wp-content\/uploads\/2024\/12\/IMG_9260.jpg 1200w\" sizes=\"(max-width: 1024px) 100vw, 1024px\" \/><\/figure>\n\n<div style=\"height:34px\" aria-hidden=\"true\" class=\"wp-block-spacer\"><\/div>\n\n<h2 class=\"wp-block-heading\"><strong>Nadal: temps de canvi<\/strong><\/h2>\n\n<div style=\"height:34px\" aria-hidden=\"true\" class=\"wp-block-spacer\"><\/div>\n\n<h3 class=\"wp-block-heading\"><strong>Un moment de reflexi\u00f3 personal<\/strong><\/h3>\n\n<div style=\"height:32px\" aria-hidden=\"true\" class=\"wp-block-spacer\"><\/div>\n\n<p>Per Nadal sovint pensem en els nostres \u00e9ssers estimats, per\u00f2 tamb\u00e9 \u00e9s un moment per pensar en nosaltres mateixos. Per qu\u00e8 no convertir aquest temps en una oportunitat per prendre decisions que benefici\u00efn la teva salut i benestar? <\/p>\n\n<p>Fumar \u00e9s un h\u00e0bit que no nom\u00e9s afecta el teu cos, sin\u00f3 tamb\u00e9 la teva ment i la teva cartera. Alliberant-vos d&#8217;aquesta depend\u00e8ncia, obteniu llibertat i proporcioneu una base m\u00e9s sana per al vostre futur. <\/p>\n\n<p class=\"has-cyan-bluish-gray-background-color has-background\">Aquest article et pot interessar: <a href=\"https:\/\/www.mylasertabac.com\/comment-nettoyer-le-corps-dun-fumeur\/\">Com netejar el cos d&#8217;un fumador?<\/a><\/p>\n\n<div style=\"height:32px\" aria-hidden=\"true\" class=\"wp-block-spacer\"><\/div>\n\n<h2 class=\"wp-block-heading\"><strong>Per qu\u00e8 deixar de fumar ara?<\/strong><\/h2>\n\n<div style=\"height:32px\" aria-hidden=\"true\" class=\"wp-block-spacer\"><\/div>\n\n<h3 class=\"wp-block-heading\"><strong>La salut recuperada<\/strong><\/h3>\n\n<div style=\"height:32px\" aria-hidden=\"true\" class=\"wp-block-spacer\"><\/div>\n\n<p>Els beneficis de <strong>deixar de fumar<\/strong> es noten des dels primers dies:<\/p>\n\n<div style=\"height:32px\" aria-hidden=\"true\" class=\"wp-block-spacer\"><\/div>\n\n<ul class=\"wp-block-list\">\n<li><strong>En 24 hores<\/strong> : la teva sang s&#8217;oxigena millor i la teva freq\u00fc\u00e8ncia card\u00edaca torna a la normalitat.<\/li>\n\n\n\n<li><strong>En 3 dies<\/strong> : Respires m\u00e9s f\u00e0cilment i augmenta la teva capacitat pulmonar.<\/li>\n\n\n\n<li><strong>En pocs mesos<\/strong> : la teva pell recupera la seva brillantor i el teu risc de patir malalties cardiovasculars disminueix considerablement.<\/li>\n<\/ul>\n\n<div style=\"height:32px\" aria-hidden=\"true\" class=\"wp-block-spacer\"><\/div>\n\n<p>Si decideixes deixar de fumar avui, est\u00e0s donant al teu cos l&#8217;oportunitat de regenerar-se. \u00c9s un regal inestimable per a la teva salut i la dels teus \u00e9ssers estimats. <\/p>\n\n<div style=\"height:32px\" aria-hidden=\"true\" class=\"wp-block-spacer\"><\/div>\n\n<figure class=\"wp-block-image size-large\"><img decoding=\"async\" width=\"1024\" height=\"652\" src=\"https:\/\/www.mylasertabac.com\/wp-content\/uploads\/2024\/12\/Mylasertabac-vous-permet-de-faire-des-economies-1024x652.jpeg\" alt=\"\" class=\"wp-image-756\" srcset=\"https:\/\/www.mylasertabac.com\/wp-content\/uploads\/2024\/12\/Mylasertabac-vous-permet-de-faire-des-economies-1024x652.jpeg 1024w, https:\/\/www.mylasertabac.com\/wp-content\/uploads\/2024\/12\/Mylasertabac-vous-permet-de-faire-des-economies-300x191.jpeg 300w, https:\/\/www.mylasertabac.com\/wp-content\/uploads\/2024\/12\/Mylasertabac-vous-permet-de-faire-des-economies-768x489.jpeg 768w, https:\/\/www.mylasertabac.com\/wp-content\/uploads\/2024\/12\/Mylasertabac-vous-permet-de-faire-des-economies.jpeg 1280w\" sizes=\"(max-width: 1024px) 100vw, 1024px\" \/><\/figure>\n\n<div style=\"height:32px\" aria-hidden=\"true\" class=\"wp-block-spacer\"><\/div>\n\n<h3 class=\"wp-block-heading\"><strong>2. Un gest per a la teva cartera<\/strong><\/h3>\n\n<div style=\"height:32px\" aria-hidden=\"true\" class=\"wp-block-spacer\"><\/div>\n\n<p>Un fumador mitj\u00e0 gasta uns <strong>4.000 euros anuals<\/strong> en cigarrets. Imagina tot el que pots aconseguir amb aquests diners: un viatge familiar, un projecte personal o simplement m\u00e9s tranquil\u00b7litat econ\u00f2mica. <\/p>\n\n<p>Deixar de fumar tamb\u00e9 \u00e9s un acte econ\u00f2mic. El m\u00e8tode <strong>MyLaserTabac<\/strong> us permet invertir en la vostra salut a un cost moderat, donant els seus fruits r\u00e0pidament. <\/p>\n\n<div style=\"height:32px\" aria-hidden=\"true\" class=\"wp-block-spacer\"><\/div>\n\n<h3 class=\"wp-block-heading\"><strong>3. Millora de la qualitat de vida<\/strong><\/h3>\n\n<div style=\"height:32px\" aria-hidden=\"true\" class=\"wp-block-spacer\"><\/div>\n\n<p>Fumar no nom\u00e9s afecta el teu cos, sin\u00f3 tamb\u00e9 la teva ment. L&#8217;estr\u00e8s lligat a l&#8217;addicci\u00f3, la por a la malaltia o fins i tot la culpa envers els teus \u00e9ssers estimats desapareixen quan dius <strong>deixar de fumar<\/strong> . Trobeu una nova vida, literal i figuradament.  <\/p>\n\n<div style=\"height:32px\" aria-hidden=\"true\" class=\"wp-block-spacer\"><\/div>\n\n<figure class=\"wp-block-image size-large\"><img decoding=\"async\" src=\"https:\/\/www.mylasertabac.com\/wp-content\/uploads\/\/mlt-verteau.svg\" alt=\"\" class=\"wp-image-13\"\/><\/figure>\n\n<div style=\"height:32px\" aria-hidden=\"true\" class=\"wp-block-spacer\"><\/div>\n\n<h2 class=\"wp-block-heading\"><strong>Per qu\u00e8 triar el m\u00e8tode MyLaserTabac?<\/strong><\/h2>\n\n<div style=\"height:32px\" aria-hidden=\"true\" class=\"wp-block-spacer\"><\/div>\n\n<h3 class=\"wp-block-heading\"><strong>Un acompanyament modern i natural<\/strong><\/h3>\n\n<div style=\"height:32px\" aria-hidden=\"true\" class=\"wp-block-spacer\"><\/div>\n\n<p><strong>MyLaserTabac<\/strong> ofereix una soluci\u00f3 innovadora i natural per alliberar-vos de la vostra addicci\u00f3. El m\u00e8tode es basa en l&#8217;estimulaci\u00f3 dels punts auriculars mitjan\u00e7ant un raig l\u00e0ser suau. Aquesta t\u00e8cnica:  <\/p>\n\n<div style=\"height:32px\" aria-hidden=\"true\" class=\"wp-block-spacer\"><\/div>\n\n<ul class=\"wp-block-list\">\n<li>Redueix els desitjos de fumar,<\/li>\n\n\n\n<li>Alleuja l&#8217;estr\u00e8s relacionat amb la retirada,<\/li>\n\n\n\n<li>Ajuda a prevenir les recaigudes.<\/li>\n<\/ul>\n\n<div style=\"height:32px\" aria-hidden=\"true\" class=\"wp-block-spacer\"><\/div>\n\n<p>Tot en una sessi\u00f3, indolor i sense efectes secundaris. Amb una taxa d&#8217;\u00e8xit del <strong>90%<\/strong> , \u00e9s un m\u00e8tode provat per <strong>deixar de fumar<\/strong> de manera duradora. <\/p>\n\n<div style=\"height:32px\" aria-hidden=\"true\" class=\"wp-block-spacer\"><\/div>\n\n<h3 class=\"wp-block-heading\"><strong>Un equip dedicat al teu \u00e8xit<\/strong><\/h3>\n\n<div style=\"height:32px\" aria-hidden=\"true\" class=\"wp-block-spacer\"><\/div>\n\n<p>Els nostres professionals qualificats us donen suport amb amabilitat i experi\u00e8ncia. Cada sessi\u00f3 es personalitza per satisfer les vostres necessitats espec\u00edfiques, per maximitzar les vostres possibilitats d&#8217;\u00e8xit. <\/p>\n\n<div style=\"height:32px\" aria-hidden=\"true\" class=\"wp-block-spacer\"><\/div>\n\n<h2 class=\"wp-block-heading\"><strong>Nadal: el moment perfecte per prendre bons prop\u00f2sits<\/strong><\/h2>\n\n<div style=\"height:32px\" aria-hidden=\"true\" class=\"wp-block-spacer\"><\/div>\n\n<h3 class=\"wp-block-heading\"><strong>Un nou comen\u00e7ament per al 2025<\/strong><\/h3>\n\n<div style=\"height:32px\" aria-hidden=\"true\" class=\"wp-block-spacer\"><\/div>\n\n<p>El Nadal marca el final d&#8217;un any i l&#8217;inici d&#8217;un altre. Ara \u00e9s el moment perfecte per establir les bases d&#8217;un futur millor. Deixar de fumar \u00e9s molt m\u00e9s que una bona resoluci\u00f3: \u00e9s una transformaci\u00f3 de la vida que beneficia la teva salut, els que t&#8217;envolten i el teu pressupost.  <\/p>\n\n<div style=\"height:32px\" aria-hidden=\"true\" class=\"wp-block-spacer\"><\/div>\n\n<h3 class=\"wp-block-heading\"><strong>Preneu acci\u00f3 ara<\/strong><\/h3>\n\n<div style=\"height:32px\" aria-hidden=\"true\" class=\"wp-block-spacer\"><\/div>\n\n<p>Per qu\u00e8 esperar? Cada dia sense tabac \u00e9s una vict\u00f2ria. En demanar una cita a <strong>MyLaserTabac<\/strong> avui, t&#8217;est\u00e0s donant un futur sense fum, on la salut i la serenitat per fi ocupen el lloc que es mereixen.  <\/p>\n\n<div style=\"height:32px\" aria-hidden=\"true\" class=\"wp-block-spacer\"><\/div>\n\n<hr class=\"wp-block-separator has-alpha-channel-opacity\" \/>\n\n<h2 class=\"wp-block-heading\"><strong>Conclusi\u00f3: Gaudeix d&#8217;una vida sense tabac<\/strong><\/h2>\n\n<div style=\"height:32px\" aria-hidden=\"true\" class=\"wp-block-spacer\"><\/div>\n\n<p>Aquest Nadal, pensa en tu i en els teus \u00e9ssers estimats. Dir <strong><a href=\"https:\/\/www.mylasertabac.com\/ca\/\">deixar de fumar<\/a><\/strong> mai no ha estat tan senzill ni tan benefici\u00f3s. Amb <strong><a href=\"https:\/\/www.mylasertabac.com\/ca\/\">MyLaserTabac<\/a><\/strong> , tens al teu abast  <\/p>\n\n<p><\/p>\n","protected":false},"excerpt":{"rendered":"<p>Un regal preci\u00f3s per a tu mateix El Nadal \u00e9s una \u00e8poca \u00fanica de l&#8217;any, plena de m\u00e0gia i reflexi\u00f3. Entre moments de compartir i plans de futur, aquesta \u00e9s l&#8217;oportunitat perfecta per fer balan\u00e7 dels teus h\u00e0bits i plantejar-te canvis positius. Aquest any, per qu\u00e8 no fer de deixar de fumar el millor regal [&hellip;]<\/p>\n","protected":false},"author":2,"featured_media":1993,"comment_status":"closed","ping_status":"open","sticky":false,"template":"","format":"standard","meta":{"inline_featured_image":false,"footnotes":""},"categories":[82],"tags":[],"class_list":["post-2928","post","type-post","status-publish","format-standard","has-post-thumbnail","hentry","category-uncategorized-ca"],"yoast_head":"<!-- This site is optimized with the Yoast SEO plugin v27.4 - https:\/\/yoast.com\/product\/yoast-seo-wordpress\/ -->\n<title>El Nadal \u00e9s el moment perfecte per deixar de fumar.<\/title>\n<meta name=\"description\" content=\"Deixeu de fumar per Nadal amb MyLaserTabac. Un m\u00e8tode efica\u00e7 per a una vida sense tabac el 2025. Demana cita ara!\" \/>\n<meta name=\"robots\" content=\"index, follow, max-snippet:-1, max-image-preview:large, max-video-preview:-1\" \/>\n<link rel=\"canonical\" href=\"https:\/\/www.mylasertabac.com\/ca\/nadal-el-moment-perfecte-per-deixar-de-fumar-i-comencar-de-nou-el-2025\/\" \/>\n<meta property=\"og:locale\" content=\"ca_ES\" \/>\n<meta property=\"og:type\" content=\"article\" \/>\n<meta property=\"og:title\" content=\"El Nadal \u00e9s el moment perfecte per deixar de fumar.\" \/>\n<meta property=\"og:description\" content=\"Deixeu de fumar per Nadal amb MyLaserTabac. Un m\u00e8tode efica\u00e7 per a una vida sense tabac el 2025. Demana cita ara!\" \/>\n<meta property=\"og:url\" content=\"https:\/\/www.mylasertabac.com\/ca\/nadal-el-moment-perfecte-per-deixar-de-fumar-i-comencar-de-nou-el-2025\/\" \/>\n<meta property=\"og:site_name\" content=\"My Laser Tabac\" \/>\n<meta property=\"article:author\" content=\"https:\/\/www.facebook.com\/profile.php?id=61571554707319\" \/>\n<meta property=\"article:published_time\" content=\"2024-12-20T11:43:06+00:00\" \/>\n<meta property=\"article:modified_time\" content=\"2025-01-28T14:59:39+00:00\" \/>\n<meta property=\"og:image\" content=\"https:\/\/www.mylasertabac.com\/wp-content\/uploads\/2024\/12\/IMG_9259.jpg\" \/>\n\t<meta property=\"og:image:width\" content=\"1167\" \/>\n\t<meta property=\"og:image:height\" content=\"930\" \/>\n\t<meta property=\"og:image:type\" content=\"image\/jpeg\" \/>\n<meta name=\"author\" content=\"Florian Fortes\" \/>\n<meta name=\"twitter:card\" content=\"summary_large_image\" \/>\n<meta name=\"twitter:label1\" content=\"Escrit per\" \/>\n\t<meta name=\"twitter:data1\" content=\"Florian Fortes\" \/>\n\t<meta name=\"twitter:label2\" content=\"Temps estimat de lectura\" \/>\n\t<meta name=\"twitter:data2\" content=\"4 minuts\" \/>\n<script type=\"application\/ld+json\" class=\"yoast-schema-graph\">{\"@context\":\"https:\\\/\\\/schema.org\",\"@graph\":[{\"@type\":\"Article\",\"@id\":\"https:\\\/\\\/www.mylasertabac.com\\\/ca\\\/nadal-el-moment-perfecte-per-deixar-de-fumar-i-comencar-de-nou-el-2025\\\/#article\",\"isPartOf\":{\"@id\":\"https:\\\/\\\/www.mylasertabac.com\\\/ca\\\/nadal-el-moment-perfecte-per-deixar-de-fumar-i-comencar-de-nou-el-2025\\\/\"},\"author\":{\"name\":\"Florian Fortes\",\"@id\":\"https:\\\/\\\/www.mylasertabac.com\\\/ca\\\/#\\\/schema\\\/person\\\/02c249cb76d912efb6c315ec23eccdf3\"},\"headline\":\"Nadal: el moment perfecte per deixar de fumar i comen\u00e7ar de nou el 2025\",\"datePublished\":\"2024-12-20T11:43:06+00:00\",\"dateModified\":\"2025-01-28T14:59:39+00:00\",\"mainEntityOfPage\":{\"@id\":\"https:\\\/\\\/www.mylasertabac.com\\\/ca\\\/nadal-el-moment-perfecte-per-deixar-de-fumar-i-comencar-de-nou-el-2025\\\/\"},\"wordCount\":732,\"publisher\":{\"@id\":\"https:\\\/\\\/www.mylasertabac.com\\\/ca\\\/#organization\"},\"image\":{\"@id\":\"https:\\\/\\\/www.mylasertabac.com\\\/ca\\\/nadal-el-moment-perfecte-per-deixar-de-fumar-i-comencar-de-nou-el-2025\\\/#primaryimage\"},\"thumbnailUrl\":\"https:\\\/\\\/www.mylasertabac.com\\\/wp-content\\\/uploads\\\/2024\\\/12\\\/IMG_9259.jpg\",\"articleSection\":[\"Uncategorized @ca\"],\"inLanguage\":\"ca\"},{\"@type\":\"WebPage\",\"@id\":\"https:\\\/\\\/www.mylasertabac.com\\\/ca\\\/nadal-el-moment-perfecte-per-deixar-de-fumar-i-comencar-de-nou-el-2025\\\/\",\"url\":\"https:\\\/\\\/www.mylasertabac.com\\\/ca\\\/nadal-el-moment-perfecte-per-deixar-de-fumar-i-comencar-de-nou-el-2025\\\/\",\"name\":\"El Nadal \u00e9s el moment perfecte per deixar de fumar.\",\"isPartOf\":{\"@id\":\"https:\\\/\\\/www.mylasertabac.com\\\/ca\\\/#website\"},\"primaryImageOfPage\":{\"@id\":\"https:\\\/\\\/www.mylasertabac.com\\\/ca\\\/nadal-el-moment-perfecte-per-deixar-de-fumar-i-comencar-de-nou-el-2025\\\/#primaryimage\"},\"image\":{\"@id\":\"https:\\\/\\\/www.mylasertabac.com\\\/ca\\\/nadal-el-moment-perfecte-per-deixar-de-fumar-i-comencar-de-nou-el-2025\\\/#primaryimage\"},\"thumbnailUrl\":\"https:\\\/\\\/www.mylasertabac.com\\\/wp-content\\\/uploads\\\/2024\\\/12\\\/IMG_9259.jpg\",\"datePublished\":\"2024-12-20T11:43:06+00:00\",\"dateModified\":\"2025-01-28T14:59:39+00:00\",\"description\":\"Deixeu de fumar per Nadal amb MyLaserTabac. Un m\u00e8tode efica\u00e7 per a una vida sense tabac el 2025. Demana cita ara!\",\"breadcrumb\":{\"@id\":\"https:\\\/\\\/www.mylasertabac.com\\\/ca\\\/nadal-el-moment-perfecte-per-deixar-de-fumar-i-comencar-de-nou-el-2025\\\/#breadcrumb\"},\"inLanguage\":\"ca\",\"potentialAction\":[{\"@type\":\"ReadAction\",\"target\":[\"https:\\\/\\\/www.mylasertabac.com\\\/ca\\\/nadal-el-moment-perfecte-per-deixar-de-fumar-i-comencar-de-nou-el-2025\\\/\"]}]},{\"@type\":\"ImageObject\",\"inLanguage\":\"ca\",\"@id\":\"https:\\\/\\\/www.mylasertabac.com\\\/ca\\\/nadal-el-moment-perfecte-per-deixar-de-fumar-i-comencar-de-nou-el-2025\\\/#primaryimage\",\"url\":\"https:\\\/\\\/www.mylasertabac.com\\\/wp-content\\\/uploads\\\/2024\\\/12\\\/IMG_9259.jpg\",\"contentUrl\":\"https:\\\/\\\/www.mylasertabac.com\\\/wp-content\\\/uploads\\\/2024\\\/12\\\/IMG_9259.jpg\",\"width\":1167,\"height\":930},{\"@type\":\"BreadcrumbList\",\"@id\":\"https:\\\/\\\/www.mylasertabac.com\\\/ca\\\/nadal-el-moment-perfecte-per-deixar-de-fumar-i-comencar-de-nou-el-2025\\\/#breadcrumb\",\"itemListElement\":[{\"@type\":\"ListItem\",\"position\":1,\"name\":\"Accueil\",\"item\":\"https:\\\/\\\/www.mylasertabac.com\\\/ca\\\/benvingut\\\/\"},{\"@type\":\"ListItem\",\"position\":2,\"name\":\"Nadal: el moment perfecte per deixar de fumar i comen\u00e7ar de nou el 2025\"}]},{\"@type\":\"WebSite\",\"@id\":\"https:\\\/\\\/www.mylasertabac.com\\\/ca\\\/#website\",\"url\":\"https:\\\/\\\/www.mylasertabac.com\\\/ca\\\/\",\"name\":\"My Laser Tabac\",\"description\":\"La solution laser qui transforme les fumeurs en ex-fumeurs\",\"publisher\":{\"@id\":\"https:\\\/\\\/www.mylasertabac.com\\\/ca\\\/#organization\"},\"potentialAction\":[{\"@type\":\"SearchAction\",\"target\":{\"@type\":\"EntryPoint\",\"urlTemplate\":\"https:\\\/\\\/www.mylasertabac.com\\\/ca\\\/?s={search_term_string}\"},\"query-input\":{\"@type\":\"PropertyValueSpecification\",\"valueRequired\":true,\"valueName\":\"search_term_string\"}}],\"inLanguage\":\"ca\"},{\"@type\":\"Organization\",\"@id\":\"https:\\\/\\\/www.mylasertabac.com\\\/ca\\\/#organization\",\"name\":\"My Laser Tabac\",\"url\":\"https:\\\/\\\/www.mylasertabac.com\\\/ca\\\/\",\"logo\":{\"@type\":\"ImageObject\",\"inLanguage\":\"ca\",\"@id\":\"https:\\\/\\\/www.mylasertabac.com\\\/ca\\\/#\\\/schema\\\/logo\\\/image\\\/\",\"url\":\"https:\\\/\\\/www.mylasertabac.com\\\/wp-content\\\/uploads\\\/2024\\\/12\\\/mlt-verteau.svg\",\"contentUrl\":\"https:\\\/\\\/www.mylasertabac.com\\\/wp-content\\\/uploads\\\/2024\\\/12\\\/mlt-verteau.svg\",\"caption\":\"My Laser Tabac\"},\"image\":{\"@id\":\"https:\\\/\\\/www.mylasertabac.com\\\/ca\\\/#\\\/schema\\\/logo\\\/image\\\/\"}},{\"@type\":\"Person\",\"@id\":\"https:\\\/\\\/www.mylasertabac.com\\\/ca\\\/#\\\/schema\\\/person\\\/02c249cb76d912efb6c315ec23eccdf3\",\"name\":\"Florian Fortes\",\"image\":{\"@type\":\"ImageObject\",\"inLanguage\":\"ca\",\"@id\":\"https:\\\/\\\/www.mylasertabac.com\\\/wp-content\\\/litespeed\\\/avatar\\\/142101a71d7b9e6490c1120d9c109a67.jpg?ver=1776856306\",\"url\":\"https:\\\/\\\/www.mylasertabac.com\\\/wp-content\\\/litespeed\\\/avatar\\\/142101a71d7b9e6490c1120d9c109a67.jpg?ver=1776856306\",\"contentUrl\":\"https:\\\/\\\/www.mylasertabac.com\\\/wp-content\\\/litespeed\\\/avatar\\\/142101a71d7b9e6490c1120d9c109a67.jpg?ver=1776856306\",\"caption\":\"Florian Fortes\"},\"sameAs\":[\"https:\\\/\\\/www.mylasertabac.com\",\"https:\\\/\\\/www.facebook.com\\\/profile.php?id=61571554707319\"],\"url\":\"https:\\\/\\\/www.mylasertabac.com\\\/ca\\\/author\\\/florianfortes5312\\\/\"}]}<\/script>\n<!-- \/ Yoast SEO plugin. -->","yoast_head_json":{"title":"El Nadal \u00e9s el moment perfecte per deixar de fumar.","description":"Deixeu de fumar per Nadal amb MyLaserTabac. Un m\u00e8tode efica\u00e7 per a una vida sense tabac el 2025. Demana cita ara!","robots":{"index":"index","follow":"follow","max-snippet":"max-snippet:-1","max-image-preview":"max-image-preview:large","max-video-preview":"max-video-preview:-1"},"canonical":"https:\/\/www.mylasertabac.com\/ca\/nadal-el-moment-perfecte-per-deixar-de-fumar-i-comencar-de-nou-el-2025\/","og_locale":"ca_ES","og_type":"article","og_title":"El Nadal \u00e9s el moment perfecte per deixar de fumar.","og_description":"Deixeu de fumar per Nadal amb MyLaserTabac. Un m\u00e8tode efica\u00e7 per a una vida sense tabac el 2025. Demana cita ara!","og_url":"https:\/\/www.mylasertabac.com\/ca\/nadal-el-moment-perfecte-per-deixar-de-fumar-i-comencar-de-nou-el-2025\/","og_site_name":"My Laser Tabac","article_author":"https:\/\/www.facebook.com\/profile.php?id=61571554707319","article_published_time":"2024-12-20T11:43:06+00:00","article_modified_time":"2025-01-28T14:59:39+00:00","og_image":[{"width":1167,"height":930,"url":"https:\/\/www.mylasertabac.com\/wp-content\/uploads\/2024\/12\/IMG_9259.jpg","type":"image\/jpeg"}],"author":"Florian Fortes","twitter_card":"summary_large_image","twitter_misc":{"Escrit per":"Florian Fortes","Temps estimat de lectura":"4 minuts"},"schema":{"@context":"https:\/\/schema.org","@graph":[{"@type":"Article","@id":"https:\/\/www.mylasertabac.com\/ca\/nadal-el-moment-perfecte-per-deixar-de-fumar-i-comencar-de-nou-el-2025\/#article","isPartOf":{"@id":"https:\/\/www.mylasertabac.com\/ca\/nadal-el-moment-perfecte-per-deixar-de-fumar-i-comencar-de-nou-el-2025\/"},"author":{"name":"Florian Fortes","@id":"https:\/\/www.mylasertabac.com\/ca\/#\/schema\/person\/02c249cb76d912efb6c315ec23eccdf3"},"headline":"Nadal: el moment perfecte per deixar de fumar i comen\u00e7ar de nou el 2025","datePublished":"2024-12-20T11:43:06+00:00","dateModified":"2025-01-28T14:59:39+00:00","mainEntityOfPage":{"@id":"https:\/\/www.mylasertabac.com\/ca\/nadal-el-moment-perfecte-per-deixar-de-fumar-i-comencar-de-nou-el-2025\/"},"wordCount":732,"publisher":{"@id":"https:\/\/www.mylasertabac.com\/ca\/#organization"},"image":{"@id":"https:\/\/www.mylasertabac.com\/ca\/nadal-el-moment-perfecte-per-deixar-de-fumar-i-comencar-de-nou-el-2025\/#primaryimage"},"thumbnailUrl":"https:\/\/www.mylasertabac.com\/wp-content\/uploads\/2024\/12\/IMG_9259.jpg","articleSection":["Uncategorized @ca"],"inLanguage":"ca"},{"@type":"WebPage","@id":"https:\/\/www.mylasertabac.com\/ca\/nadal-el-moment-perfecte-per-deixar-de-fumar-i-comencar-de-nou-el-2025\/","url":"https:\/\/www.mylasertabac.com\/ca\/nadal-el-moment-perfecte-per-deixar-de-fumar-i-comencar-de-nou-el-2025\/","name":"El Nadal \u00e9s el moment perfecte per deixar de fumar.","isPartOf":{"@id":"https:\/\/www.mylasertabac.com\/ca\/#website"},"primaryImageOfPage":{"@id":"https:\/\/www.mylasertabac.com\/ca\/nadal-el-moment-perfecte-per-deixar-de-fumar-i-comencar-de-nou-el-2025\/#primaryimage"},"image":{"@id":"https:\/\/www.mylasertabac.com\/ca\/nadal-el-moment-perfecte-per-deixar-de-fumar-i-comencar-de-nou-el-2025\/#primaryimage"},"thumbnailUrl":"https:\/\/www.mylasertabac.com\/wp-content\/uploads\/2024\/12\/IMG_9259.jpg","datePublished":"2024-12-20T11:43:06+00:00","dateModified":"2025-01-28T14:59:39+00:00","description":"Deixeu de fumar per Nadal amb MyLaserTabac. Un m\u00e8tode efica\u00e7 per a una vida sense tabac el 2025. Demana cita ara!","breadcrumb":{"@id":"https:\/\/www.mylasertabac.com\/ca\/nadal-el-moment-perfecte-per-deixar-de-fumar-i-comencar-de-nou-el-2025\/#breadcrumb"},"inLanguage":"ca","potentialAction":[{"@type":"ReadAction","target":["https:\/\/www.mylasertabac.com\/ca\/nadal-el-moment-perfecte-per-deixar-de-fumar-i-comencar-de-nou-el-2025\/"]}]},{"@type":"ImageObject","inLanguage":"ca","@id":"https:\/\/www.mylasertabac.com\/ca\/nadal-el-moment-perfecte-per-deixar-de-fumar-i-comencar-de-nou-el-2025\/#primaryimage","url":"https:\/\/www.mylasertabac.com\/wp-content\/uploads\/2024\/12\/IMG_9259.jpg","contentUrl":"https:\/\/www.mylasertabac.com\/wp-content\/uploads\/2024\/12\/IMG_9259.jpg","width":1167,"height":930},{"@type":"BreadcrumbList","@id":"https:\/\/www.mylasertabac.com\/ca\/nadal-el-moment-perfecte-per-deixar-de-fumar-i-comencar-de-nou-el-2025\/#breadcrumb","itemListElement":[{"@type":"ListItem","position":1,"name":"Accueil","item":"https:\/\/www.mylasertabac.com\/ca\/benvingut\/"},{"@type":"ListItem","position":2,"name":"Nadal: el moment perfecte per deixar de fumar i comen\u00e7ar de nou el 2025"}]},{"@type":"WebSite","@id":"https:\/\/www.mylasertabac.com\/ca\/#website","url":"https:\/\/www.mylasertabac.com\/ca\/","name":"My Laser Tabac","description":"La solution laser qui transforme les fumeurs en ex-fumeurs","publisher":{"@id":"https:\/\/www.mylasertabac.com\/ca\/#organization"},"potentialAction":[{"@type":"SearchAction","target":{"@type":"EntryPoint","urlTemplate":"https:\/\/www.mylasertabac.com\/ca\/?s={search_term_string}"},"query-input":{"@type":"PropertyValueSpecification","valueRequired":true,"valueName":"search_term_string"}}],"inLanguage":"ca"},{"@type":"Organization","@id":"https:\/\/www.mylasertabac.com\/ca\/#organization","name":"My Laser Tabac","url":"https:\/\/www.mylasertabac.com\/ca\/","logo":{"@type":"ImageObject","inLanguage":"ca","@id":"https:\/\/www.mylasertabac.com\/ca\/#\/schema\/logo\/image\/","url":"https:\/\/www.mylasertabac.com\/wp-content\/uploads\/2024\/12\/mlt-verteau.svg","contentUrl":"https:\/\/www.mylasertabac.com\/wp-content\/uploads\/2024\/12\/mlt-verteau.svg","caption":"My Laser Tabac"},"image":{"@id":"https:\/\/www.mylasertabac.com\/ca\/#\/schema\/logo\/image\/"}},{"@type":"Person","@id":"https:\/\/www.mylasertabac.com\/ca\/#\/schema\/person\/02c249cb76d912efb6c315ec23eccdf3","name":"Florian Fortes","image":{"@type":"ImageObject","inLanguage":"ca","@id":"https:\/\/www.mylasertabac.com\/wp-content\/litespeed\/avatar\/142101a71d7b9e6490c1120d9c109a67.jpg?ver=1776856306","url":"https:\/\/www.mylasertabac.com\/wp-content\/litespeed\/avatar\/142101a71d7b9e6490c1120d9c109a67.jpg?ver=1776856306","contentUrl":"https:\/\/www.mylasertabac.com\/wp-content\/litespeed\/avatar\/142101a71d7b9e6490c1120d9c109a67.jpg?ver=1776856306","caption":"Florian Fortes"},"sameAs":["https:\/\/www.mylasertabac.com","https:\/\/www.facebook.com\/profile.php?id=61571554707319"],"url":"https:\/\/www.mylasertabac.com\/ca\/author\/florianfortes5312\/"}]}},"_links":{"self":[{"href":"https:\/\/www.mylasertabac.com\/ca\/wp-json\/wp\/v2\/posts\/2928","targetHints":{"allow":["GET"]}}],"collection":[{"href":"https:\/\/www.mylasertabac.com\/ca\/wp-json\/wp\/v2\/posts"}],"about":[{"href":"https:\/\/www.mylasertabac.com\/ca\/wp-json\/wp\/v2\/types\/post"}],"author":[{"embeddable":true,"href":"https:\/\/www.mylasertabac.com\/ca\/wp-json\/wp\/v2\/users\/2"}],"replies":[{"embeddable":true,"href":"https:\/\/www.mylasertabac.com\/ca\/wp-json\/wp\/v2\/comments?post=2928"}],"version-history":[{"count":1,"href":"https:\/\/www.mylasertabac.com\/ca\/wp-json\/wp\/v2\/posts\/2928\/revisions"}],"predecessor-version":[{"id":2930,"href":"https:\/\/www.mylasertabac.com\/ca\/wp-json\/wp\/v2\/posts\/2928\/revisions\/2930"}],"wp:featuredmedia":[{"embeddable":true,"href":"https:\/\/www.mylasertabac.com\/ca\/wp-json\/wp\/v2\/media\/1993"}],"wp:attachment":[{"href":"https:\/\/www.mylasertabac.com\/ca\/wp-json\/wp\/v2\/media?parent=2928"}],"wp:term":[{"taxonomy":"category","embeddable":true,"href":"https:\/\/www.mylasertabac.com\/ca\/wp-json\/wp\/v2\/categories?post=2928"},{"taxonomy":"post_tag","embeddable":true,"href":"https:\/\/www.mylasertabac.com\/ca\/wp-json\/wp\/v2\/tags?post=2928"}],"curies":[{"name":"wp","href":"https:\/\/api.w.org\/{rel}","templated":true}]}}