{"id":3169,"date":"2024-12-09T11:12:42","date_gmt":"2024-12-09T10:12:42","guid":{"rendered":"https:\/\/www.mylasertabac.com\/per-que-fumar-augmenta-el-risc-de-perdre-la-visio\/"},"modified":"2025-01-28T16:02:45","modified_gmt":"2025-01-28T15:02:45","slug":"per-que-fumar-augmenta-el-risc-de-perdre-la-visio","status":"publish","type":"post","link":"https:\/\/www.mylasertabac.com\/ca\/per-que-fumar-augmenta-el-risc-de-perdre-la-visio\/","title":{"rendered":"Per qu\u00e8 fumar augmenta el risc de perdre la visi\u00f3?"},"content":{"rendered":"\n<div style=\"height:40px\" aria-hidden=\"true\" class=\"wp-block-spacer\"><\/div>\n\n<p>El tabaquisme \u00e9s conegut pels seus efectes devastadors sobre la salut, per\u00f2 sab\u00edeu que tamb\u00e9 \u00e9s un dels factors agreujants en la reducci\u00f3 de la capacitat visual? De fet, fumar afecta greument els ulls, augmentant el risc de patir problemes oculars i malalties greus que poden conduir a la ceguesa. En aquest article, explorarem els vincles entre el tabac i la salut ocular, aix\u00ed com les solucions per prevenir aquests riscos.  <\/p>\n\n<div style=\"height:40px\" aria-hidden=\"true\" class=\"wp-block-spacer\"><\/div>\n\n<h2 class=\"wp-block-heading\"><strong>Problemes de visi\u00f3 i tabaquisme<\/strong><\/h2>\n\n<div style=\"height:40px\" aria-hidden=\"true\" class=\"wp-block-spacer\"><\/div>\n\n<p>Els cigarrets contenen m\u00e9s de 7.000 productes qu\u00edmics, molts dels quals s\u00f3n t\u00f2xics per al cos, inclosos els ulls. Aquestes subst\u00e0ncies qu\u00edmiques entren al sistema sanguini i afecten directament els teixits sensibles dels ulls. <\/p>\n\n<p>Els fumadors tenen un major risc de desenvolupar malalties visuals greus com <strong>la degeneraci\u00f3 macular relacionada amb l&#8217;edat (DMAE)<\/strong> , les cataractes i la retinopatia diab\u00e8tica. Els estudis demostren que els fumadors tenen dues o tres vegades m\u00e9s probabilitats de perdre la visi\u00f3 en comparaci\u00f3 amb els no fumadors. <\/p>\n\n<div style=\"height:40px\" aria-hidden=\"true\" class=\"wp-block-spacer\"><\/div>\n\n<figure class=\"wp-block-image size-large\"><img fetchpriority=\"high\" decoding=\"async\" width=\"1024\" height=\"578\" src=\"https:\/\/www.mylasertabac.com\/wp-content\/uploads\/2024\/12\/IMG_9101-1024x578.jpg\" alt=\"\" class=\"wp-image-333\" srcset=\"https:\/\/www.mylasertabac.com\/wp-content\/uploads\/2024\/12\/IMG_9101-1024x578.jpg 1024w, https:\/\/www.mylasertabac.com\/wp-content\/uploads\/2024\/12\/IMG_9101-300x169.jpg 300w, https:\/\/www.mylasertabac.com\/wp-content\/uploads\/2024\/12\/IMG_9101-768x434.jpg 768w, https:\/\/www.mylasertabac.com\/wp-content\/uploads\/2024\/12\/IMG_9101.jpg 1179w\" sizes=\"(max-width: 1024px) 100vw, 1024px\" \/><\/figure>\n\n<div style=\"height:40px\" aria-hidden=\"true\" class=\"wp-block-spacer\"><\/div>\n\n<h2 class=\"wp-block-heading\"><strong>Com afecta el tabac a la nostra vista?<\/strong><\/h2>\n\n<div style=\"height:40px\" aria-hidden=\"true\" class=\"wp-block-spacer\"><\/div>\n\n<h3 class=\"wp-block-heading\"><strong>1. Circulaci\u00f3 sangu\u00ednia redu\u00efda<\/strong><\/h3>\n\n<div style=\"height:40px\" aria-hidden=\"true\" class=\"wp-block-spacer\"><\/div>\n\n<p>La nicotina i el mon\u00f2xid de carboni dels cigarrets redueixen el flux sanguini als teixits \u00f2ptics. Aquesta reducci\u00f3 de l&#8217;oxigenaci\u00f3 debilita la retina, una \u00e0rea clau de l&#8217;ull responsable de la visi\u00f3 central. <\/p>\n\n<div style=\"height:40px\" aria-hidden=\"true\" class=\"wp-block-spacer\"><\/div>\n\n<h3 class=\"wp-block-heading\"><strong>2. Dany a les c\u00e8l\u00b7lules de la retina<\/strong><\/h3>\n\n<div style=\"height:40px\" aria-hidden=\"true\" class=\"wp-block-spacer\"><\/div>\n\n<p>Els productes qu\u00edmics del tabac causen danys oxidatius a les c\u00e8l\u00b7lules de la retina. Aquest dany s&#8217;acumula amb el temps, augmentant el risc de <strong>degeneraci\u00f3 macular<\/strong> . <\/p>\n\n<div style=\"height:40px\" aria-hidden=\"true\" class=\"wp-block-spacer\"><\/div>\n\n<h3 class=\"wp-block-heading\"><strong>3. Impacte en el sistema immunitari dels ulls<\/strong><\/h3>\n\n<div style=\"height:40px\" aria-hidden=\"true\" class=\"wp-block-spacer\"><\/div>\n\n<p>El tabac debilita les defenses naturals dels teixits oft\u00e0lmics, fent que els ulls siguin m\u00e9s vulnerables a les infeccions i la inflamaci\u00f3.<\/p>\n\n<div style=\"height:40px\" aria-hidden=\"true\" class=\"wp-block-spacer\"><\/div>\n\n<h3 class=\"wp-block-heading\"><strong>4. Ull sec<\/strong><\/h3>\n\n<div style=\"height:40px\" aria-hidden=\"true\" class=\"wp-block-spacer\"><\/div>\n\n<p>El tabac pot alterar la producci\u00f3 de ll\u00e0grimes, provocant ulls secs cr\u00f2nics, mol\u00e8sties i visi\u00f3 borrosa.<\/p>\n\n<div style=\"height:40px\" aria-hidden=\"true\" class=\"wp-block-spacer\"><\/div>\n\n<h2 class=\"wp-block-heading\"><strong>Quin tipus de problemes oculars causen el consum de tabac?<\/strong><\/h2>\n\n<div style=\"height:40px\" aria-hidden=\"true\" class=\"wp-block-spacer\"><\/div>\n\n<p>Fumar pot causar o empitjorar diverses malalties oculars, com ara:<\/p>\n\n<div style=\"height:40px\" aria-hidden=\"true\" class=\"wp-block-spacer\"><\/div>\n\n<h3 class=\"wp-block-heading\"><strong>1. Degeneraci\u00f3 macular relacionada amb l&#8217;edat (DMAE)<\/strong><\/h3>\n\n<p>El tabac \u00e9s un factor de risc important per a la DMAE, una malaltia que danya la retina i provoca un deteriorament progressiu de la visi\u00f3 central.<\/p>\n\n<div style=\"height:40px\" aria-hidden=\"true\" class=\"wp-block-spacer\"><\/div>\n\n<h3 class=\"wp-block-heading\"><strong>2. Cataracta<\/strong><\/h3>\n\n<div style=\"height:40px\" aria-hidden=\"true\" class=\"wp-block-spacer\"><\/div>\n\n<p>Les cataractes, un ennuvolament del cristal\u00b7l\u00ed, s\u00f3n dues vegades m\u00e9s freq\u00fcents entre els fumadors. Aquesta condici\u00f3 redueix la claredat de la visi\u00f3 i pot requerir cirurgia. <\/p>\n\n<h3 class=\"wp-block-heading\"><strong>3. Retinopatia diab\u00e8tica<\/strong><\/h3>\n\n<div style=\"height:40px\" aria-hidden=\"true\" class=\"wp-block-spacer\"><\/div>\n\n<p>En pacients diab\u00e8tics, el tabaquisme empitjora els danys als vasos sanguinis de la retina, augmentant el risc de ceguesa.<\/p>\n\n<h3 class=\"wp-block-heading\"><strong>4. Trastorns del nervi \u00f2ptic<\/strong><\/h3>\n\n<div style=\"height:40px\" aria-hidden=\"true\" class=\"wp-block-spacer\"><\/div>\n\n<p>El tabaquisme pot causar neuropatia \u00f2ptica, que pot provocar una p\u00e8rdua de visi\u00f3 irreversible si no es tracta a temps.<\/p>\n\n<p><\/p>\n\n<figure class=\"wp-block-image alignleft size-full is-resized\"><img decoding=\"async\" width=\"1024\" height=\"1024\" src=\"https:\/\/www.mylasertabac.com\/wp-content\/uploads\/2024\/12\/IMG_9132.png\" alt=\"\" class=\"wp-image-470\" style=\"width:381px;height:auto\" srcset=\"https:\/\/www.mylasertabac.com\/wp-content\/uploads\/2024\/12\/IMG_9132.png 1024w, https:\/\/www.mylasertabac.com\/wp-content\/uploads\/2024\/12\/IMG_9132-300x300.png 300w, https:\/\/www.mylasertabac.com\/wp-content\/uploads\/2024\/12\/IMG_9132-150x150.png 150w, https:\/\/www.mylasertabac.com\/wp-content\/uploads\/2024\/12\/IMG_9132-768x768.png 768w\" sizes=\"(max-width: 1024px) 100vw, 1024px\" \/><\/figure>\n\n<h3 class=\"wp-block-heading\"><strong>Altres conseq\u00fc\u00e8ncies del tabaquisme<\/strong><\/h3>\n\n<p>A m\u00e9s dels problemes oculars, el tabaquisme provoca efectes nocius a tot el cos:<\/p>\n\n<ul class=\"wp-block-list\">\n<li><strong>C\u00e0ncer<\/strong> : els fumadors tenen un major risc de desenvolupar diversos tipus de c\u00e0ncer, incl\u00f2s el c\u00e0ncer oral i de pulm\u00f3.<\/li>\n\n\n\n<li><strong>Malaltia cardiovascular<\/strong> : el tabac afecta el cor i els vasos sanguinis, augmentant el risc d&#8217;ictus.<\/li>\n\n\n\n<li><strong>Envelliment prematur<\/strong> : els fumadors sovint mostren signes d&#8217;envelliment accelerat, fins i tot a la pell i als ulls.<\/li>\n<\/ul>\n\n<p>Aquestes conseq\u00fc\u00e8ncies, combinades amb els riscos oculars, fan del tabac un perill real per a la salut en general.<\/p>\n\n<div style=\"height:40px\" aria-hidden=\"true\" class=\"wp-block-spacer\"><\/div>\n\n<h2 class=\"wp-block-heading\"><strong>Com prevenir la p\u00e8rdua de visi\u00f3 causada pel tabaquisme?<\/strong><\/h2>\n\n<div style=\"height:40px\" aria-hidden=\"true\" class=\"wp-block-spacer\"><\/div>\n\n<h3 class=\"wp-block-heading\"><strong>1. Deixar de fumar<\/strong><\/h3>\n\n<div style=\"height:40px\" aria-hidden=\"true\" class=\"wp-block-spacer\"><\/div>\n\n<p>La millor manera de protegir els ulls \u00e9s deixar de fumar. Els beneficis de deixar de fumar comencen en les primeres hores i s&#8217;acumulen amb el temps. <\/p>\n\n<div style=\"height:40px\" aria-hidden=\"true\" class=\"wp-block-spacer\"><\/div>\n\n<h3 class=\"wp-block-heading\"><strong>2. Adopta una dieta rica en antioxidants<\/strong><\/h3>\n\n<div style=\"height:40px\" aria-hidden=\"true\" class=\"wp-block-spacer\"><\/div>\n\n<p>Els aliments rics en antioxidants, com les verdures verdes, els fruits vermells i els fruits secs, protegeixen les c\u00e8l\u00b7lules oculars del dany oxidatiu causat pel tabac.<\/p>\n\n<div style=\"height:40px\" aria-hidden=\"true\" class=\"wp-block-spacer\"><\/div>\n\n<h3 class=\"wp-block-heading\"><strong>3. Visita regularment un oftalm\u00f2leg<\/strong><\/h3>\n\n<div style=\"height:40px\" aria-hidden=\"true\" class=\"wp-block-spacer\"><\/div>\n\n<p>El seguiment peri\u00f2dic amb un especialista ajuda a detectar els trastorns oculars en una fase preco\u00e7 i evitar complicacions greus.<\/p>\n\n<div style=\"height:40px\" aria-hidden=\"true\" class=\"wp-block-spacer\"><\/div>\n\n<h3 class=\"wp-block-heading\"><strong>4. Limiteu l&#8217;exposici\u00f3 al fum passiu<\/strong><\/h3>\n\n<div style=\"height:40px\" aria-hidden=\"true\" class=\"wp-block-spacer\"><\/div>\n\n<p>Fins i tot si no fumeu, l&#8217;exposici\u00f3 al fum d&#8217;altres persones pot afectar la vostra salut ocular. Protegiu-vos a vosaltres mateixos i als vostres \u00e9ssers estimats evitant ambients amb fum. <\/p>\n\n<div style=\"height:40px\" aria-hidden=\"true\" class=\"wp-block-spacer\"><\/div>\n\n<figure class=\"wp-block-image size-large\"><img decoding=\"async\" src=\"https:\/\/www.mylasertabac.com\/wp-content\/uploads\/\/mlt-verteau.svg\" alt=\"\" class=\"wp-image-13\"\/><\/figure>\n\n<div style=\"height:40px\" aria-hidden=\"true\" class=\"wp-block-spacer\"><\/div>\n\n<h2 class=\"wp-block-heading\"><strong>Deixar de fumar immediatament amb l\u00e0ser<\/strong><\/h2>\n\n<p>El <strong>l\u00e0ser antitabac<\/strong> \u00e9s avui un m\u00e8tode innovador i efica\u00e7 per deixar de fumar. Aquesta t\u00e8cnica es basa en estimular punts espec\u00edfics de l&#8217;o\u00efda, ajudant a reduir els desitjos i els s\u00edmptomes d&#8217;abstin\u00e8ncia. <\/p>\n\n<div style=\"height:40px\" aria-hidden=\"true\" class=\"wp-block-spacer\"><\/div>\n\n<h2 class=\"wp-block-heading\"><strong>Per qu\u00e8 triar el l\u00e0ser antitabac?<\/strong><\/h2>\n\n<div style=\"height:40px\" aria-hidden=\"true\" class=\"wp-block-spacer\"><\/div>\n\n<ul class=\"wp-block-list\">\n<li><strong>Efica\u00e7 des de la primera sessi\u00f3<\/strong> : molts pacients deixen d&#8217;utilitzar immediatament despr\u00e9s de la primera sessi\u00f3.<\/li>\n\n\n\n<li><strong>Natural i sense efectes secundaris<\/strong> : a difer\u00e8ncia dels substituts de la nicotina, aquest m\u00e8tode \u00e9s totalment no invasiu.<\/li>\n\n\n\n<li><strong>Suport personalitzat<\/strong> : a MyLaserTabac, oferim un suport personalitzat per a cada fumador per maximitzar les possibilitats d&#8217;\u00e8xit.<\/li>\n<\/ul>\n\n<div style=\"height:40px\" aria-hidden=\"true\" class=\"wp-block-spacer\"><\/div>\n\n<h2 class=\"wp-block-heading\"><strong>Conclusi\u00f3<\/strong><\/h2>\n\n<p>El tabac \u00e9s una amena\u00e7a silenciosa per a la salut ocular. En augmentar el risc de patir malalties greus com la DMAE o les cataractes, posa en perill la visi\u00f3 dels fumadors. La bona not\u00edcia? Mai \u00e9s massa tard per actuar. En deixar de consumir, redu\u00efu significativament els riscos i doneu als vostres ulls l&#8217;oportunitat de regenerar-se.    <\/p>\n\n<p>Si voleu deixar de fumar de manera r\u00e0pida i efica\u00e7, tingueu en compte el l\u00e0ser antitabac. Contacta amb un centre <a href=\"https:\/\/www.mylasertabac.com\/ca\/\">MyLaserTabac<\/a> avui mateix i comen\u00e7a el teu viatge cap a una vida sense tabac, protegint la teva salut i la teva visi\u00f3. <\/p>\n\n<p><\/p>\n","protected":false},"excerpt":{"rendered":"<p>El tabaquisme \u00e9s conegut pels seus efectes devastadors sobre la salut, per\u00f2 sab\u00edeu que tamb\u00e9 \u00e9s un dels factors agreujants en la reducci\u00f3 de la capacitat visual? De fet, fumar afecta greument els ulls, augmentant el risc de patir problemes oculars i malalties greus que poden conduir a la ceguesa. En aquest article, explorarem els [&hellip;]<\/p>\n","protected":false},"author":2,"featured_media":1566,"comment_status":"closed","ping_status":"open","sticky":false,"template":"","format":"standard","meta":{"inline_featured_image":false,"footnotes":""},"categories":[159],"tags":[379],"class_list":["post-3169","post","type-post","status-publish","format-standard","has-post-thumbnail","hentry","category-salut","tag-risc-de-perdre-la-visio-amb-el-tabac"],"yoast_head":"<!-- This site is optimized with the Yoast SEO plugin v27.4 - https:\/\/yoast.com\/product\/yoast-seo-wordpress\/ -->\n<title>Per qu\u00e8 fumar augmenta el risc de perdre la visi\u00f3? - My Laser Tabac<\/title>\n<meta name=\"description\" content=\"Entendre per qu\u00e8 fumar augmenta el risc de perdre la visi\u00f3. Obteniu informaci\u00f3 sobre els efectes del tabac en els vostres ulls i com preservar la vostra visi\u00f3.\" \/>\n<meta name=\"robots\" content=\"index, follow, max-snippet:-1, max-image-preview:large, max-video-preview:-1\" \/>\n<link rel=\"canonical\" href=\"https:\/\/www.mylasertabac.com\/ca\/per-que-fumar-augmenta-el-risc-de-perdre-la-visio\/\" \/>\n<meta property=\"og:locale\" content=\"ca_ES\" \/>\n<meta property=\"og:type\" content=\"article\" \/>\n<meta property=\"og:title\" content=\"Per qu\u00e8 fumar augmenta el risc de perdre la visi\u00f3? - My Laser Tabac\" \/>\n<meta property=\"og:description\" content=\"Entendre per qu\u00e8 fumar augmenta el risc de perdre la visi\u00f3. Obteniu informaci\u00f3 sobre els efectes del tabac en els vostres ulls i com preservar la vostra visi\u00f3.\" \/>\n<meta property=\"og:url\" content=\"https:\/\/www.mylasertabac.com\/ca\/per-que-fumar-augmenta-el-risc-de-perdre-la-visio\/\" \/>\n<meta property=\"og:site_name\" content=\"My Laser Tabac\" \/>\n<meta property=\"article:author\" content=\"https:\/\/www.facebook.com\/profile.php?id=61571554707319\" \/>\n<meta property=\"article:published_time\" content=\"2024-12-09T10:12:42+00:00\" \/>\n<meta property=\"article:modified_time\" content=\"2025-01-28T15:02:45+00:00\" \/>\n<meta property=\"og:image\" content=\"https:\/\/www.mylasertabac.com\/wp-content\/uploads\/2024\/12\/IMG_9102.jpg\" \/>\n\t<meta property=\"og:image:width\" content=\"665\" \/>\n\t<meta property=\"og:image:height\" content=\"673\" \/>\n\t<meta property=\"og:image:type\" content=\"image\/jpeg\" \/>\n<meta name=\"author\" content=\"Florian Fortes\" \/>\n<meta name=\"twitter:card\" content=\"summary_large_image\" \/>\n<meta name=\"twitter:label1\" content=\"Escrit per\" \/>\n\t<meta name=\"twitter:data1\" content=\"Florian Fortes\" \/>\n\t<meta name=\"twitter:label2\" content=\"Temps estimat de lectura\" \/>\n\t<meta name=\"twitter:data2\" content=\"4 minuts\" \/>\n<script type=\"application\/ld+json\" class=\"yoast-schema-graph\">{\"@context\":\"https:\\\/\\\/schema.org\",\"@graph\":[{\"@type\":\"Article\",\"@id\":\"https:\\\/\\\/www.mylasertabac.com\\\/ca\\\/per-que-fumar-augmenta-el-risc-de-perdre-la-visio\\\/#article\",\"isPartOf\":{\"@id\":\"https:\\\/\\\/www.mylasertabac.com\\\/ca\\\/per-que-fumar-augmenta-el-risc-de-perdre-la-visio\\\/\"},\"author\":{\"name\":\"Florian Fortes\",\"@id\":\"https:\\\/\\\/www.mylasertabac.com\\\/ca\\\/#\\\/schema\\\/person\\\/02c249cb76d912efb6c315ec23eccdf3\"},\"headline\":\"Per qu\u00e8 fumar augmenta el risc de perdre la visi\u00f3?\",\"datePublished\":\"2024-12-09T10:12:42+00:00\",\"dateModified\":\"2025-01-28T15:02:45+00:00\",\"mainEntityOfPage\":{\"@id\":\"https:\\\/\\\/www.mylasertabac.com\\\/ca\\\/per-que-fumar-augmenta-el-risc-de-perdre-la-visio\\\/\"},\"wordCount\":907,\"publisher\":{\"@id\":\"https:\\\/\\\/www.mylasertabac.com\\\/ca\\\/#organization\"},\"image\":{\"@id\":\"https:\\\/\\\/www.mylasertabac.com\\\/ca\\\/per-que-fumar-augmenta-el-risc-de-perdre-la-visio\\\/#primaryimage\"},\"thumbnailUrl\":\"https:\\\/\\\/www.mylasertabac.com\\\/wp-content\\\/uploads\\\/2024\\\/12\\\/IMG_9102.jpg\",\"keywords\":[\"risc de perdre la visi\u00f3 amb el tabac\"],\"articleSection\":[\"Salut\"],\"inLanguage\":\"ca\"},{\"@type\":\"WebPage\",\"@id\":\"https:\\\/\\\/www.mylasertabac.com\\\/ca\\\/per-que-fumar-augmenta-el-risc-de-perdre-la-visio\\\/\",\"url\":\"https:\\\/\\\/www.mylasertabac.com\\\/ca\\\/per-que-fumar-augmenta-el-risc-de-perdre-la-visio\\\/\",\"name\":\"Per qu\u00e8 fumar augmenta el risc de perdre la visi\u00f3? - My Laser Tabac\",\"isPartOf\":{\"@id\":\"https:\\\/\\\/www.mylasertabac.com\\\/ca\\\/#website\"},\"primaryImageOfPage\":{\"@id\":\"https:\\\/\\\/www.mylasertabac.com\\\/ca\\\/per-que-fumar-augmenta-el-risc-de-perdre-la-visio\\\/#primaryimage\"},\"image\":{\"@id\":\"https:\\\/\\\/www.mylasertabac.com\\\/ca\\\/per-que-fumar-augmenta-el-risc-de-perdre-la-visio\\\/#primaryimage\"},\"thumbnailUrl\":\"https:\\\/\\\/www.mylasertabac.com\\\/wp-content\\\/uploads\\\/2024\\\/12\\\/IMG_9102.jpg\",\"datePublished\":\"2024-12-09T10:12:42+00:00\",\"dateModified\":\"2025-01-28T15:02:45+00:00\",\"description\":\"Entendre per qu\u00e8 fumar augmenta el risc de perdre la visi\u00f3. Obteniu informaci\u00f3 sobre els efectes del tabac en els vostres ulls i com preservar la vostra visi\u00f3.\",\"breadcrumb\":{\"@id\":\"https:\\\/\\\/www.mylasertabac.com\\\/ca\\\/per-que-fumar-augmenta-el-risc-de-perdre-la-visio\\\/#breadcrumb\"},\"inLanguage\":\"ca\",\"potentialAction\":[{\"@type\":\"ReadAction\",\"target\":[\"https:\\\/\\\/www.mylasertabac.com\\\/ca\\\/per-que-fumar-augmenta-el-risc-de-perdre-la-visio\\\/\"]}]},{\"@type\":\"ImageObject\",\"inLanguage\":\"ca\",\"@id\":\"https:\\\/\\\/www.mylasertabac.com\\\/ca\\\/per-que-fumar-augmenta-el-risc-de-perdre-la-visio\\\/#primaryimage\",\"url\":\"https:\\\/\\\/www.mylasertabac.com\\\/wp-content\\\/uploads\\\/2024\\\/12\\\/IMG_9102.jpg\",\"contentUrl\":\"https:\\\/\\\/www.mylasertabac.com\\\/wp-content\\\/uploads\\\/2024\\\/12\\\/IMG_9102.jpg\",\"width\":665,\"height\":673},{\"@type\":\"BreadcrumbList\",\"@id\":\"https:\\\/\\\/www.mylasertabac.com\\\/ca\\\/per-que-fumar-augmenta-el-risc-de-perdre-la-visio\\\/#breadcrumb\",\"itemListElement\":[{\"@type\":\"ListItem\",\"position\":1,\"name\":\"Accueil\",\"item\":\"https:\\\/\\\/www.mylasertabac.com\\\/ca\\\/benvingut\\\/\"},{\"@type\":\"ListItem\",\"position\":2,\"name\":\"Per qu\u00e8 fumar augmenta el risc de perdre la visi\u00f3?\"}]},{\"@type\":\"WebSite\",\"@id\":\"https:\\\/\\\/www.mylasertabac.com\\\/ca\\\/#website\",\"url\":\"https:\\\/\\\/www.mylasertabac.com\\\/ca\\\/\",\"name\":\"My Laser Tabac\",\"description\":\"La solution laser qui transforme les fumeurs en ex-fumeurs\",\"publisher\":{\"@id\":\"https:\\\/\\\/www.mylasertabac.com\\\/ca\\\/#organization\"},\"potentialAction\":[{\"@type\":\"SearchAction\",\"target\":{\"@type\":\"EntryPoint\",\"urlTemplate\":\"https:\\\/\\\/www.mylasertabac.com\\\/ca\\\/?s={search_term_string}\"},\"query-input\":{\"@type\":\"PropertyValueSpecification\",\"valueRequired\":true,\"valueName\":\"search_term_string\"}}],\"inLanguage\":\"ca\"},{\"@type\":\"Organization\",\"@id\":\"https:\\\/\\\/www.mylasertabac.com\\\/ca\\\/#organization\",\"name\":\"My Laser Tabac\",\"url\":\"https:\\\/\\\/www.mylasertabac.com\\\/ca\\\/\",\"logo\":{\"@type\":\"ImageObject\",\"inLanguage\":\"ca\",\"@id\":\"https:\\\/\\\/www.mylasertabac.com\\\/ca\\\/#\\\/schema\\\/logo\\\/image\\\/\",\"url\":\"https:\\\/\\\/www.mylasertabac.com\\\/wp-content\\\/uploads\\\/2024\\\/12\\\/mlt-verteau.svg\",\"contentUrl\":\"https:\\\/\\\/www.mylasertabac.com\\\/wp-content\\\/uploads\\\/2024\\\/12\\\/mlt-verteau.svg\",\"caption\":\"My Laser Tabac\"},\"image\":{\"@id\":\"https:\\\/\\\/www.mylasertabac.com\\\/ca\\\/#\\\/schema\\\/logo\\\/image\\\/\"}},{\"@type\":\"Person\",\"@id\":\"https:\\\/\\\/www.mylasertabac.com\\\/ca\\\/#\\\/schema\\\/person\\\/02c249cb76d912efb6c315ec23eccdf3\",\"name\":\"Florian Fortes\",\"image\":{\"@type\":\"ImageObject\",\"inLanguage\":\"ca\",\"@id\":\"https:\\\/\\\/www.mylasertabac.com\\\/wp-content\\\/litespeed\\\/avatar\\\/142101a71d7b9e6490c1120d9c109a67.jpg?ver=1776856306\",\"url\":\"https:\\\/\\\/www.mylasertabac.com\\\/wp-content\\\/litespeed\\\/avatar\\\/142101a71d7b9e6490c1120d9c109a67.jpg?ver=1776856306\",\"contentUrl\":\"https:\\\/\\\/www.mylasertabac.com\\\/wp-content\\\/litespeed\\\/avatar\\\/142101a71d7b9e6490c1120d9c109a67.jpg?ver=1776856306\",\"caption\":\"Florian Fortes\"},\"sameAs\":[\"https:\\\/\\\/www.mylasertabac.com\",\"https:\\\/\\\/www.facebook.com\\\/profile.php?id=61571554707319\"],\"url\":\"https:\\\/\\\/www.mylasertabac.com\\\/ca\\\/author\\\/florianfortes5312\\\/\"}]}<\/script>\n<!-- \/ Yoast SEO plugin. -->","yoast_head_json":{"title":"Per qu\u00e8 fumar augmenta el risc de perdre la visi\u00f3? - My Laser Tabac","description":"Entendre per qu\u00e8 fumar augmenta el risc de perdre la visi\u00f3. Obteniu informaci\u00f3 sobre els efectes del tabac en els vostres ulls i com preservar la vostra visi\u00f3.","robots":{"index":"index","follow":"follow","max-snippet":"max-snippet:-1","max-image-preview":"max-image-preview:large","max-video-preview":"max-video-preview:-1"},"canonical":"https:\/\/www.mylasertabac.com\/ca\/per-que-fumar-augmenta-el-risc-de-perdre-la-visio\/","og_locale":"ca_ES","og_type":"article","og_title":"Per qu\u00e8 fumar augmenta el risc de perdre la visi\u00f3? - My Laser Tabac","og_description":"Entendre per qu\u00e8 fumar augmenta el risc de perdre la visi\u00f3. Obteniu informaci\u00f3 sobre els efectes del tabac en els vostres ulls i com preservar la vostra visi\u00f3.","og_url":"https:\/\/www.mylasertabac.com\/ca\/per-que-fumar-augmenta-el-risc-de-perdre-la-visio\/","og_site_name":"My Laser Tabac","article_author":"https:\/\/www.facebook.com\/profile.php?id=61571554707319","article_published_time":"2024-12-09T10:12:42+00:00","article_modified_time":"2025-01-28T15:02:45+00:00","og_image":[{"width":665,"height":673,"url":"https:\/\/www.mylasertabac.com\/wp-content\/uploads\/2024\/12\/IMG_9102.jpg","type":"image\/jpeg"}],"author":"Florian Fortes","twitter_card":"summary_large_image","twitter_misc":{"Escrit per":"Florian Fortes","Temps estimat de lectura":"4 minuts"},"schema":{"@context":"https:\/\/schema.org","@graph":[{"@type":"Article","@id":"https:\/\/www.mylasertabac.com\/ca\/per-que-fumar-augmenta-el-risc-de-perdre-la-visio\/#article","isPartOf":{"@id":"https:\/\/www.mylasertabac.com\/ca\/per-que-fumar-augmenta-el-risc-de-perdre-la-visio\/"},"author":{"name":"Florian Fortes","@id":"https:\/\/www.mylasertabac.com\/ca\/#\/schema\/person\/02c249cb76d912efb6c315ec23eccdf3"},"headline":"Per qu\u00e8 fumar augmenta el risc de perdre la visi\u00f3?","datePublished":"2024-12-09T10:12:42+00:00","dateModified":"2025-01-28T15:02:45+00:00","mainEntityOfPage":{"@id":"https:\/\/www.mylasertabac.com\/ca\/per-que-fumar-augmenta-el-risc-de-perdre-la-visio\/"},"wordCount":907,"publisher":{"@id":"https:\/\/www.mylasertabac.com\/ca\/#organization"},"image":{"@id":"https:\/\/www.mylasertabac.com\/ca\/per-que-fumar-augmenta-el-risc-de-perdre-la-visio\/#primaryimage"},"thumbnailUrl":"https:\/\/www.mylasertabac.com\/wp-content\/uploads\/2024\/12\/IMG_9102.jpg","keywords":["risc de perdre la visi\u00f3 amb el tabac"],"articleSection":["Salut"],"inLanguage":"ca"},{"@type":"WebPage","@id":"https:\/\/www.mylasertabac.com\/ca\/per-que-fumar-augmenta-el-risc-de-perdre-la-visio\/","url":"https:\/\/www.mylasertabac.com\/ca\/per-que-fumar-augmenta-el-risc-de-perdre-la-visio\/","name":"Per qu\u00e8 fumar augmenta el risc de perdre la visi\u00f3? - My Laser Tabac","isPartOf":{"@id":"https:\/\/www.mylasertabac.com\/ca\/#website"},"primaryImageOfPage":{"@id":"https:\/\/www.mylasertabac.com\/ca\/per-que-fumar-augmenta-el-risc-de-perdre-la-visio\/#primaryimage"},"image":{"@id":"https:\/\/www.mylasertabac.com\/ca\/per-que-fumar-augmenta-el-risc-de-perdre-la-visio\/#primaryimage"},"thumbnailUrl":"https:\/\/www.mylasertabac.com\/wp-content\/uploads\/2024\/12\/IMG_9102.jpg","datePublished":"2024-12-09T10:12:42+00:00","dateModified":"2025-01-28T15:02:45+00:00","description":"Entendre per qu\u00e8 fumar augmenta el risc de perdre la visi\u00f3. Obteniu informaci\u00f3 sobre els efectes del tabac en els vostres ulls i com preservar la vostra visi\u00f3.","breadcrumb":{"@id":"https:\/\/www.mylasertabac.com\/ca\/per-que-fumar-augmenta-el-risc-de-perdre-la-visio\/#breadcrumb"},"inLanguage":"ca","potentialAction":[{"@type":"ReadAction","target":["https:\/\/www.mylasertabac.com\/ca\/per-que-fumar-augmenta-el-risc-de-perdre-la-visio\/"]}]},{"@type":"ImageObject","inLanguage":"ca","@id":"https:\/\/www.mylasertabac.com\/ca\/per-que-fumar-augmenta-el-risc-de-perdre-la-visio\/#primaryimage","url":"https:\/\/www.mylasertabac.com\/wp-content\/uploads\/2024\/12\/IMG_9102.jpg","contentUrl":"https:\/\/www.mylasertabac.com\/wp-content\/uploads\/2024\/12\/IMG_9102.jpg","width":665,"height":673},{"@type":"BreadcrumbList","@id":"https:\/\/www.mylasertabac.com\/ca\/per-que-fumar-augmenta-el-risc-de-perdre-la-visio\/#breadcrumb","itemListElement":[{"@type":"ListItem","position":1,"name":"Accueil","item":"https:\/\/www.mylasertabac.com\/ca\/benvingut\/"},{"@type":"ListItem","position":2,"name":"Per qu\u00e8 fumar augmenta el risc de perdre la visi\u00f3?"}]},{"@type":"WebSite","@id":"https:\/\/www.mylasertabac.com\/ca\/#website","url":"https:\/\/www.mylasertabac.com\/ca\/","name":"My Laser Tabac","description":"La solution laser qui transforme les fumeurs en ex-fumeurs","publisher":{"@id":"https:\/\/www.mylasertabac.com\/ca\/#organization"},"potentialAction":[{"@type":"SearchAction","target":{"@type":"EntryPoint","urlTemplate":"https:\/\/www.mylasertabac.com\/ca\/?s={search_term_string}"},"query-input":{"@type":"PropertyValueSpecification","valueRequired":true,"valueName":"search_term_string"}}],"inLanguage":"ca"},{"@type":"Organization","@id":"https:\/\/www.mylasertabac.com\/ca\/#organization","name":"My Laser Tabac","url":"https:\/\/www.mylasertabac.com\/ca\/","logo":{"@type":"ImageObject","inLanguage":"ca","@id":"https:\/\/www.mylasertabac.com\/ca\/#\/schema\/logo\/image\/","url":"https:\/\/www.mylasertabac.com\/wp-content\/uploads\/2024\/12\/mlt-verteau.svg","contentUrl":"https:\/\/www.mylasertabac.com\/wp-content\/uploads\/2024\/12\/mlt-verteau.svg","caption":"My Laser Tabac"},"image":{"@id":"https:\/\/www.mylasertabac.com\/ca\/#\/schema\/logo\/image\/"}},{"@type":"Person","@id":"https:\/\/www.mylasertabac.com\/ca\/#\/schema\/person\/02c249cb76d912efb6c315ec23eccdf3","name":"Florian Fortes","image":{"@type":"ImageObject","inLanguage":"ca","@id":"https:\/\/www.mylasertabac.com\/wp-content\/litespeed\/avatar\/142101a71d7b9e6490c1120d9c109a67.jpg?ver=1776856306","url":"https:\/\/www.mylasertabac.com\/wp-content\/litespeed\/avatar\/142101a71d7b9e6490c1120d9c109a67.jpg?ver=1776856306","contentUrl":"https:\/\/www.mylasertabac.com\/wp-content\/litespeed\/avatar\/142101a71d7b9e6490c1120d9c109a67.jpg?ver=1776856306","caption":"Florian Fortes"},"sameAs":["https:\/\/www.mylasertabac.com","https:\/\/www.facebook.com\/profile.php?id=61571554707319"],"url":"https:\/\/www.mylasertabac.com\/ca\/author\/florianfortes5312\/"}]}},"_links":{"self":[{"href":"https:\/\/www.mylasertabac.com\/ca\/wp-json\/wp\/v2\/posts\/3169","targetHints":{"allow":["GET"]}}],"collection":[{"href":"https:\/\/www.mylasertabac.com\/ca\/wp-json\/wp\/v2\/posts"}],"about":[{"href":"https:\/\/www.mylasertabac.com\/ca\/wp-json\/wp\/v2\/types\/post"}],"author":[{"embeddable":true,"href":"https:\/\/www.mylasertabac.com\/ca\/wp-json\/wp\/v2\/users\/2"}],"replies":[{"embeddable":true,"href":"https:\/\/www.mylasertabac.com\/ca\/wp-json\/wp\/v2\/comments?post=3169"}],"version-history":[{"count":1,"href":"https:\/\/www.mylasertabac.com\/ca\/wp-json\/wp\/v2\/posts\/3169\/revisions"}],"predecessor-version":[{"id":3170,"href":"https:\/\/www.mylasertabac.com\/ca\/wp-json\/wp\/v2\/posts\/3169\/revisions\/3170"}],"wp:featuredmedia":[{"embeddable":true,"href":"https:\/\/www.mylasertabac.com\/ca\/wp-json\/wp\/v2\/media\/1566"}],"wp:attachment":[{"href":"https:\/\/www.mylasertabac.com\/ca\/wp-json\/wp\/v2\/media?parent=3169"}],"wp:term":[{"taxonomy":"category","embeddable":true,"href":"https:\/\/www.mylasertabac.com\/ca\/wp-json\/wp\/v2\/categories?post=3169"},{"taxonomy":"post_tag","embeddable":true,"href":"https:\/\/www.mylasertabac.com\/ca\/wp-json\/wp\/v2\/tags?post=3169"}],"curies":[{"name":"wp","href":"https:\/\/api.w.org\/{rel}","templated":true}]}}