{"id":3172,"date":"2025-02-15T15:38:32","date_gmt":"2025-02-15T14:38:32","guid":{"rendered":"https:\/\/www.mylasertabac.com\/per-que-no-podem-deixar-de-fumar-2\/"},"modified":"2025-02-24T21:51:10","modified_gmt":"2025-02-24T20:51:10","slug":"per-que-no-podem-deixar-de-fumar-2","status":"publish","type":"post","link":"https:\/\/www.mylasertabac.com\/ca\/per-que-no-podem-deixar-de-fumar-2\/","title":{"rendered":"Per qu\u00e8 no podem deixar de fumar?"},"content":{"rendered":"\n<p>Deixar de fumar \u00e9s un repte que molts fumadors aspiren a assumir. Malauradament, malgrat els esfor\u00e7os realitzats, molts d&#8217;ells s&#8217;enfronten a dificultats que semblen insuperables. Per qu\u00e8 \u00e9s tan dif\u00edcil aturar aquest h\u00e0bit nociu i qu\u00e8 es pot fer per aconseguir-ho? En aquest article, parlem de les principals raons d&#8217;aquesta dificultat, aix\u00ed com de solucions efectives per alliberar-se del tabac.   <\/p>\n\n<div style=\"height:20px\" aria-hidden=\"true\" class=\"wp-block-spacer\"><\/div>\n\n<h2 class=\"wp-block-heading\"><strong>Raons per les quals no pots deixar de fumar<\/strong><\/h2>\n\n<div style=\"height:20px\" aria-hidden=\"true\" class=\"wp-block-spacer\"><\/div>\n\n<h3 class=\"wp-block-heading\"><strong>Addicci\u00f3 a la nicotina<\/strong><\/h3>\n\n<div style=\"height:20px\" aria-hidden=\"true\" class=\"wp-block-spacer\"><\/div>\n\n<p>La nicotina \u00e9s un dels principals factors que dificulta tant deixar de fumar. Aquesta subst\u00e0ncia actua sobre el cervell, estimulant l&#8217;alliberament de dopamina, que proporciona una sensaci\u00f3 de plaer i relaxaci\u00f3. Tanmateix, aquesta depend\u00e8ncia \u00e9s tant f\u00edsica com psicol\u00f2gica, cosa que fa que el proc\u00e9s d&#8217;abstin\u00e8ncia sigui m\u00e9s complex.  <\/p>\n\n<div style=\"height:20px\" aria-hidden=\"true\" class=\"wp-block-spacer\"><\/div>\n\n<h3 class=\"wp-block-heading\"><strong>Efectes relacionats amb la nicotina:<\/strong><\/h3>\n\n<div style=\"height:20px\" aria-hidden=\"true\" class=\"wp-block-spacer\"><\/div>\n\n<ul class=\"wp-block-list\">\n<li>S\u00edmptomes d&#8217;abstin\u00e8ncia com irritabilitat i ansietat.<\/li>\n<\/ul>\n\n<ul class=\"wp-block-list\">\n<li>Desig irreprimible de fumar, sobretot en situacions familiars.<\/li>\n<\/ul>\n\n<div style=\"height:20px\" aria-hidden=\"true\" class=\"wp-block-spacer\"><\/div>\n\n<h2 class=\"wp-block-heading\"><strong>H\u00e0bits de fumar<\/strong><\/h2>\n\n<div style=\"height:20px\" aria-hidden=\"true\" class=\"wp-block-spacer\"><\/div>\n\n<p>El tabaquisme s&#8217;associa sovint amb rituals quotidians com una cigarreta amb caf\u00e8, una pausa de la feina o un moment de relaxaci\u00f3 despr\u00e9s d&#8217;un dia estressant. Aquests h\u00e0bits estan molt arrelats a les rutines dels fumadors, cosa que dificulta deixar de fumar. <\/p>\n\n<div style=\"height:20px\" aria-hidden=\"true\" class=\"wp-block-spacer\"><\/div>\n\n<h3 class=\"wp-block-heading\"><strong>Por als s\u00edmptomes d&#8217;abstin\u00e8ncia<\/strong><\/h3>\n\n<div style=\"height:20px\" aria-hidden=\"true\" class=\"wp-block-spacer\"><\/div>\n\n<p>Molts fumadors temen els efectes secundaris de l&#8217;abstin\u00e8ncia:<\/p>\n\n<ul class=\"wp-block-list\">\n<li>Augment de l&#8217;estr\u00e8s.<\/li>\n<\/ul>\n\n<ul class=\"wp-block-list\">\n<li>Trastorns del son.<\/li>\n<\/ul>\n\n<ul class=\"wp-block-list\">\n<li>Risc d&#8217;augment de pes.<\/li>\n<\/ul>\n\n<div style=\"height:20px\" aria-hidden=\"true\" class=\"wp-block-spacer\"><\/div>\n\n<p>Aquests s\u00edmptomes, encara que temporals, poden desanimar fins i tot a les persones m\u00e9s motivades.<\/p>\n\n<div style=\"height:20px\" aria-hidden=\"true\" class=\"wp-block-spacer\"><\/div>\n\n<figure class=\"wp-block-image alignleft size-full is-resized\"><img fetchpriority=\"high\" decoding=\"async\" width=\"1024\" height=\"1024\" src=\"https:\/\/www.mylasertabac.com\/wp-content\/uploads\/2025\/01\/femme-stresser-tabac-.png\" alt=\"\" class=\"wp-image-1529\" style=\"width:309px;height:auto\" srcset=\"https:\/\/www.mylasertabac.com\/wp-content\/uploads\/2025\/01\/femme-stresser-tabac-.png 1024w, https:\/\/www.mylasertabac.com\/wp-content\/uploads\/2025\/01\/femme-stresser-tabac--300x300.png 300w, https:\/\/www.mylasertabac.com\/wp-content\/uploads\/2025\/01\/femme-stresser-tabac--150x150.png 150w, https:\/\/www.mylasertabac.com\/wp-content\/uploads\/2025\/01\/femme-stresser-tabac--768x768.png 768w\" sizes=\"(max-width: 1024px) 100vw, 1024px\" \/><\/figure>\n\n<h3 class=\"wp-block-heading\"><strong>Estr\u00e8s i ansietat<\/strong><\/h3>\n\n<p>Els cigarrets sovint es veuen com una fugida de l&#8217;estr\u00e8s. Quan una persona decideix deixar de fumar, ha de trobar altres m\u00e8todes per gestionar les seves emocions, cosa que pot ser complicat sense una preparaci\u00f3 adequada. <\/p>\n\n<div style=\"height:20px\" aria-hidden=\"true\" class=\"wp-block-spacer\"><\/div>\n\n<h3 class=\"wp-block-heading\"><strong>Falta de suport<\/strong><\/h3>\n\n<div style=\"height:20px\" aria-hidden=\"true\" class=\"wp-block-spacer\"><\/div>\n\n<p>Emprendre el cam\u00ed cap a l&#8217;abstin\u00e8ncia de fumar sol constitueix un repte enorme. Sense el suport adequat o el suport d&#8217;un servei especialitzat, molts fumadors se senten a\u00efllats en el seu enfocament. <\/p>\n\n<div style=\"height:20px\" aria-hidden=\"true\" class=\"wp-block-spacer\"><\/div>\n\n<p class=\"has-cyan-bluish-gray-background-color has-background\">Aquest article et pot interessar: <a href=\"https:\/\/www.mylasertabac.com\/ca\/quins-aliments-impedeixen-les-ganes-de-fumar\/\"><mark style=\"background-color:#abb8c3\" class=\"has-inline-color has-luminous-vivid-orange-color\">Quins aliments impedeixen les ganes de fumar?<\/mark><\/a> <\/p>\n\n<div style=\"height:25px\" aria-hidden=\"true\" class=\"wp-block-spacer\"><\/div>\n\n<h2 class=\"wp-block-heading\"><strong>Qu\u00e8 pots fer per deixar de fumar amb \u00e8xit?<\/strong><\/h2>\n\n<div style=\"height:20px\" aria-hidden=\"true\" class=\"wp-block-spacer\"><\/div>\n\n<h3 class=\"wp-block-heading\"><strong>Entendre la teva addicci\u00f3<\/strong><\/h3>\n\n<div style=\"height:20px\" aria-hidden=\"true\" class=\"wp-block-spacer\"><\/div>\n\n<p>Per superar una addicci\u00f3, \u00e9s fonamental entendre com funciona. Identifiqueu els moments en qu\u00e8 sentiu m\u00e9s ganes de fumar i intenteu detectar-ne els desencadenants. <\/p>\n\n<div style=\"height:20px\" aria-hidden=\"true\" class=\"wp-block-spacer\"><\/div>\n\n<h3 class=\"wp-block-heading\"><strong>Consells pr\u00e0ctics:<\/strong><\/h3>\n\n<div style=\"height:20px\" aria-hidden=\"true\" class=\"wp-block-spacer\"><\/div>\n\n<p><br\/>Mantingueu un diari durant una setmana per anotar els vostres h\u00e0bits i desitjos de fumar.<\/p>\n\n<div style=\"height:20px\" aria-hidden=\"true\" class=\"wp-block-spacer\"><\/div>\n\n<h3 class=\"wp-block-heading\"><strong>Optar pels substituts de la nicotina<\/strong><\/h3>\n\n<div style=\"height:20px\" aria-hidden=\"true\" class=\"wp-block-spacer\"><\/div>\n\n<p>Els productes de substituci\u00f3 de la nicotina, com ara pegats o xiclets, poden reduir els s\u00edmptomes d&#8217;abstin\u00e8ncia mitjan\u00e7ant l&#8217;administraci\u00f3 d&#8217;una dosi controlada de nicotina. Augmenten les teves possibilitats d&#8217;aturar-te amb \u00e8xit. <\/p>\n\n<div style=\"height:20px\" aria-hidden=\"true\" class=\"wp-block-spacer\"><\/div>\n\n<h3 class=\"wp-block-heading\"><strong>Exemples de substituts de la nicotina:<\/strong><\/h3>\n\n<div style=\"height:20px\" aria-hidden=\"true\" class=\"wp-block-spacer\"><\/div>\n\n<ul class=\"wp-block-list\">\n<li><strong>Pegats<\/strong> : Proporcioneu una dosi regular de nicotina durant tot el dia sense risc per a la salut.<\/li>\n\n\n\n<li><strong>Genives i pastilles<\/strong> : ajuden a controlar els desitjos sobtats.<\/li>\n<\/ul>\n\n<div style=\"height:20px\" aria-hidden=\"true\" class=\"wp-block-spacer\"><\/div>\n\n<h3 class=\"wp-block-heading\"><strong>Proveu m\u00e8todes alternatius<\/strong><\/h3>\n\n<div style=\"height:20px\" aria-hidden=\"true\" class=\"wp-block-spacer\"><\/div>\n\n<p>Altres solucions, com la hipnosi o el suport d&#8217;un especialista en tabac, poden completar el proc\u00e9s de deixar de fumar.<\/p>\n\n<div style=\"height:20px\" aria-hidden=\"true\" class=\"wp-block-spacer\"><\/div>\n\n<ul class=\"wp-block-list\">\n<li><strong>Hipnosi<\/strong> : Aquest m\u00e8tode actua sobre el subconscient per modificar la teva percepci\u00f3 del tabac.<\/li>\n\n\n\n<li><strong>Consulta amb un especialista en tabac<\/strong> : aquest professional pot oferir-te els tractaments adequats, com la medicaci\u00f3 (bupropi\u00f3 o vareniclina).<\/li>\n\n\n\n<li><strong>L\u00e0ser antitabac:<\/strong> el l\u00e0ser d&#8217;orella \u00e9s un m\u00e8tode suau i indolor que permet deixar de fumar en una sessi\u00f3.<\/li>\n<\/ul>\n\n<div style=\"height:20px\" aria-hidden=\"true\" class=\"wp-block-spacer\"><\/div>\n\n<h3 class=\"wp-block-heading\"><strong>Feu un enfocament gradual<\/strong><\/h3>\n\n<div style=\"height:20px\" aria-hidden=\"true\" class=\"wp-block-spacer\"><\/div>\n\n<p>Reduir el consum de cigarrets abans de deixar-ho completament pot ser una estrat\u00e8gia efica\u00e7 per a algunes persones.<\/p>\n\n<div style=\"height:20px\" aria-hidden=\"true\" class=\"wp-block-spacer\"><\/div>\n\n<p><strong>Exemple:<\/strong><\/p>\n\n<div style=\"height:20px\" aria-hidden=\"true\" class=\"wp-block-spacer\"><\/div>\n\n<p><br\/>Redu\u00efu gradualment el nombre de cigarrets fumats cada dia fins a assolir el vostre objectiu d&#8217;aturar-vos completament.<\/p>\n\n<div style=\"height:20px\" aria-hidden=\"true\" class=\"wp-block-spacer\"><\/div>\n\n<h3 class=\"wp-block-heading\"><\/h3>\n\n<figure class=\"wp-block-image alignleft size-full is-resized\"><img decoding=\"async\" width=\"1024\" height=\"1024\" src=\"https:\/\/www.mylasertabac.com\/wp-content\/uploads\/2025\/01\/pourquoi-faire-du-sport-pour-bien-se-sentir-pour-arreter-de-fumer-.png\" alt=\"\" class=\"wp-image-2522\" style=\"width:403px;height:auto\" srcset=\"https:\/\/www.mylasertabac.com\/wp-content\/uploads\/2025\/01\/pourquoi-faire-du-sport-pour-bien-se-sentir-pour-arreter-de-fumer-.png 1024w, https:\/\/www.mylasertabac.com\/wp-content\/uploads\/2025\/01\/pourquoi-faire-du-sport-pour-bien-se-sentir-pour-arreter-de-fumer--300x300.png 300w, https:\/\/www.mylasertabac.com\/wp-content\/uploads\/2025\/01\/pourquoi-faire-du-sport-pour-bien-se-sentir-pour-arreter-de-fumer--150x150.png 150w, https:\/\/www.mylasertabac.com\/wp-content\/uploads\/2025\/01\/pourquoi-faire-du-sport-pour-bien-se-sentir-pour-arreter-de-fumer--768x768.png 768w\" sizes=\"(max-width: 1024px) 100vw, 1024px\" \/><\/figure>\n\n<h2 class=\"wp-block-heading\"><strong>Gestionar l&#8217;estr\u00e8s d&#8217;una manera saludable<\/strong><\/h2>\n\n<p>L&#8217;estr\u00e8s \u00e9s un desencadenant important del consum de tabac. Apr\u00e8n a gestionar-ho de manera diferent: <\/p>\n\n<ul class=\"wp-block-list\">\n<li>Practica meditaci\u00f3 o exercicis de respiraci\u00f3.<\/li>\n\n\n\n<li>Feu activitat f\u00edsica habitual, com ara ioga o caminar.<\/li>\n\n\n\n<li>Substitu\u00efu els temps de fumar per activitats relaxants.<\/li>\n<\/ul>\n\n<div style=\"height:43px\" aria-hidden=\"true\" class=\"wp-block-spacer\"><\/div>\n\n<h3 class=\"wp-block-heading\"><strong>Motiva&#8217;t amb objectius concrets<\/strong><\/h3>\n\n<div style=\"height:20px\" aria-hidden=\"true\" class=\"wp-block-spacer\"><\/div>\n\n<p>Visualitzeu els beneficis de deixar de fumar per enfortir la vostra motivaci\u00f3:<\/p>\n\n<ul class=\"wp-block-list\">\n<li>Millor salut.<\/li>\n\n\n\n<li>Pell m\u00e9s radiant.<\/li>\n\n\n\n<li>Estalvi financer.<\/li>\n<\/ul>\n\n<div style=\"height:20px\" aria-hidden=\"true\" class=\"wp-block-spacer\"><\/div>\n\n<h2 class=\"wp-block-heading\"><strong>Per qu\u00e8 triar el l\u00e0ser antitabac per deixar de fumar?<\/strong><\/h2>\n\n<div style=\"height:20px\" aria-hidden=\"true\" class=\"wp-block-spacer\"><\/div>\n\n<p>El m\u00e8tode l\u00e0ser antitabac que ofereix MyLaserTabac \u00e9s una soluci\u00f3 natural i innovadora per superar la depend\u00e8ncia del tabac.<\/p>\n\n<div style=\"height:20px\" aria-hidden=\"true\" class=\"wp-block-spacer\"><\/div>\n\n<h2 class=\"wp-block-heading\"><strong>Com funciona aquest m\u00e8tode?<\/strong><\/h2>\n\n<div style=\"height:20px\" aria-hidden=\"true\" class=\"wp-block-spacer\"><\/div>\n\n<p>El l\u00e0ser antitabac actua en punts espec\u00edfics de l&#8217;o\u00efda per alliberar endorfines naturals. Aix\u00f2 redueix els desitjos i alleuja els s\u00edmptomes d&#8217;abstin\u00e8ncia, com ara l&#8217;estr\u00e8s o els trastorns de l&#8217;estat d&#8217;\u00e0nim. <\/p>\n\n<div style=\"height:20px\" aria-hidden=\"true\" class=\"wp-block-spacer\"><\/div>\n\n<h3 class=\"wp-block-heading\"><strong>Els avantatges del l\u00e0ser antitabac:<\/strong><\/h3>\n\n<div style=\"height:20px\" aria-hidden=\"true\" class=\"wp-block-spacer\"><\/div>\n\n<ul class=\"wp-block-list\">\n<li><strong>Efectiu des de la primera sessi\u00f3.<\/strong><\/li>\n\n\n\n<li><strong>Sense medicaments ni substituts de la nicotina.<\/strong><\/li>\n\n\n\n<li><strong>Suport personalitzat i un any de garantia.<\/strong><\/li>\n<\/ul>\n\n<div style=\"height:20px\" aria-hidden=\"true\" class=\"wp-block-spacer\"><\/div>\n\n<p>Amb <a href=\"https:\/\/www.mylasertabac.com\/ca\/\">MyLaserTabac<\/a> et beneficies d&#8217;un tractament adaptat a les teves necessitats, per maximitzar les teves possibilitats d&#8217;\u00e8xit.<\/p>\n\n<div style=\"height:20px\" aria-hidden=\"true\" class=\"wp-block-spacer\"><\/div>\n\n<h2 class=\"wp-block-heading\"><strong>Conclusi\u00f3: per qu\u00e8 no pots deixar de fumar i com tenir \u00e8xit<\/strong><\/h2>\n\n<div style=\"height:20px\" aria-hidden=\"true\" class=\"wp-block-spacer\"><\/div>\n\n<p><a href=\"https:\/\/www.mylasertabac.com\/ca\/\">Deixar de fumar<\/a> \u00e9s un repte complex, per\u00f2 no impossible. Les dificultats que es troben sovint estan relacionades amb la depend\u00e8ncia f\u00edsica i psicol\u00f2gica, l&#8217;estr\u00e8s o la manca de suport. <\/p>\n\n<div style=\"height:20px\" aria-hidden=\"true\" class=\"wp-block-spacer\"><\/div>\n\n<p>Per tenir \u00e8xit, \u00e9s essencial entendre la vostra addicci\u00f3 a la nicotina, triar les eines adequades com els substituts de la nicotina i envoltar-vos d&#8217;un suport de qualitat. El m\u00e8tode l\u00e0ser antitabac que ofereix MyLaserTabac \u00e9s una soluci\u00f3 natural i efica\u00e7 per superar aquests obstacles i tornar a una vida sense tabac. <\/p>\n\n<p>Demana una cita avui en un dels nostres centres MyLaserTabac i fes el primer pas cap a una vida m\u00e9s saludable i sense tabac i reduir aix\u00ed els riscos de malalties com el c\u00e0ncer. Recordeu que el tabaquisme passiu tamb\u00e9 pot tenir un impacte en la salut dels vostres \u00e9ssers estimats. Informa&#8217;t sobre els perills del tabac, les subst\u00e0ncies t\u00f2xiques presents als cigarrets i els riscos del consum per a les dones embarassades.  <\/p>\n\n<div style=\"height:33px\" aria-hidden=\"true\" class=\"wp-block-spacer\"><\/div>\n\n<figure class=\"wp-block-image size-large\"><img decoding=\"async\" src=\"https:\/\/www.mylasertabac.com\/wp-content\/uploads\/\/mlt-verteau.svg\" alt=\"\" class=\"wp-image-13\"\/><\/figure>\n","protected":false},"excerpt":{"rendered":"<p>Deixar de fumar \u00e9s un repte que molts fumadors aspiren a assumir. Malauradament, malgrat els esfor\u00e7os realitzats, molts d&#8217;ells s&#8217;enfronten a dificultats que semblen insuperables. Per qu\u00e8 \u00e9s tan dif\u00edcil aturar aquest h\u00e0bit nociu i qu\u00e8 es pot fer per aconseguir-ho? En aquest article, parlem de les principals raons d&#8217;aquesta dificultat, aix\u00ed com de solucions [&hellip;]<\/p>\n","protected":false},"author":2,"featured_media":3307,"comment_status":"closed","ping_status":"open","sticky":false,"template":"","format":"standard","meta":{"inline_featured_image":false,"footnotes":""},"categories":[171],"tags":[176],"class_list":["post-3172","post","type-post","status-publish","format-standard","has-post-thumbnail","hentry","category-deixar-de-fumar","tag-deixar-de-fumar-ca-2"],"yoast_head":"<!-- This site is optimized with the Yoast SEO plugin v27.4 - https:\/\/yoast.com\/product\/yoast-seo-wordpress\/ -->\n<title>Per qu\u00e8 no podem deixar de fumar? - My Laser Tabac<\/title>\n<meta name=\"description\" content=\"Descobreix per qu\u00e8 \u00e9s tan dif\u00edcil deixar de fumar: entre depend\u00e8ncia f\u00edsica, h\u00e0bits arrelats i factors psicol\u00f2gics, ent\u00e9n els obstacles i explora solucions efectives.\" \/>\n<meta name=\"robots\" content=\"index, follow, max-snippet:-1, max-image-preview:large, max-video-preview:-1\" \/>\n<link rel=\"canonical\" href=\"https:\/\/www.mylasertabac.com\/ca\/per-que-no-podem-deixar-de-fumar-2\/\" \/>\n<meta property=\"og:locale\" content=\"ca_ES\" \/>\n<meta property=\"og:type\" content=\"article\" \/>\n<meta property=\"og:title\" content=\"Per qu\u00e8 no podem deixar de fumar? - My Laser Tabac\" \/>\n<meta property=\"og:description\" content=\"Descobreix per qu\u00e8 \u00e9s tan dif\u00edcil deixar de fumar: entre depend\u00e8ncia f\u00edsica, h\u00e0bits arrelats i factors psicol\u00f2gics, ent\u00e9n els obstacles i explora solucions efectives.\" \/>\n<meta property=\"og:url\" content=\"https:\/\/www.mylasertabac.com\/ca\/per-que-no-podem-deixar-de-fumar-2\/\" \/>\n<meta property=\"og:site_name\" content=\"My Laser Tabac\" \/>\n<meta property=\"article:author\" content=\"https:\/\/www.facebook.com\/profile.php?id=61571554707319\" \/>\n<meta property=\"article:published_time\" content=\"2025-02-15T14:38:32+00:00\" \/>\n<meta property=\"article:modified_time\" content=\"2025-02-24T20:51:10+00:00\" \/>\n<meta property=\"og:image\" content=\"https:\/\/www.mylasertabac.com\/wp-content\/uploads\/2025\/01\/IMG_10CB892C8BA0-1.jpeg\" \/>\n\t<meta property=\"og:image:width\" content=\"893\" \/>\n\t<meta property=\"og:image:height\" content=\"972\" \/>\n\t<meta property=\"og:image:type\" content=\"image\/jpeg\" \/>\n<meta name=\"author\" content=\"Florian Fortes\" \/>\n<meta name=\"twitter:card\" content=\"summary_large_image\" \/>\n<meta name=\"twitter:label1\" content=\"Escrit per\" \/>\n\t<meta name=\"twitter:data1\" content=\"Florian Fortes\" \/>\n\t<meta name=\"twitter:label2\" content=\"Temps estimat de lectura\" \/>\n\t<meta name=\"twitter:data2\" content=\"5 minuts\" \/>\n<script type=\"application\/ld+json\" class=\"yoast-schema-graph\">{\"@context\":\"https:\\\/\\\/schema.org\",\"@graph\":[{\"@type\":\"Article\",\"@id\":\"https:\\\/\\\/www.mylasertabac.com\\\/ca\\\/per-que-no-podem-deixar-de-fumar-2\\\/#article\",\"isPartOf\":{\"@id\":\"https:\\\/\\\/www.mylasertabac.com\\\/ca\\\/per-que-no-podem-deixar-de-fumar-2\\\/\"},\"author\":{\"name\":\"Florian Fortes\",\"@id\":\"https:\\\/\\\/www.mylasertabac.com\\\/ca\\\/#\\\/schema\\\/person\\\/02c249cb76d912efb6c315ec23eccdf3\"},\"headline\":\"Per qu\u00e8 no podem deixar de fumar?\",\"datePublished\":\"2025-02-15T14:38:32+00:00\",\"dateModified\":\"2025-02-24T20:51:10+00:00\",\"mainEntityOfPage\":{\"@id\":\"https:\\\/\\\/www.mylasertabac.com\\\/ca\\\/per-que-no-podem-deixar-de-fumar-2\\\/\"},\"wordCount\":997,\"publisher\":{\"@id\":\"https:\\\/\\\/www.mylasertabac.com\\\/ca\\\/#organization\"},\"image\":{\"@id\":\"https:\\\/\\\/www.mylasertabac.com\\\/ca\\\/per-que-no-podem-deixar-de-fumar-2\\\/#primaryimage\"},\"thumbnailUrl\":\"https:\\\/\\\/www.mylasertabac.com\\\/wp-content\\\/uploads\\\/2025\\\/01\\\/IMG_10CB892C8BA0-1.jpeg\",\"keywords\":[\"deixar de fumar\"],\"articleSection\":[\"Deixar de fumar\"],\"inLanguage\":\"ca\"},{\"@type\":\"WebPage\",\"@id\":\"https:\\\/\\\/www.mylasertabac.com\\\/ca\\\/per-que-no-podem-deixar-de-fumar-2\\\/\",\"url\":\"https:\\\/\\\/www.mylasertabac.com\\\/ca\\\/per-que-no-podem-deixar-de-fumar-2\\\/\",\"name\":\"Per qu\u00e8 no podem deixar de fumar? - My Laser Tabac\",\"isPartOf\":{\"@id\":\"https:\\\/\\\/www.mylasertabac.com\\\/ca\\\/#website\"},\"primaryImageOfPage\":{\"@id\":\"https:\\\/\\\/www.mylasertabac.com\\\/ca\\\/per-que-no-podem-deixar-de-fumar-2\\\/#primaryimage\"},\"image\":{\"@id\":\"https:\\\/\\\/www.mylasertabac.com\\\/ca\\\/per-que-no-podem-deixar-de-fumar-2\\\/#primaryimage\"},\"thumbnailUrl\":\"https:\\\/\\\/www.mylasertabac.com\\\/wp-content\\\/uploads\\\/2025\\\/01\\\/IMG_10CB892C8BA0-1.jpeg\",\"datePublished\":\"2025-02-15T14:38:32+00:00\",\"dateModified\":\"2025-02-24T20:51:10+00:00\",\"description\":\"Descobreix per qu\u00e8 \u00e9s tan dif\u00edcil deixar de fumar: entre depend\u00e8ncia f\u00edsica, h\u00e0bits arrelats i factors psicol\u00f2gics, ent\u00e9n els obstacles i explora solucions efectives.\",\"breadcrumb\":{\"@id\":\"https:\\\/\\\/www.mylasertabac.com\\\/ca\\\/per-que-no-podem-deixar-de-fumar-2\\\/#breadcrumb\"},\"inLanguage\":\"ca\",\"potentialAction\":[{\"@type\":\"ReadAction\",\"target\":[\"https:\\\/\\\/www.mylasertabac.com\\\/ca\\\/per-que-no-podem-deixar-de-fumar-2\\\/\"]}]},{\"@type\":\"ImageObject\",\"inLanguage\":\"ca\",\"@id\":\"https:\\\/\\\/www.mylasertabac.com\\\/ca\\\/per-que-no-podem-deixar-de-fumar-2\\\/#primaryimage\",\"url\":\"https:\\\/\\\/www.mylasertabac.com\\\/wp-content\\\/uploads\\\/2025\\\/01\\\/IMG_10CB892C8BA0-1.jpeg\",\"contentUrl\":\"https:\\\/\\\/www.mylasertabac.com\\\/wp-content\\\/uploads\\\/2025\\\/01\\\/IMG_10CB892C8BA0-1.jpeg\",\"width\":893,\"height\":972},{\"@type\":\"BreadcrumbList\",\"@id\":\"https:\\\/\\\/www.mylasertabac.com\\\/ca\\\/per-que-no-podem-deixar-de-fumar-2\\\/#breadcrumb\",\"itemListElement\":[{\"@type\":\"ListItem\",\"position\":1,\"name\":\"Accueil\",\"item\":\"https:\\\/\\\/www.mylasertabac.com\\\/ca\\\/benvingut\\\/\"},{\"@type\":\"ListItem\",\"position\":2,\"name\":\"Per qu\u00e8 no podem deixar de fumar?\"}]},{\"@type\":\"WebSite\",\"@id\":\"https:\\\/\\\/www.mylasertabac.com\\\/ca\\\/#website\",\"url\":\"https:\\\/\\\/www.mylasertabac.com\\\/ca\\\/\",\"name\":\"My Laser Tabac\",\"description\":\"La solution laser qui transforme les fumeurs en ex-fumeurs\",\"publisher\":{\"@id\":\"https:\\\/\\\/www.mylasertabac.com\\\/ca\\\/#organization\"},\"potentialAction\":[{\"@type\":\"SearchAction\",\"target\":{\"@type\":\"EntryPoint\",\"urlTemplate\":\"https:\\\/\\\/www.mylasertabac.com\\\/ca\\\/?s={search_term_string}\"},\"query-input\":{\"@type\":\"PropertyValueSpecification\",\"valueRequired\":true,\"valueName\":\"search_term_string\"}}],\"inLanguage\":\"ca\"},{\"@type\":\"Organization\",\"@id\":\"https:\\\/\\\/www.mylasertabac.com\\\/ca\\\/#organization\",\"name\":\"My Laser Tabac\",\"url\":\"https:\\\/\\\/www.mylasertabac.com\\\/ca\\\/\",\"logo\":{\"@type\":\"ImageObject\",\"inLanguage\":\"ca\",\"@id\":\"https:\\\/\\\/www.mylasertabac.com\\\/ca\\\/#\\\/schema\\\/logo\\\/image\\\/\",\"url\":\"https:\\\/\\\/www.mylasertabac.com\\\/wp-content\\\/uploads\\\/2024\\\/12\\\/mlt-verteau.svg\",\"contentUrl\":\"https:\\\/\\\/www.mylasertabac.com\\\/wp-content\\\/uploads\\\/2024\\\/12\\\/mlt-verteau.svg\",\"caption\":\"My Laser Tabac\"},\"image\":{\"@id\":\"https:\\\/\\\/www.mylasertabac.com\\\/ca\\\/#\\\/schema\\\/logo\\\/image\\\/\"}},{\"@type\":\"Person\",\"@id\":\"https:\\\/\\\/www.mylasertabac.com\\\/ca\\\/#\\\/schema\\\/person\\\/02c249cb76d912efb6c315ec23eccdf3\",\"name\":\"Florian Fortes\",\"image\":{\"@type\":\"ImageObject\",\"inLanguage\":\"ca\",\"@id\":\"https:\\\/\\\/www.mylasertabac.com\\\/wp-content\\\/litespeed\\\/avatar\\\/142101a71d7b9e6490c1120d9c109a67.jpg?ver=1776856306\",\"url\":\"https:\\\/\\\/www.mylasertabac.com\\\/wp-content\\\/litespeed\\\/avatar\\\/142101a71d7b9e6490c1120d9c109a67.jpg?ver=1776856306\",\"contentUrl\":\"https:\\\/\\\/www.mylasertabac.com\\\/wp-content\\\/litespeed\\\/avatar\\\/142101a71d7b9e6490c1120d9c109a67.jpg?ver=1776856306\",\"caption\":\"Florian Fortes\"},\"sameAs\":[\"https:\\\/\\\/www.mylasertabac.com\",\"https:\\\/\\\/www.facebook.com\\\/profile.php?id=61571554707319\"],\"url\":\"https:\\\/\\\/www.mylasertabac.com\\\/ca\\\/author\\\/florianfortes5312\\\/\"}]}<\/script>\n<!-- \/ Yoast SEO plugin. -->","yoast_head_json":{"title":"Per qu\u00e8 no podem deixar de fumar? - My Laser Tabac","description":"Descobreix per qu\u00e8 \u00e9s tan dif\u00edcil deixar de fumar: entre depend\u00e8ncia f\u00edsica, h\u00e0bits arrelats i factors psicol\u00f2gics, ent\u00e9n els obstacles i explora solucions efectives.","robots":{"index":"index","follow":"follow","max-snippet":"max-snippet:-1","max-image-preview":"max-image-preview:large","max-video-preview":"max-video-preview:-1"},"canonical":"https:\/\/www.mylasertabac.com\/ca\/per-que-no-podem-deixar-de-fumar-2\/","og_locale":"ca_ES","og_type":"article","og_title":"Per qu\u00e8 no podem deixar de fumar? - My Laser Tabac","og_description":"Descobreix per qu\u00e8 \u00e9s tan dif\u00edcil deixar de fumar: entre depend\u00e8ncia f\u00edsica, h\u00e0bits arrelats i factors psicol\u00f2gics, ent\u00e9n els obstacles i explora solucions efectives.","og_url":"https:\/\/www.mylasertabac.com\/ca\/per-que-no-podem-deixar-de-fumar-2\/","og_site_name":"My Laser Tabac","article_author":"https:\/\/www.facebook.com\/profile.php?id=61571554707319","article_published_time":"2025-02-15T14:38:32+00:00","article_modified_time":"2025-02-24T20:51:10+00:00","og_image":[{"width":893,"height":972,"url":"https:\/\/www.mylasertabac.com\/wp-content\/uploads\/2025\/01\/IMG_10CB892C8BA0-1.jpeg","type":"image\/jpeg"}],"author":"Florian Fortes","twitter_card":"summary_large_image","twitter_misc":{"Escrit per":"Florian Fortes","Temps estimat de lectura":"5 minuts"},"schema":{"@context":"https:\/\/schema.org","@graph":[{"@type":"Article","@id":"https:\/\/www.mylasertabac.com\/ca\/per-que-no-podem-deixar-de-fumar-2\/#article","isPartOf":{"@id":"https:\/\/www.mylasertabac.com\/ca\/per-que-no-podem-deixar-de-fumar-2\/"},"author":{"name":"Florian Fortes","@id":"https:\/\/www.mylasertabac.com\/ca\/#\/schema\/person\/02c249cb76d912efb6c315ec23eccdf3"},"headline":"Per qu\u00e8 no podem deixar de fumar?","datePublished":"2025-02-15T14:38:32+00:00","dateModified":"2025-02-24T20:51:10+00:00","mainEntityOfPage":{"@id":"https:\/\/www.mylasertabac.com\/ca\/per-que-no-podem-deixar-de-fumar-2\/"},"wordCount":997,"publisher":{"@id":"https:\/\/www.mylasertabac.com\/ca\/#organization"},"image":{"@id":"https:\/\/www.mylasertabac.com\/ca\/per-que-no-podem-deixar-de-fumar-2\/#primaryimage"},"thumbnailUrl":"https:\/\/www.mylasertabac.com\/wp-content\/uploads\/2025\/01\/IMG_10CB892C8BA0-1.jpeg","keywords":["deixar de fumar"],"articleSection":["Deixar de fumar"],"inLanguage":"ca"},{"@type":"WebPage","@id":"https:\/\/www.mylasertabac.com\/ca\/per-que-no-podem-deixar-de-fumar-2\/","url":"https:\/\/www.mylasertabac.com\/ca\/per-que-no-podem-deixar-de-fumar-2\/","name":"Per qu\u00e8 no podem deixar de fumar? - My Laser Tabac","isPartOf":{"@id":"https:\/\/www.mylasertabac.com\/ca\/#website"},"primaryImageOfPage":{"@id":"https:\/\/www.mylasertabac.com\/ca\/per-que-no-podem-deixar-de-fumar-2\/#primaryimage"},"image":{"@id":"https:\/\/www.mylasertabac.com\/ca\/per-que-no-podem-deixar-de-fumar-2\/#primaryimage"},"thumbnailUrl":"https:\/\/www.mylasertabac.com\/wp-content\/uploads\/2025\/01\/IMG_10CB892C8BA0-1.jpeg","datePublished":"2025-02-15T14:38:32+00:00","dateModified":"2025-02-24T20:51:10+00:00","description":"Descobreix per qu\u00e8 \u00e9s tan dif\u00edcil deixar de fumar: entre depend\u00e8ncia f\u00edsica, h\u00e0bits arrelats i factors psicol\u00f2gics, ent\u00e9n els obstacles i explora solucions efectives.","breadcrumb":{"@id":"https:\/\/www.mylasertabac.com\/ca\/per-que-no-podem-deixar-de-fumar-2\/#breadcrumb"},"inLanguage":"ca","potentialAction":[{"@type":"ReadAction","target":["https:\/\/www.mylasertabac.com\/ca\/per-que-no-podem-deixar-de-fumar-2\/"]}]},{"@type":"ImageObject","inLanguage":"ca","@id":"https:\/\/www.mylasertabac.com\/ca\/per-que-no-podem-deixar-de-fumar-2\/#primaryimage","url":"https:\/\/www.mylasertabac.com\/wp-content\/uploads\/2025\/01\/IMG_10CB892C8BA0-1.jpeg","contentUrl":"https:\/\/www.mylasertabac.com\/wp-content\/uploads\/2025\/01\/IMG_10CB892C8BA0-1.jpeg","width":893,"height":972},{"@type":"BreadcrumbList","@id":"https:\/\/www.mylasertabac.com\/ca\/per-que-no-podem-deixar-de-fumar-2\/#breadcrumb","itemListElement":[{"@type":"ListItem","position":1,"name":"Accueil","item":"https:\/\/www.mylasertabac.com\/ca\/benvingut\/"},{"@type":"ListItem","position":2,"name":"Per qu\u00e8 no podem deixar de fumar?"}]},{"@type":"WebSite","@id":"https:\/\/www.mylasertabac.com\/ca\/#website","url":"https:\/\/www.mylasertabac.com\/ca\/","name":"My Laser Tabac","description":"La solution laser qui transforme les fumeurs en ex-fumeurs","publisher":{"@id":"https:\/\/www.mylasertabac.com\/ca\/#organization"},"potentialAction":[{"@type":"SearchAction","target":{"@type":"EntryPoint","urlTemplate":"https:\/\/www.mylasertabac.com\/ca\/?s={search_term_string}"},"query-input":{"@type":"PropertyValueSpecification","valueRequired":true,"valueName":"search_term_string"}}],"inLanguage":"ca"},{"@type":"Organization","@id":"https:\/\/www.mylasertabac.com\/ca\/#organization","name":"My Laser Tabac","url":"https:\/\/www.mylasertabac.com\/ca\/","logo":{"@type":"ImageObject","inLanguage":"ca","@id":"https:\/\/www.mylasertabac.com\/ca\/#\/schema\/logo\/image\/","url":"https:\/\/www.mylasertabac.com\/wp-content\/uploads\/2024\/12\/mlt-verteau.svg","contentUrl":"https:\/\/www.mylasertabac.com\/wp-content\/uploads\/2024\/12\/mlt-verteau.svg","caption":"My Laser Tabac"},"image":{"@id":"https:\/\/www.mylasertabac.com\/ca\/#\/schema\/logo\/image\/"}},{"@type":"Person","@id":"https:\/\/www.mylasertabac.com\/ca\/#\/schema\/person\/02c249cb76d912efb6c315ec23eccdf3","name":"Florian Fortes","image":{"@type":"ImageObject","inLanguage":"ca","@id":"https:\/\/www.mylasertabac.com\/wp-content\/litespeed\/avatar\/142101a71d7b9e6490c1120d9c109a67.jpg?ver=1776856306","url":"https:\/\/www.mylasertabac.com\/wp-content\/litespeed\/avatar\/142101a71d7b9e6490c1120d9c109a67.jpg?ver=1776856306","contentUrl":"https:\/\/www.mylasertabac.com\/wp-content\/litespeed\/avatar\/142101a71d7b9e6490c1120d9c109a67.jpg?ver=1776856306","caption":"Florian Fortes"},"sameAs":["https:\/\/www.mylasertabac.com","https:\/\/www.facebook.com\/profile.php?id=61571554707319"],"url":"https:\/\/www.mylasertabac.com\/ca\/author\/florianfortes5312\/"}]}},"_links":{"self":[{"href":"https:\/\/www.mylasertabac.com\/ca\/wp-json\/wp\/v2\/posts\/3172","targetHints":{"allow":["GET"]}}],"collection":[{"href":"https:\/\/www.mylasertabac.com\/ca\/wp-json\/wp\/v2\/posts"}],"about":[{"href":"https:\/\/www.mylasertabac.com\/ca\/wp-json\/wp\/v2\/types\/post"}],"author":[{"embeddable":true,"href":"https:\/\/www.mylasertabac.com\/ca\/wp-json\/wp\/v2\/users\/2"}],"replies":[{"embeddable":true,"href":"https:\/\/www.mylasertabac.com\/ca\/wp-json\/wp\/v2\/comments?post=3172"}],"version-history":[{"count":4,"href":"https:\/\/www.mylasertabac.com\/ca\/wp-json\/wp\/v2\/posts\/3172\/revisions"}],"predecessor-version":[{"id":4114,"href":"https:\/\/www.mylasertabac.com\/ca\/wp-json\/wp\/v2\/posts\/3172\/revisions\/4114"}],"wp:featuredmedia":[{"embeddable":true,"href":"https:\/\/www.mylasertabac.com\/ca\/wp-json\/wp\/v2\/media\/3307"}],"wp:attachment":[{"href":"https:\/\/www.mylasertabac.com\/ca\/wp-json\/wp\/v2\/media?parent=3172"}],"wp:term":[{"taxonomy":"category","embeddable":true,"href":"https:\/\/www.mylasertabac.com\/ca\/wp-json\/wp\/v2\/categories?post=3172"},{"taxonomy":"post_tag","embeddable":true,"href":"https:\/\/www.mylasertabac.com\/ca\/wp-json\/wp\/v2\/tags?post=3172"}],"curies":[{"name":"wp","href":"https:\/\/api.w.org\/{rel}","templated":true}]}}