{"id":3555,"date":"2025-02-02T09:02:00","date_gmt":"2025-02-02T08:02:00","guid":{"rendered":"https:\/\/www.mylasertabac.com\/com-contribueix-el-cultiu-del-tabac-a-la-contaminacio-ambiental\/"},"modified":"2025-02-27T20:51:53","modified_gmt":"2025-02-27T19:51:53","slug":"com-contribueix-el-cultiu-del-tabac-a-la-contaminacio-ambiental","status":"publish","type":"post","link":"https:\/\/www.mylasertabac.com\/ca\/com-contribueix-el-cultiu-del-tabac-a-la-contaminacio-ambiental\/","title":{"rendered":"Com contribueix el cultiu del tabac a la contaminaci\u00f3 ambiental?"},"content":{"rendered":"\n<p>Quan pensem en el tabac, sovint pensem en els riscos per a la salut: malalties respirat\u00f2ries, c\u00e0ncers, addiccions. Tanmateix, l&#8217;impacte de la ind\u00fastria del tabac sobre el medi ambient \u00e9s igualment alarmant, tot i que sovint es passa per alt. Des del cultiu del tabac fins a la contaminaci\u00f3 de la burilla, aquesta ind\u00fastria exerceix una pressi\u00f3 considerable sobre el nostre ecosistema. Els fumadors, de vegades inconscients de les conseq\u00fc\u00e8ncies ambientals, contribueixen sense voler-ho a aquesta xacra. En aquest article s&#8217;aprofundeix en aquestes q\u00fcestions alhora que proposa solucions per afavorir l&#8217;abandonament del tabac, destacant l&#8217;auriculoter\u00e0pia com un m\u00e8tode efica\u00e7 i respectu\u00f3s amb el medi ambient.    <\/p>\n\n<div style=\"height:24px\" aria-hidden=\"true\" class=\"wp-block-spacer\"><\/div>\n\n<h2 class=\"wp-block-heading\"><strong>El cultiu del tabac: un proc\u00e9s destructiu per al medi ambient<\/strong><\/h2>\n\n<div style=\"height:24px\" aria-hidden=\"true\" class=\"wp-block-spacer\"><\/div>\n\n<h3 class=\"wp-block-heading\"><strong>Una cultura que destrueix s\u00f2ls i boscos<\/strong><\/h3>\n\n<div style=\"height:24px\" aria-hidden=\"true\" class=\"wp-block-spacer\"><\/div>\n\n<p>La producci\u00f3 de tabac comen\u00e7a amb el cultiu intensiu d&#8217;aquesta planta, principalment als pa\u00efsos en desenvolupament. Aquest proc\u00e9s requereix grans superf\u00edcies agr\u00edcoles, sovint obtingudes a costa dels boscos tropicals. Segons l&#8217;Organitzaci\u00f3 Mundial de la Salut (OMS), prop de 200.000 hect\u00e0rees de bosc desapareixen cada any per deixar pas a les plantacions de tabac. Aquesta desforestaci\u00f3 massiva contribueix a la p\u00e8rdua de biodiversitat i a l&#8217;emissi\u00f3 de gasos d&#8217;efecte hivernacle, agreujant aix\u00ed l&#8217;escalfament global.   <\/p>\n\n<div style=\"height:24px\" aria-hidden=\"true\" class=\"wp-block-spacer\"><\/div>\n\n<p>A m\u00e9s de la desforestaci\u00f3, els s\u00f2ls on es cultiva tabac pateixen una r\u00e0pida degradaci\u00f3. Aquesta planta esgota els nutrients del s\u00f2l m\u00e9s r\u00e0pidament que molts altres cultius, obligant els agricultors a utilitzar grans quantitats de fertilitzants i pesticides. Aquests productes qu\u00edmics, t\u00f2xics per al medi ambient, contaminen les aig\u00fces subterr\u00e0nies i amenacen els ecosistemes aqu\u00e0tics.  <\/p>\n\n<div style=\"height:24px\" aria-hidden=\"true\" class=\"wp-block-spacer\"><\/div>\n\n<h3 class=\"wp-block-heading\"><strong>Fabricaci\u00f3 i transport: un alt cost ecol\u00f2gic<\/strong><\/h3>\n\n<div style=\"height:24px\" aria-hidden=\"true\" class=\"wp-block-spacer\"><\/div>\n\n<p>La fabricaci\u00f3 de cigarrets es basa en processos industrials intensius en recursos. Les plantes de producci\u00f3 consumeixen enormes quantitats d&#8217;energia per transformar les fulles de tabac en productes acabats. Cada pas del processament, ja sigui assecat, tractament qu\u00edmic o muntatge del filtre, contribueix a una important petjada de carboni. Aquestes instal\u00b7lacions emeten quantitats importants de gasos d&#8217;efecte hivernacle i generen residus industrials sovint mal gestionats.   <\/p>\n\n<p>Al mateix temps, el transport global de productes del tabac afegeix m\u00e9s pes a l&#8217;impacte ambiental de la ind\u00fastria. Els cigarrets produ\u00efts en pa\u00efsos amb costos laborals baixos s&#8217;exporten sovint als mercats occidentals, i requereixen transport mar\u00edtim o aeri. Segons un informe de l&#8217;OMS, les emissions de CO2 associades al transport de tabac s\u00f3n significatives, agreujant la crisi clim\u00e0tica mundial.  <\/p>\n\n<div style=\"height:24px\" aria-hidden=\"true\" class=\"wp-block-spacer\"><\/div>\n\n<p>Finalment, els envasos de cigarrets, encara que sovint subestimats, tamb\u00e9 contribueixen a la contaminaci\u00f3. Els paquets de cigarrets estan fets de paper i pl\u00e0stic, dos materials que requereixen recursos naturals importants i que generen residus no reciclats quan es llancen a la natura. Cada producte, fins i tot abans de ser consumit, ja ha deixat una empremta duradora en el medi ambient.  <\/p>\n\n<div style=\"height:16px\" aria-hidden=\"true\" class=\"wp-block-spacer\"><\/div>\n\n<figure class=\"wp-block-image size-large\"><img fetchpriority=\"high\" decoding=\"async\" width=\"1024\" height=\"585\" src=\"https:\/\/www.mylasertabac.com\/wp-content\/uploads\/2025\/01\/70706680-3938-4E1A-9451-25F18AEF6B93-1024x585.png\" alt=\"\" class=\"wp-image-1159\" srcset=\"https:\/\/www.mylasertabac.com\/wp-content\/uploads\/2025\/01\/70706680-3938-4E1A-9451-25F18AEF6B93-1024x585.png 1024w, https:\/\/www.mylasertabac.com\/wp-content\/uploads\/2025\/01\/70706680-3938-4E1A-9451-25F18AEF6B93-300x171.png 300w, https:\/\/www.mylasertabac.com\/wp-content\/uploads\/2025\/01\/70706680-3938-4E1A-9451-25F18AEF6B93-768x439.png 768w, https:\/\/www.mylasertabac.com\/wp-content\/uploads\/2025\/01\/70706680-3938-4E1A-9451-25F18AEF6B93-1536x878.png 1536w, https:\/\/www.mylasertabac.com\/wp-content\/uploads\/2025\/01\/70706680-3938-4E1A-9451-25F18AEF6B93.png 1792w\" sizes=\"(max-width: 1024px) 100vw, 1024px\" \/><\/figure>\n\n<div style=\"height:24px\" aria-hidden=\"true\" class=\"wp-block-spacer\"><\/div>\n\n<h2 class=\"wp-block-heading\"><strong>Les burilles de cigarrets: un residu omnipresent i t\u00f2xic<\/strong><\/h2>\n\n<div style=\"height:24px\" aria-hidden=\"true\" class=\"wp-block-spacer\"><\/div>\n\n<h3 class=\"wp-block-heading\"><strong>Contaminaci\u00f3 visible per\u00f2 ignorada<\/strong><\/h3>\n\n<div style=\"height:24px\" aria-hidden=\"true\" class=\"wp-block-spacer\"><\/div>\n\n<p>A Fran\u00e7a, es calcula que cada any es consumeixen 40.000 milions de cigarrets i una gran part dels seus culs acaben a la natura. Cada burilla de cigarreta cont\u00e9 subst\u00e0ncies t\u00f2xiques com el plom, l&#8217;ars\u00e8nic i el cadmi, que es filtren al s\u00f2l i als cursos d&#8217;aigua. Nom\u00e9s una burilla pot contaminar fins a 500 litres d&#8217;aigua.  <\/p>\n\n<div style=\"height:24px\" aria-hidden=\"true\" class=\"wp-block-spacer\"><\/div>\n\n<p>A les ciutats, les burilles de cigarrets representen una gran part dels residus que es troben als carrers. Segons un estudi de l&#8217;ONG Surfrider Foundation, gaireb\u00e9 el 30% dels residus recollits durant la neteja de les platges a Fran\u00e7a s\u00f3n burilles de cigarrets. Aquests filtres de cigarrets, encara que petits, s\u00f3n molt resistents a la degradaci\u00f3. Aquesta contaminaci\u00f3, tot i que \u00e9s visible, sovint segueix sent ignorada pels fumadors, que no sempre s&#8217;adonen de l&#8217;impacte d&#8217;aquesta acci\u00f3 inofensiva.   <\/p>\n\n<div style=\"height:24px\" aria-hidden=\"true\" class=\"wp-block-spacer\"><\/div>\n\n<h3 class=\"wp-block-heading\"><strong>Quines lleis s&#8217;han de posar en marxa per combatre aquesta contaminaci\u00f3?<\/strong><\/h3>\n\n<div style=\"height:24px\" aria-hidden=\"true\" class=\"wp-block-spacer\"><\/div>\n\n<p>Davant d&#8217;aquest problema, s&#8217;han implantat lleis per reduir la contaminaci\u00f3 provocada per les burilles de cigarrets. A Fran\u00e7a, des del 2021, els fabricants de tabac han de contribuir econ\u00f2micament a la recollida i tractament de les burilles de cigarret abandonades. Aquesta mesura, sovint anomenada &#8220;responsabilitat ampliada del productor&#8221; (EPR), obliga a les empreses a invertir en solucions per gestionar els residus que generen. Segons informes governamentals, el programa ha recaptat fons per a grans esfor\u00e7os de neteja i reciclatge.   <\/p>\n\n<p>A m\u00e9s, s&#8217;han desenvolupat iniciatives locals per animar els fumadors a adoptar comportaments m\u00e9s responsables. Moltes ciutats han instal\u00b7lat cendrers urbans i han iniciat campanyes de conscienciaci\u00f3 sobre les conseq\u00fc\u00e8ncies mediambientals de llen\u00e7ar burilles. Aquestes campanyes tenen com a objectiu reduir les conductes desincentivadores imposant, en ocasions, sancions en forma de multes als fumadors sorpresos.  <\/p>\n\n<div style=\"height:24px\" aria-hidden=\"true\" class=\"wp-block-spacer\"><\/div>\n\n<p>A nivell europeu, la Directiva sobre pl\u00e0stics d&#8217;un sol \u00fas, adoptada el 2019, tamb\u00e9 t\u00e9 com a objectiu els filtres de cigarrets, que contenen micropl\u00e0stics nocius. Aquesta legislaci\u00f3 pret\u00e9n reduir l&#8217;\u00fas d&#8217;aquests materials i animar els fabricants a explorar alternatives biodegradables. Tanmateix, els efectes d&#8217;aquestes mesures continuen limitats per la manca de comprom\u00eds universal dels fabricants de tabac.  <\/p>\n\n<p>Finalment, algunes organitzacions no governamentals estan fent campanya per una fiscalitat addicional dels productes del tabac, per tal de finan\u00e7ar m\u00e9s iniciatives mediambientals. L&#8217;objectiu \u00e9s establir un cercle virtu\u00f3s on els beneficis de la ind\u00fastria del tabac es destinin a reparar els danys causats al medi ambient. Tanmateix, aquestes propostes sovint s&#8217;enfronten a resist\u00e8ncia pol\u00edtica i econ\u00f2mica.  <\/p>\n\n<div style=\"height:24px\" aria-hidden=\"true\" class=\"wp-block-spacer\"><\/div>\n\n<p class=\"has-cyan-bluish-gray-background-color has-background\">Aquest article et pot interessar: <a href=\"https:\/\/www.mylasertabac.com\/ca\/pot-fumar-augmentar-el-risc-de-lesions-en-els-esportistes\/\"><mark style=\"background-color:#abb8c3\" class=\"has-inline-color has-luminous-vivid-orange-color\">Pot fumar augmentar el risc de lesions en els esportistes?<\/mark><\/a><\/p>\n\n<div style=\"height:24px\" aria-hidden=\"true\" class=\"wp-block-spacer\"><\/div>\n\n<h2 class=\"wp-block-heading\"><strong>Fomentar l&#8217;abandonament del tabac: una soluci\u00f3 ambiental<\/strong><\/h2>\n\n<div style=\"height:24px\" aria-hidden=\"true\" class=\"wp-block-spacer\"><\/div>\n\n<h3 class=\"wp-block-heading\"><strong>M\u00e8todes cl\u00e0ssics per deixar de fumar<\/strong><\/h3>\n\n<div style=\"height:24px\" aria-hidden=\"true\" class=\"wp-block-spacer\"><\/div>\n\n<p>Per reduir l&#8217;impacte ambiental del tabac, \u00e9s fonamental animar els fumadors a deixar de fumar. Existeixen molts m\u00e8todes, com els substituts de la nicotina (pegats, xiclets, pastilles, l\u00e0ser antitabac) que permeten reduir progressivament la depend\u00e8ncia aportant dosis controlades de nicotina sense rec\u00f3rrer a la combusti\u00f3. Aquests productes, disponibles a les farm\u00e0cies, solen ser el primer pas recomanat pels professionals de la salut.  <\/p>\n\n<p>Les ter\u00e0pies cognitives conductuals (TCC) tamb\u00e9 s\u00f3n \u00e0mpliament defensades. Aquestes t\u00e8cniques tenen com a objectiu comprendre els desencadenants de la necessitat de fumar i posar en marxa estrat\u00e8gies per superar-los. Les sessions, sovint organitzades amb especialistes en tabac o psic\u00f2legs, promouen un suport personalitzat i augmenten les possibilitats d&#8217;\u00e8xit.  <\/p>\n\n<p>Al mateix temps, solucions tecnol\u00f2giques, com aplicacions m\u00f2bils i objectes connectats, ofereixen suport diari als fumadors. Aquestes eines ajuden a fer un seguiment del progr\u00e9s, a motivar i a recordar a la gent els beneficis d&#8217;un deslletament amb \u00e8xit. <\/p>\n\n<p>Tanmateix, aquests enfocaments poden tenir limitacions, especialment per als fumadors molt dependents o aquells que tenen dificultats per canviar els seus h\u00e0bits. \u00c9s per aix\u00f2 que sovint \u00e9s necessari combinar diversos m\u00e8todes per obtenir resultats convincents. <\/p>\n\n<div style=\"height:24px\" aria-hidden=\"true\" class=\"wp-block-spacer\"><\/div>\n\n<h2 class=\"wp-block-heading\"><strong>Auriculoter\u00e0pia: una soluci\u00f3 efica\u00e7 i natural<\/strong><\/h2>\n\n<div style=\"height:24px\" aria-hidden=\"true\" class=\"wp-block-spacer\"><\/div>\n\n<p>Entre les t\u00e8cniques <a href=\"https:\/\/www.mylasertabac.com\/ca\/\">per deixar de fumar<\/a> , l&#8217;auriculoter\u00e0pia destaca per la seva efic\u00e0cia i el seu enfocament no invasiu. Aquest m\u00e8tode, inspirat en l&#8217;acupuntura, consisteix a estimular punts concrets de l&#8217;orella mitjan\u00e7ant un l\u00e0ser o una agulla. Regulant els circuits energ\u00e8tics i reduint les ganes de fumar, l&#8217;auriculoter\u00e0pia permet deixar de fumar amb suavitat.  <\/p>\n\n<p>Els estudis han demostrat que aquesta t\u00e8cnica t\u00e9 taxes d&#8217;\u00e8xit m\u00e9s altes que els m\u00e8todes tradicionals. Tamb\u00e9 ofereix un avantatge ecol\u00f2gic: en deixar de fumar amb aquest m\u00e8tode natural, els fumadors redueixen la seva petjada de carboni personal i ajuden a reduir el malbaratament de la burilla. Per tant, l&#8217;auriculoter\u00e0pia representa una soluci\u00f3 tant individual com ambiental.  <\/p>\n\n<div style=\"height:24px\" aria-hidden=\"true\" class=\"wp-block-spacer\"><\/div>\n\n<h2 class=\"wp-block-heading\"><strong>Una consci\u00e8ncia necess\u00e0ria<\/strong><\/h2>\n\n<div style=\"height:24px\" aria-hidden=\"true\" class=\"wp-block-spacer\"><\/div>\n\n<h3 class=\"wp-block-heading\"><strong>Els fumadors i el medi ambient<\/strong><\/h3>\n\n<div style=\"height:24px\" aria-hidden=\"true\" class=\"wp-block-spacer\"><\/div>\n\n<p>Per a molts fumadors, l&#8217;impacte ambiental del seu h\u00e0bit continua sent un punt cec. Les campanyes de conscienciaci\u00f3 se centren principalment en els riscos per a la salut, sovint ignorant les conseq\u00fc\u00e8ncies ecol\u00f2giques. Tot i aix\u00f2, cada cigarreta que es fuma contribueix a un sistema que destrueix els boscos, contamina l&#8217;aire, l&#8217;aigua i el s\u00f2l i produeix tones de residus. Els filtres llan\u00e7ats a la natura, els pesticides utilitzats a les terres agr\u00edcoles i els productes qu\u00edmics alliberats durant la combusti\u00f3 s\u00f3n amenaces per a l&#8217;equilibri ambiental.   <\/p>\n\n<p>Per tant, \u00e9s crucial augmentar les iniciatives per educar els fumadors sobre aquests temes. Les campanyes publicit\u00e0ries podrien incloure missatges sobre l&#8217;impacte mediambiental, mentre que les institucions p\u00fabliques podrien augmentar els controls i les multes per l&#8217;escombraries de cigarrets. A m\u00e9s, els programes educatius a les escoles podrien conscienciar els joves sobre la protecci\u00f3 del medi ambient i les conseq\u00fc\u00e8ncies de les eleccions individuals.  <\/p>\n\n<figure class=\"wp-block-image size-full\"><img decoding=\"async\" width=\"949\" height=\"702\" src=\"https:\/\/www.mylasertabac.com\/wp-content\/uploads\/2024\/12\/happy-women-mylasterbac.jpg\" alt=\"\" class=\"wp-image-362\" srcset=\"https:\/\/www.mylasertabac.com\/wp-content\/uploads\/2024\/12\/happy-women-mylasterbac.jpg 949w, https:\/\/www.mylasertabac.com\/wp-content\/uploads\/2024\/12\/happy-women-mylasterbac-300x222.jpg 300w, https:\/\/www.mylasertabac.com\/wp-content\/uploads\/2024\/12\/happy-women-mylasterbac-768x568.jpg 768w\" sizes=\"(max-width: 949px) 100vw, 949px\" \/><\/figure>\n\n<div style=\"height:24px\" aria-hidden=\"true\" class=\"wp-block-spacer\"><\/div>\n\n<h3 class=\"wp-block-heading\"><strong>Un futur sense tabac<\/strong><\/h3>\n\n<div style=\"height:24px\" aria-hidden=\"true\" class=\"wp-block-spacer\"><\/div>\n\n<p>Un m\u00f3n sense tabac no nom\u00e9s \u00e9s bo per a la salut p\u00fablica, sin\u00f3 tamb\u00e9 per a la salut del planeta. Mitjan\u00e7ant l&#8217;adopci\u00f3 de solucions innovadores com l&#8217;auriculoter\u00e0pia i augmentant els esfor\u00e7os de conscienciaci\u00f3, \u00e9s possible reduir significativament l&#8217;impacte ambiental d&#8217;aquesta ind\u00fastria. Cada acci\u00f3 compta, i deixar de fumar \u00e9s una acci\u00f3 concreta per preservar el nostre ecosistema.  <\/p>\n\n<div style=\"height:24px\" aria-hidden=\"true\" class=\"wp-block-spacer\"><\/div>\n\n<h2 class=\"wp-block-heading\"><strong>Conclusi\u00f3<\/strong><\/h2>\n\n<div style=\"height:24px\" aria-hidden=\"true\" class=\"wp-block-spacer\"><\/div>\n\n<p>La ind\u00fastria del tabac no nom\u00e9s \u00e9s un problema de salut p\u00fablica, sin\u00f3 tamb\u00e9 una important font de contaminaci\u00f3 ambiental. Des de la desforestaci\u00f3 dels cultius de tabac fins a la contaminaci\u00f3 causada per les burilles de cigarrets, cada pas de la producci\u00f3 i el consum de tabac t\u00e9 conseq\u00fc\u00e8ncies dram\u00e0tiques per al planeta. Els fumadors, sovint poc informats sobre aquests aspectes, poden contribuir a un canvi positiu optant per solucions efectives de cessament com l&#8217;auriculoter\u00e0pia.  <\/p>\n\n<p>\u00c9s hora d&#8217;adonar-nos que cada cigarreta que es fuma deixa una empremta duradora no nom\u00e9s en la salut humana, sin\u00f3 tamb\u00e9 en el medi ambient. Fomentant l&#8217;abandonament del tabaquisme, refor\u00e7ant les lleis contra la contaminaci\u00f3 i conscienciant, podem esperar un futur m\u00e9s saludable i sostenible per a tothom. Deixar de fumar no nom\u00e9s significa alliberar-se d&#8217;una addicci\u00f3, sin\u00f3 tamb\u00e9 convertir-se en un actor de la preservaci\u00f3 del nostre planeta.  <\/p>\n\n<div style=\"height:32px\" aria-hidden=\"true\" class=\"wp-block-spacer\"><\/div>\n\n<h3 class=\"wp-block-heading\">Els mitjans de comunicaci\u00f3 parlen de Mylasertabac:<\/h3>\n\n<p><a href=\"https:\/\/sinactiv.fr\/blogs\/divers\/arret-tabac-laser\">sinactiv.fr<\/a> , <a href=\"https:\/\/www.naturopat.fr\/comment-arreter-de-fumer-facilement-grace-au-laser\/\">naturopat.fr<\/a> , <a href=\"https:\/\/sante-et-beaute.fr\/pourquoi-arreter-de-fumer-en-2025\/\">sante-et-beaute.fr<\/a> , <a href=\"https:\/\/monparrainsante.com\/pourquoi-arreter-de-fumer-en-2025\/\">monparrainsante.com<\/a> , <a href=\"https:\/\/www.hypnoandco.com\/arreter-de-fumer-laser\/\">hypnoandco.com,<\/a> <a href=\"https:\/\/l-hexagone.fr\/bien-etre-sante\/pourquoi-arreter-de-fumer-en-2025-est-une-decision-essentielle\/\">l-hexagone.fr<\/a> , <a href=\"https:\/\/www.mondentistechampigny.fr\/soins-dentaires\/effets-tabagisme-dents\/\">mondentistechampigny.fr<\/a> , <a href=\"https:\/\/france-pharmacies.fr\/pourquoi-il-est-important-darreter-de-fumer-en-2025\/\">france-pharmacies.fr<\/a> , <a href=\"https:\/\/www.santeplusmag.com\/111129505-pourquoi-arreter-de-fumer-en-2025-articles-partenaires\/\">santeplusmag.com<\/a><\/p>\n\n<div style=\"height:24px\" aria-hidden=\"true\" class=\"wp-block-spacer\"><\/div>\n\n<figure class=\"wp-block-image size-large\"><img decoding=\"async\" src=\"https:\/\/www.mylasertabac.com\/wp-content\/uploads\/\/mlt-verteau.svg\" alt=\"\" class=\"wp-image-13\"\/><\/figure>\n","protected":false},"excerpt":{"rendered":"<p>Quan pensem en el tabac, sovint pensem en els riscos per a la salut: malalties respirat\u00f2ries, c\u00e0ncers, addiccions. Tanmateix, l&#8217;impacte de la ind\u00fastria del tabac sobre el medi ambient \u00e9s igualment alarmant, tot i que sovint es passa per alt. Des del cultiu del tabac fins a la contaminaci\u00f3 de la burilla, aquesta ind\u00fastria exerceix [&hellip;]<\/p>\n","protected":false},"author":2,"featured_media":2350,"comment_status":"closed","ping_status":"open","sticky":false,"template":"","format":"standard","meta":{"inline_featured_image":false,"footnotes":""},"categories":[504],"tags":[505,245],"class_list":["post-3555","post","type-post","status-publish","format-standard","has-post-thumbnail","hentry","category-el-cultiu-del-tabac-i-la-contaminacio","tag-contaminacio-pel-tabac","tag-deixar-de-fumar-ca-3"],"yoast_head":"<!-- This site is optimized with the Yoast SEO plugin v27.4 - https:\/\/yoast.com\/product\/yoast-seo-wordpress\/ -->\n<title>Com contribueix el cultiu del tabac a la contaminaci\u00f3 ambiental? - My Laser Tabac<\/title>\n<meta name=\"description\" content=\"Apreneu com el cultiu de tabac afecta el medi ambient mitjan\u00e7ant la desforestaci\u00f3, la contaminaci\u00f3 del s\u00f2l i de l&#039;aigua i els residus de la producci\u00f3 i el consum de cigarrets.\" \/>\n<meta name=\"robots\" content=\"index, follow, max-snippet:-1, max-image-preview:large, max-video-preview:-1\" \/>\n<link rel=\"canonical\" href=\"https:\/\/www.mylasertabac.com\/ca\/com-contribueix-el-cultiu-del-tabac-a-la-contaminacio-ambiental\/\" \/>\n<meta property=\"og:locale\" content=\"ca_ES\" \/>\n<meta property=\"og:type\" content=\"article\" \/>\n<meta property=\"og:title\" content=\"Com contribueix el cultiu del tabac a la contaminaci\u00f3 ambiental? - My Laser Tabac\" \/>\n<meta property=\"og:description\" content=\"Apreneu com el cultiu de tabac afecta el medi ambient mitjan\u00e7ant la desforestaci\u00f3, la contaminaci\u00f3 del s\u00f2l i de l&#039;aigua i els residus de la producci\u00f3 i el consum de cigarrets.\" \/>\n<meta property=\"og:url\" content=\"https:\/\/www.mylasertabac.com\/ca\/com-contribueix-el-cultiu-del-tabac-a-la-contaminacio-ambiental\/\" \/>\n<meta property=\"og:site_name\" content=\"My Laser Tabac\" \/>\n<meta property=\"article:author\" content=\"https:\/\/www.facebook.com\/profile.php?id=61571554707319\" \/>\n<meta property=\"article:published_time\" content=\"2025-02-02T08:02:00+00:00\" \/>\n<meta property=\"article:modified_time\" content=\"2025-02-27T19:51:53+00:00\" \/>\n<meta property=\"og:image\" content=\"https:\/\/www.mylasertabac.com\/wp-content\/uploads\/2025\/01\/plantation-de-tabac--1024x585.png\" \/>\n\t<meta property=\"og:image:width\" content=\"1024\" \/>\n\t<meta property=\"og:image:height\" content=\"585\" \/>\n\t<meta property=\"og:image:type\" content=\"image\/png\" \/>\n<meta name=\"author\" content=\"Florian Fortes\" \/>\n<meta name=\"twitter:card\" content=\"summary_large_image\" \/>\n<meta name=\"twitter:label1\" content=\"Escrit per\" \/>\n\t<meta name=\"twitter:data1\" content=\"Florian Fortes\" \/>\n\t<meta name=\"twitter:label2\" content=\"Temps estimat de lectura\" \/>\n\t<meta name=\"twitter:data2\" content=\"9 minuts\" \/>\n<script type=\"application\/ld+json\" class=\"yoast-schema-graph\">{\"@context\":\"https:\\\/\\\/schema.org\",\"@graph\":[{\"@type\":\"Article\",\"@id\":\"https:\\\/\\\/www.mylasertabac.com\\\/ca\\\/com-contribueix-el-cultiu-del-tabac-a-la-contaminacio-ambiental\\\/#article\",\"isPartOf\":{\"@id\":\"https:\\\/\\\/www.mylasertabac.com\\\/ca\\\/com-contribueix-el-cultiu-del-tabac-a-la-contaminacio-ambiental\\\/\"},\"author\":{\"name\":\"Florian Fortes\",\"@id\":\"https:\\\/\\\/www.mylasertabac.com\\\/ca\\\/#\\\/schema\\\/person\\\/02c249cb76d912efb6c315ec23eccdf3\"},\"headline\":\"Com contribueix el cultiu del tabac a la contaminaci\u00f3 ambiental?\",\"datePublished\":\"2025-02-02T08:02:00+00:00\",\"dateModified\":\"2025-02-27T19:51:53+00:00\",\"mainEntityOfPage\":{\"@id\":\"https:\\\/\\\/www.mylasertabac.com\\\/ca\\\/com-contribueix-el-cultiu-del-tabac-a-la-contaminacio-ambiental\\\/\"},\"wordCount\":1769,\"publisher\":{\"@id\":\"https:\\\/\\\/www.mylasertabac.com\\\/ca\\\/#organization\"},\"image\":{\"@id\":\"https:\\\/\\\/www.mylasertabac.com\\\/ca\\\/com-contribueix-el-cultiu-del-tabac-a-la-contaminacio-ambiental\\\/#primaryimage\"},\"thumbnailUrl\":\"https:\\\/\\\/www.mylasertabac.com\\\/wp-content\\\/uploads\\\/2025\\\/01\\\/plantation-de-tabac-.png\",\"keywords\":[\"contaminaci\u00f3 pel tabac\",\"Deixar de fumar\"],\"articleSection\":[\"el cultiu del tabac i la contaminaci\u00f3\"],\"inLanguage\":\"ca\"},{\"@type\":\"WebPage\",\"@id\":\"https:\\\/\\\/www.mylasertabac.com\\\/ca\\\/com-contribueix-el-cultiu-del-tabac-a-la-contaminacio-ambiental\\\/\",\"url\":\"https:\\\/\\\/www.mylasertabac.com\\\/ca\\\/com-contribueix-el-cultiu-del-tabac-a-la-contaminacio-ambiental\\\/\",\"name\":\"Com contribueix el cultiu del tabac a la contaminaci\u00f3 ambiental? - My Laser Tabac\",\"isPartOf\":{\"@id\":\"https:\\\/\\\/www.mylasertabac.com\\\/ca\\\/#website\"},\"primaryImageOfPage\":{\"@id\":\"https:\\\/\\\/www.mylasertabac.com\\\/ca\\\/com-contribueix-el-cultiu-del-tabac-a-la-contaminacio-ambiental\\\/#primaryimage\"},\"image\":{\"@id\":\"https:\\\/\\\/www.mylasertabac.com\\\/ca\\\/com-contribueix-el-cultiu-del-tabac-a-la-contaminacio-ambiental\\\/#primaryimage\"},\"thumbnailUrl\":\"https:\\\/\\\/www.mylasertabac.com\\\/wp-content\\\/uploads\\\/2025\\\/01\\\/plantation-de-tabac-.png\",\"datePublished\":\"2025-02-02T08:02:00+00:00\",\"dateModified\":\"2025-02-27T19:51:53+00:00\",\"description\":\"Apreneu com el cultiu de tabac afecta el medi ambient mitjan\u00e7ant la desforestaci\u00f3, la contaminaci\u00f3 del s\u00f2l i de l'aigua i els residus de la producci\u00f3 i el consum de cigarrets.\",\"breadcrumb\":{\"@id\":\"https:\\\/\\\/www.mylasertabac.com\\\/ca\\\/com-contribueix-el-cultiu-del-tabac-a-la-contaminacio-ambiental\\\/#breadcrumb\"},\"inLanguage\":\"ca\",\"potentialAction\":[{\"@type\":\"ReadAction\",\"target\":[\"https:\\\/\\\/www.mylasertabac.com\\\/ca\\\/com-contribueix-el-cultiu-del-tabac-a-la-contaminacio-ambiental\\\/\"]}]},{\"@type\":\"ImageObject\",\"inLanguage\":\"ca\",\"@id\":\"https:\\\/\\\/www.mylasertabac.com\\\/ca\\\/com-contribueix-el-cultiu-del-tabac-a-la-contaminacio-ambiental\\\/#primaryimage\",\"url\":\"https:\\\/\\\/www.mylasertabac.com\\\/wp-content\\\/uploads\\\/2025\\\/01\\\/plantation-de-tabac-.png\",\"contentUrl\":\"https:\\\/\\\/www.mylasertabac.com\\\/wp-content\\\/uploads\\\/2025\\\/01\\\/plantation-de-tabac-.png\",\"width\":1792,\"height\":1024},{\"@type\":\"BreadcrumbList\",\"@id\":\"https:\\\/\\\/www.mylasertabac.com\\\/ca\\\/com-contribueix-el-cultiu-del-tabac-a-la-contaminacio-ambiental\\\/#breadcrumb\",\"itemListElement\":[{\"@type\":\"ListItem\",\"position\":1,\"name\":\"Accueil\",\"item\":\"https:\\\/\\\/www.mylasertabac.com\\\/ca\\\/benvingut\\\/\"},{\"@type\":\"ListItem\",\"position\":2,\"name\":\"Com contribueix el cultiu del tabac a la contaminaci\u00f3 ambiental?\"}]},{\"@type\":\"WebSite\",\"@id\":\"https:\\\/\\\/www.mylasertabac.com\\\/ca\\\/#website\",\"url\":\"https:\\\/\\\/www.mylasertabac.com\\\/ca\\\/\",\"name\":\"My Laser Tabac\",\"description\":\"La solution laser qui transforme les fumeurs en ex-fumeurs\",\"publisher\":{\"@id\":\"https:\\\/\\\/www.mylasertabac.com\\\/ca\\\/#organization\"},\"potentialAction\":[{\"@type\":\"SearchAction\",\"target\":{\"@type\":\"EntryPoint\",\"urlTemplate\":\"https:\\\/\\\/www.mylasertabac.com\\\/ca\\\/?s={search_term_string}\"},\"query-input\":{\"@type\":\"PropertyValueSpecification\",\"valueRequired\":true,\"valueName\":\"search_term_string\"}}],\"inLanguage\":\"ca\"},{\"@type\":\"Organization\",\"@id\":\"https:\\\/\\\/www.mylasertabac.com\\\/ca\\\/#organization\",\"name\":\"My Laser Tabac\",\"url\":\"https:\\\/\\\/www.mylasertabac.com\\\/ca\\\/\",\"logo\":{\"@type\":\"ImageObject\",\"inLanguage\":\"ca\",\"@id\":\"https:\\\/\\\/www.mylasertabac.com\\\/ca\\\/#\\\/schema\\\/logo\\\/image\\\/\",\"url\":\"https:\\\/\\\/www.mylasertabac.com\\\/wp-content\\\/uploads\\\/2024\\\/12\\\/mlt-verteau.svg\",\"contentUrl\":\"https:\\\/\\\/www.mylasertabac.com\\\/wp-content\\\/uploads\\\/2024\\\/12\\\/mlt-verteau.svg\",\"caption\":\"My Laser Tabac\"},\"image\":{\"@id\":\"https:\\\/\\\/www.mylasertabac.com\\\/ca\\\/#\\\/schema\\\/logo\\\/image\\\/\"}},{\"@type\":\"Person\",\"@id\":\"https:\\\/\\\/www.mylasertabac.com\\\/ca\\\/#\\\/schema\\\/person\\\/02c249cb76d912efb6c315ec23eccdf3\",\"name\":\"Florian Fortes\",\"image\":{\"@type\":\"ImageObject\",\"inLanguage\":\"ca\",\"@id\":\"https:\\\/\\\/www.mylasertabac.com\\\/wp-content\\\/litespeed\\\/avatar\\\/142101a71d7b9e6490c1120d9c109a67.jpg?ver=1776856306\",\"url\":\"https:\\\/\\\/www.mylasertabac.com\\\/wp-content\\\/litespeed\\\/avatar\\\/142101a71d7b9e6490c1120d9c109a67.jpg?ver=1776856306\",\"contentUrl\":\"https:\\\/\\\/www.mylasertabac.com\\\/wp-content\\\/litespeed\\\/avatar\\\/142101a71d7b9e6490c1120d9c109a67.jpg?ver=1776856306\",\"caption\":\"Florian Fortes\"},\"sameAs\":[\"https:\\\/\\\/www.mylasertabac.com\",\"https:\\\/\\\/www.facebook.com\\\/profile.php?id=61571554707319\"],\"url\":\"https:\\\/\\\/www.mylasertabac.com\\\/ca\\\/author\\\/florianfortes5312\\\/\"}]}<\/script>\n<!-- \/ Yoast SEO plugin. -->","yoast_head_json":{"title":"Com contribueix el cultiu del tabac a la contaminaci\u00f3 ambiental? - My Laser Tabac","description":"Apreneu com el cultiu de tabac afecta el medi ambient mitjan\u00e7ant la desforestaci\u00f3, la contaminaci\u00f3 del s\u00f2l i de l'aigua i els residus de la producci\u00f3 i el consum de cigarrets.","robots":{"index":"index","follow":"follow","max-snippet":"max-snippet:-1","max-image-preview":"max-image-preview:large","max-video-preview":"max-video-preview:-1"},"canonical":"https:\/\/www.mylasertabac.com\/ca\/com-contribueix-el-cultiu-del-tabac-a-la-contaminacio-ambiental\/","og_locale":"ca_ES","og_type":"article","og_title":"Com contribueix el cultiu del tabac a la contaminaci\u00f3 ambiental? - My Laser Tabac","og_description":"Apreneu com el cultiu de tabac afecta el medi ambient mitjan\u00e7ant la desforestaci\u00f3, la contaminaci\u00f3 del s\u00f2l i de l'aigua i els residus de la producci\u00f3 i el consum de cigarrets.","og_url":"https:\/\/www.mylasertabac.com\/ca\/com-contribueix-el-cultiu-del-tabac-a-la-contaminacio-ambiental\/","og_site_name":"My Laser Tabac","article_author":"https:\/\/www.facebook.com\/profile.php?id=61571554707319","article_published_time":"2025-02-02T08:02:00+00:00","article_modified_time":"2025-02-27T19:51:53+00:00","og_image":[{"width":1024,"height":585,"url":"https:\/\/www.mylasertabac.com\/wp-content\/uploads\/2025\/01\/plantation-de-tabac--1024x585.png","type":"image\/png"}],"author":"Florian Fortes","twitter_card":"summary_large_image","twitter_misc":{"Escrit per":"Florian Fortes","Temps estimat de lectura":"9 minuts"},"schema":{"@context":"https:\/\/schema.org","@graph":[{"@type":"Article","@id":"https:\/\/www.mylasertabac.com\/ca\/com-contribueix-el-cultiu-del-tabac-a-la-contaminacio-ambiental\/#article","isPartOf":{"@id":"https:\/\/www.mylasertabac.com\/ca\/com-contribueix-el-cultiu-del-tabac-a-la-contaminacio-ambiental\/"},"author":{"name":"Florian Fortes","@id":"https:\/\/www.mylasertabac.com\/ca\/#\/schema\/person\/02c249cb76d912efb6c315ec23eccdf3"},"headline":"Com contribueix el cultiu del tabac a la contaminaci\u00f3 ambiental?","datePublished":"2025-02-02T08:02:00+00:00","dateModified":"2025-02-27T19:51:53+00:00","mainEntityOfPage":{"@id":"https:\/\/www.mylasertabac.com\/ca\/com-contribueix-el-cultiu-del-tabac-a-la-contaminacio-ambiental\/"},"wordCount":1769,"publisher":{"@id":"https:\/\/www.mylasertabac.com\/ca\/#organization"},"image":{"@id":"https:\/\/www.mylasertabac.com\/ca\/com-contribueix-el-cultiu-del-tabac-a-la-contaminacio-ambiental\/#primaryimage"},"thumbnailUrl":"https:\/\/www.mylasertabac.com\/wp-content\/uploads\/2025\/01\/plantation-de-tabac-.png","keywords":["contaminaci\u00f3 pel tabac","Deixar de fumar"],"articleSection":["el cultiu del tabac i la contaminaci\u00f3"],"inLanguage":"ca"},{"@type":"WebPage","@id":"https:\/\/www.mylasertabac.com\/ca\/com-contribueix-el-cultiu-del-tabac-a-la-contaminacio-ambiental\/","url":"https:\/\/www.mylasertabac.com\/ca\/com-contribueix-el-cultiu-del-tabac-a-la-contaminacio-ambiental\/","name":"Com contribueix el cultiu del tabac a la contaminaci\u00f3 ambiental? - My Laser Tabac","isPartOf":{"@id":"https:\/\/www.mylasertabac.com\/ca\/#website"},"primaryImageOfPage":{"@id":"https:\/\/www.mylasertabac.com\/ca\/com-contribueix-el-cultiu-del-tabac-a-la-contaminacio-ambiental\/#primaryimage"},"image":{"@id":"https:\/\/www.mylasertabac.com\/ca\/com-contribueix-el-cultiu-del-tabac-a-la-contaminacio-ambiental\/#primaryimage"},"thumbnailUrl":"https:\/\/www.mylasertabac.com\/wp-content\/uploads\/2025\/01\/plantation-de-tabac-.png","datePublished":"2025-02-02T08:02:00+00:00","dateModified":"2025-02-27T19:51:53+00:00","description":"Apreneu com el cultiu de tabac afecta el medi ambient mitjan\u00e7ant la desforestaci\u00f3, la contaminaci\u00f3 del s\u00f2l i de l'aigua i els residus de la producci\u00f3 i el consum de cigarrets.","breadcrumb":{"@id":"https:\/\/www.mylasertabac.com\/ca\/com-contribueix-el-cultiu-del-tabac-a-la-contaminacio-ambiental\/#breadcrumb"},"inLanguage":"ca","potentialAction":[{"@type":"ReadAction","target":["https:\/\/www.mylasertabac.com\/ca\/com-contribueix-el-cultiu-del-tabac-a-la-contaminacio-ambiental\/"]}]},{"@type":"ImageObject","inLanguage":"ca","@id":"https:\/\/www.mylasertabac.com\/ca\/com-contribueix-el-cultiu-del-tabac-a-la-contaminacio-ambiental\/#primaryimage","url":"https:\/\/www.mylasertabac.com\/wp-content\/uploads\/2025\/01\/plantation-de-tabac-.png","contentUrl":"https:\/\/www.mylasertabac.com\/wp-content\/uploads\/2025\/01\/plantation-de-tabac-.png","width":1792,"height":1024},{"@type":"BreadcrumbList","@id":"https:\/\/www.mylasertabac.com\/ca\/com-contribueix-el-cultiu-del-tabac-a-la-contaminacio-ambiental\/#breadcrumb","itemListElement":[{"@type":"ListItem","position":1,"name":"Accueil","item":"https:\/\/www.mylasertabac.com\/ca\/benvingut\/"},{"@type":"ListItem","position":2,"name":"Com contribueix el cultiu del tabac a la contaminaci\u00f3 ambiental?"}]},{"@type":"WebSite","@id":"https:\/\/www.mylasertabac.com\/ca\/#website","url":"https:\/\/www.mylasertabac.com\/ca\/","name":"My Laser Tabac","description":"La solution laser qui transforme les fumeurs en ex-fumeurs","publisher":{"@id":"https:\/\/www.mylasertabac.com\/ca\/#organization"},"potentialAction":[{"@type":"SearchAction","target":{"@type":"EntryPoint","urlTemplate":"https:\/\/www.mylasertabac.com\/ca\/?s={search_term_string}"},"query-input":{"@type":"PropertyValueSpecification","valueRequired":true,"valueName":"search_term_string"}}],"inLanguage":"ca"},{"@type":"Organization","@id":"https:\/\/www.mylasertabac.com\/ca\/#organization","name":"My Laser Tabac","url":"https:\/\/www.mylasertabac.com\/ca\/","logo":{"@type":"ImageObject","inLanguage":"ca","@id":"https:\/\/www.mylasertabac.com\/ca\/#\/schema\/logo\/image\/","url":"https:\/\/www.mylasertabac.com\/wp-content\/uploads\/2024\/12\/mlt-verteau.svg","contentUrl":"https:\/\/www.mylasertabac.com\/wp-content\/uploads\/2024\/12\/mlt-verteau.svg","caption":"My Laser Tabac"},"image":{"@id":"https:\/\/www.mylasertabac.com\/ca\/#\/schema\/logo\/image\/"}},{"@type":"Person","@id":"https:\/\/www.mylasertabac.com\/ca\/#\/schema\/person\/02c249cb76d912efb6c315ec23eccdf3","name":"Florian Fortes","image":{"@type":"ImageObject","inLanguage":"ca","@id":"https:\/\/www.mylasertabac.com\/wp-content\/litespeed\/avatar\/142101a71d7b9e6490c1120d9c109a67.jpg?ver=1776856306","url":"https:\/\/www.mylasertabac.com\/wp-content\/litespeed\/avatar\/142101a71d7b9e6490c1120d9c109a67.jpg?ver=1776856306","contentUrl":"https:\/\/www.mylasertabac.com\/wp-content\/litespeed\/avatar\/142101a71d7b9e6490c1120d9c109a67.jpg?ver=1776856306","caption":"Florian Fortes"},"sameAs":["https:\/\/www.mylasertabac.com","https:\/\/www.facebook.com\/profile.php?id=61571554707319"],"url":"https:\/\/www.mylasertabac.com\/ca\/author\/florianfortes5312\/"}]}},"_links":{"self":[{"href":"https:\/\/www.mylasertabac.com\/ca\/wp-json\/wp\/v2\/posts\/3555","targetHints":{"allow":["GET"]}}],"collection":[{"href":"https:\/\/www.mylasertabac.com\/ca\/wp-json\/wp\/v2\/posts"}],"about":[{"href":"https:\/\/www.mylasertabac.com\/ca\/wp-json\/wp\/v2\/types\/post"}],"author":[{"embeddable":true,"href":"https:\/\/www.mylasertabac.com\/ca\/wp-json\/wp\/v2\/users\/2"}],"replies":[{"embeddable":true,"href":"https:\/\/www.mylasertabac.com\/ca\/wp-json\/wp\/v2\/comments?post=3555"}],"version-history":[{"count":1,"href":"https:\/\/www.mylasertabac.com\/ca\/wp-json\/wp\/v2\/posts\/3555\/revisions"}],"predecessor-version":[{"id":3556,"href":"https:\/\/www.mylasertabac.com\/ca\/wp-json\/wp\/v2\/posts\/3555\/revisions\/3556"}],"wp:featuredmedia":[{"embeddable":true,"href":"https:\/\/www.mylasertabac.com\/ca\/wp-json\/wp\/v2\/media\/2350"}],"wp:attachment":[{"href":"https:\/\/www.mylasertabac.com\/ca\/wp-json\/wp\/v2\/media?parent=3555"}],"wp:term":[{"taxonomy":"category","embeddable":true,"href":"https:\/\/www.mylasertabac.com\/ca\/wp-json\/wp\/v2\/categories?post=3555"},{"taxonomy":"post_tag","embeddable":true,"href":"https:\/\/www.mylasertabac.com\/ca\/wp-json\/wp\/v2\/tags?post=3555"}],"curies":[{"name":"wp","href":"https:\/\/api.w.org\/{rel}","templated":true}]}}