{"id":3970,"date":"2025-02-11T10:10:52","date_gmt":"2025-02-11T09:10:52","guid":{"rendered":"https:\/\/www.mylasertabac.com\/quins-paisos-han-implementat-politiques-per-combatre-la-contaminacio-relacionada-amb-el-tabac\/"},"modified":"2025-02-24T21:55:30","modified_gmt":"2025-02-24T20:55:30","slug":"quins-paisos-han-implementat-politiques-per-combatre-la-contaminacio-relacionada-amb-el-tabac","status":"publish","type":"post","link":"https:\/\/www.mylasertabac.com\/ca\/quins-paisos-han-implementat-politiques-per-combatre-la-contaminacio-relacionada-amb-el-tabac\/","title":{"rendered":"Quins pa\u00efsos han implementat pol\u00edtiques per combatre la contaminaci\u00f3 relacionada amb el tabac?"},"content":{"rendered":"\n<p>El tabac, tot i que est\u00e0 estretament relacionat amb problemes de salut p\u00fablica, tamb\u00e9 \u00e9s una font important de contaminaci\u00f3 que afecta el s\u00f2l, l&#8217;aire i els oceans. El consum de cigarrets i els residus que genera, com ara les burilles i els envasos, agreugen els problemes ambientals i plantegen reptes per a les pol\u00edtiques de gesti\u00f3 de residus. Davant d&#8217;aquesta situaci\u00f3, alguns pa\u00efsos han pres mesures ambicioses per reduir l&#8217;impacte ambiental del <a href=\"https:\/\/www.mylasertabac.com\/ca\/que-es-el-tabac\/\">tabac<\/a> i protegir les seves poblacions. En aquest article, analitzarem les iniciatives contra el tabaquisme arreu del m\u00f3n i el seu impacte sobre la contaminaci\u00f3.   <\/p>\n\n<div style=\"height:22px\" aria-hidden=\"true\" class=\"wp-block-spacer\"><\/div>\n\n<h2 class=\"wp-block-heading\"><strong>La urg\u00e8ncia d&#8217;actuar contra la contaminaci\u00f3 pel tabac<\/strong><\/h2>\n\n<div style=\"height:22px\" aria-hidden=\"true\" class=\"wp-block-spacer\"><\/div>\n\n<h3 class=\"wp-block-heading\"><strong>Els efectes combinats del tabac sobre la salut i el medi ambient<\/strong><\/h3>\n\n<div style=\"height:22px\" aria-hidden=\"true\" class=\"wp-block-spacer\"><\/div>\n\n<p>El tabaquisme \u00e9s responsable de milions de morts cada any a tot el m\u00f3n. Tanmateix, les seves conseq\u00fc\u00e8ncies van molt m\u00e9s enll\u00e0 dels riscos per a la salut dels fumadors. Els productes del tabac, incloses les burilles de cigarrets, contenen subst\u00e0ncies t\u00f2xiques que contaminen el s\u00f2l, l&#8217;aigua i l&#8217;aire. Aquests filtres de cigarrets, fets principalment de pl\u00e0stic, triguen diverses d\u00e8cades a descompondre&#8217;s. Un cop abocats a la natura, alliberen subst\u00e0ncies qu\u00edmiques com el plom, l&#8217;ars\u00e8nic i la nicotina, posant en perill els ecosistemes terrestres i marins. Les lleis ambientals haurien d&#8217;incloure mesures m\u00e9s estrictes per limitar aquests efectes adversos.     <\/p>\n\n<p>L&#8217;Organitzaci\u00f3 Mundial de la Salut (OMS) destaca que el tabac \u00e9s un dels principals contribuents a la desforestaci\u00f3, per les terres requisades per al seu conreu i els processos utilitzats per assecar les fulles. Aquesta ind\u00fastria tamb\u00e9 contribueix a les emissions de gasos d&#8217;efecte hivernacle en totes les etapes de la cadena de producci\u00f3 i distribuci\u00f3. En aquest context, calen accions internacionals coordinades per reduir aquest impacte.  <\/p>\n\n<div style=\"height:36px\" aria-hidden=\"true\" class=\"wp-block-spacer\"><\/div>\n\n<figure class=\"wp-block-image alignright size-full is-resized\"><img fetchpriority=\"high\" decoding=\"async\" width=\"1024\" height=\"1024\" src=\"https:\/\/www.mylasertabac.com\/wp-content\/uploads\/2025\/01\/F9402960-9972-49C1-96FA-2C62DE6C51B0.png\" alt=\"\" class=\"wp-image-1192\" style=\"width:582px;height:auto\" srcset=\"https:\/\/www.mylasertabac.com\/wp-content\/uploads\/2025\/01\/F9402960-9972-49C1-96FA-2C62DE6C51B0.png 1024w, https:\/\/www.mylasertabac.com\/wp-content\/uploads\/2025\/01\/F9402960-9972-49C1-96FA-2C62DE6C51B0-300x300.png 300w, https:\/\/www.mylasertabac.com\/wp-content\/uploads\/2025\/01\/F9402960-9972-49C1-96FA-2C62DE6C51B0-150x150.png 150w, https:\/\/www.mylasertabac.com\/wp-content\/uploads\/2025\/01\/F9402960-9972-49C1-96FA-2C62DE6C51B0-768x768.png 768w\" sizes=\"(max-width: 1024px) 100vw, 1024px\" \/><\/figure>\n\n<h3 class=\"wp-block-heading\"><strong>Contaminaci\u00f3 visible en llocs p\u00fablics<\/strong><\/h3>\n\n<p>Les burilles de cigarrets, omnipresents als carrers, platges i parcs, s\u00f3n avui els residus m\u00e9s recollits durant les campanyes de neteja. Cada any, milers de milions de burilles de cigarrets es llencen al medi ambient, contaminant l&#8217;aigua i exposant les poblacions a productes qu\u00edmics nocius. A Fran\u00e7a, s&#8217;abandonen prop de 40.000 milions de burilles de cigarrets cada any, la qual cosa genera costos importants per a la seva neteja. Els informes municipals mostren que aquests residus representen una c\u00e0rrega econ\u00f2mica i log\u00edstica considerable.   <\/p>\n\n<p>Per tant, les mesures per reduir aquesta contaminaci\u00f3 s\u00f3n essencials, no nom\u00e9s per preservar el medi ambient, sin\u00f3 tamb\u00e9 per protegir els drets de les poblacions a viure en un medi ambient saludable. Una pol\u00edtica rigorosa de gesti\u00f3 de residus de tabac podria incloure programes de conscienciaci\u00f3 dirigits als fumadors. <\/p>\n\n<div style=\"height:42px\" aria-hidden=\"true\" class=\"wp-block-spacer\"><\/div>\n\n<h2 class=\"wp-block-heading\"><strong>Iniciatives internacionals per combatre la contaminaci\u00f3 pel tabac<\/strong><\/h2>\n\n<div style=\"height:22px\" aria-hidden=\"true\" class=\"wp-block-spacer\"><\/div>\n\n<h3 class=\"wp-block-heading\"><strong>El Conveni Marc de l&#8217;OMS per al Control del Tabac<\/strong><\/h3>\n\n<div style=\"height:22px\" aria-hidden=\"true\" class=\"wp-block-spacer\"><\/div>\n\n<p>Aprovat l&#8217;any 2003, el Conveni Marc de l&#8217;OMS per al Control del Tabac (FCTC) \u00e9s el primer tractat internacional destinat a reduir el consum de tabac i les seves conseq\u00fc\u00e8ncies sanit\u00e0ries, socials, econ\u00f2miques i ambientals. Aquest marc legal vinculant compromet els pa\u00efsos signants a implementar pol\u00edtiques per regular el consum de cigarrets, prohibir la publicitat dels productes del tabac i reduir l&#8217;exposici\u00f3 dels no fumadors al tabaquisme passiu. Aquestes accions tamb\u00e9 pretenen conscienciar les generacions m\u00e9s joves sobre els perills del tabac, alhora que s&#8217;adrecen a les dones que estan cada cop m\u00e9s exposades al consum de cigarrets.  <\/p>\n\n<div style=\"height:22px\" aria-hidden=\"true\" class=\"wp-block-spacer\"><\/div>\n\n<p>Un dels objectius clau de la FCTC \u00e9s exigir responsabilitats a la ind\u00fastria del tabac imposant normes sobre la gesti\u00f3 de residus. Per exemple, alguns pa\u00efsos han aprovat lleis per obligar als fabricants a finan\u00e7ar programes de reciclatge de burilles o trobar alternatives als filtres de pl\u00e0stic. Els informes d&#8217;avaluaci\u00f3 de l&#8217;OMS mostren que els resultats assolits amb aquestes pol\u00edtiques s\u00f3n prometedors, tot i que encara calen millores.  <\/p>\n\n<div style=\"height:22px\" aria-hidden=\"true\" class=\"wp-block-spacer\"><\/div>\n\n<p class=\"has-cyan-bluish-gray-background-color has-background\">Aquest article us pot interessar: <a href=\"https:\/\/www.mylasertabac.com\/ca\/quines-son-les-alternatives-naturals-per-deixar-de-fumar\/\"><mark style=\"background-color:#abb8c3\" class=\"has-inline-color has-luminous-vivid-orange-color\">Quines s\u00f3n les alternatives naturals per deixar de fumar?<\/mark><\/a><\/p>\n\n<div style=\"height:22px\" aria-hidden=\"true\" class=\"wp-block-spacer\"><\/div>\n\n<h2 class=\"wp-block-heading\"><strong>Accions de la Uni\u00f3 Europea<\/strong><\/h2>\n\n<div style=\"height:22px\" aria-hidden=\"true\" class=\"wp-block-spacer\"><\/div>\n\n<p>A nivell europeu, s&#8217;han posat en marxa mesures ambicioses per reduir la contaminaci\u00f3 derivada del tabac. La directiva europea sobre pl\u00e0stics d&#8217;un sol \u00fas, adoptada l&#8217;any 2019, inclou els filtres de cigarrets entre els productes a regular. Aquesta mesura requereix que els fabricants contribueixin econ\u00f2micament als costos de neteja de burilles de cigarrets i conscienciar els consumidors sobre els seus impactes ambientals.  <\/p>\n\n<p>Pa\u00efsos com Fran\u00e7a ja han integrat aquestes directives al seu marc nacional. Des del 2021, els fabricants de cigarrets a Fran\u00e7a han hagut de finan\u00e7ar accions de recollida i reciclatge de burilles, una novetat mundial en termes de responsabilitat ampliada del productor. Aquesta pol\u00edtica pret\u00e9n fomentar accions concretes per reduir els residus relacionats amb el tabac.  <\/p>\n\n<div style=\"height:22px\" aria-hidden=\"true\" class=\"wp-block-spacer\"><\/div>\n\n<h2 class=\"wp-block-heading\"><strong>Iniciatives nacionals exemplars<\/strong><\/h2>\n\n<div style=\"height:22px\" aria-hidden=\"true\" class=\"wp-block-spacer\"><\/div>\n\n<figure class=\"wp-block-image size-large\"><img decoding=\"async\" width=\"1024\" height=\"585\" src=\"https:\/\/www.mylasertabac.com\/wp-content\/uploads\/2025\/01\/les-francais-grand-gagnant-contre-la-lute-des-megots-de-cigarette--1024x585.webp\" alt=\"\" class=\"wp-image-1190\" srcset=\"https:\/\/www.mylasertabac.com\/wp-content\/uploads\/2025\/01\/les-francais-grand-gagnant-contre-la-lute-des-megots-de-cigarette--1024x585.webp 1024w, https:\/\/www.mylasertabac.com\/wp-content\/uploads\/2025\/01\/les-francais-grand-gagnant-contre-la-lute-des-megots-de-cigarette--300x171.webp 300w, https:\/\/www.mylasertabac.com\/wp-content\/uploads\/2025\/01\/les-francais-grand-gagnant-contre-la-lute-des-megots-de-cigarette--768x439.webp 768w, https:\/\/www.mylasertabac.com\/wp-content\/uploads\/2025\/01\/les-francais-grand-gagnant-contre-la-lute-des-megots-de-cigarette--1536x878.webp 1536w, https:\/\/www.mylasertabac.com\/wp-content\/uploads\/2025\/01\/les-francais-grand-gagnant-contre-la-lute-des-megots-de-cigarette-.webp 1792w\" sizes=\"(max-width: 1024px) 100vw, 1024px\" \/><\/figure>\n\n<div style=\"height:22px\" aria-hidden=\"true\" class=\"wp-block-spacer\"><\/div>\n\n<h3 class=\"wp-block-heading\"><strong>Fran\u00e7a com a pionera<\/strong><\/h3>\n\n<div style=\"height:22px\" aria-hidden=\"true\" class=\"wp-block-spacer\"><\/div>\n\n<p>A Fran\u00e7a, s&#8217;han posat en marxa pol\u00edtiques ambicioses per combatre la contaminaci\u00f3 derivada del tabac. A m\u00e9s de la responsabilitat dels fabricants, s&#8217;han desenvolupat campanyes de conscienciaci\u00f3 dirigides a joves i dones per reduir el consum de cigarrets. La prohibici\u00f3 de fumar als espais p\u00fablics, introdu\u00efda gradualment des del 2007, ha tingut un paper decisiu. Aquestes mesures han contribu\u00eft a reduir l&#8217;exposici\u00f3 al tabaquisme passiu i a conscienciar la poblaci\u00f3 dels riscos per a la salut. Informes recents mostren que aquestes iniciatives tenen un impacte positiu en la salut p\u00fablica.    <\/p>\n\n<p>Una altra mesura clau \u00e9s augmentar els impostos als productes del tabac. A Fran\u00e7a, el preu d&#8217;un paquet de cigarrets va arribar als 10 euros el 2020, un dels m\u00e9s alts d&#8217;Europa. L&#8217;estrat\u00e8gia pret\u00e9n dissuadir els joves de comen\u00e7ar a fumar, ja que les estad\u00edstiques mostren que els preus elevats tenen un impacte directe en la reducci\u00f3 del consum. A m\u00e9s, els fons recaptats es reinverteixen en part en programes de prevenci\u00f3 i tractament de les addiccions.   <\/p>\n\n<p>La responsabilitat ampliada del productor (EPR), introdu\u00efda el 2021, requereix que els fabricants financen la recollida i el reciclatge de burilles de cigarrets. Aquesta mesura \u00fanica ha perm\u00e8s recollir milions de burilles cada any en llocs p\u00fablics i conscienciar els fumadors del seu impacte ambiental. A m\u00e9s, iniciatives locals com la instal\u00b7laci\u00f3 de cendrers urbans o la implantaci\u00f3 de programes educatius a les escoles contribueixen a un canvi progressiu de comportament.  <\/p>\n\n<div style=\"height:22px\" aria-hidden=\"true\" class=\"wp-block-spacer\"><\/div>\n\n<p>Els resultats d&#8217;aquestes accions s\u00f3n encoratjadors. La taxa de tabaquisme a Fran\u00e7a va baixar del 34% el 2000 al 25% el 2020, la qual cosa confirma l&#8217;efic\u00e0cia de les mesures adoptades en la lluita contra el tabac. <\/p>\n\n<div style=\"height:22px\" aria-hidden=\"true\" class=\"wp-block-spacer\"><\/div>\n\n<figure class=\"wp-block-image alignleft size-full is-resized\"><img decoding=\"async\" width=\"1024\" height=\"1024\" src=\"https:\/\/www.mylasertabac.com\/wp-content\/uploads\/2025\/01\/polution-cigarette-dans-la-mer-.png\" alt=\"\" class=\"wp-image-1187\" style=\"width:366px;height:auto\" srcset=\"https:\/\/www.mylasertabac.com\/wp-content\/uploads\/2025\/01\/polution-cigarette-dans-la-mer-.png 1024w, https:\/\/www.mylasertabac.com\/wp-content\/uploads\/2025\/01\/polution-cigarette-dans-la-mer--300x300.png 300w, https:\/\/www.mylasertabac.com\/wp-content\/uploads\/2025\/01\/polution-cigarette-dans-la-mer--150x150.png 150w, https:\/\/www.mylasertabac.com\/wp-content\/uploads\/2025\/01\/polution-cigarette-dans-la-mer--768x768.png 768w\" sizes=\"(max-width: 1024px) 100vw, 1024px\" \/><\/figure>\n\n<h2 class=\"wp-block-heading\"><strong>Pa\u00efsos asi\u00e0tics i els seus reptes<\/strong><\/h2>\n\n<p>A pa\u00efsos com el Jap\u00f3 i Corea del Sud, les pol\u00edtiques antitabac tamb\u00e9 han evolucionat. Al Jap\u00f3, est\u00e0 estrictament prohibit fumar a molts llocs p\u00fablics, incloses estacions de tren, restaurants i oficines. S&#8217;han creat zones dedicades a fumadors per reduir l&#8217;exposici\u00f3 al fum de segona m\u00e0. Aquest enfocament repressiu es combina amb campanyes de conscienciaci\u00f3 que posen de manifest els perills del tabac per a la salut i el medi ambient. Les lleis vigents en aquests pa\u00efsos s&#8217;actualitzen peri\u00f2dicament per adaptar-se als nous reptes relacionats amb el tabaquisme.    <\/p>\n\n<p>Tanmateix, aquests pa\u00efsos s&#8217;enfronten a reptes \u00fanics. A Corea del Sud, tot i que hi ha lleis estrictes, el consum de tabac continua sent alt, especialment entre els homes. Les campanyes dirigides a joves i dones estan augmentant per contrarestar les estrat\u00e8gies de la ind\u00fastria del tabac destinades a atraure nous consumidors.  <\/p>\n\n<p>Tamb\u00e9 s&#8217;han introdu\u00eft programes de responsabilitat dels fabricants. Per exemple, han sorgit iniciatives per implicar la ind\u00fastria del tabac en la gesti\u00f3 de residus. A Corea del Sud, alguns municipis estan experimentant amb sistemes espec\u00edfics de recollida de burilles, on els fumadors poden dipositar els seus residus en cendrers urbans connectats. Aquests dispositius mesuren la quantitat recollida i envien dades a les autoritats locals per avaluar l&#8217;efectivitat de les campanyes de sensibilitzaci\u00f3.   <\/p>\n\n<div style=\"height:22px\" aria-hidden=\"true\" class=\"wp-block-spacer\"><\/div>\n\n<p>El Jap\u00f3, per la seva banda, ha adoptat un enfocament estricte de l&#8217;educaci\u00f3. Les escoles estan integrant m\u00f2duls sobre els perills del tabac, no nom\u00e9s per a la salut sin\u00f3 tamb\u00e9 per al medi ambient. Aquests esfor\u00e7os educatius pretenen crear una generaci\u00f3 m\u00e9s conscient dels problemes ambientals associats al tabaquisme. A m\u00e9s, algunes empreses japoneses animen els seus empleats a deixar de fumar oferint dies de descans addicionals a aquells que ho deixen amb \u00e8xit. Aquesta pol\u00edtica innovadora posa de manifest el paper de les empreses en la lluita contra els impactes del tabac.    <\/p>\n\n<div style=\"height:22px\" aria-hidden=\"true\" class=\"wp-block-spacer\"><\/div>\n\n<p>Malgrat aquests aven\u00e7os, la gesti\u00f3 dels residus relacionats amb el tabac continua sent un repte important en aquests pa\u00efsos. Les grans ciutats com Se\u00fcl i T\u00f2quio continuen enfrontant-se a grans volums de burilles de cigarrets llan\u00e7ades als espais p\u00fablics. L&#8217;augment de la cooperaci\u00f3 internacional podria ajudar a compartir solucions innovadores i refor\u00e7ar els marcs legislatius per combatre millor aquesta plaga ambiental.  <\/p>\n\n<div style=\"height:22px\" aria-hidden=\"true\" class=\"wp-block-spacer\"><\/div>\n\n<h2 class=\"wp-block-heading\"><strong>Conclusi\u00f3<\/strong><\/h2>\n\n<p>Les pol\u00edtiques posades en marxa per combatre la contaminaci\u00f3 relacionada amb el tabac mostren que les accions concretes poden tenir un impacte significatiu en el medi ambient i la salut p\u00fablica. Tanmateix, queda molt per fer per responsabilitzar la ind\u00fastria del tabac i reduir el dany causat pel tabaquisme. L&#8217;adopci\u00f3 de filtres biodegradables i la inversi\u00f3 en campanyes de conscienciaci\u00f3 dirigides podrien complementar aquests esfor\u00e7os. Finalment, l&#8217;harmonitzaci\u00f3 de les pol\u00edtiques mundials continua sent essencial per aconseguir un objectiu com\u00fa: un futur lliure de contaminaci\u00f3 pel tabac.   <\/p>\n\n<div style=\"height:22px\" aria-hidden=\"true\" class=\"wp-block-spacer\"><\/div>\n","protected":false},"excerpt":{"rendered":"<p>El tabac, tot i que est\u00e0 estretament relacionat amb problemes de salut p\u00fablica, tamb\u00e9 \u00e9s una font important de contaminaci\u00f3 que afecta el s\u00f2l, l&#8217;aire i els oceans. El consum de cigarrets i els residus que genera, com ara les burilles i els envasos, agreugen els problemes ambientals i plantegen reptes per a les pol\u00edtiques [&hellip;]<\/p>\n","protected":false},"author":2,"featured_media":2392,"comment_status":"closed","ping_status":"open","sticky":false,"template":"","format":"standard","meta":{"inline_featured_image":false,"footnotes":""},"categories":[159],"tags":[505],"class_list":["post-3970","post","type-post","status-publish","format-standard","has-post-thumbnail","hentry","category-salut","tag-contaminacio-pel-tabac"],"yoast_head":"<!-- This site is optimized with the Yoast SEO plugin v27.4 - https:\/\/yoast.com\/product\/yoast-seo-wordpress\/ -->\n<title>Quins pa\u00efsos han implementat pol\u00edtiques per combatre la contaminaci\u00f3 relacionada amb el tabac? - My Laser Tabac<\/title>\n<meta name=\"description\" content=\"Descobriu quins pa\u00efsos han adoptat pol\u00edtiques estrictes per reduir la contaminaci\u00f3 per burilles de cigarrets i consum de tabac.\" \/>\n<meta name=\"robots\" content=\"index, follow, max-snippet:-1, max-image-preview:large, max-video-preview:-1\" \/>\n<link rel=\"canonical\" href=\"https:\/\/www.mylasertabac.com\/ca\/quins-paisos-han-implementat-politiques-per-combatre-la-contaminacio-relacionada-amb-el-tabac\/\" \/>\n<meta property=\"og:locale\" content=\"ca_ES\" \/>\n<meta property=\"og:type\" content=\"article\" \/>\n<meta property=\"og:title\" content=\"Quins pa\u00efsos han implementat pol\u00edtiques per combatre la contaminaci\u00f3 relacionada amb el tabac? - My Laser Tabac\" \/>\n<meta property=\"og:description\" content=\"Descobriu quins pa\u00efsos han adoptat pol\u00edtiques estrictes per reduir la contaminaci\u00f3 per burilles de cigarrets i consum de tabac.\" \/>\n<meta property=\"og:url\" content=\"https:\/\/www.mylasertabac.com\/ca\/quins-paisos-han-implementat-politiques-per-combatre-la-contaminacio-relacionada-amb-el-tabac\/\" \/>\n<meta property=\"og:site_name\" content=\"My Laser Tabac\" \/>\n<meta property=\"article:author\" content=\"https:\/\/www.facebook.com\/profile.php?id=61571554707319\" \/>\n<meta property=\"article:published_time\" content=\"2025-02-11T09:10:52+00:00\" \/>\n<meta property=\"article:modified_time\" content=\"2025-02-24T20:55:30+00:00\" \/>\n<meta property=\"og:image\" content=\"https:\/\/www.mylasertabac.com\/wp-content\/uploads\/2025\/01\/Les-pays-se-revolte-pour-luter-contre-la-polution-du-au-tabac--1024x585.png\" \/>\n\t<meta property=\"og:image:width\" content=\"1024\" \/>\n\t<meta property=\"og:image:height\" content=\"585\" \/>\n\t<meta property=\"og:image:type\" content=\"image\/png\" \/>\n<meta name=\"author\" content=\"Florian Fortes\" \/>\n<meta name=\"twitter:card\" content=\"summary_large_image\" \/>\n<meta name=\"twitter:label1\" content=\"Escrit per\" \/>\n\t<meta name=\"twitter:data1\" content=\"Florian Fortes\" \/>\n\t<meta name=\"twitter:label2\" content=\"Temps estimat de lectura\" \/>\n\t<meta name=\"twitter:data2\" content=\"8 minuts\" \/>\n<script type=\"application\/ld+json\" class=\"yoast-schema-graph\">{\"@context\":\"https:\\\/\\\/schema.org\",\"@graph\":[{\"@type\":\"Article\",\"@id\":\"https:\\\/\\\/www.mylasertabac.com\\\/ca\\\/quins-paisos-han-implementat-politiques-per-combatre-la-contaminacio-relacionada-amb-el-tabac\\\/#article\",\"isPartOf\":{\"@id\":\"https:\\\/\\\/www.mylasertabac.com\\\/ca\\\/quins-paisos-han-implementat-politiques-per-combatre-la-contaminacio-relacionada-amb-el-tabac\\\/\"},\"author\":{\"name\":\"Florian Fortes\",\"@id\":\"https:\\\/\\\/www.mylasertabac.com\\\/ca\\\/#\\\/schema\\\/person\\\/02c249cb76d912efb6c315ec23eccdf3\"},\"headline\":\"Quins pa\u00efsos han implementat pol\u00edtiques per combatre la contaminaci\u00f3 relacionada amb el tabac?\",\"datePublished\":\"2025-02-11T09:10:52+00:00\",\"dateModified\":\"2025-02-24T20:55:30+00:00\",\"mainEntityOfPage\":{\"@id\":\"https:\\\/\\\/www.mylasertabac.com\\\/ca\\\/quins-paisos-han-implementat-politiques-per-combatre-la-contaminacio-relacionada-amb-el-tabac\\\/\"},\"wordCount\":1635,\"publisher\":{\"@id\":\"https:\\\/\\\/www.mylasertabac.com\\\/ca\\\/#organization\"},\"image\":{\"@id\":\"https:\\\/\\\/www.mylasertabac.com\\\/ca\\\/quins-paisos-han-implementat-politiques-per-combatre-la-contaminacio-relacionada-amb-el-tabac\\\/#primaryimage\"},\"thumbnailUrl\":\"https:\\\/\\\/www.mylasertabac.com\\\/wp-content\\\/uploads\\\/2025\\\/01\\\/Les-pays-se-revolte-pour-luter-contre-la-polution-du-au-tabac-.png\",\"keywords\":[\"contaminaci\u00f3 pel tabac\"],\"articleSection\":[\"Salut\"],\"inLanguage\":\"ca\"},{\"@type\":\"WebPage\",\"@id\":\"https:\\\/\\\/www.mylasertabac.com\\\/ca\\\/quins-paisos-han-implementat-politiques-per-combatre-la-contaminacio-relacionada-amb-el-tabac\\\/\",\"url\":\"https:\\\/\\\/www.mylasertabac.com\\\/ca\\\/quins-paisos-han-implementat-politiques-per-combatre-la-contaminacio-relacionada-amb-el-tabac\\\/\",\"name\":\"Quins pa\u00efsos han implementat pol\u00edtiques per combatre la contaminaci\u00f3 relacionada amb el tabac? - My Laser Tabac\",\"isPartOf\":{\"@id\":\"https:\\\/\\\/www.mylasertabac.com\\\/ca\\\/#website\"},\"primaryImageOfPage\":{\"@id\":\"https:\\\/\\\/www.mylasertabac.com\\\/ca\\\/quins-paisos-han-implementat-politiques-per-combatre-la-contaminacio-relacionada-amb-el-tabac\\\/#primaryimage\"},\"image\":{\"@id\":\"https:\\\/\\\/www.mylasertabac.com\\\/ca\\\/quins-paisos-han-implementat-politiques-per-combatre-la-contaminacio-relacionada-amb-el-tabac\\\/#primaryimage\"},\"thumbnailUrl\":\"https:\\\/\\\/www.mylasertabac.com\\\/wp-content\\\/uploads\\\/2025\\\/01\\\/Les-pays-se-revolte-pour-luter-contre-la-polution-du-au-tabac-.png\",\"datePublished\":\"2025-02-11T09:10:52+00:00\",\"dateModified\":\"2025-02-24T20:55:30+00:00\",\"description\":\"Descobriu quins pa\u00efsos han adoptat pol\u00edtiques estrictes per reduir la contaminaci\u00f3 per burilles de cigarrets i consum de tabac.\",\"breadcrumb\":{\"@id\":\"https:\\\/\\\/www.mylasertabac.com\\\/ca\\\/quins-paisos-han-implementat-politiques-per-combatre-la-contaminacio-relacionada-amb-el-tabac\\\/#breadcrumb\"},\"inLanguage\":\"ca\",\"potentialAction\":[{\"@type\":\"ReadAction\",\"target\":[\"https:\\\/\\\/www.mylasertabac.com\\\/ca\\\/quins-paisos-han-implementat-politiques-per-combatre-la-contaminacio-relacionada-amb-el-tabac\\\/\"]}]},{\"@type\":\"ImageObject\",\"inLanguage\":\"ca\",\"@id\":\"https:\\\/\\\/www.mylasertabac.com\\\/ca\\\/quins-paisos-han-implementat-politiques-per-combatre-la-contaminacio-relacionada-amb-el-tabac\\\/#primaryimage\",\"url\":\"https:\\\/\\\/www.mylasertabac.com\\\/wp-content\\\/uploads\\\/2025\\\/01\\\/Les-pays-se-revolte-pour-luter-contre-la-polution-du-au-tabac-.png\",\"contentUrl\":\"https:\\\/\\\/www.mylasertabac.com\\\/wp-content\\\/uploads\\\/2025\\\/01\\\/Les-pays-se-revolte-pour-luter-contre-la-polution-du-au-tabac-.png\",\"width\":1792,\"height\":1024},{\"@type\":\"BreadcrumbList\",\"@id\":\"https:\\\/\\\/www.mylasertabac.com\\\/ca\\\/quins-paisos-han-implementat-politiques-per-combatre-la-contaminacio-relacionada-amb-el-tabac\\\/#breadcrumb\",\"itemListElement\":[{\"@type\":\"ListItem\",\"position\":1,\"name\":\"Accueil\",\"item\":\"https:\\\/\\\/www.mylasertabac.com\\\/ca\\\/benvingut\\\/\"},{\"@type\":\"ListItem\",\"position\":2,\"name\":\"Quins pa\u00efsos han implementat pol\u00edtiques per combatre la contaminaci\u00f3 relacionada amb el tabac?\"}]},{\"@type\":\"WebSite\",\"@id\":\"https:\\\/\\\/www.mylasertabac.com\\\/ca\\\/#website\",\"url\":\"https:\\\/\\\/www.mylasertabac.com\\\/ca\\\/\",\"name\":\"My Laser Tabac\",\"description\":\"La solution laser qui transforme les fumeurs en ex-fumeurs\",\"publisher\":{\"@id\":\"https:\\\/\\\/www.mylasertabac.com\\\/ca\\\/#organization\"},\"potentialAction\":[{\"@type\":\"SearchAction\",\"target\":{\"@type\":\"EntryPoint\",\"urlTemplate\":\"https:\\\/\\\/www.mylasertabac.com\\\/ca\\\/?s={search_term_string}\"},\"query-input\":{\"@type\":\"PropertyValueSpecification\",\"valueRequired\":true,\"valueName\":\"search_term_string\"}}],\"inLanguage\":\"ca\"},{\"@type\":\"Organization\",\"@id\":\"https:\\\/\\\/www.mylasertabac.com\\\/ca\\\/#organization\",\"name\":\"My Laser Tabac\",\"url\":\"https:\\\/\\\/www.mylasertabac.com\\\/ca\\\/\",\"logo\":{\"@type\":\"ImageObject\",\"inLanguage\":\"ca\",\"@id\":\"https:\\\/\\\/www.mylasertabac.com\\\/ca\\\/#\\\/schema\\\/logo\\\/image\\\/\",\"url\":\"https:\\\/\\\/www.mylasertabac.com\\\/wp-content\\\/uploads\\\/2024\\\/12\\\/mlt-verteau.svg\",\"contentUrl\":\"https:\\\/\\\/www.mylasertabac.com\\\/wp-content\\\/uploads\\\/2024\\\/12\\\/mlt-verteau.svg\",\"caption\":\"My Laser Tabac\"},\"image\":{\"@id\":\"https:\\\/\\\/www.mylasertabac.com\\\/ca\\\/#\\\/schema\\\/logo\\\/image\\\/\"}},{\"@type\":\"Person\",\"@id\":\"https:\\\/\\\/www.mylasertabac.com\\\/ca\\\/#\\\/schema\\\/person\\\/02c249cb76d912efb6c315ec23eccdf3\",\"name\":\"Florian Fortes\",\"image\":{\"@type\":\"ImageObject\",\"inLanguage\":\"ca\",\"@id\":\"https:\\\/\\\/www.mylasertabac.com\\\/wp-content\\\/litespeed\\\/avatar\\\/142101a71d7b9e6490c1120d9c109a67.jpg?ver=1776856306\",\"url\":\"https:\\\/\\\/www.mylasertabac.com\\\/wp-content\\\/litespeed\\\/avatar\\\/142101a71d7b9e6490c1120d9c109a67.jpg?ver=1776856306\",\"contentUrl\":\"https:\\\/\\\/www.mylasertabac.com\\\/wp-content\\\/litespeed\\\/avatar\\\/142101a71d7b9e6490c1120d9c109a67.jpg?ver=1776856306\",\"caption\":\"Florian Fortes\"},\"sameAs\":[\"https:\\\/\\\/www.mylasertabac.com\",\"https:\\\/\\\/www.facebook.com\\\/profile.php?id=61571554707319\"],\"url\":\"https:\\\/\\\/www.mylasertabac.com\\\/ca\\\/author\\\/florianfortes5312\\\/\"}]}<\/script>\n<!-- \/ Yoast SEO plugin. -->","yoast_head_json":{"title":"Quins pa\u00efsos han implementat pol\u00edtiques per combatre la contaminaci\u00f3 relacionada amb el tabac? - My Laser Tabac","description":"Descobriu quins pa\u00efsos han adoptat pol\u00edtiques estrictes per reduir la contaminaci\u00f3 per burilles de cigarrets i consum de tabac.","robots":{"index":"index","follow":"follow","max-snippet":"max-snippet:-1","max-image-preview":"max-image-preview:large","max-video-preview":"max-video-preview:-1"},"canonical":"https:\/\/www.mylasertabac.com\/ca\/quins-paisos-han-implementat-politiques-per-combatre-la-contaminacio-relacionada-amb-el-tabac\/","og_locale":"ca_ES","og_type":"article","og_title":"Quins pa\u00efsos han implementat pol\u00edtiques per combatre la contaminaci\u00f3 relacionada amb el tabac? - My Laser Tabac","og_description":"Descobriu quins pa\u00efsos han adoptat pol\u00edtiques estrictes per reduir la contaminaci\u00f3 per burilles de cigarrets i consum de tabac.","og_url":"https:\/\/www.mylasertabac.com\/ca\/quins-paisos-han-implementat-politiques-per-combatre-la-contaminacio-relacionada-amb-el-tabac\/","og_site_name":"My Laser Tabac","article_author":"https:\/\/www.facebook.com\/profile.php?id=61571554707319","article_published_time":"2025-02-11T09:10:52+00:00","article_modified_time":"2025-02-24T20:55:30+00:00","og_image":[{"width":1024,"height":585,"url":"https:\/\/www.mylasertabac.com\/wp-content\/uploads\/2025\/01\/Les-pays-se-revolte-pour-luter-contre-la-polution-du-au-tabac--1024x585.png","type":"image\/png"}],"author":"Florian Fortes","twitter_card":"summary_large_image","twitter_misc":{"Escrit per":"Florian Fortes","Temps estimat de lectura":"8 minuts"},"schema":{"@context":"https:\/\/schema.org","@graph":[{"@type":"Article","@id":"https:\/\/www.mylasertabac.com\/ca\/quins-paisos-han-implementat-politiques-per-combatre-la-contaminacio-relacionada-amb-el-tabac\/#article","isPartOf":{"@id":"https:\/\/www.mylasertabac.com\/ca\/quins-paisos-han-implementat-politiques-per-combatre-la-contaminacio-relacionada-amb-el-tabac\/"},"author":{"name":"Florian Fortes","@id":"https:\/\/www.mylasertabac.com\/ca\/#\/schema\/person\/02c249cb76d912efb6c315ec23eccdf3"},"headline":"Quins pa\u00efsos han implementat pol\u00edtiques per combatre la contaminaci\u00f3 relacionada amb el tabac?","datePublished":"2025-02-11T09:10:52+00:00","dateModified":"2025-02-24T20:55:30+00:00","mainEntityOfPage":{"@id":"https:\/\/www.mylasertabac.com\/ca\/quins-paisos-han-implementat-politiques-per-combatre-la-contaminacio-relacionada-amb-el-tabac\/"},"wordCount":1635,"publisher":{"@id":"https:\/\/www.mylasertabac.com\/ca\/#organization"},"image":{"@id":"https:\/\/www.mylasertabac.com\/ca\/quins-paisos-han-implementat-politiques-per-combatre-la-contaminacio-relacionada-amb-el-tabac\/#primaryimage"},"thumbnailUrl":"https:\/\/www.mylasertabac.com\/wp-content\/uploads\/2025\/01\/Les-pays-se-revolte-pour-luter-contre-la-polution-du-au-tabac-.png","keywords":["contaminaci\u00f3 pel tabac"],"articleSection":["Salut"],"inLanguage":"ca"},{"@type":"WebPage","@id":"https:\/\/www.mylasertabac.com\/ca\/quins-paisos-han-implementat-politiques-per-combatre-la-contaminacio-relacionada-amb-el-tabac\/","url":"https:\/\/www.mylasertabac.com\/ca\/quins-paisos-han-implementat-politiques-per-combatre-la-contaminacio-relacionada-amb-el-tabac\/","name":"Quins pa\u00efsos han implementat pol\u00edtiques per combatre la contaminaci\u00f3 relacionada amb el tabac? - My Laser Tabac","isPartOf":{"@id":"https:\/\/www.mylasertabac.com\/ca\/#website"},"primaryImageOfPage":{"@id":"https:\/\/www.mylasertabac.com\/ca\/quins-paisos-han-implementat-politiques-per-combatre-la-contaminacio-relacionada-amb-el-tabac\/#primaryimage"},"image":{"@id":"https:\/\/www.mylasertabac.com\/ca\/quins-paisos-han-implementat-politiques-per-combatre-la-contaminacio-relacionada-amb-el-tabac\/#primaryimage"},"thumbnailUrl":"https:\/\/www.mylasertabac.com\/wp-content\/uploads\/2025\/01\/Les-pays-se-revolte-pour-luter-contre-la-polution-du-au-tabac-.png","datePublished":"2025-02-11T09:10:52+00:00","dateModified":"2025-02-24T20:55:30+00:00","description":"Descobriu quins pa\u00efsos han adoptat pol\u00edtiques estrictes per reduir la contaminaci\u00f3 per burilles de cigarrets i consum de tabac.","breadcrumb":{"@id":"https:\/\/www.mylasertabac.com\/ca\/quins-paisos-han-implementat-politiques-per-combatre-la-contaminacio-relacionada-amb-el-tabac\/#breadcrumb"},"inLanguage":"ca","potentialAction":[{"@type":"ReadAction","target":["https:\/\/www.mylasertabac.com\/ca\/quins-paisos-han-implementat-politiques-per-combatre-la-contaminacio-relacionada-amb-el-tabac\/"]}]},{"@type":"ImageObject","inLanguage":"ca","@id":"https:\/\/www.mylasertabac.com\/ca\/quins-paisos-han-implementat-politiques-per-combatre-la-contaminacio-relacionada-amb-el-tabac\/#primaryimage","url":"https:\/\/www.mylasertabac.com\/wp-content\/uploads\/2025\/01\/Les-pays-se-revolte-pour-luter-contre-la-polution-du-au-tabac-.png","contentUrl":"https:\/\/www.mylasertabac.com\/wp-content\/uploads\/2025\/01\/Les-pays-se-revolte-pour-luter-contre-la-polution-du-au-tabac-.png","width":1792,"height":1024},{"@type":"BreadcrumbList","@id":"https:\/\/www.mylasertabac.com\/ca\/quins-paisos-han-implementat-politiques-per-combatre-la-contaminacio-relacionada-amb-el-tabac\/#breadcrumb","itemListElement":[{"@type":"ListItem","position":1,"name":"Accueil","item":"https:\/\/www.mylasertabac.com\/ca\/benvingut\/"},{"@type":"ListItem","position":2,"name":"Quins pa\u00efsos han implementat pol\u00edtiques per combatre la contaminaci\u00f3 relacionada amb el tabac?"}]},{"@type":"WebSite","@id":"https:\/\/www.mylasertabac.com\/ca\/#website","url":"https:\/\/www.mylasertabac.com\/ca\/","name":"My Laser Tabac","description":"La solution laser qui transforme les fumeurs en ex-fumeurs","publisher":{"@id":"https:\/\/www.mylasertabac.com\/ca\/#organization"},"potentialAction":[{"@type":"SearchAction","target":{"@type":"EntryPoint","urlTemplate":"https:\/\/www.mylasertabac.com\/ca\/?s={search_term_string}"},"query-input":{"@type":"PropertyValueSpecification","valueRequired":true,"valueName":"search_term_string"}}],"inLanguage":"ca"},{"@type":"Organization","@id":"https:\/\/www.mylasertabac.com\/ca\/#organization","name":"My Laser Tabac","url":"https:\/\/www.mylasertabac.com\/ca\/","logo":{"@type":"ImageObject","inLanguage":"ca","@id":"https:\/\/www.mylasertabac.com\/ca\/#\/schema\/logo\/image\/","url":"https:\/\/www.mylasertabac.com\/wp-content\/uploads\/2024\/12\/mlt-verteau.svg","contentUrl":"https:\/\/www.mylasertabac.com\/wp-content\/uploads\/2024\/12\/mlt-verteau.svg","caption":"My Laser Tabac"},"image":{"@id":"https:\/\/www.mylasertabac.com\/ca\/#\/schema\/logo\/image\/"}},{"@type":"Person","@id":"https:\/\/www.mylasertabac.com\/ca\/#\/schema\/person\/02c249cb76d912efb6c315ec23eccdf3","name":"Florian Fortes","image":{"@type":"ImageObject","inLanguage":"ca","@id":"https:\/\/www.mylasertabac.com\/wp-content\/litespeed\/avatar\/142101a71d7b9e6490c1120d9c109a67.jpg?ver=1776856306","url":"https:\/\/www.mylasertabac.com\/wp-content\/litespeed\/avatar\/142101a71d7b9e6490c1120d9c109a67.jpg?ver=1776856306","contentUrl":"https:\/\/www.mylasertabac.com\/wp-content\/litespeed\/avatar\/142101a71d7b9e6490c1120d9c109a67.jpg?ver=1776856306","caption":"Florian Fortes"},"sameAs":["https:\/\/www.mylasertabac.com","https:\/\/www.facebook.com\/profile.php?id=61571554707319"],"url":"https:\/\/www.mylasertabac.com\/ca\/author\/florianfortes5312\/"}]}},"_links":{"self":[{"href":"https:\/\/www.mylasertabac.com\/ca\/wp-json\/wp\/v2\/posts\/3970","targetHints":{"allow":["GET"]}}],"collection":[{"href":"https:\/\/www.mylasertabac.com\/ca\/wp-json\/wp\/v2\/posts"}],"about":[{"href":"https:\/\/www.mylasertabac.com\/ca\/wp-json\/wp\/v2\/types\/post"}],"author":[{"embeddable":true,"href":"https:\/\/www.mylasertabac.com\/ca\/wp-json\/wp\/v2\/users\/2"}],"replies":[{"embeddable":true,"href":"https:\/\/www.mylasertabac.com\/ca\/wp-json\/wp\/v2\/comments?post=3970"}],"version-history":[{"count":1,"href":"https:\/\/www.mylasertabac.com\/ca\/wp-json\/wp\/v2\/posts\/3970\/revisions"}],"predecessor-version":[{"id":3971,"href":"https:\/\/www.mylasertabac.com\/ca\/wp-json\/wp\/v2\/posts\/3970\/revisions\/3971"}],"wp:featuredmedia":[{"embeddable":true,"href":"https:\/\/www.mylasertabac.com\/ca\/wp-json\/wp\/v2\/media\/2392"}],"wp:attachment":[{"href":"https:\/\/www.mylasertabac.com\/ca\/wp-json\/wp\/v2\/media?parent=3970"}],"wp:term":[{"taxonomy":"category","embeddable":true,"href":"https:\/\/www.mylasertabac.com\/ca\/wp-json\/wp\/v2\/categories?post=3970"},{"taxonomy":"post_tag","embeddable":true,"href":"https:\/\/www.mylasertabac.com\/ca\/wp-json\/wp\/v2\/tags?post=3970"}],"curies":[{"name":"wp","href":"https:\/\/api.w.org\/{rel}","templated":true}]}}