{"id":4350,"date":"2025-02-24T11:34:48","date_gmt":"2025-02-24T10:34:48","guid":{"rendered":"https:\/\/www.mylasertabac.com\/uneix-te-a-la-franquicia-laser-anti-tabac-i-beneficiat-dun-concepte-clau-en-ma-rendible-2\/"},"modified":"2025-02-24T12:32:55","modified_gmt":"2025-02-24T11:32:55","slug":"uneix-te-a-la-franquicia-laser-anti-tabac-i-beneficiat-dun-concepte-clau-en-ma-rendible-2","status":"publish","type":"post","link":"https:\/\/www.mylasertabac.com\/ca\/uneix-te-a-la-franquicia-laser-anti-tabac-i-beneficiat-dun-concepte-clau-en-ma-rendible-2\/","title":{"rendered":"Uneix-te a la franqu\u00edcia l\u00e0ser Anti-Tabac i beneficia&#8217;t d&#8217;un concepte clau en m\u00e0 rendible"},"content":{"rendered":"\n<div style=\"height:20px\" aria-hidden=\"true\" class=\"wp-block-spacer\"><\/div>\n\n<h2 class=\"wp-block-heading\">Obrir un centre l\u00e0ser antitabaquisme: una oportunitat \u00fanica<\/h2>\n\n<div style=\"height:20px\" aria-hidden=\"true\" class=\"wp-block-spacer\"><\/div>\n\n<p><strong>Deixar de fumar<\/strong> \u00e9s ara una prioritat de salut p\u00fablica i molts fumadors busquen una soluci\u00f3 efica\u00e7 per deixar de fumar. El <strong>l\u00e0ser antitabac<\/strong> \u00e9s un m\u00e8tode innovador i natural, que ofereix resultats r\u00e0pids sense efectes secundaris. En unir-te a la nostra <strong>franqu\u00edcia<\/strong> , gaudeixes d&#8217;un <strong>concepte clau en m\u00e0<\/strong> , <strong><a href=\"https:\/\/www.mylasertabac.com\/ca\/informacio\/formacio-laser-antitabac-i-addiccio\/#formations\">formaci\u00f3 especialitzada en auriculoter\u00e0pia i reflexologia auricular<\/a><\/strong> , i <strong>un suport personalitzat<\/strong> per llan\u00e7ar-te al sector de la salut i el benestar.  <\/p>\n\n<div style=\"height:14px\" aria-hidden=\"true\" class=\"wp-block-spacer\"><\/div>\n\n<p>La nostra <strong>xarxa de franqu\u00edcies<\/strong> us ofereix l&#8217;oportunitat d&#8217;obrir el vostre propi <strong>centre l\u00e0ser antitabac<\/strong> a la vostra zona i ajudar a centenars de <strong>persones<\/strong> a alliberar-se de la seva <strong>addicci\u00f3<\/strong> al <strong>tabac, l&#8217;alcohol i el c\u00e0nnabis<\/strong> .<\/p>\n\n<div style=\"height:27px\" aria-hidden=\"true\" class=\"wp-block-spacer\"><\/div>\n\n<div class=\"wp-block-buttons alignfull is-content-justification-center is-layout-flex wp-container-core-buttons-is-layout-a89b3969 wp-block-buttons-is-layout-flex\">\n<div class=\"wp-block-button is-style-fill\"><a class=\"wp-block-button__link has-text-align-right wp-element-button\" href=\"https:\/\/www.mylasertabac.com\/ca\/informacio\/formacio-laser-antitabac-i-addiccio\/\">M\u00e9s informaci\u00f3 sobre la formaci\u00f3  <\/a><\/div>\n<\/div>\n\n<div style=\"height:36px\" aria-hidden=\"true\" class=\"wp-block-spacer\"><\/div>\n\n<figure class=\"wp-block-image alignleft size-full is-resized\"><img fetchpriority=\"high\" decoding=\"async\" width=\"654\" height=\"446\" src=\"https:\/\/www.mylasertabac.com\/wp-content\/uploads\/2025\/02\/Franchise-mylasertabac-specialise-dans-le-laser-anti-tabac.jpg\" alt=\"\" class=\"wp-image-4250\" style=\"width:559px;height:auto\" srcset=\"https:\/\/www.mylasertabac.com\/wp-content\/uploads\/2025\/02\/Franchise-mylasertabac-specialise-dans-le-laser-anti-tabac.jpg 654w, https:\/\/www.mylasertabac.com\/wp-content\/uploads\/2025\/02\/Franchise-mylasertabac-specialise-dans-le-laser-anti-tabac-300x205.jpg 300w\" sizes=\"(max-width: 654px) 100vw, 654px\" \/><\/figure>\n\n<h2 class=\"wp-block-heading\">Per qu\u00e8 escollir la nostra franqu\u00edcia?<\/h2>\n\n<h3 class=\"wp-block-heading\">Formaci\u00f3 completa i personalitzada<\/h3>\n\n<p>Unir-se a la nostra <strong>xarxa<\/strong> significa beneficiar-se d&#8217; <strong><a href=\"https:\/\/www.mylasertabac.com\/ca\/informacio\/formacio-laser-antitabac-i-addiccio\/\">una formaci\u00f3 integral i \u00fanica contra el tabaquisme amb l\u00e0ser<\/a><\/strong> . Et proporcionem: <\/p>\n\n<ul class=\"wp-block-list\">\n<li><strong>Formaci\u00f3 en profunditat en auriculoter\u00e0pia i reflexologia auricular<\/strong> , per comprendre i dominar l&#8217;estimulaci\u00f3 dels <strong>punts auriculars<\/strong> .<\/li>\n\n\n\n<li><strong>Formaci\u00f3 espec\u00edfica sobre l\u00e0ser antitabac<\/strong> , per aprendre a utilitzar aquest <strong>m\u00e8tode natural i efica\u00e7<\/strong> .<\/li>\n\n\n\n<li><strong>Suport pr\u00e0ctic i personalitzat<\/strong> per garantir l&#8217;\u00e8xit del vostre <strong>centre per deixar de fumar<\/strong> .<\/li>\n\n\n\n<li><strong>Assessorament i documentaci\u00f3 completa<\/strong> per guiar-te en cada etapa del teu projecte.<\/li>\n<\/ul>\n\n<div style=\"height:41px\" aria-hidden=\"true\" class=\"wp-block-spacer\"><\/div>\n\n<h3 class=\"wp-block-heading\">Una inversi\u00f3 accessible amb un paquet clau en m\u00e0  <\/h3>\n\n<div style=\"height:20px\" aria-hidden=\"true\" class=\"wp-block-spacer\"><\/div>\n\n<p>A difer\u00e8ncia d&#8217;altres <strong>franqu\u00edcies de salut i benestar<\/strong> , la nostra <strong>aportaci\u00f3 inicial<\/strong> \u00e9s molt m\u00e9s assequible. El <strong>paquet inicial<\/strong> inclou tot el que necessiteu per obrir el vostre <strong>centre l\u00e0ser antitabac<\/strong> : <\/p>\n\n<div style=\"height:20px\" aria-hidden=\"true\" class=\"wp-block-spacer\"><\/div>\n\n<ul class=\"wp-block-list\">\n<li><strong>Un l\u00e0ser antifum d&#8217;\u00faltima generaci\u00f3<\/strong> , dissenyat en col\u00b7laboraci\u00f3 amb una f\u00e0brica europea per garantir una efici\u00e8ncia \u00f2ptima.<\/li>\n\n\n\n<li><strong>Equipament complet<\/strong> , que inclou una <strong>taula de massatge, cadires, un escriptori ergon\u00f2mic i decoracions de paret adequades<\/strong> .<\/li>\n\n\n\n<li><strong>Un paviment d&#8217;efecte parquet<\/strong> , per a un espai modern i acollidor.<\/li>\n\n\n\n<li><strong>Una estrat\u00e8gia de m\u00e0rqueting personalitzada<\/strong> per atraure r\u00e0pidament els vostres primers clients.<\/li>\n<\/ul>\n\n<div style=\"height:34px\" aria-hidden=\"true\" class=\"wp-block-spacer\"><\/div>\n\n<figure class=\"wp-block-image alignfull size-full\"><img decoding=\"async\" width=\"750\" height=\"500\" src=\"https:\/\/www.mylasertabac.com\/wp-content\/uploads\/2025\/02\/Mylasertabac-soccupe-de-toute-la-communication.png\" alt=\"\" class=\"wp-image-4258\" srcset=\"https:\/\/www.mylasertabac.com\/wp-content\/uploads\/2025\/02\/Mylasertabac-soccupe-de-toute-la-communication.png 750w, https:\/\/www.mylasertabac.com\/wp-content\/uploads\/2025\/02\/Mylasertabac-soccupe-de-toute-la-communication-300x200.png 300w\" sizes=\"(max-width: 750px) 100vw, 750px\" \/><\/figure>\n\n<div style=\"height:30px\" aria-hidden=\"true\" class=\"wp-block-spacer\"><\/div>\n\n<h3 class=\"wp-block-heading\">Una Xarxa de Franqu\u00edcies que gestiona tota la Comunicaci\u00f3<\/h3>\n\n<div style=\"height:20px\" aria-hidden=\"true\" class=\"wp-block-spacer\"><\/div>\n\n<p>Sabem que la comunicaci\u00f3 \u00e9s essencial per garantir l&#8217;\u00e8xit del vostre <strong>centre l\u00e0ser per deixar de fumar<\/strong> . \u00c9s per aix\u00f2 que ens encarreguem de tota l&#8217;estrat\u00e8gia de m\u00e0rqueting: <\/p>\n\n<ul class=\"wp-block-list\">\n<li><strong>Publicitat dirigida a Facebook, Instagram, TikTok i YouTube<\/strong> .<\/li>\n\n\n\n<li><strong>Campanyes de Google Ads optimitzades<\/strong> per arribar al p\u00fablic adequat.<\/li>\n\n\n\n<li><strong>Pres\u00e8ncia en mitjans especialitzats en salut i benestar<\/strong> .<\/li>\n\n\n\n<li><strong>Creaci\u00f3 de contingut SEO per augmentar la teva visibilitat a Google<\/strong> i altres cercadors.<\/li>\n\n\n\n<li><strong>Destacant el vostre centre al nostre lloc i a les nostres plataformes digitals<\/strong> .<\/li>\n<\/ul>\n\n<div style=\"height:24px\" aria-hidden=\"true\" class=\"wp-block-spacer\"><\/div>\n\n<p>Aix\u00ed que <strong>nom\u00e9s has de centrar-te en el teu negoci<\/strong> , sense preocupar-te de m\u00e0rqueting ni de trobar clients.<\/p>\n\n<div class=\"wp-block-buttons is-content-justification-center is-layout-flex wp-container-core-buttons-is-layout-a89b3969 wp-block-buttons-is-layout-flex\">\n<div class=\"wp-block-button\"><a class=\"wp-block-button__link wp-element-button\"><mark style=\"background-color:rgba(0, 0, 0, 0)\" class=\"has-inline-color has-white-color\">M\u00e9s informaci\u00f3 sobre la formaci\u00f3&#8230;<\/mark><\/a><\/div>\n<\/div>\n\n<div style=\"height:58px\" aria-hidden=\"true\" class=\"wp-block-spacer\"><\/div>\n\n<figure class=\"wp-block-image alignright size-full\"><img decoding=\"async\" width=\"645\" height=\"518\" src=\"https:\/\/www.mylasertabac.com\/wp-content\/uploads\/2025\/01\/auriculotherapie-mylasertabac-3.png\" alt=\"\" class=\"wp-image-968\" srcset=\"https:\/\/www.mylasertabac.com\/wp-content\/uploads\/2025\/01\/auriculotherapie-mylasertabac-3.png 645w, https:\/\/www.mylasertabac.com\/wp-content\/uploads\/2025\/01\/auriculotherapie-mylasertabac-3-300x241.png 300w\" sizes=\"(max-width: 645px) 100vw, 645px\" \/><\/figure>\n\n<h2 class=\"wp-block-heading\">Un m\u00e8tode natural i recomanable<\/h2>\n\n<p><strong>El tractament l\u00e0ser antitabaquisme<\/strong> es basa en l&#8217; <strong>estimulaci\u00f3 dels punts de les orelles<\/strong> , reduint aix\u00ed les ganes de fumar i alleujar els s\u00edmptomes d&#8217;abstin\u00e8ncia. Aquest enfocament \u00e9s <strong>molt recomanable<\/strong> per la seva efic\u00e0cia i l&#8217;enfocament sense efectes secundaris. <\/p>\n\n<ul class=\"wp-block-list\">\n<li><strong>Sense substitut de la nicotina<\/strong> .<\/li>\n\n\n\n<li><strong>Sense guany de pes despr\u00e9s de parar<\/strong> .<\/li>\n\n\n\n<li><strong>Un m\u00e8tode no invasiu i completament natural<\/strong> .<\/li>\n\n\n\n<li><strong>Resultats visibles des de la primera sessi\u00f3<\/strong> .<\/li>\n<\/ul>\n\n<p>Gr\u00e0cies a aquest <strong>tractament innovador<\/strong> , molts <strong>fumadors<\/strong> han aconseguit alliberar-se de la seva <strong>addicci\u00f3<\/strong> en poques sessions.<\/p>\n\n<p><\/p>\n\n<p><\/p>\n\n<div style=\"height:41px\" aria-hidden=\"true\" class=\"wp-block-spacer\"><\/div>\n\n<h2 class=\"wp-block-heading\">Suport personalitzat a cada pas<\/h2>\n\n<div style=\"height:20px\" aria-hidden=\"true\" class=\"wp-block-spacer\"><\/div>\n\n<p>Tan bon punt us uniu, us beneficieu d&#8217; <strong>un suport integral<\/strong> :<\/p>\n\n<ul class=\"wp-block-list\">\n<li><strong>Ajuda a configurar el teu centre<\/strong> .<\/li>\n\n\n\n<li><strong>Formaci\u00f3 cont\u00ednua i actualitzaci\u00f3 de t\u00e8cniques<\/strong> .<\/li>\n\n\n\n<li><strong>Assessorament en gesti\u00f3 i desenvolupament del seu negoci<\/strong> .<\/li>\n\n\n\n<li><strong>Acc\u00e9s a una xarxa de professionals i experts en deixar de fumar<\/strong> .<\/li>\n\n\n\n<li><strong>Suport t\u00e8cnic i log\u00edstic<\/strong> .<\/li>\n<\/ul>\n\n<div style=\"height:20px\" aria-hidden=\"true\" class=\"wp-block-spacer\"><\/div>\n\n<p>La nostra <strong>xarxa de franqu\u00edcies<\/strong> et permet comen\u00e7ar en les millors condicions i beneficiar-te d&#8217;un <strong>model contrastat i rendible<\/strong> .<\/p>\n\n<div style=\"height:20px\" aria-hidden=\"true\" class=\"wp-block-spacer\"><\/div>\n\n<h2 class=\"wp-block-heading\">Un mercat impulsat per una demanda creixent&#8230;<\/h2>\n\n<div style=\"height:20px\" aria-hidden=\"true\" class=\"wp-block-spacer\"><\/div>\n\n<p>El mercat <strong>per deixar de fumar<\/strong> est\u00e0 en auge. Cada any, milions de <strong>fumadors<\/strong> busquen una soluci\u00f3 per deixar de <strong>fumar<\/strong> definitivament. Amb les restriccions cada cop m\u00e9s estrictes i l&#8217;augment del preu del <strong>tabac<\/strong> , la demanda de <strong>centres especialitzats en tractament de les addiccions<\/strong> continua creixent.  <\/p>\n\n<p>El <strong>l\u00e0ser antitabac<\/strong> \u00e9s una soluci\u00f3 moderna i efica\u00e7 que atrau cada cop m\u00e9s <strong>persones que volen millorar la seva salut<\/strong> i canviar la seva <strong>vida<\/strong> .<\/p>\n\n<div style=\"height:20px\" aria-hidden=\"true\" class=\"wp-block-spacer\"><\/div>\n\n<h2 class=\"wp-block-heading\">Per qu\u00e8 obrir ara un centre l\u00e0ser antitabac?<\/h2>\n\n<div style=\"height:20px\" aria-hidden=\"true\" class=\"wp-block-spacer\"><\/div>\n\n<ul class=\"wp-block-list\">\n<li><strong>Un concepte clau en m\u00e0, llest per utilitzar<\/strong> .<\/li>\n\n\n\n<li><strong>Un mercat en creixement en ple desenvolupament<\/strong> .<\/li>\n\n\n\n<li><strong>Una inversi\u00f3 baixa en comparaci\u00f3 amb altres franqu\u00edcies de salut i benestar<\/strong> .<\/li>\n\n\n\n<li><strong>Formaci\u00f3 de qualitat i suport a mida<\/strong> .<\/li>\n\n\n\n<li><strong>Una xarxa s\u00f2lida i din\u00e0mica<\/strong> que ofereix un suport real als seus membres.<\/li>\n<\/ul>\n\n<div style=\"height:20px\" aria-hidden=\"true\" class=\"wp-block-spacer\"><\/div>\n\n<h2 class=\"wp-block-heading\">Conclusi\u00f3: Acci\u00f3!<\/h2>\n\n<div style=\"height:20px\" aria-hidden=\"true\" class=\"wp-block-spacer\"><\/div>\n\n<p>Si vols iniciar un negoci en un <strong>sector en creixement<\/strong> , oferir una soluci\u00f3 natural i efica\u00e7 als <strong>fumadors<\/strong> i unir-te a una <strong>xarxa de franqu\u00edcies reconegudes<\/strong> , \u00e9s hora d&#8217;obrir el teu <a href=\"https:\/\/www.mylasertabac.com\/ca\/\"><strong>centre l\u00e0ser antitabac<\/strong><\/a> .<\/p>\n\n<p>La nostra <strong>franqu\u00edcia<\/strong> t&#8217;ofereix totes les claus de l&#8217;\u00e8xit, amb <strong>un suport personalitzat, una formaci\u00f3 integral i un m\u00e8tode efica\u00e7<\/strong> que ja ha ajudat milers de persones.<\/p>\n\n<div style=\"height:20px\" aria-hidden=\"true\" class=\"wp-block-spacer\"><\/div>\n\n<p>Uneix-te a nosaltres avui i <strong>forma part d&#8217;un projecte innovador i rendible al servei del benestar<\/strong> .<\/p>\n\n<p>Contacta&#8217;ns ara per rebre la teva <strong>documentaci\u00f3 completa<\/strong> i saber com obrir el teu propi <strong><a href=\"https:\/\/www.mylasertabac.com\/ca\/\">centre per deixar de fumar<\/a><\/strong> a la teva zona!<\/p>\n\n<div style=\"height:39px\" aria-hidden=\"true\" class=\"wp-block-spacer\"><\/div>\n\n<p>Si voleu saber m\u00e9s sobre el nostre concepte clau en m\u00e0, podeu contactar ara amb el nostre departament comercial al <strong>0778698366<\/strong><\/p>\n\n<p><\/p>\n\n<div class=\"wp-block-buttons is-content-justification-center is-layout-flex wp-container-core-buttons-is-layout-a89b3969 wp-block-buttons-is-layout-flex\">\n<div class=\"wp-block-button\"><a class=\"wp-block-button__link wp-element-button\"><mark style=\"background-color:rgba(0, 0, 0, 0)\" class=\"has-inline-color has-white-color\">M\u00e9s informaci\u00f3 sobre la formaci\u00f3<\/mark><\/a><\/div>\n<\/div>\n\n<div style=\"height:42px\" aria-hidden=\"true\" class=\"wp-block-spacer\"><\/div>\n\n<div style=\"height:47px\" aria-hidden=\"true\" class=\"wp-block-spacer\"><\/div>\n\n<figure class=\"wp-block-image size-large\"><img decoding=\"async\" src=\"https:\/\/www.mylasertabac.com\/wp-content\/uploads\/\/mlt-verteau.svg\" alt=\"\" class=\"wp-image-13\"\/><\/figure>\n\n<div style=\"height:20px\" aria-hidden=\"true\" class=\"wp-block-spacer\"><\/div>\n","protected":false},"excerpt":{"rendered":"<p>Obrir un centre l\u00e0ser antitabaquisme: una oportunitat \u00fanica Deixar de fumar \u00e9s ara una prioritat de salut p\u00fablica i molts fumadors busquen una soluci\u00f3 efica\u00e7 per deixar de fumar. El l\u00e0ser antitabac \u00e9s un m\u00e8tode innovador i natural, que ofereix resultats r\u00e0pids sense efectes secundaris. En unir-te a la nostra franqu\u00edcia , gaudeixes d&#8217;un concepte [&hellip;]<\/p>\n","protected":false},"author":2,"featured_media":1755,"comment_status":"closed","ping_status":"open","sticky":false,"template":"","format":"standard","meta":{"inline_featured_image":false,"footnotes":""},"categories":[82],"tags":[],"class_list":["post-4350","post","type-post","status-publish","format-standard","has-post-thumbnail","hentry","category-uncategorized-ca"],"yoast_head":"<!-- This site is optimized with the Yoast SEO plugin v27.4 - https:\/\/yoast.com\/product\/yoast-seo-wordpress\/ -->\n<title>Converteix-te en franquiciat de Mylasertabac i obre el teu centre l\u00e0ser antitabac<\/title>\n<meta name=\"description\" content=\"Obre el teu centre l\u00e0ser antitabac amb un concepte clau en m\u00e0, formaci\u00f3 integral i mercat en creixement.\" \/>\n<meta name=\"robots\" content=\"index, follow, max-snippet:-1, max-image-preview:large, max-video-preview:-1\" \/>\n<link rel=\"canonical\" href=\"https:\/\/www.mylasertabac.com\/ca\/uneix-te-a-la-franquicia-laser-anti-tabac-i-beneficiat-dun-concepte-clau-en-ma-rendible-2\/\" \/>\n<meta property=\"og:locale\" content=\"ca_ES\" \/>\n<meta property=\"og:type\" content=\"article\" \/>\n<meta property=\"og:title\" content=\"Converteix-te en franquiciat de Mylasertabac i obre el teu centre l\u00e0ser antitabac\" \/>\n<meta property=\"og:description\" content=\"Obre el teu centre l\u00e0ser antitabac amb un concepte clau en m\u00e0, formaci\u00f3 integral i mercat en creixement.\" \/>\n<meta property=\"og:url\" content=\"https:\/\/www.mylasertabac.com\/ca\/uneix-te-a-la-franquicia-laser-anti-tabac-i-beneficiat-dun-concepte-clau-en-ma-rendible-2\/\" \/>\n<meta property=\"og:site_name\" content=\"My Laser Tabac\" \/>\n<meta property=\"article:author\" content=\"https:\/\/www.facebook.com\/profile.php?id=61571554707319\" \/>\n<meta property=\"article:published_time\" content=\"2025-02-24T10:34:48+00:00\" \/>\n<meta property=\"article:modified_time\" content=\"2025-02-24T11:32:55+00:00\" \/>\n<meta property=\"og:image\" content=\"https:\/\/www.mylasertabac.com\/wp-content\/uploads\/2024\/12\/partenaire-my-laser-tabac.png\" \/>\n\t<meta property=\"og:image:width\" content=\"465\" \/>\n\t<meta property=\"og:image:height\" content=\"700\" \/>\n\t<meta property=\"og:image:type\" content=\"image\/png\" \/>\n<meta name=\"author\" content=\"Florian Fortes\" \/>\n<meta name=\"twitter:card\" content=\"summary_large_image\" \/>\n<meta name=\"twitter:label1\" content=\"Escrit per\" \/>\n\t<meta name=\"twitter:data1\" content=\"Florian Fortes\" \/>\n\t<meta name=\"twitter:label2\" content=\"Temps estimat de lectura\" \/>\n\t<meta name=\"twitter:data2\" content=\"5 minuts\" \/>\n<script type=\"application\/ld+json\" class=\"yoast-schema-graph\">{\"@context\":\"https:\\\/\\\/schema.org\",\"@graph\":[{\"@type\":\"Article\",\"@id\":\"https:\\\/\\\/www.mylasertabac.com\\\/ca\\\/uneix-te-a-la-franquicia-laser-anti-tabac-i-beneficiat-dun-concepte-clau-en-ma-rendible-2\\\/#article\",\"isPartOf\":{\"@id\":\"https:\\\/\\\/www.mylasertabac.com\\\/ca\\\/uneix-te-a-la-franquicia-laser-anti-tabac-i-beneficiat-dun-concepte-clau-en-ma-rendible-2\\\/\"},\"author\":{\"name\":\"Florian Fortes\",\"@id\":\"https:\\\/\\\/www.mylasertabac.com\\\/ca\\\/#\\\/schema\\\/person\\\/02c249cb76d912efb6c315ec23eccdf3\"},\"headline\":\"Uneix-te a la franqu\u00edcia l\u00e0ser Anti-Tabac i beneficia&#8217;t d&#8217;un concepte clau en m\u00e0 rendible\",\"datePublished\":\"2025-02-24T10:34:48+00:00\",\"dateModified\":\"2025-02-24T11:32:55+00:00\",\"mainEntityOfPage\":{\"@id\":\"https:\\\/\\\/www.mylasertabac.com\\\/ca\\\/uneix-te-a-la-franquicia-laser-anti-tabac-i-beneficiat-dun-concepte-clau-en-ma-rendible-2\\\/\"},\"wordCount\":943,\"publisher\":{\"@id\":\"https:\\\/\\\/www.mylasertabac.com\\\/ca\\\/#organization\"},\"image\":{\"@id\":\"https:\\\/\\\/www.mylasertabac.com\\\/ca\\\/uneix-te-a-la-franquicia-laser-anti-tabac-i-beneficiat-dun-concepte-clau-en-ma-rendible-2\\\/#primaryimage\"},\"thumbnailUrl\":\"https:\\\/\\\/www.mylasertabac.com\\\/wp-content\\\/uploads\\\/2024\\\/12\\\/partenaire-my-laser-tabac.png\",\"articleSection\":[\"Uncategorized @ca\"],\"inLanguage\":\"ca\"},{\"@type\":\"WebPage\",\"@id\":\"https:\\\/\\\/www.mylasertabac.com\\\/ca\\\/uneix-te-a-la-franquicia-laser-anti-tabac-i-beneficiat-dun-concepte-clau-en-ma-rendible-2\\\/\",\"url\":\"https:\\\/\\\/www.mylasertabac.com\\\/ca\\\/uneix-te-a-la-franquicia-laser-anti-tabac-i-beneficiat-dun-concepte-clau-en-ma-rendible-2\\\/\",\"name\":\"Converteix-te en franquiciat de Mylasertabac i obre el teu centre l\u00e0ser antitabac\",\"isPartOf\":{\"@id\":\"https:\\\/\\\/www.mylasertabac.com\\\/ca\\\/#website\"},\"primaryImageOfPage\":{\"@id\":\"https:\\\/\\\/www.mylasertabac.com\\\/ca\\\/uneix-te-a-la-franquicia-laser-anti-tabac-i-beneficiat-dun-concepte-clau-en-ma-rendible-2\\\/#primaryimage\"},\"image\":{\"@id\":\"https:\\\/\\\/www.mylasertabac.com\\\/ca\\\/uneix-te-a-la-franquicia-laser-anti-tabac-i-beneficiat-dun-concepte-clau-en-ma-rendible-2\\\/#primaryimage\"},\"thumbnailUrl\":\"https:\\\/\\\/www.mylasertabac.com\\\/wp-content\\\/uploads\\\/2024\\\/12\\\/partenaire-my-laser-tabac.png\",\"datePublished\":\"2025-02-24T10:34:48+00:00\",\"dateModified\":\"2025-02-24T11:32:55+00:00\",\"description\":\"Obre el teu centre l\u00e0ser antitabac amb un concepte clau en m\u00e0, formaci\u00f3 integral i mercat en creixement.\",\"breadcrumb\":{\"@id\":\"https:\\\/\\\/www.mylasertabac.com\\\/ca\\\/uneix-te-a-la-franquicia-laser-anti-tabac-i-beneficiat-dun-concepte-clau-en-ma-rendible-2\\\/#breadcrumb\"},\"inLanguage\":\"ca\",\"potentialAction\":[{\"@type\":\"ReadAction\",\"target\":[\"https:\\\/\\\/www.mylasertabac.com\\\/ca\\\/uneix-te-a-la-franquicia-laser-anti-tabac-i-beneficiat-dun-concepte-clau-en-ma-rendible-2\\\/\"]}]},{\"@type\":\"ImageObject\",\"inLanguage\":\"ca\",\"@id\":\"https:\\\/\\\/www.mylasertabac.com\\\/ca\\\/uneix-te-a-la-franquicia-laser-anti-tabac-i-beneficiat-dun-concepte-clau-en-ma-rendible-2\\\/#primaryimage\",\"url\":\"https:\\\/\\\/www.mylasertabac.com\\\/wp-content\\\/uploads\\\/2024\\\/12\\\/partenaire-my-laser-tabac.png\",\"contentUrl\":\"https:\\\/\\\/www.mylasertabac.com\\\/wp-content\\\/uploads\\\/2024\\\/12\\\/partenaire-my-laser-tabac.png\",\"width\":465,\"height\":700},{\"@type\":\"BreadcrumbList\",\"@id\":\"https:\\\/\\\/www.mylasertabac.com\\\/ca\\\/uneix-te-a-la-franquicia-laser-anti-tabac-i-beneficiat-dun-concepte-clau-en-ma-rendible-2\\\/#breadcrumb\",\"itemListElement\":[{\"@type\":\"ListItem\",\"position\":1,\"name\":\"Accueil\",\"item\":\"https:\\\/\\\/www.mylasertabac.com\\\/ca\\\/benvingut\\\/\"},{\"@type\":\"ListItem\",\"position\":2,\"name\":\"Uneix-te a la franqu\u00edcia l\u00e0ser Anti-Tabac i beneficia&rsquo;t d&rsquo;un concepte clau en m\u00e0 rendible\"}]},{\"@type\":\"WebSite\",\"@id\":\"https:\\\/\\\/www.mylasertabac.com\\\/ca\\\/#website\",\"url\":\"https:\\\/\\\/www.mylasertabac.com\\\/ca\\\/\",\"name\":\"My Laser Tabac\",\"description\":\"La solution laser qui transforme les fumeurs en ex-fumeurs\",\"publisher\":{\"@id\":\"https:\\\/\\\/www.mylasertabac.com\\\/ca\\\/#organization\"},\"potentialAction\":[{\"@type\":\"SearchAction\",\"target\":{\"@type\":\"EntryPoint\",\"urlTemplate\":\"https:\\\/\\\/www.mylasertabac.com\\\/ca\\\/?s={search_term_string}\"},\"query-input\":{\"@type\":\"PropertyValueSpecification\",\"valueRequired\":true,\"valueName\":\"search_term_string\"}}],\"inLanguage\":\"ca\"},{\"@type\":\"Organization\",\"@id\":\"https:\\\/\\\/www.mylasertabac.com\\\/ca\\\/#organization\",\"name\":\"My Laser Tabac\",\"url\":\"https:\\\/\\\/www.mylasertabac.com\\\/ca\\\/\",\"logo\":{\"@type\":\"ImageObject\",\"inLanguage\":\"ca\",\"@id\":\"https:\\\/\\\/www.mylasertabac.com\\\/ca\\\/#\\\/schema\\\/logo\\\/image\\\/\",\"url\":\"https:\\\/\\\/www.mylasertabac.com\\\/wp-content\\\/uploads\\\/2024\\\/12\\\/mlt-verteau.svg\",\"contentUrl\":\"https:\\\/\\\/www.mylasertabac.com\\\/wp-content\\\/uploads\\\/2024\\\/12\\\/mlt-verteau.svg\",\"caption\":\"My Laser Tabac\"},\"image\":{\"@id\":\"https:\\\/\\\/www.mylasertabac.com\\\/ca\\\/#\\\/schema\\\/logo\\\/image\\\/\"}},{\"@type\":\"Person\",\"@id\":\"https:\\\/\\\/www.mylasertabac.com\\\/ca\\\/#\\\/schema\\\/person\\\/02c249cb76d912efb6c315ec23eccdf3\",\"name\":\"Florian Fortes\",\"image\":{\"@type\":\"ImageObject\",\"inLanguage\":\"ca\",\"@id\":\"https:\\\/\\\/www.mylasertabac.com\\\/wp-content\\\/litespeed\\\/avatar\\\/142101a71d7b9e6490c1120d9c109a67.jpg?ver=1776856306\",\"url\":\"https:\\\/\\\/www.mylasertabac.com\\\/wp-content\\\/litespeed\\\/avatar\\\/142101a71d7b9e6490c1120d9c109a67.jpg?ver=1776856306\",\"contentUrl\":\"https:\\\/\\\/www.mylasertabac.com\\\/wp-content\\\/litespeed\\\/avatar\\\/142101a71d7b9e6490c1120d9c109a67.jpg?ver=1776856306\",\"caption\":\"Florian Fortes\"},\"sameAs\":[\"https:\\\/\\\/www.mylasertabac.com\",\"https:\\\/\\\/www.facebook.com\\\/profile.php?id=61571554707319\"],\"url\":\"https:\\\/\\\/www.mylasertabac.com\\\/ca\\\/author\\\/florianfortes5312\\\/\"}]}<\/script>\n<!-- \/ Yoast SEO plugin. -->","yoast_head_json":{"title":"Converteix-te en franquiciat de Mylasertabac i obre el teu centre l\u00e0ser antitabac","description":"Obre el teu centre l\u00e0ser antitabac amb un concepte clau en m\u00e0, formaci\u00f3 integral i mercat en creixement.","robots":{"index":"index","follow":"follow","max-snippet":"max-snippet:-1","max-image-preview":"max-image-preview:large","max-video-preview":"max-video-preview:-1"},"canonical":"https:\/\/www.mylasertabac.com\/ca\/uneix-te-a-la-franquicia-laser-anti-tabac-i-beneficiat-dun-concepte-clau-en-ma-rendible-2\/","og_locale":"ca_ES","og_type":"article","og_title":"Converteix-te en franquiciat de Mylasertabac i obre el teu centre l\u00e0ser antitabac","og_description":"Obre el teu centre l\u00e0ser antitabac amb un concepte clau en m\u00e0, formaci\u00f3 integral i mercat en creixement.","og_url":"https:\/\/www.mylasertabac.com\/ca\/uneix-te-a-la-franquicia-laser-anti-tabac-i-beneficiat-dun-concepte-clau-en-ma-rendible-2\/","og_site_name":"My Laser Tabac","article_author":"https:\/\/www.facebook.com\/profile.php?id=61571554707319","article_published_time":"2025-02-24T10:34:48+00:00","article_modified_time":"2025-02-24T11:32:55+00:00","og_image":[{"width":465,"height":700,"url":"https:\/\/www.mylasertabac.com\/wp-content\/uploads\/2024\/12\/partenaire-my-laser-tabac.png","type":"image\/png"}],"author":"Florian Fortes","twitter_card":"summary_large_image","twitter_misc":{"Escrit per":"Florian Fortes","Temps estimat de lectura":"5 minuts"},"schema":{"@context":"https:\/\/schema.org","@graph":[{"@type":"Article","@id":"https:\/\/www.mylasertabac.com\/ca\/uneix-te-a-la-franquicia-laser-anti-tabac-i-beneficiat-dun-concepte-clau-en-ma-rendible-2\/#article","isPartOf":{"@id":"https:\/\/www.mylasertabac.com\/ca\/uneix-te-a-la-franquicia-laser-anti-tabac-i-beneficiat-dun-concepte-clau-en-ma-rendible-2\/"},"author":{"name":"Florian Fortes","@id":"https:\/\/www.mylasertabac.com\/ca\/#\/schema\/person\/02c249cb76d912efb6c315ec23eccdf3"},"headline":"Uneix-te a la franqu\u00edcia l\u00e0ser Anti-Tabac i beneficia&#8217;t d&#8217;un concepte clau en m\u00e0 rendible","datePublished":"2025-02-24T10:34:48+00:00","dateModified":"2025-02-24T11:32:55+00:00","mainEntityOfPage":{"@id":"https:\/\/www.mylasertabac.com\/ca\/uneix-te-a-la-franquicia-laser-anti-tabac-i-beneficiat-dun-concepte-clau-en-ma-rendible-2\/"},"wordCount":943,"publisher":{"@id":"https:\/\/www.mylasertabac.com\/ca\/#organization"},"image":{"@id":"https:\/\/www.mylasertabac.com\/ca\/uneix-te-a-la-franquicia-laser-anti-tabac-i-beneficiat-dun-concepte-clau-en-ma-rendible-2\/#primaryimage"},"thumbnailUrl":"https:\/\/www.mylasertabac.com\/wp-content\/uploads\/2024\/12\/partenaire-my-laser-tabac.png","articleSection":["Uncategorized @ca"],"inLanguage":"ca"},{"@type":"WebPage","@id":"https:\/\/www.mylasertabac.com\/ca\/uneix-te-a-la-franquicia-laser-anti-tabac-i-beneficiat-dun-concepte-clau-en-ma-rendible-2\/","url":"https:\/\/www.mylasertabac.com\/ca\/uneix-te-a-la-franquicia-laser-anti-tabac-i-beneficiat-dun-concepte-clau-en-ma-rendible-2\/","name":"Converteix-te en franquiciat de Mylasertabac i obre el teu centre l\u00e0ser antitabac","isPartOf":{"@id":"https:\/\/www.mylasertabac.com\/ca\/#website"},"primaryImageOfPage":{"@id":"https:\/\/www.mylasertabac.com\/ca\/uneix-te-a-la-franquicia-laser-anti-tabac-i-beneficiat-dun-concepte-clau-en-ma-rendible-2\/#primaryimage"},"image":{"@id":"https:\/\/www.mylasertabac.com\/ca\/uneix-te-a-la-franquicia-laser-anti-tabac-i-beneficiat-dun-concepte-clau-en-ma-rendible-2\/#primaryimage"},"thumbnailUrl":"https:\/\/www.mylasertabac.com\/wp-content\/uploads\/2024\/12\/partenaire-my-laser-tabac.png","datePublished":"2025-02-24T10:34:48+00:00","dateModified":"2025-02-24T11:32:55+00:00","description":"Obre el teu centre l\u00e0ser antitabac amb un concepte clau en m\u00e0, formaci\u00f3 integral i mercat en creixement.","breadcrumb":{"@id":"https:\/\/www.mylasertabac.com\/ca\/uneix-te-a-la-franquicia-laser-anti-tabac-i-beneficiat-dun-concepte-clau-en-ma-rendible-2\/#breadcrumb"},"inLanguage":"ca","potentialAction":[{"@type":"ReadAction","target":["https:\/\/www.mylasertabac.com\/ca\/uneix-te-a-la-franquicia-laser-anti-tabac-i-beneficiat-dun-concepte-clau-en-ma-rendible-2\/"]}]},{"@type":"ImageObject","inLanguage":"ca","@id":"https:\/\/www.mylasertabac.com\/ca\/uneix-te-a-la-franquicia-laser-anti-tabac-i-beneficiat-dun-concepte-clau-en-ma-rendible-2\/#primaryimage","url":"https:\/\/www.mylasertabac.com\/wp-content\/uploads\/2024\/12\/partenaire-my-laser-tabac.png","contentUrl":"https:\/\/www.mylasertabac.com\/wp-content\/uploads\/2024\/12\/partenaire-my-laser-tabac.png","width":465,"height":700},{"@type":"BreadcrumbList","@id":"https:\/\/www.mylasertabac.com\/ca\/uneix-te-a-la-franquicia-laser-anti-tabac-i-beneficiat-dun-concepte-clau-en-ma-rendible-2\/#breadcrumb","itemListElement":[{"@type":"ListItem","position":1,"name":"Accueil","item":"https:\/\/www.mylasertabac.com\/ca\/benvingut\/"},{"@type":"ListItem","position":2,"name":"Uneix-te a la franqu\u00edcia l\u00e0ser Anti-Tabac i beneficia&rsquo;t d&rsquo;un concepte clau en m\u00e0 rendible"}]},{"@type":"WebSite","@id":"https:\/\/www.mylasertabac.com\/ca\/#website","url":"https:\/\/www.mylasertabac.com\/ca\/","name":"My Laser Tabac","description":"La solution laser qui transforme les fumeurs en ex-fumeurs","publisher":{"@id":"https:\/\/www.mylasertabac.com\/ca\/#organization"},"potentialAction":[{"@type":"SearchAction","target":{"@type":"EntryPoint","urlTemplate":"https:\/\/www.mylasertabac.com\/ca\/?s={search_term_string}"},"query-input":{"@type":"PropertyValueSpecification","valueRequired":true,"valueName":"search_term_string"}}],"inLanguage":"ca"},{"@type":"Organization","@id":"https:\/\/www.mylasertabac.com\/ca\/#organization","name":"My Laser Tabac","url":"https:\/\/www.mylasertabac.com\/ca\/","logo":{"@type":"ImageObject","inLanguage":"ca","@id":"https:\/\/www.mylasertabac.com\/ca\/#\/schema\/logo\/image\/","url":"https:\/\/www.mylasertabac.com\/wp-content\/uploads\/2024\/12\/mlt-verteau.svg","contentUrl":"https:\/\/www.mylasertabac.com\/wp-content\/uploads\/2024\/12\/mlt-verteau.svg","caption":"My Laser Tabac"},"image":{"@id":"https:\/\/www.mylasertabac.com\/ca\/#\/schema\/logo\/image\/"}},{"@type":"Person","@id":"https:\/\/www.mylasertabac.com\/ca\/#\/schema\/person\/02c249cb76d912efb6c315ec23eccdf3","name":"Florian Fortes","image":{"@type":"ImageObject","inLanguage":"ca","@id":"https:\/\/www.mylasertabac.com\/wp-content\/litespeed\/avatar\/142101a71d7b9e6490c1120d9c109a67.jpg?ver=1776856306","url":"https:\/\/www.mylasertabac.com\/wp-content\/litespeed\/avatar\/142101a71d7b9e6490c1120d9c109a67.jpg?ver=1776856306","contentUrl":"https:\/\/www.mylasertabac.com\/wp-content\/litespeed\/avatar\/142101a71d7b9e6490c1120d9c109a67.jpg?ver=1776856306","caption":"Florian Fortes"},"sameAs":["https:\/\/www.mylasertabac.com","https:\/\/www.facebook.com\/profile.php?id=61571554707319"],"url":"https:\/\/www.mylasertabac.com\/ca\/author\/florianfortes5312\/"}]}},"_links":{"self":[{"href":"https:\/\/www.mylasertabac.com\/ca\/wp-json\/wp\/v2\/posts\/4350","targetHints":{"allow":["GET"]}}],"collection":[{"href":"https:\/\/www.mylasertabac.com\/ca\/wp-json\/wp\/v2\/posts"}],"about":[{"href":"https:\/\/www.mylasertabac.com\/ca\/wp-json\/wp\/v2\/types\/post"}],"author":[{"embeddable":true,"href":"https:\/\/www.mylasertabac.com\/ca\/wp-json\/wp\/v2\/users\/2"}],"replies":[{"embeddable":true,"href":"https:\/\/www.mylasertabac.com\/ca\/wp-json\/wp\/v2\/comments?post=4350"}],"version-history":[{"count":8,"href":"https:\/\/www.mylasertabac.com\/ca\/wp-json\/wp\/v2\/posts\/4350\/revisions"}],"predecessor-version":[{"id":4412,"href":"https:\/\/www.mylasertabac.com\/ca\/wp-json\/wp\/v2\/posts\/4350\/revisions\/4412"}],"wp:featuredmedia":[{"embeddable":true,"href":"https:\/\/www.mylasertabac.com\/ca\/wp-json\/wp\/v2\/media\/1755"}],"wp:attachment":[{"href":"https:\/\/www.mylasertabac.com\/ca\/wp-json\/wp\/v2\/media?parent=4350"}],"wp:term":[{"taxonomy":"category","embeddable":true,"href":"https:\/\/www.mylasertabac.com\/ca\/wp-json\/wp\/v2\/categories?post=4350"},{"taxonomy":"post_tag","embeddable":true,"href":"https:\/\/www.mylasertabac.com\/ca\/wp-json\/wp\/v2\/tags?post=4350"}],"curies":[{"name":"wp","href":"https:\/\/api.w.org\/{rel}","templated":true}]}}