{"id":4671,"date":"2025-02-25T10:28:44","date_gmt":"2025-02-25T09:28:44","guid":{"rendered":"https:\/\/www.mylasertabac.com\/el-paper-clau-dels-punts-de-loida-en-la-regulacio-hormonal-i-la-digestio\/"},"modified":"2025-02-27T20:49:36","modified_gmt":"2025-02-27T19:49:36","slug":"el-paper-clau-dels-punts-de-loida-en-la-regulacio-hormonal-i-la-digestio","status":"publish","type":"post","link":"https:\/\/www.mylasertabac.com\/ca\/el-paper-clau-dels-punts-de-loida-en-la-regulacio-hormonal-i-la-digestio\/","title":{"rendered":"El paper clau dels punts de l&#8217;o\u00efda en la regulaci\u00f3 hormonal i la digesti\u00f3"},"content":{"rendered":"\n<div style=\"height:21px\" aria-hidden=\"true\" class=\"wp-block-spacer\"><\/div>\n\n<h2 class=\"wp-block-heading\"><strong>L&#8217;orella, un centre regulador insospitat?<\/strong><\/h2>\n\n<div style=\"height:21px\" aria-hidden=\"true\" class=\"wp-block-spacer\"><\/div>\n\n<p>El <strong>cos hum\u00e0 funciona mitjan\u00e7ant una regulaci\u00f3 precisa de les hormones i del sistema digestiu<\/strong> . Quan es produeix un desequilibri hormonal, pot provocar <strong>un augment de pes, trastorns metab\u00f2lics, canvis d&#8217;humor o fins i tot una digesti\u00f3 dif\u00edcil<\/strong> . Cada cop s\u00f3n m\u00e9s les persones que busquen solucions naturals per millorar el seu benestar i facilitar l&#8217;equilibri del seu cos. Entre aquests m\u00e8todes, <strong>l&#8217;auriculoter\u00e0pia amb l\u00e0ser<\/strong> est\u00e0 despertant un inter\u00e8s creixent.   <\/p>\n\n<div style=\"height:21px\" aria-hidden=\"true\" class=\"wp-block-spacer\"><\/div>\n\n<p><strong>L&#8217;auriculoter\u00e0pia amb l\u00e0ser no \u00e9s una branca de la medicina tradicional xinesa<\/strong> , sin\u00f3 un <strong>derivat basat en els principis de l&#8217;estimulaci\u00f3 del punt auricular<\/strong> , desenvolupat a Fran\u00e7a a la d\u00e8cada de 1950 pel doctor Paul Nogier. A difer\u00e8ncia d&#8217;algunes pr\u00e0ctiques m\u00e8diques, <strong>no requereix un t\u00edtol de metge<\/strong> , per\u00f2 s\u00ed que requereix <strong>una formaci\u00f3 espec\u00edfica per practicar correctament<\/strong> . El seu principi es basa en l&#8217; <strong>estimulaci\u00f3 indolora de punts concrets situats a l&#8217;o\u00efda externa<\/strong> , que estan vinculats a diferents \u00f2rgans i funcions corporals.  <\/p>\n\n<div style=\"height:21px\" aria-hidden=\"true\" class=\"wp-block-spacer\"><\/div>\n\n<p>Tot i que aquest enfocament \u00e9s reconegut per la seva <strong>efic\u00e0cia en el suport a deixar de fumar<\/strong> , tamb\u00e9 s&#8217;utilitza per <strong>regular la gana, limitar l&#8217;alimentaci\u00f3 compulsiva i millorar el funcionament digestiu<\/strong> . No obstant aix\u00f2, \u00e9s <strong>essencial recordar que aquest m\u00e8tode no substitueix la vigil\u00e0ncia m\u00e8dica<\/strong> . En cas de <strong>trastorns hormonals greus o patologies digestives importants<\/strong> , cal consultar un <strong>metge o especialista<\/strong> abans de rec\u00f3rrer a <strong>l&#8217;auriculoter\u00e0pia amb l\u00e0ser<\/strong> .  <\/p>\n\n<div style=\"height:21px\" aria-hidden=\"true\" class=\"wp-block-spacer\"><\/div>\n\n<h2 class=\"wp-block-heading\"><strong>Qu\u00e8 s\u00f3n els punts auditius i com es relacionen amb el cos?<\/strong><\/h2>\n\n<div style=\"height:21px\" aria-hidden=\"true\" class=\"wp-block-spacer\"><\/div>\n\n<h3 class=\"wp-block-heading\"><strong>Un mapa detallat de l&#8217;o\u00efda i la seva interacci\u00f3 amb el cos<\/strong><\/h3>\n\n<div style=\"height:21px\" aria-hidden=\"true\" class=\"wp-block-spacer\"><\/div>\n\n<p><strong>L&#8217;auriculoter\u00e0pia l\u00e0ser<\/strong> es basa en un cartografia prec\u00eds de l&#8217;o\u00efda, on cada punt <strong>correspon a un \u00f2rgan o funci\u00f3 espec\u00edfics<\/strong> . Aquest enfocament es basa en una teoria segons la qual <strong>l&#8217;o\u00efda \u00e9s una zona reflexa del cos hum\u00e0<\/strong> , que serveix d&#8217;interf\u00edcie entre el sistema nervi\u00f3s i els diferents \u00f2rgans. <\/p>\n\n<div style=\"height:21px\" aria-hidden=\"true\" class=\"wp-block-spacer\"><\/div>\n\n<p>Aquests <strong>punts de l&#8217;o\u00efda<\/strong> envien <strong>senyals al cervell<\/strong> , que poden influir en determinats processos fisiol\u00f2gics, com ara <strong>la producci\u00f3 d&#8217;hormones i la digesti\u00f3<\/strong> . <strong>L&#8217;estimulaci\u00f3 suau d&#8217;aquests punts<\/strong> ajudaria aix\u00ed l&#8217;organisme a recuperar un equilibri natural, en particular regulant els trastorns relacionats amb <strong>el metabolisme i les funcions digestives<\/strong> . <\/p>\n\n<div style=\"height:21px\" aria-hidden=\"true\" class=\"wp-block-spacer\"><\/div>\n\n<p>Un practicant format en <strong>auriculoter\u00e0pia l\u00e0ser<\/strong> sap <strong>identificar i orientar punts concrets<\/strong> corresponents a les necessitats del pacient. L&#8217;estimulaci\u00f3 \u00e9s <strong>indolora i no t\u00e9 efectes secundaris<\/strong> , per la qual cosa \u00e9s un <strong>m\u00e8tode suau i accessible<\/strong> per a persones que busquen suport sense restriccions invasives. <\/p>\n\n<div style=\"height:21px\" aria-hidden=\"true\" class=\"wp-block-spacer\"><\/div>\n\n<figure class=\"wp-block-image alignleft size-full is-resized\"><img fetchpriority=\"high\" decoding=\"async\" width=\"1024\" height=\"1024\" src=\"https:\/\/www.mylasertabac.com\/wp-content\/uploads\/2025\/02\/pointauriculoterapie-.png\" alt=\"\" class=\"wp-image-3925\" style=\"width:461px;height:auto\" srcset=\"https:\/\/www.mylasertabac.com\/wp-content\/uploads\/2025\/02\/pointauriculoterapie-.png 1024w, https:\/\/www.mylasertabac.com\/wp-content\/uploads\/2025\/02\/pointauriculoterapie--300x300.png 300w, https:\/\/www.mylasertabac.com\/wp-content\/uploads\/2025\/02\/pointauriculoterapie--150x150.png 150w, https:\/\/www.mylasertabac.com\/wp-content\/uploads\/2025\/02\/pointauriculoterapie--768x768.png 768w\" sizes=\"(max-width: 1024px) 100vw, 1024px\" \/><\/figure>\n\n<h3 class=\"wp-block-heading\"><strong>Els vincles entre els punts de l&#8217;o\u00efda i el sistema nervi\u00f3s<\/strong><\/h3>\n\n<p><\/p>\n\n<p>L&#8217;o\u00efda est\u00e0 connectada directament amb <strong>els nervis cranials<\/strong> , incl\u00f2s el <strong>nervi vag<\/strong> , una part clau del <strong>sistema nervi\u00f3s aut\u00f2nom<\/strong> , que regula les funcions vitals com <strong>la digesti\u00f3, la circulaci\u00f3 sangu\u00ednia i la resposta hormonal<\/strong> . <strong>L&#8217;estimulaci\u00f3 dirigida<\/strong> de determinades zones de l&#8217;o\u00efda pot influir en aquestes <strong>vies nervioses<\/strong> , ajudant a regular les funcions essencials del cos. <\/p>\n\n<p>Alguns <strong>estudis<\/strong> han demostrat que estimular aquests nervis pot tenir <strong>efectes positius<\/strong> en el control del dolor i l&#8217;equilibri hormonal. Tot i que <strong>els resultats varien entre els individus<\/strong> , aquest enfocament s&#8217;est\u00e0 explorant cada cop m\u00e9s com a <strong>suport potencial als tractaments m\u00e8dics convencionals<\/strong> . <\/p>\n\n<div style=\"height:49px\" aria-hidden=\"true\" class=\"wp-block-spacer\"><\/div>\n\n<h2 class=\"wp-block-heading\"><strong>Com influeixen els punts de les orelles en la regulaci\u00f3 hormonal?<\/strong><\/h2>\n\n<div style=\"height:21px\" aria-hidden=\"true\" class=\"wp-block-spacer\"><\/div>\n\n<h3 class=\"wp-block-heading\"><strong>Equilibra les hormones de l&#8217;estr\u00e8s i el metabolisme<\/strong><\/h3>\n\n<div style=\"height:21px\" aria-hidden=\"true\" class=\"wp-block-spacer\"><\/div>\n\n<p>El <strong>sistema hormonal<\/strong> \u00e9s un element clau en l&#8217;equilibri del cos. T\u00e9 un paper important en <strong>la gesti\u00f3 de les emocions, l&#8217;energia, la gana i el metabolisme<\/strong> . Quan s&#8217;interromp, pot provocar <strong>desequilibris<\/strong> que afecten <strong>l&#8217;augment de pes, la digesti\u00f3, el son i l&#8217;estat emocional<\/strong> . L&#8217;estr\u00e8s, en particular, actua directament sobre la producci\u00f3 d&#8217;hormones, provocant <strong>reaccions en cadena<\/strong> que alteren el funcionament del cos.   <\/p>\n\n<div style=\"height:21px\" aria-hidden=\"true\" class=\"wp-block-spacer\"><\/div>\n\n<p><strong>L&#8217;auriculoter\u00e0pia l\u00e0ser<\/strong> , mitjan\u00e7ant l&#8217;estimulaci\u00f3 de <strong>punts espec\u00edfics localitzats a l&#8217;o\u00efda<\/strong> , podria ajudar <strong>a reduir els efectes negatius d&#8217;aquestes alteracions hormonals<\/strong> enviant senyals als centres nerviosos implicats en la regulaci\u00f3 del <strong>metabolisme i les respostes a l&#8217;estr\u00e8s<\/strong> . Aquesta t\u00e8cnica permetria aix\u00ed <strong>harmonitzar determinades secrecions hormonals<\/strong> i donar suport a les <strong>gl\u00e0ndules endocrines<\/strong> , responsables de la producci\u00f3 d&#8217;aquestes hormones essencials. <\/p>\n\n<div style=\"height:21px\" aria-hidden=\"true\" class=\"wp-block-spacer\"><\/div>\n\n<h3 class=\"wp-block-heading\"><strong>La relaci\u00f3 entre cortisol i guany de pes<\/strong><\/h3>\n\n<div style=\"height:21px\" aria-hidden=\"true\" class=\"wp-block-spacer\"><\/div>\n\n<p><strong>El cortisol<\/strong> , sovint anomenat <strong>hormona de l&#8217;estr\u00e8s<\/strong> , \u00e9s secretat per les <strong>gl\u00e0ndules suprarenals<\/strong> en resposta a una situaci\u00f3 percebuda com a estressant. La seva funci\u00f3 \u00e9s preparar l&#8217;organisme per reaccionar mobilitzant r\u00e0pidament <strong>l&#8217;energia emmagatzemada<\/strong> , en particular augmentant el nivell de <strong>glucosa a la sang<\/strong> . A curt termini, aquesta reacci\u00f3 \u00e9s beneficiosa, per\u00f2 en casos d&#8217;estr\u00e8s cr\u00f2nic, l&#8217;exc\u00e9s de cortisol pot provocar:  <\/p>\n\n<div style=\"height:21px\" aria-hidden=\"true\" class=\"wp-block-spacer\"><\/div>\n\n<ul class=\"wp-block-list\">\n<li><strong>Augment de la gana i desitjos de sucre<\/strong> , afavorint l&#8217;augment de pes.<\/li>\n\n\n\n<li><strong>Augment de l&#8217;emmagatzematge de greix<\/strong> , especialment a la zona abdominal.<\/li>\n\n\n\n<li><strong>Disminuci\u00f3 de la sensibilitat a la insulina<\/strong> , que pot alterar el metabolisme i promoure l&#8217;augment de pes.<\/li>\n<\/ul>\n\n<div style=\"height:21px\" aria-hidden=\"true\" class=\"wp-block-spacer\"><\/div>\n\n<p>L&#8217;estimulaci\u00f3 dels <strong>punts auriculars<\/strong> vinculats al sistema nervi\u00f3s aut\u00f2nom podria tenir un <strong>efecte regulador de la secreci\u00f3 de cortisol<\/strong> , ajudant aix\u00ed a reduir els excessos d&#8217;aquesta hormona i els seus efectes indesitjables. Algunes persones informen d&#8217;una <strong>millora en la seva sensaci\u00f3 de calma i una reducci\u00f3 dels desitjos compulsius<\/strong> , que indirectament els poden ajudar a controlar millor el seu pes i menjar. <\/p>\n\n<div style=\"height:21px\" aria-hidden=\"true\" class=\"wp-block-spacer\"><\/div>\n\n<h3 class=\"wp-block-heading\"><strong>L&#8217;impacte de les hormones tiro\u00efdals en el metabolisme<\/strong><\/h3>\n\n<div style=\"height:21px\" aria-hidden=\"true\" class=\"wp-block-spacer\"><\/div>\n\n<p>La <strong>tiroide<\/strong> t\u00e9 un paper central en el <strong>control del metabolisme energ\u00e8tic<\/strong> . <strong>Les hormones tiro\u00efdals (T3 i T4)<\/strong> influeixen directament en com el cos <strong>crema calories, regula la temperatura corporal i utilitza energia<\/strong> . Un desequilibri de la tiroide pot causar <strong>problemes de pes<\/strong> , <strong>fatiga severa<\/strong> i <strong>problemes digestius<\/strong> .  <\/p>\n\n<div style=\"height:21px\" aria-hidden=\"true\" class=\"wp-block-spacer\"><\/div>\n\n<p><strong>L&#8217;auriculoter\u00e0pia l\u00e0ser<\/strong> es podria utilitzar com a <strong>suport complementari<\/strong> per ajudar el cos a recuperar l&#8217;equilibri energ\u00e8tic. En estimular punts relacionats amb les funcions endocrines, aquest m\u00e8tode podria promoure <strong>una millor comunicaci\u00f3 entre el cervell i les gl\u00e0ndules tiroides<\/strong> , contribuint aix\u00ed al <strong>funcionament \u00f2ptim del metabolisme<\/strong> . <\/p>\n\n<div style=\"height:21px\" aria-hidden=\"true\" class=\"wp-block-spacer\"><\/div>\n\n<p>Tanmateix, \u00e9s <strong>imprescindible precisar que l&#8217;auriculoter\u00e0pia l\u00e0ser no substitueix de cap manera el tractament m\u00e8dic<\/strong> . En cas de <strong>disfunci\u00f3 tiro\u00efdal<\/strong> , una <strong>consulta m\u00e8dica i les an\u00e0lisis adequades<\/strong> segueixen sent essencials per fer un <strong>diagn\u00f2stic prec\u00eds<\/strong> i posar en pr\u00e0ctica el tractament adequat. <\/p>\n\n<div style=\"height:21px\" aria-hidden=\"true\" class=\"wp-block-spacer\"><\/div>\n\n<h3 class=\"wp-block-heading\"><strong>La serotonina i el seu paper en la regulaci\u00f3 del comportament alimentari<\/strong><\/h3>\n\n<div style=\"height:21px\" aria-hidden=\"true\" class=\"wp-block-spacer\"><\/div>\n\n<p><strong>La serotonina<\/strong> , sobrenomenada <strong>l&#8217;hormona del benestar<\/strong> , influeix en <strong>l&#8217;estat d&#8217;\u00e0nim, la gesti\u00f3 de la gana i la digesti\u00f3<\/strong> . La baixa producci\u00f3 de serotonina pot provocar: <\/p>\n\n<ul class=\"wp-block-list\">\n<li><strong>Augment del desig de sucre i greix<\/strong> .<\/li>\n\n\n\n<li><strong>Trastorns del son<\/strong> , que poden empitjorar els desequilibris metab\u00f2lics.<\/li>\n\n\n\n<li>Un <strong>estat de cansament i una caiguda de la motivaci\u00f3<\/strong> , dificultant l&#8217;adopci\u00f3 d&#8217;un estil de vida saludable.<\/li>\n<\/ul>\n\n<div style=\"height:21px\" aria-hidden=\"true\" class=\"wp-block-spacer\"><\/div>\n\n<p>En estimular els <strong>punts de l&#8217;o\u00efda implicats en la regulaci\u00f3 d&#8217;aquesta hormona<\/strong> , <strong>l&#8217;auriculoter\u00e0pia amb l\u00e0ser<\/strong> pot promoure <strong>una millor producci\u00f3 de serotonina<\/strong> , ajudant a <strong>reduir els desitjos emocionals i millorar l&#8217;estat d&#8217;\u00e0nim<\/strong> . Algunes persones que han provat aquest enfocament informen d&#8217;un <strong>augment de la sensaci\u00f3 de benestar<\/strong> i una <strong>reducci\u00f3 dels seus desitjos alimentaris incontrolables<\/strong> . <\/p>\n\n<div style=\"height:21px\" aria-hidden=\"true\" class=\"wp-block-spacer\"><\/div>\n\n<h3 class=\"wp-block-heading\"><strong>Influ\u00e8ncia en la regulaci\u00f3 dels cicles hormonals<\/strong><\/h3>\n\n<div style=\"height:21px\" aria-hidden=\"true\" class=\"wp-block-spacer\"><\/div>\n\n<p><strong>Les hormones femenines (estr\u00f2gens, progesterona) i les masculines (testosterona)<\/strong> s\u00f3n essencials per al bon funcionament de l&#8217;organisme. Quan estan desequilibrats, poden provocar: <\/p>\n\n<ul class=\"wp-block-list\">\n<li><strong>Trastorns del son<\/strong> i <strong>poca energia<\/strong> .<\/li>\n\n\n\n<li><strong>Augment de pes inexplicable<\/strong> .<\/li>\n\n\n\n<li><strong>Augment de la sensibilitat emocional<\/strong> , que pot afectar els h\u00e0bits alimentaris.<\/li>\n<\/ul>\n\n<div style=\"height:21px\" aria-hidden=\"true\" class=\"wp-block-spacer\"><\/div>\n\n<p><strong>L&#8217;auriculoter\u00e0pia amb l\u00e0ser<\/strong> , actuant sobre zones vinculades a les <strong>gl\u00e0ndules endocrines<\/strong> , podria ajudar a <strong>harmonitzar aquests cicles hormonals<\/strong> , afavorint aix\u00ed <strong>una millor vitalitat i un impuls d&#8217;energia<\/strong> .<\/p>\n\n<div style=\"height:21px\" aria-hidden=\"true\" class=\"wp-block-spacer\"><\/div>\n\n<p><strong>L&#8217;equilibri de les hormones de l&#8217;estr\u00e8s i el metabolisme \u00e9s crucial<\/strong> per al benestar general. <strong>L&#8217;auriculoter\u00e0pia l\u00e0ser<\/strong> , en intervenir en <strong>punts concrets de l&#8217;aur\u00edcula<\/strong> , podria ser una <strong>eina complement\u00e0ria<\/strong> per ajudar <strong>a harmonitzar aquestes funcions naturals<\/strong> i <strong>afavorir aix\u00ed una millor gesti\u00f3 del pes i les emocions<\/strong> . No obstant aix\u00f2, no s&#8217;ha de veure com una soluci\u00f3 \u00fanica, i en els casos de trastorns hormonals greus, <strong>l&#8217;assessorament m\u00e8dic \u00e9s essencial<\/strong> .  <\/p>\n\n<div style=\"height:37px\" aria-hidden=\"true\" class=\"wp-block-spacer\"><\/div>\n\n<p class=\"has-cyan-bluish-gray-background-color has-background\">Aquest article et pot interessar: <a href=\"https:\/\/www.mylasertabac.com\/ca\/cada-cigarreta-fumat-et-costa-20-minuts-de-vida-per-que-aturar-te-el-mes-aviat-possible\/\"><mark style=\"background-color:#abb8c3\" class=\"has-inline-color has-luminous-vivid-orange-color\">Cada cigarreta fumat et costa 20 minuts de vida: per qu\u00e8 aturar-te el m\u00e9s aviat possible?<\/mark><\/a><\/p>\n\n<div style=\"height:30px\" aria-hidden=\"true\" class=\"wp-block-spacer\"><\/div>\n\n<figure class=\"wp-block-image alignright size-large is-resized\"><img decoding=\"async\" src=\"https:\/\/www.mylasertabac.com\/wp-content\/uploads\/\/mlt-circle.svg\" alt=\"\" class=\"wp-image-12\" style=\"width:307px;height:auto\"\/><\/figure>\n\n<h2 class=\"wp-block-heading\"><strong>Quin paper t\u00e9 l&#8217;auriculoter\u00e0pia l\u00e0ser en la digesti\u00f3?<\/strong><\/h2>\n\n<p>La digesti\u00f3 \u00e9s un <strong>proc\u00e9s complex<\/strong> , que implica m\u00faltiples <strong>\u00f2rgans, hormones i senyals nerviosos<\/strong> que funcionen de manera sin\u00e8rgica per transformar els aliments en nutrients essencials. Quan <strong>es produeix un desequilibri digestiu<\/strong> , pot provocar <strong>inflor, digesti\u00f3 lenta, sensaci\u00f3 de pesadesa despr\u00e9s dels \u00e0pats o fins i tot problemes digestius<\/strong> . <\/p>\n\n<p><strong>L&#8217;auriculoter\u00e0pia l\u00e0ser<\/strong> s&#8217;utilitza de vegades com <strong>a suport natural per afavorir una digesti\u00f3 harm\u00f2nica<\/strong> , estimulant <strong>els punts auriculars vinculats al sistema digestiu<\/strong> . La seva funci\u00f3 no \u00e9s <strong>modificar directament les funcions digestives<\/strong> , sin\u00f3 <strong>enviar senyals al cervell<\/strong> per ajudar <strong>a regular les reaccions del sistema nervi\u00f3s aut\u00f2nom<\/strong> , que controla especialment l&#8217;activitat de l&#8217; <strong>est\u00f3mac, el fetge, el p\u00e0ncrees i els intestins<\/strong> . <\/p>\n\n<div style=\"height:55px\" aria-hidden=\"true\" class=\"wp-block-spacer\"><\/div>\n\n<h3 class=\"wp-block-heading\"><strong>Influ\u00e8ncia sobre el sistema nervi\u00f3s i la motilitat intestinal<\/strong><\/h3>\n\n<div style=\"height:21px\" aria-hidden=\"true\" class=\"wp-block-spacer\"><\/div>\n\n<p>El <strong>sistema digestiu est\u00e0 directament relacionat amb el sistema nervi\u00f3s<\/strong> , sobretot a trav\u00e9s del <strong>nervi vag<\/strong> , que juga un paper clau en <strong>la regulaci\u00f3 del tr\u00e0nsit intestinal i la secreci\u00f3 d&#8217;enzims digestius<\/strong> . Quan una persona est\u00e0 sotmesa a <strong>estr\u00e8s cr\u00f2nic<\/strong> , <strong>desequilibris hormonals<\/strong> o una <strong>dieta inadequada<\/strong> , el seu sistema digestiu es pot alentir, provocant mol\u00e8sties. <\/p>\n\n<p>EL<strong> <\/strong><a href=\"https:\/\/www.mylasertabac.com\/ca\/\"><strong>El l\u00e0ser<\/strong> antitabaquisme<\/a> , en dirigir-se <strong>als punts reflexos relacionats amb la digesti\u00f3<\/strong> , podria ajudar <strong>a reequilibrar l&#8217;activitat nerviosa<\/strong> i aix\u00ed afavorir <strong>una millor motilitat intestinal<\/strong> . Algunes persones informen d&#8217;una <strong>reducci\u00f3 de la sensaci\u00f3 d&#8217;inflor i una millora de la digesti\u00f3 despr\u00e9s d&#8217;unes quantes sessions<\/strong> . <\/p>\n\n<div style=\"height:21px\" aria-hidden=\"true\" class=\"wp-block-spacer\"><\/div>\n\n<h3 class=\"wp-block-heading\"><strong>  Regulaci\u00f3 de les secrecions digestives i millor assimilaci\u00f3 dels nutrients<\/strong><\/h3>\n\n<div style=\"height:21px\" aria-hidden=\"true\" class=\"wp-block-spacer\"><\/div>\n\n<p>La digesti\u00f3 es basa en la secreci\u00f3 d&#8217;enzims digestius i bilis, produ\u00efdes pel <strong>p\u00e0ncrees i el fetge<\/strong> respectivament, que faciliten la <strong>descomposici\u00f3 dels aliments<\/strong> i l&#8217; <strong>assimilaci\u00f3 dels nutrients<\/strong> . L&#8217;estimulaci\u00f3 auricular dirigida pot influir en la <strong>regulaci\u00f3 d&#8217;aquestes secrecions<\/strong> , ajudant al cos <strong>a absorbir millor les vitamines i minerals essencials<\/strong> . <\/p>\n\n<div style=\"height:21px\" aria-hidden=\"true\" class=\"wp-block-spacer\"><\/div>\n\n<p>Tamb\u00e9 \u00e9s important <strong>la circulaci\u00f3 sangu\u00ednia optimitzada<\/strong> en el sistema digestiu per garantir <strong>una bona oxigenaci\u00f3 dels \u00f2rgans implicats<\/strong> . Mitjan\u00e7ant la reducci\u00f3 de la tensi\u00f3 nerviosa i l&#8217;estimulaci\u00f3 de determinats punts concrets, <strong>l&#8217;auriculoter\u00e0pia amb l\u00e0ser<\/strong> podria ajudar a millorar la <strong>vascularitzaci\u00f3 del tracte digestiu<\/strong> , afavorint aix\u00ed <strong>un millor equilibri gastrointestinal<\/strong> . <\/p>\n\n<div style=\"height:21px\" aria-hidden=\"true\" class=\"wp-block-spacer\"><\/div>\n\n<h3 class=\"wp-block-heading\"><strong>Un complement dels bons h\u00e0bits alimentaris i de la cura digestiva<\/strong><\/h3>\n\n<div style=\"height:21px\" aria-hidden=\"true\" class=\"wp-block-spacer\"><\/div>\n\n<p><strong><a href=\"https:\/\/www.mylasertabac.com\/ca\/\">L&#8217;auriculoter\u00e0pia amb l\u00e0ser<\/a><\/strong> pot ser un <strong>enfocament interessant a m\u00e9s d&#8217;un estil de vida saludable<\/strong> , per\u00f2 no substitueix <strong>una dieta equilibrada ni un seguiment m\u00e8dic adequat en cas de trastorns digestius greus<\/strong> .<\/p>\n\n<div style=\"height:21px\" aria-hidden=\"true\" class=\"wp-block-spacer\"><\/div>\n\n<p>Els professionals formats en aquesta t\u00e8cnica sovint recomanen combinar-la amb:<\/p>\n\n<div style=\"height:21px\" aria-hidden=\"true\" class=\"wp-block-spacer\"><\/div>\n\n<ul class=\"wp-block-list\">\n<li><strong>Una dieta rica en fibra i nutrients<\/strong> , per donar suport al bon funcionament del sistema digestiu.<\/li>\n\n\n\n<li><strong>Bona hidrataci\u00f3<\/strong> , imprescindible per evitar el restrenyiment i mantenir una digesti\u00f3 suau.<\/li>\n\n\n\n<li><strong>T\u00e8cniques de relaxaci\u00f3<\/strong> per limitar els efectes de l&#8217;estr\u00e8s sobre l&#8217;intest\u00ed i millorar la digesti\u00f3.<\/li>\n<\/ul>\n\n<div style=\"height:21px\" aria-hidden=\"true\" class=\"wp-block-spacer\"><\/div>\n\n<h3 class=\"wp-block-heading\"><strong>Conclusi\u00f3: Suport natural per\u00f2 no soluci\u00f3 m\u00e8dica<\/strong><\/h3>\n\n<div style=\"height:21px\" aria-hidden=\"true\" class=\"wp-block-spacer\"><\/div>\n\n<p><strong>L&#8217;auriculoter\u00e0pia l\u00e0ser<\/strong> \u00e9s un <strong>m\u00e8tode suau i natural<\/strong> basat en l&#8217; <strong>estimulaci\u00f3 dels punts auriculars<\/strong> vinculats a la regulaci\u00f3 hormonal i la digesti\u00f3. <strong>Ajuda al cos a recuperar l&#8217;equilibri<\/strong> influint en la producci\u00f3 de determinades hormones i afavorint un millor funcionament del sistema digestiu. <\/p>\n\n<div style=\"height:21px\" aria-hidden=\"true\" class=\"wp-block-spacer\"><\/div>\n\n<p>Tanmateix, \u00e9s <strong>important aclarir que aquest m\u00e8tode no substitueix el tractament m\u00e8dic<\/strong> . En casos de <strong>desequilibris hormonals greus o trastorns digestius cr\u00f2nics<\/strong> , \u00e9s <strong>imprescindible consultar a un especialista<\/strong> abans de rec\u00f3rrer a <strong>l&#8217;auriculoter\u00e0pia l\u00e0ser<\/strong> com a soluci\u00f3 complement\u00e0ria. <\/p>\n\n<div style=\"height:21px\" aria-hidden=\"true\" class=\"wp-block-spacer\"><\/div>\n\n<p>Les <strong>opinions de professionals especialitzats<\/strong> i els <strong>testimonis de persones que han provat aquest enfocament<\/strong> destaquen els seus <strong>beneficis en el suport del benestar<\/strong> , en particular per gestionar millor <strong>els desitjos emocionals, els trastorns digestius lleus i el reequilibri general de l&#8217;organisme<\/strong> .<\/p>\n\n<p>Si busqueu una soluci\u00f3 per <strong>millorar el vostre benestar d&#8217;una manera natural<\/strong> , <strong>l&#8217;auriculoter\u00e0pia l\u00e0ser<\/strong> pot ser un <strong>suport efica\u00e7<\/strong> , sempre que s&#8217;utilitzi en un enfocament global que inclogui <strong>una dieta equilibrada, un estil de vida saludable i, si cal, un seguiment m\u00e8dic adequat<\/strong> .<\/p>\n\n<div style=\"height:21px\" aria-hidden=\"true\" class=\"wp-block-spacer\"><\/div>\n\n<p>\ud83d\udccd  <strong>T&#8217;agradaria saber m\u00e9s sobre l&#8217;auriculoter\u00e0pia l\u00e0ser i els seus beneficis? Descobreix les nostres solucions a   <\/strong><a href=\"https:\/\/www.mylasertabac.com\/ca\/\"><strong>MyLaserTabac.com<\/strong><\/a> <strong>i cuida el teu equilibri de manera natural!<\/strong> \ud83d\ude80 \ud83d\udcaa<\/p>\n\n<div style=\"height:21px\" aria-hidden=\"true\" class=\"wp-block-spacer\"><\/div>\n\n<h3 class=\"wp-block-heading\">\ud83d\udcfa Els mitjans parlen de Mylasertabac:<\/h3>\n\n<div style=\"height:21px\" aria-hidden=\"true\" class=\"wp-block-spacer\"><\/div>\n\n<p><a href=\"https:\/\/sinactiv.fr\/blogs\/divers\/arret-tabac-laser\">sinactiv.fr<\/a> , <a href=\"https:\/\/www.naturopat.fr\/comment-arreter-de-fumer-facilement-grace-au-laser\/\">naturopat.fr<\/a> , <a href=\"https:\/\/sante-et-beaute.fr\/pourquoi-arreter-de-fumer-en-2025\/\">sante-et-beaute.fr<\/a> , <a href=\"https:\/\/monparrainsante.com\/pourquoi-arreter-de-fumer-en-2025\/\">monparrainsante.com<\/a> , <a href=\"https:\/\/www.hypnoandco.com\/arreter-de-fumer-laser\/\">hypnoandco.com,<\/a> <a href=\"https:\/\/l-hexagone.fr\/bien-etre-sante\/pourquoi-arreter-de-fumer-en-2025-est-une-decision-essentielle\/\">l-hexagone.fr<\/a> , <a href=\"https:\/\/www.mondentistechampigny.fr\/soins-dentaires\/effets-tabagisme-dents\/\">mondentistechampigny.fr<\/a> , <a href=\"https:\/\/france-pharmacies.fr\/pourquoi-il-est-important-darreter-de-fumer-en-2025\/\">france-pharmacies.fr<\/a> , <a href=\"https:\/\/www.santeplusmag.com\/111129505-pourquoi-arreter-de-fumer-en-2025-articles-partenaires\/\">santeplusmag.com<\/a> , <a href=\"https:\/\/www.topdents.com\/pourquoi-la-cigarette-abime-les-dents\/\">topdents.com<\/a> ,<\/p>\n\n<div style=\"height:39px\" aria-hidden=\"true\" class=\"wp-block-spacer\"><\/div>\n\n<figure class=\"wp-block-image size-large\"><img decoding=\"async\" src=\"https:\/\/www.mylasertabac.com\/wp-content\/uploads\/\/mlt-verteau.svg\" alt=\"\" class=\"wp-image-13\"\/><\/figure>\n","protected":false},"excerpt":{"rendered":"<p>L&#8217;orella, un centre regulador insospitat? El cos hum\u00e0 funciona mitjan\u00e7ant una regulaci\u00f3 precisa de les hormones i del sistema digestiu . Quan es produeix un desequilibri hormonal, pot provocar un augment de pes, trastorns metab\u00f2lics, canvis d&#8217;humor o fins i tot una digesti\u00f3 dif\u00edcil . Cada cop s\u00f3n m\u00e9s les persones que busquen solucions naturals [&hellip;]<\/p>\n","protected":false},"author":2,"featured_media":3917,"comment_status":"closed","ping_status":"open","sticky":false,"template":"","format":"standard","meta":{"inline_featured_image":false,"footnotes":""},"categories":[280],"tags":[],"class_list":["post-4671","post","type-post","status-publish","format-standard","has-post-thumbnail","hentry","category-auriculoterapia-ca"],"yoast_head":"<!-- This site is optimized with the Yoast SEO plugin v27.4 - https:\/\/yoast.com\/product\/yoast-seo-wordpress\/ -->\n<title>El paper clau dels punts de l&#039;o\u00efda en la regulaci\u00f3 hormonal i la digesti\u00f3 - My Laser Tabac<\/title>\n<meta name=\"description\" content=\"Descobriu com els punts de les orelles influeixen en la regulaci\u00f3 hormonal i la digesti\u00f3 per a un benestar natural i equilibrat.\" \/>\n<meta name=\"robots\" content=\"index, follow, max-snippet:-1, max-image-preview:large, max-video-preview:-1\" \/>\n<link rel=\"canonical\" href=\"https:\/\/www.mylasertabac.com\/ca\/el-paper-clau-dels-punts-de-loida-en-la-regulacio-hormonal-i-la-digestio\/\" \/>\n<meta property=\"og:locale\" content=\"ca_ES\" \/>\n<meta property=\"og:type\" content=\"article\" \/>\n<meta property=\"og:title\" content=\"El paper clau dels punts de l&#039;o\u00efda en la regulaci\u00f3 hormonal i la digesti\u00f3 - My Laser Tabac\" \/>\n<meta property=\"og:description\" content=\"Descobriu com els punts de les orelles influeixen en la regulaci\u00f3 hormonal i la digesti\u00f3 per a un benestar natural i equilibrat.\" \/>\n<meta property=\"og:url\" content=\"https:\/\/www.mylasertabac.com\/ca\/el-paper-clau-dels-punts-de-loida-en-la-regulacio-hormonal-i-la-digestio\/\" \/>\n<meta property=\"og:site_name\" content=\"My Laser Tabac\" \/>\n<meta property=\"article:author\" content=\"https:\/\/www.facebook.com\/profile.php?id=61571554707319\" \/>\n<meta property=\"article:published_time\" content=\"2025-02-25T09:28:44+00:00\" \/>\n<meta property=\"article:modified_time\" content=\"2025-02-27T19:49:36+00:00\" \/>\n<meta property=\"og:image\" content=\"https:\/\/www.mylasertabac.com\/wp-content\/uploads\/2025\/02\/auriculoterapie.png\" \/>\n\t<meta property=\"og:image:width\" content=\"1024\" \/>\n\t<meta property=\"og:image:height\" content=\"1024\" \/>\n\t<meta property=\"og:image:type\" content=\"image\/png\" \/>\n<meta name=\"author\" content=\"Florian Fortes\" \/>\n<meta name=\"twitter:card\" content=\"summary_large_image\" \/>\n<meta name=\"twitter:label1\" content=\"Escrit per\" \/>\n\t<meta name=\"twitter:data1\" content=\"Florian Fortes\" \/>\n\t<meta name=\"twitter:label2\" content=\"Temps estimat de lectura\" \/>\n\t<meta name=\"twitter:data2\" content=\"10 minuts\" \/>\n<script type=\"application\/ld+json\" class=\"yoast-schema-graph\">{\"@context\":\"https:\\\/\\\/schema.org\",\"@graph\":[{\"@type\":\"Article\",\"@id\":\"https:\\\/\\\/www.mylasertabac.com\\\/ca\\\/el-paper-clau-dels-punts-de-loida-en-la-regulacio-hormonal-i-la-digestio\\\/#article\",\"isPartOf\":{\"@id\":\"https:\\\/\\\/www.mylasertabac.com\\\/ca\\\/el-paper-clau-dels-punts-de-loida-en-la-regulacio-hormonal-i-la-digestio\\\/\"},\"author\":{\"name\":\"Florian Fortes\",\"@id\":\"https:\\\/\\\/www.mylasertabac.com\\\/ca\\\/#\\\/schema\\\/person\\\/02c249cb76d912efb6c315ec23eccdf3\"},\"headline\":\"El paper clau dels punts de l&#8217;o\u00efda en la regulaci\u00f3 hormonal i la digesti\u00f3\",\"datePublished\":\"2025-02-25T09:28:44+00:00\",\"dateModified\":\"2025-02-27T19:49:36+00:00\",\"mainEntityOfPage\":{\"@id\":\"https:\\\/\\\/www.mylasertabac.com\\\/ca\\\/el-paper-clau-dels-punts-de-loida-en-la-regulacio-hormonal-i-la-digestio\\\/\"},\"wordCount\":2182,\"publisher\":{\"@id\":\"https:\\\/\\\/www.mylasertabac.com\\\/ca\\\/#organization\"},\"image\":{\"@id\":\"https:\\\/\\\/www.mylasertabac.com\\\/ca\\\/el-paper-clau-dels-punts-de-loida-en-la-regulacio-hormonal-i-la-digestio\\\/#primaryimage\"},\"thumbnailUrl\":\"https:\\\/\\\/www.mylasertabac.com\\\/wp-content\\\/uploads\\\/2025\\\/02\\\/auriculoterapie.png\",\"articleSection\":[\"auriculoter\u00e0pia\"],\"inLanguage\":\"ca\"},{\"@type\":\"WebPage\",\"@id\":\"https:\\\/\\\/www.mylasertabac.com\\\/ca\\\/el-paper-clau-dels-punts-de-loida-en-la-regulacio-hormonal-i-la-digestio\\\/\",\"url\":\"https:\\\/\\\/www.mylasertabac.com\\\/ca\\\/el-paper-clau-dels-punts-de-loida-en-la-regulacio-hormonal-i-la-digestio\\\/\",\"name\":\"El paper clau dels punts de l'o\u00efda en la regulaci\u00f3 hormonal i la digesti\u00f3 - My Laser Tabac\",\"isPartOf\":{\"@id\":\"https:\\\/\\\/www.mylasertabac.com\\\/ca\\\/#website\"},\"primaryImageOfPage\":{\"@id\":\"https:\\\/\\\/www.mylasertabac.com\\\/ca\\\/el-paper-clau-dels-punts-de-loida-en-la-regulacio-hormonal-i-la-digestio\\\/#primaryimage\"},\"image\":{\"@id\":\"https:\\\/\\\/www.mylasertabac.com\\\/ca\\\/el-paper-clau-dels-punts-de-loida-en-la-regulacio-hormonal-i-la-digestio\\\/#primaryimage\"},\"thumbnailUrl\":\"https:\\\/\\\/www.mylasertabac.com\\\/wp-content\\\/uploads\\\/2025\\\/02\\\/auriculoterapie.png\",\"datePublished\":\"2025-02-25T09:28:44+00:00\",\"dateModified\":\"2025-02-27T19:49:36+00:00\",\"description\":\"Descobriu com els punts de les orelles influeixen en la regulaci\u00f3 hormonal i la digesti\u00f3 per a un benestar natural i equilibrat.\",\"breadcrumb\":{\"@id\":\"https:\\\/\\\/www.mylasertabac.com\\\/ca\\\/el-paper-clau-dels-punts-de-loida-en-la-regulacio-hormonal-i-la-digestio\\\/#breadcrumb\"},\"inLanguage\":\"ca\",\"potentialAction\":[{\"@type\":\"ReadAction\",\"target\":[\"https:\\\/\\\/www.mylasertabac.com\\\/ca\\\/el-paper-clau-dels-punts-de-loida-en-la-regulacio-hormonal-i-la-digestio\\\/\"]}]},{\"@type\":\"ImageObject\",\"inLanguage\":\"ca\",\"@id\":\"https:\\\/\\\/www.mylasertabac.com\\\/ca\\\/el-paper-clau-dels-punts-de-loida-en-la-regulacio-hormonal-i-la-digestio\\\/#primaryimage\",\"url\":\"https:\\\/\\\/www.mylasertabac.com\\\/wp-content\\\/uploads\\\/2025\\\/02\\\/auriculoterapie.png\",\"contentUrl\":\"https:\\\/\\\/www.mylasertabac.com\\\/wp-content\\\/uploads\\\/2025\\\/02\\\/auriculoterapie.png\",\"width\":1024,\"height\":1024},{\"@type\":\"BreadcrumbList\",\"@id\":\"https:\\\/\\\/www.mylasertabac.com\\\/ca\\\/el-paper-clau-dels-punts-de-loida-en-la-regulacio-hormonal-i-la-digestio\\\/#breadcrumb\",\"itemListElement\":[{\"@type\":\"ListItem\",\"position\":1,\"name\":\"Accueil\",\"item\":\"https:\\\/\\\/www.mylasertabac.com\\\/ca\\\/benvingut\\\/\"},{\"@type\":\"ListItem\",\"position\":2,\"name\":\"El paper clau dels punts de l&rsquo;o\u00efda en la regulaci\u00f3 hormonal i la digesti\u00f3\"}]},{\"@type\":\"WebSite\",\"@id\":\"https:\\\/\\\/www.mylasertabac.com\\\/ca\\\/#website\",\"url\":\"https:\\\/\\\/www.mylasertabac.com\\\/ca\\\/\",\"name\":\"My Laser Tabac\",\"description\":\"La solution laser qui transforme les fumeurs en ex-fumeurs\",\"publisher\":{\"@id\":\"https:\\\/\\\/www.mylasertabac.com\\\/ca\\\/#organization\"},\"potentialAction\":[{\"@type\":\"SearchAction\",\"target\":{\"@type\":\"EntryPoint\",\"urlTemplate\":\"https:\\\/\\\/www.mylasertabac.com\\\/ca\\\/?s={search_term_string}\"},\"query-input\":{\"@type\":\"PropertyValueSpecification\",\"valueRequired\":true,\"valueName\":\"search_term_string\"}}],\"inLanguage\":\"ca\"},{\"@type\":\"Organization\",\"@id\":\"https:\\\/\\\/www.mylasertabac.com\\\/ca\\\/#organization\",\"name\":\"My Laser Tabac\",\"url\":\"https:\\\/\\\/www.mylasertabac.com\\\/ca\\\/\",\"logo\":{\"@type\":\"ImageObject\",\"inLanguage\":\"ca\",\"@id\":\"https:\\\/\\\/www.mylasertabac.com\\\/ca\\\/#\\\/schema\\\/logo\\\/image\\\/\",\"url\":\"https:\\\/\\\/www.mylasertabac.com\\\/wp-content\\\/uploads\\\/2024\\\/12\\\/mlt-verteau.svg\",\"contentUrl\":\"https:\\\/\\\/www.mylasertabac.com\\\/wp-content\\\/uploads\\\/2024\\\/12\\\/mlt-verteau.svg\",\"caption\":\"My Laser Tabac\"},\"image\":{\"@id\":\"https:\\\/\\\/www.mylasertabac.com\\\/ca\\\/#\\\/schema\\\/logo\\\/image\\\/\"}},{\"@type\":\"Person\",\"@id\":\"https:\\\/\\\/www.mylasertabac.com\\\/ca\\\/#\\\/schema\\\/person\\\/02c249cb76d912efb6c315ec23eccdf3\",\"name\":\"Florian Fortes\",\"image\":{\"@type\":\"ImageObject\",\"inLanguage\":\"ca\",\"@id\":\"https:\\\/\\\/www.mylasertabac.com\\\/wp-content\\\/litespeed\\\/avatar\\\/142101a71d7b9e6490c1120d9c109a67.jpg?ver=1776856306\",\"url\":\"https:\\\/\\\/www.mylasertabac.com\\\/wp-content\\\/litespeed\\\/avatar\\\/142101a71d7b9e6490c1120d9c109a67.jpg?ver=1776856306\",\"contentUrl\":\"https:\\\/\\\/www.mylasertabac.com\\\/wp-content\\\/litespeed\\\/avatar\\\/142101a71d7b9e6490c1120d9c109a67.jpg?ver=1776856306\",\"caption\":\"Florian Fortes\"},\"sameAs\":[\"https:\\\/\\\/www.mylasertabac.com\",\"https:\\\/\\\/www.facebook.com\\\/profile.php?id=61571554707319\"],\"url\":\"https:\\\/\\\/www.mylasertabac.com\\\/ca\\\/author\\\/florianfortes5312\\\/\"}]}<\/script>\n<!-- \/ Yoast SEO plugin. -->","yoast_head_json":{"title":"El paper clau dels punts de l'o\u00efda en la regulaci\u00f3 hormonal i la digesti\u00f3 - My Laser Tabac","description":"Descobriu com els punts de les orelles influeixen en la regulaci\u00f3 hormonal i la digesti\u00f3 per a un benestar natural i equilibrat.","robots":{"index":"index","follow":"follow","max-snippet":"max-snippet:-1","max-image-preview":"max-image-preview:large","max-video-preview":"max-video-preview:-1"},"canonical":"https:\/\/www.mylasertabac.com\/ca\/el-paper-clau-dels-punts-de-loida-en-la-regulacio-hormonal-i-la-digestio\/","og_locale":"ca_ES","og_type":"article","og_title":"El paper clau dels punts de l'o\u00efda en la regulaci\u00f3 hormonal i la digesti\u00f3 - My Laser Tabac","og_description":"Descobriu com els punts de les orelles influeixen en la regulaci\u00f3 hormonal i la digesti\u00f3 per a un benestar natural i equilibrat.","og_url":"https:\/\/www.mylasertabac.com\/ca\/el-paper-clau-dels-punts-de-loida-en-la-regulacio-hormonal-i-la-digestio\/","og_site_name":"My Laser Tabac","article_author":"https:\/\/www.facebook.com\/profile.php?id=61571554707319","article_published_time":"2025-02-25T09:28:44+00:00","article_modified_time":"2025-02-27T19:49:36+00:00","og_image":[{"width":1024,"height":1024,"url":"https:\/\/www.mylasertabac.com\/wp-content\/uploads\/2025\/02\/auriculoterapie.png","type":"image\/png"}],"author":"Florian Fortes","twitter_card":"summary_large_image","twitter_misc":{"Escrit per":"Florian Fortes","Temps estimat de lectura":"10 minuts"},"schema":{"@context":"https:\/\/schema.org","@graph":[{"@type":"Article","@id":"https:\/\/www.mylasertabac.com\/ca\/el-paper-clau-dels-punts-de-loida-en-la-regulacio-hormonal-i-la-digestio\/#article","isPartOf":{"@id":"https:\/\/www.mylasertabac.com\/ca\/el-paper-clau-dels-punts-de-loida-en-la-regulacio-hormonal-i-la-digestio\/"},"author":{"name":"Florian Fortes","@id":"https:\/\/www.mylasertabac.com\/ca\/#\/schema\/person\/02c249cb76d912efb6c315ec23eccdf3"},"headline":"El paper clau dels punts de l&#8217;o\u00efda en la regulaci\u00f3 hormonal i la digesti\u00f3","datePublished":"2025-02-25T09:28:44+00:00","dateModified":"2025-02-27T19:49:36+00:00","mainEntityOfPage":{"@id":"https:\/\/www.mylasertabac.com\/ca\/el-paper-clau-dels-punts-de-loida-en-la-regulacio-hormonal-i-la-digestio\/"},"wordCount":2182,"publisher":{"@id":"https:\/\/www.mylasertabac.com\/ca\/#organization"},"image":{"@id":"https:\/\/www.mylasertabac.com\/ca\/el-paper-clau-dels-punts-de-loida-en-la-regulacio-hormonal-i-la-digestio\/#primaryimage"},"thumbnailUrl":"https:\/\/www.mylasertabac.com\/wp-content\/uploads\/2025\/02\/auriculoterapie.png","articleSection":["auriculoter\u00e0pia"],"inLanguage":"ca"},{"@type":"WebPage","@id":"https:\/\/www.mylasertabac.com\/ca\/el-paper-clau-dels-punts-de-loida-en-la-regulacio-hormonal-i-la-digestio\/","url":"https:\/\/www.mylasertabac.com\/ca\/el-paper-clau-dels-punts-de-loida-en-la-regulacio-hormonal-i-la-digestio\/","name":"El paper clau dels punts de l'o\u00efda en la regulaci\u00f3 hormonal i la digesti\u00f3 - My Laser Tabac","isPartOf":{"@id":"https:\/\/www.mylasertabac.com\/ca\/#website"},"primaryImageOfPage":{"@id":"https:\/\/www.mylasertabac.com\/ca\/el-paper-clau-dels-punts-de-loida-en-la-regulacio-hormonal-i-la-digestio\/#primaryimage"},"image":{"@id":"https:\/\/www.mylasertabac.com\/ca\/el-paper-clau-dels-punts-de-loida-en-la-regulacio-hormonal-i-la-digestio\/#primaryimage"},"thumbnailUrl":"https:\/\/www.mylasertabac.com\/wp-content\/uploads\/2025\/02\/auriculoterapie.png","datePublished":"2025-02-25T09:28:44+00:00","dateModified":"2025-02-27T19:49:36+00:00","description":"Descobriu com els punts de les orelles influeixen en la regulaci\u00f3 hormonal i la digesti\u00f3 per a un benestar natural i equilibrat.","breadcrumb":{"@id":"https:\/\/www.mylasertabac.com\/ca\/el-paper-clau-dels-punts-de-loida-en-la-regulacio-hormonal-i-la-digestio\/#breadcrumb"},"inLanguage":"ca","potentialAction":[{"@type":"ReadAction","target":["https:\/\/www.mylasertabac.com\/ca\/el-paper-clau-dels-punts-de-loida-en-la-regulacio-hormonal-i-la-digestio\/"]}]},{"@type":"ImageObject","inLanguage":"ca","@id":"https:\/\/www.mylasertabac.com\/ca\/el-paper-clau-dels-punts-de-loida-en-la-regulacio-hormonal-i-la-digestio\/#primaryimage","url":"https:\/\/www.mylasertabac.com\/wp-content\/uploads\/2025\/02\/auriculoterapie.png","contentUrl":"https:\/\/www.mylasertabac.com\/wp-content\/uploads\/2025\/02\/auriculoterapie.png","width":1024,"height":1024},{"@type":"BreadcrumbList","@id":"https:\/\/www.mylasertabac.com\/ca\/el-paper-clau-dels-punts-de-loida-en-la-regulacio-hormonal-i-la-digestio\/#breadcrumb","itemListElement":[{"@type":"ListItem","position":1,"name":"Accueil","item":"https:\/\/www.mylasertabac.com\/ca\/benvingut\/"},{"@type":"ListItem","position":2,"name":"El paper clau dels punts de l&rsquo;o\u00efda en la regulaci\u00f3 hormonal i la digesti\u00f3"}]},{"@type":"WebSite","@id":"https:\/\/www.mylasertabac.com\/ca\/#website","url":"https:\/\/www.mylasertabac.com\/ca\/","name":"My Laser Tabac","description":"La solution laser qui transforme les fumeurs en ex-fumeurs","publisher":{"@id":"https:\/\/www.mylasertabac.com\/ca\/#organization"},"potentialAction":[{"@type":"SearchAction","target":{"@type":"EntryPoint","urlTemplate":"https:\/\/www.mylasertabac.com\/ca\/?s={search_term_string}"},"query-input":{"@type":"PropertyValueSpecification","valueRequired":true,"valueName":"search_term_string"}}],"inLanguage":"ca"},{"@type":"Organization","@id":"https:\/\/www.mylasertabac.com\/ca\/#organization","name":"My Laser Tabac","url":"https:\/\/www.mylasertabac.com\/ca\/","logo":{"@type":"ImageObject","inLanguage":"ca","@id":"https:\/\/www.mylasertabac.com\/ca\/#\/schema\/logo\/image\/","url":"https:\/\/www.mylasertabac.com\/wp-content\/uploads\/2024\/12\/mlt-verteau.svg","contentUrl":"https:\/\/www.mylasertabac.com\/wp-content\/uploads\/2024\/12\/mlt-verteau.svg","caption":"My Laser Tabac"},"image":{"@id":"https:\/\/www.mylasertabac.com\/ca\/#\/schema\/logo\/image\/"}},{"@type":"Person","@id":"https:\/\/www.mylasertabac.com\/ca\/#\/schema\/person\/02c249cb76d912efb6c315ec23eccdf3","name":"Florian Fortes","image":{"@type":"ImageObject","inLanguage":"ca","@id":"https:\/\/www.mylasertabac.com\/wp-content\/litespeed\/avatar\/142101a71d7b9e6490c1120d9c109a67.jpg?ver=1776856306","url":"https:\/\/www.mylasertabac.com\/wp-content\/litespeed\/avatar\/142101a71d7b9e6490c1120d9c109a67.jpg?ver=1776856306","contentUrl":"https:\/\/www.mylasertabac.com\/wp-content\/litespeed\/avatar\/142101a71d7b9e6490c1120d9c109a67.jpg?ver=1776856306","caption":"Florian Fortes"},"sameAs":["https:\/\/www.mylasertabac.com","https:\/\/www.facebook.com\/profile.php?id=61571554707319"],"url":"https:\/\/www.mylasertabac.com\/ca\/author\/florianfortes5312\/"}]}},"_links":{"self":[{"href":"https:\/\/www.mylasertabac.com\/ca\/wp-json\/wp\/v2\/posts\/4671","targetHints":{"allow":["GET"]}}],"collection":[{"href":"https:\/\/www.mylasertabac.com\/ca\/wp-json\/wp\/v2\/posts"}],"about":[{"href":"https:\/\/www.mylasertabac.com\/ca\/wp-json\/wp\/v2\/types\/post"}],"author":[{"embeddable":true,"href":"https:\/\/www.mylasertabac.com\/ca\/wp-json\/wp\/v2\/users\/2"}],"replies":[{"embeddable":true,"href":"https:\/\/www.mylasertabac.com\/ca\/wp-json\/wp\/v2\/comments?post=4671"}],"version-history":[{"count":1,"href":"https:\/\/www.mylasertabac.com\/ca\/wp-json\/wp\/v2\/posts\/4671\/revisions"}],"predecessor-version":[{"id":4672,"href":"https:\/\/www.mylasertabac.com\/ca\/wp-json\/wp\/v2\/posts\/4671\/revisions\/4672"}],"wp:featuredmedia":[{"embeddable":true,"href":"https:\/\/www.mylasertabac.com\/ca\/wp-json\/wp\/v2\/media\/3917"}],"wp:attachment":[{"href":"https:\/\/www.mylasertabac.com\/ca\/wp-json\/wp\/v2\/media?parent=4671"}],"wp:term":[{"taxonomy":"category","embeddable":true,"href":"https:\/\/www.mylasertabac.com\/ca\/wp-json\/wp\/v2\/categories?post=4671"},{"taxonomy":"post_tag","embeddable":true,"href":"https:\/\/www.mylasertabac.com\/ca\/wp-json\/wp\/v2\/tags?post=4671"}],"curies":[{"name":"wp","href":"https:\/\/api.w.org\/{rel}","templated":true}]}}