{"id":6432,"date":"2025-03-26T13:48:33","date_gmt":"2025-03-26T12:48:33","guid":{"rendered":"https:\/\/www.mylasertabac.com\/com-deixar-de-fumar-cannabis-un-metode-eficac-per-al-deslletament-suau\/"},"modified":"2025-03-26T15:21:14","modified_gmt":"2025-03-26T14:21:14","slug":"com-deixar-de-fumar-cannabis-un-metode-eficac-per-al-deslletament-suau","status":"publish","type":"post","link":"https:\/\/www.mylasertabac.com\/ca\/com-deixar-de-fumar-cannabis-un-metode-eficac-per-al-deslletament-suau\/","title":{"rendered":"Com deixar de fumar c\u00e0nnabis? Un m\u00e8tode efica\u00e7 per al deslletament suau"},"content":{"rendered":"\n<div style=\"height:21px\" aria-hidden=\"true\" class=\"wp-block-spacer\"><\/div>\n\n<h2 class=\"wp-block-heading\"><strong>Comprendre els reptes de la retirada del c\u00e0nnabis<\/strong><\/h2>\n\n<div style=\"height:21px\" aria-hidden=\"true\" class=\"wp-block-spacer\"><\/div>\n\n<p>Deixar de <strong>fumar c\u00e0nnabis<\/strong> \u00e9s una <strong>decisi\u00f3 valenta<\/strong> que pot transformar significativament la teva <strong>vida di\u00e0ria<\/strong> . No obstant aix\u00f2, per a moltes <strong>persones<\/strong> , deixar de fumar representa un <strong>veritable repte<\/strong> , a causa dels <strong>efectes del THC sobre el cervell<\/strong> i de la <strong>doble addicci\u00f3<\/strong> sovint associada al tabac. <\/p>\n\n<p>A Fran\u00e7a, <strong>prop d&#8217;un mili\u00f3 de consumidors<\/strong> es consideren usuaris habituals, i <strong>m\u00e9s de 200.000 persones<\/strong> consulten cada any per <strong>problemes relacionats amb el c\u00e0nnabis<\/strong> . Aquesta xifra mostra clarament com de profundament arrelada aquesta <strong>addicci\u00f3<\/strong> pot estar en els h\u00e0bits i com de dif\u00edcil \u00e9s alliberar-se&#8217;n. <\/p>\n\n<p>Lluny de ser nom\u00e9s un <strong>mal h\u00e0bit<\/strong> , el consum prolongat de c\u00e0nnabis <strong>afecta la salut mental i f\u00edsica<\/strong> . Pot provocar <strong>alteracions de l&#8217;estat d&#8217;\u00e0nim, disminuci\u00f3 de la motivaci\u00f3 i dificultats cognitives<\/strong> . Molts <strong>fumadors<\/strong> tamb\u00e9 desconeixen les conseq\u00fc\u00e8ncies de <strong>combinar c\u00e0nnabis i tabac<\/strong> , que <strong>agreuja l&#8217;addicci\u00f3 i multiplica els riscos per a la salut<\/strong> .  <\/p>\n\n<p>Entre els m\u00e8todes per al <strong>deslletament<\/strong> amb \u00e8xit, <strong>l&#8217;auriculoter\u00e0pia l\u00e0ser<\/strong> destaca per la seva <strong>efic\u00e0cia i el seu enfocament natural<\/strong> . Ja utilitzat per <strong>deixar de fumar<\/strong> , tamb\u00e9 pot ajudar <strong>a reduir les ganes de consumir c\u00e0nnabis<\/strong> , <strong>estimulant certs punts reflexos de l&#8217;o\u00efda<\/strong> que influeixen en el <strong>sistema nervi\u00f3s i la gesti\u00f3 de l&#8217;estr\u00e8s<\/strong> . <\/p>\n\n<p>Aquest article <strong>explica detalladament<\/strong> per qu\u00e8 deixar <strong>el c\u00e0nnabis<\/strong> \u00e9s un pas essencial cap a una <strong>millor qualitat de vida<\/strong> , i com <strong>l&#8217;auriculoter\u00e0pia amb l\u00e0ser<\/strong> pot ser un <strong>aut\u00e8ntic aliat<\/strong> en aquest proc\u00e9s.<\/p>\n\n<div style=\"height:36px\" aria-hidden=\"true\" class=\"wp-block-spacer\"><\/div>\n\n<figure class=\"wp-block-image alignright size-large is-resized\"><img fetchpriority=\"high\" decoding=\"async\" width=\"1024\" height=\"683\" src=\"https:\/\/www.mylasertabac.com\/wp-content\/uploads\/2025\/03\/sevrage-cannabis-grace-au-laser--1024x683.jpg\" alt=\"\" class=\"wp-image-5298\" style=\"width:618px;height:auto\" srcset=\"https:\/\/www.mylasertabac.com\/wp-content\/uploads\/2025\/03\/sevrage-cannabis-grace-au-laser--1024x683.jpg 1024w, https:\/\/www.mylasertabac.com\/wp-content\/uploads\/2025\/03\/sevrage-cannabis-grace-au-laser--300x200.jpg 300w, https:\/\/www.mylasertabac.com\/wp-content\/uploads\/2025\/03\/sevrage-cannabis-grace-au-laser--768x512.jpg 768w, https:\/\/www.mylasertabac.com\/wp-content\/uploads\/2025\/03\/sevrage-cannabis-grace-au-laser--1536x1024.jpg 1536w, https:\/\/www.mylasertabac.com\/wp-content\/uploads\/2025\/03\/sevrage-cannabis-grace-au-laser-.jpg 1920w\" sizes=\"(max-width: 1024px) 100vw, 1024px\" \/><\/figure>\n\n<h2 class=\"wp-block-heading\"><strong>Per qu\u00e8 \u00e9s necessari deixar de fumar c\u00e0nnabis?<\/strong><\/h2>\n\n<h3 class=\"wp-block-heading\"><strong>El c\u00e0nnabis i els seus efectes sobre la salut mental i f\u00edsica<\/strong><\/h3>\n\n<p>Fumar c\u00e0nnabis t\u00e9 <strong>conseq\u00fc\u00e8ncies profundes<\/strong> sobre el cos. Contr\u00e0riament a algunes creences, no \u00e9s una <strong>droga inofensiva<\/strong> . El seu principal ingredient actiu, <strong>el THC<\/strong> , modifica la qu\u00edmica cerebral <strong>alterant les connexions neuronals<\/strong> i <strong>reduint la producci\u00f3 de dopamina<\/strong> (hormona del plaer).  <\/p>\n\n<p>Molts <strong>joves fumadors<\/strong> denuncien <strong>una disminuci\u00f3 de la motivaci\u00f3<\/strong> , <strong>problemes de mem\u00f2ria<\/strong> i una <strong>p\u00e8rdua d&#8217;inter\u00e8s per les activitats di\u00e0ries<\/strong> . Alguns expliquen que, tot i que van comen\u00e7ar a utilitzar-lo per <strong>plaer<\/strong> , ara senten una <strong>forma de depend\u00e8ncia psicol\u00f2gica<\/strong> que els impedeix funcionar amb normalitat sense c\u00e0nnabis. <\/p>\n\n<div style=\"height:66px\" aria-hidden=\"true\" class=\"wp-block-spacer\"><\/div>\n\n<figure class=\"wp-block-image alignleft size-full is-resized\"><img decoding=\"async\" width=\"612\" height=\"408\" src=\"https:\/\/www.mylasertabac.com\/wp-content\/uploads\/2024\/12\/photo-fake-laser-.jpeg\" alt=\"\" class=\"wp-image-675\" style=\"width:530px;height:auto\" srcset=\"https:\/\/www.mylasertabac.com\/wp-content\/uploads\/2024\/12\/photo-fake-laser-.jpeg 612w, https:\/\/www.mylasertabac.com\/wp-content\/uploads\/2024\/12\/photo-fake-laser--300x200.jpeg 300w\" sizes=\"(max-width: 612px) 100vw, 612px\" \/><\/figure>\n\n<p>\ud83d\udccc <strong>Testimoni de Thomas, 28 anys<\/strong> :<br\/> <em>&#8220;Al principi feia servir c\u00e0nnabis per relaxar-me despr\u00e9s de la feina. Per\u00f2 a mesura que passaven els mesos, em vaig adonar que el necessitava cada dia. Estava constantment cansat, desmotivat i fins i tot comen\u00e7ava a tenir atacs d&#8217;ansietat quan intentava reduir-ho&#8221;.<\/em><\/p>\n\n<p>A m\u00e9s dels <strong>efectes psicol\u00f2gics<\/strong> , el fum del c\u00e0nnabis, sovint barrejat amb <strong>tabac<\/strong> , afecta els <strong>pulmons<\/strong> i augmenta el <strong>risc de patir malalties respirat\u00f2ries<\/strong> .<\/p>\n\n<p>\ud83d\udccc <strong>Testimoni de Sophie, 35 anys<\/strong> :<br\/> <em>&#8220;Vaig deixar el c\u00e0nnabis i el tabac fa un any, i he notat un canvi radical. Respiro millor, dormo millor i em sento m\u00e9s ser\u00e8 en la meva vida di\u00e0ria&#8221;.<\/em><\/p>\n\n<div style=\"height:57px\" aria-hidden=\"true\" class=\"wp-block-spacer\"><\/div>\n\n<h2 class=\"wp-block-heading\"><strong>L&#8217;addicci\u00f3 al c\u00e0nnabis \u00e9s comparable a l&#8217;addicci\u00f3 al tabac?<\/strong><\/h2>\n\n<div style=\"height:21px\" aria-hidden=\"true\" class=\"wp-block-spacer\"><\/div>\n\n<p><strong>Sovint es subestima l&#8217;addicci\u00f3<\/strong> al c\u00e0nnabis, especialment quan <strong>es combina amb el tabac<\/strong> . Molts fumadors desconeixen que la <strong>nicotina del tabac<\/strong> augmenta l&#8217; <strong>efecte addictiu del c\u00e0nnabis<\/strong> . <\/p>\n\n<div style=\"height:21px\" aria-hidden=\"true\" class=\"wp-block-spacer\"><\/div>\n\n<p><strong>La doble depend\u00e8ncia<\/strong> funciona aix\u00ed:<\/p>\n\n<div style=\"height:21px\" aria-hidden=\"true\" class=\"wp-block-spacer\"><\/div>\n\n<ul class=\"wp-block-list\">\n<li><strong>El THC<\/strong> \u00e9s <strong>psicol\u00f2gicament addictiu<\/strong> , provocant un <strong>desig compulsiu<\/strong> de consumir.<\/li>\n\n\n\n<li><strong>La nicotina<\/strong> , en canvi, genera <strong>depend\u00e8ncia f\u00edsica<\/strong> , dificultant encara m\u00e9s deixar-ho.<\/li>\n\n\n\n<li>La <strong>combinaci\u00f3 d&#8217;ambdues<\/strong> intensifica la <strong>necessitat de fumar<\/strong> , fent que la abstin\u00e8ncia sigui m\u00e9s complexa i <strong>les recaigudes m\u00e9s freq\u00fcents<\/strong> .<\/li>\n\n\n\n<li><strong>H2: CBD: una alternativa al c\u00e0nnabis per a una retirada gradual i efectiva?<\/strong><\/li>\n<\/ul>\n\n<div style=\"height:21px\" aria-hidden=\"true\" class=\"wp-block-spacer\"><\/div>\n\n<p>En els \u00faltims anys, <strong>el CBD (cannabidiol)<\/strong> ha sorgit com una <strong>alternativa legal i no psicotr\u00f2pica<\/strong> al c\u00e0nnabis tradicional. A difer\u00e8ncia del <strong>THC (tetrahidrocannabinol)<\/strong> , el principal component actiu del c\u00e0nnabis responsable dels efectes euf\u00f2rics i de l&#8217;addicci\u00f3, <strong>el CBD no altera l&#8217;estat de consci\u00e8ncia<\/strong> i no provoca sensacions d <strong>&#8216;&#8221;alta&#8221;<\/strong> . <\/p>\n\n<p>Per a <strong>les persones que passen per abstin\u00e8ncia<\/strong> , <strong>el CBD<\/strong> pot ser una <strong>ajuda valuosa<\/strong> per gestionar l&#8217;abstin\u00e8ncia i l&#8217;estr\u00e8s, especialment al comen\u00e7ament de deixar de fumar. De fet, molts antics usuaris testimonien els <strong>beneficis del CBD<\/strong> en el proc\u00e9s de <strong>reducci\u00f3 gradual<\/strong> del consum de c\u00e0nnabis. <\/p>\n\n<div style=\"height:17px\" aria-hidden=\"true\" class=\"wp-block-spacer\"><\/div>\n\n<p>\ud83d\udccc <strong>Testimoni de Julien, 29 anys<\/strong> :<br\/> <em>&#8220;Vaig fumar c\u00e0nnabis durant m\u00e9s de deu anys i sempre vaig lluitar per gestionar el meu estr\u00e8s sense ell. Canviar-me al CBD em va permetre mantenir la meva rutina sense els efectes secundaris del THC. Vaig poder deixar de fumar m\u00e9s f\u00e0cilment reduint-me gradualment&#8221;.<\/em><\/p>\n\n<div style=\"height:21px\" aria-hidden=\"true\" class=\"wp-block-spacer\"><\/div>\n\n<figure class=\"wp-block-image alignleft size-full is-resized\"><img decoding=\"async\" width=\"700\" height=\"700\" src=\"https:\/\/www.mylasertabac.com\/wp-content\/uploads\/2025\/03\/cbd-pour-arreter-le-cannabis-.webp\" alt=\"\" class=\"wp-image-5306\" style=\"width:586px;height:auto\" srcset=\"https:\/\/www.mylasertabac.com\/wp-content\/uploads\/2025\/03\/cbd-pour-arreter-le-cannabis-.webp 700w, https:\/\/www.mylasertabac.com\/wp-content\/uploads\/2025\/03\/cbd-pour-arreter-le-cannabis--300x300.webp 300w, https:\/\/www.mylasertabac.com\/wp-content\/uploads\/2025\/03\/cbd-pour-arreter-le-cannabis--150x150.webp 150w\" sizes=\"(max-width: 700px) 100vw, 700px\" \/><\/figure>\n\n<h2 class=\"wp-block-heading\"><strong>Quins s\u00f3n els beneficis del CBD en la retirada del c\u00e0nnabis?<\/strong><\/h2>\n\n<p>\u2714 <strong>Reducci\u00f3 de l&#8217;estr\u00e8s i l&#8217;ansietat<\/strong> : deixar el c\u00e0nnabis pot causar <strong>irritabilitat severa<\/strong> i <strong>augment de l&#8217;estr\u00e8s<\/strong> , a causa de la manca de THC. <strong>El CBD t\u00e9 propietats ansiol\u00edtices naturals<\/strong> , ajudant a <strong>estabilitzar l&#8217;estat d&#8217;\u00e0nim<\/strong> i <strong>gestionar millor les situacions d&#8217;estr\u00e8s<\/strong> . <\/p>\n\n<p>\u2714 <strong>Millora del son<\/strong> : molts consumidors de c\u00e0nnabis utilitzen aquesta subst\u00e0ncia per <strong>ajudar-los a adormir-se<\/strong> . Quan s&#8217;atura, es poden produir <strong>insomni<\/strong> o despertars nocturns. <strong>El CBD afavoreix l&#8217;adormiment i millora la qualitat del son<\/strong> , evitant les alteracions relacionades amb la manca de THC.  <\/p>\n\n<p>\u2714 <strong>Alleujament dels s\u00edmptomes f\u00edsics d&#8217;abstin\u00e8ncia<\/strong> : durant l&#8217;abstin\u00e8ncia, poden apar\u00e8ixer s\u00edmptomes com <strong>tensi\u00f3 muscular, mals de cap i nerviosisme<\/strong> . <strong>El CBD t\u00e9 propietats relaxants i antiinflamat\u00f2ries<\/strong> que t&#8217;ajuden <strong>a superar aquest per\u00edode millor<\/strong> . <\/p>\n\n<p>\u2714 <strong>Una transici\u00f3 suau<\/strong> : passar directament del consum habitual de c\u00e0nnabis a deixar de fumar completament pot ser dif\u00edcil, especialment per als <strong>fumadors de molt de temps<\/strong> . <strong>L&#8217;\u00fas del CBD com a substitut<\/strong> pot ser un <strong>primer pas<\/strong> per <strong>reduir gradualment el consum de THC<\/strong> sense experimentar s\u00edmptomes sobtats d&#8217;abstin\u00e8ncia.<\/p>\n\n<div style=\"height:42px\" aria-hidden=\"true\" class=\"wp-block-spacer\"><\/div>\n\n<h2 class=\"wp-block-heading\"><strong>CBD, una soluci\u00f3 ideal per a tothom?<\/strong><\/h2>\n\n<div style=\"height:21px\" aria-hidden=\"true\" class=\"wp-block-spacer\"><\/div>\n\n<p>Tot i que <strong>el CBD pot ajudar<\/strong> a alleujar la retirada, no s&#8217;ha de considerar una <strong>soluci\u00f3 r\u00e0pida<\/strong> . \u00c9s fonamental entendre que <strong>no es tracta d&#8217;un producte destinat a mantenir l&#8217;addicci\u00f3<\/strong> , sin\u00f3 d&#8217;una <strong>eina de transici\u00f3<\/strong> que s&#8217;ha d&#8217;utilitzar de manera intel\u00b7ligent. <\/p>\n\n<div style=\"height:21px\" aria-hidden=\"true\" class=\"wp-block-spacer\"><\/div>\n\n<p>\ud83d\udccc <strong>Testimoni de Sophie, 34 anys<\/strong> :<br\/> <em>&#8220;Vaig provar el CBD despr\u00e9s de deixar el c\u00e0nnabis, i realment em va ajudar a superar les primeres setmanes. Per\u00f2 en algun moment, em vaig adonar que tamb\u00e9 havia de treballar els meus h\u00e0bits i la gesti\u00f3 de l&#8217;estr\u00e8s d&#8217;altres maneres, amb exercici i meditaci\u00f3&#8221;.<\/em><\/p>\n\n<div style=\"height:21px\" aria-hidden=\"true\" class=\"wp-block-spacer\"><\/div>\n\n<p>Per maximitzar els seus efectes i aconseguir una retirada duradora, es recomana <strong>combinar el seu \u00fas amb altres m\u00e8todes<\/strong> com ara:<\/p>\n\n<div style=\"height:21px\" aria-hidden=\"true\" class=\"wp-block-spacer\"><\/div>\n\n<ul class=\"wp-block-list\">\n<li><strong><a href=\"https:\/\/www.mylasertabac.com\/ca\/\">Auriculoter\u00e0pia l\u00e0ser<\/a><\/strong> , que ajuda <strong>a reduir les ganes de consum<\/strong> i <strong>reequilibrar el sistema nervi\u00f3s<\/strong> .<\/li>\n\n\n\n<li><strong>Practicar un esport<\/strong> , que estimula la producci\u00f3 de <strong>dopamina i endorfines<\/strong> , ajudant a recuperar el benestar natural.<\/li>\n\n\n\n<li><strong>Suport psicol\u00f2gic<\/strong> , per treballar els <strong>factors emocionals i conductuals<\/strong> que van provocar el consum.<\/li>\n<\/ul>\n\n<div style=\"height:28px\" aria-hidden=\"true\" class=\"wp-block-spacer\"><\/div>\n\n<p class=\"has-cyan-bluish-gray-background-color has-background\">Aquest article us pot interessar: <a href=\"https:\/\/www.mylasertabac.com\/ca\/informacio\/formacio-laser-antitabac-i-addiccio\/\"><mark style=\"background-color:rgba(0, 0, 0, 0)\" class=\"has-inline-color has-luminous-vivid-orange-color\">Descobriu el m\u00e8tode MyLaserTabac i convertiu-vos en un practicant en reflexologia l\u00e0ser de l&#8217;o\u00efda<\/mark><\/a><\/p>\n\n<div style=\"height:28px\" aria-hidden=\"true\" class=\"wp-block-spacer\"><\/div>\n\n<h2 class=\"wp-block-heading\"><strong>Auriculoter\u00e0pia l\u00e0ser, un m\u00e8tode natural i efica\u00e7 per donar suport a l&#8217;abstin\u00e8ncia<\/strong><\/h2>\n\n<div style=\"height:21px\" aria-hidden=\"true\" class=\"wp-block-spacer\"><\/div>\n\n<h3 class=\"wp-block-heading\"><strong>Com funciona l&#8217;auriculoter\u00e0pia l\u00e0ser?<\/strong><\/h3>\n\n<div style=\"height:21px\" aria-hidden=\"true\" class=\"wp-block-spacer\"><\/div>\n\n<p><strong>L&#8217;auriculoter\u00e0pia l\u00e0ser<\/strong> , tamb\u00e9 anomenada <a href=\"https:\/\/www.mylasertabac.com\/ca\/\">l\u00e0ser antitabac,<\/a> es basa en l&#8217;estimulaci\u00f3 de <strong>punts espec\u00edfics<\/strong> situats a l&#8217;o\u00efda, que estan <strong>directament relacionats amb zones del cervell implicades en la gesti\u00f3 de l&#8217;addicci\u00f3, l&#8217;estr\u00e8s i les emocions<\/strong> .<\/p>\n\n<p>Durant una <strong>sessi\u00f3<\/strong> , el metge utilitza un <strong>l\u00e0ser suau<\/strong> per <strong>enviar senyals al cervell<\/strong> , ajudant a <strong>reduir les ganes de fumar<\/strong> i <strong>reduir els s\u00edmptomes d&#8217;abstin\u00e8ncia<\/strong> .<\/p>\n\n<div style=\"height:21px\" aria-hidden=\"true\" class=\"wp-block-spacer\"><\/div>\n\n<h2 class=\"wp-block-heading\">\ud83d\udccc <strong>Quins s\u00f3n els efectes d&#8217;aquest m\u00e8tode?<\/strong><\/h2>\n\n<div style=\"height:21px\" aria-hidden=\"true\" class=\"wp-block-spacer\"><\/div>\n\n<ul class=\"wp-block-list\">\n<li><strong>Reducci\u00f3 de les ganes de fumar<\/strong> des de la primera sessi\u00f3.<\/li>\n\n\n\n<li><strong>Reducci\u00f3 de l&#8217;estr\u00e8s i l&#8217;ansietat<\/strong> , sovint responsables de les recaigudes.<\/li>\n\n\n\n<li><strong>Millora del son<\/strong> , un element essencial en el proc\u00e9s d&#8217;abstin\u00e8ncia.<\/li>\n\n\n\n<li><strong>Estabilitzaci\u00f3 de l&#8217;estat d&#8217;\u00e0nim<\/strong> , limitant els canvis d&#8217;humor i la irritabilitat.<\/li>\n<\/ul>\n\n<div style=\"height:21px\" aria-hidden=\"true\" class=\"wp-block-spacer\"><\/div>\n\n<figure class=\"wp-block-image alignleft size-large is-resized\"><img loading=\"lazy\" decoding=\"async\" width=\"1024\" height=\"575\" src=\"https:\/\/www.mylasertabac.com\/wp-content\/uploads\/2025\/03\/comment-arreter-le-canabis-seuvrage-reussi-1024x575.jpg\" alt=\"\" class=\"wp-image-5314\" style=\"width:397px;height:auto\" srcset=\"https:\/\/www.mylasertabac.com\/wp-content\/uploads\/2025\/03\/comment-arreter-le-canabis-seuvrage-reussi-1024x575.jpg 1024w, https:\/\/www.mylasertabac.com\/wp-content\/uploads\/2025\/03\/comment-arreter-le-canabis-seuvrage-reussi-300x169.jpg 300w, https:\/\/www.mylasertabac.com\/wp-content\/uploads\/2025\/03\/comment-arreter-le-canabis-seuvrage-reussi-768x432.jpg 768w, https:\/\/www.mylasertabac.com\/wp-content\/uploads\/2025\/03\/comment-arreter-le-canabis-seuvrage-reussi.jpg 1500w\" sizes=\"(max-width: 1024px) 100vw, 1024px\" \/><\/figure>\n\n<h2 class=\"wp-block-heading\"><strong>Realment pots deixar el c\u00e0nnabis amb aquest m\u00e8tode?<\/strong><\/h2>\n\n<p>Moltes <strong>persones que han provat l&#8217;auriculoter\u00e0pia amb l\u00e0ser<\/strong> per al cessament del c\u00e0nnabis informen d&#8217;una <strong>reducci\u00f3 significativa dels desitjos<\/strong> des de les <strong>primeres sessions<\/strong> .<\/p>\n\n<p><\/p>\n\n<p>\ud83d\udccc <strong>Testimoni de Tom\u00e0s, 40 anys<\/strong> :<br\/> <em>&#8220;Vaig intentar deixar de fumar diverses vegades, per\u00f2 els s\u00edmptomes d&#8217;ansietat i abstin\u00e8ncia eren massa forts. Despr\u00e9s de tres sessions d&#8217;auriculoter\u00e0pia amb l\u00e0ser, vaig sentir una millora notable. Els desitjos s\u00f3n menys freq\u00fcents i dormo molt millor&#8221;.<\/em><\/p>\n\n<p>Aquest m\u00e8tode <strong>no \u00e9s miracul\u00f3s<\/strong> , per\u00f2 d\u00f3na <strong>suport efica\u00e7 al proc\u00e9s de deixar de fumar<\/strong> , a m\u00e9s d&#8217;un <strong>canvi d&#8217;estil de vida i un suport adequat<\/strong> .<\/p>\n\n<div style=\"height:37px\" aria-hidden=\"true\" class=\"wp-block-spacer\"><\/div>\n\n<h2 class=\"wp-block-heading\"><strong>Com maximitzar les possibilitats de deixar de fumar amb \u00e8xit?<\/strong><\/h2>\n\n<div style=\"height:21px\" aria-hidden=\"true\" class=\"wp-block-spacer\"><\/div>\n\n<h3 class=\"wp-block-heading\"><strong>Adoptar nous h\u00e0bits per evitar recaigudes<\/strong><\/h3>\n\n<div style=\"height:21px\" aria-hidden=\"true\" class=\"wp-block-spacer\"><\/div>\n\n<p>Deixar de fumar no \u00e9s nom\u00e9s <strong><a href=\"https:\/\/www.mylasertabac.com\/ca\/\">deixar de fumar<\/a><\/strong> , sin\u00f3 <strong>aprendre a viure sense c\u00e0nnabis<\/strong> de nou.<\/p>\n\n<ul class=\"wp-block-list\">\n<li>Substitu\u00efu <strong>els moments de consum<\/strong> per activitats com <strong>l&#8217;esport, la meditaci\u00f3<\/strong> o <strong>els exercicis de respiraci\u00f3<\/strong> .<\/li>\n\n\n\n<li>Eviteu <strong>situacions de risc<\/strong> , com ara festes en qu\u00e8 saps que tindreu la temptaci\u00f3 de fumar.<\/li>\n\n\n\n<li>Apr\u00e8n a <strong>gestionar les teves emocions de manera diferent<\/strong> , consultant un especialista o unint-te a un grup de suport.<\/li>\n<\/ul>\n\n<div style=\"height:21px\" aria-hidden=\"true\" class=\"wp-block-spacer\"><\/div>\n\n<p>\ud83d\udccc <strong>Testimoni de L\u00e9o, 32 anys<\/strong> :<br\/> <em>&#8220;El m\u00e9s dif\u00edcil va ser no recaure quan vaig veure els meus amics fumant. Vaig decidir deixar d&#8217;estar en aquestes situacions i centrar-me en el meu benestar. L&#8217;auriculoter\u00e0pia em va ajudar a gestionar l&#8217;estr\u00e8s i els desitjos&#8221;.<\/em><\/p>\n\n<div style=\"height:22px\" aria-hidden=\"true\" class=\"wp-block-spacer\"><\/div>\n\n<h3 class=\"wp-block-heading\"><strong>Alliberar-se del c\u00e0nnabis per a una millor qualitat de vida<\/strong><\/h3>\n\n<p>Deixar de <strong>fumar c\u00e0nnabis<\/strong> \u00e9s una <strong>decisi\u00f3 valenta<\/strong> que permet recuperar <strong>el benestar f\u00edsic i mental<\/strong> , <strong>una motivaci\u00f3 renovada<\/strong> i una <strong>vida m\u00e9s equilibrada<\/strong> . Aquest proc\u00e9s pot ser <strong>complex<\/strong> , per\u00f2 amb els <strong>m\u00e8todes adequats<\/strong> i <strong>el suport adequat<\/strong> , es fa molt m\u00e9s accessible. <\/p>\n\n<p><strong>L&#8217;auriculoter\u00e0pia l\u00e0ser<\/strong> , a m\u00e9s d&#8217;altres <strong>eines naturals<\/strong> com <strong>el CBD per a una transici\u00f3 gradual<\/strong> , la <strong>pr\u00e0ctica esportiva<\/strong> i <strong>la gesti\u00f3 de l&#8217;estr\u00e8s<\/strong> , ajuda a optimitzar les <strong>possibilitats d&#8217;\u00e8xit<\/strong> . No n&#8217;hi ha prou amb <strong>eliminar el consum<\/strong> , sin\u00f3 <strong>transformar els h\u00e0bits<\/strong> per trobar <strong>una estabilitat duradora<\/strong> i evitar <strong>recaigudes<\/strong> . <\/p>\n\n<p>Cadasc\u00fa evoluciona al seu ritme, i \u00e9s important <strong>marcar-se objectius progressius<\/strong> , <strong>envoltar-se dels recursos adequats<\/strong> i <strong>no dubtar a demanar suport<\/strong> . Deixar el c\u00e0nnabis no significa una <strong>p\u00e8rdua<\/strong> , sin\u00f3 un <strong>nou comen\u00e7ament<\/strong> , una oportunitat per <strong>recuperar el control de la teva vida<\/strong> i <strong>realitzar plenament el teu potencial<\/strong> . <\/p>\n\n<p>\ud83d\udccd <strong>Preparat per fer el primer pas cap a un deslletament reeixit?<\/strong> Descobriu com <strong>l&#8217;auriculoter\u00e0pia amb l\u00e0ser<\/strong> us pot ajudar a deixar de fumar <strong>definitivament<\/strong> i a recuperar una millor qualitat de vida a <a href=\"https:\/\/www.mylasertabac.com\/ca\/\"><strong>MyLaserTabac.com<\/strong><\/a> \ud83d\ude80 \ud83d\udcaa<\/p>\n\n<p>Si voleu deixar de fumar c\u00e0nnabis, visiteu un dels <a href=\"https:\/\/www.mylasertabac.com\/ca\/els-nostres-centres\/\">nostres centres de Fran\u00e7a i Europa<\/a> .<\/p>\n\n<div style=\"height:33px\" aria-hidden=\"true\" class=\"wp-block-spacer\"><\/div>\n\n<figure class=\"wp-block-image size-large\"><img decoding=\"async\" src=\"https:\/\/www.mylasertabac.com\/wp-content\/uploads\/\/mlt-verteau.svg\" alt=\"\" class=\"wp-image-13\"\/><\/figure>\n","protected":false},"excerpt":{"rendered":"<p>Comprendre els reptes de la retirada del c\u00e0nnabis Deixar de fumar c\u00e0nnabis \u00e9s una decisi\u00f3 valenta que pot transformar significativament la teva vida di\u00e0ria . No obstant aix\u00f2, per a moltes persones , deixar de fumar representa un veritable repte , a causa dels efectes del THC sobre el cervell i de la doble addicci\u00f3 [&hellip;]<\/p>\n","protected":false},"author":2,"featured_media":5291,"comment_status":"closed","ping_status":"open","sticky":false,"template":"","format":"standard","meta":{"inline_featured_image":false,"footnotes":""},"categories":[408],"tags":[],"class_list":["post-6432","post","type-post","status-publish","format-standard","has-post-thumbnail","hentry","category-retirada-del-cannabis"],"yoast_head":"<!-- This site is optimized with the Yoast SEO plugin v27.5 - https:\/\/yoast.com\/product\/yoast-seo-wordpress\/ -->\n<title>Com deixar de fumar c\u00e0nnabis? Un m\u00e8tode efica\u00e7 per al deslletament suau - My Laser Tabac<\/title>\n<meta name=\"description\" content=\"Descobriu maneres efectives de deixar de fumar c\u00e0nnabis, superar l&#039;addicci\u00f3 i recuperar una vida m\u00e9s sana i equilibrada.\" \/>\n<meta name=\"robots\" content=\"index, follow, max-snippet:-1, max-image-preview:large, max-video-preview:-1\" \/>\n<link rel=\"canonical\" href=\"https:\/\/www.mylasertabac.com\/ca\/com-deixar-de-fumar-cannabis-un-metode-eficac-per-al-deslletament-suau\/\" \/>\n<meta property=\"og:locale\" content=\"ca_ES\" \/>\n<meta property=\"og:type\" content=\"article\" \/>\n<meta property=\"og:title\" content=\"Com deixar de fumar c\u00e0nnabis? Un m\u00e8tode efica\u00e7 per al deslletament suau - My Laser Tabac\" \/>\n<meta property=\"og:description\" content=\"Descobriu maneres efectives de deixar de fumar c\u00e0nnabis, superar l&#039;addicci\u00f3 i recuperar una vida m\u00e9s sana i equilibrada.\" \/>\n<meta property=\"og:url\" content=\"https:\/\/www.mylasertabac.com\/ca\/com-deixar-de-fumar-cannabis-un-metode-eficac-per-al-deslletament-suau\/\" \/>\n<meta property=\"og:site_name\" content=\"My Laser Tabac\" \/>\n<meta property=\"article:author\" content=\"https:\/\/www.facebook.com\/profile.php?id=61571554707319\" \/>\n<meta property=\"article:published_time\" content=\"2025-03-26T12:48:33+00:00\" \/>\n<meta property=\"article:modified_time\" content=\"2025-03-26T14:21:14+00:00\" \/>\n<meta property=\"og:image\" content=\"https:\/\/www.mylasertabac.com\/wp-content\/uploads\/2025\/03\/sevrage-canabis-.png\" \/>\n\t<meta property=\"og:image:width\" content=\"567\" \/>\n\t<meta property=\"og:image:height\" content=\"375\" \/>\n\t<meta property=\"og:image:type\" content=\"image\/png\" \/>\n<meta name=\"author\" content=\"Florian Fortes\" \/>\n<meta name=\"twitter:card\" content=\"summary_large_image\" \/>\n<meta name=\"twitter:label1\" content=\"Escrit per\" \/>\n\t<meta name=\"twitter:data1\" content=\"Florian Fortes\" \/>\n\t<meta name=\"twitter:label2\" content=\"Temps estimat de lectura\" \/>\n\t<meta name=\"twitter:data2\" content=\"9 minuts\" \/>\n<script type=\"application\/ld+json\" class=\"yoast-schema-graph\">{\"@context\":\"https:\\\/\\\/schema.org\",\"@graph\":[{\"@type\":\"Article\",\"@id\":\"https:\\\/\\\/www.mylasertabac.com\\\/ca\\\/com-deixar-de-fumar-cannabis-un-metode-eficac-per-al-deslletament-suau\\\/#article\",\"isPartOf\":{\"@id\":\"https:\\\/\\\/www.mylasertabac.com\\\/ca\\\/com-deixar-de-fumar-cannabis-un-metode-eficac-per-al-deslletament-suau\\\/\"},\"author\":{\"name\":\"Florian Fortes\",\"@id\":\"https:\\\/\\\/www.mylasertabac.com\\\/ca\\\/#\\\/schema\\\/person\\\/02c249cb76d912efb6c315ec23eccdf3\"},\"headline\":\"Com deixar de fumar c\u00e0nnabis? Un m\u00e8tode efica\u00e7 per al deslletament suau\",\"datePublished\":\"2025-03-26T12:48:33+00:00\",\"dateModified\":\"2025-03-26T14:21:14+00:00\",\"mainEntityOfPage\":{\"@id\":\"https:\\\/\\\/www.mylasertabac.com\\\/ca\\\/com-deixar-de-fumar-cannabis-un-metode-eficac-per-al-deslletament-suau\\\/\"},\"wordCount\":1870,\"publisher\":{\"@id\":\"https:\\\/\\\/www.mylasertabac.com\\\/ca\\\/#organization\"},\"image\":{\"@id\":\"https:\\\/\\\/www.mylasertabac.com\\\/ca\\\/com-deixar-de-fumar-cannabis-un-metode-eficac-per-al-deslletament-suau\\\/#primaryimage\"},\"thumbnailUrl\":\"https:\\\/\\\/www.mylasertabac.com\\\/wp-content\\\/uploads\\\/2025\\\/03\\\/sevrage-canabis-.png\",\"articleSection\":[\"retirada del c\u00e0nnabis\"],\"inLanguage\":\"ca\"},{\"@type\":\"WebPage\",\"@id\":\"https:\\\/\\\/www.mylasertabac.com\\\/ca\\\/com-deixar-de-fumar-cannabis-un-metode-eficac-per-al-deslletament-suau\\\/\",\"url\":\"https:\\\/\\\/www.mylasertabac.com\\\/ca\\\/com-deixar-de-fumar-cannabis-un-metode-eficac-per-al-deslletament-suau\\\/\",\"name\":\"Com deixar de fumar c\u00e0nnabis? Un m\u00e8tode efica\u00e7 per al deslletament suau - My Laser Tabac\",\"isPartOf\":{\"@id\":\"https:\\\/\\\/www.mylasertabac.com\\\/ca\\\/#website\"},\"primaryImageOfPage\":{\"@id\":\"https:\\\/\\\/www.mylasertabac.com\\\/ca\\\/com-deixar-de-fumar-cannabis-un-metode-eficac-per-al-deslletament-suau\\\/#primaryimage\"},\"image\":{\"@id\":\"https:\\\/\\\/www.mylasertabac.com\\\/ca\\\/com-deixar-de-fumar-cannabis-un-metode-eficac-per-al-deslletament-suau\\\/#primaryimage\"},\"thumbnailUrl\":\"https:\\\/\\\/www.mylasertabac.com\\\/wp-content\\\/uploads\\\/2025\\\/03\\\/sevrage-canabis-.png\",\"datePublished\":\"2025-03-26T12:48:33+00:00\",\"dateModified\":\"2025-03-26T14:21:14+00:00\",\"description\":\"Descobriu maneres efectives de deixar de fumar c\u00e0nnabis, superar l'addicci\u00f3 i recuperar una vida m\u00e9s sana i equilibrada.\",\"breadcrumb\":{\"@id\":\"https:\\\/\\\/www.mylasertabac.com\\\/ca\\\/com-deixar-de-fumar-cannabis-un-metode-eficac-per-al-deslletament-suau\\\/#breadcrumb\"},\"inLanguage\":\"ca\",\"potentialAction\":[{\"@type\":\"ReadAction\",\"target\":[\"https:\\\/\\\/www.mylasertabac.com\\\/ca\\\/com-deixar-de-fumar-cannabis-un-metode-eficac-per-al-deslletament-suau\\\/\"]}]},{\"@type\":\"ImageObject\",\"inLanguage\":\"ca\",\"@id\":\"https:\\\/\\\/www.mylasertabac.com\\\/ca\\\/com-deixar-de-fumar-cannabis-un-metode-eficac-per-al-deslletament-suau\\\/#primaryimage\",\"url\":\"https:\\\/\\\/www.mylasertabac.com\\\/wp-content\\\/uploads\\\/2025\\\/03\\\/sevrage-canabis-.png\",\"contentUrl\":\"https:\\\/\\\/www.mylasertabac.com\\\/wp-content\\\/uploads\\\/2025\\\/03\\\/sevrage-canabis-.png\",\"width\":567,\"height\":375},{\"@type\":\"BreadcrumbList\",\"@id\":\"https:\\\/\\\/www.mylasertabac.com\\\/ca\\\/com-deixar-de-fumar-cannabis-un-metode-eficac-per-al-deslletament-suau\\\/#breadcrumb\",\"itemListElement\":[{\"@type\":\"ListItem\",\"position\":1,\"name\":\"Accueil\",\"item\":\"https:\\\/\\\/www.mylasertabac.com\\\/ca\\\/benvingut\\\/\"},{\"@type\":\"ListItem\",\"position\":2,\"name\":\"Com deixar de fumar c\u00e0nnabis? Un m\u00e8tode efica\u00e7 per al deslletament suau\"}]},{\"@type\":\"WebSite\",\"@id\":\"https:\\\/\\\/www.mylasertabac.com\\\/ca\\\/#website\",\"url\":\"https:\\\/\\\/www.mylasertabac.com\\\/ca\\\/\",\"name\":\"My Laser Tabac\",\"description\":\"La solution laser qui transforme les fumeurs en ex-fumeurs\",\"publisher\":{\"@id\":\"https:\\\/\\\/www.mylasertabac.com\\\/ca\\\/#organization\"},\"potentialAction\":[{\"@type\":\"SearchAction\",\"target\":{\"@type\":\"EntryPoint\",\"urlTemplate\":\"https:\\\/\\\/www.mylasertabac.com\\\/ca\\\/?s={search_term_string}\"},\"query-input\":{\"@type\":\"PropertyValueSpecification\",\"valueRequired\":true,\"valueName\":\"search_term_string\"}}],\"inLanguage\":\"ca\"},{\"@type\":\"Organization\",\"@id\":\"https:\\\/\\\/www.mylasertabac.com\\\/ca\\\/#organization\",\"name\":\"My Laser Tabac\",\"url\":\"https:\\\/\\\/www.mylasertabac.com\\\/ca\\\/\",\"logo\":{\"@type\":\"ImageObject\",\"inLanguage\":\"ca\",\"@id\":\"https:\\\/\\\/www.mylasertabac.com\\\/ca\\\/#\\\/schema\\\/logo\\\/image\\\/\",\"url\":\"https:\\\/\\\/www.mylasertabac.com\\\/wp-content\\\/uploads\\\/2024\\\/12\\\/mlt-verteau.svg\",\"contentUrl\":\"https:\\\/\\\/www.mylasertabac.com\\\/wp-content\\\/uploads\\\/2024\\\/12\\\/mlt-verteau.svg\",\"caption\":\"My Laser Tabac\"},\"image\":{\"@id\":\"https:\\\/\\\/www.mylasertabac.com\\\/ca\\\/#\\\/schema\\\/logo\\\/image\\\/\"}},{\"@type\":\"Person\",\"@id\":\"https:\\\/\\\/www.mylasertabac.com\\\/ca\\\/#\\\/schema\\\/person\\\/02c249cb76d912efb6c315ec23eccdf3\",\"name\":\"Florian Fortes\",\"image\":{\"@type\":\"ImageObject\",\"inLanguage\":\"ca\",\"@id\":\"https:\\\/\\\/www.mylasertabac.com\\\/wp-content\\\/litespeed\\\/avatar\\\/142101a71d7b9e6490c1120d9c109a67.jpg?ver=1777461116\",\"url\":\"https:\\\/\\\/www.mylasertabac.com\\\/wp-content\\\/litespeed\\\/avatar\\\/142101a71d7b9e6490c1120d9c109a67.jpg?ver=1777461116\",\"contentUrl\":\"https:\\\/\\\/www.mylasertabac.com\\\/wp-content\\\/litespeed\\\/avatar\\\/142101a71d7b9e6490c1120d9c109a67.jpg?ver=1777461116\",\"caption\":\"Florian Fortes\"},\"sameAs\":[\"https:\\\/\\\/www.mylasertabac.com\",\"https:\\\/\\\/www.facebook.com\\\/profile.php?id=61571554707319\"],\"url\":\"https:\\\/\\\/www.mylasertabac.com\\\/ca\\\/author\\\/florianfortes5312\\\/\"}]}<\/script>\n<!-- \/ Yoast SEO plugin. -->","yoast_head_json":{"title":"Com deixar de fumar c\u00e0nnabis? Un m\u00e8tode efica\u00e7 per al deslletament suau - My Laser Tabac","description":"Descobriu maneres efectives de deixar de fumar c\u00e0nnabis, superar l'addicci\u00f3 i recuperar una vida m\u00e9s sana i equilibrada.","robots":{"index":"index","follow":"follow","max-snippet":"max-snippet:-1","max-image-preview":"max-image-preview:large","max-video-preview":"max-video-preview:-1"},"canonical":"https:\/\/www.mylasertabac.com\/ca\/com-deixar-de-fumar-cannabis-un-metode-eficac-per-al-deslletament-suau\/","og_locale":"ca_ES","og_type":"article","og_title":"Com deixar de fumar c\u00e0nnabis? Un m\u00e8tode efica\u00e7 per al deslletament suau - My Laser Tabac","og_description":"Descobriu maneres efectives de deixar de fumar c\u00e0nnabis, superar l'addicci\u00f3 i recuperar una vida m\u00e9s sana i equilibrada.","og_url":"https:\/\/www.mylasertabac.com\/ca\/com-deixar-de-fumar-cannabis-un-metode-eficac-per-al-deslletament-suau\/","og_site_name":"My Laser Tabac","article_author":"https:\/\/www.facebook.com\/profile.php?id=61571554707319","article_published_time":"2025-03-26T12:48:33+00:00","article_modified_time":"2025-03-26T14:21:14+00:00","og_image":[{"width":567,"height":375,"url":"https:\/\/www.mylasertabac.com\/wp-content\/uploads\/2025\/03\/sevrage-canabis-.png","type":"image\/png"}],"author":"Florian Fortes","twitter_card":"summary_large_image","twitter_misc":{"Escrit per":"Florian Fortes","Temps estimat de lectura":"9 minuts"},"schema":{"@context":"https:\/\/schema.org","@graph":[{"@type":"Article","@id":"https:\/\/www.mylasertabac.com\/ca\/com-deixar-de-fumar-cannabis-un-metode-eficac-per-al-deslletament-suau\/#article","isPartOf":{"@id":"https:\/\/www.mylasertabac.com\/ca\/com-deixar-de-fumar-cannabis-un-metode-eficac-per-al-deslletament-suau\/"},"author":{"name":"Florian Fortes","@id":"https:\/\/www.mylasertabac.com\/ca\/#\/schema\/person\/02c249cb76d912efb6c315ec23eccdf3"},"headline":"Com deixar de fumar c\u00e0nnabis? Un m\u00e8tode efica\u00e7 per al deslletament suau","datePublished":"2025-03-26T12:48:33+00:00","dateModified":"2025-03-26T14:21:14+00:00","mainEntityOfPage":{"@id":"https:\/\/www.mylasertabac.com\/ca\/com-deixar-de-fumar-cannabis-un-metode-eficac-per-al-deslletament-suau\/"},"wordCount":1870,"publisher":{"@id":"https:\/\/www.mylasertabac.com\/ca\/#organization"},"image":{"@id":"https:\/\/www.mylasertabac.com\/ca\/com-deixar-de-fumar-cannabis-un-metode-eficac-per-al-deslletament-suau\/#primaryimage"},"thumbnailUrl":"https:\/\/www.mylasertabac.com\/wp-content\/uploads\/2025\/03\/sevrage-canabis-.png","articleSection":["retirada del c\u00e0nnabis"],"inLanguage":"ca"},{"@type":"WebPage","@id":"https:\/\/www.mylasertabac.com\/ca\/com-deixar-de-fumar-cannabis-un-metode-eficac-per-al-deslletament-suau\/","url":"https:\/\/www.mylasertabac.com\/ca\/com-deixar-de-fumar-cannabis-un-metode-eficac-per-al-deslletament-suau\/","name":"Com deixar de fumar c\u00e0nnabis? Un m\u00e8tode efica\u00e7 per al deslletament suau - My Laser Tabac","isPartOf":{"@id":"https:\/\/www.mylasertabac.com\/ca\/#website"},"primaryImageOfPage":{"@id":"https:\/\/www.mylasertabac.com\/ca\/com-deixar-de-fumar-cannabis-un-metode-eficac-per-al-deslletament-suau\/#primaryimage"},"image":{"@id":"https:\/\/www.mylasertabac.com\/ca\/com-deixar-de-fumar-cannabis-un-metode-eficac-per-al-deslletament-suau\/#primaryimage"},"thumbnailUrl":"https:\/\/www.mylasertabac.com\/wp-content\/uploads\/2025\/03\/sevrage-canabis-.png","datePublished":"2025-03-26T12:48:33+00:00","dateModified":"2025-03-26T14:21:14+00:00","description":"Descobriu maneres efectives de deixar de fumar c\u00e0nnabis, superar l'addicci\u00f3 i recuperar una vida m\u00e9s sana i equilibrada.","breadcrumb":{"@id":"https:\/\/www.mylasertabac.com\/ca\/com-deixar-de-fumar-cannabis-un-metode-eficac-per-al-deslletament-suau\/#breadcrumb"},"inLanguage":"ca","potentialAction":[{"@type":"ReadAction","target":["https:\/\/www.mylasertabac.com\/ca\/com-deixar-de-fumar-cannabis-un-metode-eficac-per-al-deslletament-suau\/"]}]},{"@type":"ImageObject","inLanguage":"ca","@id":"https:\/\/www.mylasertabac.com\/ca\/com-deixar-de-fumar-cannabis-un-metode-eficac-per-al-deslletament-suau\/#primaryimage","url":"https:\/\/www.mylasertabac.com\/wp-content\/uploads\/2025\/03\/sevrage-canabis-.png","contentUrl":"https:\/\/www.mylasertabac.com\/wp-content\/uploads\/2025\/03\/sevrage-canabis-.png","width":567,"height":375},{"@type":"BreadcrumbList","@id":"https:\/\/www.mylasertabac.com\/ca\/com-deixar-de-fumar-cannabis-un-metode-eficac-per-al-deslletament-suau\/#breadcrumb","itemListElement":[{"@type":"ListItem","position":1,"name":"Accueil","item":"https:\/\/www.mylasertabac.com\/ca\/benvingut\/"},{"@type":"ListItem","position":2,"name":"Com deixar de fumar c\u00e0nnabis? Un m\u00e8tode efica\u00e7 per al deslletament suau"}]},{"@type":"WebSite","@id":"https:\/\/www.mylasertabac.com\/ca\/#website","url":"https:\/\/www.mylasertabac.com\/ca\/","name":"My Laser Tabac","description":"La solution laser qui transforme les fumeurs en ex-fumeurs","publisher":{"@id":"https:\/\/www.mylasertabac.com\/ca\/#organization"},"potentialAction":[{"@type":"SearchAction","target":{"@type":"EntryPoint","urlTemplate":"https:\/\/www.mylasertabac.com\/ca\/?s={search_term_string}"},"query-input":{"@type":"PropertyValueSpecification","valueRequired":true,"valueName":"search_term_string"}}],"inLanguage":"ca"},{"@type":"Organization","@id":"https:\/\/www.mylasertabac.com\/ca\/#organization","name":"My Laser Tabac","url":"https:\/\/www.mylasertabac.com\/ca\/","logo":{"@type":"ImageObject","inLanguage":"ca","@id":"https:\/\/www.mylasertabac.com\/ca\/#\/schema\/logo\/image\/","url":"https:\/\/www.mylasertabac.com\/wp-content\/uploads\/2024\/12\/mlt-verteau.svg","contentUrl":"https:\/\/www.mylasertabac.com\/wp-content\/uploads\/2024\/12\/mlt-verteau.svg","caption":"My Laser Tabac"},"image":{"@id":"https:\/\/www.mylasertabac.com\/ca\/#\/schema\/logo\/image\/"}},{"@type":"Person","@id":"https:\/\/www.mylasertabac.com\/ca\/#\/schema\/person\/02c249cb76d912efb6c315ec23eccdf3","name":"Florian Fortes","image":{"@type":"ImageObject","inLanguage":"ca","@id":"https:\/\/www.mylasertabac.com\/wp-content\/litespeed\/avatar\/142101a71d7b9e6490c1120d9c109a67.jpg?ver=1777461116","url":"https:\/\/www.mylasertabac.com\/wp-content\/litespeed\/avatar\/142101a71d7b9e6490c1120d9c109a67.jpg?ver=1777461116","contentUrl":"https:\/\/www.mylasertabac.com\/wp-content\/litespeed\/avatar\/142101a71d7b9e6490c1120d9c109a67.jpg?ver=1777461116","caption":"Florian Fortes"},"sameAs":["https:\/\/www.mylasertabac.com","https:\/\/www.facebook.com\/profile.php?id=61571554707319"],"url":"https:\/\/www.mylasertabac.com\/ca\/author\/florianfortes5312\/"}]}},"_links":{"self":[{"href":"https:\/\/www.mylasertabac.com\/ca\/wp-json\/wp\/v2\/posts\/6432","targetHints":{"allow":["GET"]}}],"collection":[{"href":"https:\/\/www.mylasertabac.com\/ca\/wp-json\/wp\/v2\/posts"}],"about":[{"href":"https:\/\/www.mylasertabac.com\/ca\/wp-json\/wp\/v2\/types\/post"}],"author":[{"embeddable":true,"href":"https:\/\/www.mylasertabac.com\/ca\/wp-json\/wp\/v2\/users\/2"}],"replies":[{"embeddable":true,"href":"https:\/\/www.mylasertabac.com\/ca\/wp-json\/wp\/v2\/comments?post=6432"}],"version-history":[{"count":1,"href":"https:\/\/www.mylasertabac.com\/ca\/wp-json\/wp\/v2\/posts\/6432\/revisions"}],"predecessor-version":[{"id":6433,"href":"https:\/\/www.mylasertabac.com\/ca\/wp-json\/wp\/v2\/posts\/6432\/revisions\/6433"}],"wp:featuredmedia":[{"embeddable":true,"href":"https:\/\/www.mylasertabac.com\/ca\/wp-json\/wp\/v2\/media\/5291"}],"wp:attachment":[{"href":"https:\/\/www.mylasertabac.com\/ca\/wp-json\/wp\/v2\/media?parent=6432"}],"wp:term":[{"taxonomy":"category","embeddable":true,"href":"https:\/\/www.mylasertabac.com\/ca\/wp-json\/wp\/v2\/categories?post=6432"},{"taxonomy":"post_tag","embeddable":true,"href":"https:\/\/www.mylasertabac.com\/ca\/wp-json\/wp\/v2\/tags?post=6432"}],"curies":[{"name":"wp","href":"https:\/\/api.w.org\/{rel}","templated":true}]}}