{"id":7062,"date":"2025-04-13T11:01:47","date_gmt":"2025-04-13T09:01:47","guid":{"rendered":"https:\/\/www.mylasertabac.com\/limpacte-del-tabaquisme-en-la-salut-mental\/"},"modified":"2025-04-13T11:22:54","modified_gmt":"2025-04-13T09:22:54","slug":"limpacte-del-tabaquisme-en-la-salut-mental","status":"publish","type":"post","link":"https:\/\/www.mylasertabac.com\/ca\/limpacte-del-tabaquisme-en-la-salut-mental\/","title":{"rendered":"L&#8217;impacte del tabaquisme en la salut mental"},"content":{"rendered":"\n<div style=\"height:24px\" aria-hidden=\"true\" class=\"wp-block-spacer\"><\/div>\n\n<p>El tabaquisme sovint es considera simplement un factor de risc per a malalties f\u00edsiques, com el c\u00e0ncer de pulm\u00f3 o les malalties cardiovasculars. No obstant aix\u00f2, el seu impacte en la salut mental \u00e9s igualment preocupant. Nombrosos estudis han demostrat que fumar t\u00e9 efectes directes sobre el cervell, contribuint a l&#8217;ansietat, la depressi\u00f3 i altres trastorns mentals.  <\/p>\n\n<p>La ind\u00fastria del tabac fa temps que promou la idea que els cigarrets s\u00f3n una manera efica\u00e7 de gestionar l&#8217;estr\u00e8s i l&#8217;estat d&#8217;\u00e0nim. No obstant aix\u00f2, les dades cient\u00edfiques mostren que els fumadors, en lloc de sentir-se millor, es troben atrapats en un cercle vici\u00f3s d&#8217;addicci\u00f3 al tabac que empitjora el seu benestar mental. <\/p>\n\n<p>Aquest article es basa en els resultats de diversos estudis nacionals i internacionals per entendre millor els vincles entre el tabac i la salut mental. Explorarem per qu\u00e8 els cigarrets afecten negativament l&#8217;estat d&#8217;\u00e0nim, per qu\u00e8 augmenten els problemes de salut mental i com deixar de fumar pot millorar la vida dels pacients amb problemes psicol\u00f2gics. <\/p>\n\n<div style=\"height:24px\" aria-hidden=\"true\" class=\"wp-block-spacer\"><\/div>\n\n<h2 class=\"wp-block-heading\"><strong>Per qu\u00e8 el tabaquisme afecta la salut mental?<\/strong><\/h2>\n\n<div style=\"height:24px\" aria-hidden=\"true\" class=\"wp-block-spacer\"><\/div>\n\n<h3 class=\"wp-block-heading\"><strong>L&#8217;efecte de la nicotina sobre el cervell i els neurotransmissors<\/strong><\/h3>\n\n<div style=\"height:24px\" aria-hidden=\"true\" class=\"wp-block-spacer\"><\/div>\n\n<p>La nicotina, el principal component addictiu dels productes del tabac, actua directament sobre el cervell estimulant la producci\u00f3 de dopamina, un neurotransmissor responsable de la sensaci\u00f3 de plaer. Aquest efecte explica per qu\u00e8 tants fumadors senten un alleujament immediat despr\u00e9s d&#8217;encendre una cigarreta. <\/p>\n\n<p>No obstant aix\u00f2, aquest efecte \u00e9s temporal. R\u00e0pidament, la concentraci\u00f3 de nicotina al cervell baixa, provocant una sensaci\u00f3 d&#8217;abstin\u00e8ncia que intensifica l&#8217;estr\u00e8s i l&#8217;ansietat. Els participants en estudis sobre l&#8217;addicci\u00f3 al tabac sovint informen d&#8217;un augment dels problemes de salut mental, com ara la depressi\u00f3, quan intenten reduir-los.  <\/p>\n\n<div style=\"height:24px\" aria-hidden=\"true\" class=\"wp-block-spacer\"><\/div>\n\n<h3 class=\"wp-block-heading\"><strong>Tabac i ansietat: un fals remei<\/strong><\/h3>\n\n<div style=\"height:24px\" aria-hidden=\"true\" class=\"wp-block-spacer\"><\/div>\n\n<p>\u00c9s habitual sentir que fumar ajuda a controlar l&#8217;estr\u00e8s. No obstant aix\u00f2, diversos investigadors han demostrat que aquesta creen\u00e7a \u00e9s infundada. Un estudi nacional de pacients amb trastorns d&#8217;ansietat va trobar que els fumadors tenen m\u00e9s probabilitats de patir ansietat cr\u00f2nica que els no fumadors.  <\/p>\n\n<p>El consum regular de tabac provoca fluctuacions en els nivells de nicotina al cervell, la qual cosa altera la regulaci\u00f3 de l&#8217;estat d&#8217;\u00e0nim. En lloc de reduir l&#8217;estr\u00e8s, fumar l&#8217;augmenta, fent que el fumador sigui m\u00e9s vulnerable als problemes de salut mental a llarg termini. <\/p>\n\n<div style=\"height:24px\" aria-hidden=\"true\" class=\"wp-block-spacer\"><\/div>\n\n<h3 class=\"wp-block-heading\"><strong>Tabac i depressi\u00f3: un cercle vici\u00f3s<\/strong><\/h3>\n\n<div style=\"height:24px\" aria-hidden=\"true\" class=\"wp-block-spacer\"><\/div>\n\n<p>Els vincles entre el tabaquisme i la depressi\u00f3 s\u00f3n especialment preocupants. Un estudi recent va demostrar que els participants amb una alta depend\u00e8ncia de la nicotina tenen m\u00e9s probabilitats de desenvolupar trastorns depressius que els que no fumen. <\/p>\n\n<p>La ind\u00fastria del tabac, conscient d&#8217;aquestes dades, s&#8217;ha dirigit a joves i pacients vulnerables comercialitzant productes de vapeig, suposadament menys nocius. No obstant aix\u00f2, aquests productes mantenen l&#8217;addicci\u00f3 al tabac i empitjoren els problemes de salut mental en aquells que intenten controlar el seu estat d&#8217;\u00e0nim amb nicotina. <\/p>\n\n<div style=\"height:35px\" aria-hidden=\"true\" class=\"wp-block-spacer\"><\/div>\n\n<figure class=\"wp-block-image alignright size-full is-resized\"><img fetchpriority=\"high\" decoding=\"async\" width=\"949\" height=\"702\" src=\"https:\/\/www.mylasertabac.com\/wp-content\/uploads\/2024\/12\/happy-women-mylasterbac.jpg\" alt=\"\" class=\"wp-image-362\" style=\"width:417px;height:auto\" srcset=\"https:\/\/www.mylasertabac.com\/wp-content\/uploads\/2024\/12\/happy-women-mylasterbac.jpg 949w, https:\/\/www.mylasertabac.com\/wp-content\/uploads\/2024\/12\/happy-women-mylasterbac-300x222.jpg 300w, https:\/\/www.mylasertabac.com\/wp-content\/uploads\/2024\/12\/happy-women-mylasterbac-768x568.jpg 768w\" sizes=\"(max-width: 949px) 100vw, 949px\" \/><\/figure>\n\n<h2 class=\"wp-block-heading\"><strong>Deixar de fumar per recuperar una bona salut mental<\/strong><\/h2>\n\n<h3 class=\"wp-block-heading\"><strong>Els efectes positius de l&#8217;abstin\u00e8ncia sobre el cervell<\/strong><\/h3>\n\n<p><a href=\"https:\/\/www.mylasertabac.com\/ca\/\">Deixar de fumar<\/a> provoca s\u00edmptomes d&#8217;abstin\u00e8ncia, com ara irritabilitat, alteracions del son i sensaci\u00f3 de buit. Tanmateix, aquests s\u00edmptomes s\u00f3n temporals i els beneficis a llarg termini per a la salut mental s\u00f3n considerables. <\/p>\n\n<p>Els estudis han demostrat que despr\u00e9s d&#8217;unes setmanes sense fumar, els nivells de dopamina i serotonina al cervell comencen a regular-se de manera natural. Els pacients que deixen de fumar informen que milloren l&#8217;estat d&#8217;\u00e0nim, redueixen l&#8217;estr\u00e8s i augmenten la sensaci\u00f3 de control sobre les seves vides. <\/p>\n\n<div style=\"height:61px\" aria-hidden=\"true\" class=\"wp-block-spacer\"><\/div>\n\n<h3 class=\"wp-block-heading\"><strong>Gestionar l&#8217;estr\u00e8s i les emocions sense cigarrets<\/strong><\/h3>\n\n<div style=\"height:24px\" aria-hidden=\"true\" class=\"wp-block-spacer\"><\/div>\n\n<p>Deixar de fumar no vol dir que l&#8217;estr\u00e8s desaparegui, per\u00f2 es pot gestionar d&#8217;altres maneres. Aquestes s\u00f3n algunes estrat\u00e8gies efectives: <\/p>\n\n<div style=\"height:24px\" aria-hidden=\"true\" class=\"wp-block-spacer\"><\/div>\n\n<ul class=\"wp-block-list\">\n<li>T\u00e8cniques de respiraci\u00f3: exercicis com la coher\u00e8ncia card\u00edaca poden reduir l&#8217;ansietat en nom\u00e9s uns minuts.<\/li>\n\n\n\n<li>Activitat f\u00edsica: L&#8217;exercici allibera endorfines, que milloren l&#8217;estat d&#8217;\u00e0nim i redueixen l&#8217;ansietat.<\/li>\n\n\n\n<li>Ter\u00e0pia conductual: Suport d&#8217;un professional per aprendre a gestionar els s\u00edmptomes emocionals sense rec\u00f3rrer al cigarret.<\/li>\n<\/ul>\n\n<div style=\"height:24px\" aria-hidden=\"true\" class=\"wp-block-spacer\"><\/div>\n\n<p>Aquestes solucions ens permeten trencar amb la ind\u00fastria del tabac, que ven falsament cigarrets com a remei contra l&#8217;estr\u00e8s.<\/p>\n\n<div style=\"height:24px\" aria-hidden=\"true\" class=\"wp-block-spacer\"><\/div>\n\n<p class=\"has-cyan-bluish-gray-background-color has-background\">Potser us interessa aquest article: <a href=\"https:\/\/www.mylasertabac.com\/ca\/per-que-algunes-persones-perden-pes-despres-de-deixar-de-fumar\/\"><mark style=\"background-color:rgba(0, 0, 0, 0)\" class=\"has-inline-color has-luminous-vivid-orange-color\">Per qu\u00e8 algunes persones perden pes despr\u00e9s de deixar de fumar?<\/mark><\/a><\/p>\n\n<div style=\"height:24px\" aria-hidden=\"true\" class=\"wp-block-spacer\"><\/div>\n\n<h3 class=\"wp-block-heading\"><strong>L\u00e0ser antitabac, un m\u00e8tode suau per deixar de fumar sense estr\u00e8s<\/strong><\/h3>\n\n<div style=\"height:24px\" aria-hidden=\"true\" class=\"wp-block-spacer\"><\/div>\n\n<p>El <a href=\"https:\/\/www.mylasertabac.com\/ca\/\">l\u00e0ser antitabac<\/a> \u00e9s una alternativa moderna que facilita deixar de fumar reduint els s\u00edmptomes d&#8217;abstin\u00e8ncia. Funciona estimulant els punts d&#8217;acupuntura, reduint aix\u00ed els trastorns mentals relacionats amb l&#8217;abstin\u00e8ncia de nicotina. <\/p>\n\n<p>Molts pacients que han provat aquest m\u00e8tode informen d&#8217;una r\u00e0pida reducci\u00f3 de la seva addicci\u00f3, amb un efecte calmant sobre el cervell. A difer\u00e8ncia dels productes de vaporitzaci\u00f3 o de substituci\u00f3 de la nicotina, aquest m\u00e8tode no mant\u00e9 l&#8217;addicci\u00f3 i afavoreix la recuperaci\u00f3 duradora. <\/p>\n\n<div style=\"height:24px\" aria-hidden=\"true\" class=\"wp-block-spacer\"><\/div>\n\n<h2 class=\"wp-block-heading\"><strong>Conclusi\u00f3: un pas cap a una millor salut mental<\/strong><\/h2>\n\n<div style=\"height:24px\" aria-hidden=\"true\" class=\"wp-block-spacer\"><\/div>\n\n<p>Fumar no \u00e9s una soluci\u00f3 per controlar l&#8217;estr\u00e8s, ans al contrari. Nombrosos estudis han demostrat que empitjora els trastorns mentals, augmentant el risc de depressi\u00f3, ansietat i altres problemes psicol\u00f2gics. <\/p>\n\n<p>Deixar de fumar \u00e9s un pas essencial per recuperar una vida equilibrada i millorar el teu benestar mental. Amb m\u00e8todes com els l\u00e0sers antitabac, els fumadors poden deixar la seva addicci\u00f3 sense experimentar canvis d&#8217;humor significatius. <\/p>\n\n<p>Alliberar-se del tabac vol dir tenir cura de la seva salut mental i donar-se una millor qualitat de vida. \ud83d\udead \ud83d\udc86\u200d\u2642\ufe0f \ud83d\udca1 <\/p>\n\n<p>\u2b50\ufe0f Si vols demanar cita en un dels nostres centres l\u00e0ser antitabac per dir <a href=\"https:\/\/www.mylasertabac.com\/ca\/\">DEIXAR DE FUMAR<\/a> en una sola sessi\u00f3, fes clic al seg\u00fcent enlla\u00e7: <a href=\"https:\/\/www.mylasertabac.com\/ca\/els-nostres-centres\/\">https:\/\/www.mylasertabac.com\/nos-centres\/<\/a><\/p>\n\n<div style=\"height:24px\" aria-hidden=\"true\" class=\"wp-block-spacer\"><\/div>\n\n<figure class=\"wp-block-embed is-type-video is-provider-youtube wp-block-embed-youtube wp-embed-aspect-16-9 wp-has-aspect-ratio\"><div class=\"wp-block-embed__wrapper\">\n<iframe title=\"Je suis all\u00e9 courir et j\u2019ai vu J\u00e9sus \ud83d\udeac #tabac #humour #sant\u00e9 #arr\u00eatdutabac\" width=\"800\" height=\"450\" src=\"https:\/\/www.youtube.com\/embed\/7X2TefZoTDg?feature=oembed\" frameborder=\"0\" allow=\"accelerometer; autoplay; clipboard-write; encrypted-media; gyroscope; picture-in-picture; web-share\" referrerpolicy=\"strict-origin-when-cross-origin\" allowfullscreen><\/iframe>\n<\/div><\/figure>\n\n<div style=\"height:24px\" aria-hidden=\"true\" class=\"wp-block-spacer\"><\/div>\n\n<h3 class=\"wp-block-heading\">\ud83d\udcfa Els mitjans parlen de Mylasertabac:<\/h3>\n\n<p><a href=\"https:\/\/sinactiv.fr\/blogs\/divers\/arret-tabac-laser\">sinactiv.fr<\/a> , <a href=\"https:\/\/www.naturopat.fr\/comment-arreter-de-fumer-facilement-grace-au-laser\/\">naturopat.fr<\/a> , <a href=\"https:\/\/sante-et-beaute.fr\/pourquoi-arreter-de-fumer-en-2025\/\">sante-et-beaute.fr<\/a> , <a href=\"https:\/\/monparrainsante.com\/pourquoi-arreter-de-fumer-en-2025\/\">monparrainsante.com<\/a> , <a href=\"https:\/\/www.hypnoandco.com\/arreter-de-fumer-laser\/\">hypnoandco.com,<\/a> <a href=\"https:\/\/l-hexagone.fr\/bien-etre-sante\/pourquoi-arreter-de-fumer-en-2025-est-une-decision-essentielle\/\">l-hexagone.fr<\/a> , <a href=\"https:\/\/www.mondentistechampigny.fr\/soins-dentaires\/effets-tabagisme-dents\/\">mondentistechampigny.fr<\/a> , <a href=\"https:\/\/france-pharmacies.fr\/pourquoi-il-est-important-darreter-de-fumer-en-2025\/\">france-pharmacies.fr<\/a> , <a href=\"https:\/\/www.santeplusmag.com\/111129505-pourquoi-arreter-de-fumer-en-2025-articles-partenaires\/\">santeplusmag.com<\/a> , <a href=\"https:\/\/www.topdents.com\/pourquoi-la-cigarette-abime-les-dents\/\">topdents.com<\/a><\/p>\n\n<div style=\"height:24px\" aria-hidden=\"true\" class=\"wp-block-spacer\"><\/div>\n\n<figure class=\"wp-block-image alignwide size-large\"><img decoding=\"async\" src=\"https:\/\/www.mylasertabac.com\/wp-content\/uploads\/\/mlt-verteau.svg\" alt=\"\" class=\"wp-image-13\"\/><\/figure>\n","protected":false},"excerpt":{"rendered":"<p>El tabaquisme sovint es considera simplement un factor de risc per a malalties f\u00edsiques, com el c\u00e0ncer de pulm\u00f3 o les malalties cardiovasculars. No obstant aix\u00f2, el seu impacte en la salut mental \u00e9s igualment preocupant. Nombrosos estudis han demostrat que fumar t\u00e9 efectes directes sobre el cervell, contribuint a l&#8217;ansietat, la depressi\u00f3 i altres [&hellip;]<\/p>\n","protected":false},"author":2,"featured_media":1699,"comment_status":"closed","ping_status":"open","sticky":false,"template":"","format":"standard","meta":{"inline_featured_image":false,"footnotes":""},"categories":[171],"tags":[],"class_list":["post-7062","post","type-post","status-publish","format-standard","has-post-thumbnail","hentry","category-deixar-de-fumar"],"yoast_head":"<!-- This site is optimized with the Yoast SEO plugin v27.4 - https:\/\/yoast.com\/product\/yoast-seo-wordpress\/ -->\n<title>L&#039;impacte del tabaquisme en la salut mental - My Laser Tabac<\/title>\n<meta name=\"description\" content=\"Apreneu com el tabaquisme afecta la vostra salut mental i descobriu consells per mantenir el vostre benestar psicol\u00f2gic.\" \/>\n<meta name=\"robots\" content=\"index, follow, max-snippet:-1, max-image-preview:large, max-video-preview:-1\" \/>\n<link rel=\"canonical\" href=\"https:\/\/www.mylasertabac.com\/ca\/limpacte-del-tabaquisme-en-la-salut-mental\/\" \/>\n<meta property=\"og:locale\" content=\"ca_ES\" \/>\n<meta property=\"og:type\" content=\"article\" \/>\n<meta property=\"og:title\" content=\"L&#039;impacte del tabaquisme en la salut mental - My Laser Tabac\" \/>\n<meta property=\"og:description\" content=\"Apreneu com el tabaquisme afecta la vostra salut mental i descobriu consells per mantenir el vostre benestar psicol\u00f2gic.\" \/>\n<meta property=\"og:url\" content=\"https:\/\/www.mylasertabac.com\/ca\/limpacte-del-tabaquisme-en-la-salut-mental\/\" \/>\n<meta property=\"og:site_name\" content=\"My Laser Tabac\" \/>\n<meta property=\"article:author\" content=\"https:\/\/www.facebook.com\/profile.php?id=61571554707319\" \/>\n<meta property=\"article:published_time\" content=\"2025-04-13T09:01:47+00:00\" \/>\n<meta property=\"article:modified_time\" content=\"2025-04-13T09:22:54+00:00\" \/>\n<meta property=\"og:image\" content=\"https:\/\/www.mylasertabac.com\/wp-content\/uploads\/2024\/12\/Groupe-de-masques-4.jpg\" \/>\n\t<meta property=\"og:image:width\" content=\"629\" \/>\n\t<meta property=\"og:image:height\" content=\"760\" \/>\n\t<meta property=\"og:image:type\" content=\"image\/jpeg\" \/>\n<meta name=\"author\" content=\"Florian Fortes\" \/>\n<meta name=\"twitter:card\" content=\"summary_large_image\" \/>\n<meta name=\"twitter:label1\" content=\"Escrit per\" \/>\n\t<meta name=\"twitter:data1\" content=\"Florian Fortes\" \/>\n\t<meta name=\"twitter:label2\" content=\"Temps estimat de lectura\" \/>\n\t<meta name=\"twitter:data2\" content=\"5 minuts\" \/>\n<script type=\"application\/ld+json\" class=\"yoast-schema-graph\">{\"@context\":\"https:\\\/\\\/schema.org\",\"@graph\":[{\"@type\":\"Article\",\"@id\":\"https:\\\/\\\/www.mylasertabac.com\\\/ca\\\/limpacte-del-tabaquisme-en-la-salut-mental\\\/#article\",\"isPartOf\":{\"@id\":\"https:\\\/\\\/www.mylasertabac.com\\\/ca\\\/limpacte-del-tabaquisme-en-la-salut-mental\\\/\"},\"author\":{\"name\":\"Florian Fortes\",\"@id\":\"https:\\\/\\\/www.mylasertabac.com\\\/ca\\\/#\\\/schema\\\/person\\\/02c249cb76d912efb6c315ec23eccdf3\"},\"headline\":\"L&#8217;impacte del tabaquisme en la salut mental\",\"datePublished\":\"2025-04-13T09:01:47+00:00\",\"dateModified\":\"2025-04-13T09:22:54+00:00\",\"mainEntityOfPage\":{\"@id\":\"https:\\\/\\\/www.mylasertabac.com\\\/ca\\\/limpacte-del-tabaquisme-en-la-salut-mental\\\/\"},\"wordCount\":1025,\"publisher\":{\"@id\":\"https:\\\/\\\/www.mylasertabac.com\\\/ca\\\/#organization\"},\"image\":{\"@id\":\"https:\\\/\\\/www.mylasertabac.com\\\/ca\\\/limpacte-del-tabaquisme-en-la-salut-mental\\\/#primaryimage\"},\"thumbnailUrl\":\"https:\\\/\\\/www.mylasertabac.com\\\/wp-content\\\/uploads\\\/2024\\\/12\\\/Groupe-de-masques-4.jpg\",\"articleSection\":[\"Deixar de fumar\"],\"inLanguage\":\"ca\"},{\"@type\":\"WebPage\",\"@id\":\"https:\\\/\\\/www.mylasertabac.com\\\/ca\\\/limpacte-del-tabaquisme-en-la-salut-mental\\\/\",\"url\":\"https:\\\/\\\/www.mylasertabac.com\\\/ca\\\/limpacte-del-tabaquisme-en-la-salut-mental\\\/\",\"name\":\"L'impacte del tabaquisme en la salut mental - My Laser Tabac\",\"isPartOf\":{\"@id\":\"https:\\\/\\\/www.mylasertabac.com\\\/ca\\\/#website\"},\"primaryImageOfPage\":{\"@id\":\"https:\\\/\\\/www.mylasertabac.com\\\/ca\\\/limpacte-del-tabaquisme-en-la-salut-mental\\\/#primaryimage\"},\"image\":{\"@id\":\"https:\\\/\\\/www.mylasertabac.com\\\/ca\\\/limpacte-del-tabaquisme-en-la-salut-mental\\\/#primaryimage\"},\"thumbnailUrl\":\"https:\\\/\\\/www.mylasertabac.com\\\/wp-content\\\/uploads\\\/2024\\\/12\\\/Groupe-de-masques-4.jpg\",\"datePublished\":\"2025-04-13T09:01:47+00:00\",\"dateModified\":\"2025-04-13T09:22:54+00:00\",\"description\":\"Apreneu com el tabaquisme afecta la vostra salut mental i descobriu consells per mantenir el vostre benestar psicol\u00f2gic.\",\"breadcrumb\":{\"@id\":\"https:\\\/\\\/www.mylasertabac.com\\\/ca\\\/limpacte-del-tabaquisme-en-la-salut-mental\\\/#breadcrumb\"},\"inLanguage\":\"ca\",\"potentialAction\":[{\"@type\":\"ReadAction\",\"target\":[\"https:\\\/\\\/www.mylasertabac.com\\\/ca\\\/limpacte-del-tabaquisme-en-la-salut-mental\\\/\"]}]},{\"@type\":\"ImageObject\",\"inLanguage\":\"ca\",\"@id\":\"https:\\\/\\\/www.mylasertabac.com\\\/ca\\\/limpacte-del-tabaquisme-en-la-salut-mental\\\/#primaryimage\",\"url\":\"https:\\\/\\\/www.mylasertabac.com\\\/wp-content\\\/uploads\\\/2024\\\/12\\\/Groupe-de-masques-4.jpg\",\"contentUrl\":\"https:\\\/\\\/www.mylasertabac.com\\\/wp-content\\\/uploads\\\/2024\\\/12\\\/Groupe-de-masques-4.jpg\",\"width\":629,\"height\":760},{\"@type\":\"BreadcrumbList\",\"@id\":\"https:\\\/\\\/www.mylasertabac.com\\\/ca\\\/limpacte-del-tabaquisme-en-la-salut-mental\\\/#breadcrumb\",\"itemListElement\":[{\"@type\":\"ListItem\",\"position\":1,\"name\":\"Accueil\",\"item\":\"https:\\\/\\\/www.mylasertabac.com\\\/ca\\\/benvingut\\\/\"},{\"@type\":\"ListItem\",\"position\":2,\"name\":\"L&#8217;impacte del tabaquisme en la salut mental\"}]},{\"@type\":\"WebSite\",\"@id\":\"https:\\\/\\\/www.mylasertabac.com\\\/ca\\\/#website\",\"url\":\"https:\\\/\\\/www.mylasertabac.com\\\/ca\\\/\",\"name\":\"My Laser Tabac\",\"description\":\"La solution laser qui transforme les fumeurs en ex-fumeurs\",\"publisher\":{\"@id\":\"https:\\\/\\\/www.mylasertabac.com\\\/ca\\\/#organization\"},\"potentialAction\":[{\"@type\":\"SearchAction\",\"target\":{\"@type\":\"EntryPoint\",\"urlTemplate\":\"https:\\\/\\\/www.mylasertabac.com\\\/ca\\\/?s={search_term_string}\"},\"query-input\":{\"@type\":\"PropertyValueSpecification\",\"valueRequired\":true,\"valueName\":\"search_term_string\"}}],\"inLanguage\":\"ca\"},{\"@type\":\"Organization\",\"@id\":\"https:\\\/\\\/www.mylasertabac.com\\\/ca\\\/#organization\",\"name\":\"My Laser Tabac\",\"url\":\"https:\\\/\\\/www.mylasertabac.com\\\/ca\\\/\",\"logo\":{\"@type\":\"ImageObject\",\"inLanguage\":\"ca\",\"@id\":\"https:\\\/\\\/www.mylasertabac.com\\\/ca\\\/#\\\/schema\\\/logo\\\/image\\\/\",\"url\":\"https:\\\/\\\/www.mylasertabac.com\\\/wp-content\\\/uploads\\\/2024\\\/12\\\/mlt-verteau.svg\",\"contentUrl\":\"https:\\\/\\\/www.mylasertabac.com\\\/wp-content\\\/uploads\\\/2024\\\/12\\\/mlt-verteau.svg\",\"caption\":\"My Laser Tabac\"},\"image\":{\"@id\":\"https:\\\/\\\/www.mylasertabac.com\\\/ca\\\/#\\\/schema\\\/logo\\\/image\\\/\"}},{\"@type\":\"Person\",\"@id\":\"https:\\\/\\\/www.mylasertabac.com\\\/ca\\\/#\\\/schema\\\/person\\\/02c249cb76d912efb6c315ec23eccdf3\",\"name\":\"Florian Fortes\",\"image\":{\"@type\":\"ImageObject\",\"inLanguage\":\"ca\",\"@id\":\"https:\\\/\\\/www.mylasertabac.com\\\/wp-content\\\/litespeed\\\/avatar\\\/142101a71d7b9e6490c1120d9c109a67.jpg?ver=1776856306\",\"url\":\"https:\\\/\\\/www.mylasertabac.com\\\/wp-content\\\/litespeed\\\/avatar\\\/142101a71d7b9e6490c1120d9c109a67.jpg?ver=1776856306\",\"contentUrl\":\"https:\\\/\\\/www.mylasertabac.com\\\/wp-content\\\/litespeed\\\/avatar\\\/142101a71d7b9e6490c1120d9c109a67.jpg?ver=1776856306\",\"caption\":\"Florian Fortes\"},\"sameAs\":[\"https:\\\/\\\/www.mylasertabac.com\",\"https:\\\/\\\/www.facebook.com\\\/profile.php?id=61571554707319\"],\"url\":\"https:\\\/\\\/www.mylasertabac.com\\\/ca\\\/author\\\/florianfortes5312\\\/\"}]}<\/script>\n<!-- \/ Yoast SEO plugin. -->","yoast_head_json":{"title":"L'impacte del tabaquisme en la salut mental - My Laser Tabac","description":"Apreneu com el tabaquisme afecta la vostra salut mental i descobriu consells per mantenir el vostre benestar psicol\u00f2gic.","robots":{"index":"index","follow":"follow","max-snippet":"max-snippet:-1","max-image-preview":"max-image-preview:large","max-video-preview":"max-video-preview:-1"},"canonical":"https:\/\/www.mylasertabac.com\/ca\/limpacte-del-tabaquisme-en-la-salut-mental\/","og_locale":"ca_ES","og_type":"article","og_title":"L'impacte del tabaquisme en la salut mental - My Laser Tabac","og_description":"Apreneu com el tabaquisme afecta la vostra salut mental i descobriu consells per mantenir el vostre benestar psicol\u00f2gic.","og_url":"https:\/\/www.mylasertabac.com\/ca\/limpacte-del-tabaquisme-en-la-salut-mental\/","og_site_name":"My Laser Tabac","article_author":"https:\/\/www.facebook.com\/profile.php?id=61571554707319","article_published_time":"2025-04-13T09:01:47+00:00","article_modified_time":"2025-04-13T09:22:54+00:00","og_image":[{"width":629,"height":760,"url":"https:\/\/www.mylasertabac.com\/wp-content\/uploads\/2024\/12\/Groupe-de-masques-4.jpg","type":"image\/jpeg"}],"author":"Florian Fortes","twitter_card":"summary_large_image","twitter_misc":{"Escrit per":"Florian Fortes","Temps estimat de lectura":"5 minuts"},"schema":{"@context":"https:\/\/schema.org","@graph":[{"@type":"Article","@id":"https:\/\/www.mylasertabac.com\/ca\/limpacte-del-tabaquisme-en-la-salut-mental\/#article","isPartOf":{"@id":"https:\/\/www.mylasertabac.com\/ca\/limpacte-del-tabaquisme-en-la-salut-mental\/"},"author":{"name":"Florian Fortes","@id":"https:\/\/www.mylasertabac.com\/ca\/#\/schema\/person\/02c249cb76d912efb6c315ec23eccdf3"},"headline":"L&#8217;impacte del tabaquisme en la salut mental","datePublished":"2025-04-13T09:01:47+00:00","dateModified":"2025-04-13T09:22:54+00:00","mainEntityOfPage":{"@id":"https:\/\/www.mylasertabac.com\/ca\/limpacte-del-tabaquisme-en-la-salut-mental\/"},"wordCount":1025,"publisher":{"@id":"https:\/\/www.mylasertabac.com\/ca\/#organization"},"image":{"@id":"https:\/\/www.mylasertabac.com\/ca\/limpacte-del-tabaquisme-en-la-salut-mental\/#primaryimage"},"thumbnailUrl":"https:\/\/www.mylasertabac.com\/wp-content\/uploads\/2024\/12\/Groupe-de-masques-4.jpg","articleSection":["Deixar de fumar"],"inLanguage":"ca"},{"@type":"WebPage","@id":"https:\/\/www.mylasertabac.com\/ca\/limpacte-del-tabaquisme-en-la-salut-mental\/","url":"https:\/\/www.mylasertabac.com\/ca\/limpacte-del-tabaquisme-en-la-salut-mental\/","name":"L'impacte del tabaquisme en la salut mental - My Laser Tabac","isPartOf":{"@id":"https:\/\/www.mylasertabac.com\/ca\/#website"},"primaryImageOfPage":{"@id":"https:\/\/www.mylasertabac.com\/ca\/limpacte-del-tabaquisme-en-la-salut-mental\/#primaryimage"},"image":{"@id":"https:\/\/www.mylasertabac.com\/ca\/limpacte-del-tabaquisme-en-la-salut-mental\/#primaryimage"},"thumbnailUrl":"https:\/\/www.mylasertabac.com\/wp-content\/uploads\/2024\/12\/Groupe-de-masques-4.jpg","datePublished":"2025-04-13T09:01:47+00:00","dateModified":"2025-04-13T09:22:54+00:00","description":"Apreneu com el tabaquisme afecta la vostra salut mental i descobriu consells per mantenir el vostre benestar psicol\u00f2gic.","breadcrumb":{"@id":"https:\/\/www.mylasertabac.com\/ca\/limpacte-del-tabaquisme-en-la-salut-mental\/#breadcrumb"},"inLanguage":"ca","potentialAction":[{"@type":"ReadAction","target":["https:\/\/www.mylasertabac.com\/ca\/limpacte-del-tabaquisme-en-la-salut-mental\/"]}]},{"@type":"ImageObject","inLanguage":"ca","@id":"https:\/\/www.mylasertabac.com\/ca\/limpacte-del-tabaquisme-en-la-salut-mental\/#primaryimage","url":"https:\/\/www.mylasertabac.com\/wp-content\/uploads\/2024\/12\/Groupe-de-masques-4.jpg","contentUrl":"https:\/\/www.mylasertabac.com\/wp-content\/uploads\/2024\/12\/Groupe-de-masques-4.jpg","width":629,"height":760},{"@type":"BreadcrumbList","@id":"https:\/\/www.mylasertabac.com\/ca\/limpacte-del-tabaquisme-en-la-salut-mental\/#breadcrumb","itemListElement":[{"@type":"ListItem","position":1,"name":"Accueil","item":"https:\/\/www.mylasertabac.com\/ca\/benvingut\/"},{"@type":"ListItem","position":2,"name":"L&#8217;impacte del tabaquisme en la salut mental"}]},{"@type":"WebSite","@id":"https:\/\/www.mylasertabac.com\/ca\/#website","url":"https:\/\/www.mylasertabac.com\/ca\/","name":"My Laser Tabac","description":"La solution laser qui transforme les fumeurs en ex-fumeurs","publisher":{"@id":"https:\/\/www.mylasertabac.com\/ca\/#organization"},"potentialAction":[{"@type":"SearchAction","target":{"@type":"EntryPoint","urlTemplate":"https:\/\/www.mylasertabac.com\/ca\/?s={search_term_string}"},"query-input":{"@type":"PropertyValueSpecification","valueRequired":true,"valueName":"search_term_string"}}],"inLanguage":"ca"},{"@type":"Organization","@id":"https:\/\/www.mylasertabac.com\/ca\/#organization","name":"My Laser Tabac","url":"https:\/\/www.mylasertabac.com\/ca\/","logo":{"@type":"ImageObject","inLanguage":"ca","@id":"https:\/\/www.mylasertabac.com\/ca\/#\/schema\/logo\/image\/","url":"https:\/\/www.mylasertabac.com\/wp-content\/uploads\/2024\/12\/mlt-verteau.svg","contentUrl":"https:\/\/www.mylasertabac.com\/wp-content\/uploads\/2024\/12\/mlt-verteau.svg","caption":"My Laser Tabac"},"image":{"@id":"https:\/\/www.mylasertabac.com\/ca\/#\/schema\/logo\/image\/"}},{"@type":"Person","@id":"https:\/\/www.mylasertabac.com\/ca\/#\/schema\/person\/02c249cb76d912efb6c315ec23eccdf3","name":"Florian Fortes","image":{"@type":"ImageObject","inLanguage":"ca","@id":"https:\/\/www.mylasertabac.com\/wp-content\/litespeed\/avatar\/142101a71d7b9e6490c1120d9c109a67.jpg?ver=1776856306","url":"https:\/\/www.mylasertabac.com\/wp-content\/litespeed\/avatar\/142101a71d7b9e6490c1120d9c109a67.jpg?ver=1776856306","contentUrl":"https:\/\/www.mylasertabac.com\/wp-content\/litespeed\/avatar\/142101a71d7b9e6490c1120d9c109a67.jpg?ver=1776856306","caption":"Florian Fortes"},"sameAs":["https:\/\/www.mylasertabac.com","https:\/\/www.facebook.com\/profile.php?id=61571554707319"],"url":"https:\/\/www.mylasertabac.com\/ca\/author\/florianfortes5312\/"}]}},"_links":{"self":[{"href":"https:\/\/www.mylasertabac.com\/ca\/wp-json\/wp\/v2\/posts\/7062","targetHints":{"allow":["GET"]}}],"collection":[{"href":"https:\/\/www.mylasertabac.com\/ca\/wp-json\/wp\/v2\/posts"}],"about":[{"href":"https:\/\/www.mylasertabac.com\/ca\/wp-json\/wp\/v2\/types\/post"}],"author":[{"embeddable":true,"href":"https:\/\/www.mylasertabac.com\/ca\/wp-json\/wp\/v2\/users\/2"}],"replies":[{"embeddable":true,"href":"https:\/\/www.mylasertabac.com\/ca\/wp-json\/wp\/v2\/comments?post=7062"}],"version-history":[{"count":3,"href":"https:\/\/www.mylasertabac.com\/ca\/wp-json\/wp\/v2\/posts\/7062\/revisions"}],"predecessor-version":[{"id":7112,"href":"https:\/\/www.mylasertabac.com\/ca\/wp-json\/wp\/v2\/posts\/7062\/revisions\/7112"}],"wp:featuredmedia":[{"embeddable":true,"href":"https:\/\/www.mylasertabac.com\/ca\/wp-json\/wp\/v2\/media\/1699"}],"wp:attachment":[{"href":"https:\/\/www.mylasertabac.com\/ca\/wp-json\/wp\/v2\/media?parent=7062"}],"wp:term":[{"taxonomy":"category","embeddable":true,"href":"https:\/\/www.mylasertabac.com\/ca\/wp-json\/wp\/v2\/categories?post=7062"},{"taxonomy":"post_tag","embeddable":true,"href":"https:\/\/www.mylasertabac.com\/ca\/wp-json\/wp\/v2\/tags?post=7062"}],"curies":[{"name":"wp","href":"https:\/\/api.w.org\/{rel}","templated":true}]}}