{"id":7717,"date":"2025-05-05T15:15:46","date_gmt":"2025-05-05T13:15:46","guid":{"rendered":"https:\/\/www.mylasertabac.com\/tabac-i-contaminacio-interior-quines-son-les-consequencies\/"},"modified":"2025-05-05T15:16:28","modified_gmt":"2025-05-05T13:16:28","slug":"tabac-i-contaminacio-interior-quines-son-les-consequencies","status":"publish","type":"post","link":"https:\/\/www.mylasertabac.com\/ca\/tabac-i-contaminacio-interior-quines-son-les-consequencies\/","title":{"rendered":"Tabac i contaminaci\u00f3 interior: quines s\u00f3n les conseq\u00fc\u00e8ncies?"},"content":{"rendered":"\n<div style=\"height:25px\" aria-hidden=\"true\" class=\"wp-block-spacer\"><\/div>\n\n<p><strong>El tabac<\/strong> \u00e9s una de les principals fonts de <strong>contaminaci\u00f3 interior<\/strong> , causant importants <strong>riscos<\/strong> <strong>per a la salut<\/strong> dels habitants d&#8217;una <strong>casa<\/strong> o espai tancat. A <strong>Fran\u00e7a<\/strong> , on <strong>fumar<\/strong> continua sent un problema <strong>de salut p\u00fablica<\/strong> , <strong>l&#8217;exposici\u00f3<\/strong> prolongada a <strong>les subst\u00e0ncies<\/strong> emeses pels <strong>cigarrets<\/strong> contribueix a un <strong>deteriorament<\/strong> significatiu de <strong>la qualitat de l&#8217;aire interior<\/strong> . <\/p>\n\n<p><strong>Els compostos t\u00f2xics<\/strong> del fum, com <strong>el formaldehid<\/strong> , <strong>els COV (compostos org\u00e0nics vol\u00e0tils)<\/strong> i altres <strong>gasos<\/strong> perillosos, s&#8217;acumulen gradualment, augmentant <strong>les concentracions<\/strong> <strong>de contaminants<\/strong> i el <strong>risc<\/strong> de <strong>malalties respirat\u00f2ries<\/strong> . Aquesta <strong>p\u00e0gina<\/strong> explora els <strong>efectes<\/strong> del <strong>tabac<\/strong> en l&#8217; <strong>ambient interior<\/strong> i ofereix solucions per reduir l&#8217; <strong>impacte<\/strong> d&#8217;aquestes <strong>subst\u00e0ncies t\u00f2xiques<\/strong> . <\/p>\n\n<div style=\"height:57px\" aria-hidden=\"true\" class=\"wp-block-spacer\"><\/div>\n\n<figure class=\"wp-block-image alignleft size-full is-resized\"><img fetchpriority=\"high\" decoding=\"async\" width=\"1024\" height=\"1024\" src=\"https:\/\/www.mylasertabac.com\/wp-content\/uploads\/2025\/04\/fumer-a-linterieur-de-sa-maison-quand-ont-est-locataire-ce-que-dis-la-loi.png\" alt=\"\" class=\"wp-image-6673\" style=\"width:561px;height:auto\" srcset=\"https:\/\/www.mylasertabac.com\/wp-content\/uploads\/2025\/04\/fumer-a-linterieur-de-sa-maison-quand-ont-est-locataire-ce-que-dis-la-loi.png 1024w, https:\/\/www.mylasertabac.com\/wp-content\/uploads\/2025\/04\/fumer-a-linterieur-de-sa-maison-quand-ont-est-locataire-ce-que-dis-la-loi-300x300.png 300w, https:\/\/www.mylasertabac.com\/wp-content\/uploads\/2025\/04\/fumer-a-linterieur-de-sa-maison-quand-ont-est-locataire-ce-que-dis-la-loi-150x150.png 150w, https:\/\/www.mylasertabac.com\/wp-content\/uploads\/2025\/04\/fumer-a-linterieur-de-sa-maison-quand-ont-est-locataire-ce-que-dis-la-loi-768x768.png 768w\" sizes=\"(max-width: 1024px) 100vw, 1024px\" \/><\/figure>\n\n<h2 class=\"wp-block-heading\"><strong>Com contamina el tabac l&#8217;aire interior?<\/strong><\/h2>\n\n<p><strong>L&#8217;exposici\u00f3<\/strong> prolongada al fum <strong>del tabac<\/strong> afecta profundament la <strong>qualitat<\/strong> de l&#8217;aire d&#8217;una <strong>llar<\/strong> . Contr\u00e0riament al que es podria pensar, aquesta <strong>contaminaci\u00f3<\/strong> no desapareix despr\u00e9s de deixar <strong>de fumar<\/strong> . Es filtra per <strong>les parets<\/strong> , <strong>els mobles<\/strong> i fins i tot <strong>les reixetes de ventilaci\u00f3<\/strong> , formant un <strong>ambient<\/strong> t\u00f2xic a llarg <strong>termini<\/strong> .  <\/p>\n\n<h2 class=\"wp-block-heading\"><strong>Subst\u00e0ncies t\u00f2xiques presents en el fum de les cigarretes<\/strong><\/h2>\n\n<p>El fum <strong>del tabac<\/strong> cont\u00e9 m\u00e9s de <strong>7.000 subst\u00e0ncies qu\u00edmiques<\/strong> , de les quals <strong>m\u00e9s de 250 s\u00f3n t\u00f2xiques<\/strong> i <strong>almenys 70 se sap que causen c\u00e0ncer<\/strong> . Entre els principals <strong>contaminants<\/strong> , trobem: <\/p>\n\n<ul class=\"wp-block-list\">\n<li><strong>Formaldehid<\/strong> , un compost qu\u00edmic irritant que augmenta el <strong>risc<\/strong> de <strong>c\u00e0ncer<\/strong> i malalties <strong>respirat\u00f2ries<\/strong> .<\/li>\n\n\n\n<li><strong>Els COV (compostos org\u00e0nics vol\u00e0tils)<\/strong> , com el benz\u00e8 i l&#8217;acetaldehid, contribueixen a <strong>la contaminaci\u00f3 interior<\/strong> i afavoreixen malalties cr\u00f2niques.<\/li>\n\n\n\n<li><strong>Part\u00edcules fines<\/strong> , que penetren profundament als pulmons, causant <strong>malalties respirat\u00f2ries i cardiovasculars<\/strong> .<\/li>\n<\/ul>\n\n<p>Aquestes <strong>subst\u00e0ncies t\u00f2xiques<\/strong> romanen en suspensi\u00f3 a <strong>l&#8217;aire interior<\/strong> , s&#8217;absorbeixen als t\u00e8xtils i s&#8217;acumulen en <strong>concentracions<\/strong> m\u00e9s altes en <strong>espais tancats<\/strong> mal ventilats.<\/p>\n\n<div style=\"height:57px\" aria-hidden=\"true\" class=\"wp-block-spacer\"><\/div>\n\n<h2 class=\"wp-block-heading\"><strong>Riscos de l&#8217;exposici\u00f3 al fum de segona i tercera m\u00e0<\/strong><\/h2>\n\n<div style=\"height:25px\" aria-hidden=\"true\" class=\"wp-block-spacer\"><\/div>\n\n<p><strong>L&#8217;exposici\u00f3<\/strong> al <strong>fum de segona m\u00e0<\/strong> \u00e9s particularment perillosa per <strong>als nens<\/strong> , la <strong>gent gran<\/strong> i les persones amb <strong>problemes respiratoris<\/strong> com <strong>l&#8217;asma<\/strong> . Fins i tot si s&#8217;evita <strong>fumar<\/strong> directament a prop d&#8217;aquestes poblacions vulnerables, <strong>les part\u00edcules t\u00f2xiques<\/strong> romanen presents a l&#8217; <strong>ambient interior<\/strong> durant molt de temps. <\/p>\n\n<div style=\"height:25px\" aria-hidden=\"true\" class=\"wp-block-spacer\"><\/div>\n\n<p>Hi ha dues formes d&#8217; <strong>exposici\u00f3<\/strong> indirecta:<\/p>\n\n<div style=\"height:25px\" aria-hidden=\"true\" class=\"wp-block-spacer\"><\/div>\n\n<ul class=\"wp-block-list\">\n<li><strong>El tabaquisme passiu<\/strong> , que implica que les persones inhalen involunt\u00e0riament el fum ambiental produ\u00eft pels <strong>cigarrets<\/strong> .<\/li>\n\n\n\n<li><strong>El fum de tercera m\u00e0<\/strong> , que fa refer\u00e8ncia als <strong>residus t\u00f2xics<\/strong> que queden als <strong>mobles<\/strong> , <strong>les catifes<\/strong> , <strong>les cortines<\/strong> i fins i tot a la pell dels fumadors. Aquestes <strong>subst\u00e0ncies t\u00f2xiques<\/strong> es poden reactivar en contacte amb <strong>l&#8217;aigua<\/strong> i <strong>la humitat<\/strong> , cosa que agreuja encara m\u00e9s <strong>la contaminaci\u00f3<\/strong> de l&#8217;aire interior. <\/li>\n<\/ul>\n\n<div style=\"height:25px\" aria-hidden=\"true\" class=\"wp-block-spacer\"><\/div>\n\n<p>Nombrosos estudis mostren que aquestes formes d&#8217; <strong>exposici\u00f3<\/strong> augmenten significativament el <strong>risc<\/strong> de <strong>c\u00e0ncer<\/strong> , <strong>malalties respirat\u00f2ries<\/strong> i trastorns cardiovasculars.<\/p>\n\n<div style=\"height:30px\" aria-hidden=\"true\" class=\"wp-block-spacer\"><\/div>\n\n<p class=\"has-cyan-bluish-gray-background-color has-background\">Aquest article et pot interessar: <a href=\"https:\/\/www.mylasertabac.com\/ca\/uneix-te-a-la-franquicia-laser-anti-tabac-i-beneficiat-dun-concepte-clau-en-ma-rendible\/\"><mark style=\"background-color:rgba(0, 0, 0, 0)\" class=\"has-inline-color has-luminous-vivid-orange-color\">Fes-te franquiciat de Mylasertabac en l&#8217;\u00e0mbit de la deshabituaci\u00f3 tab\u00e0quica i altres addiccions.<\/mark><\/a><\/p>\n\n<div style=\"height:25px\" aria-hidden=\"true\" class=\"wp-block-spacer\"><\/div>\n\n<h2 class=\"wp-block-heading\"><strong>Impacte del tabac en la qualitat de l&#8217;aire i l&#8217;ambient interior<\/strong><\/h2>\n\n<div style=\"height:25px\" aria-hidden=\"true\" class=\"wp-block-spacer\"><\/div>\n\n<p><strong>Els compostos t\u00f2xics<\/strong> del fum <strong>del tabac<\/strong> afecten permanentment <strong>la qualitat<\/strong> de l&#8217;aire i l&#8217; <strong>ambient interior<\/strong> . A m\u00e9s dels <strong>riscos per a la salut<\/strong> , destaquem: <\/p>\n\n<div style=\"height:21px\" aria-hidden=\"true\" class=\"wp-block-spacer\"><\/div>\n\n<ul class=\"wp-block-list\">\n<li>Acumulaci\u00f3 de <strong>dip\u00f2sits groguencs<\/strong> a les parets i els sostres, que requereixen treballs de renovaci\u00f3 freq\u00fcents.<\/li>\n\n\n\n<li>Degradaci\u00f3 de <strong>mobles<\/strong> , cortines i t\u00e8xtils, que retenen <strong>olors<\/strong> i <strong>part\u00edcules contaminants<\/strong> .<\/li>\n\n\n\n<li>La interacci\u00f3 amb altres <strong>contaminants<\/strong> dom\u00e8stics, com ara <strong>floridura<\/strong> , <strong>amiant<\/strong> o <strong>productes qu\u00edmics dom\u00e8stics<\/strong> , agreuja encara m\u00e9s <strong>la toxicitat<\/strong> de l&#8217;aire interior.<\/li>\n<\/ul>\n\n<div style=\"height:25px\" aria-hidden=\"true\" class=\"wp-block-spacer\"><\/div>\n\n<h3 class=\"wp-block-heading\"><strong>Com limitar la contaminaci\u00f3 interior causada pel tabac?<\/strong><\/h3>\n\n<div style=\"height:25px\" aria-hidden=\"true\" class=\"wp-block-spacer\"><\/div>\n\n<p>Tot i que la millor soluci\u00f3 continua sent <strong>deixar de fumar<\/strong> , hi ha mesures que podeu prendre per ajudar a reduir l&#8217; <strong>impacte<\/strong> del fum <strong>de les cigarretes<\/strong> en l&#8217; <strong>ambient interior<\/strong> i millorar <strong>la qualitat<\/strong> de l&#8217;aire.<\/p>\n\n<div style=\"height:25px\" aria-hidden=\"true\" class=\"wp-block-spacer\"><\/div>\n\n<h3 class=\"wp-block-heading\"><strong>Ventilar i purificar l&#8217;aire de manera efica\u00e7<\/strong><\/h3>\n\n<div style=\"height:25px\" aria-hidden=\"true\" class=\"wp-block-spacer\"><\/div>\n\n<p>La ventilaci\u00f3 di\u00e0ria \u00e9s essencial per reduir <strong>les concentracions<\/strong> <strong>de contaminants<\/strong> <strong>de l&#8217;aire interior<\/strong> . \u00c9s recomanable: <\/p>\n\n<div style=\"height:25px\" aria-hidden=\"true\" class=\"wp-block-spacer\"><\/div>\n\n<ul class=\"wp-block-list\">\n<li>Obriu les finestres almenys <strong>30 minuts al dia<\/strong> , fins i tot a l&#8217;hivern, per renovar l&#8217;aire i evacuar <strong>els gasos t\u00f2xics<\/strong> .<\/li>\n\n\n\n<li>Instal\u00b7leu <strong>purificadors d&#8217;aire<\/strong> equipats amb filtres HEPA, capa\u00e7os de capturar <strong>part\u00edcules fines<\/strong> i <strong>subst\u00e0ncies t\u00f2xiques<\/strong> presents en el fum <strong>del tabac<\/strong> .<\/li>\n\n\n\n<li>Feu servir <strong>plantes purificadores d&#8217;aire<\/strong> , com l&#8217;heura o l&#8217;areca, que absorbeixen alguns dels <strong>compostos vol\u00e0tils<\/strong> i milloren <strong>la qualitat<\/strong> de l&#8217;aire.<\/li>\n<\/ul>\n\n<div style=\"height:25px\" aria-hidden=\"true\" class=\"wp-block-spacer\"><\/div>\n\n<h2 class=\"wp-block-heading\"><strong>Netegeu les superf\u00edcies i els t\u00e8xtils afectats<\/strong><\/h2>\n\n<div style=\"height:25px\" aria-hidden=\"true\" class=\"wp-block-spacer\"><\/div>\n\n<p><strong>Un manteniment regular<\/strong> \u00e9s essencial per eliminar els residus <strong>de cigarretes<\/strong> de <strong>les superf\u00edcies<\/strong> i <strong>els teixits<\/strong> . Les solucions efectives inclouen: <\/p>\n\n<div style=\"height:25px\" aria-hidden=\"true\" class=\"wp-block-spacer\"><\/div>\n\n<ul class=\"wp-block-list\">\n<li><strong>Renteu les cortines, els coixins i les catifes<\/strong> amb productes naturals com <strong>el vinagre blanc<\/strong> o <strong>el bicarbonat de sodi<\/strong> .<\/li>\n\n\n\n<li><strong>Netegeu les parets i els mobles<\/strong> amb una barreja d&#8217; <strong>aigua<\/strong> , sab\u00f3 negre i <strong>productes adequats<\/strong> per a superf\u00edcies delicades.<\/li>\n\n\n\n<li><strong>Desinfecteu els sistemes de ventilaci\u00f3<\/strong> , ja que atrapen <strong>part\u00edcules t\u00f2xiques<\/strong> i poden redistribuir <strong>la contaminaci\u00f3 interior<\/strong> per tota la <strong>casa<\/strong> .<\/li>\n<\/ul>\n\n<div style=\"height:25px\" aria-hidden=\"true\" class=\"wp-block-spacer\"><\/div>\n\n<figure class=\"wp-block-image size-large\"><img decoding=\"async\" width=\"1024\" height=\"576\" src=\"https:\/\/www.mylasertabac.com\/wp-content\/uploads\/2024\/12\/IMG_E53031A6F7C3-1-1024x576.jpeg\" alt=\"\" class=\"wp-image-121\" srcset=\"https:\/\/www.mylasertabac.com\/wp-content\/uploads\/2024\/12\/IMG_E53031A6F7C3-1-1024x576.jpeg 1024w, https:\/\/www.mylasertabac.com\/wp-content\/uploads\/2024\/12\/IMG_E53031A6F7C3-1-300x169.jpeg 300w, https:\/\/www.mylasertabac.com\/wp-content\/uploads\/2024\/12\/IMG_E53031A6F7C3-1-768x432.jpeg 768w, https:\/\/www.mylasertabac.com\/wp-content\/uploads\/2024\/12\/IMG_E53031A6F7C3-1.jpeg 1179w\" sizes=\"(max-width: 1024px) 100vw, 1024px\" \/><\/figure>\n\n<div style=\"height:25px\" aria-hidden=\"true\" class=\"wp-block-spacer\"><\/div>\n\n<h2 class=\"wp-block-heading\"><strong>Deixar de fumar per un aire m\u00e9s net<\/strong><\/h2>\n\n<div style=\"height:25px\" aria-hidden=\"true\" class=\"wp-block-spacer\"><\/div>\n\n<p>La millor soluci\u00f3 per preservar l&#8217; <strong>ambient interior<\/strong> \u00e9s <strong>deixar de fumar<\/strong> . Tan bon punt es deixa de <strong>fumar<\/strong> , les <strong>concentracions<\/strong> de <strong>contaminants<\/strong> a l&#8217;aire disminueixen gradualment i la <strong>qualitat<\/strong> de vida dels ocupants millora r\u00e0pidament. <\/p>\n\n<p>El <strong>l\u00e0ser antitabac<\/strong> \u00e9s un m\u00e8tode efica\u00e7 i natural que permet deixar de <strong>fumar<\/strong> sense frustraci\u00f3. En estimular els punts <strong>d&#8217;acupuntura<\/strong> , ajuda a reduir immediatament les ganes de <strong>fumar<\/strong> i limita els s\u00edmptomes <strong>d&#8217;abstin\u00e8ncia<\/strong> . Molts <strong>fumadors<\/strong> han aconseguit deixar de fumar definitivament gr\u00e0cies a aquesta tecnologia, contribuint a un entorn m\u00e9s saludable per a ells mateixos i els seus \u00e9ssers estimats.  <\/p>\n\n<div style=\"height:30px\" aria-hidden=\"true\" class=\"wp-block-spacer\"><\/div>\n\n<p><strong>Conclusi\u00f3<\/strong><\/p>\n\n<p><strong>El tabac<\/strong> \u00e9s una de les principals causes de <strong>contaminaci\u00f3 interior<\/strong> , ja que afecta no nom\u00e9s <strong>la qualitat<\/strong> de l&#8217;aire sin\u00f3 tamb\u00e9 la <strong>salut<\/strong> dels ocupants. <strong>L&#8217;exposici\u00f3<\/strong> a <strong>compostos t\u00f2xics<\/strong> del fum <strong>del tabac<\/strong> augmenta el <strong>risc<\/strong> de patir <strong>malalties respirat\u00f2ries<\/strong> , <strong>asma<\/strong> i <strong>c\u00e0ncer<\/strong> . <\/p>\n\n<p>Tot i que hi ha solucions per limitar aquests <strong>efectes<\/strong> , l&#8217;\u00fanica manera d&#8217; <strong>eliminar<\/strong> permanentment aquesta <strong>contaminaci\u00f3<\/strong> continua sent deixar de <strong>fumar<\/strong> . Gr\u00e0cies al <strong><a href=\"https:\/\/www.mylasertabac.com\/ca\/\">l\u00e0ser antitabac<\/a><\/strong> , ara \u00e9s possible acabar amb aquesta addicci\u00f3 f\u00e0cilment i sense estr\u00e8s, proporcionant aix\u00ed un <strong>ambient interior m\u00e9s saludable<\/strong> per a tota la fam\u00edlia. \ud83d\udead \u2728  <\/p>\n\n<div style=\"height:25px\" aria-hidden=\"true\" class=\"wp-block-spacer\"><\/div>\n\n<figure class=\"wp-block-image alignfull size-large\"><img decoding=\"async\" src=\"https:\/\/www.mylasertabac.com\/wp-content\/uploads\/\/mlt-verteau.svg\" alt=\"\" class=\"wp-image-13\"\/><\/figure>\n","protected":false},"excerpt":{"rendered":"<p>El tabac \u00e9s una de les principals fonts de contaminaci\u00f3 interior , causant importants riscos per a la salut dels habitants d&#8217;una casa o espai tancat. A Fran\u00e7a , on fumar continua sent un problema de salut p\u00fablica , l&#8217;exposici\u00f3 prolongada a les subst\u00e0ncies emeses pels cigarrets contribueix a un deteriorament significatiu de la qualitat [&hellip;]<\/p>\n","protected":false},"author":2,"featured_media":7705,"comment_status":"closed","ping_status":"open","sticky":false,"template":"","format":"standard","meta":{"inline_featured_image":false,"footnotes":""},"categories":[608],"tags":[],"class_list":["post-7717","post","type-post","status-publish","format-standard","has-post-thumbnail","hentry","category-contaminacio"],"yoast_head":"<!-- This site is optimized with the Yoast SEO plugin v27.4 - https:\/\/yoast.com\/product\/yoast-seo-wordpress\/ -->\n<title>Tabac i contaminaci\u00f3 interior: quines s\u00f3n les conseq\u00fc\u00e8ncies? - My Laser Tabac<\/title>\n<meta name=\"description\" content=\"Voleu saber quines t\u00e8cniques hi ha per purificar l&#039;aire de casa vostra quan hi ha fum a l&#039;interior?\" \/>\n<meta name=\"robots\" content=\"index, follow, max-snippet:-1, max-image-preview:large, max-video-preview:-1\" \/>\n<link rel=\"canonical\" href=\"https:\/\/www.mylasertabac.com\/ca\/tabac-i-contaminacio-interior-quines-son-les-consequencies\/\" \/>\n<meta property=\"og:locale\" content=\"ca_ES\" \/>\n<meta property=\"og:type\" content=\"article\" \/>\n<meta property=\"og:title\" content=\"Tabac i contaminaci\u00f3 interior: quines s\u00f3n les conseq\u00fc\u00e8ncies? - My Laser Tabac\" \/>\n<meta property=\"og:description\" content=\"Voleu saber quines t\u00e8cniques hi ha per purificar l&#039;aire de casa vostra quan hi ha fum a l&#039;interior?\" \/>\n<meta property=\"og:url\" content=\"https:\/\/www.mylasertabac.com\/ca\/tabac-i-contaminacio-interior-quines-son-les-consequencies\/\" \/>\n<meta property=\"og:site_name\" content=\"My Laser Tabac\" \/>\n<meta property=\"article:author\" content=\"https:\/\/www.facebook.com\/profile.php?id=61571554707319\" \/>\n<meta property=\"article:published_time\" content=\"2025-05-05T13:15:46+00:00\" \/>\n<meta property=\"article:modified_time\" content=\"2025-05-05T13:16:28+00:00\" \/>\n<meta property=\"og:image\" content=\"https:\/\/www.mylasertabac.com\/wp-content\/uploads\/2025\/05\/pol-1024x683.png\" \/>\n\t<meta property=\"og:image:width\" content=\"1024\" \/>\n\t<meta property=\"og:image:height\" content=\"683\" \/>\n\t<meta property=\"og:image:type\" content=\"image\/png\" \/>\n<meta name=\"author\" content=\"Florian Fortes\" \/>\n<meta name=\"twitter:card\" content=\"summary_large_image\" \/>\n<meta name=\"twitter:label1\" content=\"Escrit per\" \/>\n\t<meta name=\"twitter:data1\" content=\"Florian Fortes\" \/>\n\t<meta name=\"twitter:label2\" content=\"Temps estimat de lectura\" \/>\n\t<meta name=\"twitter:data2\" content=\"5 minuts\" \/>\n<script type=\"application\/ld+json\" class=\"yoast-schema-graph\">{\"@context\":\"https:\\\/\\\/schema.org\",\"@graph\":[{\"@type\":\"Article\",\"@id\":\"https:\\\/\\\/www.mylasertabac.com\\\/ca\\\/tabac-i-contaminacio-interior-quines-son-les-consequencies\\\/#article\",\"isPartOf\":{\"@id\":\"https:\\\/\\\/www.mylasertabac.com\\\/ca\\\/tabac-i-contaminacio-interior-quines-son-les-consequencies\\\/\"},\"author\":{\"name\":\"Florian Fortes\",\"@id\":\"https:\\\/\\\/www.mylasertabac.com\\\/ca\\\/#\\\/schema\\\/person\\\/02c249cb76d912efb6c315ec23eccdf3\"},\"headline\":\"Tabac i contaminaci\u00f3 interior: quines s\u00f3n les conseq\u00fc\u00e8ncies?\",\"datePublished\":\"2025-05-05T13:15:46+00:00\",\"dateModified\":\"2025-05-05T13:16:28+00:00\",\"mainEntityOfPage\":{\"@id\":\"https:\\\/\\\/www.mylasertabac.com\\\/ca\\\/tabac-i-contaminacio-interior-quines-son-les-consequencies\\\/\"},\"wordCount\":1081,\"publisher\":{\"@id\":\"https:\\\/\\\/www.mylasertabac.com\\\/ca\\\/#organization\"},\"image\":{\"@id\":\"https:\\\/\\\/www.mylasertabac.com\\\/ca\\\/tabac-i-contaminacio-interior-quines-son-les-consequencies\\\/#primaryimage\"},\"thumbnailUrl\":\"https:\\\/\\\/www.mylasertabac.com\\\/wp-content\\\/uploads\\\/2025\\\/05\\\/pol.png\",\"articleSection\":[\"contaminaci\u00f3\"],\"inLanguage\":\"ca\"},{\"@type\":\"WebPage\",\"@id\":\"https:\\\/\\\/www.mylasertabac.com\\\/ca\\\/tabac-i-contaminacio-interior-quines-son-les-consequencies\\\/\",\"url\":\"https:\\\/\\\/www.mylasertabac.com\\\/ca\\\/tabac-i-contaminacio-interior-quines-son-les-consequencies\\\/\",\"name\":\"Tabac i contaminaci\u00f3 interior: quines s\u00f3n les conseq\u00fc\u00e8ncies? - My Laser Tabac\",\"isPartOf\":{\"@id\":\"https:\\\/\\\/www.mylasertabac.com\\\/ca\\\/#website\"},\"primaryImageOfPage\":{\"@id\":\"https:\\\/\\\/www.mylasertabac.com\\\/ca\\\/tabac-i-contaminacio-interior-quines-son-les-consequencies\\\/#primaryimage\"},\"image\":{\"@id\":\"https:\\\/\\\/www.mylasertabac.com\\\/ca\\\/tabac-i-contaminacio-interior-quines-son-les-consequencies\\\/#primaryimage\"},\"thumbnailUrl\":\"https:\\\/\\\/www.mylasertabac.com\\\/wp-content\\\/uploads\\\/2025\\\/05\\\/pol.png\",\"datePublished\":\"2025-05-05T13:15:46+00:00\",\"dateModified\":\"2025-05-05T13:16:28+00:00\",\"description\":\"Voleu saber quines t\u00e8cniques hi ha per purificar l'aire de casa vostra quan hi ha fum a l'interior?\",\"breadcrumb\":{\"@id\":\"https:\\\/\\\/www.mylasertabac.com\\\/ca\\\/tabac-i-contaminacio-interior-quines-son-les-consequencies\\\/#breadcrumb\"},\"inLanguage\":\"ca\",\"potentialAction\":[{\"@type\":\"ReadAction\",\"target\":[\"https:\\\/\\\/www.mylasertabac.com\\\/ca\\\/tabac-i-contaminacio-interior-quines-son-les-consequencies\\\/\"]}]},{\"@type\":\"ImageObject\",\"inLanguage\":\"ca\",\"@id\":\"https:\\\/\\\/www.mylasertabac.com\\\/ca\\\/tabac-i-contaminacio-interior-quines-son-les-consequencies\\\/#primaryimage\",\"url\":\"https:\\\/\\\/www.mylasertabac.com\\\/wp-content\\\/uploads\\\/2025\\\/05\\\/pol.png\",\"contentUrl\":\"https:\\\/\\\/www.mylasertabac.com\\\/wp-content\\\/uploads\\\/2025\\\/05\\\/pol.png\",\"width\":1536,\"height\":1024},{\"@type\":\"BreadcrumbList\",\"@id\":\"https:\\\/\\\/www.mylasertabac.com\\\/ca\\\/tabac-i-contaminacio-interior-quines-son-les-consequencies\\\/#breadcrumb\",\"itemListElement\":[{\"@type\":\"ListItem\",\"position\":1,\"name\":\"Accueil\",\"item\":\"https:\\\/\\\/www.mylasertabac.com\\\/ca\\\/benvingut\\\/\"},{\"@type\":\"ListItem\",\"position\":2,\"name\":\"Tabac i contaminaci\u00f3 interior: quines s\u00f3n les conseq\u00fc\u00e8ncies?\"}]},{\"@type\":\"WebSite\",\"@id\":\"https:\\\/\\\/www.mylasertabac.com\\\/ca\\\/#website\",\"url\":\"https:\\\/\\\/www.mylasertabac.com\\\/ca\\\/\",\"name\":\"My Laser Tabac\",\"description\":\"La solution laser qui transforme les fumeurs en ex-fumeurs\",\"publisher\":{\"@id\":\"https:\\\/\\\/www.mylasertabac.com\\\/ca\\\/#organization\"},\"potentialAction\":[{\"@type\":\"SearchAction\",\"target\":{\"@type\":\"EntryPoint\",\"urlTemplate\":\"https:\\\/\\\/www.mylasertabac.com\\\/ca\\\/?s={search_term_string}\"},\"query-input\":{\"@type\":\"PropertyValueSpecification\",\"valueRequired\":true,\"valueName\":\"search_term_string\"}}],\"inLanguage\":\"ca\"},{\"@type\":\"Organization\",\"@id\":\"https:\\\/\\\/www.mylasertabac.com\\\/ca\\\/#organization\",\"name\":\"My Laser Tabac\",\"url\":\"https:\\\/\\\/www.mylasertabac.com\\\/ca\\\/\",\"logo\":{\"@type\":\"ImageObject\",\"inLanguage\":\"ca\",\"@id\":\"https:\\\/\\\/www.mylasertabac.com\\\/ca\\\/#\\\/schema\\\/logo\\\/image\\\/\",\"url\":\"https:\\\/\\\/www.mylasertabac.com\\\/wp-content\\\/uploads\\\/2024\\\/12\\\/mlt-verteau.svg\",\"contentUrl\":\"https:\\\/\\\/www.mylasertabac.com\\\/wp-content\\\/uploads\\\/2024\\\/12\\\/mlt-verteau.svg\",\"caption\":\"My Laser Tabac\"},\"image\":{\"@id\":\"https:\\\/\\\/www.mylasertabac.com\\\/ca\\\/#\\\/schema\\\/logo\\\/image\\\/\"}},{\"@type\":\"Person\",\"@id\":\"https:\\\/\\\/www.mylasertabac.com\\\/ca\\\/#\\\/schema\\\/person\\\/02c249cb76d912efb6c315ec23eccdf3\",\"name\":\"Florian Fortes\",\"image\":{\"@type\":\"ImageObject\",\"inLanguage\":\"ca\",\"@id\":\"https:\\\/\\\/www.mylasertabac.com\\\/wp-content\\\/litespeed\\\/avatar\\\/142101a71d7b9e6490c1120d9c109a67.jpg?ver=1776856306\",\"url\":\"https:\\\/\\\/www.mylasertabac.com\\\/wp-content\\\/litespeed\\\/avatar\\\/142101a71d7b9e6490c1120d9c109a67.jpg?ver=1776856306\",\"contentUrl\":\"https:\\\/\\\/www.mylasertabac.com\\\/wp-content\\\/litespeed\\\/avatar\\\/142101a71d7b9e6490c1120d9c109a67.jpg?ver=1776856306\",\"caption\":\"Florian Fortes\"},\"sameAs\":[\"https:\\\/\\\/www.mylasertabac.com\",\"https:\\\/\\\/www.facebook.com\\\/profile.php?id=61571554707319\"],\"url\":\"https:\\\/\\\/www.mylasertabac.com\\\/ca\\\/author\\\/florianfortes5312\\\/\"}]}<\/script>\n<!-- \/ Yoast SEO plugin. -->","yoast_head_json":{"title":"Tabac i contaminaci\u00f3 interior: quines s\u00f3n les conseq\u00fc\u00e8ncies? - My Laser Tabac","description":"Voleu saber quines t\u00e8cniques hi ha per purificar l'aire de casa vostra quan hi ha fum a l'interior?","robots":{"index":"index","follow":"follow","max-snippet":"max-snippet:-1","max-image-preview":"max-image-preview:large","max-video-preview":"max-video-preview:-1"},"canonical":"https:\/\/www.mylasertabac.com\/ca\/tabac-i-contaminacio-interior-quines-son-les-consequencies\/","og_locale":"ca_ES","og_type":"article","og_title":"Tabac i contaminaci\u00f3 interior: quines s\u00f3n les conseq\u00fc\u00e8ncies? - My Laser Tabac","og_description":"Voleu saber quines t\u00e8cniques hi ha per purificar l'aire de casa vostra quan hi ha fum a l'interior?","og_url":"https:\/\/www.mylasertabac.com\/ca\/tabac-i-contaminacio-interior-quines-son-les-consequencies\/","og_site_name":"My Laser Tabac","article_author":"https:\/\/www.facebook.com\/profile.php?id=61571554707319","article_published_time":"2025-05-05T13:15:46+00:00","article_modified_time":"2025-05-05T13:16:28+00:00","og_image":[{"width":1024,"height":683,"url":"https:\/\/www.mylasertabac.com\/wp-content\/uploads\/2025\/05\/pol-1024x683.png","type":"image\/png"}],"author":"Florian Fortes","twitter_card":"summary_large_image","twitter_misc":{"Escrit per":"Florian Fortes","Temps estimat de lectura":"5 minuts"},"schema":{"@context":"https:\/\/schema.org","@graph":[{"@type":"Article","@id":"https:\/\/www.mylasertabac.com\/ca\/tabac-i-contaminacio-interior-quines-son-les-consequencies\/#article","isPartOf":{"@id":"https:\/\/www.mylasertabac.com\/ca\/tabac-i-contaminacio-interior-quines-son-les-consequencies\/"},"author":{"name":"Florian Fortes","@id":"https:\/\/www.mylasertabac.com\/ca\/#\/schema\/person\/02c249cb76d912efb6c315ec23eccdf3"},"headline":"Tabac i contaminaci\u00f3 interior: quines s\u00f3n les conseq\u00fc\u00e8ncies?","datePublished":"2025-05-05T13:15:46+00:00","dateModified":"2025-05-05T13:16:28+00:00","mainEntityOfPage":{"@id":"https:\/\/www.mylasertabac.com\/ca\/tabac-i-contaminacio-interior-quines-son-les-consequencies\/"},"wordCount":1081,"publisher":{"@id":"https:\/\/www.mylasertabac.com\/ca\/#organization"},"image":{"@id":"https:\/\/www.mylasertabac.com\/ca\/tabac-i-contaminacio-interior-quines-son-les-consequencies\/#primaryimage"},"thumbnailUrl":"https:\/\/www.mylasertabac.com\/wp-content\/uploads\/2025\/05\/pol.png","articleSection":["contaminaci\u00f3"],"inLanguage":"ca"},{"@type":"WebPage","@id":"https:\/\/www.mylasertabac.com\/ca\/tabac-i-contaminacio-interior-quines-son-les-consequencies\/","url":"https:\/\/www.mylasertabac.com\/ca\/tabac-i-contaminacio-interior-quines-son-les-consequencies\/","name":"Tabac i contaminaci\u00f3 interior: quines s\u00f3n les conseq\u00fc\u00e8ncies? - My Laser Tabac","isPartOf":{"@id":"https:\/\/www.mylasertabac.com\/ca\/#website"},"primaryImageOfPage":{"@id":"https:\/\/www.mylasertabac.com\/ca\/tabac-i-contaminacio-interior-quines-son-les-consequencies\/#primaryimage"},"image":{"@id":"https:\/\/www.mylasertabac.com\/ca\/tabac-i-contaminacio-interior-quines-son-les-consequencies\/#primaryimage"},"thumbnailUrl":"https:\/\/www.mylasertabac.com\/wp-content\/uploads\/2025\/05\/pol.png","datePublished":"2025-05-05T13:15:46+00:00","dateModified":"2025-05-05T13:16:28+00:00","description":"Voleu saber quines t\u00e8cniques hi ha per purificar l'aire de casa vostra quan hi ha fum a l'interior?","breadcrumb":{"@id":"https:\/\/www.mylasertabac.com\/ca\/tabac-i-contaminacio-interior-quines-son-les-consequencies\/#breadcrumb"},"inLanguage":"ca","potentialAction":[{"@type":"ReadAction","target":["https:\/\/www.mylasertabac.com\/ca\/tabac-i-contaminacio-interior-quines-son-les-consequencies\/"]}]},{"@type":"ImageObject","inLanguage":"ca","@id":"https:\/\/www.mylasertabac.com\/ca\/tabac-i-contaminacio-interior-quines-son-les-consequencies\/#primaryimage","url":"https:\/\/www.mylasertabac.com\/wp-content\/uploads\/2025\/05\/pol.png","contentUrl":"https:\/\/www.mylasertabac.com\/wp-content\/uploads\/2025\/05\/pol.png","width":1536,"height":1024},{"@type":"BreadcrumbList","@id":"https:\/\/www.mylasertabac.com\/ca\/tabac-i-contaminacio-interior-quines-son-les-consequencies\/#breadcrumb","itemListElement":[{"@type":"ListItem","position":1,"name":"Accueil","item":"https:\/\/www.mylasertabac.com\/ca\/benvingut\/"},{"@type":"ListItem","position":2,"name":"Tabac i contaminaci\u00f3 interior: quines s\u00f3n les conseq\u00fc\u00e8ncies?"}]},{"@type":"WebSite","@id":"https:\/\/www.mylasertabac.com\/ca\/#website","url":"https:\/\/www.mylasertabac.com\/ca\/","name":"My Laser Tabac","description":"La solution laser qui transforme les fumeurs en ex-fumeurs","publisher":{"@id":"https:\/\/www.mylasertabac.com\/ca\/#organization"},"potentialAction":[{"@type":"SearchAction","target":{"@type":"EntryPoint","urlTemplate":"https:\/\/www.mylasertabac.com\/ca\/?s={search_term_string}"},"query-input":{"@type":"PropertyValueSpecification","valueRequired":true,"valueName":"search_term_string"}}],"inLanguage":"ca"},{"@type":"Organization","@id":"https:\/\/www.mylasertabac.com\/ca\/#organization","name":"My Laser Tabac","url":"https:\/\/www.mylasertabac.com\/ca\/","logo":{"@type":"ImageObject","inLanguage":"ca","@id":"https:\/\/www.mylasertabac.com\/ca\/#\/schema\/logo\/image\/","url":"https:\/\/www.mylasertabac.com\/wp-content\/uploads\/2024\/12\/mlt-verteau.svg","contentUrl":"https:\/\/www.mylasertabac.com\/wp-content\/uploads\/2024\/12\/mlt-verteau.svg","caption":"My Laser Tabac"},"image":{"@id":"https:\/\/www.mylasertabac.com\/ca\/#\/schema\/logo\/image\/"}},{"@type":"Person","@id":"https:\/\/www.mylasertabac.com\/ca\/#\/schema\/person\/02c249cb76d912efb6c315ec23eccdf3","name":"Florian Fortes","image":{"@type":"ImageObject","inLanguage":"ca","@id":"https:\/\/www.mylasertabac.com\/wp-content\/litespeed\/avatar\/142101a71d7b9e6490c1120d9c109a67.jpg?ver=1776856306","url":"https:\/\/www.mylasertabac.com\/wp-content\/litespeed\/avatar\/142101a71d7b9e6490c1120d9c109a67.jpg?ver=1776856306","contentUrl":"https:\/\/www.mylasertabac.com\/wp-content\/litespeed\/avatar\/142101a71d7b9e6490c1120d9c109a67.jpg?ver=1776856306","caption":"Florian Fortes"},"sameAs":["https:\/\/www.mylasertabac.com","https:\/\/www.facebook.com\/profile.php?id=61571554707319"],"url":"https:\/\/www.mylasertabac.com\/ca\/author\/florianfortes5312\/"}]}},"_links":{"self":[{"href":"https:\/\/www.mylasertabac.com\/ca\/wp-json\/wp\/v2\/posts\/7717","targetHints":{"allow":["GET"]}}],"collection":[{"href":"https:\/\/www.mylasertabac.com\/ca\/wp-json\/wp\/v2\/posts"}],"about":[{"href":"https:\/\/www.mylasertabac.com\/ca\/wp-json\/wp\/v2\/types\/post"}],"author":[{"embeddable":true,"href":"https:\/\/www.mylasertabac.com\/ca\/wp-json\/wp\/v2\/users\/2"}],"replies":[{"embeddable":true,"href":"https:\/\/www.mylasertabac.com\/ca\/wp-json\/wp\/v2\/comments?post=7717"}],"version-history":[{"count":1,"href":"https:\/\/www.mylasertabac.com\/ca\/wp-json\/wp\/v2\/posts\/7717\/revisions"}],"predecessor-version":[{"id":7719,"href":"https:\/\/www.mylasertabac.com\/ca\/wp-json\/wp\/v2\/posts\/7717\/revisions\/7719"}],"wp:featuredmedia":[{"embeddable":true,"href":"https:\/\/www.mylasertabac.com\/ca\/wp-json\/wp\/v2\/media\/7705"}],"wp:attachment":[{"href":"https:\/\/www.mylasertabac.com\/ca\/wp-json\/wp\/v2\/media?parent=7717"}],"wp:term":[{"taxonomy":"category","embeddable":true,"href":"https:\/\/www.mylasertabac.com\/ca\/wp-json\/wp\/v2\/categories?post=7717"},{"taxonomy":"post_tag","embeddable":true,"href":"https:\/\/www.mylasertabac.com\/ca\/wp-json\/wp\/v2\/tags?post=7717"}],"curies":[{"name":"wp","href":"https:\/\/api.w.org\/{rel}","templated":true}]}}