{"id":7754,"date":"2025-05-06T15:16:52","date_gmt":"2025-05-06T13:16:52","guid":{"rendered":"https:\/\/www.mylasertabac.com\/cancer-oral-i-tabac-tot-el-que-cal-saber-sobre-els-riscos-associats-amb-els-cigarrets\/"},"modified":"2025-05-06T15:25:37","modified_gmt":"2025-05-06T13:25:37","slug":"cancer-oral-i-tabac-tot-el-que-cal-saber-sobre-els-riscos-associats-amb-els-cigarrets","status":"publish","type":"post","link":"https:\/\/www.mylasertabac.com\/ca\/cancer-oral-i-tabac-tot-el-que-cal-saber-sobre-els-riscos-associats-amb-els-cigarrets\/","title":{"rendered":"C\u00e0ncer oral i tabac: tot el que cal saber sobre els riscos associats amb els cigarrets"},"content":{"rendered":"\n<p><\/p>\n\n<p>El tabac \u00e9s un dels factors de risc m\u00e9s importants per al desenvolupament de molts c\u00e0ncers, i el c\u00e0ncer oral no n&#8217;\u00e9s una excepci\u00f3. Cada any a Fran\u00e7a es diagnostiquen m\u00e9s de 2.000 nous casos de c\u00e0ncer oral. Aquestes malalties sovint estan relacionades amb el consum prolongat de tabac i factors com l&#8217;alcohol. Aquest article detalla els mecanismes que vinculen el tabaquisme amb el c\u00e0ncer oral, els signes d&#8217;alerta i les estrat\u00e8gies de prevenci\u00f3 essencials per protegir-se.   <\/p>\n\n<div style=\"height:24px\" aria-hidden=\"true\" class=\"wp-block-spacer\"><\/div>\n\n<figure class=\"wp-block-image alignleft size-full is-resized\"><img fetchpriority=\"high\" decoding=\"async\" width=\"1024\" height=\"1024\" src=\"https:\/\/www.mylasertabac.com\/wp-content\/uploads\/2025\/05\/cann.png\" alt=\"\" class=\"wp-image-7736\" style=\"width:376px;height:auto\" srcset=\"https:\/\/www.mylasertabac.com\/wp-content\/uploads\/2025\/05\/cann.png 1024w, https:\/\/www.mylasertabac.com\/wp-content\/uploads\/2025\/05\/cann-300x300.png 300w, https:\/\/www.mylasertabac.com\/wp-content\/uploads\/2025\/05\/cann-150x150.png 150w, https:\/\/www.mylasertabac.com\/wp-content\/uploads\/2025\/05\/cann-768x768.png 768w\" sizes=\"(max-width: 1024px) 100vw, 1024px\" \/><\/figure>\n\n<h2 class=\"wp-block-heading\"><strong>La relaci\u00f3 entre el tabac i el c\u00e0ncer oral<\/strong><\/h2>\n\n<p>Per entendre l&#8217;impacte del tabac en la salut bucodental, cal analitzar les subst\u00e0ncies t\u00f2xiques que cont\u00e9 i el seu efecte acumulatiu sobre els teixits de la cavitat oral.<\/p>\n\n<h3 class=\"wp-block-heading\"><strong>1. Subst\u00e0ncies qu\u00edmiques t\u00f2xiques en els cigarrets<\/strong><\/h3>\n\n<p>Cada cigarreta cont\u00e9 m\u00e9s de 7.000 compostos qu\u00edmics, 69 dels quals s\u00f3n cancer\u00edgens. Entre ells, el quitr\u00e0, la nicotina i els hidrocarburs arom\u00e0tics polic\u00edclics (HAP) tenen un paper important en el dany a les c\u00e8l\u00b7lules de la boca i la faringe. <\/p>\n\n<p>Aquests compostos debiliten els teixits orals i interrompen la seva capacitat de regeneraci\u00f3. Creen un entorn propici per al desenvolupament de mutacions gen\u00e8tiques, que donen lloc a lesions precanceroses o canceroses. Els efectes nocius del tabac tamb\u00e9 afecten la laringe, la gola i els pulmons, augmentant el risc de mort per malalties respirat\u00f2ries.  <\/p>\n\n<div style=\"height:53px\" aria-hidden=\"true\" class=\"wp-block-spacer\"><\/div>\n\n<h3 class=\"wp-block-heading\"><strong>2. El paper del consum de tabac en la formaci\u00f3 de c\u00e0ncers<\/strong><\/h3>\n\n<div style=\"height:24px\" aria-hidden=\"true\" class=\"wp-block-spacer\"><\/div>\n\n<p>La correlaci\u00f3 entre el tabac i el c\u00e0ncer oral est\u00e0 ben establerta. A Fran\u00e7a, el 75% dels c\u00e0ncers orals estan relacionats amb el tabaquisme. Els fumadors a llarg termini veuen els seus riscos multiplicats per 5 a 10 en comparaci\u00f3 amb els no fumadors.  <\/p>\n\n<p>Cada inhalaci\u00f3 exposa els teixits de la cavitat oral i la faringe a alts nivells de toxicitat. Aquests danys tamb\u00e9 afecten les persones exposades al tabaquisme passiu, augmentant el risc de patir malalties greus fins i tot en aquells que no fumen directament. <\/p>\n\n<div style=\"height:24px\" aria-hidden=\"true\" class=\"wp-block-spacer\"><\/div>\n\n<h3 class=\"wp-block-heading\"><strong>3. L&#8217;impacte d&#8217;altres formes de tabaquisme<\/strong><\/h3>\n\n<div style=\"height:24px\" aria-hidden=\"true\" class=\"wp-block-spacer\"><\/div>\n\n<p>Tot i que sovint es destaquen els cigarrets, altres h\u00e0bits de fumar com ara la pipa, els cigars i mastegar tabac no s\u00f3n menys perjudicials. Aquestes formes exposen directament els teixits orals i la gola a subst\u00e0ncies altament cancer\u00edgenes. A Fran\u00e7a, la combinaci\u00f3 de tabac i alcohol duplica el risc de desenvolupar c\u00e0ncer oral, perqu\u00e8 l&#8217;alcohol amplifica els efectes de les subst\u00e0ncies t\u00f2xiques.  <\/p>\n\n<div style=\"height:24px\" aria-hidden=\"true\" class=\"wp-block-spacer\"><\/div>\n\n<h2 class=\"wp-block-heading\"><strong>Senyals d&#8217;alerta que no s&#8217;han d&#8217;ignorar<\/strong><\/h2>\n\n<div style=\"height:24px\" aria-hidden=\"true\" class=\"wp-block-spacer\"><\/div>\n\n<p>La identificaci\u00f3 preco\u00e7 dels signes d&#8217;alerta pot ser decisiva en el tractament del c\u00e0ncer oral. Aqu\u00ed teniu els principals indicadors a tenir en compte. <\/p>\n\n<div style=\"height:24px\" aria-hidden=\"true\" class=\"wp-block-spacer\"><\/div>\n\n<h3 class=\"wp-block-heading\"><strong>1. Lesions visibles a la boca<\/strong><\/h3>\n\n<div style=\"height:24px\" aria-hidden=\"true\" class=\"wp-block-spacer\"><\/div>\n\n<p>Els primers signes inclouen:<\/p>\n\n<ul class=\"wp-block-list\">\n<li>Pegues blanques (leucopl\u00e0sia) o vermelles (eritropl\u00e0sia) a les genives, la llengua o la part interior de les galtes.<\/li>\n\n\n\n<li>\u00dalceres que no es curen despr\u00e9s de dues setmanes.<\/li>\n\n\n\n<li>Augment de la sensibilitat o dolor inusual a la boca o la gola.<\/li>\n<\/ul>\n\n<p>Aquestes manifestacions poden passar desapercebudes o ser ignorades. No obstant aix\u00f2, requereixen una consulta m\u00e8dica r\u00e0pida per descartar qualsevol risc. <\/p>\n\n<div style=\"height:24px\" aria-hidden=\"true\" class=\"wp-block-spacer\"><\/div>\n\n<h3 class=\"wp-block-heading\"><strong>2. Modificacions funcionals<\/strong><\/h3>\n\n<div style=\"height:24px\" aria-hidden=\"true\" class=\"wp-block-spacer\"><\/div>\n\n<p>A mesura que la malaltia progressa, apareixen canvis. Els pacients poden tenir dificultats per empassar, parlar o mastegar. Aquests s\u00edmptomes sovint afecten la gola i la faringe, cosa que indica una possible propagaci\u00f3 de les lesions.  <\/p>\n\n<div style=\"height:24px\" aria-hidden=\"true\" class=\"wp-block-spacer\"><\/div>\n\n<h3 class=\"wp-block-heading\"><strong>3. Ganglis limf\u00e0tics inflamats<\/strong><\/h3>\n\n<div style=\"height:24px\" aria-hidden=\"true\" class=\"wp-block-spacer\"><\/div>\n\n<p>La inflamaci\u00f3 persistent al coll \u00e9s un s\u00edmptoma com\u00fa dels c\u00e0ncers orals avan\u00e7ats. Aquest signe pot indicar una propagaci\u00f3 de c\u00e8l\u00b7lules canceroses m\u00e9s enll\u00e0 de la cavitat oral. <\/p>\n\n<div style=\"height:24px\" aria-hidden=\"true\" class=\"wp-block-spacer\"><\/div>\n\n<h2 class=\"wp-block-heading\"><strong>Per qu\u00e8 el c\u00e0ncer oral es detecta sovint tard?<\/strong><\/h2>\n\n<div style=\"height:24px\" aria-hidden=\"true\" class=\"wp-block-spacer\"><\/div>\n\n<p>Malauradament, el diagn\u00f2stic preco\u00e7 del c\u00e0ncer oral continua sent rar. Caldria explorar les raons d&#8217;aquesta observaci\u00f3 per conscienciar m\u00e9s les poblacions en risc. <\/p>\n\n<div style=\"height:24px\" aria-hidden=\"true\" class=\"wp-block-spacer\"><\/div>\n\n<h3 class=\"wp-block-heading\"><strong>1. L&#8217;abs\u00e8ncia de dolor inicial<\/strong><\/h3>\n\n<div style=\"height:24px\" aria-hidden=\"true\" class=\"wp-block-spacer\"><\/div>\n\n<p>En les primeres etapes, el c\u00e0ncer oral sovint no \u00e9s dolor\u00f3s. Aquesta caracter\u00edstica fa que moltes persones ignorin els primers signes, cosa que retarda el diagn\u00f2stic. Les lesions, tot i que s\u00f3n presents, generalment no causen mol\u00e8sties immediates. Aix\u00f2 porta a un diagn\u00f2stic tard\u00e0, sovint quan la malaltia es troba en una fase avan\u00e7ada.   <\/p>\n\n<p>Els teixits de la boca i la faringe, exposats als atacs regulars del tabac i l&#8217;alcohol, es tornen insensibles a moltes irritacions. Aquesta insensibilitat emmascara els primers s\u00edmptomes i ajorna la consulta m\u00e8dica. <\/p>\n\n<div style=\"height:24px\" aria-hidden=\"true\" class=\"wp-block-spacer\"><\/div>\n\n<h3 class=\"wp-block-heading\"><strong>2. Manca de consci\u00e8ncia<\/strong><\/h3>\n\n<div style=\"height:24px\" aria-hidden=\"true\" class=\"wp-block-spacer\"><\/div>\n\n<p>A Fran\u00e7a, molts fumadors subestimen els riscos associats al tabac. La manca d&#8217;informaci\u00f3 sobre els s\u00edmptomes o les malalties associades al tabaquisme passiu tamb\u00e9 contribueix a aquesta manca de consci\u00e8ncia. La poblaci\u00f3 general no sempre associa les anomalies orals amb signes d&#8217;alerta de possibles c\u00e0ncers.  <\/p>\n\n<p>Una campanya de sensibilitzaci\u00f3 insuficient, juntament amb la trivialitzaci\u00f3 dels primers s\u00edmptomes, est\u00e0 dificultant els esfor\u00e7os de prevenci\u00f3. Els retorns tardans dels pacients als professionals sanitaris continuen sent habituals. <\/p>\n\n<div style=\"height:24px\" aria-hidden=\"true\" class=\"wp-block-spacer\"><\/div>\n\n<h3 class=\"wp-block-heading\"><strong>3. Revisions m\u00e8diques insuficients<\/strong><\/h3>\n\n<div style=\"height:24px\" aria-hidden=\"true\" class=\"wp-block-spacer\"><\/div>\n\n<p>La manca de cribratge sistem\u00e0tic del c\u00e0ncer oral tamb\u00e9 agreuja el retard en el diagn\u00f2stic. A difer\u00e8ncia d&#8217;altres c\u00e0ncers com el de mama o de c\u00f2lon, la detecci\u00f3 del c\u00e0ncer oral encara no \u00e9s una pr\u00e0ctica habitual, cosa que redueix les possibilitats de detectar la malaltia en una fase preco\u00e7. <\/p>\n\n<div style=\"height:24px\" aria-hidden=\"true\" class=\"wp-block-spacer\"><\/div>\n\n<h2 class=\"wp-block-heading\"><strong>Prevenci\u00f3 i reducci\u00f3 de riscos<\/strong><\/h2>\n\n<div style=\"height:24px\" aria-hidden=\"true\" class=\"wp-block-spacer\"><\/div>\n\n<p>Per reduir el risc de desenvolupar c\u00e0ncer oral, es poden adoptar diverses mesures preventives.<\/p>\n\n<div style=\"height:24px\" aria-hidden=\"true\" class=\"wp-block-spacer\"><\/div>\n\n<h3 class=\"wp-block-heading\"><strong>1. Deixar de fumar<\/strong><\/h3>\n\n<div style=\"height:24px\" aria-hidden=\"true\" class=\"wp-block-spacer\"><\/div>\n\n<p>Deixar de fumar \u00e9s la mesura m\u00e9s efica\u00e7 per reduir els riscos. En deixar de fumar, el retorn a una millor salut bucodental comen\u00e7a r\u00e0pidament: <\/p>\n\n<div style=\"height:24px\" aria-hidden=\"true\" class=\"wp-block-spacer\"><\/div>\n\n<ul class=\"wp-block-list\">\n<li>Els teixits de la cavitat oral recuperen la seva capacitat de regeneraci\u00f3.<\/li>\n\n\n\n<li>El risc de c\u00e0ncer disminueix significativament despr\u00e9s de cinc anys sense tabac.<\/li>\n\n\n\n<li>Cada p\u00e0gina d&#8217;informaci\u00f3 consultada en plataformes especialitzades pot oferir consells pr\u00e0ctics per ajudar-vos a deixar de fumar.<\/li>\n<\/ul>\n\n<div style=\"height:35px\" aria-hidden=\"true\" class=\"wp-block-spacer\"><\/div>\n\n<figure class=\"wp-block-image alignleft size-large is-resized\"><img decoding=\"async\" width=\"683\" height=\"1024\" src=\"https:\/\/www.mylasertabac.com\/wp-content\/uploads\/2025\/05\/den-683x1024.png\" alt=\"\" class=\"wp-image-7744\" style=\"width:353px;height:auto\" srcset=\"https:\/\/www.mylasertabac.com\/wp-content\/uploads\/2025\/05\/den-683x1024.png 683w, https:\/\/www.mylasertabac.com\/wp-content\/uploads\/2025\/05\/den-200x300.png 200w, https:\/\/www.mylasertabac.com\/wp-content\/uploads\/2025\/05\/den-768x1152.png 768w, https:\/\/www.mylasertabac.com\/wp-content\/uploads\/2025\/05\/den.png 1024w\" sizes=\"(max-width: 683px) 100vw, 683px\" \/><\/figure>\n\n<h3 class=\"wp-block-heading\"><strong>2. Consulta un dentista regularment<\/strong><\/h3>\n\n<p>Les revisions peri\u00f2diques permeten detectar anomalies de manera preco\u00e7. Els dentistes tenen un paper clau a Fran\u00e7a en la prevenci\u00f3 i el cribratge de lesions precanceroses. Tamb\u00e9 t&#8217;indicaran productes adequats per a la higiene bucal.  <\/p>\n\n<p><\/p>\n\n<h3 class=\"wp-block-heading\"><strong>3. Adopta una higiene bucal estricta<\/strong><\/h3>\n\n<p>Un raspallat diari efica\u00e7, complementat amb l&#8217;\u00fas del fil dental, ajuda a limitar les infeccions i la inflamaci\u00f3 que podrien empitjorar els efectes del tabac. Les persones que adopten aquests h\u00e0bits redueixen el risc de complicacions orals relacionades amb el tabac. <\/p>\n\n<div style=\"height:31px\" aria-hidden=\"true\" class=\"wp-block-spacer\"><\/div>\n\n<h3 class=\"wp-block-heading\"><strong>4. Limiteu el consum d&#8217;alcohol<\/strong><\/h3>\n\n<div style=\"height:24px\" aria-hidden=\"true\" class=\"wp-block-spacer\"><\/div>\n\n<p>Reduir o eliminar l&#8217;alcohol del consum diari ajuda a mitigar els efectes amplificadors d&#8217;aquest producte sobre les subst\u00e0ncies t\u00f2xiques del tabac. Cal tenir en compte que l&#8217;alcohol, combinat amb el tabac, augmenta el risc de c\u00e0ncer de faringe i de gola. <\/p>\n\n<div style=\"height:24px\" aria-hidden=\"true\" class=\"wp-block-spacer\"><\/div>\n\n<h3 class=\"wp-block-heading\"><strong>5. Utilitzeu ter\u00e0pia de reempla\u00e7ament de nicotina<\/strong><\/h3>\n\n<div style=\"height:24px\" aria-hidden=\"true\" class=\"wp-block-spacer\"><\/div>\n\n<p>Els substituts de la nicotina, disponibles a les farm\u00e0cies, afavoreixen efica\u00e7ment l&#8217;abstin\u00e8ncia. Ajuden a reduir la depend\u00e8ncia i eviten els efectes secundaris associats a la interrupci\u00f3 sobtada del consum. Consulta un professional sanitari per triar els productes que millor s&#8217;adaptin a la teva situaci\u00f3.  <\/p>\n\n<div style=\"height:24px\" aria-hidden=\"true\" class=\"wp-block-spacer\"><\/div>\n\n<p class=\"has-cyan-bluish-gray-background-color has-background\">Aquest article et pot interessar: <a href=\"https:\/\/www.mylasertabac.com\/ca\/informacio\/formacio-laser-antitabac-i-addiccio\/\"><mark style=\"background-color:rgba(0, 0, 0, 0)\" class=\"has-inline-color has-luminous-vivid-orange-color\">Entrenament l\u00e0ser antitabac i antiaddicci\u00f3<\/mark><\/a><\/p>\n\n<div style=\"height:24px\" aria-hidden=\"true\" class=\"wp-block-spacer\"><\/div>\n\n<h2 class=\"wp-block-heading\"><strong>Tractaments disponibles<\/strong><\/h2>\n\n<div style=\"height:24px\" aria-hidden=\"true\" class=\"wp-block-spacer\"><\/div>\n\n<p>El tractament del c\u00e0ncer oral dep\u00e8n de l&#8217;estadi de la malaltia i pot incloure:<\/p>\n\n<div style=\"height:24px\" aria-hidden=\"true\" class=\"wp-block-spacer\"><\/div>\n\n<h3 class=\"wp-block-heading\"><strong>1. Cirurgia<\/strong><\/h3>\n\n<div style=\"height:24px\" aria-hidden=\"true\" class=\"wp-block-spacer\"><\/div>\n\n<p>La cirurgia sovint \u00e9s el tractament de primera l\u00ednia per als c\u00e0ncers orals. Implica l&#8217;extirpaci\u00f3 del tumor i, en alguns casos, dels teixits adjacents afectats. Quan el c\u00e0ncer es troba en una fase avan\u00e7ada, pot ser necess\u00e0ria l&#8217;extirpaci\u00f3 parcial o total d&#8217;estructures com la llengua, les genives o la faringe.  <\/p>\n\n<p>Les t\u00e8cniques reconstructives, com ara els empelts de pell o les reconstruccions \u00f2ssies, poden restaurar les funcions est\u00e8tiques i funcionals. Aquestes intervencions complexes requereixen la gesti\u00f3 d&#8217;equips multidisciplinaris especialitzats. <\/p>\n\n<div style=\"height:24px\" aria-hidden=\"true\" class=\"wp-block-spacer\"><\/div>\n\n<h3 class=\"wp-block-heading\"><strong>2. Radioter\u00e0pia<\/strong><\/h3>\n\n<div style=\"height:24px\" aria-hidden=\"true\" class=\"wp-block-spacer\"><\/div>\n\n<p>La radioter\u00e0pia utilitza radiacions ionitzants per destruir les c\u00e8l\u00b7lules canceroses. Aquest tractament s&#8217;utilitza sovint despr\u00e9s de la cirurgia per eliminar c\u00e8l\u00b7lules residuals o com a tractament de primera l\u00ednia per a c\u00e0ncers localitzats. Tot i que \u00e9s molt efica\u00e7, pot causar efectes secundaris com ara sequedat de boca, mal de coll i alteraci\u00f3 del gust.  <\/p>\n\n<p>Cal un seguiment acurat per limitar aquests inconvenients i adaptar el tractament en funci\u00f3 d&#8217;aquests efectes.<\/p>\n\n<div style=\"height:24px\" aria-hidden=\"true\" class=\"wp-block-spacer\"><\/div>\n\n<h3 class=\"wp-block-heading\"><strong>3. Quimioter\u00e0pia i immunoter\u00e0pia<\/strong><\/h3>\n\n<div style=\"height:24px\" aria-hidden=\"true\" class=\"wp-block-spacer\"><\/div>\n\n<p>La quimioter\u00e0pia s&#8217;utilitza sovint per al c\u00e0ncer oral avan\u00e7at o metast\u00e0tic. Funciona alentint el creixement de les c\u00e8l\u00b7lules canceroses i es pot combinar amb cirurgia o radioter\u00e0pia per maximitzar les possibilitats d&#8217;\u00e8xit. No obstant aix\u00f2, aquest tractament pot causar efectes secundaris com ara n\u00e0usees, p\u00e8rdua de pes o fatiga important.  <\/p>\n\n<p>La immunoter\u00e0pia, en canvi, \u00e9s un m\u00e8tode m\u00e9s nou i prometedor. Estimula el sistema immunitari del pacient per atacar i destruir les c\u00e8l\u00b7lules canceroses. Aquest tractament \u00e9s particularment \u00fatil per a c\u00e0ncers resistents a les ter\u00e0pies convencionals.  <\/p>\n\n<div style=\"height:24px\" aria-hidden=\"true\" class=\"wp-block-spacer\"><\/div>\n\n<h3 class=\"wp-block-heading\"><strong>4. Cures pal\u00b7liatives<\/strong><\/h3>\n\n<div style=\"height:24px\" aria-hidden=\"true\" class=\"wp-block-spacer\"><\/div>\n\n<p>En els casos en qu\u00e8 el c\u00e0ncer es troba en una fase molt avan\u00e7ada, les cures pal\u00b7liatives s\u00f3n essencials. Tenen com a objectiu millorar la qualitat de vida del pacient reduint el dolor i proporcionant suport emocional i m\u00e8dic. Els equips especialitzats tamb\u00e9 garanteixen que els pacients rebin l&#8217;atenci\u00f3 adequada per ajudar-los a afrontar els efectes secundaris dels tractaments.  <\/p>\n\n<div style=\"height:29px\" aria-hidden=\"true\" class=\"wp-block-spacer\"><\/div>\n\n<h2 class=\"wp-block-heading\"><strong>Conclusi\u00f3<\/strong><\/h2>\n\n<p>El tabac \u00e9s un factor clau en el desenvolupament de c\u00e0ncers orals, aix\u00ed com d&#8217;altres malalties greus que afecten la gola i els pulmons. Una major consci\u00e8ncia dels riscos, combinada amb accions preventives com ara deixar de fumar, revisions dentals peri\u00f2diques i una higiene bucal estricta, \u00e9s essencial per reduir aquests perills. <\/p>\n\n<p>Recorda, mai \u00e9s massa tard per actuar. Consulta un professional sanitari per avaluar la teva situaci\u00f3 i rebre assessorament personalitzat. Cada pas cap a un estil de vida sense tabac \u00e9s un pas cap a una millor salut per a tu i les persones que t&#8217;envolten. Cuida&#8217;t, comen\u00e7a avui mateix   <\/p>\n\n<p>Si vols <a href=\"https:\/\/www.mylasertabac.com\/ca\/\">deixar de fumar<\/a> ara, v\u00e9s a un dels nostres <a href=\"https:\/\/www.mylasertabac.com\/ca\/els-nostres-centres\/\">centres l\u00e0ser antitabac<\/a> a prop teu.<\/p>\n\n<div style=\"height:50px\" aria-hidden=\"true\" class=\"wp-block-spacer\"><\/div>\n\n<figure class=\"wp-block-image alignfull size-large\"><img decoding=\"async\" src=\"https:\/\/www.mylasertabac.com\/wp-content\/uploads\/\/mlt-verteau.svg\" alt=\"\" class=\"wp-image-13\"\/><\/figure>\n","protected":false},"excerpt":{"rendered":"<p>El tabac \u00e9s un dels factors de risc m\u00e9s importants per al desenvolupament de molts c\u00e0ncers, i el c\u00e0ncer oral no n&#8217;\u00e9s una excepci\u00f3. Cada any a Fran\u00e7a es diagnostiquen m\u00e9s de 2.000 nous casos de c\u00e0ncer oral. Aquestes malalties sovint estan relacionades amb el consum prolongat de tabac i factors com l&#8217;alcohol. Aquest article [&hellip;]<\/p>\n","protected":false},"author":2,"featured_media":7729,"comment_status":"closed","ping_status":"open","sticky":false,"template":"","format":"standard","meta":{"inline_featured_image":false,"footnotes":""},"categories":[159],"tags":[],"class_list":["post-7754","post","type-post","status-publish","format-standard","has-post-thumbnail","hentry","category-salut"],"yoast_head":"<!-- This site is optimized with the Yoast SEO plugin v27.4 - https:\/\/yoast.com\/product\/yoast-seo-wordpress\/ -->\n<title>C\u00e0ncer oral i tabac: tot el que cal saber sobre els riscos associats amb els cigarrets - My Laser Tabac<\/title>\n<meta name=\"description\" content=\"Voleu saber el risc de patir c\u00e0ncer oral com a conseq\u00fc\u00e8ncia de fumar cigarrets.\" \/>\n<meta name=\"robots\" content=\"index, follow, max-snippet:-1, max-image-preview:large, max-video-preview:-1\" \/>\n<link rel=\"canonical\" href=\"https:\/\/www.mylasertabac.com\/ca\/cancer-oral-i-tabac-tot-el-que-cal-saber-sobre-els-riscos-associats-amb-els-cigarrets\/\" \/>\n<meta property=\"og:locale\" content=\"ca_ES\" \/>\n<meta property=\"og:type\" content=\"article\" \/>\n<meta property=\"og:title\" content=\"C\u00e0ncer oral i tabac: tot el que cal saber sobre els riscos associats amb els cigarrets - My Laser Tabac\" \/>\n<meta property=\"og:description\" content=\"Voleu saber el risc de patir c\u00e0ncer oral com a conseq\u00fc\u00e8ncia de fumar cigarrets.\" \/>\n<meta property=\"og:url\" content=\"https:\/\/www.mylasertabac.com\/ca\/cancer-oral-i-tabac-tot-el-que-cal-saber-sobre-els-riscos-associats-amb-els-cigarrets\/\" \/>\n<meta property=\"og:site_name\" content=\"My Laser Tabac\" \/>\n<meta property=\"article:author\" content=\"https:\/\/www.facebook.com\/profile.php?id=61571554707319\" \/>\n<meta property=\"article:published_time\" content=\"2025-05-06T13:16:52+00:00\" \/>\n<meta property=\"article:modified_time\" content=\"2025-05-06T13:25:37+00:00\" \/>\n<meta property=\"og:image\" content=\"https:\/\/www.mylasertabac.com\/wp-content\/uploads\/2025\/05\/can-1024x683.png\" \/>\n\t<meta property=\"og:image:width\" content=\"1024\" \/>\n\t<meta property=\"og:image:height\" content=\"683\" \/>\n\t<meta property=\"og:image:type\" content=\"image\/png\" \/>\n<meta name=\"author\" content=\"Florian Fortes\" \/>\n<meta name=\"twitter:card\" content=\"summary_large_image\" \/>\n<meta name=\"twitter:label1\" content=\"Escrit per\" \/>\n\t<meta name=\"twitter:data1\" content=\"Florian Fortes\" \/>\n\t<meta name=\"twitter:label2\" content=\"Temps estimat de lectura\" \/>\n\t<meta name=\"twitter:data2\" content=\"8 minuts\" \/>\n<script type=\"application\/ld+json\" class=\"yoast-schema-graph\">{\"@context\":\"https:\\\/\\\/schema.org\",\"@graph\":[{\"@type\":\"Article\",\"@id\":\"https:\\\/\\\/www.mylasertabac.com\\\/ca\\\/cancer-oral-i-tabac-tot-el-que-cal-saber-sobre-els-riscos-associats-amb-els-cigarrets\\\/#article\",\"isPartOf\":{\"@id\":\"https:\\\/\\\/www.mylasertabac.com\\\/ca\\\/cancer-oral-i-tabac-tot-el-que-cal-saber-sobre-els-riscos-associats-amb-els-cigarrets\\\/\"},\"author\":{\"name\":\"Florian Fortes\",\"@id\":\"https:\\\/\\\/www.mylasertabac.com\\\/ca\\\/#\\\/schema\\\/person\\\/02c249cb76d912efb6c315ec23eccdf3\"},\"headline\":\"C\u00e0ncer oral i tabac: tot el que cal saber sobre els riscos associats amb els cigarrets\",\"datePublished\":\"2025-05-06T13:16:52+00:00\",\"dateModified\":\"2025-05-06T13:25:37+00:00\",\"mainEntityOfPage\":{\"@id\":\"https:\\\/\\\/www.mylasertabac.com\\\/ca\\\/cancer-oral-i-tabac-tot-el-que-cal-saber-sobre-els-riscos-associats-amb-els-cigarrets\\\/\"},\"wordCount\":1718,\"publisher\":{\"@id\":\"https:\\\/\\\/www.mylasertabac.com\\\/ca\\\/#organization\"},\"image\":{\"@id\":\"https:\\\/\\\/www.mylasertabac.com\\\/ca\\\/cancer-oral-i-tabac-tot-el-que-cal-saber-sobre-els-riscos-associats-amb-els-cigarrets\\\/#primaryimage\"},\"thumbnailUrl\":\"https:\\\/\\\/www.mylasertabac.com\\\/wp-content\\\/uploads\\\/2025\\\/05\\\/can.png\",\"articleSection\":[\"Salut\"],\"inLanguage\":\"ca\"},{\"@type\":\"WebPage\",\"@id\":\"https:\\\/\\\/www.mylasertabac.com\\\/ca\\\/cancer-oral-i-tabac-tot-el-que-cal-saber-sobre-els-riscos-associats-amb-els-cigarrets\\\/\",\"url\":\"https:\\\/\\\/www.mylasertabac.com\\\/ca\\\/cancer-oral-i-tabac-tot-el-que-cal-saber-sobre-els-riscos-associats-amb-els-cigarrets\\\/\",\"name\":\"C\u00e0ncer oral i tabac: tot el que cal saber sobre els riscos associats amb els cigarrets - My Laser Tabac\",\"isPartOf\":{\"@id\":\"https:\\\/\\\/www.mylasertabac.com\\\/ca\\\/#website\"},\"primaryImageOfPage\":{\"@id\":\"https:\\\/\\\/www.mylasertabac.com\\\/ca\\\/cancer-oral-i-tabac-tot-el-que-cal-saber-sobre-els-riscos-associats-amb-els-cigarrets\\\/#primaryimage\"},\"image\":{\"@id\":\"https:\\\/\\\/www.mylasertabac.com\\\/ca\\\/cancer-oral-i-tabac-tot-el-que-cal-saber-sobre-els-riscos-associats-amb-els-cigarrets\\\/#primaryimage\"},\"thumbnailUrl\":\"https:\\\/\\\/www.mylasertabac.com\\\/wp-content\\\/uploads\\\/2025\\\/05\\\/can.png\",\"datePublished\":\"2025-05-06T13:16:52+00:00\",\"dateModified\":\"2025-05-06T13:25:37+00:00\",\"description\":\"Voleu saber el risc de patir c\u00e0ncer oral com a conseq\u00fc\u00e8ncia de fumar cigarrets.\",\"breadcrumb\":{\"@id\":\"https:\\\/\\\/www.mylasertabac.com\\\/ca\\\/cancer-oral-i-tabac-tot-el-que-cal-saber-sobre-els-riscos-associats-amb-els-cigarrets\\\/#breadcrumb\"},\"inLanguage\":\"ca\",\"potentialAction\":[{\"@type\":\"ReadAction\",\"target\":[\"https:\\\/\\\/www.mylasertabac.com\\\/ca\\\/cancer-oral-i-tabac-tot-el-que-cal-saber-sobre-els-riscos-associats-amb-els-cigarrets\\\/\"]}]},{\"@type\":\"ImageObject\",\"inLanguage\":\"ca\",\"@id\":\"https:\\\/\\\/www.mylasertabac.com\\\/ca\\\/cancer-oral-i-tabac-tot-el-que-cal-saber-sobre-els-riscos-associats-amb-els-cigarrets\\\/#primaryimage\",\"url\":\"https:\\\/\\\/www.mylasertabac.com\\\/wp-content\\\/uploads\\\/2025\\\/05\\\/can.png\",\"contentUrl\":\"https:\\\/\\\/www.mylasertabac.com\\\/wp-content\\\/uploads\\\/2025\\\/05\\\/can.png\",\"width\":1536,\"height\":1024},{\"@type\":\"BreadcrumbList\",\"@id\":\"https:\\\/\\\/www.mylasertabac.com\\\/ca\\\/cancer-oral-i-tabac-tot-el-que-cal-saber-sobre-els-riscos-associats-amb-els-cigarrets\\\/#breadcrumb\",\"itemListElement\":[{\"@type\":\"ListItem\",\"position\":1,\"name\":\"Accueil\",\"item\":\"https:\\\/\\\/www.mylasertabac.com\\\/ca\\\/benvingut\\\/\"},{\"@type\":\"ListItem\",\"position\":2,\"name\":\"C\u00e0ncer oral i tabac: tot el que cal saber sobre els riscos associats amb els cigarrets\"}]},{\"@type\":\"WebSite\",\"@id\":\"https:\\\/\\\/www.mylasertabac.com\\\/ca\\\/#website\",\"url\":\"https:\\\/\\\/www.mylasertabac.com\\\/ca\\\/\",\"name\":\"My Laser Tabac\",\"description\":\"La solution laser qui transforme les fumeurs en ex-fumeurs\",\"publisher\":{\"@id\":\"https:\\\/\\\/www.mylasertabac.com\\\/ca\\\/#organization\"},\"potentialAction\":[{\"@type\":\"SearchAction\",\"target\":{\"@type\":\"EntryPoint\",\"urlTemplate\":\"https:\\\/\\\/www.mylasertabac.com\\\/ca\\\/?s={search_term_string}\"},\"query-input\":{\"@type\":\"PropertyValueSpecification\",\"valueRequired\":true,\"valueName\":\"search_term_string\"}}],\"inLanguage\":\"ca\"},{\"@type\":\"Organization\",\"@id\":\"https:\\\/\\\/www.mylasertabac.com\\\/ca\\\/#organization\",\"name\":\"My Laser Tabac\",\"url\":\"https:\\\/\\\/www.mylasertabac.com\\\/ca\\\/\",\"logo\":{\"@type\":\"ImageObject\",\"inLanguage\":\"ca\",\"@id\":\"https:\\\/\\\/www.mylasertabac.com\\\/ca\\\/#\\\/schema\\\/logo\\\/image\\\/\",\"url\":\"https:\\\/\\\/www.mylasertabac.com\\\/wp-content\\\/uploads\\\/2024\\\/12\\\/mlt-verteau.svg\",\"contentUrl\":\"https:\\\/\\\/www.mylasertabac.com\\\/wp-content\\\/uploads\\\/2024\\\/12\\\/mlt-verteau.svg\",\"caption\":\"My Laser Tabac\"},\"image\":{\"@id\":\"https:\\\/\\\/www.mylasertabac.com\\\/ca\\\/#\\\/schema\\\/logo\\\/image\\\/\"}},{\"@type\":\"Person\",\"@id\":\"https:\\\/\\\/www.mylasertabac.com\\\/ca\\\/#\\\/schema\\\/person\\\/02c249cb76d912efb6c315ec23eccdf3\",\"name\":\"Florian Fortes\",\"image\":{\"@type\":\"ImageObject\",\"inLanguage\":\"ca\",\"@id\":\"https:\\\/\\\/www.mylasertabac.com\\\/wp-content\\\/litespeed\\\/avatar\\\/142101a71d7b9e6490c1120d9c109a67.jpg?ver=1776856306\",\"url\":\"https:\\\/\\\/www.mylasertabac.com\\\/wp-content\\\/litespeed\\\/avatar\\\/142101a71d7b9e6490c1120d9c109a67.jpg?ver=1776856306\",\"contentUrl\":\"https:\\\/\\\/www.mylasertabac.com\\\/wp-content\\\/litespeed\\\/avatar\\\/142101a71d7b9e6490c1120d9c109a67.jpg?ver=1776856306\",\"caption\":\"Florian Fortes\"},\"sameAs\":[\"https:\\\/\\\/www.mylasertabac.com\",\"https:\\\/\\\/www.facebook.com\\\/profile.php?id=61571554707319\"],\"url\":\"https:\\\/\\\/www.mylasertabac.com\\\/ca\\\/author\\\/florianfortes5312\\\/\"}]}<\/script>\n<!-- \/ Yoast SEO plugin. -->","yoast_head_json":{"title":"C\u00e0ncer oral i tabac: tot el que cal saber sobre els riscos associats amb els cigarrets - My Laser Tabac","description":"Voleu saber el risc de patir c\u00e0ncer oral com a conseq\u00fc\u00e8ncia de fumar cigarrets.","robots":{"index":"index","follow":"follow","max-snippet":"max-snippet:-1","max-image-preview":"max-image-preview:large","max-video-preview":"max-video-preview:-1"},"canonical":"https:\/\/www.mylasertabac.com\/ca\/cancer-oral-i-tabac-tot-el-que-cal-saber-sobre-els-riscos-associats-amb-els-cigarrets\/","og_locale":"ca_ES","og_type":"article","og_title":"C\u00e0ncer oral i tabac: tot el que cal saber sobre els riscos associats amb els cigarrets - My Laser Tabac","og_description":"Voleu saber el risc de patir c\u00e0ncer oral com a conseq\u00fc\u00e8ncia de fumar cigarrets.","og_url":"https:\/\/www.mylasertabac.com\/ca\/cancer-oral-i-tabac-tot-el-que-cal-saber-sobre-els-riscos-associats-amb-els-cigarrets\/","og_site_name":"My Laser Tabac","article_author":"https:\/\/www.facebook.com\/profile.php?id=61571554707319","article_published_time":"2025-05-06T13:16:52+00:00","article_modified_time":"2025-05-06T13:25:37+00:00","og_image":[{"width":1024,"height":683,"url":"https:\/\/www.mylasertabac.com\/wp-content\/uploads\/2025\/05\/can-1024x683.png","type":"image\/png"}],"author":"Florian Fortes","twitter_card":"summary_large_image","twitter_misc":{"Escrit per":"Florian Fortes","Temps estimat de lectura":"8 minuts"},"schema":{"@context":"https:\/\/schema.org","@graph":[{"@type":"Article","@id":"https:\/\/www.mylasertabac.com\/ca\/cancer-oral-i-tabac-tot-el-que-cal-saber-sobre-els-riscos-associats-amb-els-cigarrets\/#article","isPartOf":{"@id":"https:\/\/www.mylasertabac.com\/ca\/cancer-oral-i-tabac-tot-el-que-cal-saber-sobre-els-riscos-associats-amb-els-cigarrets\/"},"author":{"name":"Florian Fortes","@id":"https:\/\/www.mylasertabac.com\/ca\/#\/schema\/person\/02c249cb76d912efb6c315ec23eccdf3"},"headline":"C\u00e0ncer oral i tabac: tot el que cal saber sobre els riscos associats amb els cigarrets","datePublished":"2025-05-06T13:16:52+00:00","dateModified":"2025-05-06T13:25:37+00:00","mainEntityOfPage":{"@id":"https:\/\/www.mylasertabac.com\/ca\/cancer-oral-i-tabac-tot-el-que-cal-saber-sobre-els-riscos-associats-amb-els-cigarrets\/"},"wordCount":1718,"publisher":{"@id":"https:\/\/www.mylasertabac.com\/ca\/#organization"},"image":{"@id":"https:\/\/www.mylasertabac.com\/ca\/cancer-oral-i-tabac-tot-el-que-cal-saber-sobre-els-riscos-associats-amb-els-cigarrets\/#primaryimage"},"thumbnailUrl":"https:\/\/www.mylasertabac.com\/wp-content\/uploads\/2025\/05\/can.png","articleSection":["Salut"],"inLanguage":"ca"},{"@type":"WebPage","@id":"https:\/\/www.mylasertabac.com\/ca\/cancer-oral-i-tabac-tot-el-que-cal-saber-sobre-els-riscos-associats-amb-els-cigarrets\/","url":"https:\/\/www.mylasertabac.com\/ca\/cancer-oral-i-tabac-tot-el-que-cal-saber-sobre-els-riscos-associats-amb-els-cigarrets\/","name":"C\u00e0ncer oral i tabac: tot el que cal saber sobre els riscos associats amb els cigarrets - My Laser Tabac","isPartOf":{"@id":"https:\/\/www.mylasertabac.com\/ca\/#website"},"primaryImageOfPage":{"@id":"https:\/\/www.mylasertabac.com\/ca\/cancer-oral-i-tabac-tot-el-que-cal-saber-sobre-els-riscos-associats-amb-els-cigarrets\/#primaryimage"},"image":{"@id":"https:\/\/www.mylasertabac.com\/ca\/cancer-oral-i-tabac-tot-el-que-cal-saber-sobre-els-riscos-associats-amb-els-cigarrets\/#primaryimage"},"thumbnailUrl":"https:\/\/www.mylasertabac.com\/wp-content\/uploads\/2025\/05\/can.png","datePublished":"2025-05-06T13:16:52+00:00","dateModified":"2025-05-06T13:25:37+00:00","description":"Voleu saber el risc de patir c\u00e0ncer oral com a conseq\u00fc\u00e8ncia de fumar cigarrets.","breadcrumb":{"@id":"https:\/\/www.mylasertabac.com\/ca\/cancer-oral-i-tabac-tot-el-que-cal-saber-sobre-els-riscos-associats-amb-els-cigarrets\/#breadcrumb"},"inLanguage":"ca","potentialAction":[{"@type":"ReadAction","target":["https:\/\/www.mylasertabac.com\/ca\/cancer-oral-i-tabac-tot-el-que-cal-saber-sobre-els-riscos-associats-amb-els-cigarrets\/"]}]},{"@type":"ImageObject","inLanguage":"ca","@id":"https:\/\/www.mylasertabac.com\/ca\/cancer-oral-i-tabac-tot-el-que-cal-saber-sobre-els-riscos-associats-amb-els-cigarrets\/#primaryimage","url":"https:\/\/www.mylasertabac.com\/wp-content\/uploads\/2025\/05\/can.png","contentUrl":"https:\/\/www.mylasertabac.com\/wp-content\/uploads\/2025\/05\/can.png","width":1536,"height":1024},{"@type":"BreadcrumbList","@id":"https:\/\/www.mylasertabac.com\/ca\/cancer-oral-i-tabac-tot-el-que-cal-saber-sobre-els-riscos-associats-amb-els-cigarrets\/#breadcrumb","itemListElement":[{"@type":"ListItem","position":1,"name":"Accueil","item":"https:\/\/www.mylasertabac.com\/ca\/benvingut\/"},{"@type":"ListItem","position":2,"name":"C\u00e0ncer oral i tabac: tot el que cal saber sobre els riscos associats amb els cigarrets"}]},{"@type":"WebSite","@id":"https:\/\/www.mylasertabac.com\/ca\/#website","url":"https:\/\/www.mylasertabac.com\/ca\/","name":"My Laser Tabac","description":"La solution laser qui transforme les fumeurs en ex-fumeurs","publisher":{"@id":"https:\/\/www.mylasertabac.com\/ca\/#organization"},"potentialAction":[{"@type":"SearchAction","target":{"@type":"EntryPoint","urlTemplate":"https:\/\/www.mylasertabac.com\/ca\/?s={search_term_string}"},"query-input":{"@type":"PropertyValueSpecification","valueRequired":true,"valueName":"search_term_string"}}],"inLanguage":"ca"},{"@type":"Organization","@id":"https:\/\/www.mylasertabac.com\/ca\/#organization","name":"My Laser Tabac","url":"https:\/\/www.mylasertabac.com\/ca\/","logo":{"@type":"ImageObject","inLanguage":"ca","@id":"https:\/\/www.mylasertabac.com\/ca\/#\/schema\/logo\/image\/","url":"https:\/\/www.mylasertabac.com\/wp-content\/uploads\/2024\/12\/mlt-verteau.svg","contentUrl":"https:\/\/www.mylasertabac.com\/wp-content\/uploads\/2024\/12\/mlt-verteau.svg","caption":"My Laser Tabac"},"image":{"@id":"https:\/\/www.mylasertabac.com\/ca\/#\/schema\/logo\/image\/"}},{"@type":"Person","@id":"https:\/\/www.mylasertabac.com\/ca\/#\/schema\/person\/02c249cb76d912efb6c315ec23eccdf3","name":"Florian Fortes","image":{"@type":"ImageObject","inLanguage":"ca","@id":"https:\/\/www.mylasertabac.com\/wp-content\/litespeed\/avatar\/142101a71d7b9e6490c1120d9c109a67.jpg?ver=1776856306","url":"https:\/\/www.mylasertabac.com\/wp-content\/litespeed\/avatar\/142101a71d7b9e6490c1120d9c109a67.jpg?ver=1776856306","contentUrl":"https:\/\/www.mylasertabac.com\/wp-content\/litespeed\/avatar\/142101a71d7b9e6490c1120d9c109a67.jpg?ver=1776856306","caption":"Florian Fortes"},"sameAs":["https:\/\/www.mylasertabac.com","https:\/\/www.facebook.com\/profile.php?id=61571554707319"],"url":"https:\/\/www.mylasertabac.com\/ca\/author\/florianfortes5312\/"}]}},"_links":{"self":[{"href":"https:\/\/www.mylasertabac.com\/ca\/wp-json\/wp\/v2\/posts\/7754","targetHints":{"allow":["GET"]}}],"collection":[{"href":"https:\/\/www.mylasertabac.com\/ca\/wp-json\/wp\/v2\/posts"}],"about":[{"href":"https:\/\/www.mylasertabac.com\/ca\/wp-json\/wp\/v2\/types\/post"}],"author":[{"embeddable":true,"href":"https:\/\/www.mylasertabac.com\/ca\/wp-json\/wp\/v2\/users\/2"}],"replies":[{"embeddable":true,"href":"https:\/\/www.mylasertabac.com\/ca\/wp-json\/wp\/v2\/comments?post=7754"}],"version-history":[{"count":1,"href":"https:\/\/www.mylasertabac.com\/ca\/wp-json\/wp\/v2\/posts\/7754\/revisions"}],"predecessor-version":[{"id":7756,"href":"https:\/\/www.mylasertabac.com\/ca\/wp-json\/wp\/v2\/posts\/7754\/revisions\/7756"}],"wp:featuredmedia":[{"embeddable":true,"href":"https:\/\/www.mylasertabac.com\/ca\/wp-json\/wp\/v2\/media\/7729"}],"wp:attachment":[{"href":"https:\/\/www.mylasertabac.com\/ca\/wp-json\/wp\/v2\/media?parent=7754"}],"wp:term":[{"taxonomy":"category","embeddable":true,"href":"https:\/\/www.mylasertabac.com\/ca\/wp-json\/wp\/v2\/categories?post=7754"},{"taxonomy":"post_tag","embeddable":true,"href":"https:\/\/www.mylasertabac.com\/ca\/wp-json\/wp\/v2\/tags?post=7754"}],"curies":[{"name":"wp","href":"https:\/\/api.w.org\/{rel}","templated":true}]}}