{"id":8274,"date":"2025-05-12T14:57:00","date_gmt":"2025-05-12T12:57:00","guid":{"rendered":"https:\/\/www.mylasertabac.com\/per-que-explotara-el-mercat-per-deixar-de-fumar-el-2025-una-oportunitat-dor-per-comencar\/"},"modified":"2025-06-02T12:43:47","modified_gmt":"2025-06-02T10:43:47","slug":"per-que-explotara-el-mercat-per-deixar-de-fumar-el-2025-una-oportunitat-dor-per-comencar","status":"publish","type":"post","link":"https:\/\/www.mylasertabac.com\/ca\/per-que-explotara-el-mercat-per-deixar-de-fumar-el-2025-una-oportunitat-dor-per-comencar\/","title":{"rendered":"Per qu\u00e8 explotar\u00e0 el mercat per deixar de fumar el 2025? Una oportunitat d&#8217;or per comen\u00e7ar"},"content":{"rendered":"\n<div style=\"height:23px\" aria-hidden=\"true\" class=\"wp-block-spacer\"><\/div>\n\n<p>El 2025, el mercat <strong><a href=\"https:\/\/www.mylasertabac.com\/ca\/\">per deixar de fumar<\/a><\/strong> experimentar\u00e0 un r\u00e0pid creixement. Cada cop m\u00e9s fumadors busquen solucions efectives per deixar de fumar. Entre l&#8217;augment dels preus del tabac, les campanyes de prevenci\u00f3 i l&#8217;auge dels m\u00e8todes naturals, el context \u00e9s ideal per <strong>llan\u00e7ar una activitat dedicada a <a href=\"https:\/\/www.mylasertabac.com\/ca\/\">deixar de fumar<\/a><\/strong> .  <\/p>\n\n<p>El <strong>l\u00e0ser antitabac<\/strong> s&#8217;est\u00e0 consolidant com una soluci\u00f3 innovadora, suau i accessible, que satisf\u00e0 perfectament les expectatives dels fumadors que busquen un m\u00e8tode efica\u00e7. Per a aquells que volen engegar un negoci i reciclar-se en una carrera amb futur, <strong>aquest \u00e9s el moment ideal per comen\u00e7ar<\/strong> . Aquesta oportunitat et permet combinar independ\u00e8ncia, rendibilitat i benestar proporcionant ajuda real a les persones que volen deixar de fumar. Desxifrem junts els motius d&#8217;aquesta explosi\u00f3 del mercat i com treure&#8217;n profit.   <\/p>\n\n<div style=\"height:23px\" aria-hidden=\"true\" class=\"wp-block-spacer\"><\/div>\n\n<h2 class=\"wp-block-heading\"><strong>Per qu\u00e8 est\u00e0 en auge el mercat per deixar de fumar?<\/strong><\/h2>\n\n<div style=\"height:23px\" aria-hidden=\"true\" class=\"wp-block-spacer\"><\/div>\n\n<h3 class=\"wp-block-heading\"><strong>\ud83d\udcc8 Xifres creixents<\/strong><\/h3>\n\n<p>Segons estad\u00edstiques recents, gaireb\u00e9 <strong>el 60% dels fumadors diuen que volen deixar de fumar<\/strong> , per\u00f2 nom\u00e9s <strong>el 5% ho aconsegueixen sense ajuda<\/strong> . La demanda de solucions de suport est\u00e0 augmentant exponencialment, proporcionant un mercat pr\u00f2sper per a professionals especialitzats en <strong>deixar de fumar<\/strong> . <\/p>\n\n<p>Amb m\u00e9s d&#8217; <strong>1.300 milions de fumadors a tot el m\u00f3n<\/strong> , deixar de fumar s&#8217;ha convertit en un problema important de salut p\u00fablica. Nombrosos estudis mostren que els fumadors busquen solucions m\u00e9s efectives que els m\u00e8todes tradicionals (pegats, xiclets, medicaments). Davant dels repetits fracassos dels substituts tradicionals, els fumadors estan disposats a invertir en alternatives amb una taxa d&#8217;\u00e8xit m\u00e9s alta. Aquesta evoluci\u00f3 comportamental genera un <strong>creixement exponencial de la demanda<\/strong> , creant aix\u00ed un mercat prometedor per a nous professionals.   <\/p>\n\n<div style=\"height:23px\" aria-hidden=\"true\" class=\"wp-block-spacer\"><\/div>\n\n<h3 class=\"wp-block-heading\"><strong>\ud83d\udd25 L&#8217;augment dels preus del tabac i les noves regulacions<\/strong><\/h3>\n\n<div style=\"height:23px\" aria-hidden=\"true\" class=\"wp-block-spacer\"><\/div>\n\n<p>A Fran\u00e7a, el <strong>preu d&#8217;un paquet de cigarrets ha superat la marca dels 12 euros<\/strong> i es preveuen nous augments per dissuadir els consumidors. En diversos pa\u00efsos, les prohibicions addicionals de publicitat i fumar en llocs p\u00fablics estan augmentant la pressi\u00f3 sobre els fumadors. <\/p>\n\n<p>La prohibici\u00f3 dels aromatitzants en els cigarrets, els impostos m\u00e9s estrictes i l&#8217;augment de les campanyes de sensibilitzaci\u00f3 fan que el tabac sigui cada cop menys accessible. Aquestes restriccions econ\u00f2miques i socials s\u00f3n raons que impulsen els fumadors a <strong>buscar solucions efectives i sostenibles<\/strong> . Aix\u00f2 crea un <strong>n\u00ednxol de mercat per als professionals que volen deixar de fumar<\/strong> , ja que els fumadors volen deixar-ho permanentment per\u00f2 necessiten un suport estructurat per aconseguir-ho.  <\/p>\n\n<div style=\"height:23px\" aria-hidden=\"true\" class=\"wp-block-spacer\"><\/div>\n\n<h3 class=\"wp-block-heading\"><strong>\ud83c\udfe5 M\u00e9s consci\u00e8ncia sobre la salut<\/strong><\/h3>\n\n<div style=\"height:23px\" aria-hidden=\"true\" class=\"wp-block-spacer\"><\/div>\n\n<p>Les campanyes de conscienciaci\u00f3 sobre els efectes devastadors del tabac s\u00f3n cada cop m\u00e9s visibles. <strong>Les malalties cardiovasculars, els c\u00e0ncers i els problemes respiratoris<\/strong> relacionats amb el tabac costen milers de milions als sistemes sanitaris, cosa que impulsa els governs a promoure activament m\u00e8todes per deixar de fumar.<\/p>\n\n<p>A m\u00e9s, la pand\u00e8mia de la COVID-19 ha revelat com els fumadors s\u00f3n m\u00e9s vulnerables a les infeccions respirat\u00f2ries. Molts experts en salut p\u00fablica han destacat l&#8217; <strong>augment del risc de complicacions entre els fumadors<\/strong> , cosa que augmenta la seva motivaci\u00f3 per deixar de fumar. Aquesta consci\u00e8ncia est\u00e0 empenyent molta gent a voler deixar de fumar definitivament i a buscar m\u00e8todes m\u00e9s naturals i efica\u00e7os, com ara el <strong>l\u00e0ser antitabac<\/strong> .  <\/p>\n\n<div style=\"height:23px\" aria-hidden=\"true\" class=\"wp-block-spacer\"><\/div>\n\n<h3 class=\"wp-block-heading\"><strong>\ud83c\udf31 Una creixent demanda de m\u00e8todes naturals i efica\u00e7os<\/strong><\/h3>\n\n<div style=\"height:23px\" aria-hidden=\"true\" class=\"wp-block-spacer\"><\/div>\n\n<p>Els substituts de la nicotina (pegats, xiclets, medicaments) ja no s\u00f3n les \u00faniques solucions considerades. Molts fumadors busquen ara <strong>alternatives naturals<\/strong> , sense efectes secundaris ni addicci\u00f3. <\/p>\n\n<p>El <strong><a href=\"https:\/\/www.mylasertabac.com\/ca\/\">l\u00e0ser antitabaquisme<\/a><\/strong> , inspirat en l&#8217;auriculoter\u00e0pia, \u00e9s un dels m\u00e8todes m\u00e9s populars el 2025. Ofereix una alta taxa d&#8217;\u00e8xit <strong>sense dolor i en una sola sessi\u00f3<\/strong> . A difer\u00e8ncia dels substituts que prolonguen l&#8217;addicci\u00f3, aquest m\u00e8tode estimula punts espec\u00edfics de l&#8217;orella per <strong>reduir immediatament la necessitat de fumar<\/strong> i alleujar els s\u00edmptomes d&#8217;abstin\u00e8ncia. Aquest \u00e9s un argument s\u00f2lid per als fumadors que busquen una soluci\u00f3 r\u00e0pida i efica\u00e7, i una oportunitat fant\u00e0stica per als futurs professionals que vulguin entrar en aquest mercat en r\u00e0pida expansi\u00f3.   <\/p>\n\n<div style=\"height:23px\" aria-hidden=\"true\" class=\"wp-block-spacer\"><\/div>\n\n<p class=\"has-cyan-bluish-gray-background-color has-background\">Llegiu tamb\u00e9: <a href=\"https:\/\/www.mylasertabac.com\/ca\/informacio\/formacio-laser-antitabac-i-addiccio\/\"><mark style=\"background-color:rgba(0, 0, 0, 0)\" class=\"has-inline-color has-luminous-vivid-orange-color\">Si voleu comen\u00e7ar, oferim formaci\u00f3 en auriculoter\u00e0pia per ajudar-vos a convertir-vos en un expert en el camp de la reflexologia auriculoterap\u00e8utica.<\/mark><\/a><\/p>\n\n<div style=\"height:23px\" aria-hidden=\"true\" class=\"wp-block-spacer\"><\/div>\n\n<h2 class=\"wp-block-heading\"><strong>Per qu\u00e8 el 2025 \u00e9s l&#8217;any ideal per comen\u00e7ar en aquest sector?<\/strong><\/h2>\n\n<div style=\"height:23px\" aria-hidden=\"true\" class=\"wp-block-spacer\"><\/div>\n\n<h3 class=\"wp-block-heading\"><strong>\ud83d\ude80 Un mercat amb manca de professionals<\/strong><\/h3>\n\n<div style=\"height:23px\" aria-hidden=\"true\" class=\"wp-block-spacer\"><\/div>\n\n<p>Malgrat la forta demanda, <strong>el nombre de professionals especialitzats continua sent limitat<\/strong> . Moltes ciutats i regions encara no disposen de centres <strong>l\u00e0ser antitabac<\/strong> especialitzats, cosa que ofereix una oportunitat excepcional per a aquells que vulguin establir-s&#8217;hi. <\/p>\n\n<p>Els professionals que es formen avui dia es beneficien <strong>d&#8217;un posicionament estrat\u00e8gic<\/strong> abans que la compet\u00e8ncia es torni m\u00e9s dura. L&#8217;abs\u00e8ncia d&#8217;un gran nombre d&#8217;actors en aquest mercat permet als nous professionals establir-se r\u00e0pidament i <strong>fidelitzar-se<\/strong> sense haver d&#8217;afrontar una compet\u00e8ncia intensa. Avui us oferim l&#8217;oportunitat de <a href=\"https:\/\/www.mylasertabac.com\/ca\/uneix-te-a-la-franquicia-laser-anti-tabac-i-beneficiat-dun-concepte-clau-en-ma-rendible\/\">convertir-vos en franquiciat de Mylasertabac<\/a> . Et beneficiar\u00e0s d&#8217;una xarxa coneguda a nivell nacional i d&#8217;un SEO d&#8217;avantguarda. No t&#8217;has de preocupar de res, nosaltres trobem els teus clients.   <\/p>\n\n<div style=\"height:23px\" aria-hidden=\"true\" class=\"wp-block-spacer\"><\/div>\n\n<h3 class=\"wp-block-heading\"><strong>\ud83d\udcb0 Rendibilitat r\u00e0pida<\/strong><\/h3>\n\n<div style=\"height:23px\" aria-hidden=\"true\" class=\"wp-block-spacer\"><\/div>\n\n<p>Un dels principals avantatges d&#8217;aquest negoci \u00e9s el seu <strong>baix cost d&#8217;inversi\u00f3<\/strong> i <strong>el seu r\u00e0pid retorn de la inversi\u00f3<\/strong> . Aqu\u00ed teniu algunes xifres clau: <\/p>\n\n<div style=\"height:23px\" aria-hidden=\"true\" class=\"wp-block-spacer\"><\/div>\n\n<ul class=\"wp-block-list\">\n<li><strong>Preu mitj\u00e0 d&#8217;una sessi\u00f3<\/strong> : entre <strong>170 i 250 euros<\/strong> .<\/li>\n\n\n\n<li><strong>Nombre mitj\u00e0 de pacients al mes<\/strong> : entre <strong>80 i 150,<\/strong> depenent de la ubicaci\u00f3 i la comunicaci\u00f3.<\/li>\n\n\n\n<li><strong>Ingressos estimats<\/strong> : entre <strong>5.000 i 15.000 euros mensuals<\/strong> per a un professional aut\u00f2nom.<\/li>\n<\/ul>\n\n<div style=\"height:23px\" aria-hidden=\"true\" class=\"wp-block-spacer\"><\/div>\n\n<p>Amb una baixa inversi\u00f3 inicial (formaci\u00f3 i equipament), <strong>la rendibilitat es pot aconseguir en nom\u00e9s unes setmanes<\/strong> . A m\u00e9s, l&#8217;abs\u00e8ncia de despeses significatives en personal i locals permet una <strong>gran flexibilitat en la gesti\u00f3 de l&#8217;activitat<\/strong> . <\/p>\n\n<div style=\"height:23px\" aria-hidden=\"true\" class=\"wp-block-spacer\"><\/div>\n\n<h3 class=\"wp-block-heading\"><strong>\ud83d\udd04 Una feina accessible per a tothom<\/strong><\/h3>\n\n<div style=\"height:23px\" aria-hidden=\"true\" class=\"wp-block-spacer\"><\/div>\n\n<p>A difer\u00e8ncia de les professions m\u00e8diques que requereixen <strong>anys d&#8217;estudi<\/strong> , convertir-se en un professional <strong>del l\u00e0ser antitabac<\/strong> \u00e9s <strong>r\u00e0pidament accessible<\/strong> . La formaci\u00f3 \u00e9s curta i permet estar operatiu en pocs dies. <\/p>\n\n<div style=\"height:23px\" aria-hidden=\"true\" class=\"wp-block-spacer\"><\/div>\n\n<ul class=\"wp-block-list\">\n<li>No cal ser metge ni terapeuta.<\/li>\n\n\n\n<li>Formaci\u00f3 i suport complets.<\/li>\n\n\n\n<li>Possibilitat de comen\u00e7ar com <strong>a independent o franquiciat<\/strong> .<\/li>\n<\/ul>\n\n<div style=\"height:23px\" aria-hidden=\"true\" class=\"wp-block-spacer\"><\/div>\n\n<p><strong>Conclusi\u00f3<\/strong><\/p>\n\n<p>El <strong>mercat per deixar de fumar explotar\u00e0 el 2025<\/strong> , impulsat per tend\u00e8ncies econ\u00f2miques, sanit\u00e0ries i socials favorables. \u00c9s <strong>el moment perfecte per comen\u00e7ar<\/strong> i fer el <a href=\"https:\/\/www.mylasertabac.com\/ca\/informacio\/formacio-laser-antitabac-i-addiccio\/\">curs de formaci\u00f3 en auriculoter\u00e0pia<\/a> per convertir-te en professional i aprofitar un sector en auge. <\/p>\n\n<p>Gr\u00e0cies al <strong>l\u00e0ser antitabac<\/strong> , \u00e9s possible oferir una soluci\u00f3 efica\u00e7 i natural, alhora que es desenvolupa una activitat rendible i gratificant. Amb una demanda creixent, uns costos inicials baixos i un fort impacte en la salut p\u00fablica, <strong>convertir-se en professional representa una oportunitat \u00fanica i accessible<\/strong> . <\/p>\n\n<div style=\"height:23px\" aria-hidden=\"true\" class=\"wp-block-spacer\"><\/div>\n\n<p>\ud83d\ude80 <strong>Vols convertir-te en un actor clau en aquest mercat en auge? <a href=\"https:\/\/www.mylasertabac.com\/ca\/informacio\/formacio-laser-antitabac-i-addiccio\/\">Uneix-te a MyLaserTabac<\/a> avui mateix i comen\u00e7a un negoci amb futur!<\/strong><\/p>\n\n<p><\/p>\n\n<div style=\"height:23px\" aria-hidden=\"true\" class=\"wp-block-spacer\"><\/div>\n\n<figure class=\"wp-block-embed is-type-video is-provider-youtube wp-block-embed-youtube wp-embed-aspect-16-9 wp-has-aspect-ratio\"><div class=\"wp-block-embed__wrapper\">\n<iframe title=\"\u2705Nous recherchons de nouveau soldat pour combattre les addictions #tabac  #Mylasertabac #franchise\" width=\"800\" height=\"450\" src=\"https:\/\/www.youtube.com\/embed\/9F6KNO6GtkI?feature=oembed\" frameborder=\"0\" allow=\"accelerometer; autoplay; clipboard-write; encrypted-media; gyroscope; picture-in-picture; web-share\" referrerpolicy=\"strict-origin-when-cross-origin\" allowfullscreen><\/iframe>\n<\/div><\/figure>\n\n<div style=\"height:27px\" aria-hidden=\"true\" class=\"wp-block-spacer\"><\/div>\n","protected":false},"excerpt":{"rendered":"<p>El 2025, el mercat per deixar de fumar experimentar\u00e0 un r\u00e0pid creixement. Cada cop m\u00e9s fumadors busquen solucions efectives per deixar de fumar. Entre l&#8217;augment dels preus del tabac, les campanyes de prevenci\u00f3 i l&#8217;auge dels m\u00e8todes naturals, el context \u00e9s ideal per llan\u00e7ar una activitat dedicada a deixar de fumar . El l\u00e0ser antitabac [&hellip;]<\/p>\n","protected":false},"author":2,"featured_media":8218,"comment_status":"closed","ping_status":"open","sticky":false,"template":"","format":"standard","meta":{"inline_featured_image":false,"footnotes":""},"categories":[82],"tags":[],"class_list":["post-8274","post","type-post","status-publish","format-standard","has-post-thumbnail","hentry","category-uncategorized-ca"],"yoast_head":"<!-- This site is optimized with the Yoast SEO plugin v27.4 - https:\/\/yoast.com\/product\/yoast-seo-wordpress\/ -->\n<title>Per qu\u00e8 explotar\u00e0 el mercat per deixar de fumar el 2025? Una oportunitat d&#039;or per comen\u00e7ar - My Laser Tabac<\/title>\n<meta name=\"description\" content=\"Si vols iniciar un negoci en creixement i el preu dels cigarrets continua pujant, aquesta \u00e9s una oportunitat per a tu.\" \/>\n<meta name=\"robots\" content=\"index, follow, max-snippet:-1, max-image-preview:large, max-video-preview:-1\" \/>\n<link rel=\"canonical\" href=\"https:\/\/www.mylasertabac.com\/ca\/per-que-explotara-el-mercat-per-deixar-de-fumar-el-2025-una-oportunitat-dor-per-comencar\/\" \/>\n<meta property=\"og:locale\" content=\"ca_ES\" \/>\n<meta property=\"og:type\" content=\"article\" \/>\n<meta property=\"og:title\" content=\"Per qu\u00e8 explotar\u00e0 el mercat per deixar de fumar el 2025? Una oportunitat d&#039;or per comen\u00e7ar - My Laser Tabac\" \/>\n<meta property=\"og:description\" content=\"Si vols iniciar un negoci en creixement i el preu dels cigarrets continua pujant, aquesta \u00e9s una oportunitat per a tu.\" \/>\n<meta property=\"og:url\" content=\"https:\/\/www.mylasertabac.com\/ca\/per-que-explotara-el-mercat-per-deixar-de-fumar-el-2025-una-oportunitat-dor-per-comencar\/\" \/>\n<meta property=\"og:site_name\" content=\"My Laser Tabac\" \/>\n<meta property=\"article:author\" content=\"https:\/\/www.facebook.com\/profile.php?id=61571554707319\" \/>\n<meta property=\"article:published_time\" content=\"2025-05-12T12:57:00+00:00\" \/>\n<meta property=\"article:modified_time\" content=\"2025-06-02T10:43:47+00:00\" \/>\n<meta property=\"og:image\" content=\"https:\/\/www.mylasertabac.com\/wp-content\/uploads\/2025\/05\/mmm-1024x683.png\" \/>\n\t<meta property=\"og:image:width\" content=\"1024\" \/>\n\t<meta property=\"og:image:height\" content=\"683\" \/>\n\t<meta property=\"og:image:type\" content=\"image\/png\" \/>\n<meta name=\"author\" content=\"Florian Fortes\" \/>\n<meta name=\"twitter:card\" content=\"summary_large_image\" \/>\n<meta name=\"twitter:label1\" content=\"Escrit per\" \/>\n\t<meta name=\"twitter:data1\" content=\"Florian Fortes\" \/>\n\t<meta name=\"twitter:label2\" content=\"Temps estimat de lectura\" \/>\n\t<meta name=\"twitter:data2\" content=\"6 minuts\" \/>\n<script type=\"application\/ld+json\" class=\"yoast-schema-graph\">{\"@context\":\"https:\\\/\\\/schema.org\",\"@graph\":[{\"@type\":\"Article\",\"@id\":\"https:\\\/\\\/www.mylasertabac.com\\\/ca\\\/per-que-explotara-el-mercat-per-deixar-de-fumar-el-2025-una-oportunitat-dor-per-comencar\\\/#article\",\"isPartOf\":{\"@id\":\"https:\\\/\\\/www.mylasertabac.com\\\/ca\\\/per-que-explotara-el-mercat-per-deixar-de-fumar-el-2025-una-oportunitat-dor-per-comencar\\\/\"},\"author\":{\"name\":\"Florian Fortes\",\"@id\":\"https:\\\/\\\/www.mylasertabac.com\\\/ca\\\/#\\\/schema\\\/person\\\/02c249cb76d912efb6c315ec23eccdf3\"},\"headline\":\"Per qu\u00e8 explotar\u00e0 el mercat per deixar de fumar el 2025? Una oportunitat d&#8217;or per comen\u00e7ar\",\"datePublished\":\"2025-05-12T12:57:00+00:00\",\"dateModified\":\"2025-06-02T10:43:47+00:00\",\"mainEntityOfPage\":{\"@id\":\"https:\\\/\\\/www.mylasertabac.com\\\/ca\\\/per-que-explotara-el-mercat-per-deixar-de-fumar-el-2025-una-oportunitat-dor-per-comencar\\\/\"},\"wordCount\":1185,\"publisher\":{\"@id\":\"https:\\\/\\\/www.mylasertabac.com\\\/ca\\\/#organization\"},\"image\":{\"@id\":\"https:\\\/\\\/www.mylasertabac.com\\\/ca\\\/per-que-explotara-el-mercat-per-deixar-de-fumar-el-2025-una-oportunitat-dor-per-comencar\\\/#primaryimage\"},\"thumbnailUrl\":\"https:\\\/\\\/www.mylasertabac.com\\\/wp-content\\\/uploads\\\/2025\\\/05\\\/mmm.png\",\"articleSection\":[\"Uncategorized @ca\"],\"inLanguage\":\"ca\"},{\"@type\":\"WebPage\",\"@id\":\"https:\\\/\\\/www.mylasertabac.com\\\/ca\\\/per-que-explotara-el-mercat-per-deixar-de-fumar-el-2025-una-oportunitat-dor-per-comencar\\\/\",\"url\":\"https:\\\/\\\/www.mylasertabac.com\\\/ca\\\/per-que-explotara-el-mercat-per-deixar-de-fumar-el-2025-una-oportunitat-dor-per-comencar\\\/\",\"name\":\"Per qu\u00e8 explotar\u00e0 el mercat per deixar de fumar el 2025? Una oportunitat d'or per comen\u00e7ar - My Laser Tabac\",\"isPartOf\":{\"@id\":\"https:\\\/\\\/www.mylasertabac.com\\\/ca\\\/#website\"},\"primaryImageOfPage\":{\"@id\":\"https:\\\/\\\/www.mylasertabac.com\\\/ca\\\/per-que-explotara-el-mercat-per-deixar-de-fumar-el-2025-una-oportunitat-dor-per-comencar\\\/#primaryimage\"},\"image\":{\"@id\":\"https:\\\/\\\/www.mylasertabac.com\\\/ca\\\/per-que-explotara-el-mercat-per-deixar-de-fumar-el-2025-una-oportunitat-dor-per-comencar\\\/#primaryimage\"},\"thumbnailUrl\":\"https:\\\/\\\/www.mylasertabac.com\\\/wp-content\\\/uploads\\\/2025\\\/05\\\/mmm.png\",\"datePublished\":\"2025-05-12T12:57:00+00:00\",\"dateModified\":\"2025-06-02T10:43:47+00:00\",\"description\":\"Si vols iniciar un negoci en creixement i el preu dels cigarrets continua pujant, aquesta \u00e9s una oportunitat per a tu.\",\"breadcrumb\":{\"@id\":\"https:\\\/\\\/www.mylasertabac.com\\\/ca\\\/per-que-explotara-el-mercat-per-deixar-de-fumar-el-2025-una-oportunitat-dor-per-comencar\\\/#breadcrumb\"},\"inLanguage\":\"ca\",\"potentialAction\":[{\"@type\":\"ReadAction\",\"target\":[\"https:\\\/\\\/www.mylasertabac.com\\\/ca\\\/per-que-explotara-el-mercat-per-deixar-de-fumar-el-2025-una-oportunitat-dor-per-comencar\\\/\"]}]},{\"@type\":\"ImageObject\",\"inLanguage\":\"ca\",\"@id\":\"https:\\\/\\\/www.mylasertabac.com\\\/ca\\\/per-que-explotara-el-mercat-per-deixar-de-fumar-el-2025-una-oportunitat-dor-per-comencar\\\/#primaryimage\",\"url\":\"https:\\\/\\\/www.mylasertabac.com\\\/wp-content\\\/uploads\\\/2025\\\/05\\\/mmm.png\",\"contentUrl\":\"https:\\\/\\\/www.mylasertabac.com\\\/wp-content\\\/uploads\\\/2025\\\/05\\\/mmm.png\",\"width\":1536,\"height\":1024},{\"@type\":\"BreadcrumbList\",\"@id\":\"https:\\\/\\\/www.mylasertabac.com\\\/ca\\\/per-que-explotara-el-mercat-per-deixar-de-fumar-el-2025-una-oportunitat-dor-per-comencar\\\/#breadcrumb\",\"itemListElement\":[{\"@type\":\"ListItem\",\"position\":1,\"name\":\"Accueil\",\"item\":\"https:\\\/\\\/www.mylasertabac.com\\\/ca\\\/benvingut\\\/\"},{\"@type\":\"ListItem\",\"position\":2,\"name\":\"Per qu\u00e8 explotar\u00e0 el mercat per deixar de fumar el 2025? Una oportunitat d&#8217;or per comen\u00e7ar\"}]},{\"@type\":\"WebSite\",\"@id\":\"https:\\\/\\\/www.mylasertabac.com\\\/ca\\\/#website\",\"url\":\"https:\\\/\\\/www.mylasertabac.com\\\/ca\\\/\",\"name\":\"My Laser Tabac\",\"description\":\"La solution laser qui transforme les fumeurs en ex-fumeurs\",\"publisher\":{\"@id\":\"https:\\\/\\\/www.mylasertabac.com\\\/ca\\\/#organization\"},\"potentialAction\":[{\"@type\":\"SearchAction\",\"target\":{\"@type\":\"EntryPoint\",\"urlTemplate\":\"https:\\\/\\\/www.mylasertabac.com\\\/ca\\\/?s={search_term_string}\"},\"query-input\":{\"@type\":\"PropertyValueSpecification\",\"valueRequired\":true,\"valueName\":\"search_term_string\"}}],\"inLanguage\":\"ca\"},{\"@type\":\"Organization\",\"@id\":\"https:\\\/\\\/www.mylasertabac.com\\\/ca\\\/#organization\",\"name\":\"My Laser Tabac\",\"url\":\"https:\\\/\\\/www.mylasertabac.com\\\/ca\\\/\",\"logo\":{\"@type\":\"ImageObject\",\"inLanguage\":\"ca\",\"@id\":\"https:\\\/\\\/www.mylasertabac.com\\\/ca\\\/#\\\/schema\\\/logo\\\/image\\\/\",\"url\":\"https:\\\/\\\/www.mylasertabac.com\\\/wp-content\\\/uploads\\\/2024\\\/12\\\/mlt-verteau.svg\",\"contentUrl\":\"https:\\\/\\\/www.mylasertabac.com\\\/wp-content\\\/uploads\\\/2024\\\/12\\\/mlt-verteau.svg\",\"caption\":\"My Laser Tabac\"},\"image\":{\"@id\":\"https:\\\/\\\/www.mylasertabac.com\\\/ca\\\/#\\\/schema\\\/logo\\\/image\\\/\"}},{\"@type\":\"Person\",\"@id\":\"https:\\\/\\\/www.mylasertabac.com\\\/ca\\\/#\\\/schema\\\/person\\\/02c249cb76d912efb6c315ec23eccdf3\",\"name\":\"Florian Fortes\",\"image\":{\"@type\":\"ImageObject\",\"inLanguage\":\"ca\",\"@id\":\"https:\\\/\\\/www.mylasertabac.com\\\/wp-content\\\/litespeed\\\/avatar\\\/142101a71d7b9e6490c1120d9c109a67.jpg?ver=1776856306\",\"url\":\"https:\\\/\\\/www.mylasertabac.com\\\/wp-content\\\/litespeed\\\/avatar\\\/142101a71d7b9e6490c1120d9c109a67.jpg?ver=1776856306\",\"contentUrl\":\"https:\\\/\\\/www.mylasertabac.com\\\/wp-content\\\/litespeed\\\/avatar\\\/142101a71d7b9e6490c1120d9c109a67.jpg?ver=1776856306\",\"caption\":\"Florian Fortes\"},\"sameAs\":[\"https:\\\/\\\/www.mylasertabac.com\",\"https:\\\/\\\/www.facebook.com\\\/profile.php?id=61571554707319\"],\"url\":\"https:\\\/\\\/www.mylasertabac.com\\\/ca\\\/author\\\/florianfortes5312\\\/\"}]}<\/script>\n<!-- \/ Yoast SEO plugin. -->","yoast_head_json":{"title":"Per qu\u00e8 explotar\u00e0 el mercat per deixar de fumar el 2025? Una oportunitat d'or per comen\u00e7ar - My Laser Tabac","description":"Si vols iniciar un negoci en creixement i el preu dels cigarrets continua pujant, aquesta \u00e9s una oportunitat per a tu.","robots":{"index":"index","follow":"follow","max-snippet":"max-snippet:-1","max-image-preview":"max-image-preview:large","max-video-preview":"max-video-preview:-1"},"canonical":"https:\/\/www.mylasertabac.com\/ca\/per-que-explotara-el-mercat-per-deixar-de-fumar-el-2025-una-oportunitat-dor-per-comencar\/","og_locale":"ca_ES","og_type":"article","og_title":"Per qu\u00e8 explotar\u00e0 el mercat per deixar de fumar el 2025? Una oportunitat d'or per comen\u00e7ar - My Laser Tabac","og_description":"Si vols iniciar un negoci en creixement i el preu dels cigarrets continua pujant, aquesta \u00e9s una oportunitat per a tu.","og_url":"https:\/\/www.mylasertabac.com\/ca\/per-que-explotara-el-mercat-per-deixar-de-fumar-el-2025-una-oportunitat-dor-per-comencar\/","og_site_name":"My Laser Tabac","article_author":"https:\/\/www.facebook.com\/profile.php?id=61571554707319","article_published_time":"2025-05-12T12:57:00+00:00","article_modified_time":"2025-06-02T10:43:47+00:00","og_image":[{"width":1024,"height":683,"url":"https:\/\/www.mylasertabac.com\/wp-content\/uploads\/2025\/05\/mmm-1024x683.png","type":"image\/png"}],"author":"Florian Fortes","twitter_card":"summary_large_image","twitter_misc":{"Escrit per":"Florian Fortes","Temps estimat de lectura":"6 minuts"},"schema":{"@context":"https:\/\/schema.org","@graph":[{"@type":"Article","@id":"https:\/\/www.mylasertabac.com\/ca\/per-que-explotara-el-mercat-per-deixar-de-fumar-el-2025-una-oportunitat-dor-per-comencar\/#article","isPartOf":{"@id":"https:\/\/www.mylasertabac.com\/ca\/per-que-explotara-el-mercat-per-deixar-de-fumar-el-2025-una-oportunitat-dor-per-comencar\/"},"author":{"name":"Florian Fortes","@id":"https:\/\/www.mylasertabac.com\/ca\/#\/schema\/person\/02c249cb76d912efb6c315ec23eccdf3"},"headline":"Per qu\u00e8 explotar\u00e0 el mercat per deixar de fumar el 2025? Una oportunitat d&#8217;or per comen\u00e7ar","datePublished":"2025-05-12T12:57:00+00:00","dateModified":"2025-06-02T10:43:47+00:00","mainEntityOfPage":{"@id":"https:\/\/www.mylasertabac.com\/ca\/per-que-explotara-el-mercat-per-deixar-de-fumar-el-2025-una-oportunitat-dor-per-comencar\/"},"wordCount":1185,"publisher":{"@id":"https:\/\/www.mylasertabac.com\/ca\/#organization"},"image":{"@id":"https:\/\/www.mylasertabac.com\/ca\/per-que-explotara-el-mercat-per-deixar-de-fumar-el-2025-una-oportunitat-dor-per-comencar\/#primaryimage"},"thumbnailUrl":"https:\/\/www.mylasertabac.com\/wp-content\/uploads\/2025\/05\/mmm.png","articleSection":["Uncategorized @ca"],"inLanguage":"ca"},{"@type":"WebPage","@id":"https:\/\/www.mylasertabac.com\/ca\/per-que-explotara-el-mercat-per-deixar-de-fumar-el-2025-una-oportunitat-dor-per-comencar\/","url":"https:\/\/www.mylasertabac.com\/ca\/per-que-explotara-el-mercat-per-deixar-de-fumar-el-2025-una-oportunitat-dor-per-comencar\/","name":"Per qu\u00e8 explotar\u00e0 el mercat per deixar de fumar el 2025? Una oportunitat d'or per comen\u00e7ar - My Laser Tabac","isPartOf":{"@id":"https:\/\/www.mylasertabac.com\/ca\/#website"},"primaryImageOfPage":{"@id":"https:\/\/www.mylasertabac.com\/ca\/per-que-explotara-el-mercat-per-deixar-de-fumar-el-2025-una-oportunitat-dor-per-comencar\/#primaryimage"},"image":{"@id":"https:\/\/www.mylasertabac.com\/ca\/per-que-explotara-el-mercat-per-deixar-de-fumar-el-2025-una-oportunitat-dor-per-comencar\/#primaryimage"},"thumbnailUrl":"https:\/\/www.mylasertabac.com\/wp-content\/uploads\/2025\/05\/mmm.png","datePublished":"2025-05-12T12:57:00+00:00","dateModified":"2025-06-02T10:43:47+00:00","description":"Si vols iniciar un negoci en creixement i el preu dels cigarrets continua pujant, aquesta \u00e9s una oportunitat per a tu.","breadcrumb":{"@id":"https:\/\/www.mylasertabac.com\/ca\/per-que-explotara-el-mercat-per-deixar-de-fumar-el-2025-una-oportunitat-dor-per-comencar\/#breadcrumb"},"inLanguage":"ca","potentialAction":[{"@type":"ReadAction","target":["https:\/\/www.mylasertabac.com\/ca\/per-que-explotara-el-mercat-per-deixar-de-fumar-el-2025-una-oportunitat-dor-per-comencar\/"]}]},{"@type":"ImageObject","inLanguage":"ca","@id":"https:\/\/www.mylasertabac.com\/ca\/per-que-explotara-el-mercat-per-deixar-de-fumar-el-2025-una-oportunitat-dor-per-comencar\/#primaryimage","url":"https:\/\/www.mylasertabac.com\/wp-content\/uploads\/2025\/05\/mmm.png","contentUrl":"https:\/\/www.mylasertabac.com\/wp-content\/uploads\/2025\/05\/mmm.png","width":1536,"height":1024},{"@type":"BreadcrumbList","@id":"https:\/\/www.mylasertabac.com\/ca\/per-que-explotara-el-mercat-per-deixar-de-fumar-el-2025-una-oportunitat-dor-per-comencar\/#breadcrumb","itemListElement":[{"@type":"ListItem","position":1,"name":"Accueil","item":"https:\/\/www.mylasertabac.com\/ca\/benvingut\/"},{"@type":"ListItem","position":2,"name":"Per qu\u00e8 explotar\u00e0 el mercat per deixar de fumar el 2025? Una oportunitat d&#8217;or per comen\u00e7ar"}]},{"@type":"WebSite","@id":"https:\/\/www.mylasertabac.com\/ca\/#website","url":"https:\/\/www.mylasertabac.com\/ca\/","name":"My Laser Tabac","description":"La solution laser qui transforme les fumeurs en ex-fumeurs","publisher":{"@id":"https:\/\/www.mylasertabac.com\/ca\/#organization"},"potentialAction":[{"@type":"SearchAction","target":{"@type":"EntryPoint","urlTemplate":"https:\/\/www.mylasertabac.com\/ca\/?s={search_term_string}"},"query-input":{"@type":"PropertyValueSpecification","valueRequired":true,"valueName":"search_term_string"}}],"inLanguage":"ca"},{"@type":"Organization","@id":"https:\/\/www.mylasertabac.com\/ca\/#organization","name":"My Laser Tabac","url":"https:\/\/www.mylasertabac.com\/ca\/","logo":{"@type":"ImageObject","inLanguage":"ca","@id":"https:\/\/www.mylasertabac.com\/ca\/#\/schema\/logo\/image\/","url":"https:\/\/www.mylasertabac.com\/wp-content\/uploads\/2024\/12\/mlt-verteau.svg","contentUrl":"https:\/\/www.mylasertabac.com\/wp-content\/uploads\/2024\/12\/mlt-verteau.svg","caption":"My Laser Tabac"},"image":{"@id":"https:\/\/www.mylasertabac.com\/ca\/#\/schema\/logo\/image\/"}},{"@type":"Person","@id":"https:\/\/www.mylasertabac.com\/ca\/#\/schema\/person\/02c249cb76d912efb6c315ec23eccdf3","name":"Florian Fortes","image":{"@type":"ImageObject","inLanguage":"ca","@id":"https:\/\/www.mylasertabac.com\/wp-content\/litespeed\/avatar\/142101a71d7b9e6490c1120d9c109a67.jpg?ver=1776856306","url":"https:\/\/www.mylasertabac.com\/wp-content\/litespeed\/avatar\/142101a71d7b9e6490c1120d9c109a67.jpg?ver=1776856306","contentUrl":"https:\/\/www.mylasertabac.com\/wp-content\/litespeed\/avatar\/142101a71d7b9e6490c1120d9c109a67.jpg?ver=1776856306","caption":"Florian Fortes"},"sameAs":["https:\/\/www.mylasertabac.com","https:\/\/www.facebook.com\/profile.php?id=61571554707319"],"url":"https:\/\/www.mylasertabac.com\/ca\/author\/florianfortes5312\/"}]}},"_links":{"self":[{"href":"https:\/\/www.mylasertabac.com\/ca\/wp-json\/wp\/v2\/posts\/8274","targetHints":{"allow":["GET"]}}],"collection":[{"href":"https:\/\/www.mylasertabac.com\/ca\/wp-json\/wp\/v2\/posts"}],"about":[{"href":"https:\/\/www.mylasertabac.com\/ca\/wp-json\/wp\/v2\/types\/post"}],"author":[{"embeddable":true,"href":"https:\/\/www.mylasertabac.com\/ca\/wp-json\/wp\/v2\/users\/2"}],"replies":[{"embeddable":true,"href":"https:\/\/www.mylasertabac.com\/ca\/wp-json\/wp\/v2\/comments?post=8274"}],"version-history":[{"count":2,"href":"https:\/\/www.mylasertabac.com\/ca\/wp-json\/wp\/v2\/posts\/8274\/revisions"}],"predecessor-version":[{"id":9059,"href":"https:\/\/www.mylasertabac.com\/ca\/wp-json\/wp\/v2\/posts\/8274\/revisions\/9059"}],"wp:featuredmedia":[{"embeddable":true,"href":"https:\/\/www.mylasertabac.com\/ca\/wp-json\/wp\/v2\/media\/8218"}],"wp:attachment":[{"href":"https:\/\/www.mylasertabac.com\/ca\/wp-json\/wp\/v2\/media?parent=8274"}],"wp:term":[{"taxonomy":"category","embeddable":true,"href":"https:\/\/www.mylasertabac.com\/ca\/wp-json\/wp\/v2\/categories?post=8274"},{"taxonomy":"post_tag","embeddable":true,"href":"https:\/\/www.mylasertabac.com\/ca\/wp-json\/wp\/v2\/tags?post=8274"}],"curies":[{"name":"wp","href":"https:\/\/api.w.org\/{rel}","templated":true}]}}