{"id":8835,"date":"2025-05-30T14:27:58","date_gmt":"2025-05-30T12:27:58","guid":{"rendered":"https:\/\/www.mylasertabac.com\/fumar-aviat-estara-prohibit-a-les-platges-als-jardins-publics-i-a-prop-de-les-escoles-que-canviara-a-partir-de-l1-de-juliol\/"},"modified":"2025-06-03T15:31:09","modified_gmt":"2025-06-03T13:31:09","slug":"fumar-aviat-estara-prohibit-a-les-platges-als-jardins-publics-i-a-prop-de-les-escoles-que-canviara-a-partir-de-l1-de-juliol","status":"publish","type":"post","link":"https:\/\/www.mylasertabac.com\/ca\/fumar-aviat-estara-prohibit-a-les-platges-als-jardins-publics-i-a-prop-de-les-escoles-que-canviara-a-partir-de-l1-de-juliol\/","title":{"rendered":"Fumar aviat estar\u00e0 prohibit a les platges, als jardins p\u00fablics i a prop de les escoles: qu\u00e8 canviar\u00e0 a partir de l&#8217;1 de juliol"},"content":{"rendered":"\n<div style=\"height:20px\" aria-hidden=\"true\" class=\"wp-block-spacer\"><\/div>\n\n<h2 class=\"wp-block-heading\">Un nou pas en la lluita contra el tabaquisme<\/h2>\n\n<p>A partir de <strong>l&#8217;1 de juliol de 2025<\/strong> , una nova mesura transformar\u00e0 la nostra vida quotidiana: <strong>es prohibir\u00e0 fumar a les platges, als jardins p\u00fablics, als boscos urbans i a l&#8217;entorn immediat de les escoles<\/strong> . Una decisi\u00f3 contundent, recolzada pel govern com a part de la futura llei de salut p\u00fablica. Aquesta normativa, que ja s&#8217;aplica en certs municipis pioners, s&#8217;est\u00e0 convertint en <strong>l&#8217;est\u00e0ndard a escala nacional<\/strong> .  <\/p>\n\n<p>Aquesta iniciativa forma part d \u201cuna ambiciosa pol\u00edtica de salut p\u00fablica destinada a reduir la prevalen\u00e7a del tabaquisme a Fran\u00e7a, que continua sent una de les m\u00e9s altes de l\u201d Europa Occidental.<\/p>\n\n<div style=\"height:20px\" aria-hidden=\"true\" class=\"wp-block-spacer\"><\/div>\n\n<h2 class=\"wp-block-heading\">Per qu\u00e8 aquesta prohibici\u00f3? El desig de protegir la salut i el medi ambient <\/h2>\n\n<div style=\"height:20px\" aria-hidden=\"true\" class=\"wp-block-spacer\"><\/div>\n\n<h3 class=\"wp-block-heading\">Protecci\u00f3 dels no fumadors<\/h3>\n\n<div style=\"height:20px\" aria-hidden=\"true\" class=\"wp-block-spacer\"><\/div>\n\n<p>La prohibici\u00f3 de fumar en espais p\u00fablics oberts t\u00e9 com a objectiu principal <strong>protegir els no fumadors<\/strong> , especialment els nens, del <strong>fum de segona m\u00e0<\/strong> . Als patis o fora de les escoles, els nens sovint estan exposats al fum de les cigarretes. Aquesta llei t\u00e9 com a objectiu protegir la seva salut, el seu entorn vital i donar-los un exemple coherent amb els missatges de prevenci\u00f3 transmesos a l&#8217;escola.  <\/p>\n\n<div style=\"height:20px\" aria-hidden=\"true\" class=\"wp-block-spacer\"><\/div>\n\n<h3 class=\"wp-block-heading\">Lluitar contra la trivialitzaci\u00f3 del gest<\/h3>\n\n<div style=\"height:20px\" aria-hidden=\"true\" class=\"wp-block-spacer\"><\/div>\n\n<p>Tamb\u00e9 es tracta d&#8217; <strong>evitar la banalitzaci\u00f3 del fet de fumar<\/strong> en espais p\u00fablics. Veure un adult fumant en un banc d&#8217;un parc o a la sorra pot ajudar <strong>a normalitzar<\/strong> aquest comportament entre els m\u00e9s joves. L&#8217;objectiu \u00e9s clar: <strong>dissuadir l&#8217;inici del consum de tabac durant l&#8217;adolesc\u00e8ncia<\/strong> , un moment crucial en qu\u00e8 la majoria dels fumadors comencen a consumir-lo.  <\/p>\n\n<div style=\"height:20px\" aria-hidden=\"true\" class=\"wp-block-spacer\"><\/div>\n\n<h3 class=\"wp-block-heading\">Un problema ecol\u00f2gic important<\/h3>\n\n<div style=\"height:20px\" aria-hidden=\"true\" class=\"wp-block-spacer\"><\/div>\n\n<p>A m\u00e9s de la salut, aquesta mesura tamb\u00e9 respon a una <strong>emerg\u00e8ncia ecol\u00f2gica<\/strong> . Cada any, a Fran\u00e7a es llencen <strong><a href=\"https:\/\/www.mylasertabac.com\/ca\/per-que-es-considera-que-les-burilles-de-cigarrets-son-un-dels-tipus-de-deixalles-mes-comuns-al-mon\/\">m\u00e9s de 23.000 milions de burilles de cigarrets<\/a><\/strong> a terra. Aquests residus triguen fins a <strong>15 anys a descompondre \u201cs<\/strong> i alliberen subst\u00e0ncies t\u00f2xiques que contaminen el s\u00f2l i les vies navegables. A les platges, una sola burilla de cigarreta pot contaminar <strong>fins a 500 litres d\u201d aigua<\/strong> .   <\/p>\n\n<p>En fer que les platges i els espais verds siguin lliures de fum, l&#8217;Estat tamb\u00e9 pret\u00e9n <strong>preservar aquests espais naturals<\/strong> i <strong>reduir la contaminaci\u00f3 relacionada amb el tabac<\/strong> .<\/p>\n\n<div style=\"height:20px\" aria-hidden=\"true\" class=\"wp-block-spacer\"><\/div>\n\n<h2 class=\"wp-block-heading\">Normativa nacional basada en experi\u00e8ncies locals<\/h2>\n\n<div style=\"height:20px\" aria-hidden=\"true\" class=\"wp-block-spacer\"><\/div>\n\n<p>Algunes ciutats franceses, com <strong>Ni\u00e7a, Marsella, Biarritz i Estrasburg<\/strong> , ja havien pres la iniciativa. A Estrasburg, les zones escolars s\u00f3n lliures de fum des del 2022. A Biarritz, la platja de la C\u00f4te des Basques \u00e9s lliure de fum des del 2019. Aquests exemples demostren <strong>l&#8217;efic\u00e0cia i l&#8217;acceptaci\u00f3 gradual d&#8217;aquest tipus de mesura per part del p\u00fablic<\/strong> .   <\/p>\n\n<p>Aquest desplegament a nivell nacional, per tant, <strong>estandarditzar\u00e0 les normes<\/strong> , fent-les m\u00e9s visibles i comprensibles per a tothom.<\/p>\n\n<div style=\"height:34px\" aria-hidden=\"true\" class=\"wp-block-spacer\"><\/div>\n\n<figure class=\"wp-block-image alignfull size-large\"><img fetchpriority=\"high\" decoding=\"async\" width=\"683\" height=\"1024\" src=\"https:\/\/www.mylasertabac.com\/wp-content\/uploads\/2025\/05\/smo-683x1024.png\" alt=\"\" class=\"wp-image-8821\" srcset=\"https:\/\/www.mylasertabac.com\/wp-content\/uploads\/2025\/05\/smo-683x1024.png 683w, https:\/\/www.mylasertabac.com\/wp-content\/uploads\/2025\/05\/smo-200x300.png 200w, https:\/\/www.mylasertabac.com\/wp-content\/uploads\/2025\/05\/smo-768x1152.png 768w, https:\/\/www.mylasertabac.com\/wp-content\/uploads\/2025\/05\/smo.png 1024w\" sizes=\"(max-width: 683px) 100vw, 683px\" \/><\/figure>\n\n<h2 class=\"wp-block-heading\">Quines zones estan afectades?<\/h2>\n\n<p>A partir de l&#8217;1 de juliol, <strong>estar\u00e0 estrictament prohibit fumar<\/strong> :<\/p>\n\n<ul class=\"wp-block-list\">\n<li>a les platges p\u00fabliques,<\/li>\n\n\n\n<li>en <strong>jardins p\u00fablics i parcs municipals<\/strong> ,<\/li>\n\n\n\n<li>en <strong>boscos urbans<\/strong> ,<\/li>\n\n\n\n<li><strong>a menys de 10 metres de centres educatius<\/strong> , incloses les llars d&#8217;infants.<\/li>\n<\/ul>\n\n<p>Els municipis seran els responsables de fer complir aquesta llei. Es refor\u00e7ar\u00e0 <strong>la senyalitzaci\u00f3<\/strong> i s&#8217;imposaran <strong>multes<\/strong> per incompliment. <\/p>\n\n<div style=\"height:42px\" aria-hidden=\"true\" class=\"wp-block-spacer\"><\/div>\n\n<h2 class=\"wp-block-heading\">Una mesura ben rebuda pels professionals sanitaris<\/h2>\n\n<div style=\"height:20px\" aria-hidden=\"true\" class=\"wp-block-spacer\"><\/div>\n\n<p>Metges, associacions contra el c\u00e0ncer i professionals de la salut p\u00fablica acullen amb satisfacci\u00f3 aquesta mesura. Per al <strong>professor Lo\u00efc Josseran<\/strong> , president de l&#8217;Alian\u00e7a contra el Tabac, aquest \u00e9s un <strong>senyal pol\u00edtic fort<\/strong> : &#8220;Fran\u00e7a finalment es d\u00f3na els mitjans per construir una societat sense tabac el 2032&#8221;. <\/p>\n\n<p>Aquesta prohibici\u00f3 es considera <strong>un pas decisiu<\/strong> , que podria anar seguit d&#8217;altres restriccions futures, especialment a les terrasses dels restaurants o en certs espais de vida col\u00b7lectiva.<\/p>\n\n<div style=\"height:20px\" aria-hidden=\"true\" class=\"wp-block-spacer\"><\/div>\n\n<p class=\"has-cyan-bluish-gray-background-color has-background\">Llegiu tamb\u00e9: <a href=\"https:\/\/www.mylasertabac.com\/ca\/mylasertabac-franquicia-numero-1-el-2025-canvia-la-teva-vida-i-converteix-te-en-el-teu-propi-cap-en-benestar\/\"><mark style=\"background-color:rgba(0, 0, 0, 0)\" class=\"has-inline-color has-luminous-vivid-orange-color\">MyLaserTabac, franqu\u00edcia n\u00famero 1 el 2025: canvia la teva vida i converteix-te en el teu propi cap en benestar<\/mark><\/a><\/p>\n\n<div style=\"height:39px\" aria-hidden=\"true\" class=\"wp-block-spacer\"><\/div>\n\n<figure class=\"wp-block-image alignright size-full is-resized\"><img decoding=\"async\" width=\"1024\" height=\"683\" src=\"https:\/\/www.mylasertabac.com\/wp-content\/uploads\/2025\/03\/interdiction-de-fumer.jpg\" alt=\"\" class=\"wp-image-5335\" style=\"width:373px;height:auto\" srcset=\"https:\/\/www.mylasertabac.com\/wp-content\/uploads\/2025\/03\/interdiction-de-fumer.jpg 1024w, https:\/\/www.mylasertabac.com\/wp-content\/uploads\/2025\/03\/interdiction-de-fumer-300x200.jpg 300w, https:\/\/www.mylasertabac.com\/wp-content\/uploads\/2025\/03\/interdiction-de-fumer-768x512.jpg 768w\" sizes=\"(max-width: 1024px) 100vw, 1024px\" \/><\/figure>\n\n<h2 class=\"wp-block-heading\">Una oportunitat per deixar de fumar<\/h2>\n\n<h3 class=\"wp-block-heading\">El moment adequat per deixar de fumar<\/h3>\n\n<p>Amb la proliferaci\u00f3 de zones lliures de fum, <strong>cada cop m\u00e9s fumadors es plantegen deixar de fumar definitivament<\/strong> . Aquesta nova regulaci\u00f3 crea <strong>un context propici al canvi<\/strong> , reduint els llocs i els horaris on \u00e9s possible fumar. <\/p>\n\n<p>Aix\u00ed doncs, \u00e9s <strong>el moment perfecte per comen\u00e7ar a deixar de fumar<\/strong> , i entre els m\u00e8todes m\u00e9s efica\u00e7os actualment hi ha el <strong>l\u00e0ser antitabac<\/strong> .<\/p>\n\n<div style=\"height:44px\" aria-hidden=\"true\" class=\"wp-block-spacer\"><\/div>\n\n<h3 class=\"wp-block-heading\">L\u00e0ser antitabaquisme: un m\u00e8tode suau i efica\u00e7<\/h3>\n\n<div style=\"height:20px\" aria-hidden=\"true\" class=\"wp-block-spacer\"><\/div>\n\n<p><a href=\"https:\/\/www.mylasertabac.com\/ca\/\"><strong>Deixar de fumar amb l\u00e0ser<\/strong><\/a> \u00e9s un m\u00e8tode derivat de l \u201cauriculoter\u00e0pia. Es basa en <strong>l\u201d estimulaci\u00f3 indolora dels punts reflexos situats a l \u201corella<\/strong> . L\u201d objectiu? <strong>Redueix les ganes de fumar<\/strong> , alleuja l \u201cestr\u00e8s relacionat amb l\u201d abstin\u00e8ncia i ajuda el cos a trobar un equilibri sense nicotina.  <\/p>\n\n<p>A difer\u00e8ncia de la ter\u00e0pia de reempla\u00e7ament de nicotina, el <strong><a href=\"https:\/\/www.mylasertabac.com\/ca\/\">l\u00e0ser antitabac<\/a> no cont\u00e9 cap subst\u00e0ncia qu\u00edmica<\/strong> . Actua en profunditat, des de la primera sessi\u00f3, amb <strong>una alta taxa d \u201c\u00e8xit des del primer intent<\/strong> . Molts centres especialitzats ofereixen ara suport a mida, que inclou <strong>assessorament nutricional, eines de gesti\u00f3 de l\u201d estr\u00e8s<\/strong> i seguiment personalitzat.  <\/p>\n\n<div style=\"height:20px\" aria-hidden=\"true\" class=\"wp-block-spacer\"><\/div>\n\n<h3 class=\"wp-block-heading\">Deixar de fumar de manera sostenible i natural<\/h3>\n\n<div style=\"height:20px\" aria-hidden=\"true\" class=\"wp-block-spacer\"><\/div>\n\n<p><strong>El tractament l\u00e0ser per deixar de fumar<\/strong> \u00e9s adequat per a tot tipus de perfils: tant fumadors ocasionals com fumadors de llarga durada. \u00c9s especialment adequat per a aquells que busquen una <strong>soluci\u00f3 natural, sense efectes secundaris<\/strong> i r\u00e0pida d&#8217;implementar. Molt sovint, <strong>una sola sessi\u00f3 \u00e9s suficient<\/strong> per iniciar un canvi durador, amb suport si cal durant les setmanes seg\u00fcents.  <\/p>\n\n<p>Gr\u00e0cies a aquest m\u00e8tode innovador, <strong>molts exfumadors troben r\u00e0pidament una millor qualitat de vida<\/strong> , una respiraci\u00f3 m\u00e9s lliure, una pell m\u00e9s neta i, sobretot, <strong>l \u201corgull d\u201d haver passat p\u00e0gina<\/strong> .<\/p>\n\n<div style=\"height:20px\" aria-hidden=\"true\" class=\"wp-block-spacer\"><\/div>\n\n<h2 class=\"wp-block-heading\">En conclusi\u00f3<\/h2>\n\n<div style=\"height:32px\" aria-hidden=\"true\" class=\"wp-block-spacer\"><\/div>\n\n<p>La prohibici\u00f3 de fumar en espais p\u00fablics a partir de l \u201c1 de juliol marca <strong>un punt d\u201d inflexi\u00f3 important en la pol\u00edtica sanit\u00e0ria a Fran\u00e7a<\/strong> . En protegir els m\u00e9s vulnerables, preservar el medi ambient i reduir la visibilitat del tabac, aquesta mesura obre una nova era. <\/p>\n\n<p>Per\u00f2 tamb\u00e9 ofereix <strong>una valuosa oportunitat per a aquells que volen deixar de fumar<\/strong> . El <strong>l\u00e0ser antitabac<\/strong> s&#8217;est\u00e0 consolidant com una soluci\u00f3 moderna, natural i efica\u00e7 per deixar de fumar. Aleshores, per qu\u00e8 no aprofitar aquest nou entorn per fer el pas <strong>i redescobrir una vida sense cigarrets<\/strong> ?  <\/p>\n\n<div style=\"height:28px\" aria-hidden=\"true\" class=\"wp-block-spacer\"><\/div>\n\n<figure class=\"wp-block-image size-large\"><img decoding=\"async\" src=\"https:\/\/www.mylasertabac.com\/wp-content\/uploads\/\/mlt-verteau.svg\" alt=\"\" class=\"wp-image-13\"\/><\/figure>\n\n<p><\/p>\n","protected":false},"excerpt":{"rendered":"<p>Un nou pas en la lluita contra el tabaquisme A partir de l&#8217;1 de juliol de 2025 , una nova mesura transformar\u00e0 la nostra vida quotidiana: es prohibir\u00e0 fumar a les platges, als jardins p\u00fablics, als boscos urbans i a l&#8217;entorn immediat de les escoles . Una decisi\u00f3 contundent, recolzada pel govern com a part [&hellip;]<\/p>\n","protected":false},"author":2,"featured_media":8876,"comment_status":"closed","ping_status":"open","sticky":false,"template":"","format":"standard","meta":{"inline_featured_image":false,"footnotes":""},"categories":[585],"tags":[],"class_list":["post-8835","post","type-post","status-publish","format-standard","has-post-thumbnail","hentry","category-llei"],"yoast_head":"<!-- This site is optimized with the Yoast SEO plugin v27.4 - https:\/\/yoast.com\/product\/yoast-seo-wordpress\/ -->\n<title>Fumar aviat estar\u00e0 prohibit a les platges, als jardins p\u00fablics i a prop de les escoles: qu\u00e8 canviar\u00e0 a partir de l&#039;1 de juliol - My Laser Tabac<\/title>\n<meta name=\"description\" content=\"S \u201cacaba d\u201d aprovar una nova llei antitabac a Fran\u00e7a, i ho expliquem tot al nostre article del blog.\" \/>\n<meta name=\"robots\" content=\"index, follow, max-snippet:-1, max-image-preview:large, max-video-preview:-1\" \/>\n<link rel=\"canonical\" href=\"https:\/\/www.mylasertabac.com\/ca\/fumar-aviat-estara-prohibit-a-les-platges-als-jardins-publics-i-a-prop-de-les-escoles-que-canviara-a-partir-de-l1-de-juliol\/\" \/>\n<meta property=\"og:locale\" content=\"ca_ES\" \/>\n<meta property=\"og:type\" content=\"article\" \/>\n<meta property=\"og:title\" content=\"Fumar aviat estar\u00e0 prohibit a les platges, als jardins p\u00fablics i a prop de les escoles: qu\u00e8 canviar\u00e0 a partir de l&#039;1 de juliol - My Laser Tabac\" \/>\n<meta property=\"og:description\" content=\"S \u201cacaba d\u201d aprovar una nova llei antitabac a Fran\u00e7a, i ho expliquem tot al nostre article del blog.\" \/>\n<meta property=\"og:url\" content=\"https:\/\/www.mylasertabac.com\/ca\/fumar-aviat-estara-prohibit-a-les-platges-als-jardins-publics-i-a-prop-de-les-escoles-que-canviara-a-partir-de-l1-de-juliol\/\" \/>\n<meta property=\"og:site_name\" content=\"My Laser Tabac\" \/>\n<meta property=\"article:author\" content=\"https:\/\/www.facebook.com\/profile.php?id=61571554707319\" \/>\n<meta property=\"article:published_time\" content=\"2025-05-30T12:27:58+00:00\" \/>\n<meta property=\"article:modified_time\" content=\"2025-06-03T13:31:09+00:00\" \/>\n<meta property=\"og:image\" content=\"https:\/\/www.mylasertabac.com\/wp-content\/uploads\/2025\/05\/smoo-1024x683.png\" \/>\n\t<meta property=\"og:image:width\" content=\"1024\" \/>\n\t<meta property=\"og:image:height\" content=\"683\" \/>\n\t<meta property=\"og:image:type\" content=\"image\/png\" \/>\n<meta name=\"author\" content=\"Florian Fortes\" \/>\n<meta name=\"twitter:card\" content=\"summary_large_image\" \/>\n<meta name=\"twitter:label1\" content=\"Escrit per\" \/>\n\t<meta name=\"twitter:data1\" content=\"Florian Fortes\" \/>\n\t<meta name=\"twitter:label2\" content=\"Temps estimat de lectura\" \/>\n\t<meta name=\"twitter:data2\" content=\"5 minuts\" \/>\n<script type=\"application\/ld+json\" class=\"yoast-schema-graph\">{\"@context\":\"https:\\\/\\\/schema.org\",\"@graph\":[{\"@type\":\"Article\",\"@id\":\"https:\\\/\\\/www.mylasertabac.com\\\/ca\\\/fumar-aviat-estara-prohibit-a-les-platges-als-jardins-publics-i-a-prop-de-les-escoles-que-canviara-a-partir-de-l1-de-juliol\\\/#article\",\"isPartOf\":{\"@id\":\"https:\\\/\\\/www.mylasertabac.com\\\/ca\\\/fumar-aviat-estara-prohibit-a-les-platges-als-jardins-publics-i-a-prop-de-les-escoles-que-canviara-a-partir-de-l1-de-juliol\\\/\"},\"author\":{\"name\":\"Florian Fortes\",\"@id\":\"https:\\\/\\\/www.mylasertabac.com\\\/ca\\\/#\\\/schema\\\/person\\\/02c249cb76d912efb6c315ec23eccdf3\"},\"headline\":\"Fumar aviat estar\u00e0 prohibit a les platges, als jardins p\u00fablics i a prop de les escoles: qu\u00e8 canviar\u00e0 a partir de l&#8217;1 de juliol\",\"datePublished\":\"2025-05-30T12:27:58+00:00\",\"dateModified\":\"2025-06-03T13:31:09+00:00\",\"mainEntityOfPage\":{\"@id\":\"https:\\\/\\\/www.mylasertabac.com\\\/ca\\\/fumar-aviat-estara-prohibit-a-les-platges-als-jardins-publics-i-a-prop-de-les-escoles-que-canviara-a-partir-de-l1-de-juliol\\\/\"},\"wordCount\":1092,\"publisher\":{\"@id\":\"https:\\\/\\\/www.mylasertabac.com\\\/ca\\\/#organization\"},\"image\":{\"@id\":\"https:\\\/\\\/www.mylasertabac.com\\\/ca\\\/fumar-aviat-estara-prohibit-a-les-platges-als-jardins-publics-i-a-prop-de-les-escoles-que-canviara-a-partir-de-l1-de-juliol\\\/#primaryimage\"},\"thumbnailUrl\":\"https:\\\/\\\/www.mylasertabac.com\\\/wp-content\\\/uploads\\\/2025\\\/05\\\/smoo.png\",\"articleSection\":[\"llei\"],\"inLanguage\":\"ca\"},{\"@type\":\"WebPage\",\"@id\":\"https:\\\/\\\/www.mylasertabac.com\\\/ca\\\/fumar-aviat-estara-prohibit-a-les-platges-als-jardins-publics-i-a-prop-de-les-escoles-que-canviara-a-partir-de-l1-de-juliol\\\/\",\"url\":\"https:\\\/\\\/www.mylasertabac.com\\\/ca\\\/fumar-aviat-estara-prohibit-a-les-platges-als-jardins-publics-i-a-prop-de-les-escoles-que-canviara-a-partir-de-l1-de-juliol\\\/\",\"name\":\"Fumar aviat estar\u00e0 prohibit a les platges, als jardins p\u00fablics i a prop de les escoles: qu\u00e8 canviar\u00e0 a partir de l'1 de juliol - My Laser Tabac\",\"isPartOf\":{\"@id\":\"https:\\\/\\\/www.mylasertabac.com\\\/ca\\\/#website\"},\"primaryImageOfPage\":{\"@id\":\"https:\\\/\\\/www.mylasertabac.com\\\/ca\\\/fumar-aviat-estara-prohibit-a-les-platges-als-jardins-publics-i-a-prop-de-les-escoles-que-canviara-a-partir-de-l1-de-juliol\\\/#primaryimage\"},\"image\":{\"@id\":\"https:\\\/\\\/www.mylasertabac.com\\\/ca\\\/fumar-aviat-estara-prohibit-a-les-platges-als-jardins-publics-i-a-prop-de-les-escoles-que-canviara-a-partir-de-l1-de-juliol\\\/#primaryimage\"},\"thumbnailUrl\":\"https:\\\/\\\/www.mylasertabac.com\\\/wp-content\\\/uploads\\\/2025\\\/05\\\/smoo.png\",\"datePublished\":\"2025-05-30T12:27:58+00:00\",\"dateModified\":\"2025-06-03T13:31:09+00:00\",\"description\":\"S \u201cacaba d\u201d aprovar una nova llei antitabac a Fran\u00e7a, i ho expliquem tot al nostre article del blog.\",\"breadcrumb\":{\"@id\":\"https:\\\/\\\/www.mylasertabac.com\\\/ca\\\/fumar-aviat-estara-prohibit-a-les-platges-als-jardins-publics-i-a-prop-de-les-escoles-que-canviara-a-partir-de-l1-de-juliol\\\/#breadcrumb\"},\"inLanguage\":\"ca\",\"potentialAction\":[{\"@type\":\"ReadAction\",\"target\":[\"https:\\\/\\\/www.mylasertabac.com\\\/ca\\\/fumar-aviat-estara-prohibit-a-les-platges-als-jardins-publics-i-a-prop-de-les-escoles-que-canviara-a-partir-de-l1-de-juliol\\\/\"]}]},{\"@type\":\"ImageObject\",\"inLanguage\":\"ca\",\"@id\":\"https:\\\/\\\/www.mylasertabac.com\\\/ca\\\/fumar-aviat-estara-prohibit-a-les-platges-als-jardins-publics-i-a-prop-de-les-escoles-que-canviara-a-partir-de-l1-de-juliol\\\/#primaryimage\",\"url\":\"https:\\\/\\\/www.mylasertabac.com\\\/wp-content\\\/uploads\\\/2025\\\/05\\\/smoo.png\",\"contentUrl\":\"https:\\\/\\\/www.mylasertabac.com\\\/wp-content\\\/uploads\\\/2025\\\/05\\\/smoo.png\",\"width\":1536,\"height\":1024},{\"@type\":\"BreadcrumbList\",\"@id\":\"https:\\\/\\\/www.mylasertabac.com\\\/ca\\\/fumar-aviat-estara-prohibit-a-les-platges-als-jardins-publics-i-a-prop-de-les-escoles-que-canviara-a-partir-de-l1-de-juliol\\\/#breadcrumb\",\"itemListElement\":[{\"@type\":\"ListItem\",\"position\":1,\"name\":\"Accueil\",\"item\":\"https:\\\/\\\/www.mylasertabac.com\\\/ca\\\/benvingut\\\/\"},{\"@type\":\"ListItem\",\"position\":2,\"name\":\"Fumar aviat estar\u00e0 prohibit a les platges, als jardins p\u00fablics i a prop de les escoles: qu\u00e8 canviar\u00e0 a partir de l&#8217;1 de juliol\"}]},{\"@type\":\"WebSite\",\"@id\":\"https:\\\/\\\/www.mylasertabac.com\\\/ca\\\/#website\",\"url\":\"https:\\\/\\\/www.mylasertabac.com\\\/ca\\\/\",\"name\":\"My Laser Tabac\",\"description\":\"La solution laser qui transforme les fumeurs en ex-fumeurs\",\"publisher\":{\"@id\":\"https:\\\/\\\/www.mylasertabac.com\\\/ca\\\/#organization\"},\"potentialAction\":[{\"@type\":\"SearchAction\",\"target\":{\"@type\":\"EntryPoint\",\"urlTemplate\":\"https:\\\/\\\/www.mylasertabac.com\\\/ca\\\/?s={search_term_string}\"},\"query-input\":{\"@type\":\"PropertyValueSpecification\",\"valueRequired\":true,\"valueName\":\"search_term_string\"}}],\"inLanguage\":\"ca\"},{\"@type\":\"Organization\",\"@id\":\"https:\\\/\\\/www.mylasertabac.com\\\/ca\\\/#organization\",\"name\":\"My Laser Tabac\",\"url\":\"https:\\\/\\\/www.mylasertabac.com\\\/ca\\\/\",\"logo\":{\"@type\":\"ImageObject\",\"inLanguage\":\"ca\",\"@id\":\"https:\\\/\\\/www.mylasertabac.com\\\/ca\\\/#\\\/schema\\\/logo\\\/image\\\/\",\"url\":\"https:\\\/\\\/www.mylasertabac.com\\\/wp-content\\\/uploads\\\/2024\\\/12\\\/mlt-verteau.svg\",\"contentUrl\":\"https:\\\/\\\/www.mylasertabac.com\\\/wp-content\\\/uploads\\\/2024\\\/12\\\/mlt-verteau.svg\",\"caption\":\"My Laser Tabac\"},\"image\":{\"@id\":\"https:\\\/\\\/www.mylasertabac.com\\\/ca\\\/#\\\/schema\\\/logo\\\/image\\\/\"}},{\"@type\":\"Person\",\"@id\":\"https:\\\/\\\/www.mylasertabac.com\\\/ca\\\/#\\\/schema\\\/person\\\/02c249cb76d912efb6c315ec23eccdf3\",\"name\":\"Florian Fortes\",\"image\":{\"@type\":\"ImageObject\",\"inLanguage\":\"ca\",\"@id\":\"https:\\\/\\\/www.mylasertabac.com\\\/wp-content\\\/litespeed\\\/avatar\\\/142101a71d7b9e6490c1120d9c109a67.jpg?ver=1776856306\",\"url\":\"https:\\\/\\\/www.mylasertabac.com\\\/wp-content\\\/litespeed\\\/avatar\\\/142101a71d7b9e6490c1120d9c109a67.jpg?ver=1776856306\",\"contentUrl\":\"https:\\\/\\\/www.mylasertabac.com\\\/wp-content\\\/litespeed\\\/avatar\\\/142101a71d7b9e6490c1120d9c109a67.jpg?ver=1776856306\",\"caption\":\"Florian Fortes\"},\"sameAs\":[\"https:\\\/\\\/www.mylasertabac.com\",\"https:\\\/\\\/www.facebook.com\\\/profile.php?id=61571554707319\"],\"url\":\"https:\\\/\\\/www.mylasertabac.com\\\/ca\\\/author\\\/florianfortes5312\\\/\"}]}<\/script>\n<!-- \/ Yoast SEO plugin. -->","yoast_head_json":{"title":"Fumar aviat estar\u00e0 prohibit a les platges, als jardins p\u00fablics i a prop de les escoles: qu\u00e8 canviar\u00e0 a partir de l'1 de juliol - My Laser Tabac","description":"S \u201cacaba d\u201d aprovar una nova llei antitabac a Fran\u00e7a, i ho expliquem tot al nostre article del blog.","robots":{"index":"index","follow":"follow","max-snippet":"max-snippet:-1","max-image-preview":"max-image-preview:large","max-video-preview":"max-video-preview:-1"},"canonical":"https:\/\/www.mylasertabac.com\/ca\/fumar-aviat-estara-prohibit-a-les-platges-als-jardins-publics-i-a-prop-de-les-escoles-que-canviara-a-partir-de-l1-de-juliol\/","og_locale":"ca_ES","og_type":"article","og_title":"Fumar aviat estar\u00e0 prohibit a les platges, als jardins p\u00fablics i a prop de les escoles: qu\u00e8 canviar\u00e0 a partir de l'1 de juliol - My Laser Tabac","og_description":"S \u201cacaba d\u201d aprovar una nova llei antitabac a Fran\u00e7a, i ho expliquem tot al nostre article del blog.","og_url":"https:\/\/www.mylasertabac.com\/ca\/fumar-aviat-estara-prohibit-a-les-platges-als-jardins-publics-i-a-prop-de-les-escoles-que-canviara-a-partir-de-l1-de-juliol\/","og_site_name":"My Laser Tabac","article_author":"https:\/\/www.facebook.com\/profile.php?id=61571554707319","article_published_time":"2025-05-30T12:27:58+00:00","article_modified_time":"2025-06-03T13:31:09+00:00","og_image":[{"width":1024,"height":683,"url":"https:\/\/www.mylasertabac.com\/wp-content\/uploads\/2025\/05\/smoo-1024x683.png","type":"image\/png"}],"author":"Florian Fortes","twitter_card":"summary_large_image","twitter_misc":{"Escrit per":"Florian Fortes","Temps estimat de lectura":"5 minuts"},"schema":{"@context":"https:\/\/schema.org","@graph":[{"@type":"Article","@id":"https:\/\/www.mylasertabac.com\/ca\/fumar-aviat-estara-prohibit-a-les-platges-als-jardins-publics-i-a-prop-de-les-escoles-que-canviara-a-partir-de-l1-de-juliol\/#article","isPartOf":{"@id":"https:\/\/www.mylasertabac.com\/ca\/fumar-aviat-estara-prohibit-a-les-platges-als-jardins-publics-i-a-prop-de-les-escoles-que-canviara-a-partir-de-l1-de-juliol\/"},"author":{"name":"Florian Fortes","@id":"https:\/\/www.mylasertabac.com\/ca\/#\/schema\/person\/02c249cb76d912efb6c315ec23eccdf3"},"headline":"Fumar aviat estar\u00e0 prohibit a les platges, als jardins p\u00fablics i a prop de les escoles: qu\u00e8 canviar\u00e0 a partir de l&#8217;1 de juliol","datePublished":"2025-05-30T12:27:58+00:00","dateModified":"2025-06-03T13:31:09+00:00","mainEntityOfPage":{"@id":"https:\/\/www.mylasertabac.com\/ca\/fumar-aviat-estara-prohibit-a-les-platges-als-jardins-publics-i-a-prop-de-les-escoles-que-canviara-a-partir-de-l1-de-juliol\/"},"wordCount":1092,"publisher":{"@id":"https:\/\/www.mylasertabac.com\/ca\/#organization"},"image":{"@id":"https:\/\/www.mylasertabac.com\/ca\/fumar-aviat-estara-prohibit-a-les-platges-als-jardins-publics-i-a-prop-de-les-escoles-que-canviara-a-partir-de-l1-de-juliol\/#primaryimage"},"thumbnailUrl":"https:\/\/www.mylasertabac.com\/wp-content\/uploads\/2025\/05\/smoo.png","articleSection":["llei"],"inLanguage":"ca"},{"@type":"WebPage","@id":"https:\/\/www.mylasertabac.com\/ca\/fumar-aviat-estara-prohibit-a-les-platges-als-jardins-publics-i-a-prop-de-les-escoles-que-canviara-a-partir-de-l1-de-juliol\/","url":"https:\/\/www.mylasertabac.com\/ca\/fumar-aviat-estara-prohibit-a-les-platges-als-jardins-publics-i-a-prop-de-les-escoles-que-canviara-a-partir-de-l1-de-juliol\/","name":"Fumar aviat estar\u00e0 prohibit a les platges, als jardins p\u00fablics i a prop de les escoles: qu\u00e8 canviar\u00e0 a partir de l'1 de juliol - My Laser Tabac","isPartOf":{"@id":"https:\/\/www.mylasertabac.com\/ca\/#website"},"primaryImageOfPage":{"@id":"https:\/\/www.mylasertabac.com\/ca\/fumar-aviat-estara-prohibit-a-les-platges-als-jardins-publics-i-a-prop-de-les-escoles-que-canviara-a-partir-de-l1-de-juliol\/#primaryimage"},"image":{"@id":"https:\/\/www.mylasertabac.com\/ca\/fumar-aviat-estara-prohibit-a-les-platges-als-jardins-publics-i-a-prop-de-les-escoles-que-canviara-a-partir-de-l1-de-juliol\/#primaryimage"},"thumbnailUrl":"https:\/\/www.mylasertabac.com\/wp-content\/uploads\/2025\/05\/smoo.png","datePublished":"2025-05-30T12:27:58+00:00","dateModified":"2025-06-03T13:31:09+00:00","description":"S \u201cacaba d\u201d aprovar una nova llei antitabac a Fran\u00e7a, i ho expliquem tot al nostre article del blog.","breadcrumb":{"@id":"https:\/\/www.mylasertabac.com\/ca\/fumar-aviat-estara-prohibit-a-les-platges-als-jardins-publics-i-a-prop-de-les-escoles-que-canviara-a-partir-de-l1-de-juliol\/#breadcrumb"},"inLanguage":"ca","potentialAction":[{"@type":"ReadAction","target":["https:\/\/www.mylasertabac.com\/ca\/fumar-aviat-estara-prohibit-a-les-platges-als-jardins-publics-i-a-prop-de-les-escoles-que-canviara-a-partir-de-l1-de-juliol\/"]}]},{"@type":"ImageObject","inLanguage":"ca","@id":"https:\/\/www.mylasertabac.com\/ca\/fumar-aviat-estara-prohibit-a-les-platges-als-jardins-publics-i-a-prop-de-les-escoles-que-canviara-a-partir-de-l1-de-juliol\/#primaryimage","url":"https:\/\/www.mylasertabac.com\/wp-content\/uploads\/2025\/05\/smoo.png","contentUrl":"https:\/\/www.mylasertabac.com\/wp-content\/uploads\/2025\/05\/smoo.png","width":1536,"height":1024},{"@type":"BreadcrumbList","@id":"https:\/\/www.mylasertabac.com\/ca\/fumar-aviat-estara-prohibit-a-les-platges-als-jardins-publics-i-a-prop-de-les-escoles-que-canviara-a-partir-de-l1-de-juliol\/#breadcrumb","itemListElement":[{"@type":"ListItem","position":1,"name":"Accueil","item":"https:\/\/www.mylasertabac.com\/ca\/benvingut\/"},{"@type":"ListItem","position":2,"name":"Fumar aviat estar\u00e0 prohibit a les platges, als jardins p\u00fablics i a prop de les escoles: qu\u00e8 canviar\u00e0 a partir de l&#8217;1 de juliol"}]},{"@type":"WebSite","@id":"https:\/\/www.mylasertabac.com\/ca\/#website","url":"https:\/\/www.mylasertabac.com\/ca\/","name":"My Laser Tabac","description":"La solution laser qui transforme les fumeurs en ex-fumeurs","publisher":{"@id":"https:\/\/www.mylasertabac.com\/ca\/#organization"},"potentialAction":[{"@type":"SearchAction","target":{"@type":"EntryPoint","urlTemplate":"https:\/\/www.mylasertabac.com\/ca\/?s={search_term_string}"},"query-input":{"@type":"PropertyValueSpecification","valueRequired":true,"valueName":"search_term_string"}}],"inLanguage":"ca"},{"@type":"Organization","@id":"https:\/\/www.mylasertabac.com\/ca\/#organization","name":"My Laser Tabac","url":"https:\/\/www.mylasertabac.com\/ca\/","logo":{"@type":"ImageObject","inLanguage":"ca","@id":"https:\/\/www.mylasertabac.com\/ca\/#\/schema\/logo\/image\/","url":"https:\/\/www.mylasertabac.com\/wp-content\/uploads\/2024\/12\/mlt-verteau.svg","contentUrl":"https:\/\/www.mylasertabac.com\/wp-content\/uploads\/2024\/12\/mlt-verteau.svg","caption":"My Laser Tabac"},"image":{"@id":"https:\/\/www.mylasertabac.com\/ca\/#\/schema\/logo\/image\/"}},{"@type":"Person","@id":"https:\/\/www.mylasertabac.com\/ca\/#\/schema\/person\/02c249cb76d912efb6c315ec23eccdf3","name":"Florian Fortes","image":{"@type":"ImageObject","inLanguage":"ca","@id":"https:\/\/www.mylasertabac.com\/wp-content\/litespeed\/avatar\/142101a71d7b9e6490c1120d9c109a67.jpg?ver=1776856306","url":"https:\/\/www.mylasertabac.com\/wp-content\/litespeed\/avatar\/142101a71d7b9e6490c1120d9c109a67.jpg?ver=1776856306","contentUrl":"https:\/\/www.mylasertabac.com\/wp-content\/litespeed\/avatar\/142101a71d7b9e6490c1120d9c109a67.jpg?ver=1776856306","caption":"Florian Fortes"},"sameAs":["https:\/\/www.mylasertabac.com","https:\/\/www.facebook.com\/profile.php?id=61571554707319"],"url":"https:\/\/www.mylasertabac.com\/ca\/author\/florianfortes5312\/"}]}},"_links":{"self":[{"href":"https:\/\/www.mylasertabac.com\/ca\/wp-json\/wp\/v2\/posts\/8835","targetHints":{"allow":["GET"]}}],"collection":[{"href":"https:\/\/www.mylasertabac.com\/ca\/wp-json\/wp\/v2\/posts"}],"about":[{"href":"https:\/\/www.mylasertabac.com\/ca\/wp-json\/wp\/v2\/types\/post"}],"author":[{"embeddable":true,"href":"https:\/\/www.mylasertabac.com\/ca\/wp-json\/wp\/v2\/users\/2"}],"replies":[{"embeddable":true,"href":"https:\/\/www.mylasertabac.com\/ca\/wp-json\/wp\/v2\/comments?post=8835"}],"version-history":[{"count":11,"href":"https:\/\/www.mylasertabac.com\/ca\/wp-json\/wp\/v2\/posts\/8835\/revisions"}],"predecessor-version":[{"id":9153,"href":"https:\/\/www.mylasertabac.com\/ca\/wp-json\/wp\/v2\/posts\/8835\/revisions\/9153"}],"wp:featuredmedia":[{"embeddable":true,"href":"https:\/\/www.mylasertabac.com\/ca\/wp-json\/wp\/v2\/media\/8876"}],"wp:attachment":[{"href":"https:\/\/www.mylasertabac.com\/ca\/wp-json\/wp\/v2\/media?parent=8835"}],"wp:term":[{"taxonomy":"category","embeddable":true,"href":"https:\/\/www.mylasertabac.com\/ca\/wp-json\/wp\/v2\/categories?post=8835"},{"taxonomy":"post_tag","embeddable":true,"href":"https:\/\/www.mylasertabac.com\/ca\/wp-json\/wp\/v2\/tags?post=8835"}],"curies":[{"name":"wp","href":"https:\/\/api.w.org\/{rel}","templated":true}]}}