{"id":8978,"date":"2025-05-31T07:46:19","date_gmt":"2025-05-31T05:46:19","guid":{"rendered":"https:\/\/www.mylasertabac.com\/i-si-fos-gracies-al-laser-antitabaquisme-que-hi-ha-hagut-una-baixada-de-consum-en-els-darrers-anys\/"},"modified":"2025-05-31T07:46:35","modified_gmt":"2025-05-31T05:46:35","slug":"i-si-fos-gracies-al-laser-antitabaquisme-que-hi-ha-hagut-una-baixada-de-consum-en-els-darrers-anys","status":"publish","type":"post","link":"https:\/\/www.mylasertabac.com\/ca\/i-si-fos-gracies-al-laser-antitabaquisme-que-hi-ha-hagut-una-baixada-de-consum-en-els-darrers-anys\/","title":{"rendered":"I si fos gr\u00e0cies al l\u00e0ser antitabaquisme que hi ha hagut una baixada de consum en els darrers anys?"},"content":{"rendered":"\n<div style=\"height:19px\" aria-hidden=\"true\" class=\"wp-block-spacer\"><\/div>\n\n<p>Mentre els principals mitjans de comunicaci\u00f3 francesos anunciaven el 30 de maig una <strong>caiguda significativa del consum de tabac<\/strong> a Fran\u00e7a, cal fer-se una pregunta inquietant: <strong>qu\u00e8 passaria si aquesta tend\u00e8ncia positiva estigu\u00e9s vinculada a un m\u00e8tode del qual ning\u00fa parla oficialment?<\/strong><\/p>\n\n<div style=\"height:19px\" aria-hidden=\"true\" class=\"wp-block-spacer\"><\/div>\n\n<p><strong>I si aquest descens del tabaquisme fos, en realitat, impulsat en gran mesura per l&#8217;\u00e8xit creixent del l\u00e0ser antitabac?<\/strong><\/p>\n\n<div style=\"height:19px\" aria-hidden=\"true\" class=\"wp-block-spacer\"><\/div>\n\n<hr class=\"wp-block-separator has-alpha-channel-opacity\"\/>\n\n<h2 class=\"wp-block-heading\">\ud83d\udcc9 Disminuci\u00f3 del tabaquisme a Fran\u00e7a: bones not\u00edcies&#8230; per\u00f2 un silenci revelador<\/h2>\n\n<div style=\"height:19px\" aria-hidden=\"true\" class=\"wp-block-spacer\"><\/div>\n\n<p>Segons les \u00faltimes xifres difoses per grans mitjans de comunicaci\u00f3 com <em>Le Monde<\/em> , <em>France Info<\/em> i <em>Le Figaro<\/em> , <strong>el nombre de fumadors habituals ha disminu\u00eft significativament<\/strong> des del 2019. Un moviment que, a primera vista, sembla ser el resultat de campanyes governamentals, l&#8217;augment dels preus del tabac o les operacions de prevenci\u00f3 a les escoles. <\/p>\n\n<p>Per\u00f2 un actor important en aquest canvi continua sent <strong>sistem\u00e0ticament ignorat<\/strong> : <strong>el l\u00e0ser antitabac<\/strong> .<\/p>\n\n<div style=\"height:19px\" aria-hidden=\"true\" class=\"wp-block-spacer\"><\/div>\n\n<h3 class=\"wp-block-heading\">Per qu\u00e8 aquest silenci? Perqu\u00e8 aquest m\u00e8tode \u00e9s molest <\/h3>\n\n<div style=\"height:19px\" aria-hidden=\"true\" class=\"wp-block-spacer\"><\/div>\n\n<p>I si <strong>l&#8217;estat franc\u00e8s i els mitjans de comunicaci\u00f3 no en volen parlar<\/strong> , potser \u00e9s perqu\u00e8 simplement no poden <strong>regular una pr\u00e0ctica que no entra dins dels seus circuits m\u00e8dics convencionals<\/strong> .<\/p>\n\n<p>No obstant aix\u00f2, <strong>el 90% de les persones que proven la ter\u00e0pia l\u00e0ser per <a href=\"https:\/\/www.mylasertabac.com\/ca\/\">deixar de fumar<\/a> aconsegueixen deixar-ho despr\u00e9s de la primera sessi\u00f3<\/strong> . Una estad\u00edstica impressionant, molt superior a la dels pegats, els xiclets o altres substituts de la nicotina. <\/p>\n\n<div style=\"height:43px\" aria-hidden=\"true\" class=\"wp-block-spacer\"><\/div>\n\n<hr class=\"wp-block-separator has-alpha-channel-opacity\"\/>\n\n<figure class=\"wp-block-image alignleft size-large is-resized\"><img fetchpriority=\"high\" decoding=\"async\" width=\"1024\" height=\"662\" src=\"https:\/\/www.mylasertabac.com\/wp-content\/uploads\/2025\/04\/vitrine-1024x662.jpg\" alt=\"\" class=\"wp-image-7466\" style=\"width:488px;height:auto\" srcset=\"https:\/\/www.mylasertabac.com\/wp-content\/uploads\/2025\/04\/vitrine-1024x662.jpg 1024w, https:\/\/www.mylasertabac.com\/wp-content\/uploads\/2025\/04\/vitrine-300x194.jpg 300w, https:\/\/www.mylasertabac.com\/wp-content\/uploads\/2025\/04\/vitrine-768x496.jpg 768w, https:\/\/www.mylasertabac.com\/wp-content\/uploads\/2025\/04\/vitrine.jpg 1179w\" sizes=\"(max-width: 1024px) 100vw, 1024px\" \/><\/figure>\n\n<h2 class=\"wp-block-heading\">\ud83d\udd2c El l\u00e0ser antitabac: un m\u00e8tode natural i efica\u00e7 per deixar de fumar<\/h2>\n\n<h3 class=\"wp-block-heading\">Qu\u00e8 \u00e9s deixar de fumar amb l\u00e0ser?<\/h3>\n\n<p>El <strong>l\u00e0ser antitabac<\/strong> \u00e9s una t\u00e8cnica suau i no invasiva, inspirada en l&#8217;auriculoter\u00e0pia. Consisteix <strong>a estimular punts espec\u00edfics situats a l&#8217;orella mitjan\u00e7ant un raig l\u00e0ser indolor<\/strong> . Aquesta estimulaci\u00f3 desencadena la producci\u00f3 d&#8217;endorfines, la qual cosa permet:  <\/p>\n\n<ul class=\"wp-block-list\">\n<li>per <strong>reduir significativament el desig de fumar<\/strong> ,<\/li>\n\n\n\n<li>per <strong>reduir l \u201cestr\u00e8s i l\u201d ansietat relacionats amb la mancan\u00e7a<\/strong> ,<\/li>\n\n\n\n<li>i <strong>facilitar la cessaci\u00f3 del tabaquisme sense augmentar de pes<\/strong> .<\/li>\n<\/ul>\n\n<div style=\"height:51px\" aria-hidden=\"true\" class=\"wp-block-spacer\"><\/div>\n\n<h3 class=\"wp-block-heading\">Per qu\u00e8 \u00e9s tan popular aquest m\u00e8tode?<\/h3>\n\n<div style=\"height:19px\" aria-hidden=\"true\" class=\"wp-block-spacer\"><\/div>\n\n<p>Perqu\u00e8 funciona. Perqu\u00e8 \u00e9s <strong>natural<\/strong> , <strong>sense efectes secundaris<\/strong> , <strong>sense nicotina<\/strong> , <strong>sense medicaci\u00f3<\/strong> , <strong>sense patiment<\/strong> . <\/p>\n\n<p>I sobretot, perqu\u00e8 <strong>els resultats s\u00f3n visibles des de la primera sessi\u00f3<\/strong> , amb una efic\u00e0cia duradora en el temps.<\/p>\n\n<div style=\"height:19px\" aria-hidden=\"true\" class=\"wp-block-spacer\"><\/div>\n\n<hr class=\"wp-block-separator has-alpha-channel-opacity\"\/>\n\n<h2 class=\"wp-block-heading\">\ud83d\udcca Els n\u00fameros que ning\u00fa vol publicar<\/h2>\n\n<p>Si fem un c\u00e0lcul senzill: ara hi ha <strong>centenars de centres especialitzats en deixar de fumar mitjan\u00e7ant l\u00e0sers<\/strong> repartits per tota Fran\u00e7a. Alguns centres tracten <strong>fins a 10 persones al<\/strong> dia o <strong>m\u00e9s de 3.000 a l&#8217;any<\/strong> . <\/p>\n\n<p>Si multipliqueu aquest nombre per <strong>la taxa d&#8217;\u00e8xit del 90%<\/strong> , entendreu r\u00e0pidament que <strong>desenes de milers de persones deixen de fumar gr\u00e0cies al tractament amb l\u00e0ser cada any<\/strong> .<\/p>\n\n<p>Aquesta xifra \u00e9s colossal. Aix\u00f2 <strong>per si sol explica una part important de la caiguda del consum de tabac a Fran\u00e7a<\/strong> . <\/p>\n\n<p>Per\u00f2 ning\u00fa en parla. Perqu\u00e8 el l\u00e0ser, <strong>no reemborsat<\/strong> , <strong>no reconegut per les autoritats sanit\u00e0ries<\/strong> , no aporta res als lobbies del tabac ni al sistema sanitari convencional. <\/p>\n\n<div style=\"height:35px\" aria-hidden=\"true\" class=\"wp-block-spacer\"><\/div>\n\n<hr class=\"wp-block-separator has-alpha-channel-opacity\"\/>\n\n<figure class=\"wp-block-image alignright size-large is-resized\"><img decoding=\"async\" width=\"1024\" height=\"683\" src=\"https:\/\/www.mylasertabac.com\/wp-content\/uploads\/2025\/05\/de-1024x683.png\" alt=\"\" class=\"wp-image-8207\" style=\"width:359px;height:auto\" srcset=\"https:\/\/www.mylasertabac.com\/wp-content\/uploads\/2025\/05\/de-1024x683.png 1024w, https:\/\/www.mylasertabac.com\/wp-content\/uploads\/2025\/05\/de-300x200.png 300w, https:\/\/www.mylasertabac.com\/wp-content\/uploads\/2025\/05\/de-768x512.png 768w, https:\/\/www.mylasertabac.com\/wp-content\/uploads\/2025\/05\/de.png 1536w\" sizes=\"(max-width: 1024px) 100vw, 1024px\" \/><\/figure>\n\n<h2 class=\"wp-block-heading\">\ud83d\udca5 Per qu\u00e8 \u00e9s tan inquietant el l\u00e0ser antitabac?<\/h2>\n\n<p>L \u201c\u00e8xit del l\u00e0ser antitabac es basa en tres pilars que l\u201d Estat no controla:<\/p>\n\n<ol class=\"wp-block-list\">\n<li><strong>\u00c9s un m\u00e8tode natural<\/strong> que no requereix ni medicaments ni recepta m\u00e8dica.<\/li>\n\n\n\n<li><strong>\u00c9s r\u00e0pid<\/strong> : una sola sessi\u00f3 \u00e9s suficient en la majoria dels casos.<\/li>\n\n\n\n<li><strong>\u00c9s independent<\/strong> : escapa de la ind\u00fastria farmac\u00e8utica i de les vies m\u00e8diques tradicionals.<\/li>\n<\/ol>\n\n<p>En altres paraules, el l\u00e0ser antitabac permet als fumadors deixar de fumar <strong>sense dependre d&#8217;un sistema<\/strong> .<\/p>\n\n<p>I aix\u00f2 \u00e9s inquietant.<\/p>\n\n<div style=\"height:33px\" aria-hidden=\"true\" class=\"wp-block-spacer\"><\/div>\n\n<hr class=\"wp-block-separator has-alpha-channel-opacity\"\/>\n\n<h2 class=\"wp-block-heading\">\ud83e\udde0 Deixar de fumar amb l\u00e0ser: una revoluci\u00f3 silenciosa per\u00f2 poderosa<\/h2>\n\n<div style=\"height:19px\" aria-hidden=\"true\" class=\"wp-block-spacer\"><\/div>\n\n<h3 class=\"wp-block-heading\">Milers de testimonis<\/h3>\n\n<div style=\"height:19px\" aria-hidden=\"true\" class=\"wp-block-spacer\"><\/div>\n\n<p>Els f\u00f2rums, els grups de Facebook, els centres especialitzats i els professionals del benestar s\u00f3n un\u00e0nimes: <strong>els testimonis d&#8217;\u00e8xit gr\u00e0cies als l\u00e0sers es multipliquen<\/strong> .<\/p>\n\n<blockquote class=\"wp-block-quote is-layout-flow wp-block-quote-is-layout-flow\">\n<p>\u00abVaig deixar de fumar en una sola sessi\u00f3 despr\u00e9s de 20 anys fumant. Sense ganes, sense ansietat.\u00bb<br\/> \u00abFinalment he trobat un m\u00e8tode suau i efica\u00e7. No fumar\u00e0s mai m\u00e9s.\u00bb<br\/> \u00abPer qu\u00e8 no parlem d&#8217;aquest m\u00e8tode a la televisi\u00f3?\u00bb<\/p>\n<\/blockquote>\n\n<p>Hist\u00f2ries aut\u00e8ntiques, molt m\u00e9s convincents que campanyes de xoc o fotos repulsives en paquets.<\/p>\n\n<div style=\"height:19px\" aria-hidden=\"true\" class=\"wp-block-spacer\"><\/div>\n\n<h3 class=\"wp-block-heading\">Una soluci\u00f3 per a tots els perfils<\/h3>\n\n<div style=\"height:19px\" aria-hidden=\"true\" class=\"wp-block-spacer\"><\/div>\n\n<p>Tant si <strong>fumeu ocasionalment, com si fumeu di\u00e0riament o com si fumeu molt<\/strong> , el <strong>l\u00e0ser antitabac<\/strong> s&#8217;adapta a totes les necessitats:<\/p>\n\n<ul class=\"wp-block-list\">\n<li>\u00c9s adequat per a dones embarassades (despr\u00e9s del consell m\u00e8dic).<\/li>\n\n\n\n<li>S&#8217;utilitza per prevenir recaigudes.<\/li>\n\n\n\n<li>Fins i tot \u00e9s efica\u00e7 per a aquells que han fallat amb altres m\u00e8todes.<\/li>\n<\/ul>\n\n<div style=\"height:19px\" aria-hidden=\"true\" class=\"wp-block-spacer\"><\/div>\n\n<p class=\"has-cyan-bluish-gray-background-color has-background\">Llegiu tamb\u00e9: <a href=\"https:\/\/www.mylasertabac.com\/ca\/informacio\/formacio-laser-antitabac-i-addiccio\/\"><mark style=\"background-color:rgba(0, 0, 0, 0)\" class=\"has-inline-color has-luminous-vivid-orange-color\">Per qu\u00e8 obrir una franqu\u00edcia en l \u201c\u00e0mbit de la salut i l\u201d addicci\u00f3 al tabac<\/mark><\/a> <\/p>\n\n<div style=\"height:19px\" aria-hidden=\"true\" class=\"wp-block-spacer\"><\/div>\n\n<hr class=\"wp-block-separator has-alpha-channel-opacity\"\/>\n\n<h2 class=\"wp-block-heading\">\ud83d\ude80 I si el futur de deixar de fumar ja fos aqu\u00ed?<\/h2>\n\n<div style=\"height:19px\" aria-hidden=\"true\" class=\"wp-block-spacer\"><\/div>\n\n<p>Mentre l&#8217;Estat lluita per reduir de manera sostenible el nombre de fumadors, <strong>solucions concretes i provades com el l\u00e0ser antitabac continuen convencent milers de francesos<\/strong> .<\/p>\n\n<div style=\"height:19px\" aria-hidden=\"true\" class=\"wp-block-spacer\"><\/div>\n\n<p>I si les autoritats no ho volen recon\u00e8ixer, <strong>els resultats hi s\u00f3n<\/strong> .<\/p>\n\n<div style=\"height:19px\" aria-hidden=\"true\" class=\"wp-block-spacer\"><\/div>\n\n<p>Quan es tracta de <strong>deixar de fumar<\/strong> , \u00e9s hora d&#8217;afrontar la veritat:<br\/> \u2705 els francesos volen solucions naturals,<br\/> \u2705 volen deixar de fumar sense patir,<br\/> \u2705 volen resultats r\u00e0pids i duradors.<\/p>\n\n<p>I avui, <strong>el l\u00e0ser antitabac compleix totes aquestes expectatives<\/strong> .<\/p>\n\n<div style=\"height:19px\" aria-hidden=\"true\" class=\"wp-block-spacer\"><\/div>\n\n<h2 class=\"wp-block-heading\">\ud83d\udcdd Conclusi\u00f3: Uneix-te als milers de francesos que han dit que deixin de fumar&#8230; i a molts m\u00e9s<\/h2>\n\n<div style=\"height:19px\" aria-hidden=\"true\" class=\"wp-block-spacer\"><\/div>\n\n<p>El descens del consum de tabac a Fran\u00e7a \u00e9s molt real, per\u00f2 \u00e9s hora d&#8217;obrir els ulls: <strong>el l\u00e0ser antitabac hi t\u00e9 un paper central<\/strong> . Aquest m\u00e8tode suau, natural i efica\u00e7 transforma vides silenciosament, cada dia, a cada rac\u00f3 de Fran\u00e7a. <\/p>\n\n<p>Per\u00f2 <strong>la ter\u00e0pia l\u00e0ser no es limita a deixar de fumar<\/strong> . A <strong>MyLaserTabac<\/strong> , ara donem suport als nostres clients amb <strong>altres addiccions importants<\/strong> que afecten milions de persones: <\/p>\n\n<div style=\"height:19px\" aria-hidden=\"true\" class=\"wp-block-spacer\"><\/div>\n\n<ul class=\"wp-block-list\">\n<li><strong>addicci\u00f3 a l&#8217;alcohol<\/strong> ,<\/li>\n\n\n\n<li><strong>addicci\u00f3 al c\u00e0nnabis<\/strong> ,<\/li>\n\n\n\n<li><strong>consum excessiu de sucre<\/strong> ,<\/li>\n\n\n\n<li><strong>gesti\u00f3 de l&#8217;estr\u00e8s cr\u00f2nic<\/strong> ,<\/li>\n\n\n\n<li>i, per descomptat, <strong>deixar de fumar<\/strong> .<\/li>\n<\/ul>\n\n<div style=\"height:19px\" aria-hidden=\"true\" class=\"wp-block-spacer\"><\/div>\n\n<p>El nostre enfocament hol\u00edstic del benestar i la salut permet a tothom <strong>trobar l&#8217;equilibri i la llibertat<\/strong> , sense productes qu\u00edmics ni tractaments invasius.<\/p>\n\n<p>I si vols anar m\u00e9s enll\u00e0, <strong>tu tamb\u00e9 pots convertir-te en un actor actiu en la salut i la lluita contra les addiccions<\/strong> .<br\/> Gr\u00e0cies a la nostra <strong><a href=\"https:\/\/www.mylasertabac.com\/ca\/informacio\/formacio-laser-antitabac-i-addiccio\/\">formaci\u00f3 completa en l\u00e0ser antitabac<\/a><\/strong> , aprendr\u00e0s totes les t\u00e8cniques que s&#8217;utilitzen als nostres centres: des de deixar de fumar fins al tractament de les addiccions conductuals.<\/p>\n\n<div style=\"height:19px\" aria-hidden=\"true\" class=\"wp-block-spacer\"><\/div>\n\n<p>\ud83d\udc49 <strong>Obre el teu propi <a href=\"https:\/\/www.mylasertabac.com\/ca\/els-nostres-centres\/\">centre MyLaserTabac<\/a><\/strong> , a la teva ciutat o regi\u00f3, i <strong>ajuda els altres a canviar les seves vides, mentre canvies la teva.<\/strong><\/p>\n\n<div style=\"height:28px\" aria-hidden=\"true\" class=\"wp-block-spacer\"><\/div>\n\n<p><strong>El futur d&#8217;una salut suau i natural comen\u00e7a avui.<\/strong><br\/> Uneix-te al moviment.<\/p>\n\n<div style=\"height:29px\" aria-hidden=\"true\" class=\"wp-block-spacer\"><\/div>\n\n<figure class=\"wp-block-image size-large\"><img decoding=\"async\" src=\"https:\/\/www.mylasertabac.com\/wp-content\/uploads\/\/mlt-verteau.svg\" alt=\"\" class=\"wp-image-13\"\/><\/figure>\n\n<p><\/p>\n","protected":false},"excerpt":{"rendered":"<p>Mentre els principals mitjans de comunicaci\u00f3 francesos anunciaven el 30 de maig una caiguda significativa del consum de tabac a Fran\u00e7a, cal fer-se una pregunta inquietant: qu\u00e8 passaria si aquesta tend\u00e8ncia positiva estigu\u00e9s vinculada a un m\u00e8tode del qual ning\u00fa parla oficialment? I si aquest descens del tabaquisme fos, en realitat, impulsat en gran mesura [&hellip;]<\/p>\n","protected":false},"author":2,"featured_media":8940,"comment_status":"closed","ping_status":"open","sticky":false,"template":"","format":"standard","meta":{"inline_featured_image":false,"footnotes":""},"categories":[159],"tags":[],"class_list":["post-8978","post","type-post","status-publish","format-standard","has-post-thumbnail","hentry","category-salut"],"yoast_head":"<!-- This site is optimized with the Yoast SEO plugin v27.4 - https:\/\/yoast.com\/product\/yoast-seo-wordpress\/ -->\n<title>I si fos gr\u00e0cies al l\u00e0ser antitabaquisme que hi ha hagut una baixada de consum en els darrers anys? - My Laser Tabac<\/title>\n<meta name=\"description\" content=\"Estem veient molts articles que expliquen que avui a Fran\u00e7a hi ha una baixada important del consum de tabac, us ho expliquem tot...\" \/>\n<meta name=\"robots\" content=\"index, follow, max-snippet:-1, max-image-preview:large, max-video-preview:-1\" \/>\n<link rel=\"canonical\" href=\"https:\/\/www.mylasertabac.com\/ca\/i-si-fos-gracies-al-laser-antitabaquisme-que-hi-ha-hagut-una-baixada-de-consum-en-els-darrers-anys\/\" \/>\n<meta property=\"og:locale\" content=\"ca_ES\" \/>\n<meta property=\"og:type\" content=\"article\" \/>\n<meta property=\"og:title\" content=\"I si fos gr\u00e0cies al l\u00e0ser antitabaquisme que hi ha hagut una baixada de consum en els darrers anys? - My Laser Tabac\" \/>\n<meta property=\"og:description\" content=\"Estem veient molts articles que expliquen que avui a Fran\u00e7a hi ha una baixada important del consum de tabac, us ho expliquem tot...\" \/>\n<meta property=\"og:url\" content=\"https:\/\/www.mylasertabac.com\/ca\/i-si-fos-gracies-al-laser-antitabaquisme-que-hi-ha-hagut-una-baixada-de-consum-en-els-darrers-anys\/\" \/>\n<meta property=\"og:site_name\" content=\"My Laser Tabac\" \/>\n<meta property=\"article:author\" content=\"https:\/\/www.facebook.com\/profile.php?id=61571554707319\" \/>\n<meta property=\"article:published_time\" content=\"2025-05-31T05:46:19+00:00\" \/>\n<meta property=\"article:modified_time\" content=\"2025-05-31T05:46:35+00:00\" \/>\n<meta property=\"og:image\" content=\"https:\/\/www.mylasertabac.com\/wp-content\/uploads\/2025\/05\/mp-1024x683.png\" \/>\n\t<meta property=\"og:image:width\" content=\"1024\" \/>\n\t<meta property=\"og:image:height\" content=\"683\" \/>\n\t<meta property=\"og:image:type\" content=\"image\/png\" \/>\n<meta name=\"author\" content=\"Florian Fortes\" \/>\n<meta name=\"twitter:card\" content=\"summary_large_image\" \/>\n<meta name=\"twitter:label1\" content=\"Escrit per\" \/>\n\t<meta name=\"twitter:data1\" content=\"Florian Fortes\" \/>\n\t<meta name=\"twitter:label2\" content=\"Temps estimat de lectura\" \/>\n\t<meta name=\"twitter:data2\" content=\"6 minuts\" \/>\n<script type=\"application\/ld+json\" class=\"yoast-schema-graph\">{\"@context\":\"https:\\\/\\\/schema.org\",\"@graph\":[{\"@type\":\"Article\",\"@id\":\"https:\\\/\\\/www.mylasertabac.com\\\/ca\\\/i-si-fos-gracies-al-laser-antitabaquisme-que-hi-ha-hagut-una-baixada-de-consum-en-els-darrers-anys\\\/#article\",\"isPartOf\":{\"@id\":\"https:\\\/\\\/www.mylasertabac.com\\\/ca\\\/i-si-fos-gracies-al-laser-antitabaquisme-que-hi-ha-hagut-una-baixada-de-consum-en-els-darrers-anys\\\/\"},\"author\":{\"name\":\"Florian Fortes\",\"@id\":\"https:\\\/\\\/www.mylasertabac.com\\\/ca\\\/#\\\/schema\\\/person\\\/02c249cb76d912efb6c315ec23eccdf3\"},\"headline\":\"I si fos gr\u00e0cies al l\u00e0ser antitabaquisme que hi ha hagut una baixada de consum en els darrers anys?\",\"datePublished\":\"2025-05-31T05:46:19+00:00\",\"dateModified\":\"2025-05-31T05:46:35+00:00\",\"mainEntityOfPage\":{\"@id\":\"https:\\\/\\\/www.mylasertabac.com\\\/ca\\\/i-si-fos-gracies-al-laser-antitabaquisme-que-hi-ha-hagut-una-baixada-de-consum-en-els-darrers-anys\\\/\"},\"wordCount\":1142,\"publisher\":{\"@id\":\"https:\\\/\\\/www.mylasertabac.com\\\/ca\\\/#organization\"},\"image\":{\"@id\":\"https:\\\/\\\/www.mylasertabac.com\\\/ca\\\/i-si-fos-gracies-al-laser-antitabaquisme-que-hi-ha-hagut-una-baixada-de-consum-en-els-darrers-anys\\\/#primaryimage\"},\"thumbnailUrl\":\"https:\\\/\\\/www.mylasertabac.com\\\/wp-content\\\/uploads\\\/2025\\\/05\\\/mp.png\",\"articleSection\":[\"Salut\"],\"inLanguage\":\"ca\"},{\"@type\":\"WebPage\",\"@id\":\"https:\\\/\\\/www.mylasertabac.com\\\/ca\\\/i-si-fos-gracies-al-laser-antitabaquisme-que-hi-ha-hagut-una-baixada-de-consum-en-els-darrers-anys\\\/\",\"url\":\"https:\\\/\\\/www.mylasertabac.com\\\/ca\\\/i-si-fos-gracies-al-laser-antitabaquisme-que-hi-ha-hagut-una-baixada-de-consum-en-els-darrers-anys\\\/\",\"name\":\"I si fos gr\u00e0cies al l\u00e0ser antitabaquisme que hi ha hagut una baixada de consum en els darrers anys? - My Laser Tabac\",\"isPartOf\":{\"@id\":\"https:\\\/\\\/www.mylasertabac.com\\\/ca\\\/#website\"},\"primaryImageOfPage\":{\"@id\":\"https:\\\/\\\/www.mylasertabac.com\\\/ca\\\/i-si-fos-gracies-al-laser-antitabaquisme-que-hi-ha-hagut-una-baixada-de-consum-en-els-darrers-anys\\\/#primaryimage\"},\"image\":{\"@id\":\"https:\\\/\\\/www.mylasertabac.com\\\/ca\\\/i-si-fos-gracies-al-laser-antitabaquisme-que-hi-ha-hagut-una-baixada-de-consum-en-els-darrers-anys\\\/#primaryimage\"},\"thumbnailUrl\":\"https:\\\/\\\/www.mylasertabac.com\\\/wp-content\\\/uploads\\\/2025\\\/05\\\/mp.png\",\"datePublished\":\"2025-05-31T05:46:19+00:00\",\"dateModified\":\"2025-05-31T05:46:35+00:00\",\"description\":\"Estem veient molts articles que expliquen que avui a Fran\u00e7a hi ha una baixada important del consum de tabac, us ho expliquem tot...\",\"breadcrumb\":{\"@id\":\"https:\\\/\\\/www.mylasertabac.com\\\/ca\\\/i-si-fos-gracies-al-laser-antitabaquisme-que-hi-ha-hagut-una-baixada-de-consum-en-els-darrers-anys\\\/#breadcrumb\"},\"inLanguage\":\"ca\",\"potentialAction\":[{\"@type\":\"ReadAction\",\"target\":[\"https:\\\/\\\/www.mylasertabac.com\\\/ca\\\/i-si-fos-gracies-al-laser-antitabaquisme-que-hi-ha-hagut-una-baixada-de-consum-en-els-darrers-anys\\\/\"]}]},{\"@type\":\"ImageObject\",\"inLanguage\":\"ca\",\"@id\":\"https:\\\/\\\/www.mylasertabac.com\\\/ca\\\/i-si-fos-gracies-al-laser-antitabaquisme-que-hi-ha-hagut-una-baixada-de-consum-en-els-darrers-anys\\\/#primaryimage\",\"url\":\"https:\\\/\\\/www.mylasertabac.com\\\/wp-content\\\/uploads\\\/2025\\\/05\\\/mp.png\",\"contentUrl\":\"https:\\\/\\\/www.mylasertabac.com\\\/wp-content\\\/uploads\\\/2025\\\/05\\\/mp.png\",\"width\":1536,\"height\":1024},{\"@type\":\"BreadcrumbList\",\"@id\":\"https:\\\/\\\/www.mylasertabac.com\\\/ca\\\/i-si-fos-gracies-al-laser-antitabaquisme-que-hi-ha-hagut-una-baixada-de-consum-en-els-darrers-anys\\\/#breadcrumb\",\"itemListElement\":[{\"@type\":\"ListItem\",\"position\":1,\"name\":\"Accueil\",\"item\":\"https:\\\/\\\/www.mylasertabac.com\\\/ca\\\/benvingut\\\/\"},{\"@type\":\"ListItem\",\"position\":2,\"name\":\"I si fos gr\u00e0cies al l\u00e0ser antitabaquisme que hi ha hagut una baixada de consum en els darrers anys?\"}]},{\"@type\":\"WebSite\",\"@id\":\"https:\\\/\\\/www.mylasertabac.com\\\/ca\\\/#website\",\"url\":\"https:\\\/\\\/www.mylasertabac.com\\\/ca\\\/\",\"name\":\"My Laser Tabac\",\"description\":\"La solution laser qui transforme les fumeurs en ex-fumeurs\",\"publisher\":{\"@id\":\"https:\\\/\\\/www.mylasertabac.com\\\/ca\\\/#organization\"},\"potentialAction\":[{\"@type\":\"SearchAction\",\"target\":{\"@type\":\"EntryPoint\",\"urlTemplate\":\"https:\\\/\\\/www.mylasertabac.com\\\/ca\\\/?s={search_term_string}\"},\"query-input\":{\"@type\":\"PropertyValueSpecification\",\"valueRequired\":true,\"valueName\":\"search_term_string\"}}],\"inLanguage\":\"ca\"},{\"@type\":\"Organization\",\"@id\":\"https:\\\/\\\/www.mylasertabac.com\\\/ca\\\/#organization\",\"name\":\"My Laser Tabac\",\"url\":\"https:\\\/\\\/www.mylasertabac.com\\\/ca\\\/\",\"logo\":{\"@type\":\"ImageObject\",\"inLanguage\":\"ca\",\"@id\":\"https:\\\/\\\/www.mylasertabac.com\\\/ca\\\/#\\\/schema\\\/logo\\\/image\\\/\",\"url\":\"https:\\\/\\\/www.mylasertabac.com\\\/wp-content\\\/uploads\\\/2024\\\/12\\\/mlt-verteau.svg\",\"contentUrl\":\"https:\\\/\\\/www.mylasertabac.com\\\/wp-content\\\/uploads\\\/2024\\\/12\\\/mlt-verteau.svg\",\"caption\":\"My Laser Tabac\"},\"image\":{\"@id\":\"https:\\\/\\\/www.mylasertabac.com\\\/ca\\\/#\\\/schema\\\/logo\\\/image\\\/\"}},{\"@type\":\"Person\",\"@id\":\"https:\\\/\\\/www.mylasertabac.com\\\/ca\\\/#\\\/schema\\\/person\\\/02c249cb76d912efb6c315ec23eccdf3\",\"name\":\"Florian Fortes\",\"image\":{\"@type\":\"ImageObject\",\"inLanguage\":\"ca\",\"@id\":\"https:\\\/\\\/www.mylasertabac.com\\\/wp-content\\\/litespeed\\\/avatar\\\/142101a71d7b9e6490c1120d9c109a67.jpg?ver=1776856306\",\"url\":\"https:\\\/\\\/www.mylasertabac.com\\\/wp-content\\\/litespeed\\\/avatar\\\/142101a71d7b9e6490c1120d9c109a67.jpg?ver=1776856306\",\"contentUrl\":\"https:\\\/\\\/www.mylasertabac.com\\\/wp-content\\\/litespeed\\\/avatar\\\/142101a71d7b9e6490c1120d9c109a67.jpg?ver=1776856306\",\"caption\":\"Florian Fortes\"},\"sameAs\":[\"https:\\\/\\\/www.mylasertabac.com\",\"https:\\\/\\\/www.facebook.com\\\/profile.php?id=61571554707319\"],\"url\":\"https:\\\/\\\/www.mylasertabac.com\\\/ca\\\/author\\\/florianfortes5312\\\/\"}]}<\/script>\n<!-- \/ Yoast SEO plugin. -->","yoast_head_json":{"title":"I si fos gr\u00e0cies al l\u00e0ser antitabaquisme que hi ha hagut una baixada de consum en els darrers anys? - My Laser Tabac","description":"Estem veient molts articles que expliquen que avui a Fran\u00e7a hi ha una baixada important del consum de tabac, us ho expliquem tot...","robots":{"index":"index","follow":"follow","max-snippet":"max-snippet:-1","max-image-preview":"max-image-preview:large","max-video-preview":"max-video-preview:-1"},"canonical":"https:\/\/www.mylasertabac.com\/ca\/i-si-fos-gracies-al-laser-antitabaquisme-que-hi-ha-hagut-una-baixada-de-consum-en-els-darrers-anys\/","og_locale":"ca_ES","og_type":"article","og_title":"I si fos gr\u00e0cies al l\u00e0ser antitabaquisme que hi ha hagut una baixada de consum en els darrers anys? - My Laser Tabac","og_description":"Estem veient molts articles que expliquen que avui a Fran\u00e7a hi ha una baixada important del consum de tabac, us ho expliquem tot...","og_url":"https:\/\/www.mylasertabac.com\/ca\/i-si-fos-gracies-al-laser-antitabaquisme-que-hi-ha-hagut-una-baixada-de-consum-en-els-darrers-anys\/","og_site_name":"My Laser Tabac","article_author":"https:\/\/www.facebook.com\/profile.php?id=61571554707319","article_published_time":"2025-05-31T05:46:19+00:00","article_modified_time":"2025-05-31T05:46:35+00:00","og_image":[{"width":1024,"height":683,"url":"https:\/\/www.mylasertabac.com\/wp-content\/uploads\/2025\/05\/mp-1024x683.png","type":"image\/png"}],"author":"Florian Fortes","twitter_card":"summary_large_image","twitter_misc":{"Escrit per":"Florian Fortes","Temps estimat de lectura":"6 minuts"},"schema":{"@context":"https:\/\/schema.org","@graph":[{"@type":"Article","@id":"https:\/\/www.mylasertabac.com\/ca\/i-si-fos-gracies-al-laser-antitabaquisme-que-hi-ha-hagut-una-baixada-de-consum-en-els-darrers-anys\/#article","isPartOf":{"@id":"https:\/\/www.mylasertabac.com\/ca\/i-si-fos-gracies-al-laser-antitabaquisme-que-hi-ha-hagut-una-baixada-de-consum-en-els-darrers-anys\/"},"author":{"name":"Florian Fortes","@id":"https:\/\/www.mylasertabac.com\/ca\/#\/schema\/person\/02c249cb76d912efb6c315ec23eccdf3"},"headline":"I si fos gr\u00e0cies al l\u00e0ser antitabaquisme que hi ha hagut una baixada de consum en els darrers anys?","datePublished":"2025-05-31T05:46:19+00:00","dateModified":"2025-05-31T05:46:35+00:00","mainEntityOfPage":{"@id":"https:\/\/www.mylasertabac.com\/ca\/i-si-fos-gracies-al-laser-antitabaquisme-que-hi-ha-hagut-una-baixada-de-consum-en-els-darrers-anys\/"},"wordCount":1142,"publisher":{"@id":"https:\/\/www.mylasertabac.com\/ca\/#organization"},"image":{"@id":"https:\/\/www.mylasertabac.com\/ca\/i-si-fos-gracies-al-laser-antitabaquisme-que-hi-ha-hagut-una-baixada-de-consum-en-els-darrers-anys\/#primaryimage"},"thumbnailUrl":"https:\/\/www.mylasertabac.com\/wp-content\/uploads\/2025\/05\/mp.png","articleSection":["Salut"],"inLanguage":"ca"},{"@type":"WebPage","@id":"https:\/\/www.mylasertabac.com\/ca\/i-si-fos-gracies-al-laser-antitabaquisme-que-hi-ha-hagut-una-baixada-de-consum-en-els-darrers-anys\/","url":"https:\/\/www.mylasertabac.com\/ca\/i-si-fos-gracies-al-laser-antitabaquisme-que-hi-ha-hagut-una-baixada-de-consum-en-els-darrers-anys\/","name":"I si fos gr\u00e0cies al l\u00e0ser antitabaquisme que hi ha hagut una baixada de consum en els darrers anys? - My Laser Tabac","isPartOf":{"@id":"https:\/\/www.mylasertabac.com\/ca\/#website"},"primaryImageOfPage":{"@id":"https:\/\/www.mylasertabac.com\/ca\/i-si-fos-gracies-al-laser-antitabaquisme-que-hi-ha-hagut-una-baixada-de-consum-en-els-darrers-anys\/#primaryimage"},"image":{"@id":"https:\/\/www.mylasertabac.com\/ca\/i-si-fos-gracies-al-laser-antitabaquisme-que-hi-ha-hagut-una-baixada-de-consum-en-els-darrers-anys\/#primaryimage"},"thumbnailUrl":"https:\/\/www.mylasertabac.com\/wp-content\/uploads\/2025\/05\/mp.png","datePublished":"2025-05-31T05:46:19+00:00","dateModified":"2025-05-31T05:46:35+00:00","description":"Estem veient molts articles que expliquen que avui a Fran\u00e7a hi ha una baixada important del consum de tabac, us ho expliquem tot...","breadcrumb":{"@id":"https:\/\/www.mylasertabac.com\/ca\/i-si-fos-gracies-al-laser-antitabaquisme-que-hi-ha-hagut-una-baixada-de-consum-en-els-darrers-anys\/#breadcrumb"},"inLanguage":"ca","potentialAction":[{"@type":"ReadAction","target":["https:\/\/www.mylasertabac.com\/ca\/i-si-fos-gracies-al-laser-antitabaquisme-que-hi-ha-hagut-una-baixada-de-consum-en-els-darrers-anys\/"]}]},{"@type":"ImageObject","inLanguage":"ca","@id":"https:\/\/www.mylasertabac.com\/ca\/i-si-fos-gracies-al-laser-antitabaquisme-que-hi-ha-hagut-una-baixada-de-consum-en-els-darrers-anys\/#primaryimage","url":"https:\/\/www.mylasertabac.com\/wp-content\/uploads\/2025\/05\/mp.png","contentUrl":"https:\/\/www.mylasertabac.com\/wp-content\/uploads\/2025\/05\/mp.png","width":1536,"height":1024},{"@type":"BreadcrumbList","@id":"https:\/\/www.mylasertabac.com\/ca\/i-si-fos-gracies-al-laser-antitabaquisme-que-hi-ha-hagut-una-baixada-de-consum-en-els-darrers-anys\/#breadcrumb","itemListElement":[{"@type":"ListItem","position":1,"name":"Accueil","item":"https:\/\/www.mylasertabac.com\/ca\/benvingut\/"},{"@type":"ListItem","position":2,"name":"I si fos gr\u00e0cies al l\u00e0ser antitabaquisme que hi ha hagut una baixada de consum en els darrers anys?"}]},{"@type":"WebSite","@id":"https:\/\/www.mylasertabac.com\/ca\/#website","url":"https:\/\/www.mylasertabac.com\/ca\/","name":"My Laser Tabac","description":"La solution laser qui transforme les fumeurs en ex-fumeurs","publisher":{"@id":"https:\/\/www.mylasertabac.com\/ca\/#organization"},"potentialAction":[{"@type":"SearchAction","target":{"@type":"EntryPoint","urlTemplate":"https:\/\/www.mylasertabac.com\/ca\/?s={search_term_string}"},"query-input":{"@type":"PropertyValueSpecification","valueRequired":true,"valueName":"search_term_string"}}],"inLanguage":"ca"},{"@type":"Organization","@id":"https:\/\/www.mylasertabac.com\/ca\/#organization","name":"My Laser Tabac","url":"https:\/\/www.mylasertabac.com\/ca\/","logo":{"@type":"ImageObject","inLanguage":"ca","@id":"https:\/\/www.mylasertabac.com\/ca\/#\/schema\/logo\/image\/","url":"https:\/\/www.mylasertabac.com\/wp-content\/uploads\/2024\/12\/mlt-verteau.svg","contentUrl":"https:\/\/www.mylasertabac.com\/wp-content\/uploads\/2024\/12\/mlt-verteau.svg","caption":"My Laser Tabac"},"image":{"@id":"https:\/\/www.mylasertabac.com\/ca\/#\/schema\/logo\/image\/"}},{"@type":"Person","@id":"https:\/\/www.mylasertabac.com\/ca\/#\/schema\/person\/02c249cb76d912efb6c315ec23eccdf3","name":"Florian Fortes","image":{"@type":"ImageObject","inLanguage":"ca","@id":"https:\/\/www.mylasertabac.com\/wp-content\/litespeed\/avatar\/142101a71d7b9e6490c1120d9c109a67.jpg?ver=1776856306","url":"https:\/\/www.mylasertabac.com\/wp-content\/litespeed\/avatar\/142101a71d7b9e6490c1120d9c109a67.jpg?ver=1776856306","contentUrl":"https:\/\/www.mylasertabac.com\/wp-content\/litespeed\/avatar\/142101a71d7b9e6490c1120d9c109a67.jpg?ver=1776856306","caption":"Florian Fortes"},"sameAs":["https:\/\/www.mylasertabac.com","https:\/\/www.facebook.com\/profile.php?id=61571554707319"],"url":"https:\/\/www.mylasertabac.com\/ca\/author\/florianfortes5312\/"}]}},"_links":{"self":[{"href":"https:\/\/www.mylasertabac.com\/ca\/wp-json\/wp\/v2\/posts\/8978","targetHints":{"allow":["GET"]}}],"collection":[{"href":"https:\/\/www.mylasertabac.com\/ca\/wp-json\/wp\/v2\/posts"}],"about":[{"href":"https:\/\/www.mylasertabac.com\/ca\/wp-json\/wp\/v2\/types\/post"}],"author":[{"embeddable":true,"href":"https:\/\/www.mylasertabac.com\/ca\/wp-json\/wp\/v2\/users\/2"}],"replies":[{"embeddable":true,"href":"https:\/\/www.mylasertabac.com\/ca\/wp-json\/wp\/v2\/comments?post=8978"}],"version-history":[{"count":1,"href":"https:\/\/www.mylasertabac.com\/ca\/wp-json\/wp\/v2\/posts\/8978\/revisions"}],"predecessor-version":[{"id":8979,"href":"https:\/\/www.mylasertabac.com\/ca\/wp-json\/wp\/v2\/posts\/8978\/revisions\/8979"}],"wp:featuredmedia":[{"embeddable":true,"href":"https:\/\/www.mylasertabac.com\/ca\/wp-json\/wp\/v2\/media\/8940"}],"wp:attachment":[{"href":"https:\/\/www.mylasertabac.com\/ca\/wp-json\/wp\/v2\/media?parent=8978"}],"wp:term":[{"taxonomy":"category","embeddable":true,"href":"https:\/\/www.mylasertabac.com\/ca\/wp-json\/wp\/v2\/categories?post=8978"},{"taxonomy":"post_tag","embeddable":true,"href":"https:\/\/www.mylasertabac.com\/ca\/wp-json\/wp\/v2\/tags?post=8978"}],"curies":[{"name":"wp","href":"https:\/\/api.w.org\/{rel}","templated":true}]}}