{"id":9037,"date":"2025-06-02T12:35:49","date_gmt":"2025-06-02T10:35:49","guid":{"rendered":"https:\/\/www.mylasertabac.com\/mylasertabac-franquicia-numero-1-el-2025-canvia-la-teva-vida-i-converteix-te-en-el-teu-propi-cap-en-benestar-2\/"},"modified":"2025-06-02T12:36:47","modified_gmt":"2025-06-02T10:36:47","slug":"mylasertabac-franquicia-numero-1-el-2025-canvia-la-teva-vida-i-converteix-te-en-el-teu-propi-cap-en-benestar-2","status":"publish","type":"post","link":"https:\/\/www.mylasertabac.com\/ca\/mylasertabac-franquicia-numero-1-el-2025-canvia-la-teva-vida-i-converteix-te-en-el-teu-propi-cap-en-benestar-2\/","title":{"rendered":"MyLaserTabac, franqu\u00edcia n\u00famero 1 el 2025: canvia la teva vida i converteix-te en el teu propi cap en benestar"},"content":{"rendered":"\n<div style=\"height:21px\" aria-hidden=\"true\" class=\"wp-block-spacer\"><\/div>\n\n<p>El fam\u00f3s lloc web <a href=\"https:\/\/www.droiteconomique.org\/franchise-rentable-2025\/\"><strong>https:\/\/www.droiteconomique.org<\/strong><\/a> acaba de publicar el seu r\u00e0nquing de <strong>les franqu\u00edcies m\u00e9s rendibles del 2025<\/strong> . I al capdamunt d&#8217;aquesta llista, tots els sectors combinats, hi ha <strong>MyLaserTabac<\/strong> : una xarxa especialitzada en <strong>el tractament d&#8217;addiccions mitjan\u00e7ant l\u00e0sers terap\u00e8utics<\/strong> . Per davant d&#8217;EatSalad, FitnessPark o Cyclofix, \u00e9s el nostre concepte el que sedueix, conven\u00e7 i sobretot <strong>transforma la vida dels nostres franquiciats<\/strong> .  <\/p>\n\n<p>Si busques un <strong>nou comen\u00e7ament professional<\/strong> , uns <strong>ingressos c\u00f2modes<\/strong> i un <strong>projecte \u00fatil i gratificant<\/strong> , aquest article \u00e9s per a tu.<\/p>\n\n<div style=\"height:37px\" aria-hidden=\"true\" class=\"wp-block-spacer\"><\/div>\n\n<figure class=\"wp-block-image alignright size-large is-resized\"><img fetchpriority=\"high\" decoding=\"async\" width=\"1024\" height=\"662\" src=\"https:\/\/www.mylasertabac.com\/wp-content\/uploads\/2025\/04\/vitrine-1024x662.jpg\" alt=\"\" class=\"wp-image-7466\" style=\"width:452px;height:auto\" srcset=\"https:\/\/www.mylasertabac.com\/wp-content\/uploads\/2025\/04\/vitrine-1024x662.jpg 1024w, https:\/\/www.mylasertabac.com\/wp-content\/uploads\/2025\/04\/vitrine-300x194.jpg 300w, https:\/\/www.mylasertabac.com\/wp-content\/uploads\/2025\/04\/vitrine-768x496.jpg 768w, https:\/\/www.mylasertabac.com\/wp-content\/uploads\/2025\/04\/vitrine.jpg 1179w\" sizes=\"(max-width: 1024px) 100vw, 1024px\" \/><\/figure>\n\n<h2 class=\"wp-block-heading\">\ud83c\udfaf Fes-te franquiciat de MyLaserTabac: una oportunitat professional \u00fanica<\/h2>\n\n<p>Imagina&#8217;t una feina on ets <strong>el teu propi cap<\/strong> , on <strong>ajudes a la gent a canviar les seves vides<\/strong> , on <strong>treballes al teu propi ritme<\/strong> , sense pressi\u00f3, <strong>sense estoc, sense empleats<\/strong> &#8230; i on pots generar <strong>fins a 8.000 \u20ac a 12.000 \u20ac de facturaci\u00f3 al mes<\/strong> des del primer any. Aix\u00f2 \u00e9s exactament el que ofereix MyLaserTabac. <\/p>\n\n<p><strong>Unir-se a la nostra xarxa<\/strong> significa formar part d&#8217;un model de franqu\u00edcia <strong>ultrarendible, clau en m\u00e0 i humanament gratificant<\/strong> .<\/p>\n\n<div style=\"height:58px\" aria-hidden=\"true\" class=\"wp-block-spacer\"><\/div>\n\n<figure class=\"wp-block-image alignleft size-full is-resized\"><img decoding=\"async\" width=\"750\" height=\"500\" src=\"https:\/\/www.mylasertabac.com\/wp-content\/uploads\/2025\/02\/Mylasertabac-soccupe-de-toute-la-communication.png\" alt=\"\" class=\"wp-image-4258\" style=\"width:422px;height:auto\" srcset=\"https:\/\/www.mylasertabac.com\/wp-content\/uploads\/2025\/02\/Mylasertabac-soccupe-de-toute-la-communication.png 750w, https:\/\/www.mylasertabac.com\/wp-content\/uploads\/2025\/02\/Mylasertabac-soccupe-de-toute-la-communication-300x200.png 300w\" sizes=\"(max-width: 750px) 100vw, 750px\" \/><\/figure>\n\n<h2 class=\"wp-block-heading\">\ud83d\udca1 Una inversi\u00f3 baixa per a una alta rendibilitat<\/h2>\n\n<p>A difer\u00e8ncia de la majoria de franqu\u00edcies tradicionals que requereixen <strong>fortes inversions (entre 80.000 \u20ac i 200.000 \u20ac)<\/strong> , <a href=\"https:\/\/www.mylasertabac.com\/ca\/\">MyLaserTabac<\/a> ha dissenyat un model <strong>accessible per a tothom<\/strong> : amb <strong>menys de 13.000 \u20ac<\/strong> , podeu llan\u00e7ar el vostre negoci i estar operatiu en poques setmanes.<\/p>\n\n<p><\/p>\n\n<p><\/p>\n\n<p><\/p>\n\n<div style=\"height:36px\" aria-hidden=\"true\" class=\"wp-block-spacer\"><\/div>\n\n<p>Aquest baix cost d&#8217;entrada inclou:<\/p>\n\n<ul class=\"wp-block-list\">\n<li>Acc\u00e9s a la nostra formaci\u00f3 <strong>certificada<\/strong> <a href=\"https:\/\/www.mylasertabac.com\/ca\/informacio\/formacio-laser-antitabac-i-addiccio\/\"><strong>en auriculoter\u00e0pia<\/strong><\/a> l\u00e0ser<\/li>\n\n\n\n<li><strong>Equipament professional (l\u00e0ser terap\u00e8utic d&#8217;alta gamma)<\/strong><\/li>\n\n\n\n<li>Mobles (taula de massatge, parquet de PVC, escriptori, cadira, decoraci\u00f3 de parets)<\/li>\n\n\n\n<li><strong>Comunicaci\u00f3 digital completa<\/strong><\/li>\n\n\n\n<li>Un <strong>lloc web personalitzat i optimitzat per a SEO<\/strong><\/li>\n\n\n\n<li><strong>Suport estrat\u00e8gic continu<\/strong><\/li>\n<\/ul>\n\n<p>La teva \u00fanica missi\u00f3? <strong>Donar la benvinguda als clients i gestionar la seva agenda<\/strong> . De tota la resta s&#8217;encarrega el nostre equip. <\/p>\n\n<div style=\"height:38px\" aria-hidden=\"true\" class=\"wp-block-spacer\"><\/div>\n\n<hr class=\"wp-block-separator has-alpha-channel-opacity\"\/>\n\n<figure class=\"wp-block-image alignleft size-large is-resized\"><img decoding=\"async\" width=\"1024\" height=\"683\" src=\"https:\/\/www.mylasertabac.com\/wp-content\/uploads\/2025\/04\/reseau-1024x683.png\" alt=\"\" class=\"wp-image-7233\" style=\"width:432px;height:auto\" srcset=\"https:\/\/www.mylasertabac.com\/wp-content\/uploads\/2025\/04\/reseau-1024x683.png 1024w, https:\/\/www.mylasertabac.com\/wp-content\/uploads\/2025\/04\/reseau-300x200.png 300w, https:\/\/www.mylasertabac.com\/wp-content\/uploads\/2025\/04\/reseau-768x512.png 768w, https:\/\/www.mylasertabac.com\/wp-content\/uploads\/2025\/04\/reseau.png 1536w\" sizes=\"(max-width: 1024px) 100vw, 1024px\" \/><\/figure>\n\n<h2 class=\"wp-block-heading\">\ud83d\udd04 Un canvi professional que t\u00e9 sentit<\/h2>\n\n<p>Ets empleat\/da i busques m\u00e9s llibertat? Busques un canvi professional significatiu sense comen\u00e7ar de zero? MyLaserTabac et d\u00f3na <strong>l \u201coportunitat de canviar la teva vida<\/strong> , sense els riscos tradicionals de l\u201d emprenedoria.  <\/p>\n\n<blockquote class=\"wp-block-quote is-layout-flow wp-block-quote-is-layout-flow\">\n<p>\u201cTreballava en el comer\u00e7 minorista des de feia 15 anys. Em vaig incorporar a MyLaserTabac fa un any. Avui s\u00f3c lliure, em guanyo la vida millor i faig el b\u00e9 al meu voltant.\u201d<br\/> \u2014 Nathalie, franquiciada a Montpellier<\/p>\n<\/blockquote>\n\n<p><\/p>\n\n<div style=\"height:39px\" aria-hidden=\"true\" class=\"wp-block-spacer\"><\/div>\n\n<p>No contractem metges <strong>ni terapeutes<\/strong> . Nom\u00e9s cal estar motivat, saber escoltar i voler ajudar els altres. <strong>La nostra <a href=\"https:\/\/www.mylasertabac.com\/ca\/informacio\/formacio-laser-antitabac-i-addiccio\/\">formaci\u00f3 l\u00e0ser antitabac i antiaddicci\u00f3<\/a> et proporciona totes les habilitats necess\u00e0ries<\/strong> , independentment de la teva formaci\u00f3 inicial. <\/p>\n\n<div style=\"height:29px\" aria-hidden=\"true\" class=\"wp-block-spacer\"><\/div>\n\n<hr class=\"wp-block-separator has-alpha-channel-opacity\"\/>\n\n<h2 class=\"wp-block-heading\">\ud83e\udde0 Un m\u00e8tode natural per donar suport a totes les addiccions<\/h2>\n\n<div style=\"height:26px\" aria-hidden=\"true\" class=\"wp-block-spacer\"><\/div>\n\n<p>La nostra franqu\u00edcia es basa en una tecnologia suau i no invasiva: <strong>el l\u00e0ser d \u201corella<\/strong> . Aquest m\u00e8tode estimula punts reflexos espec\u00edfics a l\u201d orella per <strong>reduir els desitjos, la tensi\u00f3 i les compulsions<\/strong> . Resultat: milers de clients satisfets.  <\/p>\n\n<p>Els nostres franquiciats donen suport als clients en:<\/p>\n\n<ul class=\"wp-block-list\">\n<li><strong>Deixar de fumar<\/strong><\/li>\n\n\n\n<li><strong>Addicci\u00f3 al sucre<\/strong><\/li>\n\n\n\n<li><strong>Addicci\u00f3 a l&#8217;alcohol<\/strong><\/li>\n\n\n\n<li><strong>C\u00e0nnabis<\/strong><\/li>\n\n\n\n<li><strong>Estr\u00e8s cr\u00f2nic<\/strong><\/li>\n<\/ul>\n\n<p>Et converteixes en un <strong>actor del benestar<\/strong> , sense medicaci\u00f3, sense productes qu\u00edmics, amb resultats visibles des de la primera sessi\u00f3.<\/p>\n\n<div style=\"height:32px\" aria-hidden=\"true\" class=\"wp-block-spacer\"><\/div>\n\n<hr class=\"wp-block-separator has-alpha-channel-opacity\"\/>\n\n<h2 class=\"wp-block-heading\">\ud83d\udcc8 Suport de m\u00e0rqueting de 360\u00b0: no t&#8217;has de preocupar de res<\/h2>\n\n<div style=\"height:35px\" aria-hidden=\"true\" class=\"wp-block-spacer\"><\/div>\n\n<p>A MyLaserTabac, hem <strong>professionalitzat tots els aspectes de la comunicaci\u00f3<\/strong> perqu\u00e8 puguis centrar-te <strong>\u00fanicament en els teus clients<\/strong> .<\/p>\n\n<p>Gestionem:<\/p>\n\n<ul class=\"wp-block-list\">\n<li><strong>SEO local<\/strong> i contingut optimitzat per a Google<\/li>\n\n\n\n<li>Campanyes publicit\u00e0ries a <strong>Google Ads, Facebook Ads, TikTok Ads<\/strong><\/li>\n\n\n\n<li>Visibilitat <strong>a Instagram, YouTube i LinkedIn<\/strong><\/li>\n\n\n\n<li>Creaci\u00f3 de <strong>v\u00eddeos virals<\/strong> , testimonis de clients i not\u00edcies per generar tr\u00e0nsit<\/li>\n<\/ul>\n\n<h3 class=\"wp-block-heading\">Exemple d&#8217;un v\u00eddeo que pot crear expectaci\u00f3 amb humor:  <\/h3>\n\n<div style=\"height:35px\" aria-hidden=\"true\" class=\"wp-block-spacer\"><\/div>\n\n<figure class=\"wp-block-embed is-type-video is-provider-youtube wp-block-embed-youtube wp-embed-aspect-16-9 wp-has-aspect-ratio\"><div class=\"wp-block-embed__wrapper\">\n<iframe title=\"Tu veux arr\u00eater de fumer gr\u00e2ce au Laser de Star Wars ? #tabac #sant\u00e9 #arr\u00eatdutabac #sevragetabagique\" width=\"800\" height=\"450\" src=\"https:\/\/www.youtube.com\/embed\/POa3Whfz2bo?feature=oembed\" frameborder=\"0\" allow=\"accelerometer; autoplay; clipboard-write; encrypted-media; gyroscope; picture-in-picture; web-share\" referrerpolicy=\"strict-origin-when-cross-origin\" allowfullscreen><\/iframe>\n<\/div><\/figure>\n\n<div style=\"height:35px\" aria-hidden=\"true\" class=\"wp-block-spacer\"><\/div>\n\n<p>V\u00eddeo de la franqu\u00edcia Mylasertabac:  <\/p>\n\n<figure class=\"wp-block-embed is-type-video is-provider-youtube wp-block-embed-youtube wp-embed-aspect-16-9 wp-has-aspect-ratio\"><div class=\"wp-block-embed__wrapper\">\n<iframe title=\"\u2705Nous recherchons de nouveau soldat pour combattre les addictions #tabac  #Mylasertabac #franchise\" width=\"800\" height=\"450\" src=\"https:\/\/www.youtube.com\/embed\/9F6KNO6GtkI?feature=oembed\" frameborder=\"0\" allow=\"accelerometer; autoplay; clipboard-write; encrypted-media; gyroscope; picture-in-picture; web-share\" referrerpolicy=\"strict-origin-when-cross-origin\" allowfullscreen><\/iframe>\n<\/div><\/figure>\n\n<div style=\"height:35px\" aria-hidden=\"true\" class=\"wp-block-spacer\"><\/div>\n\n<figure class=\"wp-block-embed is-type-video is-provider-youtube wp-block-embed-youtube wp-embed-aspect-16-9 wp-has-aspect-ratio\"><div class=\"wp-block-embed__wrapper\">\n<iframe title=\"Je suis all\u00e9 courir et j\u2019ai vu J\u00e9sus \ud83d\udeac #tabac #humour #sant\u00e9 #arr\u00eatdutabac\" width=\"800\" height=\"450\" src=\"https:\/\/www.youtube.com\/embed\/7X2TefZoTDg?feature=oembed\" frameborder=\"0\" allow=\"accelerometer; autoplay; clipboard-write; encrypted-media; gyroscope; picture-in-picture; web-share\" referrerpolicy=\"strict-origin-when-cross-origin\" allowfullscreen><\/iframe>\n<\/div><\/figure>\n\n<div style=\"height:32px\" aria-hidden=\"true\" class=\"wp-block-spacer\"><\/div>\n\n<p>Resultat: <strong>sol\u00b7licituds de cites regulars<\/strong> , sense que hagis de fer cap prospecci\u00f3.<\/p>\n\n<div style=\"height:32px\" aria-hidden=\"true\" class=\"wp-block-spacer\"><\/div>\n\n<blockquote class=\"wp-block-quote is-layout-flow wp-block-quote-is-layout-flow\">\n<figure class=\"wp-block-image alignleft size-large is-resized\"><img loading=\"lazy\" decoding=\"async\" width=\"673\" height=\"1024\" src=\"https:\/\/www.mylasertabac.com\/wp-content\/uploads\/2025\/05\/aix-673x1024.jpeg\" alt=\"\" class=\"wp-image-8133\" style=\"width:197px;height:auto\" srcset=\"https:\/\/www.mylasertabac.com\/wp-content\/uploads\/2025\/05\/aix-673x1024.jpeg 673w, https:\/\/www.mylasertabac.com\/wp-content\/uploads\/2025\/05\/aix-197x300.jpeg 197w, https:\/\/www.mylasertabac.com\/wp-content\/uploads\/2025\/05\/aix.jpeg 724w\" sizes=\"(max-width: 673px) 100vw, 673px\" \/><\/figure>\n\n\n\n<p>\u201cMai he hagut de buscar els meus clients. Tot ho gestiona la seu central. Nom\u00e9s he de consultar la meva agenda i reunir-me amb els meus clients.\u201d<br\/> \u2014 Lionel, franquiciat a Dijon<\/p>\n<\/blockquote>\n\n<p><\/p>\n\n<p><\/p>\n\n<p><\/p>\n\n<p><\/p>\n\n<p><\/p>\n\n<div style=\"height:32px\" aria-hidden=\"true\" class=\"wp-block-spacer\"><\/div>\n\n<h2 class=\"wp-block-heading\">\ud83d\udcbc Una professi\u00f3 humana, \u00fatil i gratificant<\/h2>\n\n<div style=\"height:38px\" aria-hidden=\"true\" class=\"wp-block-spacer\"><\/div>\n\n<p>M\u00e9s que un negoci, <strong>MyLaserTabac \u00e9s una missi\u00f3<\/strong> . Els nostres franquiciats estan orgullosos de la seva feina perqu\u00e8 contribueixen a transformacions profundes: ajudar alg\u00fa a deixar de fumar, reduir el seu estr\u00e8s o superar una addicci\u00f3 li canvia la vida. <\/p>\n\n<p>Treballes en <strong>un ambient tranquil<\/strong> , al teu ritme, sense pressi\u00f3, amb clients agra\u00efts. Una sessi\u00f3 dura una mitjana de 45 minuts i pots organitzar els teus dies com vulguis. <\/p>\n\n<div style=\"height:38px\" aria-hidden=\"true\" class=\"wp-block-spacer\"><\/div>\n\n<p class=\"has-cyan-bluish-gray-background-color has-background\"><mark style=\"background-color:rgba(0, 0, 0, 0)\" class=\"has-inline-color has-luminous-vivid-orange-color\">Aquest article et pot interessar:<\/mark> <a href=\"https:\/\/www.mylasertabac.com\/ca\/informacio\/formacio-laser-antitabac-i-addiccio\/\">Per qu\u00e8 convertir-te en franquiciat de Mylasertabac i obrir el teu propi centre?<\/a><\/p>\n\n<div style=\"height:36px\" aria-hidden=\"true\" class=\"wp-block-spacer\"><\/div>\n\n<p><\/p>\n\n<figure class=\"wp-block-image alignright size-large is-resized\"><img decoding=\"async\" src=\"https:\/\/www.mylasertabac.com\/wp-content\/uploads\/\/mlt-verteau.svg\" alt=\"\" class=\"wp-image-13\" style=\"width:349px;height:auto\"\/><\/figure>\n\n<h2 class=\"wp-block-heading\">\ud83d\udd10 Una xarxa de suport i din\u00e0mica<\/h2>\n\n<p>Unint-te a la nostra franqu\u00edcia, mai estar\u00e0s sol. T \u201cuneixes a una <strong>xarxa d\u201d emprenedors apassionats<\/strong> amb: <\/p>\n\n<ul class=\"wp-block-list\">\n<li><strong>Grups d&#8217;intercanvi en l\u00ednia<\/strong><\/li>\n\n\n\n<li><strong><a href=\"https:\/\/www.mylasertabac.com\/ca\/informacio\/formacio-laser-antitabac-i-addiccio\/\">Formaci\u00f3 cont\u00ednua en el camp de la reflexologia auricular<\/a><\/strong><\/li>\n\n\n\n<li><strong>Esdeveniments anuals<\/strong><\/li>\n\n\n\n<li><strong>Suport t\u00e8cnic i de m\u00e0rqueting diari<\/strong><\/li>\n<\/ul>\n\n<p>El nostre objectiu? Que <strong>cada franquiciat tingui \u00e8xit<\/strong> r\u00e0pidament, amb una rendibilitat estable i sostenible. <\/p>\n\n<div style=\"height:49px\" aria-hidden=\"true\" class=\"wp-block-spacer\"><\/div>\n\n<hr class=\"wp-block-separator has-alpha-channel-opacity\"\/>\n\n<figure class=\"wp-block-image alignleft size-full is-resized\"><img loading=\"lazy\" decoding=\"async\" width=\"980\" height=\"980\" src=\"https:\/\/www.mylasertabac.com\/wp-content\/uploads\/2025\/05\/france.jpg\" alt=\"\" class=\"wp-image-8395\" style=\"width:364px;height:auto\" srcset=\"https:\/\/www.mylasertabac.com\/wp-content\/uploads\/2025\/05\/france.jpg 980w, https:\/\/www.mylasertabac.com\/wp-content\/uploads\/2025\/05\/france-300x300.jpg 300w, https:\/\/www.mylasertabac.com\/wp-content\/uploads\/2025\/05\/france-150x150.jpg 150w, https:\/\/www.mylasertabac.com\/wp-content\/uploads\/2025\/05\/france-768x768.jpg 768w\" sizes=\"(max-width: 980px) 100vw, 980px\" \/><\/figure>\n\n<h2 class=\"wp-block-heading\">\ud83d\udccd Encara hi ha zones disponibles<\/h2>\n\n<p>Davant la creixent demanda, estem desenvolupant activament la nostra xarxa a tot Fran\u00e7a. Les seg\u00fcents regions s\u00f3n <strong>priorit\u00e0ries<\/strong> : <\/p>\n\n<ul class=\"wp-block-list\">\n<li>Bretanya<\/li>\n\n\n\n<li>Gran Est<\/li>\n\n\n\n<li>Alv\u00e8rnia-Roine-Alps<\/li>\n\n\n\n<li>Nova Aquit\u00e0nia<\/li>\n\n\n\n<li>Occit\u00e0nia<\/li>\n\n\n\n<li>Illa de Fran\u00e7a<\/li>\n<\/ul>\n\n<p>Poseu-vos en contacte amb nosaltres al 0778698366 per obtenir m\u00e9s informaci\u00f3.<\/p>\n\n<div style=\"height:49px\" aria-hidden=\"true\" class=\"wp-block-spacer\"><\/div>\n\n<hr class=\"wp-block-separator has-alpha-channel-opacity\"\/>\n\n<h2 class=\"wp-block-heading\">\ud83c\udfc6 Per qu\u00e8 MyLaserTabac \u00e9s la franqu\u00edcia n\u00famero 1 del 2025?<\/h2>\n\n<div style=\"height:38px\" aria-hidden=\"true\" class=\"wp-block-spacer\"><\/div>\n\n<p>\u2714\ufe0f Baixa inversi\u00f3, r\u00e0pid retorn de la inversi\u00f3<br\/> \u2714\ufe0f Sense estoc, sense empleats per gestionar<br\/> \u2714\ufe0f Demanda massiva (m\u00e9s de 12 milions de fumadors a Fran\u00e7a)<br\/> \u2714\ufe0f Una resposta innovadora a les addiccions modernes<br\/> \u2714\ufe0f Formaci\u00f3 completa, suport clau en m\u00e0<br\/> \u2714\ufe0f Comunicaci\u00f3 100% professional amb suport<br\/> \u2714\ufe0f Una activitat humana flexible i gratificant<br\/> \u2714\ufe0f Una xarxa reconeguda, destacada per <strong>https:\/\/www.droiteconomique.org<\/strong> <\/p>\n\n<div style=\"height:38px\" aria-hidden=\"true\" class=\"wp-block-spacer\"><\/div>\n\n<hr class=\"wp-block-separator has-alpha-channel-opacity\"\/>\n\n<h2 class=\"wp-block-heading\">\ud83d\ude80 I si fos ara?<\/h2>\n\n<div style=\"height:38px\" aria-hidden=\"true\" class=\"wp-block-spacer\"><\/div>\n\n<p>Canviar la teva vida no requereix anys de preparaci\u00f3. Amb MyLaserTabac, <strong>pots comen\u00e7ar r\u00e0pidament<\/strong> , sense risc, amb un <strong>model rendible i provat, recolzat per un equip s\u00f2lid<\/strong> . <\/p>\n\n<p>Descobreix el r\u00e0nquing complet a droiteeconomique.org i contacta amb nosaltres per rebre el nostre paquet d&#8217;informaci\u00f3.<\/p>\n\n<p><strong>MyLaserTabac: la teva nova vida comen\u00e7a aqu\u00ed.<\/strong><\/p>\n\n<div style=\"height:38px\" aria-hidden=\"true\" class=\"wp-block-spacer\"><\/div>\n","protected":false},"excerpt":{"rendered":"<p>El fam\u00f3s lloc web https:\/\/www.droiteconomique.org acaba de publicar el seu r\u00e0nquing de les franqu\u00edcies m\u00e9s rendibles del 2025 . I al capdamunt d&#8217;aquesta llista, tots els sectors combinats, hi ha MyLaserTabac : una xarxa especialitzada en el tractament d&#8217;addiccions mitjan\u00e7ant l\u00e0sers terap\u00e8utics . Per davant d&#8217;EatSalad, FitnessPark o Cyclofix, \u00e9s el nostre concepte el que [&hellip;]<\/p>\n","protected":false},"author":2,"featured_media":8635,"comment_status":"closed","ping_status":"open","sticky":false,"template":"","format":"standard","meta":{"inline_featured_image":false,"footnotes":""},"categories":[82],"tags":[],"class_list":["post-9037","post","type-post","status-publish","format-standard","has-post-thumbnail","hentry","category-uncategorized-ca"],"yoast_head":"<!-- This site is optimized with the Yoast SEO plugin v27.4 - https:\/\/yoast.com\/product\/yoast-seo-wordpress\/ -->\n<title>MyLaserTabac, franqu\u00edcia n\u00famero 1 el 2025: canvia la teva vida i converteix-te en el teu propi cap en benestar - My Laser Tabac<\/title>\n<meta name=\"description\" content=\"Mylasertabac, l\u00edder en el camp de la reflexologia auricular per tractar moltes addiccions, va ser votada com la franqu\u00edcia n\u00famero 1.\" \/>\n<meta name=\"robots\" content=\"index, follow, max-snippet:-1, max-image-preview:large, max-video-preview:-1\" \/>\n<link rel=\"canonical\" href=\"https:\/\/www.mylasertabac.com\/ca\/mylasertabac-franquicia-numero-1-el-2025-canvia-la-teva-vida-i-converteix-te-en-el-teu-propi-cap-en-benestar-2\/\" \/>\n<meta property=\"og:locale\" content=\"ca_ES\" \/>\n<meta property=\"og:type\" content=\"article\" \/>\n<meta property=\"og:title\" content=\"MyLaserTabac, franqu\u00edcia n\u00famero 1 el 2025: canvia la teva vida i converteix-te en el teu propi cap en benestar - My Laser Tabac\" \/>\n<meta property=\"og:description\" content=\"Mylasertabac, l\u00edder en el camp de la reflexologia auricular per tractar moltes addiccions, va ser votada com la franqu\u00edcia n\u00famero 1.\" \/>\n<meta property=\"og:url\" content=\"https:\/\/www.mylasertabac.com\/ca\/mylasertabac-franquicia-numero-1-el-2025-canvia-la-teva-vida-i-converteix-te-en-el-teu-propi-cap-en-benestar-2\/\" \/>\n<meta property=\"og:site_name\" content=\"My Laser Tabac\" \/>\n<meta property=\"article:author\" content=\"https:\/\/www.facebook.com\/profile.php?id=61571554707319\" \/>\n<meta property=\"article:published_time\" content=\"2025-06-02T10:35:49+00:00\" \/>\n<meta property=\"article:modified_time\" content=\"2025-06-02T10:36:47+00:00\" \/>\n<meta property=\"og:image\" content=\"https:\/\/www.mylasertabac.com\/wp-content\/uploads\/2025\/05\/g.png\" \/>\n\t<meta property=\"og:image:width\" content=\"1536\" \/>\n\t<meta property=\"og:image:height\" content=\"1024\" \/>\n\t<meta property=\"og:image:type\" content=\"image\/png\" \/>\n<meta name=\"author\" content=\"Florian Fortes\" \/>\n<meta name=\"twitter:card\" content=\"summary_large_image\" \/>\n<meta name=\"twitter:label1\" content=\"Escrit per\" \/>\n\t<meta name=\"twitter:data1\" content=\"Florian Fortes\" \/>\n\t<meta name=\"twitter:label2\" content=\"Temps estimat de lectura\" \/>\n\t<meta name=\"twitter:data2\" content=\"5 minuts\" \/>\n<script type=\"application\/ld+json\" class=\"yoast-schema-graph\">{\"@context\":\"https:\\\/\\\/schema.org\",\"@graph\":[{\"@type\":\"Article\",\"@id\":\"https:\\\/\\\/www.mylasertabac.com\\\/ca\\\/mylasertabac-franquicia-numero-1-el-2025-canvia-la-teva-vida-i-converteix-te-en-el-teu-propi-cap-en-benestar-2\\\/#article\",\"isPartOf\":{\"@id\":\"https:\\\/\\\/www.mylasertabac.com\\\/ca\\\/mylasertabac-franquicia-numero-1-el-2025-canvia-la-teva-vida-i-converteix-te-en-el-teu-propi-cap-en-benestar-2\\\/\"},\"author\":{\"name\":\"Florian Fortes\",\"@id\":\"https:\\\/\\\/www.mylasertabac.com\\\/ca\\\/#\\\/schema\\\/person\\\/02c249cb76d912efb6c315ec23eccdf3\"},\"headline\":\"MyLaserTabac, franqu\u00edcia n\u00famero 1 el 2025: canvia la teva vida i converteix-te en el teu propi cap en benestar\",\"datePublished\":\"2025-06-02T10:35:49+00:00\",\"dateModified\":\"2025-06-02T10:36:47+00:00\",\"mainEntityOfPage\":{\"@id\":\"https:\\\/\\\/www.mylasertabac.com\\\/ca\\\/mylasertabac-franquicia-numero-1-el-2025-canvia-la-teva-vida-i-converteix-te-en-el-teu-propi-cap-en-benestar-2\\\/\"},\"wordCount\":1051,\"publisher\":{\"@id\":\"https:\\\/\\\/www.mylasertabac.com\\\/ca\\\/#organization\"},\"image\":{\"@id\":\"https:\\\/\\\/www.mylasertabac.com\\\/ca\\\/mylasertabac-franquicia-numero-1-el-2025-canvia-la-teva-vida-i-converteix-te-en-el-teu-propi-cap-en-benestar-2\\\/#primaryimage\"},\"thumbnailUrl\":\"https:\\\/\\\/www.mylasertabac.com\\\/wp-content\\\/uploads\\\/2025\\\/05\\\/g.png\",\"articleSection\":[\"Uncategorized @ca\"],\"inLanguage\":\"ca\"},{\"@type\":\"WebPage\",\"@id\":\"https:\\\/\\\/www.mylasertabac.com\\\/ca\\\/mylasertabac-franquicia-numero-1-el-2025-canvia-la-teva-vida-i-converteix-te-en-el-teu-propi-cap-en-benestar-2\\\/\",\"url\":\"https:\\\/\\\/www.mylasertabac.com\\\/ca\\\/mylasertabac-franquicia-numero-1-el-2025-canvia-la-teva-vida-i-converteix-te-en-el-teu-propi-cap-en-benestar-2\\\/\",\"name\":\"MyLaserTabac, franqu\u00edcia n\u00famero 1 el 2025: canvia la teva vida i converteix-te en el teu propi cap en benestar - My Laser Tabac\",\"isPartOf\":{\"@id\":\"https:\\\/\\\/www.mylasertabac.com\\\/ca\\\/#website\"},\"primaryImageOfPage\":{\"@id\":\"https:\\\/\\\/www.mylasertabac.com\\\/ca\\\/mylasertabac-franquicia-numero-1-el-2025-canvia-la-teva-vida-i-converteix-te-en-el-teu-propi-cap-en-benestar-2\\\/#primaryimage\"},\"image\":{\"@id\":\"https:\\\/\\\/www.mylasertabac.com\\\/ca\\\/mylasertabac-franquicia-numero-1-el-2025-canvia-la-teva-vida-i-converteix-te-en-el-teu-propi-cap-en-benestar-2\\\/#primaryimage\"},\"thumbnailUrl\":\"https:\\\/\\\/www.mylasertabac.com\\\/wp-content\\\/uploads\\\/2025\\\/05\\\/g.png\",\"datePublished\":\"2025-06-02T10:35:49+00:00\",\"dateModified\":\"2025-06-02T10:36:47+00:00\",\"description\":\"Mylasertabac, l\u00edder en el camp de la reflexologia auricular per tractar moltes addiccions, va ser votada com la franqu\u00edcia n\u00famero 1.\",\"breadcrumb\":{\"@id\":\"https:\\\/\\\/www.mylasertabac.com\\\/ca\\\/mylasertabac-franquicia-numero-1-el-2025-canvia-la-teva-vida-i-converteix-te-en-el-teu-propi-cap-en-benestar-2\\\/#breadcrumb\"},\"inLanguage\":\"ca\",\"potentialAction\":[{\"@type\":\"ReadAction\",\"target\":[\"https:\\\/\\\/www.mylasertabac.com\\\/ca\\\/mylasertabac-franquicia-numero-1-el-2025-canvia-la-teva-vida-i-converteix-te-en-el-teu-propi-cap-en-benestar-2\\\/\"]}]},{\"@type\":\"ImageObject\",\"inLanguage\":\"ca\",\"@id\":\"https:\\\/\\\/www.mylasertabac.com\\\/ca\\\/mylasertabac-franquicia-numero-1-el-2025-canvia-la-teva-vida-i-converteix-te-en-el-teu-propi-cap-en-benestar-2\\\/#primaryimage\",\"url\":\"https:\\\/\\\/www.mylasertabac.com\\\/wp-content\\\/uploads\\\/2025\\\/05\\\/g.png\",\"contentUrl\":\"https:\\\/\\\/www.mylasertabac.com\\\/wp-content\\\/uploads\\\/2025\\\/05\\\/g.png\",\"width\":1536,\"height\":1024},{\"@type\":\"BreadcrumbList\",\"@id\":\"https:\\\/\\\/www.mylasertabac.com\\\/ca\\\/mylasertabac-franquicia-numero-1-el-2025-canvia-la-teva-vida-i-converteix-te-en-el-teu-propi-cap-en-benestar-2\\\/#breadcrumb\",\"itemListElement\":[{\"@type\":\"ListItem\",\"position\":1,\"name\":\"Accueil\",\"item\":\"https:\\\/\\\/www.mylasertabac.com\\\/ca\\\/benvingut\\\/\"},{\"@type\":\"ListItem\",\"position\":2,\"name\":\"MyLaserTabac, franqu\u00edcia n\u00famero 1 el 2025: canvia la teva vida i converteix-te en el teu propi cap en benestar\"}]},{\"@type\":\"WebSite\",\"@id\":\"https:\\\/\\\/www.mylasertabac.com\\\/ca\\\/#website\",\"url\":\"https:\\\/\\\/www.mylasertabac.com\\\/ca\\\/\",\"name\":\"My Laser Tabac\",\"description\":\"La solution laser qui transforme les fumeurs en ex-fumeurs\",\"publisher\":{\"@id\":\"https:\\\/\\\/www.mylasertabac.com\\\/ca\\\/#organization\"},\"potentialAction\":[{\"@type\":\"SearchAction\",\"target\":{\"@type\":\"EntryPoint\",\"urlTemplate\":\"https:\\\/\\\/www.mylasertabac.com\\\/ca\\\/?s={search_term_string}\"},\"query-input\":{\"@type\":\"PropertyValueSpecification\",\"valueRequired\":true,\"valueName\":\"search_term_string\"}}],\"inLanguage\":\"ca\"},{\"@type\":\"Organization\",\"@id\":\"https:\\\/\\\/www.mylasertabac.com\\\/ca\\\/#organization\",\"name\":\"My Laser Tabac\",\"url\":\"https:\\\/\\\/www.mylasertabac.com\\\/ca\\\/\",\"logo\":{\"@type\":\"ImageObject\",\"inLanguage\":\"ca\",\"@id\":\"https:\\\/\\\/www.mylasertabac.com\\\/ca\\\/#\\\/schema\\\/logo\\\/image\\\/\",\"url\":\"https:\\\/\\\/www.mylasertabac.com\\\/wp-content\\\/uploads\\\/2024\\\/12\\\/mlt-verteau.svg\",\"contentUrl\":\"https:\\\/\\\/www.mylasertabac.com\\\/wp-content\\\/uploads\\\/2024\\\/12\\\/mlt-verteau.svg\",\"caption\":\"My Laser Tabac\"},\"image\":{\"@id\":\"https:\\\/\\\/www.mylasertabac.com\\\/ca\\\/#\\\/schema\\\/logo\\\/image\\\/\"}},{\"@type\":\"Person\",\"@id\":\"https:\\\/\\\/www.mylasertabac.com\\\/ca\\\/#\\\/schema\\\/person\\\/02c249cb76d912efb6c315ec23eccdf3\",\"name\":\"Florian Fortes\",\"image\":{\"@type\":\"ImageObject\",\"inLanguage\":\"ca\",\"@id\":\"https:\\\/\\\/www.mylasertabac.com\\\/wp-content\\\/litespeed\\\/avatar\\\/142101a71d7b9e6490c1120d9c109a67.jpg?ver=1776856306\",\"url\":\"https:\\\/\\\/www.mylasertabac.com\\\/wp-content\\\/litespeed\\\/avatar\\\/142101a71d7b9e6490c1120d9c109a67.jpg?ver=1776856306\",\"contentUrl\":\"https:\\\/\\\/www.mylasertabac.com\\\/wp-content\\\/litespeed\\\/avatar\\\/142101a71d7b9e6490c1120d9c109a67.jpg?ver=1776856306\",\"caption\":\"Florian Fortes\"},\"sameAs\":[\"https:\\\/\\\/www.mylasertabac.com\",\"https:\\\/\\\/www.facebook.com\\\/profile.php?id=61571554707319\"],\"url\":\"https:\\\/\\\/www.mylasertabac.com\\\/ca\\\/author\\\/florianfortes5312\\\/\"}]}<\/script>\n<!-- \/ Yoast SEO plugin. -->","yoast_head_json":{"title":"MyLaserTabac, franqu\u00edcia n\u00famero 1 el 2025: canvia la teva vida i converteix-te en el teu propi cap en benestar - My Laser Tabac","description":"Mylasertabac, l\u00edder en el camp de la reflexologia auricular per tractar moltes addiccions, va ser votada com la franqu\u00edcia n\u00famero 1.","robots":{"index":"index","follow":"follow","max-snippet":"max-snippet:-1","max-image-preview":"max-image-preview:large","max-video-preview":"max-video-preview:-1"},"canonical":"https:\/\/www.mylasertabac.com\/ca\/mylasertabac-franquicia-numero-1-el-2025-canvia-la-teva-vida-i-converteix-te-en-el-teu-propi-cap-en-benestar-2\/","og_locale":"ca_ES","og_type":"article","og_title":"MyLaserTabac, franqu\u00edcia n\u00famero 1 el 2025: canvia la teva vida i converteix-te en el teu propi cap en benestar - My Laser Tabac","og_description":"Mylasertabac, l\u00edder en el camp de la reflexologia auricular per tractar moltes addiccions, va ser votada com la franqu\u00edcia n\u00famero 1.","og_url":"https:\/\/www.mylasertabac.com\/ca\/mylasertabac-franquicia-numero-1-el-2025-canvia-la-teva-vida-i-converteix-te-en-el-teu-propi-cap-en-benestar-2\/","og_site_name":"My Laser Tabac","article_author":"https:\/\/www.facebook.com\/profile.php?id=61571554707319","article_published_time":"2025-06-02T10:35:49+00:00","article_modified_time":"2025-06-02T10:36:47+00:00","og_image":[{"width":1536,"height":1024,"url":"https:\/\/www.mylasertabac.com\/wp-content\/uploads\/2025\/05\/g.png","type":"image\/png"}],"author":"Florian Fortes","twitter_card":"summary_large_image","twitter_misc":{"Escrit per":"Florian Fortes","Temps estimat de lectura":"5 minuts"},"schema":{"@context":"https:\/\/schema.org","@graph":[{"@type":"Article","@id":"https:\/\/www.mylasertabac.com\/ca\/mylasertabac-franquicia-numero-1-el-2025-canvia-la-teva-vida-i-converteix-te-en-el-teu-propi-cap-en-benestar-2\/#article","isPartOf":{"@id":"https:\/\/www.mylasertabac.com\/ca\/mylasertabac-franquicia-numero-1-el-2025-canvia-la-teva-vida-i-converteix-te-en-el-teu-propi-cap-en-benestar-2\/"},"author":{"name":"Florian Fortes","@id":"https:\/\/www.mylasertabac.com\/ca\/#\/schema\/person\/02c249cb76d912efb6c315ec23eccdf3"},"headline":"MyLaserTabac, franqu\u00edcia n\u00famero 1 el 2025: canvia la teva vida i converteix-te en el teu propi cap en benestar","datePublished":"2025-06-02T10:35:49+00:00","dateModified":"2025-06-02T10:36:47+00:00","mainEntityOfPage":{"@id":"https:\/\/www.mylasertabac.com\/ca\/mylasertabac-franquicia-numero-1-el-2025-canvia-la-teva-vida-i-converteix-te-en-el-teu-propi-cap-en-benestar-2\/"},"wordCount":1051,"publisher":{"@id":"https:\/\/www.mylasertabac.com\/ca\/#organization"},"image":{"@id":"https:\/\/www.mylasertabac.com\/ca\/mylasertabac-franquicia-numero-1-el-2025-canvia-la-teva-vida-i-converteix-te-en-el-teu-propi-cap-en-benestar-2\/#primaryimage"},"thumbnailUrl":"https:\/\/www.mylasertabac.com\/wp-content\/uploads\/2025\/05\/g.png","articleSection":["Uncategorized @ca"],"inLanguage":"ca"},{"@type":"WebPage","@id":"https:\/\/www.mylasertabac.com\/ca\/mylasertabac-franquicia-numero-1-el-2025-canvia-la-teva-vida-i-converteix-te-en-el-teu-propi-cap-en-benestar-2\/","url":"https:\/\/www.mylasertabac.com\/ca\/mylasertabac-franquicia-numero-1-el-2025-canvia-la-teva-vida-i-converteix-te-en-el-teu-propi-cap-en-benestar-2\/","name":"MyLaserTabac, franqu\u00edcia n\u00famero 1 el 2025: canvia la teva vida i converteix-te en el teu propi cap en benestar - My Laser Tabac","isPartOf":{"@id":"https:\/\/www.mylasertabac.com\/ca\/#website"},"primaryImageOfPage":{"@id":"https:\/\/www.mylasertabac.com\/ca\/mylasertabac-franquicia-numero-1-el-2025-canvia-la-teva-vida-i-converteix-te-en-el-teu-propi-cap-en-benestar-2\/#primaryimage"},"image":{"@id":"https:\/\/www.mylasertabac.com\/ca\/mylasertabac-franquicia-numero-1-el-2025-canvia-la-teva-vida-i-converteix-te-en-el-teu-propi-cap-en-benestar-2\/#primaryimage"},"thumbnailUrl":"https:\/\/www.mylasertabac.com\/wp-content\/uploads\/2025\/05\/g.png","datePublished":"2025-06-02T10:35:49+00:00","dateModified":"2025-06-02T10:36:47+00:00","description":"Mylasertabac, l\u00edder en el camp de la reflexologia auricular per tractar moltes addiccions, va ser votada com la franqu\u00edcia n\u00famero 1.","breadcrumb":{"@id":"https:\/\/www.mylasertabac.com\/ca\/mylasertabac-franquicia-numero-1-el-2025-canvia-la-teva-vida-i-converteix-te-en-el-teu-propi-cap-en-benestar-2\/#breadcrumb"},"inLanguage":"ca","potentialAction":[{"@type":"ReadAction","target":["https:\/\/www.mylasertabac.com\/ca\/mylasertabac-franquicia-numero-1-el-2025-canvia-la-teva-vida-i-converteix-te-en-el-teu-propi-cap-en-benestar-2\/"]}]},{"@type":"ImageObject","inLanguage":"ca","@id":"https:\/\/www.mylasertabac.com\/ca\/mylasertabac-franquicia-numero-1-el-2025-canvia-la-teva-vida-i-converteix-te-en-el-teu-propi-cap-en-benestar-2\/#primaryimage","url":"https:\/\/www.mylasertabac.com\/wp-content\/uploads\/2025\/05\/g.png","contentUrl":"https:\/\/www.mylasertabac.com\/wp-content\/uploads\/2025\/05\/g.png","width":1536,"height":1024},{"@type":"BreadcrumbList","@id":"https:\/\/www.mylasertabac.com\/ca\/mylasertabac-franquicia-numero-1-el-2025-canvia-la-teva-vida-i-converteix-te-en-el-teu-propi-cap-en-benestar-2\/#breadcrumb","itemListElement":[{"@type":"ListItem","position":1,"name":"Accueil","item":"https:\/\/www.mylasertabac.com\/ca\/benvingut\/"},{"@type":"ListItem","position":2,"name":"MyLaserTabac, franqu\u00edcia n\u00famero 1 el 2025: canvia la teva vida i converteix-te en el teu propi cap en benestar"}]},{"@type":"WebSite","@id":"https:\/\/www.mylasertabac.com\/ca\/#website","url":"https:\/\/www.mylasertabac.com\/ca\/","name":"My Laser Tabac","description":"La solution laser qui transforme les fumeurs en ex-fumeurs","publisher":{"@id":"https:\/\/www.mylasertabac.com\/ca\/#organization"},"potentialAction":[{"@type":"SearchAction","target":{"@type":"EntryPoint","urlTemplate":"https:\/\/www.mylasertabac.com\/ca\/?s={search_term_string}"},"query-input":{"@type":"PropertyValueSpecification","valueRequired":true,"valueName":"search_term_string"}}],"inLanguage":"ca"},{"@type":"Organization","@id":"https:\/\/www.mylasertabac.com\/ca\/#organization","name":"My Laser Tabac","url":"https:\/\/www.mylasertabac.com\/ca\/","logo":{"@type":"ImageObject","inLanguage":"ca","@id":"https:\/\/www.mylasertabac.com\/ca\/#\/schema\/logo\/image\/","url":"https:\/\/www.mylasertabac.com\/wp-content\/uploads\/2024\/12\/mlt-verteau.svg","contentUrl":"https:\/\/www.mylasertabac.com\/wp-content\/uploads\/2024\/12\/mlt-verteau.svg","caption":"My Laser Tabac"},"image":{"@id":"https:\/\/www.mylasertabac.com\/ca\/#\/schema\/logo\/image\/"}},{"@type":"Person","@id":"https:\/\/www.mylasertabac.com\/ca\/#\/schema\/person\/02c249cb76d912efb6c315ec23eccdf3","name":"Florian Fortes","image":{"@type":"ImageObject","inLanguage":"ca","@id":"https:\/\/www.mylasertabac.com\/wp-content\/litespeed\/avatar\/142101a71d7b9e6490c1120d9c109a67.jpg?ver=1776856306","url":"https:\/\/www.mylasertabac.com\/wp-content\/litespeed\/avatar\/142101a71d7b9e6490c1120d9c109a67.jpg?ver=1776856306","contentUrl":"https:\/\/www.mylasertabac.com\/wp-content\/litespeed\/avatar\/142101a71d7b9e6490c1120d9c109a67.jpg?ver=1776856306","caption":"Florian Fortes"},"sameAs":["https:\/\/www.mylasertabac.com","https:\/\/www.facebook.com\/profile.php?id=61571554707319"],"url":"https:\/\/www.mylasertabac.com\/ca\/author\/florianfortes5312\/"}]}},"_links":{"self":[{"href":"https:\/\/www.mylasertabac.com\/ca\/wp-json\/wp\/v2\/posts\/9037","targetHints":{"allow":["GET"]}}],"collection":[{"href":"https:\/\/www.mylasertabac.com\/ca\/wp-json\/wp\/v2\/posts"}],"about":[{"href":"https:\/\/www.mylasertabac.com\/ca\/wp-json\/wp\/v2\/types\/post"}],"author":[{"embeddable":true,"href":"https:\/\/www.mylasertabac.com\/ca\/wp-json\/wp\/v2\/users\/2"}],"replies":[{"embeddable":true,"href":"https:\/\/www.mylasertabac.com\/ca\/wp-json\/wp\/v2\/comments?post=9037"}],"version-history":[{"count":1,"href":"https:\/\/www.mylasertabac.com\/ca\/wp-json\/wp\/v2\/posts\/9037\/revisions"}],"predecessor-version":[{"id":9038,"href":"https:\/\/www.mylasertabac.com\/ca\/wp-json\/wp\/v2\/posts\/9037\/revisions\/9038"}],"wp:featuredmedia":[{"embeddable":true,"href":"https:\/\/www.mylasertabac.com\/ca\/wp-json\/wp\/v2\/media\/8635"}],"wp:attachment":[{"href":"https:\/\/www.mylasertabac.com\/ca\/wp-json\/wp\/v2\/media?parent=9037"}],"wp:term":[{"taxonomy":"category","embeddable":true,"href":"https:\/\/www.mylasertabac.com\/ca\/wp-json\/wp\/v2\/categories?post=9037"},{"taxonomy":"post_tag","embeddable":true,"href":"https:\/\/www.mylasertabac.com\/ca\/wp-json\/wp\/v2\/tags?post=9037"}],"curies":[{"name":"wp","href":"https:\/\/api.w.org\/{rel}","templated":true}]}}