{"id":9118,"date":"2025-06-02T16:32:30","date_gmt":"2025-06-02T14:32:30","guid":{"rendered":"https:\/\/www.mylasertabac.com\/vapejar-al-transport-public-normativa-vigent-a-franca\/"},"modified":"2025-06-02T16:49:52","modified_gmt":"2025-06-02T14:49:52","slug":"vapejar-al-transport-public-normativa-vigent-a-franca","status":"publish","type":"post","link":"https:\/\/www.mylasertabac.com\/ca\/vapejar-al-transport-public-normativa-vigent-a-franca\/","title":{"rendered":"Vapejar al transport p\u00fablic: normativa vigent a Fran\u00e7a"},"content":{"rendered":"\n<div style=\"height:25px\" aria-hidden=\"true\" class=\"wp-block-spacer\"><\/div>\n\n<p>Des de l&#8217;auge del cigarret electr\u00f2nic, la q\u00fcesti\u00f3 del seu \u00fas en llocs p\u00fablics, especialment en el transport p\u00fablic, s&#8217;ha plantejat regularment. Pots vapejar lliurement en autob\u00fas, tren o metro a Fran\u00e7a? La normativa actual d\u00f3na una resposta clara: s&#8217;apliquen certes prohibicions, sota pena de sancions. Aquest article fa balan\u00e7 de les normes actuals i explora una alternativa efica\u00e7 per deixar de fumar i vapejar definitivament: el l\u00e0ser antitabac.   <\/p>\n\n<div style=\"height:38px\" aria-hidden=\"true\" class=\"wp-block-spacer\"><\/div>\n\n<figure class=\"wp-block-image alignleft size-large is-resized\"><img fetchpriority=\"high\" decoding=\"async\" width=\"1024\" height=\"683\" src=\"https:\/\/www.mylasertabac.com\/wp-content\/uploads\/2025\/06\/vape-bus-1024x683.png\" alt=\"\" class=\"wp-image-9097\" style=\"aspect-ratio:1;width:418px;height:auto\" srcset=\"https:\/\/www.mylasertabac.com\/wp-content\/uploads\/2025\/06\/vape-bus-1024x683.png 1024w, https:\/\/www.mylasertabac.com\/wp-content\/uploads\/2025\/06\/vape-bus-300x200.png 300w, https:\/\/www.mylasertabac.com\/wp-content\/uploads\/2025\/06\/vape-bus-768x512.png 768w, https:\/\/www.mylasertabac.com\/wp-content\/uploads\/2025\/06\/vape-bus.png 1536w\" sizes=\"(max-width: 1024px) 100vw, 1024px\" \/><\/figure>\n\n<h2 class=\"wp-block-heading\"><strong>Qu\u00e8 diu la llei sobre l&#8217;\u00fas de cigarrets electr\u00f2nics al transport p\u00fablic<\/strong><\/h2>\n\n<h3 class=\"wp-block-heading\"><strong>La Llei de Salut del 2016 i la prohibici\u00f3 de vapejar en determinats espais p\u00fablics<\/strong><\/h3>\n\n<p>Des de la Llei de salut del 26 de gener de 2016, refor\u00e7ada per un decret d \u201caplicaci\u00f3, l\u201d \u00fas de cigarrets electr\u00f2nics est\u00e0 prohibit en molts espais <strong>p\u00fablics<\/strong> , especialment en el transport p\u00fablic. Aquesta prohibici\u00f3 afecta <strong>els locals<\/strong> tancats i coberts accessibles al <strong>p\u00fablic<\/strong> , com ara <strong>escoles<\/strong> , espais <strong>de treball<\/strong> i llocs oberts al <strong>p\u00fablic<\/strong> . L \u201cobjectiu d\u201d aquesta regulaci\u00f3 \u00e9s limitar <strong>el tabaquisme<\/strong> passiu i no fomentar el consum d \u201caquests <strong>productes<\/strong> de nicotina <strong>entre els menors d\u201d edat<\/strong> .  <\/p>\n\n<p>Per tant, est\u00e0 estrictament prohibit vapejar:<\/p>\n\n<div style=\"height:38px\" aria-hidden=\"true\" class=\"wp-block-spacer\"><\/div>\n\n<ul class=\"wp-block-list\">\n<li>En <strong>transports coberts<\/strong> com <strong>autobusos, metro i trens<\/strong> .<\/li>\n\n\n\n<li>Dins <strong>d&#8217;estacions de tren<\/strong> , <strong>establiments<\/strong> ferroviaris i estacions de metro.<\/li>\n\n\n\n<li>Als avions, on la prohibici\u00f3 \u00e9s encara m\u00e9s estricta i s&#8217;aplica mitjan\u00e7ant un <strong>codi<\/strong> internacional.<\/li>\n<\/ul>\n\n<p><strong>Els agents<\/strong> de control s\u00f3n els responsables de fer complir aquesta prohibici\u00f3 i poden multar els infractors.<\/p>\n\n<div style=\"height:25px\" aria-hidden=\"true\" class=\"wp-block-spacer\"><\/div>\n\n<h2 class=\"wp-block-heading\"><strong>On encara es pot vapejar legalment al transport p\u00fablic?<\/strong><\/h2>\n\n<div style=\"height:25px\" aria-hidden=\"true\" class=\"wp-block-spacer\"><\/div>\n\n<p>Existeixen algunes excepcions i encara permeten l \u201c\u00fas d\u201d un cigarret <strong>electr\u00f2nic<\/strong> en determinats espais. \u00c9s possible vapejar: <\/p>\n\n<ul class=\"wp-block-list\">\n<li>En <strong>espais exteriors<\/strong> com ara andanes de tren descobertes.<\/li>\n\n\n\n<li>A l&#8217;aire lliure en certes <strong>estacions<\/strong> , fora de les zones cobertes pel <strong>decret<\/strong> del 2016.<\/li>\n\n\n\n<li>En espais reservats, de vegades establerts per certs <strong>establiments<\/strong> de transport per permetre que els usuaris consumeixin els seus <strong>productes<\/strong> .<\/li>\n<\/ul>\n\n<p>No obstant aix\u00f2, les <strong>regulacions<\/strong> internes d&#8217;algunes empreses de transport poden ser encara m\u00e9s restrictives. Per tant, \u00e9s recomanable informar-se m\u00e9s abans de vapejar en aquests espais. <\/p>\n\n<div style=\"height:25px\" aria-hidden=\"true\" class=\"wp-block-spacer\"><\/div>\n\n<h2 class=\"wp-block-heading\"><strong>Quines s\u00f3n les sancions per l&#8217;incompliment de la normativa?<\/strong><\/h2>\n\n<div style=\"height:25px\" aria-hidden=\"true\" class=\"wp-block-spacer\"><\/div>\n\n<h3 class=\"wp-block-heading\"><strong>Multes i riscos en qu\u00e8 incorren els infractors<\/strong><\/h3>\n\n<div style=\"height:25px\" aria-hidden=\"true\" class=\"wp-block-spacer\"><\/div>\n\n<p>Els usuaris que vapegin en una zona prohibida poden ser multats amb una <strong>quantitat<\/strong> fixa de fins a <strong>150 euros<\/strong> . Aquesta sanci\u00f3 \u00e9s aplicable en tots <strong>els establiments<\/strong> on la llei prohibeix l&#8217;\u00fas de cigarrets <strong>electr\u00f2nics<\/strong> . Els <strong>agents<\/strong> del cos s\u00f3n responsables de garantir el compliment del <strong>codi<\/strong> vigent i poden imposar multes immediates als infractors.  <\/p>\n\n<p>En alguns casos, les sancions poden ser m\u00e9s greus, sobretot si un vapeador reincideix en la infracci\u00f3 o es nega a cooperar amb <strong>els agents<\/strong> del control de les drogues. Diversos testimonis informen de casos en qu\u00e8 els vapeadors, pensant que tenien dret a utilitzar el seu cigarret <strong>electr\u00f2nic<\/strong> , van haver de pagar una multa a causa de la <strong>prohibici\u00f3 del transport cobert<\/strong> . <\/p>\n\n<div style=\"height:25px\" aria-hidden=\"true\" class=\"wp-block-spacer\"><\/div>\n\n<h3 class=\"wp-block-heading\"><strong>Cap a un enfortiment de les restriccions?<\/strong><\/h3>\n\n<div style=\"height:25px\" aria-hidden=\"true\" class=\"wp-block-spacer\"><\/div>\n\n<p><strong>Fumar<\/strong> continua sent una preocupaci\u00f3 important per a les autoritats p\u00fabliques, i el cigarret <strong>electr\u00f2nic<\/strong> de vegades es percep com una eina que anima <strong>els menors<\/strong> a comen\u00e7ar <strong>a fumar<\/strong> . Com a resultat, algunes <strong>institucions<\/strong> i organismes governamentals estan discutint noves mesures per restringir encara m\u00e9s el vapeig en llocs <strong>p\u00fablics<\/strong> i en el transport p\u00fablic. <\/p>\n\n<p>Ja s&#8217;han plantejat propostes, com ara ampliar la <strong>prohibici\u00f3<\/strong> a totes les zones exteriors de <strong>les estacions de tren<\/strong> i les parades de transport <strong>p\u00fablic<\/strong> . Altres pa\u00efsos com Austr\u00e0lia i Canad\u00e0 tenen <strong>regulacions<\/strong> encara m\u00e9s estrictes, que prohibeixen completament l&#8217;\u00fas de cigarrets <strong>electr\u00f2nics<\/strong> en tots els llocs p\u00fablics, inclosos els a l&#8217;aire lliure. Fran\u00e7a podria seguir aquesta tend\u00e8ncia en els propers anys.  <\/p>\n\n<div style=\"height:25px\" aria-hidden=\"true\" class=\"wp-block-spacer\"><\/div>\n\n<h2 class=\"wp-block-heading\"><strong>L\u00e0ser antitabaquisme: una alternativa a deixar de fumar i vapejar definitivament<\/strong><\/h2>\n\n<div style=\"height:31px\" aria-hidden=\"true\" class=\"wp-block-spacer\"><\/div>\n\n<h2 class=\"wp-block-heading\"><strong>Com funciona el l\u00e0ser antitabac?<\/strong><\/h2>\n\n<div style=\"height:25px\" aria-hidden=\"true\" class=\"wp-block-spacer\"><\/div>\n\n<p><strong>El tractament amb l\u00e0ser per a les orelles<\/strong> es basa en <strong><a href=\"https:\/\/www.mylasertabac.com\/ca\/\">l&#8217;auriculoter\u00e0pia<\/a><\/strong> , un m\u00e8tode inspirat en la medicina tradicional xinesa. Aquesta t\u00e8cnica consisteix a estimular punts espec\u00edfics de l&#8217;orella mitjan\u00e7ant un <strong>l\u00e0ser<\/strong> de baixa freq\u00fc\u00e8ncia. Aquest proc\u00e9s actua directament sobre els receptors d&#8217;addicci\u00f3 a la nicotina, cosa que ajuda a reduir la necessitat de fumar tant cigarrets <strong>electr\u00f2nics<\/strong> com convencionals.  <\/p>\n\n<p>L&#8217;objectiu \u00e9s oferir una soluci\u00f3 natural, efica\u00e7 i sense dolor per a les persones que volen deixar de fumar o vapejar. A difer\u00e8ncia de la ter\u00e0pia de reempla\u00e7ament de nicotina, aquest m\u00e8tode no dep\u00e8n de cap <strong>producte qu\u00edmic<\/strong> i permet un cessament immediat sense efectes secundaris. <\/p>\n\n<div style=\"height:25px\" aria-hidden=\"true\" class=\"wp-block-spacer\"><\/div>\n\n<p class=\"has-cyan-bluish-gray-background-color has-background\">Llegiu tamb\u00e9: <a href=\"https:\/\/www.mylasertabac.com\/ca\/informacio\/formacio-laser-antitabac-i-addiccio\/\"><mark style=\"background-color:rgba(0, 0, 0, 0)\" class=\"has-inline-color has-luminous-vivid-orange-color\">Si voleu comen\u00e7ar un nou negoci, la formaci\u00f3 en reflexologia auricular \u00e9s per a vosaltres.<\/mark><\/a><\/p>\n\n<div style=\"height:25px\" aria-hidden=\"true\" class=\"wp-block-spacer\"><\/div>\n\n<h2 class=\"wp-block-heading\"><strong>Per qu\u00e8 escollir el l\u00e0ser per deixar de fumar i vapejar?<\/strong><\/h2>\n\n<div style=\"height:25px\" aria-hidden=\"true\" class=\"wp-block-spacer\"><\/div>\n\n<p>El <strong>l\u00e0ser antitabac<\/strong> t\u00e9 diversos avantatges per a aquells que volen acabar amb l \u201caddicci\u00f3 a la nicotina:<br\/> \u2705 <strong>Una sola sessi\u00f3 \u00e9s suficient<\/strong> per a la majoria de pacients, a difer\u00e8ncia dels substituts tradicionals.<br\/> \u2705 <strong>Una taxa d\u201d \u00e8xit del 90%<\/strong> , comprovada per milers de testimonis.<br\/> \u2705 <strong>Un m\u00e8tode natural<\/strong> , sense l \u201c\u00fas de <strong>productes qu\u00edmics<\/strong> ni risc d\u201d augment de pes.<br\/> \u2705 <strong>Un tractament r\u00e0pid i indolor<\/strong> , realitzat en <strong>establiments<\/strong> especialitzats.<\/p>\n\n<div style=\"height:25px\" aria-hidden=\"true\" class=\"wp-block-spacer\"><\/div>\n\n<p>Molts fumadors i vapejadors ja s&#8217;han atrevit i han declarat <strong><a href=\"https:\/\/www.mylasertabac.com\/ca\/\">haver deixat de fumar<\/a><\/strong> amb \u00e8xit gr\u00e0cies al <strong>l\u00e0ser<\/strong> . Si busques una manera efica\u00e7 de deixar de fumar, aquesta t\u00e8cnica podria ser la clau del teu \u00e8xit. <\/p>\n\n<div style=\"height:25px\" aria-hidden=\"true\" class=\"wp-block-spacer\"><\/div>\n\n<h2 class=\"wp-block-heading\"><strong>Conclusi\u00f3<\/strong><\/h2>\n\n<p>Vapejar al <strong>transport p\u00fablic<\/strong> est\u00e0 subjecte a <strong>regulacions<\/strong> estrictes destinades a protegir el <strong>p\u00fablic<\/strong> i limitar <strong>l \u201cexposici\u00f3 al fum de segona m\u00e0<\/strong> . Les sancions per incompliment d\u201d aquestes normes poden ser greus, amb <strong>multes<\/strong> de fins a 150 euros. En lloc de suportar aquestes restriccions, per qu\u00e8 no considerar un tancament definitiu?  <\/p>\n\n<p>Gr\u00e0cies al m\u00e8tode <strong>l\u00e0ser antitabac<\/strong> , \u00e9s possible deixar de fumar en <strong>una sola sessi\u00f3<\/strong> , sense dolor ni efectes secundaris. Descobreix aquesta soluci\u00f3 a <a href=\"https:\/\/www.mylasertabac.com\/ca\/\"><strong>MyLaserTabac.com<\/strong><\/a> i redescobreix una vida sense <strong>cigarrets<\/strong> ni vapeig avui mateix! <\/p>\n\n<div style=\"height:35px\" aria-hidden=\"true\" class=\"wp-block-spacer\"><\/div>\n\n<figure class=\"wp-block-image size-large\"><img decoding=\"async\" src=\"https:\/\/www.mylasertabac.com\/wp-content\/uploads\/\/mlt-verteau.svg\" alt=\"\" class=\"wp-image-13\"\/><\/figure>\n","protected":false},"excerpt":{"rendered":"<p>Des de l&#8217;auge del cigarret electr\u00f2nic, la q\u00fcesti\u00f3 del seu \u00fas en llocs p\u00fablics, especialment en el transport p\u00fablic, s&#8217;ha plantejat regularment. Pots vapejar lliurement en autob\u00fas, tren o metro a Fran\u00e7a? La normativa actual d\u00f3na una resposta clara: s&#8217;apliquen certes prohibicions, sota pena de sancions. Aquest article fa balan\u00e7 de les normes actuals i [&hellip;]<\/p>\n","protected":false},"author":2,"featured_media":9106,"comment_status":"closed","ping_status":"open","sticky":false,"template":"","format":"standard","meta":{"inline_featured_image":false,"footnotes":""},"categories":[585],"tags":[],"class_list":["post-9118","post","type-post","status-publish","format-standard","has-post-thumbnail","hentry","category-llei"],"yoast_head":"<!-- This site is optimized with the Yoast SEO plugin v27.4 - https:\/\/yoast.com\/product\/yoast-seo-wordpress\/ -->\n<title>Vapejar al transport p\u00fablic: normativa vigent a Fran\u00e7a - My Laser Tabac<\/title>\n<meta name=\"description\" content=\"Si voleu saber si \u00e9s legal fumar un cigarret electr\u00f2nic en un autob\u00fas, us ho expliquem tot al nostre article.\" \/>\n<meta name=\"robots\" content=\"index, follow, max-snippet:-1, max-image-preview:large, max-video-preview:-1\" \/>\n<link rel=\"canonical\" href=\"https:\/\/www.mylasertabac.com\/ca\/vapejar-al-transport-public-normativa-vigent-a-franca\/\" \/>\n<meta property=\"og:locale\" content=\"ca_ES\" \/>\n<meta property=\"og:type\" content=\"article\" \/>\n<meta property=\"og:title\" content=\"Vapejar al transport p\u00fablic: normativa vigent a Fran\u00e7a - My Laser Tabac\" \/>\n<meta property=\"og:description\" content=\"Si voleu saber si \u00e9s legal fumar un cigarret electr\u00f2nic en un autob\u00fas, us ho expliquem tot al nostre article.\" \/>\n<meta property=\"og:url\" content=\"https:\/\/www.mylasertabac.com\/ca\/vapejar-al-transport-public-normativa-vigent-a-franca\/\" \/>\n<meta property=\"og:site_name\" content=\"My Laser Tabac\" \/>\n<meta property=\"article:author\" content=\"https:\/\/www.facebook.com\/profile.php?id=61571554707319\" \/>\n<meta property=\"article:published_time\" content=\"2025-06-02T14:32:30+00:00\" \/>\n<meta property=\"article:modified_time\" content=\"2025-06-02T14:49:52+00:00\" \/>\n<meta property=\"og:image\" content=\"https:\/\/www.mylasertabac.com\/wp-content\/uploads\/2025\/06\/mnb.png\" \/>\n\t<meta property=\"og:image:width\" content=\"1536\" \/>\n\t<meta property=\"og:image:height\" content=\"1024\" \/>\n\t<meta property=\"og:image:type\" content=\"image\/png\" \/>\n<meta name=\"author\" content=\"Florian Fortes\" \/>\n<meta name=\"twitter:card\" content=\"summary_large_image\" \/>\n<meta name=\"twitter:label1\" content=\"Escrit per\" \/>\n\t<meta name=\"twitter:data1\" content=\"Florian Fortes\" \/>\n\t<meta name=\"twitter:label2\" content=\"Temps estimat de lectura\" \/>\n\t<meta name=\"twitter:data2\" content=\"5 minuts\" \/>\n<script type=\"application\/ld+json\" class=\"yoast-schema-graph\">{\"@context\":\"https:\\\/\\\/schema.org\",\"@graph\":[{\"@type\":\"Article\",\"@id\":\"https:\\\/\\\/www.mylasertabac.com\\\/ca\\\/vapejar-al-transport-public-normativa-vigent-a-franca\\\/#article\",\"isPartOf\":{\"@id\":\"https:\\\/\\\/www.mylasertabac.com\\\/ca\\\/vapejar-al-transport-public-normativa-vigent-a-franca\\\/\"},\"author\":{\"name\":\"Florian Fortes\",\"@id\":\"https:\\\/\\\/www.mylasertabac.com\\\/ca\\\/#\\\/schema\\\/person\\\/02c249cb76d912efb6c315ec23eccdf3\"},\"headline\":\"Vapejar al transport p\u00fablic: normativa vigent a Fran\u00e7a\",\"datePublished\":\"2025-06-02T14:32:30+00:00\",\"dateModified\":\"2025-06-02T14:49:52+00:00\",\"mainEntityOfPage\":{\"@id\":\"https:\\\/\\\/www.mylasertabac.com\\\/ca\\\/vapejar-al-transport-public-normativa-vigent-a-franca\\\/\"},\"wordCount\":1034,\"publisher\":{\"@id\":\"https:\\\/\\\/www.mylasertabac.com\\\/ca\\\/#organization\"},\"image\":{\"@id\":\"https:\\\/\\\/www.mylasertabac.com\\\/ca\\\/vapejar-al-transport-public-normativa-vigent-a-franca\\\/#primaryimage\"},\"thumbnailUrl\":\"https:\\\/\\\/www.mylasertabac.com\\\/wp-content\\\/uploads\\\/2025\\\/06\\\/mnb.png\",\"articleSection\":[\"llei\"],\"inLanguage\":\"ca\"},{\"@type\":\"WebPage\",\"@id\":\"https:\\\/\\\/www.mylasertabac.com\\\/ca\\\/vapejar-al-transport-public-normativa-vigent-a-franca\\\/\",\"url\":\"https:\\\/\\\/www.mylasertabac.com\\\/ca\\\/vapejar-al-transport-public-normativa-vigent-a-franca\\\/\",\"name\":\"Vapejar al transport p\u00fablic: normativa vigent a Fran\u00e7a - My Laser Tabac\",\"isPartOf\":{\"@id\":\"https:\\\/\\\/www.mylasertabac.com\\\/ca\\\/#website\"},\"primaryImageOfPage\":{\"@id\":\"https:\\\/\\\/www.mylasertabac.com\\\/ca\\\/vapejar-al-transport-public-normativa-vigent-a-franca\\\/#primaryimage\"},\"image\":{\"@id\":\"https:\\\/\\\/www.mylasertabac.com\\\/ca\\\/vapejar-al-transport-public-normativa-vigent-a-franca\\\/#primaryimage\"},\"thumbnailUrl\":\"https:\\\/\\\/www.mylasertabac.com\\\/wp-content\\\/uploads\\\/2025\\\/06\\\/mnb.png\",\"datePublished\":\"2025-06-02T14:32:30+00:00\",\"dateModified\":\"2025-06-02T14:49:52+00:00\",\"description\":\"Si voleu saber si \u00e9s legal fumar un cigarret electr\u00f2nic en un autob\u00fas, us ho expliquem tot al nostre article.\",\"breadcrumb\":{\"@id\":\"https:\\\/\\\/www.mylasertabac.com\\\/ca\\\/vapejar-al-transport-public-normativa-vigent-a-franca\\\/#breadcrumb\"},\"inLanguage\":\"ca\",\"potentialAction\":[{\"@type\":\"ReadAction\",\"target\":[\"https:\\\/\\\/www.mylasertabac.com\\\/ca\\\/vapejar-al-transport-public-normativa-vigent-a-franca\\\/\"]}]},{\"@type\":\"ImageObject\",\"inLanguage\":\"ca\",\"@id\":\"https:\\\/\\\/www.mylasertabac.com\\\/ca\\\/vapejar-al-transport-public-normativa-vigent-a-franca\\\/#primaryimage\",\"url\":\"https:\\\/\\\/www.mylasertabac.com\\\/wp-content\\\/uploads\\\/2025\\\/06\\\/mnb.png\",\"contentUrl\":\"https:\\\/\\\/www.mylasertabac.com\\\/wp-content\\\/uploads\\\/2025\\\/06\\\/mnb.png\",\"width\":1536,\"height\":1024},{\"@type\":\"BreadcrumbList\",\"@id\":\"https:\\\/\\\/www.mylasertabac.com\\\/ca\\\/vapejar-al-transport-public-normativa-vigent-a-franca\\\/#breadcrumb\",\"itemListElement\":[{\"@type\":\"ListItem\",\"position\":1,\"name\":\"Accueil\",\"item\":\"https:\\\/\\\/www.mylasertabac.com\\\/ca\\\/benvingut\\\/\"},{\"@type\":\"ListItem\",\"position\":2,\"name\":\"Vapejar al transport p\u00fablic: normativa vigent a Fran\u00e7a\"}]},{\"@type\":\"WebSite\",\"@id\":\"https:\\\/\\\/www.mylasertabac.com\\\/ca\\\/#website\",\"url\":\"https:\\\/\\\/www.mylasertabac.com\\\/ca\\\/\",\"name\":\"My Laser Tabac\",\"description\":\"La solution laser qui transforme les fumeurs en ex-fumeurs\",\"publisher\":{\"@id\":\"https:\\\/\\\/www.mylasertabac.com\\\/ca\\\/#organization\"},\"potentialAction\":[{\"@type\":\"SearchAction\",\"target\":{\"@type\":\"EntryPoint\",\"urlTemplate\":\"https:\\\/\\\/www.mylasertabac.com\\\/ca\\\/?s={search_term_string}\"},\"query-input\":{\"@type\":\"PropertyValueSpecification\",\"valueRequired\":true,\"valueName\":\"search_term_string\"}}],\"inLanguage\":\"ca\"},{\"@type\":\"Organization\",\"@id\":\"https:\\\/\\\/www.mylasertabac.com\\\/ca\\\/#organization\",\"name\":\"My Laser Tabac\",\"url\":\"https:\\\/\\\/www.mylasertabac.com\\\/ca\\\/\",\"logo\":{\"@type\":\"ImageObject\",\"inLanguage\":\"ca\",\"@id\":\"https:\\\/\\\/www.mylasertabac.com\\\/ca\\\/#\\\/schema\\\/logo\\\/image\\\/\",\"url\":\"https:\\\/\\\/www.mylasertabac.com\\\/wp-content\\\/uploads\\\/2024\\\/12\\\/mlt-verteau.svg\",\"contentUrl\":\"https:\\\/\\\/www.mylasertabac.com\\\/wp-content\\\/uploads\\\/2024\\\/12\\\/mlt-verteau.svg\",\"caption\":\"My Laser Tabac\"},\"image\":{\"@id\":\"https:\\\/\\\/www.mylasertabac.com\\\/ca\\\/#\\\/schema\\\/logo\\\/image\\\/\"}},{\"@type\":\"Person\",\"@id\":\"https:\\\/\\\/www.mylasertabac.com\\\/ca\\\/#\\\/schema\\\/person\\\/02c249cb76d912efb6c315ec23eccdf3\",\"name\":\"Florian Fortes\",\"image\":{\"@type\":\"ImageObject\",\"inLanguage\":\"ca\",\"@id\":\"https:\\\/\\\/www.mylasertabac.com\\\/wp-content\\\/litespeed\\\/avatar\\\/142101a71d7b9e6490c1120d9c109a67.jpg?ver=1776856306\",\"url\":\"https:\\\/\\\/www.mylasertabac.com\\\/wp-content\\\/litespeed\\\/avatar\\\/142101a71d7b9e6490c1120d9c109a67.jpg?ver=1776856306\",\"contentUrl\":\"https:\\\/\\\/www.mylasertabac.com\\\/wp-content\\\/litespeed\\\/avatar\\\/142101a71d7b9e6490c1120d9c109a67.jpg?ver=1776856306\",\"caption\":\"Florian Fortes\"},\"sameAs\":[\"https:\\\/\\\/www.mylasertabac.com\",\"https:\\\/\\\/www.facebook.com\\\/profile.php?id=61571554707319\"],\"url\":\"https:\\\/\\\/www.mylasertabac.com\\\/ca\\\/author\\\/florianfortes5312\\\/\"}]}<\/script>\n<!-- \/ Yoast SEO plugin. -->","yoast_head_json":{"title":"Vapejar al transport p\u00fablic: normativa vigent a Fran\u00e7a - My Laser Tabac","description":"Si voleu saber si \u00e9s legal fumar un cigarret electr\u00f2nic en un autob\u00fas, us ho expliquem tot al nostre article.","robots":{"index":"index","follow":"follow","max-snippet":"max-snippet:-1","max-image-preview":"max-image-preview:large","max-video-preview":"max-video-preview:-1"},"canonical":"https:\/\/www.mylasertabac.com\/ca\/vapejar-al-transport-public-normativa-vigent-a-franca\/","og_locale":"ca_ES","og_type":"article","og_title":"Vapejar al transport p\u00fablic: normativa vigent a Fran\u00e7a - My Laser Tabac","og_description":"Si voleu saber si \u00e9s legal fumar un cigarret electr\u00f2nic en un autob\u00fas, us ho expliquem tot al nostre article.","og_url":"https:\/\/www.mylasertabac.com\/ca\/vapejar-al-transport-public-normativa-vigent-a-franca\/","og_site_name":"My Laser Tabac","article_author":"https:\/\/www.facebook.com\/profile.php?id=61571554707319","article_published_time":"2025-06-02T14:32:30+00:00","article_modified_time":"2025-06-02T14:49:52+00:00","og_image":[{"width":1536,"height":1024,"url":"https:\/\/www.mylasertabac.com\/wp-content\/uploads\/2025\/06\/mnb.png","type":"image\/png"}],"author":"Florian Fortes","twitter_card":"summary_large_image","twitter_misc":{"Escrit per":"Florian Fortes","Temps estimat de lectura":"5 minuts"},"schema":{"@context":"https:\/\/schema.org","@graph":[{"@type":"Article","@id":"https:\/\/www.mylasertabac.com\/ca\/vapejar-al-transport-public-normativa-vigent-a-franca\/#article","isPartOf":{"@id":"https:\/\/www.mylasertabac.com\/ca\/vapejar-al-transport-public-normativa-vigent-a-franca\/"},"author":{"name":"Florian Fortes","@id":"https:\/\/www.mylasertabac.com\/ca\/#\/schema\/person\/02c249cb76d912efb6c315ec23eccdf3"},"headline":"Vapejar al transport p\u00fablic: normativa vigent a Fran\u00e7a","datePublished":"2025-06-02T14:32:30+00:00","dateModified":"2025-06-02T14:49:52+00:00","mainEntityOfPage":{"@id":"https:\/\/www.mylasertabac.com\/ca\/vapejar-al-transport-public-normativa-vigent-a-franca\/"},"wordCount":1034,"publisher":{"@id":"https:\/\/www.mylasertabac.com\/ca\/#organization"},"image":{"@id":"https:\/\/www.mylasertabac.com\/ca\/vapejar-al-transport-public-normativa-vigent-a-franca\/#primaryimage"},"thumbnailUrl":"https:\/\/www.mylasertabac.com\/wp-content\/uploads\/2025\/06\/mnb.png","articleSection":["llei"],"inLanguage":"ca"},{"@type":"WebPage","@id":"https:\/\/www.mylasertabac.com\/ca\/vapejar-al-transport-public-normativa-vigent-a-franca\/","url":"https:\/\/www.mylasertabac.com\/ca\/vapejar-al-transport-public-normativa-vigent-a-franca\/","name":"Vapejar al transport p\u00fablic: normativa vigent a Fran\u00e7a - My Laser Tabac","isPartOf":{"@id":"https:\/\/www.mylasertabac.com\/ca\/#website"},"primaryImageOfPage":{"@id":"https:\/\/www.mylasertabac.com\/ca\/vapejar-al-transport-public-normativa-vigent-a-franca\/#primaryimage"},"image":{"@id":"https:\/\/www.mylasertabac.com\/ca\/vapejar-al-transport-public-normativa-vigent-a-franca\/#primaryimage"},"thumbnailUrl":"https:\/\/www.mylasertabac.com\/wp-content\/uploads\/2025\/06\/mnb.png","datePublished":"2025-06-02T14:32:30+00:00","dateModified":"2025-06-02T14:49:52+00:00","description":"Si voleu saber si \u00e9s legal fumar un cigarret electr\u00f2nic en un autob\u00fas, us ho expliquem tot al nostre article.","breadcrumb":{"@id":"https:\/\/www.mylasertabac.com\/ca\/vapejar-al-transport-public-normativa-vigent-a-franca\/#breadcrumb"},"inLanguage":"ca","potentialAction":[{"@type":"ReadAction","target":["https:\/\/www.mylasertabac.com\/ca\/vapejar-al-transport-public-normativa-vigent-a-franca\/"]}]},{"@type":"ImageObject","inLanguage":"ca","@id":"https:\/\/www.mylasertabac.com\/ca\/vapejar-al-transport-public-normativa-vigent-a-franca\/#primaryimage","url":"https:\/\/www.mylasertabac.com\/wp-content\/uploads\/2025\/06\/mnb.png","contentUrl":"https:\/\/www.mylasertabac.com\/wp-content\/uploads\/2025\/06\/mnb.png","width":1536,"height":1024},{"@type":"BreadcrumbList","@id":"https:\/\/www.mylasertabac.com\/ca\/vapejar-al-transport-public-normativa-vigent-a-franca\/#breadcrumb","itemListElement":[{"@type":"ListItem","position":1,"name":"Accueil","item":"https:\/\/www.mylasertabac.com\/ca\/benvingut\/"},{"@type":"ListItem","position":2,"name":"Vapejar al transport p\u00fablic: normativa vigent a Fran\u00e7a"}]},{"@type":"WebSite","@id":"https:\/\/www.mylasertabac.com\/ca\/#website","url":"https:\/\/www.mylasertabac.com\/ca\/","name":"My Laser Tabac","description":"La solution laser qui transforme les fumeurs en ex-fumeurs","publisher":{"@id":"https:\/\/www.mylasertabac.com\/ca\/#organization"},"potentialAction":[{"@type":"SearchAction","target":{"@type":"EntryPoint","urlTemplate":"https:\/\/www.mylasertabac.com\/ca\/?s={search_term_string}"},"query-input":{"@type":"PropertyValueSpecification","valueRequired":true,"valueName":"search_term_string"}}],"inLanguage":"ca"},{"@type":"Organization","@id":"https:\/\/www.mylasertabac.com\/ca\/#organization","name":"My Laser Tabac","url":"https:\/\/www.mylasertabac.com\/ca\/","logo":{"@type":"ImageObject","inLanguage":"ca","@id":"https:\/\/www.mylasertabac.com\/ca\/#\/schema\/logo\/image\/","url":"https:\/\/www.mylasertabac.com\/wp-content\/uploads\/2024\/12\/mlt-verteau.svg","contentUrl":"https:\/\/www.mylasertabac.com\/wp-content\/uploads\/2024\/12\/mlt-verteau.svg","caption":"My Laser Tabac"},"image":{"@id":"https:\/\/www.mylasertabac.com\/ca\/#\/schema\/logo\/image\/"}},{"@type":"Person","@id":"https:\/\/www.mylasertabac.com\/ca\/#\/schema\/person\/02c249cb76d912efb6c315ec23eccdf3","name":"Florian Fortes","image":{"@type":"ImageObject","inLanguage":"ca","@id":"https:\/\/www.mylasertabac.com\/wp-content\/litespeed\/avatar\/142101a71d7b9e6490c1120d9c109a67.jpg?ver=1776856306","url":"https:\/\/www.mylasertabac.com\/wp-content\/litespeed\/avatar\/142101a71d7b9e6490c1120d9c109a67.jpg?ver=1776856306","contentUrl":"https:\/\/www.mylasertabac.com\/wp-content\/litespeed\/avatar\/142101a71d7b9e6490c1120d9c109a67.jpg?ver=1776856306","caption":"Florian Fortes"},"sameAs":["https:\/\/www.mylasertabac.com","https:\/\/www.facebook.com\/profile.php?id=61571554707319"],"url":"https:\/\/www.mylasertabac.com\/ca\/author\/florianfortes5312\/"}]}},"_links":{"self":[{"href":"https:\/\/www.mylasertabac.com\/ca\/wp-json\/wp\/v2\/posts\/9118","targetHints":{"allow":["GET"]}}],"collection":[{"href":"https:\/\/www.mylasertabac.com\/ca\/wp-json\/wp\/v2\/posts"}],"about":[{"href":"https:\/\/www.mylasertabac.com\/ca\/wp-json\/wp\/v2\/types\/post"}],"author":[{"embeddable":true,"href":"https:\/\/www.mylasertabac.com\/ca\/wp-json\/wp\/v2\/users\/2"}],"replies":[{"embeddable":true,"href":"https:\/\/www.mylasertabac.com\/ca\/wp-json\/wp\/v2\/comments?post=9118"}],"version-history":[{"count":3,"href":"https:\/\/www.mylasertabac.com\/ca\/wp-json\/wp\/v2\/posts\/9118\/revisions"}],"predecessor-version":[{"id":9133,"href":"https:\/\/www.mylasertabac.com\/ca\/wp-json\/wp\/v2\/posts\/9118\/revisions\/9133"}],"wp:featuredmedia":[{"embeddable":true,"href":"https:\/\/www.mylasertabac.com\/ca\/wp-json\/wp\/v2\/media\/9106"}],"wp:attachment":[{"href":"https:\/\/www.mylasertabac.com\/ca\/wp-json\/wp\/v2\/media?parent=9118"}],"wp:term":[{"taxonomy":"category","embeddable":true,"href":"https:\/\/www.mylasertabac.com\/ca\/wp-json\/wp\/v2\/categories?post=9118"},{"taxonomy":"post_tag","embeddable":true,"href":"https:\/\/www.mylasertabac.com\/ca\/wp-json\/wp\/v2\/tags?post=9118"}],"curies":[{"name":"wp","href":"https:\/\/api.w.org\/{rel}","templated":true}]}}