{"id":9222,"date":"2025-06-06T10:43:34","date_gmt":"2025-06-06T08:43:34","guid":{"rendered":"https:\/\/www.mylasertabac.com\/els-7-beneficis-provats-de-la-reflexologia-auricular-per-a-la-teva-salut-mental\/"},"modified":"2025-06-06T11:46:24","modified_gmt":"2025-06-06T09:46:24","slug":"els-7-beneficis-provats-de-la-reflexologia-auricular-per-a-la-teva-salut-mental","status":"publish","type":"post","link":"https:\/\/www.mylasertabac.com\/ca\/els-7-beneficis-provats-de-la-reflexologia-auricular-per-a-la-teva-salut-mental\/","title":{"rendered":"Els 7 beneficis provats de la reflexologia auricular per a la teva salut mental"},"content":{"rendered":"\n<div style=\"height:23px\" aria-hidden=\"true\" class=\"wp-block-spacer\"><\/div>\n\n<p>La reflexologia auricular, tamb\u00e9 coneguda com a auriculoter\u00e0pia, \u00e9s una t\u00e8cnica derivada de la medicina tradicional xinesa. Aquest m\u00e8tode suau utilitza un l\u00e0ser fred per estimular punts espec\u00edfics de l \u201corella, abordant efica\u00e7ment diversos problemes psicol\u00f2gics i emocionals. Aqu\u00ed teniu 7 beneficis provats d\u201d aquesta pr\u00e0ctica per a la vostra salut mental.  <\/p>\n\n<div style=\"height:38px\" aria-hidden=\"true\" class=\"wp-block-spacer\"><\/div>\n\n<figure class=\"wp-block-image alignleft size-full is-resized\"><img fetchpriority=\"high\" decoding=\"async\" width=\"1024\" height=\"1024\" src=\"https:\/\/www.mylasertabac.com\/wp-content\/uploads\/2025\/06\/re.png\" alt=\"\" class=\"wp-image-9231\" style=\"width:341px;height:auto\" srcset=\"https:\/\/www.mylasertabac.com\/wp-content\/uploads\/2025\/06\/re.png 1024w, https:\/\/www.mylasertabac.com\/wp-content\/uploads\/2025\/06\/re-300x300.png 300w, https:\/\/www.mylasertabac.com\/wp-content\/uploads\/2025\/06\/re-150x150.png 150w, https:\/\/www.mylasertabac.com\/wp-content\/uploads\/2025\/06\/re-768x768.png 768w\" sizes=\"(max-width: 1024px) 100vw, 1024px\" \/><\/figure>\n\n<h2 class=\"wp-block-heading\"><strong>Benefici n\u00fam. 1: Reducci\u00f3 significativa de l&#8217;ansietat<\/strong><\/h2>\n\n<h3 class=\"wp-block-heading\"><strong>Com funciona la reflexologia auricular sobre l&#8217;ansietat?<\/strong><\/h3>\n\n<p>Una estimulaci\u00f3 suau dels punts reflexos situats a l \u201corella activa el sistema nervi\u00f3s parasimp\u00e0tic i redueix la resposta a l\u201d estr\u00e8s excessiu del nervi vague. Els efectes s\u00f3n r\u00e0pids i indueixen una relaxaci\u00f3 profunda i duradora. Diversos estudis mostren que les sessions regulars redueixen significativament els s\u00edmptomes d \u201cansietat, fins i tot en persones que pateixen ansietat cr\u00f2nica. A m\u00e9s, aquesta t\u00e8cnica tamb\u00e9 millora l\u201d equilibri emocional en reduir les reaccions excessives als est\u00edmuls estressants quotidians.   <\/p>\n\n<div style=\"height:39px\" aria-hidden=\"true\" class=\"wp-block-spacer\"><\/div>\n\n<h2 class=\"wp-block-heading\"><strong>Benefici n\u00fam. 2: Millora significativa en la qualitat del son<\/strong><\/h2>\n\n<div style=\"height:23px\" aria-hidden=\"true\" class=\"wp-block-spacer\"><\/div>\n\n<h3 class=\"wp-block-heading\"><strong>Quins punts reflexos afavoreixen un millor son?<\/strong><\/h3>\n\n<div style=\"height:23px\" aria-hidden=\"true\" class=\"wp-block-spacer\"><\/div>\n\n<p>La reflexologia auricular es centra espec\u00edficament en zones com el Shen Men, conegut per les seves propietats calmants. En estimular aquests punts amb un l\u00e0ser fred, es promou un millor flux d&#8217;energia per tot el cos, millorant significativament el son i reduint els despertars nocturns. Moltes persones tamb\u00e9 noten una reducci\u00f3 dels malsons i un augment de la durada del son profund, essencial per a una correcta recuperaci\u00f3 f\u00edsica i mental.  <\/p>\n\n<div style=\"height:37px\" aria-hidden=\"true\" class=\"wp-block-spacer\"><\/div>\n\n<figure class=\"wp-block-image alignright size-full is-resized\"><img decoding=\"async\" width=\"1024\" height=\"1024\" src=\"https:\/\/www.mylasertabac.com\/wp-content\/uploads\/2025\/04\/oreille-2.png\" alt=\"\" class=\"wp-image-7499\" style=\"width:322px;height:auto\" srcset=\"https:\/\/www.mylasertabac.com\/wp-content\/uploads\/2025\/04\/oreille-2.png 1024w, https:\/\/www.mylasertabac.com\/wp-content\/uploads\/2025\/04\/oreille-2-300x300.png 300w, https:\/\/www.mylasertabac.com\/wp-content\/uploads\/2025\/04\/oreille-2-150x150.png 150w, https:\/\/www.mylasertabac.com\/wp-content\/uploads\/2025\/04\/oreille-2-768x768.png 768w\" sizes=\"(max-width: 1024px) 100vw, 1024px\" \/><\/figure>\n\n<h2 class=\"wp-block-heading\"><strong>Benefici n\u00fam. 3: Alleujament efica\u00e7 dels s\u00edmptomes de l&#8217;estr\u00e8s cr\u00f2nic<\/strong><\/h2>\n\n<h3 class=\"wp-block-heading\"><strong>Quins s\u00f3n els mecanismes fisiol\u00f2gics implicats?<\/strong><\/h3>\n\n<p>Aquesta t\u00e8cnica actua directament sobre el sistema nervi\u00f3s aut\u00f2nom. L \u201coperador estimula suaument punts reflexos espec\u00edfics, reduint l\u201d activitat del sistema nervi\u00f3s simp\u00e0tic i augmentant l \u201cactivitat del sistema nervi\u00f3s parasimp\u00e0tic. Aix\u00f2 redueix significativament els efectes de l\u201d estr\u00e8s cr\u00f2nic, com ara el dolor, la tensi\u00f3 muscular i els problemes digestius. Els beneficis a llarg termini tamb\u00e9 inclouen una millora de la gesti\u00f3 emocional, enfortint la resist\u00e8ncia a les pressions di\u00e0ries.   <\/p>\n\n<div style=\"height:37px\" aria-hidden=\"true\" class=\"wp-block-spacer\"><\/div>\n\n<h2 class=\"wp-block-heading\"><strong>Benefici n\u00fam. 4: Alleujament r\u00e0pid dels s\u00edmptomes de la depressi\u00f3 lleu<\/strong><\/h2>\n\n<div style=\"height:23px\" aria-hidden=\"true\" class=\"wp-block-spacer\"><\/div>\n\n<h3 class=\"wp-block-heading\"><strong>Testimonis i estudis que donen suport a aquests resultats<\/strong><\/h3>\n\n<div style=\"height:23px\" aria-hidden=\"true\" class=\"wp-block-spacer\"><\/div>\n\n<p>Diversos estudis demostren que la reflexologia auricular pot alleujar efica\u00e7ment els s\u00edmptomes depressius lleus. En estimular punts espec\u00edfics relacionats amb les emocions, la t\u00e8cnica promou un millor equilibri hormonal i emocional. Les persones que s&#8217;han beneficiat d&#8217;aquest m\u00e8tode sovint informen d&#8217;una r\u00e0pida millora del seu estat d&#8217;\u00e0nim, una reducci\u00f3 de la tristesa i un augment general de l&#8217;energia. Alguns usuaris tamb\u00e9 noten un augment de la motivaci\u00f3 i una major facilitat per completar les tasques di\u00e0ries.   <\/p>\n\n<div style=\"height:36px\" aria-hidden=\"true\" class=\"wp-block-spacer\"><\/div>\n\n<p class=\"has-cyan-bluish-gray-background-color has-background\">Llegiu tamb\u00e9: <a href=\"https:\/\/www.mylasertabac.com\/ca\/informacio\/formacio-laser-antitabac-i-addiccio\/\"><mark style=\"background-color:rgba(0, 0, 0, 0)\" class=\"has-inline-color has-luminous-vivid-orange-color\">Descobriu el m\u00e8tode MyLaserTabac i convertiu-vos en un professional de reflexologia auricular l\u00e0ser<\/mark><\/a><\/p>\n\n<div style=\"height:32px\" aria-hidden=\"true\" class=\"wp-block-spacer\"><\/div>\n\n<h2 class=\"wp-block-heading\"><strong>Benefici #5: Enfortir l&#8217;equilibri emocional i la concentraci\u00f3<\/strong><\/h2>\n\n<div style=\"height:23px\" aria-hidden=\"true\" class=\"wp-block-spacer\"><\/div>\n\n<h3 class=\"wp-block-heading\"><strong>Com funciona l&#8217;estimulaci\u00f3 auricular per promoure aquest equilibri?<\/strong><\/h3>\n\n<div style=\"height:23px\" aria-hidden=\"true\" class=\"wp-block-spacer\"><\/div>\n\n<p>Mitjan\u00e7ant l&#8217;estimulaci\u00f3 regular dels punts reflexos auriculars, aquesta pr\u00e0ctica ajuda a harmonitzar la teva energia vital. Les sessions tenen un efecte regulador sobre el teu sistema nervi\u00f3s, millorant el teu equilibri emocional i enfortint la teva capacitat per mantenir la concentraci\u00f3, fins i tot en situacions estressants. Aquesta t\u00e8cnica \u00e9s particularment beneficiosa per a persones que tenen dificultats per mantenir l&#8217;atenci\u00f3 o que experimenten freq\u00fcentment estats d&#8217;\u00e0nim baixos.  <\/p>\n\n<div style=\"height:23px\" aria-hidden=\"true\" class=\"wp-block-spacer\"><\/div>\n\n<h2 class=\"wp-block-heading\"><strong>Benefici n\u00fam. 6: Ajuda efica\u00e7 en la gesti\u00f3 dels trastorns relacionats amb la menopausa<\/strong><\/h2>\n\n<div style=\"height:23px\" aria-hidden=\"true\" class=\"wp-block-spacer\"><\/div>\n\n<h3 class=\"wp-block-heading\"><strong>Per qu\u00e8 \u00e9s especialment adequada la reflexologia auricular?<\/strong><\/h3>\n\n<div style=\"height:23px\" aria-hidden=\"true\" class=\"wp-block-spacer\"><\/div>\n\n<p>La menopausa sovint s \u201cacompanya de problemes com l\u201d ansietat, els trastorns del son i els canvis d \u201chumor. La reflexologia auricular es centra espec\u00edficament en les zones implicades en la regulaci\u00f3 hormonal i emocional, proporcionant un alleujament natural a les dones afectades. Les sessions regulars redueixen efica\u00e7ment aquests s\u00edmptomes, millorant la qualitat de vida di\u00e0ria. A m\u00e9s, la pr\u00e0ctica tamb\u00e9 ajuda a controlar les sufocacions i els canvis d\u201d humor sobtats, que s\u00f3n habituals durant aquest per\u00edode.   <\/p>\n\n<div style=\"height:23px\" aria-hidden=\"true\" class=\"wp-block-spacer\"><\/div>\n\n<h2 class=\"wp-block-heading\"><strong>Benefici n\u00fam. 7: Suport suau per deslligar les addiccions (tabac, sucre)<\/strong><\/h2>\n\n<div style=\"height:23px\" aria-hidden=\"true\" class=\"wp-block-spacer\"><\/div>\n\n<h3 class=\"wp-block-heading\"><strong>Com ajuda la reflexologia auricular al proc\u00e9s de deslletament?<\/strong><\/h3>\n\n<div style=\"height:23px\" aria-hidden=\"true\" class=\"wp-block-spacer\"><\/div>\n\n<p><a href=\"https:\/\/www.mylasertabac.com\/ca\/\">L \u201cabstin\u00e8ncia d\u201d addiccions com el tabac<\/a> o el sucre sovint va acompanyada de s\u00edmptomes psicol\u00f2gics dif\u00edcils de controlar, com ara irritabilitat i ansietat. En estimular punts espec\u00edfics de l \u201corella relacionats amb l\u201d addicci\u00f3 i la gesti\u00f3 de l \u201cestr\u00e8s, la reflexologia auricular alleuja significativament aquest per\u00edode delicat, enfortint la for\u00e7a de voluntat i la motivaci\u00f3 en el proc\u00e9s d\u201d abstin\u00e8ncia. Aquest enfocament suau ajuda a reduir significativament els desitjos compulsius i millora l \u201cestat d\u201d \u00e0nim general durant el proc\u00e9s.  <\/p>\n\n<div style=\"height:23px\" aria-hidden=\"true\" class=\"wp-block-spacer\"><\/div>\n\n<p><strong>Conclusi\u00f3<\/strong><\/p>\n\n<p>Els beneficis de la reflexologia auricular per a la salut mental s\u00f3n nombrosos i han estat demostrats per nombrosos estudis. Ja sigui per alleujar l \u201cansietat, millorar el son, gestionar efica\u00e7ment l\u201d estr\u00e8s cr\u00f2nic, tractar els s\u00edmptomes de la depressi\u00f3 lleu, enfortir l \u201cequilibri emocional, donar suport a la menopausa o afavorir la recuperaci\u00f3 de les addiccions, aquesta t\u00e8cnica suau ofereix una soluci\u00f3 natural i efica\u00e7. No dubteu a rec\u00f3rrer a professionals qualificats per beneficiar-vos al m\u00e0xim d\u201d aquests efectes positius en la vostra salut mental i general.  <\/p>\n\n<p><\/p>\n\n<div style=\"height:28px\" aria-hidden=\"true\" class=\"wp-block-spacer\"><\/div>\n\n<figure class=\"wp-block-image size-large\"><img decoding=\"async\" src=\"https:\/\/www.mylasertabac.com\/wp-content\/uploads\/\/mlt-verteau.svg\" alt=\"\" class=\"wp-image-13\"\/><\/figure>\n","protected":false},"excerpt":{"rendered":"<p>La reflexologia auricular, tamb\u00e9 coneguda com a auriculoter\u00e0pia, \u00e9s una t\u00e8cnica derivada de la medicina tradicional xinesa. Aquest m\u00e8tode suau utilitza un l\u00e0ser fred per estimular punts espec\u00edfics de l \u201corella, abordant efica\u00e7ment diversos problemes psicol\u00f2gics i emocionals. Aqu\u00ed teniu 7 beneficis provats d\u201d aquesta pr\u00e0ctica per a la vostra salut mental. Benefici n\u00fam. 1: [&hellip;]<\/p>\n","protected":false},"author":2,"featured_media":9209,"comment_status":"closed","ping_status":"open","sticky":false,"template":"","format":"standard","meta":{"inline_featured_image":false,"footnotes":""},"categories":[159],"tags":[],"class_list":["post-9222","post","type-post","status-publish","format-standard","has-post-thumbnail","hentry","category-salut"],"yoast_head":"<!-- This site is optimized with the Yoast SEO plugin v27.4 - https:\/\/yoast.com\/product\/yoast-seo-wordpress\/ -->\n<title>Els 7 beneficis provats de la reflexologia auricular per a la teva salut mental - My Laser Tabac<\/title>\n<meta name=\"description\" content=\"Descobreix els 7 principals beneficis provats de la reflexologia auricular amb l\u00e0ser fred: reducci\u00f3 de l&#039;ansietat, millora de la qualitat del son, gesti\u00f3 de l&#039;estr\u00e8s i suport per a la recuperaci\u00f3 d&#039;addiccions.\" \/>\n<meta name=\"robots\" content=\"index, follow, max-snippet:-1, max-image-preview:large, max-video-preview:-1\" \/>\n<link rel=\"canonical\" href=\"https:\/\/www.mylasertabac.com\/ca\/els-7-beneficis-provats-de-la-reflexologia-auricular-per-a-la-teva-salut-mental\/\" \/>\n<meta property=\"og:locale\" content=\"ca_ES\" \/>\n<meta property=\"og:type\" content=\"article\" \/>\n<meta property=\"og:title\" content=\"Els 7 beneficis provats de la reflexologia auricular per a la teva salut mental - My Laser Tabac\" \/>\n<meta property=\"og:description\" content=\"Descobreix els 7 principals beneficis provats de la reflexologia auricular amb l\u00e0ser fred: reducci\u00f3 de l&#039;ansietat, millora de la qualitat del son, gesti\u00f3 de l&#039;estr\u00e8s i suport per a la recuperaci\u00f3 d&#039;addiccions.\" \/>\n<meta property=\"og:url\" content=\"https:\/\/www.mylasertabac.com\/ca\/els-7-beneficis-provats-de-la-reflexologia-auricular-per-a-la-teva-salut-mental\/\" \/>\n<meta property=\"og:site_name\" content=\"My Laser Tabac\" \/>\n<meta property=\"article:author\" content=\"https:\/\/www.facebook.com\/profile.php?id=61571554707319\" \/>\n<meta property=\"article:published_time\" content=\"2025-06-06T08:43:34+00:00\" \/>\n<meta property=\"article:modified_time\" content=\"2025-06-06T09:46:24+00:00\" \/>\n<meta property=\"og:image\" content=\"https:\/\/www.mylasertabac.com\/wp-content\/uploads\/2025\/06\/reflexologie-1024x683.png\" \/>\n\t<meta property=\"og:image:width\" content=\"1024\" \/>\n\t<meta property=\"og:image:height\" content=\"683\" \/>\n\t<meta property=\"og:image:type\" content=\"image\/png\" \/>\n<meta name=\"author\" content=\"Florian Fortes\" \/>\n<meta name=\"twitter:card\" content=\"summary_large_image\" \/>\n<meta name=\"twitter:label1\" content=\"Escrit per\" \/>\n\t<meta name=\"twitter:data1\" content=\"Florian Fortes\" \/>\n\t<meta name=\"twitter:label2\" content=\"Temps estimat de lectura\" \/>\n\t<meta name=\"twitter:data2\" content=\"4 minuts\" \/>\n<script type=\"application\/ld+json\" class=\"yoast-schema-graph\">{\"@context\":\"https:\\\/\\\/schema.org\",\"@graph\":[{\"@type\":\"Article\",\"@id\":\"https:\\\/\\\/www.mylasertabac.com\\\/ca\\\/els-7-beneficis-provats-de-la-reflexologia-auricular-per-a-la-teva-salut-mental\\\/#article\",\"isPartOf\":{\"@id\":\"https:\\\/\\\/www.mylasertabac.com\\\/ca\\\/els-7-beneficis-provats-de-la-reflexologia-auricular-per-a-la-teva-salut-mental\\\/\"},\"author\":{\"name\":\"Florian Fortes\",\"@id\":\"https:\\\/\\\/www.mylasertabac.com\\\/ca\\\/#\\\/schema\\\/person\\\/02c249cb76d912efb6c315ec23eccdf3\"},\"headline\":\"Els 7 beneficis provats de la reflexologia auricular per a la teva salut mental\",\"datePublished\":\"2025-06-06T08:43:34+00:00\",\"dateModified\":\"2025-06-06T09:46:24+00:00\",\"mainEntityOfPage\":{\"@id\":\"https:\\\/\\\/www.mylasertabac.com\\\/ca\\\/els-7-beneficis-provats-de-la-reflexologia-auricular-per-a-la-teva-salut-mental\\\/\"},\"wordCount\":911,\"publisher\":{\"@id\":\"https:\\\/\\\/www.mylasertabac.com\\\/ca\\\/#organization\"},\"image\":{\"@id\":\"https:\\\/\\\/www.mylasertabac.com\\\/ca\\\/els-7-beneficis-provats-de-la-reflexologia-auricular-per-a-la-teva-salut-mental\\\/#primaryimage\"},\"thumbnailUrl\":\"https:\\\/\\\/www.mylasertabac.com\\\/wp-content\\\/uploads\\\/2025\\\/06\\\/reflexologie.png\",\"articleSection\":[\"Salut\"],\"inLanguage\":\"ca\"},{\"@type\":\"WebPage\",\"@id\":\"https:\\\/\\\/www.mylasertabac.com\\\/ca\\\/els-7-beneficis-provats-de-la-reflexologia-auricular-per-a-la-teva-salut-mental\\\/\",\"url\":\"https:\\\/\\\/www.mylasertabac.com\\\/ca\\\/els-7-beneficis-provats-de-la-reflexologia-auricular-per-a-la-teva-salut-mental\\\/\",\"name\":\"Els 7 beneficis provats de la reflexologia auricular per a la teva salut mental - My Laser Tabac\",\"isPartOf\":{\"@id\":\"https:\\\/\\\/www.mylasertabac.com\\\/ca\\\/#website\"},\"primaryImageOfPage\":{\"@id\":\"https:\\\/\\\/www.mylasertabac.com\\\/ca\\\/els-7-beneficis-provats-de-la-reflexologia-auricular-per-a-la-teva-salut-mental\\\/#primaryimage\"},\"image\":{\"@id\":\"https:\\\/\\\/www.mylasertabac.com\\\/ca\\\/els-7-beneficis-provats-de-la-reflexologia-auricular-per-a-la-teva-salut-mental\\\/#primaryimage\"},\"thumbnailUrl\":\"https:\\\/\\\/www.mylasertabac.com\\\/wp-content\\\/uploads\\\/2025\\\/06\\\/reflexologie.png\",\"datePublished\":\"2025-06-06T08:43:34+00:00\",\"dateModified\":\"2025-06-06T09:46:24+00:00\",\"description\":\"Descobreix els 7 principals beneficis provats de la reflexologia auricular amb l\u00e0ser fred: reducci\u00f3 de l'ansietat, millora de la qualitat del son, gesti\u00f3 de l'estr\u00e8s i suport per a la recuperaci\u00f3 d'addiccions.\",\"breadcrumb\":{\"@id\":\"https:\\\/\\\/www.mylasertabac.com\\\/ca\\\/els-7-beneficis-provats-de-la-reflexologia-auricular-per-a-la-teva-salut-mental\\\/#breadcrumb\"},\"inLanguage\":\"ca\",\"potentialAction\":[{\"@type\":\"ReadAction\",\"target\":[\"https:\\\/\\\/www.mylasertabac.com\\\/ca\\\/els-7-beneficis-provats-de-la-reflexologia-auricular-per-a-la-teva-salut-mental\\\/\"]}]},{\"@type\":\"ImageObject\",\"inLanguage\":\"ca\",\"@id\":\"https:\\\/\\\/www.mylasertabac.com\\\/ca\\\/els-7-beneficis-provats-de-la-reflexologia-auricular-per-a-la-teva-salut-mental\\\/#primaryimage\",\"url\":\"https:\\\/\\\/www.mylasertabac.com\\\/wp-content\\\/uploads\\\/2025\\\/06\\\/reflexologie.png\",\"contentUrl\":\"https:\\\/\\\/www.mylasertabac.com\\\/wp-content\\\/uploads\\\/2025\\\/06\\\/reflexologie.png\",\"width\":1536,\"height\":1024},{\"@type\":\"BreadcrumbList\",\"@id\":\"https:\\\/\\\/www.mylasertabac.com\\\/ca\\\/els-7-beneficis-provats-de-la-reflexologia-auricular-per-a-la-teva-salut-mental\\\/#breadcrumb\",\"itemListElement\":[{\"@type\":\"ListItem\",\"position\":1,\"name\":\"Accueil\",\"item\":\"https:\\\/\\\/www.mylasertabac.com\\\/ca\\\/benvingut\\\/\"},{\"@type\":\"ListItem\",\"position\":2,\"name\":\"Els 7 beneficis provats de la reflexologia auricular per a la teva salut mental\"}]},{\"@type\":\"WebSite\",\"@id\":\"https:\\\/\\\/www.mylasertabac.com\\\/ca\\\/#website\",\"url\":\"https:\\\/\\\/www.mylasertabac.com\\\/ca\\\/\",\"name\":\"My Laser Tabac\",\"description\":\"La solution laser qui transforme les fumeurs en ex-fumeurs\",\"publisher\":{\"@id\":\"https:\\\/\\\/www.mylasertabac.com\\\/ca\\\/#organization\"},\"potentialAction\":[{\"@type\":\"SearchAction\",\"target\":{\"@type\":\"EntryPoint\",\"urlTemplate\":\"https:\\\/\\\/www.mylasertabac.com\\\/ca\\\/?s={search_term_string}\"},\"query-input\":{\"@type\":\"PropertyValueSpecification\",\"valueRequired\":true,\"valueName\":\"search_term_string\"}}],\"inLanguage\":\"ca\"},{\"@type\":\"Organization\",\"@id\":\"https:\\\/\\\/www.mylasertabac.com\\\/ca\\\/#organization\",\"name\":\"My Laser Tabac\",\"url\":\"https:\\\/\\\/www.mylasertabac.com\\\/ca\\\/\",\"logo\":{\"@type\":\"ImageObject\",\"inLanguage\":\"ca\",\"@id\":\"https:\\\/\\\/www.mylasertabac.com\\\/ca\\\/#\\\/schema\\\/logo\\\/image\\\/\",\"url\":\"https:\\\/\\\/www.mylasertabac.com\\\/wp-content\\\/uploads\\\/2024\\\/12\\\/mlt-verteau.svg\",\"contentUrl\":\"https:\\\/\\\/www.mylasertabac.com\\\/wp-content\\\/uploads\\\/2024\\\/12\\\/mlt-verteau.svg\",\"caption\":\"My Laser Tabac\"},\"image\":{\"@id\":\"https:\\\/\\\/www.mylasertabac.com\\\/ca\\\/#\\\/schema\\\/logo\\\/image\\\/\"}},{\"@type\":\"Person\",\"@id\":\"https:\\\/\\\/www.mylasertabac.com\\\/ca\\\/#\\\/schema\\\/person\\\/02c249cb76d912efb6c315ec23eccdf3\",\"name\":\"Florian Fortes\",\"image\":{\"@type\":\"ImageObject\",\"inLanguage\":\"ca\",\"@id\":\"https:\\\/\\\/www.mylasertabac.com\\\/wp-content\\\/litespeed\\\/avatar\\\/142101a71d7b9e6490c1120d9c109a67.jpg?ver=1776856306\",\"url\":\"https:\\\/\\\/www.mylasertabac.com\\\/wp-content\\\/litespeed\\\/avatar\\\/142101a71d7b9e6490c1120d9c109a67.jpg?ver=1776856306\",\"contentUrl\":\"https:\\\/\\\/www.mylasertabac.com\\\/wp-content\\\/litespeed\\\/avatar\\\/142101a71d7b9e6490c1120d9c109a67.jpg?ver=1776856306\",\"caption\":\"Florian Fortes\"},\"sameAs\":[\"https:\\\/\\\/www.mylasertabac.com\",\"https:\\\/\\\/www.facebook.com\\\/profile.php?id=61571554707319\"],\"url\":\"https:\\\/\\\/www.mylasertabac.com\\\/ca\\\/author\\\/florianfortes5312\\\/\"}]}<\/script>\n<!-- \/ Yoast SEO plugin. -->","yoast_head_json":{"title":"Els 7 beneficis provats de la reflexologia auricular per a la teva salut mental - My Laser Tabac","description":"Descobreix els 7 principals beneficis provats de la reflexologia auricular amb l\u00e0ser fred: reducci\u00f3 de l'ansietat, millora de la qualitat del son, gesti\u00f3 de l'estr\u00e8s i suport per a la recuperaci\u00f3 d'addiccions.","robots":{"index":"index","follow":"follow","max-snippet":"max-snippet:-1","max-image-preview":"max-image-preview:large","max-video-preview":"max-video-preview:-1"},"canonical":"https:\/\/www.mylasertabac.com\/ca\/els-7-beneficis-provats-de-la-reflexologia-auricular-per-a-la-teva-salut-mental\/","og_locale":"ca_ES","og_type":"article","og_title":"Els 7 beneficis provats de la reflexologia auricular per a la teva salut mental - My Laser Tabac","og_description":"Descobreix els 7 principals beneficis provats de la reflexologia auricular amb l\u00e0ser fred: reducci\u00f3 de l'ansietat, millora de la qualitat del son, gesti\u00f3 de l'estr\u00e8s i suport per a la recuperaci\u00f3 d'addiccions.","og_url":"https:\/\/www.mylasertabac.com\/ca\/els-7-beneficis-provats-de-la-reflexologia-auricular-per-a-la-teva-salut-mental\/","og_site_name":"My Laser Tabac","article_author":"https:\/\/www.facebook.com\/profile.php?id=61571554707319","article_published_time":"2025-06-06T08:43:34+00:00","article_modified_time":"2025-06-06T09:46:24+00:00","og_image":[{"width":1024,"height":683,"url":"https:\/\/www.mylasertabac.com\/wp-content\/uploads\/2025\/06\/reflexologie-1024x683.png","type":"image\/png"}],"author":"Florian Fortes","twitter_card":"summary_large_image","twitter_misc":{"Escrit per":"Florian Fortes","Temps estimat de lectura":"4 minuts"},"schema":{"@context":"https:\/\/schema.org","@graph":[{"@type":"Article","@id":"https:\/\/www.mylasertabac.com\/ca\/els-7-beneficis-provats-de-la-reflexologia-auricular-per-a-la-teva-salut-mental\/#article","isPartOf":{"@id":"https:\/\/www.mylasertabac.com\/ca\/els-7-beneficis-provats-de-la-reflexologia-auricular-per-a-la-teva-salut-mental\/"},"author":{"name":"Florian Fortes","@id":"https:\/\/www.mylasertabac.com\/ca\/#\/schema\/person\/02c249cb76d912efb6c315ec23eccdf3"},"headline":"Els 7 beneficis provats de la reflexologia auricular per a la teva salut mental","datePublished":"2025-06-06T08:43:34+00:00","dateModified":"2025-06-06T09:46:24+00:00","mainEntityOfPage":{"@id":"https:\/\/www.mylasertabac.com\/ca\/els-7-beneficis-provats-de-la-reflexologia-auricular-per-a-la-teva-salut-mental\/"},"wordCount":911,"publisher":{"@id":"https:\/\/www.mylasertabac.com\/ca\/#organization"},"image":{"@id":"https:\/\/www.mylasertabac.com\/ca\/els-7-beneficis-provats-de-la-reflexologia-auricular-per-a-la-teva-salut-mental\/#primaryimage"},"thumbnailUrl":"https:\/\/www.mylasertabac.com\/wp-content\/uploads\/2025\/06\/reflexologie.png","articleSection":["Salut"],"inLanguage":"ca"},{"@type":"WebPage","@id":"https:\/\/www.mylasertabac.com\/ca\/els-7-beneficis-provats-de-la-reflexologia-auricular-per-a-la-teva-salut-mental\/","url":"https:\/\/www.mylasertabac.com\/ca\/els-7-beneficis-provats-de-la-reflexologia-auricular-per-a-la-teva-salut-mental\/","name":"Els 7 beneficis provats de la reflexologia auricular per a la teva salut mental - My Laser Tabac","isPartOf":{"@id":"https:\/\/www.mylasertabac.com\/ca\/#website"},"primaryImageOfPage":{"@id":"https:\/\/www.mylasertabac.com\/ca\/els-7-beneficis-provats-de-la-reflexologia-auricular-per-a-la-teva-salut-mental\/#primaryimage"},"image":{"@id":"https:\/\/www.mylasertabac.com\/ca\/els-7-beneficis-provats-de-la-reflexologia-auricular-per-a-la-teva-salut-mental\/#primaryimage"},"thumbnailUrl":"https:\/\/www.mylasertabac.com\/wp-content\/uploads\/2025\/06\/reflexologie.png","datePublished":"2025-06-06T08:43:34+00:00","dateModified":"2025-06-06T09:46:24+00:00","description":"Descobreix els 7 principals beneficis provats de la reflexologia auricular amb l\u00e0ser fred: reducci\u00f3 de l'ansietat, millora de la qualitat del son, gesti\u00f3 de l'estr\u00e8s i suport per a la recuperaci\u00f3 d'addiccions.","breadcrumb":{"@id":"https:\/\/www.mylasertabac.com\/ca\/els-7-beneficis-provats-de-la-reflexologia-auricular-per-a-la-teva-salut-mental\/#breadcrumb"},"inLanguage":"ca","potentialAction":[{"@type":"ReadAction","target":["https:\/\/www.mylasertabac.com\/ca\/els-7-beneficis-provats-de-la-reflexologia-auricular-per-a-la-teva-salut-mental\/"]}]},{"@type":"ImageObject","inLanguage":"ca","@id":"https:\/\/www.mylasertabac.com\/ca\/els-7-beneficis-provats-de-la-reflexologia-auricular-per-a-la-teva-salut-mental\/#primaryimage","url":"https:\/\/www.mylasertabac.com\/wp-content\/uploads\/2025\/06\/reflexologie.png","contentUrl":"https:\/\/www.mylasertabac.com\/wp-content\/uploads\/2025\/06\/reflexologie.png","width":1536,"height":1024},{"@type":"BreadcrumbList","@id":"https:\/\/www.mylasertabac.com\/ca\/els-7-beneficis-provats-de-la-reflexologia-auricular-per-a-la-teva-salut-mental\/#breadcrumb","itemListElement":[{"@type":"ListItem","position":1,"name":"Accueil","item":"https:\/\/www.mylasertabac.com\/ca\/benvingut\/"},{"@type":"ListItem","position":2,"name":"Els 7 beneficis provats de la reflexologia auricular per a la teva salut mental"}]},{"@type":"WebSite","@id":"https:\/\/www.mylasertabac.com\/ca\/#website","url":"https:\/\/www.mylasertabac.com\/ca\/","name":"My Laser Tabac","description":"La solution laser qui transforme les fumeurs en ex-fumeurs","publisher":{"@id":"https:\/\/www.mylasertabac.com\/ca\/#organization"},"potentialAction":[{"@type":"SearchAction","target":{"@type":"EntryPoint","urlTemplate":"https:\/\/www.mylasertabac.com\/ca\/?s={search_term_string}"},"query-input":{"@type":"PropertyValueSpecification","valueRequired":true,"valueName":"search_term_string"}}],"inLanguage":"ca"},{"@type":"Organization","@id":"https:\/\/www.mylasertabac.com\/ca\/#organization","name":"My Laser Tabac","url":"https:\/\/www.mylasertabac.com\/ca\/","logo":{"@type":"ImageObject","inLanguage":"ca","@id":"https:\/\/www.mylasertabac.com\/ca\/#\/schema\/logo\/image\/","url":"https:\/\/www.mylasertabac.com\/wp-content\/uploads\/2024\/12\/mlt-verteau.svg","contentUrl":"https:\/\/www.mylasertabac.com\/wp-content\/uploads\/2024\/12\/mlt-verteau.svg","caption":"My Laser Tabac"},"image":{"@id":"https:\/\/www.mylasertabac.com\/ca\/#\/schema\/logo\/image\/"}},{"@type":"Person","@id":"https:\/\/www.mylasertabac.com\/ca\/#\/schema\/person\/02c249cb76d912efb6c315ec23eccdf3","name":"Florian Fortes","image":{"@type":"ImageObject","inLanguage":"ca","@id":"https:\/\/www.mylasertabac.com\/wp-content\/litespeed\/avatar\/142101a71d7b9e6490c1120d9c109a67.jpg?ver=1776856306","url":"https:\/\/www.mylasertabac.com\/wp-content\/litespeed\/avatar\/142101a71d7b9e6490c1120d9c109a67.jpg?ver=1776856306","contentUrl":"https:\/\/www.mylasertabac.com\/wp-content\/litespeed\/avatar\/142101a71d7b9e6490c1120d9c109a67.jpg?ver=1776856306","caption":"Florian Fortes"},"sameAs":["https:\/\/www.mylasertabac.com","https:\/\/www.facebook.com\/profile.php?id=61571554707319"],"url":"https:\/\/www.mylasertabac.com\/ca\/author\/florianfortes5312\/"}]}},"_links":{"self":[{"href":"https:\/\/www.mylasertabac.com\/ca\/wp-json\/wp\/v2\/posts\/9222","targetHints":{"allow":["GET"]}}],"collection":[{"href":"https:\/\/www.mylasertabac.com\/ca\/wp-json\/wp\/v2\/posts"}],"about":[{"href":"https:\/\/www.mylasertabac.com\/ca\/wp-json\/wp\/v2\/types\/post"}],"author":[{"embeddable":true,"href":"https:\/\/www.mylasertabac.com\/ca\/wp-json\/wp\/v2\/users\/2"}],"replies":[{"embeddable":true,"href":"https:\/\/www.mylasertabac.com\/ca\/wp-json\/wp\/v2\/comments?post=9222"}],"version-history":[{"count":4,"href":"https:\/\/www.mylasertabac.com\/ca\/wp-json\/wp\/v2\/posts\/9222\/revisions"}],"predecessor-version":[{"id":9258,"href":"https:\/\/www.mylasertabac.com\/ca\/wp-json\/wp\/v2\/posts\/9222\/revisions\/9258"}],"wp:featuredmedia":[{"embeddable":true,"href":"https:\/\/www.mylasertabac.com\/ca\/wp-json\/wp\/v2\/media\/9209"}],"wp:attachment":[{"href":"https:\/\/www.mylasertabac.com\/ca\/wp-json\/wp\/v2\/media?parent=9222"}],"wp:term":[{"taxonomy":"category","embeddable":true,"href":"https:\/\/www.mylasertabac.com\/ca\/wp-json\/wp\/v2\/categories?post=9222"},{"taxonomy":"post_tag","embeddable":true,"href":"https:\/\/www.mylasertabac.com\/ca\/wp-json\/wp\/v2\/tags?post=9222"}],"curies":[{"name":"wp","href":"https:\/\/api.w.org\/{rel}","templated":true}]}}