{"id":9294,"date":"2025-06-06T14:02:23","date_gmt":"2025-06-06T12:02:23","guid":{"rendered":"https:\/\/www.mylasertabac.com\/treballar-en-el-benestar-i-el-suport-el-laser-antitabac-una-vocacio-humana-i-gratificant\/"},"modified":"2025-06-06T14:23:10","modified_gmt":"2025-06-06T12:23:10","slug":"treballar-en-el-benestar-i-el-suport-el-laser-antitabac-una-vocacio-humana-i-gratificant","status":"publish","type":"post","link":"https:\/\/www.mylasertabac.com\/ca\/treballar-en-el-benestar-i-el-suport-el-laser-antitabac-una-vocacio-humana-i-gratificant\/","title":{"rendered":"Treballar en el benestar i el suport: el l\u00e0ser antitabac, una vocaci\u00f3 humana i gratificant"},"content":{"rendered":"\n<p><\/p>\n\n<p>I si la teva feina pogu\u00e9s tenir un <strong>impacte directe en la vida de les persones<\/strong> ? Molta gent aspira a una carrera que aporti <strong>benestar, suport i canvis positius<\/strong> als altres. Treballar en el suport hum\u00e0 \u00e9s una font de realitzaci\u00f3 professional, que ofereix no nom\u00e9s una sensaci\u00f3 de satisfacci\u00f3, sin\u00f3 tamb\u00e9 l&#8217;oportunitat de seguir una carrera <strong>\u00fatil i gratificant<\/strong> .  <\/p>\n\n<p>El <strong>l\u00e0ser antitabac<\/strong> \u00e9s un m\u00e8tode innovador que ajuda els fumadors <strong>a alliberar-se de la seva addicci\u00f3 definitivament<\/strong> . Com a professional, tens un paper vital en la seva transformaci\u00f3 i benestar. Aquesta activitat proporciona <strong>ajuda concreta a les persones en dificultats<\/strong> , alhora que es beneficien d&#8217;una professi\u00f3 accessible, rendible i gratificant a nivell hum\u00e0.  <\/p>\n\n<p>Descobrim per qu\u00e8 convertir-se en un professional <strong>de la depilaci\u00f3 l\u00e0ser antitabac<\/strong> pot ser molt m\u00e9s que una feina, sin\u00f3 una <strong>veritable vocaci\u00f3<\/strong> .<\/p>\n\n<div style=\"height:35px\" aria-hidden=\"true\" class=\"wp-block-spacer\"><\/div>\n\n<div class=\"wp-block-buttons alignwide is-content-justification-center is-layout-flex wp-container-core-buttons-is-layout-a89b3969 wp-block-buttons-is-layout-flex\">\n<div class=\"wp-block-button is-style-outline is-style-outline--1\"><a class=\"wp-block-button__link wp-element-button\" href=\"https:\/\/www.mylasertabac.com\/ca\/informacio\/formacio-laser-antitabac-i-addiccio\/\">Apr\u00e8n m\u00e9s sobre la formaci\u00f3 en auriculoter\u00e0pia l\u00e0ser per tractar addiccions&#8230;<\/a><\/div>\n<\/div>\n\n<div style=\"height:35px\" aria-hidden=\"true\" class=\"wp-block-spacer\"><\/div>\n\n<figure class=\"wp-block-image alignleft size-full is-resized\"><img fetchpriority=\"high\" decoding=\"async\" width=\"975\" height=\"982\" src=\"https:\/\/www.mylasertabac.com\/wp-content\/uploads\/2025\/06\/centre.jpeg\" alt=\"\" class=\"wp-image-9265\" style=\"width:349px;height:auto\" srcset=\"https:\/\/www.mylasertabac.com\/wp-content\/uploads\/2025\/06\/centre.jpeg 975w, https:\/\/www.mylasertabac.com\/wp-content\/uploads\/2025\/06\/centre-298x300.jpeg 298w, https:\/\/www.mylasertabac.com\/wp-content\/uploads\/2025\/06\/centre-150x150.jpeg 150w, https:\/\/www.mylasertabac.com\/wp-content\/uploads\/2025\/06\/centre-768x774.jpeg 768w\" sizes=\"(max-width: 975px) 100vw, 975px\" \/><\/figure>\n\n<h2 class=\"wp-block-heading\"><strong>Per qu\u00e8 \u00e9s tan gratificant ser un professional del l\u00e0ser per al control del tabac?<\/strong><\/h2>\n\n<h3 class=\"wp-block-heading\"><strong>\ud83d\udc99 Ajuda els altres de manera concreta<\/strong><\/h3>\n\n<p>Cada dia, milers de fumadors volen <strong>deixar de fumar<\/strong> , per\u00f2 molts fracassen per manca de suport adequat. Com a professional l\u00e0ser antitabac, proporciones <strong>una soluci\u00f3 efica\u00e7 i natural<\/strong> que els permet deixar de fumar. <\/p>\n\n<ul class=\"wp-block-list\">\n<li><strong>Guiar\u00e0s<\/strong> els pacients a trav\u00e9s d&#8217;una <strong>transici\u00f3 vital important<\/strong> .<\/li>\n\n\n\n<li>Participar\u00e0s en <strong>la millora de la seva salut<\/strong> i benestar general.<\/li>\n\n\n\n<li>Ajudar\u00e0s <strong>a fam\u00edlies senceres<\/strong> , perqu\u00e8 un fumador que deixa de fumar t\u00e9 un impacte positiu en els que l&#8217;envolten.<\/li>\n<\/ul>\n\n<div style=\"height:41px\" aria-hidden=\"true\" class=\"wp-block-spacer\"><\/div>\n\n<h3 class=\"wp-block-heading\"><strong>\ud83c\udf1f Porta benestar i salut<\/strong><\/h3>\n\n<div style=\"height:28px\" aria-hidden=\"true\" class=\"wp-block-spacer\"><\/div>\n\n<p>Fumar \u00e9s una de les <strong>principals causes de malalties prevenibles<\/strong> a tot el m\u00f3n. Deixar de fumar pot <strong>millorar significativament la salut dels pacients<\/strong> : <\/p>\n\n<div style=\"height:28px\" aria-hidden=\"true\" class=\"wp-block-spacer\"><\/div>\n\n<ul class=\"wp-block-list\">\n<li>Reducci\u00f3 del <strong>risc cardiovascular<\/strong> despr\u00e9s d&#8217;uns mesos.<\/li>\n\n\n\n<li>Millora de <strong>la capacitat respirat\u00f2ria<\/strong> i reducci\u00f3 dels s\u00edmptomes de fatiga.<\/li>\n\n\n\n<li>Recuperaci\u00f3 del <strong>gust i l&#8217;olfacte<\/strong> en poques setmanes.<\/li>\n\n\n\n<li>Reducci\u00f3 de l \u201cestr\u00e8s i l\u201d ansietat relacionats amb les addiccions.<\/li>\n<\/ul>\n\n<div style=\"height:28px\" aria-hidden=\"true\" class=\"wp-block-spacer\"><\/div>\n\n<p>Com a professional, no nom\u00e9s ets all\u00e0 per aplicar un m\u00e8tode, sin\u00f3 tamb\u00e9 per <strong>escoltar, aconsellar i donar suport<\/strong> a cada persona en aquesta transformaci\u00f3 vital.<\/p>\n\n<div style=\"height:28px\" aria-hidden=\"true\" class=\"wp-block-spacer\"><\/div>\n\n<h3 class=\"wp-block-heading\"><strong>\ud83d\udc4f Comentaris immediats i gratificants dels clients<\/strong><\/h3>\n\n<div style=\"height:28px\" aria-hidden=\"true\" class=\"wp-block-spacer\"><\/div>\n\n<p>No hi ha res m\u00e9s gratificant que veure <strong>un pacient marxar de la teva consulta sense tabac<\/strong> despr\u00e9s d&#8217;una sola sessi\u00f3. Molts pacients expressen <strong>una immensa gratitud<\/strong> al seu professional. <\/p>\n\n<p>Els missatges d \u201cagra\u00efment i les recomanacions sovint arriben despr\u00e9s de les primeres setmanes de deixar de fumar. <strong>Et converteixes en un actor clau en el seu \u00e8xit<\/strong> , un guia en la seva lluita contra l\u201d addicci\u00f3. \u00c9s aquesta forta connexi\u00f3 humana el que fa que aquesta feina sigui tan especial. <\/p>\n\n<div style=\"height:28px\" aria-hidden=\"true\" class=\"wp-block-spacer\"><\/div>\n\n<h3 class=\"wp-block-heading\"><strong>Una professi\u00f3 accessible i oberta a tothom<\/strong><\/h3>\n\n<div style=\"height:28px\" aria-hidden=\"true\" class=\"wp-block-spacer\"><\/div>\n\n<h3 class=\"wp-block-heading\"><strong>\u2705 No cal ser metge ni terapeuta<\/strong><\/h3>\n\n<div style=\"height:28px\" aria-hidden=\"true\" class=\"wp-block-spacer\"><\/div>\n\n<p>A difer\u00e8ncia d \u201caltres professions del benestar que requereixen <strong>anys d\u201d estudi<\/strong> , el l\u00e0ser antitabac \u00e9s una t\u00e8cnica <strong>accessible a tothom<\/strong> . No cal ser un professional sanitari per exercir-hi. La formaci\u00f3 \u00e9s <strong>clara, r\u00e0pida i efica\u00e7<\/strong> , i et permet estar operatiu en nom\u00e9s uns dies.  <\/p>\n\n<div style=\"height:44px\" aria-hidden=\"true\" class=\"wp-block-spacer\"><\/div>\n\n<figure class=\"wp-block-image alignright size-full is-resized\"><img decoding=\"async\" width=\"962\" height=\"963\" src=\"https:\/\/www.mylasertabac.com\/wp-content\/uploads\/2025\/06\/franchise-laser-anti-tabac-.jpeg\" alt=\"\" class=\"wp-image-9281\" style=\"width:381px;height:auto\" srcset=\"https:\/\/www.mylasertabac.com\/wp-content\/uploads\/2025\/06\/franchise-laser-anti-tabac-.jpeg 962w, https:\/\/www.mylasertabac.com\/wp-content\/uploads\/2025\/06\/franchise-laser-anti-tabac--300x300.jpeg 300w, https:\/\/www.mylasertabac.com\/wp-content\/uploads\/2025\/06\/franchise-laser-anti-tabac--150x150.jpeg 150w, https:\/\/www.mylasertabac.com\/wp-content\/uploads\/2025\/06\/franchise-laser-anti-tabac--768x769.jpeg 768w\" sizes=\"(max-width: 962px) 100vw, 962px\" \/><\/figure>\n\n<h3 class=\"wp-block-heading\"><strong>\ud83d\udcc8 Una oportunitat professional en auge<\/strong><\/h3>\n\n<p>Amb l&#8217;augment del preu dels cigarrets, les campanyes antitabac i la creixent conscienciaci\u00f3 entre els fumadors, la demanda de <strong>l\u00e0sers antitabac est\u00e0 augmentant exponencialment<\/strong> . <strong>Els pacients busquen solucions naturals i duradores<\/strong> , i els l\u00e0sers s\u00f3n la soluci\u00f3 perfecta.<\/p>\n\n<p><a href=\"https:\/\/www.mylasertabac.com\/ca\/informacio\/formacio-laser-antitabac-i-addiccio\/\">L&#8217;entrenament l\u00e0ser antitabac i antiaddicci\u00f3<\/a> et permet:<\/p>\n\n<ul class=\"wp-block-list\">\n<li><strong>Crea el teu propi centre de benestar<\/strong> i ofereix els teus serveis.<\/li>\n\n\n\n<li><strong>Treballant en col\u00b7laboraci\u00f3 amb professionals sanitaris<\/strong> .<\/li>\n\n\n\n<li><strong>Desenvolupa el teu negoci a tot Fran\u00e7a<\/strong> gr\u00e0cies a la forta demanda.<\/li>\n<\/ul>\n\n<div style=\"height:42px\" aria-hidden=\"true\" class=\"wp-block-spacer\"><\/div>\n\n<h3 class=\"wp-block-heading\"><strong>\ud83c\udf93 Formaci\u00f3 clau en m\u00e0 per a un \u00e8xit r\u00e0pid<\/strong><\/h3>\n\n<div style=\"height:28px\" aria-hidden=\"true\" class=\"wp-block-spacer\"><\/div>\n\n<p>Amb <strong><a href=\"https:\/\/www.mylasertabac.com\/ca\/\">MyLaserTabac<\/a><\/strong> , et beneficies d&#8217;una formaci\u00f3 completa que inclou:<\/p>\n\n<ol start=\"1\" class=\"wp-block-list\">\n<li><strong>Dos dies de formaci\u00f3 intensiva presencial<\/strong> per aprendre t\u00e8cniques i estimulaci\u00f3 l\u00e0ser.<\/li>\n\n\n\n<li><strong>Un dia d&#8217;immersi\u00f3<\/strong> en un centre especialitzat per observar i practicar.<\/li>\n\n\n\n<li><strong>Suport per videoconfer\u00e8ncia<\/strong> despr\u00e9s de la formaci\u00f3 per millorar la teva pr\u00e0ctica.<\/li>\n\n\n\n<li><strong>Sis mesos de suport continu<\/strong> per garantir una posada en marxa \u00f2ptima.<\/li>\n<\/ol>\n\n<div style=\"height:32px\" aria-hidden=\"true\" class=\"wp-block-spacer\"><\/div>\n\n<p class=\"has-cyan-bluish-gray-background-color has-background\">Llegiu tamb\u00e9: <a href=\"https:\/\/www.mylasertabac.com\/ca\/informacio\/formacio-laser-antitabac-i-addiccio\/\"><mark style=\"background-color:rgba(0, 0, 0, 0)\" class=\"has-inline-color has-luminous-vivid-orange-color\">Descobriu el m\u00e8tode MyLaserTabac i convertiu-vos en un professional de reflexologia auricular l\u00e0ser<\/mark><\/a><\/p>\n\n<div style=\"height:33px\" aria-hidden=\"true\" class=\"wp-block-spacer\"><\/div>\n\n<h2 class=\"wp-block-heading\"><strong>Desenvolupament personal a trav\u00e9s d&#8217;aquesta professi\u00f3<\/strong><\/h2>\n\n<div style=\"height:28px\" aria-hidden=\"true\" class=\"wp-block-spacer\"><\/div>\n\n<h3 class=\"wp-block-heading\"><strong>\ud83d\udd04 Canvia la teva vida canviant la vida dels altres<\/strong><\/h3>\n\n<div style=\"height:28px\" aria-hidden=\"true\" class=\"wp-block-spacer\"><\/div>\n\n<p>Treballar en una <strong>professi\u00f3 humana<\/strong> tamb\u00e9 transforma el professional. Sentir\u00e0s <strong>un immens orgull<\/strong> en veure com els teus pacients evolucionen i recuperen una millor qualitat de vida. Cada sessi\u00f3 ser\u00e0 una <strong>vict\u00f2ria<\/strong> compartida amb ells, enfortint la teva motivaci\u00f3 i el teu comprom\u00eds amb aquesta professi\u00f3.  <\/p>\n\n<div style=\"height:28px\" aria-hidden=\"true\" class=\"wp-block-spacer\"><\/div>\n\n<h3 class=\"wp-block-heading\"><strong>\ud83e\udd1d Crea un vincle fort amb els teus pacients<\/strong><\/h3>\n\n<div style=\"height:28px\" aria-hidden=\"true\" class=\"wp-block-spacer\"><\/div>\n\n<p>Donar suport a la gent que vol deixar de fumar no es tracta nom\u00e9s d \u201cuna simple sessi\u00f3 de tractament amb l\u00e0ser. <strong>Et converteixes en un veritable suport<\/strong> per als teus pacients, guiant-los a trav\u00e9s d\u201d un canvi profund. Aquest vincle de confian\u00e7a \u00e9s una font de satisfacci\u00f3 personal i professional. <\/p>\n\n<div style=\"height:28px\" aria-hidden=\"true\" class=\"wp-block-spacer\"><\/div>\n\n<h3 class=\"wp-block-heading\"><strong>\ud83c\udfc6 Desenvolupa&#8217;t al teu ritme i gestiona el teu negoci com vulguis<\/strong><\/h3>\n\n<div style=\"height:28px\" aria-hidden=\"true\" class=\"wp-block-spacer\"><\/div>\n\n<p>Convertir-se en un professional del l\u00e0ser antitabac ofereix <strong>una flexibilitat total<\/strong> :<\/p>\n\n<div style=\"height:28px\" aria-hidden=\"true\" class=\"wp-block-spacer\"><\/div>\n\n<ul class=\"wp-block-list\">\n<li>Tu tries <strong>el teu horari<\/strong> i el teu ritme de treball.<\/li>\n\n\n\n<li>Pots treballar <strong>en una oficina<\/strong> .<\/li>\n\n\n\n<li>Ets <strong>el teu propi cap<\/strong> , cosa que et d\u00f3na una llibertat inigualable.<\/li>\n<\/ul>\n\n<div style=\"height:28px\" aria-hidden=\"true\" class=\"wp-block-spacer\"><\/div>\n\n<h3 class=\"wp-block-heading\"><strong>Testimonis de professionals i pacients<\/strong><\/h3>\n\n<div style=\"height:28px\" aria-hidden=\"true\" class=\"wp-block-spacer\"><\/div>\n\n<p><strong>\ud83d\udce2 Testimoni de Julien, ex-empleat que s&#8217;ha reciclat professionalment<\/strong><\/p>\n\n<div style=\"height:28px\" aria-hidden=\"true\" class=\"wp-block-spacer\"><\/div>\n\n<p>&#8220;Vaig treballar durant 10 anys en una feina que ja no m&#8217;entusiasmava. Necessitava un canvi, per\u00f2 no volia tornar a estudis llargs. Quan vaig descobrir la formaci\u00f3 MyLaserTabac, vaig fer el pas. Avui, finalment em sento <strong>\u00fatil i realitzat<\/strong> . Veure els meus pacients sortir de la meva consulta sense una cigarreta \u00e9s una gran satisfacci\u00f3.&#8221;    <\/p>\n\n<div style=\"height:38px\" aria-hidden=\"true\" class=\"wp-block-spacer\"><\/div>\n\n<figure class=\"wp-block-image alignright size-full is-resized\"><img decoding=\"async\" width=\"1024\" height=\"1024\" src=\"https:\/\/www.mylasertabac.com\/wp-content\/uploads\/2025\/06\/d.png\" alt=\"\" class=\"wp-image-9273\" style=\"width:394px;height:auto\" srcset=\"https:\/\/www.mylasertabac.com\/wp-content\/uploads\/2025\/06\/d.png 1024w, https:\/\/www.mylasertabac.com\/wp-content\/uploads\/2025\/06\/d-300x300.png 300w, https:\/\/www.mylasertabac.com\/wp-content\/uploads\/2025\/06\/d-150x150.png 150w, https:\/\/www.mylasertabac.com\/wp-content\/uploads\/2025\/06\/d-768x768.png 768w\" sizes=\"(max-width: 1024px) 100vw, 1024px\" \/><\/figure>\n\n<p><strong>\ud83d\udcac Opinions de pacients que han deixat de fumar amb \u00e8xit<\/strong><\/p>\n\n<p>&#8220;Feia 15 anys que fumava i ho havia provat tot: pegats, hipnosi, medicaci\u00f3&#8230; sense \u00e8xit. Despr\u00e9s d&#8217;una sola sessi\u00f3 de l\u00e0ser, les meves ganes de fumar van desapar\u00e8ixer. Gr\u00e0cies al meu professional per escoltar-me i donar-me suport!&#8221;<\/p>\n\n<div style=\"height:46px\" aria-hidden=\"true\" class=\"wp-block-spacer\"><\/div>\n\n<h2 class=\"wp-block-heading\"><strong>Conclusi\u00f3<\/strong><\/h2>\n\n<div style=\"height:28px\" aria-hidden=\"true\" class=\"wp-block-spacer\"><\/div>\n\n<p><strong>Ser un professional de la cirurgia l\u00e0ser sense tabac<\/strong> \u00e9s molt m\u00e9s que una simple activitat professional. \u00c9s una <strong>vocaci\u00f3<\/strong> que ens permet ajudar concretament a les persones a deixar de fumar, alhora que oferim una satisfacci\u00f3 personal inigualable. <\/p>\n\n<p>Accessible, humana i en expansi\u00f3, aquesta professi\u00f3 ofereix perspectives incre\u00efbles a aquells que volen fer una feina <strong>\u00fatil, gratificant i rendible<\/strong> .<\/p>\n\n<p>Vols donar <strong>un nou sentit a la teva carrera<\/strong> i prosperar en una professi\u00f3 centrada en el benestar?<\/p>\n\n<div style=\"height:28px\" aria-hidden=\"true\" class=\"wp-block-spacer\"><\/div>\n\n<p>\ud83d\ude80 <strong>Uneix-te a MyLaserTabac i converteix-te en un agent de canvi avui mateix!<\/strong><\/p>\n\n<div style=\"height:45px\" aria-hidden=\"true\" class=\"wp-block-spacer\"><\/div>\n\n<figure class=\"wp-block-image size-large\"><img decoding=\"async\" src=\"https:\/\/www.mylasertabac.com\/wp-content\/uploads\/\/mlt-verteau.svg\" alt=\"\" class=\"wp-image-13\"\/><\/figure>\n","protected":false},"excerpt":{"rendered":"<p>I si la teva feina pogu\u00e9s tenir un impacte directe en la vida de les persones ? Molta gent aspira a una carrera que aporti benestar, suport i canvis positius als altres. Treballar en el suport hum\u00e0 \u00e9s una font de realitzaci\u00f3 professional, que ofereix no nom\u00e9s una sensaci\u00f3 de satisfacci\u00f3, sin\u00f3 tamb\u00e9 l&#8217;oportunitat de [&hellip;]<\/p>\n","protected":false},"author":2,"featured_media":9282,"comment_status":"closed","ping_status":"open","sticky":false,"template":"","format":"standard","meta":{"inline_featured_image":false,"footnotes":""},"categories":[590],"tags":[],"class_list":["post-9294","post","type-post","status-publish","format-standard","has-post-thumbnail","hentry","category-negoci"],"yoast_head":"<!-- This site is optimized with the Yoast SEO plugin v27.4 - https:\/\/yoast.com\/product\/yoast-seo-wordpress\/ -->\n<title>Treballar en el benestar i el suport: el l\u00e0ser antitabac, una vocaci\u00f3 humana i gratificant - My Laser Tabac<\/title>\n<meta name=\"description\" content=\"Voleu llan\u00e7ar un negoci nou i en creixement? MylaserTabac llan\u00e7a la seva franqu\u00edcia en els camps del benestar i les addiccions.\" \/>\n<meta name=\"robots\" content=\"index, follow, max-snippet:-1, max-image-preview:large, max-video-preview:-1\" \/>\n<link rel=\"canonical\" href=\"https:\/\/www.mylasertabac.com\/ca\/treballar-en-el-benestar-i-el-suport-el-laser-antitabac-una-vocacio-humana-i-gratificant\/\" \/>\n<meta property=\"og:locale\" content=\"ca_ES\" \/>\n<meta property=\"og:type\" content=\"article\" \/>\n<meta property=\"og:title\" content=\"Treballar en el benestar i el suport: el l\u00e0ser antitabac, una vocaci\u00f3 humana i gratificant - My Laser Tabac\" \/>\n<meta property=\"og:description\" content=\"Voleu llan\u00e7ar un negoci nou i en creixement? MylaserTabac llan\u00e7a la seva franqu\u00edcia en els camps del benestar i les addiccions.\" \/>\n<meta property=\"og:url\" content=\"https:\/\/www.mylasertabac.com\/ca\/treballar-en-el-benestar-i-el-suport-el-laser-antitabac-una-vocacio-humana-i-gratificant\/\" \/>\n<meta property=\"og:site_name\" content=\"My Laser Tabac\" \/>\n<meta property=\"article:author\" content=\"https:\/\/www.facebook.com\/profile.php?id=61571554707319\" \/>\n<meta property=\"article:published_time\" content=\"2025-06-06T12:02:23+00:00\" \/>\n<meta property=\"article:modified_time\" content=\"2025-06-06T12:23:10+00:00\" \/>\n<meta property=\"og:image\" content=\"https:\/\/www.mylasertabac.com\/wp-content\/uploads\/2025\/06\/franchise-laser-anti-tabac-.jpeg\" \/>\n\t<meta property=\"og:image:width\" content=\"962\" \/>\n\t<meta property=\"og:image:height\" content=\"963\" \/>\n\t<meta property=\"og:image:type\" content=\"image\/jpeg\" \/>\n<meta name=\"author\" content=\"Florian Fortes\" \/>\n<meta name=\"twitter:card\" content=\"summary_large_image\" \/>\n<meta name=\"twitter:label1\" content=\"Escrit per\" \/>\n\t<meta name=\"twitter:data1\" content=\"Florian Fortes\" \/>\n\t<meta name=\"twitter:label2\" content=\"Temps estimat de lectura\" \/>\n\t<meta name=\"twitter:data2\" content=\"5 minuts\" \/>\n<script type=\"application\/ld+json\" class=\"yoast-schema-graph\">{\"@context\":\"https:\\\/\\\/schema.org\",\"@graph\":[{\"@type\":\"Article\",\"@id\":\"https:\\\/\\\/www.mylasertabac.com\\\/ca\\\/treballar-en-el-benestar-i-el-suport-el-laser-antitabac-una-vocacio-humana-i-gratificant\\\/#article\",\"isPartOf\":{\"@id\":\"https:\\\/\\\/www.mylasertabac.com\\\/ca\\\/treballar-en-el-benestar-i-el-suport-el-laser-antitabac-una-vocacio-humana-i-gratificant\\\/\"},\"author\":{\"name\":\"Florian Fortes\",\"@id\":\"https:\\\/\\\/www.mylasertabac.com\\\/ca\\\/#\\\/schema\\\/person\\\/02c249cb76d912efb6c315ec23eccdf3\"},\"headline\":\"Treballar en el benestar i el suport: el l\u00e0ser antitabac, una vocaci\u00f3 humana i gratificant\",\"datePublished\":\"2025-06-06T12:02:23+00:00\",\"dateModified\":\"2025-06-06T12:23:10+00:00\",\"mainEntityOfPage\":{\"@id\":\"https:\\\/\\\/www.mylasertabac.com\\\/ca\\\/treballar-en-el-benestar-i-el-suport-el-laser-antitabac-una-vocacio-humana-i-gratificant\\\/\"},\"wordCount\":1109,\"publisher\":{\"@id\":\"https:\\\/\\\/www.mylasertabac.com\\\/ca\\\/#organization\"},\"image\":{\"@id\":\"https:\\\/\\\/www.mylasertabac.com\\\/ca\\\/treballar-en-el-benestar-i-el-suport-el-laser-antitabac-una-vocacio-humana-i-gratificant\\\/#primaryimage\"},\"thumbnailUrl\":\"https:\\\/\\\/www.mylasertabac.com\\\/wp-content\\\/uploads\\\/2025\\\/06\\\/franchise-laser-anti-tabac-.jpeg\",\"articleSection\":[\"negoci\"],\"inLanguage\":\"ca\"},{\"@type\":\"WebPage\",\"@id\":\"https:\\\/\\\/www.mylasertabac.com\\\/ca\\\/treballar-en-el-benestar-i-el-suport-el-laser-antitabac-una-vocacio-humana-i-gratificant\\\/\",\"url\":\"https:\\\/\\\/www.mylasertabac.com\\\/ca\\\/treballar-en-el-benestar-i-el-suport-el-laser-antitabac-una-vocacio-humana-i-gratificant\\\/\",\"name\":\"Treballar en el benestar i el suport: el l\u00e0ser antitabac, una vocaci\u00f3 humana i gratificant - My Laser Tabac\",\"isPartOf\":{\"@id\":\"https:\\\/\\\/www.mylasertabac.com\\\/ca\\\/#website\"},\"primaryImageOfPage\":{\"@id\":\"https:\\\/\\\/www.mylasertabac.com\\\/ca\\\/treballar-en-el-benestar-i-el-suport-el-laser-antitabac-una-vocacio-humana-i-gratificant\\\/#primaryimage\"},\"image\":{\"@id\":\"https:\\\/\\\/www.mylasertabac.com\\\/ca\\\/treballar-en-el-benestar-i-el-suport-el-laser-antitabac-una-vocacio-humana-i-gratificant\\\/#primaryimage\"},\"thumbnailUrl\":\"https:\\\/\\\/www.mylasertabac.com\\\/wp-content\\\/uploads\\\/2025\\\/06\\\/franchise-laser-anti-tabac-.jpeg\",\"datePublished\":\"2025-06-06T12:02:23+00:00\",\"dateModified\":\"2025-06-06T12:23:10+00:00\",\"description\":\"Voleu llan\u00e7ar un negoci nou i en creixement? MylaserTabac llan\u00e7a la seva franqu\u00edcia en els camps del benestar i les addiccions.\",\"breadcrumb\":{\"@id\":\"https:\\\/\\\/www.mylasertabac.com\\\/ca\\\/treballar-en-el-benestar-i-el-suport-el-laser-antitabac-una-vocacio-humana-i-gratificant\\\/#breadcrumb\"},\"inLanguage\":\"ca\",\"potentialAction\":[{\"@type\":\"ReadAction\",\"target\":[\"https:\\\/\\\/www.mylasertabac.com\\\/ca\\\/treballar-en-el-benestar-i-el-suport-el-laser-antitabac-una-vocacio-humana-i-gratificant\\\/\"]}]},{\"@type\":\"ImageObject\",\"inLanguage\":\"ca\",\"@id\":\"https:\\\/\\\/www.mylasertabac.com\\\/ca\\\/treballar-en-el-benestar-i-el-suport-el-laser-antitabac-una-vocacio-humana-i-gratificant\\\/#primaryimage\",\"url\":\"https:\\\/\\\/www.mylasertabac.com\\\/wp-content\\\/uploads\\\/2025\\\/06\\\/franchise-laser-anti-tabac-.jpeg\",\"contentUrl\":\"https:\\\/\\\/www.mylasertabac.com\\\/wp-content\\\/uploads\\\/2025\\\/06\\\/franchise-laser-anti-tabac-.jpeg\",\"width\":962,\"height\":963},{\"@type\":\"BreadcrumbList\",\"@id\":\"https:\\\/\\\/www.mylasertabac.com\\\/ca\\\/treballar-en-el-benestar-i-el-suport-el-laser-antitabac-una-vocacio-humana-i-gratificant\\\/#breadcrumb\",\"itemListElement\":[{\"@type\":\"ListItem\",\"position\":1,\"name\":\"Accueil\",\"item\":\"https:\\\/\\\/www.mylasertabac.com\\\/ca\\\/benvingut\\\/\"},{\"@type\":\"ListItem\",\"position\":2,\"name\":\"Treballar en el benestar i el suport: el l\u00e0ser antitabac, una vocaci\u00f3 humana i gratificant\"}]},{\"@type\":\"WebSite\",\"@id\":\"https:\\\/\\\/www.mylasertabac.com\\\/ca\\\/#website\",\"url\":\"https:\\\/\\\/www.mylasertabac.com\\\/ca\\\/\",\"name\":\"My Laser Tabac\",\"description\":\"La solution laser qui transforme les fumeurs en ex-fumeurs\",\"publisher\":{\"@id\":\"https:\\\/\\\/www.mylasertabac.com\\\/ca\\\/#organization\"},\"potentialAction\":[{\"@type\":\"SearchAction\",\"target\":{\"@type\":\"EntryPoint\",\"urlTemplate\":\"https:\\\/\\\/www.mylasertabac.com\\\/ca\\\/?s={search_term_string}\"},\"query-input\":{\"@type\":\"PropertyValueSpecification\",\"valueRequired\":true,\"valueName\":\"search_term_string\"}}],\"inLanguage\":\"ca\"},{\"@type\":\"Organization\",\"@id\":\"https:\\\/\\\/www.mylasertabac.com\\\/ca\\\/#organization\",\"name\":\"My Laser Tabac\",\"url\":\"https:\\\/\\\/www.mylasertabac.com\\\/ca\\\/\",\"logo\":{\"@type\":\"ImageObject\",\"inLanguage\":\"ca\",\"@id\":\"https:\\\/\\\/www.mylasertabac.com\\\/ca\\\/#\\\/schema\\\/logo\\\/image\\\/\",\"url\":\"https:\\\/\\\/www.mylasertabac.com\\\/wp-content\\\/uploads\\\/2024\\\/12\\\/mlt-verteau.svg\",\"contentUrl\":\"https:\\\/\\\/www.mylasertabac.com\\\/wp-content\\\/uploads\\\/2024\\\/12\\\/mlt-verteau.svg\",\"caption\":\"My Laser Tabac\"},\"image\":{\"@id\":\"https:\\\/\\\/www.mylasertabac.com\\\/ca\\\/#\\\/schema\\\/logo\\\/image\\\/\"}},{\"@type\":\"Person\",\"@id\":\"https:\\\/\\\/www.mylasertabac.com\\\/ca\\\/#\\\/schema\\\/person\\\/02c249cb76d912efb6c315ec23eccdf3\",\"name\":\"Florian Fortes\",\"image\":{\"@type\":\"ImageObject\",\"inLanguage\":\"ca\",\"@id\":\"https:\\\/\\\/www.mylasertabac.com\\\/wp-content\\\/litespeed\\\/avatar\\\/142101a71d7b9e6490c1120d9c109a67.jpg?ver=1776856306\",\"url\":\"https:\\\/\\\/www.mylasertabac.com\\\/wp-content\\\/litespeed\\\/avatar\\\/142101a71d7b9e6490c1120d9c109a67.jpg?ver=1776856306\",\"contentUrl\":\"https:\\\/\\\/www.mylasertabac.com\\\/wp-content\\\/litespeed\\\/avatar\\\/142101a71d7b9e6490c1120d9c109a67.jpg?ver=1776856306\",\"caption\":\"Florian Fortes\"},\"sameAs\":[\"https:\\\/\\\/www.mylasertabac.com\",\"https:\\\/\\\/www.facebook.com\\\/profile.php?id=61571554707319\"],\"url\":\"https:\\\/\\\/www.mylasertabac.com\\\/ca\\\/author\\\/florianfortes5312\\\/\"}]}<\/script>\n<!-- \/ Yoast SEO plugin. -->","yoast_head_json":{"title":"Treballar en el benestar i el suport: el l\u00e0ser antitabac, una vocaci\u00f3 humana i gratificant - My Laser Tabac","description":"Voleu llan\u00e7ar un negoci nou i en creixement? MylaserTabac llan\u00e7a la seva franqu\u00edcia en els camps del benestar i les addiccions.","robots":{"index":"index","follow":"follow","max-snippet":"max-snippet:-1","max-image-preview":"max-image-preview:large","max-video-preview":"max-video-preview:-1"},"canonical":"https:\/\/www.mylasertabac.com\/ca\/treballar-en-el-benestar-i-el-suport-el-laser-antitabac-una-vocacio-humana-i-gratificant\/","og_locale":"ca_ES","og_type":"article","og_title":"Treballar en el benestar i el suport: el l\u00e0ser antitabac, una vocaci\u00f3 humana i gratificant - My Laser Tabac","og_description":"Voleu llan\u00e7ar un negoci nou i en creixement? MylaserTabac llan\u00e7a la seva franqu\u00edcia en els camps del benestar i les addiccions.","og_url":"https:\/\/www.mylasertabac.com\/ca\/treballar-en-el-benestar-i-el-suport-el-laser-antitabac-una-vocacio-humana-i-gratificant\/","og_site_name":"My Laser Tabac","article_author":"https:\/\/www.facebook.com\/profile.php?id=61571554707319","article_published_time":"2025-06-06T12:02:23+00:00","article_modified_time":"2025-06-06T12:23:10+00:00","og_image":[{"width":962,"height":963,"url":"https:\/\/www.mylasertabac.com\/wp-content\/uploads\/2025\/06\/franchise-laser-anti-tabac-.jpeg","type":"image\/jpeg"}],"author":"Florian Fortes","twitter_card":"summary_large_image","twitter_misc":{"Escrit per":"Florian Fortes","Temps estimat de lectura":"5 minuts"},"schema":{"@context":"https:\/\/schema.org","@graph":[{"@type":"Article","@id":"https:\/\/www.mylasertabac.com\/ca\/treballar-en-el-benestar-i-el-suport-el-laser-antitabac-una-vocacio-humana-i-gratificant\/#article","isPartOf":{"@id":"https:\/\/www.mylasertabac.com\/ca\/treballar-en-el-benestar-i-el-suport-el-laser-antitabac-una-vocacio-humana-i-gratificant\/"},"author":{"name":"Florian Fortes","@id":"https:\/\/www.mylasertabac.com\/ca\/#\/schema\/person\/02c249cb76d912efb6c315ec23eccdf3"},"headline":"Treballar en el benestar i el suport: el l\u00e0ser antitabac, una vocaci\u00f3 humana i gratificant","datePublished":"2025-06-06T12:02:23+00:00","dateModified":"2025-06-06T12:23:10+00:00","mainEntityOfPage":{"@id":"https:\/\/www.mylasertabac.com\/ca\/treballar-en-el-benestar-i-el-suport-el-laser-antitabac-una-vocacio-humana-i-gratificant\/"},"wordCount":1109,"publisher":{"@id":"https:\/\/www.mylasertabac.com\/ca\/#organization"},"image":{"@id":"https:\/\/www.mylasertabac.com\/ca\/treballar-en-el-benestar-i-el-suport-el-laser-antitabac-una-vocacio-humana-i-gratificant\/#primaryimage"},"thumbnailUrl":"https:\/\/www.mylasertabac.com\/wp-content\/uploads\/2025\/06\/franchise-laser-anti-tabac-.jpeg","articleSection":["negoci"],"inLanguage":"ca"},{"@type":"WebPage","@id":"https:\/\/www.mylasertabac.com\/ca\/treballar-en-el-benestar-i-el-suport-el-laser-antitabac-una-vocacio-humana-i-gratificant\/","url":"https:\/\/www.mylasertabac.com\/ca\/treballar-en-el-benestar-i-el-suport-el-laser-antitabac-una-vocacio-humana-i-gratificant\/","name":"Treballar en el benestar i el suport: el l\u00e0ser antitabac, una vocaci\u00f3 humana i gratificant - My Laser Tabac","isPartOf":{"@id":"https:\/\/www.mylasertabac.com\/ca\/#website"},"primaryImageOfPage":{"@id":"https:\/\/www.mylasertabac.com\/ca\/treballar-en-el-benestar-i-el-suport-el-laser-antitabac-una-vocacio-humana-i-gratificant\/#primaryimage"},"image":{"@id":"https:\/\/www.mylasertabac.com\/ca\/treballar-en-el-benestar-i-el-suport-el-laser-antitabac-una-vocacio-humana-i-gratificant\/#primaryimage"},"thumbnailUrl":"https:\/\/www.mylasertabac.com\/wp-content\/uploads\/2025\/06\/franchise-laser-anti-tabac-.jpeg","datePublished":"2025-06-06T12:02:23+00:00","dateModified":"2025-06-06T12:23:10+00:00","description":"Voleu llan\u00e7ar un negoci nou i en creixement? MylaserTabac llan\u00e7a la seva franqu\u00edcia en els camps del benestar i les addiccions.","breadcrumb":{"@id":"https:\/\/www.mylasertabac.com\/ca\/treballar-en-el-benestar-i-el-suport-el-laser-antitabac-una-vocacio-humana-i-gratificant\/#breadcrumb"},"inLanguage":"ca","potentialAction":[{"@type":"ReadAction","target":["https:\/\/www.mylasertabac.com\/ca\/treballar-en-el-benestar-i-el-suport-el-laser-antitabac-una-vocacio-humana-i-gratificant\/"]}]},{"@type":"ImageObject","inLanguage":"ca","@id":"https:\/\/www.mylasertabac.com\/ca\/treballar-en-el-benestar-i-el-suport-el-laser-antitabac-una-vocacio-humana-i-gratificant\/#primaryimage","url":"https:\/\/www.mylasertabac.com\/wp-content\/uploads\/2025\/06\/franchise-laser-anti-tabac-.jpeg","contentUrl":"https:\/\/www.mylasertabac.com\/wp-content\/uploads\/2025\/06\/franchise-laser-anti-tabac-.jpeg","width":962,"height":963},{"@type":"BreadcrumbList","@id":"https:\/\/www.mylasertabac.com\/ca\/treballar-en-el-benestar-i-el-suport-el-laser-antitabac-una-vocacio-humana-i-gratificant\/#breadcrumb","itemListElement":[{"@type":"ListItem","position":1,"name":"Accueil","item":"https:\/\/www.mylasertabac.com\/ca\/benvingut\/"},{"@type":"ListItem","position":2,"name":"Treballar en el benestar i el suport: el l\u00e0ser antitabac, una vocaci\u00f3 humana i gratificant"}]},{"@type":"WebSite","@id":"https:\/\/www.mylasertabac.com\/ca\/#website","url":"https:\/\/www.mylasertabac.com\/ca\/","name":"My Laser Tabac","description":"La solution laser qui transforme les fumeurs en ex-fumeurs","publisher":{"@id":"https:\/\/www.mylasertabac.com\/ca\/#organization"},"potentialAction":[{"@type":"SearchAction","target":{"@type":"EntryPoint","urlTemplate":"https:\/\/www.mylasertabac.com\/ca\/?s={search_term_string}"},"query-input":{"@type":"PropertyValueSpecification","valueRequired":true,"valueName":"search_term_string"}}],"inLanguage":"ca"},{"@type":"Organization","@id":"https:\/\/www.mylasertabac.com\/ca\/#organization","name":"My Laser Tabac","url":"https:\/\/www.mylasertabac.com\/ca\/","logo":{"@type":"ImageObject","inLanguage":"ca","@id":"https:\/\/www.mylasertabac.com\/ca\/#\/schema\/logo\/image\/","url":"https:\/\/www.mylasertabac.com\/wp-content\/uploads\/2024\/12\/mlt-verteau.svg","contentUrl":"https:\/\/www.mylasertabac.com\/wp-content\/uploads\/2024\/12\/mlt-verteau.svg","caption":"My Laser Tabac"},"image":{"@id":"https:\/\/www.mylasertabac.com\/ca\/#\/schema\/logo\/image\/"}},{"@type":"Person","@id":"https:\/\/www.mylasertabac.com\/ca\/#\/schema\/person\/02c249cb76d912efb6c315ec23eccdf3","name":"Florian Fortes","image":{"@type":"ImageObject","inLanguage":"ca","@id":"https:\/\/www.mylasertabac.com\/wp-content\/litespeed\/avatar\/142101a71d7b9e6490c1120d9c109a67.jpg?ver=1776856306","url":"https:\/\/www.mylasertabac.com\/wp-content\/litespeed\/avatar\/142101a71d7b9e6490c1120d9c109a67.jpg?ver=1776856306","contentUrl":"https:\/\/www.mylasertabac.com\/wp-content\/litespeed\/avatar\/142101a71d7b9e6490c1120d9c109a67.jpg?ver=1776856306","caption":"Florian Fortes"},"sameAs":["https:\/\/www.mylasertabac.com","https:\/\/www.facebook.com\/profile.php?id=61571554707319"],"url":"https:\/\/www.mylasertabac.com\/ca\/author\/florianfortes5312\/"}]}},"_links":{"self":[{"href":"https:\/\/www.mylasertabac.com\/ca\/wp-json\/wp\/v2\/posts\/9294","targetHints":{"allow":["GET"]}}],"collection":[{"href":"https:\/\/www.mylasertabac.com\/ca\/wp-json\/wp\/v2\/posts"}],"about":[{"href":"https:\/\/www.mylasertabac.com\/ca\/wp-json\/wp\/v2\/types\/post"}],"author":[{"embeddable":true,"href":"https:\/\/www.mylasertabac.com\/ca\/wp-json\/wp\/v2\/users\/2"}],"replies":[{"embeddable":true,"href":"https:\/\/www.mylasertabac.com\/ca\/wp-json\/wp\/v2\/comments?post=9294"}],"version-history":[{"count":3,"href":"https:\/\/www.mylasertabac.com\/ca\/wp-json\/wp\/v2\/posts\/9294\/revisions"}],"predecessor-version":[{"id":9312,"href":"https:\/\/www.mylasertabac.com\/ca\/wp-json\/wp\/v2\/posts\/9294\/revisions\/9312"}],"wp:featuredmedia":[{"embeddable":true,"href":"https:\/\/www.mylasertabac.com\/ca\/wp-json\/wp\/v2\/media\/9282"}],"wp:attachment":[{"href":"https:\/\/www.mylasertabac.com\/ca\/wp-json\/wp\/v2\/media?parent=9294"}],"wp:term":[{"taxonomy":"category","embeddable":true,"href":"https:\/\/www.mylasertabac.com\/ca\/wp-json\/wp\/v2\/categories?post=9294"},{"taxonomy":"post_tag","embeddable":true,"href":"https:\/\/www.mylasertabac.com\/ca\/wp-json\/wp\/v2\/tags?post=9294"}],"curies":[{"name":"wp","href":"https:\/\/api.w.org\/{rel}","templated":true}]}}