{"id":9434,"date":"2025-06-11T16:06:26","date_gmt":"2025-06-11T14:06:26","guid":{"rendered":"https:\/\/www.mylasertabac.com\/aquests-actors-que-treballen-per-un-mon-sense-tabac-homenatge-a-aquells-que-marquen-la-diferencia\/"},"modified":"2025-06-11T16:32:59","modified_gmt":"2025-06-11T14:32:59","slug":"aquests-actors-que-treballen-per-un-mon-sense-tabac-homenatge-a-aquells-que-marquen-la-diferencia","status":"publish","type":"post","link":"https:\/\/www.mylasertabac.com\/ca\/aquests-actors-que-treballen-per-un-mon-sense-tabac-homenatge-a-aquells-que-marquen-la-diferencia\/","title":{"rendered":"Aquests actors que treballen per un m\u00f3n sense tabac: homenatge a aquells que marquen la difer\u00e8ncia"},"content":{"rendered":"\n<div style=\"height:19px\" aria-hidden=\"true\" class=\"wp-block-spacer\"><\/div>\n\n<p>Cada any, en <strong>el Dia Mundial Sense Tabac<\/strong> , desenes de persones, organitzacions i institucions s\u00f3n reconegudes pel seu <strong>comprom\u00eds amb la lluita contra el tabaquisme<\/strong> . Darrere d \u201caquests premis simb\u00f2lics s\u201d amaga una realitat molt real: una lluita a llarg termini per protegir la salut p\u00fablica i salvar milions de vides. <\/p>\n\n<p>En un m\u00f3n on la ind\u00fastria del tabac es renova constantment per atraure les generacions m\u00e9s joves, \u00e9s m\u00e9s crucial que mai recon\u00e8ixer la tasca d&#8217;aquells que <strong>resisteixen la pressi\u00f3, informen, legisla i proporcionen atenci\u00f3<\/strong> .<\/p>\n\n<div style=\"height:28px\" aria-hidden=\"true\" class=\"wp-block-spacer\"><\/div>\n\n<hr class=\"wp-block-separator has-alpha-channel-opacity\"\/>\n\n<figure class=\"wp-block-image alignleft size-full is-resized\"><img fetchpriority=\"high\" decoding=\"async\" width=\"1024\" height=\"1024\" src=\"https:\/\/www.mylasertabac.com\/wp-content\/uploads\/2025\/06\/1F3234A4-3024-4BAE-8B7D-65C12C9D2778.png\" alt=\"\" class=\"wp-image-9446\" style=\"width:421px;height:auto\" srcset=\"https:\/\/www.mylasertabac.com\/wp-content\/uploads\/2025\/06\/1F3234A4-3024-4BAE-8B7D-65C12C9D2778.png 1024w, https:\/\/www.mylasertabac.com\/wp-content\/uploads\/2025\/06\/1F3234A4-3024-4BAE-8B7D-65C12C9D2778-300x300.png 300w, https:\/\/www.mylasertabac.com\/wp-content\/uploads\/2025\/06\/1F3234A4-3024-4BAE-8B7D-65C12C9D2778-150x150.png 150w, https:\/\/www.mylasertabac.com\/wp-content\/uploads\/2025\/06\/1F3234A4-3024-4BAE-8B7D-65C12C9D2778-768x768.png 768w\" sizes=\"(max-width: 1024px) 100vw, 1024px\" \/><\/figure>\n\n<h2 class=\"wp-block-heading\">\ud83d\udead El tabac, encara avui un dels principals flagells de salut p\u00fablica<\/h2>\n\n<p>Amb gaireb\u00e9 <strong>8 milions de morts a tot el m\u00f3n cada any<\/strong> , el tabac continua sent la <strong>principal causa de mort evitable<\/strong> . Els seus efectes s\u00f3n devastadors: c\u00e0ncers, malalties cardiovasculars, patologies respirat\u00f2ries cr\u00f2niques, trastorns de la fertilitat, etc. <\/p>\n\n<p>Per\u00f2 m\u00e9s enll\u00e0 de les xifres, cal desconstruir tot un <strong>sistema econ\u00f2mic, cultural i social<\/strong> . Perqu\u00e8 el tabac no \u00e9s nom\u00e9s una subst\u00e0ncia: \u00e9s un <strong>mercat<\/strong> , una <strong>addicci\u00f3 fomentada<\/strong> i, sovint, un <strong>objectiu dirigit als m\u00e9s vulnerables<\/strong> : els joves, les persones en situacions prec\u00e0ries i les poblacions mal informades. <\/p>\n\n<div style=\"height:31px\" aria-hidden=\"true\" class=\"wp-block-spacer\"><\/div>\n\n<hr class=\"wp-block-separator has-alpha-channel-opacity\"\/>\n\n<h2 class=\"wp-block-heading\">\ud83c\udf0d Un dia mundial per conscienciar<\/h2>\n\n<div style=\"height:19px\" aria-hidden=\"true\" class=\"wp-block-spacer\"><\/div>\n\n<p>Celebrat cada <strong>31 de maig<\/strong> , <strong>el Dia Mundial Sense Tabac<\/strong> \u00e9s una oportunitat perqu\u00e8 l&#8217;OMS i els seus socis destaquin:<\/p>\n\n<div style=\"height:19px\" aria-hidden=\"true\" class=\"wp-block-spacer\"><\/div>\n\n<ul class=\"wp-block-list\">\n<li>el <strong>progr\u00e9s fet<\/strong> ,<\/li>\n\n\n\n<li>els <strong>reptes persistents<\/strong> ,<\/li>\n\n\n\n<li>i sobretot, els <strong>actors del canvi<\/strong> .<\/li>\n<\/ul>\n\n<div style=\"height:19px\" aria-hidden=\"true\" class=\"wp-block-spacer\"><\/div>\n\n<p>El 2025, el tema escollit se centra en <strong>revelar les estrat\u00e8gies de seducci\u00f3 de la ind\u00fastria del tabac<\/strong> , especialment a trav\u00e9s de publicitat disfressada, sabors atractius i m\u00e0rqueting dirigit als adolescents.<\/p>\n\n<div style=\"height:19px\" aria-hidden=\"true\" class=\"wp-block-spacer\"><\/div>\n\n<hr class=\"wp-block-separator has-alpha-channel-opacity\"\/>\n\n<p class=\"has-cyan-bluish-gray-background-color has-background\">Llegiu tamb\u00e9: <a href=\"https:\/\/www.mylasertabac.com\/ca\/informacio\/formacio-laser-antitabac-i-addiccio\/\"><mark style=\"background-color:rgba(0, 0, 0, 0)\" class=\"has-inline-color has-luminous-vivid-orange-color\">Converteix-te en un expert en el camp de la reflexologia auricular, oferim formaci\u00f3 per aprendre a utilitzar el l\u00e0ser i entendre tots els punts d&#8217;acupuntura.<\/mark><\/a> <\/p>\n\n<div style=\"height:19px\" aria-hidden=\"true\" class=\"wp-block-spacer\"><\/div>\n\n<h2 class=\"wp-block-heading\">\ud83c\udfc6 Els guanyadors del 2025: perfils inspiradors d&#8217;arreu del m\u00f3n<\/h2>\n\n<div style=\"height:19px\" aria-hidden=\"true\" class=\"wp-block-spacer\"><\/div>\n\n<p>Els guanyadors d&#8217;aquest any inclouen:<\/p>\n\n<div style=\"height:19px\" aria-hidden=\"true\" class=\"wp-block-spacer\"><\/div>\n\n<ul class=\"wp-block-list\">\n<li><strong>metges compromesos<\/strong> , darrere de campanyes de sensibilitzaci\u00f3 a gran escala,<\/li>\n\n\n\n<li><strong>els responsables pol\u00edtics<\/strong> , que han aprovat lleis que prohibeixen fumar en llocs p\u00fablics,<\/li>\n\n\n\n<li><strong>ONG locals<\/strong> , presents als barris m\u00e9s vulnerables,<\/li>\n\n\n\n<li>i <strong>investigadors<\/strong> , que documenten les pr\u00e0ctiques de la ind\u00fastria i analitzen l&#8217;impacte de les mesures de prevenci\u00f3.<\/li>\n<\/ul>\n\n<div style=\"height:19px\" aria-hidden=\"true\" class=\"wp-block-spacer\"><\/div>\n\n<p>Aquestes s\u00f3n les persones que, <strong>cada dia, construeixen un futur sense fum<\/strong> .<\/p>\n\n<div style=\"height:19px\" aria-hidden=\"true\" class=\"wp-block-spacer\"><\/div>\n\n<hr class=\"wp-block-separator has-alpha-channel-opacity\"\/>\n\n<h2 class=\"wp-block-heading\">\ud83d\udcac Compromisos concrets que salven vides<\/h2>\n\n<div style=\"height:19px\" aria-hidden=\"true\" class=\"wp-block-spacer\"><\/div>\n\n<p>Les accions dutes a terme per aquests actors tenen un <strong>impacte directe<\/strong> en la salut p\u00fablica:<\/p>\n\n<div style=\"height:19px\" aria-hidden=\"true\" class=\"wp-block-spacer\"><\/div>\n\n<ul class=\"wp-block-list\">\n<li>l \u201cestabliment de <strong>zones lliures de fum<\/strong> (platges, escoles, parades d\u201d autob\u00fas),<\/li>\n\n\n\n<li>la prohibici\u00f3 de <strong>productes de vapeig amb sabor<\/strong> per a joves,<\/li>\n\n\n\n<li>l&#8217;augment gradual del <strong>preu dels cigarrets<\/strong> ,<\/li>\n\n\n\n<li>o fins i tot suport a persones en <strong>proc\u00e9s de deslletament<\/strong> .<\/li>\n<\/ul>\n\n<div style=\"height:19px\" aria-hidden=\"true\" class=\"wp-block-spacer\"><\/div>\n\n<p>Amb cada aven\u00e7 regulador o sanitari, una nova generaci\u00f3 creix <strong>sense la norma dels cigarrets<\/strong> .<\/p>\n\n<div style=\"height:19px\" aria-hidden=\"true\" class=\"wp-block-spacer\"><\/div>\n\n<hr class=\"wp-block-separator has-alpha-channel-opacity\"\/>\n\n<h2 class=\"wp-block-heading\">\ud83d\udcc8 El tabaquisme est\u00e0 disminuint, per\u00f2 la vigil\u00e0ncia continua sent essencial<\/h2>\n\n<div style=\"height:19px\" aria-hidden=\"true\" class=\"wp-block-spacer\"><\/div>\n\n<p>A Fran\u00e7a, les vendes de cigarrets estan caient en picat i la proporci\u00f3 de fumadors habituals est\u00e0 disminuint, sobretot entre els adults joves. Aquesta \u00e9s una tend\u00e8ncia encoratjadora, per\u00f2 que no hauria d&#8217;eclipsar: <\/p>\n\n<div style=\"height:19px\" aria-hidden=\"true\" class=\"wp-block-spacer\"><\/div>\n\n<ul class=\"wp-block-list\">\n<li>desigualtats persistents (el tabac afecta m\u00e9s greument les poblacions desfavorides),<\/li>\n\n\n\n<li>l&#8217;auge del <strong>cigarret electr\u00f2nic<\/strong> com a substitut controvertit,<\/li>\n\n\n\n<li>i <strong>els intents dels fabricants d&#8217;eludir<\/strong> les regulacions.<\/li>\n<\/ul>\n\n<div style=\"height:19px\" aria-hidden=\"true\" class=\"wp-block-spacer\"><\/div>\n\n<hr class=\"wp-block-separator has-alpha-channel-opacity\"\/>\n\n<h2 class=\"wp-block-heading\">\ud83d\udc65 Converteix-te en un actor de canvi<\/h2>\n\n<div style=\"height:19px\" aria-hidden=\"true\" class=\"wp-block-spacer\"><\/div>\n\n<p>L&#8217;\u00e8xit del control del tabac tamb\u00e9 dep\u00e8n del comprom\u00eds dels ciutadans, els professionals sanitaris i els educadors. Cada cop m\u00e9s persones opten per: <\/p>\n\n<div style=\"height:19px\" aria-hidden=\"true\" class=\"wp-block-spacer\"><\/div>\n\n<ul class=\"wp-block-list\">\n<li>formar en <strong>suport al deslletament<\/strong> (sobretot mitjan\u00e7ant enfocaments com <strong>el l\u00e0ser antitabac<\/strong> , <strong><a href=\"https:\/\/www.mylasertabac.com\/ca\/\">la reflexologia auricular<\/a><\/strong> o <strong>l&#8217;auriculoter\u00e0pia<\/strong> ),<\/li>\n\n\n\n<li><strong>missatges de prevenci\u00f3<\/strong> de rel\u00e9s,<\/li>\n\n\n\n<li>o simplement <strong>donar suport als seus \u00e9ssers estimats<\/strong> en els seus esfor\u00e7os per deixar de fumar.<\/li>\n<\/ul>\n\n<div style=\"height:19px\" aria-hidden=\"true\" class=\"wp-block-spacer\"><\/div>\n\n<hr class=\"wp-block-separator has-alpha-channel-opacity\"\/>\n\n<h2 class=\"wp-block-heading\">\ud83d\udca1 En conclusi\u00f3: cada acci\u00f3 compta en la lluita contra el tabac<\/h2>\n\n<div style=\"height:19px\" aria-hidden=\"true\" class=\"wp-block-spacer\"><\/div>\n\n<p>El Dia Mundial Sense Tabac \u00e9s m\u00e9s que un simple s\u00edmbol. \u00c9s un <strong>recordatori anual<\/strong> per recon\u00e8ixer aquells que, sovint entre bastidors, treballen per <strong>salvar vides<\/strong> . <\/p>\n\n<p>En un m\u00f3n on els interessos econ\u00f2mics massa sovint prevalen sobre la salut col\u00b7lectiva, <strong>\u00e9s essencial promoure aquestes veus valentes<\/strong> . Perqu\u00e8 gr\u00e0cies a elles, un m\u00f3n sense tabac ja no \u00e9s una utopia, sin\u00f3 un projecte col\u00b7lectiu&#8230; en curs. <\/p>\n\n<div style=\"height:39px\" aria-hidden=\"true\" class=\"wp-block-spacer\"><\/div>\n\n<figure class=\"wp-block-image size-large\"><img decoding=\"async\" src=\"https:\/\/www.mylasertabac.com\/wp-content\/uploads\/\/mlt-verteau.svg\" alt=\"\" class=\"wp-image-13\"\/><\/figure>\n","protected":false},"excerpt":{"rendered":"<p>Cada any, en el Dia Mundial Sense Tabac , desenes de persones, organitzacions i institucions s\u00f3n reconegudes pel seu comprom\u00eds amb la lluita contra el tabaquisme . Darrere d \u201caquests premis simb\u00f2lics s\u201d amaga una realitat molt real: una lluita a llarg termini per protegir la salut p\u00fablica i salvar milions de vides. En un [&hellip;]<\/p>\n","protected":false},"author":2,"featured_media":9423,"comment_status":"closed","ping_status":"open","sticky":false,"template":"","format":"standard","meta":{"inline_featured_image":false,"footnotes":""},"categories":[585],"tags":[],"class_list":["post-9434","post","type-post","status-publish","format-standard","has-post-thumbnail","hentry","category-llei"],"yoast_head":"<!-- This site is optimized with the Yoast SEO plugin v27.5 - https:\/\/yoast.com\/product\/yoast-seo-wordpress\/ -->\n<title>Aquests actors que treballen per un m\u00f3n sense tabac: homenatge a aquells que marquen la difer\u00e8ncia - My Laser Tabac<\/title>\n<meta name=\"description\" content=\"Descobreix els actors premiats en el Dia Mundial Sense Tabac 2025 pel seu comprom\u00eds en la lluita contra el tabaquisme.\" \/>\n<meta name=\"robots\" content=\"index, follow, max-snippet:-1, max-image-preview:large, max-video-preview:-1\" \/>\n<link rel=\"canonical\" href=\"https:\/\/www.mylasertabac.com\/ca\/aquests-actors-que-treballen-per-un-mon-sense-tabac-homenatge-a-aquells-que-marquen-la-diferencia\/\" \/>\n<meta property=\"og:locale\" content=\"ca_ES\" \/>\n<meta property=\"og:type\" content=\"article\" \/>\n<meta property=\"og:title\" content=\"Aquests actors que treballen per un m\u00f3n sense tabac: homenatge a aquells que marquen la difer\u00e8ncia - My Laser Tabac\" \/>\n<meta property=\"og:description\" content=\"Descobreix els actors premiats en el Dia Mundial Sense Tabac 2025 pel seu comprom\u00eds en la lluita contra el tabaquisme.\" \/>\n<meta property=\"og:url\" content=\"https:\/\/www.mylasertabac.com\/ca\/aquests-actors-que-treballen-per-un-mon-sense-tabac-homenatge-a-aquells-que-marquen-la-diferencia\/\" \/>\n<meta property=\"og:site_name\" content=\"My Laser Tabac\" \/>\n<meta property=\"article:author\" content=\"https:\/\/www.facebook.com\/profile.php?id=61571554707319\" \/>\n<meta property=\"article:published_time\" content=\"2025-06-11T14:06:26+00:00\" \/>\n<meta property=\"article:modified_time\" content=\"2025-06-11T14:32:59+00:00\" \/>\n<meta property=\"og:image\" content=\"https:\/\/www.mylasertabac.com\/wp-content\/uploads\/2025\/06\/journ-1.png\" \/>\n\t<meta property=\"og:image:width\" content=\"1536\" \/>\n\t<meta property=\"og:image:height\" content=\"1024\" \/>\n\t<meta property=\"og:image:type\" content=\"image\/png\" \/>\n<meta name=\"author\" content=\"Florian Fortes\" \/>\n<meta name=\"twitter:card\" content=\"summary_large_image\" \/>\n<meta name=\"twitter:label1\" content=\"Escrit per\" \/>\n\t<meta name=\"twitter:data1\" content=\"Florian Fortes\" \/>\n\t<meta name=\"twitter:label2\" content=\"Temps estimat de lectura\" \/>\n\t<meta name=\"twitter:data2\" content=\"3 minuts\" \/>\n<script type=\"application\/ld+json\" class=\"yoast-schema-graph\">{\"@context\":\"https:\\\/\\\/schema.org\",\"@graph\":[{\"@type\":\"Article\",\"@id\":\"https:\\\/\\\/www.mylasertabac.com\\\/ca\\\/aquests-actors-que-treballen-per-un-mon-sense-tabac-homenatge-a-aquells-que-marquen-la-diferencia\\\/#article\",\"isPartOf\":{\"@id\":\"https:\\\/\\\/www.mylasertabac.com\\\/ca\\\/aquests-actors-que-treballen-per-un-mon-sense-tabac-homenatge-a-aquells-que-marquen-la-diferencia\\\/\"},\"author\":{\"name\":\"Florian Fortes\",\"@id\":\"https:\\\/\\\/www.mylasertabac.com\\\/ca\\\/#\\\/schema\\\/person\\\/02c249cb76d912efb6c315ec23eccdf3\"},\"headline\":\"Aquests actors que treballen per un m\u00f3n sense tabac: homenatge a aquells que marquen la difer\u00e8ncia\",\"datePublished\":\"2025-06-11T14:06:26+00:00\",\"dateModified\":\"2025-06-11T14:32:59+00:00\",\"mainEntityOfPage\":{\"@id\":\"https:\\\/\\\/www.mylasertabac.com\\\/ca\\\/aquests-actors-que-treballen-per-un-mon-sense-tabac-homenatge-a-aquells-que-marquen-la-diferencia\\\/\"},\"wordCount\":725,\"publisher\":{\"@id\":\"https:\\\/\\\/www.mylasertabac.com\\\/ca\\\/#organization\"},\"image\":{\"@id\":\"https:\\\/\\\/www.mylasertabac.com\\\/ca\\\/aquests-actors-que-treballen-per-un-mon-sense-tabac-homenatge-a-aquells-que-marquen-la-diferencia\\\/#primaryimage\"},\"thumbnailUrl\":\"https:\\\/\\\/www.mylasertabac.com\\\/wp-content\\\/uploads\\\/2025\\\/06\\\/journ-1.png\",\"articleSection\":[\"llei\"],\"inLanguage\":\"ca\"},{\"@type\":\"WebPage\",\"@id\":\"https:\\\/\\\/www.mylasertabac.com\\\/ca\\\/aquests-actors-que-treballen-per-un-mon-sense-tabac-homenatge-a-aquells-que-marquen-la-diferencia\\\/\",\"url\":\"https:\\\/\\\/www.mylasertabac.com\\\/ca\\\/aquests-actors-que-treballen-per-un-mon-sense-tabac-homenatge-a-aquells-que-marquen-la-diferencia\\\/\",\"name\":\"Aquests actors que treballen per un m\u00f3n sense tabac: homenatge a aquells que marquen la difer\u00e8ncia - My Laser Tabac\",\"isPartOf\":{\"@id\":\"https:\\\/\\\/www.mylasertabac.com\\\/ca\\\/#website\"},\"primaryImageOfPage\":{\"@id\":\"https:\\\/\\\/www.mylasertabac.com\\\/ca\\\/aquests-actors-que-treballen-per-un-mon-sense-tabac-homenatge-a-aquells-que-marquen-la-diferencia\\\/#primaryimage\"},\"image\":{\"@id\":\"https:\\\/\\\/www.mylasertabac.com\\\/ca\\\/aquests-actors-que-treballen-per-un-mon-sense-tabac-homenatge-a-aquells-que-marquen-la-diferencia\\\/#primaryimage\"},\"thumbnailUrl\":\"https:\\\/\\\/www.mylasertabac.com\\\/wp-content\\\/uploads\\\/2025\\\/06\\\/journ-1.png\",\"datePublished\":\"2025-06-11T14:06:26+00:00\",\"dateModified\":\"2025-06-11T14:32:59+00:00\",\"description\":\"Descobreix els actors premiats en el Dia Mundial Sense Tabac 2025 pel seu comprom\u00eds en la lluita contra el tabaquisme.\",\"breadcrumb\":{\"@id\":\"https:\\\/\\\/www.mylasertabac.com\\\/ca\\\/aquests-actors-que-treballen-per-un-mon-sense-tabac-homenatge-a-aquells-que-marquen-la-diferencia\\\/#breadcrumb\"},\"inLanguage\":\"ca\",\"potentialAction\":[{\"@type\":\"ReadAction\",\"target\":[\"https:\\\/\\\/www.mylasertabac.com\\\/ca\\\/aquests-actors-que-treballen-per-un-mon-sense-tabac-homenatge-a-aquells-que-marquen-la-diferencia\\\/\"]}]},{\"@type\":\"ImageObject\",\"inLanguage\":\"ca\",\"@id\":\"https:\\\/\\\/www.mylasertabac.com\\\/ca\\\/aquests-actors-que-treballen-per-un-mon-sense-tabac-homenatge-a-aquells-que-marquen-la-diferencia\\\/#primaryimage\",\"url\":\"https:\\\/\\\/www.mylasertabac.com\\\/wp-content\\\/uploads\\\/2025\\\/06\\\/journ-1.png\",\"contentUrl\":\"https:\\\/\\\/www.mylasertabac.com\\\/wp-content\\\/uploads\\\/2025\\\/06\\\/journ-1.png\",\"width\":1536,\"height\":1024},{\"@type\":\"BreadcrumbList\",\"@id\":\"https:\\\/\\\/www.mylasertabac.com\\\/ca\\\/aquests-actors-que-treballen-per-un-mon-sense-tabac-homenatge-a-aquells-que-marquen-la-diferencia\\\/#breadcrumb\",\"itemListElement\":[{\"@type\":\"ListItem\",\"position\":1,\"name\":\"Accueil\",\"item\":\"https:\\\/\\\/www.mylasertabac.com\\\/ca\\\/benvingut\\\/\"},{\"@type\":\"ListItem\",\"position\":2,\"name\":\"Aquests actors que treballen per un m\u00f3n sense tabac: homenatge a aquells que marquen la difer\u00e8ncia\"}]},{\"@type\":\"WebSite\",\"@id\":\"https:\\\/\\\/www.mylasertabac.com\\\/ca\\\/#website\",\"url\":\"https:\\\/\\\/www.mylasertabac.com\\\/ca\\\/\",\"name\":\"My Laser Tabac\",\"description\":\"La solution laser qui transforme les fumeurs en ex-fumeurs\",\"publisher\":{\"@id\":\"https:\\\/\\\/www.mylasertabac.com\\\/ca\\\/#organization\"},\"potentialAction\":[{\"@type\":\"SearchAction\",\"target\":{\"@type\":\"EntryPoint\",\"urlTemplate\":\"https:\\\/\\\/www.mylasertabac.com\\\/ca\\\/?s={search_term_string}\"},\"query-input\":{\"@type\":\"PropertyValueSpecification\",\"valueRequired\":true,\"valueName\":\"search_term_string\"}}],\"inLanguage\":\"ca\"},{\"@type\":\"Organization\",\"@id\":\"https:\\\/\\\/www.mylasertabac.com\\\/ca\\\/#organization\",\"name\":\"My Laser Tabac\",\"url\":\"https:\\\/\\\/www.mylasertabac.com\\\/ca\\\/\",\"logo\":{\"@type\":\"ImageObject\",\"inLanguage\":\"ca\",\"@id\":\"https:\\\/\\\/www.mylasertabac.com\\\/ca\\\/#\\\/schema\\\/logo\\\/image\\\/\",\"url\":\"https:\\\/\\\/www.mylasertabac.com\\\/wp-content\\\/uploads\\\/2024\\\/12\\\/mlt-verteau.svg\",\"contentUrl\":\"https:\\\/\\\/www.mylasertabac.com\\\/wp-content\\\/uploads\\\/2024\\\/12\\\/mlt-verteau.svg\",\"caption\":\"My Laser Tabac\"},\"image\":{\"@id\":\"https:\\\/\\\/www.mylasertabac.com\\\/ca\\\/#\\\/schema\\\/logo\\\/image\\\/\"}},{\"@type\":\"Person\",\"@id\":\"https:\\\/\\\/www.mylasertabac.com\\\/ca\\\/#\\\/schema\\\/person\\\/02c249cb76d912efb6c315ec23eccdf3\",\"name\":\"Florian Fortes\",\"image\":{\"@type\":\"ImageObject\",\"inLanguage\":\"ca\",\"@id\":\"https:\\\/\\\/www.mylasertabac.com\\\/wp-content\\\/litespeed\\\/avatar\\\/142101a71d7b9e6490c1120d9c109a67.jpg?ver=1777461116\",\"url\":\"https:\\\/\\\/www.mylasertabac.com\\\/wp-content\\\/litespeed\\\/avatar\\\/142101a71d7b9e6490c1120d9c109a67.jpg?ver=1777461116\",\"contentUrl\":\"https:\\\/\\\/www.mylasertabac.com\\\/wp-content\\\/litespeed\\\/avatar\\\/142101a71d7b9e6490c1120d9c109a67.jpg?ver=1777461116\",\"caption\":\"Florian Fortes\"},\"sameAs\":[\"https:\\\/\\\/www.mylasertabac.com\",\"https:\\\/\\\/www.facebook.com\\\/profile.php?id=61571554707319\"],\"url\":\"https:\\\/\\\/www.mylasertabac.com\\\/ca\\\/author\\\/florianfortes5312\\\/\"}]}<\/script>\n<!-- \/ Yoast SEO plugin. -->","yoast_head_json":{"title":"Aquests actors que treballen per un m\u00f3n sense tabac: homenatge a aquells que marquen la difer\u00e8ncia - My Laser Tabac","description":"Descobreix els actors premiats en el Dia Mundial Sense Tabac 2025 pel seu comprom\u00eds en la lluita contra el tabaquisme.","robots":{"index":"index","follow":"follow","max-snippet":"max-snippet:-1","max-image-preview":"max-image-preview:large","max-video-preview":"max-video-preview:-1"},"canonical":"https:\/\/www.mylasertabac.com\/ca\/aquests-actors-que-treballen-per-un-mon-sense-tabac-homenatge-a-aquells-que-marquen-la-diferencia\/","og_locale":"ca_ES","og_type":"article","og_title":"Aquests actors que treballen per un m\u00f3n sense tabac: homenatge a aquells que marquen la difer\u00e8ncia - My Laser Tabac","og_description":"Descobreix els actors premiats en el Dia Mundial Sense Tabac 2025 pel seu comprom\u00eds en la lluita contra el tabaquisme.","og_url":"https:\/\/www.mylasertabac.com\/ca\/aquests-actors-que-treballen-per-un-mon-sense-tabac-homenatge-a-aquells-que-marquen-la-diferencia\/","og_site_name":"My Laser Tabac","article_author":"https:\/\/www.facebook.com\/profile.php?id=61571554707319","article_published_time":"2025-06-11T14:06:26+00:00","article_modified_time":"2025-06-11T14:32:59+00:00","og_image":[{"width":1536,"height":1024,"url":"https:\/\/www.mylasertabac.com\/wp-content\/uploads\/2025\/06\/journ-1.png","type":"image\/png"}],"author":"Florian Fortes","twitter_card":"summary_large_image","twitter_misc":{"Escrit per":"Florian Fortes","Temps estimat de lectura":"3 minuts"},"schema":{"@context":"https:\/\/schema.org","@graph":[{"@type":"Article","@id":"https:\/\/www.mylasertabac.com\/ca\/aquests-actors-que-treballen-per-un-mon-sense-tabac-homenatge-a-aquells-que-marquen-la-diferencia\/#article","isPartOf":{"@id":"https:\/\/www.mylasertabac.com\/ca\/aquests-actors-que-treballen-per-un-mon-sense-tabac-homenatge-a-aquells-que-marquen-la-diferencia\/"},"author":{"name":"Florian Fortes","@id":"https:\/\/www.mylasertabac.com\/ca\/#\/schema\/person\/02c249cb76d912efb6c315ec23eccdf3"},"headline":"Aquests actors que treballen per un m\u00f3n sense tabac: homenatge a aquells que marquen la difer\u00e8ncia","datePublished":"2025-06-11T14:06:26+00:00","dateModified":"2025-06-11T14:32:59+00:00","mainEntityOfPage":{"@id":"https:\/\/www.mylasertabac.com\/ca\/aquests-actors-que-treballen-per-un-mon-sense-tabac-homenatge-a-aquells-que-marquen-la-diferencia\/"},"wordCount":725,"publisher":{"@id":"https:\/\/www.mylasertabac.com\/ca\/#organization"},"image":{"@id":"https:\/\/www.mylasertabac.com\/ca\/aquests-actors-que-treballen-per-un-mon-sense-tabac-homenatge-a-aquells-que-marquen-la-diferencia\/#primaryimage"},"thumbnailUrl":"https:\/\/www.mylasertabac.com\/wp-content\/uploads\/2025\/06\/journ-1.png","articleSection":["llei"],"inLanguage":"ca"},{"@type":"WebPage","@id":"https:\/\/www.mylasertabac.com\/ca\/aquests-actors-que-treballen-per-un-mon-sense-tabac-homenatge-a-aquells-que-marquen-la-diferencia\/","url":"https:\/\/www.mylasertabac.com\/ca\/aquests-actors-que-treballen-per-un-mon-sense-tabac-homenatge-a-aquells-que-marquen-la-diferencia\/","name":"Aquests actors que treballen per un m\u00f3n sense tabac: homenatge a aquells que marquen la difer\u00e8ncia - My Laser Tabac","isPartOf":{"@id":"https:\/\/www.mylasertabac.com\/ca\/#website"},"primaryImageOfPage":{"@id":"https:\/\/www.mylasertabac.com\/ca\/aquests-actors-que-treballen-per-un-mon-sense-tabac-homenatge-a-aquells-que-marquen-la-diferencia\/#primaryimage"},"image":{"@id":"https:\/\/www.mylasertabac.com\/ca\/aquests-actors-que-treballen-per-un-mon-sense-tabac-homenatge-a-aquells-que-marquen-la-diferencia\/#primaryimage"},"thumbnailUrl":"https:\/\/www.mylasertabac.com\/wp-content\/uploads\/2025\/06\/journ-1.png","datePublished":"2025-06-11T14:06:26+00:00","dateModified":"2025-06-11T14:32:59+00:00","description":"Descobreix els actors premiats en el Dia Mundial Sense Tabac 2025 pel seu comprom\u00eds en la lluita contra el tabaquisme.","breadcrumb":{"@id":"https:\/\/www.mylasertabac.com\/ca\/aquests-actors-que-treballen-per-un-mon-sense-tabac-homenatge-a-aquells-que-marquen-la-diferencia\/#breadcrumb"},"inLanguage":"ca","potentialAction":[{"@type":"ReadAction","target":["https:\/\/www.mylasertabac.com\/ca\/aquests-actors-que-treballen-per-un-mon-sense-tabac-homenatge-a-aquells-que-marquen-la-diferencia\/"]}]},{"@type":"ImageObject","inLanguage":"ca","@id":"https:\/\/www.mylasertabac.com\/ca\/aquests-actors-que-treballen-per-un-mon-sense-tabac-homenatge-a-aquells-que-marquen-la-diferencia\/#primaryimage","url":"https:\/\/www.mylasertabac.com\/wp-content\/uploads\/2025\/06\/journ-1.png","contentUrl":"https:\/\/www.mylasertabac.com\/wp-content\/uploads\/2025\/06\/journ-1.png","width":1536,"height":1024},{"@type":"BreadcrumbList","@id":"https:\/\/www.mylasertabac.com\/ca\/aquests-actors-que-treballen-per-un-mon-sense-tabac-homenatge-a-aquells-que-marquen-la-diferencia\/#breadcrumb","itemListElement":[{"@type":"ListItem","position":1,"name":"Accueil","item":"https:\/\/www.mylasertabac.com\/ca\/benvingut\/"},{"@type":"ListItem","position":2,"name":"Aquests actors que treballen per un m\u00f3n sense tabac: homenatge a aquells que marquen la difer\u00e8ncia"}]},{"@type":"WebSite","@id":"https:\/\/www.mylasertabac.com\/ca\/#website","url":"https:\/\/www.mylasertabac.com\/ca\/","name":"My Laser Tabac","description":"La solution laser qui transforme les fumeurs en ex-fumeurs","publisher":{"@id":"https:\/\/www.mylasertabac.com\/ca\/#organization"},"potentialAction":[{"@type":"SearchAction","target":{"@type":"EntryPoint","urlTemplate":"https:\/\/www.mylasertabac.com\/ca\/?s={search_term_string}"},"query-input":{"@type":"PropertyValueSpecification","valueRequired":true,"valueName":"search_term_string"}}],"inLanguage":"ca"},{"@type":"Organization","@id":"https:\/\/www.mylasertabac.com\/ca\/#organization","name":"My Laser Tabac","url":"https:\/\/www.mylasertabac.com\/ca\/","logo":{"@type":"ImageObject","inLanguage":"ca","@id":"https:\/\/www.mylasertabac.com\/ca\/#\/schema\/logo\/image\/","url":"https:\/\/www.mylasertabac.com\/wp-content\/uploads\/2024\/12\/mlt-verteau.svg","contentUrl":"https:\/\/www.mylasertabac.com\/wp-content\/uploads\/2024\/12\/mlt-verteau.svg","caption":"My Laser Tabac"},"image":{"@id":"https:\/\/www.mylasertabac.com\/ca\/#\/schema\/logo\/image\/"}},{"@type":"Person","@id":"https:\/\/www.mylasertabac.com\/ca\/#\/schema\/person\/02c249cb76d912efb6c315ec23eccdf3","name":"Florian Fortes","image":{"@type":"ImageObject","inLanguage":"ca","@id":"https:\/\/www.mylasertabac.com\/wp-content\/litespeed\/avatar\/142101a71d7b9e6490c1120d9c109a67.jpg?ver=1777461116","url":"https:\/\/www.mylasertabac.com\/wp-content\/litespeed\/avatar\/142101a71d7b9e6490c1120d9c109a67.jpg?ver=1777461116","contentUrl":"https:\/\/www.mylasertabac.com\/wp-content\/litespeed\/avatar\/142101a71d7b9e6490c1120d9c109a67.jpg?ver=1777461116","caption":"Florian Fortes"},"sameAs":["https:\/\/www.mylasertabac.com","https:\/\/www.facebook.com\/profile.php?id=61571554707319"],"url":"https:\/\/www.mylasertabac.com\/ca\/author\/florianfortes5312\/"}]}},"_links":{"self":[{"href":"https:\/\/www.mylasertabac.com\/ca\/wp-json\/wp\/v2\/posts\/9434","targetHints":{"allow":["GET"]}}],"collection":[{"href":"https:\/\/www.mylasertabac.com\/ca\/wp-json\/wp\/v2\/posts"}],"about":[{"href":"https:\/\/www.mylasertabac.com\/ca\/wp-json\/wp\/v2\/types\/post"}],"author":[{"embeddable":true,"href":"https:\/\/www.mylasertabac.com\/ca\/wp-json\/wp\/v2\/users\/2"}],"replies":[{"embeddable":true,"href":"https:\/\/www.mylasertabac.com\/ca\/wp-json\/wp\/v2\/comments?post=9434"}],"version-history":[{"count":3,"href":"https:\/\/www.mylasertabac.com\/ca\/wp-json\/wp\/v2\/posts\/9434\/revisions"}],"predecessor-version":[{"id":9462,"href":"https:\/\/www.mylasertabac.com\/ca\/wp-json\/wp\/v2\/posts\/9434\/revisions\/9462"}],"wp:featuredmedia":[{"embeddable":true,"href":"https:\/\/www.mylasertabac.com\/ca\/wp-json\/wp\/v2\/media\/9423"}],"wp:attachment":[{"href":"https:\/\/www.mylasertabac.com\/ca\/wp-json\/wp\/v2\/media?parent=9434"}],"wp:term":[{"taxonomy":"category","embeddable":true,"href":"https:\/\/www.mylasertabac.com\/ca\/wp-json\/wp\/v2\/categories?post=9434"},{"taxonomy":"post_tag","embeddable":true,"href":"https:\/\/www.mylasertabac.com\/ca\/wp-json\/wp\/v2\/tags?post=9434"}],"curies":[{"name":"wp","href":"https:\/\/api.w.org\/{rel}","templated":true}]}}