{"id":11355,"date":"2025-07-20T18:22:52","date_gmt":"2025-07-20T16:22:52","guid":{"rendered":"https:\/\/www.mylasertabac.com\/%f0%9f%92%b8-preise-fuer-zigarettenpackungen-in-europa-im-juli-2025-der-grosse-laendervergleich\/"},"modified":"2025-10-09T12:39:06","modified_gmt":"2025-10-09T10:39:06","slug":"%f0%9f%92%b8-preise-fuer-zigarettenpackungen-in-europa-im-juli-2025-der-grosse-laendervergleich","status":"publish","type":"post","link":"https:\/\/www.mylasertabac.com\/de\/%f0%9f%92%b8-preise-fuer-zigarettenpackungen-in-europa-im-juli-2025-der-grosse-laendervergleich\/","title":{"rendered":"\ud83d\udcb8 Preise f\u00fcr Zigarettenpackungen in Europa im November 2025: der gro\u00dfe L\u00e4ndervergleich"},"content":{"rendered":"\n<div style=\"height:20px\" aria-hidden=\"true\" class=\"wp-block-spacer\"><\/div>\n\n<p><strong>Rauchen ist teuer. Sehr teuer. <\/strong>  Der Preis f\u00fcr eine Packung variiert jedoch stark von einem europ\u00e4ischen Land zum anderen. Im Juli 2025 betrugen die Preisunterschiede zwischen West- und Osteuropa manchmal <strong>mehr als 10 \u20ac Unterschied<\/strong> f\u00fcr die gleiche Marke! Hier ist eine vollst\u00e4ndige Studie, <strong>Marke f\u00fcr Marke und Land f\u00fcr Land<\/strong>, um die Frage zu beantworten:  <\/p>\n\n<blockquote class=\"wp-block-quote is-layout-flow wp-block-quote-is-layout-flow\">\n<p>\ud83d\udd0d <strong>&#8222;Wie viel kostet eine Schachtel Zigaretten von Marlboro, Lucky Strike, Winston, Gitanes oder Camel in den verschiedenen L\u00e4ndern Europas?&#8220;<\/strong><\/p>\n\n\n\n<div style=\"height:30px\" aria-hidden=\"true\" class=\"wp-block-spacer\"><\/div>\n<\/blockquote>\n\n<figure class=\"wp-block-image alignleft size-large is-resized\"><a href=\"https:\/\/www.mylasertabac.com\/de\/unsere-zentren\/\"><img fetchpriority=\"high\" decoding=\"async\" width=\"1024\" height=\"668\" src=\"https:\/\/www.mylasertabac.com\/wp-content\/uploads\/2025\/08\/tu-veux-arreter-de-fumer-Clique-ici--1024x668.jpg\" alt=\"\" class=\"wp-image-13752\" style=\"width:458px;height:auto\" srcset=\"https:\/\/www.mylasertabac.com\/wp-content\/uploads\/2025\/08\/tu-veux-arreter-de-fumer-Clique-ici--1024x668.jpg 1024w, https:\/\/www.mylasertabac.com\/wp-content\/uploads\/2025\/08\/tu-veux-arreter-de-fumer-Clique-ici--300x196.jpg 300w, https:\/\/www.mylasertabac.com\/wp-content\/uploads\/2025\/08\/tu-veux-arreter-de-fumer-Clique-ici--768x501.jpg 768w, https:\/\/www.mylasertabac.com\/wp-content\/uploads\/2025\/08\/tu-veux-arreter-de-fumer-Clique-ici-.jpg 1206w\" sizes=\"(max-width: 1024px) 100vw, 1024px\" \/><\/a><\/figure>\n\n<h2 class=\"wp-block-heading\">\ud83d\udeac Eine kleine Erinnerung an die \u00f6ffentliche Gesundheit<\/h2>\n\n<blockquote class=\"wp-block-quote is-layout-flow wp-block-quote-is-layout-flow\">\n<p>\u26a0\ufe0f <strong>Tabakkonsum ist gef\u00e4hrlich f\u00fcr die Gesundheit.<\/strong><br\/><strong>Tabakkonsum<\/strong> ist weltweit die <strong>h\u00e4ufigste vermeidbare Todesursache<\/strong> und verantwortlich f\u00fcr Herz-Kreislauf-, Atemwegs- und Krebserkrankungen.<\/p>\n\n\n\n<div style=\"height:35px\" aria-hidden=\"true\" class=\"wp-block-spacer\"><\/div>\n<\/blockquote>\n\n<h2 class=\"wp-block-heading\">\ud83e\udde0 Warum ist man so s\u00fcchtig nach Zigaretten?<\/h2>\n\n<div style=\"height:20px\" aria-hidden=\"true\" class=\"wp-block-spacer\"><\/div>\n\n<p>Die Hauptursache der Tabaksucht ist das <strong>Nikotin<\/strong>, eine psychotrope Substanz, die das Gehirn beeinflusst, indem sie <strong>einen schnellen Belohnungseffekt erzeugt<\/strong>. Es wirkt in Sekundenschnelle und lindert Stress, Langeweile oder Spannungen&#8230; aber es erzeugt eine starke physische und psychologische Abh\u00e4ngigkeit. Die Wiederholung der Handlung, die sozialen Routinen (Pause, Kaffee, Aperitif) verst\u00e4rken diesen Teufelskreis.  <\/p>\n\n<div style=\"height:20px\" aria-hidden=\"true\" class=\"wp-block-spacer\"><\/div>\n\n<h2 class=\"wp-block-heading\">\ud83c\udf0d Die vollst\u00e4ndige Preistabelle der meistverkauften Zigaretten im November 2025 (pro 20er Packung)<\/h2>\n\n<div style=\"height:20px\" aria-hidden=\"true\" class=\"wp-block-spacer\"><\/div>\n\n<figure class=\"wp-block-table\"><table class=\"has-fixed-layout\"><thead><tr><th>Land<\/th><th>Marlboro (\u20ac)<\/th><th>Lucky Strike (\u20ac)<\/th><th>Winston (\u20ac)<\/th><th>Gitanes\/Gauloises (\u20ac)<\/th><th>Kamen (\u20ac)<\/th><\/tr><\/thead><tbody><tr><td>Frankreich<\/td><td>12,50<\/td><td>11,80<\/td><td>11,90<\/td><td>11,70<\/td><td>10,60<\/td><\/tr><tr><td>Deutschland<\/td><td>8,20<\/td><td>7,90<\/td><td>7,80<\/td><td>7,50<\/td><td>6,90<\/td><\/tr><tr><td>Spanien<\/td><td>5,30<\/td><td>4,95<\/td><td>5,00<\/td><td>4,80<\/td><td>4,60<\/td><\/tr><tr><td>Italien<\/td><td>6,20<\/td><td>5,90<\/td><td>5,85<\/td><td>5,70<\/td><td>5,50<\/td><\/tr><tr><td>Belgien<\/td><td>9,90<\/td><td>9,50<\/td><td>9,40<\/td><td>9,20<\/td><td>8,80<\/td><\/tr><tr><td>Niederlande<\/td><td>11,00<\/td><td>10,40<\/td><td>10,30<\/td><td>10,10<\/td><td>9,60<\/td><\/tr><tr><td>Portugal<\/td><td>6,00<\/td><td>5,60<\/td><td>5,55<\/td><td>5,40<\/td><td>5,10<\/td><\/tr><tr><td>Schweiz<\/td><td>9,30<\/td><td>8,90<\/td><td>8,70<\/td><td>8,50<\/td><td>8,10<\/td><\/tr><tr><td>\u00d6sterreich<\/td><td>7,90<\/td><td>7,50<\/td><td>7,40<\/td><td>7,30<\/td><td>7,00<\/td><\/tr><tr><td>Irland<\/td><td><strong>15,60<\/strong><\/td><td>14,90<\/td><td>14,80<\/td><td>14,60<\/td><td>13,90<\/td><\/tr><tr><td>Vereinigtes K\u00f6nigreich<\/td><td><strong>17,80<\/strong><\/td><td>16,90<\/td><td>16,80<\/td><td>16,50<\/td><td>15,90<\/td><\/tr><tr><td>Luxemburg<\/td><td>5,80<\/td><td>5,40<\/td><td>5,35<\/td><td>5,20<\/td><td>4,90<\/td><\/tr><tr><td>Schweden<\/td><td>7,20<\/td><td>6,80<\/td><td>6,70<\/td><td>6,60<\/td><td>6,20<\/td><\/tr><tr><td>Norwegen<\/td><td>13,90<\/td><td>13,10<\/td><td>13,00<\/td><td>12,80<\/td><td>12,00<\/td><\/tr><tr><td>D\u00e4nemark<\/td><td>10,70<\/td><td>10,10<\/td><td>9,95<\/td><td>9,80<\/td><td>9,20<\/td><\/tr><tr><td>Finnland<\/td><td>10,30<\/td><td>9,80<\/td><td>9,70<\/td><td>9,60<\/td><td>9,00<\/td><\/tr><tr><td>Griechenland<\/td><td>5,40<\/td><td>5,10<\/td><td>5,00<\/td><td>4,90<\/td><td>4,70<\/td><\/tr><tr><td>Polen<\/td><td>4,60<\/td><td>4,30<\/td><td>4,20<\/td><td>4,10<\/td><td>3,90<\/td><\/tr><tr><td>Rum\u00e4nien<\/td><td>4,70<\/td><td>4,30<\/td><td>4,25<\/td><td>4,10<\/td><td>3,95<\/td><\/tr><tr><td>Bulgarien<\/td><td>3,80<\/td><td>3,50<\/td><td>3,45<\/td><td>3,30<\/td><td>3,10<\/td><\/tr><tr><td>Ungarn<\/td><td>5,10<\/td><td>4,80<\/td><td>4,75<\/td><td>4,60<\/td><td>4,40<\/td><\/tr><tr><td>Slowakei<\/td><td>4,90<\/td><td>4,60<\/td><td>4,50<\/td><td>4,40<\/td><td>4,20<\/td><\/tr><tr><td>Slowenien<\/td><td>5,30<\/td><td>5,00<\/td><td>4,95<\/td><td>4,80<\/td><td>4,60<\/td><\/tr><tr><td>Kroatien<\/td><td>4,80<\/td><td>4,50<\/td><td>4,40<\/td><td>4,30<\/td><td>4,10<\/td><\/tr><tr><td>Tschechische Republik<\/td><td>4,70<\/td><td>4,40<\/td><td>4,30<\/td><td>4,20<\/td><td>4,00<\/td><\/tr><tr><td>Estland<\/td><td>5,20<\/td><td>4,80<\/td><td>4,70<\/td><td>4,60<\/td><td>4,30<\/td><\/tr><tr><td>Lettland<\/td><td>4,90<\/td><td>4,60<\/td><td>4,50<\/td><td>4,40<\/td><td>4,10<\/td><\/tr><tr><td>Litauen<\/td><td>4,80<\/td><td>4,50<\/td><td>4,40<\/td><td>4,30<\/td><td>4,00<\/td><\/tr><\/tbody><\/table><\/figure>\n\n<blockquote class=\"wp-block-quote is-layout-flow wp-block-quote-is-layout-flow\">\n<p>\ud83d\udcca <strong>Europ\u00e4ischer Durchschnitt aller Marken: ca. 7,30 \u20ac \/ Packung<\/strong><\/p>\n<\/blockquote>\n\n<div style=\"height:43px\" aria-hidden=\"true\" class=\"wp-block-spacer\"><\/div>\n\n<blockquote class=\"wp-block-quote is-layout-flow wp-block-quote-is-layout-flow\">\n<p><\/p>\n<\/blockquote>\n\n<figure class=\"wp-block-image alignleft size-large is-resized\"><img decoding=\"async\" width=\"1024\" height=\"683\" src=\"https:\/\/www.mylasertabac.com\/wp-content\/uploads\/2025\/07\/quel-est-le-prix-dun-paquet-de-cigarette-en-fonction-des-pays-deurope-1024x683.png\" alt=\"\" class=\"wp-image-11328\" style=\"width:352px;height:auto\" srcset=\"https:\/\/www.mylasertabac.com\/wp-content\/uploads\/2025\/07\/quel-est-le-prix-dun-paquet-de-cigarette-en-fonction-des-pays-deurope-1024x683.png 1024w, https:\/\/www.mylasertabac.com\/wp-content\/uploads\/2025\/07\/quel-est-le-prix-dun-paquet-de-cigarette-en-fonction-des-pays-deurope-300x200.png 300w, https:\/\/www.mylasertabac.com\/wp-content\/uploads\/2025\/07\/quel-est-le-prix-dun-paquet-de-cigarette-en-fonction-des-pays-deurope-768x512.png 768w, https:\/\/www.mylasertabac.com\/wp-content\/uploads\/2025\/07\/quel-est-le-prix-dun-paquet-de-cigarette-en-fonction-des-pays-deurope-1536x1024.png 1536w, https:\/\/www.mylasertabac.com\/wp-content\/uploads\/2025\/07\/quel-est-le-prix-dun-paquet-de-cigarette-en-fonction-des-pays-deurope-2048x1366.png 2048w\" sizes=\"(max-width: 1024px) 100vw, 1024px\" \/><\/figure>\n\n<h2 class=\"wp-block-heading\">\ud83d\udd25 Die Top 5 der L\u00e4nder, in denen das Rauchen in Europa im Jahr 2025 am teuersten ist<\/h2>\n\n<ol class=\"wp-block-list\">\n<li>\ud83c\uddec\ud83c\udde7 <strong>Vereinigtes K\u00f6nigreich<\/strong> &#8211; Bis zu 17,80 \u20ac pro Paket!<\/li>\n\n\n\n<li>\ud83c\uddee\ud83c\uddea <strong>Irland<\/strong> &#8211; \u00fcber 15 \u20ac.<\/li>\n\n\n\n<li>\ud83c\uddeb\ud83c\uddf7 <strong>Frankreich<\/strong> &#8211; bis zu 12,50 \u20ac.<\/li>\n\n\n\n<li>\ud83c\uddf3\ud83c\uddf4 <strong>Norwegen<\/strong> &#8211; 13,90 \u20ac (au\u00dferhalb der EU)<\/li>\n\n\n\n<li>\ud83c\uddf3\ud83c\uddf1 <strong>Niederlande<\/strong> &#8211; ca. 11 \u20ac.<\/li>\n<\/ol>\n\n<div style=\"height:43px\" aria-hidden=\"true\" class=\"wp-block-spacer\"><\/div>\n\n<hr class=\"wp-block-separator has-alpha-channel-opacity\"\/>\n\n<h2 class=\"wp-block-heading\">\ud83d\udcb0 Und diejenigen, in denen es noch &#8222;erschwinglich&#8220; (aber sch\u00e4dlich) ist&#8230;<\/h2>\n\n<div style=\"height:20px\" aria-hidden=\"true\" class=\"wp-block-spacer\"><\/div>\n\n<ul class=\"wp-block-list\">\n<li>\ud83c\udde7\ud83c\uddec <strong>Bulgarien<\/strong>: ~3,80 \u20ac.<\/li>\n\n\n\n<li>\ud83c\uddf7\ud83c\uddf4 <strong>Rum\u00e4nien<\/strong>: ~4,30 \u20ac.<\/li>\n\n\n\n<li>\ud83c\uddf5\ud83c\uddf1 <strong>Polen<\/strong>: ~4,60 \u20ac.<\/li>\n\n\n\n<li>\ud83c\udde8\ud83c\uddff <strong>Tschechien<\/strong>: ~4,30 \u20ac.<\/li>\n\n\n\n<li>\ud83c\udded\ud83c\uddfa <strong>Ungarn<\/strong>: ~4,75 \u20ac.<\/li>\n<\/ul>\n\n<div style=\"height:26px\" aria-hidden=\"true\" class=\"wp-block-spacer\"><\/div>\n\n<p class=\"has-cyan-bluish-gray-background-color has-background\">Lesen Sie auch : <a href=\"https:\/\/www.mylasertabac.com\/de\/\">\n  <mark style=\"background-color:rgba(0, 0, 0, 0)\" class=\"has-inline-color has-luminous-vivid-orange-color\">Sie m\u00f6chten mit dem Rauchen aufh\u00f6ren, wir haben die L\u00f6sung f\u00fcr Sie &#8230;<\/mark>\n<\/a><\/p>\n\n<div style=\"height:43px\" aria-hidden=\"true\" class=\"wp-block-spacer\"><\/div>\n\n<figure class=\"wp-block-image alignright size-full is-resized\"><img decoding=\"async\" width=\"953\" height=\"958\" src=\"https:\/\/www.mylasertabac.com\/wp-content\/uploads\/2025\/06\/mylaser.jpeg\" alt=\"\" class=\"wp-image-9693\" style=\"width:419px;height:auto\" srcset=\"https:\/\/www.mylasertabac.com\/wp-content\/uploads\/2025\/06\/mylaser.jpeg 953w, https:\/\/www.mylasertabac.com\/wp-content\/uploads\/2025\/06\/mylaser-298x300.jpeg 298w, https:\/\/www.mylasertabac.com\/wp-content\/uploads\/2025\/06\/mylaser-150x150.jpeg 150w, https:\/\/www.mylasertabac.com\/wp-content\/uploads\/2025\/06\/mylaser-768x772.jpeg 768w\" sizes=\"(max-width: 953px) 100vw, 953px\" \/><\/figure>\n\n<h2 class=\"wp-block-heading\">\ud83d\ude80 M\u00f6chten Sie mit dem Rauchen aufh\u00f6ren? Hier ist die nat\u00fcrliche und effektive L\u00f6sung <\/h2>\n\n<p>Was w\u00e4re, wenn die beste Entscheidung Ihres Lebens nur 60 Minuten dauern w\u00fcrde? Bei <strong>\n  <a href=\"https:\/\/www.mylasertabac.com\/de\/\">MyLaserTabac<\/a>\n<\/strong>begleiten wir Sie bei Ihrer Entw\u00f6hnung mit einer sanften, schnellen und schmerzlosen Methode: dem <strong>Anti-Tabak-Laser<\/strong>, der auf der Basis der <strong>\n  <a href=\"https:\/\/www.mylasertabac.com\/de\/\">Ohrreflexzonenmassage<\/a>\n<\/strong>. Dieses Verfahren stimuliert bestimmte Punkte im Ohr, die mit der Sucht in Verbindung stehen und reduziert das Verlangen nach einer Zigarette, Stress und Reizbarkeit&#8230; in einer einzigen Sitzung. Keine Ersatzstoffe, kein R\u00fcckfall. Unsere <strong>\n  <a href=\"https:\/\/www.mylasertabac.com\/de\/unsere-zentren\/\">Zentren in ganz Frankreich<\/a>\n<\/strong> empfangen Sie in einer wohlwollenden Umgebung, mit einem pers\u00f6nlichen Ansatz und einer <strong>Erfolgsquote von \u00fcber 90%<\/strong>. Tausende von Rauchern haben uns bereits ihr Vertrauen geschenkt. Was w\u00e4re, wenn Sie auch an der Reihe w\u00e4ren?      <br\/><strong>Vereinbaren Sie jetzt einen Termin<\/strong> in einem MyLaserTabac-Zentrum in Ihrer N\u00e4he. Ihr neues Leben beginnt hier. <\/p>\n\n<p><\/p>\n\n<p><\/p>\n\n<p><\/p>\n\n<div style=\"height:37px\" aria-hidden=\"true\" class=\"wp-block-spacer\"><\/div>\n\n<h2 class=\"wp-block-heading\">\ud83c\udfaf Fazit: Ein Budget, das belastet &#8230; und zum Aufh\u00f6ren zwingt<\/h2>\n\n<div style=\"height:20px\" aria-hidden=\"true\" class=\"wp-block-spacer\"><\/div>\n\n<p>Die europ\u00e4ischen Regierungen<strong>erh\u00f6hen<\/strong> weiterhin<strong>die Tabaksteuern<\/strong>, um den Konsum abzuschrecken und gleichzeitig ihre Gesundheitssysteme zu finanzieren.<\/p>\n\n<p>Ein Raucher, der eine Schachtel pro Tag raucht, zahlt in Frankreich etwa <strong>375 \u20ac im Monat<\/strong> &#8211; mehr als die Miete in einigen Provinzst\u00e4dten.<\/p>\n\n<p>\ud83d\udc49 Es ist daher keine \u00dcberraschung, dass <strong>die <a href=\"https:\/\/www.mylasertabac.com\/de\/\">Raucherentw\u00f6hnung<\/a><\/strong> (durch Laser, Substitution, Coaching) an Boden gewinnt.<\/p>\n\n<div style=\"height:37px\" aria-hidden=\"true\" class=\"wp-block-spacer\"><\/div>\n\n<figure class=\"wp-block-image size-large\"><img decoding=\"async\" src=\"https:\/\/www.mylasertabac.com\/wp-content\/uploads\/\/mlt-verteau.svg\" alt=\"\" class=\"wp-image-13\"\/><\/figure>\n","protected":false},"excerpt":{"rendered":"<p>Rauchen ist teuer. Sehr teuer. Der Preis f\u00fcr eine Packung variiert jedoch stark von einem europ\u00e4ischen Land zum anderen. Im Juli 2025 betrugen die Preisunterschiede zwischen West- und Osteuropa manchmal mehr als 10 \u20ac Unterschied f\u00fcr die gleiche Marke! Hier ist eine vollst\u00e4ndige Studie, Marke f\u00fcr Marke und Land f\u00fcr Land, um die Frage zu [&hellip;]<\/p>\n","protected":false},"author":2,"featured_media":17411,"comment_status":"closed","ping_status":"open","sticky":false,"template":"","format":"standard","meta":{"inline_featured_image":false,"footnotes":""},"categories":[667],"tags":[],"class_list":["post-11355","post","type-post","status-publish","format-standard","has-post-thumbnail","hentry","category-tabak-de"],"yoast_head":"<!-- This site is optimized with the Yoast SEO plugin v27.5 - https:\/\/yoast.com\/product\/yoast-seo-wordpress\/ -->\n<title>\ud83d\udcb8 Preise f\u00fcr Zigarettenpackungen in Europa im November 2025: der gro\u00dfe L\u00e4ndervergleich - My Laser Tabac<\/title>\n<meta name=\"description\" content=\"Entdecken Sie die Zigarettenpreise in Europa im November 2025, Marke f\u00fcr Marke, mit einer umfassenden und n\u00fctzlichen Vergleichstabelle.\" \/>\n<meta name=\"robots\" content=\"index, follow, max-snippet:-1, max-image-preview:large, max-video-preview:-1\" \/>\n<link rel=\"canonical\" href=\"https:\/\/www.mylasertabac.com\/de\/%f0%9f%92%b8-preise-fuer-zigarettenpackungen-in-europa-im-juli-2025-der-grosse-laendervergleich\/\" \/>\n<meta property=\"og:locale\" content=\"de_DE\" \/>\n<meta property=\"og:type\" content=\"article\" \/>\n<meta property=\"og:title\" content=\"\ud83d\udcb8 Preise f\u00fcr Zigarettenpackungen in Europa im November 2025: der gro\u00dfe L\u00e4ndervergleich - My Laser Tabac\" \/>\n<meta property=\"og:description\" content=\"Entdecken Sie die Zigarettenpreise in Europa im November 2025, Marke f\u00fcr Marke, mit einer umfassenden und n\u00fctzlichen Vergleichstabelle.\" \/>\n<meta property=\"og:url\" content=\"https:\/\/www.mylasertabac.com\/de\/%f0%9f%92%b8-preise-fuer-zigarettenpackungen-in-europa-im-juli-2025-der-grosse-laendervergleich\/\" \/>\n<meta property=\"og:site_name\" content=\"My Laser Tabac\" \/>\n<meta property=\"article:author\" content=\"https:\/\/www.facebook.com\/profile.php?id=61571554707319\" \/>\n<meta property=\"article:published_time\" content=\"2025-07-20T16:22:52+00:00\" \/>\n<meta property=\"article:modified_time\" content=\"2025-10-09T10:39:06+00:00\" \/>\n<meta property=\"og:image\" content=\"https:\/\/www.mylasertabac.com\/wp-content\/uploads\/2025\/07\/Prix-des-paquets-de-cigarette-en-Europe-en-Novembre-2025-1024x683.png\" \/>\n\t<meta property=\"og:image:width\" content=\"1024\" \/>\n\t<meta property=\"og:image:height\" content=\"683\" \/>\n\t<meta property=\"og:image:type\" content=\"image\/png\" \/>\n<meta name=\"author\" content=\"Florian Fortes\" \/>\n<meta name=\"twitter:card\" content=\"summary_large_image\" \/>\n<meta name=\"twitter:label1\" content=\"Verfasst von\" \/>\n\t<meta name=\"twitter:data1\" content=\"Florian Fortes\" \/>\n\t<meta name=\"twitter:label2\" content=\"Gesch\u00e4tzte Lesezeit\" \/>\n\t<meta name=\"twitter:data2\" content=\"3\u00a0Minuten\" \/>\n<script type=\"application\/ld+json\" class=\"yoast-schema-graph\">{\"@context\":\"https:\\\/\\\/schema.org\",\"@graph\":[{\"@type\":\"Article\",\"@id\":\"https:\\\/\\\/www.mylasertabac.com\\\/de\\\/%f0%9f%92%b8-preise-fuer-zigarettenpackungen-in-europa-im-juli-2025-der-grosse-laendervergleich\\\/#article\",\"isPartOf\":{\"@id\":\"https:\\\/\\\/www.mylasertabac.com\\\/de\\\/%f0%9f%92%b8-preise-fuer-zigarettenpackungen-in-europa-im-juli-2025-der-grosse-laendervergleich\\\/\"},\"author\":{\"name\":\"Florian Fortes\",\"@id\":\"https:\\\/\\\/www.mylasertabac.com\\\/de\\\/#\\\/schema\\\/person\\\/02c249cb76d912efb6c315ec23eccdf3\"},\"headline\":\"\ud83d\udcb8 Preise f\u00fcr Zigarettenpackungen in Europa im November 2025: der gro\u00dfe L\u00e4ndervergleich\",\"datePublished\":\"2025-07-20T16:22:52+00:00\",\"dateModified\":\"2025-10-09T10:39:06+00:00\",\"mainEntityOfPage\":{\"@id\":\"https:\\\/\\\/www.mylasertabac.com\\\/de\\\/%f0%9f%92%b8-preise-fuer-zigarettenpackungen-in-europa-im-juli-2025-der-grosse-laendervergleich\\\/\"},\"wordCount\":533,\"publisher\":{\"@id\":\"https:\\\/\\\/www.mylasertabac.com\\\/de\\\/#organization\"},\"image\":{\"@id\":\"https:\\\/\\\/www.mylasertabac.com\\\/de\\\/%f0%9f%92%b8-preise-fuer-zigarettenpackungen-in-europa-im-juli-2025-der-grosse-laendervergleich\\\/#primaryimage\"},\"thumbnailUrl\":\"https:\\\/\\\/www.mylasertabac.com\\\/wp-content\\\/uploads\\\/2025\\\/07\\\/Prix-des-paquets-de-cigarette-en-Europe-en-Novembre-2025.png\",\"articleSection\":[\"Tabak\"],\"inLanguage\":\"de\"},{\"@type\":\"WebPage\",\"@id\":\"https:\\\/\\\/www.mylasertabac.com\\\/de\\\/%f0%9f%92%b8-preise-fuer-zigarettenpackungen-in-europa-im-juli-2025-der-grosse-laendervergleich\\\/\",\"url\":\"https:\\\/\\\/www.mylasertabac.com\\\/de\\\/%f0%9f%92%b8-preise-fuer-zigarettenpackungen-in-europa-im-juli-2025-der-grosse-laendervergleich\\\/\",\"name\":\"\ud83d\udcb8 Preise f\u00fcr Zigarettenpackungen in Europa im November 2025: der gro\u00dfe L\u00e4ndervergleich - My Laser Tabac\",\"isPartOf\":{\"@id\":\"https:\\\/\\\/www.mylasertabac.com\\\/de\\\/#website\"},\"primaryImageOfPage\":{\"@id\":\"https:\\\/\\\/www.mylasertabac.com\\\/de\\\/%f0%9f%92%b8-preise-fuer-zigarettenpackungen-in-europa-im-juli-2025-der-grosse-laendervergleich\\\/#primaryimage\"},\"image\":{\"@id\":\"https:\\\/\\\/www.mylasertabac.com\\\/de\\\/%f0%9f%92%b8-preise-fuer-zigarettenpackungen-in-europa-im-juli-2025-der-grosse-laendervergleich\\\/#primaryimage\"},\"thumbnailUrl\":\"https:\\\/\\\/www.mylasertabac.com\\\/wp-content\\\/uploads\\\/2025\\\/07\\\/Prix-des-paquets-de-cigarette-en-Europe-en-Novembre-2025.png\",\"datePublished\":\"2025-07-20T16:22:52+00:00\",\"dateModified\":\"2025-10-09T10:39:06+00:00\",\"description\":\"Entdecken Sie die Zigarettenpreise in Europa im November 2025, Marke f\u00fcr Marke, mit einer umfassenden und n\u00fctzlichen Vergleichstabelle.\",\"breadcrumb\":{\"@id\":\"https:\\\/\\\/www.mylasertabac.com\\\/de\\\/%f0%9f%92%b8-preise-fuer-zigarettenpackungen-in-europa-im-juli-2025-der-grosse-laendervergleich\\\/#breadcrumb\"},\"inLanguage\":\"de\",\"potentialAction\":[{\"@type\":\"ReadAction\",\"target\":[\"https:\\\/\\\/www.mylasertabac.com\\\/de\\\/%f0%9f%92%b8-preise-fuer-zigarettenpackungen-in-europa-im-juli-2025-der-grosse-laendervergleich\\\/\"]}]},{\"@type\":\"ImageObject\",\"inLanguage\":\"de\",\"@id\":\"https:\\\/\\\/www.mylasertabac.com\\\/de\\\/%f0%9f%92%b8-preise-fuer-zigarettenpackungen-in-europa-im-juli-2025-der-grosse-laendervergleich\\\/#primaryimage\",\"url\":\"https:\\\/\\\/www.mylasertabac.com\\\/wp-content\\\/uploads\\\/2025\\\/07\\\/Prix-des-paquets-de-cigarette-en-Europe-en-Novembre-2025.png\",\"contentUrl\":\"https:\\\/\\\/www.mylasertabac.com\\\/wp-content\\\/uploads\\\/2025\\\/07\\\/Prix-des-paquets-de-cigarette-en-Europe-en-Novembre-2025.png\",\"width\":1536,\"height\":1024},{\"@type\":\"BreadcrumbList\",\"@id\":\"https:\\\/\\\/www.mylasertabac.com\\\/de\\\/%f0%9f%92%b8-preise-fuer-zigarettenpackungen-in-europa-im-juli-2025-der-grosse-laendervergleich\\\/#breadcrumb\",\"itemListElement\":[{\"@type\":\"ListItem\",\"position\":1,\"name\":\"Accueil\",\"item\":\"https:\\\/\\\/www.mylasertabac.com\\\/de\\\/startseite\\\/\"},{\"@type\":\"ListItem\",\"position\":2,\"name\":\"\ud83d\udcb8 Preise f\u00fcr Zigarettenpackungen in Europa im November 2025: der gro\u00dfe L\u00e4ndervergleich\"}]},{\"@type\":\"WebSite\",\"@id\":\"https:\\\/\\\/www.mylasertabac.com\\\/de\\\/#website\",\"url\":\"https:\\\/\\\/www.mylasertabac.com\\\/de\\\/\",\"name\":\"My Laser Tabac\",\"description\":\"La solution laser qui transforme les fumeurs en ex-fumeurs\",\"publisher\":{\"@id\":\"https:\\\/\\\/www.mylasertabac.com\\\/de\\\/#organization\"},\"potentialAction\":[{\"@type\":\"SearchAction\",\"target\":{\"@type\":\"EntryPoint\",\"urlTemplate\":\"https:\\\/\\\/www.mylasertabac.com\\\/de\\\/?s={search_term_string}\"},\"query-input\":{\"@type\":\"PropertyValueSpecification\",\"valueRequired\":true,\"valueName\":\"search_term_string\"}}],\"inLanguage\":\"de\"},{\"@type\":\"Organization\",\"@id\":\"https:\\\/\\\/www.mylasertabac.com\\\/de\\\/#organization\",\"name\":\"My Laser Tabac\",\"url\":\"https:\\\/\\\/www.mylasertabac.com\\\/de\\\/\",\"logo\":{\"@type\":\"ImageObject\",\"inLanguage\":\"de\",\"@id\":\"https:\\\/\\\/www.mylasertabac.com\\\/de\\\/#\\\/schema\\\/logo\\\/image\\\/\",\"url\":\"https:\\\/\\\/www.mylasertabac.com\\\/wp-content\\\/uploads\\\/2024\\\/12\\\/mlt-verteau.svg\",\"contentUrl\":\"https:\\\/\\\/www.mylasertabac.com\\\/wp-content\\\/uploads\\\/2024\\\/12\\\/mlt-verteau.svg\",\"caption\":\"My Laser Tabac\"},\"image\":{\"@id\":\"https:\\\/\\\/www.mylasertabac.com\\\/de\\\/#\\\/schema\\\/logo\\\/image\\\/\"}},{\"@type\":\"Person\",\"@id\":\"https:\\\/\\\/www.mylasertabac.com\\\/de\\\/#\\\/schema\\\/person\\\/02c249cb76d912efb6c315ec23eccdf3\",\"name\":\"Florian Fortes\",\"image\":{\"@type\":\"ImageObject\",\"inLanguage\":\"de\",\"@id\":\"https:\\\/\\\/www.mylasertabac.com\\\/wp-content\\\/litespeed\\\/avatar\\\/142101a71d7b9e6490c1120d9c109a67.jpg?ver=1777461116\",\"url\":\"https:\\\/\\\/www.mylasertabac.com\\\/wp-content\\\/litespeed\\\/avatar\\\/142101a71d7b9e6490c1120d9c109a67.jpg?ver=1777461116\",\"contentUrl\":\"https:\\\/\\\/www.mylasertabac.com\\\/wp-content\\\/litespeed\\\/avatar\\\/142101a71d7b9e6490c1120d9c109a67.jpg?ver=1777461116\",\"caption\":\"Florian Fortes\"},\"sameAs\":[\"https:\\\/\\\/www.mylasertabac.com\",\"https:\\\/\\\/www.facebook.com\\\/profile.php?id=61571554707319\"],\"url\":\"https:\\\/\\\/www.mylasertabac.com\\\/de\\\/author\\\/florianfortes5312\\\/\"}]}<\/script>\n<!-- \/ Yoast SEO plugin. -->","yoast_head_json":{"title":"\ud83d\udcb8 Preise f\u00fcr Zigarettenpackungen in Europa im November 2025: der gro\u00dfe L\u00e4ndervergleich - My Laser Tabac","description":"Entdecken Sie die Zigarettenpreise in Europa im November 2025, Marke f\u00fcr Marke, mit einer umfassenden und n\u00fctzlichen Vergleichstabelle.","robots":{"index":"index","follow":"follow","max-snippet":"max-snippet:-1","max-image-preview":"max-image-preview:large","max-video-preview":"max-video-preview:-1"},"canonical":"https:\/\/www.mylasertabac.com\/de\/%f0%9f%92%b8-preise-fuer-zigarettenpackungen-in-europa-im-juli-2025-der-grosse-laendervergleich\/","og_locale":"de_DE","og_type":"article","og_title":"\ud83d\udcb8 Preise f\u00fcr Zigarettenpackungen in Europa im November 2025: der gro\u00dfe L\u00e4ndervergleich - My Laser Tabac","og_description":"Entdecken Sie die Zigarettenpreise in Europa im November 2025, Marke f\u00fcr Marke, mit einer umfassenden und n\u00fctzlichen Vergleichstabelle.","og_url":"https:\/\/www.mylasertabac.com\/de\/%f0%9f%92%b8-preise-fuer-zigarettenpackungen-in-europa-im-juli-2025-der-grosse-laendervergleich\/","og_site_name":"My Laser Tabac","article_author":"https:\/\/www.facebook.com\/profile.php?id=61571554707319","article_published_time":"2025-07-20T16:22:52+00:00","article_modified_time":"2025-10-09T10:39:06+00:00","og_image":[{"width":1024,"height":683,"url":"https:\/\/www.mylasertabac.com\/wp-content\/uploads\/2025\/07\/Prix-des-paquets-de-cigarette-en-Europe-en-Novembre-2025-1024x683.png","type":"image\/png"}],"author":"Florian Fortes","twitter_card":"summary_large_image","twitter_misc":{"Verfasst von":"Florian Fortes","Gesch\u00e4tzte Lesezeit":"3\u00a0Minuten"},"schema":{"@context":"https:\/\/schema.org","@graph":[{"@type":"Article","@id":"https:\/\/www.mylasertabac.com\/de\/%f0%9f%92%b8-preise-fuer-zigarettenpackungen-in-europa-im-juli-2025-der-grosse-laendervergleich\/#article","isPartOf":{"@id":"https:\/\/www.mylasertabac.com\/de\/%f0%9f%92%b8-preise-fuer-zigarettenpackungen-in-europa-im-juli-2025-der-grosse-laendervergleich\/"},"author":{"name":"Florian Fortes","@id":"https:\/\/www.mylasertabac.com\/de\/#\/schema\/person\/02c249cb76d912efb6c315ec23eccdf3"},"headline":"\ud83d\udcb8 Preise f\u00fcr Zigarettenpackungen in Europa im November 2025: der gro\u00dfe L\u00e4ndervergleich","datePublished":"2025-07-20T16:22:52+00:00","dateModified":"2025-10-09T10:39:06+00:00","mainEntityOfPage":{"@id":"https:\/\/www.mylasertabac.com\/de\/%f0%9f%92%b8-preise-fuer-zigarettenpackungen-in-europa-im-juli-2025-der-grosse-laendervergleich\/"},"wordCount":533,"publisher":{"@id":"https:\/\/www.mylasertabac.com\/de\/#organization"},"image":{"@id":"https:\/\/www.mylasertabac.com\/de\/%f0%9f%92%b8-preise-fuer-zigarettenpackungen-in-europa-im-juli-2025-der-grosse-laendervergleich\/#primaryimage"},"thumbnailUrl":"https:\/\/www.mylasertabac.com\/wp-content\/uploads\/2025\/07\/Prix-des-paquets-de-cigarette-en-Europe-en-Novembre-2025.png","articleSection":["Tabak"],"inLanguage":"de"},{"@type":"WebPage","@id":"https:\/\/www.mylasertabac.com\/de\/%f0%9f%92%b8-preise-fuer-zigarettenpackungen-in-europa-im-juli-2025-der-grosse-laendervergleich\/","url":"https:\/\/www.mylasertabac.com\/de\/%f0%9f%92%b8-preise-fuer-zigarettenpackungen-in-europa-im-juli-2025-der-grosse-laendervergleich\/","name":"\ud83d\udcb8 Preise f\u00fcr Zigarettenpackungen in Europa im November 2025: der gro\u00dfe L\u00e4ndervergleich - My Laser Tabac","isPartOf":{"@id":"https:\/\/www.mylasertabac.com\/de\/#website"},"primaryImageOfPage":{"@id":"https:\/\/www.mylasertabac.com\/de\/%f0%9f%92%b8-preise-fuer-zigarettenpackungen-in-europa-im-juli-2025-der-grosse-laendervergleich\/#primaryimage"},"image":{"@id":"https:\/\/www.mylasertabac.com\/de\/%f0%9f%92%b8-preise-fuer-zigarettenpackungen-in-europa-im-juli-2025-der-grosse-laendervergleich\/#primaryimage"},"thumbnailUrl":"https:\/\/www.mylasertabac.com\/wp-content\/uploads\/2025\/07\/Prix-des-paquets-de-cigarette-en-Europe-en-Novembre-2025.png","datePublished":"2025-07-20T16:22:52+00:00","dateModified":"2025-10-09T10:39:06+00:00","description":"Entdecken Sie die Zigarettenpreise in Europa im November 2025, Marke f\u00fcr Marke, mit einer umfassenden und n\u00fctzlichen Vergleichstabelle.","breadcrumb":{"@id":"https:\/\/www.mylasertabac.com\/de\/%f0%9f%92%b8-preise-fuer-zigarettenpackungen-in-europa-im-juli-2025-der-grosse-laendervergleich\/#breadcrumb"},"inLanguage":"de","potentialAction":[{"@type":"ReadAction","target":["https:\/\/www.mylasertabac.com\/de\/%f0%9f%92%b8-preise-fuer-zigarettenpackungen-in-europa-im-juli-2025-der-grosse-laendervergleich\/"]}]},{"@type":"ImageObject","inLanguage":"de","@id":"https:\/\/www.mylasertabac.com\/de\/%f0%9f%92%b8-preise-fuer-zigarettenpackungen-in-europa-im-juli-2025-der-grosse-laendervergleich\/#primaryimage","url":"https:\/\/www.mylasertabac.com\/wp-content\/uploads\/2025\/07\/Prix-des-paquets-de-cigarette-en-Europe-en-Novembre-2025.png","contentUrl":"https:\/\/www.mylasertabac.com\/wp-content\/uploads\/2025\/07\/Prix-des-paquets-de-cigarette-en-Europe-en-Novembre-2025.png","width":1536,"height":1024},{"@type":"BreadcrumbList","@id":"https:\/\/www.mylasertabac.com\/de\/%f0%9f%92%b8-preise-fuer-zigarettenpackungen-in-europa-im-juli-2025-der-grosse-laendervergleich\/#breadcrumb","itemListElement":[{"@type":"ListItem","position":1,"name":"Accueil","item":"https:\/\/www.mylasertabac.com\/de\/startseite\/"},{"@type":"ListItem","position":2,"name":"\ud83d\udcb8 Preise f\u00fcr Zigarettenpackungen in Europa im November 2025: der gro\u00dfe L\u00e4ndervergleich"}]},{"@type":"WebSite","@id":"https:\/\/www.mylasertabac.com\/de\/#website","url":"https:\/\/www.mylasertabac.com\/de\/","name":"My Laser Tabac","description":"La solution laser qui transforme les fumeurs en ex-fumeurs","publisher":{"@id":"https:\/\/www.mylasertabac.com\/de\/#organization"},"potentialAction":[{"@type":"SearchAction","target":{"@type":"EntryPoint","urlTemplate":"https:\/\/www.mylasertabac.com\/de\/?s={search_term_string}"},"query-input":{"@type":"PropertyValueSpecification","valueRequired":true,"valueName":"search_term_string"}}],"inLanguage":"de"},{"@type":"Organization","@id":"https:\/\/www.mylasertabac.com\/de\/#organization","name":"My Laser Tabac","url":"https:\/\/www.mylasertabac.com\/de\/","logo":{"@type":"ImageObject","inLanguage":"de","@id":"https:\/\/www.mylasertabac.com\/de\/#\/schema\/logo\/image\/","url":"https:\/\/www.mylasertabac.com\/wp-content\/uploads\/2024\/12\/mlt-verteau.svg","contentUrl":"https:\/\/www.mylasertabac.com\/wp-content\/uploads\/2024\/12\/mlt-verteau.svg","caption":"My Laser Tabac"},"image":{"@id":"https:\/\/www.mylasertabac.com\/de\/#\/schema\/logo\/image\/"}},{"@type":"Person","@id":"https:\/\/www.mylasertabac.com\/de\/#\/schema\/person\/02c249cb76d912efb6c315ec23eccdf3","name":"Florian Fortes","image":{"@type":"ImageObject","inLanguage":"de","@id":"https:\/\/www.mylasertabac.com\/wp-content\/litespeed\/avatar\/142101a71d7b9e6490c1120d9c109a67.jpg?ver=1777461116","url":"https:\/\/www.mylasertabac.com\/wp-content\/litespeed\/avatar\/142101a71d7b9e6490c1120d9c109a67.jpg?ver=1777461116","contentUrl":"https:\/\/www.mylasertabac.com\/wp-content\/litespeed\/avatar\/142101a71d7b9e6490c1120d9c109a67.jpg?ver=1777461116","caption":"Florian Fortes"},"sameAs":["https:\/\/www.mylasertabac.com","https:\/\/www.facebook.com\/profile.php?id=61571554707319"],"url":"https:\/\/www.mylasertabac.com\/de\/author\/florianfortes5312\/"}]}},"_links":{"self":[{"href":"https:\/\/www.mylasertabac.com\/de\/wp-json\/wp\/v2\/posts\/11355","targetHints":{"allow":["GET"]}}],"collection":[{"href":"https:\/\/www.mylasertabac.com\/de\/wp-json\/wp\/v2\/posts"}],"about":[{"href":"https:\/\/www.mylasertabac.com\/de\/wp-json\/wp\/v2\/types\/post"}],"author":[{"embeddable":true,"href":"https:\/\/www.mylasertabac.com\/de\/wp-json\/wp\/v2\/users\/2"}],"replies":[{"embeddable":true,"href":"https:\/\/www.mylasertabac.com\/de\/wp-json\/wp\/v2\/comments?post=11355"}],"version-history":[{"count":6,"href":"https:\/\/www.mylasertabac.com\/de\/wp-json\/wp\/v2\/posts\/11355\/revisions"}],"predecessor-version":[{"id":17439,"href":"https:\/\/www.mylasertabac.com\/de\/wp-json\/wp\/v2\/posts\/11355\/revisions\/17439"}],"wp:featuredmedia":[{"embeddable":true,"href":"https:\/\/www.mylasertabac.com\/de\/wp-json\/wp\/v2\/media\/17411"}],"wp:attachment":[{"href":"https:\/\/www.mylasertabac.com\/de\/wp-json\/wp\/v2\/media?parent=11355"}],"wp:term":[{"taxonomy":"category","embeddable":true,"href":"https:\/\/www.mylasertabac.com\/de\/wp-json\/wp\/v2\/categories?post=11355"},{"taxonomy":"post_tag","embeddable":true,"href":"https:\/\/www.mylasertabac.com\/de\/wp-json\/wp\/v2\/tags?post=11355"}],"curies":[{"name":"wp","href":"https:\/\/api.w.org\/{rel}","templated":true}]}}