{"id":12265,"date":"2025-07-30T00:41:43","date_gmt":"2025-07-29T22:41:43","guid":{"rendered":"https:\/\/www.mylasertabac.com\/ist-die-generation-z-suechtig-ohne-es-zu-merken\/"},"modified":"2025-07-30T08:34:35","modified_gmt":"2025-07-30T06:34:35","slug":"ist-die-generation-z-suechtig-ohne-es-zu-merken","status":"publish","type":"post","link":"https:\/\/www.mylasertabac.com\/de\/ist-die-generation-z-suechtig-ohne-es-zu-merken\/","title":{"rendered":"Ist die Generation Z s\u00fcchtig, ohne es zu merken?"},"content":{"rendered":"\n<div style=\"height:15px\" aria-hidden=\"true\" class=\"wp-block-spacer\"><\/div>\n\n<p>Sie sind zwischen 12 und 27 Jahre alt. Sie sind mit dem Internet, den sozialen Netzwerken, dem schnellen Leben und der Unmittelbarkeit aufgewachsen. Aber vor allem sind sie das ideale Ziel f\u00fcr eine neue Form von Sucht: heimt\u00fcckischer, sozial akzeptierter, aber genauso gef\u00e4hrlich. Ist die Generation Z dabei, in die unsichtbare Falle der neuen Abh\u00e4ngigkeiten zu tappen? Und wenn die Alarmglocken jetzt l\u00e4uten w\u00fcrden?    <\/p>\n\n<div style=\"height:15px\" aria-hidden=\"true\" class=\"wp-block-spacer\"><\/div>\n\n<h2 class=\"wp-block-heading\">S\u00fcchte, die ihren Namen nicht kennen<\/h2>\n\n<div style=\"height:15px\" aria-hidden=\"true\" class=\"wp-block-spacer\"><\/div>\n\n<h3 class=\"wp-block-heading\">Die PEUF: Die &#8222;unsichtbare&#8220;, aber gef\u00e4hrliche elektronische Zigarette<\/h3>\n\n<div style=\"height:23px\" aria-hidden=\"true\" class=\"wp-block-spacer\"><\/div>\n\n<p>Die <strong>PEUF<\/strong>, eine elektronische Einwegzigarette mit buntem Aussehen und s\u00fc\u00dfem Geschmack, wird immer beliebter bei Teenagern. Sie wird als &#8222;weniger sch\u00e4dliche&#8220; Alternative zur klassischen Zigarette angepriesen, ist aber in Wirklichkeit eine furchterregende <strong>Marketingfalle<\/strong>. Hinter ihrem harmlosen Aussehen verbirgt sich oft ein <strong>sehr hoher Nikotingehalt<\/strong>, der dem einer Schachtel Zigaretten entspricht.  <\/p>\n\n<div style=\"height:15px\" aria-hidden=\"true\" class=\"wp-block-spacer\"><\/div>\n\n<p>Was ist am beunruhigendsten? Seine Banalisierung. Der PEUF wird in den Klassenzimmern der Mittelschulen als ein einfaches modisches Accessoire gehandelt. Laut einer k\u00fcrzlich durchgef\u00fchrten Umfrage <strong>hat<\/strong> jedoch <strong>jeder zweite Teenager vor seinem 15.<\/strong> Was ist die Gefahr? Eine fr\u00fche, banalisierte Abh\u00e4ngigkeit, die <strong>von den Erwachsenen<\/strong> oft verschwiegen wird.     <\/p>\n\n<div style=\"height:21px\" aria-hidden=\"true\" class=\"wp-block-spacer\"><\/div>\n\n<figure class=\"wp-block-image aligncenter size-full\"><img fetchpriority=\"high\" decoding=\"async\" width=\"1024\" height=\"1024\" src=\"https:\/\/www.mylasertabac.com\/wp-content\/uploads\/2025\/07\/addiction-au-reseau-sociaux.png\" alt=\"\" class=\"wp-image-12308\" srcset=\"https:\/\/www.mylasertabac.com\/wp-content\/uploads\/2025\/07\/addiction-au-reseau-sociaux.png 1024w, https:\/\/www.mylasertabac.com\/wp-content\/uploads\/2025\/07\/addiction-au-reseau-sociaux-300x300.png 300w, https:\/\/www.mylasertabac.com\/wp-content\/uploads\/2025\/07\/addiction-au-reseau-sociaux-150x150.png 150w, https:\/\/www.mylasertabac.com\/wp-content\/uploads\/2025\/07\/addiction-au-reseau-sociaux-768x768.png 768w\" sizes=\"(max-width: 1024px) 100vw, 1024px\" \/><\/figure>\n\n<h3 class=\"wp-block-heading\">Zucker, Bildschirme, Dopamin: Die neuen Dealer des Alltags<\/h3>\n\n<p>Weit entfernt vom Klischee der illegalen Drogen setzt sich die Generation Z t\u00e4glich <strong>legalen Suchtmitteln<\/strong>aus, die jedoch ebenso besorgniserregend sind. Zucker, der in Getr\u00e4nken, Snacks, M\u00fcsli oder Fertiggerichten allgegenw\u00e4rtig ist, wirkt wie eine <strong>weiche Droge<\/strong> auf das Gehirn. Er l\u00f6st <strong>Dopaminspitzen<\/strong> aus, die eine schleichende Abh\u00e4ngigkeit schaffen, die nur schwer zu durchbrechen ist.  <\/p>\n\n<p><strong>Bildschirme<\/strong> und <strong>soziale Netzwerke<\/strong> funktionieren nach dem gleichen Prinzip: sofortige Belohnung, endloses Scrollen, Verlust der zeitlichen Orientierung. Das Ergebnis? Eine <strong>Verhaltenssucht<\/strong> mit drogen\u00e4hnlichen Auswirkungen, die zu Schlafst\u00f6rungen, Angstzust\u00e4nden, Konzentrationsschw\u00e4che und der Unf\u00e4higkeit, abzuschalten, f\u00fchren kann.<\/p>\n\n<div style=\"height:31px\" aria-hidden=\"true\" class=\"wp-block-spacer\"><\/div>\n\n<h3 class=\"wp-block-heading\">Cannabis light und Anxiolytika im freien Verkehr: falsche Sicherheit, echtes Risiko<\/h3>\n\n<div style=\"height:16px\" aria-hidden=\"true\" class=\"wp-block-spacer\"><\/div>\n\n<p>Eine weitere massive Fehlentwicklung ist der Konsum von <strong>Cannabis &#8222;light&#8220;<\/strong> (CBD) und Angstl\u00f6sern mit missbr\u00e4uchlicher Verwendung. Sie werden als entspannende, nat\u00fcrliche oder &#8222;legale&#8220; Produkte angepriesen und werden von einem Teil der Generation Z zur Bew\u00e4ltigung von Stress, Unwohlsein oder Langeweile verwendet. Was ist das Problem? Eine <strong>Banalisierung der Selbstmedikation<\/strong> ab dem Teenageralter und ein <strong>Einstieg in schwerere Abh\u00e4ngigkeiten<\/strong>.   <\/p>\n\n<p>Diese Produkte, auch wenn sie frei verk\u00e4uflich <strong>sind<\/strong>, sind nicht ungef\u00e4hrlich. Sie f\u00fchren zu Flucht- und Kompensationsgewohnheiten und schaffen einen N\u00e4hrboden f\u00fcr die Chronifizierung des Unwohlseins. <\/p>\n\n<div style=\"height:16px\" aria-hidden=\"true\" class=\"wp-block-spacer\"><\/div>\n\n<h2 class=\"wp-block-heading\">Warum die Generation Z am meisten gef\u00e4hrdet ist<\/h2>\n\n<div style=\"height:16px\" aria-hidden=\"true\" class=\"wp-block-spacer\"><\/div>\n\n<h3 class=\"wp-block-heading\">Eine Kultur des &#8222;unmittelbaren Vergn\u00fcgens&#8220;<\/h3>\n\n<div style=\"height:16px\" aria-hidden=\"true\" class=\"wp-block-spacer\"><\/div>\n\n<p>Die digitale Welt hat unser Verh\u00e4ltnis zur Zeit ver\u00e4ndert. F\u00fcr die Generation Z ist alles <strong>sofort verf\u00fcgbar<\/strong>: Serien, Likes, Spiele, Produkte. Diese Kultur der Unmittelbarkeit macht es schwierig, <strong>mit Frustration umzugehen<\/strong> und f\u00fchrt zu einer st\u00e4ndigen Suche nach neuen Quellen des schnellen Vergn\u00fcgens. Eine Dynamik, die <strong>stark zu Sucht<\/strong> in all ihren Formen neigt.   <\/p>\n\n<div style=\"height:16px\" aria-hidden=\"true\" class=\"wp-block-spacer\"><\/div>\n\n<figure class=\"wp-block-image aligncenter size-large\"><img decoding=\"async\" width=\"1024\" height=\"1024\" src=\"https:\/\/www.mylasertabac.com\/wp-content\/uploads\/2025\/07\/tiktok-1024x1024.png\" alt=\"\" class=\"wp-image-12254\" srcset=\"https:\/\/www.mylasertabac.com\/wp-content\/uploads\/2025\/07\/tiktok-1024x1024.png 1024w, https:\/\/www.mylasertabac.com\/wp-content\/uploads\/2025\/07\/tiktok-300x300.png 300w, https:\/\/www.mylasertabac.com\/wp-content\/uploads\/2025\/07\/tiktok-150x150.png 150w, https:\/\/www.mylasertabac.com\/wp-content\/uploads\/2025\/07\/tiktok-768x768.png 768w, https:\/\/www.mylasertabac.com\/wp-content\/uploads\/2025\/07\/tiktok-1536x1536.png 1536w, https:\/\/www.mylasertabac.com\/wp-content\/uploads\/2025\/07\/tiktok-2048x2048.png 2048w\" sizes=\"(max-width: 1024px) 100vw, 1024px\" \/><\/figure>\n\n<h3 class=\"wp-block-heading\">Hochgradig zielgruppenorientierte Marketinginstrumente (TikTok, Influencer, Online-Spiele)<\/h3>\n\n<p>Marken haben die psychologische Funktionsweise junger Menschen gut verstanden. Die <strong>Algorithmen von TikTok<\/strong>, die Produktplatzierungen von Influencern oder Videospiele mit In-App-K\u00e4ufen sind so konzipiert, dass sie <strong>Bindung<\/strong> und sogar Abh\u00e4ngigkeit <strong>erzeugen<\/strong>. Es geht nicht mehr nur um Konsum, sondern um <strong>Aufmerksamkeit und Emotionen<\/strong>.  <\/p>\n\n<p>Hinter dieser Strategie steht ein einziges Ziel: die Jugendlichen &#8222;hip&#8220;, vernetzt und konsumfreudig zu halten. Diese Form der Sucht ist <strong>unsichtbar, aber \u00e4u\u00dferst effektiv.<\/strong> <\/p>\n\n<div style=\"height:18px\" aria-hidden=\"true\" class=\"wp-block-spacer\"><\/div>\n\n<h3 class=\"wp-block-heading\">Mangel an erzieherischen Orientierungshilfen \u00fcber echte Abh\u00e4ngigkeiten<\/h3>\n\n<div style=\"height:16px\" aria-hidden=\"true\" class=\"wp-block-spacer\"><\/div>\n\n<p>Junge Menschen sind \u00fcber die <strong>wahre Natur moderner S\u00fcchte<\/strong> kaum informiert. W\u00e4hrend die Gefahren von Tabak und Alkohol bekannt sind, werden die Gefahren von Zucker, PEUFs oder sozialen Netzwerken zu Hause oder in der Schule nur wenig gelehrt. Das Ergebnis ist <strong>ein riskantes Verhalten, das ignoriert<\/strong>, normalisiert und manchmal sogar vom sozialen Umfeld gef\u00f6rdert wird.  <\/p>\n\n<p>Den Erwachsenen selbst fehlt es oft an <strong>klaren Anhaltspunkten<\/strong> f\u00fcr diese neuen Formen der Abh\u00e4ngigkeit, was <strong>eine Pr\u00e4vention oder angemessene Reaktion schwierig macht<\/strong>.<\/p>\n\n<div style=\"height:16px\" aria-hidden=\"true\" class=\"wp-block-spacer\"><\/div>\n\n<h2 class=\"wp-block-heading\">Wie k\u00f6nnen Sie handeln, bevor es zu einer Eskalation kommt?<\/h2>\n\n<div style=\"height:16px\" aria-hidden=\"true\" class=\"wp-block-spacer\"><\/div>\n\n<h3 class=\"wp-block-heading\">Anzeichen, die Sie bei einem jungen Menschen erkennen sollten<\/h3>\n\n<div style=\"height:16px\" aria-hidden=\"true\" class=\"wp-block-spacer\"><\/div>\n\n<p>Wachsamkeit beginnt mit der Beobachtung. Ein junger S\u00fcchtiger wird sich nicht als solcher identifizieren, aber es gibt Warnsignale: <\/p>\n\n<ul class=\"wp-block-list\">\n<li>\u00dcberm\u00e4\u00dfige Reizbarkeit beim Absetzen von Bildschirmen oder PEUF<\/li>\n\n\n\n<li>Zwanghafter Konsum von zuckerhaltigen Getr\u00e4nken oder Snacks<\/li>\n\n\n\n<li>Isolation, fortschreitendes Desinteresse an &#8222;Off-Screen&#8220;-Freizeitaktivit\u00e4ten<\/li>\n\n\n\n<li>Schlafst\u00f6rungen, Unruhe, st\u00e4ndige M\u00fcdigkeit<\/li>\n\n\n\n<li>Zielgerichteter Konsum: um Stress abzubauen, sich zu entspannen, das College durchzuhalten&#8230;<\/li>\n<\/ul>\n\n<p>Diese Signale sollten nicht ignoriert werden. Sie sind <strong>oft ein Anzeichen f\u00fcr eine beginnende Abh\u00e4ngigkeit<\/strong>, auch wenn diese nur verdeckt ist. <\/p>\n\n<div style=\"height:16px\" aria-hidden=\"true\" class=\"wp-block-spacer\"><\/div>\n\n<h3 class=\"wp-block-heading\">Das Tabu brechen und den Dialog er\u00f6ffnen<\/h3>\n\n<div style=\"height:16px\" aria-hidden=\"true\" class=\"wp-block-spacer\"><\/div>\n\n<p>Der erste Schritt besteht darin, zu <strong>sprechen, ohne zu urteilen<\/strong>. Vermeiden Sie moralisierende oder schuldbeladene Reden und nehmen Sie stattdessen eine verst\u00e4ndnisvolle Haltung ein. Fragen zu stellen, zuzuh\u00f6ren und eigene Erfahrungen mitzuteilen ist oft effektiver als eine Predigt.  <\/p>\n\n<p>Das Erlebte in Worte zu fassen, erm\u00f6glicht es den Jugendlichen, sich ihrer Verhaltensweisen ohne Scham <strong>bewusst<\/strong> zu werden. Es ist auch eine M\u00f6glichkeit, sich in einer manchmal zu glatten digitalen Welt <strong>wieder mit der Realit\u00e4t zu verbinden<\/strong>. <\/p>\n\n<div style=\"height:16px\" aria-hidden=\"true\" class=\"wp-block-spacer\"><\/div>\n\n<figure class=\"wp-block-image aligncenter size-full\"><img decoding=\"async\" width=\"975\" height=\"982\" src=\"https:\/\/www.mylasertabac.com\/wp-content\/uploads\/2025\/06\/centre.jpeg\" alt=\"\" class=\"wp-image-9265\" srcset=\"https:\/\/www.mylasertabac.com\/wp-content\/uploads\/2025\/06\/centre.jpeg 975w, https:\/\/www.mylasertabac.com\/wp-content\/uploads\/2025\/06\/centre-298x300.jpeg 298w, https:\/\/www.mylasertabac.com\/wp-content\/uploads\/2025\/06\/centre-150x150.jpeg 150w, https:\/\/www.mylasertabac.com\/wp-content\/uploads\/2025\/06\/centre-768x774.jpeg 768w\" sizes=\"(max-width: 975px) 100vw, 975px\" \/><\/figure>\n\n<h3 class=\"wp-block-heading\">Der Anti-Sucht-Laser: eine nat\u00fcrliche Alternative, die immer mehr junge Menschen anspricht<\/h3>\n\n<p>Angesichts dieser neuen Abh\u00e4ngigkeiten gibt es innovative, nat\u00fcrliche und wirksame L\u00f6sungen. Der <strong>Anti-Sucht-Laser<\/strong>, eine sanfte Methode, die aus der Ohrreflexzonenmassage hervorgegangen ist, wird immer h\u00e4ufiger eingesetzt, um junge Menschen zu behandeln, die an S\u00fcchten leiden: <strong>Tabak, Zucker, Cannabis, Stress, Bildschirm<\/strong>&#8230;. <\/p>\n\n<p>Diese schmerzlose Technik wirkt auf die <strong>Reflexzonen im Ohr<\/strong>, stimuliert die Entladungsschaltkreise im Gehirn und reduziert das Verlangen. Sie ist besonders f\u00fcr die <strong>Generation Z<\/strong> geeignet, die nicht gerne Medikamente einnimmt und nach schnellen, effektiven und nat\u00fcrlichen Methoden sucht. <\/p>\n\n<p>Zu <strong>MyLaserTabac<\/strong> kommen immer mehr Jugendliche <strong>in Begleitung ihrer Eltern<\/strong>, um Gleichgewicht, Vertrauen und Freiheit von zwanghaftem Verhalten zu finden.<\/p>\n\n<div style=\"height:16px\" aria-hidden=\"true\" class=\"wp-block-spacer\"><\/div>\n\n<hr class=\"wp-block-separator has-alpha-channel-opacity\"\/>\n\n<h2 class=\"wp-block-heading\">Zum Schluss<\/h2>\n\n<p>Die Generation Z raucht vielleicht nicht mehr wie fr\u00fchere Generationen, aber sie <strong>inhaliert andere Formen von Abh\u00e4ngigkeiten<\/strong>, die moderner, heimt\u00fcckischer, aber genauso m\u00e4chtig sind. PEUF, Bildschirme, Zucker und angstl\u00f6sende Produkte sind keine harmlosen Details. Sie zeichnen eine <strong>neue Landschaft der Sucht<\/strong>, auf die schnell und mit geeigneten Mitteln reagiert werden muss.  <\/p>\n\n<p>Der <strong><a href=\"https:\/\/www.mylasertabac.com\/de\/\">Anti-Sucht-Laser<\/a><\/strong>, angeboten in den Zentren von <strong><a href=\"https:\/\/www.mylasertabac.com\/de\/\">MyLaserTabac  angeboten werden.<\/a><\/strong>ist eine konkrete, sanfte und effektive Antwort auf diese neuen Herausforderungen. Lassen Sie uns handeln, bevor diese stillen S\u00fcchte zu unsichtbaren Gef\u00e4ngnissen f\u00fcr eine ganze Generation werden. <\/p>\n\n<div style=\"height:39px\" aria-hidden=\"true\" class=\"wp-block-spacer\"><\/div>\n\n<figure class=\"wp-block-image size-large\"><img decoding=\"async\" src=\"https:\/\/www.mylasertabac.com\/wp-content\/uploads\/\/mlt-verteau.svg\" alt=\"\" class=\"wp-image-13\"\/><\/figure>\n","protected":false},"excerpt":{"rendered":"<p>Sie sind zwischen 12 und 27 Jahre alt. Sie sind mit dem Internet, den sozialen Netzwerken, dem schnellen Leben und der Unmittelbarkeit aufgewachsen. Aber vor allem sind sie das ideale Ziel f\u00fcr eine neue Form von Sucht: heimt\u00fcckischer, sozial akzeptierter, aber genauso gef\u00e4hrlich. Ist die Generation Z dabei, in die unsichtbare Falle der neuen Abh\u00e4ngigkeiten [&hellip;]<\/p>\n","protected":false},"author":2,"featured_media":12289,"comment_status":"closed","ping_status":"open","sticky":false,"template":"","format":"standard","meta":{"inline_featured_image":false,"footnotes":""},"categories":[166],"tags":[],"class_list":["post-12265","post","type-post","status-publish","format-standard","has-post-thumbnail","hentry","category-gesundheit-und-sucht"],"yoast_head":"<!-- This site is optimized with the Yoast SEO plugin v27.5 - https:\/\/yoast.com\/product\/yoast-seo-wordpress\/ -->\n<title>Ist die Generation Z s\u00fcchtig, ohne es zu merken? - My Laser Tabac<\/title>\n<meta name=\"description\" content=\"Die Generation Z entwickelt neue, unsichtbare S\u00fcchte. Erfahren Sie, wie Sie gegen die Fallen von Zucker, Dampfen, Bildschirmen und Cannabis vorgehen k\u00f6nnen.\" \/>\n<meta name=\"robots\" content=\"index, follow, max-snippet:-1, max-image-preview:large, max-video-preview:-1\" \/>\n<link rel=\"canonical\" href=\"https:\/\/www.mylasertabac.com\/de\/ist-die-generation-z-suechtig-ohne-es-zu-merken\/\" \/>\n<meta property=\"og:locale\" content=\"de_DE\" \/>\n<meta property=\"og:type\" content=\"article\" \/>\n<meta property=\"og:title\" content=\"Ist die Generation Z s\u00fcchtig, ohne es zu merken? - My Laser Tabac\" \/>\n<meta property=\"og:description\" content=\"Die Generation Z entwickelt neue, unsichtbare S\u00fcchte. Erfahren Sie, wie Sie gegen die Fallen von Zucker, Dampfen, Bildschirmen und Cannabis vorgehen k\u00f6nnen.\" \/>\n<meta property=\"og:url\" content=\"https:\/\/www.mylasertabac.com\/de\/ist-die-generation-z-suechtig-ohne-es-zu-merken\/\" \/>\n<meta property=\"og:site_name\" content=\"My Laser Tabac\" \/>\n<meta property=\"article:author\" content=\"https:\/\/www.facebook.com\/profile.php?id=61571554707319\" \/>\n<meta property=\"article:published_time\" content=\"2025-07-29T22:41:43+00:00\" \/>\n<meta property=\"article:modified_time\" content=\"2025-07-30T06:34:35+00:00\" \/>\n<meta property=\"og:image\" content=\"https:\/\/www.mylasertabac.com\/wp-content\/uploads\/2025\/07\/generation-z-.jpeg\" \/>\n\t<meta property=\"og:image:width\" content=\"1206\" \/>\n\t<meta property=\"og:image:height\" content=\"793\" \/>\n\t<meta property=\"og:image:type\" content=\"image\/jpeg\" \/>\n<meta name=\"author\" content=\"Florian Fortes\" \/>\n<meta name=\"twitter:card\" content=\"summary_large_image\" \/>\n<meta name=\"twitter:label1\" content=\"Verfasst von\" \/>\n\t<meta name=\"twitter:data1\" content=\"Florian Fortes\" \/>\n\t<meta name=\"twitter:label2\" content=\"Gesch\u00e4tzte Lesezeit\" \/>\n\t<meta name=\"twitter:data2\" content=\"5\u00a0Minuten\" \/>\n<script type=\"application\/ld+json\" class=\"yoast-schema-graph\">{\"@context\":\"https:\\\/\\\/schema.org\",\"@graph\":[{\"@type\":\"Article\",\"@id\":\"https:\\\/\\\/www.mylasertabac.com\\\/de\\\/ist-die-generation-z-suechtig-ohne-es-zu-merken\\\/#article\",\"isPartOf\":{\"@id\":\"https:\\\/\\\/www.mylasertabac.com\\\/de\\\/ist-die-generation-z-suechtig-ohne-es-zu-merken\\\/\"},\"author\":{\"name\":\"Florian Fortes\",\"@id\":\"https:\\\/\\\/www.mylasertabac.com\\\/de\\\/#\\\/schema\\\/person\\\/02c249cb76d912efb6c315ec23eccdf3\"},\"headline\":\"Ist die Generation Z s\u00fcchtig, ohne es zu merken?\",\"datePublished\":\"2025-07-29T22:41:43+00:00\",\"dateModified\":\"2025-07-30T06:34:35+00:00\",\"mainEntityOfPage\":{\"@id\":\"https:\\\/\\\/www.mylasertabac.com\\\/de\\\/ist-die-generation-z-suechtig-ohne-es-zu-merken\\\/\"},\"wordCount\":1062,\"publisher\":{\"@id\":\"https:\\\/\\\/www.mylasertabac.com\\\/de\\\/#organization\"},\"image\":{\"@id\":\"https:\\\/\\\/www.mylasertabac.com\\\/de\\\/ist-die-generation-z-suechtig-ohne-es-zu-merken\\\/#primaryimage\"},\"thumbnailUrl\":\"https:\\\/\\\/www.mylasertabac.com\\\/wp-content\\\/uploads\\\/2025\\\/07\\\/generation-z-.jpeg\",\"articleSection\":[\"Gesundheit und Sucht\"],\"inLanguage\":\"de\"},{\"@type\":\"WebPage\",\"@id\":\"https:\\\/\\\/www.mylasertabac.com\\\/de\\\/ist-die-generation-z-suechtig-ohne-es-zu-merken\\\/\",\"url\":\"https:\\\/\\\/www.mylasertabac.com\\\/de\\\/ist-die-generation-z-suechtig-ohne-es-zu-merken\\\/\",\"name\":\"Ist die Generation Z s\u00fcchtig, ohne es zu merken? - My Laser Tabac\",\"isPartOf\":{\"@id\":\"https:\\\/\\\/www.mylasertabac.com\\\/de\\\/#website\"},\"primaryImageOfPage\":{\"@id\":\"https:\\\/\\\/www.mylasertabac.com\\\/de\\\/ist-die-generation-z-suechtig-ohne-es-zu-merken\\\/#primaryimage\"},\"image\":{\"@id\":\"https:\\\/\\\/www.mylasertabac.com\\\/de\\\/ist-die-generation-z-suechtig-ohne-es-zu-merken\\\/#primaryimage\"},\"thumbnailUrl\":\"https:\\\/\\\/www.mylasertabac.com\\\/wp-content\\\/uploads\\\/2025\\\/07\\\/generation-z-.jpeg\",\"datePublished\":\"2025-07-29T22:41:43+00:00\",\"dateModified\":\"2025-07-30T06:34:35+00:00\",\"description\":\"Die Generation Z entwickelt neue, unsichtbare S\u00fcchte. Erfahren Sie, wie Sie gegen die Fallen von Zucker, Dampfen, Bildschirmen und Cannabis vorgehen k\u00f6nnen.\",\"breadcrumb\":{\"@id\":\"https:\\\/\\\/www.mylasertabac.com\\\/de\\\/ist-die-generation-z-suechtig-ohne-es-zu-merken\\\/#breadcrumb\"},\"inLanguage\":\"de\",\"potentialAction\":[{\"@type\":\"ReadAction\",\"target\":[\"https:\\\/\\\/www.mylasertabac.com\\\/de\\\/ist-die-generation-z-suechtig-ohne-es-zu-merken\\\/\"]}]},{\"@type\":\"ImageObject\",\"inLanguage\":\"de\",\"@id\":\"https:\\\/\\\/www.mylasertabac.com\\\/de\\\/ist-die-generation-z-suechtig-ohne-es-zu-merken\\\/#primaryimage\",\"url\":\"https:\\\/\\\/www.mylasertabac.com\\\/wp-content\\\/uploads\\\/2025\\\/07\\\/generation-z-.jpeg\",\"contentUrl\":\"https:\\\/\\\/www.mylasertabac.com\\\/wp-content\\\/uploads\\\/2025\\\/07\\\/generation-z-.jpeg\",\"width\":1206,\"height\":793},{\"@type\":\"BreadcrumbList\",\"@id\":\"https:\\\/\\\/www.mylasertabac.com\\\/de\\\/ist-die-generation-z-suechtig-ohne-es-zu-merken\\\/#breadcrumb\",\"itemListElement\":[{\"@type\":\"ListItem\",\"position\":1,\"name\":\"Accueil\",\"item\":\"https:\\\/\\\/www.mylasertabac.com\\\/de\\\/startseite\\\/\"},{\"@type\":\"ListItem\",\"position\":2,\"name\":\"Ist die Generation Z s\u00fcchtig, ohne es zu merken?\"}]},{\"@type\":\"WebSite\",\"@id\":\"https:\\\/\\\/www.mylasertabac.com\\\/de\\\/#website\",\"url\":\"https:\\\/\\\/www.mylasertabac.com\\\/de\\\/\",\"name\":\"My Laser Tabac\",\"description\":\"La solution laser qui transforme les fumeurs en ex-fumeurs\",\"publisher\":{\"@id\":\"https:\\\/\\\/www.mylasertabac.com\\\/de\\\/#organization\"},\"potentialAction\":[{\"@type\":\"SearchAction\",\"target\":{\"@type\":\"EntryPoint\",\"urlTemplate\":\"https:\\\/\\\/www.mylasertabac.com\\\/de\\\/?s={search_term_string}\"},\"query-input\":{\"@type\":\"PropertyValueSpecification\",\"valueRequired\":true,\"valueName\":\"search_term_string\"}}],\"inLanguage\":\"de\"},{\"@type\":\"Organization\",\"@id\":\"https:\\\/\\\/www.mylasertabac.com\\\/de\\\/#organization\",\"name\":\"My Laser Tabac\",\"url\":\"https:\\\/\\\/www.mylasertabac.com\\\/de\\\/\",\"logo\":{\"@type\":\"ImageObject\",\"inLanguage\":\"de\",\"@id\":\"https:\\\/\\\/www.mylasertabac.com\\\/de\\\/#\\\/schema\\\/logo\\\/image\\\/\",\"url\":\"https:\\\/\\\/www.mylasertabac.com\\\/wp-content\\\/uploads\\\/2024\\\/12\\\/mlt-verteau.svg\",\"contentUrl\":\"https:\\\/\\\/www.mylasertabac.com\\\/wp-content\\\/uploads\\\/2024\\\/12\\\/mlt-verteau.svg\",\"caption\":\"My Laser Tabac\"},\"image\":{\"@id\":\"https:\\\/\\\/www.mylasertabac.com\\\/de\\\/#\\\/schema\\\/logo\\\/image\\\/\"}},{\"@type\":\"Person\",\"@id\":\"https:\\\/\\\/www.mylasertabac.com\\\/de\\\/#\\\/schema\\\/person\\\/02c249cb76d912efb6c315ec23eccdf3\",\"name\":\"Florian Fortes\",\"image\":{\"@type\":\"ImageObject\",\"inLanguage\":\"de\",\"@id\":\"https:\\\/\\\/www.mylasertabac.com\\\/wp-content\\\/litespeed\\\/avatar\\\/142101a71d7b9e6490c1120d9c109a67.jpg?ver=1777461116\",\"url\":\"https:\\\/\\\/www.mylasertabac.com\\\/wp-content\\\/litespeed\\\/avatar\\\/142101a71d7b9e6490c1120d9c109a67.jpg?ver=1777461116\",\"contentUrl\":\"https:\\\/\\\/www.mylasertabac.com\\\/wp-content\\\/litespeed\\\/avatar\\\/142101a71d7b9e6490c1120d9c109a67.jpg?ver=1777461116\",\"caption\":\"Florian Fortes\"},\"sameAs\":[\"https:\\\/\\\/www.mylasertabac.com\",\"https:\\\/\\\/www.facebook.com\\\/profile.php?id=61571554707319\"],\"url\":\"https:\\\/\\\/www.mylasertabac.com\\\/de\\\/author\\\/florianfortes5312\\\/\"}]}<\/script>\n<!-- \/ Yoast SEO plugin. -->","yoast_head_json":{"title":"Ist die Generation Z s\u00fcchtig, ohne es zu merken? - My Laser Tabac","description":"Die Generation Z entwickelt neue, unsichtbare S\u00fcchte. Erfahren Sie, wie Sie gegen die Fallen von Zucker, Dampfen, Bildschirmen und Cannabis vorgehen k\u00f6nnen.","robots":{"index":"index","follow":"follow","max-snippet":"max-snippet:-1","max-image-preview":"max-image-preview:large","max-video-preview":"max-video-preview:-1"},"canonical":"https:\/\/www.mylasertabac.com\/de\/ist-die-generation-z-suechtig-ohne-es-zu-merken\/","og_locale":"de_DE","og_type":"article","og_title":"Ist die Generation Z s\u00fcchtig, ohne es zu merken? - My Laser Tabac","og_description":"Die Generation Z entwickelt neue, unsichtbare S\u00fcchte. Erfahren Sie, wie Sie gegen die Fallen von Zucker, Dampfen, Bildschirmen und Cannabis vorgehen k\u00f6nnen.","og_url":"https:\/\/www.mylasertabac.com\/de\/ist-die-generation-z-suechtig-ohne-es-zu-merken\/","og_site_name":"My Laser Tabac","article_author":"https:\/\/www.facebook.com\/profile.php?id=61571554707319","article_published_time":"2025-07-29T22:41:43+00:00","article_modified_time":"2025-07-30T06:34:35+00:00","og_image":[{"width":1206,"height":793,"url":"https:\/\/www.mylasertabac.com\/wp-content\/uploads\/2025\/07\/generation-z-.jpeg","type":"image\/jpeg"}],"author":"Florian Fortes","twitter_card":"summary_large_image","twitter_misc":{"Verfasst von":"Florian Fortes","Gesch\u00e4tzte Lesezeit":"5\u00a0Minuten"},"schema":{"@context":"https:\/\/schema.org","@graph":[{"@type":"Article","@id":"https:\/\/www.mylasertabac.com\/de\/ist-die-generation-z-suechtig-ohne-es-zu-merken\/#article","isPartOf":{"@id":"https:\/\/www.mylasertabac.com\/de\/ist-die-generation-z-suechtig-ohne-es-zu-merken\/"},"author":{"name":"Florian Fortes","@id":"https:\/\/www.mylasertabac.com\/de\/#\/schema\/person\/02c249cb76d912efb6c315ec23eccdf3"},"headline":"Ist die Generation Z s\u00fcchtig, ohne es zu merken?","datePublished":"2025-07-29T22:41:43+00:00","dateModified":"2025-07-30T06:34:35+00:00","mainEntityOfPage":{"@id":"https:\/\/www.mylasertabac.com\/de\/ist-die-generation-z-suechtig-ohne-es-zu-merken\/"},"wordCount":1062,"publisher":{"@id":"https:\/\/www.mylasertabac.com\/de\/#organization"},"image":{"@id":"https:\/\/www.mylasertabac.com\/de\/ist-die-generation-z-suechtig-ohne-es-zu-merken\/#primaryimage"},"thumbnailUrl":"https:\/\/www.mylasertabac.com\/wp-content\/uploads\/2025\/07\/generation-z-.jpeg","articleSection":["Gesundheit und Sucht"],"inLanguage":"de"},{"@type":"WebPage","@id":"https:\/\/www.mylasertabac.com\/de\/ist-die-generation-z-suechtig-ohne-es-zu-merken\/","url":"https:\/\/www.mylasertabac.com\/de\/ist-die-generation-z-suechtig-ohne-es-zu-merken\/","name":"Ist die Generation Z s\u00fcchtig, ohne es zu merken? - My Laser Tabac","isPartOf":{"@id":"https:\/\/www.mylasertabac.com\/de\/#website"},"primaryImageOfPage":{"@id":"https:\/\/www.mylasertabac.com\/de\/ist-die-generation-z-suechtig-ohne-es-zu-merken\/#primaryimage"},"image":{"@id":"https:\/\/www.mylasertabac.com\/de\/ist-die-generation-z-suechtig-ohne-es-zu-merken\/#primaryimage"},"thumbnailUrl":"https:\/\/www.mylasertabac.com\/wp-content\/uploads\/2025\/07\/generation-z-.jpeg","datePublished":"2025-07-29T22:41:43+00:00","dateModified":"2025-07-30T06:34:35+00:00","description":"Die Generation Z entwickelt neue, unsichtbare S\u00fcchte. Erfahren Sie, wie Sie gegen die Fallen von Zucker, Dampfen, Bildschirmen und Cannabis vorgehen k\u00f6nnen.","breadcrumb":{"@id":"https:\/\/www.mylasertabac.com\/de\/ist-die-generation-z-suechtig-ohne-es-zu-merken\/#breadcrumb"},"inLanguage":"de","potentialAction":[{"@type":"ReadAction","target":["https:\/\/www.mylasertabac.com\/de\/ist-die-generation-z-suechtig-ohne-es-zu-merken\/"]}]},{"@type":"ImageObject","inLanguage":"de","@id":"https:\/\/www.mylasertabac.com\/de\/ist-die-generation-z-suechtig-ohne-es-zu-merken\/#primaryimage","url":"https:\/\/www.mylasertabac.com\/wp-content\/uploads\/2025\/07\/generation-z-.jpeg","contentUrl":"https:\/\/www.mylasertabac.com\/wp-content\/uploads\/2025\/07\/generation-z-.jpeg","width":1206,"height":793},{"@type":"BreadcrumbList","@id":"https:\/\/www.mylasertabac.com\/de\/ist-die-generation-z-suechtig-ohne-es-zu-merken\/#breadcrumb","itemListElement":[{"@type":"ListItem","position":1,"name":"Accueil","item":"https:\/\/www.mylasertabac.com\/de\/startseite\/"},{"@type":"ListItem","position":2,"name":"Ist die Generation Z s\u00fcchtig, ohne es zu merken?"}]},{"@type":"WebSite","@id":"https:\/\/www.mylasertabac.com\/de\/#website","url":"https:\/\/www.mylasertabac.com\/de\/","name":"My Laser Tabac","description":"La solution laser qui transforme les fumeurs en ex-fumeurs","publisher":{"@id":"https:\/\/www.mylasertabac.com\/de\/#organization"},"potentialAction":[{"@type":"SearchAction","target":{"@type":"EntryPoint","urlTemplate":"https:\/\/www.mylasertabac.com\/de\/?s={search_term_string}"},"query-input":{"@type":"PropertyValueSpecification","valueRequired":true,"valueName":"search_term_string"}}],"inLanguage":"de"},{"@type":"Organization","@id":"https:\/\/www.mylasertabac.com\/de\/#organization","name":"My Laser Tabac","url":"https:\/\/www.mylasertabac.com\/de\/","logo":{"@type":"ImageObject","inLanguage":"de","@id":"https:\/\/www.mylasertabac.com\/de\/#\/schema\/logo\/image\/","url":"https:\/\/www.mylasertabac.com\/wp-content\/uploads\/2024\/12\/mlt-verteau.svg","contentUrl":"https:\/\/www.mylasertabac.com\/wp-content\/uploads\/2024\/12\/mlt-verteau.svg","caption":"My Laser Tabac"},"image":{"@id":"https:\/\/www.mylasertabac.com\/de\/#\/schema\/logo\/image\/"}},{"@type":"Person","@id":"https:\/\/www.mylasertabac.com\/de\/#\/schema\/person\/02c249cb76d912efb6c315ec23eccdf3","name":"Florian Fortes","image":{"@type":"ImageObject","inLanguage":"de","@id":"https:\/\/www.mylasertabac.com\/wp-content\/litespeed\/avatar\/142101a71d7b9e6490c1120d9c109a67.jpg?ver=1777461116","url":"https:\/\/www.mylasertabac.com\/wp-content\/litespeed\/avatar\/142101a71d7b9e6490c1120d9c109a67.jpg?ver=1777461116","contentUrl":"https:\/\/www.mylasertabac.com\/wp-content\/litespeed\/avatar\/142101a71d7b9e6490c1120d9c109a67.jpg?ver=1777461116","caption":"Florian Fortes"},"sameAs":["https:\/\/www.mylasertabac.com","https:\/\/www.facebook.com\/profile.php?id=61571554707319"],"url":"https:\/\/www.mylasertabac.com\/de\/author\/florianfortes5312\/"}]}},"_links":{"self":[{"href":"https:\/\/www.mylasertabac.com\/de\/wp-json\/wp\/v2\/posts\/12265","targetHints":{"allow":["GET"]}}],"collection":[{"href":"https:\/\/www.mylasertabac.com\/de\/wp-json\/wp\/v2\/posts"}],"about":[{"href":"https:\/\/www.mylasertabac.com\/de\/wp-json\/wp\/v2\/types\/post"}],"author":[{"embeddable":true,"href":"https:\/\/www.mylasertabac.com\/de\/wp-json\/wp\/v2\/users\/2"}],"replies":[{"embeddable":true,"href":"https:\/\/www.mylasertabac.com\/de\/wp-json\/wp\/v2\/comments?post=12265"}],"version-history":[{"count":7,"href":"https:\/\/www.mylasertabac.com\/de\/wp-json\/wp\/v2\/posts\/12265\/revisions"}],"predecessor-version":[{"id":12338,"href":"https:\/\/www.mylasertabac.com\/de\/wp-json\/wp\/v2\/posts\/12265\/revisions\/12338"}],"wp:featuredmedia":[{"embeddable":true,"href":"https:\/\/www.mylasertabac.com\/de\/wp-json\/wp\/v2\/media\/12289"}],"wp:attachment":[{"href":"https:\/\/www.mylasertabac.com\/de\/wp-json\/wp\/v2\/media?parent=12265"}],"wp:term":[{"taxonomy":"category","embeddable":true,"href":"https:\/\/www.mylasertabac.com\/de\/wp-json\/wp\/v2\/categories?post=12265"},{"taxonomy":"post_tag","embeddable":true,"href":"https:\/\/www.mylasertabac.com\/de\/wp-json\/wp\/v2\/tags?post=12265"}],"curies":[{"name":"wp","href":"https:\/\/api.w.org\/{rel}","templated":true}]}}