{"id":15579,"date":"2025-09-06T09:12:49","date_gmt":"2025-09-06T07:12:49","guid":{"rendered":"https:\/\/www.mylasertabac.com\/2026-nikotinbeutel-in-frankreich-verboten-was-bedeutet-das-fuer-sie\/"},"modified":"2025-09-08T09:13:46","modified_gmt":"2025-09-08T07:13:46","slug":"2026-nikotinbeutel-in-frankreich-verboten-was-bedeutet-das-fuer-sie","status":"publish","type":"post","link":"https:\/\/www.mylasertabac.com\/de\/2026-nikotinbeutel-in-frankreich-verboten-was-bedeutet-das-fuer-sie\/","title":{"rendered":"2026: Nikotinbeutel in Frankreich verboten &#8211; was bedeutet das f\u00fcr Sie?"},"content":{"rendered":"\n<h2 class=\"wp-block-heading\">Ein Produkt im Fokus&#8230; und unter Beschuss der Regulierungsbeh\u00f6rden<\/h2>\n\n<p>Im Februar 2025 informierte Frankreich die Europ\u00e4ische Kommission offiziell \u00fcber seine Absicht, Nikotinbeutel &#8211; auch Pouches genannt &#8211; wegen ihrer gef\u00e4hrlichen Attraktivit\u00e4t, insbesondere f\u00fcr Jugendliche, zu verbieten. Mit der impliziten Zustimmung Br\u00fcssels Anfang September kann diese Ma\u00dfnahme nun umgesetzt werden. <\/p>\n\n<div style=\"height:18px\" aria-hidden=\"true\" class=\"wp-block-spacer\"><\/div>\n\n<h2 class=\"wp-block-heading\">Warum die Eile mit den Nikotinbeuteln?<\/h2>\n\n<ul class=\"wp-block-list\">\n<li><strong>Gezieltes Marketing f\u00fcr junge Leute<\/strong>: fruchtige oder minzige Aromen, heimt\u00fcckische Kommunikation in sozialen Netzwerken \u00fcber TikTok und Influencer&#8230; all diese Strategien wurden entwickelt, um neue Verbraucher zu verf\u00fchren und an sich zu binden.<\/li>\n\n\n\n<li><strong>Hohe Nikotinwerte und schnelle Abh\u00e4ngigkeit<\/strong>: Einige dieser Produkte liefern bis zu 100 mg pro Dosis, eine sehr s\u00fcchtig machende Konzentration, die mit der von Zigaretten vergleichbar ist oder diese sogar \u00fcbertrifft.<\/li>\n\n\n\n<li><strong>Besorgniserregende Vergiftungsf\u00e4lle<\/strong>: Die Giftnotrufzentralen verzeichnen einen Anstieg der Warnmeldungen bei Jugendlichen, die Symptome einer akuten \u00dcberdosierung aufweisen.<\/li>\n<\/ul>\n\n<div style=\"height:18px\" aria-hidden=\"true\" class=\"wp-block-spacer\"><\/div>\n\n<h2 class=\"wp-block-heading\">Eine gerechtfertigte, aber umstrittene Ma\u00dfnahme<\/h2>\n\n<p>Um die Jugend zu sch\u00fctzen, k\u00fcndigte die Gesundheitsministerin an, dass alle diese Produkte bis 2026 verboten werden sollen.<br\/>Einige Experten warnen jedoch, dass das Verbot erwachsenen Rauchern eine potenziell weniger sch\u00e4dliche Alternative zu gerauchtem Tabak vorenth\u00e4lt, wie das schwedische Snus-Modell gezeigt hat. Eine radikale Ma\u00dfnahme, die jedoch im Einklang mit einer Politik zur massiven Reduzierung von Abh\u00e4ngigkeiten steht. <\/p>\n\n<div style=\"height:18px\" aria-hidden=\"true\" class=\"wp-block-spacer\"><\/div>\n\n<h2 class=\"wp-block-heading\">Was Sie davon haben: mehr Klarheit und Schutz<\/h2>\n\n<ul class=\"wp-block-list\">\n<li><strong>Weniger Verwirrung, mehr Pr\u00e4vention<\/strong>: Jugendliche werden nicht mehr mit Nikotinprodukten konfrontiert, die sich hinter attraktiven Verpackungen verbergen.<\/li>\n\n\n\n<li><strong>Pr\u00e4vention der fr\u00fchen Sucht<\/strong>: Ein starker Schritt, um zu verhindern, dass Nikotin in das Leben von Jugendlichen eindringt.<\/li>\n\n\n\n<li><strong>Eine klare Botschaft: Gesundheit ist die Priorit\u00e4t.<\/strong>  Dies ist eine mutige Entscheidung, die darauf abzielt, die sch\u00e4dlichen Auswirkungen von aggressivem Marketing und zu verf\u00fchrerischen Alternativen zu kontrollieren.<\/li>\n<\/ul>\n\n<div style=\"height:37px\" aria-hidden=\"true\" class=\"wp-block-spacer\"><\/div>\n\n<figure class=\"wp-block-image alignright size-large is-resized\"><a href=\"https:\/\/www.mylasertabac.com\/de\/unsere-zentren\/\"><img fetchpriority=\"high\" decoding=\"async\" width=\"1024\" height=\"668\" src=\"https:\/\/www.mylasertabac.com\/wp-content\/uploads\/2025\/08\/tu-veux-arreter-de-fumer-Clique-ici--1024x668.jpg\" alt=\"\" class=\"wp-image-13752\" style=\"width:426px;height:auto\" srcset=\"https:\/\/www.mylasertabac.com\/wp-content\/uploads\/2025\/08\/tu-veux-arreter-de-fumer-Clique-ici--1024x668.jpg 1024w, https:\/\/www.mylasertabac.com\/wp-content\/uploads\/2025\/08\/tu-veux-arreter-de-fumer-Clique-ici--300x196.jpg 300w, https:\/\/www.mylasertabac.com\/wp-content\/uploads\/2025\/08\/tu-veux-arreter-de-fumer-Clique-ici--768x501.jpg 768w, https:\/\/www.mylasertabac.com\/wp-content\/uploads\/2025\/08\/tu-veux-arreter-de-fumer-Clique-ici-.jpg 1206w\" sizes=\"(max-width: 1024px) 100vw, 1024px\" \/><\/a><\/figure>\n\n<h2 class=\"wp-block-heading\">Sind Sie bereit zu handeln?<\/h2>\n\n<p>Das Verbot dieser Beutel sollte das Leben der Raucher, die mit dieser diskreten Versuchung konfrontiert sind, vereinfachen und gleichzeitig den Weg f\u00fcr andere, gesundheitsfreundlichere Methoden der Entw\u00f6hnung ebnen.<\/p>\n\n<div style=\"height:31px\" aria-hidden=\"true\" class=\"wp-block-spacer\"><\/div>\n\n<h3 class=\"wp-block-heading\">Gehen Sie zum n\u00e4chsten Schritt: Befreiung von jeglicher Abh\u00e4ngigkeit<\/h3>\n\n<p>Bei <strong>MyLaserTabac<\/strong> bieten wir eine nat\u00fcrliche und effektive Methode an &#8211; die Reflexzonenmassage. <strong><a href=\"https:\/\/www.mylasertabac.com\/de\/\">Laser-Ohrreflexzonenmassage<\/a><\/strong> &#8211; Wir bieten Ihnen diese Methode an, um Sie bei der Raucherentw\u00f6hnung zu unterst\u00fctzen, aber auch bei anderen S\u00fcchten (Zucker, Cannabis, Alkohol).<\/p>\n\n<ul class=\"wp-block-list\">\n<li>Ein sanfter Ansatz ohne Chemikalien<\/li>\n\n\n\n<li>Eine individuelle Betreuung, die bereits von Tausenden von Menschen bevorzugt wird.<\/li>\n\n\n\n<li>Eine Methode, die auf K\u00f6rper und Geist wirkt: Stress, Verlangen, Motivation, Gleichgewicht<\/li>\n<\/ul>\n\n<div style=\"height:18px\" aria-hidden=\"true\" class=\"wp-block-spacer\"><\/div>\n\n<p><strong>Handeln Sie jetzt<\/strong>. Nutzen Sie einen wichtigen Moment in der Gesetzgebung, um endlich STOPP dem Nikotin zu sagen. <strong>Vereinbaren Sie einen Termin in einem unserer <a href=\"https:\/\/www.mylasertabac.com\/de\/\">MyLaserTabac-Zentren<\/a><\/strong> und beginnen Sie Ihr neues Leben ohne Tabak oder s\u00fcchtig machende Ersatzstoffe &#8211; einfach, nat\u00fcrlich und dauerhaft. <\/p>\n\n<div style=\"height:36px\" aria-hidden=\"true\" class=\"wp-block-spacer\"><\/div>\n\n<figure class=\"wp-block-image size-large\"><img decoding=\"async\" src=\"https:\/\/www.mylasertabac.com\/wp-content\/uploads\/\/mlt-verteau.svg\" alt=\"\" class=\"wp-image-13\"\/><\/figure>\n","protected":false},"excerpt":{"rendered":"<p>Ein Produkt im Fokus&#8230; und unter Beschuss der Regulierungsbeh\u00f6rden Im Februar 2025 informierte Frankreich die Europ\u00e4ische Kommission offiziell \u00fcber seine Absicht, Nikotinbeutel &#8211; auch Pouches genannt &#8211; wegen ihrer gef\u00e4hrlichen Attraktivit\u00e4t, insbesondere f\u00fcr Jugendliche, zu verbieten. Mit der impliziten Zustimmung Br\u00fcssels Anfang September kann diese Ma\u00dfnahme nun umgesetzt werden. Warum die Eile mit den Nikotinbeuteln? [&hellip;]<\/p>\n","protected":false},"author":2,"featured_media":15563,"comment_status":"closed","ping_status":"open","sticky":false,"template":"","format":"standard","meta":{"inline_featured_image":false,"footnotes":""},"categories":[581],"tags":[],"class_list":["post-15579","post","type-post","status-publish","format-standard","has-post-thumbnail","hentry","category-gesetz"],"yoast_head":"<!-- This site is optimized with the Yoast SEO plugin v27.4 - https:\/\/yoast.com\/product\/yoast-seo-wordpress\/ -->\n<title>Frankreich 2026: Nikotinbeutel sind vollst\u00e4ndig verboten<\/title>\n<meta name=\"description\" content=\"Im Januar 2026 verbietet Frankreich Nikotinbeutel, um Jugendliche zu sch\u00fctzen und die Sucht zu bek\u00e4mpfen.\" \/>\n<meta name=\"robots\" content=\"index, follow, max-snippet:-1, max-image-preview:large, max-video-preview:-1\" \/>\n<link rel=\"canonical\" href=\"https:\/\/www.mylasertabac.com\/de\/2026-nikotinbeutel-in-frankreich-verboten-was-bedeutet-das-fuer-sie\/\" \/>\n<meta property=\"og:locale\" content=\"de_DE\" \/>\n<meta property=\"og:type\" content=\"article\" \/>\n<meta property=\"og:title\" content=\"Frankreich 2026: Nikotinbeutel sind vollst\u00e4ndig verboten\" \/>\n<meta property=\"og:description\" content=\"Im Januar 2026 verbietet Frankreich Nikotinbeutel, um Jugendliche zu sch\u00fctzen und die Sucht zu bek\u00e4mpfen.\" \/>\n<meta property=\"og:url\" content=\"https:\/\/www.mylasertabac.com\/de\/2026-nikotinbeutel-in-frankreich-verboten-was-bedeutet-das-fuer-sie\/\" \/>\n<meta property=\"og:site_name\" content=\"My Laser Tabac\" \/>\n<meta property=\"article:author\" content=\"https:\/\/www.facebook.com\/profile.php?id=61571554707319\" \/>\n<meta property=\"article:published_time\" content=\"2025-09-06T07:12:49+00:00\" \/>\n<meta property=\"article:modified_time\" content=\"2025-09-08T07:13:46+00:00\" \/>\n<meta property=\"og:image\" content=\"https:\/\/www.mylasertabac.com\/wp-content\/uploads\/2025\/09\/Sachet-de-nicotine-interdit-en-France.jpg\" \/>\n\t<meta property=\"og:image:width\" content=\"1536\" \/>\n\t<meta property=\"og:image:height\" content=\"864\" \/>\n\t<meta property=\"og:image:type\" content=\"image\/jpeg\" \/>\n<meta name=\"author\" content=\"Florian Fortes\" \/>\n<meta name=\"twitter:card\" content=\"summary_large_image\" \/>\n<meta name=\"twitter:label1\" content=\"Verfasst von\" \/>\n\t<meta name=\"twitter:data1\" content=\"Florian Fortes\" \/>\n\t<meta name=\"twitter:label2\" content=\"Gesch\u00e4tzte Lesezeit\" \/>\n\t<meta name=\"twitter:data2\" content=\"2\u00a0Minuten\" \/>\n<script type=\"application\/ld+json\" class=\"yoast-schema-graph\">{\"@context\":\"https:\\\/\\\/schema.org\",\"@graph\":[{\"@type\":\"Article\",\"@id\":\"https:\\\/\\\/www.mylasertabac.com\\\/de\\\/2026-nikotinbeutel-in-frankreich-verboten-was-bedeutet-das-fuer-sie\\\/#article\",\"isPartOf\":{\"@id\":\"https:\\\/\\\/www.mylasertabac.com\\\/de\\\/2026-nikotinbeutel-in-frankreich-verboten-was-bedeutet-das-fuer-sie\\\/\"},\"author\":{\"name\":\"Florian Fortes\",\"@id\":\"https:\\\/\\\/www.mylasertabac.com\\\/de\\\/#\\\/schema\\\/person\\\/02c249cb76d912efb6c315ec23eccdf3\"},\"headline\":\"2026: Nikotinbeutel in Frankreich verboten &#8211; was bedeutet das f\u00fcr Sie?\",\"datePublished\":\"2025-09-06T07:12:49+00:00\",\"dateModified\":\"2025-09-08T07:13:46+00:00\",\"mainEntityOfPage\":{\"@id\":\"https:\\\/\\\/www.mylasertabac.com\\\/de\\\/2026-nikotinbeutel-in-frankreich-verboten-was-bedeutet-das-fuer-sie\\\/\"},\"wordCount\":463,\"publisher\":{\"@id\":\"https:\\\/\\\/www.mylasertabac.com\\\/de\\\/#organization\"},\"image\":{\"@id\":\"https:\\\/\\\/www.mylasertabac.com\\\/de\\\/2026-nikotinbeutel-in-frankreich-verboten-was-bedeutet-das-fuer-sie\\\/#primaryimage\"},\"thumbnailUrl\":\"https:\\\/\\\/www.mylasertabac.com\\\/wp-content\\\/uploads\\\/2025\\\/09\\\/Sachet-de-nicotine-interdit-en-France.jpg\",\"articleSection\":[\"Gesetz\"],\"inLanguage\":\"de\"},{\"@type\":\"WebPage\",\"@id\":\"https:\\\/\\\/www.mylasertabac.com\\\/de\\\/2026-nikotinbeutel-in-frankreich-verboten-was-bedeutet-das-fuer-sie\\\/\",\"url\":\"https:\\\/\\\/www.mylasertabac.com\\\/de\\\/2026-nikotinbeutel-in-frankreich-verboten-was-bedeutet-das-fuer-sie\\\/\",\"name\":\"Frankreich 2026: Nikotinbeutel sind vollst\u00e4ndig verboten\",\"isPartOf\":{\"@id\":\"https:\\\/\\\/www.mylasertabac.com\\\/de\\\/#website\"},\"primaryImageOfPage\":{\"@id\":\"https:\\\/\\\/www.mylasertabac.com\\\/de\\\/2026-nikotinbeutel-in-frankreich-verboten-was-bedeutet-das-fuer-sie\\\/#primaryimage\"},\"image\":{\"@id\":\"https:\\\/\\\/www.mylasertabac.com\\\/de\\\/2026-nikotinbeutel-in-frankreich-verboten-was-bedeutet-das-fuer-sie\\\/#primaryimage\"},\"thumbnailUrl\":\"https:\\\/\\\/www.mylasertabac.com\\\/wp-content\\\/uploads\\\/2025\\\/09\\\/Sachet-de-nicotine-interdit-en-France.jpg\",\"datePublished\":\"2025-09-06T07:12:49+00:00\",\"dateModified\":\"2025-09-08T07:13:46+00:00\",\"description\":\"Im Januar 2026 verbietet Frankreich Nikotinbeutel, um Jugendliche zu sch\u00fctzen und die Sucht zu bek\u00e4mpfen.\",\"breadcrumb\":{\"@id\":\"https:\\\/\\\/www.mylasertabac.com\\\/de\\\/2026-nikotinbeutel-in-frankreich-verboten-was-bedeutet-das-fuer-sie\\\/#breadcrumb\"},\"inLanguage\":\"de\",\"potentialAction\":[{\"@type\":\"ReadAction\",\"target\":[\"https:\\\/\\\/www.mylasertabac.com\\\/de\\\/2026-nikotinbeutel-in-frankreich-verboten-was-bedeutet-das-fuer-sie\\\/\"]}]},{\"@type\":\"ImageObject\",\"inLanguage\":\"de\",\"@id\":\"https:\\\/\\\/www.mylasertabac.com\\\/de\\\/2026-nikotinbeutel-in-frankreich-verboten-was-bedeutet-das-fuer-sie\\\/#primaryimage\",\"url\":\"https:\\\/\\\/www.mylasertabac.com\\\/wp-content\\\/uploads\\\/2025\\\/09\\\/Sachet-de-nicotine-interdit-en-France.jpg\",\"contentUrl\":\"https:\\\/\\\/www.mylasertabac.com\\\/wp-content\\\/uploads\\\/2025\\\/09\\\/Sachet-de-nicotine-interdit-en-France.jpg\",\"width\":1536,\"height\":864},{\"@type\":\"BreadcrumbList\",\"@id\":\"https:\\\/\\\/www.mylasertabac.com\\\/de\\\/2026-nikotinbeutel-in-frankreich-verboten-was-bedeutet-das-fuer-sie\\\/#breadcrumb\",\"itemListElement\":[{\"@type\":\"ListItem\",\"position\":1,\"name\":\"Accueil\",\"item\":\"https:\\\/\\\/www.mylasertabac.com\\\/de\\\/startseite\\\/\"},{\"@type\":\"ListItem\",\"position\":2,\"name\":\"2026: Nikotinbeutel in Frankreich verboten &#8211; was bedeutet das f\u00fcr Sie?\"}]},{\"@type\":\"WebSite\",\"@id\":\"https:\\\/\\\/www.mylasertabac.com\\\/de\\\/#website\",\"url\":\"https:\\\/\\\/www.mylasertabac.com\\\/de\\\/\",\"name\":\"My Laser Tabac\",\"description\":\"La solution laser qui transforme les fumeurs en ex-fumeurs\",\"publisher\":{\"@id\":\"https:\\\/\\\/www.mylasertabac.com\\\/de\\\/#organization\"},\"potentialAction\":[{\"@type\":\"SearchAction\",\"target\":{\"@type\":\"EntryPoint\",\"urlTemplate\":\"https:\\\/\\\/www.mylasertabac.com\\\/de\\\/?s={search_term_string}\"},\"query-input\":{\"@type\":\"PropertyValueSpecification\",\"valueRequired\":true,\"valueName\":\"search_term_string\"}}],\"inLanguage\":\"de\"},{\"@type\":\"Organization\",\"@id\":\"https:\\\/\\\/www.mylasertabac.com\\\/de\\\/#organization\",\"name\":\"My Laser Tabac\",\"url\":\"https:\\\/\\\/www.mylasertabac.com\\\/de\\\/\",\"logo\":{\"@type\":\"ImageObject\",\"inLanguage\":\"de\",\"@id\":\"https:\\\/\\\/www.mylasertabac.com\\\/de\\\/#\\\/schema\\\/logo\\\/image\\\/\",\"url\":\"https:\\\/\\\/www.mylasertabac.com\\\/wp-content\\\/uploads\\\/2024\\\/12\\\/mlt-verteau.svg\",\"contentUrl\":\"https:\\\/\\\/www.mylasertabac.com\\\/wp-content\\\/uploads\\\/2024\\\/12\\\/mlt-verteau.svg\",\"caption\":\"My Laser Tabac\"},\"image\":{\"@id\":\"https:\\\/\\\/www.mylasertabac.com\\\/de\\\/#\\\/schema\\\/logo\\\/image\\\/\"}},{\"@type\":\"Person\",\"@id\":\"https:\\\/\\\/www.mylasertabac.com\\\/de\\\/#\\\/schema\\\/person\\\/02c249cb76d912efb6c315ec23eccdf3\",\"name\":\"Florian Fortes\",\"image\":{\"@type\":\"ImageObject\",\"inLanguage\":\"de\",\"@id\":\"https:\\\/\\\/www.mylasertabac.com\\\/wp-content\\\/litespeed\\\/avatar\\\/142101a71d7b9e6490c1120d9c109a67.jpg?ver=1776856306\",\"url\":\"https:\\\/\\\/www.mylasertabac.com\\\/wp-content\\\/litespeed\\\/avatar\\\/142101a71d7b9e6490c1120d9c109a67.jpg?ver=1776856306\",\"contentUrl\":\"https:\\\/\\\/www.mylasertabac.com\\\/wp-content\\\/litespeed\\\/avatar\\\/142101a71d7b9e6490c1120d9c109a67.jpg?ver=1776856306\",\"caption\":\"Florian Fortes\"},\"sameAs\":[\"https:\\\/\\\/www.mylasertabac.com\",\"https:\\\/\\\/www.facebook.com\\\/profile.php?id=61571554707319\"],\"url\":\"https:\\\/\\\/www.mylasertabac.com\\\/de\\\/author\\\/florianfortes5312\\\/\"}]}<\/script>\n<!-- \/ Yoast SEO plugin. -->","yoast_head_json":{"title":"Frankreich 2026: Nikotinbeutel sind vollst\u00e4ndig verboten","description":"Im Januar 2026 verbietet Frankreich Nikotinbeutel, um Jugendliche zu sch\u00fctzen und die Sucht zu bek\u00e4mpfen.","robots":{"index":"index","follow":"follow","max-snippet":"max-snippet:-1","max-image-preview":"max-image-preview:large","max-video-preview":"max-video-preview:-1"},"canonical":"https:\/\/www.mylasertabac.com\/de\/2026-nikotinbeutel-in-frankreich-verboten-was-bedeutet-das-fuer-sie\/","og_locale":"de_DE","og_type":"article","og_title":"Frankreich 2026: Nikotinbeutel sind vollst\u00e4ndig verboten","og_description":"Im Januar 2026 verbietet Frankreich Nikotinbeutel, um Jugendliche zu sch\u00fctzen und die Sucht zu bek\u00e4mpfen.","og_url":"https:\/\/www.mylasertabac.com\/de\/2026-nikotinbeutel-in-frankreich-verboten-was-bedeutet-das-fuer-sie\/","og_site_name":"My Laser Tabac","article_author":"https:\/\/www.facebook.com\/profile.php?id=61571554707319","article_published_time":"2025-09-06T07:12:49+00:00","article_modified_time":"2025-09-08T07:13:46+00:00","og_image":[{"width":1536,"height":864,"url":"https:\/\/www.mylasertabac.com\/wp-content\/uploads\/2025\/09\/Sachet-de-nicotine-interdit-en-France.jpg","type":"image\/jpeg"}],"author":"Florian Fortes","twitter_card":"summary_large_image","twitter_misc":{"Verfasst von":"Florian Fortes","Gesch\u00e4tzte Lesezeit":"2\u00a0Minuten"},"schema":{"@context":"https:\/\/schema.org","@graph":[{"@type":"Article","@id":"https:\/\/www.mylasertabac.com\/de\/2026-nikotinbeutel-in-frankreich-verboten-was-bedeutet-das-fuer-sie\/#article","isPartOf":{"@id":"https:\/\/www.mylasertabac.com\/de\/2026-nikotinbeutel-in-frankreich-verboten-was-bedeutet-das-fuer-sie\/"},"author":{"name":"Florian Fortes","@id":"https:\/\/www.mylasertabac.com\/de\/#\/schema\/person\/02c249cb76d912efb6c315ec23eccdf3"},"headline":"2026: Nikotinbeutel in Frankreich verboten &#8211; was bedeutet das f\u00fcr Sie?","datePublished":"2025-09-06T07:12:49+00:00","dateModified":"2025-09-08T07:13:46+00:00","mainEntityOfPage":{"@id":"https:\/\/www.mylasertabac.com\/de\/2026-nikotinbeutel-in-frankreich-verboten-was-bedeutet-das-fuer-sie\/"},"wordCount":463,"publisher":{"@id":"https:\/\/www.mylasertabac.com\/de\/#organization"},"image":{"@id":"https:\/\/www.mylasertabac.com\/de\/2026-nikotinbeutel-in-frankreich-verboten-was-bedeutet-das-fuer-sie\/#primaryimage"},"thumbnailUrl":"https:\/\/www.mylasertabac.com\/wp-content\/uploads\/2025\/09\/Sachet-de-nicotine-interdit-en-France.jpg","articleSection":["Gesetz"],"inLanguage":"de"},{"@type":"WebPage","@id":"https:\/\/www.mylasertabac.com\/de\/2026-nikotinbeutel-in-frankreich-verboten-was-bedeutet-das-fuer-sie\/","url":"https:\/\/www.mylasertabac.com\/de\/2026-nikotinbeutel-in-frankreich-verboten-was-bedeutet-das-fuer-sie\/","name":"Frankreich 2026: Nikotinbeutel sind vollst\u00e4ndig verboten","isPartOf":{"@id":"https:\/\/www.mylasertabac.com\/de\/#website"},"primaryImageOfPage":{"@id":"https:\/\/www.mylasertabac.com\/de\/2026-nikotinbeutel-in-frankreich-verboten-was-bedeutet-das-fuer-sie\/#primaryimage"},"image":{"@id":"https:\/\/www.mylasertabac.com\/de\/2026-nikotinbeutel-in-frankreich-verboten-was-bedeutet-das-fuer-sie\/#primaryimage"},"thumbnailUrl":"https:\/\/www.mylasertabac.com\/wp-content\/uploads\/2025\/09\/Sachet-de-nicotine-interdit-en-France.jpg","datePublished":"2025-09-06T07:12:49+00:00","dateModified":"2025-09-08T07:13:46+00:00","description":"Im Januar 2026 verbietet Frankreich Nikotinbeutel, um Jugendliche zu sch\u00fctzen und die Sucht zu bek\u00e4mpfen.","breadcrumb":{"@id":"https:\/\/www.mylasertabac.com\/de\/2026-nikotinbeutel-in-frankreich-verboten-was-bedeutet-das-fuer-sie\/#breadcrumb"},"inLanguage":"de","potentialAction":[{"@type":"ReadAction","target":["https:\/\/www.mylasertabac.com\/de\/2026-nikotinbeutel-in-frankreich-verboten-was-bedeutet-das-fuer-sie\/"]}]},{"@type":"ImageObject","inLanguage":"de","@id":"https:\/\/www.mylasertabac.com\/de\/2026-nikotinbeutel-in-frankreich-verboten-was-bedeutet-das-fuer-sie\/#primaryimage","url":"https:\/\/www.mylasertabac.com\/wp-content\/uploads\/2025\/09\/Sachet-de-nicotine-interdit-en-France.jpg","contentUrl":"https:\/\/www.mylasertabac.com\/wp-content\/uploads\/2025\/09\/Sachet-de-nicotine-interdit-en-France.jpg","width":1536,"height":864},{"@type":"BreadcrumbList","@id":"https:\/\/www.mylasertabac.com\/de\/2026-nikotinbeutel-in-frankreich-verboten-was-bedeutet-das-fuer-sie\/#breadcrumb","itemListElement":[{"@type":"ListItem","position":1,"name":"Accueil","item":"https:\/\/www.mylasertabac.com\/de\/startseite\/"},{"@type":"ListItem","position":2,"name":"2026: Nikotinbeutel in Frankreich verboten &#8211; was bedeutet das f\u00fcr Sie?"}]},{"@type":"WebSite","@id":"https:\/\/www.mylasertabac.com\/de\/#website","url":"https:\/\/www.mylasertabac.com\/de\/","name":"My Laser Tabac","description":"La solution laser qui transforme les fumeurs en ex-fumeurs","publisher":{"@id":"https:\/\/www.mylasertabac.com\/de\/#organization"},"potentialAction":[{"@type":"SearchAction","target":{"@type":"EntryPoint","urlTemplate":"https:\/\/www.mylasertabac.com\/de\/?s={search_term_string}"},"query-input":{"@type":"PropertyValueSpecification","valueRequired":true,"valueName":"search_term_string"}}],"inLanguage":"de"},{"@type":"Organization","@id":"https:\/\/www.mylasertabac.com\/de\/#organization","name":"My Laser Tabac","url":"https:\/\/www.mylasertabac.com\/de\/","logo":{"@type":"ImageObject","inLanguage":"de","@id":"https:\/\/www.mylasertabac.com\/de\/#\/schema\/logo\/image\/","url":"https:\/\/www.mylasertabac.com\/wp-content\/uploads\/2024\/12\/mlt-verteau.svg","contentUrl":"https:\/\/www.mylasertabac.com\/wp-content\/uploads\/2024\/12\/mlt-verteau.svg","caption":"My Laser Tabac"},"image":{"@id":"https:\/\/www.mylasertabac.com\/de\/#\/schema\/logo\/image\/"}},{"@type":"Person","@id":"https:\/\/www.mylasertabac.com\/de\/#\/schema\/person\/02c249cb76d912efb6c315ec23eccdf3","name":"Florian Fortes","image":{"@type":"ImageObject","inLanguage":"de","@id":"https:\/\/www.mylasertabac.com\/wp-content\/litespeed\/avatar\/142101a71d7b9e6490c1120d9c109a67.jpg?ver=1776856306","url":"https:\/\/www.mylasertabac.com\/wp-content\/litespeed\/avatar\/142101a71d7b9e6490c1120d9c109a67.jpg?ver=1776856306","contentUrl":"https:\/\/www.mylasertabac.com\/wp-content\/litespeed\/avatar\/142101a71d7b9e6490c1120d9c109a67.jpg?ver=1776856306","caption":"Florian Fortes"},"sameAs":["https:\/\/www.mylasertabac.com","https:\/\/www.facebook.com\/profile.php?id=61571554707319"],"url":"https:\/\/www.mylasertabac.com\/de\/author\/florianfortes5312\/"}]}},"_links":{"self":[{"href":"https:\/\/www.mylasertabac.com\/de\/wp-json\/wp\/v2\/posts\/15579","targetHints":{"allow":["GET"]}}],"collection":[{"href":"https:\/\/www.mylasertabac.com\/de\/wp-json\/wp\/v2\/posts"}],"about":[{"href":"https:\/\/www.mylasertabac.com\/de\/wp-json\/wp\/v2\/types\/post"}],"author":[{"embeddable":true,"href":"https:\/\/www.mylasertabac.com\/de\/wp-json\/wp\/v2\/users\/2"}],"replies":[{"embeddable":true,"href":"https:\/\/www.mylasertabac.com\/de\/wp-json\/wp\/v2\/comments?post=15579"}],"version-history":[{"count":1,"href":"https:\/\/www.mylasertabac.com\/de\/wp-json\/wp\/v2\/posts\/15579\/revisions"}],"predecessor-version":[{"id":15580,"href":"https:\/\/www.mylasertabac.com\/de\/wp-json\/wp\/v2\/posts\/15579\/revisions\/15580"}],"wp:featuredmedia":[{"embeddable":true,"href":"https:\/\/www.mylasertabac.com\/de\/wp-json\/wp\/v2\/media\/15563"}],"wp:attachment":[{"href":"https:\/\/www.mylasertabac.com\/de\/wp-json\/wp\/v2\/media?parent=15579"}],"wp:term":[{"taxonomy":"category","embeddable":true,"href":"https:\/\/www.mylasertabac.com\/de\/wp-json\/wp\/v2\/categories?post=15579"},{"taxonomy":"post_tag","embeddable":true,"href":"https:\/\/www.mylasertabac.com\/de\/wp-json\/wp\/v2\/tags?post=15579"}],"curies":[{"name":"wp","href":"https:\/\/api.w.org\/{rel}","templated":true}]}}