{"id":16046,"date":"2025-09-12T08:09:00","date_gmt":"2025-09-12T06:09:00","guid":{"rendered":"https:\/\/www.mylasertabac.com\/20-tage-programm-mylasertabac-tag-5\/"},"modified":"2025-09-09T21:09:43","modified_gmt":"2025-09-09T19:09:43","slug":"20-tage-programm-mylasertabac-tag-5","status":"publish","type":"post","link":"https:\/\/www.mylasertabac.com\/de\/20-tage-programm-mylasertabac-tag-5\/","title":{"rendered":"20-Tage-Programm MyLaserTabac &#8211; Tag 5"},"content":{"rendered":"\n<p>Ausgewogene Men\u00fcs, um nach der Raucherentw\u00f6hnung nicht zuzunehmen<\/p>\n\n<p>Sie haben mit Hilfe der <strong>MyLaserTabac-Methode<\/strong> mit dem Rauchen aufgeh\u00f6rt. Bravo, das ist eine Entscheidung, die das Leben ver\u00e4ndert. Aber der Weg ist noch nicht zu Ende: Viele bef\u00fcrchten eine Gewichtszunahme, nachdem sie sich von der Zigarette verabschiedet haben. Sie wissen, dass Nikotin den Appetit z\u00fcgelt und den Stoffwechsel anregt. Wie k\u00f6nnen Sie also verhindern, dass Sie dies durch Essen kompensieren?    <\/p>\n\n<p>Bei <strong>MyLaserTabac<\/strong> gehen wir einen Schritt weiter als die Raucherentw\u00f6hnung. Jeden Tag bieten wir Ihnen einfache, ausgewogene und schmackhafte Mahlzeiten an, um Ihre Figur zu erhalten. Und wir begleiten auch diejenigen, die sich von anderen S\u00fcchten befreien wollen: Zucker, Alkohol, Cannabis. Sie sind nicht mehr allein, Sie haben einen Verb\u00fcndeten, der Sie Schritt f\u00fcr Schritt f\u00fchrt.   <\/p>\n\n<p>Heute, am <strong>5. Tag<\/strong>, finden Sie drei neue ausgewogene Rezepte, die schnell zubereitet sind und f\u00fcr jede Mahlzeit einen Kostenvoranschlag enthalten.<\/p>\n\n<div style=\"height:24px\" aria-hidden=\"true\" class=\"wp-block-spacer\"><\/div>\n\n<h2 class=\"wp-block-heading\">MyLaserTabac Express Anti-Environment-Methode<\/h2>\n\n<p>Wenn das Verlangen nach einer Zigarette aufkommt :<\/p>\n\n<ol class=\"wp-block-list\">\n<li><strong>Trinken Sie ein gro\u00dfes Glas frisches Wasser<\/strong> \ud83d\udca7.<\/li>\n\n\n\n<li><strong>Atmen Sie tief in 4-4<\/strong> (4 Sekunden einatmen, 4 Sekunden ausatmen, 1 Minute lang) \ud83c\udf2c\ufe0f<\/li>\n\n\n\n<li><strong>Bewegen Sie sich 90 Sekunden lang<\/strong>: Stretching, schnelles Gehen, einige dynamische Schritte \ud83d\udeb6\u200d\u2642\ufe0f<\/li>\n\n\n\n<li><strong>\u00c4ndern Sie den Geschmack im Mund<\/strong>: eine frische Frucht \ud83c\udf4f, ein hei\u00dfer Kr\u00e4utertee oder ein zuckerfreier Kaugummi.<\/li>\n<\/ol>\n\n<p>Innerhalb von drei Minuten haben Sie die Kontrolle wiedererlangt.<\/p>\n\n<div style=\"height:24px\" aria-hidden=\"true\" class=\"wp-block-spacer\"><\/div>\n\n<h2 class=\"wp-block-heading\">Fr\u00fchst\u00fcck &#8211; Quark mit Haferflocken, Honig und Birne<\/h2>\n\n<p>Ein mildes und s\u00e4ttigendes Fr\u00fchst\u00fcck, das reich an Ballaststoffen und Proteinen ist, um den Tag gut zu beginnen.<\/p>\n\n<p><strong>Zutaten (1 Person)<\/strong><\/p>\n\n<ul class=\"wp-block-list\">\n<li>150 g Quark 0% oder Skyr<\/li>\n\n\n\n<li>30 g Haferflocken<\/li>\n\n\n\n<li>\u00bd reife Birne, in W\u00fcrfel geschnitten<\/li>\n\n\n\n<li>1 Teel\u00f6ffel Honig <\/li>\n\n\n\n<li>1 Prise Zimt<\/li>\n<\/ul>\n\n<p><strong>Vorbereitung<\/strong><\/p>\n\n<ol class=\"wp-block-list\">\n<li>Geben Sie den Quark in eine Sch\u00fcssel.<\/li>\n\n\n\n<li>F\u00fcgen Sie die Haferflocken und die Birnenw\u00fcrfel hinzu.<\/li>\n\n\n\n<li>Mit Honig betr\u00e4ufeln und mit Zimt bestreuen.<\/li>\n<\/ol>\n\n<p><strong>Zubereitungszeit<\/strong>: 5 Minuten<br\/><strong>Ungef\u00e4hre Kosten<\/strong>: 1,20 \u20ac pro Portion<\/p>\n\n<div style=\"height:24px\" aria-hidden=\"true\" class=\"wp-block-spacer\"><\/div>\n\n<hr class=\"wp-block-separator has-alpha-channel-opacity\"\/>\n\n<h2 class=\"wp-block-heading\">Mittagessen &#8211; Buddha Bowl mit Huhn, Kichererbsen und gegrilltem Gem\u00fcse<\/h2>\n\n<p>Eine komplette, farbenfrohe und ausgewogene Mahlzeit, die den ganzen Nachmittag \u00fcber anh\u00e4lt.<\/p>\n\n<p><strong>Zutaten (1 Person)<\/strong><\/p>\n\n<ul class=\"wp-block-list\">\n<li>100 g H\u00fchnerbrust<\/li>\n\n\n\n<li>80 g gekochte Kichererbsen<\/li>\n\n\n\n<li>\u00bd S\u00fc\u00dfkartoffel<\/li>\n\n\n\n<li>\u00bd Zucchini<\/li>\n\n\n\n<li>\u00bd Rechtsanwalt<\/li>\n\n\n\n<li>1 Essl\u00f6ffel Oliven\u00f6l <\/li>\n\n\n\n<li>Zitronensaft, Salz, Pfeffer, Paprika<\/li>\n<\/ul>\n\n<div style=\"height:15px\" aria-hidden=\"true\" class=\"wp-block-spacer\"><\/div>\n\n<p><strong>Vorbereitung<\/strong><\/p>\n\n<ol class=\"wp-block-list\">\n<li>Den Ofen auf 200 \u00b0C vorheizen. Schneiden Sie die S\u00fc\u00dfkartoffel und die Zucchini in W\u00fcrfel und w\u00fcrzen Sie sie mit Oliven\u00f6l, Salz, Pfeffer und Paprika. 20 Minuten im Ofen backen.  <\/li>\n\n\n\n<li>In der Zwischenzeit das H\u00e4hnchen in der Pfanne von jeder Seite 3-4 Minuten grillen.<\/li>\n\n\n\n<li>Geben Sie die Kichererbsen, das gegrillte Gem\u00fcse, die in Scheiben geschnittene Avocado und das Huhn in eine Sch\u00fcssel.<\/li>\n\n\n\n<li>Mit Zitronensaft betr\u00e4ufeln.<\/li>\n<\/ol>\n\n<p><strong>Zubereitungs-\/Kochzeit<\/strong>: 25 Minuten<br\/><strong>Ungef\u00e4hre Kosten<\/strong>: 3,50 \u20ac pro Portion<\/p>\n\n<div style=\"height:12px\" aria-hidden=\"true\" class=\"wp-block-spacer\"><\/div>\n\n<h2 class=\"wp-block-heading\">Abendessen &#8211; Brokkoli- und Kartoffelsuppe mit Mandelmilch<\/h2>\n\n<p>Ein warmes Abendessen, leicht verdaulich und s\u00e4ttigend, ideal f\u00fcr den Abend.<\/p>\n\n<p><strong>Zutaten (1 Person)<\/strong><\/p>\n\n<ul class=\"wp-block-list\">\n<li>200 g Brokkoli<\/li>\n\n\n\n<li>1 kleine Kartoffel<\/li>\n\n\n\n<li>\u00bd Zwiebel<\/li>\n\n\n\n<li>200 ml Gem\u00fcsebr\u00fche<\/li>\n\n\n\n<li>100 ml unges\u00fc\u00dfte Mandelmilch<\/li>\n\n\n\n<li>1 Teel\u00f6ffel Oliven\u00f6l <\/li>\n\n\n\n<li>Salz, Pfeffer<\/li>\n<\/ul>\n\n<div style=\"height:15px\" aria-hidden=\"true\" class=\"wp-block-spacer\"><\/div>\n\n<p><strong>Vorbereitung<\/strong><\/p>\n\n<ol class=\"wp-block-list\">\n<li>Schneiden Sie die Zwiebel klein und braten Sie sie in einem Topf mit dem Oliven\u00f6l an.<\/li>\n\n\n\n<li>F\u00fcgen Sie den Brokkoli und die Kartoffelw\u00fcrfel hinzu. Mit der Br\u00fche bedecken. <\/li>\n\n\n\n<li>Bei mittlerer Hitze 15 Minuten backen.<\/li>\n\n\n\n<li>Mixen, Mandelmilch hinzuf\u00fcgen, abschmecken.<\/li>\n<\/ol>\n\n<p><strong>Zubereitungs-\/Kochzeit<\/strong>: 20 Minuten<br\/><strong>Ungef\u00e4hre Kosten<\/strong>: 2,00 \u20ac pro Portion<\/p>\n\n<div style=\"height:24px\" aria-hidden=\"true\" class=\"wp-block-spacer\"><\/div>\n\n<h2 class=\"wp-block-heading\">Optionaler Imbiss<\/h2>\n\n<p>Ein Naturjoghurt mit einer Handvoll N\u00fcsse (ca. 1,20 \u20ac).<\/p>\n\n<h2 class=\"wp-block-heading\">Schlussfolgerung<\/h2>\n\n<p>Jede Mahlzeit an diesem <strong>Tag 5<\/strong> ist so konzipiert, dass sie einfach, schnell, preiswert und s\u00e4ttigend ist. Sie haben dank <strong>MyLaserTabac<\/strong> mit dem Rauchen aufgeh\u00f6rt, Sie vermeiden jetzt eine Gewichtszunahme und Sie tun etwas f\u00fcr Ihre Gesundheit. <\/p>\n\n<p><strong>Herzlichen Gl\u00fcckwunsch<\/strong> an Sie, die Sie dieses Programm absolvieren! Jeder Tag ohne Zigarette ist ein Sieg. Machen Sie weiter, Schritt f\u00fcr Schritt. Wir stehen Ihnen zur Seite, um Sie bei der Entw\u00f6hnung und einer ausgewogenen Ern\u00e4hrung zu begleiten, gegen das Rauchen und alle S\u00fcchte.   <\/p>\n\n<div style=\"height:24px\" aria-hidden=\"true\" class=\"wp-block-spacer\"><\/div>\n","protected":false},"excerpt":{"rendered":"<p>Ausgewogene Men\u00fcs, um nach der Raucherentw\u00f6hnung nicht zuzunehmen Sie haben mit Hilfe der MyLaserTabac-Methode mit dem Rauchen aufgeh\u00f6rt. Bravo, das ist eine Entscheidung, die das Leben ver\u00e4ndert. Aber der Weg ist noch nicht zu Ende: Viele bef\u00fcrchten eine Gewichtszunahme, nachdem sie sich von der Zigarette verabschiedet haben. Sie wissen, dass Nikotin den Appetit z\u00fcgelt und [&hellip;]<\/p>\n","protected":false},"author":2,"featured_media":16085,"comment_status":"closed","ping_status":"open","sticky":false,"template":"","format":"standard","meta":{"inline_featured_image":false,"footnotes":""},"categories":[79],"tags":[],"class_list":["post-16046","post","type-post","status-publish","format-standard","has-post-thumbnail","hentry","category-unkategorisiert"],"yoast_head":"<!-- This site is optimized with the Yoast SEO plugin v27.4 - https:\/\/yoast.com\/product\/yoast-seo-wordpress\/ -->\n<title>20-Tage-Programm MyLaserTabac - Tag 5 - My Laser Tabac<\/title>\n<meta name=\"robots\" content=\"index, follow, max-snippet:-1, max-image-preview:large, max-video-preview:-1\" \/>\n<link rel=\"canonical\" href=\"https:\/\/www.mylasertabac.com\/de\/20-tage-programm-mylasertabac-tag-5\/\" \/>\n<meta property=\"og:locale\" content=\"de_DE\" \/>\n<meta property=\"og:type\" content=\"article\" \/>\n<meta property=\"og:title\" content=\"20-Tage-Programm MyLaserTabac - Tag 5 - My Laser Tabac\" \/>\n<meta property=\"og:description\" content=\"Ausgewogene Men\u00fcs, um nach der Raucherentw\u00f6hnung nicht zuzunehmen Sie haben mit Hilfe der MyLaserTabac-Methode mit dem Rauchen aufgeh\u00f6rt. Bravo, das ist eine Entscheidung, die das Leben ver\u00e4ndert. Aber der Weg ist noch nicht zu Ende: Viele bef\u00fcrchten eine Gewichtszunahme, nachdem sie sich von der Zigarette verabschiedet haben. Sie wissen, dass Nikotin den Appetit z\u00fcgelt und [&hellip;]\" \/>\n<meta property=\"og:url\" content=\"https:\/\/www.mylasertabac.com\/de\/20-tage-programm-mylasertabac-tag-5\/\" \/>\n<meta property=\"og:site_name\" content=\"My Laser Tabac\" \/>\n<meta property=\"article:author\" content=\"https:\/\/www.facebook.com\/profile.php?id=61571554707319\" \/>\n<meta property=\"article:published_time\" content=\"2025-09-12T06:09:00+00:00\" \/>\n<meta property=\"og:image\" content=\"https:\/\/www.mylasertabac.com\/wp-content\/uploads\/2025\/09\/jour-5-pour-ne-pas-grossir-quand-ont-arrete-de-fumer-1024x683.png\" \/>\n\t<meta property=\"og:image:width\" content=\"1024\" \/>\n\t<meta property=\"og:image:height\" content=\"683\" \/>\n\t<meta property=\"og:image:type\" content=\"image\/png\" \/>\n<meta name=\"author\" content=\"Florian Fortes\" \/>\n<meta name=\"twitter:card\" content=\"summary_large_image\" \/>\n<meta name=\"twitter:label1\" content=\"Verfasst von\" \/>\n\t<meta name=\"twitter:data1\" content=\"Florian Fortes\" \/>\n\t<meta name=\"twitter:label2\" content=\"Gesch\u00e4tzte Lesezeit\" \/>\n\t<meta name=\"twitter:data2\" content=\"3\u00a0Minuten\" \/>\n<script type=\"application\/ld+json\" class=\"yoast-schema-graph\">{\"@context\":\"https:\\\/\\\/schema.org\",\"@graph\":[{\"@type\":\"Article\",\"@id\":\"https:\\\/\\\/www.mylasertabac.com\\\/de\\\/20-tage-programm-mylasertabac-tag-5\\\/#article\",\"isPartOf\":{\"@id\":\"https:\\\/\\\/www.mylasertabac.com\\\/de\\\/20-tage-programm-mylasertabac-tag-5\\\/\"},\"author\":{\"name\":\"Florian Fortes\",\"@id\":\"https:\\\/\\\/www.mylasertabac.com\\\/de\\\/#\\\/schema\\\/person\\\/02c249cb76d912efb6c315ec23eccdf3\"},\"headline\":\"20-Tage-Programm MyLaserTabac &#8211; Tag 5\",\"datePublished\":\"2025-09-12T06:09:00+00:00\",\"mainEntityOfPage\":{\"@id\":\"https:\\\/\\\/www.mylasertabac.com\\\/de\\\/20-tage-programm-mylasertabac-tag-5\\\/\"},\"wordCount\":628,\"publisher\":{\"@id\":\"https:\\\/\\\/www.mylasertabac.com\\\/de\\\/#organization\"},\"image\":{\"@id\":\"https:\\\/\\\/www.mylasertabac.com\\\/de\\\/20-tage-programm-mylasertabac-tag-5\\\/#primaryimage\"},\"thumbnailUrl\":\"https:\\\/\\\/www.mylasertabac.com\\\/wp-content\\\/uploads\\\/2025\\\/09\\\/jour-5-pour-ne-pas-grossir-quand-ont-arrete-de-fumer.png\",\"articleSection\":[\"Unkategorisiert\"],\"inLanguage\":\"de\"},{\"@type\":\"WebPage\",\"@id\":\"https:\\\/\\\/www.mylasertabac.com\\\/de\\\/20-tage-programm-mylasertabac-tag-5\\\/\",\"url\":\"https:\\\/\\\/www.mylasertabac.com\\\/de\\\/20-tage-programm-mylasertabac-tag-5\\\/\",\"name\":\"20-Tage-Programm MyLaserTabac - Tag 5 - My Laser Tabac\",\"isPartOf\":{\"@id\":\"https:\\\/\\\/www.mylasertabac.com\\\/de\\\/#website\"},\"primaryImageOfPage\":{\"@id\":\"https:\\\/\\\/www.mylasertabac.com\\\/de\\\/20-tage-programm-mylasertabac-tag-5\\\/#primaryimage\"},\"image\":{\"@id\":\"https:\\\/\\\/www.mylasertabac.com\\\/de\\\/20-tage-programm-mylasertabac-tag-5\\\/#primaryimage\"},\"thumbnailUrl\":\"https:\\\/\\\/www.mylasertabac.com\\\/wp-content\\\/uploads\\\/2025\\\/09\\\/jour-5-pour-ne-pas-grossir-quand-ont-arrete-de-fumer.png\",\"datePublished\":\"2025-09-12T06:09:00+00:00\",\"breadcrumb\":{\"@id\":\"https:\\\/\\\/www.mylasertabac.com\\\/de\\\/20-tage-programm-mylasertabac-tag-5\\\/#breadcrumb\"},\"inLanguage\":\"de\",\"potentialAction\":[{\"@type\":\"ReadAction\",\"target\":[\"https:\\\/\\\/www.mylasertabac.com\\\/de\\\/20-tage-programm-mylasertabac-tag-5\\\/\"]}]},{\"@type\":\"ImageObject\",\"inLanguage\":\"de\",\"@id\":\"https:\\\/\\\/www.mylasertabac.com\\\/de\\\/20-tage-programm-mylasertabac-tag-5\\\/#primaryimage\",\"url\":\"https:\\\/\\\/www.mylasertabac.com\\\/wp-content\\\/uploads\\\/2025\\\/09\\\/jour-5-pour-ne-pas-grossir-quand-ont-arrete-de-fumer.png\",\"contentUrl\":\"https:\\\/\\\/www.mylasertabac.com\\\/wp-content\\\/uploads\\\/2025\\\/09\\\/jour-5-pour-ne-pas-grossir-quand-ont-arrete-de-fumer.png\",\"width\":1536,\"height\":1024},{\"@type\":\"BreadcrumbList\",\"@id\":\"https:\\\/\\\/www.mylasertabac.com\\\/de\\\/20-tage-programm-mylasertabac-tag-5\\\/#breadcrumb\",\"itemListElement\":[{\"@type\":\"ListItem\",\"position\":1,\"name\":\"Accueil\",\"item\":\"https:\\\/\\\/www.mylasertabac.com\\\/de\\\/startseite\\\/\"},{\"@type\":\"ListItem\",\"position\":2,\"name\":\"20-Tage-Programm MyLaserTabac &#8211; Tag 5\"}]},{\"@type\":\"WebSite\",\"@id\":\"https:\\\/\\\/www.mylasertabac.com\\\/de\\\/#website\",\"url\":\"https:\\\/\\\/www.mylasertabac.com\\\/de\\\/\",\"name\":\"My Laser Tabac\",\"description\":\"La solution laser qui transforme les fumeurs en ex-fumeurs\",\"publisher\":{\"@id\":\"https:\\\/\\\/www.mylasertabac.com\\\/de\\\/#organization\"},\"potentialAction\":[{\"@type\":\"SearchAction\",\"target\":{\"@type\":\"EntryPoint\",\"urlTemplate\":\"https:\\\/\\\/www.mylasertabac.com\\\/de\\\/?s={search_term_string}\"},\"query-input\":{\"@type\":\"PropertyValueSpecification\",\"valueRequired\":true,\"valueName\":\"search_term_string\"}}],\"inLanguage\":\"de\"},{\"@type\":\"Organization\",\"@id\":\"https:\\\/\\\/www.mylasertabac.com\\\/de\\\/#organization\",\"name\":\"My Laser Tabac\",\"url\":\"https:\\\/\\\/www.mylasertabac.com\\\/de\\\/\",\"logo\":{\"@type\":\"ImageObject\",\"inLanguage\":\"de\",\"@id\":\"https:\\\/\\\/www.mylasertabac.com\\\/de\\\/#\\\/schema\\\/logo\\\/image\\\/\",\"url\":\"https:\\\/\\\/www.mylasertabac.com\\\/wp-content\\\/uploads\\\/2024\\\/12\\\/mlt-verteau.svg\",\"contentUrl\":\"https:\\\/\\\/www.mylasertabac.com\\\/wp-content\\\/uploads\\\/2024\\\/12\\\/mlt-verteau.svg\",\"caption\":\"My Laser Tabac\"},\"image\":{\"@id\":\"https:\\\/\\\/www.mylasertabac.com\\\/de\\\/#\\\/schema\\\/logo\\\/image\\\/\"}},{\"@type\":\"Person\",\"@id\":\"https:\\\/\\\/www.mylasertabac.com\\\/de\\\/#\\\/schema\\\/person\\\/02c249cb76d912efb6c315ec23eccdf3\",\"name\":\"Florian Fortes\",\"image\":{\"@type\":\"ImageObject\",\"inLanguage\":\"de\",\"@id\":\"https:\\\/\\\/www.mylasertabac.com\\\/wp-content\\\/litespeed\\\/avatar\\\/142101a71d7b9e6490c1120d9c109a67.jpg?ver=1776856306\",\"url\":\"https:\\\/\\\/www.mylasertabac.com\\\/wp-content\\\/litespeed\\\/avatar\\\/142101a71d7b9e6490c1120d9c109a67.jpg?ver=1776856306\",\"contentUrl\":\"https:\\\/\\\/www.mylasertabac.com\\\/wp-content\\\/litespeed\\\/avatar\\\/142101a71d7b9e6490c1120d9c109a67.jpg?ver=1776856306\",\"caption\":\"Florian Fortes\"},\"sameAs\":[\"https:\\\/\\\/www.mylasertabac.com\",\"https:\\\/\\\/www.facebook.com\\\/profile.php?id=61571554707319\"],\"url\":\"https:\\\/\\\/www.mylasertabac.com\\\/de\\\/author\\\/florianfortes5312\\\/\"}]}<\/script>\n<!-- \/ Yoast SEO plugin. -->","yoast_head_json":{"title":"20-Tage-Programm MyLaserTabac - Tag 5 - My Laser Tabac","robots":{"index":"index","follow":"follow","max-snippet":"max-snippet:-1","max-image-preview":"max-image-preview:large","max-video-preview":"max-video-preview:-1"},"canonical":"https:\/\/www.mylasertabac.com\/de\/20-tage-programm-mylasertabac-tag-5\/","og_locale":"de_DE","og_type":"article","og_title":"20-Tage-Programm MyLaserTabac - Tag 5 - My Laser Tabac","og_description":"Ausgewogene Men\u00fcs, um nach der Raucherentw\u00f6hnung nicht zuzunehmen Sie haben mit Hilfe der MyLaserTabac-Methode mit dem Rauchen aufgeh\u00f6rt. Bravo, das ist eine Entscheidung, die das Leben ver\u00e4ndert. Aber der Weg ist noch nicht zu Ende: Viele bef\u00fcrchten eine Gewichtszunahme, nachdem sie sich von der Zigarette verabschiedet haben. Sie wissen, dass Nikotin den Appetit z\u00fcgelt und [&hellip;]","og_url":"https:\/\/www.mylasertabac.com\/de\/20-tage-programm-mylasertabac-tag-5\/","og_site_name":"My Laser Tabac","article_author":"https:\/\/www.facebook.com\/profile.php?id=61571554707319","article_published_time":"2025-09-12T06:09:00+00:00","og_image":[{"width":1024,"height":683,"url":"https:\/\/www.mylasertabac.com\/wp-content\/uploads\/2025\/09\/jour-5-pour-ne-pas-grossir-quand-ont-arrete-de-fumer-1024x683.png","type":"image\/png"}],"author":"Florian Fortes","twitter_card":"summary_large_image","twitter_misc":{"Verfasst von":"Florian Fortes","Gesch\u00e4tzte Lesezeit":"3\u00a0Minuten"},"schema":{"@context":"https:\/\/schema.org","@graph":[{"@type":"Article","@id":"https:\/\/www.mylasertabac.com\/de\/20-tage-programm-mylasertabac-tag-5\/#article","isPartOf":{"@id":"https:\/\/www.mylasertabac.com\/de\/20-tage-programm-mylasertabac-tag-5\/"},"author":{"name":"Florian Fortes","@id":"https:\/\/www.mylasertabac.com\/de\/#\/schema\/person\/02c249cb76d912efb6c315ec23eccdf3"},"headline":"20-Tage-Programm MyLaserTabac &#8211; Tag 5","datePublished":"2025-09-12T06:09:00+00:00","mainEntityOfPage":{"@id":"https:\/\/www.mylasertabac.com\/de\/20-tage-programm-mylasertabac-tag-5\/"},"wordCount":628,"publisher":{"@id":"https:\/\/www.mylasertabac.com\/de\/#organization"},"image":{"@id":"https:\/\/www.mylasertabac.com\/de\/20-tage-programm-mylasertabac-tag-5\/#primaryimage"},"thumbnailUrl":"https:\/\/www.mylasertabac.com\/wp-content\/uploads\/2025\/09\/jour-5-pour-ne-pas-grossir-quand-ont-arrete-de-fumer.png","articleSection":["Unkategorisiert"],"inLanguage":"de"},{"@type":"WebPage","@id":"https:\/\/www.mylasertabac.com\/de\/20-tage-programm-mylasertabac-tag-5\/","url":"https:\/\/www.mylasertabac.com\/de\/20-tage-programm-mylasertabac-tag-5\/","name":"20-Tage-Programm MyLaserTabac - Tag 5 - My Laser Tabac","isPartOf":{"@id":"https:\/\/www.mylasertabac.com\/de\/#website"},"primaryImageOfPage":{"@id":"https:\/\/www.mylasertabac.com\/de\/20-tage-programm-mylasertabac-tag-5\/#primaryimage"},"image":{"@id":"https:\/\/www.mylasertabac.com\/de\/20-tage-programm-mylasertabac-tag-5\/#primaryimage"},"thumbnailUrl":"https:\/\/www.mylasertabac.com\/wp-content\/uploads\/2025\/09\/jour-5-pour-ne-pas-grossir-quand-ont-arrete-de-fumer.png","datePublished":"2025-09-12T06:09:00+00:00","breadcrumb":{"@id":"https:\/\/www.mylasertabac.com\/de\/20-tage-programm-mylasertabac-tag-5\/#breadcrumb"},"inLanguage":"de","potentialAction":[{"@type":"ReadAction","target":["https:\/\/www.mylasertabac.com\/de\/20-tage-programm-mylasertabac-tag-5\/"]}]},{"@type":"ImageObject","inLanguage":"de","@id":"https:\/\/www.mylasertabac.com\/de\/20-tage-programm-mylasertabac-tag-5\/#primaryimage","url":"https:\/\/www.mylasertabac.com\/wp-content\/uploads\/2025\/09\/jour-5-pour-ne-pas-grossir-quand-ont-arrete-de-fumer.png","contentUrl":"https:\/\/www.mylasertabac.com\/wp-content\/uploads\/2025\/09\/jour-5-pour-ne-pas-grossir-quand-ont-arrete-de-fumer.png","width":1536,"height":1024},{"@type":"BreadcrumbList","@id":"https:\/\/www.mylasertabac.com\/de\/20-tage-programm-mylasertabac-tag-5\/#breadcrumb","itemListElement":[{"@type":"ListItem","position":1,"name":"Accueil","item":"https:\/\/www.mylasertabac.com\/de\/startseite\/"},{"@type":"ListItem","position":2,"name":"20-Tage-Programm MyLaserTabac &#8211; Tag 5"}]},{"@type":"WebSite","@id":"https:\/\/www.mylasertabac.com\/de\/#website","url":"https:\/\/www.mylasertabac.com\/de\/","name":"My Laser Tabac","description":"La solution laser qui transforme les fumeurs en ex-fumeurs","publisher":{"@id":"https:\/\/www.mylasertabac.com\/de\/#organization"},"potentialAction":[{"@type":"SearchAction","target":{"@type":"EntryPoint","urlTemplate":"https:\/\/www.mylasertabac.com\/de\/?s={search_term_string}"},"query-input":{"@type":"PropertyValueSpecification","valueRequired":true,"valueName":"search_term_string"}}],"inLanguage":"de"},{"@type":"Organization","@id":"https:\/\/www.mylasertabac.com\/de\/#organization","name":"My Laser Tabac","url":"https:\/\/www.mylasertabac.com\/de\/","logo":{"@type":"ImageObject","inLanguage":"de","@id":"https:\/\/www.mylasertabac.com\/de\/#\/schema\/logo\/image\/","url":"https:\/\/www.mylasertabac.com\/wp-content\/uploads\/2024\/12\/mlt-verteau.svg","contentUrl":"https:\/\/www.mylasertabac.com\/wp-content\/uploads\/2024\/12\/mlt-verteau.svg","caption":"My Laser Tabac"},"image":{"@id":"https:\/\/www.mylasertabac.com\/de\/#\/schema\/logo\/image\/"}},{"@type":"Person","@id":"https:\/\/www.mylasertabac.com\/de\/#\/schema\/person\/02c249cb76d912efb6c315ec23eccdf3","name":"Florian Fortes","image":{"@type":"ImageObject","inLanguage":"de","@id":"https:\/\/www.mylasertabac.com\/wp-content\/litespeed\/avatar\/142101a71d7b9e6490c1120d9c109a67.jpg?ver=1776856306","url":"https:\/\/www.mylasertabac.com\/wp-content\/litespeed\/avatar\/142101a71d7b9e6490c1120d9c109a67.jpg?ver=1776856306","contentUrl":"https:\/\/www.mylasertabac.com\/wp-content\/litespeed\/avatar\/142101a71d7b9e6490c1120d9c109a67.jpg?ver=1776856306","caption":"Florian Fortes"},"sameAs":["https:\/\/www.mylasertabac.com","https:\/\/www.facebook.com\/profile.php?id=61571554707319"],"url":"https:\/\/www.mylasertabac.com\/de\/author\/florianfortes5312\/"}]}},"_links":{"self":[{"href":"https:\/\/www.mylasertabac.com\/de\/wp-json\/wp\/v2\/posts\/16046","targetHints":{"allow":["GET"]}}],"collection":[{"href":"https:\/\/www.mylasertabac.com\/de\/wp-json\/wp\/v2\/posts"}],"about":[{"href":"https:\/\/www.mylasertabac.com\/de\/wp-json\/wp\/v2\/types\/post"}],"author":[{"embeddable":true,"href":"https:\/\/www.mylasertabac.com\/de\/wp-json\/wp\/v2\/users\/2"}],"replies":[{"embeddable":true,"href":"https:\/\/www.mylasertabac.com\/de\/wp-json\/wp\/v2\/comments?post=16046"}],"version-history":[{"count":1,"href":"https:\/\/www.mylasertabac.com\/de\/wp-json\/wp\/v2\/posts\/16046\/revisions"}],"predecessor-version":[{"id":16047,"href":"https:\/\/www.mylasertabac.com\/de\/wp-json\/wp\/v2\/posts\/16046\/revisions\/16047"}],"wp:featuredmedia":[{"embeddable":true,"href":"https:\/\/www.mylasertabac.com\/de\/wp-json\/wp\/v2\/media\/16085"}],"wp:attachment":[{"href":"https:\/\/www.mylasertabac.com\/de\/wp-json\/wp\/v2\/media?parent=16046"}],"wp:term":[{"taxonomy":"category","embeddable":true,"href":"https:\/\/www.mylasertabac.com\/de\/wp-json\/wp\/v2\/categories?post=16046"},{"taxonomy":"post_tag","embeddable":true,"href":"https:\/\/www.mylasertabac.com\/de\/wp-json\/wp\/v2\/tags?post=16046"}],"curies":[{"name":"wp","href":"https:\/\/api.w.org\/{rel}","templated":true}]}}